{"id":51146,"date":"2024-10-28T14:44:39","date_gmt":"2024-10-28T12:44:39","guid":{"rendered":"https:\/\/www.laguiadepamplona.com\/actualidad\/?p=51146"},"modified":"2024-10-28T14:44:39","modified_gmt":"2024-10-28T12:44:39","slug":"el-ayuntamiento-rescata-95-escudos-originales-de-la-antigua-barandilla-de-beloso-para-insertarlos-en-la-nueva-que-mantendra-el-color-verde-distintivo-de-pamplona","status":"publish","type":"post","link":"https:\/\/www.laguiadepamplona.com\/actualidad\/el-ayuntamiento-rescata-95-escudos-originales-de-la-antigua-barandilla-de-beloso-para-insertarlos-en-la-nueva-que-mantendra-el-color-verde-distintivo-de-pamplona\/","title":{"rendered":"El Ayuntamiento rescata 95 escudos originales de la antigua barandilla de Beloso para insertarlos en la nueva, que mantendr\u00e1 el color verde distintivo de Pamplona"},"content":{"rendered":"<h2 class=\"x_2Subtitulo\">Se colocar\u00e1n cada 14 metros, salvo en dos miradores que ir\u00e1n cada 7, en unas obras que concluir\u00e1n en marzo y que est\u00e1n ejecutadas al 47%<\/h2>\n<p class=\"x_MsoNormal\"><!--more--><\/p>\n<p class=\"x_3Texto\">El escudo de Pamplona volver\u00e1 a lucir en la barandilla del nuevo itinerario peatonal y ciclista de la cuesta de Beloso. El Ayuntamiento de Pamplona ha acordado incluir el escudo original en la nueva barandilla instalada, rescatando 95 unidades que se colocar\u00e1n cada catorce metros a lo largo de toda la cuesta, salvo en los dos miradores que se est\u00e1n construyendo, donde el escudo lucir\u00e1 cada siete metros. La barandilla, adem\u00e1s, mantendr\u00e1 el color verde distintivo de la ciudad.<\/p>\n<p class=\"x_3Texto\">El Consistorio comenz\u00f3 en el mes de junio a trabajar con la empresa adjudicataria de la obra, para abordar la mejor soluci\u00f3n para recuperar el escudo de la ciudad, que exist\u00eda en la barandilla original. Finalmente, la soluci\u00f3n adoptada ha sido desmontar el le\u00f3n pasante y su marco de las barandillas ya retiradas, y tras un tratamiento de mejora mediante la t\u00e9cnica de granallado, se ir\u00e1 insertando en la nueva barandilla, mediante soldadura. El trabajo, presupuestado en 48.000 euros, se ir\u00e1 haciendo in situ y, una vez soldado este elemento con valor patrimonial, se proceder\u00e1 al pintado de la barandilla. El le\u00f3n recuperar\u00e1 su gris original y la corona ir\u00e1 pintada en dorado.<\/p>\n<p class=\"x_3Texto\">En cuanto a su ubicaci\u00f3n, el escudo se colocar\u00e1 a lo largo del recorrido con un intervalo de 14 metros, coincidiendo con el vano entre los alcorques para \u00e1rboles y arbustos que se crear\u00e1n en el itinerario peatonal y ciclable. Esa misma distancia se guardar\u00e1 en el mirador que se va a construir en mitad de la cuesta. Por el contrario, en los otros dos miradores (junto a Beloso Bajo y al final de la Media Luna), la distancia entre escudos ser\u00e1 de siete metros, al ser de dimensiones m\u00e1s reducidas.<\/p>\n<p class=\"x_4Ladillo\"><strong>La mitad de la obra ya ejecutada a fecha 1 de octubre<\/strong><\/p>\n<p class=\"x_3Texto\">Las obras para la construcci\u00f3n del nuevo itinerario peatonal y ciclista en la cuesta de Beloso comenzaron el pasado mes de marzo. A fecha 1 de octubre, se hab\u00eda ejecutado el 47% de los trabajos, que incluyen la reducci\u00f3n de la mediana, la demolici\u00f3n de la acera y la construcci\u00f3n de parte del voladizo que acoger\u00e1 la acera y el carril bici. As\u00ed, la mediana, que ten\u00eda una anchura de entre un metro y metro y medio seg\u00fan los tramos, se ha reducido a las dimensiones m\u00ednimas. Adem\u00e1s, se procedi\u00f3 al trasplante de 17 \u00e1rboles y el apeo del resto. Se desbrozaron los primeros metros de la ripa para colocar la estructura del voladizo y se demoli\u00f3 la acera.<\/p>\n<p class=\"x_3Texto\">En la actualidad, los trabajos se centran en la construcci\u00f3n de la nueva acera y la nueva plataforma, que ser\u00e1 parcialmente volada. Esta estructura acoger\u00e1 un carril bici de 3 metros de anchura, una acera peatonal y los alcorques donde se plantar\u00e1 el nuevo arbolado.<\/p>\n<p class=\"x_3Texto\">Por el momento, ya se han colocado las prelosas prefabricadas del voladizo en el tramo que va desde la glorieta de Burlada hasta el cruce con Beloso Bajo. Adem\u00e1s, se ha construido la losa armada superior que va por encima de esa estructura prefabricada. Se han colocado los bordillos y el pretil met\u00e1lico de protecci\u00f3n del carril bici y se ha pavimentado la zona peatonal. De hecho, en este tramo \u00fanicamente queda pendiente el asfaltado del carril bici, la colocaci\u00f3n de farolas y el pintado de la barandilla.<\/p>\n<p class=\"x_3Texto\">En el siguiente tramo, el comprendido entre el cruce de Beloso Bajo y el acceso a Beloso Alto, a la altura de la conexi\u00f3n viaria con la zona del Hospital San Juan de Dios, se han demolido las aceras y se ha colocado la mayor parte de las prelosas de la zona de acera. Adem\u00e1s, se ha construido la mayor parte de la losa armada superior. Desde ese punto hasta la antigua gasolinera, se ha comenzado estos d\u00edas a demoler la acera, el muro y la barandilla. Tambi\u00e9n se est\u00e1n ejecutando dos de los tres miradores previstos.<\/p>\n<p class=\"x_4Ladillo\"><strong>\u00c1rboles de 5 metros de altura con copa ya abierta a finales de diciembre<\/strong><\/p>\n<p class=\"x_3Texto\">A lo largo de todo el itinerario se va a construir un \u2018carril \u00e1rbol\u2019, que acoger\u00e1 la vegetaci\u00f3n que se va a plantar a finales de diciembre, ya que, seg\u00fan el servicio de Jardines, es la mejor \u00e9poca para hacerlo. En principio, est\u00e1 previsto plantar Gingko Biloba y Hacer Freemanii October Glory de un calibre superior al habitual, con el objetivo de que comiencen a dar sombra lo antes posible. Se prev\u00e9n ejemplares de unos 5 metros de altura con copa ya abierta. Adem\u00e1s, se plantar\u00e1n de diferentes especies arbustivas.<\/p>\n<p class=\"x_3Texto\">El \u2018carril \u00e1rbol\u2019, cuyas obras ya han comenzado, se ubicar\u00e1 entre el nuevo carril bici y la acera peatonal. De esta forma, servir\u00e1 para segregar a peatones y ciclistas y evitar as\u00ed posibles problemas de convivencia. Este espacio verde tendr\u00e1 una anchura de 1,5 metros y 1,5 metros de profundidad. El suelo se rellenar\u00e1 con tierra vegetal y graba of\u00edtica. En su parte superior, se habilitar\u00e1n alcorques cada siete metros, en los que se plantar\u00e1 el arbolado.<\/p>\n<p class=\"x_3Texto\">El proyecto para la construcci\u00f3n de este itinerario ciclistas y peatonal en la Cuesta de Beloso ech\u00f3 a andar el 5 de abril de 2023, con la formalizaci\u00f3n del Convenio entre el Gobierno de Navarra y los ayuntamientos de Pamplona y Burlada. La obra, que fue adjudicada a la empresa Excavaciones Ferm\u00edn Os\u00e9s S.L. en diciembre de 2023 por un importe de 4.033.332,93 euros, cuenta con financiaci\u00f3n de los fondos de la Uni\u00f3n Europea Next Generation EU, en el marco del Plan de Recuperaci\u00f3n, Transformaci\u00f3n y Resiliencia. Esta obra tiene un plazo de duraci\u00f3n de 12 meses, con lo cual se estima que termine a finales de marzo 2025.<\/p>\n","protected":false},"excerpt":{"rendered":"<p>Se colocar\u00e1n cada 14 metros, salvo en dos miradores que ir\u00e1n cada 7, en unas obras que concluir\u00e1n en marzo y que est\u00e1n ejecutadas al 47%<\/p>\n","protected":false},"author":1,"featured_media":51147,"comment_status":"open","ping_status":"closed","sticky":false,"template":"","format":"standard","meta":{"footnotes":""},"categories":[2],"tags":[],"class_list":["post-51146","post","type-post","status-publish","format-standard","has-post-thumbnail","hentry","category-ayuntamiento-pamplona"],"yoast_head":"<!-- This site is optimized with the Yoast SEO plugin v27.3 - https:\/\/yoast.com\/product\/yoast-seo-wordpress\/ -->\n<title>El Ayuntamiento rescata 95 escudos originales de la antigua barandilla de Beloso para insertarlos en la nueva, que mantendr\u00e1 el color verde distintivo de Pamplona<\/title>\n<meta name=\"description\" content=\"Se colocar\u00e1n cada 14 metros, salvo en dos miradores que ir\u00e1n cada 7, en unas obras que concluir\u00e1n en marzo y que est\u00e1n ejecutadas al 47%\" \/>\n<meta name=\"robots\" content=\"index, follow, max-snippet:-1, max-image-preview:large, max-video-preview:-1\" \/>\n<link rel=\"canonical\" href=\"https:\/\/www.laguiadepamplona.com\/actualidad\/el-ayuntamiento-rescata-95-escudos-originales-de-la-antigua-barandilla-de-beloso-para-insertarlos-en-la-nueva-que-mantendra-el-color-verde-distintivo-de-pamplona\/\" \/>\n<meta property=\"og:locale\" content=\"es_ES\" \/>\n<meta property=\"og:type\" content=\"article\" \/>\n<meta property=\"og:title\" content=\"El Ayuntamiento rescata 95 escudos originales de la antigua barandilla de Beloso para insertarlos en la nueva, que mantendr\u00e1 el color verde distintivo de Pamplona\" \/>\n<meta property=\"og:description\" content=\"Se colocar\u00e1n cada 14 metros, salvo en dos miradores que ir\u00e1n cada 7, en unas obras que concluir\u00e1n en marzo y que est\u00e1n ejecutadas al 47%\" \/>\n<meta property=\"og:url\" content=\"https:\/\/www.laguiadepamplona.com\/actualidad\/el-ayuntamiento-rescata-95-escudos-originales-de-la-antigua-barandilla-de-beloso-para-insertarlos-en-la-nueva-que-mantendra-el-color-verde-distintivo-de-pamplona\/\" \/>\n<meta property=\"og:site_name\" content=\"La Gu\u00eda de Pamplona\" \/>\n<meta property=\"article:publisher\" content=\"https:\/\/www.facebook.com\/laguiadepamplonacom-133175176762273\/?ref=hl\" \/>\n<meta property=\"article:published_time\" content=\"2024-10-28T12:44:39+00:00\" \/>\n<meta property=\"og:image\" content=\"https:\/\/www.laguiadepamplona.com\/actualidad\/wp-content\/uploads\/2024\/10\/barandilladebeloso1_0.webp\" \/>\n\t<meta property=\"og:image:width\" content=\"1000\" \/>\n\t<meta property=\"og:image:height\" content=\"667\" \/>\n\t<meta property=\"og:image:type\" content=\"image\/webp\" \/>\n<meta name=\"author\" content=\"La Gu\u00eda de Pamplona\" \/>\n<meta name=\"twitter:card\" content=\"summary_large_image\" \/>\n<meta name=\"twitter:creator\" content=\"@LaGuiadPamplona\" \/>\n<meta name=\"twitter:site\" content=\"@LaGuiadPamplona\" \/>\n<meta name=\"twitter:label1\" content=\"Escrito por\" \/>\n\t<meta name=\"twitter:data1\" content=\"La Gu\u00eda de Pamplona\" \/>\n\t<meta name=\"twitter:label2\" content=\"Tiempo de lectura\" \/>\n\t<meta name=\"twitter:data2\" content=\"5 minutos\" \/>\n<script type=\"application\/ld+json\" class=\"yoast-schema-graph\">{\"@context\":\"https:\\\/\\\/schema.org\",\"@graph\":[{\"@type\":\"Article\",\"@id\":\"https:\\\/\\\/www.laguiadepamplona.com\\\/actualidad\\\/el-ayuntamiento-rescata-95-escudos-originales-de-la-antigua-barandilla-de-beloso-para-insertarlos-en-la-nueva-que-mantendra-el-color-verde-distintivo-de-pamplona\\\/#article\",\"isPartOf\":{\"@id\":\"https:\\\/\\\/www.laguiadepamplona.com\\\/actualidad\\\/el-ayuntamiento-rescata-95-escudos-originales-de-la-antigua-barandilla-de-beloso-para-insertarlos-en-la-nueva-que-mantendra-el-color-verde-distintivo-de-pamplona\\\/\"},\"author\":{\"name\":\"La Gu\u00eda de Pamplona\",\"@id\":\"https:\\\/\\\/www.laguiadepamplona.com\\\/actualidad\\\/#\\\/schema\\\/person\\\/efe887376f0213d4657c93adc50b1fdb\"},\"headline\":\"El Ayuntamiento rescata 95 escudos originales de la antigua barandilla de Beloso para insertarlos en la nueva, que mantendr\u00e1 el color verde distintivo de Pamplona\",\"datePublished\":\"2024-10-28T12:44:39+00:00\",\"mainEntityOfPage\":{\"@id\":\"https:\\\/\\\/www.laguiadepamplona.com\\\/actualidad\\\/el-ayuntamiento-rescata-95-escudos-originales-de-la-antigua-barandilla-de-beloso-para-insertarlos-en-la-nueva-que-mantendra-el-color-verde-distintivo-de-pamplona\\\/\"},\"wordCount\":1015,\"commentCount\":0,\"publisher\":{\"@id\":\"https:\\\/\\\/www.laguiadepamplona.com\\\/actualidad\\\/#organization\"},\"image\":{\"@id\":\"https:\\\/\\\/www.laguiadepamplona.com\\\/actualidad\\\/el-ayuntamiento-rescata-95-escudos-originales-de-la-antigua-barandilla-de-beloso-para-insertarlos-en-la-nueva-que-mantendra-el-color-verde-distintivo-de-pamplona\\\/#primaryimage\"},\"thumbnailUrl\":\"https:\\\/\\\/www.laguiadepamplona.com\\\/actualidad\\\/wp-content\\\/uploads\\\/2024\\\/10\\\/barandilladebeloso1_0.webp\",\"articleSection\":[\"Ayto Pamplona\"],\"inLanguage\":\"es\",\"potentialAction\":[{\"@type\":\"CommentAction\",\"name\":\"Comment\",\"target\":[\"https:\\\/\\\/www.laguiadepamplona.com\\\/actualidad\\\/el-ayuntamiento-rescata-95-escudos-originales-de-la-antigua-barandilla-de-beloso-para-insertarlos-en-la-nueva-que-mantendra-el-color-verde-distintivo-de-pamplona\\\/#respond\"]}]},{\"@type\":\"WebPage\",\"@id\":\"https:\\\/\\\/www.laguiadepamplona.com\\\/actualidad\\\/el-ayuntamiento-rescata-95-escudos-originales-de-la-antigua-barandilla-de-beloso-para-insertarlos-en-la-nueva-que-mantendra-el-color-verde-distintivo-de-pamplona\\\/\",\"url\":\"https:\\\/\\\/www.laguiadepamplona.com\\\/actualidad\\\/el-ayuntamiento-rescata-95-escudos-originales-de-la-antigua-barandilla-de-beloso-para-insertarlos-en-la-nueva-que-mantendra-el-color-verde-distintivo-de-pamplona\\\/\",\"name\":\"El Ayuntamiento rescata 95 escudos originales de la antigua barandilla de Beloso para insertarlos en la nueva, que mantendr\u00e1 el color verde distintivo de Pamplona\",\"isPartOf\":{\"@id\":\"https:\\\/\\\/www.laguiadepamplona.com\\\/actualidad\\\/#website\"},\"primaryImageOfPage\":{\"@id\":\"https:\\\/\\\/www.laguiadepamplona.com\\\/actualidad\\\/el-ayuntamiento-rescata-95-escudos-originales-de-la-antigua-barandilla-de-beloso-para-insertarlos-en-la-nueva-que-mantendra-el-color-verde-distintivo-de-pamplona\\\/#primaryimage\"},\"image\":{\"@id\":\"https:\\\/\\\/www.laguiadepamplona.com\\\/actualidad\\\/el-ayuntamiento-rescata-95-escudos-originales-de-la-antigua-barandilla-de-beloso-para-insertarlos-en-la-nueva-que-mantendra-el-color-verde-distintivo-de-pamplona\\\/#primaryimage\"},\"thumbnailUrl\":\"https:\\\/\\\/www.laguiadepamplona.com\\\/actualidad\\\/wp-content\\\/uploads\\\/2024\\\/10\\\/barandilladebeloso1_0.webp\",\"datePublished\":\"2024-10-28T12:44:39+00:00\",\"description\":\"Se colocar\u00e1n cada 14 metros, salvo en dos miradores que ir\u00e1n cada 7, en unas obras que concluir\u00e1n en marzo y que est\u00e1n ejecutadas al 47%\",\"breadcrumb\":{\"@id\":\"https:\\\/\\\/www.laguiadepamplona.com\\\/actualidad\\\/el-ayuntamiento-rescata-95-escudos-originales-de-la-antigua-barandilla-de-beloso-para-insertarlos-en-la-nueva-que-mantendra-el-color-verde-distintivo-de-pamplona\\\/#breadcrumb\"},\"inLanguage\":\"es\",\"potentialAction\":[{\"@type\":\"ReadAction\",\"target\":[\"https:\\\/\\\/www.laguiadepamplona.com\\\/actualidad\\\/el-ayuntamiento-rescata-95-escudos-originales-de-la-antigua-barandilla-de-beloso-para-insertarlos-en-la-nueva-que-mantendra-el-color-verde-distintivo-de-pamplona\\\/\"]}]},{\"@type\":\"ImageObject\",\"inLanguage\":\"es\",\"@id\":\"https:\\\/\\\/www.laguiadepamplona.com\\\/actualidad\\\/el-ayuntamiento-rescata-95-escudos-originales-de-la-antigua-barandilla-de-beloso-para-insertarlos-en-la-nueva-que-mantendra-el-color-verde-distintivo-de-pamplona\\\/#primaryimage\",\"url\":\"https:\\\/\\\/www.laguiadepamplona.com\\\/actualidad\\\/wp-content\\\/uploads\\\/2024\\\/10\\\/barandilladebeloso1_0.webp\",\"contentUrl\":\"https:\\\/\\\/www.laguiadepamplona.com\\\/actualidad\\\/wp-content\\\/uploads\\\/2024\\\/10\\\/barandilladebeloso1_0.webp\",\"width\":1000,\"height\":667,\"caption\":\"barandilla beloso\"},{\"@type\":\"BreadcrumbList\",\"@id\":\"https:\\\/\\\/www.laguiadepamplona.com\\\/actualidad\\\/el-ayuntamiento-rescata-95-escudos-originales-de-la-antigua-barandilla-de-beloso-para-insertarlos-en-la-nueva-que-mantendra-el-color-verde-distintivo-de-pamplona\\\/#breadcrumb\",\"itemListElement\":[{\"@type\":\"ListItem\",\"position\":1,\"name\":\"Portada\",\"item\":\"https:\\\/\\\/www.laguiadepamplona.com\\\/actualidad\\\/\"},{\"@type\":\"ListItem\",\"position\":2,\"name\":\"El Ayuntamiento rescata 95 escudos originales de la antigua barandilla de Beloso para insertarlos en la nueva, que mantendr\u00e1 el color verde distintivo de Pamplona\"}]},{\"@type\":\"WebSite\",\"@id\":\"https:\\\/\\\/www.laguiadepamplona.com\\\/actualidad\\\/#website\",\"url\":\"https:\\\/\\\/www.laguiadepamplona.com\\\/actualidad\\\/\",\"name\":\"La gu\u00eda de Pamplona\",\"description\":\"Noticias de Pamplona\",\"publisher\":{\"@id\":\"https:\\\/\\\/www.laguiadepamplona.com\\\/actualidad\\\/#organization\"},\"potentialAction\":[{\"@type\":\"SearchAction\",\"target\":{\"@type\":\"EntryPoint\",\"urlTemplate\":\"https:\\\/\\\/www.laguiadepamplona.com\\\/actualidad\\\/?s={search_term_string}\"},\"query-input\":{\"@type\":\"PropertyValueSpecification\",\"valueRequired\":true,\"valueName\":\"search_term_string\"}}],\"inLanguage\":\"es\"},{\"@type\":\"Organization\",\"@id\":\"https:\\\/\\\/www.laguiadepamplona.com\\\/actualidad\\\/#organization\",\"name\":\"La Gu\u00eda de Pamplona \\\/ Noticias\",\"url\":\"https:\\\/\\\/www.laguiadepamplona.com\\\/actualidad\\\/\",\"logo\":{\"@type\":\"ImageObject\",\"inLanguage\":\"es\",\"@id\":\"https:\\\/\\\/www.laguiadepamplona.com\\\/actualidad\\\/#\\\/schema\\\/logo\\\/image\\\/\",\"url\":\"https:\\\/\\\/www.laguiadepamplona.com\\\/actualidad\\\/wp-content\\\/uploads\\\/2018\\\/11\\\/logo-laguiadepamplona18-web1.png\",\"contentUrl\":\"https:\\\/\\\/www.laguiadepamplona.com\\\/actualidad\\\/wp-content\\\/uploads\\\/2018\\\/11\\\/logo-laguiadepamplona18-web1.png\",\"width\":600,\"height\":196,\"caption\":\"La Gu\u00eda de Pamplona \\\/ Noticias\"},\"image\":{\"@id\":\"https:\\\/\\\/www.laguiadepamplona.com\\\/actualidad\\\/#\\\/schema\\\/logo\\\/image\\\/\"},\"sameAs\":[\"https:\\\/\\\/www.facebook.com\\\/laguiadepamplonacom-133175176762273\\\/?ref=hl\",\"https:\\\/\\\/x.com\\\/LaGuiadPamplona\",\"https:\\\/\\\/www.instagram.com\\\/la_guia_de_pamplona\\\/\",\"https:\\\/\\\/www.youtube.com\\\/user\\\/laguiadepamplona\"]},{\"@type\":\"Person\",\"@id\":\"https:\\\/\\\/www.laguiadepamplona.com\\\/actualidad\\\/#\\\/schema\\\/person\\\/efe887376f0213d4657c93adc50b1fdb\",\"name\":\"La Gu\u00eda de Pamplona\",\"image\":{\"@type\":\"ImageObject\",\"inLanguage\":\"es\",\"@id\":\"https:\\\/\\\/secure.gravatar.com\\\/avatar\\\/b6992f131dc8d30ab0dff15446e9d346d9dbd95992de0fef795073f5ea83a81c?s=96&d=mm&r=g\",\"url\":\"https:\\\/\\\/secure.gravatar.com\\\/avatar\\\/b6992f131dc8d30ab0dff15446e9d346d9dbd95992de0fef795073f5ea83a81c?s=96&d=mm&r=g\",\"contentUrl\":\"https:\\\/\\\/secure.gravatar.com\\\/avatar\\\/b6992f131dc8d30ab0dff15446e9d346d9dbd95992de0fef795073f5ea83a81c?s=96&d=mm&r=g\",\"caption\":\"La Gu\u00eda de Pamplona\"}}]}<\/script>\n<!-- \/ Yoast SEO plugin. -->","yoast_head_json":{"title":"El Ayuntamiento rescata 95 escudos originales de la antigua barandilla de Beloso para insertarlos en la nueva, que mantendr\u00e1 el color verde distintivo de Pamplona","description":"Se colocar\u00e1n cada 14 metros, salvo en dos miradores que ir\u00e1n cada 7, en unas obras que concluir\u00e1n en marzo y que est\u00e1n ejecutadas al 47%","robots":{"index":"index","follow":"follow","max-snippet":"max-snippet:-1","max-image-preview":"max-image-preview:large","max-video-preview":"max-video-preview:-1"},"canonical":"https:\/\/www.laguiadepamplona.com\/actualidad\/el-ayuntamiento-rescata-95-escudos-originales-de-la-antigua-barandilla-de-beloso-para-insertarlos-en-la-nueva-que-mantendra-el-color-verde-distintivo-de-pamplona\/","og_locale":"es_ES","og_type":"article","og_title":"El Ayuntamiento rescata 95 escudos originales de la antigua barandilla de Beloso para insertarlos en la nueva, que mantendr\u00e1 el color verde distintivo de Pamplona","og_description":"Se colocar\u00e1n cada 14 metros, salvo en dos miradores que ir\u00e1n cada 7, en unas obras que concluir\u00e1n en marzo y que est\u00e1n ejecutadas al 47%","og_url":"https:\/\/www.laguiadepamplona.com\/actualidad\/el-ayuntamiento-rescata-95-escudos-originales-de-la-antigua-barandilla-de-beloso-para-insertarlos-en-la-nueva-que-mantendra-el-color-verde-distintivo-de-pamplona\/","og_site_name":"La Gu\u00eda de Pamplona","article_publisher":"https:\/\/www.facebook.com\/laguiadepamplonacom-133175176762273\/?ref=hl","article_published_time":"2024-10-28T12:44:39+00:00","og_image":[{"width":1000,"height":667,"url":"https:\/\/www.laguiadepamplona.com\/actualidad\/wp-content\/uploads\/2024\/10\/barandilladebeloso1_0.webp","type":"image\/webp"}],"author":"La Gu\u00eda de Pamplona","twitter_card":"summary_large_image","twitter_creator":"@LaGuiadPamplona","twitter_site":"@LaGuiadPamplona","twitter_misc":{"Escrito por":"La Gu\u00eda de Pamplona","Tiempo de lectura":"5 minutos"},"schema":{"@context":"https:\/\/schema.org","@graph":[{"@type":"Article","@id":"https:\/\/www.laguiadepamplona.com\/actualidad\/el-ayuntamiento-rescata-95-escudos-originales-de-la-antigua-barandilla-de-beloso-para-insertarlos-en-la-nueva-que-mantendra-el-color-verde-distintivo-de-pamplona\/#article","isPartOf":{"@id":"https:\/\/www.laguiadepamplona.com\/actualidad\/el-ayuntamiento-rescata-95-escudos-originales-de-la-antigua-barandilla-de-beloso-para-insertarlos-en-la-nueva-que-mantendra-el-color-verde-distintivo-de-pamplona\/"},"author":{"name":"La Gu\u00eda de Pamplona","@id":"https:\/\/www.laguiadepamplona.com\/actualidad\/#\/schema\/person\/efe887376f0213d4657c93adc50b1fdb"},"headline":"El Ayuntamiento rescata 95 escudos originales de la antigua barandilla de Beloso para insertarlos en la nueva, que mantendr\u00e1 el color verde distintivo de Pamplona","datePublished":"2024-10-28T12:44:39+00:00","mainEntityOfPage":{"@id":"https:\/\/www.laguiadepamplona.com\/actualidad\/el-ayuntamiento-rescata-95-escudos-originales-de-la-antigua-barandilla-de-beloso-para-insertarlos-en-la-nueva-que-mantendra-el-color-verde-distintivo-de-pamplona\/"},"wordCount":1015,"commentCount":0,"publisher":{"@id":"https:\/\/www.laguiadepamplona.com\/actualidad\/#organization"},"image":{"@id":"https:\/\/www.laguiadepamplona.com\/actualidad\/el-ayuntamiento-rescata-95-escudos-originales-de-la-antigua-barandilla-de-beloso-para-insertarlos-en-la-nueva-que-mantendra-el-color-verde-distintivo-de-pamplona\/#primaryimage"},"thumbnailUrl":"https:\/\/www.laguiadepamplona.com\/actualidad\/wp-content\/uploads\/2024\/10\/barandilladebeloso1_0.webp","articleSection":["Ayto Pamplona"],"inLanguage":"es","potentialAction":[{"@type":"CommentAction","name":"Comment","target":["https:\/\/www.laguiadepamplona.com\/actualidad\/el-ayuntamiento-rescata-95-escudos-originales-de-la-antigua-barandilla-de-beloso-para-insertarlos-en-la-nueva-que-mantendra-el-color-verde-distintivo-de-pamplona\/#respond"]}]},{"@type":"WebPage","@id":"https:\/\/www.laguiadepamplona.com\/actualidad\/el-ayuntamiento-rescata-95-escudos-originales-de-la-antigua-barandilla-de-beloso-para-insertarlos-en-la-nueva-que-mantendra-el-color-verde-distintivo-de-pamplona\/","url":"https:\/\/www.laguiadepamplona.com\/actualidad\/el-ayuntamiento-rescata-95-escudos-originales-de-la-antigua-barandilla-de-beloso-para-insertarlos-en-la-nueva-que-mantendra-el-color-verde-distintivo-de-pamplona\/","name":"El Ayuntamiento rescata 95 escudos originales de la antigua barandilla de Beloso para insertarlos en la nueva, que mantendr\u00e1 el color verde distintivo de Pamplona","isPartOf":{"@id":"https:\/\/www.laguiadepamplona.com\/actualidad\/#website"},"primaryImageOfPage":{"@id":"https:\/\/www.laguiadepamplona.com\/actualidad\/el-ayuntamiento-rescata-95-escudos-originales-de-la-antigua-barandilla-de-beloso-para-insertarlos-en-la-nueva-que-mantendra-el-color-verde-distintivo-de-pamplona\/#primaryimage"},"image":{"@id":"https:\/\/www.laguiadepamplona.com\/actualidad\/el-ayuntamiento-rescata-95-escudos-originales-de-la-antigua-barandilla-de-beloso-para-insertarlos-en-la-nueva-que-mantendra-el-color-verde-distintivo-de-pamplona\/#primaryimage"},"thumbnailUrl":"https:\/\/www.laguiadepamplona.com\/actualidad\/wp-content\/uploads\/2024\/10\/barandilladebeloso1_0.webp","datePublished":"2024-10-28T12:44:39+00:00","description":"Se colocar\u00e1n cada 14 metros, salvo en dos miradores que ir\u00e1n cada 7, en unas obras que concluir\u00e1n en marzo y que est\u00e1n ejecutadas al 47%","breadcrumb":{"@id":"https:\/\/www.laguiadepamplona.com\/actualidad\/el-ayuntamiento-rescata-95-escudos-originales-de-la-antigua-barandilla-de-beloso-para-insertarlos-en-la-nueva-que-mantendra-el-color-verde-distintivo-de-pamplona\/#breadcrumb"},"inLanguage":"es","potentialAction":[{"@type":"ReadAction","target":["https:\/\/www.laguiadepamplona.com\/actualidad\/el-ayuntamiento-rescata-95-escudos-originales-de-la-antigua-barandilla-de-beloso-para-insertarlos-en-la-nueva-que-mantendra-el-color-verde-distintivo-de-pamplona\/"]}]},{"@type":"ImageObject","inLanguage":"es","@id":"https:\/\/www.laguiadepamplona.com\/actualidad\/el-ayuntamiento-rescata-95-escudos-originales-de-la-antigua-barandilla-de-beloso-para-insertarlos-en-la-nueva-que-mantendra-el-color-verde-distintivo-de-pamplona\/#primaryimage","url":"https:\/\/www.laguiadepamplona.com\/actualidad\/wp-content\/uploads\/2024\/10\/barandilladebeloso1_0.webp","contentUrl":"https:\/\/www.laguiadepamplona.com\/actualidad\/wp-content\/uploads\/2024\/10\/barandilladebeloso1_0.webp","width":1000,"height":667,"caption":"barandilla beloso"},{"@type":"BreadcrumbList","@id":"https:\/\/www.laguiadepamplona.com\/actualidad\/el-ayuntamiento-rescata-95-escudos-originales-de-la-antigua-barandilla-de-beloso-para-insertarlos-en-la-nueva-que-mantendra-el-color-verde-distintivo-de-pamplona\/#breadcrumb","itemListElement":[{"@type":"ListItem","position":1,"name":"Portada","item":"https:\/\/www.laguiadepamplona.com\/actualidad\/"},{"@type":"ListItem","position":2,"name":"El Ayuntamiento rescata 95 escudos originales de la antigua barandilla de Beloso para insertarlos en la nueva, que mantendr\u00e1 el color verde distintivo de Pamplona"}]},{"@type":"WebSite","@id":"https:\/\/www.laguiadepamplona.com\/actualidad\/#website","url":"https:\/\/www.laguiadepamplona.com\/actualidad\/","name":"La gu\u00eda de Pamplona","description":"Noticias de Pamplona","publisher":{"@id":"https:\/\/www.laguiadepamplona.com\/actualidad\/#organization"},"potentialAction":[{"@type":"SearchAction","target":{"@type":"EntryPoint","urlTemplate":"https:\/\/www.laguiadepamplona.com\/actualidad\/?s={search_term_string}"},"query-input":{"@type":"PropertyValueSpecification","valueRequired":true,"valueName":"search_term_string"}}],"inLanguage":"es"},{"@type":"Organization","@id":"https:\/\/www.laguiadepamplona.com\/actualidad\/#organization","name":"La Gu\u00eda de Pamplona \/ Noticias","url":"https:\/\/www.laguiadepamplona.com\/actualidad\/","logo":{"@type":"ImageObject","inLanguage":"es","@id":"https:\/\/www.laguiadepamplona.com\/actualidad\/#\/schema\/logo\/image\/","url":"https:\/\/www.laguiadepamplona.com\/actualidad\/wp-content\/uploads\/2018\/11\/logo-laguiadepamplona18-web1.png","contentUrl":"https:\/\/www.laguiadepamplona.com\/actualidad\/wp-content\/uploads\/2018\/11\/logo-laguiadepamplona18-web1.png","width":600,"height":196,"caption":"La Gu\u00eda de Pamplona \/ Noticias"},"image":{"@id":"https:\/\/www.laguiadepamplona.com\/actualidad\/#\/schema\/logo\/image\/"},"sameAs":["https:\/\/www.facebook.com\/laguiadepamplonacom-133175176762273\/?ref=hl","https:\/\/x.com\/LaGuiadPamplona","https:\/\/www.instagram.com\/la_guia_de_pamplona\/","https:\/\/www.youtube.com\/user\/laguiadepamplona"]},{"@type":"Person","@id":"https:\/\/www.laguiadepamplona.com\/actualidad\/#\/schema\/person\/efe887376f0213d4657c93adc50b1fdb","name":"La Gu\u00eda de Pamplona","image":{"@type":"ImageObject","inLanguage":"es","@id":"https:\/\/secure.gravatar.com\/avatar\/b6992f131dc8d30ab0dff15446e9d346d9dbd95992de0fef795073f5ea83a81c?s=96&d=mm&r=g","url":"https:\/\/secure.gravatar.com\/avatar\/b6992f131dc8d30ab0dff15446e9d346d9dbd95992de0fef795073f5ea83a81c?s=96&d=mm&r=g","contentUrl":"https:\/\/secure.gravatar.com\/avatar\/b6992f131dc8d30ab0dff15446e9d346d9dbd95992de0fef795073f5ea83a81c?s=96&d=mm&r=g","caption":"La Gu\u00eda de Pamplona"}}]}},"post_mailing_queue_ids":[],"_links":{"self":[{"href":"https:\/\/www.laguiadepamplona.com\/actualidad\/wp-json\/wp\/v2\/posts\/51146","targetHints":{"allow":["GET"]}}],"collection":[{"href":"https:\/\/www.laguiadepamplona.com\/actualidad\/wp-json\/wp\/v2\/posts"}],"about":[{"href":"https:\/\/www.laguiadepamplona.com\/actualidad\/wp-json\/wp\/v2\/types\/post"}],"author":[{"embeddable":true,"href":"https:\/\/www.laguiadepamplona.com\/actualidad\/wp-json\/wp\/v2\/users\/1"}],"replies":[{"embeddable":true,"href":"https:\/\/www.laguiadepamplona.com\/actualidad\/wp-json\/wp\/v2\/comments?post=51146"}],"version-history":[{"count":1,"href":"https:\/\/www.laguiadepamplona.com\/actualidad\/wp-json\/wp\/v2\/posts\/51146\/revisions"}],"predecessor-version":[{"id":51148,"href":"https:\/\/www.laguiadepamplona.com\/actualidad\/wp-json\/wp\/v2\/posts\/51146\/revisions\/51148"}],"wp:featuredmedia":[{"embeddable":true,"href":"https:\/\/www.laguiadepamplona.com\/actualidad\/wp-json\/wp\/v2\/media\/51147"}],"wp:attachment":[{"href":"https:\/\/www.laguiadepamplona.com\/actualidad\/wp-json\/wp\/v2\/media?parent=51146"}],"wp:term":[{"taxonomy":"category","embeddable":true,"href":"https:\/\/www.laguiadepamplona.com\/actualidad\/wp-json\/wp\/v2\/categories?post=51146"},{"taxonomy":"post_tag","embeddable":true,"href":"https:\/\/www.laguiadepamplona.com\/actualidad\/wp-json\/wp\/v2\/tags?post=51146"}],"curies":[{"name":"wp","href":"https:\/\/api.w.org\/{rel}","templated":true}]}}