{"id":51141,"date":"2024-10-25T13:39:57","date_gmt":"2024-10-25T11:39:57","guid":{"rendered":"https:\/\/www.laguiadepamplona.com\/actualidad\/?p=51141"},"modified":"2024-10-25T13:39:57","modified_gmt":"2024-10-25T11:39:57","slug":"aprobado-el-acuerdo-marco-para-la-insercion-de-campanas-de-publicidad-institucional-en-quince-medios-de-comunicacion","status":"publish","type":"post","link":"https:\/\/www.laguiadepamplona.com\/actualidad\/aprobado-el-acuerdo-marco-para-la-insercion-de-campanas-de-publicidad-institucional-en-quince-medios-de-comunicacion\/","title":{"rendered":"Aprobado el acuerdo marco para la inserci\u00f3n de campa\u00f1as de publicidad institucional en quince medios de comunicaci\u00f3n"},"content":{"rendered":"<h2 class=\"x_2Subtitulo\">Se estima un gasto m\u00e1ximo de 600.000 euros, con un reparto basado en audiencias y en propuestas econ\u00f3micas y de mejora realizadas por los medios<\/h2>\n<p class=\"x_MsoNormal\"><!--more--><\/p>\n<p class=\"x_3Texto\">La Junta de Gobierno Local ha aprobado la relaci\u00f3n de quince medios de comunicaci\u00f3n en los que el Ayuntamiento de Pamplona insertar\u00e1 sus campa\u00f1as de publicidad institucional. Esa relaci\u00f3n se ha generado a trav\u00e9s de un acuerdo marco al que han podido concurrir medios de comunicaci\u00f3n con \u00e1mbito de difusi\u00f3n local en el t\u00e9rmino municipal de Pamplona. La valoraci\u00f3n se ha llevado a cabo teniendo en cuenta la audiencia y la propuesta econ\u00f3mica y de mejora presentadas por los medios de comunicaci\u00f3n.<\/p>\n<p class=\"x_3Texto\">El Ayuntamiento de Pamplona invertir\u00e1 un m\u00e1ximo de 600.000 euros en la compra de espacios para la inserci\u00f3n de esas campa\u00f1as en prensa, prensa digital, radio y televisi\u00f3n. El acuerdo marco establec\u00eda doce lotes, cuatro para medios de comunicaci\u00f3n en castellano y ocho para medios que utilicen el euskera, reservando para estos \u00faltimos un m\u00e1ximo de 120.000 euros, un 20% del total. La ordenanza municipal que regula el uso del euskera en el Ayuntamiento de Pamplona establece un m\u00ednimo entre el 20% y el 25%.<\/p>\n<p class=\"x_3Texto\">En los lotes para medios que editen sus contenidos total o mayoritariamente en castellano, el reparto llegar\u00e1 a Zeroa Multimedia SA (Diario de Noticias), Brandok Comunicaci\u00f3n SL (Diario de Navarra) y Baigorri Argitaletxe SA (Gara) en prensa; a Glocal Influence SL, Zeroa Multimedia SA (Diario de Noticias), Brandok Comunicaci\u00f3n SL (Diario de Navarra), Sociedad Espa\u00f1ola de Radiodifusi\u00f3n SLU (SER), Comunikaze Sociedad Microcooperativa (Pamplona Actual) y Tai Gabe Digital SL (Naiz.eus) en prensa digital; a Radio Popular SA \u2013 Cadena COPE, Sociedad Espa\u00f1ola de Radiodifusi\u00f3n SLU (SER) y Uniprex SAU (Onda Cero) en radio; y a Sumando TV y Web SA (Navarra Televisi\u00f3n) en televisi\u00f3n.<\/p>\n<p class=\"x_3Texto\">En los lotes para medios con un m\u00ednimo del 28% de sus contenidos totales en euskera, se insertar\u00e1n campa\u00f1as municipales en prensa, en Iragarri SLU (Berria) y Baigorri Argitaletxe SA (Gara); en prensa digital, en Iragarri SLU (Berria) y Tai Gabe Digital SL (Naiz.eus); en radio, en Iru\u00f1eko Komunikabideak SA (Euskalerria Irratia); en televisi\u00f3n, en Nafar Ikusentzunezkoak SA (Hamaika Telebista) y Asociaci\u00f3n Cultural Xaloa (Xaloa Telebista). En los lotes para medios que incluyan, o asuman el compromiso de incluir, un m\u00ednimo del 3% de sus contenidos totales en euskera han resultado adjudicatarios Zeroa Multimedia S.A. (Diario de Noticias) en prensa escrita y Sociedad Espa\u00f1ola de Radiodifusi\u00f3n SLU (SER) en prensa digital. Los lotes de radio y televisi\u00f3n han quedado desiertos.<\/p>\n<p class=\"x_3Texto\">El acuerdo marco fija las condiciones de la contrataci\u00f3n directa de espacios durante un a\u00f1o, sin pr\u00f3rrogas, para insertar anuncios y otros productos de comunicaci\u00f3n del Ayuntamiento de Pamplona en diversos medios de comunicaci\u00f3n privados de \u00e1mbito local, ya sean de prensa escrita, de prensa digital, de radio o de televisi\u00f3n. Para este acuerdo marco, el Ayuntamiento de Pamplona ha seguido los principios de transparencia, eficiencia, eficacia, libre concurrencia y no discriminaci\u00f3n que deben regir la publicidad institucional. Tal y como recoge el acuerdo marco, el Ayuntamiento de Pamplona no est\u00e1 obligado a contratar espacios en los medios hasta el importe al que asciende la licitaci\u00f3n.<\/p>\n","protected":false},"excerpt":{"rendered":"<p>Se estima un gasto m\u00e1ximo de 600.000 euros, con un reparto basado en audiencias y en propuestas econ\u00f3micas y de mejora realizadas por los medios<\/p>\n","protected":false},"author":1,"featured_media":50736,"comment_status":"open","ping_status":"closed","sticky":false,"template":"","format":"standard","meta":{"footnotes":""},"categories":[2],"tags":[],"class_list":["post-51141","post","type-post","status-publish","format-standard","has-post-thumbnail","hentry","category-ayuntamiento-pamplona"],"yoast_head":"<!-- This site is optimized with the Yoast SEO plugin v27.3 - https:\/\/yoast.com\/product\/yoast-seo-wordpress\/ -->\n<title>Aprobado el acuerdo marco para la inserci\u00f3n de campa\u00f1as de publicidad institucional en quince medios de comunicaci\u00f3n<\/title>\n<meta name=\"description\" content=\"Se estima un gasto m\u00e1ximo de 600.000 euros, con un reparto basado en audiencias y en propuestas econ\u00f3micas y de mejora realizadas por los medios\" \/>\n<meta name=\"robots\" content=\"index, follow, max-snippet:-1, max-image-preview:large, max-video-preview:-1\" \/>\n<link rel=\"canonical\" href=\"https:\/\/www.laguiadepamplona.com\/actualidad\/aprobado-el-acuerdo-marco-para-la-insercion-de-campanas-de-publicidad-institucional-en-quince-medios-de-comunicacion\/\" \/>\n<meta property=\"og:locale\" content=\"es_ES\" \/>\n<meta property=\"og:type\" content=\"article\" \/>\n<meta property=\"og:title\" content=\"Aprobado el acuerdo marco para la inserci\u00f3n de campa\u00f1as de publicidad institucional en quince medios de comunicaci\u00f3n\" \/>\n<meta property=\"og:description\" content=\"Se estima un gasto m\u00e1ximo de 600.000 euros, con un reparto basado en audiencias y en propuestas econ\u00f3micas y de mejora realizadas por los medios\" \/>\n<meta property=\"og:url\" content=\"https:\/\/www.laguiadepamplona.com\/actualidad\/aprobado-el-acuerdo-marco-para-la-insercion-de-campanas-de-publicidad-institucional-en-quince-medios-de-comunicacion\/\" \/>\n<meta property=\"og:site_name\" content=\"La Gu\u00eda de Pamplona\" \/>\n<meta property=\"article:publisher\" content=\"https:\/\/www.facebook.com\/laguiadepamplonacom-133175176762273\/?ref=hl\" \/>\n<meta property=\"article:published_time\" content=\"2024-10-25T11:39:57+00:00\" \/>\n<meta property=\"og:image\" content=\"https:\/\/www.laguiadepamplona.com\/actualidad\/wp-content\/uploads\/2024\/09\/Fachada-Ayuntamiento_contacto-Comarca_web2.webp\" \/>\n\t<meta property=\"og:image:width\" content=\"1000\" \/>\n\t<meta property=\"og:image:height\" content=\"646\" \/>\n\t<meta property=\"og:image:type\" content=\"image\/webp\" \/>\n<meta name=\"author\" content=\"La Gu\u00eda de Pamplona\" \/>\n<meta name=\"twitter:card\" content=\"summary_large_image\" \/>\n<meta name=\"twitter:creator\" content=\"@LaGuiadPamplona\" \/>\n<meta name=\"twitter:site\" content=\"@LaGuiadPamplona\" \/>\n<meta name=\"twitter:label1\" content=\"Escrito por\" \/>\n\t<meta name=\"twitter:data1\" content=\"La Gu\u00eda de Pamplona\" \/>\n\t<meta name=\"twitter:label2\" content=\"Tiempo de lectura\" \/>\n\t<meta name=\"twitter:data2\" content=\"3 minutos\" \/>\n<script type=\"application\/ld+json\" class=\"yoast-schema-graph\">{\"@context\":\"https:\\\/\\\/schema.org\",\"@graph\":[{\"@type\":\"Article\",\"@id\":\"https:\\\/\\\/www.laguiadepamplona.com\\\/actualidad\\\/aprobado-el-acuerdo-marco-para-la-insercion-de-campanas-de-publicidad-institucional-en-quince-medios-de-comunicacion\\\/#article\",\"isPartOf\":{\"@id\":\"https:\\\/\\\/www.laguiadepamplona.com\\\/actualidad\\\/aprobado-el-acuerdo-marco-para-la-insercion-de-campanas-de-publicidad-institucional-en-quince-medios-de-comunicacion\\\/\"},\"author\":{\"name\":\"La Gu\u00eda de Pamplona\",\"@id\":\"https:\\\/\\\/www.laguiadepamplona.com\\\/actualidad\\\/#\\\/schema\\\/person\\\/efe887376f0213d4657c93adc50b1fdb\"},\"headline\":\"Aprobado el acuerdo marco para la inserci\u00f3n de campa\u00f1as de publicidad institucional en quince medios de comunicaci\u00f3n\",\"datePublished\":\"2024-10-25T11:39:57+00:00\",\"mainEntityOfPage\":{\"@id\":\"https:\\\/\\\/www.laguiadepamplona.com\\\/actualidad\\\/aprobado-el-acuerdo-marco-para-la-insercion-de-campanas-de-publicidad-institucional-en-quince-medios-de-comunicacion\\\/\"},\"wordCount\":583,\"commentCount\":0,\"publisher\":{\"@id\":\"https:\\\/\\\/www.laguiadepamplona.com\\\/actualidad\\\/#organization\"},\"image\":{\"@id\":\"https:\\\/\\\/www.laguiadepamplona.com\\\/actualidad\\\/aprobado-el-acuerdo-marco-para-la-insercion-de-campanas-de-publicidad-institucional-en-quince-medios-de-comunicacion\\\/#primaryimage\"},\"thumbnailUrl\":\"https:\\\/\\\/www.laguiadepamplona.com\\\/actualidad\\\/wp-content\\\/uploads\\\/2024\\\/09\\\/Fachada-Ayuntamiento_contacto-Comarca_web2.webp\",\"articleSection\":[\"Ayto Pamplona\"],\"inLanguage\":\"es\",\"potentialAction\":[{\"@type\":\"CommentAction\",\"name\":\"Comment\",\"target\":[\"https:\\\/\\\/www.laguiadepamplona.com\\\/actualidad\\\/aprobado-el-acuerdo-marco-para-la-insercion-de-campanas-de-publicidad-institucional-en-quince-medios-de-comunicacion\\\/#respond\"]}]},{\"@type\":\"WebPage\",\"@id\":\"https:\\\/\\\/www.laguiadepamplona.com\\\/actualidad\\\/aprobado-el-acuerdo-marco-para-la-insercion-de-campanas-de-publicidad-institucional-en-quince-medios-de-comunicacion\\\/\",\"url\":\"https:\\\/\\\/www.laguiadepamplona.com\\\/actualidad\\\/aprobado-el-acuerdo-marco-para-la-insercion-de-campanas-de-publicidad-institucional-en-quince-medios-de-comunicacion\\\/\",\"name\":\"Aprobado el acuerdo marco para la inserci\u00f3n de campa\u00f1as de publicidad institucional en quince medios de comunicaci\u00f3n\",\"isPartOf\":{\"@id\":\"https:\\\/\\\/www.laguiadepamplona.com\\\/actualidad\\\/#website\"},\"primaryImageOfPage\":{\"@id\":\"https:\\\/\\\/www.laguiadepamplona.com\\\/actualidad\\\/aprobado-el-acuerdo-marco-para-la-insercion-de-campanas-de-publicidad-institucional-en-quince-medios-de-comunicacion\\\/#primaryimage\"},\"image\":{\"@id\":\"https:\\\/\\\/www.laguiadepamplona.com\\\/actualidad\\\/aprobado-el-acuerdo-marco-para-la-insercion-de-campanas-de-publicidad-institucional-en-quince-medios-de-comunicacion\\\/#primaryimage\"},\"thumbnailUrl\":\"https:\\\/\\\/www.laguiadepamplona.com\\\/actualidad\\\/wp-content\\\/uploads\\\/2024\\\/09\\\/Fachada-Ayuntamiento_contacto-Comarca_web2.webp\",\"datePublished\":\"2024-10-25T11:39:57+00:00\",\"description\":\"Se estima un gasto m\u00e1ximo de 600.000 euros, con un reparto basado en audiencias y en propuestas econ\u00f3micas y de mejora realizadas por los medios\",\"breadcrumb\":{\"@id\":\"https:\\\/\\\/www.laguiadepamplona.com\\\/actualidad\\\/aprobado-el-acuerdo-marco-para-la-insercion-de-campanas-de-publicidad-institucional-en-quince-medios-de-comunicacion\\\/#breadcrumb\"},\"inLanguage\":\"es\",\"potentialAction\":[{\"@type\":\"ReadAction\",\"target\":[\"https:\\\/\\\/www.laguiadepamplona.com\\\/actualidad\\\/aprobado-el-acuerdo-marco-para-la-insercion-de-campanas-de-publicidad-institucional-en-quince-medios-de-comunicacion\\\/\"]}]},{\"@type\":\"ImageObject\",\"inLanguage\":\"es\",\"@id\":\"https:\\\/\\\/www.laguiadepamplona.com\\\/actualidad\\\/aprobado-el-acuerdo-marco-para-la-insercion-de-campanas-de-publicidad-institucional-en-quince-medios-de-comunicacion\\\/#primaryimage\",\"url\":\"https:\\\/\\\/www.laguiadepamplona.com\\\/actualidad\\\/wp-content\\\/uploads\\\/2024\\\/09\\\/Fachada-Ayuntamiento_contacto-Comarca_web2.webp\",\"contentUrl\":\"https:\\\/\\\/www.laguiadepamplona.com\\\/actualidad\\\/wp-content\\\/uploads\\\/2024\\\/09\\\/Fachada-Ayuntamiento_contacto-Comarca_web2.webp\",\"width\":1000,\"height\":646,\"caption\":\"fachada ayuntamiento\"},{\"@type\":\"BreadcrumbList\",\"@id\":\"https:\\\/\\\/www.laguiadepamplona.com\\\/actualidad\\\/aprobado-el-acuerdo-marco-para-la-insercion-de-campanas-de-publicidad-institucional-en-quince-medios-de-comunicacion\\\/#breadcrumb\",\"itemListElement\":[{\"@type\":\"ListItem\",\"position\":1,\"name\":\"Portada\",\"item\":\"https:\\\/\\\/www.laguiadepamplona.com\\\/actualidad\\\/\"},{\"@type\":\"ListItem\",\"position\":2,\"name\":\"Aprobado el acuerdo marco para la inserci\u00f3n de campa\u00f1as de publicidad institucional en quince medios de comunicaci\u00f3n\"}]},{\"@type\":\"WebSite\",\"@id\":\"https:\\\/\\\/www.laguiadepamplona.com\\\/actualidad\\\/#website\",\"url\":\"https:\\\/\\\/www.laguiadepamplona.com\\\/actualidad\\\/\",\"name\":\"La gu\u00eda de Pamplona\",\"description\":\"Noticias de Pamplona\",\"publisher\":{\"@id\":\"https:\\\/\\\/www.laguiadepamplona.com\\\/actualidad\\\/#organization\"},\"potentialAction\":[{\"@type\":\"SearchAction\",\"target\":{\"@type\":\"EntryPoint\",\"urlTemplate\":\"https:\\\/\\\/www.laguiadepamplona.com\\\/actualidad\\\/?s={search_term_string}\"},\"query-input\":{\"@type\":\"PropertyValueSpecification\",\"valueRequired\":true,\"valueName\":\"search_term_string\"}}],\"inLanguage\":\"es\"},{\"@type\":\"Organization\",\"@id\":\"https:\\\/\\\/www.laguiadepamplona.com\\\/actualidad\\\/#organization\",\"name\":\"La Gu\u00eda de Pamplona \\\/ Noticias\",\"url\":\"https:\\\/\\\/www.laguiadepamplona.com\\\/actualidad\\\/\",\"logo\":{\"@type\":\"ImageObject\",\"inLanguage\":\"es\",\"@id\":\"https:\\\/\\\/www.laguiadepamplona.com\\\/actualidad\\\/#\\\/schema\\\/logo\\\/image\\\/\",\"url\":\"https:\\\/\\\/www.laguiadepamplona.com\\\/actualidad\\\/wp-content\\\/uploads\\\/2018\\\/11\\\/logo-laguiadepamplona18-web1.png\",\"contentUrl\":\"https:\\\/\\\/www.laguiadepamplona.com\\\/actualidad\\\/wp-content\\\/uploads\\\/2018\\\/11\\\/logo-laguiadepamplona18-web1.png\",\"width\":600,\"height\":196,\"caption\":\"La Gu\u00eda de Pamplona \\\/ Noticias\"},\"image\":{\"@id\":\"https:\\\/\\\/www.laguiadepamplona.com\\\/actualidad\\\/#\\\/schema\\\/logo\\\/image\\\/\"},\"sameAs\":[\"https:\\\/\\\/www.facebook.com\\\/laguiadepamplonacom-133175176762273\\\/?ref=hl\",\"https:\\\/\\\/x.com\\\/LaGuiadPamplona\",\"https:\\\/\\\/www.instagram.com\\\/la_guia_de_pamplona\\\/\",\"https:\\\/\\\/www.youtube.com\\\/user\\\/laguiadepamplona\"]},{\"@type\":\"Person\",\"@id\":\"https:\\\/\\\/www.laguiadepamplona.com\\\/actualidad\\\/#\\\/schema\\\/person\\\/efe887376f0213d4657c93adc50b1fdb\",\"name\":\"La Gu\u00eda de Pamplona\",\"image\":{\"@type\":\"ImageObject\",\"inLanguage\":\"es\",\"@id\":\"https:\\\/\\\/secure.gravatar.com\\\/avatar\\\/b6992f131dc8d30ab0dff15446e9d346d9dbd95992de0fef795073f5ea83a81c?s=96&d=mm&r=g\",\"url\":\"https:\\\/\\\/secure.gravatar.com\\\/avatar\\\/b6992f131dc8d30ab0dff15446e9d346d9dbd95992de0fef795073f5ea83a81c?s=96&d=mm&r=g\",\"contentUrl\":\"https:\\\/\\\/secure.gravatar.com\\\/avatar\\\/b6992f131dc8d30ab0dff15446e9d346d9dbd95992de0fef795073f5ea83a81c?s=96&d=mm&r=g\",\"caption\":\"La Gu\u00eda de Pamplona\"}}]}<\/script>\n<!-- \/ Yoast SEO plugin. -->","yoast_head_json":{"title":"Aprobado el acuerdo marco para la inserci\u00f3n de campa\u00f1as de publicidad institucional en quince medios de comunicaci\u00f3n","description":"Se estima un gasto m\u00e1ximo de 600.000 euros, con un reparto basado en audiencias y en propuestas econ\u00f3micas y de mejora realizadas por los medios","robots":{"index":"index","follow":"follow","max-snippet":"max-snippet:-1","max-image-preview":"max-image-preview:large","max-video-preview":"max-video-preview:-1"},"canonical":"https:\/\/www.laguiadepamplona.com\/actualidad\/aprobado-el-acuerdo-marco-para-la-insercion-de-campanas-de-publicidad-institucional-en-quince-medios-de-comunicacion\/","og_locale":"es_ES","og_type":"article","og_title":"Aprobado el acuerdo marco para la inserci\u00f3n de campa\u00f1as de publicidad institucional en quince medios de comunicaci\u00f3n","og_description":"Se estima un gasto m\u00e1ximo de 600.000 euros, con un reparto basado en audiencias y en propuestas econ\u00f3micas y de mejora realizadas por los medios","og_url":"https:\/\/www.laguiadepamplona.com\/actualidad\/aprobado-el-acuerdo-marco-para-la-insercion-de-campanas-de-publicidad-institucional-en-quince-medios-de-comunicacion\/","og_site_name":"La Gu\u00eda de Pamplona","article_publisher":"https:\/\/www.facebook.com\/laguiadepamplonacom-133175176762273\/?ref=hl","article_published_time":"2024-10-25T11:39:57+00:00","og_image":[{"width":1000,"height":646,"url":"https:\/\/www.laguiadepamplona.com\/actualidad\/wp-content\/uploads\/2024\/09\/Fachada-Ayuntamiento_contacto-Comarca_web2.webp","type":"image\/webp"}],"author":"La Gu\u00eda de Pamplona","twitter_card":"summary_large_image","twitter_creator":"@LaGuiadPamplona","twitter_site":"@LaGuiadPamplona","twitter_misc":{"Escrito por":"La Gu\u00eda de Pamplona","Tiempo de lectura":"3 minutos"},"schema":{"@context":"https:\/\/schema.org","@graph":[{"@type":"Article","@id":"https:\/\/www.laguiadepamplona.com\/actualidad\/aprobado-el-acuerdo-marco-para-la-insercion-de-campanas-de-publicidad-institucional-en-quince-medios-de-comunicacion\/#article","isPartOf":{"@id":"https:\/\/www.laguiadepamplona.com\/actualidad\/aprobado-el-acuerdo-marco-para-la-insercion-de-campanas-de-publicidad-institucional-en-quince-medios-de-comunicacion\/"},"author":{"name":"La Gu\u00eda de Pamplona","@id":"https:\/\/www.laguiadepamplona.com\/actualidad\/#\/schema\/person\/efe887376f0213d4657c93adc50b1fdb"},"headline":"Aprobado el acuerdo marco para la inserci\u00f3n de campa\u00f1as de publicidad institucional en quince medios de comunicaci\u00f3n","datePublished":"2024-10-25T11:39:57+00:00","mainEntityOfPage":{"@id":"https:\/\/www.laguiadepamplona.com\/actualidad\/aprobado-el-acuerdo-marco-para-la-insercion-de-campanas-de-publicidad-institucional-en-quince-medios-de-comunicacion\/"},"wordCount":583,"commentCount":0,"publisher":{"@id":"https:\/\/www.laguiadepamplona.com\/actualidad\/#organization"},"image":{"@id":"https:\/\/www.laguiadepamplona.com\/actualidad\/aprobado-el-acuerdo-marco-para-la-insercion-de-campanas-de-publicidad-institucional-en-quince-medios-de-comunicacion\/#primaryimage"},"thumbnailUrl":"https:\/\/www.laguiadepamplona.com\/actualidad\/wp-content\/uploads\/2024\/09\/Fachada-Ayuntamiento_contacto-Comarca_web2.webp","articleSection":["Ayto Pamplona"],"inLanguage":"es","potentialAction":[{"@type":"CommentAction","name":"Comment","target":["https:\/\/www.laguiadepamplona.com\/actualidad\/aprobado-el-acuerdo-marco-para-la-insercion-de-campanas-de-publicidad-institucional-en-quince-medios-de-comunicacion\/#respond"]}]},{"@type":"WebPage","@id":"https:\/\/www.laguiadepamplona.com\/actualidad\/aprobado-el-acuerdo-marco-para-la-insercion-de-campanas-de-publicidad-institucional-en-quince-medios-de-comunicacion\/","url":"https:\/\/www.laguiadepamplona.com\/actualidad\/aprobado-el-acuerdo-marco-para-la-insercion-de-campanas-de-publicidad-institucional-en-quince-medios-de-comunicacion\/","name":"Aprobado el acuerdo marco para la inserci\u00f3n de campa\u00f1as de publicidad institucional en quince medios de comunicaci\u00f3n","isPartOf":{"@id":"https:\/\/www.laguiadepamplona.com\/actualidad\/#website"},"primaryImageOfPage":{"@id":"https:\/\/www.laguiadepamplona.com\/actualidad\/aprobado-el-acuerdo-marco-para-la-insercion-de-campanas-de-publicidad-institucional-en-quince-medios-de-comunicacion\/#primaryimage"},"image":{"@id":"https:\/\/www.laguiadepamplona.com\/actualidad\/aprobado-el-acuerdo-marco-para-la-insercion-de-campanas-de-publicidad-institucional-en-quince-medios-de-comunicacion\/#primaryimage"},"thumbnailUrl":"https:\/\/www.laguiadepamplona.com\/actualidad\/wp-content\/uploads\/2024\/09\/Fachada-Ayuntamiento_contacto-Comarca_web2.webp","datePublished":"2024-10-25T11:39:57+00:00","description":"Se estima un gasto m\u00e1ximo de 600.000 euros, con un reparto basado en audiencias y en propuestas econ\u00f3micas y de mejora realizadas por los medios","breadcrumb":{"@id":"https:\/\/www.laguiadepamplona.com\/actualidad\/aprobado-el-acuerdo-marco-para-la-insercion-de-campanas-de-publicidad-institucional-en-quince-medios-de-comunicacion\/#breadcrumb"},"inLanguage":"es","potentialAction":[{"@type":"ReadAction","target":["https:\/\/www.laguiadepamplona.com\/actualidad\/aprobado-el-acuerdo-marco-para-la-insercion-de-campanas-de-publicidad-institucional-en-quince-medios-de-comunicacion\/"]}]},{"@type":"ImageObject","inLanguage":"es","@id":"https:\/\/www.laguiadepamplona.com\/actualidad\/aprobado-el-acuerdo-marco-para-la-insercion-de-campanas-de-publicidad-institucional-en-quince-medios-de-comunicacion\/#primaryimage","url":"https:\/\/www.laguiadepamplona.com\/actualidad\/wp-content\/uploads\/2024\/09\/Fachada-Ayuntamiento_contacto-Comarca_web2.webp","contentUrl":"https:\/\/www.laguiadepamplona.com\/actualidad\/wp-content\/uploads\/2024\/09\/Fachada-Ayuntamiento_contacto-Comarca_web2.webp","width":1000,"height":646,"caption":"fachada ayuntamiento"},{"@type":"BreadcrumbList","@id":"https:\/\/www.laguiadepamplona.com\/actualidad\/aprobado-el-acuerdo-marco-para-la-insercion-de-campanas-de-publicidad-institucional-en-quince-medios-de-comunicacion\/#breadcrumb","itemListElement":[{"@type":"ListItem","position":1,"name":"Portada","item":"https:\/\/www.laguiadepamplona.com\/actualidad\/"},{"@type":"ListItem","position":2,"name":"Aprobado el acuerdo marco para la inserci\u00f3n de campa\u00f1as de publicidad institucional en quince medios de comunicaci\u00f3n"}]},{"@type":"WebSite","@id":"https:\/\/www.laguiadepamplona.com\/actualidad\/#website","url":"https:\/\/www.laguiadepamplona.com\/actualidad\/","name":"La gu\u00eda de Pamplona","description":"Noticias de Pamplona","publisher":{"@id":"https:\/\/www.laguiadepamplona.com\/actualidad\/#organization"},"potentialAction":[{"@type":"SearchAction","target":{"@type":"EntryPoint","urlTemplate":"https:\/\/www.laguiadepamplona.com\/actualidad\/?s={search_term_string}"},"query-input":{"@type":"PropertyValueSpecification","valueRequired":true,"valueName":"search_term_string"}}],"inLanguage":"es"},{"@type":"Organization","@id":"https:\/\/www.laguiadepamplona.com\/actualidad\/#organization","name":"La Gu\u00eda de Pamplona \/ Noticias","url":"https:\/\/www.laguiadepamplona.com\/actualidad\/","logo":{"@type":"ImageObject","inLanguage":"es","@id":"https:\/\/www.laguiadepamplona.com\/actualidad\/#\/schema\/logo\/image\/","url":"https:\/\/www.laguiadepamplona.com\/actualidad\/wp-content\/uploads\/2018\/11\/logo-laguiadepamplona18-web1.png","contentUrl":"https:\/\/www.laguiadepamplona.com\/actualidad\/wp-content\/uploads\/2018\/11\/logo-laguiadepamplona18-web1.png","width":600,"height":196,"caption":"La Gu\u00eda de Pamplona \/ Noticias"},"image":{"@id":"https:\/\/www.laguiadepamplona.com\/actualidad\/#\/schema\/logo\/image\/"},"sameAs":["https:\/\/www.facebook.com\/laguiadepamplonacom-133175176762273\/?ref=hl","https:\/\/x.com\/LaGuiadPamplona","https:\/\/www.instagram.com\/la_guia_de_pamplona\/","https:\/\/www.youtube.com\/user\/laguiadepamplona"]},{"@type":"Person","@id":"https:\/\/www.laguiadepamplona.com\/actualidad\/#\/schema\/person\/efe887376f0213d4657c93adc50b1fdb","name":"La Gu\u00eda de Pamplona","image":{"@type":"ImageObject","inLanguage":"es","@id":"https:\/\/secure.gravatar.com\/avatar\/b6992f131dc8d30ab0dff15446e9d346d9dbd95992de0fef795073f5ea83a81c?s=96&d=mm&r=g","url":"https:\/\/secure.gravatar.com\/avatar\/b6992f131dc8d30ab0dff15446e9d346d9dbd95992de0fef795073f5ea83a81c?s=96&d=mm&r=g","contentUrl":"https:\/\/secure.gravatar.com\/avatar\/b6992f131dc8d30ab0dff15446e9d346d9dbd95992de0fef795073f5ea83a81c?s=96&d=mm&r=g","caption":"La Gu\u00eda de Pamplona"}}]}},"post_mailing_queue_ids":[],"_links":{"self":[{"href":"https:\/\/www.laguiadepamplona.com\/actualidad\/wp-json\/wp\/v2\/posts\/51141","targetHints":{"allow":["GET"]}}],"collection":[{"href":"https:\/\/www.laguiadepamplona.com\/actualidad\/wp-json\/wp\/v2\/posts"}],"about":[{"href":"https:\/\/www.laguiadepamplona.com\/actualidad\/wp-json\/wp\/v2\/types\/post"}],"author":[{"embeddable":true,"href":"https:\/\/www.laguiadepamplona.com\/actualidad\/wp-json\/wp\/v2\/users\/1"}],"replies":[{"embeddable":true,"href":"https:\/\/www.laguiadepamplona.com\/actualidad\/wp-json\/wp\/v2\/comments?post=51141"}],"version-history":[{"count":1,"href":"https:\/\/www.laguiadepamplona.com\/actualidad\/wp-json\/wp\/v2\/posts\/51141\/revisions"}],"predecessor-version":[{"id":51142,"href":"https:\/\/www.laguiadepamplona.com\/actualidad\/wp-json\/wp\/v2\/posts\/51141\/revisions\/51142"}],"wp:featuredmedia":[{"embeddable":true,"href":"https:\/\/www.laguiadepamplona.com\/actualidad\/wp-json\/wp\/v2\/media\/50736"}],"wp:attachment":[{"href":"https:\/\/www.laguiadepamplona.com\/actualidad\/wp-json\/wp\/v2\/media?parent=51141"}],"wp:term":[{"taxonomy":"category","embeddable":true,"href":"https:\/\/www.laguiadepamplona.com\/actualidad\/wp-json\/wp\/v2\/categories?post=51141"},{"taxonomy":"post_tag","embeddable":true,"href":"https:\/\/www.laguiadepamplona.com\/actualidad\/wp-json\/wp\/v2\/tags?post=51141"}],"curies":[{"name":"wp","href":"https:\/\/api.w.org\/{rel}","templated":true}]}}