{"id":51137,"date":"2024-10-25T13:26:52","date_gmt":"2024-10-25T11:26:52","guid":{"rendered":"https:\/\/www.laguiadepamplona.com\/actualidad\/?p=51137"},"modified":"2024-10-25T13:26:52","modified_gmt":"2024-10-25T11:26:52","slug":"la-casa-consistorial-ilumina-su-fachada-en-color-azul-este-sabado-con-motivo-de-la-celebracion-del-dia-nacional-del-dano-cerebral-adquirido-dca","status":"publish","type":"post","link":"https:\/\/www.laguiadepamplona.com\/actualidad\/la-casa-consistorial-ilumina-su-fachada-en-color-azul-este-sabado-con-motivo-de-la-celebracion-del-dia-nacional-del-dano-cerebral-adquirido-dca\/","title":{"rendered":"La Casa Consistorial ilumina su fachada en color azul este s\u00e1bado con motivo de la celebraci\u00f3n del D\u00eda Nacional del Da\u00f1o Cerebral Adquirido (DCA)"},"content":{"rendered":"<h2 class=\"x_2Subtitulo\">El domingo la fachada ser\u00e1 naranja por el D\u00eda Nacional de la concienciaci\u00f3n del TDAH (Trastorno de D\u00e9ficit de Atenci\u00f3n por Hiperactividad)<\/h2>\n<p class=\"x_MsoNormal\"><!--more--><\/p>\n<p class=\"x_3Texto\">La Casa Consistorial ilumina su fachada en color azul este s\u00e1bado con motivo de la celebraci\u00f3n del D\u00eda Nacional del Da\u00f1o Cerebral Adquirido (DCA). La jornada reivindica medidas y recursos para facilitar el d\u00eda a d\u00eda de las personas afectadas y sus familias, sobre todo cuando se recibe el alta hospitalaria, para que se reciba rehabilitaci\u00f3n. Con la celebraci\u00f3n, se busca tambi\u00e9n que la sociedad conozca esta condici\u00f3n y se desarrollen pol\u00edticas de sensibilizaci\u00f3n y prevenci\u00f3n.<\/p>\n<p class=\"x_3Texto\">Se calcula que en Espa\u00f1a hay 414.680 personas con Da\u00f1o Cerebral Adquirido (DCA) como consecuencia de un ictus o un traumatismo craneoencef\u00e1lico, seg\u00fan la Encuesta de Discapacidad, Autonom\u00eda Personal y Dependencia que realiza el Instituto Nacional de Estad\u00edstica. El da\u00f1o tambi\u00e9n puede afectar a un cerebro sano, por infecciones, cirug\u00edas y tumores cerebrales, con el mismo resultado.<\/p>\n<p class=\"x_3Texto\">El Da\u00f1o Cerebral Adquirido es causa repentina de discapacidad en m\u00e1s de 100.000 personas al a\u00f1o, con consecuencias f\u00edsicas, problemas cognitivos y de comunicaci\u00f3n, alteraciones sensoriales y emocionales. La personalidad tambi\u00e9n se altera. Las secuelas secuelas cambian enormemente en funci\u00f3n de la persona afectada, de la intensidad y duraci\u00f3n de la lesi\u00f3n, y del tiempo que se tard\u00f3 en ser atendido en el centro hospitalario.<\/p>\n<p class=\"x_4Ladillo\"><strong>El domingo, en naranja<\/strong><\/p>\n<p class=\"x_3Texto\">El domingo, d\u00eda 27, la fachada de la Casa Consistorial se iluminar\u00e1 en color naranja, por el D\u00eda Nacional de la concienciaci\u00f3n del TDAH (Trastorno de D\u00e9ficit de Atenci\u00f3n por Hiperactividad). Este trastorno est\u00e1 entre los m\u00e1s comunes de la infancia en la actualidad y se debe tratar a tiempo, para que no lleve a otros trastornos en la personalidad, como baja autoestima, depresi\u00f3n, ansiedad, fracaso escolar o inadaptaci\u00f3n, entre otros.<\/p>\n<p class=\"x_3Texto\">La Federaci\u00f3n de Asociaciones del TDAH (FEAADAH), que cifra en 4.276.175 las personas afectadas por el TDAH en Espa\u00f1a, exige que se reconozca su impacto y que se implementen soluciones efectivas. Este trastorno del neurodesarrollo afecta a las personas que lo padecen, pero tambi\u00e9n sufren las consecuencias de la falta de comprensi\u00f3n y apoyo sus familias, amigos y seres queridos. La FEAADAH promueve la investigaci\u00f3n del TDAH y la colaboraci\u00f3n en \u00e1reas educativas, de atenci\u00f3n social y cient\u00edficas, con entidades consagradas al estudio y atenci\u00f3n de este trastorno. En la organizaci\u00f3n se incluyen m\u00e1s de 70 asociaciones federadas.<\/p>\n","protected":false},"excerpt":{"rendered":"<p>El domingo la fachada ser\u00e1 naranja por el D\u00eda Nacional de la concienciaci\u00f3n del TDAH (Trastorno de D\u00e9ficit de Atenci\u00f3n por Hiperactividad)<\/p>\n","protected":false},"author":1,"featured_media":42175,"comment_status":"open","ping_status":"closed","sticky":false,"template":"","format":"standard","meta":{"footnotes":""},"categories":[2],"tags":[],"class_list":["post-51137","post","type-post","status-publish","format-standard","has-post-thumbnail","hentry","category-ayuntamiento-pamplona"],"yoast_head":"<!-- This site is optimized with the Yoast SEO plugin v27.3 - https:\/\/yoast.com\/product\/yoast-seo-wordpress\/ -->\n<title>La Casa Consistorial ilumina su fachada en color azul este s\u00e1bado con motivo de la celebraci\u00f3n del D\u00eda Nacional del Da\u00f1o Cerebral Adquirido (DCA)<\/title>\n<meta name=\"description\" content=\"El domingo la fachada ser\u00e1 naranja por el D\u00eda Nacional de la concienciaci\u00f3n del TDAH (Trastorno de D\u00e9ficit de Atenci\u00f3n por Hiperactividad)\" \/>\n<meta name=\"robots\" content=\"index, follow, max-snippet:-1, max-image-preview:large, max-video-preview:-1\" \/>\n<link rel=\"canonical\" href=\"https:\/\/www.laguiadepamplona.com\/actualidad\/la-casa-consistorial-ilumina-su-fachada-en-color-azul-este-sabado-con-motivo-de-la-celebracion-del-dia-nacional-del-dano-cerebral-adquirido-dca\/\" \/>\n<meta property=\"og:locale\" content=\"es_ES\" \/>\n<meta property=\"og:type\" content=\"article\" \/>\n<meta property=\"og:title\" content=\"La Casa Consistorial ilumina su fachada en color azul este s\u00e1bado con motivo de la celebraci\u00f3n del D\u00eda Nacional del Da\u00f1o Cerebral Adquirido (DCA)\" \/>\n<meta property=\"og:description\" content=\"El domingo la fachada ser\u00e1 naranja por el D\u00eda Nacional de la concienciaci\u00f3n del TDAH (Trastorno de D\u00e9ficit de Atenci\u00f3n por Hiperactividad)\" \/>\n<meta property=\"og:url\" content=\"https:\/\/www.laguiadepamplona.com\/actualidad\/la-casa-consistorial-ilumina-su-fachada-en-color-azul-este-sabado-con-motivo-de-la-celebracion-del-dia-nacional-del-dano-cerebral-adquirido-dca\/\" \/>\n<meta property=\"og:site_name\" content=\"La Gu\u00eda de Pamplona\" \/>\n<meta property=\"article:publisher\" content=\"https:\/\/www.facebook.com\/laguiadepamplonacom-133175176762273\/?ref=hl\" \/>\n<meta property=\"article:published_time\" content=\"2024-10-25T11:26:52+00:00\" \/>\n<meta property=\"og:image\" content=\"https:\/\/www.laguiadepamplona.com\/actualidad\/wp-content\/uploads\/2022\/11\/ayto-azul_JGV8972_15.webp\" \/>\n\t<meta property=\"og:image:width\" content=\"1920\" \/>\n\t<meta property=\"og:image:height\" content=\"1280\" \/>\n\t<meta property=\"og:image:type\" content=\"image\/webp\" \/>\n<meta name=\"author\" content=\"La Gu\u00eda de Pamplona\" \/>\n<meta name=\"twitter:card\" content=\"summary_large_image\" \/>\n<meta name=\"twitter:creator\" content=\"@LaGuiadPamplona\" \/>\n<meta name=\"twitter:site\" content=\"@LaGuiadPamplona\" \/>\n<meta name=\"twitter:label1\" content=\"Escrito por\" \/>\n\t<meta name=\"twitter:data1\" content=\"La Gu\u00eda de Pamplona\" \/>\n\t<meta name=\"twitter:label2\" content=\"Tiempo de lectura\" \/>\n\t<meta name=\"twitter:data2\" content=\"3 minutos\" \/>\n<script type=\"application\/ld+json\" class=\"yoast-schema-graph\">{\"@context\":\"https:\\\/\\\/schema.org\",\"@graph\":[{\"@type\":\"Article\",\"@id\":\"https:\\\/\\\/www.laguiadepamplona.com\\\/actualidad\\\/la-casa-consistorial-ilumina-su-fachada-en-color-azul-este-sabado-con-motivo-de-la-celebracion-del-dia-nacional-del-dano-cerebral-adquirido-dca\\\/#article\",\"isPartOf\":{\"@id\":\"https:\\\/\\\/www.laguiadepamplona.com\\\/actualidad\\\/la-casa-consistorial-ilumina-su-fachada-en-color-azul-este-sabado-con-motivo-de-la-celebracion-del-dia-nacional-del-dano-cerebral-adquirido-dca\\\/\"},\"author\":{\"name\":\"La Gu\u00eda de Pamplona\",\"@id\":\"https:\\\/\\\/www.laguiadepamplona.com\\\/actualidad\\\/#\\\/schema\\\/person\\\/efe887376f0213d4657c93adc50b1fdb\"},\"headline\":\"La Casa Consistorial ilumina su fachada en color azul este s\u00e1bado con motivo de la celebraci\u00f3n del D\u00eda Nacional del Da\u00f1o Cerebral Adquirido (DCA)\",\"datePublished\":\"2024-10-25T11:26:52+00:00\",\"mainEntityOfPage\":{\"@id\":\"https:\\\/\\\/www.laguiadepamplona.com\\\/actualidad\\\/la-casa-consistorial-ilumina-su-fachada-en-color-azul-este-sabado-con-motivo-de-la-celebracion-del-dia-nacional-del-dano-cerebral-adquirido-dca\\\/\"},\"wordCount\":470,\"commentCount\":0,\"publisher\":{\"@id\":\"https:\\\/\\\/www.laguiadepamplona.com\\\/actualidad\\\/#organization\"},\"image\":{\"@id\":\"https:\\\/\\\/www.laguiadepamplona.com\\\/actualidad\\\/la-casa-consistorial-ilumina-su-fachada-en-color-azul-este-sabado-con-motivo-de-la-celebracion-del-dia-nacional-del-dano-cerebral-adquirido-dca\\\/#primaryimage\"},\"thumbnailUrl\":\"https:\\\/\\\/www.laguiadepamplona.com\\\/actualidad\\\/wp-content\\\/uploads\\\/2022\\\/11\\\/ayto-azul_JGV8972_15.webp\",\"articleSection\":[\"Ayto Pamplona\"],\"inLanguage\":\"es\",\"potentialAction\":[{\"@type\":\"CommentAction\",\"name\":\"Comment\",\"target\":[\"https:\\\/\\\/www.laguiadepamplona.com\\\/actualidad\\\/la-casa-consistorial-ilumina-su-fachada-en-color-azul-este-sabado-con-motivo-de-la-celebracion-del-dia-nacional-del-dano-cerebral-adquirido-dca\\\/#respond\"]}]},{\"@type\":\"WebPage\",\"@id\":\"https:\\\/\\\/www.laguiadepamplona.com\\\/actualidad\\\/la-casa-consistorial-ilumina-su-fachada-en-color-azul-este-sabado-con-motivo-de-la-celebracion-del-dia-nacional-del-dano-cerebral-adquirido-dca\\\/\",\"url\":\"https:\\\/\\\/www.laguiadepamplona.com\\\/actualidad\\\/la-casa-consistorial-ilumina-su-fachada-en-color-azul-este-sabado-con-motivo-de-la-celebracion-del-dia-nacional-del-dano-cerebral-adquirido-dca\\\/\",\"name\":\"La Casa Consistorial ilumina su fachada en color azul este s\u00e1bado con motivo de la celebraci\u00f3n del D\u00eda Nacional del Da\u00f1o Cerebral Adquirido (DCA)\",\"isPartOf\":{\"@id\":\"https:\\\/\\\/www.laguiadepamplona.com\\\/actualidad\\\/#website\"},\"primaryImageOfPage\":{\"@id\":\"https:\\\/\\\/www.laguiadepamplona.com\\\/actualidad\\\/la-casa-consistorial-ilumina-su-fachada-en-color-azul-este-sabado-con-motivo-de-la-celebracion-del-dia-nacional-del-dano-cerebral-adquirido-dca\\\/#primaryimage\"},\"image\":{\"@id\":\"https:\\\/\\\/www.laguiadepamplona.com\\\/actualidad\\\/la-casa-consistorial-ilumina-su-fachada-en-color-azul-este-sabado-con-motivo-de-la-celebracion-del-dia-nacional-del-dano-cerebral-adquirido-dca\\\/#primaryimage\"},\"thumbnailUrl\":\"https:\\\/\\\/www.laguiadepamplona.com\\\/actualidad\\\/wp-content\\\/uploads\\\/2022\\\/11\\\/ayto-azul_JGV8972_15.webp\",\"datePublished\":\"2024-10-25T11:26:52+00:00\",\"description\":\"El domingo la fachada ser\u00e1 naranja por el D\u00eda Nacional de la concienciaci\u00f3n del TDAH (Trastorno de D\u00e9ficit de Atenci\u00f3n por Hiperactividad)\",\"breadcrumb\":{\"@id\":\"https:\\\/\\\/www.laguiadepamplona.com\\\/actualidad\\\/la-casa-consistorial-ilumina-su-fachada-en-color-azul-este-sabado-con-motivo-de-la-celebracion-del-dia-nacional-del-dano-cerebral-adquirido-dca\\\/#breadcrumb\"},\"inLanguage\":\"es\",\"potentialAction\":[{\"@type\":\"ReadAction\",\"target\":[\"https:\\\/\\\/www.laguiadepamplona.com\\\/actualidad\\\/la-casa-consistorial-ilumina-su-fachada-en-color-azul-este-sabado-con-motivo-de-la-celebracion-del-dia-nacional-del-dano-cerebral-adquirido-dca\\\/\"]}]},{\"@type\":\"ImageObject\",\"inLanguage\":\"es\",\"@id\":\"https:\\\/\\\/www.laguiadepamplona.com\\\/actualidad\\\/la-casa-consistorial-ilumina-su-fachada-en-color-azul-este-sabado-con-motivo-de-la-celebracion-del-dia-nacional-del-dano-cerebral-adquirido-dca\\\/#primaryimage\",\"url\":\"https:\\\/\\\/www.laguiadepamplona.com\\\/actualidad\\\/wp-content\\\/uploads\\\/2022\\\/11\\\/ayto-azul_JGV8972_15.webp\",\"contentUrl\":\"https:\\\/\\\/www.laguiadepamplona.com\\\/actualidad\\\/wp-content\\\/uploads\\\/2022\\\/11\\\/ayto-azul_JGV8972_15.webp\",\"width\":1920,\"height\":1280,\"caption\":\"ayuntamiento azul\"},{\"@type\":\"BreadcrumbList\",\"@id\":\"https:\\\/\\\/www.laguiadepamplona.com\\\/actualidad\\\/la-casa-consistorial-ilumina-su-fachada-en-color-azul-este-sabado-con-motivo-de-la-celebracion-del-dia-nacional-del-dano-cerebral-adquirido-dca\\\/#breadcrumb\",\"itemListElement\":[{\"@type\":\"ListItem\",\"position\":1,\"name\":\"Portada\",\"item\":\"https:\\\/\\\/www.laguiadepamplona.com\\\/actualidad\\\/\"},{\"@type\":\"ListItem\",\"position\":2,\"name\":\"La Casa Consistorial ilumina su fachada en color azul este s\u00e1bado con motivo de la celebraci\u00f3n del D\u00eda Nacional del Da\u00f1o Cerebral Adquirido (DCA)\"}]},{\"@type\":\"WebSite\",\"@id\":\"https:\\\/\\\/www.laguiadepamplona.com\\\/actualidad\\\/#website\",\"url\":\"https:\\\/\\\/www.laguiadepamplona.com\\\/actualidad\\\/\",\"name\":\"La gu\u00eda de Pamplona\",\"description\":\"Noticias de Pamplona\",\"publisher\":{\"@id\":\"https:\\\/\\\/www.laguiadepamplona.com\\\/actualidad\\\/#organization\"},\"potentialAction\":[{\"@type\":\"SearchAction\",\"target\":{\"@type\":\"EntryPoint\",\"urlTemplate\":\"https:\\\/\\\/www.laguiadepamplona.com\\\/actualidad\\\/?s={search_term_string}\"},\"query-input\":{\"@type\":\"PropertyValueSpecification\",\"valueRequired\":true,\"valueName\":\"search_term_string\"}}],\"inLanguage\":\"es\"},{\"@type\":\"Organization\",\"@id\":\"https:\\\/\\\/www.laguiadepamplona.com\\\/actualidad\\\/#organization\",\"name\":\"La Gu\u00eda de Pamplona \\\/ Noticias\",\"url\":\"https:\\\/\\\/www.laguiadepamplona.com\\\/actualidad\\\/\",\"logo\":{\"@type\":\"ImageObject\",\"inLanguage\":\"es\",\"@id\":\"https:\\\/\\\/www.laguiadepamplona.com\\\/actualidad\\\/#\\\/schema\\\/logo\\\/image\\\/\",\"url\":\"https:\\\/\\\/www.laguiadepamplona.com\\\/actualidad\\\/wp-content\\\/uploads\\\/2018\\\/11\\\/logo-laguiadepamplona18-web1.png\",\"contentUrl\":\"https:\\\/\\\/www.laguiadepamplona.com\\\/actualidad\\\/wp-content\\\/uploads\\\/2018\\\/11\\\/logo-laguiadepamplona18-web1.png\",\"width\":600,\"height\":196,\"caption\":\"La Gu\u00eda de Pamplona \\\/ Noticias\"},\"image\":{\"@id\":\"https:\\\/\\\/www.laguiadepamplona.com\\\/actualidad\\\/#\\\/schema\\\/logo\\\/image\\\/\"},\"sameAs\":[\"https:\\\/\\\/www.facebook.com\\\/laguiadepamplonacom-133175176762273\\\/?ref=hl\",\"https:\\\/\\\/x.com\\\/LaGuiadPamplona\",\"https:\\\/\\\/www.instagram.com\\\/la_guia_de_pamplona\\\/\",\"https:\\\/\\\/www.youtube.com\\\/user\\\/laguiadepamplona\"]},{\"@type\":\"Person\",\"@id\":\"https:\\\/\\\/www.laguiadepamplona.com\\\/actualidad\\\/#\\\/schema\\\/person\\\/efe887376f0213d4657c93adc50b1fdb\",\"name\":\"La Gu\u00eda de Pamplona\",\"image\":{\"@type\":\"ImageObject\",\"inLanguage\":\"es\",\"@id\":\"https:\\\/\\\/secure.gravatar.com\\\/avatar\\\/b6992f131dc8d30ab0dff15446e9d346d9dbd95992de0fef795073f5ea83a81c?s=96&d=mm&r=g\",\"url\":\"https:\\\/\\\/secure.gravatar.com\\\/avatar\\\/b6992f131dc8d30ab0dff15446e9d346d9dbd95992de0fef795073f5ea83a81c?s=96&d=mm&r=g\",\"contentUrl\":\"https:\\\/\\\/secure.gravatar.com\\\/avatar\\\/b6992f131dc8d30ab0dff15446e9d346d9dbd95992de0fef795073f5ea83a81c?s=96&d=mm&r=g\",\"caption\":\"La Gu\u00eda de Pamplona\"}}]}<\/script>\n<!-- \/ Yoast SEO plugin. -->","yoast_head_json":{"title":"La Casa Consistorial ilumina su fachada en color azul este s\u00e1bado con motivo de la celebraci\u00f3n del D\u00eda Nacional del Da\u00f1o Cerebral Adquirido (DCA)","description":"El domingo la fachada ser\u00e1 naranja por el D\u00eda Nacional de la concienciaci\u00f3n del TDAH (Trastorno de D\u00e9ficit de Atenci\u00f3n por Hiperactividad)","robots":{"index":"index","follow":"follow","max-snippet":"max-snippet:-1","max-image-preview":"max-image-preview:large","max-video-preview":"max-video-preview:-1"},"canonical":"https:\/\/www.laguiadepamplona.com\/actualidad\/la-casa-consistorial-ilumina-su-fachada-en-color-azul-este-sabado-con-motivo-de-la-celebracion-del-dia-nacional-del-dano-cerebral-adquirido-dca\/","og_locale":"es_ES","og_type":"article","og_title":"La Casa Consistorial ilumina su fachada en color azul este s\u00e1bado con motivo de la celebraci\u00f3n del D\u00eda Nacional del Da\u00f1o Cerebral Adquirido (DCA)","og_description":"El domingo la fachada ser\u00e1 naranja por el D\u00eda Nacional de la concienciaci\u00f3n del TDAH (Trastorno de D\u00e9ficit de Atenci\u00f3n por Hiperactividad)","og_url":"https:\/\/www.laguiadepamplona.com\/actualidad\/la-casa-consistorial-ilumina-su-fachada-en-color-azul-este-sabado-con-motivo-de-la-celebracion-del-dia-nacional-del-dano-cerebral-adquirido-dca\/","og_site_name":"La Gu\u00eda de Pamplona","article_publisher":"https:\/\/www.facebook.com\/laguiadepamplonacom-133175176762273\/?ref=hl","article_published_time":"2024-10-25T11:26:52+00:00","og_image":[{"width":1920,"height":1280,"url":"https:\/\/www.laguiadepamplona.com\/actualidad\/wp-content\/uploads\/2022\/11\/ayto-azul_JGV8972_15.webp","type":"image\/webp"}],"author":"La Gu\u00eda de Pamplona","twitter_card":"summary_large_image","twitter_creator":"@LaGuiadPamplona","twitter_site":"@LaGuiadPamplona","twitter_misc":{"Escrito por":"La Gu\u00eda de Pamplona","Tiempo de lectura":"3 minutos"},"schema":{"@context":"https:\/\/schema.org","@graph":[{"@type":"Article","@id":"https:\/\/www.laguiadepamplona.com\/actualidad\/la-casa-consistorial-ilumina-su-fachada-en-color-azul-este-sabado-con-motivo-de-la-celebracion-del-dia-nacional-del-dano-cerebral-adquirido-dca\/#article","isPartOf":{"@id":"https:\/\/www.laguiadepamplona.com\/actualidad\/la-casa-consistorial-ilumina-su-fachada-en-color-azul-este-sabado-con-motivo-de-la-celebracion-del-dia-nacional-del-dano-cerebral-adquirido-dca\/"},"author":{"name":"La Gu\u00eda de Pamplona","@id":"https:\/\/www.laguiadepamplona.com\/actualidad\/#\/schema\/person\/efe887376f0213d4657c93adc50b1fdb"},"headline":"La Casa Consistorial ilumina su fachada en color azul este s\u00e1bado con motivo de la celebraci\u00f3n del D\u00eda Nacional del Da\u00f1o Cerebral Adquirido (DCA)","datePublished":"2024-10-25T11:26:52+00:00","mainEntityOfPage":{"@id":"https:\/\/www.laguiadepamplona.com\/actualidad\/la-casa-consistorial-ilumina-su-fachada-en-color-azul-este-sabado-con-motivo-de-la-celebracion-del-dia-nacional-del-dano-cerebral-adquirido-dca\/"},"wordCount":470,"commentCount":0,"publisher":{"@id":"https:\/\/www.laguiadepamplona.com\/actualidad\/#organization"},"image":{"@id":"https:\/\/www.laguiadepamplona.com\/actualidad\/la-casa-consistorial-ilumina-su-fachada-en-color-azul-este-sabado-con-motivo-de-la-celebracion-del-dia-nacional-del-dano-cerebral-adquirido-dca\/#primaryimage"},"thumbnailUrl":"https:\/\/www.laguiadepamplona.com\/actualidad\/wp-content\/uploads\/2022\/11\/ayto-azul_JGV8972_15.webp","articleSection":["Ayto Pamplona"],"inLanguage":"es","potentialAction":[{"@type":"CommentAction","name":"Comment","target":["https:\/\/www.laguiadepamplona.com\/actualidad\/la-casa-consistorial-ilumina-su-fachada-en-color-azul-este-sabado-con-motivo-de-la-celebracion-del-dia-nacional-del-dano-cerebral-adquirido-dca\/#respond"]}]},{"@type":"WebPage","@id":"https:\/\/www.laguiadepamplona.com\/actualidad\/la-casa-consistorial-ilumina-su-fachada-en-color-azul-este-sabado-con-motivo-de-la-celebracion-del-dia-nacional-del-dano-cerebral-adquirido-dca\/","url":"https:\/\/www.laguiadepamplona.com\/actualidad\/la-casa-consistorial-ilumina-su-fachada-en-color-azul-este-sabado-con-motivo-de-la-celebracion-del-dia-nacional-del-dano-cerebral-adquirido-dca\/","name":"La Casa Consistorial ilumina su fachada en color azul este s\u00e1bado con motivo de la celebraci\u00f3n del D\u00eda Nacional del Da\u00f1o Cerebral Adquirido (DCA)","isPartOf":{"@id":"https:\/\/www.laguiadepamplona.com\/actualidad\/#website"},"primaryImageOfPage":{"@id":"https:\/\/www.laguiadepamplona.com\/actualidad\/la-casa-consistorial-ilumina-su-fachada-en-color-azul-este-sabado-con-motivo-de-la-celebracion-del-dia-nacional-del-dano-cerebral-adquirido-dca\/#primaryimage"},"image":{"@id":"https:\/\/www.laguiadepamplona.com\/actualidad\/la-casa-consistorial-ilumina-su-fachada-en-color-azul-este-sabado-con-motivo-de-la-celebracion-del-dia-nacional-del-dano-cerebral-adquirido-dca\/#primaryimage"},"thumbnailUrl":"https:\/\/www.laguiadepamplona.com\/actualidad\/wp-content\/uploads\/2022\/11\/ayto-azul_JGV8972_15.webp","datePublished":"2024-10-25T11:26:52+00:00","description":"El domingo la fachada ser\u00e1 naranja por el D\u00eda Nacional de la concienciaci\u00f3n del TDAH (Trastorno de D\u00e9ficit de Atenci\u00f3n por Hiperactividad)","breadcrumb":{"@id":"https:\/\/www.laguiadepamplona.com\/actualidad\/la-casa-consistorial-ilumina-su-fachada-en-color-azul-este-sabado-con-motivo-de-la-celebracion-del-dia-nacional-del-dano-cerebral-adquirido-dca\/#breadcrumb"},"inLanguage":"es","potentialAction":[{"@type":"ReadAction","target":["https:\/\/www.laguiadepamplona.com\/actualidad\/la-casa-consistorial-ilumina-su-fachada-en-color-azul-este-sabado-con-motivo-de-la-celebracion-del-dia-nacional-del-dano-cerebral-adquirido-dca\/"]}]},{"@type":"ImageObject","inLanguage":"es","@id":"https:\/\/www.laguiadepamplona.com\/actualidad\/la-casa-consistorial-ilumina-su-fachada-en-color-azul-este-sabado-con-motivo-de-la-celebracion-del-dia-nacional-del-dano-cerebral-adquirido-dca\/#primaryimage","url":"https:\/\/www.laguiadepamplona.com\/actualidad\/wp-content\/uploads\/2022\/11\/ayto-azul_JGV8972_15.webp","contentUrl":"https:\/\/www.laguiadepamplona.com\/actualidad\/wp-content\/uploads\/2022\/11\/ayto-azul_JGV8972_15.webp","width":1920,"height":1280,"caption":"ayuntamiento azul"},{"@type":"BreadcrumbList","@id":"https:\/\/www.laguiadepamplona.com\/actualidad\/la-casa-consistorial-ilumina-su-fachada-en-color-azul-este-sabado-con-motivo-de-la-celebracion-del-dia-nacional-del-dano-cerebral-adquirido-dca\/#breadcrumb","itemListElement":[{"@type":"ListItem","position":1,"name":"Portada","item":"https:\/\/www.laguiadepamplona.com\/actualidad\/"},{"@type":"ListItem","position":2,"name":"La Casa Consistorial ilumina su fachada en color azul este s\u00e1bado con motivo de la celebraci\u00f3n del D\u00eda Nacional del Da\u00f1o Cerebral Adquirido (DCA)"}]},{"@type":"WebSite","@id":"https:\/\/www.laguiadepamplona.com\/actualidad\/#website","url":"https:\/\/www.laguiadepamplona.com\/actualidad\/","name":"La gu\u00eda de Pamplona","description":"Noticias de Pamplona","publisher":{"@id":"https:\/\/www.laguiadepamplona.com\/actualidad\/#organization"},"potentialAction":[{"@type":"SearchAction","target":{"@type":"EntryPoint","urlTemplate":"https:\/\/www.laguiadepamplona.com\/actualidad\/?s={search_term_string}"},"query-input":{"@type":"PropertyValueSpecification","valueRequired":true,"valueName":"search_term_string"}}],"inLanguage":"es"},{"@type":"Organization","@id":"https:\/\/www.laguiadepamplona.com\/actualidad\/#organization","name":"La Gu\u00eda de Pamplona \/ Noticias","url":"https:\/\/www.laguiadepamplona.com\/actualidad\/","logo":{"@type":"ImageObject","inLanguage":"es","@id":"https:\/\/www.laguiadepamplona.com\/actualidad\/#\/schema\/logo\/image\/","url":"https:\/\/www.laguiadepamplona.com\/actualidad\/wp-content\/uploads\/2018\/11\/logo-laguiadepamplona18-web1.png","contentUrl":"https:\/\/www.laguiadepamplona.com\/actualidad\/wp-content\/uploads\/2018\/11\/logo-laguiadepamplona18-web1.png","width":600,"height":196,"caption":"La Gu\u00eda de Pamplona \/ Noticias"},"image":{"@id":"https:\/\/www.laguiadepamplona.com\/actualidad\/#\/schema\/logo\/image\/"},"sameAs":["https:\/\/www.facebook.com\/laguiadepamplonacom-133175176762273\/?ref=hl","https:\/\/x.com\/LaGuiadPamplona","https:\/\/www.instagram.com\/la_guia_de_pamplona\/","https:\/\/www.youtube.com\/user\/laguiadepamplona"]},{"@type":"Person","@id":"https:\/\/www.laguiadepamplona.com\/actualidad\/#\/schema\/person\/efe887376f0213d4657c93adc50b1fdb","name":"La Gu\u00eda de Pamplona","image":{"@type":"ImageObject","inLanguage":"es","@id":"https:\/\/secure.gravatar.com\/avatar\/b6992f131dc8d30ab0dff15446e9d346d9dbd95992de0fef795073f5ea83a81c?s=96&d=mm&r=g","url":"https:\/\/secure.gravatar.com\/avatar\/b6992f131dc8d30ab0dff15446e9d346d9dbd95992de0fef795073f5ea83a81c?s=96&d=mm&r=g","contentUrl":"https:\/\/secure.gravatar.com\/avatar\/b6992f131dc8d30ab0dff15446e9d346d9dbd95992de0fef795073f5ea83a81c?s=96&d=mm&r=g","caption":"La Gu\u00eda de Pamplona"}}]}},"post_mailing_queue_ids":[],"_links":{"self":[{"href":"https:\/\/www.laguiadepamplona.com\/actualidad\/wp-json\/wp\/v2\/posts\/51137","targetHints":{"allow":["GET"]}}],"collection":[{"href":"https:\/\/www.laguiadepamplona.com\/actualidad\/wp-json\/wp\/v2\/posts"}],"about":[{"href":"https:\/\/www.laguiadepamplona.com\/actualidad\/wp-json\/wp\/v2\/types\/post"}],"author":[{"embeddable":true,"href":"https:\/\/www.laguiadepamplona.com\/actualidad\/wp-json\/wp\/v2\/users\/1"}],"replies":[{"embeddable":true,"href":"https:\/\/www.laguiadepamplona.com\/actualidad\/wp-json\/wp\/v2\/comments?post=51137"}],"version-history":[{"count":1,"href":"https:\/\/www.laguiadepamplona.com\/actualidad\/wp-json\/wp\/v2\/posts\/51137\/revisions"}],"predecessor-version":[{"id":51138,"href":"https:\/\/www.laguiadepamplona.com\/actualidad\/wp-json\/wp\/v2\/posts\/51137\/revisions\/51138"}],"wp:featuredmedia":[{"embeddable":true,"href":"https:\/\/www.laguiadepamplona.com\/actualidad\/wp-json\/wp\/v2\/media\/42175"}],"wp:attachment":[{"href":"https:\/\/www.laguiadepamplona.com\/actualidad\/wp-json\/wp\/v2\/media?parent=51137"}],"wp:term":[{"taxonomy":"category","embeddable":true,"href":"https:\/\/www.laguiadepamplona.com\/actualidad\/wp-json\/wp\/v2\/categories?post=51137"},{"taxonomy":"post_tag","embeddable":true,"href":"https:\/\/www.laguiadepamplona.com\/actualidad\/wp-json\/wp\/v2\/tags?post=51137"}],"curies":[{"name":"wp","href":"https:\/\/api.w.org\/{rel}","templated":true}]}}