{"id":51128,"date":"2024-10-25T13:21:23","date_gmt":"2024-10-25T11:21:23","guid":{"rendered":"https:\/\/www.laguiadepamplona.com\/actualidad\/?p=51128"},"modified":"2024-10-25T13:21:23","modified_gmt":"2024-10-25T11:21:23","slug":"el-miercoles-comienzan-los-talleres-de-debate-en-torno-a-las-soluciones-que-recogen-las-propuestas-seleccionadas-en-el-concurso-de-ideas-para-la-transformacion-de-san-jorge","status":"publish","type":"post","link":"https:\/\/www.laguiadepamplona.com\/actualidad\/el-miercoles-comienzan-los-talleres-de-debate-en-torno-a-las-soluciones-que-recogen-las-propuestas-seleccionadas-en-el-concurso-de-ideas-para-la-transformacion-de-san-jorge\/","title":{"rendered":"El mi\u00e9rcoles comienzan los talleres de debate en torno a las soluciones que recogen las propuestas seleccionadas en el concurso de ideas para la transformaci\u00f3n de San Jorge"},"content":{"rendered":"<h2 class=\"x_2Subtitulo\">Las cuatro sesiones previstas hasta el 20 de noviembre est\u00e1n abiertas a la participaci\u00f3n y se har\u00e1n en los cuatro cuadrantes en los que se divide el barrio<\/h2>\n<p class=\"x_MsoNormal\"><!--more--><\/p>\n<p class=\"x_3Texto\">El proceso participativo en torno al concurso de ideas para la transformaci\u00f3n de San Jorge entra la semana que viene en una nueva fase. El mi\u00e9rcoles comienzan los talleres de debate sobre las soluciones que recogen las tres propuestas seleccionadas por el jurado. Cada mi\u00e9rcoles, del 30 de octubre al 20 de noviembre, se explicar\u00e1n las ideas que proponen los proyectos en cada uno de los cuadrantes en los que se divide el barrio. Las sesiones est\u00e1n abiertas a la participaci\u00f3n ciudadana y comenzar\u00e1n a las 18.30 horas, con entrada libre.<\/p>\n<p class=\"x_3Texto\">La primera sesi\u00f3n ser\u00e1 este pr\u00f3ximo mi\u00e9rcoles en la plaza de la U. Adem\u00e1s de dar a conocer las actuaciones en el cuadrante noroeste del barrio que presentan las propuestas \u2018M\u00e1s barrio menos barreras\u2019, \u2018Tres en raya\u2019 y \u2018verde-ANDO\u2019, se recoger\u00e1n sugerencias y aportaciones para mejorarlas. Para explicar mejor esas intervenciones que recogen las propuestas, se han preparado una exposici\u00f3n itinerante que se instalar\u00e1 hasta el 30 de octubre en el CEIP Sanduzelai. En caso de lluvia, la primera sesi\u00f3n se llevar\u00e1 a cabo en el CEIP Sanduzelai. Esa ser\u00e1 la din\u00e1mica tambi\u00e9n para el resto de las sesiones previstas, con la exposici\u00f3n recorriendo diferentes locales del barrio. El mi\u00e9rcoles 6 de noviembre la cita ser\u00e1 en los porches de la rotonda que divide el barrio, el mi\u00e9rcoles 13 de noviembre se ha previsto el encuentro en la plaza de la O de San Jorge y el mi\u00e9rcoles 20 de noviembre se cerrar\u00e1n los talleres en la plaza Sanduzelai.<\/p>\n<p class=\"x_3Texto\">Como complemento a estas acciones y tras la presentaci\u00f3n de las tres propuestas seleccionadas la semana pasada, Civivox San Jorge acoge una exposici\u00f3n fija con\u00a0paneles informativos y material multimedia\u00a0sobre cada uno de los proyectos elegidos por el jurado. En Civivox San Jorge se podr\u00e1n valorar las propuestas, cumplimentando un cuestionario y deposit\u00e1ndolo en una urna colocada para ello. Asimismo, en la p\u00e1gina web municipal\u00a0<a href=\"https:\/\/decide.pamplona.es\/?locale=es\" target=\"_blank\" rel=\"noopener\" data-auth=\"NotApplicable\" data-linkindex=\"4\">Decide Pamplona<\/a>\u00a0se ha habilitado un espacio para poder valorar cada una de las tres propuestas seleccionadas.<\/p>\n<p class=\"x_3Texto\" aria-hidden=\"true\">\n<div>\n<h3 class=\"x_5TituloApoyodedatos\">Proceso de transformaci\u00f3n de San Jorge. Proceso participativo<\/h3>\n<p>&nbsp;<\/p>\n<\/div>\n<p class=\"x_6Textoapoyodatos\">\u00b7\u00a0\u00a0\u00a0\u00a0\u00a0\u00a0<b>TALLERES DE DEBATE SOBRE LAS PROPUESTAS SELECCIONADAS<\/b><\/p>\n<p class=\"x_7texto2apoyodatos\">o\u00a0\u00a0\u00a0\u00a0Mi\u00e9rcoles 30 de octubre, 18.30 horas. Plaza de la U. Exposici\u00f3n resumen de las propuestas en CEIP Sanduzelai entre el 23 y el 30 de octubre<\/p>\n<p class=\"x_7texto2apoyodatos\">o\u00a0\u00a0\u00a0\u00a0Mi\u00e9rcoles 6 de noviembre, 18.30 horas. Porches de la rotonda. Exposici\u00f3n resumen de las propuestas en el Club de Personas Jubiladas entre el 31 de octubre y el 6 de noviembre<\/p>\n<p class=\"x_7texto2apoyodatos\">o\u00a0\u00a0\u00a0\u00a0Mi\u00e9rcoles 13 de noviembre, 18.30 horas. Plaza de la O. Exposici\u00f3n resumen de las propuestas en Karrikagune entre el 7 y el 13 de noviembre<\/p>\n<p class=\"x_7texto2apoyodatos\">o\u00a0\u00a0\u00a0\u00a0Mi\u00e9rcoles 20 de noviembre, 18.30 horas. Plaza Sanduzelai. Exposici\u00f3n resumen de las propuestas en IESO Iparralde entre el 14 y el 20 de noviembre<\/p>\n","protected":false},"excerpt":{"rendered":"<p>Las cuatro sesiones previstas hasta el 20 de noviembre est\u00e1n abiertas a la participaci\u00f3n y se har\u00e1n en los cuatro cuadrantes en los que se divide el barrio<\/p>\n","protected":false},"author":1,"featured_media":51129,"comment_status":"open","ping_status":"closed","sticky":false,"template":"","format":"standard","meta":{"footnotes":""},"categories":[2],"tags":[],"class_list":["post-51128","post","type-post","status-publish","format-standard","has-post-thumbnail","hentry","category-ayuntamiento-pamplona"],"yoast_head":"<!-- This site is optimized with the Yoast SEO plugin v27.3 - https:\/\/yoast.com\/product\/yoast-seo-wordpress\/ -->\n<title>El mi\u00e9rcoles comienzan los talleres de debate en torno a las soluciones que recogen las propuestas seleccionadas en el concurso de ideas para la transformaci\u00f3n de San Jorge<\/title>\n<meta name=\"description\" content=\"Las cuatro sesiones previstas hasta el 20 de noviembre est\u00e1n abiertas a la participaci\u00f3n y se har\u00e1n en los cuatro cuadrantes en los que...\" \/>\n<meta name=\"robots\" content=\"index, follow, max-snippet:-1, max-image-preview:large, max-video-preview:-1\" \/>\n<link rel=\"canonical\" href=\"https:\/\/www.laguiadepamplona.com\/actualidad\/el-miercoles-comienzan-los-talleres-de-debate-en-torno-a-las-soluciones-que-recogen-las-propuestas-seleccionadas-en-el-concurso-de-ideas-para-la-transformacion-de-san-jorge\/\" \/>\n<meta property=\"og:locale\" content=\"es_ES\" \/>\n<meta property=\"og:type\" content=\"article\" \/>\n<meta property=\"og:title\" content=\"El mi\u00e9rcoles comienzan los talleres de debate en torno a las soluciones que recogen las propuestas seleccionadas en el concurso de ideas para la transformaci\u00f3n de San Jorge\" \/>\n<meta property=\"og:description\" content=\"Las cuatro sesiones previstas hasta el 20 de noviembre est\u00e1n abiertas a la participaci\u00f3n y se har\u00e1n en los cuatro cuadrantes en los que...\" \/>\n<meta property=\"og:url\" content=\"https:\/\/www.laguiadepamplona.com\/actualidad\/el-miercoles-comienzan-los-talleres-de-debate-en-torno-a-las-soluciones-que-recogen-las-propuestas-seleccionadas-en-el-concurso-de-ideas-para-la-transformacion-de-san-jorge\/\" \/>\n<meta property=\"og:site_name\" content=\"La Gu\u00eda de Pamplona\" \/>\n<meta property=\"article:publisher\" content=\"https:\/\/www.facebook.com\/laguiadepamplonacom-133175176762273\/?ref=hl\" \/>\n<meta property=\"article:published_time\" content=\"2024-10-25T11:21:23+00:00\" \/>\n<meta property=\"og:image\" content=\"https:\/\/www.laguiadepamplona.com\/actualidad\/wp-content\/uploads\/2024\/10\/San-Jorge_web_0.webp\" \/>\n\t<meta property=\"og:image:width\" content=\"1000\" \/>\n\t<meta property=\"og:image:height\" content=\"669\" \/>\n\t<meta property=\"og:image:type\" content=\"image\/webp\" \/>\n<meta name=\"author\" content=\"La Gu\u00eda de Pamplona\" \/>\n<meta name=\"twitter:card\" content=\"summary_large_image\" \/>\n<meta name=\"twitter:creator\" content=\"@LaGuiadPamplona\" \/>\n<meta name=\"twitter:site\" content=\"@LaGuiadPamplona\" \/>\n<meta name=\"twitter:label1\" content=\"Escrito por\" \/>\n\t<meta name=\"twitter:data1\" content=\"La Gu\u00eda de Pamplona\" \/>\n\t<meta name=\"twitter:label2\" content=\"Tiempo de lectura\" \/>\n\t<meta name=\"twitter:data2\" content=\"3 minutos\" \/>\n<script type=\"application\/ld+json\" class=\"yoast-schema-graph\">{\"@context\":\"https:\\\/\\\/schema.org\",\"@graph\":[{\"@type\":\"Article\",\"@id\":\"https:\\\/\\\/www.laguiadepamplona.com\\\/actualidad\\\/el-miercoles-comienzan-los-talleres-de-debate-en-torno-a-las-soluciones-que-recogen-las-propuestas-seleccionadas-en-el-concurso-de-ideas-para-la-transformacion-de-san-jorge\\\/#article\",\"isPartOf\":{\"@id\":\"https:\\\/\\\/www.laguiadepamplona.com\\\/actualidad\\\/el-miercoles-comienzan-los-talleres-de-debate-en-torno-a-las-soluciones-que-recogen-las-propuestas-seleccionadas-en-el-concurso-de-ideas-para-la-transformacion-de-san-jorge\\\/\"},\"author\":{\"name\":\"La Gu\u00eda de Pamplona\",\"@id\":\"https:\\\/\\\/www.laguiadepamplona.com\\\/actualidad\\\/#\\\/schema\\\/person\\\/efe887376f0213d4657c93adc50b1fdb\"},\"headline\":\"El mi\u00e9rcoles comienzan los talleres de debate en torno a las soluciones que recogen las propuestas seleccionadas en el concurso de ideas para la transformaci\u00f3n de San Jorge\",\"datePublished\":\"2024-10-25T11:21:23+00:00\",\"mainEntityOfPage\":{\"@id\":\"https:\\\/\\\/www.laguiadepamplona.com\\\/actualidad\\\/el-miercoles-comienzan-los-talleres-de-debate-en-torno-a-las-soluciones-que-recogen-las-propuestas-seleccionadas-en-el-concurso-de-ideas-para-la-transformacion-de-san-jorge\\\/\"},\"wordCount\":532,\"commentCount\":0,\"publisher\":{\"@id\":\"https:\\\/\\\/www.laguiadepamplona.com\\\/actualidad\\\/#organization\"},\"image\":{\"@id\":\"https:\\\/\\\/www.laguiadepamplona.com\\\/actualidad\\\/el-miercoles-comienzan-los-talleres-de-debate-en-torno-a-las-soluciones-que-recogen-las-propuestas-seleccionadas-en-el-concurso-de-ideas-para-la-transformacion-de-san-jorge\\\/#primaryimage\"},\"thumbnailUrl\":\"https:\\\/\\\/www.laguiadepamplona.com\\\/actualidad\\\/wp-content\\\/uploads\\\/2024\\\/10\\\/San-Jorge_web_0.webp\",\"articleSection\":[\"Ayto Pamplona\"],\"inLanguage\":\"es\",\"potentialAction\":[{\"@type\":\"CommentAction\",\"name\":\"Comment\",\"target\":[\"https:\\\/\\\/www.laguiadepamplona.com\\\/actualidad\\\/el-miercoles-comienzan-los-talleres-de-debate-en-torno-a-las-soluciones-que-recogen-las-propuestas-seleccionadas-en-el-concurso-de-ideas-para-la-transformacion-de-san-jorge\\\/#respond\"]}]},{\"@type\":\"WebPage\",\"@id\":\"https:\\\/\\\/www.laguiadepamplona.com\\\/actualidad\\\/el-miercoles-comienzan-los-talleres-de-debate-en-torno-a-las-soluciones-que-recogen-las-propuestas-seleccionadas-en-el-concurso-de-ideas-para-la-transformacion-de-san-jorge\\\/\",\"url\":\"https:\\\/\\\/www.laguiadepamplona.com\\\/actualidad\\\/el-miercoles-comienzan-los-talleres-de-debate-en-torno-a-las-soluciones-que-recogen-las-propuestas-seleccionadas-en-el-concurso-de-ideas-para-la-transformacion-de-san-jorge\\\/\",\"name\":\"El mi\u00e9rcoles comienzan los talleres de debate en torno a las soluciones que recogen las propuestas seleccionadas en el concurso de ideas para la transformaci\u00f3n de San Jorge\",\"isPartOf\":{\"@id\":\"https:\\\/\\\/www.laguiadepamplona.com\\\/actualidad\\\/#website\"},\"primaryImageOfPage\":{\"@id\":\"https:\\\/\\\/www.laguiadepamplona.com\\\/actualidad\\\/el-miercoles-comienzan-los-talleres-de-debate-en-torno-a-las-soluciones-que-recogen-las-propuestas-seleccionadas-en-el-concurso-de-ideas-para-la-transformacion-de-san-jorge\\\/#primaryimage\"},\"image\":{\"@id\":\"https:\\\/\\\/www.laguiadepamplona.com\\\/actualidad\\\/el-miercoles-comienzan-los-talleres-de-debate-en-torno-a-las-soluciones-que-recogen-las-propuestas-seleccionadas-en-el-concurso-de-ideas-para-la-transformacion-de-san-jorge\\\/#primaryimage\"},\"thumbnailUrl\":\"https:\\\/\\\/www.laguiadepamplona.com\\\/actualidad\\\/wp-content\\\/uploads\\\/2024\\\/10\\\/San-Jorge_web_0.webp\",\"datePublished\":\"2024-10-25T11:21:23+00:00\",\"description\":\"Las cuatro sesiones previstas hasta el 20 de noviembre est\u00e1n abiertas a la participaci\u00f3n y se har\u00e1n en los cuatro cuadrantes en los que...\",\"breadcrumb\":{\"@id\":\"https:\\\/\\\/www.laguiadepamplona.com\\\/actualidad\\\/el-miercoles-comienzan-los-talleres-de-debate-en-torno-a-las-soluciones-que-recogen-las-propuestas-seleccionadas-en-el-concurso-de-ideas-para-la-transformacion-de-san-jorge\\\/#breadcrumb\"},\"inLanguage\":\"es\",\"potentialAction\":[{\"@type\":\"ReadAction\",\"target\":[\"https:\\\/\\\/www.laguiadepamplona.com\\\/actualidad\\\/el-miercoles-comienzan-los-talleres-de-debate-en-torno-a-las-soluciones-que-recogen-las-propuestas-seleccionadas-en-el-concurso-de-ideas-para-la-transformacion-de-san-jorge\\\/\"]}]},{\"@type\":\"ImageObject\",\"inLanguage\":\"es\",\"@id\":\"https:\\\/\\\/www.laguiadepamplona.com\\\/actualidad\\\/el-miercoles-comienzan-los-talleres-de-debate-en-torno-a-las-soluciones-que-recogen-las-propuestas-seleccionadas-en-el-concurso-de-ideas-para-la-transformacion-de-san-jorge\\\/#primaryimage\",\"url\":\"https:\\\/\\\/www.laguiadepamplona.com\\\/actualidad\\\/wp-content\\\/uploads\\\/2024\\\/10\\\/San-Jorge_web_0.webp\",\"contentUrl\":\"https:\\\/\\\/www.laguiadepamplona.com\\\/actualidad\\\/wp-content\\\/uploads\\\/2024\\\/10\\\/San-Jorge_web_0.webp\",\"width\":1000,\"height\":669,\"caption\":\"san jorge\"},{\"@type\":\"BreadcrumbList\",\"@id\":\"https:\\\/\\\/www.laguiadepamplona.com\\\/actualidad\\\/el-miercoles-comienzan-los-talleres-de-debate-en-torno-a-las-soluciones-que-recogen-las-propuestas-seleccionadas-en-el-concurso-de-ideas-para-la-transformacion-de-san-jorge\\\/#breadcrumb\",\"itemListElement\":[{\"@type\":\"ListItem\",\"position\":1,\"name\":\"Portada\",\"item\":\"https:\\\/\\\/www.laguiadepamplona.com\\\/actualidad\\\/\"},{\"@type\":\"ListItem\",\"position\":2,\"name\":\"El mi\u00e9rcoles comienzan los talleres de debate en torno a las soluciones que recogen las propuestas seleccionadas en el concurso de ideas para la transformaci\u00f3n de San Jorge\"}]},{\"@type\":\"WebSite\",\"@id\":\"https:\\\/\\\/www.laguiadepamplona.com\\\/actualidad\\\/#website\",\"url\":\"https:\\\/\\\/www.laguiadepamplona.com\\\/actualidad\\\/\",\"name\":\"La gu\u00eda de Pamplona\",\"description\":\"Noticias de Pamplona\",\"publisher\":{\"@id\":\"https:\\\/\\\/www.laguiadepamplona.com\\\/actualidad\\\/#organization\"},\"potentialAction\":[{\"@type\":\"SearchAction\",\"target\":{\"@type\":\"EntryPoint\",\"urlTemplate\":\"https:\\\/\\\/www.laguiadepamplona.com\\\/actualidad\\\/?s={search_term_string}\"},\"query-input\":{\"@type\":\"PropertyValueSpecification\",\"valueRequired\":true,\"valueName\":\"search_term_string\"}}],\"inLanguage\":\"es\"},{\"@type\":\"Organization\",\"@id\":\"https:\\\/\\\/www.laguiadepamplona.com\\\/actualidad\\\/#organization\",\"name\":\"La Gu\u00eda de Pamplona \\\/ Noticias\",\"url\":\"https:\\\/\\\/www.laguiadepamplona.com\\\/actualidad\\\/\",\"logo\":{\"@type\":\"ImageObject\",\"inLanguage\":\"es\",\"@id\":\"https:\\\/\\\/www.laguiadepamplona.com\\\/actualidad\\\/#\\\/schema\\\/logo\\\/image\\\/\",\"url\":\"https:\\\/\\\/www.laguiadepamplona.com\\\/actualidad\\\/wp-content\\\/uploads\\\/2018\\\/11\\\/logo-laguiadepamplona18-web1.png\",\"contentUrl\":\"https:\\\/\\\/www.laguiadepamplona.com\\\/actualidad\\\/wp-content\\\/uploads\\\/2018\\\/11\\\/logo-laguiadepamplona18-web1.png\",\"width\":600,\"height\":196,\"caption\":\"La Gu\u00eda de Pamplona \\\/ Noticias\"},\"image\":{\"@id\":\"https:\\\/\\\/www.laguiadepamplona.com\\\/actualidad\\\/#\\\/schema\\\/logo\\\/image\\\/\"},\"sameAs\":[\"https:\\\/\\\/www.facebook.com\\\/laguiadepamplonacom-133175176762273\\\/?ref=hl\",\"https:\\\/\\\/x.com\\\/LaGuiadPamplona\",\"https:\\\/\\\/www.instagram.com\\\/la_guia_de_pamplona\\\/\",\"https:\\\/\\\/www.youtube.com\\\/user\\\/laguiadepamplona\"]},{\"@type\":\"Person\",\"@id\":\"https:\\\/\\\/www.laguiadepamplona.com\\\/actualidad\\\/#\\\/schema\\\/person\\\/efe887376f0213d4657c93adc50b1fdb\",\"name\":\"La Gu\u00eda de Pamplona\",\"image\":{\"@type\":\"ImageObject\",\"inLanguage\":\"es\",\"@id\":\"https:\\\/\\\/secure.gravatar.com\\\/avatar\\\/b6992f131dc8d30ab0dff15446e9d346d9dbd95992de0fef795073f5ea83a81c?s=96&d=mm&r=g\",\"url\":\"https:\\\/\\\/secure.gravatar.com\\\/avatar\\\/b6992f131dc8d30ab0dff15446e9d346d9dbd95992de0fef795073f5ea83a81c?s=96&d=mm&r=g\",\"contentUrl\":\"https:\\\/\\\/secure.gravatar.com\\\/avatar\\\/b6992f131dc8d30ab0dff15446e9d346d9dbd95992de0fef795073f5ea83a81c?s=96&d=mm&r=g\",\"caption\":\"La Gu\u00eda de Pamplona\"}}]}<\/script>\n<!-- \/ Yoast SEO plugin. -->","yoast_head_json":{"title":"El mi\u00e9rcoles comienzan los talleres de debate en torno a las soluciones que recogen las propuestas seleccionadas en el concurso de ideas para la transformaci\u00f3n de San Jorge","description":"Las cuatro sesiones previstas hasta el 20 de noviembre est\u00e1n abiertas a la participaci\u00f3n y se har\u00e1n en los cuatro cuadrantes en los que...","robots":{"index":"index","follow":"follow","max-snippet":"max-snippet:-1","max-image-preview":"max-image-preview:large","max-video-preview":"max-video-preview:-1"},"canonical":"https:\/\/www.laguiadepamplona.com\/actualidad\/el-miercoles-comienzan-los-talleres-de-debate-en-torno-a-las-soluciones-que-recogen-las-propuestas-seleccionadas-en-el-concurso-de-ideas-para-la-transformacion-de-san-jorge\/","og_locale":"es_ES","og_type":"article","og_title":"El mi\u00e9rcoles comienzan los talleres de debate en torno a las soluciones que recogen las propuestas seleccionadas en el concurso de ideas para la transformaci\u00f3n de San Jorge","og_description":"Las cuatro sesiones previstas hasta el 20 de noviembre est\u00e1n abiertas a la participaci\u00f3n y se har\u00e1n en los cuatro cuadrantes en los que...","og_url":"https:\/\/www.laguiadepamplona.com\/actualidad\/el-miercoles-comienzan-los-talleres-de-debate-en-torno-a-las-soluciones-que-recogen-las-propuestas-seleccionadas-en-el-concurso-de-ideas-para-la-transformacion-de-san-jorge\/","og_site_name":"La Gu\u00eda de Pamplona","article_publisher":"https:\/\/www.facebook.com\/laguiadepamplonacom-133175176762273\/?ref=hl","article_published_time":"2024-10-25T11:21:23+00:00","og_image":[{"width":1000,"height":669,"url":"https:\/\/www.laguiadepamplona.com\/actualidad\/wp-content\/uploads\/2024\/10\/San-Jorge_web_0.webp","type":"image\/webp"}],"author":"La Gu\u00eda de Pamplona","twitter_card":"summary_large_image","twitter_creator":"@LaGuiadPamplona","twitter_site":"@LaGuiadPamplona","twitter_misc":{"Escrito por":"La Gu\u00eda de Pamplona","Tiempo de lectura":"3 minutos"},"schema":{"@context":"https:\/\/schema.org","@graph":[{"@type":"Article","@id":"https:\/\/www.laguiadepamplona.com\/actualidad\/el-miercoles-comienzan-los-talleres-de-debate-en-torno-a-las-soluciones-que-recogen-las-propuestas-seleccionadas-en-el-concurso-de-ideas-para-la-transformacion-de-san-jorge\/#article","isPartOf":{"@id":"https:\/\/www.laguiadepamplona.com\/actualidad\/el-miercoles-comienzan-los-talleres-de-debate-en-torno-a-las-soluciones-que-recogen-las-propuestas-seleccionadas-en-el-concurso-de-ideas-para-la-transformacion-de-san-jorge\/"},"author":{"name":"La Gu\u00eda de Pamplona","@id":"https:\/\/www.laguiadepamplona.com\/actualidad\/#\/schema\/person\/efe887376f0213d4657c93adc50b1fdb"},"headline":"El mi\u00e9rcoles comienzan los talleres de debate en torno a las soluciones que recogen las propuestas seleccionadas en el concurso de ideas para la transformaci\u00f3n de San Jorge","datePublished":"2024-10-25T11:21:23+00:00","mainEntityOfPage":{"@id":"https:\/\/www.laguiadepamplona.com\/actualidad\/el-miercoles-comienzan-los-talleres-de-debate-en-torno-a-las-soluciones-que-recogen-las-propuestas-seleccionadas-en-el-concurso-de-ideas-para-la-transformacion-de-san-jorge\/"},"wordCount":532,"commentCount":0,"publisher":{"@id":"https:\/\/www.laguiadepamplona.com\/actualidad\/#organization"},"image":{"@id":"https:\/\/www.laguiadepamplona.com\/actualidad\/el-miercoles-comienzan-los-talleres-de-debate-en-torno-a-las-soluciones-que-recogen-las-propuestas-seleccionadas-en-el-concurso-de-ideas-para-la-transformacion-de-san-jorge\/#primaryimage"},"thumbnailUrl":"https:\/\/www.laguiadepamplona.com\/actualidad\/wp-content\/uploads\/2024\/10\/San-Jorge_web_0.webp","articleSection":["Ayto Pamplona"],"inLanguage":"es","potentialAction":[{"@type":"CommentAction","name":"Comment","target":["https:\/\/www.laguiadepamplona.com\/actualidad\/el-miercoles-comienzan-los-talleres-de-debate-en-torno-a-las-soluciones-que-recogen-las-propuestas-seleccionadas-en-el-concurso-de-ideas-para-la-transformacion-de-san-jorge\/#respond"]}]},{"@type":"WebPage","@id":"https:\/\/www.laguiadepamplona.com\/actualidad\/el-miercoles-comienzan-los-talleres-de-debate-en-torno-a-las-soluciones-que-recogen-las-propuestas-seleccionadas-en-el-concurso-de-ideas-para-la-transformacion-de-san-jorge\/","url":"https:\/\/www.laguiadepamplona.com\/actualidad\/el-miercoles-comienzan-los-talleres-de-debate-en-torno-a-las-soluciones-que-recogen-las-propuestas-seleccionadas-en-el-concurso-de-ideas-para-la-transformacion-de-san-jorge\/","name":"El mi\u00e9rcoles comienzan los talleres de debate en torno a las soluciones que recogen las propuestas seleccionadas en el concurso de ideas para la transformaci\u00f3n de San Jorge","isPartOf":{"@id":"https:\/\/www.laguiadepamplona.com\/actualidad\/#website"},"primaryImageOfPage":{"@id":"https:\/\/www.laguiadepamplona.com\/actualidad\/el-miercoles-comienzan-los-talleres-de-debate-en-torno-a-las-soluciones-que-recogen-las-propuestas-seleccionadas-en-el-concurso-de-ideas-para-la-transformacion-de-san-jorge\/#primaryimage"},"image":{"@id":"https:\/\/www.laguiadepamplona.com\/actualidad\/el-miercoles-comienzan-los-talleres-de-debate-en-torno-a-las-soluciones-que-recogen-las-propuestas-seleccionadas-en-el-concurso-de-ideas-para-la-transformacion-de-san-jorge\/#primaryimage"},"thumbnailUrl":"https:\/\/www.laguiadepamplona.com\/actualidad\/wp-content\/uploads\/2024\/10\/San-Jorge_web_0.webp","datePublished":"2024-10-25T11:21:23+00:00","description":"Las cuatro sesiones previstas hasta el 20 de noviembre est\u00e1n abiertas a la participaci\u00f3n y se har\u00e1n en los cuatro cuadrantes en los que...","breadcrumb":{"@id":"https:\/\/www.laguiadepamplona.com\/actualidad\/el-miercoles-comienzan-los-talleres-de-debate-en-torno-a-las-soluciones-que-recogen-las-propuestas-seleccionadas-en-el-concurso-de-ideas-para-la-transformacion-de-san-jorge\/#breadcrumb"},"inLanguage":"es","potentialAction":[{"@type":"ReadAction","target":["https:\/\/www.laguiadepamplona.com\/actualidad\/el-miercoles-comienzan-los-talleres-de-debate-en-torno-a-las-soluciones-que-recogen-las-propuestas-seleccionadas-en-el-concurso-de-ideas-para-la-transformacion-de-san-jorge\/"]}]},{"@type":"ImageObject","inLanguage":"es","@id":"https:\/\/www.laguiadepamplona.com\/actualidad\/el-miercoles-comienzan-los-talleres-de-debate-en-torno-a-las-soluciones-que-recogen-las-propuestas-seleccionadas-en-el-concurso-de-ideas-para-la-transformacion-de-san-jorge\/#primaryimage","url":"https:\/\/www.laguiadepamplona.com\/actualidad\/wp-content\/uploads\/2024\/10\/San-Jorge_web_0.webp","contentUrl":"https:\/\/www.laguiadepamplona.com\/actualidad\/wp-content\/uploads\/2024\/10\/San-Jorge_web_0.webp","width":1000,"height":669,"caption":"san jorge"},{"@type":"BreadcrumbList","@id":"https:\/\/www.laguiadepamplona.com\/actualidad\/el-miercoles-comienzan-los-talleres-de-debate-en-torno-a-las-soluciones-que-recogen-las-propuestas-seleccionadas-en-el-concurso-de-ideas-para-la-transformacion-de-san-jorge\/#breadcrumb","itemListElement":[{"@type":"ListItem","position":1,"name":"Portada","item":"https:\/\/www.laguiadepamplona.com\/actualidad\/"},{"@type":"ListItem","position":2,"name":"El mi\u00e9rcoles comienzan los talleres de debate en torno a las soluciones que recogen las propuestas seleccionadas en el concurso de ideas para la transformaci\u00f3n de San Jorge"}]},{"@type":"WebSite","@id":"https:\/\/www.laguiadepamplona.com\/actualidad\/#website","url":"https:\/\/www.laguiadepamplona.com\/actualidad\/","name":"La gu\u00eda de Pamplona","description":"Noticias de Pamplona","publisher":{"@id":"https:\/\/www.laguiadepamplona.com\/actualidad\/#organization"},"potentialAction":[{"@type":"SearchAction","target":{"@type":"EntryPoint","urlTemplate":"https:\/\/www.laguiadepamplona.com\/actualidad\/?s={search_term_string}"},"query-input":{"@type":"PropertyValueSpecification","valueRequired":true,"valueName":"search_term_string"}}],"inLanguage":"es"},{"@type":"Organization","@id":"https:\/\/www.laguiadepamplona.com\/actualidad\/#organization","name":"La Gu\u00eda de Pamplona \/ Noticias","url":"https:\/\/www.laguiadepamplona.com\/actualidad\/","logo":{"@type":"ImageObject","inLanguage":"es","@id":"https:\/\/www.laguiadepamplona.com\/actualidad\/#\/schema\/logo\/image\/","url":"https:\/\/www.laguiadepamplona.com\/actualidad\/wp-content\/uploads\/2018\/11\/logo-laguiadepamplona18-web1.png","contentUrl":"https:\/\/www.laguiadepamplona.com\/actualidad\/wp-content\/uploads\/2018\/11\/logo-laguiadepamplona18-web1.png","width":600,"height":196,"caption":"La Gu\u00eda de Pamplona \/ Noticias"},"image":{"@id":"https:\/\/www.laguiadepamplona.com\/actualidad\/#\/schema\/logo\/image\/"},"sameAs":["https:\/\/www.facebook.com\/laguiadepamplonacom-133175176762273\/?ref=hl","https:\/\/x.com\/LaGuiadPamplona","https:\/\/www.instagram.com\/la_guia_de_pamplona\/","https:\/\/www.youtube.com\/user\/laguiadepamplona"]},{"@type":"Person","@id":"https:\/\/www.laguiadepamplona.com\/actualidad\/#\/schema\/person\/efe887376f0213d4657c93adc50b1fdb","name":"La Gu\u00eda de Pamplona","image":{"@type":"ImageObject","inLanguage":"es","@id":"https:\/\/secure.gravatar.com\/avatar\/b6992f131dc8d30ab0dff15446e9d346d9dbd95992de0fef795073f5ea83a81c?s=96&d=mm&r=g","url":"https:\/\/secure.gravatar.com\/avatar\/b6992f131dc8d30ab0dff15446e9d346d9dbd95992de0fef795073f5ea83a81c?s=96&d=mm&r=g","contentUrl":"https:\/\/secure.gravatar.com\/avatar\/b6992f131dc8d30ab0dff15446e9d346d9dbd95992de0fef795073f5ea83a81c?s=96&d=mm&r=g","caption":"La Gu\u00eda de Pamplona"}}]}},"post_mailing_queue_ids":[],"_links":{"self":[{"href":"https:\/\/www.laguiadepamplona.com\/actualidad\/wp-json\/wp\/v2\/posts\/51128","targetHints":{"allow":["GET"]}}],"collection":[{"href":"https:\/\/www.laguiadepamplona.com\/actualidad\/wp-json\/wp\/v2\/posts"}],"about":[{"href":"https:\/\/www.laguiadepamplona.com\/actualidad\/wp-json\/wp\/v2\/types\/post"}],"author":[{"embeddable":true,"href":"https:\/\/www.laguiadepamplona.com\/actualidad\/wp-json\/wp\/v2\/users\/1"}],"replies":[{"embeddable":true,"href":"https:\/\/www.laguiadepamplona.com\/actualidad\/wp-json\/wp\/v2\/comments?post=51128"}],"version-history":[{"count":1,"href":"https:\/\/www.laguiadepamplona.com\/actualidad\/wp-json\/wp\/v2\/posts\/51128\/revisions"}],"predecessor-version":[{"id":51130,"href":"https:\/\/www.laguiadepamplona.com\/actualidad\/wp-json\/wp\/v2\/posts\/51128\/revisions\/51130"}],"wp:featuredmedia":[{"embeddable":true,"href":"https:\/\/www.laguiadepamplona.com\/actualidad\/wp-json\/wp\/v2\/media\/51129"}],"wp:attachment":[{"href":"https:\/\/www.laguiadepamplona.com\/actualidad\/wp-json\/wp\/v2\/media?parent=51128"}],"wp:term":[{"taxonomy":"category","embeddable":true,"href":"https:\/\/www.laguiadepamplona.com\/actualidad\/wp-json\/wp\/v2\/categories?post=51128"},{"taxonomy":"post_tag","embeddable":true,"href":"https:\/\/www.laguiadepamplona.com\/actualidad\/wp-json\/wp\/v2\/tags?post=51128"}],"curies":[{"name":"wp","href":"https:\/\/api.w.org\/{rel}","templated":true}]}}