{"id":51126,"date":"2024-10-25T13:18:56","date_gmt":"2024-10-25T11:18:56","guid":{"rendered":"https:\/\/www.laguiadepamplona.com\/actualidad\/?p=51126"},"modified":"2024-10-25T13:18:56","modified_gmt":"2024-10-25T11:18:56","slug":"cuatro-propuestas-de-musica-teatro-danza-artes-visuales-o-experimentacion-artistica-integran-civivoxinthemapping-el-festival-de-artes-escenicas-para-la-primera-infancia","status":"publish","type":"post","link":"https:\/\/www.laguiadepamplona.com\/actualidad\/cuatro-propuestas-de-musica-teatro-danza-artes-visuales-o-experimentacion-artistica-integran-civivoxinthemapping-el-festival-de-artes-escenicas-para-la-primera-infancia\/","title":{"rendered":"Cuatro propuestas de m\u00fasica, teatro, danza, artes visuales o experimentaci\u00f3n art\u00edstica integran #Civivoxinthemapping, el Festival de Artes Esc\u00e9nicas para la Primera Infancia"},"content":{"rendered":"<h2 class=\"x_2Subtitulo\">Civivox Mendillorri acoge la cuarta edici\u00f3n, del 2 al 23 de noviembre, que incluye un taller para profesionales de la Educaci\u00f3n y las Artes Esc\u00e9nicas<\/h2>\n<p class=\"x_MsoNormal\"><!--more--><\/p>\n<p class=\"x_3Texto\">Pamplona acoge, del 2 al 23 de noviembre, el Festival de Artes Esc\u00e9nicas para la Primera Infancia #Civivoxinthemapping. La propuesta se realiza en colaboraci\u00f3n entre la red Civivox, Teatro Para\u00edso de Vitoria-Gasteiz y el organismo Escuelas Infantiles de Pamplona, e incluye cuatro propuestas de m\u00fasica, teatro, danza, artes visuales y experimentaci\u00f3n art\u00edstica, pensadas para familias y ni\u00f1os\/as de 0 a 4 a\u00f1os, adem\u00e1s de un taller formativo para educadores.<\/p>\n<p class=\"x_3Texto\">El festival lo ha presentado en rueda de prensa el director del \u00e1rea de Cultura, Fiestas, Educaci\u00f3n y Deporte, I\u00f1igo G\u00f3mez Eguiluz; la actriz y directora de la compa\u00f1\u00eda Teatro Para\u00edso Antzerkia de Vitoria-Gasteiz, Pilar L\u00f3pez; y el gerente de Escuelas Infantiles de Pamplona, Alfredo Hoyuelos Planillo. La presente edici\u00f3n del festival, finalizado el proyecto europeo de a\u00f1os anteriores, ofrece una propuesta innovadora para cuatro s\u00e1bados de noviembre.<\/p>\n<p class=\"x_3Texto\">Todos los espect\u00e1culos se realizan en el sal\u00f3n de actos de Civivox Mendillorri, requieren inscripci\u00f3n previa y todas las personas deben acceder con entrada, tanto personas adultas como los ni\u00f1os y ni\u00f1as. Cada menor debe acudir con una persona adulta. Hay pases en castellano y en euskera. La informaci\u00f3n sobre los espect\u00e1culos que integran el festival se puede consultar en la web\u00a0<a href=\"https:\/\/www.pamplonaescultura.es\/programas\/festival-mapping-para-familias-y-primera-infancia-3\/\" target=\"_blank\" rel=\"noopener\" data-auth=\"NotApplicable\" data-linkindex=\"2\">pamplonaescultura.es<\/a>.<\/p>\n<p class=\"x_3Texto\">El festival se abre el s\u00e1bado 2 de noviembre con una sesi\u00f3n de cine familiar en colaboraci\u00f3n con el festival internacional de cine e infancia de Barcelona \u201cMi Primer Festival de Cine\u201d. El p\u00fablico se integrar\u00e1 como jurado\u00a0de las piezas de animaci\u00f3n en stop-motion, dibujos animados en 3D y cortos ilustrados, que conforman un programa de po\u00e9ticas historias de la secci\u00f3n a concurso del Festival. La actividad, gratuita, est\u00e1 dinamizada por Teatro Para\u00edso Antzerkia y se ofrece a las 10.30, en euskera y a las 12, en castellano. Est\u00e1 pensada para p\u00fablico de 2 a 4 a\u00f1os.<\/p>\n<p class=\"x_3Texto\">La siguiente cita, el s\u00e1bado 9, es el taller-instalaci\u00f3n \u2018La casa de Tomasa \/ Tomaxitaren etxe kaskorra\u2019, que propone una exploraci\u00f3n sensorial de diversos espacios, experimentando los ni\u00f1os y ni\u00f1as de 2 a 4 a\u00f1os y sus familias, diferentes relaciones afectivas y f\u00edsicas, a partir de materiales y estructuras espaciales. Esta intensa experiencia de juego colectivo, de la mano de Teatro Para\u00edso Antzerkia, pretende tambi\u00e9n desmontar la noci\u00f3n de la obra de arte como espacio separado de la vida. Los pases se realizan 10.30, en castellano y a las 12, en euskera.<\/p>\n<p class=\"x_4Ladillo\"><strong>Artes esc\u00e9nicas para beb\u00e9s<\/strong><\/p>\n<p class=\"x_3Texto\">El festival contin\u00faa el s\u00e1bado 16 de noviembre con el estreno de \u2018L\u00e0Qua\u2019, espect\u00e1culo para beb\u00e9s de 1 a 3 a\u00f1os, premiado con el galard\u00f3n Eolo Awards 2024 al Mejor Espect\u00e1culo del A\u00f1o. \u2018L\u00e0Qua\u2019, de la compa\u00f1\u00eda italiana Teatro Koreja, es una nana que resuena desde el vientre de la madre, el sonido del primer viaje que hace una criatura al nacer; un peque\u00f1o canto a la vida, al agua que la acompa\u00f1a. El tejido sonoro del espect\u00e1culo es una canci\u00f3n polif\u00f3nica que utiliza el ritmo del balbuceo, la s\u00edlaba y la repetici\u00f3n. Los dos pases, a las 10.30 y a las 12, se realizan en castellano.<\/p>\n<p class=\"x_3Texto\">La cuarta propuesta, el s\u00e1bado 23, es la pieza de teatro musical \u2018Dadadoo, canto a la luna llena\u2019, que se estrena en Navarra, con la compa\u00f1\u00eda madrile\u00f1a C\u00eda La Cl\u00e1. Dadadoo es un viaje a la sonoridad de la selva y del mar, al buen rollo de una noche de verano. A este viaje se van sumando grandes y peque\u00f1os viajeros y viajeras, de 1 a 4 a\u00f1os, con sus andares, ritmos y personalidades. Un canto a la diversidad y la posibilidad, en horario de 10.30 y 12 horas.<\/p>\n<p class=\"x_4Ladillo\"><strong>Taller educativo<\/strong><\/p>\n<p class=\"x_3Texto\">Las actividades de este a\u00f1o incluyen tambi\u00e9n el taller \u2018Juego entre educaci\u00f3n y teatro\u2019, dirigido especialmente a profesionales de la Educaci\u00f3n y de las Artes Esc\u00e9nicas para la Primera Infancia. La sesi\u00f3n est\u00e1 prevista para el martes 19, de 18.30 a 20.30. Se trata de un espacio de encuentro y reflexi\u00f3n en torno al di\u00e1logo e interacci\u00f3n entre la educaci\u00f3n y las artes esc\u00e9nicas, a trav\u00e9s de tres grupos de trabajo, con una puesta en com\u00fan y conclusiones finales. El taller, gratuito, lo imparte Pilar L\u00f3pez, de Teatro Para\u00edso Antzerkia, Jaione Urtasun, de La Piel Teatro, y Alfredo Hoyuelos,\u00a0de Escuelas Infantiles de Pamplona.<\/p>\n<p class=\"x_4Ladillo\" aria-hidden=\"true\">\n<div>\n<h3 class=\"x_5TituloApoyodedatos\">Festival #civivoxinthemapping. Del 2 al 23 de noviembre<\/h3>\n<\/div>\n<p class=\"x_7texto2apoyodatos\">PROGRAMACI\u00d3N<\/p>\n<p class=\"x_6Textoapoyodatos\">\u00b7\u00a0\u00a0\u00a0\u00a0\u00a0\u00a0<b>S\u00e1bado 2<\/b>: Minimatch de animaci\u00f3n. Cine Familiar. Teatro Para\u00edso<\/p>\n<p class=\"x_7texto2apoyodatos\">o\u00a0\u00a0\u00a0\u00a010.30 horas en euskera, 12.00 horas en castellano. Gratuito previa inscripci\u00f3n<\/p>\n<p class=\"x_7texto2apoyodatos\">o\u00a0\u00a0\u00a0\u00a0De 2 a 4 a\u00f1os, en compa\u00f1\u00eda de una persona adulta (m\u00e1ximo un adulto por beb\u00e9)<\/p>\n<p class=\"x_6Textoapoyodatos\">\u00b7\u00a0\u00a0\u00a0\u00a0\u00a0\u00a0<b>S\u00e1bado 9<\/b>: Taller-instalaci\u00f3n. \u2018La casa de Tomasa\/Tomaxitaren etxe kaskorra\u2019. Teatro Para\u00edso<\/p>\n<p class=\"x_7texto2apoyodatos\">o\u00a0\u00a0\u00a0\u00a010.30 horas en castellano, 12.00 horas en euskera. Gratuito previa inscripci\u00f3n<\/p>\n<p class=\"x_7texto2apoyodatos\">o\u00a0\u00a0\u00a0\u00a0De 2 a 4 a\u00f1os, en compa\u00f1\u00eda de una persona adulta (m\u00e1ximo un adulto por beb\u00e9)<\/p>\n<p class=\"x_6Textoapoyodatos\">\u00b7\u00a0\u00a0\u00a0\u00a0\u00a0\u00a0<b>S\u00e1bado 16<\/b>: Espect\u00e1culo de artes esc\u00e9nicas para beb\u00e9s. L\u00e0qua. Teatro Koreja (Italia)<\/p>\n<p class=\"x_7texto2apoyodatos\">o\u00a0\u00a0\u00a0\u00a010.30 horas y 12.00 horas, en castellano. 3 euros, con inscripci\u00f3n previa<\/p>\n<p class=\"x_7texto2apoyodatos\">o\u00a0\u00a0\u00a0\u00a0De 1 a 3 a\u00f1os, en compa\u00f1\u00eda de una persona adulta (m\u00e1ximo un adulto por beb\u00e9)<\/p>\n<p class=\"x_6Textoapoyodatos\">\u00b7\u00a0\u00a0\u00a0\u00a0\u00a0\u00a0<b>S\u00e1bado 23<\/b>: Teatro musical y coreogr\u00e1fico para primera infancia. Dadadoo, canto a la luna llena. Cia La Cl\u00e1<\/p>\n<p class=\"x_7texto2apoyodatos\">o\u00a0\u00a0\u00a0\u00a010.30 horas y 12.00 horas, en castellano. 3 euros, con inscripci\u00f3n previa<\/p>\n<p class=\"x_7texto2apoyodatos\">o\u00a0\u00a0\u00a0\u00a0De 1 a 4 a\u00f1os, en compa\u00f1\u00eda de una persona adulta (m\u00e1ximo un adulto por beb\u00e9)<\/p>\n<p class=\"x_7texto2apoyodatos\" aria-hidden=\"true\">\n<p class=\"x_7texto2apoyodatos\">TALLER PARA PROFESIONALES DE LA EDUCACI\u00d3N<\/p>\n<p class=\"x_6Textoapoyodatos\">\u00b7\u00a0\u00a0\u00a0\u00a0\u00a0\u00a0<b>Martes 19<\/b>: Juego entre educaci\u00f3n y teatro<\/p>\n<p class=\"x_7texto2apoyodatos\">o\u00a0\u00a0\u00a0\u00a0De 18:30 a 20:30 horas. Gratuito, con inscripci\u00f3n previa<\/p>\n<p class=\"x_7texto2apoyodatos\">o\u00a0\u00a0\u00a0\u00a0Actividad dirigida especialmente a profesionales de la Educaci\u00f3n y de las Artes Esc\u00e9nicas dirigidas a la Primera Infancia<\/p>\n","protected":false},"excerpt":{"rendered":"<p>Civivox Mendillorri acoge la cuarta edici\u00f3n, del 2 al 23 de noviembre, que incluye un taller para profesionales de la Educaci\u00f3n y las Artes Esc\u00e9nicas<\/p>\n","protected":false},"author":1,"featured_media":50109,"comment_status":"open","ping_status":"closed","sticky":false,"template":"","format":"standard","meta":{"footnotes":""},"categories":[2],"tags":[],"class_list":["post-51126","post","type-post","status-publish","format-standard","has-post-thumbnail","hentry","category-ayuntamiento-pamplona"],"yoast_head":"<!-- This site is optimized with the Yoast SEO plugin v27.3 - https:\/\/yoast.com\/product\/yoast-seo-wordpress\/ -->\n<title>Cuatro propuestas de m\u00fasica, teatro, danza, artes visuales o experimentaci\u00f3n art\u00edstica integran #Civivoxinthemapping, el Festival de Artes Esc\u00e9nicas para la Primera Infancia<\/title>\n<meta name=\"description\" content=\"Civivox Mendillorri acoge la cuarta edici\u00f3n, del 2 al 23 de noviembre, que incluye un taller para profesionales de la Educaci\u00f3n...\" \/>\n<meta name=\"robots\" content=\"index, follow, max-snippet:-1, max-image-preview:large, max-video-preview:-1\" \/>\n<link rel=\"canonical\" href=\"https:\/\/www.laguiadepamplona.com\/actualidad\/cuatro-propuestas-de-musica-teatro-danza-artes-visuales-o-experimentacion-artistica-integran-civivoxinthemapping-el-festival-de-artes-escenicas-para-la-primera-infancia\/\" \/>\n<meta property=\"og:locale\" content=\"es_ES\" \/>\n<meta property=\"og:type\" content=\"article\" \/>\n<meta property=\"og:title\" content=\"Cuatro propuestas de m\u00fasica, teatro, danza, artes visuales o experimentaci\u00f3n art\u00edstica integran #Civivoxinthemapping, el Festival de Artes Esc\u00e9nicas para la Primera Infancia\" \/>\n<meta property=\"og:description\" content=\"Civivox Mendillorri acoge la cuarta edici\u00f3n, del 2 al 23 de noviembre, que incluye un taller para profesionales de la Educaci\u00f3n...\" \/>\n<meta property=\"og:url\" content=\"https:\/\/www.laguiadepamplona.com\/actualidad\/cuatro-propuestas-de-musica-teatro-danza-artes-visuales-o-experimentacion-artistica-integran-civivoxinthemapping-el-festival-de-artes-escenicas-para-la-primera-infancia\/\" \/>\n<meta property=\"og:site_name\" content=\"La Gu\u00eda de Pamplona\" \/>\n<meta property=\"article:publisher\" content=\"https:\/\/www.facebook.com\/laguiadepamplonacom-133175176762273\/?ref=hl\" \/>\n<meta property=\"article:published_time\" content=\"2024-10-25T11:18:56+00:00\" \/>\n<meta property=\"og:image\" content=\"https:\/\/www.laguiadepamplona.com\/actualidad\/wp-content\/uploads\/2024\/06\/civivox-mendillrri.webp\" \/>\n\t<meta property=\"og:image:width\" content=\"1000\" \/>\n\t<meta property=\"og:image:height\" content=\"665\" \/>\n\t<meta property=\"og:image:type\" content=\"image\/webp\" \/>\n<meta name=\"author\" content=\"La Gu\u00eda de Pamplona\" \/>\n<meta name=\"twitter:card\" content=\"summary_large_image\" \/>\n<meta name=\"twitter:creator\" content=\"@LaGuiadPamplona\" \/>\n<meta name=\"twitter:site\" content=\"@LaGuiadPamplona\" \/>\n<meta name=\"twitter:label1\" content=\"Escrito por\" \/>\n\t<meta name=\"twitter:data1\" content=\"La Gu\u00eda de Pamplona\" \/>\n\t<meta name=\"twitter:label2\" content=\"Tiempo de lectura\" \/>\n\t<meta name=\"twitter:data2\" content=\"5 minutos\" \/>\n<script type=\"application\/ld+json\" class=\"yoast-schema-graph\">{\"@context\":\"https:\\\/\\\/schema.org\",\"@graph\":[{\"@type\":\"Article\",\"@id\":\"https:\\\/\\\/www.laguiadepamplona.com\\\/actualidad\\\/cuatro-propuestas-de-musica-teatro-danza-artes-visuales-o-experimentacion-artistica-integran-civivoxinthemapping-el-festival-de-artes-escenicas-para-la-primera-infancia\\\/#article\",\"isPartOf\":{\"@id\":\"https:\\\/\\\/www.laguiadepamplona.com\\\/actualidad\\\/cuatro-propuestas-de-musica-teatro-danza-artes-visuales-o-experimentacion-artistica-integran-civivoxinthemapping-el-festival-de-artes-escenicas-para-la-primera-infancia\\\/\"},\"author\":{\"name\":\"La Gu\u00eda de Pamplona\",\"@id\":\"https:\\\/\\\/www.laguiadepamplona.com\\\/actualidad\\\/#\\\/schema\\\/person\\\/efe887376f0213d4657c93adc50b1fdb\"},\"headline\":\"Cuatro propuestas de m\u00fasica, teatro, danza, artes visuales o experimentaci\u00f3n art\u00edstica integran #Civivoxinthemapping, el Festival de Artes Esc\u00e9nicas para la Primera Infancia\",\"datePublished\":\"2024-10-25T11:18:56+00:00\",\"mainEntityOfPage\":{\"@id\":\"https:\\\/\\\/www.laguiadepamplona.com\\\/actualidad\\\/cuatro-propuestas-de-musica-teatro-danza-artes-visuales-o-experimentacion-artistica-integran-civivoxinthemapping-el-festival-de-artes-escenicas-para-la-primera-infancia\\\/\"},\"wordCount\":1035,\"commentCount\":0,\"publisher\":{\"@id\":\"https:\\\/\\\/www.laguiadepamplona.com\\\/actualidad\\\/#organization\"},\"image\":{\"@id\":\"https:\\\/\\\/www.laguiadepamplona.com\\\/actualidad\\\/cuatro-propuestas-de-musica-teatro-danza-artes-visuales-o-experimentacion-artistica-integran-civivoxinthemapping-el-festival-de-artes-escenicas-para-la-primera-infancia\\\/#primaryimage\"},\"thumbnailUrl\":\"https:\\\/\\\/www.laguiadepamplona.com\\\/actualidad\\\/wp-content\\\/uploads\\\/2024\\\/06\\\/civivox-mendillrri.webp\",\"articleSection\":[\"Ayto Pamplona\"],\"inLanguage\":\"es\",\"potentialAction\":[{\"@type\":\"CommentAction\",\"name\":\"Comment\",\"target\":[\"https:\\\/\\\/www.laguiadepamplona.com\\\/actualidad\\\/cuatro-propuestas-de-musica-teatro-danza-artes-visuales-o-experimentacion-artistica-integran-civivoxinthemapping-el-festival-de-artes-escenicas-para-la-primera-infancia\\\/#respond\"]}]},{\"@type\":\"WebPage\",\"@id\":\"https:\\\/\\\/www.laguiadepamplona.com\\\/actualidad\\\/cuatro-propuestas-de-musica-teatro-danza-artes-visuales-o-experimentacion-artistica-integran-civivoxinthemapping-el-festival-de-artes-escenicas-para-la-primera-infancia\\\/\",\"url\":\"https:\\\/\\\/www.laguiadepamplona.com\\\/actualidad\\\/cuatro-propuestas-de-musica-teatro-danza-artes-visuales-o-experimentacion-artistica-integran-civivoxinthemapping-el-festival-de-artes-escenicas-para-la-primera-infancia\\\/\",\"name\":\"Cuatro propuestas de m\u00fasica, teatro, danza, artes visuales o experimentaci\u00f3n art\u00edstica integran #Civivoxinthemapping, el Festival de Artes Esc\u00e9nicas para la Primera Infancia\",\"isPartOf\":{\"@id\":\"https:\\\/\\\/www.laguiadepamplona.com\\\/actualidad\\\/#website\"},\"primaryImageOfPage\":{\"@id\":\"https:\\\/\\\/www.laguiadepamplona.com\\\/actualidad\\\/cuatro-propuestas-de-musica-teatro-danza-artes-visuales-o-experimentacion-artistica-integran-civivoxinthemapping-el-festival-de-artes-escenicas-para-la-primera-infancia\\\/#primaryimage\"},\"image\":{\"@id\":\"https:\\\/\\\/www.laguiadepamplona.com\\\/actualidad\\\/cuatro-propuestas-de-musica-teatro-danza-artes-visuales-o-experimentacion-artistica-integran-civivoxinthemapping-el-festival-de-artes-escenicas-para-la-primera-infancia\\\/#primaryimage\"},\"thumbnailUrl\":\"https:\\\/\\\/www.laguiadepamplona.com\\\/actualidad\\\/wp-content\\\/uploads\\\/2024\\\/06\\\/civivox-mendillrri.webp\",\"datePublished\":\"2024-10-25T11:18:56+00:00\",\"description\":\"Civivox Mendillorri acoge la cuarta edici\u00f3n, del 2 al 23 de noviembre, que incluye un taller para profesionales de la Educaci\u00f3n...\",\"breadcrumb\":{\"@id\":\"https:\\\/\\\/www.laguiadepamplona.com\\\/actualidad\\\/cuatro-propuestas-de-musica-teatro-danza-artes-visuales-o-experimentacion-artistica-integran-civivoxinthemapping-el-festival-de-artes-escenicas-para-la-primera-infancia\\\/#breadcrumb\"},\"inLanguage\":\"es\",\"potentialAction\":[{\"@type\":\"ReadAction\",\"target\":[\"https:\\\/\\\/www.laguiadepamplona.com\\\/actualidad\\\/cuatro-propuestas-de-musica-teatro-danza-artes-visuales-o-experimentacion-artistica-integran-civivoxinthemapping-el-festival-de-artes-escenicas-para-la-primera-infancia\\\/\"]}]},{\"@type\":\"ImageObject\",\"inLanguage\":\"es\",\"@id\":\"https:\\\/\\\/www.laguiadepamplona.com\\\/actualidad\\\/cuatro-propuestas-de-musica-teatro-danza-artes-visuales-o-experimentacion-artistica-integran-civivoxinthemapping-el-festival-de-artes-escenicas-para-la-primera-infancia\\\/#primaryimage\",\"url\":\"https:\\\/\\\/www.laguiadepamplona.com\\\/actualidad\\\/wp-content\\\/uploads\\\/2024\\\/06\\\/civivox-mendillrri.webp\",\"contentUrl\":\"https:\\\/\\\/www.laguiadepamplona.com\\\/actualidad\\\/wp-content\\\/uploads\\\/2024\\\/06\\\/civivox-mendillrri.webp\",\"width\":1000,\"height\":665,\"caption\":\"civivox mendillorri\"},{\"@type\":\"BreadcrumbList\",\"@id\":\"https:\\\/\\\/www.laguiadepamplona.com\\\/actualidad\\\/cuatro-propuestas-de-musica-teatro-danza-artes-visuales-o-experimentacion-artistica-integran-civivoxinthemapping-el-festival-de-artes-escenicas-para-la-primera-infancia\\\/#breadcrumb\",\"itemListElement\":[{\"@type\":\"ListItem\",\"position\":1,\"name\":\"Portada\",\"item\":\"https:\\\/\\\/www.laguiadepamplona.com\\\/actualidad\\\/\"},{\"@type\":\"ListItem\",\"position\":2,\"name\":\"Cuatro propuestas de m\u00fasica, teatro, danza, artes visuales o experimentaci\u00f3n art\u00edstica integran #Civivoxinthemapping, el Festival de Artes Esc\u00e9nicas para la Primera Infancia\"}]},{\"@type\":\"WebSite\",\"@id\":\"https:\\\/\\\/www.laguiadepamplona.com\\\/actualidad\\\/#website\",\"url\":\"https:\\\/\\\/www.laguiadepamplona.com\\\/actualidad\\\/\",\"name\":\"La gu\u00eda de Pamplona\",\"description\":\"Noticias de Pamplona\",\"publisher\":{\"@id\":\"https:\\\/\\\/www.laguiadepamplona.com\\\/actualidad\\\/#organization\"},\"potentialAction\":[{\"@type\":\"SearchAction\",\"target\":{\"@type\":\"EntryPoint\",\"urlTemplate\":\"https:\\\/\\\/www.laguiadepamplona.com\\\/actualidad\\\/?s={search_term_string}\"},\"query-input\":{\"@type\":\"PropertyValueSpecification\",\"valueRequired\":true,\"valueName\":\"search_term_string\"}}],\"inLanguage\":\"es\"},{\"@type\":\"Organization\",\"@id\":\"https:\\\/\\\/www.laguiadepamplona.com\\\/actualidad\\\/#organization\",\"name\":\"La Gu\u00eda de Pamplona \\\/ Noticias\",\"url\":\"https:\\\/\\\/www.laguiadepamplona.com\\\/actualidad\\\/\",\"logo\":{\"@type\":\"ImageObject\",\"inLanguage\":\"es\",\"@id\":\"https:\\\/\\\/www.laguiadepamplona.com\\\/actualidad\\\/#\\\/schema\\\/logo\\\/image\\\/\",\"url\":\"https:\\\/\\\/www.laguiadepamplona.com\\\/actualidad\\\/wp-content\\\/uploads\\\/2018\\\/11\\\/logo-laguiadepamplona18-web1.png\",\"contentUrl\":\"https:\\\/\\\/www.laguiadepamplona.com\\\/actualidad\\\/wp-content\\\/uploads\\\/2018\\\/11\\\/logo-laguiadepamplona18-web1.png\",\"width\":600,\"height\":196,\"caption\":\"La Gu\u00eda de Pamplona \\\/ Noticias\"},\"image\":{\"@id\":\"https:\\\/\\\/www.laguiadepamplona.com\\\/actualidad\\\/#\\\/schema\\\/logo\\\/image\\\/\"},\"sameAs\":[\"https:\\\/\\\/www.facebook.com\\\/laguiadepamplonacom-133175176762273\\\/?ref=hl\",\"https:\\\/\\\/x.com\\\/LaGuiadPamplona\",\"https:\\\/\\\/www.instagram.com\\\/la_guia_de_pamplona\\\/\",\"https:\\\/\\\/www.youtube.com\\\/user\\\/laguiadepamplona\"]},{\"@type\":\"Person\",\"@id\":\"https:\\\/\\\/www.laguiadepamplona.com\\\/actualidad\\\/#\\\/schema\\\/person\\\/efe887376f0213d4657c93adc50b1fdb\",\"name\":\"La Gu\u00eda de Pamplona\",\"image\":{\"@type\":\"ImageObject\",\"inLanguage\":\"es\",\"@id\":\"https:\\\/\\\/secure.gravatar.com\\\/avatar\\\/b6992f131dc8d30ab0dff15446e9d346d9dbd95992de0fef795073f5ea83a81c?s=96&d=mm&r=g\",\"url\":\"https:\\\/\\\/secure.gravatar.com\\\/avatar\\\/b6992f131dc8d30ab0dff15446e9d346d9dbd95992de0fef795073f5ea83a81c?s=96&d=mm&r=g\",\"contentUrl\":\"https:\\\/\\\/secure.gravatar.com\\\/avatar\\\/b6992f131dc8d30ab0dff15446e9d346d9dbd95992de0fef795073f5ea83a81c?s=96&d=mm&r=g\",\"caption\":\"La Gu\u00eda de Pamplona\"}}]}<\/script>\n<!-- \/ Yoast SEO plugin. -->","yoast_head_json":{"title":"Cuatro propuestas de m\u00fasica, teatro, danza, artes visuales o experimentaci\u00f3n art\u00edstica integran #Civivoxinthemapping, el Festival de Artes Esc\u00e9nicas para la Primera Infancia","description":"Civivox Mendillorri acoge la cuarta edici\u00f3n, del 2 al 23 de noviembre, que incluye un taller para profesionales de la Educaci\u00f3n...","robots":{"index":"index","follow":"follow","max-snippet":"max-snippet:-1","max-image-preview":"max-image-preview:large","max-video-preview":"max-video-preview:-1"},"canonical":"https:\/\/www.laguiadepamplona.com\/actualidad\/cuatro-propuestas-de-musica-teatro-danza-artes-visuales-o-experimentacion-artistica-integran-civivoxinthemapping-el-festival-de-artes-escenicas-para-la-primera-infancia\/","og_locale":"es_ES","og_type":"article","og_title":"Cuatro propuestas de m\u00fasica, teatro, danza, artes visuales o experimentaci\u00f3n art\u00edstica integran #Civivoxinthemapping, el Festival de Artes Esc\u00e9nicas para la Primera Infancia","og_description":"Civivox Mendillorri acoge la cuarta edici\u00f3n, del 2 al 23 de noviembre, que incluye un taller para profesionales de la Educaci\u00f3n...","og_url":"https:\/\/www.laguiadepamplona.com\/actualidad\/cuatro-propuestas-de-musica-teatro-danza-artes-visuales-o-experimentacion-artistica-integran-civivoxinthemapping-el-festival-de-artes-escenicas-para-la-primera-infancia\/","og_site_name":"La Gu\u00eda de Pamplona","article_publisher":"https:\/\/www.facebook.com\/laguiadepamplonacom-133175176762273\/?ref=hl","article_published_time":"2024-10-25T11:18:56+00:00","og_image":[{"width":1000,"height":665,"url":"https:\/\/www.laguiadepamplona.com\/actualidad\/wp-content\/uploads\/2024\/06\/civivox-mendillrri.webp","type":"image\/webp"}],"author":"La Gu\u00eda de Pamplona","twitter_card":"summary_large_image","twitter_creator":"@LaGuiadPamplona","twitter_site":"@LaGuiadPamplona","twitter_misc":{"Escrito por":"La Gu\u00eda de Pamplona","Tiempo de lectura":"5 minutos"},"schema":{"@context":"https:\/\/schema.org","@graph":[{"@type":"Article","@id":"https:\/\/www.laguiadepamplona.com\/actualidad\/cuatro-propuestas-de-musica-teatro-danza-artes-visuales-o-experimentacion-artistica-integran-civivoxinthemapping-el-festival-de-artes-escenicas-para-la-primera-infancia\/#article","isPartOf":{"@id":"https:\/\/www.laguiadepamplona.com\/actualidad\/cuatro-propuestas-de-musica-teatro-danza-artes-visuales-o-experimentacion-artistica-integran-civivoxinthemapping-el-festival-de-artes-escenicas-para-la-primera-infancia\/"},"author":{"name":"La Gu\u00eda de Pamplona","@id":"https:\/\/www.laguiadepamplona.com\/actualidad\/#\/schema\/person\/efe887376f0213d4657c93adc50b1fdb"},"headline":"Cuatro propuestas de m\u00fasica, teatro, danza, artes visuales o experimentaci\u00f3n art\u00edstica integran #Civivoxinthemapping, el Festival de Artes Esc\u00e9nicas para la Primera Infancia","datePublished":"2024-10-25T11:18:56+00:00","mainEntityOfPage":{"@id":"https:\/\/www.laguiadepamplona.com\/actualidad\/cuatro-propuestas-de-musica-teatro-danza-artes-visuales-o-experimentacion-artistica-integran-civivoxinthemapping-el-festival-de-artes-escenicas-para-la-primera-infancia\/"},"wordCount":1035,"commentCount":0,"publisher":{"@id":"https:\/\/www.laguiadepamplona.com\/actualidad\/#organization"},"image":{"@id":"https:\/\/www.laguiadepamplona.com\/actualidad\/cuatro-propuestas-de-musica-teatro-danza-artes-visuales-o-experimentacion-artistica-integran-civivoxinthemapping-el-festival-de-artes-escenicas-para-la-primera-infancia\/#primaryimage"},"thumbnailUrl":"https:\/\/www.laguiadepamplona.com\/actualidad\/wp-content\/uploads\/2024\/06\/civivox-mendillrri.webp","articleSection":["Ayto Pamplona"],"inLanguage":"es","potentialAction":[{"@type":"CommentAction","name":"Comment","target":["https:\/\/www.laguiadepamplona.com\/actualidad\/cuatro-propuestas-de-musica-teatro-danza-artes-visuales-o-experimentacion-artistica-integran-civivoxinthemapping-el-festival-de-artes-escenicas-para-la-primera-infancia\/#respond"]}]},{"@type":"WebPage","@id":"https:\/\/www.laguiadepamplona.com\/actualidad\/cuatro-propuestas-de-musica-teatro-danza-artes-visuales-o-experimentacion-artistica-integran-civivoxinthemapping-el-festival-de-artes-escenicas-para-la-primera-infancia\/","url":"https:\/\/www.laguiadepamplona.com\/actualidad\/cuatro-propuestas-de-musica-teatro-danza-artes-visuales-o-experimentacion-artistica-integran-civivoxinthemapping-el-festival-de-artes-escenicas-para-la-primera-infancia\/","name":"Cuatro propuestas de m\u00fasica, teatro, danza, artes visuales o experimentaci\u00f3n art\u00edstica integran #Civivoxinthemapping, el Festival de Artes Esc\u00e9nicas para la Primera Infancia","isPartOf":{"@id":"https:\/\/www.laguiadepamplona.com\/actualidad\/#website"},"primaryImageOfPage":{"@id":"https:\/\/www.laguiadepamplona.com\/actualidad\/cuatro-propuestas-de-musica-teatro-danza-artes-visuales-o-experimentacion-artistica-integran-civivoxinthemapping-el-festival-de-artes-escenicas-para-la-primera-infancia\/#primaryimage"},"image":{"@id":"https:\/\/www.laguiadepamplona.com\/actualidad\/cuatro-propuestas-de-musica-teatro-danza-artes-visuales-o-experimentacion-artistica-integran-civivoxinthemapping-el-festival-de-artes-escenicas-para-la-primera-infancia\/#primaryimage"},"thumbnailUrl":"https:\/\/www.laguiadepamplona.com\/actualidad\/wp-content\/uploads\/2024\/06\/civivox-mendillrri.webp","datePublished":"2024-10-25T11:18:56+00:00","description":"Civivox Mendillorri acoge la cuarta edici\u00f3n, del 2 al 23 de noviembre, que incluye un taller para profesionales de la Educaci\u00f3n...","breadcrumb":{"@id":"https:\/\/www.laguiadepamplona.com\/actualidad\/cuatro-propuestas-de-musica-teatro-danza-artes-visuales-o-experimentacion-artistica-integran-civivoxinthemapping-el-festival-de-artes-escenicas-para-la-primera-infancia\/#breadcrumb"},"inLanguage":"es","potentialAction":[{"@type":"ReadAction","target":["https:\/\/www.laguiadepamplona.com\/actualidad\/cuatro-propuestas-de-musica-teatro-danza-artes-visuales-o-experimentacion-artistica-integran-civivoxinthemapping-el-festival-de-artes-escenicas-para-la-primera-infancia\/"]}]},{"@type":"ImageObject","inLanguage":"es","@id":"https:\/\/www.laguiadepamplona.com\/actualidad\/cuatro-propuestas-de-musica-teatro-danza-artes-visuales-o-experimentacion-artistica-integran-civivoxinthemapping-el-festival-de-artes-escenicas-para-la-primera-infancia\/#primaryimage","url":"https:\/\/www.laguiadepamplona.com\/actualidad\/wp-content\/uploads\/2024\/06\/civivox-mendillrri.webp","contentUrl":"https:\/\/www.laguiadepamplona.com\/actualidad\/wp-content\/uploads\/2024\/06\/civivox-mendillrri.webp","width":1000,"height":665,"caption":"civivox mendillorri"},{"@type":"BreadcrumbList","@id":"https:\/\/www.laguiadepamplona.com\/actualidad\/cuatro-propuestas-de-musica-teatro-danza-artes-visuales-o-experimentacion-artistica-integran-civivoxinthemapping-el-festival-de-artes-escenicas-para-la-primera-infancia\/#breadcrumb","itemListElement":[{"@type":"ListItem","position":1,"name":"Portada","item":"https:\/\/www.laguiadepamplona.com\/actualidad\/"},{"@type":"ListItem","position":2,"name":"Cuatro propuestas de m\u00fasica, teatro, danza, artes visuales o experimentaci\u00f3n art\u00edstica integran #Civivoxinthemapping, el Festival de Artes Esc\u00e9nicas para la Primera Infancia"}]},{"@type":"WebSite","@id":"https:\/\/www.laguiadepamplona.com\/actualidad\/#website","url":"https:\/\/www.laguiadepamplona.com\/actualidad\/","name":"La gu\u00eda de Pamplona","description":"Noticias de Pamplona","publisher":{"@id":"https:\/\/www.laguiadepamplona.com\/actualidad\/#organization"},"potentialAction":[{"@type":"SearchAction","target":{"@type":"EntryPoint","urlTemplate":"https:\/\/www.laguiadepamplona.com\/actualidad\/?s={search_term_string}"},"query-input":{"@type":"PropertyValueSpecification","valueRequired":true,"valueName":"search_term_string"}}],"inLanguage":"es"},{"@type":"Organization","@id":"https:\/\/www.laguiadepamplona.com\/actualidad\/#organization","name":"La Gu\u00eda de Pamplona \/ Noticias","url":"https:\/\/www.laguiadepamplona.com\/actualidad\/","logo":{"@type":"ImageObject","inLanguage":"es","@id":"https:\/\/www.laguiadepamplona.com\/actualidad\/#\/schema\/logo\/image\/","url":"https:\/\/www.laguiadepamplona.com\/actualidad\/wp-content\/uploads\/2018\/11\/logo-laguiadepamplona18-web1.png","contentUrl":"https:\/\/www.laguiadepamplona.com\/actualidad\/wp-content\/uploads\/2018\/11\/logo-laguiadepamplona18-web1.png","width":600,"height":196,"caption":"La Gu\u00eda de Pamplona \/ Noticias"},"image":{"@id":"https:\/\/www.laguiadepamplona.com\/actualidad\/#\/schema\/logo\/image\/"},"sameAs":["https:\/\/www.facebook.com\/laguiadepamplonacom-133175176762273\/?ref=hl","https:\/\/x.com\/LaGuiadPamplona","https:\/\/www.instagram.com\/la_guia_de_pamplona\/","https:\/\/www.youtube.com\/user\/laguiadepamplona"]},{"@type":"Person","@id":"https:\/\/www.laguiadepamplona.com\/actualidad\/#\/schema\/person\/efe887376f0213d4657c93adc50b1fdb","name":"La Gu\u00eda de Pamplona","image":{"@type":"ImageObject","inLanguage":"es","@id":"https:\/\/secure.gravatar.com\/avatar\/b6992f131dc8d30ab0dff15446e9d346d9dbd95992de0fef795073f5ea83a81c?s=96&d=mm&r=g","url":"https:\/\/secure.gravatar.com\/avatar\/b6992f131dc8d30ab0dff15446e9d346d9dbd95992de0fef795073f5ea83a81c?s=96&d=mm&r=g","contentUrl":"https:\/\/secure.gravatar.com\/avatar\/b6992f131dc8d30ab0dff15446e9d346d9dbd95992de0fef795073f5ea83a81c?s=96&d=mm&r=g","caption":"La Gu\u00eda de Pamplona"}}]}},"post_mailing_queue_ids":[],"_links":{"self":[{"href":"https:\/\/www.laguiadepamplona.com\/actualidad\/wp-json\/wp\/v2\/posts\/51126","targetHints":{"allow":["GET"]}}],"collection":[{"href":"https:\/\/www.laguiadepamplona.com\/actualidad\/wp-json\/wp\/v2\/posts"}],"about":[{"href":"https:\/\/www.laguiadepamplona.com\/actualidad\/wp-json\/wp\/v2\/types\/post"}],"author":[{"embeddable":true,"href":"https:\/\/www.laguiadepamplona.com\/actualidad\/wp-json\/wp\/v2\/users\/1"}],"replies":[{"embeddable":true,"href":"https:\/\/www.laguiadepamplona.com\/actualidad\/wp-json\/wp\/v2\/comments?post=51126"}],"version-history":[{"count":1,"href":"https:\/\/www.laguiadepamplona.com\/actualidad\/wp-json\/wp\/v2\/posts\/51126\/revisions"}],"predecessor-version":[{"id":51127,"href":"https:\/\/www.laguiadepamplona.com\/actualidad\/wp-json\/wp\/v2\/posts\/51126\/revisions\/51127"}],"wp:featuredmedia":[{"embeddable":true,"href":"https:\/\/www.laguiadepamplona.com\/actualidad\/wp-json\/wp\/v2\/media\/50109"}],"wp:attachment":[{"href":"https:\/\/www.laguiadepamplona.com\/actualidad\/wp-json\/wp\/v2\/media?parent=51126"}],"wp:term":[{"taxonomy":"category","embeddable":true,"href":"https:\/\/www.laguiadepamplona.com\/actualidad\/wp-json\/wp\/v2\/categories?post=51126"},{"taxonomy":"post_tag","embeddable":true,"href":"https:\/\/www.laguiadepamplona.com\/actualidad\/wp-json\/wp\/v2\/tags?post=51126"}],"curies":[{"name":"wp","href":"https:\/\/api.w.org\/{rel}","templated":true}]}}