{"id":51121,"date":"2024-10-24T12:32:39","date_gmt":"2024-10-24T10:32:39","guid":{"rendered":"https:\/\/www.laguiadepamplona.com\/actualidad\/?p=51121"},"modified":"2024-10-24T12:32:39","modified_gmt":"2024-10-24T10:32:39","slug":"seis-entidades-sociales-que-atienden-a-personas-con-diversidad-funcional-muestran-interes-por-las-viviendas-municipales-de-san-pedro","status":"publish","type":"post","link":"https:\/\/www.laguiadepamplona.com\/actualidad\/seis-entidades-sociales-que-atienden-a-personas-con-diversidad-funcional-muestran-interes-por-las-viviendas-municipales-de-san-pedro\/","title":{"rendered":"Seis entidades sociales que atienden a personas con diversidad funcional muestran inter\u00e9s por las viviendas municipales de San Pedro"},"content":{"rendered":"<h2 class=\"x_2Subtitulo\">El Ayuntamiento y las entidades rubricar\u00e1n sendos convenios de colaboraci\u00f3n para que puedan comenzar a usarse a principios de 2025<\/h2>\n<p class=\"x_MsoNormal\"><!--more--><\/p>\n<p class=\"x_3Texto\">El Ayuntamiento de Pamplona ha entablado contactos con el CERMIN, el Comit\u00e9 de Representantes de Personas con Discapacidad de Navarra, para la cesi\u00f3n de las viviendas municipales de San Pedro, que el Consistorio ha rehabilitado al abrigo del proyecto europeo OpenLab. De las ocho entidades que forman parte de CERMIN, seis han mostrado inter\u00e9s por poder optar a esas viviendas y facilitar con ellas la autonom\u00eda y la inclusi\u00f3n social de personas con discapacidad.<\/p>\n<p class=\"x_3Texto\">En concreto, han solicitado una de esas viviendas Aspace (Asociaci\u00f3n para la Atenci\u00f3n de la Par\u00e1lisis Cerebral), Cocemfe (Federaci\u00f3n de Asociaciones de Personas con Discapacidad F\u00edsica y Org\u00e1nica), ASDN (Asociaci\u00f3n de S\u00edndrome de Down de Navarra), Anasaps (Asociaci\u00f3n Navarra para la Salud Mental), ANA (Asociaci\u00f3n Navarra de Autismo) y Plena Inclusi\u00f3n, que incluye a Anfas y a FutuNa. El objetivo es que estas viviendas puedan acoger a personas con alguna discapacidad y, en ocasiones, a supervisores o cuidadores. Cada una de estas entidades ha realizado entre sus asociados un an\u00e1lisis de qu\u00e9 personas podr\u00edan optar a esas viviendas, por su nivel de autonom\u00eda y sus necesidades personales, sociales y laborales.<\/p>\n<p class=\"x_3Texto\">En principio, el Consistorio tiene previsto ceder a este fin un m\u00e1ximo de ocho de las doce viviendas rehabilitadas. Dado el tama\u00f1o de \u00e9stas, la idea es que puedan acoger a dos personas por apartamento, ya que tienen dos habitaciones. Las obras de rehabilitaci\u00f3n ya han concluido. Sin embargo, ahora falta el mobiliario. El Ayuntamiento est\u00e1 elaborando la licitaci\u00f3n correspondiente, con el objetivo de que puedan estar listas para final de a\u00f1o.<\/p>\n<p class=\"x_3Texto\">Las entidades solicitantes y responsables municipales visitar\u00e1n en las pr\u00f3ximas semanas los inmuebles para analizar su adecuaci\u00f3n a los nuevos fines que se prev\u00e9n. Una vez realizada esa visita y tras conocer las necesidades concretas de uso de cada entidad, el Ayuntamiento asignar\u00e1, mediante convenio, una vivienda para cada entidad.<\/p>\n<p class=\"x_3Texto\">El objetivo es que esos convenios se suscriban, como tarde, en el mes de diciembre, de forma que las personas usuarias puedan acceder a las nuevas viviendas a principios de 2025. El ayuntamiento ceder\u00e1 las viviendas amuebladas y las entidades del CERMIN ser\u00e1n las encargadas de seleccionar a las personas con discapacidad y se encargan del acompa\u00f1amiento.<\/p>\n","protected":false},"excerpt":{"rendered":"<p>El Ayuntamiento y las entidades rubricar\u00e1n sendos convenios de colaboraci\u00f3n para que puedan comenzar a usarse a principios de 2025<\/p>\n","protected":false},"author":1,"featured_media":50953,"comment_status":"open","ping_status":"closed","sticky":false,"template":"","format":"standard","meta":{"footnotes":""},"categories":[2],"tags":[],"class_list":["post-51121","post","type-post","status-publish","format-standard","has-post-thumbnail","hentry","category-ayuntamiento-pamplona"],"yoast_head":"<!-- This site is optimized with the Yoast SEO plugin v27.3 - https:\/\/yoast.com\/product\/yoast-seo-wordpress\/ -->\n<title>Seis entidades sociales que atienden a personas con diversidad funcional muestran inter\u00e9s por las viviendas municipales de San Pedro<\/title>\n<meta name=\"description\" content=\"El Ayuntamiento y las entidades rubricar\u00e1n sendos convenios de colaboraci\u00f3n para que puedan comenzar a usarse a principios de 2025\" \/>\n<meta name=\"robots\" content=\"index, follow, max-snippet:-1, max-image-preview:large, max-video-preview:-1\" \/>\n<link rel=\"canonical\" href=\"https:\/\/www.laguiadepamplona.com\/actualidad\/seis-entidades-sociales-que-atienden-a-personas-con-diversidad-funcional-muestran-interes-por-las-viviendas-municipales-de-san-pedro\/\" \/>\n<meta property=\"og:locale\" content=\"es_ES\" \/>\n<meta property=\"og:type\" content=\"article\" \/>\n<meta property=\"og:title\" content=\"Seis entidades sociales que atienden a personas con diversidad funcional muestran inter\u00e9s por las viviendas municipales de San Pedro\" \/>\n<meta property=\"og:description\" content=\"El Ayuntamiento y las entidades rubricar\u00e1n sendos convenios de colaboraci\u00f3n para que puedan comenzar a usarse a principios de 2025\" \/>\n<meta property=\"og:url\" content=\"https:\/\/www.laguiadepamplona.com\/actualidad\/seis-entidades-sociales-que-atienden-a-personas-con-diversidad-funcional-muestran-interes-por-las-viviendas-municipales-de-san-pedro\/\" \/>\n<meta property=\"og:site_name\" content=\"La Gu\u00eda de Pamplona\" \/>\n<meta property=\"article:publisher\" content=\"https:\/\/www.facebook.com\/laguiadepamplonacom-133175176762273\/?ref=hl\" \/>\n<meta property=\"article:published_time\" content=\"2024-10-24T10:32:39+00:00\" \/>\n<meta property=\"og:image\" content=\"https:\/\/www.laguiadepamplona.com\/actualidad\/wp-content\/uploads\/2024\/10\/Viviendas-San-Pedro_web.webp\" \/>\n\t<meta property=\"og:image:width\" content=\"1000\" \/>\n\t<meta property=\"og:image:height\" content=\"666\" \/>\n\t<meta property=\"og:image:type\" content=\"image\/webp\" \/>\n<meta name=\"author\" content=\"La Gu\u00eda de Pamplona\" \/>\n<meta name=\"twitter:card\" content=\"summary_large_image\" \/>\n<meta name=\"twitter:creator\" content=\"@LaGuiadPamplona\" \/>\n<meta name=\"twitter:site\" content=\"@LaGuiadPamplona\" \/>\n<meta name=\"twitter:label1\" content=\"Escrito por\" \/>\n\t<meta name=\"twitter:data1\" content=\"La Gu\u00eda de Pamplona\" \/>\n\t<meta name=\"twitter:label2\" content=\"Tiempo de lectura\" \/>\n\t<meta name=\"twitter:data2\" content=\"2 minutos\" \/>\n<script type=\"application\/ld+json\" class=\"yoast-schema-graph\">{\"@context\":\"https:\\\/\\\/schema.org\",\"@graph\":[{\"@type\":\"Article\",\"@id\":\"https:\\\/\\\/www.laguiadepamplona.com\\\/actualidad\\\/seis-entidades-sociales-que-atienden-a-personas-con-diversidad-funcional-muestran-interes-por-las-viviendas-municipales-de-san-pedro\\\/#article\",\"isPartOf\":{\"@id\":\"https:\\\/\\\/www.laguiadepamplona.com\\\/actualidad\\\/seis-entidades-sociales-que-atienden-a-personas-con-diversidad-funcional-muestran-interes-por-las-viviendas-municipales-de-san-pedro\\\/\"},\"author\":{\"name\":\"La Gu\u00eda de Pamplona\",\"@id\":\"https:\\\/\\\/www.laguiadepamplona.com\\\/actualidad\\\/#\\\/schema\\\/person\\\/efe887376f0213d4657c93adc50b1fdb\"},\"headline\":\"Seis entidades sociales que atienden a personas con diversidad funcional muestran inter\u00e9s por las viviendas municipales de San Pedro\",\"datePublished\":\"2024-10-24T10:32:39+00:00\",\"mainEntityOfPage\":{\"@id\":\"https:\\\/\\\/www.laguiadepamplona.com\\\/actualidad\\\/seis-entidades-sociales-que-atienden-a-personas-con-diversidad-funcional-muestran-interes-por-las-viviendas-municipales-de-san-pedro\\\/\"},\"wordCount\":432,\"commentCount\":0,\"publisher\":{\"@id\":\"https:\\\/\\\/www.laguiadepamplona.com\\\/actualidad\\\/#organization\"},\"image\":{\"@id\":\"https:\\\/\\\/www.laguiadepamplona.com\\\/actualidad\\\/seis-entidades-sociales-que-atienden-a-personas-con-diversidad-funcional-muestran-interes-por-las-viviendas-municipales-de-san-pedro\\\/#primaryimage\"},\"thumbnailUrl\":\"https:\\\/\\\/www.laguiadepamplona.com\\\/actualidad\\\/wp-content\\\/uploads\\\/2024\\\/10\\\/Viviendas-San-Pedro_web.webp\",\"articleSection\":[\"Ayto Pamplona\"],\"inLanguage\":\"es\",\"potentialAction\":[{\"@type\":\"CommentAction\",\"name\":\"Comment\",\"target\":[\"https:\\\/\\\/www.laguiadepamplona.com\\\/actualidad\\\/seis-entidades-sociales-que-atienden-a-personas-con-diversidad-funcional-muestran-interes-por-las-viviendas-municipales-de-san-pedro\\\/#respond\"]}]},{\"@type\":\"WebPage\",\"@id\":\"https:\\\/\\\/www.laguiadepamplona.com\\\/actualidad\\\/seis-entidades-sociales-que-atienden-a-personas-con-diversidad-funcional-muestran-interes-por-las-viviendas-municipales-de-san-pedro\\\/\",\"url\":\"https:\\\/\\\/www.laguiadepamplona.com\\\/actualidad\\\/seis-entidades-sociales-que-atienden-a-personas-con-diversidad-funcional-muestran-interes-por-las-viviendas-municipales-de-san-pedro\\\/\",\"name\":\"Seis entidades sociales que atienden a personas con diversidad funcional muestran inter\u00e9s por las viviendas municipales de San Pedro\",\"isPartOf\":{\"@id\":\"https:\\\/\\\/www.laguiadepamplona.com\\\/actualidad\\\/#website\"},\"primaryImageOfPage\":{\"@id\":\"https:\\\/\\\/www.laguiadepamplona.com\\\/actualidad\\\/seis-entidades-sociales-que-atienden-a-personas-con-diversidad-funcional-muestran-interes-por-las-viviendas-municipales-de-san-pedro\\\/#primaryimage\"},\"image\":{\"@id\":\"https:\\\/\\\/www.laguiadepamplona.com\\\/actualidad\\\/seis-entidades-sociales-que-atienden-a-personas-con-diversidad-funcional-muestran-interes-por-las-viviendas-municipales-de-san-pedro\\\/#primaryimage\"},\"thumbnailUrl\":\"https:\\\/\\\/www.laguiadepamplona.com\\\/actualidad\\\/wp-content\\\/uploads\\\/2024\\\/10\\\/Viviendas-San-Pedro_web.webp\",\"datePublished\":\"2024-10-24T10:32:39+00:00\",\"description\":\"El Ayuntamiento y las entidades rubricar\u00e1n sendos convenios de colaboraci\u00f3n para que puedan comenzar a usarse a principios de 2025\",\"breadcrumb\":{\"@id\":\"https:\\\/\\\/www.laguiadepamplona.com\\\/actualidad\\\/seis-entidades-sociales-que-atienden-a-personas-con-diversidad-funcional-muestran-interes-por-las-viviendas-municipales-de-san-pedro\\\/#breadcrumb\"},\"inLanguage\":\"es\",\"potentialAction\":[{\"@type\":\"ReadAction\",\"target\":[\"https:\\\/\\\/www.laguiadepamplona.com\\\/actualidad\\\/seis-entidades-sociales-que-atienden-a-personas-con-diversidad-funcional-muestran-interes-por-las-viviendas-municipales-de-san-pedro\\\/\"]}]},{\"@type\":\"ImageObject\",\"inLanguage\":\"es\",\"@id\":\"https:\\\/\\\/www.laguiadepamplona.com\\\/actualidad\\\/seis-entidades-sociales-que-atienden-a-personas-con-diversidad-funcional-muestran-interes-por-las-viviendas-municipales-de-san-pedro\\\/#primaryimage\",\"url\":\"https:\\\/\\\/www.laguiadepamplona.com\\\/actualidad\\\/wp-content\\\/uploads\\\/2024\\\/10\\\/Viviendas-San-Pedro_web.webp\",\"contentUrl\":\"https:\\\/\\\/www.laguiadepamplona.com\\\/actualidad\\\/wp-content\\\/uploads\\\/2024\\\/10\\\/Viviendas-San-Pedro_web.webp\",\"width\":1000,\"height\":666,\"caption\":\"Viviendas San Pedro\"},{\"@type\":\"BreadcrumbList\",\"@id\":\"https:\\\/\\\/www.laguiadepamplona.com\\\/actualidad\\\/seis-entidades-sociales-que-atienden-a-personas-con-diversidad-funcional-muestran-interes-por-las-viviendas-municipales-de-san-pedro\\\/#breadcrumb\",\"itemListElement\":[{\"@type\":\"ListItem\",\"position\":1,\"name\":\"Portada\",\"item\":\"https:\\\/\\\/www.laguiadepamplona.com\\\/actualidad\\\/\"},{\"@type\":\"ListItem\",\"position\":2,\"name\":\"Seis entidades sociales que atienden a personas con diversidad funcional muestran inter\u00e9s por las viviendas municipales de San Pedro\"}]},{\"@type\":\"WebSite\",\"@id\":\"https:\\\/\\\/www.laguiadepamplona.com\\\/actualidad\\\/#website\",\"url\":\"https:\\\/\\\/www.laguiadepamplona.com\\\/actualidad\\\/\",\"name\":\"La gu\u00eda de Pamplona\",\"description\":\"Noticias de Pamplona\",\"publisher\":{\"@id\":\"https:\\\/\\\/www.laguiadepamplona.com\\\/actualidad\\\/#organization\"},\"potentialAction\":[{\"@type\":\"SearchAction\",\"target\":{\"@type\":\"EntryPoint\",\"urlTemplate\":\"https:\\\/\\\/www.laguiadepamplona.com\\\/actualidad\\\/?s={search_term_string}\"},\"query-input\":{\"@type\":\"PropertyValueSpecification\",\"valueRequired\":true,\"valueName\":\"search_term_string\"}}],\"inLanguage\":\"es\"},{\"@type\":\"Organization\",\"@id\":\"https:\\\/\\\/www.laguiadepamplona.com\\\/actualidad\\\/#organization\",\"name\":\"La Gu\u00eda de Pamplona \\\/ Noticias\",\"url\":\"https:\\\/\\\/www.laguiadepamplona.com\\\/actualidad\\\/\",\"logo\":{\"@type\":\"ImageObject\",\"inLanguage\":\"es\",\"@id\":\"https:\\\/\\\/www.laguiadepamplona.com\\\/actualidad\\\/#\\\/schema\\\/logo\\\/image\\\/\",\"url\":\"https:\\\/\\\/www.laguiadepamplona.com\\\/actualidad\\\/wp-content\\\/uploads\\\/2018\\\/11\\\/logo-laguiadepamplona18-web1.png\",\"contentUrl\":\"https:\\\/\\\/www.laguiadepamplona.com\\\/actualidad\\\/wp-content\\\/uploads\\\/2018\\\/11\\\/logo-laguiadepamplona18-web1.png\",\"width\":600,\"height\":196,\"caption\":\"La Gu\u00eda de Pamplona \\\/ Noticias\"},\"image\":{\"@id\":\"https:\\\/\\\/www.laguiadepamplona.com\\\/actualidad\\\/#\\\/schema\\\/logo\\\/image\\\/\"},\"sameAs\":[\"https:\\\/\\\/www.facebook.com\\\/laguiadepamplonacom-133175176762273\\\/?ref=hl\",\"https:\\\/\\\/x.com\\\/LaGuiadPamplona\",\"https:\\\/\\\/www.instagram.com\\\/la_guia_de_pamplona\\\/\",\"https:\\\/\\\/www.youtube.com\\\/user\\\/laguiadepamplona\"]},{\"@type\":\"Person\",\"@id\":\"https:\\\/\\\/www.laguiadepamplona.com\\\/actualidad\\\/#\\\/schema\\\/person\\\/efe887376f0213d4657c93adc50b1fdb\",\"name\":\"La Gu\u00eda de Pamplona\",\"image\":{\"@type\":\"ImageObject\",\"inLanguage\":\"es\",\"@id\":\"https:\\\/\\\/secure.gravatar.com\\\/avatar\\\/b6992f131dc8d30ab0dff15446e9d346d9dbd95992de0fef795073f5ea83a81c?s=96&d=mm&r=g\",\"url\":\"https:\\\/\\\/secure.gravatar.com\\\/avatar\\\/b6992f131dc8d30ab0dff15446e9d346d9dbd95992de0fef795073f5ea83a81c?s=96&d=mm&r=g\",\"contentUrl\":\"https:\\\/\\\/secure.gravatar.com\\\/avatar\\\/b6992f131dc8d30ab0dff15446e9d346d9dbd95992de0fef795073f5ea83a81c?s=96&d=mm&r=g\",\"caption\":\"La Gu\u00eda de Pamplona\"}}]}<\/script>\n<!-- \/ Yoast SEO plugin. -->","yoast_head_json":{"title":"Seis entidades sociales que atienden a personas con diversidad funcional muestran inter\u00e9s por las viviendas municipales de San Pedro","description":"El Ayuntamiento y las entidades rubricar\u00e1n sendos convenios de colaboraci\u00f3n para que puedan comenzar a usarse a principios de 2025","robots":{"index":"index","follow":"follow","max-snippet":"max-snippet:-1","max-image-preview":"max-image-preview:large","max-video-preview":"max-video-preview:-1"},"canonical":"https:\/\/www.laguiadepamplona.com\/actualidad\/seis-entidades-sociales-que-atienden-a-personas-con-diversidad-funcional-muestran-interes-por-las-viviendas-municipales-de-san-pedro\/","og_locale":"es_ES","og_type":"article","og_title":"Seis entidades sociales que atienden a personas con diversidad funcional muestran inter\u00e9s por las viviendas municipales de San Pedro","og_description":"El Ayuntamiento y las entidades rubricar\u00e1n sendos convenios de colaboraci\u00f3n para que puedan comenzar a usarse a principios de 2025","og_url":"https:\/\/www.laguiadepamplona.com\/actualidad\/seis-entidades-sociales-que-atienden-a-personas-con-diversidad-funcional-muestran-interes-por-las-viviendas-municipales-de-san-pedro\/","og_site_name":"La Gu\u00eda de Pamplona","article_publisher":"https:\/\/www.facebook.com\/laguiadepamplonacom-133175176762273\/?ref=hl","article_published_time":"2024-10-24T10:32:39+00:00","og_image":[{"width":1000,"height":666,"url":"https:\/\/www.laguiadepamplona.com\/actualidad\/wp-content\/uploads\/2024\/10\/Viviendas-San-Pedro_web.webp","type":"image\/webp"}],"author":"La Gu\u00eda de Pamplona","twitter_card":"summary_large_image","twitter_creator":"@LaGuiadPamplona","twitter_site":"@LaGuiadPamplona","twitter_misc":{"Escrito por":"La Gu\u00eda de Pamplona","Tiempo de lectura":"2 minutos"},"schema":{"@context":"https:\/\/schema.org","@graph":[{"@type":"Article","@id":"https:\/\/www.laguiadepamplona.com\/actualidad\/seis-entidades-sociales-que-atienden-a-personas-con-diversidad-funcional-muestran-interes-por-las-viviendas-municipales-de-san-pedro\/#article","isPartOf":{"@id":"https:\/\/www.laguiadepamplona.com\/actualidad\/seis-entidades-sociales-que-atienden-a-personas-con-diversidad-funcional-muestran-interes-por-las-viviendas-municipales-de-san-pedro\/"},"author":{"name":"La Gu\u00eda de Pamplona","@id":"https:\/\/www.laguiadepamplona.com\/actualidad\/#\/schema\/person\/efe887376f0213d4657c93adc50b1fdb"},"headline":"Seis entidades sociales que atienden a personas con diversidad funcional muestran inter\u00e9s por las viviendas municipales de San Pedro","datePublished":"2024-10-24T10:32:39+00:00","mainEntityOfPage":{"@id":"https:\/\/www.laguiadepamplona.com\/actualidad\/seis-entidades-sociales-que-atienden-a-personas-con-diversidad-funcional-muestran-interes-por-las-viviendas-municipales-de-san-pedro\/"},"wordCount":432,"commentCount":0,"publisher":{"@id":"https:\/\/www.laguiadepamplona.com\/actualidad\/#organization"},"image":{"@id":"https:\/\/www.laguiadepamplona.com\/actualidad\/seis-entidades-sociales-que-atienden-a-personas-con-diversidad-funcional-muestran-interes-por-las-viviendas-municipales-de-san-pedro\/#primaryimage"},"thumbnailUrl":"https:\/\/www.laguiadepamplona.com\/actualidad\/wp-content\/uploads\/2024\/10\/Viviendas-San-Pedro_web.webp","articleSection":["Ayto Pamplona"],"inLanguage":"es","potentialAction":[{"@type":"CommentAction","name":"Comment","target":["https:\/\/www.laguiadepamplona.com\/actualidad\/seis-entidades-sociales-que-atienden-a-personas-con-diversidad-funcional-muestran-interes-por-las-viviendas-municipales-de-san-pedro\/#respond"]}]},{"@type":"WebPage","@id":"https:\/\/www.laguiadepamplona.com\/actualidad\/seis-entidades-sociales-que-atienden-a-personas-con-diversidad-funcional-muestran-interes-por-las-viviendas-municipales-de-san-pedro\/","url":"https:\/\/www.laguiadepamplona.com\/actualidad\/seis-entidades-sociales-que-atienden-a-personas-con-diversidad-funcional-muestran-interes-por-las-viviendas-municipales-de-san-pedro\/","name":"Seis entidades sociales que atienden a personas con diversidad funcional muestran inter\u00e9s por las viviendas municipales de San Pedro","isPartOf":{"@id":"https:\/\/www.laguiadepamplona.com\/actualidad\/#website"},"primaryImageOfPage":{"@id":"https:\/\/www.laguiadepamplona.com\/actualidad\/seis-entidades-sociales-que-atienden-a-personas-con-diversidad-funcional-muestran-interes-por-las-viviendas-municipales-de-san-pedro\/#primaryimage"},"image":{"@id":"https:\/\/www.laguiadepamplona.com\/actualidad\/seis-entidades-sociales-que-atienden-a-personas-con-diversidad-funcional-muestran-interes-por-las-viviendas-municipales-de-san-pedro\/#primaryimage"},"thumbnailUrl":"https:\/\/www.laguiadepamplona.com\/actualidad\/wp-content\/uploads\/2024\/10\/Viviendas-San-Pedro_web.webp","datePublished":"2024-10-24T10:32:39+00:00","description":"El Ayuntamiento y las entidades rubricar\u00e1n sendos convenios de colaboraci\u00f3n para que puedan comenzar a usarse a principios de 2025","breadcrumb":{"@id":"https:\/\/www.laguiadepamplona.com\/actualidad\/seis-entidades-sociales-que-atienden-a-personas-con-diversidad-funcional-muestran-interes-por-las-viviendas-municipales-de-san-pedro\/#breadcrumb"},"inLanguage":"es","potentialAction":[{"@type":"ReadAction","target":["https:\/\/www.laguiadepamplona.com\/actualidad\/seis-entidades-sociales-que-atienden-a-personas-con-diversidad-funcional-muestran-interes-por-las-viviendas-municipales-de-san-pedro\/"]}]},{"@type":"ImageObject","inLanguage":"es","@id":"https:\/\/www.laguiadepamplona.com\/actualidad\/seis-entidades-sociales-que-atienden-a-personas-con-diversidad-funcional-muestran-interes-por-las-viviendas-municipales-de-san-pedro\/#primaryimage","url":"https:\/\/www.laguiadepamplona.com\/actualidad\/wp-content\/uploads\/2024\/10\/Viviendas-San-Pedro_web.webp","contentUrl":"https:\/\/www.laguiadepamplona.com\/actualidad\/wp-content\/uploads\/2024\/10\/Viviendas-San-Pedro_web.webp","width":1000,"height":666,"caption":"Viviendas San Pedro"},{"@type":"BreadcrumbList","@id":"https:\/\/www.laguiadepamplona.com\/actualidad\/seis-entidades-sociales-que-atienden-a-personas-con-diversidad-funcional-muestran-interes-por-las-viviendas-municipales-de-san-pedro\/#breadcrumb","itemListElement":[{"@type":"ListItem","position":1,"name":"Portada","item":"https:\/\/www.laguiadepamplona.com\/actualidad\/"},{"@type":"ListItem","position":2,"name":"Seis entidades sociales que atienden a personas con diversidad funcional muestran inter\u00e9s por las viviendas municipales de San Pedro"}]},{"@type":"WebSite","@id":"https:\/\/www.laguiadepamplona.com\/actualidad\/#website","url":"https:\/\/www.laguiadepamplona.com\/actualidad\/","name":"La gu\u00eda de Pamplona","description":"Noticias de Pamplona","publisher":{"@id":"https:\/\/www.laguiadepamplona.com\/actualidad\/#organization"},"potentialAction":[{"@type":"SearchAction","target":{"@type":"EntryPoint","urlTemplate":"https:\/\/www.laguiadepamplona.com\/actualidad\/?s={search_term_string}"},"query-input":{"@type":"PropertyValueSpecification","valueRequired":true,"valueName":"search_term_string"}}],"inLanguage":"es"},{"@type":"Organization","@id":"https:\/\/www.laguiadepamplona.com\/actualidad\/#organization","name":"La Gu\u00eda de Pamplona \/ Noticias","url":"https:\/\/www.laguiadepamplona.com\/actualidad\/","logo":{"@type":"ImageObject","inLanguage":"es","@id":"https:\/\/www.laguiadepamplona.com\/actualidad\/#\/schema\/logo\/image\/","url":"https:\/\/www.laguiadepamplona.com\/actualidad\/wp-content\/uploads\/2018\/11\/logo-laguiadepamplona18-web1.png","contentUrl":"https:\/\/www.laguiadepamplona.com\/actualidad\/wp-content\/uploads\/2018\/11\/logo-laguiadepamplona18-web1.png","width":600,"height":196,"caption":"La Gu\u00eda de Pamplona \/ Noticias"},"image":{"@id":"https:\/\/www.laguiadepamplona.com\/actualidad\/#\/schema\/logo\/image\/"},"sameAs":["https:\/\/www.facebook.com\/laguiadepamplonacom-133175176762273\/?ref=hl","https:\/\/x.com\/LaGuiadPamplona","https:\/\/www.instagram.com\/la_guia_de_pamplona\/","https:\/\/www.youtube.com\/user\/laguiadepamplona"]},{"@type":"Person","@id":"https:\/\/www.laguiadepamplona.com\/actualidad\/#\/schema\/person\/efe887376f0213d4657c93adc50b1fdb","name":"La Gu\u00eda de Pamplona","image":{"@type":"ImageObject","inLanguage":"es","@id":"https:\/\/secure.gravatar.com\/avatar\/b6992f131dc8d30ab0dff15446e9d346d9dbd95992de0fef795073f5ea83a81c?s=96&d=mm&r=g","url":"https:\/\/secure.gravatar.com\/avatar\/b6992f131dc8d30ab0dff15446e9d346d9dbd95992de0fef795073f5ea83a81c?s=96&d=mm&r=g","contentUrl":"https:\/\/secure.gravatar.com\/avatar\/b6992f131dc8d30ab0dff15446e9d346d9dbd95992de0fef795073f5ea83a81c?s=96&d=mm&r=g","caption":"La Gu\u00eda de Pamplona"}}]}},"post_mailing_queue_ids":[],"_links":{"self":[{"href":"https:\/\/www.laguiadepamplona.com\/actualidad\/wp-json\/wp\/v2\/posts\/51121","targetHints":{"allow":["GET"]}}],"collection":[{"href":"https:\/\/www.laguiadepamplona.com\/actualidad\/wp-json\/wp\/v2\/posts"}],"about":[{"href":"https:\/\/www.laguiadepamplona.com\/actualidad\/wp-json\/wp\/v2\/types\/post"}],"author":[{"embeddable":true,"href":"https:\/\/www.laguiadepamplona.com\/actualidad\/wp-json\/wp\/v2\/users\/1"}],"replies":[{"embeddable":true,"href":"https:\/\/www.laguiadepamplona.com\/actualidad\/wp-json\/wp\/v2\/comments?post=51121"}],"version-history":[{"count":1,"href":"https:\/\/www.laguiadepamplona.com\/actualidad\/wp-json\/wp\/v2\/posts\/51121\/revisions"}],"predecessor-version":[{"id":51122,"href":"https:\/\/www.laguiadepamplona.com\/actualidad\/wp-json\/wp\/v2\/posts\/51121\/revisions\/51122"}],"wp:featuredmedia":[{"embeddable":true,"href":"https:\/\/www.laguiadepamplona.com\/actualidad\/wp-json\/wp\/v2\/media\/50953"}],"wp:attachment":[{"href":"https:\/\/www.laguiadepamplona.com\/actualidad\/wp-json\/wp\/v2\/media?parent=51121"}],"wp:term":[{"taxonomy":"category","embeddable":true,"href":"https:\/\/www.laguiadepamplona.com\/actualidad\/wp-json\/wp\/v2\/categories?post=51121"},{"taxonomy":"post_tag","embeddable":true,"href":"https:\/\/www.laguiadepamplona.com\/actualidad\/wp-json\/wp\/v2\/tags?post=51121"}],"curies":[{"name":"wp","href":"https:\/\/api.w.org\/{rel}","templated":true}]}}