{"id":51110,"date":"2024-10-23T18:50:49","date_gmt":"2024-10-23T16:50:49","guid":{"rendered":"https:\/\/www.laguiadepamplona.com\/actualidad\/?p=51110"},"modified":"2024-10-23T18:50:49","modified_gmt":"2024-10-23T16:50:49","slug":"nueve-propuestas-escenicas-contemporaneas-y-otras-actividades-ludicas-y-formativas-conforman-el-vii-festival-de-micro-artes-escenicas-de-pamplona-microstable-2024","status":"publish","type":"post","link":"https:\/\/www.laguiadepamplona.com\/actualidad\/nueve-propuestas-escenicas-contemporaneas-y-otras-actividades-ludicas-y-formativas-conforman-el-vii-festival-de-micro-artes-escenicas-de-pamplona-microstable-2024\/","title":{"rendered":"Nueve propuestas esc\u00e9nicas contempor\u00e1neas y otras actividades l\u00fadicas y formativas conforman el VII Festival de Micro Artes Esc\u00e9nicas de Pamplona, Microstable 2024"},"content":{"rendered":"<h2 class=\"x_2Subtitulo\">La Secci\u00f3n Oficial se llevar\u00e1 a cabo en Condestable de viernes a domingo, con una propuesta teatral en la Plaza del Castillo este jueves a modo de previa<\/h2>\n<p class=\"x_MsoNormal\"><!--more--><\/p>\n<p class=\"x_3Texto\">El VII Festival de Micro Artes Esc\u00e9nicas de Pamplona, Microstable, llega a Pamplona de jueves a domingo con una amplia propuesta de actividades y representaciones esc\u00e9nicas contempor\u00e1neas. La Plaza del Castillo y Condestable son, de nuevo, los escenarios elegidos para mostrar la riqueza del microteatro como forma de expresi\u00f3n dram\u00e1tica. La Nave Producciones Teatrales SL, en colaboraci\u00f3n con el Ayuntamiento de Pamplona y el Gobierno de Navarra, han organizado esta nueva edici\u00f3n que, adem\u00e1s de con Secci\u00f3n Oficial, contar\u00e1 con sesiones para p\u00fablico familiar y otras actividades.<\/p>\n<p class=\"x_3Texto\">El director de Cultura, Fiestas, Educaci\u00f3n y Deporte, \u00cd\u00f1igo G\u00f3mez Egu\u00edluz, y la directora del Festival de Micro Artes Esc\u00e9nicas de Pamplona, Marta Ju\u00e1niz, han presentado el programa de la nueva edici\u00f3n de Microstable, que se desarrollar\u00e1 esta semana, de jueves a domingo. La Secci\u00f3n Oficial se llevar\u00e1 a cabo en Condestable, el viernes, el s\u00e1bado y el domingo, en sesiones vespertinas de media hora, a las 19.30, 20 y 20.30 horas, donde se representar\u00e1n tres propuestas esc\u00e9nicas. El precio de las entradas es de 10 euros y se pueden adquirir en el tel\u00e9fono 010, la red Civivox o\u00a0<a href=\"http:\/\/www.pamplonaescultura.es\/\" target=\"_blank\" rel=\"noopener\" data-auth=\"NotApplicable\" data-linkindex=\"2\">www.pamplonaescultura.es<\/a>.<\/p>\n<p class=\"x_3Texto\">El festival tendr\u00e1 su aperitivo este jueves con \u2018La cabeza parlante\u2019, teatro breve y de proximidad en la Plaza del Castillo. En grupos de quince personas se podr\u00e1 acceder a una barraca del siglo XIX para contemplar durante cinco minutos un fen\u00f3meno ins\u00f3lito. Y es que la condesa de Cognac, arruinada, est\u00e1 exhibiendo a su hermana sin cuerpo por las ferias del mundo. Se puede ver una cabeza sin cuerpo a tan solo 30 cent\u00edmetros. Se llevar\u00e1n a cabo pases cada diez minutos entre las 18 y las 21 horas. La entrada es libre, hasta completar el aforo de cada sesi\u00f3n.<\/p>\n<p class=\"x_3Texto\">Adem\u00e1s, de viernes a domingo, como antesala de las representaciones de las obras de la Secci\u00f3n Oficial de Microstable se proyectar\u00e1 en Condestable, de 18.30 a 19.15 horas, \u2018Uholdeak\u2019, proyecto de v\u00eddeo-danza de Olatz Larumbe y B\u00e1rbara Fern\u00e1ndez.\u00a0Cuando las fuerzas de la naturaleza se hacen\u00a0presentes de una forma virulenta, en nuestras\u00a0vidas emergen emociones y sentimientos\u00a0muy profundos. El agua puede ser nuestra\u00a0fuente de vida como de devastaci\u00f3n y ruina.\u00a0Arrasa con tu hogar y se lleva tus recuerdos.<\/p>\n<p class=\"x_4Ladillo\" aria-hidden=\"true\">\n<p class=\"x_4Ladillo\"><strong>Nueve propuestas para la Secci\u00f3n Oficial en Condestable<\/strong><\/p>\n<p class=\"x_3Texto\">La Secci\u00f3n Oficial en Condestable dar\u00e1 comienzo el viernes con tres propuestas. El espect\u00e1culo multidisciplinar \u2018In situ\u2019, de La Banda Teatro Circo, combina la acrobacia, el movimiento y la expresi\u00f3n corporal generando una narrativa visual que tiene como objetivo despertar la emoci\u00f3n en el p\u00fablico. El Colectivo La Nevera, M\u00f3nica Carpintero Acero y Andrea Domingo, representan \u2018Grietas\u2019, obra de danza, que nace de la necesidad de visibilizar y resignificar las experiencias dolorosas como parte intr\u00ednseca a la experiencia humana. \u2018Sexamigos\u2019, de Serendipity Teatro, Estefan\u00eda Dom\u00e9nech y Juan \u00c1ngel Melero, expone la relaci\u00f3n de dos amigos de toda la vida que se replantean su amistad y su vida despu\u00e9s de compartir una noche en la que han dado rienda suelta a sus instintos e impulsos, que ten\u00edan guardados desde hace ya mucho tiempo.<\/p>\n<p class=\"x_3Texto\">El teatro y la danza copar\u00e1n las obras del s\u00e1bado. \u2018El fen\u00f3meno del circo\u2019 llegar\u00e1 de la mano de la Agrupaci\u00f3n Teatral La Maleta, Pedro Cambas y Sof\u00eda Cuiti\u00f1o. Cuenta c\u00f3mo un reconocido cient\u00edfico franquista convirti\u00f3 al protagonista en monstruo y c\u00f3mo ha transcurrido su vida despu\u00e9s de ello. Los Escultores del Aire, Mai Rojas y Leo Rojas, interpretar\u00e1n la pieza de danza \u2018The kid next to me\u2019, una carta abierta al amor paterno, al miedo, a la incertidumbre de lo que es criar a un hijo, y a la lucha adulta por salvar a ese ni\u00f1o interior que nos recuerda lo esencial en la vida. En \u2018Marisclown\u2019, de Yeto Guerrero Teatro, Yeyo Guerrero y Fernando Ib\u00e1\u00f1ez, dos langostas que se encuentran en la pecera de un restaurante de lujo observan al ser humano y reflexionan sobre la vida haciendo un paralelismo con la humanidad.<\/p>\n<p class=\"x_3Texto\">El domingo se representar\u00e1n las tres \u00faltimas propuestas esc\u00e9nicas. La Nave Teatro, Mon Teatro, Marta Ju\u00e1niz y C\u00e9sar Novalgos presentan \u2018Solo ser\u00e1n unas semanas\u2019. En un tiempo dist\u00f3pico, una mujer de clase media, a solas en su casa, est\u00e1 terminando de hacer las maletas. Ha perdido sus derechos, incluso el de ser querida por su marido. La segunda obra ser\u00e1 \u2018El mundo atr\u00e1s\u2019, una pieza de danza y teatro f\u00edsico de Rolando Salom\u00e9 y Lucas Morones, que trata de un \u00e9xodo, del viaje interior y exterior de una persona desplazada, de lo que se lleva consigo, de lo que carga. Cerrar\u00e1 el festival la propuesta \u2018Contracciones\u2019, teatro musical de Tinoni Creaciones, Estefan\u00eda Rocamora y Juli\u00e1n Salguero. Con canciones originales, gamberras y divertidas se dar\u00e1 a conocer a Fani, madre primeriza y obsesionada con las terapias naturales, y a Conchi, madre de familia numerosa y conforme con la vida que le ha tocado vivir.<\/p>\n<p class=\"x_4Ladillo\"><strong>Sesi\u00f3n especial familiar el domingo<\/strong><\/p>\n<p class=\"x_3Texto\">El domingo por la ma\u00f1ana estar\u00e1 dedicado al p\u00fablico infantil y familiar con tres propuestas de humor, magia y teatro. Se representar\u00e1n a las 11.30, a las 12 y a las 12.30 horas, con las entradas al precio de 3 euros. La compa\u00f1\u00eda Imanol Espinazo propone humor visual sin palabras en \u2018Clang! Clink! Clash!\u2019, Sergio de Andr\u00e9s representar\u00e1 en \u2018El regalo\u2019 la historia de una maleta olvidada en la estaci\u00f3n de tren y \u2018El alquimista\u2019 mostrar\u00e1 los experimentos con un jab\u00f3n incre\u00edble de la compa\u00f1\u00eda Teatros M\u00e1gicos y el mago Massil Allache.<\/p>\n<p class=\"x_3Texto\">A todas estas actividades, se suma el taller de microteatro que el s\u00e1bado impartir\u00e1 Marta Ju\u00e1niz tambi\u00e9n en Condestable. Ser\u00e1 por la ma\u00f1ana, de 11 a 13 horas, gratuito pero con el requisito de inscripci\u00f3n previa en el 010, la red Civivox o\u00a0<a href=\"http:\/\/www.pamplonaescultura.es\/\" target=\"_blank\" rel=\"noopener\" data-auth=\"NotApplicable\" data-linkindex=\"3\">www.pamplonaescultura.es<\/a>. Quienes participen preparar\u00e1n una peque\u00f1a pieza y aprender\u00e1 c\u00f3mo en tan poco tiempo de actuaci\u00f3n se puede contar tanto. Adem\u00e1s, se conocer\u00e1n los entresijos del festival y se recorrer\u00e1n sus espacios con las creaciones realizadas.<\/p>\n<p class=\"x_3Texto\">En esta edici\u00f3n, Microstable ha ampliado horizontes con una sesi\u00f3n de su Secci\u00f3n Oficial en la Casa de Cultura Fray Diego de Estella \u2013 Lizarra. Tuvo lugar el pasado viernes 25 de octubre, con tres representaciones teatrales en colaboraci\u00f3n con el Aula de Teatro Miguel Mun\u00e1rriz. La compa\u00f1\u00eda Amico Teatro represent\u00f3 la obra \u2018Amico\u2019 de teatro gestual y humor; la compa\u00f1\u00eda profesional Laura Laiglesia interpret\u00f3 \u2018Oportunidades\u2019; y la compa\u00f1\u00eda Ainhoa Eguizabal y Uxue Olazaran pusieron en escena \u2018A trav\u00e9s del espejo\u2019.<\/p>\n<p class=\"x_3Texto\" aria-hidden=\"true\">\n<div>\n<h3 class=\"x_5TituloApoyodedatos\">Microstable 2024: Festival de Micro Artes Esc\u00e9nicas de Pamplona<\/h3>\n<\/div>\n<p class=\"x_6Textoapoyodatos\"><b>Actividades<\/b><\/p>\n<p class=\"x_6Textoapoyodatos\">\u00b7\u00a0\u00a0\u00a0\u00a0\u00a0\u00a0<u>Jueves 24 de octubre, de 18 a 21 horas. Plaza del Castillo<\/u><\/p>\n<p class=\"x_7texto2apoyodatos\">o\u00a0\u00a0\u00a0\u00a0\u2018La cabeza parlante\u2019. Teatro breve y de proximidad. Pases cada 10 minutos. Entrada libre, hasta completar aforo<\/p>\n<p class=\"x_6Textoapoyodatos\">\u00b7\u00a0\u00a0\u00a0\u00a0\u00a0\u00a0<u>Del 25 al 27 de octubre, de 18.30 a 19.15 horas. Condestable<\/u><\/p>\n<p class=\"x_7texto2apoyodatos\">o\u00a0\u00a0\u00a0\u00a0Uholdeak. Olatz Larumbe y B\u00e1rbara Fern\u00e1ndez. V\u00eddeo-danza. Entrada libre<\/p>\n<p class=\"x_6Textoapoyodatos\">\u00b7\u00a0\u00a0\u00a0\u00a0\u00a0\u00a0<u>S\u00e1bado 26 de octubre, de 11 a 13 horas. Condestable<\/u><\/p>\n<p class=\"x_7texto2apoyodatos\">o\u00a0\u00a0\u00a0\u00a0Micro en Condestable. Taller de microteatro. Con Marta Ju\u00e1niz. Gratuito, con inscripci\u00f3n previa en el 010, la red Civivox o\u00a0<a href=\"http:\/\/www.pamplonaescultura.es\/\" target=\"_blank\" rel=\"noopener\" data-auth=\"NotApplicable\" data-linkindex=\"4\">www.pamplonaescultura.es<\/a><\/p>\n<p class=\"x_6Textoapoyodatos\" aria-hidden=\"true\">\n<p class=\"x_6Textoapoyodatos\"><b>Secci\u00f3n Oficial Microstable 2024. Condestable<\/b><\/p>\n<p class=\"x_6Textoapoyodatos\">\u00b7\u00a0\u00a0\u00a0\u00a0\u00a0\u00a0<u>Viernes 25 de octubre. Sesiones a las 19.30, 20 y 20.30 horas. 10 euros, con inscripci\u00f3n previa en el tel\u00e9fono 010, la red Civivox o\u00a0<\/u><a href=\"http:\/\/www.pamplonaescultura.es\/\" target=\"_blank\" rel=\"noopener\" data-auth=\"NotApplicable\" data-linkindex=\"5\">www.pamplonaescultura.es<\/a><\/p>\n<p class=\"x_7texto2apoyodatos\">o\u00a0\u00a0\u00a0\u00a0\u2018In situ\u2019. La Banda Teatro Circo. Multidisciplinar<\/p>\n<p class=\"x_7texto2apoyodatos\">o\u00a0\u00a0\u00a0\u00a0\u2018Grietas\u2019. Colectivo La Nevera, M\u00f3nica Carpintero Acero y Andrea Domingo. Danza<\/p>\n<p class=\"x_7texto2apoyodatos\">o\u00a0\u00a0\u00a0\u00a0\u2018Sexamigos\u2019. Serendipity Teatro, Estefan\u00eda Dom\u00e9nech y Juan \u00c1ngel Melero. Teatro<\/p>\n<p class=\"x_7texto2apoyodatos\" aria-hidden=\"true\">\n<p class=\"x_6Textoapoyodatos\">\u00b7\u00a0\u00a0\u00a0\u00a0\u00a0\u00a0<u>S\u00e1bado 26 de octubre. Sesiones a las 19.30, 20 y 20.30 horas. 10 euros, con inscripci\u00f3n previa en el tel\u00e9fono 010, la red Civivox o<\/u>\u00a0<a href=\"http:\/\/www.pamplonaescultura.es\/\" target=\"_blank\" rel=\"noopener\" data-auth=\"NotApplicable\" data-linkindex=\"6\">www.pamplonaescultura.es<\/a><\/p>\n<p class=\"x_7texto2apoyodatos\">o\u00a0\u00a0\u00a0\u00a0\u2018El fen\u00f3meno del circo\u2019. Agrupaci\u00f3n Teatral La Maleta, Pedro Cambas y Sof\u00eda Cuiti\u00f1o. Teatro<\/p>\n<p class=\"x_7texto2apoyodatos\">o\u00a0\u00a0\u00a0\u00a0\u2018The kid next to me\u2019. Los Escultores de Aire, Mai Rojas y Leo Rojas. Danza<\/p>\n<p class=\"x_7texto2apoyodatos\">o\u00a0\u00a0\u00a0\u00a0\u2018Marisclown\u2019. Yeto Guerrero Teatro, Yeyo Guerrero y Fernando Ib\u00e1\u00f1ez. Teatro<\/p>\n<p class=\"x_7texto2apoyodatos\" aria-hidden=\"true\">\n<p class=\"x_6Textoapoyodatos\">\u00b7\u00a0\u00a0\u00a0\u00a0\u00a0\u00a0<u>Domingo 27 de octubre. Sesiones a las 19.30, 20 y 20.30 horas. 10 euros, con inscripci\u00f3n previa en el tel\u00e9fono 010, la red Civivox o<\/u>\u00a0<a href=\"http:\/\/www.pamplonaescultura.es\/\" target=\"_blank\" rel=\"noopener\" data-auth=\"NotApplicable\" data-linkindex=\"7\">www.pamplonaescultura.es<\/a><\/p>\n<p class=\"x_7texto2apoyodatos\">o\u00a0\u00a0\u00a0\u00a0\u2018Solo ser\u00e1n unas semanas\u2019. La Nave Teatro y Mon Teatro, Marta Ju\u00e1niz y C\u00e9sar Novalgos. Teatro<\/p>\n<p class=\"x_7texto2apoyodatos\">o\u00a0\u00a0\u00a0\u00a0\u2018El mundo atr\u00e1s\u2019. Rolando Salam\u00e9 y Lucas Morones. Danza<\/p>\n<p class=\"x_7texto2apoyodatos\">o\u00a0\u00a0\u00a0\u00a0\u2018Contracciones\u2019. Tinoni Creaciones, Estefan\u00eda Rocamora y Juli\u00e1n Salguero. Teatro musical<\/p>\n<p class=\"x_6Textoapoyodatos\" aria-hidden=\"true\">\n<p class=\"x_6Textoapoyodatos\"><b>Sesi\u00f3n especial familiar. Condestable<\/b><\/p>\n<p class=\"x_6Textoapoyodatos\">\u00b7\u00a0\u00a0\u00a0\u00a0\u00a0\u00a0<u>Domingo 27 de octubre. Sesiones a las 11.30, 12 y 12.30 horas. 3 euros, con inscripci\u00f3n previa en el tel\u00e9fono 010, la red Civivox o<\/u>\u00a0<a href=\"http:\/\/www.pamplonaescultura.es\/\" target=\"_blank\" rel=\"noopener\" data-auth=\"NotApplicable\" data-linkindex=\"8\">www.pamplonaescultura.es<\/a><\/p>\n<p class=\"x_7texto2apoyodatos\">o\u00a0\u00a0\u00a0\u00a0\u2018Clang! Clink! Clash!\u2019 Compa\u00f1\u00eda Imanol Espinazo. Humor visual sin palabras<\/p>\n<p class=\"x_7texto2apoyodatos\">o\u00a0\u00a0\u00a0\u00a0\u2018El regalo\u2019. Sergio de Andr\u00e9s. Teatro<\/p>\n<p class=\"x_7texto2apoyodatos\">o\u00a0\u00a0\u00a0\u00a0\u2018El alquimista\u2019. Compa\u00f1\u00eda Teatros M\u00e1gicos, Massil Allache. Magia<\/p>\n","protected":false},"excerpt":{"rendered":"<p>La Secci\u00f3n Oficial se llevar\u00e1 a cabo en Condestable de viernes a domingo, con una propuesta teatral en la Plaza del Castillo este jueves a modo de previa<\/p>\n","protected":false},"author":1,"featured_media":51111,"comment_status":"open","ping_status":"closed","sticky":false,"template":"","format":"standard","meta":{"footnotes":""},"categories":[2],"tags":[],"class_list":["post-51110","post","type-post","status-publish","format-standard","has-post-thumbnail","hentry","category-ayuntamiento-pamplona"],"yoast_head":"<!-- This site is optimized with the Yoast SEO plugin v27.3 - https:\/\/yoast.com\/product\/yoast-seo-wordpress\/ -->\n<title>Nueve propuestas esc\u00e9nicas contempor\u00e1neas y otras actividades l\u00fadicas y formativas conforman el VII Festival de Micro Artes Esc\u00e9nicas de Pamplona, Microstable 2024<\/title>\n<meta name=\"description\" content=\"La Secci\u00f3n Oficial se llevar\u00e1 a cabo en Condestable de viernes a domingo, con una propuesta teatral en la Plaza del Castillo este jueves a modo de previa\" \/>\n<meta name=\"robots\" content=\"index, follow, max-snippet:-1, max-image-preview:large, max-video-preview:-1\" \/>\n<link rel=\"canonical\" href=\"https:\/\/www.laguiadepamplona.com\/actualidad\/nueve-propuestas-escenicas-contemporaneas-y-otras-actividades-ludicas-y-formativas-conforman-el-vii-festival-de-micro-artes-escenicas-de-pamplona-microstable-2024\/\" \/>\n<meta property=\"og:locale\" content=\"es_ES\" \/>\n<meta property=\"og:type\" content=\"article\" \/>\n<meta property=\"og:title\" content=\"Nueve propuestas esc\u00e9nicas contempor\u00e1neas y otras actividades l\u00fadicas y formativas conforman el VII Festival de Micro Artes Esc\u00e9nicas de Pamplona, Microstable 2024\" \/>\n<meta property=\"og:description\" content=\"La Secci\u00f3n Oficial se llevar\u00e1 a cabo en Condestable de viernes a domingo, con una propuesta teatral en la Plaza del Castillo este jueves a modo de previa\" \/>\n<meta property=\"og:url\" content=\"https:\/\/www.laguiadepamplona.com\/actualidad\/nueve-propuestas-escenicas-contemporaneas-y-otras-actividades-ludicas-y-formativas-conforman-el-vii-festival-de-micro-artes-escenicas-de-pamplona-microstable-2024\/\" \/>\n<meta property=\"og:site_name\" content=\"La Gu\u00eda de Pamplona\" \/>\n<meta property=\"article:publisher\" content=\"https:\/\/www.facebook.com\/laguiadepamplonacom-133175176762273\/?ref=hl\" \/>\n<meta property=\"article:published_time\" content=\"2024-10-23T16:50:49+00:00\" \/>\n<meta property=\"og:image\" content=\"https:\/\/www.laguiadepamplona.com\/actualidad\/wp-content\/uploads\/2024\/10\/microestable_web.webp\" \/>\n\t<meta property=\"og:image:width\" content=\"1000\" \/>\n\t<meta property=\"og:image:height\" content=\"573\" \/>\n\t<meta property=\"og:image:type\" content=\"image\/webp\" \/>\n<meta name=\"author\" content=\"La Gu\u00eda de Pamplona\" \/>\n<meta name=\"twitter:card\" content=\"summary_large_image\" \/>\n<meta name=\"twitter:creator\" content=\"@LaGuiadPamplona\" \/>\n<meta name=\"twitter:site\" content=\"@LaGuiadPamplona\" \/>\n<meta name=\"twitter:label1\" content=\"Escrito por\" \/>\n\t<meta name=\"twitter:data1\" content=\"La Gu\u00eda de Pamplona\" \/>\n\t<meta name=\"twitter:label2\" content=\"Tiempo de lectura\" \/>\n\t<meta name=\"twitter:data2\" content=\"7 minutos\" \/>\n<script type=\"application\/ld+json\" class=\"yoast-schema-graph\">{\"@context\":\"https:\\\/\\\/schema.org\",\"@graph\":[{\"@type\":\"Article\",\"@id\":\"https:\\\/\\\/www.laguiadepamplona.com\\\/actualidad\\\/nueve-propuestas-escenicas-contemporaneas-y-otras-actividades-ludicas-y-formativas-conforman-el-vii-festival-de-micro-artes-escenicas-de-pamplona-microstable-2024\\\/#article\",\"isPartOf\":{\"@id\":\"https:\\\/\\\/www.laguiadepamplona.com\\\/actualidad\\\/nueve-propuestas-escenicas-contemporaneas-y-otras-actividades-ludicas-y-formativas-conforman-el-vii-festival-de-micro-artes-escenicas-de-pamplona-microstable-2024\\\/\"},\"author\":{\"name\":\"La Gu\u00eda de Pamplona\",\"@id\":\"https:\\\/\\\/www.laguiadepamplona.com\\\/actualidad\\\/#\\\/schema\\\/person\\\/efe887376f0213d4657c93adc50b1fdb\"},\"headline\":\"Nueve propuestas esc\u00e9nicas contempor\u00e1neas y otras actividades l\u00fadicas y formativas conforman el VII Festival de Micro Artes Esc\u00e9nicas de Pamplona, Microstable 2024\",\"datePublished\":\"2024-10-23T16:50:49+00:00\",\"mainEntityOfPage\":{\"@id\":\"https:\\\/\\\/www.laguiadepamplona.com\\\/actualidad\\\/nueve-propuestas-escenicas-contemporaneas-y-otras-actividades-ludicas-y-formativas-conforman-el-vii-festival-de-micro-artes-escenicas-de-pamplona-microstable-2024\\\/\"},\"wordCount\":1557,\"commentCount\":0,\"publisher\":{\"@id\":\"https:\\\/\\\/www.laguiadepamplona.com\\\/actualidad\\\/#organization\"},\"image\":{\"@id\":\"https:\\\/\\\/www.laguiadepamplona.com\\\/actualidad\\\/nueve-propuestas-escenicas-contemporaneas-y-otras-actividades-ludicas-y-formativas-conforman-el-vii-festival-de-micro-artes-escenicas-de-pamplona-microstable-2024\\\/#primaryimage\"},\"thumbnailUrl\":\"https:\\\/\\\/www.laguiadepamplona.com\\\/actualidad\\\/wp-content\\\/uploads\\\/2024\\\/10\\\/microestable_web.webp\",\"articleSection\":[\"Ayto Pamplona\"],\"inLanguage\":\"es\",\"potentialAction\":[{\"@type\":\"CommentAction\",\"name\":\"Comment\",\"target\":[\"https:\\\/\\\/www.laguiadepamplona.com\\\/actualidad\\\/nueve-propuestas-escenicas-contemporaneas-y-otras-actividades-ludicas-y-formativas-conforman-el-vii-festival-de-micro-artes-escenicas-de-pamplona-microstable-2024\\\/#respond\"]}]},{\"@type\":\"WebPage\",\"@id\":\"https:\\\/\\\/www.laguiadepamplona.com\\\/actualidad\\\/nueve-propuestas-escenicas-contemporaneas-y-otras-actividades-ludicas-y-formativas-conforman-el-vii-festival-de-micro-artes-escenicas-de-pamplona-microstable-2024\\\/\",\"url\":\"https:\\\/\\\/www.laguiadepamplona.com\\\/actualidad\\\/nueve-propuestas-escenicas-contemporaneas-y-otras-actividades-ludicas-y-formativas-conforman-el-vii-festival-de-micro-artes-escenicas-de-pamplona-microstable-2024\\\/\",\"name\":\"Nueve propuestas esc\u00e9nicas contempor\u00e1neas y otras actividades l\u00fadicas y formativas conforman el VII Festival de Micro Artes Esc\u00e9nicas de Pamplona, Microstable 2024\",\"isPartOf\":{\"@id\":\"https:\\\/\\\/www.laguiadepamplona.com\\\/actualidad\\\/#website\"},\"primaryImageOfPage\":{\"@id\":\"https:\\\/\\\/www.laguiadepamplona.com\\\/actualidad\\\/nueve-propuestas-escenicas-contemporaneas-y-otras-actividades-ludicas-y-formativas-conforman-el-vii-festival-de-micro-artes-escenicas-de-pamplona-microstable-2024\\\/#primaryimage\"},\"image\":{\"@id\":\"https:\\\/\\\/www.laguiadepamplona.com\\\/actualidad\\\/nueve-propuestas-escenicas-contemporaneas-y-otras-actividades-ludicas-y-formativas-conforman-el-vii-festival-de-micro-artes-escenicas-de-pamplona-microstable-2024\\\/#primaryimage\"},\"thumbnailUrl\":\"https:\\\/\\\/www.laguiadepamplona.com\\\/actualidad\\\/wp-content\\\/uploads\\\/2024\\\/10\\\/microestable_web.webp\",\"datePublished\":\"2024-10-23T16:50:49+00:00\",\"description\":\"La Secci\u00f3n Oficial se llevar\u00e1 a cabo en Condestable de viernes a domingo, con una propuesta teatral en la Plaza del Castillo este jueves a modo de previa\",\"breadcrumb\":{\"@id\":\"https:\\\/\\\/www.laguiadepamplona.com\\\/actualidad\\\/nueve-propuestas-escenicas-contemporaneas-y-otras-actividades-ludicas-y-formativas-conforman-el-vii-festival-de-micro-artes-escenicas-de-pamplona-microstable-2024\\\/#breadcrumb\"},\"inLanguage\":\"es\",\"potentialAction\":[{\"@type\":\"ReadAction\",\"target\":[\"https:\\\/\\\/www.laguiadepamplona.com\\\/actualidad\\\/nueve-propuestas-escenicas-contemporaneas-y-otras-actividades-ludicas-y-formativas-conforman-el-vii-festival-de-micro-artes-escenicas-de-pamplona-microstable-2024\\\/\"]}]},{\"@type\":\"ImageObject\",\"inLanguage\":\"es\",\"@id\":\"https:\\\/\\\/www.laguiadepamplona.com\\\/actualidad\\\/nueve-propuestas-escenicas-contemporaneas-y-otras-actividades-ludicas-y-formativas-conforman-el-vii-festival-de-micro-artes-escenicas-de-pamplona-microstable-2024\\\/#primaryimage\",\"url\":\"https:\\\/\\\/www.laguiadepamplona.com\\\/actualidad\\\/wp-content\\\/uploads\\\/2024\\\/10\\\/microestable_web.webp\",\"contentUrl\":\"https:\\\/\\\/www.laguiadepamplona.com\\\/actualidad\\\/wp-content\\\/uploads\\\/2024\\\/10\\\/microestable_web.webp\",\"width\":1000,\"height\":573,\"caption\":\"microestable\"},{\"@type\":\"BreadcrumbList\",\"@id\":\"https:\\\/\\\/www.laguiadepamplona.com\\\/actualidad\\\/nueve-propuestas-escenicas-contemporaneas-y-otras-actividades-ludicas-y-formativas-conforman-el-vii-festival-de-micro-artes-escenicas-de-pamplona-microstable-2024\\\/#breadcrumb\",\"itemListElement\":[{\"@type\":\"ListItem\",\"position\":1,\"name\":\"Portada\",\"item\":\"https:\\\/\\\/www.laguiadepamplona.com\\\/actualidad\\\/\"},{\"@type\":\"ListItem\",\"position\":2,\"name\":\"Nueve propuestas esc\u00e9nicas contempor\u00e1neas y otras actividades l\u00fadicas y formativas conforman el VII Festival de Micro Artes Esc\u00e9nicas de Pamplona, Microstable 2024\"}]},{\"@type\":\"WebSite\",\"@id\":\"https:\\\/\\\/www.laguiadepamplona.com\\\/actualidad\\\/#website\",\"url\":\"https:\\\/\\\/www.laguiadepamplona.com\\\/actualidad\\\/\",\"name\":\"La gu\u00eda de Pamplona\",\"description\":\"Noticias de Pamplona\",\"publisher\":{\"@id\":\"https:\\\/\\\/www.laguiadepamplona.com\\\/actualidad\\\/#organization\"},\"potentialAction\":[{\"@type\":\"SearchAction\",\"target\":{\"@type\":\"EntryPoint\",\"urlTemplate\":\"https:\\\/\\\/www.laguiadepamplona.com\\\/actualidad\\\/?s={search_term_string}\"},\"query-input\":{\"@type\":\"PropertyValueSpecification\",\"valueRequired\":true,\"valueName\":\"search_term_string\"}}],\"inLanguage\":\"es\"},{\"@type\":\"Organization\",\"@id\":\"https:\\\/\\\/www.laguiadepamplona.com\\\/actualidad\\\/#organization\",\"name\":\"La Gu\u00eda de Pamplona \\\/ Noticias\",\"url\":\"https:\\\/\\\/www.laguiadepamplona.com\\\/actualidad\\\/\",\"logo\":{\"@type\":\"ImageObject\",\"inLanguage\":\"es\",\"@id\":\"https:\\\/\\\/www.laguiadepamplona.com\\\/actualidad\\\/#\\\/schema\\\/logo\\\/image\\\/\",\"url\":\"https:\\\/\\\/www.laguiadepamplona.com\\\/actualidad\\\/wp-content\\\/uploads\\\/2018\\\/11\\\/logo-laguiadepamplona18-web1.png\",\"contentUrl\":\"https:\\\/\\\/www.laguiadepamplona.com\\\/actualidad\\\/wp-content\\\/uploads\\\/2018\\\/11\\\/logo-laguiadepamplona18-web1.png\",\"width\":600,\"height\":196,\"caption\":\"La Gu\u00eda de Pamplona \\\/ Noticias\"},\"image\":{\"@id\":\"https:\\\/\\\/www.laguiadepamplona.com\\\/actualidad\\\/#\\\/schema\\\/logo\\\/image\\\/\"},\"sameAs\":[\"https:\\\/\\\/www.facebook.com\\\/laguiadepamplonacom-133175176762273\\\/?ref=hl\",\"https:\\\/\\\/x.com\\\/LaGuiadPamplona\",\"https:\\\/\\\/www.instagram.com\\\/la_guia_de_pamplona\\\/\",\"https:\\\/\\\/www.youtube.com\\\/user\\\/laguiadepamplona\"]},{\"@type\":\"Person\",\"@id\":\"https:\\\/\\\/www.laguiadepamplona.com\\\/actualidad\\\/#\\\/schema\\\/person\\\/efe887376f0213d4657c93adc50b1fdb\",\"name\":\"La Gu\u00eda de Pamplona\",\"image\":{\"@type\":\"ImageObject\",\"inLanguage\":\"es\",\"@id\":\"https:\\\/\\\/secure.gravatar.com\\\/avatar\\\/b6992f131dc8d30ab0dff15446e9d346d9dbd95992de0fef795073f5ea83a81c?s=96&d=mm&r=g\",\"url\":\"https:\\\/\\\/secure.gravatar.com\\\/avatar\\\/b6992f131dc8d30ab0dff15446e9d346d9dbd95992de0fef795073f5ea83a81c?s=96&d=mm&r=g\",\"contentUrl\":\"https:\\\/\\\/secure.gravatar.com\\\/avatar\\\/b6992f131dc8d30ab0dff15446e9d346d9dbd95992de0fef795073f5ea83a81c?s=96&d=mm&r=g\",\"caption\":\"La Gu\u00eda de Pamplona\"}}]}<\/script>\n<!-- \/ Yoast SEO plugin. -->","yoast_head_json":{"title":"Nueve propuestas esc\u00e9nicas contempor\u00e1neas y otras actividades l\u00fadicas y formativas conforman el VII Festival de Micro Artes Esc\u00e9nicas de Pamplona, Microstable 2024","description":"La Secci\u00f3n Oficial se llevar\u00e1 a cabo en Condestable de viernes a domingo, con una propuesta teatral en la Plaza del Castillo este jueves a modo de previa","robots":{"index":"index","follow":"follow","max-snippet":"max-snippet:-1","max-image-preview":"max-image-preview:large","max-video-preview":"max-video-preview:-1"},"canonical":"https:\/\/www.laguiadepamplona.com\/actualidad\/nueve-propuestas-escenicas-contemporaneas-y-otras-actividades-ludicas-y-formativas-conforman-el-vii-festival-de-micro-artes-escenicas-de-pamplona-microstable-2024\/","og_locale":"es_ES","og_type":"article","og_title":"Nueve propuestas esc\u00e9nicas contempor\u00e1neas y otras actividades l\u00fadicas y formativas conforman el VII Festival de Micro Artes Esc\u00e9nicas de Pamplona, Microstable 2024","og_description":"La Secci\u00f3n Oficial se llevar\u00e1 a cabo en Condestable de viernes a domingo, con una propuesta teatral en la Plaza del Castillo este jueves a modo de previa","og_url":"https:\/\/www.laguiadepamplona.com\/actualidad\/nueve-propuestas-escenicas-contemporaneas-y-otras-actividades-ludicas-y-formativas-conforman-el-vii-festival-de-micro-artes-escenicas-de-pamplona-microstable-2024\/","og_site_name":"La Gu\u00eda de Pamplona","article_publisher":"https:\/\/www.facebook.com\/laguiadepamplonacom-133175176762273\/?ref=hl","article_published_time":"2024-10-23T16:50:49+00:00","og_image":[{"width":1000,"height":573,"url":"https:\/\/www.laguiadepamplona.com\/actualidad\/wp-content\/uploads\/2024\/10\/microestable_web.webp","type":"image\/webp"}],"author":"La Gu\u00eda de Pamplona","twitter_card":"summary_large_image","twitter_creator":"@LaGuiadPamplona","twitter_site":"@LaGuiadPamplona","twitter_misc":{"Escrito por":"La Gu\u00eda de Pamplona","Tiempo de lectura":"7 minutos"},"schema":{"@context":"https:\/\/schema.org","@graph":[{"@type":"Article","@id":"https:\/\/www.laguiadepamplona.com\/actualidad\/nueve-propuestas-escenicas-contemporaneas-y-otras-actividades-ludicas-y-formativas-conforman-el-vii-festival-de-micro-artes-escenicas-de-pamplona-microstable-2024\/#article","isPartOf":{"@id":"https:\/\/www.laguiadepamplona.com\/actualidad\/nueve-propuestas-escenicas-contemporaneas-y-otras-actividades-ludicas-y-formativas-conforman-el-vii-festival-de-micro-artes-escenicas-de-pamplona-microstable-2024\/"},"author":{"name":"La Gu\u00eda de Pamplona","@id":"https:\/\/www.laguiadepamplona.com\/actualidad\/#\/schema\/person\/efe887376f0213d4657c93adc50b1fdb"},"headline":"Nueve propuestas esc\u00e9nicas contempor\u00e1neas y otras actividades l\u00fadicas y formativas conforman el VII Festival de Micro Artes Esc\u00e9nicas de Pamplona, Microstable 2024","datePublished":"2024-10-23T16:50:49+00:00","mainEntityOfPage":{"@id":"https:\/\/www.laguiadepamplona.com\/actualidad\/nueve-propuestas-escenicas-contemporaneas-y-otras-actividades-ludicas-y-formativas-conforman-el-vii-festival-de-micro-artes-escenicas-de-pamplona-microstable-2024\/"},"wordCount":1557,"commentCount":0,"publisher":{"@id":"https:\/\/www.laguiadepamplona.com\/actualidad\/#organization"},"image":{"@id":"https:\/\/www.laguiadepamplona.com\/actualidad\/nueve-propuestas-escenicas-contemporaneas-y-otras-actividades-ludicas-y-formativas-conforman-el-vii-festival-de-micro-artes-escenicas-de-pamplona-microstable-2024\/#primaryimage"},"thumbnailUrl":"https:\/\/www.laguiadepamplona.com\/actualidad\/wp-content\/uploads\/2024\/10\/microestable_web.webp","articleSection":["Ayto Pamplona"],"inLanguage":"es","potentialAction":[{"@type":"CommentAction","name":"Comment","target":["https:\/\/www.laguiadepamplona.com\/actualidad\/nueve-propuestas-escenicas-contemporaneas-y-otras-actividades-ludicas-y-formativas-conforman-el-vii-festival-de-micro-artes-escenicas-de-pamplona-microstable-2024\/#respond"]}]},{"@type":"WebPage","@id":"https:\/\/www.laguiadepamplona.com\/actualidad\/nueve-propuestas-escenicas-contemporaneas-y-otras-actividades-ludicas-y-formativas-conforman-el-vii-festival-de-micro-artes-escenicas-de-pamplona-microstable-2024\/","url":"https:\/\/www.laguiadepamplona.com\/actualidad\/nueve-propuestas-escenicas-contemporaneas-y-otras-actividades-ludicas-y-formativas-conforman-el-vii-festival-de-micro-artes-escenicas-de-pamplona-microstable-2024\/","name":"Nueve propuestas esc\u00e9nicas contempor\u00e1neas y otras actividades l\u00fadicas y formativas conforman el VII Festival de Micro Artes Esc\u00e9nicas de Pamplona, Microstable 2024","isPartOf":{"@id":"https:\/\/www.laguiadepamplona.com\/actualidad\/#website"},"primaryImageOfPage":{"@id":"https:\/\/www.laguiadepamplona.com\/actualidad\/nueve-propuestas-escenicas-contemporaneas-y-otras-actividades-ludicas-y-formativas-conforman-el-vii-festival-de-micro-artes-escenicas-de-pamplona-microstable-2024\/#primaryimage"},"image":{"@id":"https:\/\/www.laguiadepamplona.com\/actualidad\/nueve-propuestas-escenicas-contemporaneas-y-otras-actividades-ludicas-y-formativas-conforman-el-vii-festival-de-micro-artes-escenicas-de-pamplona-microstable-2024\/#primaryimage"},"thumbnailUrl":"https:\/\/www.laguiadepamplona.com\/actualidad\/wp-content\/uploads\/2024\/10\/microestable_web.webp","datePublished":"2024-10-23T16:50:49+00:00","description":"La Secci\u00f3n Oficial se llevar\u00e1 a cabo en Condestable de viernes a domingo, con una propuesta teatral en la Plaza del Castillo este jueves a modo de previa","breadcrumb":{"@id":"https:\/\/www.laguiadepamplona.com\/actualidad\/nueve-propuestas-escenicas-contemporaneas-y-otras-actividades-ludicas-y-formativas-conforman-el-vii-festival-de-micro-artes-escenicas-de-pamplona-microstable-2024\/#breadcrumb"},"inLanguage":"es","potentialAction":[{"@type":"ReadAction","target":["https:\/\/www.laguiadepamplona.com\/actualidad\/nueve-propuestas-escenicas-contemporaneas-y-otras-actividades-ludicas-y-formativas-conforman-el-vii-festival-de-micro-artes-escenicas-de-pamplona-microstable-2024\/"]}]},{"@type":"ImageObject","inLanguage":"es","@id":"https:\/\/www.laguiadepamplona.com\/actualidad\/nueve-propuestas-escenicas-contemporaneas-y-otras-actividades-ludicas-y-formativas-conforman-el-vii-festival-de-micro-artes-escenicas-de-pamplona-microstable-2024\/#primaryimage","url":"https:\/\/www.laguiadepamplona.com\/actualidad\/wp-content\/uploads\/2024\/10\/microestable_web.webp","contentUrl":"https:\/\/www.laguiadepamplona.com\/actualidad\/wp-content\/uploads\/2024\/10\/microestable_web.webp","width":1000,"height":573,"caption":"microestable"},{"@type":"BreadcrumbList","@id":"https:\/\/www.laguiadepamplona.com\/actualidad\/nueve-propuestas-escenicas-contemporaneas-y-otras-actividades-ludicas-y-formativas-conforman-el-vii-festival-de-micro-artes-escenicas-de-pamplona-microstable-2024\/#breadcrumb","itemListElement":[{"@type":"ListItem","position":1,"name":"Portada","item":"https:\/\/www.laguiadepamplona.com\/actualidad\/"},{"@type":"ListItem","position":2,"name":"Nueve propuestas esc\u00e9nicas contempor\u00e1neas y otras actividades l\u00fadicas y formativas conforman el VII Festival de Micro Artes Esc\u00e9nicas de Pamplona, Microstable 2024"}]},{"@type":"WebSite","@id":"https:\/\/www.laguiadepamplona.com\/actualidad\/#website","url":"https:\/\/www.laguiadepamplona.com\/actualidad\/","name":"La gu\u00eda de Pamplona","description":"Noticias de Pamplona","publisher":{"@id":"https:\/\/www.laguiadepamplona.com\/actualidad\/#organization"},"potentialAction":[{"@type":"SearchAction","target":{"@type":"EntryPoint","urlTemplate":"https:\/\/www.laguiadepamplona.com\/actualidad\/?s={search_term_string}"},"query-input":{"@type":"PropertyValueSpecification","valueRequired":true,"valueName":"search_term_string"}}],"inLanguage":"es"},{"@type":"Organization","@id":"https:\/\/www.laguiadepamplona.com\/actualidad\/#organization","name":"La Gu\u00eda de Pamplona \/ Noticias","url":"https:\/\/www.laguiadepamplona.com\/actualidad\/","logo":{"@type":"ImageObject","inLanguage":"es","@id":"https:\/\/www.laguiadepamplona.com\/actualidad\/#\/schema\/logo\/image\/","url":"https:\/\/www.laguiadepamplona.com\/actualidad\/wp-content\/uploads\/2018\/11\/logo-laguiadepamplona18-web1.png","contentUrl":"https:\/\/www.laguiadepamplona.com\/actualidad\/wp-content\/uploads\/2018\/11\/logo-laguiadepamplona18-web1.png","width":600,"height":196,"caption":"La Gu\u00eda de Pamplona \/ Noticias"},"image":{"@id":"https:\/\/www.laguiadepamplona.com\/actualidad\/#\/schema\/logo\/image\/"},"sameAs":["https:\/\/www.facebook.com\/laguiadepamplonacom-133175176762273\/?ref=hl","https:\/\/x.com\/LaGuiadPamplona","https:\/\/www.instagram.com\/la_guia_de_pamplona\/","https:\/\/www.youtube.com\/user\/laguiadepamplona"]},{"@type":"Person","@id":"https:\/\/www.laguiadepamplona.com\/actualidad\/#\/schema\/person\/efe887376f0213d4657c93adc50b1fdb","name":"La Gu\u00eda de Pamplona","image":{"@type":"ImageObject","inLanguage":"es","@id":"https:\/\/secure.gravatar.com\/avatar\/b6992f131dc8d30ab0dff15446e9d346d9dbd95992de0fef795073f5ea83a81c?s=96&d=mm&r=g","url":"https:\/\/secure.gravatar.com\/avatar\/b6992f131dc8d30ab0dff15446e9d346d9dbd95992de0fef795073f5ea83a81c?s=96&d=mm&r=g","contentUrl":"https:\/\/secure.gravatar.com\/avatar\/b6992f131dc8d30ab0dff15446e9d346d9dbd95992de0fef795073f5ea83a81c?s=96&d=mm&r=g","caption":"La Gu\u00eda de Pamplona"}}]}},"post_mailing_queue_ids":[],"_links":{"self":[{"href":"https:\/\/www.laguiadepamplona.com\/actualidad\/wp-json\/wp\/v2\/posts\/51110","targetHints":{"allow":["GET"]}}],"collection":[{"href":"https:\/\/www.laguiadepamplona.com\/actualidad\/wp-json\/wp\/v2\/posts"}],"about":[{"href":"https:\/\/www.laguiadepamplona.com\/actualidad\/wp-json\/wp\/v2\/types\/post"}],"author":[{"embeddable":true,"href":"https:\/\/www.laguiadepamplona.com\/actualidad\/wp-json\/wp\/v2\/users\/1"}],"replies":[{"embeddable":true,"href":"https:\/\/www.laguiadepamplona.com\/actualidad\/wp-json\/wp\/v2\/comments?post=51110"}],"version-history":[{"count":1,"href":"https:\/\/www.laguiadepamplona.com\/actualidad\/wp-json\/wp\/v2\/posts\/51110\/revisions"}],"predecessor-version":[{"id":51112,"href":"https:\/\/www.laguiadepamplona.com\/actualidad\/wp-json\/wp\/v2\/posts\/51110\/revisions\/51112"}],"wp:featuredmedia":[{"embeddable":true,"href":"https:\/\/www.laguiadepamplona.com\/actualidad\/wp-json\/wp\/v2\/media\/51111"}],"wp:attachment":[{"href":"https:\/\/www.laguiadepamplona.com\/actualidad\/wp-json\/wp\/v2\/media?parent=51110"}],"wp:term":[{"taxonomy":"category","embeddable":true,"href":"https:\/\/www.laguiadepamplona.com\/actualidad\/wp-json\/wp\/v2\/categories?post=51110"},{"taxonomy":"post_tag","embeddable":true,"href":"https:\/\/www.laguiadepamplona.com\/actualidad\/wp-json\/wp\/v2\/tags?post=51110"}],"curies":[{"name":"wp","href":"https:\/\/api.w.org\/{rel}","templated":true}]}}