{"id":51108,"date":"2024-10-23T18:47:51","date_gmt":"2024-10-23T16:47:51","guid":{"rendered":"https:\/\/www.laguiadepamplona.com\/actualidad\/?p=51108"},"modified":"2024-10-23T18:47:51","modified_gmt":"2024-10-23T16:47:51","slug":"la-casa-consistorial-se-ilumina-este-jueves-de-rojo-y-el-viernes-de-amarillo-con-motivo-de-los-dias-mundiales-contra-la-polio-y-contra-la-espina-bifida-y-la-hidrocefalia","status":"publish","type":"post","link":"https:\/\/www.laguiadepamplona.com\/actualidad\/la-casa-consistorial-se-ilumina-este-jueves-de-rojo-y-el-viernes-de-amarillo-con-motivo-de-los-dias-mundiales-contra-la-polio-y-contra-la-espina-bifida-y-la-hidrocefalia\/","title":{"rendered":"La Casa Consistorial se ilumina este jueves de rojo y el viernes de amarillo con motivo de los d\u00edas mundiales contra la Polio y contra la Espina B\u00edfida y la Hidrocefalia"},"content":{"rendered":"<p class=\"x_MsoNormal\"><!--more--><\/p>\n<p class=\"x_3Texto\">El Ayuntamiento de Pamplona contin\u00faa uni\u00e9ndose a la visibilizaci\u00f3n y sensibilizaci\u00f3n ante diferentes enfermedades. Este jueves la fachada de la Casa Consistorial se iluminar\u00e1 de color rojo con motivo del D\u00eda Mundial contra la Polio y el viernes el color tornar\u00e1 a amarillo para solidarizarse con las personas que padecen de Espina B\u00edfida e Hidrocefalia, que tambi\u00e9n celebran el d\u00eda mundial de su dolencia.<\/p>\n<p class=\"x_3Texto\">La poliomielitis es una enfermedad altamente infecciosa causada por un virus que invade el sistema nervioso y puede causar una par\u00e1lisis total en cuesti\u00f3n de horas. El virus se transmite de una persona a otra principalmente por v\u00eda fecal-oral o, con menos frecuencia, a trav\u00e9s de un veh\u00edculo com\u00fan, como el agua o los alimentos contaminados, y se multiplica en el intestino. Los s\u00edntomas iniciales son fiebre, cansancio, cefalea, v\u00f3mitos, rigidez del cuello y dolor en las extremidades. La poliomielitis afecta sobre todo a los menores de 5 a\u00f1os, pero cualquier persona que no est\u00e9 vacunada puede contraer la enfermedad, sin importar su edad.<\/p>\n<p class=\"x_3Texto\">En 1988 la Asamblea Mundial de la Salud adopt\u00f3 una resoluci\u00f3n sobre la erradicaci\u00f3n mundial de la poliomielitis que marc\u00f3 la creaci\u00f3n de la Iniciativa de Erradicaci\u00f3n Mundial de la Poliomielitis (IEMP). Desde entonces, la incidencia de la poliomielitis a nivel mundial se ha reducido en un 99% y, por segunda vez en la historia, se est\u00e1 a punto de erradicar una enfermedad humana en todo el mundo, despu\u00e9s de hacerlo con la viruela en 1980. Los casos de infecci\u00f3n por poliovirus salvajes han disminuido en m\u00e1s de un 99% desde 1988. Entonces se calculaba que hab\u00eda 350.000 casos en m\u00e1s de 125 pa\u00edses; hace un a\u00f1o solo hab\u00eda poliomielitis end\u00e9mica en dos.<\/p>\n<p class=\"x_4Ladillo\"><strong>Espina B\u00edfida e Hidrocefalia<\/strong><\/p>\n<p class=\"x_3Texto\">El viernes 25 de octubre se celebra el D\u00eda Mundial de la Espina B\u00edfida e Hidrocefalia, seg\u00fan el acuerdo alcanzado en 2011 por la Asamblea General de la Federaci\u00f3n Internacional de Espina B\u00edfida e Hidrocefalia (International Federation for Spina Bifida and Hydrocephalus, IFSBH). La Espina B\u00edfida (EB) es una grave malformaci\u00f3n cong\u00e9nita dentro del espectro de los defectos del tubo neural, un canal estrecho que se pliega y cierra entre la tercera y cuarta semana del embarazo para formar el cerebro y la m\u00e9dula espinal. Esta malformaci\u00f3n afecta al sistema nervioso central, al aparato locomotor y al sistema genitourinario.<\/p>\n<p class=\"x_3Texto\">La Hidrocefalia, o \u2018agua en el cerebro\u2019, es la acumulaci\u00f3n de l\u00edquido cefalorraqu\u00eddeo dentro de la cabeza, generalmente por su inadecuada absorci\u00f3n. Normalmente, el cerebro produce continuamente l\u00edquido cefalorraqu\u00eddeo por medio de unas c\u00e9lulas especializadas que est\u00e1n dentro de los ventr\u00edculos del cerebro. Este l\u00edquido circula por los ventr\u00edculos y luego sale ba\u00f1ando el cerebro y la m\u00e9dula espinal, para ser finalmente reabsorbido otra vez en el flujo sangu\u00edneo. Un bloqueo del flujo o drenaje de ese l\u00edquido provoca una acumulaci\u00f3n de l\u00edquido cefalorraqu\u00eddeo, el agrandamiento de los ventr\u00edculos y una mayor presi\u00f3n dentro de la cabeza. M\u00e1s del 80% de los menores que nacen con el tipo m\u00e1s grave de Espina B\u00edfida padecen tambi\u00e9n de Hidrocefalia.<\/p>\n","protected":false},"excerpt":{"rendered":"","protected":false},"author":1,"featured_media":36967,"comment_status":"open","ping_status":"closed","sticky":false,"template":"","format":"standard","meta":{"footnotes":""},"categories":[2],"tags":[],"class_list":["post-51108","post","type-post","status-publish","format-standard","has-post-thumbnail","hentry","category-ayuntamiento-pamplona"],"yoast_head":"<!-- This site is optimized with the Yoast SEO plugin v27.3 - https:\/\/yoast.com\/product\/yoast-seo-wordpress\/ -->\n<title>La Casa Consistorial se ilumina este jueves de rojo y el viernes de amarillo con motivo de los d\u00edas mundiales contra la Polio y contra la Espina B\u00edfida y la Hidrocefalia<\/title>\n<meta name=\"description\" content=\"El Ayuntamiento de Pamplona contin\u00faa uni\u00e9ndose a la visibilizaci\u00f3n y sensibilizaci\u00f3n ante diferentes enfermedades.\" \/>\n<meta name=\"robots\" content=\"index, follow, max-snippet:-1, max-image-preview:large, max-video-preview:-1\" \/>\n<link rel=\"canonical\" href=\"https:\/\/www.laguiadepamplona.com\/actualidad\/la-casa-consistorial-se-ilumina-este-jueves-de-rojo-y-el-viernes-de-amarillo-con-motivo-de-los-dias-mundiales-contra-la-polio-y-contra-la-espina-bifida-y-la-hidrocefalia\/\" \/>\n<meta property=\"og:locale\" content=\"es_ES\" \/>\n<meta property=\"og:type\" content=\"article\" \/>\n<meta property=\"og:title\" content=\"La Casa Consistorial se ilumina este jueves de rojo y el viernes de amarillo con motivo de los d\u00edas mundiales contra la Polio y contra la Espina B\u00edfida y la Hidrocefalia\" \/>\n<meta property=\"og:description\" content=\"El Ayuntamiento de Pamplona contin\u00faa uni\u00e9ndose a la visibilizaci\u00f3n y sensibilizaci\u00f3n ante diferentes enfermedades.\" \/>\n<meta property=\"og:url\" content=\"https:\/\/www.laguiadepamplona.com\/actualidad\/la-casa-consistorial-se-ilumina-este-jueves-de-rojo-y-el-viernes-de-amarillo-con-motivo-de-los-dias-mundiales-contra-la-polio-y-contra-la-espina-bifida-y-la-hidrocefalia\/\" \/>\n<meta property=\"og:site_name\" content=\"La Gu\u00eda de Pamplona\" \/>\n<meta property=\"article:publisher\" content=\"https:\/\/www.facebook.com\/laguiadepamplonacom-133175176762273\/?ref=hl\" \/>\n<meta property=\"article:published_time\" content=\"2024-10-23T16:47:51+00:00\" \/>\n<meta property=\"og:image\" content=\"https:\/\/www.laguiadepamplona.com\/actualidad\/wp-content\/uploads\/2021\/10\/ayuntamiento-rojo.jpg\" \/>\n\t<meta property=\"og:image:width\" content=\"1529\" \/>\n\t<meta property=\"og:image:height\" content=\"1019\" \/>\n\t<meta property=\"og:image:type\" content=\"image\/jpeg\" \/>\n<meta name=\"author\" content=\"La Gu\u00eda de Pamplona\" \/>\n<meta name=\"twitter:card\" content=\"summary_large_image\" \/>\n<meta name=\"twitter:creator\" content=\"@LaGuiadPamplona\" \/>\n<meta name=\"twitter:site\" content=\"@LaGuiadPamplona\" \/>\n<meta name=\"twitter:label1\" content=\"Escrito por\" \/>\n\t<meta name=\"twitter:data1\" content=\"La Gu\u00eda de Pamplona\" \/>\n\t<meta name=\"twitter:label2\" content=\"Tiempo de lectura\" \/>\n\t<meta name=\"twitter:data2\" content=\"3 minutos\" \/>\n<script type=\"application\/ld+json\" class=\"yoast-schema-graph\">{\"@context\":\"https:\\\/\\\/schema.org\",\"@graph\":[{\"@type\":\"Article\",\"@id\":\"https:\\\/\\\/www.laguiadepamplona.com\\\/actualidad\\\/la-casa-consistorial-se-ilumina-este-jueves-de-rojo-y-el-viernes-de-amarillo-con-motivo-de-los-dias-mundiales-contra-la-polio-y-contra-la-espina-bifida-y-la-hidrocefalia\\\/#article\",\"isPartOf\":{\"@id\":\"https:\\\/\\\/www.laguiadepamplona.com\\\/actualidad\\\/la-casa-consistorial-se-ilumina-este-jueves-de-rojo-y-el-viernes-de-amarillo-con-motivo-de-los-dias-mundiales-contra-la-polio-y-contra-la-espina-bifida-y-la-hidrocefalia\\\/\"},\"author\":{\"name\":\"La Gu\u00eda de Pamplona\",\"@id\":\"https:\\\/\\\/www.laguiadepamplona.com\\\/actualidad\\\/#\\\/schema\\\/person\\\/efe887376f0213d4657c93adc50b1fdb\"},\"headline\":\"La Casa Consistorial se ilumina este jueves de rojo y el viernes de amarillo con motivo de los d\u00edas mundiales contra la Polio y contra la Espina B\u00edfida y la Hidrocefalia\",\"datePublished\":\"2024-10-23T16:47:51+00:00\",\"mainEntityOfPage\":{\"@id\":\"https:\\\/\\\/www.laguiadepamplona.com\\\/actualidad\\\/la-casa-consistorial-se-ilumina-este-jueves-de-rojo-y-el-viernes-de-amarillo-con-motivo-de-los-dias-mundiales-contra-la-polio-y-contra-la-espina-bifida-y-la-hidrocefalia\\\/\"},\"wordCount\":588,\"commentCount\":0,\"publisher\":{\"@id\":\"https:\\\/\\\/www.laguiadepamplona.com\\\/actualidad\\\/#organization\"},\"image\":{\"@id\":\"https:\\\/\\\/www.laguiadepamplona.com\\\/actualidad\\\/la-casa-consistorial-se-ilumina-este-jueves-de-rojo-y-el-viernes-de-amarillo-con-motivo-de-los-dias-mundiales-contra-la-polio-y-contra-la-espina-bifida-y-la-hidrocefalia\\\/#primaryimage\"},\"thumbnailUrl\":\"https:\\\/\\\/www.laguiadepamplona.com\\\/actualidad\\\/wp-content\\\/uploads\\\/2021\\\/10\\\/ayuntamiento-rojo.jpg\",\"articleSection\":[\"Ayto Pamplona\"],\"inLanguage\":\"es\",\"potentialAction\":[{\"@type\":\"CommentAction\",\"name\":\"Comment\",\"target\":[\"https:\\\/\\\/www.laguiadepamplona.com\\\/actualidad\\\/la-casa-consistorial-se-ilumina-este-jueves-de-rojo-y-el-viernes-de-amarillo-con-motivo-de-los-dias-mundiales-contra-la-polio-y-contra-la-espina-bifida-y-la-hidrocefalia\\\/#respond\"]}]},{\"@type\":\"WebPage\",\"@id\":\"https:\\\/\\\/www.laguiadepamplona.com\\\/actualidad\\\/la-casa-consistorial-se-ilumina-este-jueves-de-rojo-y-el-viernes-de-amarillo-con-motivo-de-los-dias-mundiales-contra-la-polio-y-contra-la-espina-bifida-y-la-hidrocefalia\\\/\",\"url\":\"https:\\\/\\\/www.laguiadepamplona.com\\\/actualidad\\\/la-casa-consistorial-se-ilumina-este-jueves-de-rojo-y-el-viernes-de-amarillo-con-motivo-de-los-dias-mundiales-contra-la-polio-y-contra-la-espina-bifida-y-la-hidrocefalia\\\/\",\"name\":\"La Casa Consistorial se ilumina este jueves de rojo y el viernes de amarillo con motivo de los d\u00edas mundiales contra la Polio y contra la Espina B\u00edfida y la Hidrocefalia\",\"isPartOf\":{\"@id\":\"https:\\\/\\\/www.laguiadepamplona.com\\\/actualidad\\\/#website\"},\"primaryImageOfPage\":{\"@id\":\"https:\\\/\\\/www.laguiadepamplona.com\\\/actualidad\\\/la-casa-consistorial-se-ilumina-este-jueves-de-rojo-y-el-viernes-de-amarillo-con-motivo-de-los-dias-mundiales-contra-la-polio-y-contra-la-espina-bifida-y-la-hidrocefalia\\\/#primaryimage\"},\"image\":{\"@id\":\"https:\\\/\\\/www.laguiadepamplona.com\\\/actualidad\\\/la-casa-consistorial-se-ilumina-este-jueves-de-rojo-y-el-viernes-de-amarillo-con-motivo-de-los-dias-mundiales-contra-la-polio-y-contra-la-espina-bifida-y-la-hidrocefalia\\\/#primaryimage\"},\"thumbnailUrl\":\"https:\\\/\\\/www.laguiadepamplona.com\\\/actualidad\\\/wp-content\\\/uploads\\\/2021\\\/10\\\/ayuntamiento-rojo.jpg\",\"datePublished\":\"2024-10-23T16:47:51+00:00\",\"description\":\"El Ayuntamiento de Pamplona contin\u00faa uni\u00e9ndose a la visibilizaci\u00f3n y sensibilizaci\u00f3n ante diferentes enfermedades.\",\"breadcrumb\":{\"@id\":\"https:\\\/\\\/www.laguiadepamplona.com\\\/actualidad\\\/la-casa-consistorial-se-ilumina-este-jueves-de-rojo-y-el-viernes-de-amarillo-con-motivo-de-los-dias-mundiales-contra-la-polio-y-contra-la-espina-bifida-y-la-hidrocefalia\\\/#breadcrumb\"},\"inLanguage\":\"es\",\"potentialAction\":[{\"@type\":\"ReadAction\",\"target\":[\"https:\\\/\\\/www.laguiadepamplona.com\\\/actualidad\\\/la-casa-consistorial-se-ilumina-este-jueves-de-rojo-y-el-viernes-de-amarillo-con-motivo-de-los-dias-mundiales-contra-la-polio-y-contra-la-espina-bifida-y-la-hidrocefalia\\\/\"]}]},{\"@type\":\"ImageObject\",\"inLanguage\":\"es\",\"@id\":\"https:\\\/\\\/www.laguiadepamplona.com\\\/actualidad\\\/la-casa-consistorial-se-ilumina-este-jueves-de-rojo-y-el-viernes-de-amarillo-con-motivo-de-los-dias-mundiales-contra-la-polio-y-contra-la-espina-bifida-y-la-hidrocefalia\\\/#primaryimage\",\"url\":\"https:\\\/\\\/www.laguiadepamplona.com\\\/actualidad\\\/wp-content\\\/uploads\\\/2021\\\/10\\\/ayuntamiento-rojo.jpg\",\"contentUrl\":\"https:\\\/\\\/www.laguiadepamplona.com\\\/actualidad\\\/wp-content\\\/uploads\\\/2021\\\/10\\\/ayuntamiento-rojo.jpg\",\"width\":1529,\"height\":1019,\"caption\":\"ayuntamiento rojo\"},{\"@type\":\"BreadcrumbList\",\"@id\":\"https:\\\/\\\/www.laguiadepamplona.com\\\/actualidad\\\/la-casa-consistorial-se-ilumina-este-jueves-de-rojo-y-el-viernes-de-amarillo-con-motivo-de-los-dias-mundiales-contra-la-polio-y-contra-la-espina-bifida-y-la-hidrocefalia\\\/#breadcrumb\",\"itemListElement\":[{\"@type\":\"ListItem\",\"position\":1,\"name\":\"Portada\",\"item\":\"https:\\\/\\\/www.laguiadepamplona.com\\\/actualidad\\\/\"},{\"@type\":\"ListItem\",\"position\":2,\"name\":\"La Casa Consistorial se ilumina este jueves de rojo y el viernes de amarillo con motivo de los d\u00edas mundiales contra la Polio y contra la Espina B\u00edfida y la Hidrocefalia\"}]},{\"@type\":\"WebSite\",\"@id\":\"https:\\\/\\\/www.laguiadepamplona.com\\\/actualidad\\\/#website\",\"url\":\"https:\\\/\\\/www.laguiadepamplona.com\\\/actualidad\\\/\",\"name\":\"La gu\u00eda de Pamplona\",\"description\":\"Noticias de Pamplona\",\"publisher\":{\"@id\":\"https:\\\/\\\/www.laguiadepamplona.com\\\/actualidad\\\/#organization\"},\"potentialAction\":[{\"@type\":\"SearchAction\",\"target\":{\"@type\":\"EntryPoint\",\"urlTemplate\":\"https:\\\/\\\/www.laguiadepamplona.com\\\/actualidad\\\/?s={search_term_string}\"},\"query-input\":{\"@type\":\"PropertyValueSpecification\",\"valueRequired\":true,\"valueName\":\"search_term_string\"}}],\"inLanguage\":\"es\"},{\"@type\":\"Organization\",\"@id\":\"https:\\\/\\\/www.laguiadepamplona.com\\\/actualidad\\\/#organization\",\"name\":\"La Gu\u00eda de Pamplona \\\/ Noticias\",\"url\":\"https:\\\/\\\/www.laguiadepamplona.com\\\/actualidad\\\/\",\"logo\":{\"@type\":\"ImageObject\",\"inLanguage\":\"es\",\"@id\":\"https:\\\/\\\/www.laguiadepamplona.com\\\/actualidad\\\/#\\\/schema\\\/logo\\\/image\\\/\",\"url\":\"https:\\\/\\\/www.laguiadepamplona.com\\\/actualidad\\\/wp-content\\\/uploads\\\/2018\\\/11\\\/logo-laguiadepamplona18-web1.png\",\"contentUrl\":\"https:\\\/\\\/www.laguiadepamplona.com\\\/actualidad\\\/wp-content\\\/uploads\\\/2018\\\/11\\\/logo-laguiadepamplona18-web1.png\",\"width\":600,\"height\":196,\"caption\":\"La Gu\u00eda de Pamplona \\\/ Noticias\"},\"image\":{\"@id\":\"https:\\\/\\\/www.laguiadepamplona.com\\\/actualidad\\\/#\\\/schema\\\/logo\\\/image\\\/\"},\"sameAs\":[\"https:\\\/\\\/www.facebook.com\\\/laguiadepamplonacom-133175176762273\\\/?ref=hl\",\"https:\\\/\\\/x.com\\\/LaGuiadPamplona\",\"https:\\\/\\\/www.instagram.com\\\/la_guia_de_pamplona\\\/\",\"https:\\\/\\\/www.youtube.com\\\/user\\\/laguiadepamplona\"]},{\"@type\":\"Person\",\"@id\":\"https:\\\/\\\/www.laguiadepamplona.com\\\/actualidad\\\/#\\\/schema\\\/person\\\/efe887376f0213d4657c93adc50b1fdb\",\"name\":\"La Gu\u00eda de Pamplona\",\"image\":{\"@type\":\"ImageObject\",\"inLanguage\":\"es\",\"@id\":\"https:\\\/\\\/secure.gravatar.com\\\/avatar\\\/b6992f131dc8d30ab0dff15446e9d346d9dbd95992de0fef795073f5ea83a81c?s=96&d=mm&r=g\",\"url\":\"https:\\\/\\\/secure.gravatar.com\\\/avatar\\\/b6992f131dc8d30ab0dff15446e9d346d9dbd95992de0fef795073f5ea83a81c?s=96&d=mm&r=g\",\"contentUrl\":\"https:\\\/\\\/secure.gravatar.com\\\/avatar\\\/b6992f131dc8d30ab0dff15446e9d346d9dbd95992de0fef795073f5ea83a81c?s=96&d=mm&r=g\",\"caption\":\"La Gu\u00eda de Pamplona\"}}]}<\/script>\n<!-- \/ Yoast SEO plugin. -->","yoast_head_json":{"title":"La Casa Consistorial se ilumina este jueves de rojo y el viernes de amarillo con motivo de los d\u00edas mundiales contra la Polio y contra la Espina B\u00edfida y la Hidrocefalia","description":"El Ayuntamiento de Pamplona contin\u00faa uni\u00e9ndose a la visibilizaci\u00f3n y sensibilizaci\u00f3n ante diferentes enfermedades.","robots":{"index":"index","follow":"follow","max-snippet":"max-snippet:-1","max-image-preview":"max-image-preview:large","max-video-preview":"max-video-preview:-1"},"canonical":"https:\/\/www.laguiadepamplona.com\/actualidad\/la-casa-consistorial-se-ilumina-este-jueves-de-rojo-y-el-viernes-de-amarillo-con-motivo-de-los-dias-mundiales-contra-la-polio-y-contra-la-espina-bifida-y-la-hidrocefalia\/","og_locale":"es_ES","og_type":"article","og_title":"La Casa Consistorial se ilumina este jueves de rojo y el viernes de amarillo con motivo de los d\u00edas mundiales contra la Polio y contra la Espina B\u00edfida y la Hidrocefalia","og_description":"El Ayuntamiento de Pamplona contin\u00faa uni\u00e9ndose a la visibilizaci\u00f3n y sensibilizaci\u00f3n ante diferentes enfermedades.","og_url":"https:\/\/www.laguiadepamplona.com\/actualidad\/la-casa-consistorial-se-ilumina-este-jueves-de-rojo-y-el-viernes-de-amarillo-con-motivo-de-los-dias-mundiales-contra-la-polio-y-contra-la-espina-bifida-y-la-hidrocefalia\/","og_site_name":"La Gu\u00eda de Pamplona","article_publisher":"https:\/\/www.facebook.com\/laguiadepamplonacom-133175176762273\/?ref=hl","article_published_time":"2024-10-23T16:47:51+00:00","og_image":[{"width":1529,"height":1019,"url":"https:\/\/www.laguiadepamplona.com\/actualidad\/wp-content\/uploads\/2021\/10\/ayuntamiento-rojo.jpg","type":"image\/jpeg"}],"author":"La Gu\u00eda de Pamplona","twitter_card":"summary_large_image","twitter_creator":"@LaGuiadPamplona","twitter_site":"@LaGuiadPamplona","twitter_misc":{"Escrito por":"La Gu\u00eda de Pamplona","Tiempo de lectura":"3 minutos"},"schema":{"@context":"https:\/\/schema.org","@graph":[{"@type":"Article","@id":"https:\/\/www.laguiadepamplona.com\/actualidad\/la-casa-consistorial-se-ilumina-este-jueves-de-rojo-y-el-viernes-de-amarillo-con-motivo-de-los-dias-mundiales-contra-la-polio-y-contra-la-espina-bifida-y-la-hidrocefalia\/#article","isPartOf":{"@id":"https:\/\/www.laguiadepamplona.com\/actualidad\/la-casa-consistorial-se-ilumina-este-jueves-de-rojo-y-el-viernes-de-amarillo-con-motivo-de-los-dias-mundiales-contra-la-polio-y-contra-la-espina-bifida-y-la-hidrocefalia\/"},"author":{"name":"La Gu\u00eda de Pamplona","@id":"https:\/\/www.laguiadepamplona.com\/actualidad\/#\/schema\/person\/efe887376f0213d4657c93adc50b1fdb"},"headline":"La Casa Consistorial se ilumina este jueves de rojo y el viernes de amarillo con motivo de los d\u00edas mundiales contra la Polio y contra la Espina B\u00edfida y la Hidrocefalia","datePublished":"2024-10-23T16:47:51+00:00","mainEntityOfPage":{"@id":"https:\/\/www.laguiadepamplona.com\/actualidad\/la-casa-consistorial-se-ilumina-este-jueves-de-rojo-y-el-viernes-de-amarillo-con-motivo-de-los-dias-mundiales-contra-la-polio-y-contra-la-espina-bifida-y-la-hidrocefalia\/"},"wordCount":588,"commentCount":0,"publisher":{"@id":"https:\/\/www.laguiadepamplona.com\/actualidad\/#organization"},"image":{"@id":"https:\/\/www.laguiadepamplona.com\/actualidad\/la-casa-consistorial-se-ilumina-este-jueves-de-rojo-y-el-viernes-de-amarillo-con-motivo-de-los-dias-mundiales-contra-la-polio-y-contra-la-espina-bifida-y-la-hidrocefalia\/#primaryimage"},"thumbnailUrl":"https:\/\/www.laguiadepamplona.com\/actualidad\/wp-content\/uploads\/2021\/10\/ayuntamiento-rojo.jpg","articleSection":["Ayto Pamplona"],"inLanguage":"es","potentialAction":[{"@type":"CommentAction","name":"Comment","target":["https:\/\/www.laguiadepamplona.com\/actualidad\/la-casa-consistorial-se-ilumina-este-jueves-de-rojo-y-el-viernes-de-amarillo-con-motivo-de-los-dias-mundiales-contra-la-polio-y-contra-la-espina-bifida-y-la-hidrocefalia\/#respond"]}]},{"@type":"WebPage","@id":"https:\/\/www.laguiadepamplona.com\/actualidad\/la-casa-consistorial-se-ilumina-este-jueves-de-rojo-y-el-viernes-de-amarillo-con-motivo-de-los-dias-mundiales-contra-la-polio-y-contra-la-espina-bifida-y-la-hidrocefalia\/","url":"https:\/\/www.laguiadepamplona.com\/actualidad\/la-casa-consistorial-se-ilumina-este-jueves-de-rojo-y-el-viernes-de-amarillo-con-motivo-de-los-dias-mundiales-contra-la-polio-y-contra-la-espina-bifida-y-la-hidrocefalia\/","name":"La Casa Consistorial se ilumina este jueves de rojo y el viernes de amarillo con motivo de los d\u00edas mundiales contra la Polio y contra la Espina B\u00edfida y la Hidrocefalia","isPartOf":{"@id":"https:\/\/www.laguiadepamplona.com\/actualidad\/#website"},"primaryImageOfPage":{"@id":"https:\/\/www.laguiadepamplona.com\/actualidad\/la-casa-consistorial-se-ilumina-este-jueves-de-rojo-y-el-viernes-de-amarillo-con-motivo-de-los-dias-mundiales-contra-la-polio-y-contra-la-espina-bifida-y-la-hidrocefalia\/#primaryimage"},"image":{"@id":"https:\/\/www.laguiadepamplona.com\/actualidad\/la-casa-consistorial-se-ilumina-este-jueves-de-rojo-y-el-viernes-de-amarillo-con-motivo-de-los-dias-mundiales-contra-la-polio-y-contra-la-espina-bifida-y-la-hidrocefalia\/#primaryimage"},"thumbnailUrl":"https:\/\/www.laguiadepamplona.com\/actualidad\/wp-content\/uploads\/2021\/10\/ayuntamiento-rojo.jpg","datePublished":"2024-10-23T16:47:51+00:00","description":"El Ayuntamiento de Pamplona contin\u00faa uni\u00e9ndose a la visibilizaci\u00f3n y sensibilizaci\u00f3n ante diferentes enfermedades.","breadcrumb":{"@id":"https:\/\/www.laguiadepamplona.com\/actualidad\/la-casa-consistorial-se-ilumina-este-jueves-de-rojo-y-el-viernes-de-amarillo-con-motivo-de-los-dias-mundiales-contra-la-polio-y-contra-la-espina-bifida-y-la-hidrocefalia\/#breadcrumb"},"inLanguage":"es","potentialAction":[{"@type":"ReadAction","target":["https:\/\/www.laguiadepamplona.com\/actualidad\/la-casa-consistorial-se-ilumina-este-jueves-de-rojo-y-el-viernes-de-amarillo-con-motivo-de-los-dias-mundiales-contra-la-polio-y-contra-la-espina-bifida-y-la-hidrocefalia\/"]}]},{"@type":"ImageObject","inLanguage":"es","@id":"https:\/\/www.laguiadepamplona.com\/actualidad\/la-casa-consistorial-se-ilumina-este-jueves-de-rojo-y-el-viernes-de-amarillo-con-motivo-de-los-dias-mundiales-contra-la-polio-y-contra-la-espina-bifida-y-la-hidrocefalia\/#primaryimage","url":"https:\/\/www.laguiadepamplona.com\/actualidad\/wp-content\/uploads\/2021\/10\/ayuntamiento-rojo.jpg","contentUrl":"https:\/\/www.laguiadepamplona.com\/actualidad\/wp-content\/uploads\/2021\/10\/ayuntamiento-rojo.jpg","width":1529,"height":1019,"caption":"ayuntamiento rojo"},{"@type":"BreadcrumbList","@id":"https:\/\/www.laguiadepamplona.com\/actualidad\/la-casa-consistorial-se-ilumina-este-jueves-de-rojo-y-el-viernes-de-amarillo-con-motivo-de-los-dias-mundiales-contra-la-polio-y-contra-la-espina-bifida-y-la-hidrocefalia\/#breadcrumb","itemListElement":[{"@type":"ListItem","position":1,"name":"Portada","item":"https:\/\/www.laguiadepamplona.com\/actualidad\/"},{"@type":"ListItem","position":2,"name":"La Casa Consistorial se ilumina este jueves de rojo y el viernes de amarillo con motivo de los d\u00edas mundiales contra la Polio y contra la Espina B\u00edfida y la Hidrocefalia"}]},{"@type":"WebSite","@id":"https:\/\/www.laguiadepamplona.com\/actualidad\/#website","url":"https:\/\/www.laguiadepamplona.com\/actualidad\/","name":"La gu\u00eda de Pamplona","description":"Noticias de Pamplona","publisher":{"@id":"https:\/\/www.laguiadepamplona.com\/actualidad\/#organization"},"potentialAction":[{"@type":"SearchAction","target":{"@type":"EntryPoint","urlTemplate":"https:\/\/www.laguiadepamplona.com\/actualidad\/?s={search_term_string}"},"query-input":{"@type":"PropertyValueSpecification","valueRequired":true,"valueName":"search_term_string"}}],"inLanguage":"es"},{"@type":"Organization","@id":"https:\/\/www.laguiadepamplona.com\/actualidad\/#organization","name":"La Gu\u00eda de Pamplona \/ Noticias","url":"https:\/\/www.laguiadepamplona.com\/actualidad\/","logo":{"@type":"ImageObject","inLanguage":"es","@id":"https:\/\/www.laguiadepamplona.com\/actualidad\/#\/schema\/logo\/image\/","url":"https:\/\/www.laguiadepamplona.com\/actualidad\/wp-content\/uploads\/2018\/11\/logo-laguiadepamplona18-web1.png","contentUrl":"https:\/\/www.laguiadepamplona.com\/actualidad\/wp-content\/uploads\/2018\/11\/logo-laguiadepamplona18-web1.png","width":600,"height":196,"caption":"La Gu\u00eda de Pamplona \/ Noticias"},"image":{"@id":"https:\/\/www.laguiadepamplona.com\/actualidad\/#\/schema\/logo\/image\/"},"sameAs":["https:\/\/www.facebook.com\/laguiadepamplonacom-133175176762273\/?ref=hl","https:\/\/x.com\/LaGuiadPamplona","https:\/\/www.instagram.com\/la_guia_de_pamplona\/","https:\/\/www.youtube.com\/user\/laguiadepamplona"]},{"@type":"Person","@id":"https:\/\/www.laguiadepamplona.com\/actualidad\/#\/schema\/person\/efe887376f0213d4657c93adc50b1fdb","name":"La Gu\u00eda de Pamplona","image":{"@type":"ImageObject","inLanguage":"es","@id":"https:\/\/secure.gravatar.com\/avatar\/b6992f131dc8d30ab0dff15446e9d346d9dbd95992de0fef795073f5ea83a81c?s=96&d=mm&r=g","url":"https:\/\/secure.gravatar.com\/avatar\/b6992f131dc8d30ab0dff15446e9d346d9dbd95992de0fef795073f5ea83a81c?s=96&d=mm&r=g","contentUrl":"https:\/\/secure.gravatar.com\/avatar\/b6992f131dc8d30ab0dff15446e9d346d9dbd95992de0fef795073f5ea83a81c?s=96&d=mm&r=g","caption":"La Gu\u00eda de Pamplona"}}]}},"post_mailing_queue_ids":[],"_links":{"self":[{"href":"https:\/\/www.laguiadepamplona.com\/actualidad\/wp-json\/wp\/v2\/posts\/51108","targetHints":{"allow":["GET"]}}],"collection":[{"href":"https:\/\/www.laguiadepamplona.com\/actualidad\/wp-json\/wp\/v2\/posts"}],"about":[{"href":"https:\/\/www.laguiadepamplona.com\/actualidad\/wp-json\/wp\/v2\/types\/post"}],"author":[{"embeddable":true,"href":"https:\/\/www.laguiadepamplona.com\/actualidad\/wp-json\/wp\/v2\/users\/1"}],"replies":[{"embeddable":true,"href":"https:\/\/www.laguiadepamplona.com\/actualidad\/wp-json\/wp\/v2\/comments?post=51108"}],"version-history":[{"count":1,"href":"https:\/\/www.laguiadepamplona.com\/actualidad\/wp-json\/wp\/v2\/posts\/51108\/revisions"}],"predecessor-version":[{"id":51109,"href":"https:\/\/www.laguiadepamplona.com\/actualidad\/wp-json\/wp\/v2\/posts\/51108\/revisions\/51109"}],"wp:featuredmedia":[{"embeddable":true,"href":"https:\/\/www.laguiadepamplona.com\/actualidad\/wp-json\/wp\/v2\/media\/36967"}],"wp:attachment":[{"href":"https:\/\/www.laguiadepamplona.com\/actualidad\/wp-json\/wp\/v2\/media?parent=51108"}],"wp:term":[{"taxonomy":"category","embeddable":true,"href":"https:\/\/www.laguiadepamplona.com\/actualidad\/wp-json\/wp\/v2\/categories?post=51108"},{"taxonomy":"post_tag","embeddable":true,"href":"https:\/\/www.laguiadepamplona.com\/actualidad\/wp-json\/wp\/v2\/tags?post=51108"}],"curies":[{"name":"wp","href":"https:\/\/api.w.org\/{rel}","templated":true}]}}