{"id":51105,"date":"2024-10-23T18:46:34","date_gmt":"2024-10-23T16:46:34","guid":{"rendered":"https:\/\/www.laguiadepamplona.com\/actualidad\/?p=51105"},"modified":"2024-10-23T18:46:34","modified_gmt":"2024-10-23T16:46:34","slug":"los-garajes-de-policia-municipal-y-de-la-flota-del-parque-movil-del-ayuntamiento-de-pamplona-se-adecuaran-para-incluir-postes-de-recarga-para-vehiculos-electricos","status":"publish","type":"post","link":"https:\/\/www.laguiadepamplona.com\/actualidad\/los-garajes-de-policia-municipal-y-de-la-flota-del-parque-movil-del-ayuntamiento-de-pamplona-se-adecuaran-para-incluir-postes-de-recarga-para-vehiculos-electricos\/","title":{"rendered":"Los garajes de Polic\u00eda Municipal y de la flota del parque m\u00f3vil del Ayuntamiento de Pamplona se adecuar\u00e1n para incluir postes de recarga para veh\u00edculos el\u00e9ctricos"},"content":{"rendered":"<h2 class=\"x_2Subtitulo\">La reforma de la instalaci\u00f3n el\u00e9ctrica de esas dependencias municipales se ha adjudicado por un importe de 231.850,74 euros<\/h2>\n<p class=\"x_MsoNormal\"><!--more--><\/p>\n<p class=\"x_3Texto\">La Junta de Gobierno Local ha adjudicado el contrato para la reforma de la instalaci\u00f3n el\u00e9ctrica del garaje que utilizan la Polic\u00eda Municipal y los veh\u00edculos del parque m\u00f3vil del Ayuntamiento de Pamplona. Las obras que se llevar\u00e1n a cabo tratan de dotar ambos espacios de postes de recarga para veh\u00edculos el\u00e9ctricos. El presupuesto de los trabajos ascender\u00e1 a 231.850,74 euros, con un plazo de ejecuci\u00f3n de dos meses.<\/p>\n<p class=\"x_3Texto\">El contrato incluye dos actuaciones en los garajes para la reforma y adecuaci\u00f3n reglamentaria de la actual instalaci\u00f3n el\u00e9ctrica en baja tensi\u00f3n. Por un lado, se garantizar\u00e1 el suministro, configuraci\u00f3n y puesta en marcha de las estaciones de recarga de veh\u00edculos el\u00e9ctricos y la instalaci\u00f3n el\u00e9ctrica para alimentar esos puntos de recarga; y por otro, la reforma necesaria para la legalizaci\u00f3n de toda la instalaci\u00f3n. En definitiva, se realizar\u00e1 cualquier trabajo necesario para la actualizaci\u00f3n de la legalizaci\u00f3n de la instalaci\u00f3n el\u00e9ctrica, incluyendo los nuevos receptores para la recarga de veh\u00edculos.<\/p>\n<p class=\"x_3Texto\">Los trabajos se han adjudicado a la empresa EULEN SA, con un plazo de garant\u00eda de al menos 3 a\u00f1os para todos los materiales utilizados y el procedimiento empleado en su montaje.<\/p>\n","protected":false},"excerpt":{"rendered":"<p>La reforma de la instalaci\u00f3n el\u00e9ctrica de esas dependencias municipales se ha adjudicado por un importe de 231.850,74 euros<\/p>\n","protected":false},"author":1,"featured_media":51106,"comment_status":"open","ping_status":"closed","sticky":false,"template":"","format":"standard","meta":{"footnotes":""},"categories":[2],"tags":[],"class_list":["post-51105","post","type-post","status-publish","format-standard","has-post-thumbnail","hentry","category-ayuntamiento-pamplona"],"yoast_head":"<!-- This site is optimized with the Yoast SEO plugin v27.3 - https:\/\/yoast.com\/product\/yoast-seo-wordpress\/ -->\n<title>Los garajes de Polic\u00eda Municipal y de la flota del parque m\u00f3vil del Ayuntamiento de Pamplona se adecuar\u00e1n para incluir postes de recarga para veh\u00edculos el\u00e9ctricos<\/title>\n<meta name=\"description\" content=\"La reforma de la instalaci\u00f3n el\u00e9ctrica de esas dependencias municipales se ha adjudicado por un importe de 231.850,74 euros\" \/>\n<meta name=\"robots\" content=\"index, follow, max-snippet:-1, max-image-preview:large, max-video-preview:-1\" \/>\n<link rel=\"canonical\" href=\"https:\/\/www.laguiadepamplona.com\/actualidad\/los-garajes-de-policia-municipal-y-de-la-flota-del-parque-movil-del-ayuntamiento-de-pamplona-se-adecuaran-para-incluir-postes-de-recarga-para-vehiculos-electricos\/\" \/>\n<meta property=\"og:locale\" content=\"es_ES\" \/>\n<meta property=\"og:type\" content=\"article\" \/>\n<meta property=\"og:title\" content=\"Los garajes de Polic\u00eda Municipal y de la flota del parque m\u00f3vil del Ayuntamiento de Pamplona se adecuar\u00e1n para incluir postes de recarga para veh\u00edculos el\u00e9ctricos\" \/>\n<meta property=\"og:description\" content=\"La reforma de la instalaci\u00f3n el\u00e9ctrica de esas dependencias municipales se ha adjudicado por un importe de 231.850,74 euros\" \/>\n<meta property=\"og:url\" content=\"https:\/\/www.laguiadepamplona.com\/actualidad\/los-garajes-de-policia-municipal-y-de-la-flota-del-parque-movil-del-ayuntamiento-de-pamplona-se-adecuaran-para-incluir-postes-de-recarga-para-vehiculos-electricos\/\" \/>\n<meta property=\"og:site_name\" content=\"La Gu\u00eda de Pamplona\" \/>\n<meta property=\"article:publisher\" content=\"https:\/\/www.facebook.com\/laguiadepamplonacom-133175176762273\/?ref=hl\" \/>\n<meta property=\"article:published_time\" content=\"2024-10-23T16:46:34+00:00\" \/>\n<meta property=\"og:image\" content=\"https:\/\/www.laguiadepamplona.com\/actualidad\/wp-content\/uploads\/2024\/10\/recarga-coches-electricos-PM_web.webp\" \/>\n\t<meta property=\"og:image:width\" content=\"1000\" \/>\n\t<meta property=\"og:image:height\" content=\"668\" \/>\n\t<meta property=\"og:image:type\" content=\"image\/webp\" \/>\n<meta name=\"author\" content=\"La Gu\u00eda de Pamplona\" \/>\n<meta name=\"twitter:card\" content=\"summary_large_image\" \/>\n<meta name=\"twitter:creator\" content=\"@LaGuiadPamplona\" \/>\n<meta name=\"twitter:site\" content=\"@LaGuiadPamplona\" \/>\n<meta name=\"twitter:label1\" content=\"Escrito por\" \/>\n\t<meta name=\"twitter:data1\" content=\"La Gu\u00eda de Pamplona\" \/>\n\t<meta name=\"twitter:label2\" content=\"Tiempo de lectura\" \/>\n\t<meta name=\"twitter:data2\" content=\"2 minutos\" \/>\n<script type=\"application\/ld+json\" class=\"yoast-schema-graph\">{\"@context\":\"https:\\\/\\\/schema.org\",\"@graph\":[{\"@type\":\"Article\",\"@id\":\"https:\\\/\\\/www.laguiadepamplona.com\\\/actualidad\\\/los-garajes-de-policia-municipal-y-de-la-flota-del-parque-movil-del-ayuntamiento-de-pamplona-se-adecuaran-para-incluir-postes-de-recarga-para-vehiculos-electricos\\\/#article\",\"isPartOf\":{\"@id\":\"https:\\\/\\\/www.laguiadepamplona.com\\\/actualidad\\\/los-garajes-de-policia-municipal-y-de-la-flota-del-parque-movil-del-ayuntamiento-de-pamplona-se-adecuaran-para-incluir-postes-de-recarga-para-vehiculos-electricos\\\/\"},\"author\":{\"name\":\"La Gu\u00eda de Pamplona\",\"@id\":\"https:\\\/\\\/www.laguiadepamplona.com\\\/actualidad\\\/#\\\/schema\\\/person\\\/efe887376f0213d4657c93adc50b1fdb\"},\"headline\":\"Los garajes de Polic\u00eda Municipal y de la flota del parque m\u00f3vil del Ayuntamiento de Pamplona se adecuar\u00e1n para incluir postes de recarga para veh\u00edculos el\u00e9ctricos\",\"datePublished\":\"2024-10-23T16:46:34+00:00\",\"mainEntityOfPage\":{\"@id\":\"https:\\\/\\\/www.laguiadepamplona.com\\\/actualidad\\\/los-garajes-de-policia-municipal-y-de-la-flota-del-parque-movil-del-ayuntamiento-de-pamplona-se-adecuaran-para-incluir-postes-de-recarga-para-vehiculos-electricos\\\/\"},\"wordCount\":268,\"commentCount\":0,\"publisher\":{\"@id\":\"https:\\\/\\\/www.laguiadepamplona.com\\\/actualidad\\\/#organization\"},\"image\":{\"@id\":\"https:\\\/\\\/www.laguiadepamplona.com\\\/actualidad\\\/los-garajes-de-policia-municipal-y-de-la-flota-del-parque-movil-del-ayuntamiento-de-pamplona-se-adecuaran-para-incluir-postes-de-recarga-para-vehiculos-electricos\\\/#primaryimage\"},\"thumbnailUrl\":\"https:\\\/\\\/www.laguiadepamplona.com\\\/actualidad\\\/wp-content\\\/uploads\\\/2024\\\/10\\\/recarga-coches-electricos-PM_web.webp\",\"articleSection\":[\"Ayto Pamplona\"],\"inLanguage\":\"es\",\"potentialAction\":[{\"@type\":\"CommentAction\",\"name\":\"Comment\",\"target\":[\"https:\\\/\\\/www.laguiadepamplona.com\\\/actualidad\\\/los-garajes-de-policia-municipal-y-de-la-flota-del-parque-movil-del-ayuntamiento-de-pamplona-se-adecuaran-para-incluir-postes-de-recarga-para-vehiculos-electricos\\\/#respond\"]}]},{\"@type\":\"WebPage\",\"@id\":\"https:\\\/\\\/www.laguiadepamplona.com\\\/actualidad\\\/los-garajes-de-policia-municipal-y-de-la-flota-del-parque-movil-del-ayuntamiento-de-pamplona-se-adecuaran-para-incluir-postes-de-recarga-para-vehiculos-electricos\\\/\",\"url\":\"https:\\\/\\\/www.laguiadepamplona.com\\\/actualidad\\\/los-garajes-de-policia-municipal-y-de-la-flota-del-parque-movil-del-ayuntamiento-de-pamplona-se-adecuaran-para-incluir-postes-de-recarga-para-vehiculos-electricos\\\/\",\"name\":\"Los garajes de Polic\u00eda Municipal y de la flota del parque m\u00f3vil del Ayuntamiento de Pamplona se adecuar\u00e1n para incluir postes de recarga para veh\u00edculos el\u00e9ctricos\",\"isPartOf\":{\"@id\":\"https:\\\/\\\/www.laguiadepamplona.com\\\/actualidad\\\/#website\"},\"primaryImageOfPage\":{\"@id\":\"https:\\\/\\\/www.laguiadepamplona.com\\\/actualidad\\\/los-garajes-de-policia-municipal-y-de-la-flota-del-parque-movil-del-ayuntamiento-de-pamplona-se-adecuaran-para-incluir-postes-de-recarga-para-vehiculos-electricos\\\/#primaryimage\"},\"image\":{\"@id\":\"https:\\\/\\\/www.laguiadepamplona.com\\\/actualidad\\\/los-garajes-de-policia-municipal-y-de-la-flota-del-parque-movil-del-ayuntamiento-de-pamplona-se-adecuaran-para-incluir-postes-de-recarga-para-vehiculos-electricos\\\/#primaryimage\"},\"thumbnailUrl\":\"https:\\\/\\\/www.laguiadepamplona.com\\\/actualidad\\\/wp-content\\\/uploads\\\/2024\\\/10\\\/recarga-coches-electricos-PM_web.webp\",\"datePublished\":\"2024-10-23T16:46:34+00:00\",\"description\":\"La reforma de la instalaci\u00f3n el\u00e9ctrica de esas dependencias municipales se ha adjudicado por un importe de 231.850,74 euros\",\"breadcrumb\":{\"@id\":\"https:\\\/\\\/www.laguiadepamplona.com\\\/actualidad\\\/los-garajes-de-policia-municipal-y-de-la-flota-del-parque-movil-del-ayuntamiento-de-pamplona-se-adecuaran-para-incluir-postes-de-recarga-para-vehiculos-electricos\\\/#breadcrumb\"},\"inLanguage\":\"es\",\"potentialAction\":[{\"@type\":\"ReadAction\",\"target\":[\"https:\\\/\\\/www.laguiadepamplona.com\\\/actualidad\\\/los-garajes-de-policia-municipal-y-de-la-flota-del-parque-movil-del-ayuntamiento-de-pamplona-se-adecuaran-para-incluir-postes-de-recarga-para-vehiculos-electricos\\\/\"]}]},{\"@type\":\"ImageObject\",\"inLanguage\":\"es\",\"@id\":\"https:\\\/\\\/www.laguiadepamplona.com\\\/actualidad\\\/los-garajes-de-policia-municipal-y-de-la-flota-del-parque-movil-del-ayuntamiento-de-pamplona-se-adecuaran-para-incluir-postes-de-recarga-para-vehiculos-electricos\\\/#primaryimage\",\"url\":\"https:\\\/\\\/www.laguiadepamplona.com\\\/actualidad\\\/wp-content\\\/uploads\\\/2024\\\/10\\\/recarga-coches-electricos-PM_web.webp\",\"contentUrl\":\"https:\\\/\\\/www.laguiadepamplona.com\\\/actualidad\\\/wp-content\\\/uploads\\\/2024\\\/10\\\/recarga-coches-electricos-PM_web.webp\",\"width\":1000,\"height\":668,\"caption\":\"recarga coches el\u00e9ctricos\"},{\"@type\":\"BreadcrumbList\",\"@id\":\"https:\\\/\\\/www.laguiadepamplona.com\\\/actualidad\\\/los-garajes-de-policia-municipal-y-de-la-flota-del-parque-movil-del-ayuntamiento-de-pamplona-se-adecuaran-para-incluir-postes-de-recarga-para-vehiculos-electricos\\\/#breadcrumb\",\"itemListElement\":[{\"@type\":\"ListItem\",\"position\":1,\"name\":\"Portada\",\"item\":\"https:\\\/\\\/www.laguiadepamplona.com\\\/actualidad\\\/\"},{\"@type\":\"ListItem\",\"position\":2,\"name\":\"Los garajes de Polic\u00eda Municipal y de la flota del parque m\u00f3vil del Ayuntamiento de Pamplona se adecuar\u00e1n para incluir postes de recarga para veh\u00edculos el\u00e9ctricos\"}]},{\"@type\":\"WebSite\",\"@id\":\"https:\\\/\\\/www.laguiadepamplona.com\\\/actualidad\\\/#website\",\"url\":\"https:\\\/\\\/www.laguiadepamplona.com\\\/actualidad\\\/\",\"name\":\"La gu\u00eda de Pamplona\",\"description\":\"Noticias de Pamplona\",\"publisher\":{\"@id\":\"https:\\\/\\\/www.laguiadepamplona.com\\\/actualidad\\\/#organization\"},\"potentialAction\":[{\"@type\":\"SearchAction\",\"target\":{\"@type\":\"EntryPoint\",\"urlTemplate\":\"https:\\\/\\\/www.laguiadepamplona.com\\\/actualidad\\\/?s={search_term_string}\"},\"query-input\":{\"@type\":\"PropertyValueSpecification\",\"valueRequired\":true,\"valueName\":\"search_term_string\"}}],\"inLanguage\":\"es\"},{\"@type\":\"Organization\",\"@id\":\"https:\\\/\\\/www.laguiadepamplona.com\\\/actualidad\\\/#organization\",\"name\":\"La Gu\u00eda de Pamplona \\\/ Noticias\",\"url\":\"https:\\\/\\\/www.laguiadepamplona.com\\\/actualidad\\\/\",\"logo\":{\"@type\":\"ImageObject\",\"inLanguage\":\"es\",\"@id\":\"https:\\\/\\\/www.laguiadepamplona.com\\\/actualidad\\\/#\\\/schema\\\/logo\\\/image\\\/\",\"url\":\"https:\\\/\\\/www.laguiadepamplona.com\\\/actualidad\\\/wp-content\\\/uploads\\\/2018\\\/11\\\/logo-laguiadepamplona18-web1.png\",\"contentUrl\":\"https:\\\/\\\/www.laguiadepamplona.com\\\/actualidad\\\/wp-content\\\/uploads\\\/2018\\\/11\\\/logo-laguiadepamplona18-web1.png\",\"width\":600,\"height\":196,\"caption\":\"La Gu\u00eda de Pamplona \\\/ Noticias\"},\"image\":{\"@id\":\"https:\\\/\\\/www.laguiadepamplona.com\\\/actualidad\\\/#\\\/schema\\\/logo\\\/image\\\/\"},\"sameAs\":[\"https:\\\/\\\/www.facebook.com\\\/laguiadepamplonacom-133175176762273\\\/?ref=hl\",\"https:\\\/\\\/x.com\\\/LaGuiadPamplona\",\"https:\\\/\\\/www.instagram.com\\\/la_guia_de_pamplona\\\/\",\"https:\\\/\\\/www.youtube.com\\\/user\\\/laguiadepamplona\"]},{\"@type\":\"Person\",\"@id\":\"https:\\\/\\\/www.laguiadepamplona.com\\\/actualidad\\\/#\\\/schema\\\/person\\\/efe887376f0213d4657c93adc50b1fdb\",\"name\":\"La Gu\u00eda de Pamplona\",\"image\":{\"@type\":\"ImageObject\",\"inLanguage\":\"es\",\"@id\":\"https:\\\/\\\/secure.gravatar.com\\\/avatar\\\/b6992f131dc8d30ab0dff15446e9d346d9dbd95992de0fef795073f5ea83a81c?s=96&d=mm&r=g\",\"url\":\"https:\\\/\\\/secure.gravatar.com\\\/avatar\\\/b6992f131dc8d30ab0dff15446e9d346d9dbd95992de0fef795073f5ea83a81c?s=96&d=mm&r=g\",\"contentUrl\":\"https:\\\/\\\/secure.gravatar.com\\\/avatar\\\/b6992f131dc8d30ab0dff15446e9d346d9dbd95992de0fef795073f5ea83a81c?s=96&d=mm&r=g\",\"caption\":\"La Gu\u00eda de Pamplona\"}}]}<\/script>\n<!-- \/ Yoast SEO plugin. -->","yoast_head_json":{"title":"Los garajes de Polic\u00eda Municipal y de la flota del parque m\u00f3vil del Ayuntamiento de Pamplona se adecuar\u00e1n para incluir postes de recarga para veh\u00edculos el\u00e9ctricos","description":"La reforma de la instalaci\u00f3n el\u00e9ctrica de esas dependencias municipales se ha adjudicado por un importe de 231.850,74 euros","robots":{"index":"index","follow":"follow","max-snippet":"max-snippet:-1","max-image-preview":"max-image-preview:large","max-video-preview":"max-video-preview:-1"},"canonical":"https:\/\/www.laguiadepamplona.com\/actualidad\/los-garajes-de-policia-municipal-y-de-la-flota-del-parque-movil-del-ayuntamiento-de-pamplona-se-adecuaran-para-incluir-postes-de-recarga-para-vehiculos-electricos\/","og_locale":"es_ES","og_type":"article","og_title":"Los garajes de Polic\u00eda Municipal y de la flota del parque m\u00f3vil del Ayuntamiento de Pamplona se adecuar\u00e1n para incluir postes de recarga para veh\u00edculos el\u00e9ctricos","og_description":"La reforma de la instalaci\u00f3n el\u00e9ctrica de esas dependencias municipales se ha adjudicado por un importe de 231.850,74 euros","og_url":"https:\/\/www.laguiadepamplona.com\/actualidad\/los-garajes-de-policia-municipal-y-de-la-flota-del-parque-movil-del-ayuntamiento-de-pamplona-se-adecuaran-para-incluir-postes-de-recarga-para-vehiculos-electricos\/","og_site_name":"La Gu\u00eda de Pamplona","article_publisher":"https:\/\/www.facebook.com\/laguiadepamplonacom-133175176762273\/?ref=hl","article_published_time":"2024-10-23T16:46:34+00:00","og_image":[{"width":1000,"height":668,"url":"https:\/\/www.laguiadepamplona.com\/actualidad\/wp-content\/uploads\/2024\/10\/recarga-coches-electricos-PM_web.webp","type":"image\/webp"}],"author":"La Gu\u00eda de Pamplona","twitter_card":"summary_large_image","twitter_creator":"@LaGuiadPamplona","twitter_site":"@LaGuiadPamplona","twitter_misc":{"Escrito por":"La Gu\u00eda de Pamplona","Tiempo de lectura":"2 minutos"},"schema":{"@context":"https:\/\/schema.org","@graph":[{"@type":"Article","@id":"https:\/\/www.laguiadepamplona.com\/actualidad\/los-garajes-de-policia-municipal-y-de-la-flota-del-parque-movil-del-ayuntamiento-de-pamplona-se-adecuaran-para-incluir-postes-de-recarga-para-vehiculos-electricos\/#article","isPartOf":{"@id":"https:\/\/www.laguiadepamplona.com\/actualidad\/los-garajes-de-policia-municipal-y-de-la-flota-del-parque-movil-del-ayuntamiento-de-pamplona-se-adecuaran-para-incluir-postes-de-recarga-para-vehiculos-electricos\/"},"author":{"name":"La Gu\u00eda de Pamplona","@id":"https:\/\/www.laguiadepamplona.com\/actualidad\/#\/schema\/person\/efe887376f0213d4657c93adc50b1fdb"},"headline":"Los garajes de Polic\u00eda Municipal y de la flota del parque m\u00f3vil del Ayuntamiento de Pamplona se adecuar\u00e1n para incluir postes de recarga para veh\u00edculos el\u00e9ctricos","datePublished":"2024-10-23T16:46:34+00:00","mainEntityOfPage":{"@id":"https:\/\/www.laguiadepamplona.com\/actualidad\/los-garajes-de-policia-municipal-y-de-la-flota-del-parque-movil-del-ayuntamiento-de-pamplona-se-adecuaran-para-incluir-postes-de-recarga-para-vehiculos-electricos\/"},"wordCount":268,"commentCount":0,"publisher":{"@id":"https:\/\/www.laguiadepamplona.com\/actualidad\/#organization"},"image":{"@id":"https:\/\/www.laguiadepamplona.com\/actualidad\/los-garajes-de-policia-municipal-y-de-la-flota-del-parque-movil-del-ayuntamiento-de-pamplona-se-adecuaran-para-incluir-postes-de-recarga-para-vehiculos-electricos\/#primaryimage"},"thumbnailUrl":"https:\/\/www.laguiadepamplona.com\/actualidad\/wp-content\/uploads\/2024\/10\/recarga-coches-electricos-PM_web.webp","articleSection":["Ayto Pamplona"],"inLanguage":"es","potentialAction":[{"@type":"CommentAction","name":"Comment","target":["https:\/\/www.laguiadepamplona.com\/actualidad\/los-garajes-de-policia-municipal-y-de-la-flota-del-parque-movil-del-ayuntamiento-de-pamplona-se-adecuaran-para-incluir-postes-de-recarga-para-vehiculos-electricos\/#respond"]}]},{"@type":"WebPage","@id":"https:\/\/www.laguiadepamplona.com\/actualidad\/los-garajes-de-policia-municipal-y-de-la-flota-del-parque-movil-del-ayuntamiento-de-pamplona-se-adecuaran-para-incluir-postes-de-recarga-para-vehiculos-electricos\/","url":"https:\/\/www.laguiadepamplona.com\/actualidad\/los-garajes-de-policia-municipal-y-de-la-flota-del-parque-movil-del-ayuntamiento-de-pamplona-se-adecuaran-para-incluir-postes-de-recarga-para-vehiculos-electricos\/","name":"Los garajes de Polic\u00eda Municipal y de la flota del parque m\u00f3vil del Ayuntamiento de Pamplona se adecuar\u00e1n para incluir postes de recarga para veh\u00edculos el\u00e9ctricos","isPartOf":{"@id":"https:\/\/www.laguiadepamplona.com\/actualidad\/#website"},"primaryImageOfPage":{"@id":"https:\/\/www.laguiadepamplona.com\/actualidad\/los-garajes-de-policia-municipal-y-de-la-flota-del-parque-movil-del-ayuntamiento-de-pamplona-se-adecuaran-para-incluir-postes-de-recarga-para-vehiculos-electricos\/#primaryimage"},"image":{"@id":"https:\/\/www.laguiadepamplona.com\/actualidad\/los-garajes-de-policia-municipal-y-de-la-flota-del-parque-movil-del-ayuntamiento-de-pamplona-se-adecuaran-para-incluir-postes-de-recarga-para-vehiculos-electricos\/#primaryimage"},"thumbnailUrl":"https:\/\/www.laguiadepamplona.com\/actualidad\/wp-content\/uploads\/2024\/10\/recarga-coches-electricos-PM_web.webp","datePublished":"2024-10-23T16:46:34+00:00","description":"La reforma de la instalaci\u00f3n el\u00e9ctrica de esas dependencias municipales se ha adjudicado por un importe de 231.850,74 euros","breadcrumb":{"@id":"https:\/\/www.laguiadepamplona.com\/actualidad\/los-garajes-de-policia-municipal-y-de-la-flota-del-parque-movil-del-ayuntamiento-de-pamplona-se-adecuaran-para-incluir-postes-de-recarga-para-vehiculos-electricos\/#breadcrumb"},"inLanguage":"es","potentialAction":[{"@type":"ReadAction","target":["https:\/\/www.laguiadepamplona.com\/actualidad\/los-garajes-de-policia-municipal-y-de-la-flota-del-parque-movil-del-ayuntamiento-de-pamplona-se-adecuaran-para-incluir-postes-de-recarga-para-vehiculos-electricos\/"]}]},{"@type":"ImageObject","inLanguage":"es","@id":"https:\/\/www.laguiadepamplona.com\/actualidad\/los-garajes-de-policia-municipal-y-de-la-flota-del-parque-movil-del-ayuntamiento-de-pamplona-se-adecuaran-para-incluir-postes-de-recarga-para-vehiculos-electricos\/#primaryimage","url":"https:\/\/www.laguiadepamplona.com\/actualidad\/wp-content\/uploads\/2024\/10\/recarga-coches-electricos-PM_web.webp","contentUrl":"https:\/\/www.laguiadepamplona.com\/actualidad\/wp-content\/uploads\/2024\/10\/recarga-coches-electricos-PM_web.webp","width":1000,"height":668,"caption":"recarga coches el\u00e9ctricos"},{"@type":"BreadcrumbList","@id":"https:\/\/www.laguiadepamplona.com\/actualidad\/los-garajes-de-policia-municipal-y-de-la-flota-del-parque-movil-del-ayuntamiento-de-pamplona-se-adecuaran-para-incluir-postes-de-recarga-para-vehiculos-electricos\/#breadcrumb","itemListElement":[{"@type":"ListItem","position":1,"name":"Portada","item":"https:\/\/www.laguiadepamplona.com\/actualidad\/"},{"@type":"ListItem","position":2,"name":"Los garajes de Polic\u00eda Municipal y de la flota del parque m\u00f3vil del Ayuntamiento de Pamplona se adecuar\u00e1n para incluir postes de recarga para veh\u00edculos el\u00e9ctricos"}]},{"@type":"WebSite","@id":"https:\/\/www.laguiadepamplona.com\/actualidad\/#website","url":"https:\/\/www.laguiadepamplona.com\/actualidad\/","name":"La gu\u00eda de Pamplona","description":"Noticias de Pamplona","publisher":{"@id":"https:\/\/www.laguiadepamplona.com\/actualidad\/#organization"},"potentialAction":[{"@type":"SearchAction","target":{"@type":"EntryPoint","urlTemplate":"https:\/\/www.laguiadepamplona.com\/actualidad\/?s={search_term_string}"},"query-input":{"@type":"PropertyValueSpecification","valueRequired":true,"valueName":"search_term_string"}}],"inLanguage":"es"},{"@type":"Organization","@id":"https:\/\/www.laguiadepamplona.com\/actualidad\/#organization","name":"La Gu\u00eda de Pamplona \/ Noticias","url":"https:\/\/www.laguiadepamplona.com\/actualidad\/","logo":{"@type":"ImageObject","inLanguage":"es","@id":"https:\/\/www.laguiadepamplona.com\/actualidad\/#\/schema\/logo\/image\/","url":"https:\/\/www.laguiadepamplona.com\/actualidad\/wp-content\/uploads\/2018\/11\/logo-laguiadepamplona18-web1.png","contentUrl":"https:\/\/www.laguiadepamplona.com\/actualidad\/wp-content\/uploads\/2018\/11\/logo-laguiadepamplona18-web1.png","width":600,"height":196,"caption":"La Gu\u00eda de Pamplona \/ Noticias"},"image":{"@id":"https:\/\/www.laguiadepamplona.com\/actualidad\/#\/schema\/logo\/image\/"},"sameAs":["https:\/\/www.facebook.com\/laguiadepamplonacom-133175176762273\/?ref=hl","https:\/\/x.com\/LaGuiadPamplona","https:\/\/www.instagram.com\/la_guia_de_pamplona\/","https:\/\/www.youtube.com\/user\/laguiadepamplona"]},{"@type":"Person","@id":"https:\/\/www.laguiadepamplona.com\/actualidad\/#\/schema\/person\/efe887376f0213d4657c93adc50b1fdb","name":"La Gu\u00eda de Pamplona","image":{"@type":"ImageObject","inLanguage":"es","@id":"https:\/\/secure.gravatar.com\/avatar\/b6992f131dc8d30ab0dff15446e9d346d9dbd95992de0fef795073f5ea83a81c?s=96&d=mm&r=g","url":"https:\/\/secure.gravatar.com\/avatar\/b6992f131dc8d30ab0dff15446e9d346d9dbd95992de0fef795073f5ea83a81c?s=96&d=mm&r=g","contentUrl":"https:\/\/secure.gravatar.com\/avatar\/b6992f131dc8d30ab0dff15446e9d346d9dbd95992de0fef795073f5ea83a81c?s=96&d=mm&r=g","caption":"La Gu\u00eda de Pamplona"}}]}},"post_mailing_queue_ids":[],"_links":{"self":[{"href":"https:\/\/www.laguiadepamplona.com\/actualidad\/wp-json\/wp\/v2\/posts\/51105","targetHints":{"allow":["GET"]}}],"collection":[{"href":"https:\/\/www.laguiadepamplona.com\/actualidad\/wp-json\/wp\/v2\/posts"}],"about":[{"href":"https:\/\/www.laguiadepamplona.com\/actualidad\/wp-json\/wp\/v2\/types\/post"}],"author":[{"embeddable":true,"href":"https:\/\/www.laguiadepamplona.com\/actualidad\/wp-json\/wp\/v2\/users\/1"}],"replies":[{"embeddable":true,"href":"https:\/\/www.laguiadepamplona.com\/actualidad\/wp-json\/wp\/v2\/comments?post=51105"}],"version-history":[{"count":1,"href":"https:\/\/www.laguiadepamplona.com\/actualidad\/wp-json\/wp\/v2\/posts\/51105\/revisions"}],"predecessor-version":[{"id":51107,"href":"https:\/\/www.laguiadepamplona.com\/actualidad\/wp-json\/wp\/v2\/posts\/51105\/revisions\/51107"}],"wp:featuredmedia":[{"embeddable":true,"href":"https:\/\/www.laguiadepamplona.com\/actualidad\/wp-json\/wp\/v2\/media\/51106"}],"wp:attachment":[{"href":"https:\/\/www.laguiadepamplona.com\/actualidad\/wp-json\/wp\/v2\/media?parent=51105"}],"wp:term":[{"taxonomy":"category","embeddable":true,"href":"https:\/\/www.laguiadepamplona.com\/actualidad\/wp-json\/wp\/v2\/categories?post=51105"},{"taxonomy":"post_tag","embeddable":true,"href":"https:\/\/www.laguiadepamplona.com\/actualidad\/wp-json\/wp\/v2\/tags?post=51105"}],"curies":[{"name":"wp","href":"https:\/\/api.w.org\/{rel}","templated":true}]}}