{"id":51102,"date":"2024-10-23T18:44:47","date_gmt":"2024-10-23T16:44:47","guid":{"rendered":"https:\/\/www.laguiadepamplona.com\/actualidad\/?p=51102"},"modified":"2024-10-23T18:44:47","modified_gmt":"2024-10-23T16:44:47","slug":"reformadas-cuatro-paradas-de-transporte-comarcal-en-un-mes-para-mejorar-la-accesibilidad-de-las-personas-usuarias","status":"publish","type":"post","link":"https:\/\/www.laguiadepamplona.com\/actualidad\/reformadas-cuatro-paradas-de-transporte-comarcal-en-un-mes-para-mejorar-la-accesibilidad-de-las-personas-usuarias\/","title":{"rendered":"Reformadas cuatro paradas de transporte comarcal en un mes para mejorar la accesibilidad de las personas usuarias"},"content":{"rendered":"<h2 class=\"x_2Subtitulo\">Durante todo este a\u00f1o, el Consistorio ha actuado o prev\u00e9 hacerlo en una veintena de paradas, dentro de distintas acciones<\/h2>\n<p class=\"x_MsoNormal\"><!--more--><\/p>\n<p class=\"x_3Texto\">El Ayuntamiento de Pamplona ha mejorado ya la accesibilidad de cuatro paradas de autob\u00fas, de las once en las que se comprometi\u00f3 a actuar el pasado mes de septiembre cuando la Junta de Gobierno Local aprob\u00f3 destinar de 144.830,97 euros. El Consejo de la Gerencia de Urbanismo y la Comisi\u00f3n de Urbanismo ha visitado esta ma\u00f1ana la parada adelantada ubicada en la avenida de Gipuzkoa, junto al puente de Santa Engracia.<\/p>\n<p class=\"x_3Texto\">Las obras en este punto concreto han consistido en avanzar la parada de transporte urbano comarcal existente en el margen derecho de la avenida de Gipuzkoa, en sentido salida de la ciudad. Hasta la fecha, la parada estaba configurada como un apeadero retranqueado en la acera. Los trabajos se han centrado habilitar una nueva parada en l\u00ednea con la calzada. Para ello se ha demolido el bordillo actual y se ha construido una nueva r\u00edgola y bordillo, pavimentando el and\u00e9n de parada, que ahora ocupa 20 metros de longitud. Una vez finalizada la obra, se ha trasladado la marquesina existente para aproximarla a la calzada y se ha instalado de nuevo la se\u00f1alizaci\u00f3n vertical.<\/p>\n<p class=\"x_3Texto\">Esta obra se hac\u00eda especialmente necesaria para mejorar la accesibilidad de las personas, ya que la longitud del apeadero existente imped\u00eda que el autob\u00fas urbano pudiera alinearse con la acera. Esta situaci\u00f3n hac\u00eda que las puertas intermedias y traseras quedan alejadas del bordillo, debiendo las personas usuarias subir y bajar desde la calzada.<\/p>\n<p class=\"x_3Texto\">Los trabajos de reforma de las once paradas de transporte urbano comarcal comenzaron a mediados de septiembre. Adem\u00e1s de la parada junto al puente de Santa Engracia, ya han concluido las obras en la avenida de Bara\u00f1\u00e1in, a la altura del n\u00famero 52, frente al Planetario; y en la avenida de San Jorge, una a la altura del n\u00famero 17, junto al campo de f\u00fatbol del barrio, y otra a la altura del n\u00famero 69, junto al cruce con la calle Doctor Labayen. La previsi\u00f3n es que esta misma semana concluya las obras en la calle Monasterio de Irache, junto al n\u00famero 34.<\/p>\n<p class=\"x_3Texto\">Una vez finalizada esta \u00faltima parada avanzada, se iniciar\u00e1n los trabajos en la calle San Roque, frente a la Audiencia de Navarra. En este caso, se trata de dos paradas enfrentadas. La previsi\u00f3n es que el resto de actuaciones se lleven a cabo de forma consecutiva, hasta concluir todos los trabajos a mediados de diciembre. Se trata de las paradas de la avenida de Zaragoza, frente a la entrada dela calle Navarro Villoslada; las dos paradas enfrentadas de la calle Adela Bazo con la avenida de Juan Pablo II; y la parada de la avenida de Ar\u00f3stegui, ubicada en el puente sobre el r\u00edo Elorz. Las paradas sobre las que se va a actuar est\u00e1n configuradas en la actualidad como apeaderos, que impiden que los autobuses puedan detenerse en paralelo a la acera y deban realizar maniobras de acercamiento.<\/p>\n<p class=\"x_4Ladillo\"><strong>Una veintena de paradas avanzadas a lo largo de 2024<\/strong><\/p>\n<p class=\"x_3Texto\">Estas once paradas avanzadas se suman a otras tantas que el Consistorio ha reformado o prev\u00e9 hacerlo a lo largo de este a\u00f1o 2024. El objetivo es terminar el a\u00f1o con 20 paradas de transporte urbano comarcal m\u00e1s accesibles de cara a la ciudadan\u00eda.<\/p>\n<p class=\"x_3Texto\">Dentro de esas actuaciones se encuentra, por ejemplo, la mejora de la accesibilidad en la calle Abejeras, a la altura del n\u00famero 12, o la reforma de la parada de Fuente del Hierro, n\u00famero 30, dentro de las actuaciones para hacer de \u00e9sta una v\u00eda m\u00e1s verde. Tambi\u00e9n otras cinco paradas reformadas dentro del Plan de Mejora de la Caminabilidad y del Transporte Comarcal. En este caso, las reformas de paradas de autob\u00fas se han centrado en las calles Iturrama, a la altura del n\u00famero 11 e \u00cd\u00f1igo Arista a la altura del n\u00famero 20, en el barrio de Iturrama; en la calle R\u00edo Queiles n\u00famero 9, en Milagrosa; y en la avenida de Bayona, una junto a la plaza Obispo de Irurita y otra a la altura del n\u00famero 5, en el barrio de San Juan.<\/p>\n<p class=\"x_3Texto\">A todo ello se suma la conversi\u00f3n en paradas avanzadas de dos paradas de autob\u00fas en la avenida de P\u00edo XII, dentro de las obras del Corredor Sostenible de P\u00edo XII. Ambas est\u00e1n ubicadas en la confluencia de esta v\u00eda con la calle Iturrama.<\/p>\n<p class=\"x_4Ladillo\"><strong>Actuaciones dentro del Plan Estrat\u00e9gico de Accesibilidad Integral<\/strong><\/p>\n<p class=\"x_3Texto\">La renovaci\u00f3n de estas paradas de autob\u00fas urbano comarcal (TUC) en los barrios de San Jorge, Etxabakoitz, San Juan, Ermitaga\u00f1a, Milagrosa y Lezkairu se inscriben dentro de las actuaciones previstas en el Plan Estrat\u00e9gico de Accesibilidad Integral de Pamplona para los a\u00f1os 2023-3026. Este plan busca dar cumplimiento a la Ley Foral 12\/2018 de Accesibilidad Universal y dem\u00e1s normativa estatal, que prev\u00e9n, entre otros aspectos, paradas avanzadas alineadas a la calzada y pavimento t\u00e1ctil.<\/p>\n<p class=\"x_3Texto\">Las obras de las once paradas se adjudicaron a la UTE Urbanismo T\u00e1ctico Pamplona (Lacunza Hermanos, S.L. y Goyo Se\u00f1alizaciones, S.L.), dentro del Acuerdo Marco de Obras de Mejora de la Movilidad y la Sostenibilidad. En todas ellas, se realizar\u00e1n avances de forma que el autob\u00fas urbano se detenga en el propio carril de circulaci\u00f3n, para la subida y bajada de pasajeros. Este recurso mejora la velocidad comercial de las l\u00edneas y, por tanto, la calidad del servicio. Adem\u00e1s, elimina el efecto de los veh\u00edculos ilegalmente parados en los andenes retranqueados y los inconvenientes que producen al correcto recorrido de los autobuses urbanos.<\/p>\n","protected":false},"excerpt":{"rendered":"<p>Durante todo este a\u00f1o, el Consistorio ha actuado o prev\u00e9 hacerlo en una veintena de paradas, dentro de distintas acciones<\/p>\n","protected":false},"author":1,"featured_media":51103,"comment_status":"open","ping_status":"closed","sticky":false,"template":"","format":"standard","meta":{"footnotes":""},"categories":[2],"tags":[],"class_list":["post-51102","post","type-post","status-publish","format-standard","has-post-thumbnail","hentry","category-ayuntamiento-pamplona"],"yoast_head":"<!-- This site is optimized with the Yoast SEO plugin v27.3 - https:\/\/yoast.com\/product\/yoast-seo-wordpress\/ -->\n<title>Reformadas cuatro paradas de transporte comarcal en un mes para mejorar la accesibilidad de las personas usuarias<\/title>\n<meta name=\"description\" content=\"Durante todo este a\u00f1o, el Consistorio ha actuado o prev\u00e9 hacerlo en una veintena de paradas, dentro de distintas acciones\" \/>\n<meta name=\"robots\" content=\"index, follow, max-snippet:-1, max-image-preview:large, max-video-preview:-1\" \/>\n<link rel=\"canonical\" href=\"https:\/\/www.laguiadepamplona.com\/actualidad\/reformadas-cuatro-paradas-de-transporte-comarcal-en-un-mes-para-mejorar-la-accesibilidad-de-las-personas-usuarias\/\" \/>\n<meta property=\"og:locale\" content=\"es_ES\" \/>\n<meta property=\"og:type\" content=\"article\" \/>\n<meta property=\"og:title\" content=\"Reformadas cuatro paradas de transporte comarcal en un mes para mejorar la accesibilidad de las personas usuarias\" \/>\n<meta property=\"og:description\" content=\"Durante todo este a\u00f1o, el Consistorio ha actuado o prev\u00e9 hacerlo en una veintena de paradas, dentro de distintas acciones\" \/>\n<meta property=\"og:url\" content=\"https:\/\/www.laguiadepamplona.com\/actualidad\/reformadas-cuatro-paradas-de-transporte-comarcal-en-un-mes-para-mejorar-la-accesibilidad-de-las-personas-usuarias\/\" \/>\n<meta property=\"og:site_name\" content=\"La Gu\u00eda de Pamplona\" \/>\n<meta property=\"article:publisher\" content=\"https:\/\/www.facebook.com\/laguiadepamplonacom-133175176762273\/?ref=hl\" \/>\n<meta property=\"article:published_time\" content=\"2024-10-23T16:44:47+00:00\" \/>\n<meta property=\"og:image\" content=\"https:\/\/www.laguiadepamplona.com\/actualidad\/wp-content\/uploads\/2024\/10\/visitaaobrasenparadasdevillavesa3.webp\" \/>\n\t<meta property=\"og:image:width\" content=\"1000\" \/>\n\t<meta property=\"og:image:height\" content=\"666\" \/>\n\t<meta property=\"og:image:type\" content=\"image\/webp\" \/>\n<meta name=\"author\" content=\"La Gu\u00eda de Pamplona\" \/>\n<meta name=\"twitter:card\" content=\"summary_large_image\" \/>\n<meta name=\"twitter:creator\" content=\"@LaGuiadPamplona\" \/>\n<meta name=\"twitter:site\" content=\"@LaGuiadPamplona\" \/>\n<meta name=\"twitter:label1\" content=\"Escrito por\" \/>\n\t<meta name=\"twitter:data1\" content=\"La Gu\u00eda de Pamplona\" \/>\n\t<meta name=\"twitter:label2\" content=\"Tiempo de lectura\" \/>\n\t<meta name=\"twitter:data2\" content=\"5 minutos\" \/>\n<script type=\"application\/ld+json\" class=\"yoast-schema-graph\">{\"@context\":\"https:\\\/\\\/schema.org\",\"@graph\":[{\"@type\":\"Article\",\"@id\":\"https:\\\/\\\/www.laguiadepamplona.com\\\/actualidad\\\/reformadas-cuatro-paradas-de-transporte-comarcal-en-un-mes-para-mejorar-la-accesibilidad-de-las-personas-usuarias\\\/#article\",\"isPartOf\":{\"@id\":\"https:\\\/\\\/www.laguiadepamplona.com\\\/actualidad\\\/reformadas-cuatro-paradas-de-transporte-comarcal-en-un-mes-para-mejorar-la-accesibilidad-de-las-personas-usuarias\\\/\"},\"author\":{\"name\":\"La Gu\u00eda de Pamplona\",\"@id\":\"https:\\\/\\\/www.laguiadepamplona.com\\\/actualidad\\\/#\\\/schema\\\/person\\\/efe887376f0213d4657c93adc50b1fdb\"},\"headline\":\"Reformadas cuatro paradas de transporte comarcal en un mes para mejorar la accesibilidad de las personas usuarias\",\"datePublished\":\"2024-10-23T16:44:47+00:00\",\"mainEntityOfPage\":{\"@id\":\"https:\\\/\\\/www.laguiadepamplona.com\\\/actualidad\\\/reformadas-cuatro-paradas-de-transporte-comarcal-en-un-mes-para-mejorar-la-accesibilidad-de-las-personas-usuarias\\\/\"},\"wordCount\":988,\"commentCount\":0,\"publisher\":{\"@id\":\"https:\\\/\\\/www.laguiadepamplona.com\\\/actualidad\\\/#organization\"},\"image\":{\"@id\":\"https:\\\/\\\/www.laguiadepamplona.com\\\/actualidad\\\/reformadas-cuatro-paradas-de-transporte-comarcal-en-un-mes-para-mejorar-la-accesibilidad-de-las-personas-usuarias\\\/#primaryimage\"},\"thumbnailUrl\":\"https:\\\/\\\/www.laguiadepamplona.com\\\/actualidad\\\/wp-content\\\/uploads\\\/2024\\\/10\\\/visitaaobrasenparadasdevillavesa3.webp\",\"articleSection\":[\"Ayto Pamplona\"],\"inLanguage\":\"es\",\"potentialAction\":[{\"@type\":\"CommentAction\",\"name\":\"Comment\",\"target\":[\"https:\\\/\\\/www.laguiadepamplona.com\\\/actualidad\\\/reformadas-cuatro-paradas-de-transporte-comarcal-en-un-mes-para-mejorar-la-accesibilidad-de-las-personas-usuarias\\\/#respond\"]}]},{\"@type\":\"WebPage\",\"@id\":\"https:\\\/\\\/www.laguiadepamplona.com\\\/actualidad\\\/reformadas-cuatro-paradas-de-transporte-comarcal-en-un-mes-para-mejorar-la-accesibilidad-de-las-personas-usuarias\\\/\",\"url\":\"https:\\\/\\\/www.laguiadepamplona.com\\\/actualidad\\\/reformadas-cuatro-paradas-de-transporte-comarcal-en-un-mes-para-mejorar-la-accesibilidad-de-las-personas-usuarias\\\/\",\"name\":\"Reformadas cuatro paradas de transporte comarcal en un mes para mejorar la accesibilidad de las personas usuarias\",\"isPartOf\":{\"@id\":\"https:\\\/\\\/www.laguiadepamplona.com\\\/actualidad\\\/#website\"},\"primaryImageOfPage\":{\"@id\":\"https:\\\/\\\/www.laguiadepamplona.com\\\/actualidad\\\/reformadas-cuatro-paradas-de-transporte-comarcal-en-un-mes-para-mejorar-la-accesibilidad-de-las-personas-usuarias\\\/#primaryimage\"},\"image\":{\"@id\":\"https:\\\/\\\/www.laguiadepamplona.com\\\/actualidad\\\/reformadas-cuatro-paradas-de-transporte-comarcal-en-un-mes-para-mejorar-la-accesibilidad-de-las-personas-usuarias\\\/#primaryimage\"},\"thumbnailUrl\":\"https:\\\/\\\/www.laguiadepamplona.com\\\/actualidad\\\/wp-content\\\/uploads\\\/2024\\\/10\\\/visitaaobrasenparadasdevillavesa3.webp\",\"datePublished\":\"2024-10-23T16:44:47+00:00\",\"description\":\"Durante todo este a\u00f1o, el Consistorio ha actuado o prev\u00e9 hacerlo en una veintena de paradas, dentro de distintas acciones\",\"breadcrumb\":{\"@id\":\"https:\\\/\\\/www.laguiadepamplona.com\\\/actualidad\\\/reformadas-cuatro-paradas-de-transporte-comarcal-en-un-mes-para-mejorar-la-accesibilidad-de-las-personas-usuarias\\\/#breadcrumb\"},\"inLanguage\":\"es\",\"potentialAction\":[{\"@type\":\"ReadAction\",\"target\":[\"https:\\\/\\\/www.laguiadepamplona.com\\\/actualidad\\\/reformadas-cuatro-paradas-de-transporte-comarcal-en-un-mes-para-mejorar-la-accesibilidad-de-las-personas-usuarias\\\/\"]}]},{\"@type\":\"ImageObject\",\"inLanguage\":\"es\",\"@id\":\"https:\\\/\\\/www.laguiadepamplona.com\\\/actualidad\\\/reformadas-cuatro-paradas-de-transporte-comarcal-en-un-mes-para-mejorar-la-accesibilidad-de-las-personas-usuarias\\\/#primaryimage\",\"url\":\"https:\\\/\\\/www.laguiadepamplona.com\\\/actualidad\\\/wp-content\\\/uploads\\\/2024\\\/10\\\/visitaaobrasenparadasdevillavesa3.webp\",\"contentUrl\":\"https:\\\/\\\/www.laguiadepamplona.com\\\/actualidad\\\/wp-content\\\/uploads\\\/2024\\\/10\\\/visitaaobrasenparadasdevillavesa3.webp\",\"width\":1000,\"height\":666,\"caption\":\"visita obras paradas villavesa\"},{\"@type\":\"BreadcrumbList\",\"@id\":\"https:\\\/\\\/www.laguiadepamplona.com\\\/actualidad\\\/reformadas-cuatro-paradas-de-transporte-comarcal-en-un-mes-para-mejorar-la-accesibilidad-de-las-personas-usuarias\\\/#breadcrumb\",\"itemListElement\":[{\"@type\":\"ListItem\",\"position\":1,\"name\":\"Portada\",\"item\":\"https:\\\/\\\/www.laguiadepamplona.com\\\/actualidad\\\/\"},{\"@type\":\"ListItem\",\"position\":2,\"name\":\"Reformadas cuatro paradas de transporte comarcal en un mes para mejorar la accesibilidad de las personas usuarias\"}]},{\"@type\":\"WebSite\",\"@id\":\"https:\\\/\\\/www.laguiadepamplona.com\\\/actualidad\\\/#website\",\"url\":\"https:\\\/\\\/www.laguiadepamplona.com\\\/actualidad\\\/\",\"name\":\"La gu\u00eda de Pamplona\",\"description\":\"Noticias de Pamplona\",\"publisher\":{\"@id\":\"https:\\\/\\\/www.laguiadepamplona.com\\\/actualidad\\\/#organization\"},\"potentialAction\":[{\"@type\":\"SearchAction\",\"target\":{\"@type\":\"EntryPoint\",\"urlTemplate\":\"https:\\\/\\\/www.laguiadepamplona.com\\\/actualidad\\\/?s={search_term_string}\"},\"query-input\":{\"@type\":\"PropertyValueSpecification\",\"valueRequired\":true,\"valueName\":\"search_term_string\"}}],\"inLanguage\":\"es\"},{\"@type\":\"Organization\",\"@id\":\"https:\\\/\\\/www.laguiadepamplona.com\\\/actualidad\\\/#organization\",\"name\":\"La Gu\u00eda de Pamplona \\\/ Noticias\",\"url\":\"https:\\\/\\\/www.laguiadepamplona.com\\\/actualidad\\\/\",\"logo\":{\"@type\":\"ImageObject\",\"inLanguage\":\"es\",\"@id\":\"https:\\\/\\\/www.laguiadepamplona.com\\\/actualidad\\\/#\\\/schema\\\/logo\\\/image\\\/\",\"url\":\"https:\\\/\\\/www.laguiadepamplona.com\\\/actualidad\\\/wp-content\\\/uploads\\\/2018\\\/11\\\/logo-laguiadepamplona18-web1.png\",\"contentUrl\":\"https:\\\/\\\/www.laguiadepamplona.com\\\/actualidad\\\/wp-content\\\/uploads\\\/2018\\\/11\\\/logo-laguiadepamplona18-web1.png\",\"width\":600,\"height\":196,\"caption\":\"La Gu\u00eda de Pamplona \\\/ Noticias\"},\"image\":{\"@id\":\"https:\\\/\\\/www.laguiadepamplona.com\\\/actualidad\\\/#\\\/schema\\\/logo\\\/image\\\/\"},\"sameAs\":[\"https:\\\/\\\/www.facebook.com\\\/laguiadepamplonacom-133175176762273\\\/?ref=hl\",\"https:\\\/\\\/x.com\\\/LaGuiadPamplona\",\"https:\\\/\\\/www.instagram.com\\\/la_guia_de_pamplona\\\/\",\"https:\\\/\\\/www.youtube.com\\\/user\\\/laguiadepamplona\"]},{\"@type\":\"Person\",\"@id\":\"https:\\\/\\\/www.laguiadepamplona.com\\\/actualidad\\\/#\\\/schema\\\/person\\\/efe887376f0213d4657c93adc50b1fdb\",\"name\":\"La Gu\u00eda de Pamplona\",\"image\":{\"@type\":\"ImageObject\",\"inLanguage\":\"es\",\"@id\":\"https:\\\/\\\/secure.gravatar.com\\\/avatar\\\/b6992f131dc8d30ab0dff15446e9d346d9dbd95992de0fef795073f5ea83a81c?s=96&d=mm&r=g\",\"url\":\"https:\\\/\\\/secure.gravatar.com\\\/avatar\\\/b6992f131dc8d30ab0dff15446e9d346d9dbd95992de0fef795073f5ea83a81c?s=96&d=mm&r=g\",\"contentUrl\":\"https:\\\/\\\/secure.gravatar.com\\\/avatar\\\/b6992f131dc8d30ab0dff15446e9d346d9dbd95992de0fef795073f5ea83a81c?s=96&d=mm&r=g\",\"caption\":\"La Gu\u00eda de Pamplona\"}}]}<\/script>\n<!-- \/ Yoast SEO plugin. -->","yoast_head_json":{"title":"Reformadas cuatro paradas de transporte comarcal en un mes para mejorar la accesibilidad de las personas usuarias","description":"Durante todo este a\u00f1o, el Consistorio ha actuado o prev\u00e9 hacerlo en una veintena de paradas, dentro de distintas acciones","robots":{"index":"index","follow":"follow","max-snippet":"max-snippet:-1","max-image-preview":"max-image-preview:large","max-video-preview":"max-video-preview:-1"},"canonical":"https:\/\/www.laguiadepamplona.com\/actualidad\/reformadas-cuatro-paradas-de-transporte-comarcal-en-un-mes-para-mejorar-la-accesibilidad-de-las-personas-usuarias\/","og_locale":"es_ES","og_type":"article","og_title":"Reformadas cuatro paradas de transporte comarcal en un mes para mejorar la accesibilidad de las personas usuarias","og_description":"Durante todo este a\u00f1o, el Consistorio ha actuado o prev\u00e9 hacerlo en una veintena de paradas, dentro de distintas acciones","og_url":"https:\/\/www.laguiadepamplona.com\/actualidad\/reformadas-cuatro-paradas-de-transporte-comarcal-en-un-mes-para-mejorar-la-accesibilidad-de-las-personas-usuarias\/","og_site_name":"La Gu\u00eda de Pamplona","article_publisher":"https:\/\/www.facebook.com\/laguiadepamplonacom-133175176762273\/?ref=hl","article_published_time":"2024-10-23T16:44:47+00:00","og_image":[{"width":1000,"height":666,"url":"https:\/\/www.laguiadepamplona.com\/actualidad\/wp-content\/uploads\/2024\/10\/visitaaobrasenparadasdevillavesa3.webp","type":"image\/webp"}],"author":"La Gu\u00eda de Pamplona","twitter_card":"summary_large_image","twitter_creator":"@LaGuiadPamplona","twitter_site":"@LaGuiadPamplona","twitter_misc":{"Escrito por":"La Gu\u00eda de Pamplona","Tiempo de lectura":"5 minutos"},"schema":{"@context":"https:\/\/schema.org","@graph":[{"@type":"Article","@id":"https:\/\/www.laguiadepamplona.com\/actualidad\/reformadas-cuatro-paradas-de-transporte-comarcal-en-un-mes-para-mejorar-la-accesibilidad-de-las-personas-usuarias\/#article","isPartOf":{"@id":"https:\/\/www.laguiadepamplona.com\/actualidad\/reformadas-cuatro-paradas-de-transporte-comarcal-en-un-mes-para-mejorar-la-accesibilidad-de-las-personas-usuarias\/"},"author":{"name":"La Gu\u00eda de Pamplona","@id":"https:\/\/www.laguiadepamplona.com\/actualidad\/#\/schema\/person\/efe887376f0213d4657c93adc50b1fdb"},"headline":"Reformadas cuatro paradas de transporte comarcal en un mes para mejorar la accesibilidad de las personas usuarias","datePublished":"2024-10-23T16:44:47+00:00","mainEntityOfPage":{"@id":"https:\/\/www.laguiadepamplona.com\/actualidad\/reformadas-cuatro-paradas-de-transporte-comarcal-en-un-mes-para-mejorar-la-accesibilidad-de-las-personas-usuarias\/"},"wordCount":988,"commentCount":0,"publisher":{"@id":"https:\/\/www.laguiadepamplona.com\/actualidad\/#organization"},"image":{"@id":"https:\/\/www.laguiadepamplona.com\/actualidad\/reformadas-cuatro-paradas-de-transporte-comarcal-en-un-mes-para-mejorar-la-accesibilidad-de-las-personas-usuarias\/#primaryimage"},"thumbnailUrl":"https:\/\/www.laguiadepamplona.com\/actualidad\/wp-content\/uploads\/2024\/10\/visitaaobrasenparadasdevillavesa3.webp","articleSection":["Ayto Pamplona"],"inLanguage":"es","potentialAction":[{"@type":"CommentAction","name":"Comment","target":["https:\/\/www.laguiadepamplona.com\/actualidad\/reformadas-cuatro-paradas-de-transporte-comarcal-en-un-mes-para-mejorar-la-accesibilidad-de-las-personas-usuarias\/#respond"]}]},{"@type":"WebPage","@id":"https:\/\/www.laguiadepamplona.com\/actualidad\/reformadas-cuatro-paradas-de-transporte-comarcal-en-un-mes-para-mejorar-la-accesibilidad-de-las-personas-usuarias\/","url":"https:\/\/www.laguiadepamplona.com\/actualidad\/reformadas-cuatro-paradas-de-transporte-comarcal-en-un-mes-para-mejorar-la-accesibilidad-de-las-personas-usuarias\/","name":"Reformadas cuatro paradas de transporte comarcal en un mes para mejorar la accesibilidad de las personas usuarias","isPartOf":{"@id":"https:\/\/www.laguiadepamplona.com\/actualidad\/#website"},"primaryImageOfPage":{"@id":"https:\/\/www.laguiadepamplona.com\/actualidad\/reformadas-cuatro-paradas-de-transporte-comarcal-en-un-mes-para-mejorar-la-accesibilidad-de-las-personas-usuarias\/#primaryimage"},"image":{"@id":"https:\/\/www.laguiadepamplona.com\/actualidad\/reformadas-cuatro-paradas-de-transporte-comarcal-en-un-mes-para-mejorar-la-accesibilidad-de-las-personas-usuarias\/#primaryimage"},"thumbnailUrl":"https:\/\/www.laguiadepamplona.com\/actualidad\/wp-content\/uploads\/2024\/10\/visitaaobrasenparadasdevillavesa3.webp","datePublished":"2024-10-23T16:44:47+00:00","description":"Durante todo este a\u00f1o, el Consistorio ha actuado o prev\u00e9 hacerlo en una veintena de paradas, dentro de distintas acciones","breadcrumb":{"@id":"https:\/\/www.laguiadepamplona.com\/actualidad\/reformadas-cuatro-paradas-de-transporte-comarcal-en-un-mes-para-mejorar-la-accesibilidad-de-las-personas-usuarias\/#breadcrumb"},"inLanguage":"es","potentialAction":[{"@type":"ReadAction","target":["https:\/\/www.laguiadepamplona.com\/actualidad\/reformadas-cuatro-paradas-de-transporte-comarcal-en-un-mes-para-mejorar-la-accesibilidad-de-las-personas-usuarias\/"]}]},{"@type":"ImageObject","inLanguage":"es","@id":"https:\/\/www.laguiadepamplona.com\/actualidad\/reformadas-cuatro-paradas-de-transporte-comarcal-en-un-mes-para-mejorar-la-accesibilidad-de-las-personas-usuarias\/#primaryimage","url":"https:\/\/www.laguiadepamplona.com\/actualidad\/wp-content\/uploads\/2024\/10\/visitaaobrasenparadasdevillavesa3.webp","contentUrl":"https:\/\/www.laguiadepamplona.com\/actualidad\/wp-content\/uploads\/2024\/10\/visitaaobrasenparadasdevillavesa3.webp","width":1000,"height":666,"caption":"visita obras paradas villavesa"},{"@type":"BreadcrumbList","@id":"https:\/\/www.laguiadepamplona.com\/actualidad\/reformadas-cuatro-paradas-de-transporte-comarcal-en-un-mes-para-mejorar-la-accesibilidad-de-las-personas-usuarias\/#breadcrumb","itemListElement":[{"@type":"ListItem","position":1,"name":"Portada","item":"https:\/\/www.laguiadepamplona.com\/actualidad\/"},{"@type":"ListItem","position":2,"name":"Reformadas cuatro paradas de transporte comarcal en un mes para mejorar la accesibilidad de las personas usuarias"}]},{"@type":"WebSite","@id":"https:\/\/www.laguiadepamplona.com\/actualidad\/#website","url":"https:\/\/www.laguiadepamplona.com\/actualidad\/","name":"La gu\u00eda de Pamplona","description":"Noticias de Pamplona","publisher":{"@id":"https:\/\/www.laguiadepamplona.com\/actualidad\/#organization"},"potentialAction":[{"@type":"SearchAction","target":{"@type":"EntryPoint","urlTemplate":"https:\/\/www.laguiadepamplona.com\/actualidad\/?s={search_term_string}"},"query-input":{"@type":"PropertyValueSpecification","valueRequired":true,"valueName":"search_term_string"}}],"inLanguage":"es"},{"@type":"Organization","@id":"https:\/\/www.laguiadepamplona.com\/actualidad\/#organization","name":"La Gu\u00eda de Pamplona \/ Noticias","url":"https:\/\/www.laguiadepamplona.com\/actualidad\/","logo":{"@type":"ImageObject","inLanguage":"es","@id":"https:\/\/www.laguiadepamplona.com\/actualidad\/#\/schema\/logo\/image\/","url":"https:\/\/www.laguiadepamplona.com\/actualidad\/wp-content\/uploads\/2018\/11\/logo-laguiadepamplona18-web1.png","contentUrl":"https:\/\/www.laguiadepamplona.com\/actualidad\/wp-content\/uploads\/2018\/11\/logo-laguiadepamplona18-web1.png","width":600,"height":196,"caption":"La Gu\u00eda de Pamplona \/ Noticias"},"image":{"@id":"https:\/\/www.laguiadepamplona.com\/actualidad\/#\/schema\/logo\/image\/"},"sameAs":["https:\/\/www.facebook.com\/laguiadepamplonacom-133175176762273\/?ref=hl","https:\/\/x.com\/LaGuiadPamplona","https:\/\/www.instagram.com\/la_guia_de_pamplona\/","https:\/\/www.youtube.com\/user\/laguiadepamplona"]},{"@type":"Person","@id":"https:\/\/www.laguiadepamplona.com\/actualidad\/#\/schema\/person\/efe887376f0213d4657c93adc50b1fdb","name":"La Gu\u00eda de Pamplona","image":{"@type":"ImageObject","inLanguage":"es","@id":"https:\/\/secure.gravatar.com\/avatar\/b6992f131dc8d30ab0dff15446e9d346d9dbd95992de0fef795073f5ea83a81c?s=96&d=mm&r=g","url":"https:\/\/secure.gravatar.com\/avatar\/b6992f131dc8d30ab0dff15446e9d346d9dbd95992de0fef795073f5ea83a81c?s=96&d=mm&r=g","contentUrl":"https:\/\/secure.gravatar.com\/avatar\/b6992f131dc8d30ab0dff15446e9d346d9dbd95992de0fef795073f5ea83a81c?s=96&d=mm&r=g","caption":"La Gu\u00eda de Pamplona"}}]}},"post_mailing_queue_ids":[],"_links":{"self":[{"href":"https:\/\/www.laguiadepamplona.com\/actualidad\/wp-json\/wp\/v2\/posts\/51102","targetHints":{"allow":["GET"]}}],"collection":[{"href":"https:\/\/www.laguiadepamplona.com\/actualidad\/wp-json\/wp\/v2\/posts"}],"about":[{"href":"https:\/\/www.laguiadepamplona.com\/actualidad\/wp-json\/wp\/v2\/types\/post"}],"author":[{"embeddable":true,"href":"https:\/\/www.laguiadepamplona.com\/actualidad\/wp-json\/wp\/v2\/users\/1"}],"replies":[{"embeddable":true,"href":"https:\/\/www.laguiadepamplona.com\/actualidad\/wp-json\/wp\/v2\/comments?post=51102"}],"version-history":[{"count":1,"href":"https:\/\/www.laguiadepamplona.com\/actualidad\/wp-json\/wp\/v2\/posts\/51102\/revisions"}],"predecessor-version":[{"id":51104,"href":"https:\/\/www.laguiadepamplona.com\/actualidad\/wp-json\/wp\/v2\/posts\/51102\/revisions\/51104"}],"wp:featuredmedia":[{"embeddable":true,"href":"https:\/\/www.laguiadepamplona.com\/actualidad\/wp-json\/wp\/v2\/media\/51103"}],"wp:attachment":[{"href":"https:\/\/www.laguiadepamplona.com\/actualidad\/wp-json\/wp\/v2\/media?parent=51102"}],"wp:term":[{"taxonomy":"category","embeddable":true,"href":"https:\/\/www.laguiadepamplona.com\/actualidad\/wp-json\/wp\/v2\/categories?post=51102"},{"taxonomy":"post_tag","embeddable":true,"href":"https:\/\/www.laguiadepamplona.com\/actualidad\/wp-json\/wp\/v2\/tags?post=51102"}],"curies":[{"name":"wp","href":"https:\/\/api.w.org\/{rel}","templated":true}]}}