{"id":51093,"date":"2024-10-21T18:17:29","date_gmt":"2024-10-21T16:17:29","guid":{"rendered":"https:\/\/www.laguiadepamplona.com\/actualidad\/?p=51093"},"modified":"2024-10-21T18:17:29","modified_gmt":"2024-10-21T16:17:29","slug":"este-lunes-se-abren-las-inscripciones-para-los-dos-talleres-gratuitos-de-cuidando-a-quienes-cuidan-de-noviembre-dirigidos-a-cuidadores-no-profesionales-de-familiares","status":"publish","type":"post","link":"https:\/\/www.laguiadepamplona.com\/actualidad\/este-lunes-se-abren-las-inscripciones-para-los-dos-talleres-gratuitos-de-cuidando-a-quienes-cuidan-de-noviembre-dirigidos-a-cuidadores-no-profesionales-de-familiares\/","title":{"rendered":"Este lunes se abren las inscripciones para los dos talleres gratuitos de \u2018Cuidando a quienes cuidan\u2019 de noviembre, dirigidos a cuidadores no profesionales de familiares"},"content":{"rendered":"<h2>Las plazas, para los barrios de Rochapea y Ermitaga\u00f1a, se adjudican por orden de llamada el tel\u00e9fono 010 \u2013 948 420 100<\/h2>\n<p><!--more--><\/p>\n<p>El Ayuntamiento de Pamplona abre este lunes la inscripci\u00f3n para dos talleres gratuitos con el t\u00edtulo \u2018Cuidando a quienes cuidan\u2019, que dar\u00e1n comienzo en el mes de noviembre, en horario de tarde. Los talleres constan de cinco sesiones de dos horas, de 16.30 a 18.30, y se dirigen a personas empadronadas en Pamplona que cuidan de forma no profesional de alg\u00fan familiar de edad avanzada o con dependencia, para que reciban asesoramiento, formaci\u00f3n e informaci\u00f3n.<\/p>\n<p>Las plazas se adjudican por orden de llamada, a partir de este lunes, 21 de octubre, en el tel\u00e9fono 010 \u2013 948 420 100 (si se llama desde tel\u00e9fono m\u00f3vil o desde fuera de Pamplona). Si se precisa de acompa\u00f1amiento, hay disponible un servicio del voluntariado de Cruz Roja, que se debe solicitar en el momento de realizar la inscripci\u00f3n al taller.<\/p>\n<p>Los talleres se celebran en los barrios de Rochapea, en el centro comunitario de la Carbonilla, en la avenida Marcelo Celayeta 51, y en Ermitaga\u00f1a, en el espacio B\u00fanker de la calle Bartolom\u00e9 de Carranza 5. En Rochapea, las sesiones ser\u00e1n los martes 5, 12, 19, y 26 de noviembre, y 10 de diciembre; y en Ermitaga\u00f1a, los jueves 7, 14, 21, y 28 de noviembre, y 12 de diciembre.<\/p>\n<p>Los contenidos se centran en el autocuidado, para poder atender a otra persona en buenas condiciones, y el buen trato y acompa\u00f1amiento emocional de la persona cuidadora. Se abordan, asimismo, los recursos comunitarios para las personas dependientes y sus familias, y los recursos digitales de apoyo al cuidado. Las personas participantes pueden plantear tambi\u00e9n temas que les afecten en su situaci\u00f3n de cuidadoras.<\/p>\n<p>El objetivo principal es brindar apoyo a las personas cuidadoras, para prevenir o tomar acci\u00f3n frente a la sobrecarga f\u00edsica y emocional que lleva aparejada la atenci\u00f3n a una persona dependiente. Se adquieren tambi\u00e9n habilidades y estrategias para prevenir el estr\u00e9s y la ansiedad, a trav\u00e9s del autocuidado, la relajaci\u00f3n y la comunicaci\u00f3n.<\/p>\n<p>&nbsp;<\/p>\n<p><strong>\u2018Cuidando a quienes cuidan\u2019<\/strong><\/p>\n<ul>\n<li>Taller de apoyo a personas cuidadoras de familiares no profesionales\n<ul>\n<li>Cinco sesiones, en horario de 16.30 a 18.30<\/li>\n<li>Inscripciones: por orden de llamada al 010 \u2013 948 420 100 (desde el lunes 21)<\/li>\n<\/ul>\n<\/li>\n<li>Rochapea: Centro comunitario de la Carbonilla (avenida Marcelo Celayeta 51, planta baja)\n<ul>\n<li>Sesiones: 5, 12, 19, y 26 de noviembre, y 10 de diciembre (martes)<\/li>\n<\/ul>\n<\/li>\n<li>Ermitaga\u00f1a: B\u00fanker (calle Bartolom\u00e9 de Carranza 5)\n<ul>\n<li>Sesiones: 7, 14, 21, y 28 de noviembre, y 12 de diciembre (jueves)<\/li>\n<\/ul>\n<\/li>\n<\/ul>\n","protected":false},"excerpt":{"rendered":"<p>Las plazas, para los barrios de Rochapea y Ermitaga\u00f1a, se adjudican por orden de llamada el tel\u00e9fono 010 \u2013 948 420 100<\/p>\n","protected":false},"author":1,"featured_media":51094,"comment_status":"open","ping_status":"closed","sticky":false,"template":"","format":"standard","meta":{"footnotes":""},"categories":[2],"tags":[],"class_list":["post-51093","post","type-post","status-publish","format-standard","has-post-thumbnail","hentry","category-ayuntamiento-pamplona"],"yoast_head":"<!-- This site is optimized with the Yoast SEO plugin v27.3 - https:\/\/yoast.com\/product\/yoast-seo-wordpress\/ -->\n<title>Este lunes se abren las inscripciones para los dos talleres gratuitos de \u2018Cuidando a quienes cuidan\u2019 de noviembre, dirigidos a cuidadores no profesionales de familiares<\/title>\n<meta name=\"description\" content=\"Las plazas, para los barrios de Rochapea y Ermitaga\u00f1a, se adjudican por orden de llamada el tel\u00e9fono 010 \u2013 948 420 100\" \/>\n<meta name=\"robots\" content=\"index, follow, max-snippet:-1, max-image-preview:large, max-video-preview:-1\" \/>\n<link rel=\"canonical\" href=\"https:\/\/www.laguiadepamplona.com\/actualidad\/este-lunes-se-abren-las-inscripciones-para-los-dos-talleres-gratuitos-de-cuidando-a-quienes-cuidan-de-noviembre-dirigidos-a-cuidadores-no-profesionales-de-familiares\/\" \/>\n<meta property=\"og:locale\" content=\"es_ES\" \/>\n<meta property=\"og:type\" content=\"article\" \/>\n<meta property=\"og:title\" content=\"Este lunes se abren las inscripciones para los dos talleres gratuitos de \u2018Cuidando a quienes cuidan\u2019 de noviembre, dirigidos a cuidadores no profesionales de familiares\" \/>\n<meta property=\"og:description\" content=\"Las plazas, para los barrios de Rochapea y Ermitaga\u00f1a, se adjudican por orden de llamada el tel\u00e9fono 010 \u2013 948 420 100\" \/>\n<meta property=\"og:url\" content=\"https:\/\/www.laguiadepamplona.com\/actualidad\/este-lunes-se-abren-las-inscripciones-para-los-dos-talleres-gratuitos-de-cuidando-a-quienes-cuidan-de-noviembre-dirigidos-a-cuidadores-no-profesionales-de-familiares\/\" \/>\n<meta property=\"og:site_name\" content=\"La Gu\u00eda de Pamplona\" \/>\n<meta property=\"article:publisher\" content=\"https:\/\/www.facebook.com\/laguiadepamplonacom-133175176762273\/?ref=hl\" \/>\n<meta property=\"article:published_time\" content=\"2024-10-21T16:17:29+00:00\" \/>\n<meta property=\"og:image\" content=\"https:\/\/www.laguiadepamplona.com\/actualidad\/wp-content\/uploads\/2024\/10\/talleres-cuidados-noviembre_web.webp\" \/>\n\t<meta property=\"og:image:width\" content=\"1000\" \/>\n\t<meta property=\"og:image:height\" content=\"596\" \/>\n\t<meta property=\"og:image:type\" content=\"image\/webp\" \/>\n<meta name=\"author\" content=\"La Gu\u00eda de Pamplona\" \/>\n<meta name=\"twitter:card\" content=\"summary_large_image\" \/>\n<meta name=\"twitter:creator\" content=\"@LaGuiadPamplona\" \/>\n<meta name=\"twitter:site\" content=\"@LaGuiadPamplona\" \/>\n<meta name=\"twitter:label1\" content=\"Escrito por\" \/>\n\t<meta name=\"twitter:data1\" content=\"La Gu\u00eda de Pamplona\" \/>\n\t<meta name=\"twitter:label2\" content=\"Tiempo de lectura\" \/>\n\t<meta name=\"twitter:data2\" content=\"2 minutos\" \/>\n<script type=\"application\/ld+json\" class=\"yoast-schema-graph\">{\"@context\":\"https:\\\/\\\/schema.org\",\"@graph\":[{\"@type\":\"Article\",\"@id\":\"https:\\\/\\\/www.laguiadepamplona.com\\\/actualidad\\\/este-lunes-se-abren-las-inscripciones-para-los-dos-talleres-gratuitos-de-cuidando-a-quienes-cuidan-de-noviembre-dirigidos-a-cuidadores-no-profesionales-de-familiares\\\/#article\",\"isPartOf\":{\"@id\":\"https:\\\/\\\/www.laguiadepamplona.com\\\/actualidad\\\/este-lunes-se-abren-las-inscripciones-para-los-dos-talleres-gratuitos-de-cuidando-a-quienes-cuidan-de-noviembre-dirigidos-a-cuidadores-no-profesionales-de-familiares\\\/\"},\"author\":{\"name\":\"La Gu\u00eda de Pamplona\",\"@id\":\"https:\\\/\\\/www.laguiadepamplona.com\\\/actualidad\\\/#\\\/schema\\\/person\\\/efe887376f0213d4657c93adc50b1fdb\"},\"headline\":\"Este lunes se abren las inscripciones para los dos talleres gratuitos de \u2018Cuidando a quienes cuidan\u2019 de noviembre, dirigidos a cuidadores no profesionales de familiares\",\"datePublished\":\"2024-10-21T16:17:29+00:00\",\"mainEntityOfPage\":{\"@id\":\"https:\\\/\\\/www.laguiadepamplona.com\\\/actualidad\\\/este-lunes-se-abren-las-inscripciones-para-los-dos-talleres-gratuitos-de-cuidando-a-quienes-cuidan-de-noviembre-dirigidos-a-cuidadores-no-profesionales-de-familiares\\\/\"},\"wordCount\":438,\"commentCount\":0,\"publisher\":{\"@id\":\"https:\\\/\\\/www.laguiadepamplona.com\\\/actualidad\\\/#organization\"},\"image\":{\"@id\":\"https:\\\/\\\/www.laguiadepamplona.com\\\/actualidad\\\/este-lunes-se-abren-las-inscripciones-para-los-dos-talleres-gratuitos-de-cuidando-a-quienes-cuidan-de-noviembre-dirigidos-a-cuidadores-no-profesionales-de-familiares\\\/#primaryimage\"},\"thumbnailUrl\":\"https:\\\/\\\/www.laguiadepamplona.com\\\/actualidad\\\/wp-content\\\/uploads\\\/2024\\\/10\\\/talleres-cuidados-noviembre_web.webp\",\"articleSection\":[\"Ayto Pamplona\"],\"inLanguage\":\"es\",\"potentialAction\":[{\"@type\":\"CommentAction\",\"name\":\"Comment\",\"target\":[\"https:\\\/\\\/www.laguiadepamplona.com\\\/actualidad\\\/este-lunes-se-abren-las-inscripciones-para-los-dos-talleres-gratuitos-de-cuidando-a-quienes-cuidan-de-noviembre-dirigidos-a-cuidadores-no-profesionales-de-familiares\\\/#respond\"]}]},{\"@type\":\"WebPage\",\"@id\":\"https:\\\/\\\/www.laguiadepamplona.com\\\/actualidad\\\/este-lunes-se-abren-las-inscripciones-para-los-dos-talleres-gratuitos-de-cuidando-a-quienes-cuidan-de-noviembre-dirigidos-a-cuidadores-no-profesionales-de-familiares\\\/\",\"url\":\"https:\\\/\\\/www.laguiadepamplona.com\\\/actualidad\\\/este-lunes-se-abren-las-inscripciones-para-los-dos-talleres-gratuitos-de-cuidando-a-quienes-cuidan-de-noviembre-dirigidos-a-cuidadores-no-profesionales-de-familiares\\\/\",\"name\":\"Este lunes se abren las inscripciones para los dos talleres gratuitos de \u2018Cuidando a quienes cuidan\u2019 de noviembre, dirigidos a cuidadores no profesionales de familiares\",\"isPartOf\":{\"@id\":\"https:\\\/\\\/www.laguiadepamplona.com\\\/actualidad\\\/#website\"},\"primaryImageOfPage\":{\"@id\":\"https:\\\/\\\/www.laguiadepamplona.com\\\/actualidad\\\/este-lunes-se-abren-las-inscripciones-para-los-dos-talleres-gratuitos-de-cuidando-a-quienes-cuidan-de-noviembre-dirigidos-a-cuidadores-no-profesionales-de-familiares\\\/#primaryimage\"},\"image\":{\"@id\":\"https:\\\/\\\/www.laguiadepamplona.com\\\/actualidad\\\/este-lunes-se-abren-las-inscripciones-para-los-dos-talleres-gratuitos-de-cuidando-a-quienes-cuidan-de-noviembre-dirigidos-a-cuidadores-no-profesionales-de-familiares\\\/#primaryimage\"},\"thumbnailUrl\":\"https:\\\/\\\/www.laguiadepamplona.com\\\/actualidad\\\/wp-content\\\/uploads\\\/2024\\\/10\\\/talleres-cuidados-noviembre_web.webp\",\"datePublished\":\"2024-10-21T16:17:29+00:00\",\"description\":\"Las plazas, para los barrios de Rochapea y Ermitaga\u00f1a, se adjudican por orden de llamada el tel\u00e9fono 010 \u2013 948 420 100\",\"breadcrumb\":{\"@id\":\"https:\\\/\\\/www.laguiadepamplona.com\\\/actualidad\\\/este-lunes-se-abren-las-inscripciones-para-los-dos-talleres-gratuitos-de-cuidando-a-quienes-cuidan-de-noviembre-dirigidos-a-cuidadores-no-profesionales-de-familiares\\\/#breadcrumb\"},\"inLanguage\":\"es\",\"potentialAction\":[{\"@type\":\"ReadAction\",\"target\":[\"https:\\\/\\\/www.laguiadepamplona.com\\\/actualidad\\\/este-lunes-se-abren-las-inscripciones-para-los-dos-talleres-gratuitos-de-cuidando-a-quienes-cuidan-de-noviembre-dirigidos-a-cuidadores-no-profesionales-de-familiares\\\/\"]}]},{\"@type\":\"ImageObject\",\"inLanguage\":\"es\",\"@id\":\"https:\\\/\\\/www.laguiadepamplona.com\\\/actualidad\\\/este-lunes-se-abren-las-inscripciones-para-los-dos-talleres-gratuitos-de-cuidando-a-quienes-cuidan-de-noviembre-dirigidos-a-cuidadores-no-profesionales-de-familiares\\\/#primaryimage\",\"url\":\"https:\\\/\\\/www.laguiadepamplona.com\\\/actualidad\\\/wp-content\\\/uploads\\\/2024\\\/10\\\/talleres-cuidados-noviembre_web.webp\",\"contentUrl\":\"https:\\\/\\\/www.laguiadepamplona.com\\\/actualidad\\\/wp-content\\\/uploads\\\/2024\\\/10\\\/talleres-cuidados-noviembre_web.webp\",\"width\":1000,\"height\":596,\"caption\":\"talleres cuidados noviembre\"},{\"@type\":\"BreadcrumbList\",\"@id\":\"https:\\\/\\\/www.laguiadepamplona.com\\\/actualidad\\\/este-lunes-se-abren-las-inscripciones-para-los-dos-talleres-gratuitos-de-cuidando-a-quienes-cuidan-de-noviembre-dirigidos-a-cuidadores-no-profesionales-de-familiares\\\/#breadcrumb\",\"itemListElement\":[{\"@type\":\"ListItem\",\"position\":1,\"name\":\"Portada\",\"item\":\"https:\\\/\\\/www.laguiadepamplona.com\\\/actualidad\\\/\"},{\"@type\":\"ListItem\",\"position\":2,\"name\":\"Este lunes se abren las inscripciones para los dos talleres gratuitos de \u2018Cuidando a quienes cuidan\u2019 de noviembre, dirigidos a cuidadores no profesionales de familiares\"}]},{\"@type\":\"WebSite\",\"@id\":\"https:\\\/\\\/www.laguiadepamplona.com\\\/actualidad\\\/#website\",\"url\":\"https:\\\/\\\/www.laguiadepamplona.com\\\/actualidad\\\/\",\"name\":\"La gu\u00eda de Pamplona\",\"description\":\"Noticias de Pamplona\",\"publisher\":{\"@id\":\"https:\\\/\\\/www.laguiadepamplona.com\\\/actualidad\\\/#organization\"},\"potentialAction\":[{\"@type\":\"SearchAction\",\"target\":{\"@type\":\"EntryPoint\",\"urlTemplate\":\"https:\\\/\\\/www.laguiadepamplona.com\\\/actualidad\\\/?s={search_term_string}\"},\"query-input\":{\"@type\":\"PropertyValueSpecification\",\"valueRequired\":true,\"valueName\":\"search_term_string\"}}],\"inLanguage\":\"es\"},{\"@type\":\"Organization\",\"@id\":\"https:\\\/\\\/www.laguiadepamplona.com\\\/actualidad\\\/#organization\",\"name\":\"La Gu\u00eda de Pamplona \\\/ Noticias\",\"url\":\"https:\\\/\\\/www.laguiadepamplona.com\\\/actualidad\\\/\",\"logo\":{\"@type\":\"ImageObject\",\"inLanguage\":\"es\",\"@id\":\"https:\\\/\\\/www.laguiadepamplona.com\\\/actualidad\\\/#\\\/schema\\\/logo\\\/image\\\/\",\"url\":\"https:\\\/\\\/www.laguiadepamplona.com\\\/actualidad\\\/wp-content\\\/uploads\\\/2018\\\/11\\\/logo-laguiadepamplona18-web1.png\",\"contentUrl\":\"https:\\\/\\\/www.laguiadepamplona.com\\\/actualidad\\\/wp-content\\\/uploads\\\/2018\\\/11\\\/logo-laguiadepamplona18-web1.png\",\"width\":600,\"height\":196,\"caption\":\"La Gu\u00eda de Pamplona \\\/ Noticias\"},\"image\":{\"@id\":\"https:\\\/\\\/www.laguiadepamplona.com\\\/actualidad\\\/#\\\/schema\\\/logo\\\/image\\\/\"},\"sameAs\":[\"https:\\\/\\\/www.facebook.com\\\/laguiadepamplonacom-133175176762273\\\/?ref=hl\",\"https:\\\/\\\/x.com\\\/LaGuiadPamplona\",\"https:\\\/\\\/www.instagram.com\\\/la_guia_de_pamplona\\\/\",\"https:\\\/\\\/www.youtube.com\\\/user\\\/laguiadepamplona\"]},{\"@type\":\"Person\",\"@id\":\"https:\\\/\\\/www.laguiadepamplona.com\\\/actualidad\\\/#\\\/schema\\\/person\\\/efe887376f0213d4657c93adc50b1fdb\",\"name\":\"La Gu\u00eda de Pamplona\",\"image\":{\"@type\":\"ImageObject\",\"inLanguage\":\"es\",\"@id\":\"https:\\\/\\\/secure.gravatar.com\\\/avatar\\\/b6992f131dc8d30ab0dff15446e9d346d9dbd95992de0fef795073f5ea83a81c?s=96&d=mm&r=g\",\"url\":\"https:\\\/\\\/secure.gravatar.com\\\/avatar\\\/b6992f131dc8d30ab0dff15446e9d346d9dbd95992de0fef795073f5ea83a81c?s=96&d=mm&r=g\",\"contentUrl\":\"https:\\\/\\\/secure.gravatar.com\\\/avatar\\\/b6992f131dc8d30ab0dff15446e9d346d9dbd95992de0fef795073f5ea83a81c?s=96&d=mm&r=g\",\"caption\":\"La Gu\u00eda de Pamplona\"}}]}<\/script>\n<!-- \/ Yoast SEO plugin. -->","yoast_head_json":{"title":"Este lunes se abren las inscripciones para los dos talleres gratuitos de \u2018Cuidando a quienes cuidan\u2019 de noviembre, dirigidos a cuidadores no profesionales de familiares","description":"Las plazas, para los barrios de Rochapea y Ermitaga\u00f1a, se adjudican por orden de llamada el tel\u00e9fono 010 \u2013 948 420 100","robots":{"index":"index","follow":"follow","max-snippet":"max-snippet:-1","max-image-preview":"max-image-preview:large","max-video-preview":"max-video-preview:-1"},"canonical":"https:\/\/www.laguiadepamplona.com\/actualidad\/este-lunes-se-abren-las-inscripciones-para-los-dos-talleres-gratuitos-de-cuidando-a-quienes-cuidan-de-noviembre-dirigidos-a-cuidadores-no-profesionales-de-familiares\/","og_locale":"es_ES","og_type":"article","og_title":"Este lunes se abren las inscripciones para los dos talleres gratuitos de \u2018Cuidando a quienes cuidan\u2019 de noviembre, dirigidos a cuidadores no profesionales de familiares","og_description":"Las plazas, para los barrios de Rochapea y Ermitaga\u00f1a, se adjudican por orden de llamada el tel\u00e9fono 010 \u2013 948 420 100","og_url":"https:\/\/www.laguiadepamplona.com\/actualidad\/este-lunes-se-abren-las-inscripciones-para-los-dos-talleres-gratuitos-de-cuidando-a-quienes-cuidan-de-noviembre-dirigidos-a-cuidadores-no-profesionales-de-familiares\/","og_site_name":"La Gu\u00eda de Pamplona","article_publisher":"https:\/\/www.facebook.com\/laguiadepamplonacom-133175176762273\/?ref=hl","article_published_time":"2024-10-21T16:17:29+00:00","og_image":[{"width":1000,"height":596,"url":"https:\/\/www.laguiadepamplona.com\/actualidad\/wp-content\/uploads\/2024\/10\/talleres-cuidados-noviembre_web.webp","type":"image\/webp"}],"author":"La Gu\u00eda de Pamplona","twitter_card":"summary_large_image","twitter_creator":"@LaGuiadPamplona","twitter_site":"@LaGuiadPamplona","twitter_misc":{"Escrito por":"La Gu\u00eda de Pamplona","Tiempo de lectura":"2 minutos"},"schema":{"@context":"https:\/\/schema.org","@graph":[{"@type":"Article","@id":"https:\/\/www.laguiadepamplona.com\/actualidad\/este-lunes-se-abren-las-inscripciones-para-los-dos-talleres-gratuitos-de-cuidando-a-quienes-cuidan-de-noviembre-dirigidos-a-cuidadores-no-profesionales-de-familiares\/#article","isPartOf":{"@id":"https:\/\/www.laguiadepamplona.com\/actualidad\/este-lunes-se-abren-las-inscripciones-para-los-dos-talleres-gratuitos-de-cuidando-a-quienes-cuidan-de-noviembre-dirigidos-a-cuidadores-no-profesionales-de-familiares\/"},"author":{"name":"La Gu\u00eda de Pamplona","@id":"https:\/\/www.laguiadepamplona.com\/actualidad\/#\/schema\/person\/efe887376f0213d4657c93adc50b1fdb"},"headline":"Este lunes se abren las inscripciones para los dos talleres gratuitos de \u2018Cuidando a quienes cuidan\u2019 de noviembre, dirigidos a cuidadores no profesionales de familiares","datePublished":"2024-10-21T16:17:29+00:00","mainEntityOfPage":{"@id":"https:\/\/www.laguiadepamplona.com\/actualidad\/este-lunes-se-abren-las-inscripciones-para-los-dos-talleres-gratuitos-de-cuidando-a-quienes-cuidan-de-noviembre-dirigidos-a-cuidadores-no-profesionales-de-familiares\/"},"wordCount":438,"commentCount":0,"publisher":{"@id":"https:\/\/www.laguiadepamplona.com\/actualidad\/#organization"},"image":{"@id":"https:\/\/www.laguiadepamplona.com\/actualidad\/este-lunes-se-abren-las-inscripciones-para-los-dos-talleres-gratuitos-de-cuidando-a-quienes-cuidan-de-noviembre-dirigidos-a-cuidadores-no-profesionales-de-familiares\/#primaryimage"},"thumbnailUrl":"https:\/\/www.laguiadepamplona.com\/actualidad\/wp-content\/uploads\/2024\/10\/talleres-cuidados-noviembre_web.webp","articleSection":["Ayto Pamplona"],"inLanguage":"es","potentialAction":[{"@type":"CommentAction","name":"Comment","target":["https:\/\/www.laguiadepamplona.com\/actualidad\/este-lunes-se-abren-las-inscripciones-para-los-dos-talleres-gratuitos-de-cuidando-a-quienes-cuidan-de-noviembre-dirigidos-a-cuidadores-no-profesionales-de-familiares\/#respond"]}]},{"@type":"WebPage","@id":"https:\/\/www.laguiadepamplona.com\/actualidad\/este-lunes-se-abren-las-inscripciones-para-los-dos-talleres-gratuitos-de-cuidando-a-quienes-cuidan-de-noviembre-dirigidos-a-cuidadores-no-profesionales-de-familiares\/","url":"https:\/\/www.laguiadepamplona.com\/actualidad\/este-lunes-se-abren-las-inscripciones-para-los-dos-talleres-gratuitos-de-cuidando-a-quienes-cuidan-de-noviembre-dirigidos-a-cuidadores-no-profesionales-de-familiares\/","name":"Este lunes se abren las inscripciones para los dos talleres gratuitos de \u2018Cuidando a quienes cuidan\u2019 de noviembre, dirigidos a cuidadores no profesionales de familiares","isPartOf":{"@id":"https:\/\/www.laguiadepamplona.com\/actualidad\/#website"},"primaryImageOfPage":{"@id":"https:\/\/www.laguiadepamplona.com\/actualidad\/este-lunes-se-abren-las-inscripciones-para-los-dos-talleres-gratuitos-de-cuidando-a-quienes-cuidan-de-noviembre-dirigidos-a-cuidadores-no-profesionales-de-familiares\/#primaryimage"},"image":{"@id":"https:\/\/www.laguiadepamplona.com\/actualidad\/este-lunes-se-abren-las-inscripciones-para-los-dos-talleres-gratuitos-de-cuidando-a-quienes-cuidan-de-noviembre-dirigidos-a-cuidadores-no-profesionales-de-familiares\/#primaryimage"},"thumbnailUrl":"https:\/\/www.laguiadepamplona.com\/actualidad\/wp-content\/uploads\/2024\/10\/talleres-cuidados-noviembre_web.webp","datePublished":"2024-10-21T16:17:29+00:00","description":"Las plazas, para los barrios de Rochapea y Ermitaga\u00f1a, se adjudican por orden de llamada el tel\u00e9fono 010 \u2013 948 420 100","breadcrumb":{"@id":"https:\/\/www.laguiadepamplona.com\/actualidad\/este-lunes-se-abren-las-inscripciones-para-los-dos-talleres-gratuitos-de-cuidando-a-quienes-cuidan-de-noviembre-dirigidos-a-cuidadores-no-profesionales-de-familiares\/#breadcrumb"},"inLanguage":"es","potentialAction":[{"@type":"ReadAction","target":["https:\/\/www.laguiadepamplona.com\/actualidad\/este-lunes-se-abren-las-inscripciones-para-los-dos-talleres-gratuitos-de-cuidando-a-quienes-cuidan-de-noviembre-dirigidos-a-cuidadores-no-profesionales-de-familiares\/"]}]},{"@type":"ImageObject","inLanguage":"es","@id":"https:\/\/www.laguiadepamplona.com\/actualidad\/este-lunes-se-abren-las-inscripciones-para-los-dos-talleres-gratuitos-de-cuidando-a-quienes-cuidan-de-noviembre-dirigidos-a-cuidadores-no-profesionales-de-familiares\/#primaryimage","url":"https:\/\/www.laguiadepamplona.com\/actualidad\/wp-content\/uploads\/2024\/10\/talleres-cuidados-noviembre_web.webp","contentUrl":"https:\/\/www.laguiadepamplona.com\/actualidad\/wp-content\/uploads\/2024\/10\/talleres-cuidados-noviembre_web.webp","width":1000,"height":596,"caption":"talleres cuidados noviembre"},{"@type":"BreadcrumbList","@id":"https:\/\/www.laguiadepamplona.com\/actualidad\/este-lunes-se-abren-las-inscripciones-para-los-dos-talleres-gratuitos-de-cuidando-a-quienes-cuidan-de-noviembre-dirigidos-a-cuidadores-no-profesionales-de-familiares\/#breadcrumb","itemListElement":[{"@type":"ListItem","position":1,"name":"Portada","item":"https:\/\/www.laguiadepamplona.com\/actualidad\/"},{"@type":"ListItem","position":2,"name":"Este lunes se abren las inscripciones para los dos talleres gratuitos de \u2018Cuidando a quienes cuidan\u2019 de noviembre, dirigidos a cuidadores no profesionales de familiares"}]},{"@type":"WebSite","@id":"https:\/\/www.laguiadepamplona.com\/actualidad\/#website","url":"https:\/\/www.laguiadepamplona.com\/actualidad\/","name":"La gu\u00eda de Pamplona","description":"Noticias de Pamplona","publisher":{"@id":"https:\/\/www.laguiadepamplona.com\/actualidad\/#organization"},"potentialAction":[{"@type":"SearchAction","target":{"@type":"EntryPoint","urlTemplate":"https:\/\/www.laguiadepamplona.com\/actualidad\/?s={search_term_string}"},"query-input":{"@type":"PropertyValueSpecification","valueRequired":true,"valueName":"search_term_string"}}],"inLanguage":"es"},{"@type":"Organization","@id":"https:\/\/www.laguiadepamplona.com\/actualidad\/#organization","name":"La Gu\u00eda de Pamplona \/ Noticias","url":"https:\/\/www.laguiadepamplona.com\/actualidad\/","logo":{"@type":"ImageObject","inLanguage":"es","@id":"https:\/\/www.laguiadepamplona.com\/actualidad\/#\/schema\/logo\/image\/","url":"https:\/\/www.laguiadepamplona.com\/actualidad\/wp-content\/uploads\/2018\/11\/logo-laguiadepamplona18-web1.png","contentUrl":"https:\/\/www.laguiadepamplona.com\/actualidad\/wp-content\/uploads\/2018\/11\/logo-laguiadepamplona18-web1.png","width":600,"height":196,"caption":"La Gu\u00eda de Pamplona \/ Noticias"},"image":{"@id":"https:\/\/www.laguiadepamplona.com\/actualidad\/#\/schema\/logo\/image\/"},"sameAs":["https:\/\/www.facebook.com\/laguiadepamplonacom-133175176762273\/?ref=hl","https:\/\/x.com\/LaGuiadPamplona","https:\/\/www.instagram.com\/la_guia_de_pamplona\/","https:\/\/www.youtube.com\/user\/laguiadepamplona"]},{"@type":"Person","@id":"https:\/\/www.laguiadepamplona.com\/actualidad\/#\/schema\/person\/efe887376f0213d4657c93adc50b1fdb","name":"La Gu\u00eda de Pamplona","image":{"@type":"ImageObject","inLanguage":"es","@id":"https:\/\/secure.gravatar.com\/avatar\/b6992f131dc8d30ab0dff15446e9d346d9dbd95992de0fef795073f5ea83a81c?s=96&d=mm&r=g","url":"https:\/\/secure.gravatar.com\/avatar\/b6992f131dc8d30ab0dff15446e9d346d9dbd95992de0fef795073f5ea83a81c?s=96&d=mm&r=g","contentUrl":"https:\/\/secure.gravatar.com\/avatar\/b6992f131dc8d30ab0dff15446e9d346d9dbd95992de0fef795073f5ea83a81c?s=96&d=mm&r=g","caption":"La Gu\u00eda de Pamplona"}}]}},"post_mailing_queue_ids":[],"_links":{"self":[{"href":"https:\/\/www.laguiadepamplona.com\/actualidad\/wp-json\/wp\/v2\/posts\/51093","targetHints":{"allow":["GET"]}}],"collection":[{"href":"https:\/\/www.laguiadepamplona.com\/actualidad\/wp-json\/wp\/v2\/posts"}],"about":[{"href":"https:\/\/www.laguiadepamplona.com\/actualidad\/wp-json\/wp\/v2\/types\/post"}],"author":[{"embeddable":true,"href":"https:\/\/www.laguiadepamplona.com\/actualidad\/wp-json\/wp\/v2\/users\/1"}],"replies":[{"embeddable":true,"href":"https:\/\/www.laguiadepamplona.com\/actualidad\/wp-json\/wp\/v2\/comments?post=51093"}],"version-history":[{"count":1,"href":"https:\/\/www.laguiadepamplona.com\/actualidad\/wp-json\/wp\/v2\/posts\/51093\/revisions"}],"predecessor-version":[{"id":51095,"href":"https:\/\/www.laguiadepamplona.com\/actualidad\/wp-json\/wp\/v2\/posts\/51093\/revisions\/51095"}],"wp:featuredmedia":[{"embeddable":true,"href":"https:\/\/www.laguiadepamplona.com\/actualidad\/wp-json\/wp\/v2\/media\/51094"}],"wp:attachment":[{"href":"https:\/\/www.laguiadepamplona.com\/actualidad\/wp-json\/wp\/v2\/media?parent=51093"}],"wp:term":[{"taxonomy":"category","embeddable":true,"href":"https:\/\/www.laguiadepamplona.com\/actualidad\/wp-json\/wp\/v2\/categories?post=51093"},{"taxonomy":"post_tag","embeddable":true,"href":"https:\/\/www.laguiadepamplona.com\/actualidad\/wp-json\/wp\/v2\/tags?post=51093"}],"curies":[{"name":"wp","href":"https:\/\/api.w.org\/{rel}","templated":true}]}}