{"id":51087,"date":"2024-10-21T18:14:25","date_gmt":"2024-10-21T16:14:25","guid":{"rendered":"https:\/\/www.laguiadepamplona.com\/actualidad\/?p=51087"},"modified":"2024-10-21T18:14:25","modified_gmt":"2024-10-21T16:14:25","slug":"propuesta-de-actividades-organizadas-por-el-ayuntamiento-de-pamplona-del-22-al-24-de-octubre-con-plazas-libres","status":"publish","type":"post","link":"https:\/\/www.laguiadepamplona.com\/actualidad\/propuesta-de-actividades-organizadas-por-el-ayuntamiento-de-pamplona-del-22-al-24-de-octubre-con-plazas-libres\/","title":{"rendered":"Propuesta de actividades organizadas por el Ayuntamiento de Pamplona del 22 al 24 de octubre con plazas libres"},"content":{"rendered":"<p><!--more--><\/p>\n<p><strong>MARTES 22 DE OCTUBRE<\/strong><\/p>\n<p><a href=\"https:\/\/www.pamplona.es\/actualidad\/eventos\/club-de-lectura-inclusiva-biblioteca-publica-de-milagrosa\">Club de lectura inclusiva. Civivox Milagrosa, 12 horas. Entrada libre, previa inscripci\u00f3n previa en el 010, la red Civivox o<\/a> <a href=\"http:\/\/www.pamplonaescultura.es\">www.pamplonaescultura.es<\/a><\/p>\n<p>Club de lectura inclusiva de car\u00e1cter quincenal para p\u00fablico adulto en general y personas con discapacidad intelectual o s\u00edndrome de Down. Dinamizado por profesionales de la Asociaci\u00f3n S\u00edndrome de Down de Navarra.<\/p>\n<p><a href=\"https:\/\/www.pamplona.es\/actualidad\/eventos\/semana-del-terror-panico-terror-y-miedo-en-la-mesa-casa-de-la-juventud\">Semana del terror. P\u00e1nico, terror y miedo en la mesa. Casa de la Juventud, 17.30 horas. Entrada libre, hasta completar el aforo<\/a><\/p>\n<p>Comienza la Semana del Terror en la Casa de la Juventud con una sesi\u00f3n de juegos de mesa de suspense y misterio para pasar un buen rato.<\/p>\n<p><a href=\"https:\/\/www.pamplona.es\/actualidad\/eventos\/cine-el-gran-hotel-budapest-de-wes-anderson-biblioteca-txantrea\">Proyecci\u00f3n cinematogr\u00e1fica. \u2018El Gran Hotel Budapest\u2019, de Wes Anderson. Biblioteca P\u00fablica de Txantrea, 18 horas. Entrada libre, hasta completar el aforo<\/a><\/p>\n<p>Gustave H., un legendario conserje de un famoso hotel europeo de entreguerras, entabla amistad con Zero Moustafa, un joven empleado al que convierte en su protegido. La historia trata sobre el robo y la recuperaci\u00f3n de una pintura renacentista de valor incalculable y sobre la batalla que enfrenta a los miembros de una familia por una inmensa fortuna. Como tel\u00f3n de fondo, los levantamientos que transformaron Europa durante la primera mitad del siglo XX.<\/p>\n<p><a href=\"https:\/\/www.pamplona.es\/actualidad\/eventos\/cuentacuentos-en-euskera-biblioteca-milagrosa-0\">Cuentacuentos en euskera. Biblioteca P\u00fablica de Milagrosa, 18 horas. Inscripciones en la biblioteca, en el tel\u00e9fono 948 24 54 60 y<\/a> <a href=\"mailto:biblimil@navarra.es\">biblimil@navarra.es<\/a><\/p>\n<p>Cuentacuentos con Maitane Perez, que narrar\u00e1 en euskera nuevas y apasionantes historias. Para menores entre 4 y 8 a\u00f1os.<\/p>\n<p><a href=\"https:\/\/www.pamplona.es\/actualidad\/eventos\/mujeres-que-nos-inspiraron-para-progresar-encuentros-para-reflexionar-y-contar\">Ciclo sobre mujeres que nos inspiraron para progresar. Encuentros para reflexionar y contar sus historias. Civivox Iturrama, 18 horas. Entrada libre, previa inscripci\u00f3n en el 010, la red Civivox y<\/a> <a href=\"http:\/\/www.pamplonaescultura.es\">www.pamplonaescultura.es<\/a><\/p>\n<p>Un espacio de reflexi\u00f3n para visibilizar las aportaciones de mujeres an\u00f3nimas de cualquier lugar del mundo, que fueron impulsoras y modelos en nuestro aprendizaje vital en el barrio, la escuela, la familia, el vecindario, el trabajo, etc. Un reconocimiento individual para una visibilidad colectiva. Dirigido a mujeres mayores, con memoria de la vida. Dinamiza Vannina V\u00e1zquez Gentile, experta en g\u00e9nero. Programa en colaboraci\u00f3n con el \u00e1rea de Igualdad del Ayuntamiento de Pamplona.<\/p>\n<p><a href=\"https:\/\/www.pamplona.es\/actualidad\/eventos\/mapamundistas-2024-cine-urpean-lurra-de-maddi-barber-y-atlas-oculto-de-anne\">Mapamundistas. Proyecci\u00f3n cinematogr\u00e1fica. \u2018Urpean lurra\u2019 de Maddi Barber y \u2018Atlas oculto\u2019 de Anne-Laure Boyer. Civivox Iturrama, 19 horas. Entrada libre, previa inscripci\u00f3n en el 010, la red Civivox o<\/a> <a href=\"http:\/\/www.pamplonaescultura.es\">www.pamplonaescultura.es<\/a><\/p>\n<p>El cortometraje \u2018Atlas oculto\u2019 retrata a cuatro personas de distintas generaciones que han vivido la desaparici\u00f3n de su pueblo o de sus tierras a causa de la construcci\u00f3n del pantano de Yesa. Se rod\u00f3 en Tiermas, Esco y Ruesta. \u2018Urpean lurra\u2019 habla sobre el pantano de Itoiz, que hace casi dos d\u00e9cadas inund\u00f3 siete pueblos y tres reservas naturales en las laderas del Pirineo navarro. El grupo ecologista Solidari@s con Itoiz document\u00f3 en v\u00eddeo la lucha contra su construcci\u00f3n. Tras las proyecciones, se conversar\u00e1 con la cineasta Maddi Barber.<\/p>\n<p><strong>\u00a0<\/strong><\/p>\n<p><strong>MI\u00c9RCOLES 23 DE OCTUBRE<\/strong><\/p>\n<p><a href=\"https:\/\/www.pamplona.es\/actualidad\/eventos\/semana-del-terror-concurso-que-te-sea-leve-casa-de-la-juventud\">Semana del terror. Concurso \u2018Que te sea leve\u2019. Casa de la Juventud, de 16 a 21 horas. Entrada libre, hasta completar el aforo<\/a><\/p>\n<p>En este concurso, se trata de adivinar el peso exacto de diferentes objetos vinculados a novelas de terror. La persona ganadora de cada d\u00eda recibir\u00e1 la edici\u00f3n especial del libro ilustrado o novela gr\u00e1fica relacionada con el objeto.<\/p>\n<p><a href=\"https:\/\/www.pamplona.es\/actualidad\/eventos\/semana-del-terror-taller-de-manualidades-camisetas-de-pesadilla-casa-de-la\">Semana del terror. Taller de manualidades. Camisetas de pesadilla. Casa de la Juventud, 17.30 horas. Entrada libre, hasta completar el aforo<\/a><\/p>\n<p>Sesi\u00f3n de tarde en la Casa de la Juventud para pintar y customizar camisetas con las que asustar a cualquier persona a la que queramos sorprender estos d\u00edas.<\/p>\n<p><a href=\"https:\/\/www.pamplona.es\/actualidad\/eventos\/antzerki-aroa-teatro-en-euskera-posdatarik-gabeko-gutunak-de-xake-produkzioak\">Antzerki Aroa. Teatro en euskera. \u201cPosdatarik gabeko gutunak\u201d, de Xake Produkzioak. Escuela Navarra de Teatro, 19 horas. Entrada: 8 euros en la taquilla de la Escuela Navarra de Teatro o en<\/a> <a href=\"http:\/\/www.laescueladeteatro.com\">www.laescueladeteatro.com<\/a> (estudiantes de euskera en euskaltegis o Escuela de Idiomas, 5 euros)<\/p>\n<p>\u00bfExisten las soledades compartidas? \u00bfY los soliloquios compartidos? Eso es lo que es \u2018Postdatarik gabeko gutunak\/Cartas sin posdata\u2019, un soliloquio compartido. Mikel lleva 5 a\u00f1os preso y le falta una hora para empezar una nueva vida. Est\u00e1 a punto de dedicar esa hora a una persona desconocida. Estos \u00faltimos meses ha recibido unas cartas misteriosas de parte de alguien que nunca se ha identificado. Todas las misivas tienen una misma caracter\u00edstica: el sitio donde deber\u00eda ir la posdata est\u00e1 vac\u00eda. Mikel aprovechar\u00e1 esa hora para hacer un repaso de su vida, recordando todas las cartas que ha recibido durante todo este tiempo y acompa\u00f1ado de una pianista muda vestida de Charlot, hasta descubrir de quien proceden esas cartas misteriosas.<\/p>\n<p>&nbsp;<\/p>\n<p><strong>JUEVES 24 DE OCTUBRE<\/strong><\/p>\n<p><a href=\"https:\/\/adminwebpamplona.pamplona.es\/actualidad\/eventos\/semana-del-terror-concurso-que-te-sea-leve-casa-de-la-juventud-0\">Semana del terror. Concurso \u2018Que te sea leve\u2019. Casa de la Juventud, de 16 a 21 horas. Entrada libre, hasta completar el aforo<\/a><\/p>\n<p>En este concurso, se trata de adivinar el peso exacto de diferentes objetos vinculados a novelas de terror. La persona ganadora de cada d\u00eda recibir\u00e1 la edici\u00f3n especial del libro ilustrado o novela gr\u00e1fica relacionada con el objeto.<\/p>\n<p><a href=\"https:\/\/www.pamplona.es\/actualidad\/eventos\/semana-del-terror-concurso-enigmas-malditos-casa-de-la-juventud\">Semana del terror. Concurso. Enigmas malditos. Casa de la Juventud, 17.30 horas. Entrada libre, hasta completar el aforo<\/a><\/p>\n<p>Sesi\u00f3n de tarde en la Casa de la Juventud a modo de concurso resolver enigmas ocultos. Se trata de dar respuesto a preguntas, acertijos y pruebas relacionas con pel\u00edculas y libros de terror.<\/p>\n<p><a href=\"https:\/\/www.pamplona.es\/actualidad\/eventos\/microstable-2024-teatro-breve-y-de-proximidad-la-cabeza-parlante-plaza-del\">Microstable 2024. Teatro breve y de proximidad. \u2018La cabeza parlante\u2019. Plaza del Castillo, de 18 a 21 horas. Pases cada diez minutos. Entrada libre, hasta completar aforo<\/a><\/p>\n<p>La Condesa de Cognac, arruinada, exhibe a su hermana, sin cuerpo, por las Ferias del mundo. En grupos de 15 personas, el p\u00fablico accede a una barraca del siglo XIX para contemplar, durante cinco minutos, este fen\u00f3meno ins\u00f3lito a tan s\u00f3lo 30 cent\u00edmetros de la incre\u00edble cabeza sin cuerpo. Para todos los p\u00fablicos.<\/p>\n<p><a href=\"https:\/\/www.pamplona.es\/actualidad\/eventos\/cuentacuentos-frida-eskahlofrio-biblioteca-de-san-francisco\">Cuentacuentos. \u2018Frida Eskahlof\u00edo\u2019. Biblioteca P\u00fablica de San Francisco, 18 horas. Inscripci\u00f3n previa en la biblioteca<\/a><\/p>\n<p>Sesi\u00f3n de cuentacuentos con la autora del libro, Patri de Blas<strong>.<\/strong> Narraci\u00f3n y manualidades para p\u00fablico infantil a partir de 4 a\u00f1os.<\/p>\n<p><a href=\"https:\/\/adminwebpamplona.pamplona.es\/actualidad\/eventos\/xiii-festival-internacional-de-cine-fantastico-y-de-terror-de-navarra\">XIII Festival Internacional de Cine Fant\u00e1stico y de Terror de Navarra. Proyecciones cinematogr\u00e1ficas. Casa de la Juventud, 19 horas. Entrada libre, hasta completar el aforo<\/a><\/p>\n<p>Primera sesi\u00f3n del Festival Internacional de Cine Fant\u00e1stico y de Terror de Navarra con las proyecciones de diferentes cortometrajes. Se podr\u00e1n visionar \u2018Carro\u00f1a\u2019, \u2018Cava\u2019, \u2018Dagon\u2019, \u2018Et trencar\u00e9 la sang\u2019, \u2018Huesos m\u00edos\u2019, \u2018Humorm\u00e0tic\u2019, \u2018Naualli\u2019 y \u2018Peque\u00f1o\u2019.<\/p>\n<p><a href=\"https:\/\/www.pamplona.es\/actualidad\/eventos\/animacion-la-lectura-las-edades-del-dia-de-mariasun-landa-biblioteca-publica-de\">Animaci\u00f3n a la lectura. \u2018Las edades del d\u00eda\u2019, de Mariasun Landa. Biblioteca P\u00fablica de Yamaguchi, 19.30 horas. Entrada libre, hasta completar el aforo<\/a><\/p>\n<p>Charla con la escritora vasca\u00a0<strong>Mariasun Landa,<\/strong>\u00a0a prop\u00f3sito de su \u00faltimo libro\u00a0\u2018<strong>Las edades del d\u00eda\u2019<\/strong>, una historia para visibilizar el d\u00eda a d\u00eda de las mujeres mayores. En colaboraci\u00f3n con el Ateneo Navarro.<\/p>\n","protected":false},"excerpt":{"rendered":"","protected":false},"author":1,"featured_media":48503,"comment_status":"open","ping_status":"closed","sticky":false,"template":"","format":"standard","meta":{"footnotes":""},"categories":[2],"tags":[],"class_list":["post-51087","post","type-post","status-publish","format-standard","has-post-thumbnail","hentry","category-ayuntamiento-pamplona"],"yoast_head":"<!-- This site is optimized with the Yoast SEO plugin v27.3 - https:\/\/yoast.com\/product\/yoast-seo-wordpress\/ -->\n<title>Propuesta de actividades organizadas por el Ayuntamiento de Pamplona del 22 al 24 de octubre con plazas libres<\/title>\n<meta name=\"robots\" content=\"index, follow, max-snippet:-1, max-image-preview:large, max-video-preview:-1\" \/>\n<link rel=\"canonical\" href=\"https:\/\/www.laguiadepamplona.com\/actualidad\/propuesta-de-actividades-organizadas-por-el-ayuntamiento-de-pamplona-del-22-al-24-de-octubre-con-plazas-libres\/\" \/>\n<meta property=\"og:locale\" content=\"es_ES\" \/>\n<meta property=\"og:type\" content=\"article\" \/>\n<meta property=\"og:title\" content=\"Propuesta de actividades organizadas por el Ayuntamiento de Pamplona del 22 al 24 de octubre con plazas libres\" \/>\n<meta property=\"og:url\" content=\"https:\/\/www.laguiadepamplona.com\/actualidad\/propuesta-de-actividades-organizadas-por-el-ayuntamiento-de-pamplona-del-22-al-24-de-octubre-con-plazas-libres\/\" \/>\n<meta property=\"og:site_name\" content=\"La Gu\u00eda de Pamplona\" \/>\n<meta property=\"article:publisher\" content=\"https:\/\/www.facebook.com\/laguiadepamplonacom-133175176762273\/?ref=hl\" \/>\n<meta property=\"article:published_time\" content=\"2024-10-21T16:14:25+00:00\" \/>\n<meta property=\"og:image\" content=\"https:\/\/www.laguiadepamplona.com\/actualidad\/wp-content\/uploads\/2024\/01\/ayuntamiento-pamplona.webp\" \/>\n\t<meta property=\"og:image:width\" content=\"1200\" \/>\n\t<meta property=\"og:image:height\" content=\"675\" \/>\n\t<meta property=\"og:image:type\" content=\"image\/webp\" \/>\n<meta name=\"author\" content=\"La Gu\u00eda de Pamplona\" \/>\n<meta name=\"twitter:card\" content=\"summary_large_image\" \/>\n<meta name=\"twitter:creator\" content=\"@LaGuiadPamplona\" \/>\n<meta name=\"twitter:site\" content=\"@LaGuiadPamplona\" \/>\n<meta name=\"twitter:label1\" content=\"Escrito por\" \/>\n\t<meta name=\"twitter:data1\" content=\"La Gu\u00eda de Pamplona\" \/>\n\t<meta name=\"twitter:label2\" content=\"Tiempo de lectura\" \/>\n\t<meta name=\"twitter:data2\" content=\"6 minutos\" \/>\n<script type=\"application\/ld+json\" class=\"yoast-schema-graph\">{\"@context\":\"https:\\\/\\\/schema.org\",\"@graph\":[{\"@type\":\"Article\",\"@id\":\"https:\\\/\\\/www.laguiadepamplona.com\\\/actualidad\\\/propuesta-de-actividades-organizadas-por-el-ayuntamiento-de-pamplona-del-22-al-24-de-octubre-con-plazas-libres\\\/#article\",\"isPartOf\":{\"@id\":\"https:\\\/\\\/www.laguiadepamplona.com\\\/actualidad\\\/propuesta-de-actividades-organizadas-por-el-ayuntamiento-de-pamplona-del-22-al-24-de-octubre-con-plazas-libres\\\/\"},\"author\":{\"name\":\"La Gu\u00eda de Pamplona\",\"@id\":\"https:\\\/\\\/www.laguiadepamplona.com\\\/actualidad\\\/#\\\/schema\\\/person\\\/efe887376f0213d4657c93adc50b1fdb\"},\"headline\":\"Propuesta de actividades organizadas por el Ayuntamiento de Pamplona del 22 al 24 de octubre con plazas libres\",\"datePublished\":\"2024-10-21T16:14:25+00:00\",\"mainEntityOfPage\":{\"@id\":\"https:\\\/\\\/www.laguiadepamplona.com\\\/actualidad\\\/propuesta-de-actividades-organizadas-por-el-ayuntamiento-de-pamplona-del-22-al-24-de-octubre-con-plazas-libres\\\/\"},\"wordCount\":1160,\"commentCount\":0,\"publisher\":{\"@id\":\"https:\\\/\\\/www.laguiadepamplona.com\\\/actualidad\\\/#organization\"},\"image\":{\"@id\":\"https:\\\/\\\/www.laguiadepamplona.com\\\/actualidad\\\/propuesta-de-actividades-organizadas-por-el-ayuntamiento-de-pamplona-del-22-al-24-de-octubre-con-plazas-libres\\\/#primaryimage\"},\"thumbnailUrl\":\"https:\\\/\\\/www.laguiadepamplona.com\\\/actualidad\\\/wp-content\\\/uploads\\\/2024\\\/01\\\/ayuntamiento-pamplona.webp\",\"articleSection\":[\"Ayto Pamplona\"],\"inLanguage\":\"es\",\"potentialAction\":[{\"@type\":\"CommentAction\",\"name\":\"Comment\",\"target\":[\"https:\\\/\\\/www.laguiadepamplona.com\\\/actualidad\\\/propuesta-de-actividades-organizadas-por-el-ayuntamiento-de-pamplona-del-22-al-24-de-octubre-con-plazas-libres\\\/#respond\"]}]},{\"@type\":\"WebPage\",\"@id\":\"https:\\\/\\\/www.laguiadepamplona.com\\\/actualidad\\\/propuesta-de-actividades-organizadas-por-el-ayuntamiento-de-pamplona-del-22-al-24-de-octubre-con-plazas-libres\\\/\",\"url\":\"https:\\\/\\\/www.laguiadepamplona.com\\\/actualidad\\\/propuesta-de-actividades-organizadas-por-el-ayuntamiento-de-pamplona-del-22-al-24-de-octubre-con-plazas-libres\\\/\",\"name\":\"Propuesta de actividades organizadas por el Ayuntamiento de Pamplona del 22 al 24 de octubre con plazas libres\",\"isPartOf\":{\"@id\":\"https:\\\/\\\/www.laguiadepamplona.com\\\/actualidad\\\/#website\"},\"primaryImageOfPage\":{\"@id\":\"https:\\\/\\\/www.laguiadepamplona.com\\\/actualidad\\\/propuesta-de-actividades-organizadas-por-el-ayuntamiento-de-pamplona-del-22-al-24-de-octubre-con-plazas-libres\\\/#primaryimage\"},\"image\":{\"@id\":\"https:\\\/\\\/www.laguiadepamplona.com\\\/actualidad\\\/propuesta-de-actividades-organizadas-por-el-ayuntamiento-de-pamplona-del-22-al-24-de-octubre-con-plazas-libres\\\/#primaryimage\"},\"thumbnailUrl\":\"https:\\\/\\\/www.laguiadepamplona.com\\\/actualidad\\\/wp-content\\\/uploads\\\/2024\\\/01\\\/ayuntamiento-pamplona.webp\",\"datePublished\":\"2024-10-21T16:14:25+00:00\",\"breadcrumb\":{\"@id\":\"https:\\\/\\\/www.laguiadepamplona.com\\\/actualidad\\\/propuesta-de-actividades-organizadas-por-el-ayuntamiento-de-pamplona-del-22-al-24-de-octubre-con-plazas-libres\\\/#breadcrumb\"},\"inLanguage\":\"es\",\"potentialAction\":[{\"@type\":\"ReadAction\",\"target\":[\"https:\\\/\\\/www.laguiadepamplona.com\\\/actualidad\\\/propuesta-de-actividades-organizadas-por-el-ayuntamiento-de-pamplona-del-22-al-24-de-octubre-con-plazas-libres\\\/\"]}]},{\"@type\":\"ImageObject\",\"inLanguage\":\"es\",\"@id\":\"https:\\\/\\\/www.laguiadepamplona.com\\\/actualidad\\\/propuesta-de-actividades-organizadas-por-el-ayuntamiento-de-pamplona-del-22-al-24-de-octubre-con-plazas-libres\\\/#primaryimage\",\"url\":\"https:\\\/\\\/www.laguiadepamplona.com\\\/actualidad\\\/wp-content\\\/uploads\\\/2024\\\/01\\\/ayuntamiento-pamplona.webp\",\"contentUrl\":\"https:\\\/\\\/www.laguiadepamplona.com\\\/actualidad\\\/wp-content\\\/uploads\\\/2024\\\/01\\\/ayuntamiento-pamplona.webp\",\"width\":1200,\"height\":675,\"caption\":\"ayuntamiento pamplona\"},{\"@type\":\"BreadcrumbList\",\"@id\":\"https:\\\/\\\/www.laguiadepamplona.com\\\/actualidad\\\/propuesta-de-actividades-organizadas-por-el-ayuntamiento-de-pamplona-del-22-al-24-de-octubre-con-plazas-libres\\\/#breadcrumb\",\"itemListElement\":[{\"@type\":\"ListItem\",\"position\":1,\"name\":\"Portada\",\"item\":\"https:\\\/\\\/www.laguiadepamplona.com\\\/actualidad\\\/\"},{\"@type\":\"ListItem\",\"position\":2,\"name\":\"Propuesta de actividades organizadas por el Ayuntamiento de Pamplona del 22 al 24 de octubre con plazas libres\"}]},{\"@type\":\"WebSite\",\"@id\":\"https:\\\/\\\/www.laguiadepamplona.com\\\/actualidad\\\/#website\",\"url\":\"https:\\\/\\\/www.laguiadepamplona.com\\\/actualidad\\\/\",\"name\":\"La gu\u00eda de Pamplona\",\"description\":\"Noticias de Pamplona\",\"publisher\":{\"@id\":\"https:\\\/\\\/www.laguiadepamplona.com\\\/actualidad\\\/#organization\"},\"potentialAction\":[{\"@type\":\"SearchAction\",\"target\":{\"@type\":\"EntryPoint\",\"urlTemplate\":\"https:\\\/\\\/www.laguiadepamplona.com\\\/actualidad\\\/?s={search_term_string}\"},\"query-input\":{\"@type\":\"PropertyValueSpecification\",\"valueRequired\":true,\"valueName\":\"search_term_string\"}}],\"inLanguage\":\"es\"},{\"@type\":\"Organization\",\"@id\":\"https:\\\/\\\/www.laguiadepamplona.com\\\/actualidad\\\/#organization\",\"name\":\"La Gu\u00eda de Pamplona \\\/ Noticias\",\"url\":\"https:\\\/\\\/www.laguiadepamplona.com\\\/actualidad\\\/\",\"logo\":{\"@type\":\"ImageObject\",\"inLanguage\":\"es\",\"@id\":\"https:\\\/\\\/www.laguiadepamplona.com\\\/actualidad\\\/#\\\/schema\\\/logo\\\/image\\\/\",\"url\":\"https:\\\/\\\/www.laguiadepamplona.com\\\/actualidad\\\/wp-content\\\/uploads\\\/2018\\\/11\\\/logo-laguiadepamplona18-web1.png\",\"contentUrl\":\"https:\\\/\\\/www.laguiadepamplona.com\\\/actualidad\\\/wp-content\\\/uploads\\\/2018\\\/11\\\/logo-laguiadepamplona18-web1.png\",\"width\":600,\"height\":196,\"caption\":\"La Gu\u00eda de Pamplona \\\/ Noticias\"},\"image\":{\"@id\":\"https:\\\/\\\/www.laguiadepamplona.com\\\/actualidad\\\/#\\\/schema\\\/logo\\\/image\\\/\"},\"sameAs\":[\"https:\\\/\\\/www.facebook.com\\\/laguiadepamplonacom-133175176762273\\\/?ref=hl\",\"https:\\\/\\\/x.com\\\/LaGuiadPamplona\",\"https:\\\/\\\/www.instagram.com\\\/la_guia_de_pamplona\\\/\",\"https:\\\/\\\/www.youtube.com\\\/user\\\/laguiadepamplona\"]},{\"@type\":\"Person\",\"@id\":\"https:\\\/\\\/www.laguiadepamplona.com\\\/actualidad\\\/#\\\/schema\\\/person\\\/efe887376f0213d4657c93adc50b1fdb\",\"name\":\"La Gu\u00eda de Pamplona\",\"image\":{\"@type\":\"ImageObject\",\"inLanguage\":\"es\",\"@id\":\"https:\\\/\\\/secure.gravatar.com\\\/avatar\\\/b6992f131dc8d30ab0dff15446e9d346d9dbd95992de0fef795073f5ea83a81c?s=96&d=mm&r=g\",\"url\":\"https:\\\/\\\/secure.gravatar.com\\\/avatar\\\/b6992f131dc8d30ab0dff15446e9d346d9dbd95992de0fef795073f5ea83a81c?s=96&d=mm&r=g\",\"contentUrl\":\"https:\\\/\\\/secure.gravatar.com\\\/avatar\\\/b6992f131dc8d30ab0dff15446e9d346d9dbd95992de0fef795073f5ea83a81c?s=96&d=mm&r=g\",\"caption\":\"La Gu\u00eda de Pamplona\"}}]}<\/script>\n<!-- \/ Yoast SEO plugin. -->","yoast_head_json":{"title":"Propuesta de actividades organizadas por el Ayuntamiento de Pamplona del 22 al 24 de octubre con plazas libres","robots":{"index":"index","follow":"follow","max-snippet":"max-snippet:-1","max-image-preview":"max-image-preview:large","max-video-preview":"max-video-preview:-1"},"canonical":"https:\/\/www.laguiadepamplona.com\/actualidad\/propuesta-de-actividades-organizadas-por-el-ayuntamiento-de-pamplona-del-22-al-24-de-octubre-con-plazas-libres\/","og_locale":"es_ES","og_type":"article","og_title":"Propuesta de actividades organizadas por el Ayuntamiento de Pamplona del 22 al 24 de octubre con plazas libres","og_url":"https:\/\/www.laguiadepamplona.com\/actualidad\/propuesta-de-actividades-organizadas-por-el-ayuntamiento-de-pamplona-del-22-al-24-de-octubre-con-plazas-libres\/","og_site_name":"La Gu\u00eda de Pamplona","article_publisher":"https:\/\/www.facebook.com\/laguiadepamplonacom-133175176762273\/?ref=hl","article_published_time":"2024-10-21T16:14:25+00:00","og_image":[{"width":1200,"height":675,"url":"https:\/\/www.laguiadepamplona.com\/actualidad\/wp-content\/uploads\/2024\/01\/ayuntamiento-pamplona.webp","type":"image\/webp"}],"author":"La Gu\u00eda de Pamplona","twitter_card":"summary_large_image","twitter_creator":"@LaGuiadPamplona","twitter_site":"@LaGuiadPamplona","twitter_misc":{"Escrito por":"La Gu\u00eda de Pamplona","Tiempo de lectura":"6 minutos"},"schema":{"@context":"https:\/\/schema.org","@graph":[{"@type":"Article","@id":"https:\/\/www.laguiadepamplona.com\/actualidad\/propuesta-de-actividades-organizadas-por-el-ayuntamiento-de-pamplona-del-22-al-24-de-octubre-con-plazas-libres\/#article","isPartOf":{"@id":"https:\/\/www.laguiadepamplona.com\/actualidad\/propuesta-de-actividades-organizadas-por-el-ayuntamiento-de-pamplona-del-22-al-24-de-octubre-con-plazas-libres\/"},"author":{"name":"La Gu\u00eda de Pamplona","@id":"https:\/\/www.laguiadepamplona.com\/actualidad\/#\/schema\/person\/efe887376f0213d4657c93adc50b1fdb"},"headline":"Propuesta de actividades organizadas por el Ayuntamiento de Pamplona del 22 al 24 de octubre con plazas libres","datePublished":"2024-10-21T16:14:25+00:00","mainEntityOfPage":{"@id":"https:\/\/www.laguiadepamplona.com\/actualidad\/propuesta-de-actividades-organizadas-por-el-ayuntamiento-de-pamplona-del-22-al-24-de-octubre-con-plazas-libres\/"},"wordCount":1160,"commentCount":0,"publisher":{"@id":"https:\/\/www.laguiadepamplona.com\/actualidad\/#organization"},"image":{"@id":"https:\/\/www.laguiadepamplona.com\/actualidad\/propuesta-de-actividades-organizadas-por-el-ayuntamiento-de-pamplona-del-22-al-24-de-octubre-con-plazas-libres\/#primaryimage"},"thumbnailUrl":"https:\/\/www.laguiadepamplona.com\/actualidad\/wp-content\/uploads\/2024\/01\/ayuntamiento-pamplona.webp","articleSection":["Ayto Pamplona"],"inLanguage":"es","potentialAction":[{"@type":"CommentAction","name":"Comment","target":["https:\/\/www.laguiadepamplona.com\/actualidad\/propuesta-de-actividades-organizadas-por-el-ayuntamiento-de-pamplona-del-22-al-24-de-octubre-con-plazas-libres\/#respond"]}]},{"@type":"WebPage","@id":"https:\/\/www.laguiadepamplona.com\/actualidad\/propuesta-de-actividades-organizadas-por-el-ayuntamiento-de-pamplona-del-22-al-24-de-octubre-con-plazas-libres\/","url":"https:\/\/www.laguiadepamplona.com\/actualidad\/propuesta-de-actividades-organizadas-por-el-ayuntamiento-de-pamplona-del-22-al-24-de-octubre-con-plazas-libres\/","name":"Propuesta de actividades organizadas por el Ayuntamiento de Pamplona del 22 al 24 de octubre con plazas libres","isPartOf":{"@id":"https:\/\/www.laguiadepamplona.com\/actualidad\/#website"},"primaryImageOfPage":{"@id":"https:\/\/www.laguiadepamplona.com\/actualidad\/propuesta-de-actividades-organizadas-por-el-ayuntamiento-de-pamplona-del-22-al-24-de-octubre-con-plazas-libres\/#primaryimage"},"image":{"@id":"https:\/\/www.laguiadepamplona.com\/actualidad\/propuesta-de-actividades-organizadas-por-el-ayuntamiento-de-pamplona-del-22-al-24-de-octubre-con-plazas-libres\/#primaryimage"},"thumbnailUrl":"https:\/\/www.laguiadepamplona.com\/actualidad\/wp-content\/uploads\/2024\/01\/ayuntamiento-pamplona.webp","datePublished":"2024-10-21T16:14:25+00:00","breadcrumb":{"@id":"https:\/\/www.laguiadepamplona.com\/actualidad\/propuesta-de-actividades-organizadas-por-el-ayuntamiento-de-pamplona-del-22-al-24-de-octubre-con-plazas-libres\/#breadcrumb"},"inLanguage":"es","potentialAction":[{"@type":"ReadAction","target":["https:\/\/www.laguiadepamplona.com\/actualidad\/propuesta-de-actividades-organizadas-por-el-ayuntamiento-de-pamplona-del-22-al-24-de-octubre-con-plazas-libres\/"]}]},{"@type":"ImageObject","inLanguage":"es","@id":"https:\/\/www.laguiadepamplona.com\/actualidad\/propuesta-de-actividades-organizadas-por-el-ayuntamiento-de-pamplona-del-22-al-24-de-octubre-con-plazas-libres\/#primaryimage","url":"https:\/\/www.laguiadepamplona.com\/actualidad\/wp-content\/uploads\/2024\/01\/ayuntamiento-pamplona.webp","contentUrl":"https:\/\/www.laguiadepamplona.com\/actualidad\/wp-content\/uploads\/2024\/01\/ayuntamiento-pamplona.webp","width":1200,"height":675,"caption":"ayuntamiento pamplona"},{"@type":"BreadcrumbList","@id":"https:\/\/www.laguiadepamplona.com\/actualidad\/propuesta-de-actividades-organizadas-por-el-ayuntamiento-de-pamplona-del-22-al-24-de-octubre-con-plazas-libres\/#breadcrumb","itemListElement":[{"@type":"ListItem","position":1,"name":"Portada","item":"https:\/\/www.laguiadepamplona.com\/actualidad\/"},{"@type":"ListItem","position":2,"name":"Propuesta de actividades organizadas por el Ayuntamiento de Pamplona del 22 al 24 de octubre con plazas libres"}]},{"@type":"WebSite","@id":"https:\/\/www.laguiadepamplona.com\/actualidad\/#website","url":"https:\/\/www.laguiadepamplona.com\/actualidad\/","name":"La gu\u00eda de Pamplona","description":"Noticias de Pamplona","publisher":{"@id":"https:\/\/www.laguiadepamplona.com\/actualidad\/#organization"},"potentialAction":[{"@type":"SearchAction","target":{"@type":"EntryPoint","urlTemplate":"https:\/\/www.laguiadepamplona.com\/actualidad\/?s={search_term_string}"},"query-input":{"@type":"PropertyValueSpecification","valueRequired":true,"valueName":"search_term_string"}}],"inLanguage":"es"},{"@type":"Organization","@id":"https:\/\/www.laguiadepamplona.com\/actualidad\/#organization","name":"La Gu\u00eda de Pamplona \/ Noticias","url":"https:\/\/www.laguiadepamplona.com\/actualidad\/","logo":{"@type":"ImageObject","inLanguage":"es","@id":"https:\/\/www.laguiadepamplona.com\/actualidad\/#\/schema\/logo\/image\/","url":"https:\/\/www.laguiadepamplona.com\/actualidad\/wp-content\/uploads\/2018\/11\/logo-laguiadepamplona18-web1.png","contentUrl":"https:\/\/www.laguiadepamplona.com\/actualidad\/wp-content\/uploads\/2018\/11\/logo-laguiadepamplona18-web1.png","width":600,"height":196,"caption":"La Gu\u00eda de Pamplona \/ Noticias"},"image":{"@id":"https:\/\/www.laguiadepamplona.com\/actualidad\/#\/schema\/logo\/image\/"},"sameAs":["https:\/\/www.facebook.com\/laguiadepamplonacom-133175176762273\/?ref=hl","https:\/\/x.com\/LaGuiadPamplona","https:\/\/www.instagram.com\/la_guia_de_pamplona\/","https:\/\/www.youtube.com\/user\/laguiadepamplona"]},{"@type":"Person","@id":"https:\/\/www.laguiadepamplona.com\/actualidad\/#\/schema\/person\/efe887376f0213d4657c93adc50b1fdb","name":"La Gu\u00eda de Pamplona","image":{"@type":"ImageObject","inLanguage":"es","@id":"https:\/\/secure.gravatar.com\/avatar\/b6992f131dc8d30ab0dff15446e9d346d9dbd95992de0fef795073f5ea83a81c?s=96&d=mm&r=g","url":"https:\/\/secure.gravatar.com\/avatar\/b6992f131dc8d30ab0dff15446e9d346d9dbd95992de0fef795073f5ea83a81c?s=96&d=mm&r=g","contentUrl":"https:\/\/secure.gravatar.com\/avatar\/b6992f131dc8d30ab0dff15446e9d346d9dbd95992de0fef795073f5ea83a81c?s=96&d=mm&r=g","caption":"La Gu\u00eda de Pamplona"}}]}},"post_mailing_queue_ids":[],"_links":{"self":[{"href":"https:\/\/www.laguiadepamplona.com\/actualidad\/wp-json\/wp\/v2\/posts\/51087","targetHints":{"allow":["GET"]}}],"collection":[{"href":"https:\/\/www.laguiadepamplona.com\/actualidad\/wp-json\/wp\/v2\/posts"}],"about":[{"href":"https:\/\/www.laguiadepamplona.com\/actualidad\/wp-json\/wp\/v2\/types\/post"}],"author":[{"embeddable":true,"href":"https:\/\/www.laguiadepamplona.com\/actualidad\/wp-json\/wp\/v2\/users\/1"}],"replies":[{"embeddable":true,"href":"https:\/\/www.laguiadepamplona.com\/actualidad\/wp-json\/wp\/v2\/comments?post=51087"}],"version-history":[{"count":1,"href":"https:\/\/www.laguiadepamplona.com\/actualidad\/wp-json\/wp\/v2\/posts\/51087\/revisions"}],"predecessor-version":[{"id":51088,"href":"https:\/\/www.laguiadepamplona.com\/actualidad\/wp-json\/wp\/v2\/posts\/51087\/revisions\/51088"}],"wp:featuredmedia":[{"embeddable":true,"href":"https:\/\/www.laguiadepamplona.com\/actualidad\/wp-json\/wp\/v2\/media\/48503"}],"wp:attachment":[{"href":"https:\/\/www.laguiadepamplona.com\/actualidad\/wp-json\/wp\/v2\/media?parent=51087"}],"wp:term":[{"taxonomy":"category","embeddable":true,"href":"https:\/\/www.laguiadepamplona.com\/actualidad\/wp-json\/wp\/v2\/categories?post=51087"},{"taxonomy":"post_tag","embeddable":true,"href":"https:\/\/www.laguiadepamplona.com\/actualidad\/wp-json\/wp\/v2\/tags?post=51087"}],"curies":[{"name":"wp","href":"https:\/\/api.w.org\/{rel}","templated":true}]}}