{"id":51078,"date":"2024-10-16T17:37:16","date_gmt":"2024-10-16T15:37:16","guid":{"rendered":"https:\/\/www.laguiadepamplona.com\/actualidad\/?p=51078"},"modified":"2024-10-16T17:37:16","modified_gmt":"2024-10-16T15:37:16","slug":"el-ayuntamiento-y-la-coordinadora-de-ongd-evaluan-formulas-que-reafirmen-el-compromiso-con-el-programa-municipal-de-cooperacion-al-desarrollo","status":"publish","type":"post","link":"https:\/\/www.laguiadepamplona.com\/actualidad\/el-ayuntamiento-y-la-coordinadora-de-ongd-evaluan-formulas-que-reafirmen-el-compromiso-con-el-programa-municipal-de-cooperacion-al-desarrollo\/","title":{"rendered":"El Ayuntamiento y la Coordinadora de ONGD eval\u00faan f\u00f3rmulas que reafirmen el compromiso con el programa municipal de cooperaci\u00f3n al desarrollo"},"content":{"rendered":"<h2>El alcalde, Joseba Asiron Saez, se ha reunido con el presidente de la Coordinadora de ONGD, Javier Abad Vicente<\/h2>\n<p><!--more--><\/p>\n<p>El alcalde de Pamplona, Joseba Asiron Saez, ha recibido esta ma\u00f1ana en su despacho de la Casa Consistorial a una representaci\u00f3n de la Coordinadora de ONGD de Navarra encabezada por su presidente, Javier Abad Vicente. En el encuentro, ha participado tambi\u00e9n el concejal delegado del \u00e1rea de Promoci\u00f3n Econ\u00f3mica, Proyecci\u00f3n Europea, Innovaci\u00f3n, Juventud y Cooperaci\u00f3n al Desarrollo, Mikel Armend\u00e1riz Barnechea. Por parte de la Coordinadora, adem\u00e1s, han asistido Juan Mar\u00eda Erice Oronoz, miembro de la Comisi\u00f3n de Incidencia Pol\u00edtica y Redes, y Amaya Campi\u00f3n Larumbe, coordinadora de la Secretar\u00eda T\u00e9cnica.<\/p>\n<p>En el encuentro, tanto el alcalde como el presidente de la Coordinadora se han comprometido a evaluar f\u00f3rmulas para cumplir el compromiso del Ayuntamiento con el programa municipal de cooperaci\u00f3n al desarrollo. Adem\u00e1s, Javier Abad ha solicitad al alcalde un cambio en el local municipal que ocupan para desarrollar su labor. En estos momentos, la Coordinadora de ONGD dispone de un piso municipal cedido en el Grupo San Pedro. La posibilidad de cambio, no obstante, depende de diversos factores, como la disponibilidad de nuevas ubicaciones. Ser\u00e1 necesario conocer las nuevas necesidades de la Coordinadora para poder atender esa solicitud.<\/p>\n<p>La\u00a0Coordinadora de ONG para el Desarrollo Navarra se constituy\u00f3 en 1998 y agrupa a medio centenar de asociaciones y entidades vinculadas a la cooperaci\u00f3n, desde Unicef o Acci\u00f3n Contra el Hambre, hasta la Fundaci\u00f3n IPES, Alboan o M\u00e9dicos del Mundo..<\/p>\n","protected":false},"excerpt":{"rendered":"<p>El alcalde, Joseba Asiron Saez, se ha reunido con el presidente de la Coordinadora de ONGD, Javier Abad Vicente<\/p>\n","protected":false},"author":1,"featured_media":51079,"comment_status":"open","ping_status":"closed","sticky":false,"template":"","format":"standard","meta":{"footnotes":""},"categories":[2],"tags":[],"class_list":["post-51078","post","type-post","status-publish","format-standard","has-post-thumbnail","hentry","category-ayuntamiento-pamplona"],"yoast_head":"<!-- This site is optimized with the Yoast SEO plugin v27.3 - https:\/\/yoast.com\/product\/yoast-seo-wordpress\/ -->\n<title>El Ayuntamiento y la Coordinadora de ONGD eval\u00faan f\u00f3rmulas que reafirmen el compromiso con el programa municipal de cooperaci\u00f3n al desarrollo<\/title>\n<meta name=\"description\" content=\"El alcalde, Joseba Asiron Saez, se ha reunido con el presidente de la Coordinadora de ONGD, Javier Abad Vicente\" \/>\n<meta name=\"robots\" content=\"index, follow, max-snippet:-1, max-image-preview:large, max-video-preview:-1\" \/>\n<link rel=\"canonical\" href=\"https:\/\/www.laguiadepamplona.com\/actualidad\/el-ayuntamiento-y-la-coordinadora-de-ongd-evaluan-formulas-que-reafirmen-el-compromiso-con-el-programa-municipal-de-cooperacion-al-desarrollo\/\" \/>\n<meta property=\"og:locale\" content=\"es_ES\" \/>\n<meta property=\"og:type\" content=\"article\" \/>\n<meta property=\"og:title\" content=\"El Ayuntamiento y la Coordinadora de ONGD eval\u00faan f\u00f3rmulas que reafirmen el compromiso con el programa municipal de cooperaci\u00f3n al desarrollo\" \/>\n<meta property=\"og:description\" content=\"El alcalde, Joseba Asiron Saez, se ha reunido con el presidente de la Coordinadora de ONGD, Javier Abad Vicente\" \/>\n<meta property=\"og:url\" content=\"https:\/\/www.laguiadepamplona.com\/actualidad\/el-ayuntamiento-y-la-coordinadora-de-ongd-evaluan-formulas-que-reafirmen-el-compromiso-con-el-programa-municipal-de-cooperacion-al-desarrollo\/\" \/>\n<meta property=\"og:site_name\" content=\"La Gu\u00eda de Pamplona\" \/>\n<meta property=\"article:publisher\" content=\"https:\/\/www.facebook.com\/laguiadepamplonacom-133175176762273\/?ref=hl\" \/>\n<meta property=\"article:published_time\" content=\"2024-10-16T15:37:16+00:00\" \/>\n<meta property=\"og:image\" content=\"https:\/\/www.laguiadepamplona.com\/actualidad\/wp-content\/uploads\/2024\/10\/reunionodngnb52543.webp\" \/>\n\t<meta property=\"og:image:width\" content=\"1000\" \/>\n\t<meta property=\"og:image:height\" content=\"667\" \/>\n\t<meta property=\"og:image:type\" content=\"image\/webp\" \/>\n<meta name=\"author\" content=\"La Gu\u00eda de Pamplona\" \/>\n<meta name=\"twitter:card\" content=\"summary_large_image\" \/>\n<meta name=\"twitter:creator\" content=\"@LaGuiadPamplona\" \/>\n<meta name=\"twitter:site\" content=\"@LaGuiadPamplona\" \/>\n<meta name=\"twitter:label1\" content=\"Escrito por\" \/>\n\t<meta name=\"twitter:data1\" content=\"La Gu\u00eda de Pamplona\" \/>\n\t<meta name=\"twitter:label2\" content=\"Tiempo de lectura\" \/>\n\t<meta name=\"twitter:data2\" content=\"2 minutos\" \/>\n<script type=\"application\/ld+json\" class=\"yoast-schema-graph\">{\"@context\":\"https:\\\/\\\/schema.org\",\"@graph\":[{\"@type\":\"Article\",\"@id\":\"https:\\\/\\\/www.laguiadepamplona.com\\\/actualidad\\\/el-ayuntamiento-y-la-coordinadora-de-ongd-evaluan-formulas-que-reafirmen-el-compromiso-con-el-programa-municipal-de-cooperacion-al-desarrollo\\\/#article\",\"isPartOf\":{\"@id\":\"https:\\\/\\\/www.laguiadepamplona.com\\\/actualidad\\\/el-ayuntamiento-y-la-coordinadora-de-ongd-evaluan-formulas-que-reafirmen-el-compromiso-con-el-programa-municipal-de-cooperacion-al-desarrollo\\\/\"},\"author\":{\"name\":\"La Gu\u00eda de Pamplona\",\"@id\":\"https:\\\/\\\/www.laguiadepamplona.com\\\/actualidad\\\/#\\\/schema\\\/person\\\/efe887376f0213d4657c93adc50b1fdb\"},\"headline\":\"El Ayuntamiento y la Coordinadora de ONGD eval\u00faan f\u00f3rmulas que reafirmen el compromiso con el programa municipal de cooperaci\u00f3n al desarrollo\",\"datePublished\":\"2024-10-16T15:37:16+00:00\",\"mainEntityOfPage\":{\"@id\":\"https:\\\/\\\/www.laguiadepamplona.com\\\/actualidad\\\/el-ayuntamiento-y-la-coordinadora-de-ongd-evaluan-formulas-que-reafirmen-el-compromiso-con-el-programa-municipal-de-cooperacion-al-desarrollo\\\/\"},\"wordCount\":295,\"commentCount\":0,\"publisher\":{\"@id\":\"https:\\\/\\\/www.laguiadepamplona.com\\\/actualidad\\\/#organization\"},\"image\":{\"@id\":\"https:\\\/\\\/www.laguiadepamplona.com\\\/actualidad\\\/el-ayuntamiento-y-la-coordinadora-de-ongd-evaluan-formulas-que-reafirmen-el-compromiso-con-el-programa-municipal-de-cooperacion-al-desarrollo\\\/#primaryimage\"},\"thumbnailUrl\":\"https:\\\/\\\/www.laguiadepamplona.com\\\/actualidad\\\/wp-content\\\/uploads\\\/2024\\\/10\\\/reunionodngnb52543.webp\",\"articleSection\":[\"Ayto Pamplona\"],\"inLanguage\":\"es\",\"potentialAction\":[{\"@type\":\"CommentAction\",\"name\":\"Comment\",\"target\":[\"https:\\\/\\\/www.laguiadepamplona.com\\\/actualidad\\\/el-ayuntamiento-y-la-coordinadora-de-ongd-evaluan-formulas-que-reafirmen-el-compromiso-con-el-programa-municipal-de-cooperacion-al-desarrollo\\\/#respond\"]}]},{\"@type\":\"WebPage\",\"@id\":\"https:\\\/\\\/www.laguiadepamplona.com\\\/actualidad\\\/el-ayuntamiento-y-la-coordinadora-de-ongd-evaluan-formulas-que-reafirmen-el-compromiso-con-el-programa-municipal-de-cooperacion-al-desarrollo\\\/\",\"url\":\"https:\\\/\\\/www.laguiadepamplona.com\\\/actualidad\\\/el-ayuntamiento-y-la-coordinadora-de-ongd-evaluan-formulas-que-reafirmen-el-compromiso-con-el-programa-municipal-de-cooperacion-al-desarrollo\\\/\",\"name\":\"El Ayuntamiento y la Coordinadora de ONGD eval\u00faan f\u00f3rmulas que reafirmen el compromiso con el programa municipal de cooperaci\u00f3n al desarrollo\",\"isPartOf\":{\"@id\":\"https:\\\/\\\/www.laguiadepamplona.com\\\/actualidad\\\/#website\"},\"primaryImageOfPage\":{\"@id\":\"https:\\\/\\\/www.laguiadepamplona.com\\\/actualidad\\\/el-ayuntamiento-y-la-coordinadora-de-ongd-evaluan-formulas-que-reafirmen-el-compromiso-con-el-programa-municipal-de-cooperacion-al-desarrollo\\\/#primaryimage\"},\"image\":{\"@id\":\"https:\\\/\\\/www.laguiadepamplona.com\\\/actualidad\\\/el-ayuntamiento-y-la-coordinadora-de-ongd-evaluan-formulas-que-reafirmen-el-compromiso-con-el-programa-municipal-de-cooperacion-al-desarrollo\\\/#primaryimage\"},\"thumbnailUrl\":\"https:\\\/\\\/www.laguiadepamplona.com\\\/actualidad\\\/wp-content\\\/uploads\\\/2024\\\/10\\\/reunionodngnb52543.webp\",\"datePublished\":\"2024-10-16T15:37:16+00:00\",\"description\":\"El alcalde, Joseba Asiron Saez, se ha reunido con el presidente de la Coordinadora de ONGD, Javier Abad Vicente\",\"breadcrumb\":{\"@id\":\"https:\\\/\\\/www.laguiadepamplona.com\\\/actualidad\\\/el-ayuntamiento-y-la-coordinadora-de-ongd-evaluan-formulas-que-reafirmen-el-compromiso-con-el-programa-municipal-de-cooperacion-al-desarrollo\\\/#breadcrumb\"},\"inLanguage\":\"es\",\"potentialAction\":[{\"@type\":\"ReadAction\",\"target\":[\"https:\\\/\\\/www.laguiadepamplona.com\\\/actualidad\\\/el-ayuntamiento-y-la-coordinadora-de-ongd-evaluan-formulas-que-reafirmen-el-compromiso-con-el-programa-municipal-de-cooperacion-al-desarrollo\\\/\"]}]},{\"@type\":\"ImageObject\",\"inLanguage\":\"es\",\"@id\":\"https:\\\/\\\/www.laguiadepamplona.com\\\/actualidad\\\/el-ayuntamiento-y-la-coordinadora-de-ongd-evaluan-formulas-que-reafirmen-el-compromiso-con-el-programa-municipal-de-cooperacion-al-desarrollo\\\/#primaryimage\",\"url\":\"https:\\\/\\\/www.laguiadepamplona.com\\\/actualidad\\\/wp-content\\\/uploads\\\/2024\\\/10\\\/reunionodngnb52543.webp\",\"contentUrl\":\"https:\\\/\\\/www.laguiadepamplona.com\\\/actualidad\\\/wp-content\\\/uploads\\\/2024\\\/10\\\/reunionodngnb52543.webp\",\"width\":1000,\"height\":667,\"caption\":\"reuni\u00f3n ONGD\"},{\"@type\":\"BreadcrumbList\",\"@id\":\"https:\\\/\\\/www.laguiadepamplona.com\\\/actualidad\\\/el-ayuntamiento-y-la-coordinadora-de-ongd-evaluan-formulas-que-reafirmen-el-compromiso-con-el-programa-municipal-de-cooperacion-al-desarrollo\\\/#breadcrumb\",\"itemListElement\":[{\"@type\":\"ListItem\",\"position\":1,\"name\":\"Portada\",\"item\":\"https:\\\/\\\/www.laguiadepamplona.com\\\/actualidad\\\/\"},{\"@type\":\"ListItem\",\"position\":2,\"name\":\"El Ayuntamiento y la Coordinadora de ONGD eval\u00faan f\u00f3rmulas que reafirmen el compromiso con el programa municipal de cooperaci\u00f3n al desarrollo\"}]},{\"@type\":\"WebSite\",\"@id\":\"https:\\\/\\\/www.laguiadepamplona.com\\\/actualidad\\\/#website\",\"url\":\"https:\\\/\\\/www.laguiadepamplona.com\\\/actualidad\\\/\",\"name\":\"La gu\u00eda de Pamplona\",\"description\":\"Noticias de Pamplona\",\"publisher\":{\"@id\":\"https:\\\/\\\/www.laguiadepamplona.com\\\/actualidad\\\/#organization\"},\"potentialAction\":[{\"@type\":\"SearchAction\",\"target\":{\"@type\":\"EntryPoint\",\"urlTemplate\":\"https:\\\/\\\/www.laguiadepamplona.com\\\/actualidad\\\/?s={search_term_string}\"},\"query-input\":{\"@type\":\"PropertyValueSpecification\",\"valueRequired\":true,\"valueName\":\"search_term_string\"}}],\"inLanguage\":\"es\"},{\"@type\":\"Organization\",\"@id\":\"https:\\\/\\\/www.laguiadepamplona.com\\\/actualidad\\\/#organization\",\"name\":\"La Gu\u00eda de Pamplona \\\/ Noticias\",\"url\":\"https:\\\/\\\/www.laguiadepamplona.com\\\/actualidad\\\/\",\"logo\":{\"@type\":\"ImageObject\",\"inLanguage\":\"es\",\"@id\":\"https:\\\/\\\/www.laguiadepamplona.com\\\/actualidad\\\/#\\\/schema\\\/logo\\\/image\\\/\",\"url\":\"https:\\\/\\\/www.laguiadepamplona.com\\\/actualidad\\\/wp-content\\\/uploads\\\/2018\\\/11\\\/logo-laguiadepamplona18-web1.png\",\"contentUrl\":\"https:\\\/\\\/www.laguiadepamplona.com\\\/actualidad\\\/wp-content\\\/uploads\\\/2018\\\/11\\\/logo-laguiadepamplona18-web1.png\",\"width\":600,\"height\":196,\"caption\":\"La Gu\u00eda de Pamplona \\\/ Noticias\"},\"image\":{\"@id\":\"https:\\\/\\\/www.laguiadepamplona.com\\\/actualidad\\\/#\\\/schema\\\/logo\\\/image\\\/\"},\"sameAs\":[\"https:\\\/\\\/www.facebook.com\\\/laguiadepamplonacom-133175176762273\\\/?ref=hl\",\"https:\\\/\\\/x.com\\\/LaGuiadPamplona\",\"https:\\\/\\\/www.instagram.com\\\/la_guia_de_pamplona\\\/\",\"https:\\\/\\\/www.youtube.com\\\/user\\\/laguiadepamplona\"]},{\"@type\":\"Person\",\"@id\":\"https:\\\/\\\/www.laguiadepamplona.com\\\/actualidad\\\/#\\\/schema\\\/person\\\/efe887376f0213d4657c93adc50b1fdb\",\"name\":\"La Gu\u00eda de Pamplona\",\"image\":{\"@type\":\"ImageObject\",\"inLanguage\":\"es\",\"@id\":\"https:\\\/\\\/secure.gravatar.com\\\/avatar\\\/b6992f131dc8d30ab0dff15446e9d346d9dbd95992de0fef795073f5ea83a81c?s=96&d=mm&r=g\",\"url\":\"https:\\\/\\\/secure.gravatar.com\\\/avatar\\\/b6992f131dc8d30ab0dff15446e9d346d9dbd95992de0fef795073f5ea83a81c?s=96&d=mm&r=g\",\"contentUrl\":\"https:\\\/\\\/secure.gravatar.com\\\/avatar\\\/b6992f131dc8d30ab0dff15446e9d346d9dbd95992de0fef795073f5ea83a81c?s=96&d=mm&r=g\",\"caption\":\"La Gu\u00eda de Pamplona\"}}]}<\/script>\n<!-- \/ Yoast SEO plugin. -->","yoast_head_json":{"title":"El Ayuntamiento y la Coordinadora de ONGD eval\u00faan f\u00f3rmulas que reafirmen el compromiso con el programa municipal de cooperaci\u00f3n al desarrollo","description":"El alcalde, Joseba Asiron Saez, se ha reunido con el presidente de la Coordinadora de ONGD, Javier Abad Vicente","robots":{"index":"index","follow":"follow","max-snippet":"max-snippet:-1","max-image-preview":"max-image-preview:large","max-video-preview":"max-video-preview:-1"},"canonical":"https:\/\/www.laguiadepamplona.com\/actualidad\/el-ayuntamiento-y-la-coordinadora-de-ongd-evaluan-formulas-que-reafirmen-el-compromiso-con-el-programa-municipal-de-cooperacion-al-desarrollo\/","og_locale":"es_ES","og_type":"article","og_title":"El Ayuntamiento y la Coordinadora de ONGD eval\u00faan f\u00f3rmulas que reafirmen el compromiso con el programa municipal de cooperaci\u00f3n al desarrollo","og_description":"El alcalde, Joseba Asiron Saez, se ha reunido con el presidente de la Coordinadora de ONGD, Javier Abad Vicente","og_url":"https:\/\/www.laguiadepamplona.com\/actualidad\/el-ayuntamiento-y-la-coordinadora-de-ongd-evaluan-formulas-que-reafirmen-el-compromiso-con-el-programa-municipal-de-cooperacion-al-desarrollo\/","og_site_name":"La Gu\u00eda de Pamplona","article_publisher":"https:\/\/www.facebook.com\/laguiadepamplonacom-133175176762273\/?ref=hl","article_published_time":"2024-10-16T15:37:16+00:00","og_image":[{"width":1000,"height":667,"url":"https:\/\/www.laguiadepamplona.com\/actualidad\/wp-content\/uploads\/2024\/10\/reunionodngnb52543.webp","type":"image\/webp"}],"author":"La Gu\u00eda de Pamplona","twitter_card":"summary_large_image","twitter_creator":"@LaGuiadPamplona","twitter_site":"@LaGuiadPamplona","twitter_misc":{"Escrito por":"La Gu\u00eda de Pamplona","Tiempo de lectura":"2 minutos"},"schema":{"@context":"https:\/\/schema.org","@graph":[{"@type":"Article","@id":"https:\/\/www.laguiadepamplona.com\/actualidad\/el-ayuntamiento-y-la-coordinadora-de-ongd-evaluan-formulas-que-reafirmen-el-compromiso-con-el-programa-municipal-de-cooperacion-al-desarrollo\/#article","isPartOf":{"@id":"https:\/\/www.laguiadepamplona.com\/actualidad\/el-ayuntamiento-y-la-coordinadora-de-ongd-evaluan-formulas-que-reafirmen-el-compromiso-con-el-programa-municipal-de-cooperacion-al-desarrollo\/"},"author":{"name":"La Gu\u00eda de Pamplona","@id":"https:\/\/www.laguiadepamplona.com\/actualidad\/#\/schema\/person\/efe887376f0213d4657c93adc50b1fdb"},"headline":"El Ayuntamiento y la Coordinadora de ONGD eval\u00faan f\u00f3rmulas que reafirmen el compromiso con el programa municipal de cooperaci\u00f3n al desarrollo","datePublished":"2024-10-16T15:37:16+00:00","mainEntityOfPage":{"@id":"https:\/\/www.laguiadepamplona.com\/actualidad\/el-ayuntamiento-y-la-coordinadora-de-ongd-evaluan-formulas-que-reafirmen-el-compromiso-con-el-programa-municipal-de-cooperacion-al-desarrollo\/"},"wordCount":295,"commentCount":0,"publisher":{"@id":"https:\/\/www.laguiadepamplona.com\/actualidad\/#organization"},"image":{"@id":"https:\/\/www.laguiadepamplona.com\/actualidad\/el-ayuntamiento-y-la-coordinadora-de-ongd-evaluan-formulas-que-reafirmen-el-compromiso-con-el-programa-municipal-de-cooperacion-al-desarrollo\/#primaryimage"},"thumbnailUrl":"https:\/\/www.laguiadepamplona.com\/actualidad\/wp-content\/uploads\/2024\/10\/reunionodngnb52543.webp","articleSection":["Ayto Pamplona"],"inLanguage":"es","potentialAction":[{"@type":"CommentAction","name":"Comment","target":["https:\/\/www.laguiadepamplona.com\/actualidad\/el-ayuntamiento-y-la-coordinadora-de-ongd-evaluan-formulas-que-reafirmen-el-compromiso-con-el-programa-municipal-de-cooperacion-al-desarrollo\/#respond"]}]},{"@type":"WebPage","@id":"https:\/\/www.laguiadepamplona.com\/actualidad\/el-ayuntamiento-y-la-coordinadora-de-ongd-evaluan-formulas-que-reafirmen-el-compromiso-con-el-programa-municipal-de-cooperacion-al-desarrollo\/","url":"https:\/\/www.laguiadepamplona.com\/actualidad\/el-ayuntamiento-y-la-coordinadora-de-ongd-evaluan-formulas-que-reafirmen-el-compromiso-con-el-programa-municipal-de-cooperacion-al-desarrollo\/","name":"El Ayuntamiento y la Coordinadora de ONGD eval\u00faan f\u00f3rmulas que reafirmen el compromiso con el programa municipal de cooperaci\u00f3n al desarrollo","isPartOf":{"@id":"https:\/\/www.laguiadepamplona.com\/actualidad\/#website"},"primaryImageOfPage":{"@id":"https:\/\/www.laguiadepamplona.com\/actualidad\/el-ayuntamiento-y-la-coordinadora-de-ongd-evaluan-formulas-que-reafirmen-el-compromiso-con-el-programa-municipal-de-cooperacion-al-desarrollo\/#primaryimage"},"image":{"@id":"https:\/\/www.laguiadepamplona.com\/actualidad\/el-ayuntamiento-y-la-coordinadora-de-ongd-evaluan-formulas-que-reafirmen-el-compromiso-con-el-programa-municipal-de-cooperacion-al-desarrollo\/#primaryimage"},"thumbnailUrl":"https:\/\/www.laguiadepamplona.com\/actualidad\/wp-content\/uploads\/2024\/10\/reunionodngnb52543.webp","datePublished":"2024-10-16T15:37:16+00:00","description":"El alcalde, Joseba Asiron Saez, se ha reunido con el presidente de la Coordinadora de ONGD, Javier Abad Vicente","breadcrumb":{"@id":"https:\/\/www.laguiadepamplona.com\/actualidad\/el-ayuntamiento-y-la-coordinadora-de-ongd-evaluan-formulas-que-reafirmen-el-compromiso-con-el-programa-municipal-de-cooperacion-al-desarrollo\/#breadcrumb"},"inLanguage":"es","potentialAction":[{"@type":"ReadAction","target":["https:\/\/www.laguiadepamplona.com\/actualidad\/el-ayuntamiento-y-la-coordinadora-de-ongd-evaluan-formulas-que-reafirmen-el-compromiso-con-el-programa-municipal-de-cooperacion-al-desarrollo\/"]}]},{"@type":"ImageObject","inLanguage":"es","@id":"https:\/\/www.laguiadepamplona.com\/actualidad\/el-ayuntamiento-y-la-coordinadora-de-ongd-evaluan-formulas-que-reafirmen-el-compromiso-con-el-programa-municipal-de-cooperacion-al-desarrollo\/#primaryimage","url":"https:\/\/www.laguiadepamplona.com\/actualidad\/wp-content\/uploads\/2024\/10\/reunionodngnb52543.webp","contentUrl":"https:\/\/www.laguiadepamplona.com\/actualidad\/wp-content\/uploads\/2024\/10\/reunionodngnb52543.webp","width":1000,"height":667,"caption":"reuni\u00f3n ONGD"},{"@type":"BreadcrumbList","@id":"https:\/\/www.laguiadepamplona.com\/actualidad\/el-ayuntamiento-y-la-coordinadora-de-ongd-evaluan-formulas-que-reafirmen-el-compromiso-con-el-programa-municipal-de-cooperacion-al-desarrollo\/#breadcrumb","itemListElement":[{"@type":"ListItem","position":1,"name":"Portada","item":"https:\/\/www.laguiadepamplona.com\/actualidad\/"},{"@type":"ListItem","position":2,"name":"El Ayuntamiento y la Coordinadora de ONGD eval\u00faan f\u00f3rmulas que reafirmen el compromiso con el programa municipal de cooperaci\u00f3n al desarrollo"}]},{"@type":"WebSite","@id":"https:\/\/www.laguiadepamplona.com\/actualidad\/#website","url":"https:\/\/www.laguiadepamplona.com\/actualidad\/","name":"La gu\u00eda de Pamplona","description":"Noticias de Pamplona","publisher":{"@id":"https:\/\/www.laguiadepamplona.com\/actualidad\/#organization"},"potentialAction":[{"@type":"SearchAction","target":{"@type":"EntryPoint","urlTemplate":"https:\/\/www.laguiadepamplona.com\/actualidad\/?s={search_term_string}"},"query-input":{"@type":"PropertyValueSpecification","valueRequired":true,"valueName":"search_term_string"}}],"inLanguage":"es"},{"@type":"Organization","@id":"https:\/\/www.laguiadepamplona.com\/actualidad\/#organization","name":"La Gu\u00eda de Pamplona \/ Noticias","url":"https:\/\/www.laguiadepamplona.com\/actualidad\/","logo":{"@type":"ImageObject","inLanguage":"es","@id":"https:\/\/www.laguiadepamplona.com\/actualidad\/#\/schema\/logo\/image\/","url":"https:\/\/www.laguiadepamplona.com\/actualidad\/wp-content\/uploads\/2018\/11\/logo-laguiadepamplona18-web1.png","contentUrl":"https:\/\/www.laguiadepamplona.com\/actualidad\/wp-content\/uploads\/2018\/11\/logo-laguiadepamplona18-web1.png","width":600,"height":196,"caption":"La Gu\u00eda de Pamplona \/ Noticias"},"image":{"@id":"https:\/\/www.laguiadepamplona.com\/actualidad\/#\/schema\/logo\/image\/"},"sameAs":["https:\/\/www.facebook.com\/laguiadepamplonacom-133175176762273\/?ref=hl","https:\/\/x.com\/LaGuiadPamplona","https:\/\/www.instagram.com\/la_guia_de_pamplona\/","https:\/\/www.youtube.com\/user\/laguiadepamplona"]},{"@type":"Person","@id":"https:\/\/www.laguiadepamplona.com\/actualidad\/#\/schema\/person\/efe887376f0213d4657c93adc50b1fdb","name":"La Gu\u00eda de Pamplona","image":{"@type":"ImageObject","inLanguage":"es","@id":"https:\/\/secure.gravatar.com\/avatar\/b6992f131dc8d30ab0dff15446e9d346d9dbd95992de0fef795073f5ea83a81c?s=96&d=mm&r=g","url":"https:\/\/secure.gravatar.com\/avatar\/b6992f131dc8d30ab0dff15446e9d346d9dbd95992de0fef795073f5ea83a81c?s=96&d=mm&r=g","contentUrl":"https:\/\/secure.gravatar.com\/avatar\/b6992f131dc8d30ab0dff15446e9d346d9dbd95992de0fef795073f5ea83a81c?s=96&d=mm&r=g","caption":"La Gu\u00eda de Pamplona"}}]}},"post_mailing_queue_ids":[],"_links":{"self":[{"href":"https:\/\/www.laguiadepamplona.com\/actualidad\/wp-json\/wp\/v2\/posts\/51078","targetHints":{"allow":["GET"]}}],"collection":[{"href":"https:\/\/www.laguiadepamplona.com\/actualidad\/wp-json\/wp\/v2\/posts"}],"about":[{"href":"https:\/\/www.laguiadepamplona.com\/actualidad\/wp-json\/wp\/v2\/types\/post"}],"author":[{"embeddable":true,"href":"https:\/\/www.laguiadepamplona.com\/actualidad\/wp-json\/wp\/v2\/users\/1"}],"replies":[{"embeddable":true,"href":"https:\/\/www.laguiadepamplona.com\/actualidad\/wp-json\/wp\/v2\/comments?post=51078"}],"version-history":[{"count":1,"href":"https:\/\/www.laguiadepamplona.com\/actualidad\/wp-json\/wp\/v2\/posts\/51078\/revisions"}],"predecessor-version":[{"id":51080,"href":"https:\/\/www.laguiadepamplona.com\/actualidad\/wp-json\/wp\/v2\/posts\/51078\/revisions\/51080"}],"wp:featuredmedia":[{"embeddable":true,"href":"https:\/\/www.laguiadepamplona.com\/actualidad\/wp-json\/wp\/v2\/media\/51079"}],"wp:attachment":[{"href":"https:\/\/www.laguiadepamplona.com\/actualidad\/wp-json\/wp\/v2\/media?parent=51078"}],"wp:term":[{"taxonomy":"category","embeddable":true,"href":"https:\/\/www.laguiadepamplona.com\/actualidad\/wp-json\/wp\/v2\/categories?post=51078"},{"taxonomy":"post_tag","embeddable":true,"href":"https:\/\/www.laguiadepamplona.com\/actualidad\/wp-json\/wp\/v2\/tags?post=51078"}],"curies":[{"name":"wp","href":"https:\/\/api.w.org\/{rel}","templated":true}]}}