{"id":51068,"date":"2024-10-16T10:41:57","date_gmt":"2024-10-16T08:41:57","guid":{"rendered":"https:\/\/www.laguiadepamplona.com\/actualidad\/?p=51068"},"modified":"2024-10-16T10:41:57","modified_gmt":"2024-10-16T08:41:57","slug":"el-ayuntamiento-ampliara-la-acera-para-crear-dos-pasos-peatonales-avanzados-en-la-avenida-de-bayona-en-su-confluencia-sur-con-monasterio-de-urdax","status":"publish","type":"post","link":"https:\/\/www.laguiadepamplona.com\/actualidad\/el-ayuntamiento-ampliara-la-acera-para-crear-dos-pasos-peatonales-avanzados-en-la-avenida-de-bayona-en-su-confluencia-sur-con-monasterio-de-urdax\/","title":{"rendered":"El Ayuntamiento ampliar\u00e1 la acera para crear dos pasos peatonales avanzados en la avenida de Bayona, en su confluencia sur con Monasterio de Urdax"},"content":{"rendered":"<h2>Adem\u00e1s, se modificar\u00e1n dos paradas del transporte urbano comarcal en esa misma avenida en direcci\u00f3n centro de la ciudad<\/h2>\n<p><!--more--><\/p>\n<p>A finales de este mes de octubre comenzar\u00e1n las obras de ampliaci\u00f3n de aceras en el entorno de dos pasos peatonales y de modificaci\u00f3n de dos paradas del transporte urbano comarcal en la avenida de Bayona. La Junta de Gobierno Local ha aprobado la adjudicaci\u00f3n a Excavaciones Os\u00e9s SL de un contrato derivado, dentro del acuerdo marco de obras de rehabilitaci\u00f3n de espacios p\u00fablicos, con un importe de 104.127.70 euros para la realizaci\u00f3n de estos trabajos que concluir\u00e1n a mediados de diciembre.<\/p>\n<p>Los trabajos comprenden la ampliaci\u00f3n de la acera en los avances de los pasos peatonales de la intersecci\u00f3n de la avenida de Bayona con la calle Monasterio de Urdax en su zona sur, as\u00ed como el avance sur previo a la intersecci\u00f3n con la calle Monasterio de Cilveti. De esta forma, se reduce la longitud de los pasos peatonales y se aumenta la seguridad de quienes van a atravesarlos. Esos avances de las aceras en los pasos peatonales implicar\u00e1n el desplazamiento de las instalaciones semaf\u00f3ricas que los regulan (tres en avenida de Bayona y dos en Monasterio de Urdax), el traslado de dos luminarias y el cambio de ubicaci\u00f3n de un armario de regulaci\u00f3n semaf\u00f3rica.<\/p>\n<p>Las dos paradas del transporte urbano comarcal, en direcci\u00f3n centro de la ciudad, se trasladar\u00e1n unos metros. Se aprovechar\u00e1 ese cambio de ubicaci\u00f3n para construir avances de aceras ocupando varias plazas de aparcamiento en l\u00ednea, pero liberando para plazas el espacio actual de las paradas. Se trasladar\u00e1n tambi\u00e9n las marquesinas y las instalaciones auxiliares. Una vez finalizadas las obras, las villavesas parar\u00e1n en el carril derecho de circulaci\u00f3n, generando tambi\u00e9n cierto calmado de tr\u00e1fico.<\/p>\n<p>De forma complementaria a estas obras, se actualizar\u00e1n a la normativa vigente de accesibilidad los acabados, en la zona norte y en su enlace con la mediana, de los pavimentos de los pasos de peatones de la avenida de Bayona que se han modificado. Adem\u00e1s, se cambiar\u00e1 la disposici\u00f3n de las plazas de aparcamiento en bater\u00eda del tramo sur de la calle Monasterio de Urdax para incluir plazas espec\u00edficas para personas con discapacidad y plazas para motocicletas.<\/p>\n","protected":false},"excerpt":{"rendered":"<p>Adem\u00e1s, se modificar\u00e1n dos paradas del transporte urbano comarcal en esa misma avenida en direcci\u00f3n centro de la ciudad<\/p>\n","protected":false},"author":1,"featured_media":51069,"comment_status":"open","ping_status":"closed","sticky":false,"template":"","format":"standard","meta":{"footnotes":""},"categories":[2],"tags":[],"class_list":["post-51068","post","type-post","status-publish","format-standard","has-post-thumbnail","hentry","category-ayuntamiento-pamplona"],"yoast_head":"<!-- This site is optimized with the Yoast SEO plugin v27.3 - https:\/\/yoast.com\/product\/yoast-seo-wordpress\/ -->\n<title>El Ayuntamiento ampliar\u00e1 la acera para crear dos pasos peatonales avanzados en la avenida de Bayona, en su confluencia sur con Monasterio de Urdax<\/title>\n<meta name=\"description\" content=\"Adem\u00e1s, se modificar\u00e1n dos paradas del transporte urbano comarcal en esa misma avenida en direcci\u00f3n centro de la ciudad\" \/>\n<meta name=\"robots\" content=\"index, follow, max-snippet:-1, max-image-preview:large, max-video-preview:-1\" \/>\n<link rel=\"canonical\" href=\"https:\/\/www.laguiadepamplona.com\/actualidad\/el-ayuntamiento-ampliara-la-acera-para-crear-dos-pasos-peatonales-avanzados-en-la-avenida-de-bayona-en-su-confluencia-sur-con-monasterio-de-urdax\/\" \/>\n<meta property=\"og:locale\" content=\"es_ES\" \/>\n<meta property=\"og:type\" content=\"article\" \/>\n<meta property=\"og:title\" content=\"El Ayuntamiento ampliar\u00e1 la acera para crear dos pasos peatonales avanzados en la avenida de Bayona, en su confluencia sur con Monasterio de Urdax\" \/>\n<meta property=\"og:description\" content=\"Adem\u00e1s, se modificar\u00e1n dos paradas del transporte urbano comarcal en esa misma avenida en direcci\u00f3n centro de la ciudad\" \/>\n<meta property=\"og:url\" content=\"https:\/\/www.laguiadepamplona.com\/actualidad\/el-ayuntamiento-ampliara-la-acera-para-crear-dos-pasos-peatonales-avanzados-en-la-avenida-de-bayona-en-su-confluencia-sur-con-monasterio-de-urdax\/\" \/>\n<meta property=\"og:site_name\" content=\"La Gu\u00eda de Pamplona\" \/>\n<meta property=\"article:publisher\" content=\"https:\/\/www.facebook.com\/laguiadepamplonacom-133175176762273\/?ref=hl\" \/>\n<meta property=\"article:published_time\" content=\"2024-10-16T08:41:57+00:00\" \/>\n<meta property=\"og:image\" content=\"https:\/\/www.laguiadepamplona.com\/actualidad\/wp-content\/uploads\/2024\/10\/avenida_bayona_web.webp\" \/>\n\t<meta property=\"og:image:width\" content=\"1000\" \/>\n\t<meta property=\"og:image:height\" content=\"667\" \/>\n\t<meta property=\"og:image:type\" content=\"image\/webp\" \/>\n<meta name=\"author\" content=\"La Gu\u00eda de Pamplona\" \/>\n<meta name=\"twitter:card\" content=\"summary_large_image\" \/>\n<meta name=\"twitter:creator\" content=\"@LaGuiadPamplona\" \/>\n<meta name=\"twitter:site\" content=\"@LaGuiadPamplona\" \/>\n<meta name=\"twitter:label1\" content=\"Escrito por\" \/>\n\t<meta name=\"twitter:data1\" content=\"La Gu\u00eda de Pamplona\" \/>\n\t<meta name=\"twitter:label2\" content=\"Tiempo de lectura\" \/>\n\t<meta name=\"twitter:data2\" content=\"2 minutos\" \/>\n<script type=\"application\/ld+json\" class=\"yoast-schema-graph\">{\"@context\":\"https:\\\/\\\/schema.org\",\"@graph\":[{\"@type\":\"Article\",\"@id\":\"https:\\\/\\\/www.laguiadepamplona.com\\\/actualidad\\\/el-ayuntamiento-ampliara-la-acera-para-crear-dos-pasos-peatonales-avanzados-en-la-avenida-de-bayona-en-su-confluencia-sur-con-monasterio-de-urdax\\\/#article\",\"isPartOf\":{\"@id\":\"https:\\\/\\\/www.laguiadepamplona.com\\\/actualidad\\\/el-ayuntamiento-ampliara-la-acera-para-crear-dos-pasos-peatonales-avanzados-en-la-avenida-de-bayona-en-su-confluencia-sur-con-monasterio-de-urdax\\\/\"},\"author\":{\"name\":\"La Gu\u00eda de Pamplona\",\"@id\":\"https:\\\/\\\/www.laguiadepamplona.com\\\/actualidad\\\/#\\\/schema\\\/person\\\/efe887376f0213d4657c93adc50b1fdb\"},\"headline\":\"El Ayuntamiento ampliar\u00e1 la acera para crear dos pasos peatonales avanzados en la avenida de Bayona, en su confluencia sur con Monasterio de Urdax\",\"datePublished\":\"2024-10-16T08:41:57+00:00\",\"mainEntityOfPage\":{\"@id\":\"https:\\\/\\\/www.laguiadepamplona.com\\\/actualidad\\\/el-ayuntamiento-ampliara-la-acera-para-crear-dos-pasos-peatonales-avanzados-en-la-avenida-de-bayona-en-su-confluencia-sur-con-monasterio-de-urdax\\\/\"},\"wordCount\":425,\"commentCount\":0,\"publisher\":{\"@id\":\"https:\\\/\\\/www.laguiadepamplona.com\\\/actualidad\\\/#organization\"},\"image\":{\"@id\":\"https:\\\/\\\/www.laguiadepamplona.com\\\/actualidad\\\/el-ayuntamiento-ampliara-la-acera-para-crear-dos-pasos-peatonales-avanzados-en-la-avenida-de-bayona-en-su-confluencia-sur-con-monasterio-de-urdax\\\/#primaryimage\"},\"thumbnailUrl\":\"https:\\\/\\\/www.laguiadepamplona.com\\\/actualidad\\\/wp-content\\\/uploads\\\/2024\\\/10\\\/avenida_bayona_web.webp\",\"articleSection\":[\"Ayto Pamplona\"],\"inLanguage\":\"es\",\"potentialAction\":[{\"@type\":\"CommentAction\",\"name\":\"Comment\",\"target\":[\"https:\\\/\\\/www.laguiadepamplona.com\\\/actualidad\\\/el-ayuntamiento-ampliara-la-acera-para-crear-dos-pasos-peatonales-avanzados-en-la-avenida-de-bayona-en-su-confluencia-sur-con-monasterio-de-urdax\\\/#respond\"]}]},{\"@type\":\"WebPage\",\"@id\":\"https:\\\/\\\/www.laguiadepamplona.com\\\/actualidad\\\/el-ayuntamiento-ampliara-la-acera-para-crear-dos-pasos-peatonales-avanzados-en-la-avenida-de-bayona-en-su-confluencia-sur-con-monasterio-de-urdax\\\/\",\"url\":\"https:\\\/\\\/www.laguiadepamplona.com\\\/actualidad\\\/el-ayuntamiento-ampliara-la-acera-para-crear-dos-pasos-peatonales-avanzados-en-la-avenida-de-bayona-en-su-confluencia-sur-con-monasterio-de-urdax\\\/\",\"name\":\"El Ayuntamiento ampliar\u00e1 la acera para crear dos pasos peatonales avanzados en la avenida de Bayona, en su confluencia sur con Monasterio de Urdax\",\"isPartOf\":{\"@id\":\"https:\\\/\\\/www.laguiadepamplona.com\\\/actualidad\\\/#website\"},\"primaryImageOfPage\":{\"@id\":\"https:\\\/\\\/www.laguiadepamplona.com\\\/actualidad\\\/el-ayuntamiento-ampliara-la-acera-para-crear-dos-pasos-peatonales-avanzados-en-la-avenida-de-bayona-en-su-confluencia-sur-con-monasterio-de-urdax\\\/#primaryimage\"},\"image\":{\"@id\":\"https:\\\/\\\/www.laguiadepamplona.com\\\/actualidad\\\/el-ayuntamiento-ampliara-la-acera-para-crear-dos-pasos-peatonales-avanzados-en-la-avenida-de-bayona-en-su-confluencia-sur-con-monasterio-de-urdax\\\/#primaryimage\"},\"thumbnailUrl\":\"https:\\\/\\\/www.laguiadepamplona.com\\\/actualidad\\\/wp-content\\\/uploads\\\/2024\\\/10\\\/avenida_bayona_web.webp\",\"datePublished\":\"2024-10-16T08:41:57+00:00\",\"description\":\"Adem\u00e1s, se modificar\u00e1n dos paradas del transporte urbano comarcal en esa misma avenida en direcci\u00f3n centro de la ciudad\",\"breadcrumb\":{\"@id\":\"https:\\\/\\\/www.laguiadepamplona.com\\\/actualidad\\\/el-ayuntamiento-ampliara-la-acera-para-crear-dos-pasos-peatonales-avanzados-en-la-avenida-de-bayona-en-su-confluencia-sur-con-monasterio-de-urdax\\\/#breadcrumb\"},\"inLanguage\":\"es\",\"potentialAction\":[{\"@type\":\"ReadAction\",\"target\":[\"https:\\\/\\\/www.laguiadepamplona.com\\\/actualidad\\\/el-ayuntamiento-ampliara-la-acera-para-crear-dos-pasos-peatonales-avanzados-en-la-avenida-de-bayona-en-su-confluencia-sur-con-monasterio-de-urdax\\\/\"]}]},{\"@type\":\"ImageObject\",\"inLanguage\":\"es\",\"@id\":\"https:\\\/\\\/www.laguiadepamplona.com\\\/actualidad\\\/el-ayuntamiento-ampliara-la-acera-para-crear-dos-pasos-peatonales-avanzados-en-la-avenida-de-bayona-en-su-confluencia-sur-con-monasterio-de-urdax\\\/#primaryimage\",\"url\":\"https:\\\/\\\/www.laguiadepamplona.com\\\/actualidad\\\/wp-content\\\/uploads\\\/2024\\\/10\\\/avenida_bayona_web.webp\",\"contentUrl\":\"https:\\\/\\\/www.laguiadepamplona.com\\\/actualidad\\\/wp-content\\\/uploads\\\/2024\\\/10\\\/avenida_bayona_web.webp\",\"width\":1000,\"height\":667,\"caption\":\"avenida bayona\"},{\"@type\":\"BreadcrumbList\",\"@id\":\"https:\\\/\\\/www.laguiadepamplona.com\\\/actualidad\\\/el-ayuntamiento-ampliara-la-acera-para-crear-dos-pasos-peatonales-avanzados-en-la-avenida-de-bayona-en-su-confluencia-sur-con-monasterio-de-urdax\\\/#breadcrumb\",\"itemListElement\":[{\"@type\":\"ListItem\",\"position\":1,\"name\":\"Portada\",\"item\":\"https:\\\/\\\/www.laguiadepamplona.com\\\/actualidad\\\/\"},{\"@type\":\"ListItem\",\"position\":2,\"name\":\"El Ayuntamiento ampliar\u00e1 la acera para crear dos pasos peatonales avanzados en la avenida de Bayona, en su confluencia sur con Monasterio de Urdax\"}]},{\"@type\":\"WebSite\",\"@id\":\"https:\\\/\\\/www.laguiadepamplona.com\\\/actualidad\\\/#website\",\"url\":\"https:\\\/\\\/www.laguiadepamplona.com\\\/actualidad\\\/\",\"name\":\"La gu\u00eda de Pamplona\",\"description\":\"Noticias de Pamplona\",\"publisher\":{\"@id\":\"https:\\\/\\\/www.laguiadepamplona.com\\\/actualidad\\\/#organization\"},\"potentialAction\":[{\"@type\":\"SearchAction\",\"target\":{\"@type\":\"EntryPoint\",\"urlTemplate\":\"https:\\\/\\\/www.laguiadepamplona.com\\\/actualidad\\\/?s={search_term_string}\"},\"query-input\":{\"@type\":\"PropertyValueSpecification\",\"valueRequired\":true,\"valueName\":\"search_term_string\"}}],\"inLanguage\":\"es\"},{\"@type\":\"Organization\",\"@id\":\"https:\\\/\\\/www.laguiadepamplona.com\\\/actualidad\\\/#organization\",\"name\":\"La Gu\u00eda de Pamplona \\\/ Noticias\",\"url\":\"https:\\\/\\\/www.laguiadepamplona.com\\\/actualidad\\\/\",\"logo\":{\"@type\":\"ImageObject\",\"inLanguage\":\"es\",\"@id\":\"https:\\\/\\\/www.laguiadepamplona.com\\\/actualidad\\\/#\\\/schema\\\/logo\\\/image\\\/\",\"url\":\"https:\\\/\\\/www.laguiadepamplona.com\\\/actualidad\\\/wp-content\\\/uploads\\\/2018\\\/11\\\/logo-laguiadepamplona18-web1.png\",\"contentUrl\":\"https:\\\/\\\/www.laguiadepamplona.com\\\/actualidad\\\/wp-content\\\/uploads\\\/2018\\\/11\\\/logo-laguiadepamplona18-web1.png\",\"width\":600,\"height\":196,\"caption\":\"La Gu\u00eda de Pamplona \\\/ Noticias\"},\"image\":{\"@id\":\"https:\\\/\\\/www.laguiadepamplona.com\\\/actualidad\\\/#\\\/schema\\\/logo\\\/image\\\/\"},\"sameAs\":[\"https:\\\/\\\/www.facebook.com\\\/laguiadepamplonacom-133175176762273\\\/?ref=hl\",\"https:\\\/\\\/x.com\\\/LaGuiadPamplona\",\"https:\\\/\\\/www.instagram.com\\\/la_guia_de_pamplona\\\/\",\"https:\\\/\\\/www.youtube.com\\\/user\\\/laguiadepamplona\"]},{\"@type\":\"Person\",\"@id\":\"https:\\\/\\\/www.laguiadepamplona.com\\\/actualidad\\\/#\\\/schema\\\/person\\\/efe887376f0213d4657c93adc50b1fdb\",\"name\":\"La Gu\u00eda de Pamplona\",\"image\":{\"@type\":\"ImageObject\",\"inLanguage\":\"es\",\"@id\":\"https:\\\/\\\/secure.gravatar.com\\\/avatar\\\/b6992f131dc8d30ab0dff15446e9d346d9dbd95992de0fef795073f5ea83a81c?s=96&d=mm&r=g\",\"url\":\"https:\\\/\\\/secure.gravatar.com\\\/avatar\\\/b6992f131dc8d30ab0dff15446e9d346d9dbd95992de0fef795073f5ea83a81c?s=96&d=mm&r=g\",\"contentUrl\":\"https:\\\/\\\/secure.gravatar.com\\\/avatar\\\/b6992f131dc8d30ab0dff15446e9d346d9dbd95992de0fef795073f5ea83a81c?s=96&d=mm&r=g\",\"caption\":\"La Gu\u00eda de Pamplona\"}}]}<\/script>\n<!-- \/ Yoast SEO plugin. -->","yoast_head_json":{"title":"El Ayuntamiento ampliar\u00e1 la acera para crear dos pasos peatonales avanzados en la avenida de Bayona, en su confluencia sur con Monasterio de Urdax","description":"Adem\u00e1s, se modificar\u00e1n dos paradas del transporte urbano comarcal en esa misma avenida en direcci\u00f3n centro de la ciudad","robots":{"index":"index","follow":"follow","max-snippet":"max-snippet:-1","max-image-preview":"max-image-preview:large","max-video-preview":"max-video-preview:-1"},"canonical":"https:\/\/www.laguiadepamplona.com\/actualidad\/el-ayuntamiento-ampliara-la-acera-para-crear-dos-pasos-peatonales-avanzados-en-la-avenida-de-bayona-en-su-confluencia-sur-con-monasterio-de-urdax\/","og_locale":"es_ES","og_type":"article","og_title":"El Ayuntamiento ampliar\u00e1 la acera para crear dos pasos peatonales avanzados en la avenida de Bayona, en su confluencia sur con Monasterio de Urdax","og_description":"Adem\u00e1s, se modificar\u00e1n dos paradas del transporte urbano comarcal en esa misma avenida en direcci\u00f3n centro de la ciudad","og_url":"https:\/\/www.laguiadepamplona.com\/actualidad\/el-ayuntamiento-ampliara-la-acera-para-crear-dos-pasos-peatonales-avanzados-en-la-avenida-de-bayona-en-su-confluencia-sur-con-monasterio-de-urdax\/","og_site_name":"La Gu\u00eda de Pamplona","article_publisher":"https:\/\/www.facebook.com\/laguiadepamplonacom-133175176762273\/?ref=hl","article_published_time":"2024-10-16T08:41:57+00:00","og_image":[{"width":1000,"height":667,"url":"https:\/\/www.laguiadepamplona.com\/actualidad\/wp-content\/uploads\/2024\/10\/avenida_bayona_web.webp","type":"image\/webp"}],"author":"La Gu\u00eda de Pamplona","twitter_card":"summary_large_image","twitter_creator":"@LaGuiadPamplona","twitter_site":"@LaGuiadPamplona","twitter_misc":{"Escrito por":"La Gu\u00eda de Pamplona","Tiempo de lectura":"2 minutos"},"schema":{"@context":"https:\/\/schema.org","@graph":[{"@type":"Article","@id":"https:\/\/www.laguiadepamplona.com\/actualidad\/el-ayuntamiento-ampliara-la-acera-para-crear-dos-pasos-peatonales-avanzados-en-la-avenida-de-bayona-en-su-confluencia-sur-con-monasterio-de-urdax\/#article","isPartOf":{"@id":"https:\/\/www.laguiadepamplona.com\/actualidad\/el-ayuntamiento-ampliara-la-acera-para-crear-dos-pasos-peatonales-avanzados-en-la-avenida-de-bayona-en-su-confluencia-sur-con-monasterio-de-urdax\/"},"author":{"name":"La Gu\u00eda de Pamplona","@id":"https:\/\/www.laguiadepamplona.com\/actualidad\/#\/schema\/person\/efe887376f0213d4657c93adc50b1fdb"},"headline":"El Ayuntamiento ampliar\u00e1 la acera para crear dos pasos peatonales avanzados en la avenida de Bayona, en su confluencia sur con Monasterio de Urdax","datePublished":"2024-10-16T08:41:57+00:00","mainEntityOfPage":{"@id":"https:\/\/www.laguiadepamplona.com\/actualidad\/el-ayuntamiento-ampliara-la-acera-para-crear-dos-pasos-peatonales-avanzados-en-la-avenida-de-bayona-en-su-confluencia-sur-con-monasterio-de-urdax\/"},"wordCount":425,"commentCount":0,"publisher":{"@id":"https:\/\/www.laguiadepamplona.com\/actualidad\/#organization"},"image":{"@id":"https:\/\/www.laguiadepamplona.com\/actualidad\/el-ayuntamiento-ampliara-la-acera-para-crear-dos-pasos-peatonales-avanzados-en-la-avenida-de-bayona-en-su-confluencia-sur-con-monasterio-de-urdax\/#primaryimage"},"thumbnailUrl":"https:\/\/www.laguiadepamplona.com\/actualidad\/wp-content\/uploads\/2024\/10\/avenida_bayona_web.webp","articleSection":["Ayto Pamplona"],"inLanguage":"es","potentialAction":[{"@type":"CommentAction","name":"Comment","target":["https:\/\/www.laguiadepamplona.com\/actualidad\/el-ayuntamiento-ampliara-la-acera-para-crear-dos-pasos-peatonales-avanzados-en-la-avenida-de-bayona-en-su-confluencia-sur-con-monasterio-de-urdax\/#respond"]}]},{"@type":"WebPage","@id":"https:\/\/www.laguiadepamplona.com\/actualidad\/el-ayuntamiento-ampliara-la-acera-para-crear-dos-pasos-peatonales-avanzados-en-la-avenida-de-bayona-en-su-confluencia-sur-con-monasterio-de-urdax\/","url":"https:\/\/www.laguiadepamplona.com\/actualidad\/el-ayuntamiento-ampliara-la-acera-para-crear-dos-pasos-peatonales-avanzados-en-la-avenida-de-bayona-en-su-confluencia-sur-con-monasterio-de-urdax\/","name":"El Ayuntamiento ampliar\u00e1 la acera para crear dos pasos peatonales avanzados en la avenida de Bayona, en su confluencia sur con Monasterio de Urdax","isPartOf":{"@id":"https:\/\/www.laguiadepamplona.com\/actualidad\/#website"},"primaryImageOfPage":{"@id":"https:\/\/www.laguiadepamplona.com\/actualidad\/el-ayuntamiento-ampliara-la-acera-para-crear-dos-pasos-peatonales-avanzados-en-la-avenida-de-bayona-en-su-confluencia-sur-con-monasterio-de-urdax\/#primaryimage"},"image":{"@id":"https:\/\/www.laguiadepamplona.com\/actualidad\/el-ayuntamiento-ampliara-la-acera-para-crear-dos-pasos-peatonales-avanzados-en-la-avenida-de-bayona-en-su-confluencia-sur-con-monasterio-de-urdax\/#primaryimage"},"thumbnailUrl":"https:\/\/www.laguiadepamplona.com\/actualidad\/wp-content\/uploads\/2024\/10\/avenida_bayona_web.webp","datePublished":"2024-10-16T08:41:57+00:00","description":"Adem\u00e1s, se modificar\u00e1n dos paradas del transporte urbano comarcal en esa misma avenida en direcci\u00f3n centro de la ciudad","breadcrumb":{"@id":"https:\/\/www.laguiadepamplona.com\/actualidad\/el-ayuntamiento-ampliara-la-acera-para-crear-dos-pasos-peatonales-avanzados-en-la-avenida-de-bayona-en-su-confluencia-sur-con-monasterio-de-urdax\/#breadcrumb"},"inLanguage":"es","potentialAction":[{"@type":"ReadAction","target":["https:\/\/www.laguiadepamplona.com\/actualidad\/el-ayuntamiento-ampliara-la-acera-para-crear-dos-pasos-peatonales-avanzados-en-la-avenida-de-bayona-en-su-confluencia-sur-con-monasterio-de-urdax\/"]}]},{"@type":"ImageObject","inLanguage":"es","@id":"https:\/\/www.laguiadepamplona.com\/actualidad\/el-ayuntamiento-ampliara-la-acera-para-crear-dos-pasos-peatonales-avanzados-en-la-avenida-de-bayona-en-su-confluencia-sur-con-monasterio-de-urdax\/#primaryimage","url":"https:\/\/www.laguiadepamplona.com\/actualidad\/wp-content\/uploads\/2024\/10\/avenida_bayona_web.webp","contentUrl":"https:\/\/www.laguiadepamplona.com\/actualidad\/wp-content\/uploads\/2024\/10\/avenida_bayona_web.webp","width":1000,"height":667,"caption":"avenida bayona"},{"@type":"BreadcrumbList","@id":"https:\/\/www.laguiadepamplona.com\/actualidad\/el-ayuntamiento-ampliara-la-acera-para-crear-dos-pasos-peatonales-avanzados-en-la-avenida-de-bayona-en-su-confluencia-sur-con-monasterio-de-urdax\/#breadcrumb","itemListElement":[{"@type":"ListItem","position":1,"name":"Portada","item":"https:\/\/www.laguiadepamplona.com\/actualidad\/"},{"@type":"ListItem","position":2,"name":"El Ayuntamiento ampliar\u00e1 la acera para crear dos pasos peatonales avanzados en la avenida de Bayona, en su confluencia sur con Monasterio de Urdax"}]},{"@type":"WebSite","@id":"https:\/\/www.laguiadepamplona.com\/actualidad\/#website","url":"https:\/\/www.laguiadepamplona.com\/actualidad\/","name":"La gu\u00eda de Pamplona","description":"Noticias de Pamplona","publisher":{"@id":"https:\/\/www.laguiadepamplona.com\/actualidad\/#organization"},"potentialAction":[{"@type":"SearchAction","target":{"@type":"EntryPoint","urlTemplate":"https:\/\/www.laguiadepamplona.com\/actualidad\/?s={search_term_string}"},"query-input":{"@type":"PropertyValueSpecification","valueRequired":true,"valueName":"search_term_string"}}],"inLanguage":"es"},{"@type":"Organization","@id":"https:\/\/www.laguiadepamplona.com\/actualidad\/#organization","name":"La Gu\u00eda de Pamplona \/ Noticias","url":"https:\/\/www.laguiadepamplona.com\/actualidad\/","logo":{"@type":"ImageObject","inLanguage":"es","@id":"https:\/\/www.laguiadepamplona.com\/actualidad\/#\/schema\/logo\/image\/","url":"https:\/\/www.laguiadepamplona.com\/actualidad\/wp-content\/uploads\/2018\/11\/logo-laguiadepamplona18-web1.png","contentUrl":"https:\/\/www.laguiadepamplona.com\/actualidad\/wp-content\/uploads\/2018\/11\/logo-laguiadepamplona18-web1.png","width":600,"height":196,"caption":"La Gu\u00eda de Pamplona \/ Noticias"},"image":{"@id":"https:\/\/www.laguiadepamplona.com\/actualidad\/#\/schema\/logo\/image\/"},"sameAs":["https:\/\/www.facebook.com\/laguiadepamplonacom-133175176762273\/?ref=hl","https:\/\/x.com\/LaGuiadPamplona","https:\/\/www.instagram.com\/la_guia_de_pamplona\/","https:\/\/www.youtube.com\/user\/laguiadepamplona"]},{"@type":"Person","@id":"https:\/\/www.laguiadepamplona.com\/actualidad\/#\/schema\/person\/efe887376f0213d4657c93adc50b1fdb","name":"La Gu\u00eda de Pamplona","image":{"@type":"ImageObject","inLanguage":"es","@id":"https:\/\/secure.gravatar.com\/avatar\/b6992f131dc8d30ab0dff15446e9d346d9dbd95992de0fef795073f5ea83a81c?s=96&d=mm&r=g","url":"https:\/\/secure.gravatar.com\/avatar\/b6992f131dc8d30ab0dff15446e9d346d9dbd95992de0fef795073f5ea83a81c?s=96&d=mm&r=g","contentUrl":"https:\/\/secure.gravatar.com\/avatar\/b6992f131dc8d30ab0dff15446e9d346d9dbd95992de0fef795073f5ea83a81c?s=96&d=mm&r=g","caption":"La Gu\u00eda de Pamplona"}}]}},"post_mailing_queue_ids":[],"_links":{"self":[{"href":"https:\/\/www.laguiadepamplona.com\/actualidad\/wp-json\/wp\/v2\/posts\/51068","targetHints":{"allow":["GET"]}}],"collection":[{"href":"https:\/\/www.laguiadepamplona.com\/actualidad\/wp-json\/wp\/v2\/posts"}],"about":[{"href":"https:\/\/www.laguiadepamplona.com\/actualidad\/wp-json\/wp\/v2\/types\/post"}],"author":[{"embeddable":true,"href":"https:\/\/www.laguiadepamplona.com\/actualidad\/wp-json\/wp\/v2\/users\/1"}],"replies":[{"embeddable":true,"href":"https:\/\/www.laguiadepamplona.com\/actualidad\/wp-json\/wp\/v2\/comments?post=51068"}],"version-history":[{"count":1,"href":"https:\/\/www.laguiadepamplona.com\/actualidad\/wp-json\/wp\/v2\/posts\/51068\/revisions"}],"predecessor-version":[{"id":51070,"href":"https:\/\/www.laguiadepamplona.com\/actualidad\/wp-json\/wp\/v2\/posts\/51068\/revisions\/51070"}],"wp:featuredmedia":[{"embeddable":true,"href":"https:\/\/www.laguiadepamplona.com\/actualidad\/wp-json\/wp\/v2\/media\/51069"}],"wp:attachment":[{"href":"https:\/\/www.laguiadepamplona.com\/actualidad\/wp-json\/wp\/v2\/media?parent=51068"}],"wp:term":[{"taxonomy":"category","embeddable":true,"href":"https:\/\/www.laguiadepamplona.com\/actualidad\/wp-json\/wp\/v2\/categories?post=51068"},{"taxonomy":"post_tag","embeddable":true,"href":"https:\/\/www.laguiadepamplona.com\/actualidad\/wp-json\/wp\/v2\/tags?post=51068"}],"curies":[{"name":"wp","href":"https:\/\/api.w.org\/{rel}","templated":true}]}}