{"id":51062,"date":"2024-10-15T16:13:56","date_gmt":"2024-10-15T14:13:56","guid":{"rendered":"https:\/\/www.laguiadepamplona.com\/actualidad\/?p=51062"},"modified":"2024-10-15T16:13:56","modified_gmt":"2024-10-15T14:13:56","slug":"el-alcalde-homenajea-a-dionisio-munarriz-lopez-residente-en-etxabakoitz-que-ha-cumplido-100-anos","status":"publish","type":"post","link":"https:\/\/www.laguiadepamplona.com\/actualidad\/el-alcalde-homenajea-a-dionisio-munarriz-lopez-residente-en-etxabakoitz-que-ha-cumplido-100-anos\/","title":{"rendered":"El alcalde homenajea a Dionisio Mun\u00e1rriz L\u00f3pez, residente en Etxabakoitz, que ha cumplido 100 a\u00f1os"},"content":{"rendered":"<h2>Asiron le ha entregado un ramo de flores, el pa\u00f1uelo con el escudo municipal y una insignia de la ciudad<\/h2>\n<p><!--more--><\/p>\n<p>El alcalde de Pamplona, Joseba Asiron Saez, ha visitado esta ma\u00f1ana en su domicilio de Etxabakoitz a Dionisio Mun\u00e1rriz L\u00f3pez, un hombre centenario que naci\u00f3 en Galar un 9 de octubre en el seno de una familia de labradores.<\/p>\n<p>Viudo de Ascensi\u00f3n Lumbier Larraya, de Esparza de Galar, con ella creo una familia que se instal\u00f3 en el barrio pamplon\u00e9s. Su \u00fanica hija, Bel\u00e9n, le dio tres nietos: Ainhoa (31), que reside en Finlandia; Edurne (27), en Puente la Reina, y Javier (de 20 a\u00f1os). Dionisio Mun\u00e1rriz L\u00f3pez, adem\u00e1s de ayudar a su familia en las tareas del campo, fue trabajador de Argal, primero en Etxabakoitz y luego en Lumbier. Entre sus aficiones se encontraba jugar a pelota con su compa\u00f1ero Garayoa, ir al pueblo a jugar al mus con hermanos y amigos, una afici\u00f3n que le ha ofrecido numerosos trofeos, y cultivar su huerta. Se qued\u00f3 viudo en 2011 y desde entonces vive solo con la supervisi\u00f3n y cuidados de su hija, yerno y nietos, junto con la ayuda de una cuidadora.<\/p>\n<p>Su familia le ofreci\u00f3 el pasado mi\u00e9rcoles una celebraci\u00f3n en las piscinas de la SDC Echavacoiz y hoy el alcalde de la ciudad le ha entregado un ramo de flores, el pa\u00f1uelo con el escudo municipal y una insignia (pin) de la ciudad.<\/p>\n","protected":false},"excerpt":{"rendered":"<p>Asiron le ha entregado un ramo de flores, el pa\u00f1uelo con el escudo municipal y una insignia de la ciudad<\/p>\n","protected":false},"author":1,"featured_media":51063,"comment_status":"open","ping_status":"closed","sticky":false,"template":"","format":"standard","meta":{"footnotes":""},"categories":[2],"tags":[],"class_list":["post-51062","post","type-post","status-publish","format-standard","has-post-thumbnail","hentry","category-ayuntamiento-pamplona"],"yoast_head":"<!-- This site is optimized with the Yoast SEO plugin v27.3 - https:\/\/yoast.com\/product\/yoast-seo-wordpress\/ -->\n<title>El alcalde homenajea a Dionisio Mun\u00e1rriz L\u00f3pez, residente en Etxabakoitz, que ha cumplido 100 a\u00f1os<\/title>\n<meta name=\"description\" content=\"Asiron le ha entregado un ramo de flores, el pa\u00f1uelo con el escudo municipal y una insignia de la ciudad\" \/>\n<meta name=\"robots\" content=\"index, follow, max-snippet:-1, max-image-preview:large, max-video-preview:-1\" \/>\n<link rel=\"canonical\" href=\"https:\/\/www.laguiadepamplona.com\/actualidad\/el-alcalde-homenajea-a-dionisio-munarriz-lopez-residente-en-etxabakoitz-que-ha-cumplido-100-anos\/\" \/>\n<meta property=\"og:locale\" content=\"es_ES\" \/>\n<meta property=\"og:type\" content=\"article\" \/>\n<meta property=\"og:title\" content=\"El alcalde homenajea a Dionisio Mun\u00e1rriz L\u00f3pez, residente en Etxabakoitz, que ha cumplido 100 a\u00f1os\" \/>\n<meta property=\"og:description\" content=\"Asiron le ha entregado un ramo de flores, el pa\u00f1uelo con el escudo municipal y una insignia de la ciudad\" \/>\n<meta property=\"og:url\" content=\"https:\/\/www.laguiadepamplona.com\/actualidad\/el-alcalde-homenajea-a-dionisio-munarriz-lopez-residente-en-etxabakoitz-que-ha-cumplido-100-anos\/\" \/>\n<meta property=\"og:site_name\" content=\"La Gu\u00eda de Pamplona\" \/>\n<meta property=\"article:publisher\" content=\"https:\/\/www.facebook.com\/laguiadepamplonacom-133175176762273\/?ref=hl\" \/>\n<meta property=\"article:published_time\" content=\"2024-10-15T14:13:56+00:00\" \/>\n<meta property=\"og:image\" content=\"https:\/\/www.laguiadepamplona.com\/actualidad\/wp-content\/uploads\/2024\/10\/VISITA-A-CENTENARIO-EN-ETXABAKOIZ_DSC_9284.webp\" \/>\n\t<meta property=\"og:image:width\" content=\"1000\" \/>\n\t<meta property=\"og:image:height\" content=\"666\" \/>\n\t<meta property=\"og:image:type\" content=\"image\/webp\" \/>\n<meta name=\"author\" content=\"La Gu\u00eda de Pamplona\" \/>\n<meta name=\"twitter:card\" content=\"summary_large_image\" \/>\n<meta name=\"twitter:creator\" content=\"@LaGuiadPamplona\" \/>\n<meta name=\"twitter:site\" content=\"@LaGuiadPamplona\" \/>\n<meta name=\"twitter:label1\" content=\"Escrito por\" \/>\n\t<meta name=\"twitter:data1\" content=\"La Gu\u00eda de Pamplona\" \/>\n\t<meta name=\"twitter:label2\" content=\"Tiempo de lectura\" \/>\n\t<meta name=\"twitter:data2\" content=\"2 minutos\" \/>\n<script type=\"application\/ld+json\" class=\"yoast-schema-graph\">{\"@context\":\"https:\\\/\\\/schema.org\",\"@graph\":[{\"@type\":\"Article\",\"@id\":\"https:\\\/\\\/www.laguiadepamplona.com\\\/actualidad\\\/el-alcalde-homenajea-a-dionisio-munarriz-lopez-residente-en-etxabakoitz-que-ha-cumplido-100-anos\\\/#article\",\"isPartOf\":{\"@id\":\"https:\\\/\\\/www.laguiadepamplona.com\\\/actualidad\\\/el-alcalde-homenajea-a-dionisio-munarriz-lopez-residente-en-etxabakoitz-que-ha-cumplido-100-anos\\\/\"},\"author\":{\"name\":\"La Gu\u00eda de Pamplona\",\"@id\":\"https:\\\/\\\/www.laguiadepamplona.com\\\/actualidad\\\/#\\\/schema\\\/person\\\/efe887376f0213d4657c93adc50b1fdb\"},\"headline\":\"El alcalde homenajea a Dionisio Mun\u00e1rriz L\u00f3pez, residente en Etxabakoitz, que ha cumplido 100 a\u00f1os\",\"datePublished\":\"2024-10-15T14:13:56+00:00\",\"mainEntityOfPage\":{\"@id\":\"https:\\\/\\\/www.laguiadepamplona.com\\\/actualidad\\\/el-alcalde-homenajea-a-dionisio-munarriz-lopez-residente-en-etxabakoitz-que-ha-cumplido-100-anos\\\/\"},\"wordCount\":265,\"commentCount\":0,\"publisher\":{\"@id\":\"https:\\\/\\\/www.laguiadepamplona.com\\\/actualidad\\\/#organization\"},\"image\":{\"@id\":\"https:\\\/\\\/www.laguiadepamplona.com\\\/actualidad\\\/el-alcalde-homenajea-a-dionisio-munarriz-lopez-residente-en-etxabakoitz-que-ha-cumplido-100-anos\\\/#primaryimage\"},\"thumbnailUrl\":\"https:\\\/\\\/www.laguiadepamplona.com\\\/actualidad\\\/wp-content\\\/uploads\\\/2024\\\/10\\\/VISITA-A-CENTENARIO-EN-ETXABAKOIZ_DSC_9284.webp\",\"articleSection\":[\"Ayto Pamplona\"],\"inLanguage\":\"es\",\"potentialAction\":[{\"@type\":\"CommentAction\",\"name\":\"Comment\",\"target\":[\"https:\\\/\\\/www.laguiadepamplona.com\\\/actualidad\\\/el-alcalde-homenajea-a-dionisio-munarriz-lopez-residente-en-etxabakoitz-que-ha-cumplido-100-anos\\\/#respond\"]}]},{\"@type\":\"WebPage\",\"@id\":\"https:\\\/\\\/www.laguiadepamplona.com\\\/actualidad\\\/el-alcalde-homenajea-a-dionisio-munarriz-lopez-residente-en-etxabakoitz-que-ha-cumplido-100-anos\\\/\",\"url\":\"https:\\\/\\\/www.laguiadepamplona.com\\\/actualidad\\\/el-alcalde-homenajea-a-dionisio-munarriz-lopez-residente-en-etxabakoitz-que-ha-cumplido-100-anos\\\/\",\"name\":\"El alcalde homenajea a Dionisio Mun\u00e1rriz L\u00f3pez, residente en Etxabakoitz, que ha cumplido 100 a\u00f1os\",\"isPartOf\":{\"@id\":\"https:\\\/\\\/www.laguiadepamplona.com\\\/actualidad\\\/#website\"},\"primaryImageOfPage\":{\"@id\":\"https:\\\/\\\/www.laguiadepamplona.com\\\/actualidad\\\/el-alcalde-homenajea-a-dionisio-munarriz-lopez-residente-en-etxabakoitz-que-ha-cumplido-100-anos\\\/#primaryimage\"},\"image\":{\"@id\":\"https:\\\/\\\/www.laguiadepamplona.com\\\/actualidad\\\/el-alcalde-homenajea-a-dionisio-munarriz-lopez-residente-en-etxabakoitz-que-ha-cumplido-100-anos\\\/#primaryimage\"},\"thumbnailUrl\":\"https:\\\/\\\/www.laguiadepamplona.com\\\/actualidad\\\/wp-content\\\/uploads\\\/2024\\\/10\\\/VISITA-A-CENTENARIO-EN-ETXABAKOIZ_DSC_9284.webp\",\"datePublished\":\"2024-10-15T14:13:56+00:00\",\"description\":\"Asiron le ha entregado un ramo de flores, el pa\u00f1uelo con el escudo municipal y una insignia de la ciudad\",\"breadcrumb\":{\"@id\":\"https:\\\/\\\/www.laguiadepamplona.com\\\/actualidad\\\/el-alcalde-homenajea-a-dionisio-munarriz-lopez-residente-en-etxabakoitz-que-ha-cumplido-100-anos\\\/#breadcrumb\"},\"inLanguage\":\"es\",\"potentialAction\":[{\"@type\":\"ReadAction\",\"target\":[\"https:\\\/\\\/www.laguiadepamplona.com\\\/actualidad\\\/el-alcalde-homenajea-a-dionisio-munarriz-lopez-residente-en-etxabakoitz-que-ha-cumplido-100-anos\\\/\"]}]},{\"@type\":\"ImageObject\",\"inLanguage\":\"es\",\"@id\":\"https:\\\/\\\/www.laguiadepamplona.com\\\/actualidad\\\/el-alcalde-homenajea-a-dionisio-munarriz-lopez-residente-en-etxabakoitz-que-ha-cumplido-100-anos\\\/#primaryimage\",\"url\":\"https:\\\/\\\/www.laguiadepamplona.com\\\/actualidad\\\/wp-content\\\/uploads\\\/2024\\\/10\\\/VISITA-A-CENTENARIO-EN-ETXABAKOIZ_DSC_9284.webp\",\"contentUrl\":\"https:\\\/\\\/www.laguiadepamplona.com\\\/actualidad\\\/wp-content\\\/uploads\\\/2024\\\/10\\\/VISITA-A-CENTENARIO-EN-ETXABAKOIZ_DSC_9284.webp\",\"width\":1000,\"height\":666,\"caption\":\"visita a Dionisio centenario\"},{\"@type\":\"BreadcrumbList\",\"@id\":\"https:\\\/\\\/www.laguiadepamplona.com\\\/actualidad\\\/el-alcalde-homenajea-a-dionisio-munarriz-lopez-residente-en-etxabakoitz-que-ha-cumplido-100-anos\\\/#breadcrumb\",\"itemListElement\":[{\"@type\":\"ListItem\",\"position\":1,\"name\":\"Portada\",\"item\":\"https:\\\/\\\/www.laguiadepamplona.com\\\/actualidad\\\/\"},{\"@type\":\"ListItem\",\"position\":2,\"name\":\"El alcalde homenajea a Dionisio Mun\u00e1rriz L\u00f3pez, residente en Etxabakoitz, que ha cumplido 100 a\u00f1os\"}]},{\"@type\":\"WebSite\",\"@id\":\"https:\\\/\\\/www.laguiadepamplona.com\\\/actualidad\\\/#website\",\"url\":\"https:\\\/\\\/www.laguiadepamplona.com\\\/actualidad\\\/\",\"name\":\"La gu\u00eda de Pamplona\",\"description\":\"Noticias de Pamplona\",\"publisher\":{\"@id\":\"https:\\\/\\\/www.laguiadepamplona.com\\\/actualidad\\\/#organization\"},\"potentialAction\":[{\"@type\":\"SearchAction\",\"target\":{\"@type\":\"EntryPoint\",\"urlTemplate\":\"https:\\\/\\\/www.laguiadepamplona.com\\\/actualidad\\\/?s={search_term_string}\"},\"query-input\":{\"@type\":\"PropertyValueSpecification\",\"valueRequired\":true,\"valueName\":\"search_term_string\"}}],\"inLanguage\":\"es\"},{\"@type\":\"Organization\",\"@id\":\"https:\\\/\\\/www.laguiadepamplona.com\\\/actualidad\\\/#organization\",\"name\":\"La Gu\u00eda de Pamplona \\\/ Noticias\",\"url\":\"https:\\\/\\\/www.laguiadepamplona.com\\\/actualidad\\\/\",\"logo\":{\"@type\":\"ImageObject\",\"inLanguage\":\"es\",\"@id\":\"https:\\\/\\\/www.laguiadepamplona.com\\\/actualidad\\\/#\\\/schema\\\/logo\\\/image\\\/\",\"url\":\"https:\\\/\\\/www.laguiadepamplona.com\\\/actualidad\\\/wp-content\\\/uploads\\\/2018\\\/11\\\/logo-laguiadepamplona18-web1.png\",\"contentUrl\":\"https:\\\/\\\/www.laguiadepamplona.com\\\/actualidad\\\/wp-content\\\/uploads\\\/2018\\\/11\\\/logo-laguiadepamplona18-web1.png\",\"width\":600,\"height\":196,\"caption\":\"La Gu\u00eda de Pamplona \\\/ Noticias\"},\"image\":{\"@id\":\"https:\\\/\\\/www.laguiadepamplona.com\\\/actualidad\\\/#\\\/schema\\\/logo\\\/image\\\/\"},\"sameAs\":[\"https:\\\/\\\/www.facebook.com\\\/laguiadepamplonacom-133175176762273\\\/?ref=hl\",\"https:\\\/\\\/x.com\\\/LaGuiadPamplona\",\"https:\\\/\\\/www.instagram.com\\\/la_guia_de_pamplona\\\/\",\"https:\\\/\\\/www.youtube.com\\\/user\\\/laguiadepamplona\"]},{\"@type\":\"Person\",\"@id\":\"https:\\\/\\\/www.laguiadepamplona.com\\\/actualidad\\\/#\\\/schema\\\/person\\\/efe887376f0213d4657c93adc50b1fdb\",\"name\":\"La Gu\u00eda de Pamplona\",\"image\":{\"@type\":\"ImageObject\",\"inLanguage\":\"es\",\"@id\":\"https:\\\/\\\/secure.gravatar.com\\\/avatar\\\/b6992f131dc8d30ab0dff15446e9d346d9dbd95992de0fef795073f5ea83a81c?s=96&d=mm&r=g\",\"url\":\"https:\\\/\\\/secure.gravatar.com\\\/avatar\\\/b6992f131dc8d30ab0dff15446e9d346d9dbd95992de0fef795073f5ea83a81c?s=96&d=mm&r=g\",\"contentUrl\":\"https:\\\/\\\/secure.gravatar.com\\\/avatar\\\/b6992f131dc8d30ab0dff15446e9d346d9dbd95992de0fef795073f5ea83a81c?s=96&d=mm&r=g\",\"caption\":\"La Gu\u00eda de Pamplona\"}}]}<\/script>\n<!-- \/ Yoast SEO plugin. -->","yoast_head_json":{"title":"El alcalde homenajea a Dionisio Mun\u00e1rriz L\u00f3pez, residente en Etxabakoitz, que ha cumplido 100 a\u00f1os","description":"Asiron le ha entregado un ramo de flores, el pa\u00f1uelo con el escudo municipal y una insignia de la ciudad","robots":{"index":"index","follow":"follow","max-snippet":"max-snippet:-1","max-image-preview":"max-image-preview:large","max-video-preview":"max-video-preview:-1"},"canonical":"https:\/\/www.laguiadepamplona.com\/actualidad\/el-alcalde-homenajea-a-dionisio-munarriz-lopez-residente-en-etxabakoitz-que-ha-cumplido-100-anos\/","og_locale":"es_ES","og_type":"article","og_title":"El alcalde homenajea a Dionisio Mun\u00e1rriz L\u00f3pez, residente en Etxabakoitz, que ha cumplido 100 a\u00f1os","og_description":"Asiron le ha entregado un ramo de flores, el pa\u00f1uelo con el escudo municipal y una insignia de la ciudad","og_url":"https:\/\/www.laguiadepamplona.com\/actualidad\/el-alcalde-homenajea-a-dionisio-munarriz-lopez-residente-en-etxabakoitz-que-ha-cumplido-100-anos\/","og_site_name":"La Gu\u00eda de Pamplona","article_publisher":"https:\/\/www.facebook.com\/laguiadepamplonacom-133175176762273\/?ref=hl","article_published_time":"2024-10-15T14:13:56+00:00","og_image":[{"width":1000,"height":666,"url":"https:\/\/www.laguiadepamplona.com\/actualidad\/wp-content\/uploads\/2024\/10\/VISITA-A-CENTENARIO-EN-ETXABAKOIZ_DSC_9284.webp","type":"image\/webp"}],"author":"La Gu\u00eda de Pamplona","twitter_card":"summary_large_image","twitter_creator":"@LaGuiadPamplona","twitter_site":"@LaGuiadPamplona","twitter_misc":{"Escrito por":"La Gu\u00eda de Pamplona","Tiempo de lectura":"2 minutos"},"schema":{"@context":"https:\/\/schema.org","@graph":[{"@type":"Article","@id":"https:\/\/www.laguiadepamplona.com\/actualidad\/el-alcalde-homenajea-a-dionisio-munarriz-lopez-residente-en-etxabakoitz-que-ha-cumplido-100-anos\/#article","isPartOf":{"@id":"https:\/\/www.laguiadepamplona.com\/actualidad\/el-alcalde-homenajea-a-dionisio-munarriz-lopez-residente-en-etxabakoitz-que-ha-cumplido-100-anos\/"},"author":{"name":"La Gu\u00eda de Pamplona","@id":"https:\/\/www.laguiadepamplona.com\/actualidad\/#\/schema\/person\/efe887376f0213d4657c93adc50b1fdb"},"headline":"El alcalde homenajea a Dionisio Mun\u00e1rriz L\u00f3pez, residente en Etxabakoitz, que ha cumplido 100 a\u00f1os","datePublished":"2024-10-15T14:13:56+00:00","mainEntityOfPage":{"@id":"https:\/\/www.laguiadepamplona.com\/actualidad\/el-alcalde-homenajea-a-dionisio-munarriz-lopez-residente-en-etxabakoitz-que-ha-cumplido-100-anos\/"},"wordCount":265,"commentCount":0,"publisher":{"@id":"https:\/\/www.laguiadepamplona.com\/actualidad\/#organization"},"image":{"@id":"https:\/\/www.laguiadepamplona.com\/actualidad\/el-alcalde-homenajea-a-dionisio-munarriz-lopez-residente-en-etxabakoitz-que-ha-cumplido-100-anos\/#primaryimage"},"thumbnailUrl":"https:\/\/www.laguiadepamplona.com\/actualidad\/wp-content\/uploads\/2024\/10\/VISITA-A-CENTENARIO-EN-ETXABAKOIZ_DSC_9284.webp","articleSection":["Ayto Pamplona"],"inLanguage":"es","potentialAction":[{"@type":"CommentAction","name":"Comment","target":["https:\/\/www.laguiadepamplona.com\/actualidad\/el-alcalde-homenajea-a-dionisio-munarriz-lopez-residente-en-etxabakoitz-que-ha-cumplido-100-anos\/#respond"]}]},{"@type":"WebPage","@id":"https:\/\/www.laguiadepamplona.com\/actualidad\/el-alcalde-homenajea-a-dionisio-munarriz-lopez-residente-en-etxabakoitz-que-ha-cumplido-100-anos\/","url":"https:\/\/www.laguiadepamplona.com\/actualidad\/el-alcalde-homenajea-a-dionisio-munarriz-lopez-residente-en-etxabakoitz-que-ha-cumplido-100-anos\/","name":"El alcalde homenajea a Dionisio Mun\u00e1rriz L\u00f3pez, residente en Etxabakoitz, que ha cumplido 100 a\u00f1os","isPartOf":{"@id":"https:\/\/www.laguiadepamplona.com\/actualidad\/#website"},"primaryImageOfPage":{"@id":"https:\/\/www.laguiadepamplona.com\/actualidad\/el-alcalde-homenajea-a-dionisio-munarriz-lopez-residente-en-etxabakoitz-que-ha-cumplido-100-anos\/#primaryimage"},"image":{"@id":"https:\/\/www.laguiadepamplona.com\/actualidad\/el-alcalde-homenajea-a-dionisio-munarriz-lopez-residente-en-etxabakoitz-que-ha-cumplido-100-anos\/#primaryimage"},"thumbnailUrl":"https:\/\/www.laguiadepamplona.com\/actualidad\/wp-content\/uploads\/2024\/10\/VISITA-A-CENTENARIO-EN-ETXABAKOIZ_DSC_9284.webp","datePublished":"2024-10-15T14:13:56+00:00","description":"Asiron le ha entregado un ramo de flores, el pa\u00f1uelo con el escudo municipal y una insignia de la ciudad","breadcrumb":{"@id":"https:\/\/www.laguiadepamplona.com\/actualidad\/el-alcalde-homenajea-a-dionisio-munarriz-lopez-residente-en-etxabakoitz-que-ha-cumplido-100-anos\/#breadcrumb"},"inLanguage":"es","potentialAction":[{"@type":"ReadAction","target":["https:\/\/www.laguiadepamplona.com\/actualidad\/el-alcalde-homenajea-a-dionisio-munarriz-lopez-residente-en-etxabakoitz-que-ha-cumplido-100-anos\/"]}]},{"@type":"ImageObject","inLanguage":"es","@id":"https:\/\/www.laguiadepamplona.com\/actualidad\/el-alcalde-homenajea-a-dionisio-munarriz-lopez-residente-en-etxabakoitz-que-ha-cumplido-100-anos\/#primaryimage","url":"https:\/\/www.laguiadepamplona.com\/actualidad\/wp-content\/uploads\/2024\/10\/VISITA-A-CENTENARIO-EN-ETXABAKOIZ_DSC_9284.webp","contentUrl":"https:\/\/www.laguiadepamplona.com\/actualidad\/wp-content\/uploads\/2024\/10\/VISITA-A-CENTENARIO-EN-ETXABAKOIZ_DSC_9284.webp","width":1000,"height":666,"caption":"visita a Dionisio centenario"},{"@type":"BreadcrumbList","@id":"https:\/\/www.laguiadepamplona.com\/actualidad\/el-alcalde-homenajea-a-dionisio-munarriz-lopez-residente-en-etxabakoitz-que-ha-cumplido-100-anos\/#breadcrumb","itemListElement":[{"@type":"ListItem","position":1,"name":"Portada","item":"https:\/\/www.laguiadepamplona.com\/actualidad\/"},{"@type":"ListItem","position":2,"name":"El alcalde homenajea a Dionisio Mun\u00e1rriz L\u00f3pez, residente en Etxabakoitz, que ha cumplido 100 a\u00f1os"}]},{"@type":"WebSite","@id":"https:\/\/www.laguiadepamplona.com\/actualidad\/#website","url":"https:\/\/www.laguiadepamplona.com\/actualidad\/","name":"La gu\u00eda de Pamplona","description":"Noticias de Pamplona","publisher":{"@id":"https:\/\/www.laguiadepamplona.com\/actualidad\/#organization"},"potentialAction":[{"@type":"SearchAction","target":{"@type":"EntryPoint","urlTemplate":"https:\/\/www.laguiadepamplona.com\/actualidad\/?s={search_term_string}"},"query-input":{"@type":"PropertyValueSpecification","valueRequired":true,"valueName":"search_term_string"}}],"inLanguage":"es"},{"@type":"Organization","@id":"https:\/\/www.laguiadepamplona.com\/actualidad\/#organization","name":"La Gu\u00eda de Pamplona \/ Noticias","url":"https:\/\/www.laguiadepamplona.com\/actualidad\/","logo":{"@type":"ImageObject","inLanguage":"es","@id":"https:\/\/www.laguiadepamplona.com\/actualidad\/#\/schema\/logo\/image\/","url":"https:\/\/www.laguiadepamplona.com\/actualidad\/wp-content\/uploads\/2018\/11\/logo-laguiadepamplona18-web1.png","contentUrl":"https:\/\/www.laguiadepamplona.com\/actualidad\/wp-content\/uploads\/2018\/11\/logo-laguiadepamplona18-web1.png","width":600,"height":196,"caption":"La Gu\u00eda de Pamplona \/ Noticias"},"image":{"@id":"https:\/\/www.laguiadepamplona.com\/actualidad\/#\/schema\/logo\/image\/"},"sameAs":["https:\/\/www.facebook.com\/laguiadepamplonacom-133175176762273\/?ref=hl","https:\/\/x.com\/LaGuiadPamplona","https:\/\/www.instagram.com\/la_guia_de_pamplona\/","https:\/\/www.youtube.com\/user\/laguiadepamplona"]},{"@type":"Person","@id":"https:\/\/www.laguiadepamplona.com\/actualidad\/#\/schema\/person\/efe887376f0213d4657c93adc50b1fdb","name":"La Gu\u00eda de Pamplona","image":{"@type":"ImageObject","inLanguage":"es","@id":"https:\/\/secure.gravatar.com\/avatar\/b6992f131dc8d30ab0dff15446e9d346d9dbd95992de0fef795073f5ea83a81c?s=96&d=mm&r=g","url":"https:\/\/secure.gravatar.com\/avatar\/b6992f131dc8d30ab0dff15446e9d346d9dbd95992de0fef795073f5ea83a81c?s=96&d=mm&r=g","contentUrl":"https:\/\/secure.gravatar.com\/avatar\/b6992f131dc8d30ab0dff15446e9d346d9dbd95992de0fef795073f5ea83a81c?s=96&d=mm&r=g","caption":"La Gu\u00eda de Pamplona"}}]}},"post_mailing_queue_ids":[],"_links":{"self":[{"href":"https:\/\/www.laguiadepamplona.com\/actualidad\/wp-json\/wp\/v2\/posts\/51062","targetHints":{"allow":["GET"]}}],"collection":[{"href":"https:\/\/www.laguiadepamplona.com\/actualidad\/wp-json\/wp\/v2\/posts"}],"about":[{"href":"https:\/\/www.laguiadepamplona.com\/actualidad\/wp-json\/wp\/v2\/types\/post"}],"author":[{"embeddable":true,"href":"https:\/\/www.laguiadepamplona.com\/actualidad\/wp-json\/wp\/v2\/users\/1"}],"replies":[{"embeddable":true,"href":"https:\/\/www.laguiadepamplona.com\/actualidad\/wp-json\/wp\/v2\/comments?post=51062"}],"version-history":[{"count":1,"href":"https:\/\/www.laguiadepamplona.com\/actualidad\/wp-json\/wp\/v2\/posts\/51062\/revisions"}],"predecessor-version":[{"id":51064,"href":"https:\/\/www.laguiadepamplona.com\/actualidad\/wp-json\/wp\/v2\/posts\/51062\/revisions\/51064"}],"wp:featuredmedia":[{"embeddable":true,"href":"https:\/\/www.laguiadepamplona.com\/actualidad\/wp-json\/wp\/v2\/media\/51063"}],"wp:attachment":[{"href":"https:\/\/www.laguiadepamplona.com\/actualidad\/wp-json\/wp\/v2\/media?parent=51062"}],"wp:term":[{"taxonomy":"category","embeddable":true,"href":"https:\/\/www.laguiadepamplona.com\/actualidad\/wp-json\/wp\/v2\/categories?post=51062"},{"taxonomy":"post_tag","embeddable":true,"href":"https:\/\/www.laguiadepamplona.com\/actualidad\/wp-json\/wp\/v2\/tags?post=51062"}],"curies":[{"name":"wp","href":"https:\/\/api.w.org\/{rel}","templated":true}]}}