{"id":51056,"date":"2024-10-15T16:11:00","date_gmt":"2024-10-15T14:11:00","guid":{"rendered":"https:\/\/www.laguiadepamplona.com\/actualidad\/?p=51056"},"modified":"2024-10-15T16:11:00","modified_gmt":"2024-10-15T14:11:00","slug":"concejales-de-pamplona-se-reunen-en-el-ayuntamiento-con-el-subdirector-de-la-corporacion-juridica-libertad-cjl-de-colombia-sergio-arboleda-gongora","status":"publish","type":"post","link":"https:\/\/www.laguiadepamplona.com\/actualidad\/concejales-de-pamplona-se-reunen-en-el-ayuntamiento-con-el-subdirector-de-la-corporacion-juridica-libertad-cjl-de-colombia-sergio-arboleda-gongora\/","title":{"rendered":"Concejales de Pamplona se re\u00fanen en el Ayuntamiento con el subdirector de la Corporaci\u00f3n Jur\u00eddica Libertad (CJL) de Colombia, Sergio Arboleda G\u00f3ngora"},"content":{"rendered":"<h2>El abogado ha informado sobre la querella contra el expresidente de Colombia, Alvaro Uribe V\u00e9lez, por su presunta responsabilidad en cr\u00edmenes de lesa humanidad<\/h2>\n<p><!--more--><\/p>\n<p>El Ayuntamiento de Pamplona ha acogido esta ma\u00f1ana una reuni\u00f3n informativa con el subdirector de la Corporaci\u00f3n Jur\u00eddica Libertad (CJL) de Colombia, Sergio Arboleda G\u00f3ngora, que se encuentra de visita en Pamplona, dentro de una gira internacional que est\u00e1 realizando por distintos pa\u00edses de Europa con la ONG de car\u00e1cter internacional Brigadas Internacionales de Paz. Arboleda es especialista en derecho procesal penal, magister en defensa de los derechos humanos y derecho internacional humanitario ante tribunales internacionales<\/p>\n<p>En el encuentro, al que estaban invitados todos los grupos municipales, el abogado se ha reunido con los concejales Garbi\u00f1e Bueno Zabalza, Endika Alonso Irisarri y Zaloa Basabe Guti\u00e9rrez, a quienes ha informado sobre querella contra el que fue presidente de Colombia, Alvaro Uribe V\u00e9lez, por su presunta responsabilidad en cr\u00edmenes de lesa humanidad realizados durante su mandato como presidente del Gobierno y Comandante en Jefe de las Fuerzas Armadas por miembros de la Fuerza P\u00fablica colombiana. En la reuni\u00f3n tambi\u00e9n han participado el abogado, sindicalista y pol\u00edtico Sabino Cuadra Lasarte, y Miriam Garc\u00eda Torres, de las Brigadas Internacionales de Paz.<\/p>\n<p>El objetivo de la sesi\u00f3n informativa ha sido dar a conocer de primera mano la situaci\u00f3n actual que se vive en Colombia en relaci\u00f3n al trabajo que se viene realizando en contra de la impunidad de miles de cr\u00edmenes registrados, la visibilizaci\u00f3n de la situaci\u00f3n de riesgo que viven las personas colombianas que trabajan en este \u00e1mbito (querellantes, familiares de v\u00edctimas, grupos de riesgo de las personas defensoras&#8230;) y, por \u00faltimo, la concreci\u00f3n de posibles acciones y acuerdos que puedan adoptarse en relaci\u00f3n con lo anterior.<\/p>\n<p>Durante su estancia en Pamplona, Sergio Arboleda tambi\u00e9n ha participado en una sesi\u00f3n de trabajo de la Comisi\u00f3n de Convivencia y Solidaridad Internacional del Parlamento de Navarra.<\/p>\n","protected":false},"excerpt":{"rendered":"<p>El abogado ha informado sobre la querella contra el expresidente de Colombia, Alvaro Uribe V\u00e9lez, por su presunta responsabilidad en cr\u00edmenes de lesa humanidad<\/p>\n","protected":false},"author":1,"featured_media":51057,"comment_status":"open","ping_status":"closed","sticky":false,"template":"","format":"standard","meta":{"footnotes":""},"categories":[2],"tags":[],"class_list":["post-51056","post","type-post","status-publish","format-standard","has-post-thumbnail","hentry","category-ayuntamiento-pamplona"],"yoast_head":"<!-- This site is optimized with the Yoast SEO plugin v27.3 - https:\/\/yoast.com\/product\/yoast-seo-wordpress\/ -->\n<title>Concejales de Pamplona se re\u00fanen en el Ayuntamiento con el subdirector de la Corporaci\u00f3n Jur\u00eddica Libertad (CJL) de Colombia, Sergio Arboleda G\u00f3ngora<\/title>\n<meta name=\"description\" content=\"El abogado ha informado sobre la querella contra el expresidente de Colombia, Alvaro Uribe V\u00e9lez, por su presunta responsabilidad en cr\u00edmenes de lesa humanidad\" \/>\n<meta name=\"robots\" content=\"index, follow, max-snippet:-1, max-image-preview:large, max-video-preview:-1\" \/>\n<link rel=\"canonical\" href=\"https:\/\/www.laguiadepamplona.com\/actualidad\/concejales-de-pamplona-se-reunen-en-el-ayuntamiento-con-el-subdirector-de-la-corporacion-juridica-libertad-cjl-de-colombia-sergio-arboleda-gongora\/\" \/>\n<meta property=\"og:locale\" content=\"es_ES\" \/>\n<meta property=\"og:type\" content=\"article\" \/>\n<meta property=\"og:title\" content=\"Concejales de Pamplona se re\u00fanen en el Ayuntamiento con el subdirector de la Corporaci\u00f3n Jur\u00eddica Libertad (CJL) de Colombia, Sergio Arboleda G\u00f3ngora\" \/>\n<meta property=\"og:description\" content=\"El abogado ha informado sobre la querella contra el expresidente de Colombia, Alvaro Uribe V\u00e9lez, por su presunta responsabilidad en cr\u00edmenes de lesa humanidad\" \/>\n<meta property=\"og:url\" content=\"https:\/\/www.laguiadepamplona.com\/actualidad\/concejales-de-pamplona-se-reunen-en-el-ayuntamiento-con-el-subdirector-de-la-corporacion-juridica-libertad-cjl-de-colombia-sergio-arboleda-gongora\/\" \/>\n<meta property=\"og:site_name\" content=\"La Gu\u00eda de Pamplona\" \/>\n<meta property=\"article:publisher\" content=\"https:\/\/www.facebook.com\/laguiadepamplonacom-133175176762273\/?ref=hl\" \/>\n<meta property=\"article:published_time\" content=\"2024-10-15T14:11:00+00:00\" \/>\n<meta property=\"og:image\" content=\"https:\/\/www.laguiadepamplona.com\/actualidad\/wp-content\/uploads\/2024\/10\/reunionabogadocolombianb5120foto1_0.webp\" \/>\n\t<meta property=\"og:image:width\" content=\"1000\" \/>\n\t<meta property=\"og:image:height\" content=\"667\" \/>\n\t<meta property=\"og:image:type\" content=\"image\/webp\" \/>\n<meta name=\"author\" content=\"La Gu\u00eda de Pamplona\" \/>\n<meta name=\"twitter:card\" content=\"summary_large_image\" \/>\n<meta name=\"twitter:creator\" content=\"@LaGuiadPamplona\" \/>\n<meta name=\"twitter:site\" content=\"@LaGuiadPamplona\" \/>\n<meta name=\"twitter:label1\" content=\"Escrito por\" \/>\n\t<meta name=\"twitter:data1\" content=\"La Gu\u00eda de Pamplona\" \/>\n\t<meta name=\"twitter:label2\" content=\"Tiempo de lectura\" \/>\n\t<meta name=\"twitter:data2\" content=\"2 minutos\" \/>\n<script type=\"application\/ld+json\" class=\"yoast-schema-graph\">{\"@context\":\"https:\\\/\\\/schema.org\",\"@graph\":[{\"@type\":\"Article\",\"@id\":\"https:\\\/\\\/www.laguiadepamplona.com\\\/actualidad\\\/concejales-de-pamplona-se-reunen-en-el-ayuntamiento-con-el-subdirector-de-la-corporacion-juridica-libertad-cjl-de-colombia-sergio-arboleda-gongora\\\/#article\",\"isPartOf\":{\"@id\":\"https:\\\/\\\/www.laguiadepamplona.com\\\/actualidad\\\/concejales-de-pamplona-se-reunen-en-el-ayuntamiento-con-el-subdirector-de-la-corporacion-juridica-libertad-cjl-de-colombia-sergio-arboleda-gongora\\\/\"},\"author\":{\"name\":\"La Gu\u00eda de Pamplona\",\"@id\":\"https:\\\/\\\/www.laguiadepamplona.com\\\/actualidad\\\/#\\\/schema\\\/person\\\/efe887376f0213d4657c93adc50b1fdb\"},\"headline\":\"Concejales de Pamplona se re\u00fanen en el Ayuntamiento con el subdirector de la Corporaci\u00f3n Jur\u00eddica Libertad (CJL) de Colombia, Sergio Arboleda G\u00f3ngora\",\"datePublished\":\"2024-10-15T14:11:00+00:00\",\"mainEntityOfPage\":{\"@id\":\"https:\\\/\\\/www.laguiadepamplona.com\\\/actualidad\\\/concejales-de-pamplona-se-reunen-en-el-ayuntamiento-con-el-subdirector-de-la-corporacion-juridica-libertad-cjl-de-colombia-sergio-arboleda-gongora\\\/\"},\"wordCount\":370,\"commentCount\":0,\"publisher\":{\"@id\":\"https:\\\/\\\/www.laguiadepamplona.com\\\/actualidad\\\/#organization\"},\"image\":{\"@id\":\"https:\\\/\\\/www.laguiadepamplona.com\\\/actualidad\\\/concejales-de-pamplona-se-reunen-en-el-ayuntamiento-con-el-subdirector-de-la-corporacion-juridica-libertad-cjl-de-colombia-sergio-arboleda-gongora\\\/#primaryimage\"},\"thumbnailUrl\":\"https:\\\/\\\/www.laguiadepamplona.com\\\/actualidad\\\/wp-content\\\/uploads\\\/2024\\\/10\\\/reunionabogadocolombianb5120foto1_0.webp\",\"articleSection\":[\"Ayto Pamplona\"],\"inLanguage\":\"es\",\"potentialAction\":[{\"@type\":\"CommentAction\",\"name\":\"Comment\",\"target\":[\"https:\\\/\\\/www.laguiadepamplona.com\\\/actualidad\\\/concejales-de-pamplona-se-reunen-en-el-ayuntamiento-con-el-subdirector-de-la-corporacion-juridica-libertad-cjl-de-colombia-sergio-arboleda-gongora\\\/#respond\"]}]},{\"@type\":\"WebPage\",\"@id\":\"https:\\\/\\\/www.laguiadepamplona.com\\\/actualidad\\\/concejales-de-pamplona-se-reunen-en-el-ayuntamiento-con-el-subdirector-de-la-corporacion-juridica-libertad-cjl-de-colombia-sergio-arboleda-gongora\\\/\",\"url\":\"https:\\\/\\\/www.laguiadepamplona.com\\\/actualidad\\\/concejales-de-pamplona-se-reunen-en-el-ayuntamiento-con-el-subdirector-de-la-corporacion-juridica-libertad-cjl-de-colombia-sergio-arboleda-gongora\\\/\",\"name\":\"Concejales de Pamplona se re\u00fanen en el Ayuntamiento con el subdirector de la Corporaci\u00f3n Jur\u00eddica Libertad (CJL) de Colombia, Sergio Arboleda G\u00f3ngora\",\"isPartOf\":{\"@id\":\"https:\\\/\\\/www.laguiadepamplona.com\\\/actualidad\\\/#website\"},\"primaryImageOfPage\":{\"@id\":\"https:\\\/\\\/www.laguiadepamplona.com\\\/actualidad\\\/concejales-de-pamplona-se-reunen-en-el-ayuntamiento-con-el-subdirector-de-la-corporacion-juridica-libertad-cjl-de-colombia-sergio-arboleda-gongora\\\/#primaryimage\"},\"image\":{\"@id\":\"https:\\\/\\\/www.laguiadepamplona.com\\\/actualidad\\\/concejales-de-pamplona-se-reunen-en-el-ayuntamiento-con-el-subdirector-de-la-corporacion-juridica-libertad-cjl-de-colombia-sergio-arboleda-gongora\\\/#primaryimage\"},\"thumbnailUrl\":\"https:\\\/\\\/www.laguiadepamplona.com\\\/actualidad\\\/wp-content\\\/uploads\\\/2024\\\/10\\\/reunionabogadocolombianb5120foto1_0.webp\",\"datePublished\":\"2024-10-15T14:11:00+00:00\",\"description\":\"El abogado ha informado sobre la querella contra el expresidente de Colombia, Alvaro Uribe V\u00e9lez, por su presunta responsabilidad en cr\u00edmenes de lesa humanidad\",\"breadcrumb\":{\"@id\":\"https:\\\/\\\/www.laguiadepamplona.com\\\/actualidad\\\/concejales-de-pamplona-se-reunen-en-el-ayuntamiento-con-el-subdirector-de-la-corporacion-juridica-libertad-cjl-de-colombia-sergio-arboleda-gongora\\\/#breadcrumb\"},\"inLanguage\":\"es\",\"potentialAction\":[{\"@type\":\"ReadAction\",\"target\":[\"https:\\\/\\\/www.laguiadepamplona.com\\\/actualidad\\\/concejales-de-pamplona-se-reunen-en-el-ayuntamiento-con-el-subdirector-de-la-corporacion-juridica-libertad-cjl-de-colombia-sergio-arboleda-gongora\\\/\"]}]},{\"@type\":\"ImageObject\",\"inLanguage\":\"es\",\"@id\":\"https:\\\/\\\/www.laguiadepamplona.com\\\/actualidad\\\/concejales-de-pamplona-se-reunen-en-el-ayuntamiento-con-el-subdirector-de-la-corporacion-juridica-libertad-cjl-de-colombia-sergio-arboleda-gongora\\\/#primaryimage\",\"url\":\"https:\\\/\\\/www.laguiadepamplona.com\\\/actualidad\\\/wp-content\\\/uploads\\\/2024\\\/10\\\/reunionabogadocolombianb5120foto1_0.webp\",\"contentUrl\":\"https:\\\/\\\/www.laguiadepamplona.com\\\/actualidad\\\/wp-content\\\/uploads\\\/2024\\\/10\\\/reunionabogadocolombianb5120foto1_0.webp\",\"width\":1000,\"height\":667,\"caption\":\"reuni\u00f3n abogado Colombia\"},{\"@type\":\"BreadcrumbList\",\"@id\":\"https:\\\/\\\/www.laguiadepamplona.com\\\/actualidad\\\/concejales-de-pamplona-se-reunen-en-el-ayuntamiento-con-el-subdirector-de-la-corporacion-juridica-libertad-cjl-de-colombia-sergio-arboleda-gongora\\\/#breadcrumb\",\"itemListElement\":[{\"@type\":\"ListItem\",\"position\":1,\"name\":\"Portada\",\"item\":\"https:\\\/\\\/www.laguiadepamplona.com\\\/actualidad\\\/\"},{\"@type\":\"ListItem\",\"position\":2,\"name\":\"Concejales de Pamplona se re\u00fanen en el Ayuntamiento con el subdirector de la Corporaci\u00f3n Jur\u00eddica Libertad (CJL) de Colombia, Sergio Arboleda G\u00f3ngora\"}]},{\"@type\":\"WebSite\",\"@id\":\"https:\\\/\\\/www.laguiadepamplona.com\\\/actualidad\\\/#website\",\"url\":\"https:\\\/\\\/www.laguiadepamplona.com\\\/actualidad\\\/\",\"name\":\"La gu\u00eda de Pamplona\",\"description\":\"Noticias de Pamplona\",\"publisher\":{\"@id\":\"https:\\\/\\\/www.laguiadepamplona.com\\\/actualidad\\\/#organization\"},\"potentialAction\":[{\"@type\":\"SearchAction\",\"target\":{\"@type\":\"EntryPoint\",\"urlTemplate\":\"https:\\\/\\\/www.laguiadepamplona.com\\\/actualidad\\\/?s={search_term_string}\"},\"query-input\":{\"@type\":\"PropertyValueSpecification\",\"valueRequired\":true,\"valueName\":\"search_term_string\"}}],\"inLanguage\":\"es\"},{\"@type\":\"Organization\",\"@id\":\"https:\\\/\\\/www.laguiadepamplona.com\\\/actualidad\\\/#organization\",\"name\":\"La Gu\u00eda de Pamplona \\\/ Noticias\",\"url\":\"https:\\\/\\\/www.laguiadepamplona.com\\\/actualidad\\\/\",\"logo\":{\"@type\":\"ImageObject\",\"inLanguage\":\"es\",\"@id\":\"https:\\\/\\\/www.laguiadepamplona.com\\\/actualidad\\\/#\\\/schema\\\/logo\\\/image\\\/\",\"url\":\"https:\\\/\\\/www.laguiadepamplona.com\\\/actualidad\\\/wp-content\\\/uploads\\\/2018\\\/11\\\/logo-laguiadepamplona18-web1.png\",\"contentUrl\":\"https:\\\/\\\/www.laguiadepamplona.com\\\/actualidad\\\/wp-content\\\/uploads\\\/2018\\\/11\\\/logo-laguiadepamplona18-web1.png\",\"width\":600,\"height\":196,\"caption\":\"La Gu\u00eda de Pamplona \\\/ Noticias\"},\"image\":{\"@id\":\"https:\\\/\\\/www.laguiadepamplona.com\\\/actualidad\\\/#\\\/schema\\\/logo\\\/image\\\/\"},\"sameAs\":[\"https:\\\/\\\/www.facebook.com\\\/laguiadepamplonacom-133175176762273\\\/?ref=hl\",\"https:\\\/\\\/x.com\\\/LaGuiadPamplona\",\"https:\\\/\\\/www.instagram.com\\\/la_guia_de_pamplona\\\/\",\"https:\\\/\\\/www.youtube.com\\\/user\\\/laguiadepamplona\"]},{\"@type\":\"Person\",\"@id\":\"https:\\\/\\\/www.laguiadepamplona.com\\\/actualidad\\\/#\\\/schema\\\/person\\\/efe887376f0213d4657c93adc50b1fdb\",\"name\":\"La Gu\u00eda de Pamplona\",\"image\":{\"@type\":\"ImageObject\",\"inLanguage\":\"es\",\"@id\":\"https:\\\/\\\/secure.gravatar.com\\\/avatar\\\/b6992f131dc8d30ab0dff15446e9d346d9dbd95992de0fef795073f5ea83a81c?s=96&d=mm&r=g\",\"url\":\"https:\\\/\\\/secure.gravatar.com\\\/avatar\\\/b6992f131dc8d30ab0dff15446e9d346d9dbd95992de0fef795073f5ea83a81c?s=96&d=mm&r=g\",\"contentUrl\":\"https:\\\/\\\/secure.gravatar.com\\\/avatar\\\/b6992f131dc8d30ab0dff15446e9d346d9dbd95992de0fef795073f5ea83a81c?s=96&d=mm&r=g\",\"caption\":\"La Gu\u00eda de Pamplona\"}}]}<\/script>\n<!-- \/ Yoast SEO plugin. -->","yoast_head_json":{"title":"Concejales de Pamplona se re\u00fanen en el Ayuntamiento con el subdirector de la Corporaci\u00f3n Jur\u00eddica Libertad (CJL) de Colombia, Sergio Arboleda G\u00f3ngora","description":"El abogado ha informado sobre la querella contra el expresidente de Colombia, Alvaro Uribe V\u00e9lez, por su presunta responsabilidad en cr\u00edmenes de lesa humanidad","robots":{"index":"index","follow":"follow","max-snippet":"max-snippet:-1","max-image-preview":"max-image-preview:large","max-video-preview":"max-video-preview:-1"},"canonical":"https:\/\/www.laguiadepamplona.com\/actualidad\/concejales-de-pamplona-se-reunen-en-el-ayuntamiento-con-el-subdirector-de-la-corporacion-juridica-libertad-cjl-de-colombia-sergio-arboleda-gongora\/","og_locale":"es_ES","og_type":"article","og_title":"Concejales de Pamplona se re\u00fanen en el Ayuntamiento con el subdirector de la Corporaci\u00f3n Jur\u00eddica Libertad (CJL) de Colombia, Sergio Arboleda G\u00f3ngora","og_description":"El abogado ha informado sobre la querella contra el expresidente de Colombia, Alvaro Uribe V\u00e9lez, por su presunta responsabilidad en cr\u00edmenes de lesa humanidad","og_url":"https:\/\/www.laguiadepamplona.com\/actualidad\/concejales-de-pamplona-se-reunen-en-el-ayuntamiento-con-el-subdirector-de-la-corporacion-juridica-libertad-cjl-de-colombia-sergio-arboleda-gongora\/","og_site_name":"La Gu\u00eda de Pamplona","article_publisher":"https:\/\/www.facebook.com\/laguiadepamplonacom-133175176762273\/?ref=hl","article_published_time":"2024-10-15T14:11:00+00:00","og_image":[{"width":1000,"height":667,"url":"https:\/\/www.laguiadepamplona.com\/actualidad\/wp-content\/uploads\/2024\/10\/reunionabogadocolombianb5120foto1_0.webp","type":"image\/webp"}],"author":"La Gu\u00eda de Pamplona","twitter_card":"summary_large_image","twitter_creator":"@LaGuiadPamplona","twitter_site":"@LaGuiadPamplona","twitter_misc":{"Escrito por":"La Gu\u00eda de Pamplona","Tiempo de lectura":"2 minutos"},"schema":{"@context":"https:\/\/schema.org","@graph":[{"@type":"Article","@id":"https:\/\/www.laguiadepamplona.com\/actualidad\/concejales-de-pamplona-se-reunen-en-el-ayuntamiento-con-el-subdirector-de-la-corporacion-juridica-libertad-cjl-de-colombia-sergio-arboleda-gongora\/#article","isPartOf":{"@id":"https:\/\/www.laguiadepamplona.com\/actualidad\/concejales-de-pamplona-se-reunen-en-el-ayuntamiento-con-el-subdirector-de-la-corporacion-juridica-libertad-cjl-de-colombia-sergio-arboleda-gongora\/"},"author":{"name":"La Gu\u00eda de Pamplona","@id":"https:\/\/www.laguiadepamplona.com\/actualidad\/#\/schema\/person\/efe887376f0213d4657c93adc50b1fdb"},"headline":"Concejales de Pamplona se re\u00fanen en el Ayuntamiento con el subdirector de la Corporaci\u00f3n Jur\u00eddica Libertad (CJL) de Colombia, Sergio Arboleda G\u00f3ngora","datePublished":"2024-10-15T14:11:00+00:00","mainEntityOfPage":{"@id":"https:\/\/www.laguiadepamplona.com\/actualidad\/concejales-de-pamplona-se-reunen-en-el-ayuntamiento-con-el-subdirector-de-la-corporacion-juridica-libertad-cjl-de-colombia-sergio-arboleda-gongora\/"},"wordCount":370,"commentCount":0,"publisher":{"@id":"https:\/\/www.laguiadepamplona.com\/actualidad\/#organization"},"image":{"@id":"https:\/\/www.laguiadepamplona.com\/actualidad\/concejales-de-pamplona-se-reunen-en-el-ayuntamiento-con-el-subdirector-de-la-corporacion-juridica-libertad-cjl-de-colombia-sergio-arboleda-gongora\/#primaryimage"},"thumbnailUrl":"https:\/\/www.laguiadepamplona.com\/actualidad\/wp-content\/uploads\/2024\/10\/reunionabogadocolombianb5120foto1_0.webp","articleSection":["Ayto Pamplona"],"inLanguage":"es","potentialAction":[{"@type":"CommentAction","name":"Comment","target":["https:\/\/www.laguiadepamplona.com\/actualidad\/concejales-de-pamplona-se-reunen-en-el-ayuntamiento-con-el-subdirector-de-la-corporacion-juridica-libertad-cjl-de-colombia-sergio-arboleda-gongora\/#respond"]}]},{"@type":"WebPage","@id":"https:\/\/www.laguiadepamplona.com\/actualidad\/concejales-de-pamplona-se-reunen-en-el-ayuntamiento-con-el-subdirector-de-la-corporacion-juridica-libertad-cjl-de-colombia-sergio-arboleda-gongora\/","url":"https:\/\/www.laguiadepamplona.com\/actualidad\/concejales-de-pamplona-se-reunen-en-el-ayuntamiento-con-el-subdirector-de-la-corporacion-juridica-libertad-cjl-de-colombia-sergio-arboleda-gongora\/","name":"Concejales de Pamplona se re\u00fanen en el Ayuntamiento con el subdirector de la Corporaci\u00f3n Jur\u00eddica Libertad (CJL) de Colombia, Sergio Arboleda G\u00f3ngora","isPartOf":{"@id":"https:\/\/www.laguiadepamplona.com\/actualidad\/#website"},"primaryImageOfPage":{"@id":"https:\/\/www.laguiadepamplona.com\/actualidad\/concejales-de-pamplona-se-reunen-en-el-ayuntamiento-con-el-subdirector-de-la-corporacion-juridica-libertad-cjl-de-colombia-sergio-arboleda-gongora\/#primaryimage"},"image":{"@id":"https:\/\/www.laguiadepamplona.com\/actualidad\/concejales-de-pamplona-se-reunen-en-el-ayuntamiento-con-el-subdirector-de-la-corporacion-juridica-libertad-cjl-de-colombia-sergio-arboleda-gongora\/#primaryimage"},"thumbnailUrl":"https:\/\/www.laguiadepamplona.com\/actualidad\/wp-content\/uploads\/2024\/10\/reunionabogadocolombianb5120foto1_0.webp","datePublished":"2024-10-15T14:11:00+00:00","description":"El abogado ha informado sobre la querella contra el expresidente de Colombia, Alvaro Uribe V\u00e9lez, por su presunta responsabilidad en cr\u00edmenes de lesa humanidad","breadcrumb":{"@id":"https:\/\/www.laguiadepamplona.com\/actualidad\/concejales-de-pamplona-se-reunen-en-el-ayuntamiento-con-el-subdirector-de-la-corporacion-juridica-libertad-cjl-de-colombia-sergio-arboleda-gongora\/#breadcrumb"},"inLanguage":"es","potentialAction":[{"@type":"ReadAction","target":["https:\/\/www.laguiadepamplona.com\/actualidad\/concejales-de-pamplona-se-reunen-en-el-ayuntamiento-con-el-subdirector-de-la-corporacion-juridica-libertad-cjl-de-colombia-sergio-arboleda-gongora\/"]}]},{"@type":"ImageObject","inLanguage":"es","@id":"https:\/\/www.laguiadepamplona.com\/actualidad\/concejales-de-pamplona-se-reunen-en-el-ayuntamiento-con-el-subdirector-de-la-corporacion-juridica-libertad-cjl-de-colombia-sergio-arboleda-gongora\/#primaryimage","url":"https:\/\/www.laguiadepamplona.com\/actualidad\/wp-content\/uploads\/2024\/10\/reunionabogadocolombianb5120foto1_0.webp","contentUrl":"https:\/\/www.laguiadepamplona.com\/actualidad\/wp-content\/uploads\/2024\/10\/reunionabogadocolombianb5120foto1_0.webp","width":1000,"height":667,"caption":"reuni\u00f3n abogado Colombia"},{"@type":"BreadcrumbList","@id":"https:\/\/www.laguiadepamplona.com\/actualidad\/concejales-de-pamplona-se-reunen-en-el-ayuntamiento-con-el-subdirector-de-la-corporacion-juridica-libertad-cjl-de-colombia-sergio-arboleda-gongora\/#breadcrumb","itemListElement":[{"@type":"ListItem","position":1,"name":"Portada","item":"https:\/\/www.laguiadepamplona.com\/actualidad\/"},{"@type":"ListItem","position":2,"name":"Concejales de Pamplona se re\u00fanen en el Ayuntamiento con el subdirector de la Corporaci\u00f3n Jur\u00eddica Libertad (CJL) de Colombia, Sergio Arboleda G\u00f3ngora"}]},{"@type":"WebSite","@id":"https:\/\/www.laguiadepamplona.com\/actualidad\/#website","url":"https:\/\/www.laguiadepamplona.com\/actualidad\/","name":"La gu\u00eda de Pamplona","description":"Noticias de Pamplona","publisher":{"@id":"https:\/\/www.laguiadepamplona.com\/actualidad\/#organization"},"potentialAction":[{"@type":"SearchAction","target":{"@type":"EntryPoint","urlTemplate":"https:\/\/www.laguiadepamplona.com\/actualidad\/?s={search_term_string}"},"query-input":{"@type":"PropertyValueSpecification","valueRequired":true,"valueName":"search_term_string"}}],"inLanguage":"es"},{"@type":"Organization","@id":"https:\/\/www.laguiadepamplona.com\/actualidad\/#organization","name":"La Gu\u00eda de Pamplona \/ Noticias","url":"https:\/\/www.laguiadepamplona.com\/actualidad\/","logo":{"@type":"ImageObject","inLanguage":"es","@id":"https:\/\/www.laguiadepamplona.com\/actualidad\/#\/schema\/logo\/image\/","url":"https:\/\/www.laguiadepamplona.com\/actualidad\/wp-content\/uploads\/2018\/11\/logo-laguiadepamplona18-web1.png","contentUrl":"https:\/\/www.laguiadepamplona.com\/actualidad\/wp-content\/uploads\/2018\/11\/logo-laguiadepamplona18-web1.png","width":600,"height":196,"caption":"La Gu\u00eda de Pamplona \/ Noticias"},"image":{"@id":"https:\/\/www.laguiadepamplona.com\/actualidad\/#\/schema\/logo\/image\/"},"sameAs":["https:\/\/www.facebook.com\/laguiadepamplonacom-133175176762273\/?ref=hl","https:\/\/x.com\/LaGuiadPamplona","https:\/\/www.instagram.com\/la_guia_de_pamplona\/","https:\/\/www.youtube.com\/user\/laguiadepamplona"]},{"@type":"Person","@id":"https:\/\/www.laguiadepamplona.com\/actualidad\/#\/schema\/person\/efe887376f0213d4657c93adc50b1fdb","name":"La Gu\u00eda de Pamplona","image":{"@type":"ImageObject","inLanguage":"es","@id":"https:\/\/secure.gravatar.com\/avatar\/b6992f131dc8d30ab0dff15446e9d346d9dbd95992de0fef795073f5ea83a81c?s=96&d=mm&r=g","url":"https:\/\/secure.gravatar.com\/avatar\/b6992f131dc8d30ab0dff15446e9d346d9dbd95992de0fef795073f5ea83a81c?s=96&d=mm&r=g","contentUrl":"https:\/\/secure.gravatar.com\/avatar\/b6992f131dc8d30ab0dff15446e9d346d9dbd95992de0fef795073f5ea83a81c?s=96&d=mm&r=g","caption":"La Gu\u00eda de Pamplona"}}]}},"post_mailing_queue_ids":[],"_links":{"self":[{"href":"https:\/\/www.laguiadepamplona.com\/actualidad\/wp-json\/wp\/v2\/posts\/51056","targetHints":{"allow":["GET"]}}],"collection":[{"href":"https:\/\/www.laguiadepamplona.com\/actualidad\/wp-json\/wp\/v2\/posts"}],"about":[{"href":"https:\/\/www.laguiadepamplona.com\/actualidad\/wp-json\/wp\/v2\/types\/post"}],"author":[{"embeddable":true,"href":"https:\/\/www.laguiadepamplona.com\/actualidad\/wp-json\/wp\/v2\/users\/1"}],"replies":[{"embeddable":true,"href":"https:\/\/www.laguiadepamplona.com\/actualidad\/wp-json\/wp\/v2\/comments?post=51056"}],"version-history":[{"count":1,"href":"https:\/\/www.laguiadepamplona.com\/actualidad\/wp-json\/wp\/v2\/posts\/51056\/revisions"}],"predecessor-version":[{"id":51058,"href":"https:\/\/www.laguiadepamplona.com\/actualidad\/wp-json\/wp\/v2\/posts\/51056\/revisions\/51058"}],"wp:featuredmedia":[{"embeddable":true,"href":"https:\/\/www.laguiadepamplona.com\/actualidad\/wp-json\/wp\/v2\/media\/51057"}],"wp:attachment":[{"href":"https:\/\/www.laguiadepamplona.com\/actualidad\/wp-json\/wp\/v2\/media?parent=51056"}],"wp:term":[{"taxonomy":"category","embeddable":true,"href":"https:\/\/www.laguiadepamplona.com\/actualidad\/wp-json\/wp\/v2\/categories?post=51056"},{"taxonomy":"post_tag","embeddable":true,"href":"https:\/\/www.laguiadepamplona.com\/actualidad\/wp-json\/wp\/v2\/tags?post=51056"}],"curies":[{"name":"wp","href":"https:\/\/api.w.org\/{rel}","templated":true}]}}