{"id":51051,"date":"2024-10-15T13:02:10","date_gmt":"2024-10-15T11:02:10","guid":{"rendered":"https:\/\/www.laguiadepamplona.com\/actualidad\/?p=51051"},"modified":"2024-10-15T13:02:10","modified_gmt":"2024-10-15T11:02:10","slug":"creadores-de-referencia-y-nuevos-talentos-de-la-cultura-contemporanea-creada-en-euskera-protagonizan-el-festival-irunaldia-del-18-al-23-de-noviembre-en-el-casco-antiguo","status":"publish","type":"post","link":"https:\/\/www.laguiadepamplona.com\/actualidad\/creadores-de-referencia-y-nuevos-talentos-de-la-cultura-contemporanea-creada-en-euskera-protagonizan-el-festival-irunaldia-del-18-al-23-de-noviembre-en-el-casco-antiguo\/","title":{"rendered":"Creadores de referencia y nuevos talentos de la cultura contempor\u00e1nea creada en euskera protagonizan el festival Iru\u00f1aldia, del 18 al 23 de noviembre, en el Casco Antiguo"},"content":{"rendered":"<h2>Una decena de propuestas en torno a la m\u00fasica, danza, literatura, teatro o bertsolarismo tendr\u00e1n lugar en nueve espacios de Pamplona<\/h2>\n<p><!--more--><\/p>\n<p>El festival Iru\u00f1aldia se estrena en Pamplona el pr\u00f3ximo mes para acercar la cultura contempor\u00e1nea creada en euskera al p\u00fablico local. Durante seis d\u00edas, el 18 al 23 de noviembre, el Casco Antiguo acoger\u00e1 las propuestas m\u00e1s recientes y atrevidas de la cultura vasca en cuanto a m\u00fasica, danza, literatura, teatro o bertsolarismo. El programa completo se puede consultar en la p\u00e1gina web <a href=\"https:\/\/www.loraldia.eus\/plaza\/irunaldia\/\" target=\"_blank\" rel=\"noopener\">irunaldia.eus<\/a>.<\/p>\n<p>La primera edici\u00f3n del festival la han presentado en el Palacio del Condestable la concejala de Cultura, Fiestas, Educaci\u00f3n y Deporte, Maider Beloki Unzu, junto a la responsable de comunicaci\u00f3n de Loraldia, coorganizadora del festival, Amaia Ocerin Ladrero; y la directora de Zona de Laboral Kutxa, patrocinadora del evento, Maitane Bueno Zabalza. Tambi\u00e9n han colaborado cuatro agentes que trabajan en el mundo del euskera y la cultura en Pamplona: Katakrak, Karrikiri Iru\u00f1eako Euskaldunon Topagunea, Laba y Zaldiko Maldiko.<\/p>\n<p>Con la celebraci\u00f3n de Iru\u00f1aldia, creadores vascos referentes y nuevos talentos en diferentes disciplinas se dar\u00e1n cita en nueve espacios de Pamplona. El festival comenzar\u00e1 el lunes 18 de noviembre con dos actuaciones especiales. Los artistas Petti Bera y Ana Galarraga presentar\u00e1n, de la mano de Elkar, el disco-libro \u2018Frankestein agurgarria\u2019. A continuaci\u00f3n, la plaza del Ayuntamiento acoger\u00e1 el acto inaugural de Iru\u00f1aldia, con la actuaci\u00f3n conjunta de Duguna Iru\u00f1eko Dantzariak y Broken Brothers Brass Band, m\u00e1s los bertsolaris Sustrai Colina y Sarai Robles. La actuaci\u00f3n fusionar\u00e1 m\u00fasica, danza y bertsolarismo.<\/p>\n<p>Al d\u00eda siguiente, 19 de noviembre, la Compa\u00f1\u00eda Joven de Pabell\u00f3n 6 de Bilbao ofrecer\u00e1 la obra \u2018Egun zoragarriak (D\u00edas maravillosos)\u2019 en el Teatro Gayarre, en la versi\u00f3n en euskera de Patxo Telleria sobre el texto del escritor navarro Alfredo Sanzol. Esta comedia gamberra y sentimental reflexiona, a trav\u00e9s de breves escenas y a modo de puzzle emocional salpicado de humor, sobre la amistad, las relaciones personales y las fantas\u00edas que proyectamos fuera de la rutina de la vida cotidiana.<\/p>\n<p>El mi\u00e9rcoles 20 de noviembre se presentar\u00e1 el libro \u2018Itzulpena (Traducci\u00f3n)\u2019, de Angel Erro, junto al concierto ac\u00fastico de Petti en Karrikiri Iru\u00f1eako Euskaldunon Topagunea (calle Javier 4). Al comienzo, Angel Erro traer\u00e1 su \u00faltima creaci\u00f3n, \u2018Itzulpena-Traducci\u00f3n\u2019, la creatividad m\u00e1s curiosa que ha madurado el escritor, por el juego ling\u00fc\u00edstico que propone esta obra. En el segundo cap\u00edtulo se dar\u00e1 el salto de la poes\u00eda a la m\u00fasica, con la propuesta en solitario de Petti, acompa\u00f1ado por la guitarra, el proyecto que traer\u00e1 combina pensamiento, poes\u00eda y melod\u00eda.<\/p>\n<p><strong>Literatura, m\u00fasica, performance y cata<\/strong><\/p>\n<p>La primera propuesta del jueves 21 de noviembre llega de la mano de Mar\u00eda Os\u00e9s e Idoia Asurmendi, quienes presentar\u00e1n el espect\u00e1culo \u2018Munstroen bila: ohe azpian aurkitutakoak (En busca de monstruos: encontrados debajo de la cama)\u2019, en el espacio Laba (Plaza del Castillo 2). Estas dos mujeres son viejas amigas y durante estos a\u00f1os han creado varias canciones juntas, algunas de las cuales nunca han visto la luz. Para este espect\u00e1culo han retomado, revisado y reinventado los trabajos realizados y han creado las piezas no terminadas entonces. Tirando del di\u00e1logo entre la palabra y la m\u00fasica, los monstruos de debajo de la cama han sido despertados e invitados al escenario.<\/p>\n<p>Ese jueves, la bertsolari Maialen Lujanbio estar\u00e1 en Katakrak (calle Mayor 54) con la propuesta performativa \u2018RR\u2019. Esta obra combina bertsolarismo, palabra y audiovisuales. Es un recital construido con palabras, que utiliza el lenguaje de forma pl\u00e1stica: en sonido, texto escrito, palabras planas, versos&#8230; e interact\u00faa con sonidos pregrabados y proyecciones en pantalla. Habla de los temas que nos rodean, desde la garganta de Maialen Lujanbio.<\/p>\n<p>El 22 de noviembre, el festival ofrece una actuaci\u00f3n especial de Bozak, producci\u00f3n propia de Loraldia creada especialmente para Iru\u00f1aldia. En el escenario del Palacio del Condestable, tres mujeres procedentes de tres territorios diferentes: Nerea Erbiti, Lide Hernando y Maialen Errotabehere. Tres cantantes y tres estilos totalmente distintos. La tierra navarra traer\u00e1 a Nerea Erbiti, una cantante que se mueve c\u00f3moda en el mundo del jazz, y es habitual en las bandas de Ion Celestino y Joseba Tapia; tambi\u00e9n investiga y canta viejas canciones navarras. Desde Lapurdi llega la fascinante voz de Maialen Errotabehere para presentar el disco que acaba de grabar; soul y pop alegre son los gustos de esta cantante nacida en Baja Navarra. De Gipuzkoa nos llega Lide Hernando, quien tras varios a\u00f1os como voz del grupo Liher, ha iniciado su carrera en solitario: ahora su propuesta se denomina Bele y trabaja nuevos estilos musicales: pop, soul, funky&#8230; Cita ineludible para sumergirse en la m\u00fasica vasca actual.<\/p>\n<p><strong>Triple oferta para cerrar el festival<\/strong><\/p>\n<p>El s\u00e1bado 23 de noviembre, tres propuestas diferentes despiden la primera edici\u00f3n del festival. Por la ma\u00f1ana, en Zaldiko Maldiko (calle Ansoleaga 9) se podr\u00e1 disfrutar de una cata gratuita de vinos y m\u00fasica, con la bodega Baztango Xurie upategia y el m\u00fasico Mikel Inun como protagonistas. La bodega Baztango Xurie sit\u00faa sus vi\u00f1edos en Arizkun; desde la cosecha de 2019 vinculan la uva recogida en los vi\u00f1edos, creando vinos naturales. Mikel Inun, por su parte, public\u00f3 su primer disco en 2014 y desde entonces, no ha dejado de crear ni de recorrer nuevos caminos. Tampoco se ha sentido limitado al pop; comenz\u00f3 a trabajar temas propios honestos y directos, y despu\u00e9s ha musicado las letras de varias poetas (Itxaro Borda, Miren Agur Meabe&#8230;). Pero el ritmo, el humor y la frescura siempre han sido importantes elementos de conocimiento de la personalidad de Inun, y sus nuevas propuestas musicales tienen estos caminos y objetivos.<\/p>\n<p>Por la tarde, en la plaza del Ayuntamiento la Compa\u00f1\u00eda de Danza Kukai ofrecer\u00e1 la coreograf\u00eda \u2018Gelajauziak\u2019, obra creada hace nueve a\u00f1os por Cesc Gelabert y Jon Maya que gan\u00f3 dos premios MAX. Ahora Kukai ha hecho una peque\u00f1a adaptaci\u00f3n y la ofrece en un formato m\u00e1s peque\u00f1o.<\/p>\n<p>Y la \u00faltima actuaci\u00f3n de Iru\u00f1aldia ser\u00e1 la obra \u2018Ai, gure juaneteak\u2019, canciones de Mikel Laboa desde la mirada de un animal humano actual. Es una obra de Patxo Telleria que combina mon\u00f3logos de diferentes m\u00fasicas y estilos. Junto a \u00e9l estar\u00e1n en el escenario Adri\u00e1n Garc\u00eda de los Ojos y Maider L\u00f3pez. La actuaci\u00f3n tendr\u00e1 lugar en la Escuela Navarra de Teatro (calle San Agust\u00edn 3). \u2018Ai, gure juaneteak\u2019 es una visi\u00f3n esc\u00e9nica h\u00edbrida que combina palabras y m\u00fasica, a trav\u00e9s de un actor-m\u00fasico y dos musicos-actores. El texto de la obra es una completa reinterpretaci\u00f3n de algunas canciones de Mikel Laboa.<\/p>\n","protected":false},"excerpt":{"rendered":"<p>Una decena de propuestas en torno a la m\u00fasica, danza, literatura, teatro o bertsolarismo tendr\u00e1n lugar en nueve espacios de Pamplona<\/p>\n","protected":false},"author":1,"featured_media":51052,"comment_status":"open","ping_status":"closed","sticky":false,"template":"","format":"standard","meta":{"footnotes":""},"categories":[2],"tags":[],"class_list":["post-51051","post","type-post","status-publish","format-standard","has-post-thumbnail","hentry","category-ayuntamiento-pamplona"],"yoast_head":"<!-- This site is optimized with the Yoast SEO plugin v27.3 - https:\/\/yoast.com\/product\/yoast-seo-wordpress\/ -->\n<title>Creadores de referencia y nuevos talentos de la cultura contempor\u00e1nea creada en euskera protagonizan el festival Iru\u00f1aldia, del 18 al 23 de noviembre, en el Casco Antiguo<\/title>\n<meta name=\"description\" content=\"Una decena de propuestas en torno a la m\u00fasica, danza, literatura, teatro o bertsolarismo tendr\u00e1n lugar en nueve espacios de Pamplona\" \/>\n<meta name=\"robots\" content=\"index, follow, max-snippet:-1, max-image-preview:large, max-video-preview:-1\" \/>\n<link rel=\"canonical\" href=\"https:\/\/www.laguiadepamplona.com\/actualidad\/creadores-de-referencia-y-nuevos-talentos-de-la-cultura-contemporanea-creada-en-euskera-protagonizan-el-festival-irunaldia-del-18-al-23-de-noviembre-en-el-casco-antiguo\/\" \/>\n<meta property=\"og:locale\" content=\"es_ES\" \/>\n<meta property=\"og:type\" content=\"article\" \/>\n<meta property=\"og:title\" content=\"Creadores de referencia y nuevos talentos de la cultura contempor\u00e1nea creada en euskera protagonizan el festival Iru\u00f1aldia, del 18 al 23 de noviembre, en el Casco Antiguo\" \/>\n<meta property=\"og:description\" content=\"Una decena de propuestas en torno a la m\u00fasica, danza, literatura, teatro o bertsolarismo tendr\u00e1n lugar en nueve espacios de Pamplona\" \/>\n<meta property=\"og:url\" content=\"https:\/\/www.laguiadepamplona.com\/actualidad\/creadores-de-referencia-y-nuevos-talentos-de-la-cultura-contemporanea-creada-en-euskera-protagonizan-el-festival-irunaldia-del-18-al-23-de-noviembre-en-el-casco-antiguo\/\" \/>\n<meta property=\"og:site_name\" content=\"La Gu\u00eda de Pamplona\" \/>\n<meta property=\"article:publisher\" content=\"https:\/\/www.facebook.com\/laguiadepamplonacom-133175176762273\/?ref=hl\" \/>\n<meta property=\"article:published_time\" content=\"2024-10-15T11:02:10+00:00\" \/>\n<meta property=\"og:image\" content=\"https:\/\/www.laguiadepamplona.com\/actualidad\/wp-content\/uploads\/2024\/10\/irunaldia_web.webp\" \/>\n\t<meta property=\"og:image:width\" content=\"450\" \/>\n\t<meta property=\"og:image:height\" content=\"562\" \/>\n\t<meta property=\"og:image:type\" content=\"image\/webp\" \/>\n<meta name=\"author\" content=\"La Gu\u00eda de Pamplona\" \/>\n<meta name=\"twitter:card\" content=\"summary_large_image\" \/>\n<meta name=\"twitter:creator\" content=\"@LaGuiadPamplona\" \/>\n<meta name=\"twitter:site\" content=\"@LaGuiadPamplona\" \/>\n<meta name=\"twitter:label1\" content=\"Escrito por\" \/>\n\t<meta name=\"twitter:data1\" content=\"La Gu\u00eda de Pamplona\" \/>\n\t<meta name=\"twitter:label2\" content=\"Tiempo de lectura\" \/>\n\t<meta name=\"twitter:data2\" content=\"5 minutos\" \/>\n<script type=\"application\/ld+json\" class=\"yoast-schema-graph\">{\"@context\":\"https:\\\/\\\/schema.org\",\"@graph\":[{\"@type\":\"Article\",\"@id\":\"https:\\\/\\\/www.laguiadepamplona.com\\\/actualidad\\\/creadores-de-referencia-y-nuevos-talentos-de-la-cultura-contemporanea-creada-en-euskera-protagonizan-el-festival-irunaldia-del-18-al-23-de-noviembre-en-el-casco-antiguo\\\/#article\",\"isPartOf\":{\"@id\":\"https:\\\/\\\/www.laguiadepamplona.com\\\/actualidad\\\/creadores-de-referencia-y-nuevos-talentos-de-la-cultura-contemporanea-creada-en-euskera-protagonizan-el-festival-irunaldia-del-18-al-23-de-noviembre-en-el-casco-antiguo\\\/\"},\"author\":{\"name\":\"La Gu\u00eda de Pamplona\",\"@id\":\"https:\\\/\\\/www.laguiadepamplona.com\\\/actualidad\\\/#\\\/schema\\\/person\\\/efe887376f0213d4657c93adc50b1fdb\"},\"headline\":\"Creadores de referencia y nuevos talentos de la cultura contempor\u00e1nea creada en euskera protagonizan el festival Iru\u00f1aldia, del 18 al 23 de noviembre, en el Casco Antiguo\",\"datePublished\":\"2024-10-15T11:02:10+00:00\",\"mainEntityOfPage\":{\"@id\":\"https:\\\/\\\/www.laguiadepamplona.com\\\/actualidad\\\/creadores-de-referencia-y-nuevos-talentos-de-la-cultura-contemporanea-creada-en-euskera-protagonizan-el-festival-irunaldia-del-18-al-23-de-noviembre-en-el-casco-antiguo\\\/\"},\"wordCount\":1184,\"commentCount\":0,\"publisher\":{\"@id\":\"https:\\\/\\\/www.laguiadepamplona.com\\\/actualidad\\\/#organization\"},\"image\":{\"@id\":\"https:\\\/\\\/www.laguiadepamplona.com\\\/actualidad\\\/creadores-de-referencia-y-nuevos-talentos-de-la-cultura-contemporanea-creada-en-euskera-protagonizan-el-festival-irunaldia-del-18-al-23-de-noviembre-en-el-casco-antiguo\\\/#primaryimage\"},\"thumbnailUrl\":\"https:\\\/\\\/www.laguiadepamplona.com\\\/actualidad\\\/wp-content\\\/uploads\\\/2024\\\/10\\\/irunaldia_web.webp\",\"articleSection\":[\"Ayto Pamplona\"],\"inLanguage\":\"es\",\"potentialAction\":[{\"@type\":\"CommentAction\",\"name\":\"Comment\",\"target\":[\"https:\\\/\\\/www.laguiadepamplona.com\\\/actualidad\\\/creadores-de-referencia-y-nuevos-talentos-de-la-cultura-contemporanea-creada-en-euskera-protagonizan-el-festival-irunaldia-del-18-al-23-de-noviembre-en-el-casco-antiguo\\\/#respond\"]}]},{\"@type\":\"WebPage\",\"@id\":\"https:\\\/\\\/www.laguiadepamplona.com\\\/actualidad\\\/creadores-de-referencia-y-nuevos-talentos-de-la-cultura-contemporanea-creada-en-euskera-protagonizan-el-festival-irunaldia-del-18-al-23-de-noviembre-en-el-casco-antiguo\\\/\",\"url\":\"https:\\\/\\\/www.laguiadepamplona.com\\\/actualidad\\\/creadores-de-referencia-y-nuevos-talentos-de-la-cultura-contemporanea-creada-en-euskera-protagonizan-el-festival-irunaldia-del-18-al-23-de-noviembre-en-el-casco-antiguo\\\/\",\"name\":\"Creadores de referencia y nuevos talentos de la cultura contempor\u00e1nea creada en euskera protagonizan el festival Iru\u00f1aldia, del 18 al 23 de noviembre, en el Casco Antiguo\",\"isPartOf\":{\"@id\":\"https:\\\/\\\/www.laguiadepamplona.com\\\/actualidad\\\/#website\"},\"primaryImageOfPage\":{\"@id\":\"https:\\\/\\\/www.laguiadepamplona.com\\\/actualidad\\\/creadores-de-referencia-y-nuevos-talentos-de-la-cultura-contemporanea-creada-en-euskera-protagonizan-el-festival-irunaldia-del-18-al-23-de-noviembre-en-el-casco-antiguo\\\/#primaryimage\"},\"image\":{\"@id\":\"https:\\\/\\\/www.laguiadepamplona.com\\\/actualidad\\\/creadores-de-referencia-y-nuevos-talentos-de-la-cultura-contemporanea-creada-en-euskera-protagonizan-el-festival-irunaldia-del-18-al-23-de-noviembre-en-el-casco-antiguo\\\/#primaryimage\"},\"thumbnailUrl\":\"https:\\\/\\\/www.laguiadepamplona.com\\\/actualidad\\\/wp-content\\\/uploads\\\/2024\\\/10\\\/irunaldia_web.webp\",\"datePublished\":\"2024-10-15T11:02:10+00:00\",\"description\":\"Una decena de propuestas en torno a la m\u00fasica, danza, literatura, teatro o bertsolarismo tendr\u00e1n lugar en nueve espacios de Pamplona\",\"breadcrumb\":{\"@id\":\"https:\\\/\\\/www.laguiadepamplona.com\\\/actualidad\\\/creadores-de-referencia-y-nuevos-talentos-de-la-cultura-contemporanea-creada-en-euskera-protagonizan-el-festival-irunaldia-del-18-al-23-de-noviembre-en-el-casco-antiguo\\\/#breadcrumb\"},\"inLanguage\":\"es\",\"potentialAction\":[{\"@type\":\"ReadAction\",\"target\":[\"https:\\\/\\\/www.laguiadepamplona.com\\\/actualidad\\\/creadores-de-referencia-y-nuevos-talentos-de-la-cultura-contemporanea-creada-en-euskera-protagonizan-el-festival-irunaldia-del-18-al-23-de-noviembre-en-el-casco-antiguo\\\/\"]}]},{\"@type\":\"ImageObject\",\"inLanguage\":\"es\",\"@id\":\"https:\\\/\\\/www.laguiadepamplona.com\\\/actualidad\\\/creadores-de-referencia-y-nuevos-talentos-de-la-cultura-contemporanea-creada-en-euskera-protagonizan-el-festival-irunaldia-del-18-al-23-de-noviembre-en-el-casco-antiguo\\\/#primaryimage\",\"url\":\"https:\\\/\\\/www.laguiadepamplona.com\\\/actualidad\\\/wp-content\\\/uploads\\\/2024\\\/10\\\/irunaldia_web.webp\",\"contentUrl\":\"https:\\\/\\\/www.laguiadepamplona.com\\\/actualidad\\\/wp-content\\\/uploads\\\/2024\\\/10\\\/irunaldia_web.webp\",\"width\":450,\"height\":562,\"caption\":\"Iru\u00f1aldia\"},{\"@type\":\"BreadcrumbList\",\"@id\":\"https:\\\/\\\/www.laguiadepamplona.com\\\/actualidad\\\/creadores-de-referencia-y-nuevos-talentos-de-la-cultura-contemporanea-creada-en-euskera-protagonizan-el-festival-irunaldia-del-18-al-23-de-noviembre-en-el-casco-antiguo\\\/#breadcrumb\",\"itemListElement\":[{\"@type\":\"ListItem\",\"position\":1,\"name\":\"Portada\",\"item\":\"https:\\\/\\\/www.laguiadepamplona.com\\\/actualidad\\\/\"},{\"@type\":\"ListItem\",\"position\":2,\"name\":\"Creadores de referencia y nuevos talentos de la cultura contempor\u00e1nea creada en euskera protagonizan el festival Iru\u00f1aldia, del 18 al 23 de noviembre, en el Casco Antiguo\"}]},{\"@type\":\"WebSite\",\"@id\":\"https:\\\/\\\/www.laguiadepamplona.com\\\/actualidad\\\/#website\",\"url\":\"https:\\\/\\\/www.laguiadepamplona.com\\\/actualidad\\\/\",\"name\":\"La gu\u00eda de Pamplona\",\"description\":\"Noticias de Pamplona\",\"publisher\":{\"@id\":\"https:\\\/\\\/www.laguiadepamplona.com\\\/actualidad\\\/#organization\"},\"potentialAction\":[{\"@type\":\"SearchAction\",\"target\":{\"@type\":\"EntryPoint\",\"urlTemplate\":\"https:\\\/\\\/www.laguiadepamplona.com\\\/actualidad\\\/?s={search_term_string}\"},\"query-input\":{\"@type\":\"PropertyValueSpecification\",\"valueRequired\":true,\"valueName\":\"search_term_string\"}}],\"inLanguage\":\"es\"},{\"@type\":\"Organization\",\"@id\":\"https:\\\/\\\/www.laguiadepamplona.com\\\/actualidad\\\/#organization\",\"name\":\"La Gu\u00eda de Pamplona \\\/ Noticias\",\"url\":\"https:\\\/\\\/www.laguiadepamplona.com\\\/actualidad\\\/\",\"logo\":{\"@type\":\"ImageObject\",\"inLanguage\":\"es\",\"@id\":\"https:\\\/\\\/www.laguiadepamplona.com\\\/actualidad\\\/#\\\/schema\\\/logo\\\/image\\\/\",\"url\":\"https:\\\/\\\/www.laguiadepamplona.com\\\/actualidad\\\/wp-content\\\/uploads\\\/2018\\\/11\\\/logo-laguiadepamplona18-web1.png\",\"contentUrl\":\"https:\\\/\\\/www.laguiadepamplona.com\\\/actualidad\\\/wp-content\\\/uploads\\\/2018\\\/11\\\/logo-laguiadepamplona18-web1.png\",\"width\":600,\"height\":196,\"caption\":\"La Gu\u00eda de Pamplona \\\/ Noticias\"},\"image\":{\"@id\":\"https:\\\/\\\/www.laguiadepamplona.com\\\/actualidad\\\/#\\\/schema\\\/logo\\\/image\\\/\"},\"sameAs\":[\"https:\\\/\\\/www.facebook.com\\\/laguiadepamplonacom-133175176762273\\\/?ref=hl\",\"https:\\\/\\\/x.com\\\/LaGuiadPamplona\",\"https:\\\/\\\/www.instagram.com\\\/la_guia_de_pamplona\\\/\",\"https:\\\/\\\/www.youtube.com\\\/user\\\/laguiadepamplona\"]},{\"@type\":\"Person\",\"@id\":\"https:\\\/\\\/www.laguiadepamplona.com\\\/actualidad\\\/#\\\/schema\\\/person\\\/efe887376f0213d4657c93adc50b1fdb\",\"name\":\"La Gu\u00eda de Pamplona\",\"image\":{\"@type\":\"ImageObject\",\"inLanguage\":\"es\",\"@id\":\"https:\\\/\\\/secure.gravatar.com\\\/avatar\\\/b6992f131dc8d30ab0dff15446e9d346d9dbd95992de0fef795073f5ea83a81c?s=96&d=mm&r=g\",\"url\":\"https:\\\/\\\/secure.gravatar.com\\\/avatar\\\/b6992f131dc8d30ab0dff15446e9d346d9dbd95992de0fef795073f5ea83a81c?s=96&d=mm&r=g\",\"contentUrl\":\"https:\\\/\\\/secure.gravatar.com\\\/avatar\\\/b6992f131dc8d30ab0dff15446e9d346d9dbd95992de0fef795073f5ea83a81c?s=96&d=mm&r=g\",\"caption\":\"La Gu\u00eda de Pamplona\"}}]}<\/script>\n<!-- \/ Yoast SEO plugin. -->","yoast_head_json":{"title":"Creadores de referencia y nuevos talentos de la cultura contempor\u00e1nea creada en euskera protagonizan el festival Iru\u00f1aldia, del 18 al 23 de noviembre, en el Casco Antiguo","description":"Una decena de propuestas en torno a la m\u00fasica, danza, literatura, teatro o bertsolarismo tendr\u00e1n lugar en nueve espacios de Pamplona","robots":{"index":"index","follow":"follow","max-snippet":"max-snippet:-1","max-image-preview":"max-image-preview:large","max-video-preview":"max-video-preview:-1"},"canonical":"https:\/\/www.laguiadepamplona.com\/actualidad\/creadores-de-referencia-y-nuevos-talentos-de-la-cultura-contemporanea-creada-en-euskera-protagonizan-el-festival-irunaldia-del-18-al-23-de-noviembre-en-el-casco-antiguo\/","og_locale":"es_ES","og_type":"article","og_title":"Creadores de referencia y nuevos talentos de la cultura contempor\u00e1nea creada en euskera protagonizan el festival Iru\u00f1aldia, del 18 al 23 de noviembre, en el Casco Antiguo","og_description":"Una decena de propuestas en torno a la m\u00fasica, danza, literatura, teatro o bertsolarismo tendr\u00e1n lugar en nueve espacios de Pamplona","og_url":"https:\/\/www.laguiadepamplona.com\/actualidad\/creadores-de-referencia-y-nuevos-talentos-de-la-cultura-contemporanea-creada-en-euskera-protagonizan-el-festival-irunaldia-del-18-al-23-de-noviembre-en-el-casco-antiguo\/","og_site_name":"La Gu\u00eda de Pamplona","article_publisher":"https:\/\/www.facebook.com\/laguiadepamplonacom-133175176762273\/?ref=hl","article_published_time":"2024-10-15T11:02:10+00:00","og_image":[{"width":450,"height":562,"url":"https:\/\/www.laguiadepamplona.com\/actualidad\/wp-content\/uploads\/2024\/10\/irunaldia_web.webp","type":"image\/webp"}],"author":"La Gu\u00eda de Pamplona","twitter_card":"summary_large_image","twitter_creator":"@LaGuiadPamplona","twitter_site":"@LaGuiadPamplona","twitter_misc":{"Escrito por":"La Gu\u00eda de Pamplona","Tiempo de lectura":"5 minutos"},"schema":{"@context":"https:\/\/schema.org","@graph":[{"@type":"Article","@id":"https:\/\/www.laguiadepamplona.com\/actualidad\/creadores-de-referencia-y-nuevos-talentos-de-la-cultura-contemporanea-creada-en-euskera-protagonizan-el-festival-irunaldia-del-18-al-23-de-noviembre-en-el-casco-antiguo\/#article","isPartOf":{"@id":"https:\/\/www.laguiadepamplona.com\/actualidad\/creadores-de-referencia-y-nuevos-talentos-de-la-cultura-contemporanea-creada-en-euskera-protagonizan-el-festival-irunaldia-del-18-al-23-de-noviembre-en-el-casco-antiguo\/"},"author":{"name":"La Gu\u00eda de Pamplona","@id":"https:\/\/www.laguiadepamplona.com\/actualidad\/#\/schema\/person\/efe887376f0213d4657c93adc50b1fdb"},"headline":"Creadores de referencia y nuevos talentos de la cultura contempor\u00e1nea creada en euskera protagonizan el festival Iru\u00f1aldia, del 18 al 23 de noviembre, en el Casco Antiguo","datePublished":"2024-10-15T11:02:10+00:00","mainEntityOfPage":{"@id":"https:\/\/www.laguiadepamplona.com\/actualidad\/creadores-de-referencia-y-nuevos-talentos-de-la-cultura-contemporanea-creada-en-euskera-protagonizan-el-festival-irunaldia-del-18-al-23-de-noviembre-en-el-casco-antiguo\/"},"wordCount":1184,"commentCount":0,"publisher":{"@id":"https:\/\/www.laguiadepamplona.com\/actualidad\/#organization"},"image":{"@id":"https:\/\/www.laguiadepamplona.com\/actualidad\/creadores-de-referencia-y-nuevos-talentos-de-la-cultura-contemporanea-creada-en-euskera-protagonizan-el-festival-irunaldia-del-18-al-23-de-noviembre-en-el-casco-antiguo\/#primaryimage"},"thumbnailUrl":"https:\/\/www.laguiadepamplona.com\/actualidad\/wp-content\/uploads\/2024\/10\/irunaldia_web.webp","articleSection":["Ayto Pamplona"],"inLanguage":"es","potentialAction":[{"@type":"CommentAction","name":"Comment","target":["https:\/\/www.laguiadepamplona.com\/actualidad\/creadores-de-referencia-y-nuevos-talentos-de-la-cultura-contemporanea-creada-en-euskera-protagonizan-el-festival-irunaldia-del-18-al-23-de-noviembre-en-el-casco-antiguo\/#respond"]}]},{"@type":"WebPage","@id":"https:\/\/www.laguiadepamplona.com\/actualidad\/creadores-de-referencia-y-nuevos-talentos-de-la-cultura-contemporanea-creada-en-euskera-protagonizan-el-festival-irunaldia-del-18-al-23-de-noviembre-en-el-casco-antiguo\/","url":"https:\/\/www.laguiadepamplona.com\/actualidad\/creadores-de-referencia-y-nuevos-talentos-de-la-cultura-contemporanea-creada-en-euskera-protagonizan-el-festival-irunaldia-del-18-al-23-de-noviembre-en-el-casco-antiguo\/","name":"Creadores de referencia y nuevos talentos de la cultura contempor\u00e1nea creada en euskera protagonizan el festival Iru\u00f1aldia, del 18 al 23 de noviembre, en el Casco Antiguo","isPartOf":{"@id":"https:\/\/www.laguiadepamplona.com\/actualidad\/#website"},"primaryImageOfPage":{"@id":"https:\/\/www.laguiadepamplona.com\/actualidad\/creadores-de-referencia-y-nuevos-talentos-de-la-cultura-contemporanea-creada-en-euskera-protagonizan-el-festival-irunaldia-del-18-al-23-de-noviembre-en-el-casco-antiguo\/#primaryimage"},"image":{"@id":"https:\/\/www.laguiadepamplona.com\/actualidad\/creadores-de-referencia-y-nuevos-talentos-de-la-cultura-contemporanea-creada-en-euskera-protagonizan-el-festival-irunaldia-del-18-al-23-de-noviembre-en-el-casco-antiguo\/#primaryimage"},"thumbnailUrl":"https:\/\/www.laguiadepamplona.com\/actualidad\/wp-content\/uploads\/2024\/10\/irunaldia_web.webp","datePublished":"2024-10-15T11:02:10+00:00","description":"Una decena de propuestas en torno a la m\u00fasica, danza, literatura, teatro o bertsolarismo tendr\u00e1n lugar en nueve espacios de Pamplona","breadcrumb":{"@id":"https:\/\/www.laguiadepamplona.com\/actualidad\/creadores-de-referencia-y-nuevos-talentos-de-la-cultura-contemporanea-creada-en-euskera-protagonizan-el-festival-irunaldia-del-18-al-23-de-noviembre-en-el-casco-antiguo\/#breadcrumb"},"inLanguage":"es","potentialAction":[{"@type":"ReadAction","target":["https:\/\/www.laguiadepamplona.com\/actualidad\/creadores-de-referencia-y-nuevos-talentos-de-la-cultura-contemporanea-creada-en-euskera-protagonizan-el-festival-irunaldia-del-18-al-23-de-noviembre-en-el-casco-antiguo\/"]}]},{"@type":"ImageObject","inLanguage":"es","@id":"https:\/\/www.laguiadepamplona.com\/actualidad\/creadores-de-referencia-y-nuevos-talentos-de-la-cultura-contemporanea-creada-en-euskera-protagonizan-el-festival-irunaldia-del-18-al-23-de-noviembre-en-el-casco-antiguo\/#primaryimage","url":"https:\/\/www.laguiadepamplona.com\/actualidad\/wp-content\/uploads\/2024\/10\/irunaldia_web.webp","contentUrl":"https:\/\/www.laguiadepamplona.com\/actualidad\/wp-content\/uploads\/2024\/10\/irunaldia_web.webp","width":450,"height":562,"caption":"Iru\u00f1aldia"},{"@type":"BreadcrumbList","@id":"https:\/\/www.laguiadepamplona.com\/actualidad\/creadores-de-referencia-y-nuevos-talentos-de-la-cultura-contemporanea-creada-en-euskera-protagonizan-el-festival-irunaldia-del-18-al-23-de-noviembre-en-el-casco-antiguo\/#breadcrumb","itemListElement":[{"@type":"ListItem","position":1,"name":"Portada","item":"https:\/\/www.laguiadepamplona.com\/actualidad\/"},{"@type":"ListItem","position":2,"name":"Creadores de referencia y nuevos talentos de la cultura contempor\u00e1nea creada en euskera protagonizan el festival Iru\u00f1aldia, del 18 al 23 de noviembre, en el Casco Antiguo"}]},{"@type":"WebSite","@id":"https:\/\/www.laguiadepamplona.com\/actualidad\/#website","url":"https:\/\/www.laguiadepamplona.com\/actualidad\/","name":"La gu\u00eda de Pamplona","description":"Noticias de Pamplona","publisher":{"@id":"https:\/\/www.laguiadepamplona.com\/actualidad\/#organization"},"potentialAction":[{"@type":"SearchAction","target":{"@type":"EntryPoint","urlTemplate":"https:\/\/www.laguiadepamplona.com\/actualidad\/?s={search_term_string}"},"query-input":{"@type":"PropertyValueSpecification","valueRequired":true,"valueName":"search_term_string"}}],"inLanguage":"es"},{"@type":"Organization","@id":"https:\/\/www.laguiadepamplona.com\/actualidad\/#organization","name":"La Gu\u00eda de Pamplona \/ Noticias","url":"https:\/\/www.laguiadepamplona.com\/actualidad\/","logo":{"@type":"ImageObject","inLanguage":"es","@id":"https:\/\/www.laguiadepamplona.com\/actualidad\/#\/schema\/logo\/image\/","url":"https:\/\/www.laguiadepamplona.com\/actualidad\/wp-content\/uploads\/2018\/11\/logo-laguiadepamplona18-web1.png","contentUrl":"https:\/\/www.laguiadepamplona.com\/actualidad\/wp-content\/uploads\/2018\/11\/logo-laguiadepamplona18-web1.png","width":600,"height":196,"caption":"La Gu\u00eda de Pamplona \/ Noticias"},"image":{"@id":"https:\/\/www.laguiadepamplona.com\/actualidad\/#\/schema\/logo\/image\/"},"sameAs":["https:\/\/www.facebook.com\/laguiadepamplonacom-133175176762273\/?ref=hl","https:\/\/x.com\/LaGuiadPamplona","https:\/\/www.instagram.com\/la_guia_de_pamplona\/","https:\/\/www.youtube.com\/user\/laguiadepamplona"]},{"@type":"Person","@id":"https:\/\/www.laguiadepamplona.com\/actualidad\/#\/schema\/person\/efe887376f0213d4657c93adc50b1fdb","name":"La Gu\u00eda de Pamplona","image":{"@type":"ImageObject","inLanguage":"es","@id":"https:\/\/secure.gravatar.com\/avatar\/b6992f131dc8d30ab0dff15446e9d346d9dbd95992de0fef795073f5ea83a81c?s=96&d=mm&r=g","url":"https:\/\/secure.gravatar.com\/avatar\/b6992f131dc8d30ab0dff15446e9d346d9dbd95992de0fef795073f5ea83a81c?s=96&d=mm&r=g","contentUrl":"https:\/\/secure.gravatar.com\/avatar\/b6992f131dc8d30ab0dff15446e9d346d9dbd95992de0fef795073f5ea83a81c?s=96&d=mm&r=g","caption":"La Gu\u00eda de Pamplona"}}]}},"post_mailing_queue_ids":[],"_links":{"self":[{"href":"https:\/\/www.laguiadepamplona.com\/actualidad\/wp-json\/wp\/v2\/posts\/51051","targetHints":{"allow":["GET"]}}],"collection":[{"href":"https:\/\/www.laguiadepamplona.com\/actualidad\/wp-json\/wp\/v2\/posts"}],"about":[{"href":"https:\/\/www.laguiadepamplona.com\/actualidad\/wp-json\/wp\/v2\/types\/post"}],"author":[{"embeddable":true,"href":"https:\/\/www.laguiadepamplona.com\/actualidad\/wp-json\/wp\/v2\/users\/1"}],"replies":[{"embeddable":true,"href":"https:\/\/www.laguiadepamplona.com\/actualidad\/wp-json\/wp\/v2\/comments?post=51051"}],"version-history":[{"count":1,"href":"https:\/\/www.laguiadepamplona.com\/actualidad\/wp-json\/wp\/v2\/posts\/51051\/revisions"}],"predecessor-version":[{"id":51053,"href":"https:\/\/www.laguiadepamplona.com\/actualidad\/wp-json\/wp\/v2\/posts\/51051\/revisions\/51053"}],"wp:featuredmedia":[{"embeddable":true,"href":"https:\/\/www.laguiadepamplona.com\/actualidad\/wp-json\/wp\/v2\/media\/51052"}],"wp:attachment":[{"href":"https:\/\/www.laguiadepamplona.com\/actualidad\/wp-json\/wp\/v2\/media?parent=51051"}],"wp:term":[{"taxonomy":"category","embeddable":true,"href":"https:\/\/www.laguiadepamplona.com\/actualidad\/wp-json\/wp\/v2\/categories?post=51051"},{"taxonomy":"post_tag","embeddable":true,"href":"https:\/\/www.laguiadepamplona.com\/actualidad\/wp-json\/wp\/v2\/tags?post=51051"}],"curies":[{"name":"wp","href":"https:\/\/api.w.org\/{rel}","templated":true}]}}