{"id":51045,"date":"2024-10-15T12:58:31","date_gmt":"2024-10-15T10:58:31","guid":{"rendered":"https:\/\/www.laguiadepamplona.com\/actualidad\/?p=51045"},"modified":"2024-10-15T13:04:32","modified_gmt":"2024-10-15T11:04:32","slug":"los-equipos-redactores-de-los-proyectos-seleccionados-para-la-transformacion-de-san-jorge-presentan-este-miercoles-sus-propuestas-a-la-ciudadania-en-el-civivox-del-barrio","status":"publish","type":"post","link":"https:\/\/www.laguiadepamplona.com\/actualidad\/los-equipos-redactores-de-los-proyectos-seleccionados-para-la-transformacion-de-san-jorge-presentan-este-miercoles-sus-propuestas-a-la-ciudadania-en-el-civivox-del-barrio\/","title":{"rendered":"Los equipos redactores de los proyectos seleccionados para la transformaci\u00f3n de San Jorge presentan este mi\u00e9rcoles sus propuestas a la ciudadan\u00eda en el civivox del barrio"},"content":{"rendered":"<h2>El alcalde de Pamplona acudir\u00e1 a Civivox San Jorge, a partir de las 18 horas, para participar en la jornada que abre el proceso participativo en el barrio<\/h2>\n<p><!--more--><\/p>\n<p>Conocidas la semana pasada las propuestas para la transformaci\u00f3n de San Jorge, este mi\u00e9rcoles se pone en marcha el proceso participativo para seguir definiendo las soluciones a la movilidad en el barrio. Civivox San Jorge acoge a las 18 horas la jornada de presentaci\u00f3n de las tres propuestas seleccionadas con la explicaci\u00f3n que ofrecer\u00e1n los distintos equipos redactores. Est\u00e1 prevista la participaci\u00f3n del alcalde de Pamplona, Joseba Asiron Saez, as\u00ed como de personal t\u00e9cnico municipal. La jornada podr\u00e1 seguirse en el <a href=\"https:\/\/www.youtube.com\/watch?v=LYECQCaM18o\" target=\"_blank\" rel=\"noopener\">canal de Youtube Participa Pamplona<\/a>.<\/p>\n<p>\u2018M\u00e1s barrio menos barreras\u2019, \u2018Tres en raya\u2019 y \u2018verde-ANDO\u2019 son las propuestas elegidas por el jurado, que coinciden en la necesidad de soterrar total o parcialmente la avenida de Navarra a su paso por San Jorge, as\u00ed como en la generaci\u00f3n de nuevos espacios peatonales, en la creaci\u00f3n de zonas verdes y en la revitalizaci\u00f3n de plazas interiores ahora infrautilizadas. El propio Civivox San Jorge acoger\u00e1 del 17 de octubre al 20 de noviembre una exposici\u00f3n fija con paneles y material explicativo de las propuestas para darlas a conocer y para que la ciudadan\u00eda pueda realizar aportaciones.<\/p>\n<p>Esta jornada de presentaci\u00f3n se completar\u00e1 durante las pr\u00f3ximas semanas con cuatro talleres de debate sobre las propuestas que se celebrar\u00e1n en cada uno de los cuadrantes en los que se divide el barrio. Los mi\u00e9rcoles 30 de octubre y 6, 13 y 20 de noviembre tendr\u00e1n lugar sendas sesiones explicativas de cada una de las zonas de cara a conocer m\u00e1s pormenorizadamente las actuaciones que prev\u00e9 cada propuesta. En ellas, se podr\u00e1n realizar tambi\u00e9n aportaciones y sugerencias a los proyectos presentados. La participaci\u00f3n est\u00e1 abierta a toda la ciudadan\u00eda.<\/p>\n<p>&nbsp;<\/p>\n<h3>Proceso de transformaci\u00f3n de San Jorge. Proceso participativo<\/h3>\n<ul>\n<li><strong>JORNADA DE PRESENTACI\u00d3N<\/strong><\/li>\n<\/ul>\n<p>Mi\u00e9rcoles 16 de octubre, 18.30 horas. Civivox San Jorge (retransmisi\u00f3n en el <a href=\"https:\/\/www.youtube.com\/watch?v=LYECQCaM18o\" target=\"_blank\" rel=\"noopener\">canal de Youtube Participa Pamplona<\/a>)<\/p>\n<ul>\n<li>Presentaci\u00f3n de los proyectos seleccionados para la transformaci\u00f3n de San Jorge a cargo de los equipos redactores<\/li>\n<li>Exposici\u00f3n fija del 17 de octubre al 20 de noviembre con informaci\u00f3n de los proyectos seleccionados<\/li>\n<\/ul>\n<ul>\n<li><strong>TALLERES DE DEBATE SOBRE LAS PROPUESTAS SELECCIONADAS<\/strong>\n<ul>\n<li>Mi\u00e9rcoles 30 de octubre, 18.30 horas. Plaza de la U. Exposici\u00f3n resumen de las propuestas en CEIP Sanduzelai entre el 23 y el 30 de octubre<\/li>\n<li>Mi\u00e9rcoles 6 de noviembre, 18.30 horas. Porches de la rotonda. Exposici\u00f3n resumen de las propuestas en el Club de Personas Jubiladas entre el 31 de octubre y el 6 de noviembre<\/li>\n<li>Mi\u00e9rcoles 13 de noviembre, 18.30 horas. Plaza de la O. Exposici\u00f3n resumen de las propuestas en Karrikagune entre el 7 y el 13 de noviembre<\/li>\n<li>Mi\u00e9rcoles 20 de noviembre, 18.30 horas. Plaza Sanduzelai. Exposici\u00f3n resumen de las propuestas en IESO Iparralde entre el 14 y el 20 de noviembre<\/li>\n<\/ul>\n<\/li>\n<\/ul>\n","protected":false},"excerpt":{"rendered":"<p>El alcalde de Pamplona acudir\u00e1 a Civivox San Jorge, a partir de las 18 horas, para participar en la jornada que abre el proceso participativo en el barrio<\/p>\n","protected":false},"author":1,"featured_media":51046,"comment_status":"open","ping_status":"closed","sticky":false,"template":"","format":"standard","meta":{"footnotes":""},"categories":[2],"tags":[],"class_list":["post-51045","post","type-post","status-publish","format-standard","has-post-thumbnail","hentry","category-ayuntamiento-pamplona"],"yoast_head":"<!-- This site is optimized with the Yoast SEO plugin v27.3 - https:\/\/yoast.com\/product\/yoast-seo-wordpress\/ -->\n<title>Los equipos redactores de los proyectos seleccionados para la transformaci\u00f3n de San Jorge presentan este mi\u00e9rcoles sus propuestas a la ciudadan\u00eda en el civivox del barrio<\/title>\n<meta name=\"description\" content=\"El alcalde de Pamplona acudir\u00e1 a Civivox San Jorge, a partir de las 18 horas, para participar en la jornada que abre el proceso participativo en el barrio\" \/>\n<meta name=\"robots\" content=\"index, follow, max-snippet:-1, max-image-preview:large, max-video-preview:-1\" \/>\n<link rel=\"canonical\" href=\"https:\/\/www.laguiadepamplona.com\/actualidad\/los-equipos-redactores-de-los-proyectos-seleccionados-para-la-transformacion-de-san-jorge-presentan-este-miercoles-sus-propuestas-a-la-ciudadania-en-el-civivox-del-barrio\/\" \/>\n<meta property=\"og:locale\" content=\"es_ES\" \/>\n<meta property=\"og:type\" content=\"article\" \/>\n<meta property=\"og:title\" content=\"Los equipos redactores de los proyectos seleccionados para la transformaci\u00f3n de San Jorge presentan este mi\u00e9rcoles sus propuestas a la ciudadan\u00eda en el civivox del barrio\" \/>\n<meta property=\"og:description\" content=\"El alcalde de Pamplona acudir\u00e1 a Civivox San Jorge, a partir de las 18 horas, para participar en la jornada que abre el proceso participativo en el barrio\" \/>\n<meta property=\"og:url\" content=\"https:\/\/www.laguiadepamplona.com\/actualidad\/los-equipos-redactores-de-los-proyectos-seleccionados-para-la-transformacion-de-san-jorge-presentan-este-miercoles-sus-propuestas-a-la-ciudadania-en-el-civivox-del-barrio\/\" \/>\n<meta property=\"og:site_name\" content=\"La Gu\u00eda de Pamplona\" \/>\n<meta property=\"article:publisher\" content=\"https:\/\/www.facebook.com\/laguiadepamplonacom-133175176762273\/?ref=hl\" \/>\n<meta property=\"article:published_time\" content=\"2024-10-15T10:58:31+00:00\" \/>\n<meta property=\"article:modified_time\" content=\"2024-10-15T11:04:32+00:00\" \/>\n<meta property=\"og:image\" content=\"https:\/\/www.laguiadepamplona.com\/actualidad\/wp-content\/uploads\/2024\/10\/San-Jorge_web.webp\" \/>\n\t<meta property=\"og:image:width\" content=\"1000\" \/>\n\t<meta property=\"og:image:height\" content=\"669\" \/>\n\t<meta property=\"og:image:type\" content=\"image\/webp\" \/>\n<meta name=\"author\" content=\"La Gu\u00eda de Pamplona\" \/>\n<meta name=\"twitter:card\" content=\"summary_large_image\" \/>\n<meta name=\"twitter:creator\" content=\"@LaGuiadPamplona\" \/>\n<meta name=\"twitter:site\" content=\"@LaGuiadPamplona\" \/>\n<meta name=\"twitter:label1\" content=\"Escrito por\" \/>\n\t<meta name=\"twitter:data1\" content=\"La Gu\u00eda de Pamplona\" \/>\n\t<meta name=\"twitter:label2\" content=\"Tiempo de lectura\" \/>\n\t<meta name=\"twitter:data2\" content=\"3 minutos\" \/>\n<script type=\"application\/ld+json\" class=\"yoast-schema-graph\">{\"@context\":\"https:\\\/\\\/schema.org\",\"@graph\":[{\"@type\":\"Article\",\"@id\":\"https:\\\/\\\/www.laguiadepamplona.com\\\/actualidad\\\/los-equipos-redactores-de-los-proyectos-seleccionados-para-la-transformacion-de-san-jorge-presentan-este-miercoles-sus-propuestas-a-la-ciudadania-en-el-civivox-del-barrio\\\/#article\",\"isPartOf\":{\"@id\":\"https:\\\/\\\/www.laguiadepamplona.com\\\/actualidad\\\/los-equipos-redactores-de-los-proyectos-seleccionados-para-la-transformacion-de-san-jorge-presentan-este-miercoles-sus-propuestas-a-la-ciudadania-en-el-civivox-del-barrio\\\/\"},\"author\":{\"name\":\"La Gu\u00eda de Pamplona\",\"@id\":\"https:\\\/\\\/www.laguiadepamplona.com\\\/actualidad\\\/#\\\/schema\\\/person\\\/efe887376f0213d4657c93adc50b1fdb\"},\"headline\":\"Los equipos redactores de los proyectos seleccionados para la transformaci\u00f3n de San Jorge presentan este mi\u00e9rcoles sus propuestas a la ciudadan\u00eda en el civivox del barrio\",\"datePublished\":\"2024-10-15T10:58:31+00:00\",\"dateModified\":\"2024-10-15T11:04:32+00:00\",\"mainEntityOfPage\":{\"@id\":\"https:\\\/\\\/www.laguiadepamplona.com\\\/actualidad\\\/los-equipos-redactores-de-los-proyectos-seleccionados-para-la-transformacion-de-san-jorge-presentan-este-miercoles-sus-propuestas-a-la-ciudadania-en-el-civivox-del-barrio\\\/\"},\"wordCount\":516,\"commentCount\":0,\"publisher\":{\"@id\":\"https:\\\/\\\/www.laguiadepamplona.com\\\/actualidad\\\/#organization\"},\"image\":{\"@id\":\"https:\\\/\\\/www.laguiadepamplona.com\\\/actualidad\\\/los-equipos-redactores-de-los-proyectos-seleccionados-para-la-transformacion-de-san-jorge-presentan-este-miercoles-sus-propuestas-a-la-ciudadania-en-el-civivox-del-barrio\\\/#primaryimage\"},\"thumbnailUrl\":\"https:\\\/\\\/www.laguiadepamplona.com\\\/actualidad\\\/wp-content\\\/uploads\\\/2024\\\/10\\\/San-Jorge_web.webp\",\"articleSection\":[\"Ayto Pamplona\"],\"inLanguage\":\"es\",\"potentialAction\":[{\"@type\":\"CommentAction\",\"name\":\"Comment\",\"target\":[\"https:\\\/\\\/www.laguiadepamplona.com\\\/actualidad\\\/los-equipos-redactores-de-los-proyectos-seleccionados-para-la-transformacion-de-san-jorge-presentan-este-miercoles-sus-propuestas-a-la-ciudadania-en-el-civivox-del-barrio\\\/#respond\"]}]},{\"@type\":\"WebPage\",\"@id\":\"https:\\\/\\\/www.laguiadepamplona.com\\\/actualidad\\\/los-equipos-redactores-de-los-proyectos-seleccionados-para-la-transformacion-de-san-jorge-presentan-este-miercoles-sus-propuestas-a-la-ciudadania-en-el-civivox-del-barrio\\\/\",\"url\":\"https:\\\/\\\/www.laguiadepamplona.com\\\/actualidad\\\/los-equipos-redactores-de-los-proyectos-seleccionados-para-la-transformacion-de-san-jorge-presentan-este-miercoles-sus-propuestas-a-la-ciudadania-en-el-civivox-del-barrio\\\/\",\"name\":\"Los equipos redactores de los proyectos seleccionados para la transformaci\u00f3n de San Jorge presentan este mi\u00e9rcoles sus propuestas a la ciudadan\u00eda en el civivox del barrio\",\"isPartOf\":{\"@id\":\"https:\\\/\\\/www.laguiadepamplona.com\\\/actualidad\\\/#website\"},\"primaryImageOfPage\":{\"@id\":\"https:\\\/\\\/www.laguiadepamplona.com\\\/actualidad\\\/los-equipos-redactores-de-los-proyectos-seleccionados-para-la-transformacion-de-san-jorge-presentan-este-miercoles-sus-propuestas-a-la-ciudadania-en-el-civivox-del-barrio\\\/#primaryimage\"},\"image\":{\"@id\":\"https:\\\/\\\/www.laguiadepamplona.com\\\/actualidad\\\/los-equipos-redactores-de-los-proyectos-seleccionados-para-la-transformacion-de-san-jorge-presentan-este-miercoles-sus-propuestas-a-la-ciudadania-en-el-civivox-del-barrio\\\/#primaryimage\"},\"thumbnailUrl\":\"https:\\\/\\\/www.laguiadepamplona.com\\\/actualidad\\\/wp-content\\\/uploads\\\/2024\\\/10\\\/San-Jorge_web.webp\",\"datePublished\":\"2024-10-15T10:58:31+00:00\",\"dateModified\":\"2024-10-15T11:04:32+00:00\",\"description\":\"El alcalde de Pamplona acudir\u00e1 a Civivox San Jorge, a partir de las 18 horas, para participar en la jornada que abre el proceso participativo en el barrio\",\"breadcrumb\":{\"@id\":\"https:\\\/\\\/www.laguiadepamplona.com\\\/actualidad\\\/los-equipos-redactores-de-los-proyectos-seleccionados-para-la-transformacion-de-san-jorge-presentan-este-miercoles-sus-propuestas-a-la-ciudadania-en-el-civivox-del-barrio\\\/#breadcrumb\"},\"inLanguage\":\"es\",\"potentialAction\":[{\"@type\":\"ReadAction\",\"target\":[\"https:\\\/\\\/www.laguiadepamplona.com\\\/actualidad\\\/los-equipos-redactores-de-los-proyectos-seleccionados-para-la-transformacion-de-san-jorge-presentan-este-miercoles-sus-propuestas-a-la-ciudadania-en-el-civivox-del-barrio\\\/\"]}]},{\"@type\":\"ImageObject\",\"inLanguage\":\"es\",\"@id\":\"https:\\\/\\\/www.laguiadepamplona.com\\\/actualidad\\\/los-equipos-redactores-de-los-proyectos-seleccionados-para-la-transformacion-de-san-jorge-presentan-este-miercoles-sus-propuestas-a-la-ciudadania-en-el-civivox-del-barrio\\\/#primaryimage\",\"url\":\"https:\\\/\\\/www.laguiadepamplona.com\\\/actualidad\\\/wp-content\\\/uploads\\\/2024\\\/10\\\/San-Jorge_web.webp\",\"contentUrl\":\"https:\\\/\\\/www.laguiadepamplona.com\\\/actualidad\\\/wp-content\\\/uploads\\\/2024\\\/10\\\/San-Jorge_web.webp\",\"width\":1000,\"height\":669,\"caption\":\"San Jorge civivox\"},{\"@type\":\"BreadcrumbList\",\"@id\":\"https:\\\/\\\/www.laguiadepamplona.com\\\/actualidad\\\/los-equipos-redactores-de-los-proyectos-seleccionados-para-la-transformacion-de-san-jorge-presentan-este-miercoles-sus-propuestas-a-la-ciudadania-en-el-civivox-del-barrio\\\/#breadcrumb\",\"itemListElement\":[{\"@type\":\"ListItem\",\"position\":1,\"name\":\"Portada\",\"item\":\"https:\\\/\\\/www.laguiadepamplona.com\\\/actualidad\\\/\"},{\"@type\":\"ListItem\",\"position\":2,\"name\":\"Los equipos redactores de los proyectos seleccionados para la transformaci\u00f3n de San Jorge presentan este mi\u00e9rcoles sus propuestas a la ciudadan\u00eda en el civivox del barrio\"}]},{\"@type\":\"WebSite\",\"@id\":\"https:\\\/\\\/www.laguiadepamplona.com\\\/actualidad\\\/#website\",\"url\":\"https:\\\/\\\/www.laguiadepamplona.com\\\/actualidad\\\/\",\"name\":\"La gu\u00eda de Pamplona\",\"description\":\"Noticias de Pamplona\",\"publisher\":{\"@id\":\"https:\\\/\\\/www.laguiadepamplona.com\\\/actualidad\\\/#organization\"},\"potentialAction\":[{\"@type\":\"SearchAction\",\"target\":{\"@type\":\"EntryPoint\",\"urlTemplate\":\"https:\\\/\\\/www.laguiadepamplona.com\\\/actualidad\\\/?s={search_term_string}\"},\"query-input\":{\"@type\":\"PropertyValueSpecification\",\"valueRequired\":true,\"valueName\":\"search_term_string\"}}],\"inLanguage\":\"es\"},{\"@type\":\"Organization\",\"@id\":\"https:\\\/\\\/www.laguiadepamplona.com\\\/actualidad\\\/#organization\",\"name\":\"La Gu\u00eda de Pamplona \\\/ Noticias\",\"url\":\"https:\\\/\\\/www.laguiadepamplona.com\\\/actualidad\\\/\",\"logo\":{\"@type\":\"ImageObject\",\"inLanguage\":\"es\",\"@id\":\"https:\\\/\\\/www.laguiadepamplona.com\\\/actualidad\\\/#\\\/schema\\\/logo\\\/image\\\/\",\"url\":\"https:\\\/\\\/www.laguiadepamplona.com\\\/actualidad\\\/wp-content\\\/uploads\\\/2018\\\/11\\\/logo-laguiadepamplona18-web1.png\",\"contentUrl\":\"https:\\\/\\\/www.laguiadepamplona.com\\\/actualidad\\\/wp-content\\\/uploads\\\/2018\\\/11\\\/logo-laguiadepamplona18-web1.png\",\"width\":600,\"height\":196,\"caption\":\"La Gu\u00eda de Pamplona \\\/ Noticias\"},\"image\":{\"@id\":\"https:\\\/\\\/www.laguiadepamplona.com\\\/actualidad\\\/#\\\/schema\\\/logo\\\/image\\\/\"},\"sameAs\":[\"https:\\\/\\\/www.facebook.com\\\/laguiadepamplonacom-133175176762273\\\/?ref=hl\",\"https:\\\/\\\/x.com\\\/LaGuiadPamplona\",\"https:\\\/\\\/www.instagram.com\\\/la_guia_de_pamplona\\\/\",\"https:\\\/\\\/www.youtube.com\\\/user\\\/laguiadepamplona\"]},{\"@type\":\"Person\",\"@id\":\"https:\\\/\\\/www.laguiadepamplona.com\\\/actualidad\\\/#\\\/schema\\\/person\\\/efe887376f0213d4657c93adc50b1fdb\",\"name\":\"La Gu\u00eda de Pamplona\",\"image\":{\"@type\":\"ImageObject\",\"inLanguage\":\"es\",\"@id\":\"https:\\\/\\\/secure.gravatar.com\\\/avatar\\\/b6992f131dc8d30ab0dff15446e9d346d9dbd95992de0fef795073f5ea83a81c?s=96&d=mm&r=g\",\"url\":\"https:\\\/\\\/secure.gravatar.com\\\/avatar\\\/b6992f131dc8d30ab0dff15446e9d346d9dbd95992de0fef795073f5ea83a81c?s=96&d=mm&r=g\",\"contentUrl\":\"https:\\\/\\\/secure.gravatar.com\\\/avatar\\\/b6992f131dc8d30ab0dff15446e9d346d9dbd95992de0fef795073f5ea83a81c?s=96&d=mm&r=g\",\"caption\":\"La Gu\u00eda de Pamplona\"}}]}<\/script>\n<!-- \/ Yoast SEO plugin. -->","yoast_head_json":{"title":"Los equipos redactores de los proyectos seleccionados para la transformaci\u00f3n de San Jorge presentan este mi\u00e9rcoles sus propuestas a la ciudadan\u00eda en el civivox del barrio","description":"El alcalde de Pamplona acudir\u00e1 a Civivox San Jorge, a partir de las 18 horas, para participar en la jornada que abre el proceso participativo en el barrio","robots":{"index":"index","follow":"follow","max-snippet":"max-snippet:-1","max-image-preview":"max-image-preview:large","max-video-preview":"max-video-preview:-1"},"canonical":"https:\/\/www.laguiadepamplona.com\/actualidad\/los-equipos-redactores-de-los-proyectos-seleccionados-para-la-transformacion-de-san-jorge-presentan-este-miercoles-sus-propuestas-a-la-ciudadania-en-el-civivox-del-barrio\/","og_locale":"es_ES","og_type":"article","og_title":"Los equipos redactores de los proyectos seleccionados para la transformaci\u00f3n de San Jorge presentan este mi\u00e9rcoles sus propuestas a la ciudadan\u00eda en el civivox del barrio","og_description":"El alcalde de Pamplona acudir\u00e1 a Civivox San Jorge, a partir de las 18 horas, para participar en la jornada que abre el proceso participativo en el barrio","og_url":"https:\/\/www.laguiadepamplona.com\/actualidad\/los-equipos-redactores-de-los-proyectos-seleccionados-para-la-transformacion-de-san-jorge-presentan-este-miercoles-sus-propuestas-a-la-ciudadania-en-el-civivox-del-barrio\/","og_site_name":"La Gu\u00eda de Pamplona","article_publisher":"https:\/\/www.facebook.com\/laguiadepamplonacom-133175176762273\/?ref=hl","article_published_time":"2024-10-15T10:58:31+00:00","article_modified_time":"2024-10-15T11:04:32+00:00","og_image":[{"width":1000,"height":669,"url":"https:\/\/www.laguiadepamplona.com\/actualidad\/wp-content\/uploads\/2024\/10\/San-Jorge_web.webp","type":"image\/webp"}],"author":"La Gu\u00eda de Pamplona","twitter_card":"summary_large_image","twitter_creator":"@LaGuiadPamplona","twitter_site":"@LaGuiadPamplona","twitter_misc":{"Escrito por":"La Gu\u00eda de Pamplona","Tiempo de lectura":"3 minutos"},"schema":{"@context":"https:\/\/schema.org","@graph":[{"@type":"Article","@id":"https:\/\/www.laguiadepamplona.com\/actualidad\/los-equipos-redactores-de-los-proyectos-seleccionados-para-la-transformacion-de-san-jorge-presentan-este-miercoles-sus-propuestas-a-la-ciudadania-en-el-civivox-del-barrio\/#article","isPartOf":{"@id":"https:\/\/www.laguiadepamplona.com\/actualidad\/los-equipos-redactores-de-los-proyectos-seleccionados-para-la-transformacion-de-san-jorge-presentan-este-miercoles-sus-propuestas-a-la-ciudadania-en-el-civivox-del-barrio\/"},"author":{"name":"La Gu\u00eda de Pamplona","@id":"https:\/\/www.laguiadepamplona.com\/actualidad\/#\/schema\/person\/efe887376f0213d4657c93adc50b1fdb"},"headline":"Los equipos redactores de los proyectos seleccionados para la transformaci\u00f3n de San Jorge presentan este mi\u00e9rcoles sus propuestas a la ciudadan\u00eda en el civivox del barrio","datePublished":"2024-10-15T10:58:31+00:00","dateModified":"2024-10-15T11:04:32+00:00","mainEntityOfPage":{"@id":"https:\/\/www.laguiadepamplona.com\/actualidad\/los-equipos-redactores-de-los-proyectos-seleccionados-para-la-transformacion-de-san-jorge-presentan-este-miercoles-sus-propuestas-a-la-ciudadania-en-el-civivox-del-barrio\/"},"wordCount":516,"commentCount":0,"publisher":{"@id":"https:\/\/www.laguiadepamplona.com\/actualidad\/#organization"},"image":{"@id":"https:\/\/www.laguiadepamplona.com\/actualidad\/los-equipos-redactores-de-los-proyectos-seleccionados-para-la-transformacion-de-san-jorge-presentan-este-miercoles-sus-propuestas-a-la-ciudadania-en-el-civivox-del-barrio\/#primaryimage"},"thumbnailUrl":"https:\/\/www.laguiadepamplona.com\/actualidad\/wp-content\/uploads\/2024\/10\/San-Jorge_web.webp","articleSection":["Ayto Pamplona"],"inLanguage":"es","potentialAction":[{"@type":"CommentAction","name":"Comment","target":["https:\/\/www.laguiadepamplona.com\/actualidad\/los-equipos-redactores-de-los-proyectos-seleccionados-para-la-transformacion-de-san-jorge-presentan-este-miercoles-sus-propuestas-a-la-ciudadania-en-el-civivox-del-barrio\/#respond"]}]},{"@type":"WebPage","@id":"https:\/\/www.laguiadepamplona.com\/actualidad\/los-equipos-redactores-de-los-proyectos-seleccionados-para-la-transformacion-de-san-jorge-presentan-este-miercoles-sus-propuestas-a-la-ciudadania-en-el-civivox-del-barrio\/","url":"https:\/\/www.laguiadepamplona.com\/actualidad\/los-equipos-redactores-de-los-proyectos-seleccionados-para-la-transformacion-de-san-jorge-presentan-este-miercoles-sus-propuestas-a-la-ciudadania-en-el-civivox-del-barrio\/","name":"Los equipos redactores de los proyectos seleccionados para la transformaci\u00f3n de San Jorge presentan este mi\u00e9rcoles sus propuestas a la ciudadan\u00eda en el civivox del barrio","isPartOf":{"@id":"https:\/\/www.laguiadepamplona.com\/actualidad\/#website"},"primaryImageOfPage":{"@id":"https:\/\/www.laguiadepamplona.com\/actualidad\/los-equipos-redactores-de-los-proyectos-seleccionados-para-la-transformacion-de-san-jorge-presentan-este-miercoles-sus-propuestas-a-la-ciudadania-en-el-civivox-del-barrio\/#primaryimage"},"image":{"@id":"https:\/\/www.laguiadepamplona.com\/actualidad\/los-equipos-redactores-de-los-proyectos-seleccionados-para-la-transformacion-de-san-jorge-presentan-este-miercoles-sus-propuestas-a-la-ciudadania-en-el-civivox-del-barrio\/#primaryimage"},"thumbnailUrl":"https:\/\/www.laguiadepamplona.com\/actualidad\/wp-content\/uploads\/2024\/10\/San-Jorge_web.webp","datePublished":"2024-10-15T10:58:31+00:00","dateModified":"2024-10-15T11:04:32+00:00","description":"El alcalde de Pamplona acudir\u00e1 a Civivox San Jorge, a partir de las 18 horas, para participar en la jornada que abre el proceso participativo en el barrio","breadcrumb":{"@id":"https:\/\/www.laguiadepamplona.com\/actualidad\/los-equipos-redactores-de-los-proyectos-seleccionados-para-la-transformacion-de-san-jorge-presentan-este-miercoles-sus-propuestas-a-la-ciudadania-en-el-civivox-del-barrio\/#breadcrumb"},"inLanguage":"es","potentialAction":[{"@type":"ReadAction","target":["https:\/\/www.laguiadepamplona.com\/actualidad\/los-equipos-redactores-de-los-proyectos-seleccionados-para-la-transformacion-de-san-jorge-presentan-este-miercoles-sus-propuestas-a-la-ciudadania-en-el-civivox-del-barrio\/"]}]},{"@type":"ImageObject","inLanguage":"es","@id":"https:\/\/www.laguiadepamplona.com\/actualidad\/los-equipos-redactores-de-los-proyectos-seleccionados-para-la-transformacion-de-san-jorge-presentan-este-miercoles-sus-propuestas-a-la-ciudadania-en-el-civivox-del-barrio\/#primaryimage","url":"https:\/\/www.laguiadepamplona.com\/actualidad\/wp-content\/uploads\/2024\/10\/San-Jorge_web.webp","contentUrl":"https:\/\/www.laguiadepamplona.com\/actualidad\/wp-content\/uploads\/2024\/10\/San-Jorge_web.webp","width":1000,"height":669,"caption":"San Jorge civivox"},{"@type":"BreadcrumbList","@id":"https:\/\/www.laguiadepamplona.com\/actualidad\/los-equipos-redactores-de-los-proyectos-seleccionados-para-la-transformacion-de-san-jorge-presentan-este-miercoles-sus-propuestas-a-la-ciudadania-en-el-civivox-del-barrio\/#breadcrumb","itemListElement":[{"@type":"ListItem","position":1,"name":"Portada","item":"https:\/\/www.laguiadepamplona.com\/actualidad\/"},{"@type":"ListItem","position":2,"name":"Los equipos redactores de los proyectos seleccionados para la transformaci\u00f3n de San Jorge presentan este mi\u00e9rcoles sus propuestas a la ciudadan\u00eda en el civivox del barrio"}]},{"@type":"WebSite","@id":"https:\/\/www.laguiadepamplona.com\/actualidad\/#website","url":"https:\/\/www.laguiadepamplona.com\/actualidad\/","name":"La gu\u00eda de Pamplona","description":"Noticias de Pamplona","publisher":{"@id":"https:\/\/www.laguiadepamplona.com\/actualidad\/#organization"},"potentialAction":[{"@type":"SearchAction","target":{"@type":"EntryPoint","urlTemplate":"https:\/\/www.laguiadepamplona.com\/actualidad\/?s={search_term_string}"},"query-input":{"@type":"PropertyValueSpecification","valueRequired":true,"valueName":"search_term_string"}}],"inLanguage":"es"},{"@type":"Organization","@id":"https:\/\/www.laguiadepamplona.com\/actualidad\/#organization","name":"La Gu\u00eda de Pamplona \/ Noticias","url":"https:\/\/www.laguiadepamplona.com\/actualidad\/","logo":{"@type":"ImageObject","inLanguage":"es","@id":"https:\/\/www.laguiadepamplona.com\/actualidad\/#\/schema\/logo\/image\/","url":"https:\/\/www.laguiadepamplona.com\/actualidad\/wp-content\/uploads\/2018\/11\/logo-laguiadepamplona18-web1.png","contentUrl":"https:\/\/www.laguiadepamplona.com\/actualidad\/wp-content\/uploads\/2018\/11\/logo-laguiadepamplona18-web1.png","width":600,"height":196,"caption":"La Gu\u00eda de Pamplona \/ Noticias"},"image":{"@id":"https:\/\/www.laguiadepamplona.com\/actualidad\/#\/schema\/logo\/image\/"},"sameAs":["https:\/\/www.facebook.com\/laguiadepamplonacom-133175176762273\/?ref=hl","https:\/\/x.com\/LaGuiadPamplona","https:\/\/www.instagram.com\/la_guia_de_pamplona\/","https:\/\/www.youtube.com\/user\/laguiadepamplona"]},{"@type":"Person","@id":"https:\/\/www.laguiadepamplona.com\/actualidad\/#\/schema\/person\/efe887376f0213d4657c93adc50b1fdb","name":"La Gu\u00eda de Pamplona","image":{"@type":"ImageObject","inLanguage":"es","@id":"https:\/\/secure.gravatar.com\/avatar\/b6992f131dc8d30ab0dff15446e9d346d9dbd95992de0fef795073f5ea83a81c?s=96&d=mm&r=g","url":"https:\/\/secure.gravatar.com\/avatar\/b6992f131dc8d30ab0dff15446e9d346d9dbd95992de0fef795073f5ea83a81c?s=96&d=mm&r=g","contentUrl":"https:\/\/secure.gravatar.com\/avatar\/b6992f131dc8d30ab0dff15446e9d346d9dbd95992de0fef795073f5ea83a81c?s=96&d=mm&r=g","caption":"La Gu\u00eda de Pamplona"}}]}},"post_mailing_queue_ids":[],"_links":{"self":[{"href":"https:\/\/www.laguiadepamplona.com\/actualidad\/wp-json\/wp\/v2\/posts\/51045","targetHints":{"allow":["GET"]}}],"collection":[{"href":"https:\/\/www.laguiadepamplona.com\/actualidad\/wp-json\/wp\/v2\/posts"}],"about":[{"href":"https:\/\/www.laguiadepamplona.com\/actualidad\/wp-json\/wp\/v2\/types\/post"}],"author":[{"embeddable":true,"href":"https:\/\/www.laguiadepamplona.com\/actualidad\/wp-json\/wp\/v2\/users\/1"}],"replies":[{"embeddable":true,"href":"https:\/\/www.laguiadepamplona.com\/actualidad\/wp-json\/wp\/v2\/comments?post=51045"}],"version-history":[{"count":3,"href":"https:\/\/www.laguiadepamplona.com\/actualidad\/wp-json\/wp\/v2\/posts\/51045\/revisions"}],"predecessor-version":[{"id":51055,"href":"https:\/\/www.laguiadepamplona.com\/actualidad\/wp-json\/wp\/v2\/posts\/51045\/revisions\/51055"}],"wp:featuredmedia":[{"embeddable":true,"href":"https:\/\/www.laguiadepamplona.com\/actualidad\/wp-json\/wp\/v2\/media\/51046"}],"wp:attachment":[{"href":"https:\/\/www.laguiadepamplona.com\/actualidad\/wp-json\/wp\/v2\/media?parent=51045"}],"wp:term":[{"taxonomy":"category","embeddable":true,"href":"https:\/\/www.laguiadepamplona.com\/actualidad\/wp-json\/wp\/v2\/categories?post=51045"},{"taxonomy":"post_tag","embeddable":true,"href":"https:\/\/www.laguiadepamplona.com\/actualidad\/wp-json\/wp\/v2\/tags?post=51045"}],"curies":[{"name":"wp","href":"https:\/\/api.w.org\/{rel}","templated":true}]}}