{"id":51039,"date":"2024-10-15T12:54:23","date_gmt":"2024-10-15T10:54:23","guid":{"rendered":"https:\/\/www.laguiadepamplona.com\/actualidad\/?p=51039"},"modified":"2024-10-15T12:54:23","modified_gmt":"2024-10-15T10:54:23","slug":"entra-en-funcionamiento-la-nueva-oficina-de-mediacion-comunitaria-con-seis-agentes-de-policia-municipal-que-intervendran-para-resolver-conflictos-vecinales","status":"publish","type":"post","link":"https:\/\/www.laguiadepamplona.com\/actualidad\/entra-en-funcionamiento-la-nueva-oficina-de-mediacion-comunitaria-con-seis-agentes-de-policia-municipal-que-intervendran-para-resolver-conflictos-vecinales\/","title":{"rendered":"Entra en funcionamiento la nueva Oficina de Mediaci\u00f3n Comunitaria con seis agentes de Polic\u00eda Municipal que intervendr\u00e1n para resolver conflictos vecinales"},"content":{"rendered":"<h2>La Comisi\u00f3n de Presidencia ha visitado las instalaciones, ubicadas en la calle Irunlarrea, donde se atender\u00e1 con cita previa y por derivaci\u00f3n de otros servicios municipales<\/h2>\n<p><!--more--><\/p>\n<p>La ciudadan\u00eda de Pamplona dispone de un nuevo servicio para resolver conflictos vecinales. Se trata de la Oficina de Mediaci\u00f3n Comunitaria, una nueva herramienta de intermediaci\u00f3n y di\u00e1logo habilitada por Polic\u00eda Municipal. La nueva oficina se ubica en la calle Irunlarrea, si bien para acceder a ella es necesario acudir con cita previa o bien por derivaci\u00f3n de los distintos servicios municipales. La Comisi\u00f3n de Presidencia del Ayuntamiento de Pamplona ha visitado esta ma\u00f1ana las nuevas instalaciones, desde las que se espera resolver conflictos vecinales de distinta \u00edndole.<\/p>\n<p>En un principio, esta Oficina de Mediaci\u00f3n est\u00e1 pensada para abordar problemas de convivencia, ruidos, olores, obras, salubridad, mascotas o uso de espacios p\u00fablicos, entre otros temas. Mediante esta v\u00eda, se pretende evitar que este tipo de conflictos acaben en los juzgados. Seis agentes de Polic\u00eda Comunitaria ser\u00e1n los encargados de mediar entre las personas afectadas por esos conflictos. De hecho, es precisamente la Polic\u00eda Comunitaria de cada barrio el primer contacto para acudir a la Oficina de Mediaci\u00f3n. A trav\u00e9s de sus patrullajes semanales, los agentes de referencia de cada barrio de Pamplona podr\u00e1n conocer la problem\u00e1tica existente entre vecinos y, si ellos lo desean, derivarles a la Oficina de Mediaci\u00f3n.<\/p>\n<p>No obstante, tambi\u00e9n es posible que las personas implicadas soliciten de forma directa acudir a este servicio a trav\u00e9s de una solicitud o instancia ante el Ayuntamiento o la jefatura de Polic\u00eda Municipal. Igualmente, las distintas \u00e1reas municipales podr\u00e1n derivar a las personas a esta herramienta de resoluci\u00f3n de conflictos, si lo ven necesario. Tras analizar cada caso, se valorar\u00e1 si es susceptible de mediaci\u00f3n o, por el contrario, se trata de asuntos que deben ser resueltos por v\u00edas legales.<\/p>\n<p><strong>Voluntariedad y gratuidad<\/strong><\/p>\n<p>La Oficina de Mediaci\u00f3n Comunitaria est\u00e1 configurada como un servicio completamente gratuito, al que las personas pueden acudir de forma voluntaria para resolver conflictos existentes en el vecindario. La voluntariedad es, de hecho, la premisa b\u00e1sica. Todas las partes implicadas deben querer someterse a mediaci\u00f3n y deben mostrarse receptivas a la soluci\u00f3n que se ofrezca por parte de los agentes de Polic\u00eda Municipal. Una soluci\u00f3n que deber\u00e1 ser consensuada.<\/p>\n<p>Esta experiencia piloto cuenta con agentes de Polic\u00eda Comunitaria especialmente formados en mediaci\u00f3n. Su labor ser\u00e1 recabar todos los datos y opiniones de todas las partes implicadas, escuchar todas las versiones, y facilitar el di\u00e1logo entre las partes, siempre de forma imparcial y mediando para que, de mutuo acuerdo, sean capaces de llegar a un acuerdo. La imparcialidad, neutralidad y la confidencialidad ser\u00e1n los tres principios sobre los que se sustenta el papel de mediador.<\/p>\n<p>El personal que atender\u00e1 la Oficina de Mediaci\u00f3n son agentes de la Polic\u00eda Comunitaria con titulaci\u00f3n universitaria o Formaci\u00f3n Profesional de Grado Superior, y que adem\u00e1s han recibido formaci\u00f3n espec\u00edfica en mediaci\u00f3n. Se asignar\u00e1 a cada caso la mediaci\u00f3n de una pareja de agentes, que actuar\u00e1n como instructores de la causa. Una vez recogida toda la informaci\u00f3n y tras reunirse con todas las partes implicadas, se concertar\u00e1n cuantas sesiones conjuntas sean acordadas para ayudar a las partes a que puedan llegar por s\u00ed mismas a acuerdos y soluciones. El objetivo es lograr un acuerdo final que sea aceptado y rubricado por todas las partes y cuya ejecuci\u00f3n ser\u00e1 supervisada por los agentes mediadores.<\/p>\n","protected":false},"excerpt":{"rendered":"<p>La Comisi\u00f3n de Presidencia ha visitado las instalaciones, ubicadas en la calle Irunlarrea, donde se atender\u00e1 con cita previa y por derivaci\u00f3n de otros servicios municipales<\/p>\n","protected":false},"author":1,"featured_media":51040,"comment_status":"open","ping_status":"closed","sticky":false,"template":"","format":"standard","meta":{"footnotes":""},"categories":[2],"tags":[],"class_list":["post-51039","post","type-post","status-publish","format-standard","has-post-thumbnail","hentry","category-ayuntamiento-pamplona"],"yoast_head":"<!-- This site is optimized with the Yoast SEO plugin v27.3 - https:\/\/yoast.com\/product\/yoast-seo-wordpress\/ -->\n<title>Entra en funcionamiento la nueva Oficina de Mediaci\u00f3n Comunitaria con seis agentes de Polic\u00eda Municipal que intervendr\u00e1n para resolver conflictos vecinales<\/title>\n<meta name=\"description\" content=\"La Comisi\u00f3n de Presidencia ha visitado las instalaciones, ubicadas en la calle Irunlarrea, donde se atender\u00e1 con cita previa y por derivaci\u00f3n de otros servicios municipales\" \/>\n<meta name=\"robots\" content=\"index, follow, max-snippet:-1, max-image-preview:large, max-video-preview:-1\" \/>\n<link rel=\"canonical\" href=\"https:\/\/www.laguiadepamplona.com\/actualidad\/entra-en-funcionamiento-la-nueva-oficina-de-mediacion-comunitaria-con-seis-agentes-de-policia-municipal-que-intervendran-para-resolver-conflictos-vecinales\/\" \/>\n<meta property=\"og:locale\" content=\"es_ES\" \/>\n<meta property=\"og:type\" content=\"article\" \/>\n<meta property=\"og:title\" content=\"Entra en funcionamiento la nueva Oficina de Mediaci\u00f3n Comunitaria con seis agentes de Polic\u00eda Municipal que intervendr\u00e1n para resolver conflictos vecinales\" \/>\n<meta property=\"og:description\" content=\"La Comisi\u00f3n de Presidencia ha visitado las instalaciones, ubicadas en la calle Irunlarrea, donde se atender\u00e1 con cita previa y por derivaci\u00f3n de otros servicios municipales\" \/>\n<meta property=\"og:url\" content=\"https:\/\/www.laguiadepamplona.com\/actualidad\/entra-en-funcionamiento-la-nueva-oficina-de-mediacion-comunitaria-con-seis-agentes-de-policia-municipal-que-intervendran-para-resolver-conflictos-vecinales\/\" \/>\n<meta property=\"og:site_name\" content=\"La Gu\u00eda de Pamplona\" \/>\n<meta property=\"article:publisher\" content=\"https:\/\/www.facebook.com\/laguiadepamplonacom-133175176762273\/?ref=hl\" \/>\n<meta property=\"article:published_time\" content=\"2024-10-15T10:54:23+00:00\" \/>\n<meta property=\"og:image\" content=\"https:\/\/www.laguiadepamplona.com\/actualidad\/wp-content\/uploads\/2024\/10\/oficinademediacionciudadanapoliciamunicipa1_0.webp\" \/>\n\t<meta property=\"og:image:width\" content=\"1000\" \/>\n\t<meta property=\"og:image:height\" content=\"667\" \/>\n\t<meta property=\"og:image:type\" content=\"image\/webp\" \/>\n<meta name=\"author\" content=\"La Gu\u00eda de Pamplona\" \/>\n<meta name=\"twitter:card\" content=\"summary_large_image\" \/>\n<meta name=\"twitter:creator\" content=\"@LaGuiadPamplona\" \/>\n<meta name=\"twitter:site\" content=\"@LaGuiadPamplona\" \/>\n<meta name=\"twitter:label1\" content=\"Escrito por\" \/>\n\t<meta name=\"twitter:data1\" content=\"La Gu\u00eda de Pamplona\" \/>\n\t<meta name=\"twitter:label2\" content=\"Tiempo de lectura\" \/>\n\t<meta name=\"twitter:data2\" content=\"3 minutos\" \/>\n<script type=\"application\/ld+json\" class=\"yoast-schema-graph\">{\"@context\":\"https:\\\/\\\/schema.org\",\"@graph\":[{\"@type\":\"Article\",\"@id\":\"https:\\\/\\\/www.laguiadepamplona.com\\\/actualidad\\\/entra-en-funcionamiento-la-nueva-oficina-de-mediacion-comunitaria-con-seis-agentes-de-policia-municipal-que-intervendran-para-resolver-conflictos-vecinales\\\/#article\",\"isPartOf\":{\"@id\":\"https:\\\/\\\/www.laguiadepamplona.com\\\/actualidad\\\/entra-en-funcionamiento-la-nueva-oficina-de-mediacion-comunitaria-con-seis-agentes-de-policia-municipal-que-intervendran-para-resolver-conflictos-vecinales\\\/\"},\"author\":{\"name\":\"La Gu\u00eda de Pamplona\",\"@id\":\"https:\\\/\\\/www.laguiadepamplona.com\\\/actualidad\\\/#\\\/schema\\\/person\\\/efe887376f0213d4657c93adc50b1fdb\"},\"headline\":\"Entra en funcionamiento la nueva Oficina de Mediaci\u00f3n Comunitaria con seis agentes de Polic\u00eda Municipal que intervendr\u00e1n para resolver conflictos vecinales\",\"datePublished\":\"2024-10-15T10:54:23+00:00\",\"mainEntityOfPage\":{\"@id\":\"https:\\\/\\\/www.laguiadepamplona.com\\\/actualidad\\\/entra-en-funcionamiento-la-nueva-oficina-de-mediacion-comunitaria-con-seis-agentes-de-policia-municipal-que-intervendran-para-resolver-conflictos-vecinales\\\/\"},\"wordCount\":641,\"commentCount\":0,\"publisher\":{\"@id\":\"https:\\\/\\\/www.laguiadepamplona.com\\\/actualidad\\\/#organization\"},\"image\":{\"@id\":\"https:\\\/\\\/www.laguiadepamplona.com\\\/actualidad\\\/entra-en-funcionamiento-la-nueva-oficina-de-mediacion-comunitaria-con-seis-agentes-de-policia-municipal-que-intervendran-para-resolver-conflictos-vecinales\\\/#primaryimage\"},\"thumbnailUrl\":\"https:\\\/\\\/www.laguiadepamplona.com\\\/actualidad\\\/wp-content\\\/uploads\\\/2024\\\/10\\\/oficinademediacionciudadanapoliciamunicipa1_0.webp\",\"articleSection\":[\"Ayto Pamplona\"],\"inLanguage\":\"es\",\"potentialAction\":[{\"@type\":\"CommentAction\",\"name\":\"Comment\",\"target\":[\"https:\\\/\\\/www.laguiadepamplona.com\\\/actualidad\\\/entra-en-funcionamiento-la-nueva-oficina-de-mediacion-comunitaria-con-seis-agentes-de-policia-municipal-que-intervendran-para-resolver-conflictos-vecinales\\\/#respond\"]}]},{\"@type\":\"WebPage\",\"@id\":\"https:\\\/\\\/www.laguiadepamplona.com\\\/actualidad\\\/entra-en-funcionamiento-la-nueva-oficina-de-mediacion-comunitaria-con-seis-agentes-de-policia-municipal-que-intervendran-para-resolver-conflictos-vecinales\\\/\",\"url\":\"https:\\\/\\\/www.laguiadepamplona.com\\\/actualidad\\\/entra-en-funcionamiento-la-nueva-oficina-de-mediacion-comunitaria-con-seis-agentes-de-policia-municipal-que-intervendran-para-resolver-conflictos-vecinales\\\/\",\"name\":\"Entra en funcionamiento la nueva Oficina de Mediaci\u00f3n Comunitaria con seis agentes de Polic\u00eda Municipal que intervendr\u00e1n para resolver conflictos vecinales\",\"isPartOf\":{\"@id\":\"https:\\\/\\\/www.laguiadepamplona.com\\\/actualidad\\\/#website\"},\"primaryImageOfPage\":{\"@id\":\"https:\\\/\\\/www.laguiadepamplona.com\\\/actualidad\\\/entra-en-funcionamiento-la-nueva-oficina-de-mediacion-comunitaria-con-seis-agentes-de-policia-municipal-que-intervendran-para-resolver-conflictos-vecinales\\\/#primaryimage\"},\"image\":{\"@id\":\"https:\\\/\\\/www.laguiadepamplona.com\\\/actualidad\\\/entra-en-funcionamiento-la-nueva-oficina-de-mediacion-comunitaria-con-seis-agentes-de-policia-municipal-que-intervendran-para-resolver-conflictos-vecinales\\\/#primaryimage\"},\"thumbnailUrl\":\"https:\\\/\\\/www.laguiadepamplona.com\\\/actualidad\\\/wp-content\\\/uploads\\\/2024\\\/10\\\/oficinademediacionciudadanapoliciamunicipa1_0.webp\",\"datePublished\":\"2024-10-15T10:54:23+00:00\",\"description\":\"La Comisi\u00f3n de Presidencia ha visitado las instalaciones, ubicadas en la calle Irunlarrea, donde se atender\u00e1 con cita previa y por derivaci\u00f3n de otros servicios municipales\",\"breadcrumb\":{\"@id\":\"https:\\\/\\\/www.laguiadepamplona.com\\\/actualidad\\\/entra-en-funcionamiento-la-nueva-oficina-de-mediacion-comunitaria-con-seis-agentes-de-policia-municipal-que-intervendran-para-resolver-conflictos-vecinales\\\/#breadcrumb\"},\"inLanguage\":\"es\",\"potentialAction\":[{\"@type\":\"ReadAction\",\"target\":[\"https:\\\/\\\/www.laguiadepamplona.com\\\/actualidad\\\/entra-en-funcionamiento-la-nueva-oficina-de-mediacion-comunitaria-con-seis-agentes-de-policia-municipal-que-intervendran-para-resolver-conflictos-vecinales\\\/\"]}]},{\"@type\":\"ImageObject\",\"inLanguage\":\"es\",\"@id\":\"https:\\\/\\\/www.laguiadepamplona.com\\\/actualidad\\\/entra-en-funcionamiento-la-nueva-oficina-de-mediacion-comunitaria-con-seis-agentes-de-policia-municipal-que-intervendran-para-resolver-conflictos-vecinales\\\/#primaryimage\",\"url\":\"https:\\\/\\\/www.laguiadepamplona.com\\\/actualidad\\\/wp-content\\\/uploads\\\/2024\\\/10\\\/oficinademediacionciudadanapoliciamunicipa1_0.webp\",\"contentUrl\":\"https:\\\/\\\/www.laguiadepamplona.com\\\/actualidad\\\/wp-content\\\/uploads\\\/2024\\\/10\\\/oficinademediacionciudadanapoliciamunicipa1_0.webp\",\"width\":1000,\"height\":667,\"caption\":\"oficina mediaci\u00f3n ciudadana polic\u00eda municipal\"},{\"@type\":\"BreadcrumbList\",\"@id\":\"https:\\\/\\\/www.laguiadepamplona.com\\\/actualidad\\\/entra-en-funcionamiento-la-nueva-oficina-de-mediacion-comunitaria-con-seis-agentes-de-policia-municipal-que-intervendran-para-resolver-conflictos-vecinales\\\/#breadcrumb\",\"itemListElement\":[{\"@type\":\"ListItem\",\"position\":1,\"name\":\"Portada\",\"item\":\"https:\\\/\\\/www.laguiadepamplona.com\\\/actualidad\\\/\"},{\"@type\":\"ListItem\",\"position\":2,\"name\":\"Entra en funcionamiento la nueva Oficina de Mediaci\u00f3n Comunitaria con seis agentes de Polic\u00eda Municipal que intervendr\u00e1n para resolver conflictos vecinales\"}]},{\"@type\":\"WebSite\",\"@id\":\"https:\\\/\\\/www.laguiadepamplona.com\\\/actualidad\\\/#website\",\"url\":\"https:\\\/\\\/www.laguiadepamplona.com\\\/actualidad\\\/\",\"name\":\"La gu\u00eda de Pamplona\",\"description\":\"Noticias de Pamplona\",\"publisher\":{\"@id\":\"https:\\\/\\\/www.laguiadepamplona.com\\\/actualidad\\\/#organization\"},\"potentialAction\":[{\"@type\":\"SearchAction\",\"target\":{\"@type\":\"EntryPoint\",\"urlTemplate\":\"https:\\\/\\\/www.laguiadepamplona.com\\\/actualidad\\\/?s={search_term_string}\"},\"query-input\":{\"@type\":\"PropertyValueSpecification\",\"valueRequired\":true,\"valueName\":\"search_term_string\"}}],\"inLanguage\":\"es\"},{\"@type\":\"Organization\",\"@id\":\"https:\\\/\\\/www.laguiadepamplona.com\\\/actualidad\\\/#organization\",\"name\":\"La Gu\u00eda de Pamplona \\\/ Noticias\",\"url\":\"https:\\\/\\\/www.laguiadepamplona.com\\\/actualidad\\\/\",\"logo\":{\"@type\":\"ImageObject\",\"inLanguage\":\"es\",\"@id\":\"https:\\\/\\\/www.laguiadepamplona.com\\\/actualidad\\\/#\\\/schema\\\/logo\\\/image\\\/\",\"url\":\"https:\\\/\\\/www.laguiadepamplona.com\\\/actualidad\\\/wp-content\\\/uploads\\\/2018\\\/11\\\/logo-laguiadepamplona18-web1.png\",\"contentUrl\":\"https:\\\/\\\/www.laguiadepamplona.com\\\/actualidad\\\/wp-content\\\/uploads\\\/2018\\\/11\\\/logo-laguiadepamplona18-web1.png\",\"width\":600,\"height\":196,\"caption\":\"La Gu\u00eda de Pamplona \\\/ Noticias\"},\"image\":{\"@id\":\"https:\\\/\\\/www.laguiadepamplona.com\\\/actualidad\\\/#\\\/schema\\\/logo\\\/image\\\/\"},\"sameAs\":[\"https:\\\/\\\/www.facebook.com\\\/laguiadepamplonacom-133175176762273\\\/?ref=hl\",\"https:\\\/\\\/x.com\\\/LaGuiadPamplona\",\"https:\\\/\\\/www.instagram.com\\\/la_guia_de_pamplona\\\/\",\"https:\\\/\\\/www.youtube.com\\\/user\\\/laguiadepamplona\"]},{\"@type\":\"Person\",\"@id\":\"https:\\\/\\\/www.laguiadepamplona.com\\\/actualidad\\\/#\\\/schema\\\/person\\\/efe887376f0213d4657c93adc50b1fdb\",\"name\":\"La Gu\u00eda de Pamplona\",\"image\":{\"@type\":\"ImageObject\",\"inLanguage\":\"es\",\"@id\":\"https:\\\/\\\/secure.gravatar.com\\\/avatar\\\/b6992f131dc8d30ab0dff15446e9d346d9dbd95992de0fef795073f5ea83a81c?s=96&d=mm&r=g\",\"url\":\"https:\\\/\\\/secure.gravatar.com\\\/avatar\\\/b6992f131dc8d30ab0dff15446e9d346d9dbd95992de0fef795073f5ea83a81c?s=96&d=mm&r=g\",\"contentUrl\":\"https:\\\/\\\/secure.gravatar.com\\\/avatar\\\/b6992f131dc8d30ab0dff15446e9d346d9dbd95992de0fef795073f5ea83a81c?s=96&d=mm&r=g\",\"caption\":\"La Gu\u00eda de Pamplona\"}}]}<\/script>\n<!-- \/ Yoast SEO plugin. -->","yoast_head_json":{"title":"Entra en funcionamiento la nueva Oficina de Mediaci\u00f3n Comunitaria con seis agentes de Polic\u00eda Municipal que intervendr\u00e1n para resolver conflictos vecinales","description":"La Comisi\u00f3n de Presidencia ha visitado las instalaciones, ubicadas en la calle Irunlarrea, donde se atender\u00e1 con cita previa y por derivaci\u00f3n de otros servicios municipales","robots":{"index":"index","follow":"follow","max-snippet":"max-snippet:-1","max-image-preview":"max-image-preview:large","max-video-preview":"max-video-preview:-1"},"canonical":"https:\/\/www.laguiadepamplona.com\/actualidad\/entra-en-funcionamiento-la-nueva-oficina-de-mediacion-comunitaria-con-seis-agentes-de-policia-municipal-que-intervendran-para-resolver-conflictos-vecinales\/","og_locale":"es_ES","og_type":"article","og_title":"Entra en funcionamiento la nueva Oficina de Mediaci\u00f3n Comunitaria con seis agentes de Polic\u00eda Municipal que intervendr\u00e1n para resolver conflictos vecinales","og_description":"La Comisi\u00f3n de Presidencia ha visitado las instalaciones, ubicadas en la calle Irunlarrea, donde se atender\u00e1 con cita previa y por derivaci\u00f3n de otros servicios municipales","og_url":"https:\/\/www.laguiadepamplona.com\/actualidad\/entra-en-funcionamiento-la-nueva-oficina-de-mediacion-comunitaria-con-seis-agentes-de-policia-municipal-que-intervendran-para-resolver-conflictos-vecinales\/","og_site_name":"La Gu\u00eda de Pamplona","article_publisher":"https:\/\/www.facebook.com\/laguiadepamplonacom-133175176762273\/?ref=hl","article_published_time":"2024-10-15T10:54:23+00:00","og_image":[{"width":1000,"height":667,"url":"https:\/\/www.laguiadepamplona.com\/actualidad\/wp-content\/uploads\/2024\/10\/oficinademediacionciudadanapoliciamunicipa1_0.webp","type":"image\/webp"}],"author":"La Gu\u00eda de Pamplona","twitter_card":"summary_large_image","twitter_creator":"@LaGuiadPamplona","twitter_site":"@LaGuiadPamplona","twitter_misc":{"Escrito por":"La Gu\u00eda de Pamplona","Tiempo de lectura":"3 minutos"},"schema":{"@context":"https:\/\/schema.org","@graph":[{"@type":"Article","@id":"https:\/\/www.laguiadepamplona.com\/actualidad\/entra-en-funcionamiento-la-nueva-oficina-de-mediacion-comunitaria-con-seis-agentes-de-policia-municipal-que-intervendran-para-resolver-conflictos-vecinales\/#article","isPartOf":{"@id":"https:\/\/www.laguiadepamplona.com\/actualidad\/entra-en-funcionamiento-la-nueva-oficina-de-mediacion-comunitaria-con-seis-agentes-de-policia-municipal-que-intervendran-para-resolver-conflictos-vecinales\/"},"author":{"name":"La Gu\u00eda de Pamplona","@id":"https:\/\/www.laguiadepamplona.com\/actualidad\/#\/schema\/person\/efe887376f0213d4657c93adc50b1fdb"},"headline":"Entra en funcionamiento la nueva Oficina de Mediaci\u00f3n Comunitaria con seis agentes de Polic\u00eda Municipal que intervendr\u00e1n para resolver conflictos vecinales","datePublished":"2024-10-15T10:54:23+00:00","mainEntityOfPage":{"@id":"https:\/\/www.laguiadepamplona.com\/actualidad\/entra-en-funcionamiento-la-nueva-oficina-de-mediacion-comunitaria-con-seis-agentes-de-policia-municipal-que-intervendran-para-resolver-conflictos-vecinales\/"},"wordCount":641,"commentCount":0,"publisher":{"@id":"https:\/\/www.laguiadepamplona.com\/actualidad\/#organization"},"image":{"@id":"https:\/\/www.laguiadepamplona.com\/actualidad\/entra-en-funcionamiento-la-nueva-oficina-de-mediacion-comunitaria-con-seis-agentes-de-policia-municipal-que-intervendran-para-resolver-conflictos-vecinales\/#primaryimage"},"thumbnailUrl":"https:\/\/www.laguiadepamplona.com\/actualidad\/wp-content\/uploads\/2024\/10\/oficinademediacionciudadanapoliciamunicipa1_0.webp","articleSection":["Ayto Pamplona"],"inLanguage":"es","potentialAction":[{"@type":"CommentAction","name":"Comment","target":["https:\/\/www.laguiadepamplona.com\/actualidad\/entra-en-funcionamiento-la-nueva-oficina-de-mediacion-comunitaria-con-seis-agentes-de-policia-municipal-que-intervendran-para-resolver-conflictos-vecinales\/#respond"]}]},{"@type":"WebPage","@id":"https:\/\/www.laguiadepamplona.com\/actualidad\/entra-en-funcionamiento-la-nueva-oficina-de-mediacion-comunitaria-con-seis-agentes-de-policia-municipal-que-intervendran-para-resolver-conflictos-vecinales\/","url":"https:\/\/www.laguiadepamplona.com\/actualidad\/entra-en-funcionamiento-la-nueva-oficina-de-mediacion-comunitaria-con-seis-agentes-de-policia-municipal-que-intervendran-para-resolver-conflictos-vecinales\/","name":"Entra en funcionamiento la nueva Oficina de Mediaci\u00f3n Comunitaria con seis agentes de Polic\u00eda Municipal que intervendr\u00e1n para resolver conflictos vecinales","isPartOf":{"@id":"https:\/\/www.laguiadepamplona.com\/actualidad\/#website"},"primaryImageOfPage":{"@id":"https:\/\/www.laguiadepamplona.com\/actualidad\/entra-en-funcionamiento-la-nueva-oficina-de-mediacion-comunitaria-con-seis-agentes-de-policia-municipal-que-intervendran-para-resolver-conflictos-vecinales\/#primaryimage"},"image":{"@id":"https:\/\/www.laguiadepamplona.com\/actualidad\/entra-en-funcionamiento-la-nueva-oficina-de-mediacion-comunitaria-con-seis-agentes-de-policia-municipal-que-intervendran-para-resolver-conflictos-vecinales\/#primaryimage"},"thumbnailUrl":"https:\/\/www.laguiadepamplona.com\/actualidad\/wp-content\/uploads\/2024\/10\/oficinademediacionciudadanapoliciamunicipa1_0.webp","datePublished":"2024-10-15T10:54:23+00:00","description":"La Comisi\u00f3n de Presidencia ha visitado las instalaciones, ubicadas en la calle Irunlarrea, donde se atender\u00e1 con cita previa y por derivaci\u00f3n de otros servicios municipales","breadcrumb":{"@id":"https:\/\/www.laguiadepamplona.com\/actualidad\/entra-en-funcionamiento-la-nueva-oficina-de-mediacion-comunitaria-con-seis-agentes-de-policia-municipal-que-intervendran-para-resolver-conflictos-vecinales\/#breadcrumb"},"inLanguage":"es","potentialAction":[{"@type":"ReadAction","target":["https:\/\/www.laguiadepamplona.com\/actualidad\/entra-en-funcionamiento-la-nueva-oficina-de-mediacion-comunitaria-con-seis-agentes-de-policia-municipal-que-intervendran-para-resolver-conflictos-vecinales\/"]}]},{"@type":"ImageObject","inLanguage":"es","@id":"https:\/\/www.laguiadepamplona.com\/actualidad\/entra-en-funcionamiento-la-nueva-oficina-de-mediacion-comunitaria-con-seis-agentes-de-policia-municipal-que-intervendran-para-resolver-conflictos-vecinales\/#primaryimage","url":"https:\/\/www.laguiadepamplona.com\/actualidad\/wp-content\/uploads\/2024\/10\/oficinademediacionciudadanapoliciamunicipa1_0.webp","contentUrl":"https:\/\/www.laguiadepamplona.com\/actualidad\/wp-content\/uploads\/2024\/10\/oficinademediacionciudadanapoliciamunicipa1_0.webp","width":1000,"height":667,"caption":"oficina mediaci\u00f3n ciudadana polic\u00eda municipal"},{"@type":"BreadcrumbList","@id":"https:\/\/www.laguiadepamplona.com\/actualidad\/entra-en-funcionamiento-la-nueva-oficina-de-mediacion-comunitaria-con-seis-agentes-de-policia-municipal-que-intervendran-para-resolver-conflictos-vecinales\/#breadcrumb","itemListElement":[{"@type":"ListItem","position":1,"name":"Portada","item":"https:\/\/www.laguiadepamplona.com\/actualidad\/"},{"@type":"ListItem","position":2,"name":"Entra en funcionamiento la nueva Oficina de Mediaci\u00f3n Comunitaria con seis agentes de Polic\u00eda Municipal que intervendr\u00e1n para resolver conflictos vecinales"}]},{"@type":"WebSite","@id":"https:\/\/www.laguiadepamplona.com\/actualidad\/#website","url":"https:\/\/www.laguiadepamplona.com\/actualidad\/","name":"La gu\u00eda de Pamplona","description":"Noticias de Pamplona","publisher":{"@id":"https:\/\/www.laguiadepamplona.com\/actualidad\/#organization"},"potentialAction":[{"@type":"SearchAction","target":{"@type":"EntryPoint","urlTemplate":"https:\/\/www.laguiadepamplona.com\/actualidad\/?s={search_term_string}"},"query-input":{"@type":"PropertyValueSpecification","valueRequired":true,"valueName":"search_term_string"}}],"inLanguage":"es"},{"@type":"Organization","@id":"https:\/\/www.laguiadepamplona.com\/actualidad\/#organization","name":"La Gu\u00eda de Pamplona \/ Noticias","url":"https:\/\/www.laguiadepamplona.com\/actualidad\/","logo":{"@type":"ImageObject","inLanguage":"es","@id":"https:\/\/www.laguiadepamplona.com\/actualidad\/#\/schema\/logo\/image\/","url":"https:\/\/www.laguiadepamplona.com\/actualidad\/wp-content\/uploads\/2018\/11\/logo-laguiadepamplona18-web1.png","contentUrl":"https:\/\/www.laguiadepamplona.com\/actualidad\/wp-content\/uploads\/2018\/11\/logo-laguiadepamplona18-web1.png","width":600,"height":196,"caption":"La Gu\u00eda de Pamplona \/ Noticias"},"image":{"@id":"https:\/\/www.laguiadepamplona.com\/actualidad\/#\/schema\/logo\/image\/"},"sameAs":["https:\/\/www.facebook.com\/laguiadepamplonacom-133175176762273\/?ref=hl","https:\/\/x.com\/LaGuiadPamplona","https:\/\/www.instagram.com\/la_guia_de_pamplona\/","https:\/\/www.youtube.com\/user\/laguiadepamplona"]},{"@type":"Person","@id":"https:\/\/www.laguiadepamplona.com\/actualidad\/#\/schema\/person\/efe887376f0213d4657c93adc50b1fdb","name":"La Gu\u00eda de Pamplona","image":{"@type":"ImageObject","inLanguage":"es","@id":"https:\/\/secure.gravatar.com\/avatar\/b6992f131dc8d30ab0dff15446e9d346d9dbd95992de0fef795073f5ea83a81c?s=96&d=mm&r=g","url":"https:\/\/secure.gravatar.com\/avatar\/b6992f131dc8d30ab0dff15446e9d346d9dbd95992de0fef795073f5ea83a81c?s=96&d=mm&r=g","contentUrl":"https:\/\/secure.gravatar.com\/avatar\/b6992f131dc8d30ab0dff15446e9d346d9dbd95992de0fef795073f5ea83a81c?s=96&d=mm&r=g","caption":"La Gu\u00eda de Pamplona"}}]}},"post_mailing_queue_ids":[],"_links":{"self":[{"href":"https:\/\/www.laguiadepamplona.com\/actualidad\/wp-json\/wp\/v2\/posts\/51039","targetHints":{"allow":["GET"]}}],"collection":[{"href":"https:\/\/www.laguiadepamplona.com\/actualidad\/wp-json\/wp\/v2\/posts"}],"about":[{"href":"https:\/\/www.laguiadepamplona.com\/actualidad\/wp-json\/wp\/v2\/types\/post"}],"author":[{"embeddable":true,"href":"https:\/\/www.laguiadepamplona.com\/actualidad\/wp-json\/wp\/v2\/users\/1"}],"replies":[{"embeddable":true,"href":"https:\/\/www.laguiadepamplona.com\/actualidad\/wp-json\/wp\/v2\/comments?post=51039"}],"version-history":[{"count":1,"href":"https:\/\/www.laguiadepamplona.com\/actualidad\/wp-json\/wp\/v2\/posts\/51039\/revisions"}],"predecessor-version":[{"id":51041,"href":"https:\/\/www.laguiadepamplona.com\/actualidad\/wp-json\/wp\/v2\/posts\/51039\/revisions\/51041"}],"wp:featuredmedia":[{"embeddable":true,"href":"https:\/\/www.laguiadepamplona.com\/actualidad\/wp-json\/wp\/v2\/media\/51040"}],"wp:attachment":[{"href":"https:\/\/www.laguiadepamplona.com\/actualidad\/wp-json\/wp\/v2\/media?parent=51039"}],"wp:term":[{"taxonomy":"category","embeddable":true,"href":"https:\/\/www.laguiadepamplona.com\/actualidad\/wp-json\/wp\/v2\/categories?post=51039"},{"taxonomy":"post_tag","embeddable":true,"href":"https:\/\/www.laguiadepamplona.com\/actualidad\/wp-json\/wp\/v2\/tags?post=51039"}],"curies":[{"name":"wp","href":"https:\/\/api.w.org\/{rel}","templated":true}]}}