{"id":51033,"date":"2024-10-14T17:37:12","date_gmt":"2024-10-14T15:37:12","guid":{"rendered":"https:\/\/www.laguiadepamplona.com\/actualidad\/?p=51033"},"modified":"2024-10-14T17:37:12","modified_gmt":"2024-10-14T15:37:12","slug":"el-proyecto-de-reserva-fluvial-del-molino-de-ilundain-recupera-en-terminos-ecologicos-y-ambientales-el-entorno-del-rio-generando-nuevos-habitats-naturales","status":"publish","type":"post","link":"https:\/\/www.laguiadepamplona.com\/actualidad\/el-proyecto-de-reserva-fluvial-del-molino-de-ilundain-recupera-en-terminos-ecologicos-y-ambientales-el-entorno-del-rio-generando-nuevos-habitats-naturales\/","title":{"rendered":"El proyecto de reserva fluvial del molino de Ilund\u00e1in recupera en t\u00e9rminos ecol\u00f3gicos y ambientales el entorno del r\u00edo, generando nuevos h\u00e1bitats naturales"},"content":{"rendered":"<h2>La regeneraci\u00f3n ambiental de este espacio forma parte del proyecto RUNA 2025, financiado por fondos europeos Next Generation EU<\/h2>\n<p><!--more--><\/p>\n<p>De zona degradada a reserva fluvial; de fondo de saco en el l\u00edmite con Bara\u00f1\u00e1in, sin actividad y con dif\u00edcil acceso, a espacio de esparcimiento, sostenible, caminable y verde. El Ayuntamiento de Pamplona va a recuperar el entorno del molino de Ilund\u00e1in y ponerlo en valor en t\u00e9rminos ecol\u00f3gicos y medioambientales. La propuesta de actuaci\u00f3n recupera para el r\u00edo y sus din\u00e1micas fluviales una amplia superficie inundable, adem\u00e1s de generar nuevas zonas verdes, recorridos did\u00e1cticos y h\u00e1bitats naturales.<\/p>\n<p>El concejal delegado del Gobierno Estrat\u00e9gico, Urbanismo, Vivienda y Agenda 2030, Joxe Abaurrea San Juan, y el concejal delegado de Ciudad Habitable y Sostenible, Borja Izagirre Larra\u00f1aga, han presentado una actuaci\u00f3n, que se dar\u00e1 a conocer este jueves en Condestable en una jornada abierta a la participaci\u00f3n ciudadana. El espacio en el que se proyecta la reserva fluvial del molino de Ilund\u00e1in se encuentra en el margen izquierdo del r\u00edo Arga, entre el puente de Landaben y la ripa que sirve de l\u00edmite con el t\u00e9rmino municipal de Bara\u00f1\u00e1in.<\/p>\n<p>El objetivo de la actuaci\u00f3n es la regeneraci\u00f3n ambiental de un espacio degradado por la antigua actividad agr\u00edcola que transform\u00f3 la zona pr\u00f3xima al conjunto patrimonial del molino de Ilundain. Los rellenos sobre el terreno llevado a cabo entonces impiden hoy en d\u00eda la inundabilidad de la parcela y limitan su potencial como espacio ecosist\u00e9mico. Mediante la eliminaci\u00f3n de escolleras y evacuaci\u00f3n de rellenos, se va a configurar una nueva topograf\u00eda que permite la entrada del agua en periodos de crecida, de manera que se pretende habilitar un nuevo escenario de ambientes diversos propicio para realizar plantaciones de planta forestal aut\u00f3ctona con el objetivo de regenerar y ampliar h\u00e1bitat fluvial para el r\u00edo y su fauna. De esta forma, se recupera una amplia superficie inundable para la din\u00e1mica natural del r\u00edo Arga a su paso por esta zona.<\/p>\n<p>Estas actuaciones se acompa\u00f1ar\u00e1n de un recorrido que, en continuidad con el paseo fluvial, enlace diferentes puntos de inter\u00e9s o hitos existentes (ambientales, patrimoniales, de uso p\u00fablico) con la intenci\u00f3n de favorecer el acercamiento, el conocimiento y la sensibilizaci\u00f3n de la ciudadan\u00eda. En definitiva, se pretende transformar este espacio en torno al r\u00edo Arga utilizando los cursos fluviales como lugares de encuentro entre la trama urbana y el ecosistema natural, a la vez que se potencian infraestructuras verdes y azules y se transforman en ejes vertebradores de un espacio urbano.<\/p>\n<p><strong>Molino del siglo XVI y canal<\/strong><\/p>\n<p>La intervenci\u00f3n de regeneraci\u00f3n convive con espacios transitables para la ciudadan\u00eda, que se acompa\u00f1an de elementos que ponen en valor y permiten interpretar el potencial ecol\u00f3gico de la zona y su patrimonio arquitect\u00f3nico. Los restos del molino de Ilundain datan del siglo XVI y para ellos se propone su consolidaci\u00f3n y cubrici\u00f3n con el objeto de asegurar su conservaci\u00f3n.\u00a0 Del mismo modo, se pretende integrar y preservar la traza de su canal de abastecimiento en el proyecto, mediante la consolidaci\u00f3n de los muros del mismo que presentan inter\u00e9s arquitect\u00f3nico.<\/p>\n<p>La redacci\u00f3n del proyecto de reserva fluvial del molino de Ilund\u00e1in y, en su caso, la direcci\u00f3n de obra se adjudic\u00f3 a David Serrano Amatriain, Maier V\u00e9lez Olabarria, Soil Arquitectura del Paisaje S. Coop. Peque\u00f1a, Go\u00f1i &amp; Legarreta SL y Monkaval Soluciones de Ingenier\u00eda SL por un importe de 108.350,78 euros. Esta actuaci\u00f3n se enmarca en el proyecto RUNA 2025, que ha obtenido 2,7 millones de euros en la convocatoria de ayudas de la Fundaci\u00f3n Biodiversidad del Ministerio para la Transici\u00f3n Ecol\u00f3gica y el Reto Demogr\u00e1fico (MITECO), en el marco del Plan de Recuperaci\u00f3n, Transformaci\u00f3n y Resiliencia, financiado por la Uni\u00f3n Europea y los fondos Next Generation EU.<\/p>\n<p><strong>Jornada de presentaci\u00f3n del proyecto este jueves<\/strong><\/p>\n<p>Para dar a conocer esta actuaci\u00f3n e involucrar a la ciudadan\u00eda en su desarrollo, se va a celebrar este jueves 17 de octubre una jornada de presentaci\u00f3n del proyecto de reserva fluvial del molino de Ilund\u00e1in. Tendr\u00e1 lugar en Civivox Condestable por la tarde, de 18 a 20 horas, con entrada libre, previa inscripci\u00f3n en el tel\u00e9fono 010 \u2013 948 420 100 o en el enlace <a href=\"https:\/\/es.surveymonkey.com\/r\/RUNAB8\" target=\"_blank\" rel=\"noopener\">https:\/\/es.surveymonkey.com\/r\/RUNAB8<\/a>.<\/p>\n<p>En la jornada, el equipo redactor del proyecto y personal t\u00e9cnico municipal expondr\u00e1n el contexto y el punto de partida de esta actuaci\u00f3n, los condicionantes y las caracter\u00edsticas de u na intervenci\u00f3n que combina lo medioambiental y lo patrimonial. Se explicar\u00e1n los detalles del proyecto y qu\u00e9 se va a hacer y, por \u00faltimo, se har\u00e1 un llamamiento a la participaci\u00f3n a asociaciones y colectivos profesionales vinculados al medio ambiente y al espacio urbano, agentes especializados, vecinas y vecinos de la zona y cualquier otra persona interesada en la transformaci\u00f3n y renaturalizaci\u00f3n de la ciudad.<\/p>\n<p>La jornada, adem\u00e1s, contar\u00e1 con un servicio de conciliaci\u00f3n que pueden utilizar aquellas personas interesadas en acudir a la presentaci\u00f3n. Las inscripciones para ese servicio de conciliaci\u00f3n pueden realizarse a trav\u00e9s del 010 o a trav\u00e9s de la plataforma Decide Pamplona Erabaki.<\/p>\n","protected":false},"excerpt":{"rendered":"<p>La regeneraci\u00f3n ambiental de este espacio forma parte del proyecto RUNA 2025, financiado por fondos europeos Next Generation EU<\/p>\n","protected":false},"author":1,"featured_media":51034,"comment_status":"open","ping_status":"closed","sticky":false,"template":"","format":"standard","meta":{"footnotes":""},"categories":[2],"tags":[],"class_list":["post-51033","post","type-post","status-publish","format-standard","has-post-thumbnail","hentry","category-ayuntamiento-pamplona"],"yoast_head":"<!-- This site is optimized with the Yoast SEO plugin v27.3 - https:\/\/yoast.com\/product\/yoast-seo-wordpress\/ -->\n<title>El proyecto de reserva fluvial del molino de Ilund\u00e1in recupera en t\u00e9rminos ecol\u00f3gicos y ambientales el entorno del r\u00edo, generando nuevos h\u00e1bitats naturales<\/title>\n<meta name=\"description\" content=\"La regeneraci\u00f3n ambiental de este espacio forma parte del proyecto RUNA 2025, financiado por fondos europeos Next Generation EU\" \/>\n<meta name=\"robots\" content=\"index, follow, max-snippet:-1, max-image-preview:large, max-video-preview:-1\" \/>\n<link rel=\"canonical\" href=\"https:\/\/www.laguiadepamplona.com\/actualidad\/el-proyecto-de-reserva-fluvial-del-molino-de-ilundain-recupera-en-terminos-ecologicos-y-ambientales-el-entorno-del-rio-generando-nuevos-habitats-naturales\/\" \/>\n<meta property=\"og:locale\" content=\"es_ES\" \/>\n<meta property=\"og:type\" content=\"article\" \/>\n<meta property=\"og:title\" content=\"El proyecto de reserva fluvial del molino de Ilund\u00e1in recupera en t\u00e9rminos ecol\u00f3gicos y ambientales el entorno del r\u00edo, generando nuevos h\u00e1bitats naturales\" \/>\n<meta property=\"og:description\" content=\"La regeneraci\u00f3n ambiental de este espacio forma parte del proyecto RUNA 2025, financiado por fondos europeos Next Generation EU\" \/>\n<meta property=\"og:url\" content=\"https:\/\/www.laguiadepamplona.com\/actualidad\/el-proyecto-de-reserva-fluvial-del-molino-de-ilundain-recupera-en-terminos-ecologicos-y-ambientales-el-entorno-del-rio-generando-nuevos-habitats-naturales\/\" \/>\n<meta property=\"og:site_name\" content=\"La Gu\u00eda de Pamplona\" \/>\n<meta property=\"article:publisher\" content=\"https:\/\/www.facebook.com\/laguiadepamplonacom-133175176762273\/?ref=hl\" \/>\n<meta property=\"article:published_time\" content=\"2024-10-14T15:37:12+00:00\" \/>\n<meta property=\"og:image\" content=\"https:\/\/www.laguiadepamplona.com\/actualidad\/wp-content\/uploads\/2024\/10\/molino-de-ilundain_web.webp\" \/>\n\t<meta property=\"og:image:width\" content=\"1000\" \/>\n\t<meta property=\"og:image:height\" content=\"562\" \/>\n\t<meta property=\"og:image:type\" content=\"image\/webp\" \/>\n<meta name=\"author\" content=\"La Gu\u00eda de Pamplona\" \/>\n<meta name=\"twitter:card\" content=\"summary_large_image\" \/>\n<meta name=\"twitter:creator\" content=\"@LaGuiadPamplona\" \/>\n<meta name=\"twitter:site\" content=\"@LaGuiadPamplona\" \/>\n<meta name=\"twitter:label1\" content=\"Escrito por\" \/>\n\t<meta name=\"twitter:data1\" content=\"La Gu\u00eda de Pamplona\" \/>\n\t<meta name=\"twitter:label2\" content=\"Tiempo de lectura\" \/>\n\t<meta name=\"twitter:data2\" content=\"4 minutos\" \/>\n<script type=\"application\/ld+json\" class=\"yoast-schema-graph\">{\"@context\":\"https:\\\/\\\/schema.org\",\"@graph\":[{\"@type\":\"Article\",\"@id\":\"https:\\\/\\\/www.laguiadepamplona.com\\\/actualidad\\\/el-proyecto-de-reserva-fluvial-del-molino-de-ilundain-recupera-en-terminos-ecologicos-y-ambientales-el-entorno-del-rio-generando-nuevos-habitats-naturales\\\/#article\",\"isPartOf\":{\"@id\":\"https:\\\/\\\/www.laguiadepamplona.com\\\/actualidad\\\/el-proyecto-de-reserva-fluvial-del-molino-de-ilundain-recupera-en-terminos-ecologicos-y-ambientales-el-entorno-del-rio-generando-nuevos-habitats-naturales\\\/\"},\"author\":{\"name\":\"La Gu\u00eda de Pamplona\",\"@id\":\"https:\\\/\\\/www.laguiadepamplona.com\\\/actualidad\\\/#\\\/schema\\\/person\\\/efe887376f0213d4657c93adc50b1fdb\"},\"headline\":\"El proyecto de reserva fluvial del molino de Ilund\u00e1in recupera en t\u00e9rminos ecol\u00f3gicos y ambientales el entorno del r\u00edo, generando nuevos h\u00e1bitats naturales\",\"datePublished\":\"2024-10-14T15:37:12+00:00\",\"mainEntityOfPage\":{\"@id\":\"https:\\\/\\\/www.laguiadepamplona.com\\\/actualidad\\\/el-proyecto-de-reserva-fluvial-del-molino-de-ilundain-recupera-en-terminos-ecologicos-y-ambientales-el-entorno-del-rio-generando-nuevos-habitats-naturales\\\/\"},\"wordCount\":940,\"commentCount\":0,\"publisher\":{\"@id\":\"https:\\\/\\\/www.laguiadepamplona.com\\\/actualidad\\\/#organization\"},\"image\":{\"@id\":\"https:\\\/\\\/www.laguiadepamplona.com\\\/actualidad\\\/el-proyecto-de-reserva-fluvial-del-molino-de-ilundain-recupera-en-terminos-ecologicos-y-ambientales-el-entorno-del-rio-generando-nuevos-habitats-naturales\\\/#primaryimage\"},\"thumbnailUrl\":\"https:\\\/\\\/www.laguiadepamplona.com\\\/actualidad\\\/wp-content\\\/uploads\\\/2024\\\/10\\\/molino-de-ilundain_web.webp\",\"articleSection\":[\"Ayto Pamplona\"],\"inLanguage\":\"es\",\"potentialAction\":[{\"@type\":\"CommentAction\",\"name\":\"Comment\",\"target\":[\"https:\\\/\\\/www.laguiadepamplona.com\\\/actualidad\\\/el-proyecto-de-reserva-fluvial-del-molino-de-ilundain-recupera-en-terminos-ecologicos-y-ambientales-el-entorno-del-rio-generando-nuevos-habitats-naturales\\\/#respond\"]}]},{\"@type\":\"WebPage\",\"@id\":\"https:\\\/\\\/www.laguiadepamplona.com\\\/actualidad\\\/el-proyecto-de-reserva-fluvial-del-molino-de-ilundain-recupera-en-terminos-ecologicos-y-ambientales-el-entorno-del-rio-generando-nuevos-habitats-naturales\\\/\",\"url\":\"https:\\\/\\\/www.laguiadepamplona.com\\\/actualidad\\\/el-proyecto-de-reserva-fluvial-del-molino-de-ilundain-recupera-en-terminos-ecologicos-y-ambientales-el-entorno-del-rio-generando-nuevos-habitats-naturales\\\/\",\"name\":\"El proyecto de reserva fluvial del molino de Ilund\u00e1in recupera en t\u00e9rminos ecol\u00f3gicos y ambientales el entorno del r\u00edo, generando nuevos h\u00e1bitats naturales\",\"isPartOf\":{\"@id\":\"https:\\\/\\\/www.laguiadepamplona.com\\\/actualidad\\\/#website\"},\"primaryImageOfPage\":{\"@id\":\"https:\\\/\\\/www.laguiadepamplona.com\\\/actualidad\\\/el-proyecto-de-reserva-fluvial-del-molino-de-ilundain-recupera-en-terminos-ecologicos-y-ambientales-el-entorno-del-rio-generando-nuevos-habitats-naturales\\\/#primaryimage\"},\"image\":{\"@id\":\"https:\\\/\\\/www.laguiadepamplona.com\\\/actualidad\\\/el-proyecto-de-reserva-fluvial-del-molino-de-ilundain-recupera-en-terminos-ecologicos-y-ambientales-el-entorno-del-rio-generando-nuevos-habitats-naturales\\\/#primaryimage\"},\"thumbnailUrl\":\"https:\\\/\\\/www.laguiadepamplona.com\\\/actualidad\\\/wp-content\\\/uploads\\\/2024\\\/10\\\/molino-de-ilundain_web.webp\",\"datePublished\":\"2024-10-14T15:37:12+00:00\",\"description\":\"La regeneraci\u00f3n ambiental de este espacio forma parte del proyecto RUNA 2025, financiado por fondos europeos Next Generation EU\",\"breadcrumb\":{\"@id\":\"https:\\\/\\\/www.laguiadepamplona.com\\\/actualidad\\\/el-proyecto-de-reserva-fluvial-del-molino-de-ilundain-recupera-en-terminos-ecologicos-y-ambientales-el-entorno-del-rio-generando-nuevos-habitats-naturales\\\/#breadcrumb\"},\"inLanguage\":\"es\",\"potentialAction\":[{\"@type\":\"ReadAction\",\"target\":[\"https:\\\/\\\/www.laguiadepamplona.com\\\/actualidad\\\/el-proyecto-de-reserva-fluvial-del-molino-de-ilundain-recupera-en-terminos-ecologicos-y-ambientales-el-entorno-del-rio-generando-nuevos-habitats-naturales\\\/\"]}]},{\"@type\":\"ImageObject\",\"inLanguage\":\"es\",\"@id\":\"https:\\\/\\\/www.laguiadepamplona.com\\\/actualidad\\\/el-proyecto-de-reserva-fluvial-del-molino-de-ilundain-recupera-en-terminos-ecologicos-y-ambientales-el-entorno-del-rio-generando-nuevos-habitats-naturales\\\/#primaryimage\",\"url\":\"https:\\\/\\\/www.laguiadepamplona.com\\\/actualidad\\\/wp-content\\\/uploads\\\/2024\\\/10\\\/molino-de-ilundain_web.webp\",\"contentUrl\":\"https:\\\/\\\/www.laguiadepamplona.com\\\/actualidad\\\/wp-content\\\/uploads\\\/2024\\\/10\\\/molino-de-ilundain_web.webp\",\"width\":1000,\"height\":562,\"caption\":\"molino de ilund\u00e1in\"},{\"@type\":\"BreadcrumbList\",\"@id\":\"https:\\\/\\\/www.laguiadepamplona.com\\\/actualidad\\\/el-proyecto-de-reserva-fluvial-del-molino-de-ilundain-recupera-en-terminos-ecologicos-y-ambientales-el-entorno-del-rio-generando-nuevos-habitats-naturales\\\/#breadcrumb\",\"itemListElement\":[{\"@type\":\"ListItem\",\"position\":1,\"name\":\"Portada\",\"item\":\"https:\\\/\\\/www.laguiadepamplona.com\\\/actualidad\\\/\"},{\"@type\":\"ListItem\",\"position\":2,\"name\":\"El proyecto de reserva fluvial del molino de Ilund\u00e1in recupera en t\u00e9rminos ecol\u00f3gicos y ambientales el entorno del r\u00edo, generando nuevos h\u00e1bitats naturales\"}]},{\"@type\":\"WebSite\",\"@id\":\"https:\\\/\\\/www.laguiadepamplona.com\\\/actualidad\\\/#website\",\"url\":\"https:\\\/\\\/www.laguiadepamplona.com\\\/actualidad\\\/\",\"name\":\"La gu\u00eda de Pamplona\",\"description\":\"Noticias de Pamplona\",\"publisher\":{\"@id\":\"https:\\\/\\\/www.laguiadepamplona.com\\\/actualidad\\\/#organization\"},\"potentialAction\":[{\"@type\":\"SearchAction\",\"target\":{\"@type\":\"EntryPoint\",\"urlTemplate\":\"https:\\\/\\\/www.laguiadepamplona.com\\\/actualidad\\\/?s={search_term_string}\"},\"query-input\":{\"@type\":\"PropertyValueSpecification\",\"valueRequired\":true,\"valueName\":\"search_term_string\"}}],\"inLanguage\":\"es\"},{\"@type\":\"Organization\",\"@id\":\"https:\\\/\\\/www.laguiadepamplona.com\\\/actualidad\\\/#organization\",\"name\":\"La Gu\u00eda de Pamplona \\\/ Noticias\",\"url\":\"https:\\\/\\\/www.laguiadepamplona.com\\\/actualidad\\\/\",\"logo\":{\"@type\":\"ImageObject\",\"inLanguage\":\"es\",\"@id\":\"https:\\\/\\\/www.laguiadepamplona.com\\\/actualidad\\\/#\\\/schema\\\/logo\\\/image\\\/\",\"url\":\"https:\\\/\\\/www.laguiadepamplona.com\\\/actualidad\\\/wp-content\\\/uploads\\\/2018\\\/11\\\/logo-laguiadepamplona18-web1.png\",\"contentUrl\":\"https:\\\/\\\/www.laguiadepamplona.com\\\/actualidad\\\/wp-content\\\/uploads\\\/2018\\\/11\\\/logo-laguiadepamplona18-web1.png\",\"width\":600,\"height\":196,\"caption\":\"La Gu\u00eda de Pamplona \\\/ Noticias\"},\"image\":{\"@id\":\"https:\\\/\\\/www.laguiadepamplona.com\\\/actualidad\\\/#\\\/schema\\\/logo\\\/image\\\/\"},\"sameAs\":[\"https:\\\/\\\/www.facebook.com\\\/laguiadepamplonacom-133175176762273\\\/?ref=hl\",\"https:\\\/\\\/x.com\\\/LaGuiadPamplona\",\"https:\\\/\\\/www.instagram.com\\\/la_guia_de_pamplona\\\/\",\"https:\\\/\\\/www.youtube.com\\\/user\\\/laguiadepamplona\"]},{\"@type\":\"Person\",\"@id\":\"https:\\\/\\\/www.laguiadepamplona.com\\\/actualidad\\\/#\\\/schema\\\/person\\\/efe887376f0213d4657c93adc50b1fdb\",\"name\":\"La Gu\u00eda de Pamplona\",\"image\":{\"@type\":\"ImageObject\",\"inLanguage\":\"es\",\"@id\":\"https:\\\/\\\/secure.gravatar.com\\\/avatar\\\/b6992f131dc8d30ab0dff15446e9d346d9dbd95992de0fef795073f5ea83a81c?s=96&d=mm&r=g\",\"url\":\"https:\\\/\\\/secure.gravatar.com\\\/avatar\\\/b6992f131dc8d30ab0dff15446e9d346d9dbd95992de0fef795073f5ea83a81c?s=96&d=mm&r=g\",\"contentUrl\":\"https:\\\/\\\/secure.gravatar.com\\\/avatar\\\/b6992f131dc8d30ab0dff15446e9d346d9dbd95992de0fef795073f5ea83a81c?s=96&d=mm&r=g\",\"caption\":\"La Gu\u00eda de Pamplona\"}}]}<\/script>\n<!-- \/ Yoast SEO plugin. -->","yoast_head_json":{"title":"El proyecto de reserva fluvial del molino de Ilund\u00e1in recupera en t\u00e9rminos ecol\u00f3gicos y ambientales el entorno del r\u00edo, generando nuevos h\u00e1bitats naturales","description":"La regeneraci\u00f3n ambiental de este espacio forma parte del proyecto RUNA 2025, financiado por fondos europeos Next Generation EU","robots":{"index":"index","follow":"follow","max-snippet":"max-snippet:-1","max-image-preview":"max-image-preview:large","max-video-preview":"max-video-preview:-1"},"canonical":"https:\/\/www.laguiadepamplona.com\/actualidad\/el-proyecto-de-reserva-fluvial-del-molino-de-ilundain-recupera-en-terminos-ecologicos-y-ambientales-el-entorno-del-rio-generando-nuevos-habitats-naturales\/","og_locale":"es_ES","og_type":"article","og_title":"El proyecto de reserva fluvial del molino de Ilund\u00e1in recupera en t\u00e9rminos ecol\u00f3gicos y ambientales el entorno del r\u00edo, generando nuevos h\u00e1bitats naturales","og_description":"La regeneraci\u00f3n ambiental de este espacio forma parte del proyecto RUNA 2025, financiado por fondos europeos Next Generation EU","og_url":"https:\/\/www.laguiadepamplona.com\/actualidad\/el-proyecto-de-reserva-fluvial-del-molino-de-ilundain-recupera-en-terminos-ecologicos-y-ambientales-el-entorno-del-rio-generando-nuevos-habitats-naturales\/","og_site_name":"La Gu\u00eda de Pamplona","article_publisher":"https:\/\/www.facebook.com\/laguiadepamplonacom-133175176762273\/?ref=hl","article_published_time":"2024-10-14T15:37:12+00:00","og_image":[{"width":1000,"height":562,"url":"https:\/\/www.laguiadepamplona.com\/actualidad\/wp-content\/uploads\/2024\/10\/molino-de-ilundain_web.webp","type":"image\/webp"}],"author":"La Gu\u00eda de Pamplona","twitter_card":"summary_large_image","twitter_creator":"@LaGuiadPamplona","twitter_site":"@LaGuiadPamplona","twitter_misc":{"Escrito por":"La Gu\u00eda de Pamplona","Tiempo de lectura":"4 minutos"},"schema":{"@context":"https:\/\/schema.org","@graph":[{"@type":"Article","@id":"https:\/\/www.laguiadepamplona.com\/actualidad\/el-proyecto-de-reserva-fluvial-del-molino-de-ilundain-recupera-en-terminos-ecologicos-y-ambientales-el-entorno-del-rio-generando-nuevos-habitats-naturales\/#article","isPartOf":{"@id":"https:\/\/www.laguiadepamplona.com\/actualidad\/el-proyecto-de-reserva-fluvial-del-molino-de-ilundain-recupera-en-terminos-ecologicos-y-ambientales-el-entorno-del-rio-generando-nuevos-habitats-naturales\/"},"author":{"name":"La Gu\u00eda de Pamplona","@id":"https:\/\/www.laguiadepamplona.com\/actualidad\/#\/schema\/person\/efe887376f0213d4657c93adc50b1fdb"},"headline":"El proyecto de reserva fluvial del molino de Ilund\u00e1in recupera en t\u00e9rminos ecol\u00f3gicos y ambientales el entorno del r\u00edo, generando nuevos h\u00e1bitats naturales","datePublished":"2024-10-14T15:37:12+00:00","mainEntityOfPage":{"@id":"https:\/\/www.laguiadepamplona.com\/actualidad\/el-proyecto-de-reserva-fluvial-del-molino-de-ilundain-recupera-en-terminos-ecologicos-y-ambientales-el-entorno-del-rio-generando-nuevos-habitats-naturales\/"},"wordCount":940,"commentCount":0,"publisher":{"@id":"https:\/\/www.laguiadepamplona.com\/actualidad\/#organization"},"image":{"@id":"https:\/\/www.laguiadepamplona.com\/actualidad\/el-proyecto-de-reserva-fluvial-del-molino-de-ilundain-recupera-en-terminos-ecologicos-y-ambientales-el-entorno-del-rio-generando-nuevos-habitats-naturales\/#primaryimage"},"thumbnailUrl":"https:\/\/www.laguiadepamplona.com\/actualidad\/wp-content\/uploads\/2024\/10\/molino-de-ilundain_web.webp","articleSection":["Ayto Pamplona"],"inLanguage":"es","potentialAction":[{"@type":"CommentAction","name":"Comment","target":["https:\/\/www.laguiadepamplona.com\/actualidad\/el-proyecto-de-reserva-fluvial-del-molino-de-ilundain-recupera-en-terminos-ecologicos-y-ambientales-el-entorno-del-rio-generando-nuevos-habitats-naturales\/#respond"]}]},{"@type":"WebPage","@id":"https:\/\/www.laguiadepamplona.com\/actualidad\/el-proyecto-de-reserva-fluvial-del-molino-de-ilundain-recupera-en-terminos-ecologicos-y-ambientales-el-entorno-del-rio-generando-nuevos-habitats-naturales\/","url":"https:\/\/www.laguiadepamplona.com\/actualidad\/el-proyecto-de-reserva-fluvial-del-molino-de-ilundain-recupera-en-terminos-ecologicos-y-ambientales-el-entorno-del-rio-generando-nuevos-habitats-naturales\/","name":"El proyecto de reserva fluvial del molino de Ilund\u00e1in recupera en t\u00e9rminos ecol\u00f3gicos y ambientales el entorno del r\u00edo, generando nuevos h\u00e1bitats naturales","isPartOf":{"@id":"https:\/\/www.laguiadepamplona.com\/actualidad\/#website"},"primaryImageOfPage":{"@id":"https:\/\/www.laguiadepamplona.com\/actualidad\/el-proyecto-de-reserva-fluvial-del-molino-de-ilundain-recupera-en-terminos-ecologicos-y-ambientales-el-entorno-del-rio-generando-nuevos-habitats-naturales\/#primaryimage"},"image":{"@id":"https:\/\/www.laguiadepamplona.com\/actualidad\/el-proyecto-de-reserva-fluvial-del-molino-de-ilundain-recupera-en-terminos-ecologicos-y-ambientales-el-entorno-del-rio-generando-nuevos-habitats-naturales\/#primaryimage"},"thumbnailUrl":"https:\/\/www.laguiadepamplona.com\/actualidad\/wp-content\/uploads\/2024\/10\/molino-de-ilundain_web.webp","datePublished":"2024-10-14T15:37:12+00:00","description":"La regeneraci\u00f3n ambiental de este espacio forma parte del proyecto RUNA 2025, financiado por fondos europeos Next Generation EU","breadcrumb":{"@id":"https:\/\/www.laguiadepamplona.com\/actualidad\/el-proyecto-de-reserva-fluvial-del-molino-de-ilundain-recupera-en-terminos-ecologicos-y-ambientales-el-entorno-del-rio-generando-nuevos-habitats-naturales\/#breadcrumb"},"inLanguage":"es","potentialAction":[{"@type":"ReadAction","target":["https:\/\/www.laguiadepamplona.com\/actualidad\/el-proyecto-de-reserva-fluvial-del-molino-de-ilundain-recupera-en-terminos-ecologicos-y-ambientales-el-entorno-del-rio-generando-nuevos-habitats-naturales\/"]}]},{"@type":"ImageObject","inLanguage":"es","@id":"https:\/\/www.laguiadepamplona.com\/actualidad\/el-proyecto-de-reserva-fluvial-del-molino-de-ilundain-recupera-en-terminos-ecologicos-y-ambientales-el-entorno-del-rio-generando-nuevos-habitats-naturales\/#primaryimage","url":"https:\/\/www.laguiadepamplona.com\/actualidad\/wp-content\/uploads\/2024\/10\/molino-de-ilundain_web.webp","contentUrl":"https:\/\/www.laguiadepamplona.com\/actualidad\/wp-content\/uploads\/2024\/10\/molino-de-ilundain_web.webp","width":1000,"height":562,"caption":"molino de ilund\u00e1in"},{"@type":"BreadcrumbList","@id":"https:\/\/www.laguiadepamplona.com\/actualidad\/el-proyecto-de-reserva-fluvial-del-molino-de-ilundain-recupera-en-terminos-ecologicos-y-ambientales-el-entorno-del-rio-generando-nuevos-habitats-naturales\/#breadcrumb","itemListElement":[{"@type":"ListItem","position":1,"name":"Portada","item":"https:\/\/www.laguiadepamplona.com\/actualidad\/"},{"@type":"ListItem","position":2,"name":"El proyecto de reserva fluvial del molino de Ilund\u00e1in recupera en t\u00e9rminos ecol\u00f3gicos y ambientales el entorno del r\u00edo, generando nuevos h\u00e1bitats naturales"}]},{"@type":"WebSite","@id":"https:\/\/www.laguiadepamplona.com\/actualidad\/#website","url":"https:\/\/www.laguiadepamplona.com\/actualidad\/","name":"La gu\u00eda de Pamplona","description":"Noticias de Pamplona","publisher":{"@id":"https:\/\/www.laguiadepamplona.com\/actualidad\/#organization"},"potentialAction":[{"@type":"SearchAction","target":{"@type":"EntryPoint","urlTemplate":"https:\/\/www.laguiadepamplona.com\/actualidad\/?s={search_term_string}"},"query-input":{"@type":"PropertyValueSpecification","valueRequired":true,"valueName":"search_term_string"}}],"inLanguage":"es"},{"@type":"Organization","@id":"https:\/\/www.laguiadepamplona.com\/actualidad\/#organization","name":"La Gu\u00eda de Pamplona \/ Noticias","url":"https:\/\/www.laguiadepamplona.com\/actualidad\/","logo":{"@type":"ImageObject","inLanguage":"es","@id":"https:\/\/www.laguiadepamplona.com\/actualidad\/#\/schema\/logo\/image\/","url":"https:\/\/www.laguiadepamplona.com\/actualidad\/wp-content\/uploads\/2018\/11\/logo-laguiadepamplona18-web1.png","contentUrl":"https:\/\/www.laguiadepamplona.com\/actualidad\/wp-content\/uploads\/2018\/11\/logo-laguiadepamplona18-web1.png","width":600,"height":196,"caption":"La Gu\u00eda de Pamplona \/ Noticias"},"image":{"@id":"https:\/\/www.laguiadepamplona.com\/actualidad\/#\/schema\/logo\/image\/"},"sameAs":["https:\/\/www.facebook.com\/laguiadepamplonacom-133175176762273\/?ref=hl","https:\/\/x.com\/LaGuiadPamplona","https:\/\/www.instagram.com\/la_guia_de_pamplona\/","https:\/\/www.youtube.com\/user\/laguiadepamplona"]},{"@type":"Person","@id":"https:\/\/www.laguiadepamplona.com\/actualidad\/#\/schema\/person\/efe887376f0213d4657c93adc50b1fdb","name":"La Gu\u00eda de Pamplona","image":{"@type":"ImageObject","inLanguage":"es","@id":"https:\/\/secure.gravatar.com\/avatar\/b6992f131dc8d30ab0dff15446e9d346d9dbd95992de0fef795073f5ea83a81c?s=96&d=mm&r=g","url":"https:\/\/secure.gravatar.com\/avatar\/b6992f131dc8d30ab0dff15446e9d346d9dbd95992de0fef795073f5ea83a81c?s=96&d=mm&r=g","contentUrl":"https:\/\/secure.gravatar.com\/avatar\/b6992f131dc8d30ab0dff15446e9d346d9dbd95992de0fef795073f5ea83a81c?s=96&d=mm&r=g","caption":"La Gu\u00eda de Pamplona"}}]}},"post_mailing_queue_ids":[],"_links":{"self":[{"href":"https:\/\/www.laguiadepamplona.com\/actualidad\/wp-json\/wp\/v2\/posts\/51033","targetHints":{"allow":["GET"]}}],"collection":[{"href":"https:\/\/www.laguiadepamplona.com\/actualidad\/wp-json\/wp\/v2\/posts"}],"about":[{"href":"https:\/\/www.laguiadepamplona.com\/actualidad\/wp-json\/wp\/v2\/types\/post"}],"author":[{"embeddable":true,"href":"https:\/\/www.laguiadepamplona.com\/actualidad\/wp-json\/wp\/v2\/users\/1"}],"replies":[{"embeddable":true,"href":"https:\/\/www.laguiadepamplona.com\/actualidad\/wp-json\/wp\/v2\/comments?post=51033"}],"version-history":[{"count":1,"href":"https:\/\/www.laguiadepamplona.com\/actualidad\/wp-json\/wp\/v2\/posts\/51033\/revisions"}],"predecessor-version":[{"id":51035,"href":"https:\/\/www.laguiadepamplona.com\/actualidad\/wp-json\/wp\/v2\/posts\/51033\/revisions\/51035"}],"wp:featuredmedia":[{"embeddable":true,"href":"https:\/\/www.laguiadepamplona.com\/actualidad\/wp-json\/wp\/v2\/media\/51034"}],"wp:attachment":[{"href":"https:\/\/www.laguiadepamplona.com\/actualidad\/wp-json\/wp\/v2\/media?parent=51033"}],"wp:term":[{"taxonomy":"category","embeddable":true,"href":"https:\/\/www.laguiadepamplona.com\/actualidad\/wp-json\/wp\/v2\/categories?post=51033"},{"taxonomy":"post_tag","embeddable":true,"href":"https:\/\/www.laguiadepamplona.com\/actualidad\/wp-json\/wp\/v2\/tags?post=51033"}],"curies":[{"name":"wp","href":"https:\/\/api.w.org\/{rel}","templated":true}]}}