{"id":51031,"date":"2024-10-14T17:35:23","date_gmt":"2024-10-14T15:35:23","guid":{"rendered":"https:\/\/www.laguiadepamplona.com\/actualidad\/?p=51031"},"modified":"2024-10-14T17:35:23","modified_gmt":"2024-10-14T15:35:23","slug":"propuesta-de-actividades-organizadas-por-el-ayuntamiento-de-pamplona-del-15-al-17-de-octubre-con-plazas-libres","status":"publish","type":"post","link":"https:\/\/www.laguiadepamplona.com\/actualidad\/propuesta-de-actividades-organizadas-por-el-ayuntamiento-de-pamplona-del-15-al-17-de-octubre-con-plazas-libres\/","title":{"rendered":"Propuesta de actividades organizadas por el Ayuntamiento de Pamplona del 15 al 17 de octubre con plazas libres"},"content":{"rendered":"<p><!--more--><\/p>\n<p><strong>MARTES 15 DE OCTUBRE<\/strong><\/p>\n<p><a href=\"https:\/\/www.pamplona.es\/actualidad\/eventos\/conferencia-fronteras-y-migraciones-en-america-latina-como-vive-la-infancia-casa\">Conferencia. Fronteras y migraciones en Am\u00e9rica Latina. \u00bfC\u00f3mo vive la infancia? Casa de la Juventud<\/a>, 16.30 horas. Entrada libre, hasta completar el aforo<\/p>\n<p>La Casa de la Juventud acoge una conferencia sobre la realidad de la infancia en Am\u00e9rica Latina.<\/p>\n<p>&nbsp;<\/p>\n<p><a href=\"https:\/\/wwwpamplona.es\/actualidad\/eventos\/ciclo-sobre-fisioterapia-y-salud-conferencia-bronquiolitis-y-la-importancia-de\">Ciclo sobre fisioterapia y salud. Conferencia. Bronquiolitis y la importancia de la fisioterapia respiratoria. Civivox Mendillorri<\/a>, 17.30 horas. Entrada libre, hasta completar el aforo<\/p>\n<p>Es una de las infecciones respiratorias m\u00e1s frecuentes en menores de 2 a\u00f1os. El invierno pasado, los casos detectados en Navarra subieron respecto a a\u00f1os anteriores, alcanzando cifras prepand\u00e9micas. El objetivo de esta charla divulgativa es explicar a madres y padres, cuidadores o personas que tengan a cargo beb\u00e9s, ni\u00f1os y ni\u00f1as, el papel fundamental que tiene la fisioterapia respiratoria en estos casos. Con Cristina Camarero y Marisol Iriarte, fisioterapeutas. Ciclo realizado en colaboraci\u00f3n con el Colegio Oficial de Fisioterapeutas de Navarra.<\/p>\n<p>&nbsp;<\/p>\n<p><a href=\"https:\/\/www.pamplona.es\/actualidad\/eventos\/heroinas-de-cine-proyeccion-cinematografica-te-estoy-amando-locamente-de\">Hero\u00ednas de cine. Proyecci\u00f3n cinematogr\u00e1fica. \u2018Te estoy amando locamente\u2019, de Alejandro Mart\u00edn. Civivox San Jorge<\/a>, 18 horas. Entrada libre, previa inscripci\u00f3n en el 010, el propio civivox o <a href=\"http:\/\/www.pamplonaescultura.es\">www.pamplonaescultura.es<\/a><\/p>\n<p>Sevilla, 1977. En un momento en el que la homosexualidad es delito, Reme, una madre tradicional movida por el amor hacia su hijo, un adolescente aspirante a artista, se involucrar\u00e1 en el movimiento LGTBI andaluz, gestado parad\u00f3jicamente en el seno de la Iglesia.<\/p>\n<p>&nbsp;<\/p>\n<p><a href=\"https:\/\/www.pamplona.es\/actualidad\/eventos\/cine-simone-weil-la-mujer-del-siglo-biblioteca-txantrea\">Proyecci\u00f3n cinematogr\u00e1fica. \u2018Simone Weil, la mujer del siglo\u2019. Biblioteca P\u00fablica de Txantrea<\/a>, 18 horas. Entrada libre, hasta completar aforo<\/p>\n<p>Proyecci\u00f3n de la pel\u00edcula sobre la vida de la pensadora y gran activista en pro de los derechos humanos Simone Weil, que recorre gran parte de la historia del s. XX en Europa. Simone Weil sobrevivi\u00f3 el Holocausto en Auschwitz y fue una figura en la pol\u00edtica francesa. Siendo ministra de Salud en el gobierno de Val\u00e9ry Giscard d\u2019Estaing, promulg\u00f3 en 1975 la llamada ley Veil por la que se despenaliz\u00f3 el aborto en Francia. Fue la primera mujer en presidir el Parlamento Europeo de Estrasburgo desde 1979 hasta 1982.<\/p>\n<p>&nbsp;<\/p>\n<p><a href=\"https:\/\/www.pamplona.es\/actualidad\/eventos\/taller-haiku-biblioteca-publica-de-yamaguchi-4\">Taller de haiku. Biblioteca P\u00fablica de Yamaguchi<\/a>, 18 horas. Entrada libre, hasta completar aforo<\/p>\n<p>Reuni\u00f3n abierta para el estudio del Haiku. Organiza Haikunversaciones. M\u00e1s informaci\u00f3n en <a href=\"https:\/\/haikunversaciones.wordpress.com\">https:\/\/haikunversaciones.wordpress.com<\/a>.<\/p>\n<p><strong>\u00a0<\/strong><\/p>\n<p><a href=\"https:\/\/www.pamplona.es\/actualidad\/eventos\/taller-infantil-literarte-txiki-biblioteca-txantrea\">Taller. Literarte txiki. Biblioteca P\u00fablica de Txantrea<\/a>, 18 horas. Inscripci\u00f3n previa en la biblioteca, en el tel\u00e9fono 948 14 98 82 o en <a href=\"mailto:biblitxa@navarra.es\">biblitxa@navarra.es<\/a><\/p>\n<p>Taller de creaci\u00f3n para ni\u00f1os y ni\u00f1as a partir de 8 a\u00f1os que se inscribe dentro de las actividades del Festival Litertarte Jaialdia y que partir\u00e1 del cuento elegido de Gianni Rodari para el Brif Braf Bruf de 2024. El taller ser\u00e1 dinamizado por la actriz y narradora Izaskun Mujika, utilizando t\u00e9cnicas del propio Rodari con la finalidad de generar nuevas historias por parte de los participantes en un espacio de creaci\u00f3n libre. Se entregar\u00e1 a todos y todas las participantes un \u2018Cuaderno de escritura\u2019 en el que habr\u00e1 un espacio para reflejar las ideas creativas que surjan.<\/p>\n<p>&nbsp;<\/p>\n<p><strong><a href=\"https:\/\/www.pamplona.es\/actualidad\/eventos\/cafeteando-con-la-asociacion-juvenil-amem-memoria-en-movimiento-casa-de-la\">Cafeteando con\u2026 la Asociaci\u00f3n Juvenil AMEM (Memoria en Movimiento). Casa de la Juventud<\/a>, 19 horas. Entrada libre, hasta completar aforo<\/strong><\/p>\n<p><strong>La Asesor\u00eda de Asociacionismo de la Casa de la Juventud propone para este martes una seso\u00f3n con la asociaci\u00f3n juvenil AMEM (Memoria en Movimiento). Se trata de un p<\/strong>royecto de difusi\u00f3n hist\u00f3rica para acercar a la juventud muchos episodios de la Historia de Navarra<\/p>\n<p><strong>\u00a0<\/strong><\/p>\n<p><strong><a href=\"https:\/\/www.pamplona.es\/actualidad\/eventos\/mapamundistas-proyeccion-cinematografica-marcher-sur-leau-de-aissa-maiga-civivox\">Mapamundistas. Proyecci\u00f3n cinematogr\u00e1fica. \u2018Marcher sur l\u00b4eau\u2019, de A\u00efssa Ma\u00efga. Civivox Iturrama<\/a>, 19 horas. Entrada libre, <\/strong>previa inscripci\u00f3n en el 010, el propio civivox o <a href=\"http:\/\/www.pamplonaescultura.es\">www.pamplonaescultura.es<\/a><\/p>\n<p>Este documental cuenta la historia de la lucha de los habitantes de Tatiste, un pueblo del Sahel en el norte de Nigeria, por conseguir la construcci\u00f3n de un pozo de perforaci\u00f3n. La pel\u00edcula retrata la cotidianeidad de las familias, v\u00edctimas de la ausencia del agua debido al cambio clim\u00e1tico, pero tambi\u00e9n revela la belleza de un modo de vida apegado a la tierra. En versi\u00f3n original subtitulada al castellano. Con la colaboraci\u00f3n del Institut Fran\u00e7ais de Bilbao.<\/p>\n<p><strong>\u00a0<\/strong><\/p>\n<p><strong><a href=\"https:\/\/www.pamplona.es\/actualidad\/eventos\/encuentro-ciclo-confluencias-divulgar-arte-reparando-siglos-de-misoginia-sala-de\">Confluencias: miradas hacia otras disciplinas. Encuentro. Sala de Armas de la Ciudadela<\/a>, 19 horas. Entrada libre, hasta completar aforo<\/strong><\/p>\n<p>El ciclo \u2018Confluencias\u2019 nace vinculado al festival Letraheridas. Es un nuevo proyecto que tiene el objetivo de generar un espacio de encuentro, di\u00e1logo y reflexi\u00f3n con mujeres de distintos \u00e1mbitos creativos a lo largo de cuatro sesiones de septiembre a diciembre. Este martes la sesi\u00f3n lleva por t\u00edtulo \u2018divulgar arte: reparando siglos de misoginia\u2019 y participar\u00e1n Coco D\u00e1vez y Eugenia Tenenbaum. Dirigir\u00e1 el encuentro Zuri\u00f1e Laf\u00f3n.<\/p>\n<p>&nbsp;<\/p>\n<p><a href=\"https:\/\/www.pamplona.es\/actualidad\/eventos\/recital-en-euskera-hitzak-hots-civivox-condestable\">Recital en euskera. \u201cHitzak hots\u201d.\u00a0 Civivox Condestable<\/a>, 19.30 horas. Entrada libre, hasta completar el aforo<\/p>\n<p>El propio nombre de la representaci\u00f3n (Hitzak hots) expresa la fusi\u00f3n entre la poes\u00eda y la m\u00fasica. Al inicio y en mitad del acto, Juan Kruz Igerabide reflexionar\u00e1 sobre la musicalidad de la poes\u00eda, la escasez de mujeres que hayan escrito poes\u00eda, etc. A continuaci\u00f3n, se interpretar\u00e1n ocho nuevas composiciones de Antton Valverde basadas en textos de cinco mujeres vascas poetas, Itxaro Borda, Arantxa Urretabizkaia, Tere Irastortza, Jule Goikoetxea y Miren Agur Meabe. Cada composici\u00f3n interpretada por Antton, ir\u00e1 seguida por Miren Agur Meabe, que recitar\u00e1 algunos de sus textos propios, fruto de conversaciones mantenidas con otras mujeres poetas. Organizado por el Ateneo Navarro en colaboraci\u00f3n con el Ayuntamiento de Pamplona.<\/p>\n<p><strong>\u00a0<\/strong><\/p>\n<p><strong>MI\u00c9RCOLES 16 DE OCTUBRE<\/strong><\/p>\n<p><a href=\"https:\/\/www.pamplona.es\/actualidad\/eventos\/cafeteando-decoramos-la-cafeteria-para-la-semana-del-terror-casa-de-la-juventud\">Cafeteando. Decoramos la cafeter\u00eda para la Semana del Terror. Casa de la Juventud<\/a>, 18.30 horas. Entrada libre, hasta completar el aforo<\/p>\n<p>La Casa de la Juventud se prepara para el pr\u00f3ximo Halloween y para la cercana Semana del Terror con un taller de ambientaci\u00f3n terror\u00edf\u00edca con el que decorar\u00e1n la cafeter\u00eda.<\/p>\n<p>&nbsp;<\/p>\n<p><a href=\"https:\/\/www.pamplona.es\/actualidad\/eventos\/club-de-lectura-en-euskera-haize-lekuak-biblioteca-milagrosa\">Animaci\u00f3n a la lectura. Club de lectura en euskera Arrosadia. Biblioteca P\u00fablica de Milagrosa<\/a>, 18.30 horas. Inscripciones en la biblioteca, el tel\u00e9fono 948 24 54 60 o en <a href=\"mailto:biblimil@navarra.es\">biblimil@navarra.es<\/a><\/p>\n<p>Se comentar\u00e1 la novela \u201cHaize-lekua\u201d, de Amaia Telleria, de dentro de la sesi\u00f3n del club de lectura en euskera Arrosadia. Actividad organizada junto con Haizegoa Euskara Taldea.<\/p>\n<p>&nbsp;<\/p>\n<p><a href=\"https:\/\/www.pamplona.es\/actualidad\/eventos\/ver-oir-aplaudir-proyeccion-cinematografica-un-paseo-con-madeleine-de-christian\">Ver, o\u00edr, aplaudir. Proyecci\u00f3n cinematogr\u00e1fica. \u2018Un paseo con Madeleine\u2019, de Christian Carion. Civivox Iturrama<\/a>, 19 horas. Entrada libre, previa inscripci\u00f3n en el 010, el propio civivox o <a href=\"http:\/\/www.pamplonaescultura.es\">www.pamplonaescultura.es<\/a><\/p>\n<p>Madeleine abandona su hogar para ingresar en una residencia de ancianos, al otro lado de Par\u00eds. Un taxista viene a recogerla y ella le pide que pase por unos lugares de la capital que han marcado su vida. Proyecci\u00f3n en DVD con sistema de audiodescripci\u00f3n. Programa de accesibilidad universal con RETINA Navarra<\/p>\n<p>&nbsp;<\/p>\n<p><a href=\"https:\/\/www.pamplona.es\/actualidad\/eventos\/educacion-nutricional-conferencia-superalimentos-mitos-y-realidades-civivox\">Educaci\u00f3n nutricional. Conferencia. Superalimentos: mitos y realidades. Civivox Milagrosa<\/a>, 19.30 horas. Entrada libre, hasta completar el aforo<\/p>\n<p>\u00bfQu\u00e9 son los superalimentos y cu\u00e1les son los m\u00e1s populares? Hoy en d\u00eda con la informaci\u00f3n al alcance de todas las personas y con todos los productos nuevos que salen en el d\u00eda a d\u00eda es dif\u00edcil saber qu\u00e9 es mito y qu\u00e9 es realidad. Por ello, en esta charla, se quiere desmitificar creencias relacionadas con la nutrici\u00f3n que llevan mucho tiempo entre todos nosotros. Con Silvia Ugarte y Mar\u00eda Garc\u00e9s, de GUT Nutrici\u00f3n.<\/p>\n<p>&nbsp;<\/p>\n<p><a href=\"https:\/\/www.pamplona.es\/actualidad\/eventos\/conferencia-suicidio-un-problema-de-todosas-civivox-jus-la-rocha\">Ciclo sobre prevenci\u00f3n del suicidio. Conferencia. Suicidio: un problema de todos\/as. Civivox Jus la Rocha<\/a>, 19.30 horas. Entrada libre, hasta completar aforo<\/p>\n<p>El suicidio es un problema de todas las personas, que requiere de un abordaje interdisciplinar. Para entenderlo es necesario analizar los factores de riesgo y el papel de cada persona en su prevenci\u00f3n. Con Unax Flores, psic\u00f3logo y colaborador de la asociaci\u00f3n. Ciclo en colaboraci\u00f3n con la Asociaci\u00f3n Besarkada \u2013 Abrazo.<\/p>\n<p>&nbsp;<\/p>\n<p><strong>JUEVES 17 DE OCTUBRE<\/strong><\/p>\n<p><a href=\"https:\/\/www.pamplona.es\/actualidad\/eventos\/cuentacuentos-con-kamishibai-biblioteca-yamaguchi-0\">Cuentacuentos. Kamishibai. Biblioteca P\u00fablica de Yamaguchi<\/a>, 18 horas. Entrada libre, hasta completar el aforo<\/p>\n<p><strong>Cuentacuentos con Kamishibai en castellano<\/strong>, con Mar\u00eda Jes\u00fas Ollo como narradora. Sesi\u00f3n dirigida a p\u00fablico infantil a partir de 4 a\u00f1os.<\/p>\n<p>&nbsp;<\/p>\n<p><a href=\"https:\/\/www.pamplona.es\/actualidad\/eventos\/taller-infantil-en-euskera-literarte-txiki-biblioteca-txantrea\">Taller en euskera. Literarte txiki. Biblioteca P\u00fablica de Txantrea<\/a>, 18 horas. Inscripci\u00f3n previa en la biblioteca, en el tel\u00e9fono 948 14 98 82 o en <a href=\"mailto:biblitxa@navarra.es\">biblitxa@navarra.es<\/a><\/p>\n<p>Taller de creaci\u00f3n para ni\u00f1os y ni\u00f1as a partir de 8 a\u00f1os que se inscribe dentro de las actividades del Festival Litertarte Jaialdia y que partir\u00e1 del cuento elegido de Gianni Rodari para el Brif Braf Bruf de 2024. El taller ser\u00e1 dinamizado por la actriz y narradora Izaskun Mujika, utilizando t\u00e9cnicas del propio Rodari con la finalidad de generar nuevas historias por parte de los participantes en un espacio de creaci\u00f3n libre. Se entregar\u00e1 a todos y todas las participantes un \u2018Cuaderno de escritura\u2019 en el que habr\u00e1 un espacio para reflejar las ideas creativas que surjan.<\/p>\n<p>&nbsp;<\/p>\n<p><a href=\"https:\/\/www.pamplona.es\/actualidad\/eventos\/cafeteando-decoramos-la-cafeteria-para-la-semana-del-terror-casa-de-la-juventud\">Cafeteando. Decoramos la cafeter\u00eda para la Semana del Terror. Casa de la Juventud<\/a>, 18.30 horas. Entrada libre, hasta completar el aforo<\/p>\n<p>La Casa de la Juventud se prepara para el pr\u00f3ximo Halloween y para la cercana Semana del Terror con un taller de ambientaci\u00f3n terrof\u00edca con el que decorar\u00e1n la cafeter\u00eda.<\/p>\n<p>&nbsp;<\/p>\n<p><a href=\"https:\/\/www.pamplona.es\/actualidad\/eventos\/club-de-lectura-en-euskera-galbidea-biblioteca-san-jorge\">Animaci\u00f3n a la lectura. Club de lectura en euskera. Biblioteca P\u00fablica de San Jorge<\/a>, 19 horas. Inscripciones en la biblioteca, en el tel\u00e9fono 948 12 51 08 y en <a href=\"mailto:biblisjo@navarra.es\">biblisjo@navarra.es<\/a><\/p>\n<p>El club se re\u00fane el cuarto jueves de cada mes (de octubre a mayo) para debatir sobre un libro le\u00eddo previamente. Lo coordina Juantxo Urdiroz. Este mes se hablar\u00e1 sore el libro\u00a0\u201c<strong>Galbidea\u201d de James M. Cain.<\/strong><\/p>\n<p><strong>\u00a0<\/strong><\/p>\n<p><strong><a href=\"https:\/\/www.pamplona.es\/actualidad\/eventos\/presentacion-libro-ignatius-en-la-ciudad-beata-biblioteca-milagrosa\">Presentaci\u00f3n de libro. \u2018Ignatius en la ciudad beata\u2019, de Juan Os\u00e9s. Biblioteca P\u00fablica de Milagrosa<\/a>, 19 horas. Entrada libre, previa inscripci\u00f3n en la biblioteca, en el tel\u00e9fono 948 24 54 60 o en <a href=\"mailto:biblimil@navarra.es\">biblimil@navarra.es<\/a> <\/strong><\/p>\n<p>Juan Os\u00e9s ha escrito la obra \u2018Ignatius en la Ciudad Beata\u2019, que habla sobre la creaci\u00f3n de la primera discoteca de Pamplona, el Disco Club 29. Los d\u00edas transcurridos entre los a\u00f1os 1968 y 1970 fueron muy locos, y el vicio y la inmoralidad sacudieron los cimientos de una ciudad que por aquel entonces estaba anestesiada. Las ilustraciones son de Pedro Os\u00e9s.<\/p>\n<p>&nbsp;<\/p>\n<p><a href=\"https:\/\/www.pamplona.es\/actualidad\/eventos\/ver-oir-aplaudir-conferencia-accesible-el-irati-su-paso-por-el-ensanche-ii\">Ver, o\u00edr, aplaudir. Conferencia accesible. El Irati a su paso por el Ensanche (II). Civivox Ensanche<\/a>, 19 horas. Entrada libre, hasta completar aforo<\/p>\n<p>Segunda parte del recorrido del tranv\u00eda Irati por el Ensanche. Un viaje a trav\u00e9s de la Pamplona de la primera mitad del siglo XX. Con Javier Mangado. Programa de Accesibilidad Universal RETINA Navarra.<\/p>\n","protected":false},"excerpt":{"rendered":"","protected":false},"author":1,"featured_media":48433,"comment_status":"open","ping_status":"closed","sticky":false,"template":"","format":"standard","meta":{"footnotes":""},"categories":[2],"tags":[],"class_list":["post-51031","post","type-post","status-publish","format-standard","has-post-thumbnail","hentry","category-ayuntamiento-pamplona"],"yoast_head":"<!-- This site is optimized with the Yoast SEO plugin v27.3 - https:\/\/yoast.com\/product\/yoast-seo-wordpress\/ -->\n<title>Propuesta de actividades organizadas por el Ayuntamiento de Pamplona del 15 al 17 de octubre con plazas libres<\/title>\n<meta name=\"robots\" content=\"index, follow, max-snippet:-1, max-image-preview:large, max-video-preview:-1\" \/>\n<link rel=\"canonical\" href=\"https:\/\/www.laguiadepamplona.com\/actualidad\/propuesta-de-actividades-organizadas-por-el-ayuntamiento-de-pamplona-del-15-al-17-de-octubre-con-plazas-libres\/\" \/>\n<meta property=\"og:locale\" content=\"es_ES\" \/>\n<meta property=\"og:type\" content=\"article\" \/>\n<meta property=\"og:title\" content=\"Propuesta de actividades organizadas por el Ayuntamiento de Pamplona del 15 al 17 de octubre con plazas libres\" \/>\n<meta property=\"og:url\" content=\"https:\/\/www.laguiadepamplona.com\/actualidad\/propuesta-de-actividades-organizadas-por-el-ayuntamiento-de-pamplona-del-15-al-17-de-octubre-con-plazas-libres\/\" \/>\n<meta property=\"og:site_name\" content=\"La Gu\u00eda de Pamplona\" \/>\n<meta property=\"article:publisher\" content=\"https:\/\/www.facebook.com\/laguiadepamplonacom-133175176762273\/?ref=hl\" \/>\n<meta property=\"article:published_time\" content=\"2024-10-14T15:35:23+00:00\" \/>\n<meta property=\"og:image\" content=\"https:\/\/www.laguiadepamplona.com\/actualidad\/wp-content\/uploads\/2024\/01\/ayuntamiento-pamplona-plaza.webp\" \/>\n\t<meta property=\"og:image:width\" content=\"1200\" \/>\n\t<meta property=\"og:image:height\" content=\"675\" \/>\n\t<meta property=\"og:image:type\" content=\"image\/webp\" \/>\n<meta name=\"author\" content=\"La Gu\u00eda de Pamplona\" \/>\n<meta name=\"twitter:card\" content=\"summary_large_image\" \/>\n<meta name=\"twitter:creator\" content=\"@LaGuiadPamplona\" \/>\n<meta name=\"twitter:site\" content=\"@LaGuiadPamplona\" \/>\n<meta name=\"twitter:label1\" content=\"Escrito por\" \/>\n\t<meta name=\"twitter:data1\" content=\"La Gu\u00eda de Pamplona\" \/>\n\t<meta name=\"twitter:label2\" content=\"Tiempo de lectura\" \/>\n\t<meta name=\"twitter:data2\" content=\"8 minutos\" \/>\n<script type=\"application\/ld+json\" class=\"yoast-schema-graph\">{\"@context\":\"https:\\\/\\\/schema.org\",\"@graph\":[{\"@type\":\"Article\",\"@id\":\"https:\\\/\\\/www.laguiadepamplona.com\\\/actualidad\\\/propuesta-de-actividades-organizadas-por-el-ayuntamiento-de-pamplona-del-15-al-17-de-octubre-con-plazas-libres\\\/#article\",\"isPartOf\":{\"@id\":\"https:\\\/\\\/www.laguiadepamplona.com\\\/actualidad\\\/propuesta-de-actividades-organizadas-por-el-ayuntamiento-de-pamplona-del-15-al-17-de-octubre-con-plazas-libres\\\/\"},\"author\":{\"name\":\"La Gu\u00eda de Pamplona\",\"@id\":\"https:\\\/\\\/www.laguiadepamplona.com\\\/actualidad\\\/#\\\/schema\\\/person\\\/efe887376f0213d4657c93adc50b1fdb\"},\"headline\":\"Propuesta de actividades organizadas por el Ayuntamiento de Pamplona del 15 al 17 de octubre con plazas libres\",\"datePublished\":\"2024-10-14T15:35:23+00:00\",\"mainEntityOfPage\":{\"@id\":\"https:\\\/\\\/www.laguiadepamplona.com\\\/actualidad\\\/propuesta-de-actividades-organizadas-por-el-ayuntamiento-de-pamplona-del-15-al-17-de-octubre-con-plazas-libres\\\/\"},\"wordCount\":1788,\"commentCount\":0,\"publisher\":{\"@id\":\"https:\\\/\\\/www.laguiadepamplona.com\\\/actualidad\\\/#organization\"},\"image\":{\"@id\":\"https:\\\/\\\/www.laguiadepamplona.com\\\/actualidad\\\/propuesta-de-actividades-organizadas-por-el-ayuntamiento-de-pamplona-del-15-al-17-de-octubre-con-plazas-libres\\\/#primaryimage\"},\"thumbnailUrl\":\"https:\\\/\\\/www.laguiadepamplona.com\\\/actualidad\\\/wp-content\\\/uploads\\\/2024\\\/01\\\/ayuntamiento-pamplona-plaza.webp\",\"articleSection\":[\"Ayto Pamplona\"],\"inLanguage\":\"es\",\"potentialAction\":[{\"@type\":\"CommentAction\",\"name\":\"Comment\",\"target\":[\"https:\\\/\\\/www.laguiadepamplona.com\\\/actualidad\\\/propuesta-de-actividades-organizadas-por-el-ayuntamiento-de-pamplona-del-15-al-17-de-octubre-con-plazas-libres\\\/#respond\"]}]},{\"@type\":\"WebPage\",\"@id\":\"https:\\\/\\\/www.laguiadepamplona.com\\\/actualidad\\\/propuesta-de-actividades-organizadas-por-el-ayuntamiento-de-pamplona-del-15-al-17-de-octubre-con-plazas-libres\\\/\",\"url\":\"https:\\\/\\\/www.laguiadepamplona.com\\\/actualidad\\\/propuesta-de-actividades-organizadas-por-el-ayuntamiento-de-pamplona-del-15-al-17-de-octubre-con-plazas-libres\\\/\",\"name\":\"Propuesta de actividades organizadas por el Ayuntamiento de Pamplona del 15 al 17 de octubre con plazas libres\",\"isPartOf\":{\"@id\":\"https:\\\/\\\/www.laguiadepamplona.com\\\/actualidad\\\/#website\"},\"primaryImageOfPage\":{\"@id\":\"https:\\\/\\\/www.laguiadepamplona.com\\\/actualidad\\\/propuesta-de-actividades-organizadas-por-el-ayuntamiento-de-pamplona-del-15-al-17-de-octubre-con-plazas-libres\\\/#primaryimage\"},\"image\":{\"@id\":\"https:\\\/\\\/www.laguiadepamplona.com\\\/actualidad\\\/propuesta-de-actividades-organizadas-por-el-ayuntamiento-de-pamplona-del-15-al-17-de-octubre-con-plazas-libres\\\/#primaryimage\"},\"thumbnailUrl\":\"https:\\\/\\\/www.laguiadepamplona.com\\\/actualidad\\\/wp-content\\\/uploads\\\/2024\\\/01\\\/ayuntamiento-pamplona-plaza.webp\",\"datePublished\":\"2024-10-14T15:35:23+00:00\",\"breadcrumb\":{\"@id\":\"https:\\\/\\\/www.laguiadepamplona.com\\\/actualidad\\\/propuesta-de-actividades-organizadas-por-el-ayuntamiento-de-pamplona-del-15-al-17-de-octubre-con-plazas-libres\\\/#breadcrumb\"},\"inLanguage\":\"es\",\"potentialAction\":[{\"@type\":\"ReadAction\",\"target\":[\"https:\\\/\\\/www.laguiadepamplona.com\\\/actualidad\\\/propuesta-de-actividades-organizadas-por-el-ayuntamiento-de-pamplona-del-15-al-17-de-octubre-con-plazas-libres\\\/\"]}]},{\"@type\":\"ImageObject\",\"inLanguage\":\"es\",\"@id\":\"https:\\\/\\\/www.laguiadepamplona.com\\\/actualidad\\\/propuesta-de-actividades-organizadas-por-el-ayuntamiento-de-pamplona-del-15-al-17-de-octubre-con-plazas-libres\\\/#primaryimage\",\"url\":\"https:\\\/\\\/www.laguiadepamplona.com\\\/actualidad\\\/wp-content\\\/uploads\\\/2024\\\/01\\\/ayuntamiento-pamplona-plaza.webp\",\"contentUrl\":\"https:\\\/\\\/www.laguiadepamplona.com\\\/actualidad\\\/wp-content\\\/uploads\\\/2024\\\/01\\\/ayuntamiento-pamplona-plaza.webp\",\"width\":1200,\"height\":675,\"caption\":\"Ayuntamiento Pamplona\"},{\"@type\":\"BreadcrumbList\",\"@id\":\"https:\\\/\\\/www.laguiadepamplona.com\\\/actualidad\\\/propuesta-de-actividades-organizadas-por-el-ayuntamiento-de-pamplona-del-15-al-17-de-octubre-con-plazas-libres\\\/#breadcrumb\",\"itemListElement\":[{\"@type\":\"ListItem\",\"position\":1,\"name\":\"Portada\",\"item\":\"https:\\\/\\\/www.laguiadepamplona.com\\\/actualidad\\\/\"},{\"@type\":\"ListItem\",\"position\":2,\"name\":\"Propuesta de actividades organizadas por el Ayuntamiento de Pamplona del 15 al 17 de octubre con plazas libres\"}]},{\"@type\":\"WebSite\",\"@id\":\"https:\\\/\\\/www.laguiadepamplona.com\\\/actualidad\\\/#website\",\"url\":\"https:\\\/\\\/www.laguiadepamplona.com\\\/actualidad\\\/\",\"name\":\"La gu\u00eda de Pamplona\",\"description\":\"Noticias de Pamplona\",\"publisher\":{\"@id\":\"https:\\\/\\\/www.laguiadepamplona.com\\\/actualidad\\\/#organization\"},\"potentialAction\":[{\"@type\":\"SearchAction\",\"target\":{\"@type\":\"EntryPoint\",\"urlTemplate\":\"https:\\\/\\\/www.laguiadepamplona.com\\\/actualidad\\\/?s={search_term_string}\"},\"query-input\":{\"@type\":\"PropertyValueSpecification\",\"valueRequired\":true,\"valueName\":\"search_term_string\"}}],\"inLanguage\":\"es\"},{\"@type\":\"Organization\",\"@id\":\"https:\\\/\\\/www.laguiadepamplona.com\\\/actualidad\\\/#organization\",\"name\":\"La Gu\u00eda de Pamplona \\\/ Noticias\",\"url\":\"https:\\\/\\\/www.laguiadepamplona.com\\\/actualidad\\\/\",\"logo\":{\"@type\":\"ImageObject\",\"inLanguage\":\"es\",\"@id\":\"https:\\\/\\\/www.laguiadepamplona.com\\\/actualidad\\\/#\\\/schema\\\/logo\\\/image\\\/\",\"url\":\"https:\\\/\\\/www.laguiadepamplona.com\\\/actualidad\\\/wp-content\\\/uploads\\\/2018\\\/11\\\/logo-laguiadepamplona18-web1.png\",\"contentUrl\":\"https:\\\/\\\/www.laguiadepamplona.com\\\/actualidad\\\/wp-content\\\/uploads\\\/2018\\\/11\\\/logo-laguiadepamplona18-web1.png\",\"width\":600,\"height\":196,\"caption\":\"La Gu\u00eda de Pamplona \\\/ Noticias\"},\"image\":{\"@id\":\"https:\\\/\\\/www.laguiadepamplona.com\\\/actualidad\\\/#\\\/schema\\\/logo\\\/image\\\/\"},\"sameAs\":[\"https:\\\/\\\/www.facebook.com\\\/laguiadepamplonacom-133175176762273\\\/?ref=hl\",\"https:\\\/\\\/x.com\\\/LaGuiadPamplona\",\"https:\\\/\\\/www.instagram.com\\\/la_guia_de_pamplona\\\/\",\"https:\\\/\\\/www.youtube.com\\\/user\\\/laguiadepamplona\"]},{\"@type\":\"Person\",\"@id\":\"https:\\\/\\\/www.laguiadepamplona.com\\\/actualidad\\\/#\\\/schema\\\/person\\\/efe887376f0213d4657c93adc50b1fdb\",\"name\":\"La Gu\u00eda de Pamplona\",\"image\":{\"@type\":\"ImageObject\",\"inLanguage\":\"es\",\"@id\":\"https:\\\/\\\/secure.gravatar.com\\\/avatar\\\/b6992f131dc8d30ab0dff15446e9d346d9dbd95992de0fef795073f5ea83a81c?s=96&d=mm&r=g\",\"url\":\"https:\\\/\\\/secure.gravatar.com\\\/avatar\\\/b6992f131dc8d30ab0dff15446e9d346d9dbd95992de0fef795073f5ea83a81c?s=96&d=mm&r=g\",\"contentUrl\":\"https:\\\/\\\/secure.gravatar.com\\\/avatar\\\/b6992f131dc8d30ab0dff15446e9d346d9dbd95992de0fef795073f5ea83a81c?s=96&d=mm&r=g\",\"caption\":\"La Gu\u00eda de Pamplona\"}}]}<\/script>\n<!-- \/ Yoast SEO plugin. -->","yoast_head_json":{"title":"Propuesta de actividades organizadas por el Ayuntamiento de Pamplona del 15 al 17 de octubre con plazas libres","robots":{"index":"index","follow":"follow","max-snippet":"max-snippet:-1","max-image-preview":"max-image-preview:large","max-video-preview":"max-video-preview:-1"},"canonical":"https:\/\/www.laguiadepamplona.com\/actualidad\/propuesta-de-actividades-organizadas-por-el-ayuntamiento-de-pamplona-del-15-al-17-de-octubre-con-plazas-libres\/","og_locale":"es_ES","og_type":"article","og_title":"Propuesta de actividades organizadas por el Ayuntamiento de Pamplona del 15 al 17 de octubre con plazas libres","og_url":"https:\/\/www.laguiadepamplona.com\/actualidad\/propuesta-de-actividades-organizadas-por-el-ayuntamiento-de-pamplona-del-15-al-17-de-octubre-con-plazas-libres\/","og_site_name":"La Gu\u00eda de Pamplona","article_publisher":"https:\/\/www.facebook.com\/laguiadepamplonacom-133175176762273\/?ref=hl","article_published_time":"2024-10-14T15:35:23+00:00","og_image":[{"width":1200,"height":675,"url":"https:\/\/www.laguiadepamplona.com\/actualidad\/wp-content\/uploads\/2024\/01\/ayuntamiento-pamplona-plaza.webp","type":"image\/webp"}],"author":"La Gu\u00eda de Pamplona","twitter_card":"summary_large_image","twitter_creator":"@LaGuiadPamplona","twitter_site":"@LaGuiadPamplona","twitter_misc":{"Escrito por":"La Gu\u00eda de Pamplona","Tiempo de lectura":"8 minutos"},"schema":{"@context":"https:\/\/schema.org","@graph":[{"@type":"Article","@id":"https:\/\/www.laguiadepamplona.com\/actualidad\/propuesta-de-actividades-organizadas-por-el-ayuntamiento-de-pamplona-del-15-al-17-de-octubre-con-plazas-libres\/#article","isPartOf":{"@id":"https:\/\/www.laguiadepamplona.com\/actualidad\/propuesta-de-actividades-organizadas-por-el-ayuntamiento-de-pamplona-del-15-al-17-de-octubre-con-plazas-libres\/"},"author":{"name":"La Gu\u00eda de Pamplona","@id":"https:\/\/www.laguiadepamplona.com\/actualidad\/#\/schema\/person\/efe887376f0213d4657c93adc50b1fdb"},"headline":"Propuesta de actividades organizadas por el Ayuntamiento de Pamplona del 15 al 17 de octubre con plazas libres","datePublished":"2024-10-14T15:35:23+00:00","mainEntityOfPage":{"@id":"https:\/\/www.laguiadepamplona.com\/actualidad\/propuesta-de-actividades-organizadas-por-el-ayuntamiento-de-pamplona-del-15-al-17-de-octubre-con-plazas-libres\/"},"wordCount":1788,"commentCount":0,"publisher":{"@id":"https:\/\/www.laguiadepamplona.com\/actualidad\/#organization"},"image":{"@id":"https:\/\/www.laguiadepamplona.com\/actualidad\/propuesta-de-actividades-organizadas-por-el-ayuntamiento-de-pamplona-del-15-al-17-de-octubre-con-plazas-libres\/#primaryimage"},"thumbnailUrl":"https:\/\/www.laguiadepamplona.com\/actualidad\/wp-content\/uploads\/2024\/01\/ayuntamiento-pamplona-plaza.webp","articleSection":["Ayto Pamplona"],"inLanguage":"es","potentialAction":[{"@type":"CommentAction","name":"Comment","target":["https:\/\/www.laguiadepamplona.com\/actualidad\/propuesta-de-actividades-organizadas-por-el-ayuntamiento-de-pamplona-del-15-al-17-de-octubre-con-plazas-libres\/#respond"]}]},{"@type":"WebPage","@id":"https:\/\/www.laguiadepamplona.com\/actualidad\/propuesta-de-actividades-organizadas-por-el-ayuntamiento-de-pamplona-del-15-al-17-de-octubre-con-plazas-libres\/","url":"https:\/\/www.laguiadepamplona.com\/actualidad\/propuesta-de-actividades-organizadas-por-el-ayuntamiento-de-pamplona-del-15-al-17-de-octubre-con-plazas-libres\/","name":"Propuesta de actividades organizadas por el Ayuntamiento de Pamplona del 15 al 17 de octubre con plazas libres","isPartOf":{"@id":"https:\/\/www.laguiadepamplona.com\/actualidad\/#website"},"primaryImageOfPage":{"@id":"https:\/\/www.laguiadepamplona.com\/actualidad\/propuesta-de-actividades-organizadas-por-el-ayuntamiento-de-pamplona-del-15-al-17-de-octubre-con-plazas-libres\/#primaryimage"},"image":{"@id":"https:\/\/www.laguiadepamplona.com\/actualidad\/propuesta-de-actividades-organizadas-por-el-ayuntamiento-de-pamplona-del-15-al-17-de-octubre-con-plazas-libres\/#primaryimage"},"thumbnailUrl":"https:\/\/www.laguiadepamplona.com\/actualidad\/wp-content\/uploads\/2024\/01\/ayuntamiento-pamplona-plaza.webp","datePublished":"2024-10-14T15:35:23+00:00","breadcrumb":{"@id":"https:\/\/www.laguiadepamplona.com\/actualidad\/propuesta-de-actividades-organizadas-por-el-ayuntamiento-de-pamplona-del-15-al-17-de-octubre-con-plazas-libres\/#breadcrumb"},"inLanguage":"es","potentialAction":[{"@type":"ReadAction","target":["https:\/\/www.laguiadepamplona.com\/actualidad\/propuesta-de-actividades-organizadas-por-el-ayuntamiento-de-pamplona-del-15-al-17-de-octubre-con-plazas-libres\/"]}]},{"@type":"ImageObject","inLanguage":"es","@id":"https:\/\/www.laguiadepamplona.com\/actualidad\/propuesta-de-actividades-organizadas-por-el-ayuntamiento-de-pamplona-del-15-al-17-de-octubre-con-plazas-libres\/#primaryimage","url":"https:\/\/www.laguiadepamplona.com\/actualidad\/wp-content\/uploads\/2024\/01\/ayuntamiento-pamplona-plaza.webp","contentUrl":"https:\/\/www.laguiadepamplona.com\/actualidad\/wp-content\/uploads\/2024\/01\/ayuntamiento-pamplona-plaza.webp","width":1200,"height":675,"caption":"Ayuntamiento Pamplona"},{"@type":"BreadcrumbList","@id":"https:\/\/www.laguiadepamplona.com\/actualidad\/propuesta-de-actividades-organizadas-por-el-ayuntamiento-de-pamplona-del-15-al-17-de-octubre-con-plazas-libres\/#breadcrumb","itemListElement":[{"@type":"ListItem","position":1,"name":"Portada","item":"https:\/\/www.laguiadepamplona.com\/actualidad\/"},{"@type":"ListItem","position":2,"name":"Propuesta de actividades organizadas por el Ayuntamiento de Pamplona del 15 al 17 de octubre con plazas libres"}]},{"@type":"WebSite","@id":"https:\/\/www.laguiadepamplona.com\/actualidad\/#website","url":"https:\/\/www.laguiadepamplona.com\/actualidad\/","name":"La gu\u00eda de Pamplona","description":"Noticias de Pamplona","publisher":{"@id":"https:\/\/www.laguiadepamplona.com\/actualidad\/#organization"},"potentialAction":[{"@type":"SearchAction","target":{"@type":"EntryPoint","urlTemplate":"https:\/\/www.laguiadepamplona.com\/actualidad\/?s={search_term_string}"},"query-input":{"@type":"PropertyValueSpecification","valueRequired":true,"valueName":"search_term_string"}}],"inLanguage":"es"},{"@type":"Organization","@id":"https:\/\/www.laguiadepamplona.com\/actualidad\/#organization","name":"La Gu\u00eda de Pamplona \/ Noticias","url":"https:\/\/www.laguiadepamplona.com\/actualidad\/","logo":{"@type":"ImageObject","inLanguage":"es","@id":"https:\/\/www.laguiadepamplona.com\/actualidad\/#\/schema\/logo\/image\/","url":"https:\/\/www.laguiadepamplona.com\/actualidad\/wp-content\/uploads\/2018\/11\/logo-laguiadepamplona18-web1.png","contentUrl":"https:\/\/www.laguiadepamplona.com\/actualidad\/wp-content\/uploads\/2018\/11\/logo-laguiadepamplona18-web1.png","width":600,"height":196,"caption":"La Gu\u00eda de Pamplona \/ Noticias"},"image":{"@id":"https:\/\/www.laguiadepamplona.com\/actualidad\/#\/schema\/logo\/image\/"},"sameAs":["https:\/\/www.facebook.com\/laguiadepamplonacom-133175176762273\/?ref=hl","https:\/\/x.com\/LaGuiadPamplona","https:\/\/www.instagram.com\/la_guia_de_pamplona\/","https:\/\/www.youtube.com\/user\/laguiadepamplona"]},{"@type":"Person","@id":"https:\/\/www.laguiadepamplona.com\/actualidad\/#\/schema\/person\/efe887376f0213d4657c93adc50b1fdb","name":"La Gu\u00eda de Pamplona","image":{"@type":"ImageObject","inLanguage":"es","@id":"https:\/\/secure.gravatar.com\/avatar\/b6992f131dc8d30ab0dff15446e9d346d9dbd95992de0fef795073f5ea83a81c?s=96&d=mm&r=g","url":"https:\/\/secure.gravatar.com\/avatar\/b6992f131dc8d30ab0dff15446e9d346d9dbd95992de0fef795073f5ea83a81c?s=96&d=mm&r=g","contentUrl":"https:\/\/secure.gravatar.com\/avatar\/b6992f131dc8d30ab0dff15446e9d346d9dbd95992de0fef795073f5ea83a81c?s=96&d=mm&r=g","caption":"La Gu\u00eda de Pamplona"}}]}},"post_mailing_queue_ids":[],"_links":{"self":[{"href":"https:\/\/www.laguiadepamplona.com\/actualidad\/wp-json\/wp\/v2\/posts\/51031","targetHints":{"allow":["GET"]}}],"collection":[{"href":"https:\/\/www.laguiadepamplona.com\/actualidad\/wp-json\/wp\/v2\/posts"}],"about":[{"href":"https:\/\/www.laguiadepamplona.com\/actualidad\/wp-json\/wp\/v2\/types\/post"}],"author":[{"embeddable":true,"href":"https:\/\/www.laguiadepamplona.com\/actualidad\/wp-json\/wp\/v2\/users\/1"}],"replies":[{"embeddable":true,"href":"https:\/\/www.laguiadepamplona.com\/actualidad\/wp-json\/wp\/v2\/comments?post=51031"}],"version-history":[{"count":1,"href":"https:\/\/www.laguiadepamplona.com\/actualidad\/wp-json\/wp\/v2\/posts\/51031\/revisions"}],"predecessor-version":[{"id":51032,"href":"https:\/\/www.laguiadepamplona.com\/actualidad\/wp-json\/wp\/v2\/posts\/51031\/revisions\/51032"}],"wp:featuredmedia":[{"embeddable":true,"href":"https:\/\/www.laguiadepamplona.com\/actualidad\/wp-json\/wp\/v2\/media\/48433"}],"wp:attachment":[{"href":"https:\/\/www.laguiadepamplona.com\/actualidad\/wp-json\/wp\/v2\/media?parent=51031"}],"wp:term":[{"taxonomy":"category","embeddable":true,"href":"https:\/\/www.laguiadepamplona.com\/actualidad\/wp-json\/wp\/v2\/categories?post=51031"},{"taxonomy":"post_tag","embeddable":true,"href":"https:\/\/www.laguiadepamplona.com\/actualidad\/wp-json\/wp\/v2\/tags?post=51031"}],"curies":[{"name":"wp","href":"https:\/\/api.w.org\/{rel}","templated":true}]}}