{"id":51020,"date":"2024-10-14T17:22:48","date_gmt":"2024-10-14T15:22:48","guid":{"rendered":"https:\/\/www.laguiadepamplona.com\/actualidad\/?p=51020"},"modified":"2024-10-14T17:22:48","modified_gmt":"2024-10-14T15:22:48","slug":"civivox-iturrama-acoge-los-martes-este-mes-de-octubre-tres-sesiones-de-cine-documental-sobre-la-interaccion-entre-personas-y-territorio-dentro-del-programa-mapamundistas","status":"publish","type":"post","link":"https:\/\/www.laguiadepamplona.com\/actualidad\/civivox-iturrama-acoge-los-martes-este-mes-de-octubre-tres-sesiones-de-cine-documental-sobre-la-interaccion-entre-personas-y-territorio-dentro-del-programa-mapamundistas\/","title":{"rendered":"Civivox Iturrama acoge los martes este mes de octubre tres sesiones de cine documental sobre la interacci\u00f3n entre personas y territorio, dentro del programa Mapamundistas"},"content":{"rendered":"<h2>Todas las proyecciones se realizan en colaboraci\u00f3n con el Institut Fran\u00e7ais de Bilbao, ser\u00e1n a las 19 horas y tienen entrada libre previa inscripci\u00f3n<\/h2>\n<p><!--more--><\/p>\n<p>Comienzan ma\u00f1ana en Civivox Iturrama las proyecciones de la 18\u00aa edici\u00f3n del proyecto Mapamundistas, que se van a extender entre el 15 y el 29 de octubre. Esta edici\u00f3n est\u00e1 programada con el t\u00edtulo \u2018Bajo la superficie\u2019, y retoma la l\u00ednea de investigaci\u00f3n desarrollada en anteriores ediciones en torno al campo de lo invisible. El ciclo de cine se realiza en colaboraci\u00f3n con el Institut Fran\u00e7ais de Bilbao y todas las sesiones tendr\u00e1n lugar en martes en horario de tarde, a las 19 horas, con entrada gratuita, aunque requiere inscripci\u00f3n previa. En Pamplona, adem\u00e1s de este ciclo de proyecciones, se mantienen en salas municipales dos exposiciones, ambas en Ciudadela, hasta el 27 de octubre: \u2018La tercera piedra\u2019, de Amaia Molinet y Eriz Moreno y \u2018Los hondos\u2019, de Olga Olivera-Tabeni, en la caserna 6 y en el Horno, respectivamente.<\/p>\n<p>Las tres sesiones de proyecci\u00f3n previstas, de poco m\u00e1s de 90 minutos, ser\u00e1n ma\u00f1ana 15 de octubre y los martes 22 y 29 de este mismo mes. Todos los trabajos audiovisuales son de g\u00e9nero documental y el ciclo acoge dos pel\u00edculas, un mediometraje y un cortometraje que en su conjunto est\u00e1n centrados en los lazos de uni\u00f3n de las personas con los lugares en que habitan, y en c\u00f3mo la interacci\u00f3n humana transforma el territorio.<\/p>\n<p>El agua, m\u00e1s exactamente la construcci\u00f3n de un pozo y c\u00f3mo este afecta a la vida diaria de quienes lo utilizan, es el centro de con la coproducci\u00f3n franco-belga \u2018Marcher sur l\u2019eau \/ Caminar sobre el agua\u2019 (Francia, 2021, 90\u2019), de A\u00efssa Ma\u00efga. El documental sigue durante un a\u00f1o a los habitantes de Tatiste, en N\u00edger. La pel\u00edcula refleja la vida de Houlaye, una ni\u00f1a de 12 a\u00f1os que limpia y trenza el cabello de otros ni\u00f1os del pueblo, saca agua de los pozos m\u00e1s cercanos y juega en el agua. Houlaye va a la escuela donde se habla del cambio clim\u00e1tico, que est\u00e1 reduciendo las precipitaciones y haciendo que los pozos sean cada vez m\u00e1s escasos.<\/p>\n<p><strong>Las siguiente sesiones<\/strong><\/p>\n<p>El d\u00eda 22 ser\u00e1 el momento de ver dos audiovisuales, de nuevo relacionados con el agua como agente de modificaci\u00f3n del territorio. Por un lado, el cortometraje \u2018Atlas Oculto\u2019 (Espa\u00f1a, 2018, 24\u2019), de Anne-Laure Boyer, un trabajo que retrata a cuatro personas de distintas generaciones que han vivido la desaparici\u00f3n de su pueblo o de sus tierras por la construcci\u00f3n del pantano de Yesa. Se rod\u00f3 en Tiermas, Esco y Ruesta. Por otro lado, ese mismo d\u00eda se podr\u00e1 ver tambi\u00e9n el mediometraje \u2018Urpean Lurra\u2019 (Espa\u00f1a, 2019, 50\u2019), de Maddi Barber. Este documental refleja el duelo colectivo e individual por la inundaci\u00f3n, en las laderas del Pirineo navarro, de siete pueblos y tres reservas naturales por la construcci\u00f3n del pantano de Itoiz hace dos d\u00e9cadas. Tras la proyecci\u00f3n el p\u00fablico asistente podr\u00e1 conversar con Barber.<\/p>\n<p>Para terminar el ciclo de cine y el conjunto del programa, el 29 de octubre la pel\u00edcula ser\u00e1 el filme documental \u2018J\u2019ai aim\u00e9 vivre l\u00e0 \/Me encant\u00f3 vivir ah\u00ed\u2019 (Francia, 2020, 89\u2019), de R\u00e9gis Sauder. Este documental sobre inmigraci\u00f3n y literatura se centra en la escritora y catedr\u00e1tica de letras modernas, Annie Ernaux, para documentar el fuerte sentimiento identitario de Cergy-Pontoise, una ciudad en la que pr\u00e1cticamente todos son o han sido inmigrantes.<\/p>\n<h3><strong>Mapamundistas 2024<\/strong><\/h3>\n<p><strong>PROYECCIONES.<\/strong> Civivox Iturrama. 19 horas<\/p>\n<ul>\n<li><strong>Martes 15 de octubre<\/strong><\/li>\n<\/ul>\n<p>\u2018Marcher sur l\u2019eau (Caminar sobre el agua)\u2019, de A\u00efssa Ma\u00efga (2022, 90\u2019). Con la colaboraci\u00f3n de Institut Fran\u00e7ais de Bilbao<\/p>\n<ul>\n<li><strong>Martes 22 de octubre<\/strong><\/li>\n<\/ul>\n<p>\u2018Atlas Oculto\u2019, de Anne-Laure Boyer (2018, 24\u2019) y \u2018Urpean Lurra\u2019, de Maddi Barber (2019, 50\u2019)<\/p>\n<ul>\n<li><strong>Martes 29 de octubre<\/strong><\/li>\n<\/ul>\n<p>\u2018J\u2019ai aim\u00e9 vivre l\u00e0 (Me encant\u00f3 vivir ah\u00ed)\u2019, de R\u00e9gis Sauder (2020, 90\u2019)<\/p>\n<p><strong>EXPOSICIONES<\/strong><\/p>\n<ul>\n<li>\u2018La tercera piedra\u2019, de Amaia Molinet y Eriz Moreno<\/li>\n<\/ul>\n<p>Caserna 6, Ciudadela. Hasta el 27 de octubre. Horario: de martes a s\u00e1bado, de 11.30 a 13.30 horas y de 18 horas a 20.30 horas; domingos y festivos, de 11.30 a 13.30 horas<\/p>\n<ul>\n<li>\u2018Los hondos\u2019, de Olga Olivera-Tabeni<\/li>\n<\/ul>\n<p>Horno de la Ciudadela. Hasta el 27 de octubre. Horario: de martes a s\u00e1bado, de 11.30 a 13.30 horas y de 18 horas a 20.30 horas; domingos y festivos, de 11.30 a 13.30 horas<\/p>\n<p><strong>Otras exposiciones de Mapamundistas en Pamplona<\/strong><\/p>\n<ul>\n<li>\u2018Sue\u00f1os de hormig\u00f3n armado\u2019, de Ignacio Garc\u00eda S\u00e1nchez<\/li>\n<\/ul>\n<p>Edificio del Sario, UPNA. Hasta el 25 de octubre. Horario, de lunes a viernes, de 9 a 21 horas<\/p>\n<ul>\n<li>\u2018Atlas oculto\u2019, Anne-Laure Boyer<\/li>\n<\/ul>\n<p>Bat\u00e1n, Villava. Hasta el 27 de octubre. Horario, s\u00e1bados, domingos y festivos, de 11 a 14 horas y de 17 a 20 horas<\/p>\n","protected":false},"excerpt":{"rendered":"<p>Todas las proyecciones se realizan en colaboraci\u00f3n con el Institut Fran\u00e7ais de Bilbao, ser\u00e1n a las 19 horas y tienen entrada libre previa inscripci\u00f3n<\/p>\n","protected":false},"author":1,"featured_media":51021,"comment_status":"open","ping_status":"closed","sticky":false,"template":"","format":"standard","meta":{"footnotes":""},"categories":[2],"tags":[],"class_list":["post-51020","post","type-post","status-publish","format-standard","has-post-thumbnail","hentry","category-ayuntamiento-pamplona"],"yoast_head":"<!-- This site is optimized with the Yoast SEO plugin v27.3 - https:\/\/yoast.com\/product\/yoast-seo-wordpress\/ -->\n<title>Civivox Iturrama acoge los martes este mes de octubre tres sesiones de cine documental sobre la interacci\u00f3n entre personas y territorio, dentro del programa Mapamundistas<\/title>\n<meta name=\"description\" content=\"Todas las proyecciones se realizan en colaboraci\u00f3n con el Institut Fran\u00e7ais de Bilbao, ser\u00e1n a las 19 horas y tienen entrada libre previa inscripci\u00f3n\" \/>\n<meta name=\"robots\" content=\"index, follow, max-snippet:-1, max-image-preview:large, max-video-preview:-1\" \/>\n<link rel=\"canonical\" href=\"https:\/\/www.laguiadepamplona.com\/actualidad\/civivox-iturrama-acoge-los-martes-este-mes-de-octubre-tres-sesiones-de-cine-documental-sobre-la-interaccion-entre-personas-y-territorio-dentro-del-programa-mapamundistas\/\" \/>\n<meta property=\"og:locale\" content=\"es_ES\" \/>\n<meta property=\"og:type\" content=\"article\" \/>\n<meta property=\"og:title\" content=\"Civivox Iturrama acoge los martes este mes de octubre tres sesiones de cine documental sobre la interacci\u00f3n entre personas y territorio, dentro del programa Mapamundistas\" \/>\n<meta property=\"og:description\" content=\"Todas las proyecciones se realizan en colaboraci\u00f3n con el Institut Fran\u00e7ais de Bilbao, ser\u00e1n a las 19 horas y tienen entrada libre previa inscripci\u00f3n\" \/>\n<meta property=\"og:url\" content=\"https:\/\/www.laguiadepamplona.com\/actualidad\/civivox-iturrama-acoge-los-martes-este-mes-de-octubre-tres-sesiones-de-cine-documental-sobre-la-interaccion-entre-personas-y-territorio-dentro-del-programa-mapamundistas\/\" \/>\n<meta property=\"og:site_name\" content=\"La Gu\u00eda de Pamplona\" \/>\n<meta property=\"article:publisher\" content=\"https:\/\/www.facebook.com\/laguiadepamplonacom-133175176762273\/?ref=hl\" \/>\n<meta property=\"article:published_time\" content=\"2024-10-14T15:22:48+00:00\" \/>\n<meta property=\"og:image\" content=\"https:\/\/www.laguiadepamplona.com\/actualidad\/wp-content\/uploads\/2024\/10\/Mapamundistas_web_0.webp\" \/>\n\t<meta property=\"og:image:width\" content=\"1000\" \/>\n\t<meta property=\"og:image:height\" content=\"559\" \/>\n\t<meta property=\"og:image:type\" content=\"image\/webp\" \/>\n<meta name=\"author\" content=\"La Gu\u00eda de Pamplona\" \/>\n<meta name=\"twitter:card\" content=\"summary_large_image\" \/>\n<meta name=\"twitter:creator\" content=\"@LaGuiadPamplona\" \/>\n<meta name=\"twitter:site\" content=\"@LaGuiadPamplona\" \/>\n<meta name=\"twitter:label1\" content=\"Escrito por\" \/>\n\t<meta name=\"twitter:data1\" content=\"La Gu\u00eda de Pamplona\" \/>\n\t<meta name=\"twitter:label2\" content=\"Tiempo de lectura\" \/>\n\t<meta name=\"twitter:data2\" content=\"4 minutos\" \/>\n<script type=\"application\/ld+json\" class=\"yoast-schema-graph\">{\"@context\":\"https:\\\/\\\/schema.org\",\"@graph\":[{\"@type\":\"Article\",\"@id\":\"https:\\\/\\\/www.laguiadepamplona.com\\\/actualidad\\\/civivox-iturrama-acoge-los-martes-este-mes-de-octubre-tres-sesiones-de-cine-documental-sobre-la-interaccion-entre-personas-y-territorio-dentro-del-programa-mapamundistas\\\/#article\",\"isPartOf\":{\"@id\":\"https:\\\/\\\/www.laguiadepamplona.com\\\/actualidad\\\/civivox-iturrama-acoge-los-martes-este-mes-de-octubre-tres-sesiones-de-cine-documental-sobre-la-interaccion-entre-personas-y-territorio-dentro-del-programa-mapamundistas\\\/\"},\"author\":{\"name\":\"La Gu\u00eda de Pamplona\",\"@id\":\"https:\\\/\\\/www.laguiadepamplona.com\\\/actualidad\\\/#\\\/schema\\\/person\\\/efe887376f0213d4657c93adc50b1fdb\"},\"headline\":\"Civivox Iturrama acoge los martes este mes de octubre tres sesiones de cine documental sobre la interacci\u00f3n entre personas y territorio, dentro del programa Mapamundistas\",\"datePublished\":\"2024-10-14T15:22:48+00:00\",\"mainEntityOfPage\":{\"@id\":\"https:\\\/\\\/www.laguiadepamplona.com\\\/actualidad\\\/civivox-iturrama-acoge-los-martes-este-mes-de-octubre-tres-sesiones-de-cine-documental-sobre-la-interaccion-entre-personas-y-territorio-dentro-del-programa-mapamundistas\\\/\"},\"wordCount\":816,\"commentCount\":0,\"publisher\":{\"@id\":\"https:\\\/\\\/www.laguiadepamplona.com\\\/actualidad\\\/#organization\"},\"image\":{\"@id\":\"https:\\\/\\\/www.laguiadepamplona.com\\\/actualidad\\\/civivox-iturrama-acoge-los-martes-este-mes-de-octubre-tres-sesiones-de-cine-documental-sobre-la-interaccion-entre-personas-y-territorio-dentro-del-programa-mapamundistas\\\/#primaryimage\"},\"thumbnailUrl\":\"https:\\\/\\\/www.laguiadepamplona.com\\\/actualidad\\\/wp-content\\\/uploads\\\/2024\\\/10\\\/Mapamundistas_web_0.webp\",\"articleSection\":[\"Ayto Pamplona\"],\"inLanguage\":\"es\",\"potentialAction\":[{\"@type\":\"CommentAction\",\"name\":\"Comment\",\"target\":[\"https:\\\/\\\/www.laguiadepamplona.com\\\/actualidad\\\/civivox-iturrama-acoge-los-martes-este-mes-de-octubre-tres-sesiones-de-cine-documental-sobre-la-interaccion-entre-personas-y-territorio-dentro-del-programa-mapamundistas\\\/#respond\"]}]},{\"@type\":\"WebPage\",\"@id\":\"https:\\\/\\\/www.laguiadepamplona.com\\\/actualidad\\\/civivox-iturrama-acoge-los-martes-este-mes-de-octubre-tres-sesiones-de-cine-documental-sobre-la-interaccion-entre-personas-y-territorio-dentro-del-programa-mapamundistas\\\/\",\"url\":\"https:\\\/\\\/www.laguiadepamplona.com\\\/actualidad\\\/civivox-iturrama-acoge-los-martes-este-mes-de-octubre-tres-sesiones-de-cine-documental-sobre-la-interaccion-entre-personas-y-territorio-dentro-del-programa-mapamundistas\\\/\",\"name\":\"Civivox Iturrama acoge los martes este mes de octubre tres sesiones de cine documental sobre la interacci\u00f3n entre personas y territorio, dentro del programa Mapamundistas\",\"isPartOf\":{\"@id\":\"https:\\\/\\\/www.laguiadepamplona.com\\\/actualidad\\\/#website\"},\"primaryImageOfPage\":{\"@id\":\"https:\\\/\\\/www.laguiadepamplona.com\\\/actualidad\\\/civivox-iturrama-acoge-los-martes-este-mes-de-octubre-tres-sesiones-de-cine-documental-sobre-la-interaccion-entre-personas-y-territorio-dentro-del-programa-mapamundistas\\\/#primaryimage\"},\"image\":{\"@id\":\"https:\\\/\\\/www.laguiadepamplona.com\\\/actualidad\\\/civivox-iturrama-acoge-los-martes-este-mes-de-octubre-tres-sesiones-de-cine-documental-sobre-la-interaccion-entre-personas-y-territorio-dentro-del-programa-mapamundistas\\\/#primaryimage\"},\"thumbnailUrl\":\"https:\\\/\\\/www.laguiadepamplona.com\\\/actualidad\\\/wp-content\\\/uploads\\\/2024\\\/10\\\/Mapamundistas_web_0.webp\",\"datePublished\":\"2024-10-14T15:22:48+00:00\",\"description\":\"Todas las proyecciones se realizan en colaboraci\u00f3n con el Institut Fran\u00e7ais de Bilbao, ser\u00e1n a las 19 horas y tienen entrada libre previa inscripci\u00f3n\",\"breadcrumb\":{\"@id\":\"https:\\\/\\\/www.laguiadepamplona.com\\\/actualidad\\\/civivox-iturrama-acoge-los-martes-este-mes-de-octubre-tres-sesiones-de-cine-documental-sobre-la-interaccion-entre-personas-y-territorio-dentro-del-programa-mapamundistas\\\/#breadcrumb\"},\"inLanguage\":\"es\",\"potentialAction\":[{\"@type\":\"ReadAction\",\"target\":[\"https:\\\/\\\/www.laguiadepamplona.com\\\/actualidad\\\/civivox-iturrama-acoge-los-martes-este-mes-de-octubre-tres-sesiones-de-cine-documental-sobre-la-interaccion-entre-personas-y-territorio-dentro-del-programa-mapamundistas\\\/\"]}]},{\"@type\":\"ImageObject\",\"inLanguage\":\"es\",\"@id\":\"https:\\\/\\\/www.laguiadepamplona.com\\\/actualidad\\\/civivox-iturrama-acoge-los-martes-este-mes-de-octubre-tres-sesiones-de-cine-documental-sobre-la-interaccion-entre-personas-y-territorio-dentro-del-programa-mapamundistas\\\/#primaryimage\",\"url\":\"https:\\\/\\\/www.laguiadepamplona.com\\\/actualidad\\\/wp-content\\\/uploads\\\/2024\\\/10\\\/Mapamundistas_web_0.webp\",\"contentUrl\":\"https:\\\/\\\/www.laguiadepamplona.com\\\/actualidad\\\/wp-content\\\/uploads\\\/2024\\\/10\\\/Mapamundistas_web_0.webp\",\"width\":1000,\"height\":559,\"caption\":\"Mapamundistas\"},{\"@type\":\"BreadcrumbList\",\"@id\":\"https:\\\/\\\/www.laguiadepamplona.com\\\/actualidad\\\/civivox-iturrama-acoge-los-martes-este-mes-de-octubre-tres-sesiones-de-cine-documental-sobre-la-interaccion-entre-personas-y-territorio-dentro-del-programa-mapamundistas\\\/#breadcrumb\",\"itemListElement\":[{\"@type\":\"ListItem\",\"position\":1,\"name\":\"Portada\",\"item\":\"https:\\\/\\\/www.laguiadepamplona.com\\\/actualidad\\\/\"},{\"@type\":\"ListItem\",\"position\":2,\"name\":\"Civivox Iturrama acoge los martes este mes de octubre tres sesiones de cine documental sobre la interacci\u00f3n entre personas y territorio, dentro del programa Mapamundistas\"}]},{\"@type\":\"WebSite\",\"@id\":\"https:\\\/\\\/www.laguiadepamplona.com\\\/actualidad\\\/#website\",\"url\":\"https:\\\/\\\/www.laguiadepamplona.com\\\/actualidad\\\/\",\"name\":\"La gu\u00eda de Pamplona\",\"description\":\"Noticias de Pamplona\",\"publisher\":{\"@id\":\"https:\\\/\\\/www.laguiadepamplona.com\\\/actualidad\\\/#organization\"},\"potentialAction\":[{\"@type\":\"SearchAction\",\"target\":{\"@type\":\"EntryPoint\",\"urlTemplate\":\"https:\\\/\\\/www.laguiadepamplona.com\\\/actualidad\\\/?s={search_term_string}\"},\"query-input\":{\"@type\":\"PropertyValueSpecification\",\"valueRequired\":true,\"valueName\":\"search_term_string\"}}],\"inLanguage\":\"es\"},{\"@type\":\"Organization\",\"@id\":\"https:\\\/\\\/www.laguiadepamplona.com\\\/actualidad\\\/#organization\",\"name\":\"La Gu\u00eda de Pamplona \\\/ Noticias\",\"url\":\"https:\\\/\\\/www.laguiadepamplona.com\\\/actualidad\\\/\",\"logo\":{\"@type\":\"ImageObject\",\"inLanguage\":\"es\",\"@id\":\"https:\\\/\\\/www.laguiadepamplona.com\\\/actualidad\\\/#\\\/schema\\\/logo\\\/image\\\/\",\"url\":\"https:\\\/\\\/www.laguiadepamplona.com\\\/actualidad\\\/wp-content\\\/uploads\\\/2018\\\/11\\\/logo-laguiadepamplona18-web1.png\",\"contentUrl\":\"https:\\\/\\\/www.laguiadepamplona.com\\\/actualidad\\\/wp-content\\\/uploads\\\/2018\\\/11\\\/logo-laguiadepamplona18-web1.png\",\"width\":600,\"height\":196,\"caption\":\"La Gu\u00eda de Pamplona \\\/ Noticias\"},\"image\":{\"@id\":\"https:\\\/\\\/www.laguiadepamplona.com\\\/actualidad\\\/#\\\/schema\\\/logo\\\/image\\\/\"},\"sameAs\":[\"https:\\\/\\\/www.facebook.com\\\/laguiadepamplonacom-133175176762273\\\/?ref=hl\",\"https:\\\/\\\/x.com\\\/LaGuiadPamplona\",\"https:\\\/\\\/www.instagram.com\\\/la_guia_de_pamplona\\\/\",\"https:\\\/\\\/www.youtube.com\\\/user\\\/laguiadepamplona\"]},{\"@type\":\"Person\",\"@id\":\"https:\\\/\\\/www.laguiadepamplona.com\\\/actualidad\\\/#\\\/schema\\\/person\\\/efe887376f0213d4657c93adc50b1fdb\",\"name\":\"La Gu\u00eda de Pamplona\",\"image\":{\"@type\":\"ImageObject\",\"inLanguage\":\"es\",\"@id\":\"https:\\\/\\\/secure.gravatar.com\\\/avatar\\\/b6992f131dc8d30ab0dff15446e9d346d9dbd95992de0fef795073f5ea83a81c?s=96&d=mm&r=g\",\"url\":\"https:\\\/\\\/secure.gravatar.com\\\/avatar\\\/b6992f131dc8d30ab0dff15446e9d346d9dbd95992de0fef795073f5ea83a81c?s=96&d=mm&r=g\",\"contentUrl\":\"https:\\\/\\\/secure.gravatar.com\\\/avatar\\\/b6992f131dc8d30ab0dff15446e9d346d9dbd95992de0fef795073f5ea83a81c?s=96&d=mm&r=g\",\"caption\":\"La Gu\u00eda de Pamplona\"}}]}<\/script>\n<!-- \/ Yoast SEO plugin. -->","yoast_head_json":{"title":"Civivox Iturrama acoge los martes este mes de octubre tres sesiones de cine documental sobre la interacci\u00f3n entre personas y territorio, dentro del programa Mapamundistas","description":"Todas las proyecciones se realizan en colaboraci\u00f3n con el Institut Fran\u00e7ais de Bilbao, ser\u00e1n a las 19 horas y tienen entrada libre previa inscripci\u00f3n","robots":{"index":"index","follow":"follow","max-snippet":"max-snippet:-1","max-image-preview":"max-image-preview:large","max-video-preview":"max-video-preview:-1"},"canonical":"https:\/\/www.laguiadepamplona.com\/actualidad\/civivox-iturrama-acoge-los-martes-este-mes-de-octubre-tres-sesiones-de-cine-documental-sobre-la-interaccion-entre-personas-y-territorio-dentro-del-programa-mapamundistas\/","og_locale":"es_ES","og_type":"article","og_title":"Civivox Iturrama acoge los martes este mes de octubre tres sesiones de cine documental sobre la interacci\u00f3n entre personas y territorio, dentro del programa Mapamundistas","og_description":"Todas las proyecciones se realizan en colaboraci\u00f3n con el Institut Fran\u00e7ais de Bilbao, ser\u00e1n a las 19 horas y tienen entrada libre previa inscripci\u00f3n","og_url":"https:\/\/www.laguiadepamplona.com\/actualidad\/civivox-iturrama-acoge-los-martes-este-mes-de-octubre-tres-sesiones-de-cine-documental-sobre-la-interaccion-entre-personas-y-territorio-dentro-del-programa-mapamundistas\/","og_site_name":"La Gu\u00eda de Pamplona","article_publisher":"https:\/\/www.facebook.com\/laguiadepamplonacom-133175176762273\/?ref=hl","article_published_time":"2024-10-14T15:22:48+00:00","og_image":[{"width":1000,"height":559,"url":"https:\/\/www.laguiadepamplona.com\/actualidad\/wp-content\/uploads\/2024\/10\/Mapamundistas_web_0.webp","type":"image\/webp"}],"author":"La Gu\u00eda de Pamplona","twitter_card":"summary_large_image","twitter_creator":"@LaGuiadPamplona","twitter_site":"@LaGuiadPamplona","twitter_misc":{"Escrito por":"La Gu\u00eda de Pamplona","Tiempo de lectura":"4 minutos"},"schema":{"@context":"https:\/\/schema.org","@graph":[{"@type":"Article","@id":"https:\/\/www.laguiadepamplona.com\/actualidad\/civivox-iturrama-acoge-los-martes-este-mes-de-octubre-tres-sesiones-de-cine-documental-sobre-la-interaccion-entre-personas-y-territorio-dentro-del-programa-mapamundistas\/#article","isPartOf":{"@id":"https:\/\/www.laguiadepamplona.com\/actualidad\/civivox-iturrama-acoge-los-martes-este-mes-de-octubre-tres-sesiones-de-cine-documental-sobre-la-interaccion-entre-personas-y-territorio-dentro-del-programa-mapamundistas\/"},"author":{"name":"La Gu\u00eda de Pamplona","@id":"https:\/\/www.laguiadepamplona.com\/actualidad\/#\/schema\/person\/efe887376f0213d4657c93adc50b1fdb"},"headline":"Civivox Iturrama acoge los martes este mes de octubre tres sesiones de cine documental sobre la interacci\u00f3n entre personas y territorio, dentro del programa Mapamundistas","datePublished":"2024-10-14T15:22:48+00:00","mainEntityOfPage":{"@id":"https:\/\/www.laguiadepamplona.com\/actualidad\/civivox-iturrama-acoge-los-martes-este-mes-de-octubre-tres-sesiones-de-cine-documental-sobre-la-interaccion-entre-personas-y-territorio-dentro-del-programa-mapamundistas\/"},"wordCount":816,"commentCount":0,"publisher":{"@id":"https:\/\/www.laguiadepamplona.com\/actualidad\/#organization"},"image":{"@id":"https:\/\/www.laguiadepamplona.com\/actualidad\/civivox-iturrama-acoge-los-martes-este-mes-de-octubre-tres-sesiones-de-cine-documental-sobre-la-interaccion-entre-personas-y-territorio-dentro-del-programa-mapamundistas\/#primaryimage"},"thumbnailUrl":"https:\/\/www.laguiadepamplona.com\/actualidad\/wp-content\/uploads\/2024\/10\/Mapamundistas_web_0.webp","articleSection":["Ayto Pamplona"],"inLanguage":"es","potentialAction":[{"@type":"CommentAction","name":"Comment","target":["https:\/\/www.laguiadepamplona.com\/actualidad\/civivox-iturrama-acoge-los-martes-este-mes-de-octubre-tres-sesiones-de-cine-documental-sobre-la-interaccion-entre-personas-y-territorio-dentro-del-programa-mapamundistas\/#respond"]}]},{"@type":"WebPage","@id":"https:\/\/www.laguiadepamplona.com\/actualidad\/civivox-iturrama-acoge-los-martes-este-mes-de-octubre-tres-sesiones-de-cine-documental-sobre-la-interaccion-entre-personas-y-territorio-dentro-del-programa-mapamundistas\/","url":"https:\/\/www.laguiadepamplona.com\/actualidad\/civivox-iturrama-acoge-los-martes-este-mes-de-octubre-tres-sesiones-de-cine-documental-sobre-la-interaccion-entre-personas-y-territorio-dentro-del-programa-mapamundistas\/","name":"Civivox Iturrama acoge los martes este mes de octubre tres sesiones de cine documental sobre la interacci\u00f3n entre personas y territorio, dentro del programa Mapamundistas","isPartOf":{"@id":"https:\/\/www.laguiadepamplona.com\/actualidad\/#website"},"primaryImageOfPage":{"@id":"https:\/\/www.laguiadepamplona.com\/actualidad\/civivox-iturrama-acoge-los-martes-este-mes-de-octubre-tres-sesiones-de-cine-documental-sobre-la-interaccion-entre-personas-y-territorio-dentro-del-programa-mapamundistas\/#primaryimage"},"image":{"@id":"https:\/\/www.laguiadepamplona.com\/actualidad\/civivox-iturrama-acoge-los-martes-este-mes-de-octubre-tres-sesiones-de-cine-documental-sobre-la-interaccion-entre-personas-y-territorio-dentro-del-programa-mapamundistas\/#primaryimage"},"thumbnailUrl":"https:\/\/www.laguiadepamplona.com\/actualidad\/wp-content\/uploads\/2024\/10\/Mapamundistas_web_0.webp","datePublished":"2024-10-14T15:22:48+00:00","description":"Todas las proyecciones se realizan en colaboraci\u00f3n con el Institut Fran\u00e7ais de Bilbao, ser\u00e1n a las 19 horas y tienen entrada libre previa inscripci\u00f3n","breadcrumb":{"@id":"https:\/\/www.laguiadepamplona.com\/actualidad\/civivox-iturrama-acoge-los-martes-este-mes-de-octubre-tres-sesiones-de-cine-documental-sobre-la-interaccion-entre-personas-y-territorio-dentro-del-programa-mapamundistas\/#breadcrumb"},"inLanguage":"es","potentialAction":[{"@type":"ReadAction","target":["https:\/\/www.laguiadepamplona.com\/actualidad\/civivox-iturrama-acoge-los-martes-este-mes-de-octubre-tres-sesiones-de-cine-documental-sobre-la-interaccion-entre-personas-y-territorio-dentro-del-programa-mapamundistas\/"]}]},{"@type":"ImageObject","inLanguage":"es","@id":"https:\/\/www.laguiadepamplona.com\/actualidad\/civivox-iturrama-acoge-los-martes-este-mes-de-octubre-tres-sesiones-de-cine-documental-sobre-la-interaccion-entre-personas-y-territorio-dentro-del-programa-mapamundistas\/#primaryimage","url":"https:\/\/www.laguiadepamplona.com\/actualidad\/wp-content\/uploads\/2024\/10\/Mapamundistas_web_0.webp","contentUrl":"https:\/\/www.laguiadepamplona.com\/actualidad\/wp-content\/uploads\/2024\/10\/Mapamundistas_web_0.webp","width":1000,"height":559,"caption":"Mapamundistas"},{"@type":"BreadcrumbList","@id":"https:\/\/www.laguiadepamplona.com\/actualidad\/civivox-iturrama-acoge-los-martes-este-mes-de-octubre-tres-sesiones-de-cine-documental-sobre-la-interaccion-entre-personas-y-territorio-dentro-del-programa-mapamundistas\/#breadcrumb","itemListElement":[{"@type":"ListItem","position":1,"name":"Portada","item":"https:\/\/www.laguiadepamplona.com\/actualidad\/"},{"@type":"ListItem","position":2,"name":"Civivox Iturrama acoge los martes este mes de octubre tres sesiones de cine documental sobre la interacci\u00f3n entre personas y territorio, dentro del programa Mapamundistas"}]},{"@type":"WebSite","@id":"https:\/\/www.laguiadepamplona.com\/actualidad\/#website","url":"https:\/\/www.laguiadepamplona.com\/actualidad\/","name":"La gu\u00eda de Pamplona","description":"Noticias de Pamplona","publisher":{"@id":"https:\/\/www.laguiadepamplona.com\/actualidad\/#organization"},"potentialAction":[{"@type":"SearchAction","target":{"@type":"EntryPoint","urlTemplate":"https:\/\/www.laguiadepamplona.com\/actualidad\/?s={search_term_string}"},"query-input":{"@type":"PropertyValueSpecification","valueRequired":true,"valueName":"search_term_string"}}],"inLanguage":"es"},{"@type":"Organization","@id":"https:\/\/www.laguiadepamplona.com\/actualidad\/#organization","name":"La Gu\u00eda de Pamplona \/ Noticias","url":"https:\/\/www.laguiadepamplona.com\/actualidad\/","logo":{"@type":"ImageObject","inLanguage":"es","@id":"https:\/\/www.laguiadepamplona.com\/actualidad\/#\/schema\/logo\/image\/","url":"https:\/\/www.laguiadepamplona.com\/actualidad\/wp-content\/uploads\/2018\/11\/logo-laguiadepamplona18-web1.png","contentUrl":"https:\/\/www.laguiadepamplona.com\/actualidad\/wp-content\/uploads\/2018\/11\/logo-laguiadepamplona18-web1.png","width":600,"height":196,"caption":"La Gu\u00eda de Pamplona \/ Noticias"},"image":{"@id":"https:\/\/www.laguiadepamplona.com\/actualidad\/#\/schema\/logo\/image\/"},"sameAs":["https:\/\/www.facebook.com\/laguiadepamplonacom-133175176762273\/?ref=hl","https:\/\/x.com\/LaGuiadPamplona","https:\/\/www.instagram.com\/la_guia_de_pamplona\/","https:\/\/www.youtube.com\/user\/laguiadepamplona"]},{"@type":"Person","@id":"https:\/\/www.laguiadepamplona.com\/actualidad\/#\/schema\/person\/efe887376f0213d4657c93adc50b1fdb","name":"La Gu\u00eda de Pamplona","image":{"@type":"ImageObject","inLanguage":"es","@id":"https:\/\/secure.gravatar.com\/avatar\/b6992f131dc8d30ab0dff15446e9d346d9dbd95992de0fef795073f5ea83a81c?s=96&d=mm&r=g","url":"https:\/\/secure.gravatar.com\/avatar\/b6992f131dc8d30ab0dff15446e9d346d9dbd95992de0fef795073f5ea83a81c?s=96&d=mm&r=g","contentUrl":"https:\/\/secure.gravatar.com\/avatar\/b6992f131dc8d30ab0dff15446e9d346d9dbd95992de0fef795073f5ea83a81c?s=96&d=mm&r=g","caption":"La Gu\u00eda de Pamplona"}}]}},"post_mailing_queue_ids":[],"_links":{"self":[{"href":"https:\/\/www.laguiadepamplona.com\/actualidad\/wp-json\/wp\/v2\/posts\/51020","targetHints":{"allow":["GET"]}}],"collection":[{"href":"https:\/\/www.laguiadepamplona.com\/actualidad\/wp-json\/wp\/v2\/posts"}],"about":[{"href":"https:\/\/www.laguiadepamplona.com\/actualidad\/wp-json\/wp\/v2\/types\/post"}],"author":[{"embeddable":true,"href":"https:\/\/www.laguiadepamplona.com\/actualidad\/wp-json\/wp\/v2\/users\/1"}],"replies":[{"embeddable":true,"href":"https:\/\/www.laguiadepamplona.com\/actualidad\/wp-json\/wp\/v2\/comments?post=51020"}],"version-history":[{"count":1,"href":"https:\/\/www.laguiadepamplona.com\/actualidad\/wp-json\/wp\/v2\/posts\/51020\/revisions"}],"predecessor-version":[{"id":51022,"href":"https:\/\/www.laguiadepamplona.com\/actualidad\/wp-json\/wp\/v2\/posts\/51020\/revisions\/51022"}],"wp:featuredmedia":[{"embeddable":true,"href":"https:\/\/www.laguiadepamplona.com\/actualidad\/wp-json\/wp\/v2\/media\/51021"}],"wp:attachment":[{"href":"https:\/\/www.laguiadepamplona.com\/actualidad\/wp-json\/wp\/v2\/media?parent=51020"}],"wp:term":[{"taxonomy":"category","embeddable":true,"href":"https:\/\/www.laguiadepamplona.com\/actualidad\/wp-json\/wp\/v2\/categories?post=51020"},{"taxonomy":"post_tag","embeddable":true,"href":"https:\/\/www.laguiadepamplona.com\/actualidad\/wp-json\/wp\/v2\/tags?post=51020"}],"curies":[{"name":"wp","href":"https:\/\/api.w.org\/{rel}","templated":true}]}}