{"id":51014,"date":"2024-10-14T17:19:51","date_gmt":"2024-10-14T15:19:51","guid":{"rendered":"https:\/\/www.laguiadepamplona.com\/actualidad\/?p=51014"},"modified":"2024-10-14T17:19:51","modified_gmt":"2024-10-14T15:19:51","slug":"el-ayuntamiento-recibe-a-las-delegaciones-participantes-en-el-campeonato-mundial-de-cueca-baile-tradicional-chileno-que-se-celebra-esta-semana-en-pamplona-y-baranain","status":"publish","type":"post","link":"https:\/\/www.laguiadepamplona.com\/actualidad\/el-ayuntamiento-recibe-a-las-delegaciones-participantes-en-el-campeonato-mundial-de-cueca-baile-tradicional-chileno-que-se-celebra-esta-semana-en-pamplona-y-baranain\/","title":{"rendered":"El Ayuntamiento recibe a las delegaciones participantes en el Campeonato Mundial de Cueca, baile tradicional chileno, que se celebra esta semana en Pamplona y Bara\u00f1\u00e1in"},"content":{"rendered":"<h2>Procedentes de m\u00e1s de una decena de pa\u00edses, bailar\u00e1n mi\u00e9rcoles y jueves en la Casa de la Juventud, con la final el viernes en el Auditorio de Bara\u00f1\u00e1in<\/h2>\n<p><!--more--><\/p>\n<p>Esta semana se celebra en Pamplona y Bara\u00f1\u00e1in el XXI Campeonato Mundial de Cueca, baile tradicional chileno, que reunir\u00e1 a m\u00e1s de una decena de delegaciones de diferentes pa\u00edses latinoamericanos y del resto del mundo. El alcalde de Pamplona, Joseba Asiron Saez, y miembros de la Corporaci\u00f3n municipales han participado esta ma\u00f1ana en la recepci\u00f3n institucional que ha tenido lugar en la Casa Consistorial.<\/p>\n<p>Este campeonato forma parte de las actividades de la I Semana de la Diversidad Cultural, organizada por el Ayuntamiento de Pamplona, en colaboraci\u00f3n con el Departamento de Pol\u00edticas Migratorias del Gobierno de Navarra y con la Red RECI (Red Espa\u00f1ola de Ciudades Inclusivas), as\u00ed como con asociaciones como la Fundaci\u00f3n Secretariado Gitano, Gaz Kal\u00f3, COFLOCHILEX, Cruz Roja, Asociaci\u00f3n F\u00e9nix o los clubes de b\u00e9isbol Toros y Dominicanos. Se les ha entregado a las delegaciones, como recuerdo del acto, unos pa\u00f1uelos de San Ferm\u00edn y otros detalles protocolarios de la ciudad.<\/p>\n<p>El Campeonato Mundial de Cueca, COFOCHILEX 2024, celebrar\u00e1 sus fases clasificatorias en el sal\u00f3n de actos de la Casa de la Juventud el mi\u00e9rcoles 16 de octubre y el jueves 17 de octubre, ambos d\u00edas a las 17 horas. La final, con los mejores grupos participantes, tendr\u00e1 lugar el viernes 18 de octubre, tambi\u00e9n a partir de las 17 horas, en el Auditorio de Bara\u00f1\u00e1in. Este evento, que lleva m\u00e1s de una veintena de ediciones tiene como objetivo estrechar los v\u00ednculos entre chilenos y chilenas, fomentando e incentivando el folklore, la pr\u00e1ctica y preservaci\u00f3n de la danza nacional.<\/p>\n<p>En total, est\u00e1 prevista la participaci\u00f3n de alrededor de quince delegaciones de diferentes partes del mundo, como Argentina, Australia, Noruega, Estados Unidos, Suiza, Reino Unido o el propio Chile, que subir\u00e1n a los escenarios de las fases clasificatorias y finales un espect\u00e1culo que rescata las costumbres y tradiciones nacionales. La cueca es un baile tradicional chileno, con un ritmo \u00fanico, vueltas, medias vueltas y zapateo, de bailarines con pa\u00f1uelos en la mano, declarado danza nacional del pa\u00eds en 1979.<\/p>\n<p><strong>I Semana de la Diversidad Cultural<\/strong><\/p>\n<p>Esta recepci\u00f3n es el primer acto de la I Semana de la Diversidad Cultural, que se celebrar\u00e1 en Pamplona hasta el s\u00e1bado, con un programa variado en el que se incluyen charlas, conciertos, espect\u00e1culos de danza, feria de artesan\u00eda o exhibiciones deportivas, todas ellas gratuitas. Para su confecci\u00f3n, se ha tenido en cuenta tanto la diversidad cultural de la ciudad como la diversidad de g\u00e9nero y funcional.<\/p>\n<p>Adem\u00e1s de la cueca, se han organizado charlas sobre diversidad cultural, como la que se celebrar\u00e1 el mi\u00e9rcoles a las 18 horas en Condestable sobre la Pamplona Gitana, la mesa redonda del jueves a las 11.30 horas tambi\u00e9n en Condestable sobre \u2018Ciudad, Comunidad y Diversidad Cultural\u2019 o la conferencia, a las 19 horas, sobre los bulos sobre la diversidad cultural. La I Semana de la Diversidad Cultural tendr\u00e1 tambi\u00e9n una feria de artesan\u00eda intercultural en el paseo de Sarasate y una sesi\u00f3n de micr\u00f3fono abierto, ambas el viernes, en la que se expondr\u00e1n en primera persona procesos de acogida con sus historias y circunstancias. Ese mismo d\u00eda el grupo Goxua\u00b4n Salsa actuar\u00e1 en la plaza de la Virgen de la O.<\/p>\n<p>Las actividades concluir\u00e1n el s\u00e1bado con una jornada de puertas abiertas, exhibici\u00f3n y campeonato de softbol en el campo de b\u00e9isbol de Rochapea y con el segundo Festival Intercultural por la Diversidad Sexual y de G\u00e9nero. Desde las 19 horas, el festival reunir\u00e1 en Geltoki a grupos musicales, DJ, batucadas o espect\u00e1culos drag que lanzar\u00e1n un mensaje de inclusi\u00f3n y respeto.<\/p>\n<p>&nbsp;<\/p>\n<h3>Semana de la Diversidad Cultural. Del 14 al 20 de octubre<\/h3>\n<p><strong>LUNES 14 OCTUBRE<\/strong><\/p>\n<ul>\n<li>11:00 h. Recepci\u00f3n del Ayuntamiento de Pamplona al Campeonato Mundial de Cueca (baile tradicional chileno), que se celebra durante esta semana. CASA CONSISTORIAL<\/li>\n<\/ul>\n<p>&nbsp;<\/p>\n<p><strong>MI\u00c9RCOLES 16 OCTUBRE<\/strong><\/p>\n<ul>\n<li>17:00 h. Campeonato Mundial de Cueca. CASA DE LA JUVENTUD (Sal\u00f3n de Actos)<\/li>\n<li>18:00 h. MESA Redonda: PAMPLONA IRU\u00d1A GITANA. CONDESTABLE. Intervienen:\n<ul>\n<li>David Mart\u00edn. Historiador<\/li>\n<li>Silvia Garc\u00eda. T\u00e9cnica de Igualdad del Secretariado Gitano<\/li>\n<li>Ricardo Hern\u00e1ndez Gaz Kal\u00f3. Moderador<\/li>\n<\/ul>\n<\/li>\n<\/ul>\n<p>&nbsp;<\/p>\n<p><strong>JUEVES 17 OCTUBRE<\/strong><\/p>\n<ul>\n<li>9:30 h. Recepci\u00f3n del Ayuntamiento de Pamplona a la red RECI (Red de Ciudades Interculturales). CASA CONSISTORIAL<\/li>\n<li>11:30 h. Charla CIUDAD, COMUNIDAD Y DIVERSIDAD CULTURAL. CONDESTABLE. Intervienen:\n<ul>\n<li>Dani de Torres. Director de la red RECI<\/li>\n<li>Departamento de Vivienda, Juventud y Pol\u00edticas Migratorias del Gobierno de Navarra<\/li>\n<li>Zaloa Basabe Guti\u00e9rrez. Concejala de Igualdad, Acci\u00f3n Comunitaria, Barrios, Participaci\u00f3n Ciudadana y Euskera<\/li>\n<\/ul>\n<\/li>\n<li>17:00 h. Campeonato Mundial de Cueca. CASA DE LA JUVENTUD<\/li>\n<li>18:00 h. Charla. Bulos sobre Diversidad Cultural. Rosario Zanabria. Polit\u00f3loga, presidenta de la Red Transnacional de Mujeres. CONDESTABLE<\/li>\n<\/ul>\n<p>&nbsp;<\/p>\n<p><strong>VIERNES 18 OCTUBRE<\/strong><\/p>\n<ul>\n<li>11:00 h. Micr\u00f3fono Abierto: Procesos de Acogida en primera persona. CONDESTABLE<\/li>\n<li>11:00 &#8211; 20:00 h. Feria de Artesan\u00eda intercultural. PASEO SARASATE<\/li>\n<li>17:00 h. Final Campeonato Mundial de Cueca. AUDITORIO DE BARA\u00d1\u00c1IN<\/li>\n<li>20:30 h. Concierto de GOXUA\u2019N SALSA. PLAZA DE LA O<\/li>\n<\/ul>\n<p>&nbsp;<\/p>\n<p><strong>S\u00c1BADO 19 OCTUBRE<\/strong><\/p>\n<ul>\n<li>10:00 a 13:00 h. Softbol. Jornada de puerta abiertas y exhibici\u00f3n. CAMPO DE B\u00c9ISBOL DE ROCHAPEA<\/li>\n<li>13:00 a 17:00 h. Campeonato de Softbol. CAMPO DE B\u00c9ISBOL DE ROCHAPEA<\/li>\n<li>19:00 a 24:00 h. Festival Intercultural por la Diversidad Sexual y de G\u00e9nero. Grupos musicales, batucada, D.J. y m\u00e1s actuaciones GELTOKI<\/li>\n<\/ul>\n","protected":false},"excerpt":{"rendered":"<p>Procedentes de m\u00e1s de una decena de pa\u00edses, bailar\u00e1n mi\u00e9rcoles y jueves en la Casa de la Juventud, con la final el viernes en el Auditorio de Bara\u00f1\u00e1in<\/p>\n","protected":false},"author":1,"featured_media":51015,"comment_status":"open","ping_status":"closed","sticky":false,"template":"","format":"standard","meta":{"footnotes":""},"categories":[2],"tags":[],"class_list":["post-51014","post","type-post","status-publish","format-standard","has-post-thumbnail","hentry","category-ayuntamiento-pamplona"],"yoast_head":"<!-- This site is optimized with the Yoast SEO plugin v27.3 - https:\/\/yoast.com\/product\/yoast-seo-wordpress\/ -->\n<title>El Ayuntamiento recibe a las delegaciones participantes en el Campeonato Mundial de Cueca, baile tradicional chileno, que se celebra esta semana en Pamplona y Bara\u00f1\u00e1in<\/title>\n<meta name=\"description\" content=\"Procedentes de m\u00e1s de una decena de pa\u00edses, bailar\u00e1n mi\u00e9rcoles y jueves en la Casa de la Juventud, con la final el viernes en el Auditorio de Bara\u00f1\u00e1in\" \/>\n<meta name=\"robots\" content=\"index, follow, max-snippet:-1, max-image-preview:large, max-video-preview:-1\" \/>\n<link rel=\"canonical\" href=\"https:\/\/www.laguiadepamplona.com\/actualidad\/el-ayuntamiento-recibe-a-las-delegaciones-participantes-en-el-campeonato-mundial-de-cueca-baile-tradicional-chileno-que-se-celebra-esta-semana-en-pamplona-y-baranain\/\" \/>\n<meta property=\"og:locale\" content=\"es_ES\" \/>\n<meta property=\"og:type\" content=\"article\" \/>\n<meta property=\"og:title\" content=\"El Ayuntamiento recibe a las delegaciones participantes en el Campeonato Mundial de Cueca, baile tradicional chileno, que se celebra esta semana en Pamplona y Bara\u00f1\u00e1in\" \/>\n<meta property=\"og:description\" content=\"Procedentes de m\u00e1s de una decena de pa\u00edses, bailar\u00e1n mi\u00e9rcoles y jueves en la Casa de la Juventud, con la final el viernes en el Auditorio de Bara\u00f1\u00e1in\" \/>\n<meta property=\"og:url\" content=\"https:\/\/www.laguiadepamplona.com\/actualidad\/el-ayuntamiento-recibe-a-las-delegaciones-participantes-en-el-campeonato-mundial-de-cueca-baile-tradicional-chileno-que-se-celebra-esta-semana-en-pamplona-y-baranain\/\" \/>\n<meta property=\"og:site_name\" content=\"La Gu\u00eda de Pamplona\" \/>\n<meta property=\"article:publisher\" content=\"https:\/\/www.facebook.com\/laguiadepamplonacom-133175176762273\/?ref=hl\" \/>\n<meta property=\"article:published_time\" content=\"2024-10-14T15:19:51+00:00\" \/>\n<meta property=\"og:image\" content=\"https:\/\/www.laguiadepamplona.com\/actualidad\/wp-content\/uploads\/2024\/10\/recepcionparticipantescampeonatomundialcuecachilena1_0.webp\" \/>\n\t<meta property=\"og:image:width\" content=\"1000\" \/>\n\t<meta property=\"og:image:height\" content=\"666\" \/>\n\t<meta property=\"og:image:type\" content=\"image\/webp\" \/>\n<meta name=\"author\" content=\"La Gu\u00eda de Pamplona\" \/>\n<meta name=\"twitter:card\" content=\"summary_large_image\" \/>\n<meta name=\"twitter:creator\" content=\"@LaGuiadPamplona\" \/>\n<meta name=\"twitter:site\" content=\"@LaGuiadPamplona\" \/>\n<meta name=\"twitter:label1\" content=\"Escrito por\" \/>\n\t<meta name=\"twitter:data1\" content=\"La Gu\u00eda de Pamplona\" \/>\n\t<meta name=\"twitter:label2\" content=\"Tiempo de lectura\" \/>\n\t<meta name=\"twitter:data2\" content=\"5 minutos\" \/>\n<script type=\"application\/ld+json\" class=\"yoast-schema-graph\">{\"@context\":\"https:\\\/\\\/schema.org\",\"@graph\":[{\"@type\":\"Article\",\"@id\":\"https:\\\/\\\/www.laguiadepamplona.com\\\/actualidad\\\/el-ayuntamiento-recibe-a-las-delegaciones-participantes-en-el-campeonato-mundial-de-cueca-baile-tradicional-chileno-que-se-celebra-esta-semana-en-pamplona-y-baranain\\\/#article\",\"isPartOf\":{\"@id\":\"https:\\\/\\\/www.laguiadepamplona.com\\\/actualidad\\\/el-ayuntamiento-recibe-a-las-delegaciones-participantes-en-el-campeonato-mundial-de-cueca-baile-tradicional-chileno-que-se-celebra-esta-semana-en-pamplona-y-baranain\\\/\"},\"author\":{\"name\":\"La Gu\u00eda de Pamplona\",\"@id\":\"https:\\\/\\\/www.laguiadepamplona.com\\\/actualidad\\\/#\\\/schema\\\/person\\\/efe887376f0213d4657c93adc50b1fdb\"},\"headline\":\"El Ayuntamiento recibe a las delegaciones participantes en el Campeonato Mundial de Cueca, baile tradicional chileno, que se celebra esta semana en Pamplona y Bara\u00f1\u00e1in\",\"datePublished\":\"2024-10-14T15:19:51+00:00\",\"mainEntityOfPage\":{\"@id\":\"https:\\\/\\\/www.laguiadepamplona.com\\\/actualidad\\\/el-ayuntamiento-recibe-a-las-delegaciones-participantes-en-el-campeonato-mundial-de-cueca-baile-tradicional-chileno-que-se-celebra-esta-semana-en-pamplona-y-baranain\\\/\"},\"wordCount\":956,\"commentCount\":0,\"publisher\":{\"@id\":\"https:\\\/\\\/www.laguiadepamplona.com\\\/actualidad\\\/#organization\"},\"image\":{\"@id\":\"https:\\\/\\\/www.laguiadepamplona.com\\\/actualidad\\\/el-ayuntamiento-recibe-a-las-delegaciones-participantes-en-el-campeonato-mundial-de-cueca-baile-tradicional-chileno-que-se-celebra-esta-semana-en-pamplona-y-baranain\\\/#primaryimage\"},\"thumbnailUrl\":\"https:\\\/\\\/www.laguiadepamplona.com\\\/actualidad\\\/wp-content\\\/uploads\\\/2024\\\/10\\\/recepcionparticipantescampeonatomundialcuecachilena1_0.webp\",\"articleSection\":[\"Ayto Pamplona\"],\"inLanguage\":\"es\",\"potentialAction\":[{\"@type\":\"CommentAction\",\"name\":\"Comment\",\"target\":[\"https:\\\/\\\/www.laguiadepamplona.com\\\/actualidad\\\/el-ayuntamiento-recibe-a-las-delegaciones-participantes-en-el-campeonato-mundial-de-cueca-baile-tradicional-chileno-que-se-celebra-esta-semana-en-pamplona-y-baranain\\\/#respond\"]}]},{\"@type\":\"WebPage\",\"@id\":\"https:\\\/\\\/www.laguiadepamplona.com\\\/actualidad\\\/el-ayuntamiento-recibe-a-las-delegaciones-participantes-en-el-campeonato-mundial-de-cueca-baile-tradicional-chileno-que-se-celebra-esta-semana-en-pamplona-y-baranain\\\/\",\"url\":\"https:\\\/\\\/www.laguiadepamplona.com\\\/actualidad\\\/el-ayuntamiento-recibe-a-las-delegaciones-participantes-en-el-campeonato-mundial-de-cueca-baile-tradicional-chileno-que-se-celebra-esta-semana-en-pamplona-y-baranain\\\/\",\"name\":\"El Ayuntamiento recibe a las delegaciones participantes en el Campeonato Mundial de Cueca, baile tradicional chileno, que se celebra esta semana en Pamplona y Bara\u00f1\u00e1in\",\"isPartOf\":{\"@id\":\"https:\\\/\\\/www.laguiadepamplona.com\\\/actualidad\\\/#website\"},\"primaryImageOfPage\":{\"@id\":\"https:\\\/\\\/www.laguiadepamplona.com\\\/actualidad\\\/el-ayuntamiento-recibe-a-las-delegaciones-participantes-en-el-campeonato-mundial-de-cueca-baile-tradicional-chileno-que-se-celebra-esta-semana-en-pamplona-y-baranain\\\/#primaryimage\"},\"image\":{\"@id\":\"https:\\\/\\\/www.laguiadepamplona.com\\\/actualidad\\\/el-ayuntamiento-recibe-a-las-delegaciones-participantes-en-el-campeonato-mundial-de-cueca-baile-tradicional-chileno-que-se-celebra-esta-semana-en-pamplona-y-baranain\\\/#primaryimage\"},\"thumbnailUrl\":\"https:\\\/\\\/www.laguiadepamplona.com\\\/actualidad\\\/wp-content\\\/uploads\\\/2024\\\/10\\\/recepcionparticipantescampeonatomundialcuecachilena1_0.webp\",\"datePublished\":\"2024-10-14T15:19:51+00:00\",\"description\":\"Procedentes de m\u00e1s de una decena de pa\u00edses, bailar\u00e1n mi\u00e9rcoles y jueves en la Casa de la Juventud, con la final el viernes en el Auditorio de Bara\u00f1\u00e1in\",\"breadcrumb\":{\"@id\":\"https:\\\/\\\/www.laguiadepamplona.com\\\/actualidad\\\/el-ayuntamiento-recibe-a-las-delegaciones-participantes-en-el-campeonato-mundial-de-cueca-baile-tradicional-chileno-que-se-celebra-esta-semana-en-pamplona-y-baranain\\\/#breadcrumb\"},\"inLanguage\":\"es\",\"potentialAction\":[{\"@type\":\"ReadAction\",\"target\":[\"https:\\\/\\\/www.laguiadepamplona.com\\\/actualidad\\\/el-ayuntamiento-recibe-a-las-delegaciones-participantes-en-el-campeonato-mundial-de-cueca-baile-tradicional-chileno-que-se-celebra-esta-semana-en-pamplona-y-baranain\\\/\"]}]},{\"@type\":\"ImageObject\",\"inLanguage\":\"es\",\"@id\":\"https:\\\/\\\/www.laguiadepamplona.com\\\/actualidad\\\/el-ayuntamiento-recibe-a-las-delegaciones-participantes-en-el-campeonato-mundial-de-cueca-baile-tradicional-chileno-que-se-celebra-esta-semana-en-pamplona-y-baranain\\\/#primaryimage\",\"url\":\"https:\\\/\\\/www.laguiadepamplona.com\\\/actualidad\\\/wp-content\\\/uploads\\\/2024\\\/10\\\/recepcionparticipantescampeonatomundialcuecachilena1_0.webp\",\"contentUrl\":\"https:\\\/\\\/www.laguiadepamplona.com\\\/actualidad\\\/wp-content\\\/uploads\\\/2024\\\/10\\\/recepcionparticipantescampeonatomundialcuecachilena1_0.webp\",\"width\":1000,\"height\":666,\"caption\":\"recepci\u00f3n campeonato mundial cueca pamplona\"},{\"@type\":\"BreadcrumbList\",\"@id\":\"https:\\\/\\\/www.laguiadepamplona.com\\\/actualidad\\\/el-ayuntamiento-recibe-a-las-delegaciones-participantes-en-el-campeonato-mundial-de-cueca-baile-tradicional-chileno-que-se-celebra-esta-semana-en-pamplona-y-baranain\\\/#breadcrumb\",\"itemListElement\":[{\"@type\":\"ListItem\",\"position\":1,\"name\":\"Portada\",\"item\":\"https:\\\/\\\/www.laguiadepamplona.com\\\/actualidad\\\/\"},{\"@type\":\"ListItem\",\"position\":2,\"name\":\"El Ayuntamiento recibe a las delegaciones participantes en el Campeonato Mundial de Cueca, baile tradicional chileno, que se celebra esta semana en Pamplona y Bara\u00f1\u00e1in\"}]},{\"@type\":\"WebSite\",\"@id\":\"https:\\\/\\\/www.laguiadepamplona.com\\\/actualidad\\\/#website\",\"url\":\"https:\\\/\\\/www.laguiadepamplona.com\\\/actualidad\\\/\",\"name\":\"La gu\u00eda de Pamplona\",\"description\":\"Noticias de Pamplona\",\"publisher\":{\"@id\":\"https:\\\/\\\/www.laguiadepamplona.com\\\/actualidad\\\/#organization\"},\"potentialAction\":[{\"@type\":\"SearchAction\",\"target\":{\"@type\":\"EntryPoint\",\"urlTemplate\":\"https:\\\/\\\/www.laguiadepamplona.com\\\/actualidad\\\/?s={search_term_string}\"},\"query-input\":{\"@type\":\"PropertyValueSpecification\",\"valueRequired\":true,\"valueName\":\"search_term_string\"}}],\"inLanguage\":\"es\"},{\"@type\":\"Organization\",\"@id\":\"https:\\\/\\\/www.laguiadepamplona.com\\\/actualidad\\\/#organization\",\"name\":\"La Gu\u00eda de Pamplona \\\/ Noticias\",\"url\":\"https:\\\/\\\/www.laguiadepamplona.com\\\/actualidad\\\/\",\"logo\":{\"@type\":\"ImageObject\",\"inLanguage\":\"es\",\"@id\":\"https:\\\/\\\/www.laguiadepamplona.com\\\/actualidad\\\/#\\\/schema\\\/logo\\\/image\\\/\",\"url\":\"https:\\\/\\\/www.laguiadepamplona.com\\\/actualidad\\\/wp-content\\\/uploads\\\/2018\\\/11\\\/logo-laguiadepamplona18-web1.png\",\"contentUrl\":\"https:\\\/\\\/www.laguiadepamplona.com\\\/actualidad\\\/wp-content\\\/uploads\\\/2018\\\/11\\\/logo-laguiadepamplona18-web1.png\",\"width\":600,\"height\":196,\"caption\":\"La Gu\u00eda de Pamplona \\\/ Noticias\"},\"image\":{\"@id\":\"https:\\\/\\\/www.laguiadepamplona.com\\\/actualidad\\\/#\\\/schema\\\/logo\\\/image\\\/\"},\"sameAs\":[\"https:\\\/\\\/www.facebook.com\\\/laguiadepamplonacom-133175176762273\\\/?ref=hl\",\"https:\\\/\\\/x.com\\\/LaGuiadPamplona\",\"https:\\\/\\\/www.instagram.com\\\/la_guia_de_pamplona\\\/\",\"https:\\\/\\\/www.youtube.com\\\/user\\\/laguiadepamplona\"]},{\"@type\":\"Person\",\"@id\":\"https:\\\/\\\/www.laguiadepamplona.com\\\/actualidad\\\/#\\\/schema\\\/person\\\/efe887376f0213d4657c93adc50b1fdb\",\"name\":\"La Gu\u00eda de Pamplona\",\"image\":{\"@type\":\"ImageObject\",\"inLanguage\":\"es\",\"@id\":\"https:\\\/\\\/secure.gravatar.com\\\/avatar\\\/b6992f131dc8d30ab0dff15446e9d346d9dbd95992de0fef795073f5ea83a81c?s=96&d=mm&r=g\",\"url\":\"https:\\\/\\\/secure.gravatar.com\\\/avatar\\\/b6992f131dc8d30ab0dff15446e9d346d9dbd95992de0fef795073f5ea83a81c?s=96&d=mm&r=g\",\"contentUrl\":\"https:\\\/\\\/secure.gravatar.com\\\/avatar\\\/b6992f131dc8d30ab0dff15446e9d346d9dbd95992de0fef795073f5ea83a81c?s=96&d=mm&r=g\",\"caption\":\"La Gu\u00eda de Pamplona\"}}]}<\/script>\n<!-- \/ Yoast SEO plugin. -->","yoast_head_json":{"title":"El Ayuntamiento recibe a las delegaciones participantes en el Campeonato Mundial de Cueca, baile tradicional chileno, que se celebra esta semana en Pamplona y Bara\u00f1\u00e1in","description":"Procedentes de m\u00e1s de una decena de pa\u00edses, bailar\u00e1n mi\u00e9rcoles y jueves en la Casa de la Juventud, con la final el viernes en el Auditorio de Bara\u00f1\u00e1in","robots":{"index":"index","follow":"follow","max-snippet":"max-snippet:-1","max-image-preview":"max-image-preview:large","max-video-preview":"max-video-preview:-1"},"canonical":"https:\/\/www.laguiadepamplona.com\/actualidad\/el-ayuntamiento-recibe-a-las-delegaciones-participantes-en-el-campeonato-mundial-de-cueca-baile-tradicional-chileno-que-se-celebra-esta-semana-en-pamplona-y-baranain\/","og_locale":"es_ES","og_type":"article","og_title":"El Ayuntamiento recibe a las delegaciones participantes en el Campeonato Mundial de Cueca, baile tradicional chileno, que se celebra esta semana en Pamplona y Bara\u00f1\u00e1in","og_description":"Procedentes de m\u00e1s de una decena de pa\u00edses, bailar\u00e1n mi\u00e9rcoles y jueves en la Casa de la Juventud, con la final el viernes en el Auditorio de Bara\u00f1\u00e1in","og_url":"https:\/\/www.laguiadepamplona.com\/actualidad\/el-ayuntamiento-recibe-a-las-delegaciones-participantes-en-el-campeonato-mundial-de-cueca-baile-tradicional-chileno-que-se-celebra-esta-semana-en-pamplona-y-baranain\/","og_site_name":"La Gu\u00eda de Pamplona","article_publisher":"https:\/\/www.facebook.com\/laguiadepamplonacom-133175176762273\/?ref=hl","article_published_time":"2024-10-14T15:19:51+00:00","og_image":[{"width":1000,"height":666,"url":"https:\/\/www.laguiadepamplona.com\/actualidad\/wp-content\/uploads\/2024\/10\/recepcionparticipantescampeonatomundialcuecachilena1_0.webp","type":"image\/webp"}],"author":"La Gu\u00eda de Pamplona","twitter_card":"summary_large_image","twitter_creator":"@LaGuiadPamplona","twitter_site":"@LaGuiadPamplona","twitter_misc":{"Escrito por":"La Gu\u00eda de Pamplona","Tiempo de lectura":"5 minutos"},"schema":{"@context":"https:\/\/schema.org","@graph":[{"@type":"Article","@id":"https:\/\/www.laguiadepamplona.com\/actualidad\/el-ayuntamiento-recibe-a-las-delegaciones-participantes-en-el-campeonato-mundial-de-cueca-baile-tradicional-chileno-que-se-celebra-esta-semana-en-pamplona-y-baranain\/#article","isPartOf":{"@id":"https:\/\/www.laguiadepamplona.com\/actualidad\/el-ayuntamiento-recibe-a-las-delegaciones-participantes-en-el-campeonato-mundial-de-cueca-baile-tradicional-chileno-que-se-celebra-esta-semana-en-pamplona-y-baranain\/"},"author":{"name":"La Gu\u00eda de Pamplona","@id":"https:\/\/www.laguiadepamplona.com\/actualidad\/#\/schema\/person\/efe887376f0213d4657c93adc50b1fdb"},"headline":"El Ayuntamiento recibe a las delegaciones participantes en el Campeonato Mundial de Cueca, baile tradicional chileno, que se celebra esta semana en Pamplona y Bara\u00f1\u00e1in","datePublished":"2024-10-14T15:19:51+00:00","mainEntityOfPage":{"@id":"https:\/\/www.laguiadepamplona.com\/actualidad\/el-ayuntamiento-recibe-a-las-delegaciones-participantes-en-el-campeonato-mundial-de-cueca-baile-tradicional-chileno-que-se-celebra-esta-semana-en-pamplona-y-baranain\/"},"wordCount":956,"commentCount":0,"publisher":{"@id":"https:\/\/www.laguiadepamplona.com\/actualidad\/#organization"},"image":{"@id":"https:\/\/www.laguiadepamplona.com\/actualidad\/el-ayuntamiento-recibe-a-las-delegaciones-participantes-en-el-campeonato-mundial-de-cueca-baile-tradicional-chileno-que-se-celebra-esta-semana-en-pamplona-y-baranain\/#primaryimage"},"thumbnailUrl":"https:\/\/www.laguiadepamplona.com\/actualidad\/wp-content\/uploads\/2024\/10\/recepcionparticipantescampeonatomundialcuecachilena1_0.webp","articleSection":["Ayto Pamplona"],"inLanguage":"es","potentialAction":[{"@type":"CommentAction","name":"Comment","target":["https:\/\/www.laguiadepamplona.com\/actualidad\/el-ayuntamiento-recibe-a-las-delegaciones-participantes-en-el-campeonato-mundial-de-cueca-baile-tradicional-chileno-que-se-celebra-esta-semana-en-pamplona-y-baranain\/#respond"]}]},{"@type":"WebPage","@id":"https:\/\/www.laguiadepamplona.com\/actualidad\/el-ayuntamiento-recibe-a-las-delegaciones-participantes-en-el-campeonato-mundial-de-cueca-baile-tradicional-chileno-que-se-celebra-esta-semana-en-pamplona-y-baranain\/","url":"https:\/\/www.laguiadepamplona.com\/actualidad\/el-ayuntamiento-recibe-a-las-delegaciones-participantes-en-el-campeonato-mundial-de-cueca-baile-tradicional-chileno-que-se-celebra-esta-semana-en-pamplona-y-baranain\/","name":"El Ayuntamiento recibe a las delegaciones participantes en el Campeonato Mundial de Cueca, baile tradicional chileno, que se celebra esta semana en Pamplona y Bara\u00f1\u00e1in","isPartOf":{"@id":"https:\/\/www.laguiadepamplona.com\/actualidad\/#website"},"primaryImageOfPage":{"@id":"https:\/\/www.laguiadepamplona.com\/actualidad\/el-ayuntamiento-recibe-a-las-delegaciones-participantes-en-el-campeonato-mundial-de-cueca-baile-tradicional-chileno-que-se-celebra-esta-semana-en-pamplona-y-baranain\/#primaryimage"},"image":{"@id":"https:\/\/www.laguiadepamplona.com\/actualidad\/el-ayuntamiento-recibe-a-las-delegaciones-participantes-en-el-campeonato-mundial-de-cueca-baile-tradicional-chileno-que-se-celebra-esta-semana-en-pamplona-y-baranain\/#primaryimage"},"thumbnailUrl":"https:\/\/www.laguiadepamplona.com\/actualidad\/wp-content\/uploads\/2024\/10\/recepcionparticipantescampeonatomundialcuecachilena1_0.webp","datePublished":"2024-10-14T15:19:51+00:00","description":"Procedentes de m\u00e1s de una decena de pa\u00edses, bailar\u00e1n mi\u00e9rcoles y jueves en la Casa de la Juventud, con la final el viernes en el Auditorio de Bara\u00f1\u00e1in","breadcrumb":{"@id":"https:\/\/www.laguiadepamplona.com\/actualidad\/el-ayuntamiento-recibe-a-las-delegaciones-participantes-en-el-campeonato-mundial-de-cueca-baile-tradicional-chileno-que-se-celebra-esta-semana-en-pamplona-y-baranain\/#breadcrumb"},"inLanguage":"es","potentialAction":[{"@type":"ReadAction","target":["https:\/\/www.laguiadepamplona.com\/actualidad\/el-ayuntamiento-recibe-a-las-delegaciones-participantes-en-el-campeonato-mundial-de-cueca-baile-tradicional-chileno-que-se-celebra-esta-semana-en-pamplona-y-baranain\/"]}]},{"@type":"ImageObject","inLanguage":"es","@id":"https:\/\/www.laguiadepamplona.com\/actualidad\/el-ayuntamiento-recibe-a-las-delegaciones-participantes-en-el-campeonato-mundial-de-cueca-baile-tradicional-chileno-que-se-celebra-esta-semana-en-pamplona-y-baranain\/#primaryimage","url":"https:\/\/www.laguiadepamplona.com\/actualidad\/wp-content\/uploads\/2024\/10\/recepcionparticipantescampeonatomundialcuecachilena1_0.webp","contentUrl":"https:\/\/www.laguiadepamplona.com\/actualidad\/wp-content\/uploads\/2024\/10\/recepcionparticipantescampeonatomundialcuecachilena1_0.webp","width":1000,"height":666,"caption":"recepci\u00f3n campeonato mundial cueca pamplona"},{"@type":"BreadcrumbList","@id":"https:\/\/www.laguiadepamplona.com\/actualidad\/el-ayuntamiento-recibe-a-las-delegaciones-participantes-en-el-campeonato-mundial-de-cueca-baile-tradicional-chileno-que-se-celebra-esta-semana-en-pamplona-y-baranain\/#breadcrumb","itemListElement":[{"@type":"ListItem","position":1,"name":"Portada","item":"https:\/\/www.laguiadepamplona.com\/actualidad\/"},{"@type":"ListItem","position":2,"name":"El Ayuntamiento recibe a las delegaciones participantes en el Campeonato Mundial de Cueca, baile tradicional chileno, que se celebra esta semana en Pamplona y Bara\u00f1\u00e1in"}]},{"@type":"WebSite","@id":"https:\/\/www.laguiadepamplona.com\/actualidad\/#website","url":"https:\/\/www.laguiadepamplona.com\/actualidad\/","name":"La gu\u00eda de Pamplona","description":"Noticias de Pamplona","publisher":{"@id":"https:\/\/www.laguiadepamplona.com\/actualidad\/#organization"},"potentialAction":[{"@type":"SearchAction","target":{"@type":"EntryPoint","urlTemplate":"https:\/\/www.laguiadepamplona.com\/actualidad\/?s={search_term_string}"},"query-input":{"@type":"PropertyValueSpecification","valueRequired":true,"valueName":"search_term_string"}}],"inLanguage":"es"},{"@type":"Organization","@id":"https:\/\/www.laguiadepamplona.com\/actualidad\/#organization","name":"La Gu\u00eda de Pamplona \/ Noticias","url":"https:\/\/www.laguiadepamplona.com\/actualidad\/","logo":{"@type":"ImageObject","inLanguage":"es","@id":"https:\/\/www.laguiadepamplona.com\/actualidad\/#\/schema\/logo\/image\/","url":"https:\/\/www.laguiadepamplona.com\/actualidad\/wp-content\/uploads\/2018\/11\/logo-laguiadepamplona18-web1.png","contentUrl":"https:\/\/www.laguiadepamplona.com\/actualidad\/wp-content\/uploads\/2018\/11\/logo-laguiadepamplona18-web1.png","width":600,"height":196,"caption":"La Gu\u00eda de Pamplona \/ Noticias"},"image":{"@id":"https:\/\/www.laguiadepamplona.com\/actualidad\/#\/schema\/logo\/image\/"},"sameAs":["https:\/\/www.facebook.com\/laguiadepamplonacom-133175176762273\/?ref=hl","https:\/\/x.com\/LaGuiadPamplona","https:\/\/www.instagram.com\/la_guia_de_pamplona\/","https:\/\/www.youtube.com\/user\/laguiadepamplona"]},{"@type":"Person","@id":"https:\/\/www.laguiadepamplona.com\/actualidad\/#\/schema\/person\/efe887376f0213d4657c93adc50b1fdb","name":"La Gu\u00eda de Pamplona","image":{"@type":"ImageObject","inLanguage":"es","@id":"https:\/\/secure.gravatar.com\/avatar\/b6992f131dc8d30ab0dff15446e9d346d9dbd95992de0fef795073f5ea83a81c?s=96&d=mm&r=g","url":"https:\/\/secure.gravatar.com\/avatar\/b6992f131dc8d30ab0dff15446e9d346d9dbd95992de0fef795073f5ea83a81c?s=96&d=mm&r=g","contentUrl":"https:\/\/secure.gravatar.com\/avatar\/b6992f131dc8d30ab0dff15446e9d346d9dbd95992de0fef795073f5ea83a81c?s=96&d=mm&r=g","caption":"La Gu\u00eda de Pamplona"}}]}},"post_mailing_queue_ids":[],"_links":{"self":[{"href":"https:\/\/www.laguiadepamplona.com\/actualidad\/wp-json\/wp\/v2\/posts\/51014","targetHints":{"allow":["GET"]}}],"collection":[{"href":"https:\/\/www.laguiadepamplona.com\/actualidad\/wp-json\/wp\/v2\/posts"}],"about":[{"href":"https:\/\/www.laguiadepamplona.com\/actualidad\/wp-json\/wp\/v2\/types\/post"}],"author":[{"embeddable":true,"href":"https:\/\/www.laguiadepamplona.com\/actualidad\/wp-json\/wp\/v2\/users\/1"}],"replies":[{"embeddable":true,"href":"https:\/\/www.laguiadepamplona.com\/actualidad\/wp-json\/wp\/v2\/comments?post=51014"}],"version-history":[{"count":1,"href":"https:\/\/www.laguiadepamplona.com\/actualidad\/wp-json\/wp\/v2\/posts\/51014\/revisions"}],"predecessor-version":[{"id":51016,"href":"https:\/\/www.laguiadepamplona.com\/actualidad\/wp-json\/wp\/v2\/posts\/51014\/revisions\/51016"}],"wp:featuredmedia":[{"embeddable":true,"href":"https:\/\/www.laguiadepamplona.com\/actualidad\/wp-json\/wp\/v2\/media\/51015"}],"wp:attachment":[{"href":"https:\/\/www.laguiadepamplona.com\/actualidad\/wp-json\/wp\/v2\/media?parent=51014"}],"wp:term":[{"taxonomy":"category","embeddable":true,"href":"https:\/\/www.laguiadepamplona.com\/actualidad\/wp-json\/wp\/v2\/categories?post=51014"},{"taxonomy":"post_tag","embeddable":true,"href":"https:\/\/www.laguiadepamplona.com\/actualidad\/wp-json\/wp\/v2\/tags?post=51014"}],"curies":[{"name":"wp","href":"https:\/\/api.w.org\/{rel}","templated":true}]}}