{"id":51010,"date":"2024-10-11T17:57:04","date_gmt":"2024-10-11T15:57:04","guid":{"rendered":"https:\/\/www.laguiadepamplona.com\/actualidad\/?p=51010"},"modified":"2024-10-11T17:57:04","modified_gmt":"2024-10-11T15:57:04","slug":"el-ayuntamiento-de-pamplona-recibe-este-sabado-a-los-mayordomos-y-mayordomas-de-rochapea-que-celebran-su-25-aniversario","status":"publish","type":"post","link":"https:\/\/www.laguiadepamplona.com\/actualidad\/el-ayuntamiento-de-pamplona-recibe-este-sabado-a-los-mayordomos-y-mayordomas-de-rochapea-que-celebran-su-25-aniversario\/","title":{"rendered":"El Ayuntamiento de Pamplona recibe este s\u00e1bado a los mayordomos y mayordomas de Rochapea, que celebran su 25 aniversario"},"content":{"rendered":"<h2>El acto tendr\u00e1 lugar a las 12 horas en la Plaza Consistorial y contar\u00e1 con la participaci\u00f3n de la comparsa de gigantes y cabezudos de Rochapea<\/h2>\n<p><!--more--><\/p>\n<p>El alcalde de Pamplona, Joseba Asiron Saez, y miembros de la Corporaci\u00f3n municipal participar\u00e1n ma\u00f1ana s\u00e1bado en la recepci\u00f3n que el Ayuntamiento de Pamplona ofrecer\u00e1 a los mayordomos y mayordomas del barrio de Rochapea, que celebran este a\u00f1o su 25 aniversario. El acto tendr\u00e1 lugar a las 12 horas en la Plaza Consistorial. En caso de lluvia, se trasladar\u00e1 al Sal\u00f3n de Recepciones de la Casa Consistorial.<\/p>\n<p>Como recuerdo de esta efem\u00e9ride, el Ayuntamiento de Pamplona les entregar\u00e1 una figura de Caravinagre con una inscripci\u00f3n recordando el aniversario de los mayordomos y mayordomas de Rochapea y unos pa\u00f1uelicos de San Ferm\u00edn. En 2019, con motivo de su vig\u00e9simo aniversario, fueron recibidos por primera vez por la Corporaci\u00f3n municipal en el mes de mayo. Ma\u00f1ana s\u00e1bado estar\u00e1n acompa\u00f1ados en la celebraci\u00f3n por la comparsa de gigantes y cabezudos de Rochapea.<\/p>\n<p>La recepci\u00f3n del Ayuntamiento de Pamplona ser\u00e1 uno de los actos de un d\u00eda de celebraci\u00f3n que comenzar\u00e1 a las 11 horas en el paseo Anelier de Rochapea con una kalejira que les llevar\u00e1 hasta la Plaza Consistorial. Tras la recepci\u00f3n municipal, la comitiva de mayordomos y mayordomas volver\u00e1 al paseo de Anelier donde, en torno a las 13 horas, protagonizar\u00e1n diferentes bailes en honor al barrio.<\/p>\n","protected":false},"excerpt":{"rendered":"<p>El acto tendr\u00e1 lugar a las 12 horas en la Plaza Consistorial y contar\u00e1 con la participaci\u00f3n de la comparsa de gigantes y cabezudos de Rochapea<\/p>\n","protected":false},"author":1,"featured_media":51011,"comment_status":"open","ping_status":"closed","sticky":false,"template":"","format":"standard","meta":{"footnotes":""},"categories":[2],"tags":[],"class_list":["post-51010","post","type-post","status-publish","format-standard","has-post-thumbnail","hentry","category-ayuntamiento-pamplona"],"yoast_head":"<!-- This site is optimized with the Yoast SEO plugin v27.3 - https:\/\/yoast.com\/product\/yoast-seo-wordpress\/ -->\n<title>El Ayuntamiento de Pamplona recibe este s\u00e1bado a los mayordomos y mayordomas de Rochapea, que celebran su 25 aniversario<\/title>\n<meta name=\"description\" content=\"El acto tendr\u00e1 lugar a las 12 horas en la Plaza Consistorial y contar\u00e1 con la participaci\u00f3n de la comparsa de gigantes y cabezudos de Rochapea\" \/>\n<meta name=\"robots\" content=\"index, follow, max-snippet:-1, max-image-preview:large, max-video-preview:-1\" \/>\n<link rel=\"canonical\" href=\"https:\/\/www.laguiadepamplona.com\/actualidad\/el-ayuntamiento-de-pamplona-recibe-este-sabado-a-los-mayordomos-y-mayordomas-de-rochapea-que-celebran-su-25-aniversario\/\" \/>\n<meta property=\"og:locale\" content=\"es_ES\" \/>\n<meta property=\"og:type\" content=\"article\" \/>\n<meta property=\"og:title\" content=\"El Ayuntamiento de Pamplona recibe este s\u00e1bado a los mayordomos y mayordomas de Rochapea, que celebran su 25 aniversario\" \/>\n<meta property=\"og:description\" content=\"El acto tendr\u00e1 lugar a las 12 horas en la Plaza Consistorial y contar\u00e1 con la participaci\u00f3n de la comparsa de gigantes y cabezudos de Rochapea\" \/>\n<meta property=\"og:url\" content=\"https:\/\/www.laguiadepamplona.com\/actualidad\/el-ayuntamiento-de-pamplona-recibe-este-sabado-a-los-mayordomos-y-mayordomas-de-rochapea-que-celebran-su-25-aniversario\/\" \/>\n<meta property=\"og:site_name\" content=\"La Gu\u00eda de Pamplona\" \/>\n<meta property=\"article:publisher\" content=\"https:\/\/www.facebook.com\/laguiadepamplonacom-133175176762273\/?ref=hl\" \/>\n<meta property=\"article:published_time\" content=\"2024-10-11T15:57:04+00:00\" \/>\n<meta property=\"og:image\" content=\"https:\/\/www.laguiadepamplona.com\/actualidad\/wp-content\/uploads\/2024\/10\/mayordomos-rochapea_web.webp\" \/>\n\t<meta property=\"og:image:width\" content=\"1000\" \/>\n\t<meta property=\"og:image:height\" content=\"667\" \/>\n\t<meta property=\"og:image:type\" content=\"image\/webp\" \/>\n<meta name=\"author\" content=\"La Gu\u00eda de Pamplona\" \/>\n<meta name=\"twitter:card\" content=\"summary_large_image\" \/>\n<meta name=\"twitter:creator\" content=\"@LaGuiadPamplona\" \/>\n<meta name=\"twitter:site\" content=\"@LaGuiadPamplona\" \/>\n<meta name=\"twitter:label1\" content=\"Escrito por\" \/>\n\t<meta name=\"twitter:data1\" content=\"La Gu\u00eda de Pamplona\" \/>\n\t<meta name=\"twitter:label2\" content=\"Tiempo de lectura\" \/>\n\t<meta name=\"twitter:data2\" content=\"2 minutos\" \/>\n<script type=\"application\/ld+json\" class=\"yoast-schema-graph\">{\"@context\":\"https:\\\/\\\/schema.org\",\"@graph\":[{\"@type\":\"Article\",\"@id\":\"https:\\\/\\\/www.laguiadepamplona.com\\\/actualidad\\\/el-ayuntamiento-de-pamplona-recibe-este-sabado-a-los-mayordomos-y-mayordomas-de-rochapea-que-celebran-su-25-aniversario\\\/#article\",\"isPartOf\":{\"@id\":\"https:\\\/\\\/www.laguiadepamplona.com\\\/actualidad\\\/el-ayuntamiento-de-pamplona-recibe-este-sabado-a-los-mayordomos-y-mayordomas-de-rochapea-que-celebran-su-25-aniversario\\\/\"},\"author\":{\"name\":\"La Gu\u00eda de Pamplona\",\"@id\":\"https:\\\/\\\/www.laguiadepamplona.com\\\/actualidad\\\/#\\\/schema\\\/person\\\/efe887376f0213d4657c93adc50b1fdb\"},\"headline\":\"El Ayuntamiento de Pamplona recibe este s\u00e1bado a los mayordomos y mayordomas de Rochapea, que celebran su 25 aniversario\",\"datePublished\":\"2024-10-11T15:57:04+00:00\",\"mainEntityOfPage\":{\"@id\":\"https:\\\/\\\/www.laguiadepamplona.com\\\/actualidad\\\/el-ayuntamiento-de-pamplona-recibe-este-sabado-a-los-mayordomos-y-mayordomas-de-rochapea-que-celebran-su-25-aniversario\\\/\"},\"wordCount\":269,\"commentCount\":0,\"publisher\":{\"@id\":\"https:\\\/\\\/www.laguiadepamplona.com\\\/actualidad\\\/#organization\"},\"image\":{\"@id\":\"https:\\\/\\\/www.laguiadepamplona.com\\\/actualidad\\\/el-ayuntamiento-de-pamplona-recibe-este-sabado-a-los-mayordomos-y-mayordomas-de-rochapea-que-celebran-su-25-aniversario\\\/#primaryimage\"},\"thumbnailUrl\":\"https:\\\/\\\/www.laguiadepamplona.com\\\/actualidad\\\/wp-content\\\/uploads\\\/2024\\\/10\\\/mayordomos-rochapea_web.webp\",\"articleSection\":[\"Ayto Pamplona\"],\"inLanguage\":\"es\",\"potentialAction\":[{\"@type\":\"CommentAction\",\"name\":\"Comment\",\"target\":[\"https:\\\/\\\/www.laguiadepamplona.com\\\/actualidad\\\/el-ayuntamiento-de-pamplona-recibe-este-sabado-a-los-mayordomos-y-mayordomas-de-rochapea-que-celebran-su-25-aniversario\\\/#respond\"]}]},{\"@type\":\"WebPage\",\"@id\":\"https:\\\/\\\/www.laguiadepamplona.com\\\/actualidad\\\/el-ayuntamiento-de-pamplona-recibe-este-sabado-a-los-mayordomos-y-mayordomas-de-rochapea-que-celebran-su-25-aniversario\\\/\",\"url\":\"https:\\\/\\\/www.laguiadepamplona.com\\\/actualidad\\\/el-ayuntamiento-de-pamplona-recibe-este-sabado-a-los-mayordomos-y-mayordomas-de-rochapea-que-celebran-su-25-aniversario\\\/\",\"name\":\"El Ayuntamiento de Pamplona recibe este s\u00e1bado a los mayordomos y mayordomas de Rochapea, que celebran su 25 aniversario\",\"isPartOf\":{\"@id\":\"https:\\\/\\\/www.laguiadepamplona.com\\\/actualidad\\\/#website\"},\"primaryImageOfPage\":{\"@id\":\"https:\\\/\\\/www.laguiadepamplona.com\\\/actualidad\\\/el-ayuntamiento-de-pamplona-recibe-este-sabado-a-los-mayordomos-y-mayordomas-de-rochapea-que-celebran-su-25-aniversario\\\/#primaryimage\"},\"image\":{\"@id\":\"https:\\\/\\\/www.laguiadepamplona.com\\\/actualidad\\\/el-ayuntamiento-de-pamplona-recibe-este-sabado-a-los-mayordomos-y-mayordomas-de-rochapea-que-celebran-su-25-aniversario\\\/#primaryimage\"},\"thumbnailUrl\":\"https:\\\/\\\/www.laguiadepamplona.com\\\/actualidad\\\/wp-content\\\/uploads\\\/2024\\\/10\\\/mayordomos-rochapea_web.webp\",\"datePublished\":\"2024-10-11T15:57:04+00:00\",\"description\":\"El acto tendr\u00e1 lugar a las 12 horas en la Plaza Consistorial y contar\u00e1 con la participaci\u00f3n de la comparsa de gigantes y cabezudos de Rochapea\",\"breadcrumb\":{\"@id\":\"https:\\\/\\\/www.laguiadepamplona.com\\\/actualidad\\\/el-ayuntamiento-de-pamplona-recibe-este-sabado-a-los-mayordomos-y-mayordomas-de-rochapea-que-celebran-su-25-aniversario\\\/#breadcrumb\"},\"inLanguage\":\"es\",\"potentialAction\":[{\"@type\":\"ReadAction\",\"target\":[\"https:\\\/\\\/www.laguiadepamplona.com\\\/actualidad\\\/el-ayuntamiento-de-pamplona-recibe-este-sabado-a-los-mayordomos-y-mayordomas-de-rochapea-que-celebran-su-25-aniversario\\\/\"]}]},{\"@type\":\"ImageObject\",\"inLanguage\":\"es\",\"@id\":\"https:\\\/\\\/www.laguiadepamplona.com\\\/actualidad\\\/el-ayuntamiento-de-pamplona-recibe-este-sabado-a-los-mayordomos-y-mayordomas-de-rochapea-que-celebran-su-25-aniversario\\\/#primaryimage\",\"url\":\"https:\\\/\\\/www.laguiadepamplona.com\\\/actualidad\\\/wp-content\\\/uploads\\\/2024\\\/10\\\/mayordomos-rochapea_web.webp\",\"contentUrl\":\"https:\\\/\\\/www.laguiadepamplona.com\\\/actualidad\\\/wp-content\\\/uploads\\\/2024\\\/10\\\/mayordomos-rochapea_web.webp\",\"width\":1000,\"height\":667,\"caption\":\"mayordomos Rochapea\"},{\"@type\":\"BreadcrumbList\",\"@id\":\"https:\\\/\\\/www.laguiadepamplona.com\\\/actualidad\\\/el-ayuntamiento-de-pamplona-recibe-este-sabado-a-los-mayordomos-y-mayordomas-de-rochapea-que-celebran-su-25-aniversario\\\/#breadcrumb\",\"itemListElement\":[{\"@type\":\"ListItem\",\"position\":1,\"name\":\"Portada\",\"item\":\"https:\\\/\\\/www.laguiadepamplona.com\\\/actualidad\\\/\"},{\"@type\":\"ListItem\",\"position\":2,\"name\":\"El Ayuntamiento de Pamplona recibe este s\u00e1bado a los mayordomos y mayordomas de Rochapea, que celebran su 25 aniversario\"}]},{\"@type\":\"WebSite\",\"@id\":\"https:\\\/\\\/www.laguiadepamplona.com\\\/actualidad\\\/#website\",\"url\":\"https:\\\/\\\/www.laguiadepamplona.com\\\/actualidad\\\/\",\"name\":\"La gu\u00eda de Pamplona\",\"description\":\"Noticias de Pamplona\",\"publisher\":{\"@id\":\"https:\\\/\\\/www.laguiadepamplona.com\\\/actualidad\\\/#organization\"},\"potentialAction\":[{\"@type\":\"SearchAction\",\"target\":{\"@type\":\"EntryPoint\",\"urlTemplate\":\"https:\\\/\\\/www.laguiadepamplona.com\\\/actualidad\\\/?s={search_term_string}\"},\"query-input\":{\"@type\":\"PropertyValueSpecification\",\"valueRequired\":true,\"valueName\":\"search_term_string\"}}],\"inLanguage\":\"es\"},{\"@type\":\"Organization\",\"@id\":\"https:\\\/\\\/www.laguiadepamplona.com\\\/actualidad\\\/#organization\",\"name\":\"La Gu\u00eda de Pamplona \\\/ Noticias\",\"url\":\"https:\\\/\\\/www.laguiadepamplona.com\\\/actualidad\\\/\",\"logo\":{\"@type\":\"ImageObject\",\"inLanguage\":\"es\",\"@id\":\"https:\\\/\\\/www.laguiadepamplona.com\\\/actualidad\\\/#\\\/schema\\\/logo\\\/image\\\/\",\"url\":\"https:\\\/\\\/www.laguiadepamplona.com\\\/actualidad\\\/wp-content\\\/uploads\\\/2018\\\/11\\\/logo-laguiadepamplona18-web1.png\",\"contentUrl\":\"https:\\\/\\\/www.laguiadepamplona.com\\\/actualidad\\\/wp-content\\\/uploads\\\/2018\\\/11\\\/logo-laguiadepamplona18-web1.png\",\"width\":600,\"height\":196,\"caption\":\"La Gu\u00eda de Pamplona \\\/ Noticias\"},\"image\":{\"@id\":\"https:\\\/\\\/www.laguiadepamplona.com\\\/actualidad\\\/#\\\/schema\\\/logo\\\/image\\\/\"},\"sameAs\":[\"https:\\\/\\\/www.facebook.com\\\/laguiadepamplonacom-133175176762273\\\/?ref=hl\",\"https:\\\/\\\/x.com\\\/LaGuiadPamplona\",\"https:\\\/\\\/www.instagram.com\\\/la_guia_de_pamplona\\\/\",\"https:\\\/\\\/www.youtube.com\\\/user\\\/laguiadepamplona\"]},{\"@type\":\"Person\",\"@id\":\"https:\\\/\\\/www.laguiadepamplona.com\\\/actualidad\\\/#\\\/schema\\\/person\\\/efe887376f0213d4657c93adc50b1fdb\",\"name\":\"La Gu\u00eda de Pamplona\",\"image\":{\"@type\":\"ImageObject\",\"inLanguage\":\"es\",\"@id\":\"https:\\\/\\\/secure.gravatar.com\\\/avatar\\\/b6992f131dc8d30ab0dff15446e9d346d9dbd95992de0fef795073f5ea83a81c?s=96&d=mm&r=g\",\"url\":\"https:\\\/\\\/secure.gravatar.com\\\/avatar\\\/b6992f131dc8d30ab0dff15446e9d346d9dbd95992de0fef795073f5ea83a81c?s=96&d=mm&r=g\",\"contentUrl\":\"https:\\\/\\\/secure.gravatar.com\\\/avatar\\\/b6992f131dc8d30ab0dff15446e9d346d9dbd95992de0fef795073f5ea83a81c?s=96&d=mm&r=g\",\"caption\":\"La Gu\u00eda de Pamplona\"}}]}<\/script>\n<!-- \/ Yoast SEO plugin. -->","yoast_head_json":{"title":"El Ayuntamiento de Pamplona recibe este s\u00e1bado a los mayordomos y mayordomas de Rochapea, que celebran su 25 aniversario","description":"El acto tendr\u00e1 lugar a las 12 horas en la Plaza Consistorial y contar\u00e1 con la participaci\u00f3n de la comparsa de gigantes y cabezudos de Rochapea","robots":{"index":"index","follow":"follow","max-snippet":"max-snippet:-1","max-image-preview":"max-image-preview:large","max-video-preview":"max-video-preview:-1"},"canonical":"https:\/\/www.laguiadepamplona.com\/actualidad\/el-ayuntamiento-de-pamplona-recibe-este-sabado-a-los-mayordomos-y-mayordomas-de-rochapea-que-celebran-su-25-aniversario\/","og_locale":"es_ES","og_type":"article","og_title":"El Ayuntamiento de Pamplona recibe este s\u00e1bado a los mayordomos y mayordomas de Rochapea, que celebran su 25 aniversario","og_description":"El acto tendr\u00e1 lugar a las 12 horas en la Plaza Consistorial y contar\u00e1 con la participaci\u00f3n de la comparsa de gigantes y cabezudos de Rochapea","og_url":"https:\/\/www.laguiadepamplona.com\/actualidad\/el-ayuntamiento-de-pamplona-recibe-este-sabado-a-los-mayordomos-y-mayordomas-de-rochapea-que-celebran-su-25-aniversario\/","og_site_name":"La Gu\u00eda de Pamplona","article_publisher":"https:\/\/www.facebook.com\/laguiadepamplonacom-133175176762273\/?ref=hl","article_published_time":"2024-10-11T15:57:04+00:00","og_image":[{"width":1000,"height":667,"url":"https:\/\/www.laguiadepamplona.com\/actualidad\/wp-content\/uploads\/2024\/10\/mayordomos-rochapea_web.webp","type":"image\/webp"}],"author":"La Gu\u00eda de Pamplona","twitter_card":"summary_large_image","twitter_creator":"@LaGuiadPamplona","twitter_site":"@LaGuiadPamplona","twitter_misc":{"Escrito por":"La Gu\u00eda de Pamplona","Tiempo de lectura":"2 minutos"},"schema":{"@context":"https:\/\/schema.org","@graph":[{"@type":"Article","@id":"https:\/\/www.laguiadepamplona.com\/actualidad\/el-ayuntamiento-de-pamplona-recibe-este-sabado-a-los-mayordomos-y-mayordomas-de-rochapea-que-celebran-su-25-aniversario\/#article","isPartOf":{"@id":"https:\/\/www.laguiadepamplona.com\/actualidad\/el-ayuntamiento-de-pamplona-recibe-este-sabado-a-los-mayordomos-y-mayordomas-de-rochapea-que-celebran-su-25-aniversario\/"},"author":{"name":"La Gu\u00eda de Pamplona","@id":"https:\/\/www.laguiadepamplona.com\/actualidad\/#\/schema\/person\/efe887376f0213d4657c93adc50b1fdb"},"headline":"El Ayuntamiento de Pamplona recibe este s\u00e1bado a los mayordomos y mayordomas de Rochapea, que celebran su 25 aniversario","datePublished":"2024-10-11T15:57:04+00:00","mainEntityOfPage":{"@id":"https:\/\/www.laguiadepamplona.com\/actualidad\/el-ayuntamiento-de-pamplona-recibe-este-sabado-a-los-mayordomos-y-mayordomas-de-rochapea-que-celebran-su-25-aniversario\/"},"wordCount":269,"commentCount":0,"publisher":{"@id":"https:\/\/www.laguiadepamplona.com\/actualidad\/#organization"},"image":{"@id":"https:\/\/www.laguiadepamplona.com\/actualidad\/el-ayuntamiento-de-pamplona-recibe-este-sabado-a-los-mayordomos-y-mayordomas-de-rochapea-que-celebran-su-25-aniversario\/#primaryimage"},"thumbnailUrl":"https:\/\/www.laguiadepamplona.com\/actualidad\/wp-content\/uploads\/2024\/10\/mayordomos-rochapea_web.webp","articleSection":["Ayto Pamplona"],"inLanguage":"es","potentialAction":[{"@type":"CommentAction","name":"Comment","target":["https:\/\/www.laguiadepamplona.com\/actualidad\/el-ayuntamiento-de-pamplona-recibe-este-sabado-a-los-mayordomos-y-mayordomas-de-rochapea-que-celebran-su-25-aniversario\/#respond"]}]},{"@type":"WebPage","@id":"https:\/\/www.laguiadepamplona.com\/actualidad\/el-ayuntamiento-de-pamplona-recibe-este-sabado-a-los-mayordomos-y-mayordomas-de-rochapea-que-celebran-su-25-aniversario\/","url":"https:\/\/www.laguiadepamplona.com\/actualidad\/el-ayuntamiento-de-pamplona-recibe-este-sabado-a-los-mayordomos-y-mayordomas-de-rochapea-que-celebran-su-25-aniversario\/","name":"El Ayuntamiento de Pamplona recibe este s\u00e1bado a los mayordomos y mayordomas de Rochapea, que celebran su 25 aniversario","isPartOf":{"@id":"https:\/\/www.laguiadepamplona.com\/actualidad\/#website"},"primaryImageOfPage":{"@id":"https:\/\/www.laguiadepamplona.com\/actualidad\/el-ayuntamiento-de-pamplona-recibe-este-sabado-a-los-mayordomos-y-mayordomas-de-rochapea-que-celebran-su-25-aniversario\/#primaryimage"},"image":{"@id":"https:\/\/www.laguiadepamplona.com\/actualidad\/el-ayuntamiento-de-pamplona-recibe-este-sabado-a-los-mayordomos-y-mayordomas-de-rochapea-que-celebran-su-25-aniversario\/#primaryimage"},"thumbnailUrl":"https:\/\/www.laguiadepamplona.com\/actualidad\/wp-content\/uploads\/2024\/10\/mayordomos-rochapea_web.webp","datePublished":"2024-10-11T15:57:04+00:00","description":"El acto tendr\u00e1 lugar a las 12 horas en la Plaza Consistorial y contar\u00e1 con la participaci\u00f3n de la comparsa de gigantes y cabezudos de Rochapea","breadcrumb":{"@id":"https:\/\/www.laguiadepamplona.com\/actualidad\/el-ayuntamiento-de-pamplona-recibe-este-sabado-a-los-mayordomos-y-mayordomas-de-rochapea-que-celebran-su-25-aniversario\/#breadcrumb"},"inLanguage":"es","potentialAction":[{"@type":"ReadAction","target":["https:\/\/www.laguiadepamplona.com\/actualidad\/el-ayuntamiento-de-pamplona-recibe-este-sabado-a-los-mayordomos-y-mayordomas-de-rochapea-que-celebran-su-25-aniversario\/"]}]},{"@type":"ImageObject","inLanguage":"es","@id":"https:\/\/www.laguiadepamplona.com\/actualidad\/el-ayuntamiento-de-pamplona-recibe-este-sabado-a-los-mayordomos-y-mayordomas-de-rochapea-que-celebran-su-25-aniversario\/#primaryimage","url":"https:\/\/www.laguiadepamplona.com\/actualidad\/wp-content\/uploads\/2024\/10\/mayordomos-rochapea_web.webp","contentUrl":"https:\/\/www.laguiadepamplona.com\/actualidad\/wp-content\/uploads\/2024\/10\/mayordomos-rochapea_web.webp","width":1000,"height":667,"caption":"mayordomos Rochapea"},{"@type":"BreadcrumbList","@id":"https:\/\/www.laguiadepamplona.com\/actualidad\/el-ayuntamiento-de-pamplona-recibe-este-sabado-a-los-mayordomos-y-mayordomas-de-rochapea-que-celebran-su-25-aniversario\/#breadcrumb","itemListElement":[{"@type":"ListItem","position":1,"name":"Portada","item":"https:\/\/www.laguiadepamplona.com\/actualidad\/"},{"@type":"ListItem","position":2,"name":"El Ayuntamiento de Pamplona recibe este s\u00e1bado a los mayordomos y mayordomas de Rochapea, que celebran su 25 aniversario"}]},{"@type":"WebSite","@id":"https:\/\/www.laguiadepamplona.com\/actualidad\/#website","url":"https:\/\/www.laguiadepamplona.com\/actualidad\/","name":"La gu\u00eda de Pamplona","description":"Noticias de Pamplona","publisher":{"@id":"https:\/\/www.laguiadepamplona.com\/actualidad\/#organization"},"potentialAction":[{"@type":"SearchAction","target":{"@type":"EntryPoint","urlTemplate":"https:\/\/www.laguiadepamplona.com\/actualidad\/?s={search_term_string}"},"query-input":{"@type":"PropertyValueSpecification","valueRequired":true,"valueName":"search_term_string"}}],"inLanguage":"es"},{"@type":"Organization","@id":"https:\/\/www.laguiadepamplona.com\/actualidad\/#organization","name":"La Gu\u00eda de Pamplona \/ Noticias","url":"https:\/\/www.laguiadepamplona.com\/actualidad\/","logo":{"@type":"ImageObject","inLanguage":"es","@id":"https:\/\/www.laguiadepamplona.com\/actualidad\/#\/schema\/logo\/image\/","url":"https:\/\/www.laguiadepamplona.com\/actualidad\/wp-content\/uploads\/2018\/11\/logo-laguiadepamplona18-web1.png","contentUrl":"https:\/\/www.laguiadepamplona.com\/actualidad\/wp-content\/uploads\/2018\/11\/logo-laguiadepamplona18-web1.png","width":600,"height":196,"caption":"La Gu\u00eda de Pamplona \/ Noticias"},"image":{"@id":"https:\/\/www.laguiadepamplona.com\/actualidad\/#\/schema\/logo\/image\/"},"sameAs":["https:\/\/www.facebook.com\/laguiadepamplonacom-133175176762273\/?ref=hl","https:\/\/x.com\/LaGuiadPamplona","https:\/\/www.instagram.com\/la_guia_de_pamplona\/","https:\/\/www.youtube.com\/user\/laguiadepamplona"]},{"@type":"Person","@id":"https:\/\/www.laguiadepamplona.com\/actualidad\/#\/schema\/person\/efe887376f0213d4657c93adc50b1fdb","name":"La Gu\u00eda de Pamplona","image":{"@type":"ImageObject","inLanguage":"es","@id":"https:\/\/secure.gravatar.com\/avatar\/b6992f131dc8d30ab0dff15446e9d346d9dbd95992de0fef795073f5ea83a81c?s=96&d=mm&r=g","url":"https:\/\/secure.gravatar.com\/avatar\/b6992f131dc8d30ab0dff15446e9d346d9dbd95992de0fef795073f5ea83a81c?s=96&d=mm&r=g","contentUrl":"https:\/\/secure.gravatar.com\/avatar\/b6992f131dc8d30ab0dff15446e9d346d9dbd95992de0fef795073f5ea83a81c?s=96&d=mm&r=g","caption":"La Gu\u00eda de Pamplona"}}]}},"post_mailing_queue_ids":[],"_links":{"self":[{"href":"https:\/\/www.laguiadepamplona.com\/actualidad\/wp-json\/wp\/v2\/posts\/51010","targetHints":{"allow":["GET"]}}],"collection":[{"href":"https:\/\/www.laguiadepamplona.com\/actualidad\/wp-json\/wp\/v2\/posts"}],"about":[{"href":"https:\/\/www.laguiadepamplona.com\/actualidad\/wp-json\/wp\/v2\/types\/post"}],"author":[{"embeddable":true,"href":"https:\/\/www.laguiadepamplona.com\/actualidad\/wp-json\/wp\/v2\/users\/1"}],"replies":[{"embeddable":true,"href":"https:\/\/www.laguiadepamplona.com\/actualidad\/wp-json\/wp\/v2\/comments?post=51010"}],"version-history":[{"count":1,"href":"https:\/\/www.laguiadepamplona.com\/actualidad\/wp-json\/wp\/v2\/posts\/51010\/revisions"}],"predecessor-version":[{"id":51012,"href":"https:\/\/www.laguiadepamplona.com\/actualidad\/wp-json\/wp\/v2\/posts\/51010\/revisions\/51012"}],"wp:featuredmedia":[{"embeddable":true,"href":"https:\/\/www.laguiadepamplona.com\/actualidad\/wp-json\/wp\/v2\/media\/51011"}],"wp:attachment":[{"href":"https:\/\/www.laguiadepamplona.com\/actualidad\/wp-json\/wp\/v2\/media?parent=51010"}],"wp:term":[{"taxonomy":"category","embeddable":true,"href":"https:\/\/www.laguiadepamplona.com\/actualidad\/wp-json\/wp\/v2\/categories?post=51010"},{"taxonomy":"post_tag","embeddable":true,"href":"https:\/\/www.laguiadepamplona.com\/actualidad\/wp-json\/wp\/v2\/tags?post=51010"}],"curies":[{"name":"wp","href":"https:\/\/api.w.org\/{rel}","templated":true}]}}