{"id":51008,"date":"2024-10-11T17:53:24","date_gmt":"2024-10-11T15:53:24","guid":{"rendered":"https:\/\/www.laguiadepamplona.com\/actualidad\/?p=51008"},"modified":"2024-10-11T17:53:24","modified_gmt":"2024-10-11T15:53:24","slug":"javier-leoz-sanz-geroa-bai-tomara-posesion-como-nuevo-concejal-del-ayuntamiento-de-pamplona-en-el-pleno-extraordinario-convocado-para-este-lunes","status":"publish","type":"post","link":"https:\/\/www.laguiadepamplona.com\/actualidad\/javier-leoz-sanz-geroa-bai-tomara-posesion-como-nuevo-concejal-del-ayuntamiento-de-pamplona-en-el-pleno-extraordinario-convocado-para-este-lunes\/","title":{"rendered":"Javier Leoz Sanz (Geroa Bai) tomar\u00e1 posesi\u00f3n como nuevo concejal del Ayuntamiento de Pamplona en el Pleno extraordinario convocado para este lunes"},"content":{"rendered":"<h2>Leoz fue concejal durante doce a\u00f1os, entre 2011 y 2023, y sustituye a Koldo Mart\u00ednez Urionabarrenetxea<\/h2>\n<p><!--more--><\/p>\n<p>Este pr\u00f3ximo lunes 14 de octubre tendr\u00e1 lugar un Pleno extraordinario y urgente en el que Javier Leoz Sanz tomar\u00e1 posesi\u00f3n como nuevo concejal del grupo municipal de Geroa Bai en el Ayuntamiento de Pamplona. Leoz sustituye en el cargo a Koldo Mart\u00ednez Urionabarrenetxea, que ha renunciado a la concejal\u00eda por motivos personales. La sesi\u00f3n plenaria comenzar\u00e1 a las 9.15 horas e incluir\u00e1 tambi\u00e9n la designaci\u00f3n de Leoz como representante municipal en la asamblea de la Mancomunidad de la Comarca de Pamplona.<\/p>\n<p>Javier Leoz Sanz regresa al Ayuntamiento de Pamplona en esta legislatura, despu\u00e9s de haber sido concejal durante doce a\u00f1os, desde 2011 hasta 2023. Abogado de profesi\u00f3n, form\u00f3 parte de la Junta de Gobierno Local en la legislatura que presidi\u00f3 Joseba Asiron Saez entre 2015 y 2019 y fue tambi\u00e9n concejal de barrio de Santa Mar\u00eda la Real, Lekairu, Milagrosa y Azpilaga\u00f1a. <strong>Leoz es miembro de la Comisi\u00f3n Permanente de Geroa Bai y abogado y responsable t\u00e9cnico de EAJ-PNV en Navarra.<\/strong><\/p>\n","protected":false},"excerpt":{"rendered":"<p>Leoz fue concejal durante doce a\u00f1os, entre 2011 y 2023, y sustituye a Koldo Mart\u00ednez Urionabarrenetxea<\/p>\n","protected":false},"author":1,"featured_media":48520,"comment_status":"open","ping_status":"closed","sticky":false,"template":"","format":"standard","meta":{"footnotes":""},"categories":[2],"tags":[],"class_list":["post-51008","post","type-post","status-publish","format-standard","has-post-thumbnail","hentry","category-ayuntamiento-pamplona"],"yoast_head":"<!-- This site is optimized with the Yoast SEO plugin v27.3 - https:\/\/yoast.com\/product\/yoast-seo-wordpress\/ -->\n<title>Javier Leoz Sanz (Geroa Bai) tomar\u00e1 posesi\u00f3n como nuevo concejal del Ayuntamiento de Pamplona en el Pleno extraordinario convocado para este lunes<\/title>\n<meta name=\"description\" content=\"Leoz fue concejal durante doce a\u00f1os, entre 2011 y 2023, y sustituye a Koldo Mart\u00ednez Urionabarrenetxea\" \/>\n<meta name=\"robots\" content=\"index, follow, max-snippet:-1, max-image-preview:large, max-video-preview:-1\" \/>\n<link rel=\"canonical\" href=\"https:\/\/www.laguiadepamplona.com\/actualidad\/javier-leoz-sanz-geroa-bai-tomara-posesion-como-nuevo-concejal-del-ayuntamiento-de-pamplona-en-el-pleno-extraordinario-convocado-para-este-lunes\/\" \/>\n<meta property=\"og:locale\" content=\"es_ES\" \/>\n<meta property=\"og:type\" content=\"article\" \/>\n<meta property=\"og:title\" content=\"Javier Leoz Sanz (Geroa Bai) tomar\u00e1 posesi\u00f3n como nuevo concejal del Ayuntamiento de Pamplona en el Pleno extraordinario convocado para este lunes\" \/>\n<meta property=\"og:description\" content=\"Leoz fue concejal durante doce a\u00f1os, entre 2011 y 2023, y sustituye a Koldo Mart\u00ednez Urionabarrenetxea\" \/>\n<meta property=\"og:url\" content=\"https:\/\/www.laguiadepamplona.com\/actualidad\/javier-leoz-sanz-geroa-bai-tomara-posesion-como-nuevo-concejal-del-ayuntamiento-de-pamplona-en-el-pleno-extraordinario-convocado-para-este-lunes\/\" \/>\n<meta property=\"og:site_name\" content=\"La Gu\u00eda de Pamplona\" \/>\n<meta property=\"article:publisher\" content=\"https:\/\/www.facebook.com\/laguiadepamplonacom-133175176762273\/?ref=hl\" \/>\n<meta property=\"article:published_time\" content=\"2024-10-11T15:53:24+00:00\" \/>\n<meta property=\"og:image\" content=\"https:\/\/www.laguiadepamplona.com\/actualidad\/wp-content\/uploads\/2024\/01\/pleno-ayuntamiento.webp\" \/>\n\t<meta property=\"og:image:width\" content=\"1200\" \/>\n\t<meta property=\"og:image:height\" content=\"800\" \/>\n\t<meta property=\"og:image:type\" content=\"image\/webp\" \/>\n<meta name=\"author\" content=\"La Gu\u00eda de Pamplona\" \/>\n<meta name=\"twitter:card\" content=\"summary_large_image\" \/>\n<meta name=\"twitter:creator\" content=\"@LaGuiadPamplona\" \/>\n<meta name=\"twitter:site\" content=\"@LaGuiadPamplona\" \/>\n<meta name=\"twitter:label1\" content=\"Escrito por\" \/>\n\t<meta name=\"twitter:data1\" content=\"La Gu\u00eda de Pamplona\" \/>\n\t<meta name=\"twitter:label2\" content=\"Tiempo de lectura\" \/>\n\t<meta name=\"twitter:data2\" content=\"1 minuto\" \/>\n<script type=\"application\/ld+json\" class=\"yoast-schema-graph\">{\"@context\":\"https:\\\/\\\/schema.org\",\"@graph\":[{\"@type\":\"Article\",\"@id\":\"https:\\\/\\\/www.laguiadepamplona.com\\\/actualidad\\\/javier-leoz-sanz-geroa-bai-tomara-posesion-como-nuevo-concejal-del-ayuntamiento-de-pamplona-en-el-pleno-extraordinario-convocado-para-este-lunes\\\/#article\",\"isPartOf\":{\"@id\":\"https:\\\/\\\/www.laguiadepamplona.com\\\/actualidad\\\/javier-leoz-sanz-geroa-bai-tomara-posesion-como-nuevo-concejal-del-ayuntamiento-de-pamplona-en-el-pleno-extraordinario-convocado-para-este-lunes\\\/\"},\"author\":{\"name\":\"La Gu\u00eda de Pamplona\",\"@id\":\"https:\\\/\\\/www.laguiadepamplona.com\\\/actualidad\\\/#\\\/schema\\\/person\\\/efe887376f0213d4657c93adc50b1fdb\"},\"headline\":\"Javier Leoz Sanz (Geroa Bai) tomar\u00e1 posesi\u00f3n como nuevo concejal del Ayuntamiento de Pamplona en el Pleno extraordinario convocado para este lunes\",\"datePublished\":\"2024-10-11T15:53:24+00:00\",\"mainEntityOfPage\":{\"@id\":\"https:\\\/\\\/www.laguiadepamplona.com\\\/actualidad\\\/javier-leoz-sanz-geroa-bai-tomara-posesion-como-nuevo-concejal-del-ayuntamiento-de-pamplona-en-el-pleno-extraordinario-convocado-para-este-lunes\\\/\"},\"wordCount\":210,\"commentCount\":0,\"publisher\":{\"@id\":\"https:\\\/\\\/www.laguiadepamplona.com\\\/actualidad\\\/#organization\"},\"image\":{\"@id\":\"https:\\\/\\\/www.laguiadepamplona.com\\\/actualidad\\\/javier-leoz-sanz-geroa-bai-tomara-posesion-como-nuevo-concejal-del-ayuntamiento-de-pamplona-en-el-pleno-extraordinario-convocado-para-este-lunes\\\/#primaryimage\"},\"thumbnailUrl\":\"https:\\\/\\\/www.laguiadepamplona.com\\\/actualidad\\\/wp-content\\\/uploads\\\/2024\\\/01\\\/pleno-ayuntamiento.webp\",\"articleSection\":[\"Ayto Pamplona\"],\"inLanguage\":\"es\",\"potentialAction\":[{\"@type\":\"CommentAction\",\"name\":\"Comment\",\"target\":[\"https:\\\/\\\/www.laguiadepamplona.com\\\/actualidad\\\/javier-leoz-sanz-geroa-bai-tomara-posesion-como-nuevo-concejal-del-ayuntamiento-de-pamplona-en-el-pleno-extraordinario-convocado-para-este-lunes\\\/#respond\"]}]},{\"@type\":\"WebPage\",\"@id\":\"https:\\\/\\\/www.laguiadepamplona.com\\\/actualidad\\\/javier-leoz-sanz-geroa-bai-tomara-posesion-como-nuevo-concejal-del-ayuntamiento-de-pamplona-en-el-pleno-extraordinario-convocado-para-este-lunes\\\/\",\"url\":\"https:\\\/\\\/www.laguiadepamplona.com\\\/actualidad\\\/javier-leoz-sanz-geroa-bai-tomara-posesion-como-nuevo-concejal-del-ayuntamiento-de-pamplona-en-el-pleno-extraordinario-convocado-para-este-lunes\\\/\",\"name\":\"Javier Leoz Sanz (Geroa Bai) tomar\u00e1 posesi\u00f3n como nuevo concejal del Ayuntamiento de Pamplona en el Pleno extraordinario convocado para este lunes\",\"isPartOf\":{\"@id\":\"https:\\\/\\\/www.laguiadepamplona.com\\\/actualidad\\\/#website\"},\"primaryImageOfPage\":{\"@id\":\"https:\\\/\\\/www.laguiadepamplona.com\\\/actualidad\\\/javier-leoz-sanz-geroa-bai-tomara-posesion-como-nuevo-concejal-del-ayuntamiento-de-pamplona-en-el-pleno-extraordinario-convocado-para-este-lunes\\\/#primaryimage\"},\"image\":{\"@id\":\"https:\\\/\\\/www.laguiadepamplona.com\\\/actualidad\\\/javier-leoz-sanz-geroa-bai-tomara-posesion-como-nuevo-concejal-del-ayuntamiento-de-pamplona-en-el-pleno-extraordinario-convocado-para-este-lunes\\\/#primaryimage\"},\"thumbnailUrl\":\"https:\\\/\\\/www.laguiadepamplona.com\\\/actualidad\\\/wp-content\\\/uploads\\\/2024\\\/01\\\/pleno-ayuntamiento.webp\",\"datePublished\":\"2024-10-11T15:53:24+00:00\",\"description\":\"Leoz fue concejal durante doce a\u00f1os, entre 2011 y 2023, y sustituye a Koldo Mart\u00ednez Urionabarrenetxea\",\"breadcrumb\":{\"@id\":\"https:\\\/\\\/www.laguiadepamplona.com\\\/actualidad\\\/javier-leoz-sanz-geroa-bai-tomara-posesion-como-nuevo-concejal-del-ayuntamiento-de-pamplona-en-el-pleno-extraordinario-convocado-para-este-lunes\\\/#breadcrumb\"},\"inLanguage\":\"es\",\"potentialAction\":[{\"@type\":\"ReadAction\",\"target\":[\"https:\\\/\\\/www.laguiadepamplona.com\\\/actualidad\\\/javier-leoz-sanz-geroa-bai-tomara-posesion-como-nuevo-concejal-del-ayuntamiento-de-pamplona-en-el-pleno-extraordinario-convocado-para-este-lunes\\\/\"]}]},{\"@type\":\"ImageObject\",\"inLanguage\":\"es\",\"@id\":\"https:\\\/\\\/www.laguiadepamplona.com\\\/actualidad\\\/javier-leoz-sanz-geroa-bai-tomara-posesion-como-nuevo-concejal-del-ayuntamiento-de-pamplona-en-el-pleno-extraordinario-convocado-para-este-lunes\\\/#primaryimage\",\"url\":\"https:\\\/\\\/www.laguiadepamplona.com\\\/actualidad\\\/wp-content\\\/uploads\\\/2024\\\/01\\\/pleno-ayuntamiento.webp\",\"contentUrl\":\"https:\\\/\\\/www.laguiadepamplona.com\\\/actualidad\\\/wp-content\\\/uploads\\\/2024\\\/01\\\/pleno-ayuntamiento.webp\",\"width\":1200,\"height\":800,\"caption\":\"pleno ayuntamiento\"},{\"@type\":\"BreadcrumbList\",\"@id\":\"https:\\\/\\\/www.laguiadepamplona.com\\\/actualidad\\\/javier-leoz-sanz-geroa-bai-tomara-posesion-como-nuevo-concejal-del-ayuntamiento-de-pamplona-en-el-pleno-extraordinario-convocado-para-este-lunes\\\/#breadcrumb\",\"itemListElement\":[{\"@type\":\"ListItem\",\"position\":1,\"name\":\"Portada\",\"item\":\"https:\\\/\\\/www.laguiadepamplona.com\\\/actualidad\\\/\"},{\"@type\":\"ListItem\",\"position\":2,\"name\":\"Javier Leoz Sanz (Geroa Bai) tomar\u00e1 posesi\u00f3n como nuevo concejal del Ayuntamiento de Pamplona en el Pleno extraordinario convocado para este lunes\"}]},{\"@type\":\"WebSite\",\"@id\":\"https:\\\/\\\/www.laguiadepamplona.com\\\/actualidad\\\/#website\",\"url\":\"https:\\\/\\\/www.laguiadepamplona.com\\\/actualidad\\\/\",\"name\":\"La gu\u00eda de Pamplona\",\"description\":\"Noticias de Pamplona\",\"publisher\":{\"@id\":\"https:\\\/\\\/www.laguiadepamplona.com\\\/actualidad\\\/#organization\"},\"potentialAction\":[{\"@type\":\"SearchAction\",\"target\":{\"@type\":\"EntryPoint\",\"urlTemplate\":\"https:\\\/\\\/www.laguiadepamplona.com\\\/actualidad\\\/?s={search_term_string}\"},\"query-input\":{\"@type\":\"PropertyValueSpecification\",\"valueRequired\":true,\"valueName\":\"search_term_string\"}}],\"inLanguage\":\"es\"},{\"@type\":\"Organization\",\"@id\":\"https:\\\/\\\/www.laguiadepamplona.com\\\/actualidad\\\/#organization\",\"name\":\"La Gu\u00eda de Pamplona \\\/ Noticias\",\"url\":\"https:\\\/\\\/www.laguiadepamplona.com\\\/actualidad\\\/\",\"logo\":{\"@type\":\"ImageObject\",\"inLanguage\":\"es\",\"@id\":\"https:\\\/\\\/www.laguiadepamplona.com\\\/actualidad\\\/#\\\/schema\\\/logo\\\/image\\\/\",\"url\":\"https:\\\/\\\/www.laguiadepamplona.com\\\/actualidad\\\/wp-content\\\/uploads\\\/2018\\\/11\\\/logo-laguiadepamplona18-web1.png\",\"contentUrl\":\"https:\\\/\\\/www.laguiadepamplona.com\\\/actualidad\\\/wp-content\\\/uploads\\\/2018\\\/11\\\/logo-laguiadepamplona18-web1.png\",\"width\":600,\"height\":196,\"caption\":\"La Gu\u00eda de Pamplona \\\/ Noticias\"},\"image\":{\"@id\":\"https:\\\/\\\/www.laguiadepamplona.com\\\/actualidad\\\/#\\\/schema\\\/logo\\\/image\\\/\"},\"sameAs\":[\"https:\\\/\\\/www.facebook.com\\\/laguiadepamplonacom-133175176762273\\\/?ref=hl\",\"https:\\\/\\\/x.com\\\/LaGuiadPamplona\",\"https:\\\/\\\/www.instagram.com\\\/la_guia_de_pamplona\\\/\",\"https:\\\/\\\/www.youtube.com\\\/user\\\/laguiadepamplona\"]},{\"@type\":\"Person\",\"@id\":\"https:\\\/\\\/www.laguiadepamplona.com\\\/actualidad\\\/#\\\/schema\\\/person\\\/efe887376f0213d4657c93adc50b1fdb\",\"name\":\"La Gu\u00eda de Pamplona\",\"image\":{\"@type\":\"ImageObject\",\"inLanguage\":\"es\",\"@id\":\"https:\\\/\\\/secure.gravatar.com\\\/avatar\\\/b6992f131dc8d30ab0dff15446e9d346d9dbd95992de0fef795073f5ea83a81c?s=96&d=mm&r=g\",\"url\":\"https:\\\/\\\/secure.gravatar.com\\\/avatar\\\/b6992f131dc8d30ab0dff15446e9d346d9dbd95992de0fef795073f5ea83a81c?s=96&d=mm&r=g\",\"contentUrl\":\"https:\\\/\\\/secure.gravatar.com\\\/avatar\\\/b6992f131dc8d30ab0dff15446e9d346d9dbd95992de0fef795073f5ea83a81c?s=96&d=mm&r=g\",\"caption\":\"La Gu\u00eda de Pamplona\"}}]}<\/script>\n<!-- \/ Yoast SEO plugin. -->","yoast_head_json":{"title":"Javier Leoz Sanz (Geroa Bai) tomar\u00e1 posesi\u00f3n como nuevo concejal del Ayuntamiento de Pamplona en el Pleno extraordinario convocado para este lunes","description":"Leoz fue concejal durante doce a\u00f1os, entre 2011 y 2023, y sustituye a Koldo Mart\u00ednez Urionabarrenetxea","robots":{"index":"index","follow":"follow","max-snippet":"max-snippet:-1","max-image-preview":"max-image-preview:large","max-video-preview":"max-video-preview:-1"},"canonical":"https:\/\/www.laguiadepamplona.com\/actualidad\/javier-leoz-sanz-geroa-bai-tomara-posesion-como-nuevo-concejal-del-ayuntamiento-de-pamplona-en-el-pleno-extraordinario-convocado-para-este-lunes\/","og_locale":"es_ES","og_type":"article","og_title":"Javier Leoz Sanz (Geroa Bai) tomar\u00e1 posesi\u00f3n como nuevo concejal del Ayuntamiento de Pamplona en el Pleno extraordinario convocado para este lunes","og_description":"Leoz fue concejal durante doce a\u00f1os, entre 2011 y 2023, y sustituye a Koldo Mart\u00ednez Urionabarrenetxea","og_url":"https:\/\/www.laguiadepamplona.com\/actualidad\/javier-leoz-sanz-geroa-bai-tomara-posesion-como-nuevo-concejal-del-ayuntamiento-de-pamplona-en-el-pleno-extraordinario-convocado-para-este-lunes\/","og_site_name":"La Gu\u00eda de Pamplona","article_publisher":"https:\/\/www.facebook.com\/laguiadepamplonacom-133175176762273\/?ref=hl","article_published_time":"2024-10-11T15:53:24+00:00","og_image":[{"width":1200,"height":800,"url":"https:\/\/www.laguiadepamplona.com\/actualidad\/wp-content\/uploads\/2024\/01\/pleno-ayuntamiento.webp","type":"image\/webp"}],"author":"La Gu\u00eda de Pamplona","twitter_card":"summary_large_image","twitter_creator":"@LaGuiadPamplona","twitter_site":"@LaGuiadPamplona","twitter_misc":{"Escrito por":"La Gu\u00eda de Pamplona","Tiempo de lectura":"1 minuto"},"schema":{"@context":"https:\/\/schema.org","@graph":[{"@type":"Article","@id":"https:\/\/www.laguiadepamplona.com\/actualidad\/javier-leoz-sanz-geroa-bai-tomara-posesion-como-nuevo-concejal-del-ayuntamiento-de-pamplona-en-el-pleno-extraordinario-convocado-para-este-lunes\/#article","isPartOf":{"@id":"https:\/\/www.laguiadepamplona.com\/actualidad\/javier-leoz-sanz-geroa-bai-tomara-posesion-como-nuevo-concejal-del-ayuntamiento-de-pamplona-en-el-pleno-extraordinario-convocado-para-este-lunes\/"},"author":{"name":"La Gu\u00eda de Pamplona","@id":"https:\/\/www.laguiadepamplona.com\/actualidad\/#\/schema\/person\/efe887376f0213d4657c93adc50b1fdb"},"headline":"Javier Leoz Sanz (Geroa Bai) tomar\u00e1 posesi\u00f3n como nuevo concejal del Ayuntamiento de Pamplona en el Pleno extraordinario convocado para este lunes","datePublished":"2024-10-11T15:53:24+00:00","mainEntityOfPage":{"@id":"https:\/\/www.laguiadepamplona.com\/actualidad\/javier-leoz-sanz-geroa-bai-tomara-posesion-como-nuevo-concejal-del-ayuntamiento-de-pamplona-en-el-pleno-extraordinario-convocado-para-este-lunes\/"},"wordCount":210,"commentCount":0,"publisher":{"@id":"https:\/\/www.laguiadepamplona.com\/actualidad\/#organization"},"image":{"@id":"https:\/\/www.laguiadepamplona.com\/actualidad\/javier-leoz-sanz-geroa-bai-tomara-posesion-como-nuevo-concejal-del-ayuntamiento-de-pamplona-en-el-pleno-extraordinario-convocado-para-este-lunes\/#primaryimage"},"thumbnailUrl":"https:\/\/www.laguiadepamplona.com\/actualidad\/wp-content\/uploads\/2024\/01\/pleno-ayuntamiento.webp","articleSection":["Ayto Pamplona"],"inLanguage":"es","potentialAction":[{"@type":"CommentAction","name":"Comment","target":["https:\/\/www.laguiadepamplona.com\/actualidad\/javier-leoz-sanz-geroa-bai-tomara-posesion-como-nuevo-concejal-del-ayuntamiento-de-pamplona-en-el-pleno-extraordinario-convocado-para-este-lunes\/#respond"]}]},{"@type":"WebPage","@id":"https:\/\/www.laguiadepamplona.com\/actualidad\/javier-leoz-sanz-geroa-bai-tomara-posesion-como-nuevo-concejal-del-ayuntamiento-de-pamplona-en-el-pleno-extraordinario-convocado-para-este-lunes\/","url":"https:\/\/www.laguiadepamplona.com\/actualidad\/javier-leoz-sanz-geroa-bai-tomara-posesion-como-nuevo-concejal-del-ayuntamiento-de-pamplona-en-el-pleno-extraordinario-convocado-para-este-lunes\/","name":"Javier Leoz Sanz (Geroa Bai) tomar\u00e1 posesi\u00f3n como nuevo concejal del Ayuntamiento de Pamplona en el Pleno extraordinario convocado para este lunes","isPartOf":{"@id":"https:\/\/www.laguiadepamplona.com\/actualidad\/#website"},"primaryImageOfPage":{"@id":"https:\/\/www.laguiadepamplona.com\/actualidad\/javier-leoz-sanz-geroa-bai-tomara-posesion-como-nuevo-concejal-del-ayuntamiento-de-pamplona-en-el-pleno-extraordinario-convocado-para-este-lunes\/#primaryimage"},"image":{"@id":"https:\/\/www.laguiadepamplona.com\/actualidad\/javier-leoz-sanz-geroa-bai-tomara-posesion-como-nuevo-concejal-del-ayuntamiento-de-pamplona-en-el-pleno-extraordinario-convocado-para-este-lunes\/#primaryimage"},"thumbnailUrl":"https:\/\/www.laguiadepamplona.com\/actualidad\/wp-content\/uploads\/2024\/01\/pleno-ayuntamiento.webp","datePublished":"2024-10-11T15:53:24+00:00","description":"Leoz fue concejal durante doce a\u00f1os, entre 2011 y 2023, y sustituye a Koldo Mart\u00ednez Urionabarrenetxea","breadcrumb":{"@id":"https:\/\/www.laguiadepamplona.com\/actualidad\/javier-leoz-sanz-geroa-bai-tomara-posesion-como-nuevo-concejal-del-ayuntamiento-de-pamplona-en-el-pleno-extraordinario-convocado-para-este-lunes\/#breadcrumb"},"inLanguage":"es","potentialAction":[{"@type":"ReadAction","target":["https:\/\/www.laguiadepamplona.com\/actualidad\/javier-leoz-sanz-geroa-bai-tomara-posesion-como-nuevo-concejal-del-ayuntamiento-de-pamplona-en-el-pleno-extraordinario-convocado-para-este-lunes\/"]}]},{"@type":"ImageObject","inLanguage":"es","@id":"https:\/\/www.laguiadepamplona.com\/actualidad\/javier-leoz-sanz-geroa-bai-tomara-posesion-como-nuevo-concejal-del-ayuntamiento-de-pamplona-en-el-pleno-extraordinario-convocado-para-este-lunes\/#primaryimage","url":"https:\/\/www.laguiadepamplona.com\/actualidad\/wp-content\/uploads\/2024\/01\/pleno-ayuntamiento.webp","contentUrl":"https:\/\/www.laguiadepamplona.com\/actualidad\/wp-content\/uploads\/2024\/01\/pleno-ayuntamiento.webp","width":1200,"height":800,"caption":"pleno ayuntamiento"},{"@type":"BreadcrumbList","@id":"https:\/\/www.laguiadepamplona.com\/actualidad\/javier-leoz-sanz-geroa-bai-tomara-posesion-como-nuevo-concejal-del-ayuntamiento-de-pamplona-en-el-pleno-extraordinario-convocado-para-este-lunes\/#breadcrumb","itemListElement":[{"@type":"ListItem","position":1,"name":"Portada","item":"https:\/\/www.laguiadepamplona.com\/actualidad\/"},{"@type":"ListItem","position":2,"name":"Javier Leoz Sanz (Geroa Bai) tomar\u00e1 posesi\u00f3n como nuevo concejal del Ayuntamiento de Pamplona en el Pleno extraordinario convocado para este lunes"}]},{"@type":"WebSite","@id":"https:\/\/www.laguiadepamplona.com\/actualidad\/#website","url":"https:\/\/www.laguiadepamplona.com\/actualidad\/","name":"La gu\u00eda de Pamplona","description":"Noticias de Pamplona","publisher":{"@id":"https:\/\/www.laguiadepamplona.com\/actualidad\/#organization"},"potentialAction":[{"@type":"SearchAction","target":{"@type":"EntryPoint","urlTemplate":"https:\/\/www.laguiadepamplona.com\/actualidad\/?s={search_term_string}"},"query-input":{"@type":"PropertyValueSpecification","valueRequired":true,"valueName":"search_term_string"}}],"inLanguage":"es"},{"@type":"Organization","@id":"https:\/\/www.laguiadepamplona.com\/actualidad\/#organization","name":"La Gu\u00eda de Pamplona \/ Noticias","url":"https:\/\/www.laguiadepamplona.com\/actualidad\/","logo":{"@type":"ImageObject","inLanguage":"es","@id":"https:\/\/www.laguiadepamplona.com\/actualidad\/#\/schema\/logo\/image\/","url":"https:\/\/www.laguiadepamplona.com\/actualidad\/wp-content\/uploads\/2018\/11\/logo-laguiadepamplona18-web1.png","contentUrl":"https:\/\/www.laguiadepamplona.com\/actualidad\/wp-content\/uploads\/2018\/11\/logo-laguiadepamplona18-web1.png","width":600,"height":196,"caption":"La Gu\u00eda de Pamplona \/ Noticias"},"image":{"@id":"https:\/\/www.laguiadepamplona.com\/actualidad\/#\/schema\/logo\/image\/"},"sameAs":["https:\/\/www.facebook.com\/laguiadepamplonacom-133175176762273\/?ref=hl","https:\/\/x.com\/LaGuiadPamplona","https:\/\/www.instagram.com\/la_guia_de_pamplona\/","https:\/\/www.youtube.com\/user\/laguiadepamplona"]},{"@type":"Person","@id":"https:\/\/www.laguiadepamplona.com\/actualidad\/#\/schema\/person\/efe887376f0213d4657c93adc50b1fdb","name":"La Gu\u00eda de Pamplona","image":{"@type":"ImageObject","inLanguage":"es","@id":"https:\/\/secure.gravatar.com\/avatar\/b6992f131dc8d30ab0dff15446e9d346d9dbd95992de0fef795073f5ea83a81c?s=96&d=mm&r=g","url":"https:\/\/secure.gravatar.com\/avatar\/b6992f131dc8d30ab0dff15446e9d346d9dbd95992de0fef795073f5ea83a81c?s=96&d=mm&r=g","contentUrl":"https:\/\/secure.gravatar.com\/avatar\/b6992f131dc8d30ab0dff15446e9d346d9dbd95992de0fef795073f5ea83a81c?s=96&d=mm&r=g","caption":"La Gu\u00eda de Pamplona"}}]}},"post_mailing_queue_ids":[],"_links":{"self":[{"href":"https:\/\/www.laguiadepamplona.com\/actualidad\/wp-json\/wp\/v2\/posts\/51008","targetHints":{"allow":["GET"]}}],"collection":[{"href":"https:\/\/www.laguiadepamplona.com\/actualidad\/wp-json\/wp\/v2\/posts"}],"about":[{"href":"https:\/\/www.laguiadepamplona.com\/actualidad\/wp-json\/wp\/v2\/types\/post"}],"author":[{"embeddable":true,"href":"https:\/\/www.laguiadepamplona.com\/actualidad\/wp-json\/wp\/v2\/users\/1"}],"replies":[{"embeddable":true,"href":"https:\/\/www.laguiadepamplona.com\/actualidad\/wp-json\/wp\/v2\/comments?post=51008"}],"version-history":[{"count":1,"href":"https:\/\/www.laguiadepamplona.com\/actualidad\/wp-json\/wp\/v2\/posts\/51008\/revisions"}],"predecessor-version":[{"id":51009,"href":"https:\/\/www.laguiadepamplona.com\/actualidad\/wp-json\/wp\/v2\/posts\/51008\/revisions\/51009"}],"wp:featuredmedia":[{"embeddable":true,"href":"https:\/\/www.laguiadepamplona.com\/actualidad\/wp-json\/wp\/v2\/media\/48520"}],"wp:attachment":[{"href":"https:\/\/www.laguiadepamplona.com\/actualidad\/wp-json\/wp\/v2\/media?parent=51008"}],"wp:term":[{"taxonomy":"category","embeddable":true,"href":"https:\/\/www.laguiadepamplona.com\/actualidad\/wp-json\/wp\/v2\/categories?post=51008"},{"taxonomy":"post_tag","embeddable":true,"href":"https:\/\/www.laguiadepamplona.com\/actualidad\/wp-json\/wp\/v2\/tags?post=51008"}],"curies":[{"name":"wp","href":"https:\/\/api.w.org\/{rel}","templated":true}]}}