{"id":51005,"date":"2024-10-11T12:58:09","date_gmt":"2024-10-11T10:58:09","guid":{"rendered":"https:\/\/www.laguiadepamplona.com\/actualidad\/?p=51005"},"modified":"2024-10-11T12:58:09","modified_gmt":"2024-10-11T10:58:09","slug":"el-ayuntamiento-coloca-una-placa-en-memoria-de-angel-berrueta-en-el-lugar-del-barrio-de-san-juan-donde-fue-asesinado-hace-ahora-20-anos","status":"publish","type":"post","link":"https:\/\/www.laguiadepamplona.com\/actualidad\/el-ayuntamiento-coloca-una-placa-en-memoria-de-angel-berrueta-en-el-lugar-del-barrio-de-san-juan-donde-fue-asesinado-hace-ahora-20-anos\/","title":{"rendered":"El Ayuntamiento coloca una placa en memoria de \u00c1ngel Berrueta en el lugar del barrio de San Juan donde fue asesinado hace ahora 20 a\u00f1os"},"content":{"rendered":"<h2>El Gobierno foral le reconoci\u00f3 el pasado mes de junio como v\u00edctima de motivaci\u00f3n pol\u00edtica en base a la Ley Foral 16\/2019<\/h2>\n<p><!--more--><\/p>\n<p>El Ayuntamiento de Pamplona ha colocado esta ma\u00f1ana una placa en memoria de \u00c1ngel Berrueta, vecino del barrio de San Juan que fue asesinado hace ahora 20 a\u00f1os en la panader\u00eda que regentaba. El Gobierno de Navarra le reconoci\u00f3 el pasado mes de junio como v\u00edctima de motivaci\u00f3n pol\u00edtica, en base a la Ley Foral 16\/2019.<\/p>\n<p>El alcalde de Pamplona, Joseba Asiron Saez, junto con la vicepresidenta segunda y consejera de Memoria y Convivencia, Acci\u00f3n Exterior y Euskera del Gobierno de Navarra, Ana Ollo Hualde, han participado en la colocaci\u00f3n de la placa, acompa\u00f1ados por integrantes de la Corporaci\u00f3n municipal. Al acto tambi\u00e9n han acudido familiares de Berrueta: su viuda, Mari Carmen Ma\u00f1as, y tres de sus cuatro hijos, Imanol, Aitor y Aitziber. Su hijo Enekoitz se encuentra trabajando fuera de Pamplona y no ha podido acudir al acto. Ellos y ellas son consideradas tambi\u00e9n v\u00edctimas de motivaci\u00f3n pol\u00edtica.<\/p>\n<p>Su hija Aiztiber Berrueta Ma\u00f1as ha sido la encargada de agradecer el homenaje. El acto ha contado tambi\u00e9n con la presencia de integrantes de la plataforma \u00c1ngel Gogoan, creada por vecinos, amigos y familiares de Berrueta para reivindicar su identificaci\u00f3n como v\u00edctima de motivaci\u00f3n pol\u00edtica. A ellos y ellas se ha sumado el alcalde de Pamplona, que ha dedicado unas palabras a la familia de Berrueta. \u201cQueremos recordar no solo por nosotros y nosotras, sino tambi\u00e9n por quienes, como \u00c1ngel, ya no pueden hablar ni contar su historia. Recordamos por todas las v\u00edctimas y por quienes, en el futuro, tambi\u00e9n recordar\u00e1n. Para que la historia no se vuelva a repetir. Gracias por vuestra fortaleza, por vuestra lucha y por mantener viva la memoria de \u00c1ngel durante todo este tiempo\u201d.<\/p>\n<p>En la placa, cuyo texto ha sido supervisado por el departamento de Memoria y Convivencia del Gobierno de Navarra, se puede leer, en euskera y castellano: \u201cAqu\u00ed fue asesinado por un funcionario de polic\u00eda \u00c1ngel Berrueta Legaz, en un contexto de motivaci\u00f3n pol\u00edtica el d\u00eda 13 de marzo de 2004. Verdad, Memoria, Dignidad y Justicia\u201d. La placa ha sido colocada en las proximidades de la panader\u00eda que en su d\u00eda regent\u00f3 \u00c1ngel Berrueta, ubicada en la calle Mart\u00edn Azpilcueta, junto al portal 18. All\u00ed muri\u00f3 el 13 de marzo de 2004 tras ser disparado por un polic\u00eda nacional fuera de servicio, que acudi\u00f3 a la panader\u00eda acompa\u00f1ado de su hijo. El asesinato tuvo lugar dos d\u00edas despu\u00e9s del atentado del 11-M, que provoc\u00f3 193 muertes y m\u00e1s de 2.000 personas heridas. En 2005, el juzgado conden\u00f3 al polic\u00eda nacional y su hijo por el asesinato de Berrueta a 20 y 15 a\u00f1os de c\u00e1rcel, respectivamente. En la sentencia, se vincul\u00f3 el crimen al clima social de crispaci\u00f3n tras los atentados del 11-M.<\/p>\n","protected":false},"excerpt":{"rendered":"<p>El Gobierno foral le reconoci\u00f3 el pasado mes de junio como v\u00edctima de motivaci\u00f3n pol\u00edtica en base a la Ley Foral 16\/2019<\/p>\n","protected":false},"author":1,"featured_media":51006,"comment_status":"open","ping_status":"closed","sticky":false,"template":"","format":"standard","meta":{"footnotes":""},"categories":[2],"tags":[],"class_list":["post-51005","post","type-post","status-publish","format-standard","has-post-thumbnail","hentry","category-ayuntamiento-pamplona"],"yoast_head":"<!-- This site is optimized with the Yoast SEO plugin v27.3 - https:\/\/yoast.com\/product\/yoast-seo-wordpress\/ -->\n<title>El Ayuntamiento coloca una placa en memoria de \u00c1ngel Berrueta en el lugar del barrio de San Juan donde fue asesinado hace ahora 20 a\u00f1os<\/title>\n<meta name=\"description\" content=\"El Gobierno foral le reconoci\u00f3 el pasado mes de junio como v\u00edctima de motivaci\u00f3n pol\u00edtica en base a la Ley Foral 16\/2019\" \/>\n<meta name=\"robots\" content=\"index, follow, max-snippet:-1, max-image-preview:large, max-video-preview:-1\" \/>\n<link rel=\"canonical\" href=\"https:\/\/www.laguiadepamplona.com\/actualidad\/el-ayuntamiento-coloca-una-placa-en-memoria-de-angel-berrueta-en-el-lugar-del-barrio-de-san-juan-donde-fue-asesinado-hace-ahora-20-anos\/\" \/>\n<meta property=\"og:locale\" content=\"es_ES\" \/>\n<meta property=\"og:type\" content=\"article\" \/>\n<meta property=\"og:title\" content=\"El Ayuntamiento coloca una placa en memoria de \u00c1ngel Berrueta en el lugar del barrio de San Juan donde fue asesinado hace ahora 20 a\u00f1os\" \/>\n<meta property=\"og:description\" content=\"El Gobierno foral le reconoci\u00f3 el pasado mes de junio como v\u00edctima de motivaci\u00f3n pol\u00edtica en base a la Ley Foral 16\/2019\" \/>\n<meta property=\"og:url\" content=\"https:\/\/www.laguiadepamplona.com\/actualidad\/el-ayuntamiento-coloca-una-placa-en-memoria-de-angel-berrueta-en-el-lugar-del-barrio-de-san-juan-donde-fue-asesinado-hace-ahora-20-anos\/\" \/>\n<meta property=\"og:site_name\" content=\"La Gu\u00eda de Pamplona\" \/>\n<meta property=\"article:publisher\" content=\"https:\/\/www.facebook.com\/laguiadepamplonacom-133175176762273\/?ref=hl\" \/>\n<meta property=\"article:published_time\" content=\"2024-10-11T10:58:09+00:00\" \/>\n<meta property=\"og:image\" content=\"https:\/\/www.laguiadepamplona.com\/actualidad\/wp-content\/uploads\/2024\/10\/foto-berrueta.webp\" \/>\n\t<meta property=\"og:image:width\" content=\"1000\" \/>\n\t<meta property=\"og:image:height\" content=\"862\" \/>\n\t<meta property=\"og:image:type\" content=\"image\/webp\" \/>\n<meta name=\"author\" content=\"La Gu\u00eda de Pamplona\" \/>\n<meta name=\"twitter:card\" content=\"summary_large_image\" \/>\n<meta name=\"twitter:creator\" content=\"@LaGuiadPamplona\" \/>\n<meta name=\"twitter:site\" content=\"@LaGuiadPamplona\" \/>\n<meta name=\"twitter:label1\" content=\"Escrito por\" \/>\n\t<meta name=\"twitter:data1\" content=\"La Gu\u00eda de Pamplona\" \/>\n\t<meta name=\"twitter:label2\" content=\"Tiempo de lectura\" \/>\n\t<meta name=\"twitter:data2\" content=\"3 minutos\" \/>\n<script type=\"application\/ld+json\" class=\"yoast-schema-graph\">{\"@context\":\"https:\\\/\\\/schema.org\",\"@graph\":[{\"@type\":\"Article\",\"@id\":\"https:\\\/\\\/www.laguiadepamplona.com\\\/actualidad\\\/el-ayuntamiento-coloca-una-placa-en-memoria-de-angel-berrueta-en-el-lugar-del-barrio-de-san-juan-donde-fue-asesinado-hace-ahora-20-anos\\\/#article\",\"isPartOf\":{\"@id\":\"https:\\\/\\\/www.laguiadepamplona.com\\\/actualidad\\\/el-ayuntamiento-coloca-una-placa-en-memoria-de-angel-berrueta-en-el-lugar-del-barrio-de-san-juan-donde-fue-asesinado-hace-ahora-20-anos\\\/\"},\"author\":{\"name\":\"La Gu\u00eda de Pamplona\",\"@id\":\"https:\\\/\\\/www.laguiadepamplona.com\\\/actualidad\\\/#\\\/schema\\\/person\\\/efe887376f0213d4657c93adc50b1fdb\"},\"headline\":\"El Ayuntamiento coloca una placa en memoria de \u00c1ngel Berrueta en el lugar del barrio de San Juan donde fue asesinado hace ahora 20 a\u00f1os\",\"datePublished\":\"2024-10-11T10:58:09+00:00\",\"mainEntityOfPage\":{\"@id\":\"https:\\\/\\\/www.laguiadepamplona.com\\\/actualidad\\\/el-ayuntamiento-coloca-una-placa-en-memoria-de-angel-berrueta-en-el-lugar-del-barrio-de-san-juan-donde-fue-asesinado-hace-ahora-20-anos\\\/\"},\"wordCount\":530,\"commentCount\":0,\"publisher\":{\"@id\":\"https:\\\/\\\/www.laguiadepamplona.com\\\/actualidad\\\/#organization\"},\"image\":{\"@id\":\"https:\\\/\\\/www.laguiadepamplona.com\\\/actualidad\\\/el-ayuntamiento-coloca-una-placa-en-memoria-de-angel-berrueta-en-el-lugar-del-barrio-de-san-juan-donde-fue-asesinado-hace-ahora-20-anos\\\/#primaryimage\"},\"thumbnailUrl\":\"https:\\\/\\\/www.laguiadepamplona.com\\\/actualidad\\\/wp-content\\\/uploads\\\/2024\\\/10\\\/foto-berrueta.webp\",\"articleSection\":[\"Ayto Pamplona\"],\"inLanguage\":\"es\",\"potentialAction\":[{\"@type\":\"CommentAction\",\"name\":\"Comment\",\"target\":[\"https:\\\/\\\/www.laguiadepamplona.com\\\/actualidad\\\/el-ayuntamiento-coloca-una-placa-en-memoria-de-angel-berrueta-en-el-lugar-del-barrio-de-san-juan-donde-fue-asesinado-hace-ahora-20-anos\\\/#respond\"]}]},{\"@type\":\"WebPage\",\"@id\":\"https:\\\/\\\/www.laguiadepamplona.com\\\/actualidad\\\/el-ayuntamiento-coloca-una-placa-en-memoria-de-angel-berrueta-en-el-lugar-del-barrio-de-san-juan-donde-fue-asesinado-hace-ahora-20-anos\\\/\",\"url\":\"https:\\\/\\\/www.laguiadepamplona.com\\\/actualidad\\\/el-ayuntamiento-coloca-una-placa-en-memoria-de-angel-berrueta-en-el-lugar-del-barrio-de-san-juan-donde-fue-asesinado-hace-ahora-20-anos\\\/\",\"name\":\"El Ayuntamiento coloca una placa en memoria de \u00c1ngel Berrueta en el lugar del barrio de San Juan donde fue asesinado hace ahora 20 a\u00f1os\",\"isPartOf\":{\"@id\":\"https:\\\/\\\/www.laguiadepamplona.com\\\/actualidad\\\/#website\"},\"primaryImageOfPage\":{\"@id\":\"https:\\\/\\\/www.laguiadepamplona.com\\\/actualidad\\\/el-ayuntamiento-coloca-una-placa-en-memoria-de-angel-berrueta-en-el-lugar-del-barrio-de-san-juan-donde-fue-asesinado-hace-ahora-20-anos\\\/#primaryimage\"},\"image\":{\"@id\":\"https:\\\/\\\/www.laguiadepamplona.com\\\/actualidad\\\/el-ayuntamiento-coloca-una-placa-en-memoria-de-angel-berrueta-en-el-lugar-del-barrio-de-san-juan-donde-fue-asesinado-hace-ahora-20-anos\\\/#primaryimage\"},\"thumbnailUrl\":\"https:\\\/\\\/www.laguiadepamplona.com\\\/actualidad\\\/wp-content\\\/uploads\\\/2024\\\/10\\\/foto-berrueta.webp\",\"datePublished\":\"2024-10-11T10:58:09+00:00\",\"description\":\"El Gobierno foral le reconoci\u00f3 el pasado mes de junio como v\u00edctima de motivaci\u00f3n pol\u00edtica en base a la Ley Foral 16\\\/2019\",\"breadcrumb\":{\"@id\":\"https:\\\/\\\/www.laguiadepamplona.com\\\/actualidad\\\/el-ayuntamiento-coloca-una-placa-en-memoria-de-angel-berrueta-en-el-lugar-del-barrio-de-san-juan-donde-fue-asesinado-hace-ahora-20-anos\\\/#breadcrumb\"},\"inLanguage\":\"es\",\"potentialAction\":[{\"@type\":\"ReadAction\",\"target\":[\"https:\\\/\\\/www.laguiadepamplona.com\\\/actualidad\\\/el-ayuntamiento-coloca-una-placa-en-memoria-de-angel-berrueta-en-el-lugar-del-barrio-de-san-juan-donde-fue-asesinado-hace-ahora-20-anos\\\/\"]}]},{\"@type\":\"ImageObject\",\"inLanguage\":\"es\",\"@id\":\"https:\\\/\\\/www.laguiadepamplona.com\\\/actualidad\\\/el-ayuntamiento-coloca-una-placa-en-memoria-de-angel-berrueta-en-el-lugar-del-barrio-de-san-juan-donde-fue-asesinado-hace-ahora-20-anos\\\/#primaryimage\",\"url\":\"https:\\\/\\\/www.laguiadepamplona.com\\\/actualidad\\\/wp-content\\\/uploads\\\/2024\\\/10\\\/foto-berrueta.webp\",\"contentUrl\":\"https:\\\/\\\/www.laguiadepamplona.com\\\/actualidad\\\/wp-content\\\/uploads\\\/2024\\\/10\\\/foto-berrueta.webp\",\"width\":1000,\"height\":862,\"caption\":\"Placa \u00c1ngel Berrueta\"},{\"@type\":\"BreadcrumbList\",\"@id\":\"https:\\\/\\\/www.laguiadepamplona.com\\\/actualidad\\\/el-ayuntamiento-coloca-una-placa-en-memoria-de-angel-berrueta-en-el-lugar-del-barrio-de-san-juan-donde-fue-asesinado-hace-ahora-20-anos\\\/#breadcrumb\",\"itemListElement\":[{\"@type\":\"ListItem\",\"position\":1,\"name\":\"Portada\",\"item\":\"https:\\\/\\\/www.laguiadepamplona.com\\\/actualidad\\\/\"},{\"@type\":\"ListItem\",\"position\":2,\"name\":\"El Ayuntamiento coloca una placa en memoria de \u00c1ngel Berrueta en el lugar del barrio de San Juan donde fue asesinado hace ahora 20 a\u00f1os\"}]},{\"@type\":\"WebSite\",\"@id\":\"https:\\\/\\\/www.laguiadepamplona.com\\\/actualidad\\\/#website\",\"url\":\"https:\\\/\\\/www.laguiadepamplona.com\\\/actualidad\\\/\",\"name\":\"La gu\u00eda de Pamplona\",\"description\":\"Noticias de Pamplona\",\"publisher\":{\"@id\":\"https:\\\/\\\/www.laguiadepamplona.com\\\/actualidad\\\/#organization\"},\"potentialAction\":[{\"@type\":\"SearchAction\",\"target\":{\"@type\":\"EntryPoint\",\"urlTemplate\":\"https:\\\/\\\/www.laguiadepamplona.com\\\/actualidad\\\/?s={search_term_string}\"},\"query-input\":{\"@type\":\"PropertyValueSpecification\",\"valueRequired\":true,\"valueName\":\"search_term_string\"}}],\"inLanguage\":\"es\"},{\"@type\":\"Organization\",\"@id\":\"https:\\\/\\\/www.laguiadepamplona.com\\\/actualidad\\\/#organization\",\"name\":\"La Gu\u00eda de Pamplona \\\/ Noticias\",\"url\":\"https:\\\/\\\/www.laguiadepamplona.com\\\/actualidad\\\/\",\"logo\":{\"@type\":\"ImageObject\",\"inLanguage\":\"es\",\"@id\":\"https:\\\/\\\/www.laguiadepamplona.com\\\/actualidad\\\/#\\\/schema\\\/logo\\\/image\\\/\",\"url\":\"https:\\\/\\\/www.laguiadepamplona.com\\\/actualidad\\\/wp-content\\\/uploads\\\/2018\\\/11\\\/logo-laguiadepamplona18-web1.png\",\"contentUrl\":\"https:\\\/\\\/www.laguiadepamplona.com\\\/actualidad\\\/wp-content\\\/uploads\\\/2018\\\/11\\\/logo-laguiadepamplona18-web1.png\",\"width\":600,\"height\":196,\"caption\":\"La Gu\u00eda de Pamplona \\\/ Noticias\"},\"image\":{\"@id\":\"https:\\\/\\\/www.laguiadepamplona.com\\\/actualidad\\\/#\\\/schema\\\/logo\\\/image\\\/\"},\"sameAs\":[\"https:\\\/\\\/www.facebook.com\\\/laguiadepamplonacom-133175176762273\\\/?ref=hl\",\"https:\\\/\\\/x.com\\\/LaGuiadPamplona\",\"https:\\\/\\\/www.instagram.com\\\/la_guia_de_pamplona\\\/\",\"https:\\\/\\\/www.youtube.com\\\/user\\\/laguiadepamplona\"]},{\"@type\":\"Person\",\"@id\":\"https:\\\/\\\/www.laguiadepamplona.com\\\/actualidad\\\/#\\\/schema\\\/person\\\/efe887376f0213d4657c93adc50b1fdb\",\"name\":\"La Gu\u00eda de Pamplona\",\"image\":{\"@type\":\"ImageObject\",\"inLanguage\":\"es\",\"@id\":\"https:\\\/\\\/secure.gravatar.com\\\/avatar\\\/b6992f131dc8d30ab0dff15446e9d346d9dbd95992de0fef795073f5ea83a81c?s=96&d=mm&r=g\",\"url\":\"https:\\\/\\\/secure.gravatar.com\\\/avatar\\\/b6992f131dc8d30ab0dff15446e9d346d9dbd95992de0fef795073f5ea83a81c?s=96&d=mm&r=g\",\"contentUrl\":\"https:\\\/\\\/secure.gravatar.com\\\/avatar\\\/b6992f131dc8d30ab0dff15446e9d346d9dbd95992de0fef795073f5ea83a81c?s=96&d=mm&r=g\",\"caption\":\"La Gu\u00eda de Pamplona\"}}]}<\/script>\n<!-- \/ Yoast SEO plugin. -->","yoast_head_json":{"title":"El Ayuntamiento coloca una placa en memoria de \u00c1ngel Berrueta en el lugar del barrio de San Juan donde fue asesinado hace ahora 20 a\u00f1os","description":"El Gobierno foral le reconoci\u00f3 el pasado mes de junio como v\u00edctima de motivaci\u00f3n pol\u00edtica en base a la Ley Foral 16\/2019","robots":{"index":"index","follow":"follow","max-snippet":"max-snippet:-1","max-image-preview":"max-image-preview:large","max-video-preview":"max-video-preview:-1"},"canonical":"https:\/\/www.laguiadepamplona.com\/actualidad\/el-ayuntamiento-coloca-una-placa-en-memoria-de-angel-berrueta-en-el-lugar-del-barrio-de-san-juan-donde-fue-asesinado-hace-ahora-20-anos\/","og_locale":"es_ES","og_type":"article","og_title":"El Ayuntamiento coloca una placa en memoria de \u00c1ngel Berrueta en el lugar del barrio de San Juan donde fue asesinado hace ahora 20 a\u00f1os","og_description":"El Gobierno foral le reconoci\u00f3 el pasado mes de junio como v\u00edctima de motivaci\u00f3n pol\u00edtica en base a la Ley Foral 16\/2019","og_url":"https:\/\/www.laguiadepamplona.com\/actualidad\/el-ayuntamiento-coloca-una-placa-en-memoria-de-angel-berrueta-en-el-lugar-del-barrio-de-san-juan-donde-fue-asesinado-hace-ahora-20-anos\/","og_site_name":"La Gu\u00eda de Pamplona","article_publisher":"https:\/\/www.facebook.com\/laguiadepamplonacom-133175176762273\/?ref=hl","article_published_time":"2024-10-11T10:58:09+00:00","og_image":[{"width":1000,"height":862,"url":"https:\/\/www.laguiadepamplona.com\/actualidad\/wp-content\/uploads\/2024\/10\/foto-berrueta.webp","type":"image\/webp"}],"author":"La Gu\u00eda de Pamplona","twitter_card":"summary_large_image","twitter_creator":"@LaGuiadPamplona","twitter_site":"@LaGuiadPamplona","twitter_misc":{"Escrito por":"La Gu\u00eda de Pamplona","Tiempo de lectura":"3 minutos"},"schema":{"@context":"https:\/\/schema.org","@graph":[{"@type":"Article","@id":"https:\/\/www.laguiadepamplona.com\/actualidad\/el-ayuntamiento-coloca-una-placa-en-memoria-de-angel-berrueta-en-el-lugar-del-barrio-de-san-juan-donde-fue-asesinado-hace-ahora-20-anos\/#article","isPartOf":{"@id":"https:\/\/www.laguiadepamplona.com\/actualidad\/el-ayuntamiento-coloca-una-placa-en-memoria-de-angel-berrueta-en-el-lugar-del-barrio-de-san-juan-donde-fue-asesinado-hace-ahora-20-anos\/"},"author":{"name":"La Gu\u00eda de Pamplona","@id":"https:\/\/www.laguiadepamplona.com\/actualidad\/#\/schema\/person\/efe887376f0213d4657c93adc50b1fdb"},"headline":"El Ayuntamiento coloca una placa en memoria de \u00c1ngel Berrueta en el lugar del barrio de San Juan donde fue asesinado hace ahora 20 a\u00f1os","datePublished":"2024-10-11T10:58:09+00:00","mainEntityOfPage":{"@id":"https:\/\/www.laguiadepamplona.com\/actualidad\/el-ayuntamiento-coloca-una-placa-en-memoria-de-angel-berrueta-en-el-lugar-del-barrio-de-san-juan-donde-fue-asesinado-hace-ahora-20-anos\/"},"wordCount":530,"commentCount":0,"publisher":{"@id":"https:\/\/www.laguiadepamplona.com\/actualidad\/#organization"},"image":{"@id":"https:\/\/www.laguiadepamplona.com\/actualidad\/el-ayuntamiento-coloca-una-placa-en-memoria-de-angel-berrueta-en-el-lugar-del-barrio-de-san-juan-donde-fue-asesinado-hace-ahora-20-anos\/#primaryimage"},"thumbnailUrl":"https:\/\/www.laguiadepamplona.com\/actualidad\/wp-content\/uploads\/2024\/10\/foto-berrueta.webp","articleSection":["Ayto Pamplona"],"inLanguage":"es","potentialAction":[{"@type":"CommentAction","name":"Comment","target":["https:\/\/www.laguiadepamplona.com\/actualidad\/el-ayuntamiento-coloca-una-placa-en-memoria-de-angel-berrueta-en-el-lugar-del-barrio-de-san-juan-donde-fue-asesinado-hace-ahora-20-anos\/#respond"]}]},{"@type":"WebPage","@id":"https:\/\/www.laguiadepamplona.com\/actualidad\/el-ayuntamiento-coloca-una-placa-en-memoria-de-angel-berrueta-en-el-lugar-del-barrio-de-san-juan-donde-fue-asesinado-hace-ahora-20-anos\/","url":"https:\/\/www.laguiadepamplona.com\/actualidad\/el-ayuntamiento-coloca-una-placa-en-memoria-de-angel-berrueta-en-el-lugar-del-barrio-de-san-juan-donde-fue-asesinado-hace-ahora-20-anos\/","name":"El Ayuntamiento coloca una placa en memoria de \u00c1ngel Berrueta en el lugar del barrio de San Juan donde fue asesinado hace ahora 20 a\u00f1os","isPartOf":{"@id":"https:\/\/www.laguiadepamplona.com\/actualidad\/#website"},"primaryImageOfPage":{"@id":"https:\/\/www.laguiadepamplona.com\/actualidad\/el-ayuntamiento-coloca-una-placa-en-memoria-de-angel-berrueta-en-el-lugar-del-barrio-de-san-juan-donde-fue-asesinado-hace-ahora-20-anos\/#primaryimage"},"image":{"@id":"https:\/\/www.laguiadepamplona.com\/actualidad\/el-ayuntamiento-coloca-una-placa-en-memoria-de-angel-berrueta-en-el-lugar-del-barrio-de-san-juan-donde-fue-asesinado-hace-ahora-20-anos\/#primaryimage"},"thumbnailUrl":"https:\/\/www.laguiadepamplona.com\/actualidad\/wp-content\/uploads\/2024\/10\/foto-berrueta.webp","datePublished":"2024-10-11T10:58:09+00:00","description":"El Gobierno foral le reconoci\u00f3 el pasado mes de junio como v\u00edctima de motivaci\u00f3n pol\u00edtica en base a la Ley Foral 16\/2019","breadcrumb":{"@id":"https:\/\/www.laguiadepamplona.com\/actualidad\/el-ayuntamiento-coloca-una-placa-en-memoria-de-angel-berrueta-en-el-lugar-del-barrio-de-san-juan-donde-fue-asesinado-hace-ahora-20-anos\/#breadcrumb"},"inLanguage":"es","potentialAction":[{"@type":"ReadAction","target":["https:\/\/www.laguiadepamplona.com\/actualidad\/el-ayuntamiento-coloca-una-placa-en-memoria-de-angel-berrueta-en-el-lugar-del-barrio-de-san-juan-donde-fue-asesinado-hace-ahora-20-anos\/"]}]},{"@type":"ImageObject","inLanguage":"es","@id":"https:\/\/www.laguiadepamplona.com\/actualidad\/el-ayuntamiento-coloca-una-placa-en-memoria-de-angel-berrueta-en-el-lugar-del-barrio-de-san-juan-donde-fue-asesinado-hace-ahora-20-anos\/#primaryimage","url":"https:\/\/www.laguiadepamplona.com\/actualidad\/wp-content\/uploads\/2024\/10\/foto-berrueta.webp","contentUrl":"https:\/\/www.laguiadepamplona.com\/actualidad\/wp-content\/uploads\/2024\/10\/foto-berrueta.webp","width":1000,"height":862,"caption":"Placa \u00c1ngel Berrueta"},{"@type":"BreadcrumbList","@id":"https:\/\/www.laguiadepamplona.com\/actualidad\/el-ayuntamiento-coloca-una-placa-en-memoria-de-angel-berrueta-en-el-lugar-del-barrio-de-san-juan-donde-fue-asesinado-hace-ahora-20-anos\/#breadcrumb","itemListElement":[{"@type":"ListItem","position":1,"name":"Portada","item":"https:\/\/www.laguiadepamplona.com\/actualidad\/"},{"@type":"ListItem","position":2,"name":"El Ayuntamiento coloca una placa en memoria de \u00c1ngel Berrueta en el lugar del barrio de San Juan donde fue asesinado hace ahora 20 a\u00f1os"}]},{"@type":"WebSite","@id":"https:\/\/www.laguiadepamplona.com\/actualidad\/#website","url":"https:\/\/www.laguiadepamplona.com\/actualidad\/","name":"La gu\u00eda de Pamplona","description":"Noticias de Pamplona","publisher":{"@id":"https:\/\/www.laguiadepamplona.com\/actualidad\/#organization"},"potentialAction":[{"@type":"SearchAction","target":{"@type":"EntryPoint","urlTemplate":"https:\/\/www.laguiadepamplona.com\/actualidad\/?s={search_term_string}"},"query-input":{"@type":"PropertyValueSpecification","valueRequired":true,"valueName":"search_term_string"}}],"inLanguage":"es"},{"@type":"Organization","@id":"https:\/\/www.laguiadepamplona.com\/actualidad\/#organization","name":"La Gu\u00eda de Pamplona \/ Noticias","url":"https:\/\/www.laguiadepamplona.com\/actualidad\/","logo":{"@type":"ImageObject","inLanguage":"es","@id":"https:\/\/www.laguiadepamplona.com\/actualidad\/#\/schema\/logo\/image\/","url":"https:\/\/www.laguiadepamplona.com\/actualidad\/wp-content\/uploads\/2018\/11\/logo-laguiadepamplona18-web1.png","contentUrl":"https:\/\/www.laguiadepamplona.com\/actualidad\/wp-content\/uploads\/2018\/11\/logo-laguiadepamplona18-web1.png","width":600,"height":196,"caption":"La Gu\u00eda de Pamplona \/ Noticias"},"image":{"@id":"https:\/\/www.laguiadepamplona.com\/actualidad\/#\/schema\/logo\/image\/"},"sameAs":["https:\/\/www.facebook.com\/laguiadepamplonacom-133175176762273\/?ref=hl","https:\/\/x.com\/LaGuiadPamplona","https:\/\/www.instagram.com\/la_guia_de_pamplona\/","https:\/\/www.youtube.com\/user\/laguiadepamplona"]},{"@type":"Person","@id":"https:\/\/www.laguiadepamplona.com\/actualidad\/#\/schema\/person\/efe887376f0213d4657c93adc50b1fdb","name":"La Gu\u00eda de Pamplona","image":{"@type":"ImageObject","inLanguage":"es","@id":"https:\/\/secure.gravatar.com\/avatar\/b6992f131dc8d30ab0dff15446e9d346d9dbd95992de0fef795073f5ea83a81c?s=96&d=mm&r=g","url":"https:\/\/secure.gravatar.com\/avatar\/b6992f131dc8d30ab0dff15446e9d346d9dbd95992de0fef795073f5ea83a81c?s=96&d=mm&r=g","contentUrl":"https:\/\/secure.gravatar.com\/avatar\/b6992f131dc8d30ab0dff15446e9d346d9dbd95992de0fef795073f5ea83a81c?s=96&d=mm&r=g","caption":"La Gu\u00eda de Pamplona"}}]}},"post_mailing_queue_ids":[],"_links":{"self":[{"href":"https:\/\/www.laguiadepamplona.com\/actualidad\/wp-json\/wp\/v2\/posts\/51005","targetHints":{"allow":["GET"]}}],"collection":[{"href":"https:\/\/www.laguiadepamplona.com\/actualidad\/wp-json\/wp\/v2\/posts"}],"about":[{"href":"https:\/\/www.laguiadepamplona.com\/actualidad\/wp-json\/wp\/v2\/types\/post"}],"author":[{"embeddable":true,"href":"https:\/\/www.laguiadepamplona.com\/actualidad\/wp-json\/wp\/v2\/users\/1"}],"replies":[{"embeddable":true,"href":"https:\/\/www.laguiadepamplona.com\/actualidad\/wp-json\/wp\/v2\/comments?post=51005"}],"version-history":[{"count":1,"href":"https:\/\/www.laguiadepamplona.com\/actualidad\/wp-json\/wp\/v2\/posts\/51005\/revisions"}],"predecessor-version":[{"id":51007,"href":"https:\/\/www.laguiadepamplona.com\/actualidad\/wp-json\/wp\/v2\/posts\/51005\/revisions\/51007"}],"wp:featuredmedia":[{"embeddable":true,"href":"https:\/\/www.laguiadepamplona.com\/actualidad\/wp-json\/wp\/v2\/media\/51006"}],"wp:attachment":[{"href":"https:\/\/www.laguiadepamplona.com\/actualidad\/wp-json\/wp\/v2\/media?parent=51005"}],"wp:term":[{"taxonomy":"category","embeddable":true,"href":"https:\/\/www.laguiadepamplona.com\/actualidad\/wp-json\/wp\/v2\/categories?post=51005"},{"taxonomy":"post_tag","embeddable":true,"href":"https:\/\/www.laguiadepamplona.com\/actualidad\/wp-json\/wp\/v2\/tags?post=51005"}],"curies":[{"name":"wp","href":"https:\/\/api.w.org\/{rel}","templated":true}]}}