{"id":51003,"date":"2024-10-11T12:56:15","date_gmt":"2024-10-11T10:56:15","guid":{"rendered":"https:\/\/www.laguiadepamplona.com\/actualidad\/?p=51003"},"modified":"2024-10-11T12:56:15","modified_gmt":"2024-10-11T10:56:15","slug":"los-colores-verde-azul-amarillo-y-rosa-iluminan-la-fachada-de-la-casa-consistorial-este-domingo-por-la-celebracion-del-dia-internacional-del-cancer-de-mama-metastasico","status":"publish","type":"post","link":"https:\/\/www.laguiadepamplona.com\/actualidad\/los-colores-verde-azul-amarillo-y-rosa-iluminan-la-fachada-de-la-casa-consistorial-este-domingo-por-la-celebracion-del-dia-internacional-del-cancer-de-mama-metastasico\/","title":{"rendered":"Los colores verde, azul, amarillo y rosa iluminan la fachada de la Casa Consistorial este domingo por la celebraci\u00f3n del D\u00eda Internacional del C\u00e1ncer de Mama Metast\u00e1sico"},"content":{"rendered":"<h2>La jornada difunde el conocimiento de esta dolencia, un c\u00e1ncer de mama que se ha extendido a otras partes del cuerpo en forma de met\u00e1stasis<\/h2>\n<p><!--more--><\/p>\n<p>La fachada de la Casa Consistorial se ilumina este domingo en cuatro colores, verde, azul, amarillo y rosa, para dar mayor visibilidad al D\u00eda Internacional del C\u00e1ncer de Mama Metast\u00e1sico. La jornada busca dar a conocer ese estadio del c\u00e1ncer de mama, que limita la tasa de supervivencia de la enfermedad, y reivindicar m\u00e1s financiaci\u00f3n para investigar y acceso a terapias que mejoren la calidad de vida de las personas afectadas.<\/p>\n<p>El c\u00e1ncer de mama metast\u00e1sico es un c\u00e1ncer de mama que se ha extendido a otras partes del cuerpo en forma de met\u00e1stasis. Conserva las mismas caracter\u00edsticas que el c\u00e1ncer primario, aunque aparezca en un sitio distinto del organismo. Se conoce tambi\u00e9n con el nombre de c\u00e1ncer de mama en estadio IV o c\u00e1ncer adelantado, y carece de cura en la actualidad. Requiere de un tratamiento multidisciplinar, incluido el apoyo psicol\u00f3gico y social, para minimizar sus efectos.<\/p>\n<p>Los s\u00edntomas m\u00e1s frecuentes son dolor continuo en las articulaciones, espalda, cuello y fracturas o inflamaci\u00f3n, as\u00ed como dolores de cabeza, v\u00e9rtigos, mareos y problemas de visi\u00f3n. Estos s\u00edntomas no son indicadores seguros de padecer la enfermedad, por lo que es clave un estudio detallado y un diagn\u00f3stico temprano.<\/p>\n<p>La celebraci\u00f3n del D\u00eda Internacional del C\u00e1ncer de Mama Metast\u00e1sico puede seguirse en redes sociales con el hashtag #M\u00e1sInvestigaci\u00f3nParaM\u00e1sVida.<\/p>\n","protected":false},"excerpt":{"rendered":"<p>La jornada difunde el conocimiento de esta dolencia, un c\u00e1ncer de mama que se ha extendido a otras partes del cuerpo en forma de met\u00e1stasis<\/p>\n","protected":false},"author":1,"featured_media":41287,"comment_status":"open","ping_status":"closed","sticky":false,"template":"","format":"standard","meta":{"footnotes":""},"categories":[2],"tags":[],"class_list":["post-51003","post","type-post","status-publish","format-standard","has-post-thumbnail","hentry","category-ayuntamiento-pamplona"],"yoast_head":"<!-- This site is optimized with the Yoast SEO plugin v27.3 - https:\/\/yoast.com\/product\/yoast-seo-wordpress\/ -->\n<title>Los colores verde, azul, amarillo y rosa iluminan la fachada de la Casa Consistorial este domingo por la celebraci\u00f3n del D\u00eda Internacional del C\u00e1ncer de Mama Metast\u00e1sico<\/title>\n<meta name=\"description\" content=\"La jornada difunde el conocimiento de esta dolencia, un c\u00e1ncer de mama que se ha extendido a otras partes del cuerpo en forma de met\u00e1stasis\" \/>\n<meta name=\"robots\" content=\"index, follow, max-snippet:-1, max-image-preview:large, max-video-preview:-1\" \/>\n<link rel=\"canonical\" href=\"https:\/\/www.laguiadepamplona.com\/actualidad\/los-colores-verde-azul-amarillo-y-rosa-iluminan-la-fachada-de-la-casa-consistorial-este-domingo-por-la-celebracion-del-dia-internacional-del-cancer-de-mama-metastasico\/\" \/>\n<meta property=\"og:locale\" content=\"es_ES\" \/>\n<meta property=\"og:type\" content=\"article\" \/>\n<meta property=\"og:title\" content=\"Los colores verde, azul, amarillo y rosa iluminan la fachada de la Casa Consistorial este domingo por la celebraci\u00f3n del D\u00eda Internacional del C\u00e1ncer de Mama Metast\u00e1sico\" \/>\n<meta property=\"og:description\" content=\"La jornada difunde el conocimiento de esta dolencia, un c\u00e1ncer de mama que se ha extendido a otras partes del cuerpo en forma de met\u00e1stasis\" \/>\n<meta property=\"og:url\" content=\"https:\/\/www.laguiadepamplona.com\/actualidad\/los-colores-verde-azul-amarillo-y-rosa-iluminan-la-fachada-de-la-casa-consistorial-este-domingo-por-la-celebracion-del-dia-internacional-del-cancer-de-mama-metastasico\/\" \/>\n<meta property=\"og:site_name\" content=\"La Gu\u00eda de Pamplona\" \/>\n<meta property=\"article:publisher\" content=\"https:\/\/www.facebook.com\/laguiadepamplonacom-133175176762273\/?ref=hl\" \/>\n<meta property=\"article:published_time\" content=\"2024-10-11T10:56:15+00:00\" \/>\n<meta property=\"og:image\" content=\"https:\/\/www.laguiadepamplona.com\/actualidad\/wp-content\/uploads\/2022\/08\/fachadaazulverde7956.webp\" \/>\n\t<meta property=\"og:image:width\" content=\"1920\" \/>\n\t<meta property=\"og:image:height\" content=\"1280\" \/>\n\t<meta property=\"og:image:type\" content=\"image\/webp\" \/>\n<meta name=\"author\" content=\"La Gu\u00eda de Pamplona\" \/>\n<meta name=\"twitter:card\" content=\"summary_large_image\" \/>\n<meta name=\"twitter:creator\" content=\"@LaGuiadPamplona\" \/>\n<meta name=\"twitter:site\" content=\"@LaGuiadPamplona\" \/>\n<meta name=\"twitter:label1\" content=\"Escrito por\" \/>\n\t<meta name=\"twitter:data1\" content=\"La Gu\u00eda de Pamplona\" \/>\n\t<meta name=\"twitter:label2\" content=\"Tiempo de lectura\" \/>\n\t<meta name=\"twitter:data2\" content=\"2 minutos\" \/>\n<script type=\"application\/ld+json\" class=\"yoast-schema-graph\">{\"@context\":\"https:\\\/\\\/schema.org\",\"@graph\":[{\"@type\":\"Article\",\"@id\":\"https:\\\/\\\/www.laguiadepamplona.com\\\/actualidad\\\/los-colores-verde-azul-amarillo-y-rosa-iluminan-la-fachada-de-la-casa-consistorial-este-domingo-por-la-celebracion-del-dia-internacional-del-cancer-de-mama-metastasico\\\/#article\",\"isPartOf\":{\"@id\":\"https:\\\/\\\/www.laguiadepamplona.com\\\/actualidad\\\/los-colores-verde-azul-amarillo-y-rosa-iluminan-la-fachada-de-la-casa-consistorial-este-domingo-por-la-celebracion-del-dia-internacional-del-cancer-de-mama-metastasico\\\/\"},\"author\":{\"name\":\"La Gu\u00eda de Pamplona\",\"@id\":\"https:\\\/\\\/www.laguiadepamplona.com\\\/actualidad\\\/#\\\/schema\\\/person\\\/efe887376f0213d4657c93adc50b1fdb\"},\"headline\":\"Los colores verde, azul, amarillo y rosa iluminan la fachada de la Casa Consistorial este domingo por la celebraci\u00f3n del D\u00eda Internacional del C\u00e1ncer de Mama Metast\u00e1sico\",\"datePublished\":\"2024-10-11T10:56:15+00:00\",\"mainEntityOfPage\":{\"@id\":\"https:\\\/\\\/www.laguiadepamplona.com\\\/actualidad\\\/los-colores-verde-azul-amarillo-y-rosa-iluminan-la-fachada-de-la-casa-consistorial-este-domingo-por-la-celebracion-del-dia-internacional-del-cancer-de-mama-metastasico\\\/\"},\"wordCount\":304,\"commentCount\":0,\"publisher\":{\"@id\":\"https:\\\/\\\/www.laguiadepamplona.com\\\/actualidad\\\/#organization\"},\"image\":{\"@id\":\"https:\\\/\\\/www.laguiadepamplona.com\\\/actualidad\\\/los-colores-verde-azul-amarillo-y-rosa-iluminan-la-fachada-de-la-casa-consistorial-este-domingo-por-la-celebracion-del-dia-internacional-del-cancer-de-mama-metastasico\\\/#primaryimage\"},\"thumbnailUrl\":\"https:\\\/\\\/www.laguiadepamplona.com\\\/actualidad\\\/wp-content\\\/uploads\\\/2022\\\/08\\\/fachadaazulverde7956.webp\",\"articleSection\":[\"Ayto Pamplona\"],\"inLanguage\":\"es\",\"potentialAction\":[{\"@type\":\"CommentAction\",\"name\":\"Comment\",\"target\":[\"https:\\\/\\\/www.laguiadepamplona.com\\\/actualidad\\\/los-colores-verde-azul-amarillo-y-rosa-iluminan-la-fachada-de-la-casa-consistorial-este-domingo-por-la-celebracion-del-dia-internacional-del-cancer-de-mama-metastasico\\\/#respond\"]}]},{\"@type\":\"WebPage\",\"@id\":\"https:\\\/\\\/www.laguiadepamplona.com\\\/actualidad\\\/los-colores-verde-azul-amarillo-y-rosa-iluminan-la-fachada-de-la-casa-consistorial-este-domingo-por-la-celebracion-del-dia-internacional-del-cancer-de-mama-metastasico\\\/\",\"url\":\"https:\\\/\\\/www.laguiadepamplona.com\\\/actualidad\\\/los-colores-verde-azul-amarillo-y-rosa-iluminan-la-fachada-de-la-casa-consistorial-este-domingo-por-la-celebracion-del-dia-internacional-del-cancer-de-mama-metastasico\\\/\",\"name\":\"Los colores verde, azul, amarillo y rosa iluminan la fachada de la Casa Consistorial este domingo por la celebraci\u00f3n del D\u00eda Internacional del C\u00e1ncer de Mama Metast\u00e1sico\",\"isPartOf\":{\"@id\":\"https:\\\/\\\/www.laguiadepamplona.com\\\/actualidad\\\/#website\"},\"primaryImageOfPage\":{\"@id\":\"https:\\\/\\\/www.laguiadepamplona.com\\\/actualidad\\\/los-colores-verde-azul-amarillo-y-rosa-iluminan-la-fachada-de-la-casa-consistorial-este-domingo-por-la-celebracion-del-dia-internacional-del-cancer-de-mama-metastasico\\\/#primaryimage\"},\"image\":{\"@id\":\"https:\\\/\\\/www.laguiadepamplona.com\\\/actualidad\\\/los-colores-verde-azul-amarillo-y-rosa-iluminan-la-fachada-de-la-casa-consistorial-este-domingo-por-la-celebracion-del-dia-internacional-del-cancer-de-mama-metastasico\\\/#primaryimage\"},\"thumbnailUrl\":\"https:\\\/\\\/www.laguiadepamplona.com\\\/actualidad\\\/wp-content\\\/uploads\\\/2022\\\/08\\\/fachadaazulverde7956.webp\",\"datePublished\":\"2024-10-11T10:56:15+00:00\",\"description\":\"La jornada difunde el conocimiento de esta dolencia, un c\u00e1ncer de mama que se ha extendido a otras partes del cuerpo en forma de met\u00e1stasis\",\"breadcrumb\":{\"@id\":\"https:\\\/\\\/www.laguiadepamplona.com\\\/actualidad\\\/los-colores-verde-azul-amarillo-y-rosa-iluminan-la-fachada-de-la-casa-consistorial-este-domingo-por-la-celebracion-del-dia-internacional-del-cancer-de-mama-metastasico\\\/#breadcrumb\"},\"inLanguage\":\"es\",\"potentialAction\":[{\"@type\":\"ReadAction\",\"target\":[\"https:\\\/\\\/www.laguiadepamplona.com\\\/actualidad\\\/los-colores-verde-azul-amarillo-y-rosa-iluminan-la-fachada-de-la-casa-consistorial-este-domingo-por-la-celebracion-del-dia-internacional-del-cancer-de-mama-metastasico\\\/\"]}]},{\"@type\":\"ImageObject\",\"inLanguage\":\"es\",\"@id\":\"https:\\\/\\\/www.laguiadepamplona.com\\\/actualidad\\\/los-colores-verde-azul-amarillo-y-rosa-iluminan-la-fachada-de-la-casa-consistorial-este-domingo-por-la-celebracion-del-dia-internacional-del-cancer-de-mama-metastasico\\\/#primaryimage\",\"url\":\"https:\\\/\\\/www.laguiadepamplona.com\\\/actualidad\\\/wp-content\\\/uploads\\\/2022\\\/08\\\/fachadaazulverde7956.webp\",\"contentUrl\":\"https:\\\/\\\/www.laguiadepamplona.com\\\/actualidad\\\/wp-content\\\/uploads\\\/2022\\\/08\\\/fachadaazulverde7956.webp\",\"width\":1920,\"height\":1280},{\"@type\":\"BreadcrumbList\",\"@id\":\"https:\\\/\\\/www.laguiadepamplona.com\\\/actualidad\\\/los-colores-verde-azul-amarillo-y-rosa-iluminan-la-fachada-de-la-casa-consistorial-este-domingo-por-la-celebracion-del-dia-internacional-del-cancer-de-mama-metastasico\\\/#breadcrumb\",\"itemListElement\":[{\"@type\":\"ListItem\",\"position\":1,\"name\":\"Portada\",\"item\":\"https:\\\/\\\/www.laguiadepamplona.com\\\/actualidad\\\/\"},{\"@type\":\"ListItem\",\"position\":2,\"name\":\"Los colores verde, azul, amarillo y rosa iluminan la fachada de la Casa Consistorial este domingo por la celebraci\u00f3n del D\u00eda Internacional del C\u00e1ncer de Mama Metast\u00e1sico\"}]},{\"@type\":\"WebSite\",\"@id\":\"https:\\\/\\\/www.laguiadepamplona.com\\\/actualidad\\\/#website\",\"url\":\"https:\\\/\\\/www.laguiadepamplona.com\\\/actualidad\\\/\",\"name\":\"La gu\u00eda de Pamplona\",\"description\":\"Noticias de Pamplona\",\"publisher\":{\"@id\":\"https:\\\/\\\/www.laguiadepamplona.com\\\/actualidad\\\/#organization\"},\"potentialAction\":[{\"@type\":\"SearchAction\",\"target\":{\"@type\":\"EntryPoint\",\"urlTemplate\":\"https:\\\/\\\/www.laguiadepamplona.com\\\/actualidad\\\/?s={search_term_string}\"},\"query-input\":{\"@type\":\"PropertyValueSpecification\",\"valueRequired\":true,\"valueName\":\"search_term_string\"}}],\"inLanguage\":\"es\"},{\"@type\":\"Organization\",\"@id\":\"https:\\\/\\\/www.laguiadepamplona.com\\\/actualidad\\\/#organization\",\"name\":\"La Gu\u00eda de Pamplona \\\/ Noticias\",\"url\":\"https:\\\/\\\/www.laguiadepamplona.com\\\/actualidad\\\/\",\"logo\":{\"@type\":\"ImageObject\",\"inLanguage\":\"es\",\"@id\":\"https:\\\/\\\/www.laguiadepamplona.com\\\/actualidad\\\/#\\\/schema\\\/logo\\\/image\\\/\",\"url\":\"https:\\\/\\\/www.laguiadepamplona.com\\\/actualidad\\\/wp-content\\\/uploads\\\/2018\\\/11\\\/logo-laguiadepamplona18-web1.png\",\"contentUrl\":\"https:\\\/\\\/www.laguiadepamplona.com\\\/actualidad\\\/wp-content\\\/uploads\\\/2018\\\/11\\\/logo-laguiadepamplona18-web1.png\",\"width\":600,\"height\":196,\"caption\":\"La Gu\u00eda de Pamplona \\\/ Noticias\"},\"image\":{\"@id\":\"https:\\\/\\\/www.laguiadepamplona.com\\\/actualidad\\\/#\\\/schema\\\/logo\\\/image\\\/\"},\"sameAs\":[\"https:\\\/\\\/www.facebook.com\\\/laguiadepamplonacom-133175176762273\\\/?ref=hl\",\"https:\\\/\\\/x.com\\\/LaGuiadPamplona\",\"https:\\\/\\\/www.instagram.com\\\/la_guia_de_pamplona\\\/\",\"https:\\\/\\\/www.youtube.com\\\/user\\\/laguiadepamplona\"]},{\"@type\":\"Person\",\"@id\":\"https:\\\/\\\/www.laguiadepamplona.com\\\/actualidad\\\/#\\\/schema\\\/person\\\/efe887376f0213d4657c93adc50b1fdb\",\"name\":\"La Gu\u00eda de Pamplona\",\"image\":{\"@type\":\"ImageObject\",\"inLanguage\":\"es\",\"@id\":\"https:\\\/\\\/secure.gravatar.com\\\/avatar\\\/b6992f131dc8d30ab0dff15446e9d346d9dbd95992de0fef795073f5ea83a81c?s=96&d=mm&r=g\",\"url\":\"https:\\\/\\\/secure.gravatar.com\\\/avatar\\\/b6992f131dc8d30ab0dff15446e9d346d9dbd95992de0fef795073f5ea83a81c?s=96&d=mm&r=g\",\"contentUrl\":\"https:\\\/\\\/secure.gravatar.com\\\/avatar\\\/b6992f131dc8d30ab0dff15446e9d346d9dbd95992de0fef795073f5ea83a81c?s=96&d=mm&r=g\",\"caption\":\"La Gu\u00eda de Pamplona\"}}]}<\/script>\n<!-- \/ Yoast SEO plugin. -->","yoast_head_json":{"title":"Los colores verde, azul, amarillo y rosa iluminan la fachada de la Casa Consistorial este domingo por la celebraci\u00f3n del D\u00eda Internacional del C\u00e1ncer de Mama Metast\u00e1sico","description":"La jornada difunde el conocimiento de esta dolencia, un c\u00e1ncer de mama que se ha extendido a otras partes del cuerpo en forma de met\u00e1stasis","robots":{"index":"index","follow":"follow","max-snippet":"max-snippet:-1","max-image-preview":"max-image-preview:large","max-video-preview":"max-video-preview:-1"},"canonical":"https:\/\/www.laguiadepamplona.com\/actualidad\/los-colores-verde-azul-amarillo-y-rosa-iluminan-la-fachada-de-la-casa-consistorial-este-domingo-por-la-celebracion-del-dia-internacional-del-cancer-de-mama-metastasico\/","og_locale":"es_ES","og_type":"article","og_title":"Los colores verde, azul, amarillo y rosa iluminan la fachada de la Casa Consistorial este domingo por la celebraci\u00f3n del D\u00eda Internacional del C\u00e1ncer de Mama Metast\u00e1sico","og_description":"La jornada difunde el conocimiento de esta dolencia, un c\u00e1ncer de mama que se ha extendido a otras partes del cuerpo en forma de met\u00e1stasis","og_url":"https:\/\/www.laguiadepamplona.com\/actualidad\/los-colores-verde-azul-amarillo-y-rosa-iluminan-la-fachada-de-la-casa-consistorial-este-domingo-por-la-celebracion-del-dia-internacional-del-cancer-de-mama-metastasico\/","og_site_name":"La Gu\u00eda de Pamplona","article_publisher":"https:\/\/www.facebook.com\/laguiadepamplonacom-133175176762273\/?ref=hl","article_published_time":"2024-10-11T10:56:15+00:00","og_image":[{"width":1920,"height":1280,"url":"https:\/\/www.laguiadepamplona.com\/actualidad\/wp-content\/uploads\/2022\/08\/fachadaazulverde7956.webp","type":"image\/webp"}],"author":"La Gu\u00eda de Pamplona","twitter_card":"summary_large_image","twitter_creator":"@LaGuiadPamplona","twitter_site":"@LaGuiadPamplona","twitter_misc":{"Escrito por":"La Gu\u00eda de Pamplona","Tiempo de lectura":"2 minutos"},"schema":{"@context":"https:\/\/schema.org","@graph":[{"@type":"Article","@id":"https:\/\/www.laguiadepamplona.com\/actualidad\/los-colores-verde-azul-amarillo-y-rosa-iluminan-la-fachada-de-la-casa-consistorial-este-domingo-por-la-celebracion-del-dia-internacional-del-cancer-de-mama-metastasico\/#article","isPartOf":{"@id":"https:\/\/www.laguiadepamplona.com\/actualidad\/los-colores-verde-azul-amarillo-y-rosa-iluminan-la-fachada-de-la-casa-consistorial-este-domingo-por-la-celebracion-del-dia-internacional-del-cancer-de-mama-metastasico\/"},"author":{"name":"La Gu\u00eda de Pamplona","@id":"https:\/\/www.laguiadepamplona.com\/actualidad\/#\/schema\/person\/efe887376f0213d4657c93adc50b1fdb"},"headline":"Los colores verde, azul, amarillo y rosa iluminan la fachada de la Casa Consistorial este domingo por la celebraci\u00f3n del D\u00eda Internacional del C\u00e1ncer de Mama Metast\u00e1sico","datePublished":"2024-10-11T10:56:15+00:00","mainEntityOfPage":{"@id":"https:\/\/www.laguiadepamplona.com\/actualidad\/los-colores-verde-azul-amarillo-y-rosa-iluminan-la-fachada-de-la-casa-consistorial-este-domingo-por-la-celebracion-del-dia-internacional-del-cancer-de-mama-metastasico\/"},"wordCount":304,"commentCount":0,"publisher":{"@id":"https:\/\/www.laguiadepamplona.com\/actualidad\/#organization"},"image":{"@id":"https:\/\/www.laguiadepamplona.com\/actualidad\/los-colores-verde-azul-amarillo-y-rosa-iluminan-la-fachada-de-la-casa-consistorial-este-domingo-por-la-celebracion-del-dia-internacional-del-cancer-de-mama-metastasico\/#primaryimage"},"thumbnailUrl":"https:\/\/www.laguiadepamplona.com\/actualidad\/wp-content\/uploads\/2022\/08\/fachadaazulverde7956.webp","articleSection":["Ayto Pamplona"],"inLanguage":"es","potentialAction":[{"@type":"CommentAction","name":"Comment","target":["https:\/\/www.laguiadepamplona.com\/actualidad\/los-colores-verde-azul-amarillo-y-rosa-iluminan-la-fachada-de-la-casa-consistorial-este-domingo-por-la-celebracion-del-dia-internacional-del-cancer-de-mama-metastasico\/#respond"]}]},{"@type":"WebPage","@id":"https:\/\/www.laguiadepamplona.com\/actualidad\/los-colores-verde-azul-amarillo-y-rosa-iluminan-la-fachada-de-la-casa-consistorial-este-domingo-por-la-celebracion-del-dia-internacional-del-cancer-de-mama-metastasico\/","url":"https:\/\/www.laguiadepamplona.com\/actualidad\/los-colores-verde-azul-amarillo-y-rosa-iluminan-la-fachada-de-la-casa-consistorial-este-domingo-por-la-celebracion-del-dia-internacional-del-cancer-de-mama-metastasico\/","name":"Los colores verde, azul, amarillo y rosa iluminan la fachada de la Casa Consistorial este domingo por la celebraci\u00f3n del D\u00eda Internacional del C\u00e1ncer de Mama Metast\u00e1sico","isPartOf":{"@id":"https:\/\/www.laguiadepamplona.com\/actualidad\/#website"},"primaryImageOfPage":{"@id":"https:\/\/www.laguiadepamplona.com\/actualidad\/los-colores-verde-azul-amarillo-y-rosa-iluminan-la-fachada-de-la-casa-consistorial-este-domingo-por-la-celebracion-del-dia-internacional-del-cancer-de-mama-metastasico\/#primaryimage"},"image":{"@id":"https:\/\/www.laguiadepamplona.com\/actualidad\/los-colores-verde-azul-amarillo-y-rosa-iluminan-la-fachada-de-la-casa-consistorial-este-domingo-por-la-celebracion-del-dia-internacional-del-cancer-de-mama-metastasico\/#primaryimage"},"thumbnailUrl":"https:\/\/www.laguiadepamplona.com\/actualidad\/wp-content\/uploads\/2022\/08\/fachadaazulverde7956.webp","datePublished":"2024-10-11T10:56:15+00:00","description":"La jornada difunde el conocimiento de esta dolencia, un c\u00e1ncer de mama que se ha extendido a otras partes del cuerpo en forma de met\u00e1stasis","breadcrumb":{"@id":"https:\/\/www.laguiadepamplona.com\/actualidad\/los-colores-verde-azul-amarillo-y-rosa-iluminan-la-fachada-de-la-casa-consistorial-este-domingo-por-la-celebracion-del-dia-internacional-del-cancer-de-mama-metastasico\/#breadcrumb"},"inLanguage":"es","potentialAction":[{"@type":"ReadAction","target":["https:\/\/www.laguiadepamplona.com\/actualidad\/los-colores-verde-azul-amarillo-y-rosa-iluminan-la-fachada-de-la-casa-consistorial-este-domingo-por-la-celebracion-del-dia-internacional-del-cancer-de-mama-metastasico\/"]}]},{"@type":"ImageObject","inLanguage":"es","@id":"https:\/\/www.laguiadepamplona.com\/actualidad\/los-colores-verde-azul-amarillo-y-rosa-iluminan-la-fachada-de-la-casa-consistorial-este-domingo-por-la-celebracion-del-dia-internacional-del-cancer-de-mama-metastasico\/#primaryimage","url":"https:\/\/www.laguiadepamplona.com\/actualidad\/wp-content\/uploads\/2022\/08\/fachadaazulverde7956.webp","contentUrl":"https:\/\/www.laguiadepamplona.com\/actualidad\/wp-content\/uploads\/2022\/08\/fachadaazulverde7956.webp","width":1920,"height":1280},{"@type":"BreadcrumbList","@id":"https:\/\/www.laguiadepamplona.com\/actualidad\/los-colores-verde-azul-amarillo-y-rosa-iluminan-la-fachada-de-la-casa-consistorial-este-domingo-por-la-celebracion-del-dia-internacional-del-cancer-de-mama-metastasico\/#breadcrumb","itemListElement":[{"@type":"ListItem","position":1,"name":"Portada","item":"https:\/\/www.laguiadepamplona.com\/actualidad\/"},{"@type":"ListItem","position":2,"name":"Los colores verde, azul, amarillo y rosa iluminan la fachada de la Casa Consistorial este domingo por la celebraci\u00f3n del D\u00eda Internacional del C\u00e1ncer de Mama Metast\u00e1sico"}]},{"@type":"WebSite","@id":"https:\/\/www.laguiadepamplona.com\/actualidad\/#website","url":"https:\/\/www.laguiadepamplona.com\/actualidad\/","name":"La gu\u00eda de Pamplona","description":"Noticias de Pamplona","publisher":{"@id":"https:\/\/www.laguiadepamplona.com\/actualidad\/#organization"},"potentialAction":[{"@type":"SearchAction","target":{"@type":"EntryPoint","urlTemplate":"https:\/\/www.laguiadepamplona.com\/actualidad\/?s={search_term_string}"},"query-input":{"@type":"PropertyValueSpecification","valueRequired":true,"valueName":"search_term_string"}}],"inLanguage":"es"},{"@type":"Organization","@id":"https:\/\/www.laguiadepamplona.com\/actualidad\/#organization","name":"La Gu\u00eda de Pamplona \/ Noticias","url":"https:\/\/www.laguiadepamplona.com\/actualidad\/","logo":{"@type":"ImageObject","inLanguage":"es","@id":"https:\/\/www.laguiadepamplona.com\/actualidad\/#\/schema\/logo\/image\/","url":"https:\/\/www.laguiadepamplona.com\/actualidad\/wp-content\/uploads\/2018\/11\/logo-laguiadepamplona18-web1.png","contentUrl":"https:\/\/www.laguiadepamplona.com\/actualidad\/wp-content\/uploads\/2018\/11\/logo-laguiadepamplona18-web1.png","width":600,"height":196,"caption":"La Gu\u00eda de Pamplona \/ Noticias"},"image":{"@id":"https:\/\/www.laguiadepamplona.com\/actualidad\/#\/schema\/logo\/image\/"},"sameAs":["https:\/\/www.facebook.com\/laguiadepamplonacom-133175176762273\/?ref=hl","https:\/\/x.com\/LaGuiadPamplona","https:\/\/www.instagram.com\/la_guia_de_pamplona\/","https:\/\/www.youtube.com\/user\/laguiadepamplona"]},{"@type":"Person","@id":"https:\/\/www.laguiadepamplona.com\/actualidad\/#\/schema\/person\/efe887376f0213d4657c93adc50b1fdb","name":"La Gu\u00eda de Pamplona","image":{"@type":"ImageObject","inLanguage":"es","@id":"https:\/\/secure.gravatar.com\/avatar\/b6992f131dc8d30ab0dff15446e9d346d9dbd95992de0fef795073f5ea83a81c?s=96&d=mm&r=g","url":"https:\/\/secure.gravatar.com\/avatar\/b6992f131dc8d30ab0dff15446e9d346d9dbd95992de0fef795073f5ea83a81c?s=96&d=mm&r=g","contentUrl":"https:\/\/secure.gravatar.com\/avatar\/b6992f131dc8d30ab0dff15446e9d346d9dbd95992de0fef795073f5ea83a81c?s=96&d=mm&r=g","caption":"La Gu\u00eda de Pamplona"}}]}},"post_mailing_queue_ids":[],"_links":{"self":[{"href":"https:\/\/www.laguiadepamplona.com\/actualidad\/wp-json\/wp\/v2\/posts\/51003","targetHints":{"allow":["GET"]}}],"collection":[{"href":"https:\/\/www.laguiadepamplona.com\/actualidad\/wp-json\/wp\/v2\/posts"}],"about":[{"href":"https:\/\/www.laguiadepamplona.com\/actualidad\/wp-json\/wp\/v2\/types\/post"}],"author":[{"embeddable":true,"href":"https:\/\/www.laguiadepamplona.com\/actualidad\/wp-json\/wp\/v2\/users\/1"}],"replies":[{"embeddable":true,"href":"https:\/\/www.laguiadepamplona.com\/actualidad\/wp-json\/wp\/v2\/comments?post=51003"}],"version-history":[{"count":1,"href":"https:\/\/www.laguiadepamplona.com\/actualidad\/wp-json\/wp\/v2\/posts\/51003\/revisions"}],"predecessor-version":[{"id":51004,"href":"https:\/\/www.laguiadepamplona.com\/actualidad\/wp-json\/wp\/v2\/posts\/51003\/revisions\/51004"}],"wp:featuredmedia":[{"embeddable":true,"href":"https:\/\/www.laguiadepamplona.com\/actualidad\/wp-json\/wp\/v2\/media\/41287"}],"wp:attachment":[{"href":"https:\/\/www.laguiadepamplona.com\/actualidad\/wp-json\/wp\/v2\/media?parent=51003"}],"wp:term":[{"taxonomy":"category","embeddable":true,"href":"https:\/\/www.laguiadepamplona.com\/actualidad\/wp-json\/wp\/v2\/categories?post=51003"},{"taxonomy":"post_tag","embeddable":true,"href":"https:\/\/www.laguiadepamplona.com\/actualidad\/wp-json\/wp\/v2\/tags?post=51003"}],"curies":[{"name":"wp","href":"https:\/\/api.w.org\/{rel}","templated":true}]}}