{"id":51000,"date":"2024-10-11T12:54:55","date_gmt":"2024-10-11T10:54:55","guid":{"rendered":"https:\/\/www.laguiadepamplona.com\/actualidad\/?p=51000"},"modified":"2024-10-11T12:54:55","modified_gmt":"2024-10-11T10:54:55","slug":"el-ciclo-confluencias-miradas-hacia-otras-disciplinas-apuesta-este-martes-por-el-arte-en-su-segundo-encuentro-divulgar-arte-reparando-siglos-de-misoginia","status":"publish","type":"post","link":"https:\/\/www.laguiadepamplona.com\/actualidad\/el-ciclo-confluencias-miradas-hacia-otras-disciplinas-apuesta-este-martes-por-el-arte-en-su-segundo-encuentro-divulgar-arte-reparando-siglos-de-misoginia\/","title":{"rendered":"El ciclo \u2018Confluencias: miradas hacia otras disciplinas\u2019 apuesta este martes por el arte en su segundo encuentro, \u2018Divulgar arte: reparando siglos de misoginia\u2019"},"content":{"rendered":"<h2>La Sala de Armas de la Ciudadela acoge la conversaci\u00f3n entre las expertas Coco D\u00e1vez y Eugenia Tenenbaum, moderadas por Zuri\u00f1e Laf\u00f3n<\/h2>\n<p><!--more--><\/p>\n<p>La Sala de Armas acoge este martes, a las 19 horas, el segundo encuentro del ciclo \u2018Confluencias: miradas hacia otras disciplinas\u2019, centrado en el arte. Con el t\u00edtulo \u2018Divulgar arte: reparando siglos de misoginia\u2019, la artista multidisciplinar Valeria Palmeiro, m\u00e1s conocida como Coco D\u00e1vez, y la historiadora del arte especializada en perspectiva de g\u00e9nero y cr\u00edtica de arte Eugenia Tenenbaum dialogar\u00e1n, moderadas por Zuri\u00f1e Laf\u00f3n, investigadora y docente universitaria sobre Cultura Visual.<\/p>\n<p>El ciclo, organizado por el Ayuntamiento de Pamplona y comisariado por Nerea Madariaga y Carolina Otamendi, creadoras del festival literario \u2018Letraheridas\u2019 y del ciclo \u2018Oh, diosas amadas\u2019, tiene por objetivo generar un espacio de encuentro, di\u00e1logo y reflexi\u00f3n con mujeres de distintos \u00e1mbitos creativos. La segunda sesi\u00f3n se centra, desde un punto de vista de g\u00e9nero, en la difusi\u00f3n y las narrativas sobre al arte y la importancia de las redes sociales para llegar a audiencias masivas y conectar con personas j\u00f3venes; a las pr\u00e1cticas y vocaciones art\u00edsticas; a la situaci\u00f3n del sector, a si es posible dedicarse al arte, etc\u00e9tera.<\/p>\n<p>Las invitadas a esta segunda sesi\u00f3n destacan en el arte joven y contempor\u00e1neo, y aportan su perspectiva combinando la pr\u00e1ctica art\u00edstica y la teor\u00eda. Valeria Palmeiro, m\u00e1s conocida como Coco D\u00e1vez, es una artista que desarrolla su carrera en diferentes campos: pintura, fotograf\u00eda, comunicaci\u00f3n y direcci\u00f3n de arte. Su colorido universo sigue propiciando colaboraciones con marcas como Chanel, Shiseido, Netflix, Kenzo, Dior, Prada, Vogue, Jean Paul Gaultier, New Balance, Loewe, Playstation, Bombay Sapphire o Vans. Ha expuesto su trabajo en ciudades como Londres, Hong Kong, Par\u00eds, Queensland, Miami, Lisboa, Barcelona, Madrid o Santiago De Chile. En 2018 publica su primer libro, \u2018Faceless\u2019, en la editorial Lunwerg (Planeta). En 2021 lanza su proyecto m\u00e1s personal: el podcast \u00abParticipantes para un delirio\u00bb. Ha sido elegida en varias ocasiones por la revista \u2018Forbes\u2019 como referente en el mundo del arte.<\/p>\n<p>La historiadora Eugenia Tenenbaum se dedica a la divulgaci\u00f3n cultural y la cr\u00edtica de arte en redes sociales, principalmente Instagram y Patreon. Como comunicadora tambi\u00e9n trabaja impartiendo visitas guiadas, ponencias y talleres sobre arte, feminismos y el impacto que tienen las relaciones de g\u00e9nero en la creaci\u00f3n, recepci\u00f3n y difusi\u00f3n de la producci\u00f3n art\u00edstica en congresos, universidades, institutos, museos y otros espacios. En 2022 public\u00f3 su primer libro, \u2018La mirada inquieta\u2019, un ensayo sobre arte, y en 2023 su primer trabajo de ficci\u00f3n, \u2018Las mujeres detr\u00e1s de Picasso\u2019.<\/p>\n<p>El encuentro lo modera Zuri\u00f1e Laf\u00f3n, investigadora y docente universitaria sobre Cultura Visual. Ha impartido clases en la Universidad de Navarra, Universitat Internacional de Catalunya, Universidad de La Rioja y Universidad de Montevideo; ha trabajado en \u00e1reas culturales de otras empresas e instituciones como El Correo Bilbao o el Museo Thyssen-Bornemisza. Comparte divulgaci\u00f3n sobre im\u00e1genes contempor\u00e1neas desde su proyecto \u2018Atelier de im\u00e1genes\u2019, un espacio dedicado a pensar la pintura, la fotograf\u00eda y el cine. Actualmente, se halla inmersa en la escritura del libro \u2018Deshabitar el encuadre\u2019, una investigaci\u00f3n sobre algunos archivos fotogr\u00e1ficos de mujeres en Espa\u00f1a.<\/p>\n<p>&nbsp;<\/p>\n<h3>\u2018Confluencias: miradas hacia otras disciplinas\u2019. Sala de Armas, Ciudadela<\/h3>\n<ul>\n<li>Martes 15 de octubre. 19 horas. Arte\n<ul>\n<li>\u2018Divulgar arte: reparando siglos de misoginia\u2019<\/li>\n<li>Encuentro entre Coco D\u00e1vez y Eugenia Tenenbaum<\/li>\n<li>Facilitado por Zuri\u00f1e Laf\u00f3n<\/li>\n<\/ul>\n<\/li>\n<li>S\u00e1bado 9 de noviembre. 12 horas. Podcast en directo\n<ul>\n<li>Realizaci\u00f3n en directo del podcast feminista cultural \u2018Ciberlocutorio\u2019, de Anna Pacheco y Andrea Gumes<\/li>\n<\/ul>\n<\/li>\n<li>Jueves 12 de diciembre. 19 horas. M\u00fasica\n<ul>\n<li>Encuentro entre Miren Iza (Tulsa) y Lorena \u00c1lvarez<\/li>\n<li>Mini concierto posterior de ambas, poniendo en di\u00e1logo sus canciones<\/li>\n<li>Facilitado por Laura Torre (Melenas)<\/li>\n<\/ul>\n<\/li>\n<\/ul>\n","protected":false},"excerpt":{"rendered":"<p>La Sala de Armas de la Ciudadela acoge la conversaci\u00f3n entre las expertas Coco D\u00e1vez y Eugenia Tenenbaum, moderadas por Zuri\u00f1e Laf\u00f3n<\/p>\n","protected":false},"author":1,"featured_media":51001,"comment_status":"open","ping_status":"closed","sticky":false,"template":"","format":"standard","meta":{"footnotes":""},"categories":[2],"tags":[],"class_list":["post-51000","post","type-post","status-publish","format-standard","has-post-thumbnail","hentry","category-ayuntamiento-pamplona"],"yoast_head":"<!-- This site is optimized with the Yoast SEO plugin v27.3 - https:\/\/yoast.com\/product\/yoast-seo-wordpress\/ -->\n<title>El ciclo \u2018Confluencias: miradas hacia otras disciplinas\u2019 apuesta este martes por el arte en su segundo encuentro, \u2018Divulgar arte: reparando siglos de misoginia\u2019<\/title>\n<meta name=\"description\" content=\"La Sala de Armas de la Ciudadela acoge la conversaci\u00f3n entre las expertas Coco D\u00e1vez y Eugenia Tenenbaum, moderadas por Zuri\u00f1e Laf\u00f3n\" \/>\n<meta name=\"robots\" content=\"index, follow, max-snippet:-1, max-image-preview:large, max-video-preview:-1\" \/>\n<link rel=\"canonical\" href=\"https:\/\/www.laguiadepamplona.com\/actualidad\/el-ciclo-confluencias-miradas-hacia-otras-disciplinas-apuesta-este-martes-por-el-arte-en-su-segundo-encuentro-divulgar-arte-reparando-siglos-de-misoginia\/\" \/>\n<meta property=\"og:locale\" content=\"es_ES\" \/>\n<meta property=\"og:type\" content=\"article\" \/>\n<meta property=\"og:title\" content=\"El ciclo \u2018Confluencias: miradas hacia otras disciplinas\u2019 apuesta este martes por el arte en su segundo encuentro, \u2018Divulgar arte: reparando siglos de misoginia\u2019\" \/>\n<meta property=\"og:description\" content=\"La Sala de Armas de la Ciudadela acoge la conversaci\u00f3n entre las expertas Coco D\u00e1vez y Eugenia Tenenbaum, moderadas por Zuri\u00f1e Laf\u00f3n\" \/>\n<meta property=\"og:url\" content=\"https:\/\/www.laguiadepamplona.com\/actualidad\/el-ciclo-confluencias-miradas-hacia-otras-disciplinas-apuesta-este-martes-por-el-arte-en-su-segundo-encuentro-divulgar-arte-reparando-siglos-de-misoginia\/\" \/>\n<meta property=\"og:site_name\" content=\"La Gu\u00eda de Pamplona\" \/>\n<meta property=\"article:publisher\" content=\"https:\/\/www.facebook.com\/laguiadepamplonacom-133175176762273\/?ref=hl\" \/>\n<meta property=\"article:published_time\" content=\"2024-10-11T10:54:55+00:00\" \/>\n<meta property=\"og:image\" content=\"https:\/\/www.laguiadepamplona.com\/actualidad\/wp-content\/uploads\/2024\/10\/confluencias_web_m.webp\" \/>\n\t<meta property=\"og:image:width\" content=\"1000\" \/>\n\t<meta property=\"og:image:height\" content=\"667\" \/>\n\t<meta property=\"og:image:type\" content=\"image\/webp\" \/>\n<meta name=\"author\" content=\"La Gu\u00eda de Pamplona\" \/>\n<meta name=\"twitter:card\" content=\"summary_large_image\" \/>\n<meta name=\"twitter:creator\" content=\"@LaGuiadPamplona\" \/>\n<meta name=\"twitter:site\" content=\"@LaGuiadPamplona\" \/>\n<meta name=\"twitter:label1\" content=\"Escrito por\" \/>\n\t<meta name=\"twitter:data1\" content=\"La Gu\u00eda de Pamplona\" \/>\n\t<meta name=\"twitter:label2\" content=\"Tiempo de lectura\" \/>\n\t<meta name=\"twitter:data2\" content=\"3 minutos\" \/>\n<script type=\"application\/ld+json\" class=\"yoast-schema-graph\">{\"@context\":\"https:\\\/\\\/schema.org\",\"@graph\":[{\"@type\":\"Article\",\"@id\":\"https:\\\/\\\/www.laguiadepamplona.com\\\/actualidad\\\/el-ciclo-confluencias-miradas-hacia-otras-disciplinas-apuesta-este-martes-por-el-arte-en-su-segundo-encuentro-divulgar-arte-reparando-siglos-de-misoginia\\\/#article\",\"isPartOf\":{\"@id\":\"https:\\\/\\\/www.laguiadepamplona.com\\\/actualidad\\\/el-ciclo-confluencias-miradas-hacia-otras-disciplinas-apuesta-este-martes-por-el-arte-en-su-segundo-encuentro-divulgar-arte-reparando-siglos-de-misoginia\\\/\"},\"author\":{\"name\":\"La Gu\u00eda de Pamplona\",\"@id\":\"https:\\\/\\\/www.laguiadepamplona.com\\\/actualidad\\\/#\\\/schema\\\/person\\\/efe887376f0213d4657c93adc50b1fdb\"},\"headline\":\"El ciclo \u2018Confluencias: miradas hacia otras disciplinas\u2019 apuesta este martes por el arte en su segundo encuentro, \u2018Divulgar arte: reparando siglos de misoginia\u2019\",\"datePublished\":\"2024-10-11T10:54:55+00:00\",\"mainEntityOfPage\":{\"@id\":\"https:\\\/\\\/www.laguiadepamplona.com\\\/actualidad\\\/el-ciclo-confluencias-miradas-hacia-otras-disciplinas-apuesta-este-martes-por-el-arte-en-su-segundo-encuentro-divulgar-arte-reparando-siglos-de-misoginia\\\/\"},\"wordCount\":677,\"commentCount\":0,\"publisher\":{\"@id\":\"https:\\\/\\\/www.laguiadepamplona.com\\\/actualidad\\\/#organization\"},\"image\":{\"@id\":\"https:\\\/\\\/www.laguiadepamplona.com\\\/actualidad\\\/el-ciclo-confluencias-miradas-hacia-otras-disciplinas-apuesta-este-martes-por-el-arte-en-su-segundo-encuentro-divulgar-arte-reparando-siglos-de-misoginia\\\/#primaryimage\"},\"thumbnailUrl\":\"https:\\\/\\\/www.laguiadepamplona.com\\\/actualidad\\\/wp-content\\\/uploads\\\/2024\\\/10\\\/confluencias_web_m.webp\",\"articleSection\":[\"Ayto Pamplona\"],\"inLanguage\":\"es\",\"potentialAction\":[{\"@type\":\"CommentAction\",\"name\":\"Comment\",\"target\":[\"https:\\\/\\\/www.laguiadepamplona.com\\\/actualidad\\\/el-ciclo-confluencias-miradas-hacia-otras-disciplinas-apuesta-este-martes-por-el-arte-en-su-segundo-encuentro-divulgar-arte-reparando-siglos-de-misoginia\\\/#respond\"]}]},{\"@type\":\"WebPage\",\"@id\":\"https:\\\/\\\/www.laguiadepamplona.com\\\/actualidad\\\/el-ciclo-confluencias-miradas-hacia-otras-disciplinas-apuesta-este-martes-por-el-arte-en-su-segundo-encuentro-divulgar-arte-reparando-siglos-de-misoginia\\\/\",\"url\":\"https:\\\/\\\/www.laguiadepamplona.com\\\/actualidad\\\/el-ciclo-confluencias-miradas-hacia-otras-disciplinas-apuesta-este-martes-por-el-arte-en-su-segundo-encuentro-divulgar-arte-reparando-siglos-de-misoginia\\\/\",\"name\":\"El ciclo \u2018Confluencias: miradas hacia otras disciplinas\u2019 apuesta este martes por el arte en su segundo encuentro, \u2018Divulgar arte: reparando siglos de misoginia\u2019\",\"isPartOf\":{\"@id\":\"https:\\\/\\\/www.laguiadepamplona.com\\\/actualidad\\\/#website\"},\"primaryImageOfPage\":{\"@id\":\"https:\\\/\\\/www.laguiadepamplona.com\\\/actualidad\\\/el-ciclo-confluencias-miradas-hacia-otras-disciplinas-apuesta-este-martes-por-el-arte-en-su-segundo-encuentro-divulgar-arte-reparando-siglos-de-misoginia\\\/#primaryimage\"},\"image\":{\"@id\":\"https:\\\/\\\/www.laguiadepamplona.com\\\/actualidad\\\/el-ciclo-confluencias-miradas-hacia-otras-disciplinas-apuesta-este-martes-por-el-arte-en-su-segundo-encuentro-divulgar-arte-reparando-siglos-de-misoginia\\\/#primaryimage\"},\"thumbnailUrl\":\"https:\\\/\\\/www.laguiadepamplona.com\\\/actualidad\\\/wp-content\\\/uploads\\\/2024\\\/10\\\/confluencias_web_m.webp\",\"datePublished\":\"2024-10-11T10:54:55+00:00\",\"description\":\"La Sala de Armas de la Ciudadela acoge la conversaci\u00f3n entre las expertas Coco D\u00e1vez y Eugenia Tenenbaum, moderadas por Zuri\u00f1e Laf\u00f3n\",\"breadcrumb\":{\"@id\":\"https:\\\/\\\/www.laguiadepamplona.com\\\/actualidad\\\/el-ciclo-confluencias-miradas-hacia-otras-disciplinas-apuesta-este-martes-por-el-arte-en-su-segundo-encuentro-divulgar-arte-reparando-siglos-de-misoginia\\\/#breadcrumb\"},\"inLanguage\":\"es\",\"potentialAction\":[{\"@type\":\"ReadAction\",\"target\":[\"https:\\\/\\\/www.laguiadepamplona.com\\\/actualidad\\\/el-ciclo-confluencias-miradas-hacia-otras-disciplinas-apuesta-este-martes-por-el-arte-en-su-segundo-encuentro-divulgar-arte-reparando-siglos-de-misoginia\\\/\"]}]},{\"@type\":\"ImageObject\",\"inLanguage\":\"es\",\"@id\":\"https:\\\/\\\/www.laguiadepamplona.com\\\/actualidad\\\/el-ciclo-confluencias-miradas-hacia-otras-disciplinas-apuesta-este-martes-por-el-arte-en-su-segundo-encuentro-divulgar-arte-reparando-siglos-de-misoginia\\\/#primaryimage\",\"url\":\"https:\\\/\\\/www.laguiadepamplona.com\\\/actualidad\\\/wp-content\\\/uploads\\\/2024\\\/10\\\/confluencias_web_m.webp\",\"contentUrl\":\"https:\\\/\\\/www.laguiadepamplona.com\\\/actualidad\\\/wp-content\\\/uploads\\\/2024\\\/10\\\/confluencias_web_m.webp\",\"width\":1000,\"height\":667,\"caption\":\"confluencias\"},{\"@type\":\"BreadcrumbList\",\"@id\":\"https:\\\/\\\/www.laguiadepamplona.com\\\/actualidad\\\/el-ciclo-confluencias-miradas-hacia-otras-disciplinas-apuesta-este-martes-por-el-arte-en-su-segundo-encuentro-divulgar-arte-reparando-siglos-de-misoginia\\\/#breadcrumb\",\"itemListElement\":[{\"@type\":\"ListItem\",\"position\":1,\"name\":\"Portada\",\"item\":\"https:\\\/\\\/www.laguiadepamplona.com\\\/actualidad\\\/\"},{\"@type\":\"ListItem\",\"position\":2,\"name\":\"El ciclo \u2018Confluencias: miradas hacia otras disciplinas\u2019 apuesta este martes por el arte en su segundo encuentro, \u2018Divulgar arte: reparando siglos de misoginia\u2019\"}]},{\"@type\":\"WebSite\",\"@id\":\"https:\\\/\\\/www.laguiadepamplona.com\\\/actualidad\\\/#website\",\"url\":\"https:\\\/\\\/www.laguiadepamplona.com\\\/actualidad\\\/\",\"name\":\"La gu\u00eda de Pamplona\",\"description\":\"Noticias de Pamplona\",\"publisher\":{\"@id\":\"https:\\\/\\\/www.laguiadepamplona.com\\\/actualidad\\\/#organization\"},\"potentialAction\":[{\"@type\":\"SearchAction\",\"target\":{\"@type\":\"EntryPoint\",\"urlTemplate\":\"https:\\\/\\\/www.laguiadepamplona.com\\\/actualidad\\\/?s={search_term_string}\"},\"query-input\":{\"@type\":\"PropertyValueSpecification\",\"valueRequired\":true,\"valueName\":\"search_term_string\"}}],\"inLanguage\":\"es\"},{\"@type\":\"Organization\",\"@id\":\"https:\\\/\\\/www.laguiadepamplona.com\\\/actualidad\\\/#organization\",\"name\":\"La Gu\u00eda de Pamplona \\\/ Noticias\",\"url\":\"https:\\\/\\\/www.laguiadepamplona.com\\\/actualidad\\\/\",\"logo\":{\"@type\":\"ImageObject\",\"inLanguage\":\"es\",\"@id\":\"https:\\\/\\\/www.laguiadepamplona.com\\\/actualidad\\\/#\\\/schema\\\/logo\\\/image\\\/\",\"url\":\"https:\\\/\\\/www.laguiadepamplona.com\\\/actualidad\\\/wp-content\\\/uploads\\\/2018\\\/11\\\/logo-laguiadepamplona18-web1.png\",\"contentUrl\":\"https:\\\/\\\/www.laguiadepamplona.com\\\/actualidad\\\/wp-content\\\/uploads\\\/2018\\\/11\\\/logo-laguiadepamplona18-web1.png\",\"width\":600,\"height\":196,\"caption\":\"La Gu\u00eda de Pamplona \\\/ Noticias\"},\"image\":{\"@id\":\"https:\\\/\\\/www.laguiadepamplona.com\\\/actualidad\\\/#\\\/schema\\\/logo\\\/image\\\/\"},\"sameAs\":[\"https:\\\/\\\/www.facebook.com\\\/laguiadepamplonacom-133175176762273\\\/?ref=hl\",\"https:\\\/\\\/x.com\\\/LaGuiadPamplona\",\"https:\\\/\\\/www.instagram.com\\\/la_guia_de_pamplona\\\/\",\"https:\\\/\\\/www.youtube.com\\\/user\\\/laguiadepamplona\"]},{\"@type\":\"Person\",\"@id\":\"https:\\\/\\\/www.laguiadepamplona.com\\\/actualidad\\\/#\\\/schema\\\/person\\\/efe887376f0213d4657c93adc50b1fdb\",\"name\":\"La Gu\u00eda de Pamplona\",\"image\":{\"@type\":\"ImageObject\",\"inLanguage\":\"es\",\"@id\":\"https:\\\/\\\/secure.gravatar.com\\\/avatar\\\/b6992f131dc8d30ab0dff15446e9d346d9dbd95992de0fef795073f5ea83a81c?s=96&d=mm&r=g\",\"url\":\"https:\\\/\\\/secure.gravatar.com\\\/avatar\\\/b6992f131dc8d30ab0dff15446e9d346d9dbd95992de0fef795073f5ea83a81c?s=96&d=mm&r=g\",\"contentUrl\":\"https:\\\/\\\/secure.gravatar.com\\\/avatar\\\/b6992f131dc8d30ab0dff15446e9d346d9dbd95992de0fef795073f5ea83a81c?s=96&d=mm&r=g\",\"caption\":\"La Gu\u00eda de Pamplona\"}}]}<\/script>\n<!-- \/ Yoast SEO plugin. -->","yoast_head_json":{"title":"El ciclo \u2018Confluencias: miradas hacia otras disciplinas\u2019 apuesta este martes por el arte en su segundo encuentro, \u2018Divulgar arte: reparando siglos de misoginia\u2019","description":"La Sala de Armas de la Ciudadela acoge la conversaci\u00f3n entre las expertas Coco D\u00e1vez y Eugenia Tenenbaum, moderadas por Zuri\u00f1e Laf\u00f3n","robots":{"index":"index","follow":"follow","max-snippet":"max-snippet:-1","max-image-preview":"max-image-preview:large","max-video-preview":"max-video-preview:-1"},"canonical":"https:\/\/www.laguiadepamplona.com\/actualidad\/el-ciclo-confluencias-miradas-hacia-otras-disciplinas-apuesta-este-martes-por-el-arte-en-su-segundo-encuentro-divulgar-arte-reparando-siglos-de-misoginia\/","og_locale":"es_ES","og_type":"article","og_title":"El ciclo \u2018Confluencias: miradas hacia otras disciplinas\u2019 apuesta este martes por el arte en su segundo encuentro, \u2018Divulgar arte: reparando siglos de misoginia\u2019","og_description":"La Sala de Armas de la Ciudadela acoge la conversaci\u00f3n entre las expertas Coco D\u00e1vez y Eugenia Tenenbaum, moderadas por Zuri\u00f1e Laf\u00f3n","og_url":"https:\/\/www.laguiadepamplona.com\/actualidad\/el-ciclo-confluencias-miradas-hacia-otras-disciplinas-apuesta-este-martes-por-el-arte-en-su-segundo-encuentro-divulgar-arte-reparando-siglos-de-misoginia\/","og_site_name":"La Gu\u00eda de Pamplona","article_publisher":"https:\/\/www.facebook.com\/laguiadepamplonacom-133175176762273\/?ref=hl","article_published_time":"2024-10-11T10:54:55+00:00","og_image":[{"width":1000,"height":667,"url":"https:\/\/www.laguiadepamplona.com\/actualidad\/wp-content\/uploads\/2024\/10\/confluencias_web_m.webp","type":"image\/webp"}],"author":"La Gu\u00eda de Pamplona","twitter_card":"summary_large_image","twitter_creator":"@LaGuiadPamplona","twitter_site":"@LaGuiadPamplona","twitter_misc":{"Escrito por":"La Gu\u00eda de Pamplona","Tiempo de lectura":"3 minutos"},"schema":{"@context":"https:\/\/schema.org","@graph":[{"@type":"Article","@id":"https:\/\/www.laguiadepamplona.com\/actualidad\/el-ciclo-confluencias-miradas-hacia-otras-disciplinas-apuesta-este-martes-por-el-arte-en-su-segundo-encuentro-divulgar-arte-reparando-siglos-de-misoginia\/#article","isPartOf":{"@id":"https:\/\/www.laguiadepamplona.com\/actualidad\/el-ciclo-confluencias-miradas-hacia-otras-disciplinas-apuesta-este-martes-por-el-arte-en-su-segundo-encuentro-divulgar-arte-reparando-siglos-de-misoginia\/"},"author":{"name":"La Gu\u00eda de Pamplona","@id":"https:\/\/www.laguiadepamplona.com\/actualidad\/#\/schema\/person\/efe887376f0213d4657c93adc50b1fdb"},"headline":"El ciclo \u2018Confluencias: miradas hacia otras disciplinas\u2019 apuesta este martes por el arte en su segundo encuentro, \u2018Divulgar arte: reparando siglos de misoginia\u2019","datePublished":"2024-10-11T10:54:55+00:00","mainEntityOfPage":{"@id":"https:\/\/www.laguiadepamplona.com\/actualidad\/el-ciclo-confluencias-miradas-hacia-otras-disciplinas-apuesta-este-martes-por-el-arte-en-su-segundo-encuentro-divulgar-arte-reparando-siglos-de-misoginia\/"},"wordCount":677,"commentCount":0,"publisher":{"@id":"https:\/\/www.laguiadepamplona.com\/actualidad\/#organization"},"image":{"@id":"https:\/\/www.laguiadepamplona.com\/actualidad\/el-ciclo-confluencias-miradas-hacia-otras-disciplinas-apuesta-este-martes-por-el-arte-en-su-segundo-encuentro-divulgar-arte-reparando-siglos-de-misoginia\/#primaryimage"},"thumbnailUrl":"https:\/\/www.laguiadepamplona.com\/actualidad\/wp-content\/uploads\/2024\/10\/confluencias_web_m.webp","articleSection":["Ayto Pamplona"],"inLanguage":"es","potentialAction":[{"@type":"CommentAction","name":"Comment","target":["https:\/\/www.laguiadepamplona.com\/actualidad\/el-ciclo-confluencias-miradas-hacia-otras-disciplinas-apuesta-este-martes-por-el-arte-en-su-segundo-encuentro-divulgar-arte-reparando-siglos-de-misoginia\/#respond"]}]},{"@type":"WebPage","@id":"https:\/\/www.laguiadepamplona.com\/actualidad\/el-ciclo-confluencias-miradas-hacia-otras-disciplinas-apuesta-este-martes-por-el-arte-en-su-segundo-encuentro-divulgar-arte-reparando-siglos-de-misoginia\/","url":"https:\/\/www.laguiadepamplona.com\/actualidad\/el-ciclo-confluencias-miradas-hacia-otras-disciplinas-apuesta-este-martes-por-el-arte-en-su-segundo-encuentro-divulgar-arte-reparando-siglos-de-misoginia\/","name":"El ciclo \u2018Confluencias: miradas hacia otras disciplinas\u2019 apuesta este martes por el arte en su segundo encuentro, \u2018Divulgar arte: reparando siglos de misoginia\u2019","isPartOf":{"@id":"https:\/\/www.laguiadepamplona.com\/actualidad\/#website"},"primaryImageOfPage":{"@id":"https:\/\/www.laguiadepamplona.com\/actualidad\/el-ciclo-confluencias-miradas-hacia-otras-disciplinas-apuesta-este-martes-por-el-arte-en-su-segundo-encuentro-divulgar-arte-reparando-siglos-de-misoginia\/#primaryimage"},"image":{"@id":"https:\/\/www.laguiadepamplona.com\/actualidad\/el-ciclo-confluencias-miradas-hacia-otras-disciplinas-apuesta-este-martes-por-el-arte-en-su-segundo-encuentro-divulgar-arte-reparando-siglos-de-misoginia\/#primaryimage"},"thumbnailUrl":"https:\/\/www.laguiadepamplona.com\/actualidad\/wp-content\/uploads\/2024\/10\/confluencias_web_m.webp","datePublished":"2024-10-11T10:54:55+00:00","description":"La Sala de Armas de la Ciudadela acoge la conversaci\u00f3n entre las expertas Coco D\u00e1vez y Eugenia Tenenbaum, moderadas por Zuri\u00f1e Laf\u00f3n","breadcrumb":{"@id":"https:\/\/www.laguiadepamplona.com\/actualidad\/el-ciclo-confluencias-miradas-hacia-otras-disciplinas-apuesta-este-martes-por-el-arte-en-su-segundo-encuentro-divulgar-arte-reparando-siglos-de-misoginia\/#breadcrumb"},"inLanguage":"es","potentialAction":[{"@type":"ReadAction","target":["https:\/\/www.laguiadepamplona.com\/actualidad\/el-ciclo-confluencias-miradas-hacia-otras-disciplinas-apuesta-este-martes-por-el-arte-en-su-segundo-encuentro-divulgar-arte-reparando-siglos-de-misoginia\/"]}]},{"@type":"ImageObject","inLanguage":"es","@id":"https:\/\/www.laguiadepamplona.com\/actualidad\/el-ciclo-confluencias-miradas-hacia-otras-disciplinas-apuesta-este-martes-por-el-arte-en-su-segundo-encuentro-divulgar-arte-reparando-siglos-de-misoginia\/#primaryimage","url":"https:\/\/www.laguiadepamplona.com\/actualidad\/wp-content\/uploads\/2024\/10\/confluencias_web_m.webp","contentUrl":"https:\/\/www.laguiadepamplona.com\/actualidad\/wp-content\/uploads\/2024\/10\/confluencias_web_m.webp","width":1000,"height":667,"caption":"confluencias"},{"@type":"BreadcrumbList","@id":"https:\/\/www.laguiadepamplona.com\/actualidad\/el-ciclo-confluencias-miradas-hacia-otras-disciplinas-apuesta-este-martes-por-el-arte-en-su-segundo-encuentro-divulgar-arte-reparando-siglos-de-misoginia\/#breadcrumb","itemListElement":[{"@type":"ListItem","position":1,"name":"Portada","item":"https:\/\/www.laguiadepamplona.com\/actualidad\/"},{"@type":"ListItem","position":2,"name":"El ciclo \u2018Confluencias: miradas hacia otras disciplinas\u2019 apuesta este martes por el arte en su segundo encuentro, \u2018Divulgar arte: reparando siglos de misoginia\u2019"}]},{"@type":"WebSite","@id":"https:\/\/www.laguiadepamplona.com\/actualidad\/#website","url":"https:\/\/www.laguiadepamplona.com\/actualidad\/","name":"La gu\u00eda de Pamplona","description":"Noticias de Pamplona","publisher":{"@id":"https:\/\/www.laguiadepamplona.com\/actualidad\/#organization"},"potentialAction":[{"@type":"SearchAction","target":{"@type":"EntryPoint","urlTemplate":"https:\/\/www.laguiadepamplona.com\/actualidad\/?s={search_term_string}"},"query-input":{"@type":"PropertyValueSpecification","valueRequired":true,"valueName":"search_term_string"}}],"inLanguage":"es"},{"@type":"Organization","@id":"https:\/\/www.laguiadepamplona.com\/actualidad\/#organization","name":"La Gu\u00eda de Pamplona \/ Noticias","url":"https:\/\/www.laguiadepamplona.com\/actualidad\/","logo":{"@type":"ImageObject","inLanguage":"es","@id":"https:\/\/www.laguiadepamplona.com\/actualidad\/#\/schema\/logo\/image\/","url":"https:\/\/www.laguiadepamplona.com\/actualidad\/wp-content\/uploads\/2018\/11\/logo-laguiadepamplona18-web1.png","contentUrl":"https:\/\/www.laguiadepamplona.com\/actualidad\/wp-content\/uploads\/2018\/11\/logo-laguiadepamplona18-web1.png","width":600,"height":196,"caption":"La Gu\u00eda de Pamplona \/ Noticias"},"image":{"@id":"https:\/\/www.laguiadepamplona.com\/actualidad\/#\/schema\/logo\/image\/"},"sameAs":["https:\/\/www.facebook.com\/laguiadepamplonacom-133175176762273\/?ref=hl","https:\/\/x.com\/LaGuiadPamplona","https:\/\/www.instagram.com\/la_guia_de_pamplona\/","https:\/\/www.youtube.com\/user\/laguiadepamplona"]},{"@type":"Person","@id":"https:\/\/www.laguiadepamplona.com\/actualidad\/#\/schema\/person\/efe887376f0213d4657c93adc50b1fdb","name":"La Gu\u00eda de Pamplona","image":{"@type":"ImageObject","inLanguage":"es","@id":"https:\/\/secure.gravatar.com\/avatar\/b6992f131dc8d30ab0dff15446e9d346d9dbd95992de0fef795073f5ea83a81c?s=96&d=mm&r=g","url":"https:\/\/secure.gravatar.com\/avatar\/b6992f131dc8d30ab0dff15446e9d346d9dbd95992de0fef795073f5ea83a81c?s=96&d=mm&r=g","contentUrl":"https:\/\/secure.gravatar.com\/avatar\/b6992f131dc8d30ab0dff15446e9d346d9dbd95992de0fef795073f5ea83a81c?s=96&d=mm&r=g","caption":"La Gu\u00eda de Pamplona"}}]}},"post_mailing_queue_ids":[],"_links":{"self":[{"href":"https:\/\/www.laguiadepamplona.com\/actualidad\/wp-json\/wp\/v2\/posts\/51000","targetHints":{"allow":["GET"]}}],"collection":[{"href":"https:\/\/www.laguiadepamplona.com\/actualidad\/wp-json\/wp\/v2\/posts"}],"about":[{"href":"https:\/\/www.laguiadepamplona.com\/actualidad\/wp-json\/wp\/v2\/types\/post"}],"author":[{"embeddable":true,"href":"https:\/\/www.laguiadepamplona.com\/actualidad\/wp-json\/wp\/v2\/users\/1"}],"replies":[{"embeddable":true,"href":"https:\/\/www.laguiadepamplona.com\/actualidad\/wp-json\/wp\/v2\/comments?post=51000"}],"version-history":[{"count":1,"href":"https:\/\/www.laguiadepamplona.com\/actualidad\/wp-json\/wp\/v2\/posts\/51000\/revisions"}],"predecessor-version":[{"id":51002,"href":"https:\/\/www.laguiadepamplona.com\/actualidad\/wp-json\/wp\/v2\/posts\/51000\/revisions\/51002"}],"wp:featuredmedia":[{"embeddable":true,"href":"https:\/\/www.laguiadepamplona.com\/actualidad\/wp-json\/wp\/v2\/media\/51001"}],"wp:attachment":[{"href":"https:\/\/www.laguiadepamplona.com\/actualidad\/wp-json\/wp\/v2\/media?parent=51000"}],"wp:term":[{"taxonomy":"category","embeddable":true,"href":"https:\/\/www.laguiadepamplona.com\/actualidad\/wp-json\/wp\/v2\/categories?post=51000"},{"taxonomy":"post_tag","embeddable":true,"href":"https:\/\/www.laguiadepamplona.com\/actualidad\/wp-json\/wp\/v2\/tags?post=51000"}],"curies":[{"name":"wp","href":"https:\/\/api.w.org\/{rel}","templated":true}]}}