{"id":50988,"date":"2024-10-10T15:45:37","date_gmt":"2024-10-10T13:45:37","guid":{"rendered":"https:\/\/www.laguiadepamplona.com\/actualidad\/?p=50988"},"modified":"2024-10-10T15:45:37","modified_gmt":"2024-10-10T13:45:37","slug":"pamplona-participa-en-la-i-fiesta-del-voluntariado-de-navarra-con-un-stand-en-el-que-se-comparten-experiencias-personales-en-diferentes-programas-municipales","status":"publish","type":"post","link":"https:\/\/www.laguiadepamplona.com\/actualidad\/pamplona-participa-en-la-i-fiesta-del-voluntariado-de-navarra-con-un-stand-en-el-que-se-comparten-experiencias-personales-en-diferentes-programas-municipales\/","title":{"rendered":"Pamplona participa en la I Fiesta del Voluntariado de Navarra, con un stand en el que se comparten experiencias personales en diferentes programas municipales"},"content":{"rendered":"<h2>La fiesta se celebra este viernes en Baluarte con talleres, conciertos y yincanas, entre otras actividades, bajo el lema \u2018El pulso que nos une\u2019<\/h2>\n<p><!--more--><\/p>\n<p>Baluarte acoge este viernes la I Fiesta del Voluntariado de Navarra. El Ayuntamiento de Pamplona estar\u00e1 presente con un stand en el que personas voluntarias de los programas municipales trasladar\u00e1n sus experiencias en primera persona a quienes se acerquen a por informaci\u00f3n. El Ayuntamiento de Pamplona se ofrecer\u00e1 tambi\u00e9n paseos saludables en bicicletas adaptadas (yayacletas) con personas voluntarias del programa.<\/p>\n<p>La I Fiesta del Voluntario de Navarra se inaugurar\u00e1 este viernes a las 11 horas con la presencia del vicepresidente primero y consejero de Presidencia e Igualdad, F\u00e9lix Taberna, y la concejala especial de Participaci\u00f3n Ciudadana y Euskera, Aitziber Campi\u00f3n Ganboa. \u2018El pulso que nos une\u2019 es el lema de una cita que a\u00fana talleres, conciertos, yincanas y di\u00e1logos con entidades de voluntariado que trabajan en el \u00e1mbito social, sanitario o de atenci\u00f3n a emergencias.<\/p>\n<p>El Gobierno de Navarra organiza el evento, con la colaboraci\u00f3n y cofinanciaci\u00f3n del Ayuntamiento de Pamplona, y de la mano de m\u00e1s de sesenta entidades. La fiesta se desarrollar\u00e1 en un espacio de m\u00e1s 3.000 metros cuadrados, con seis \u00e1reas que incluyen zona de exposici\u00f3n con 56 stands de entidades de voluntariado, escenario para actuaciones, zona exterior o zona de encuentro y di\u00e1logo con asociaciones, entre otras.<\/p>\n<p>El voluntariado municipal tiene su epicentro en el programa Pamplonistas, al que se pueden apuntar todas las personas mayores de 16 a\u00f1os, o mayores de 12 a\u00f1os con autorizaci\u00f3n de sus padres, madres o tutores y tutoras legales, que quieran aportar y dedicar tiempo y esfuerzo por la ciudad y sus gentes. Esas personas pueden optar a voluntariado de ocio y tiempo libre, educativo, con personas mayores, ambiental, infantil y juvenil, comunitario o cultural, seg\u00fan sus preferencias. De esta forma, el Ayuntamiento de Pamplona cuenta con personas voluntarias para llevar a cabo diferentes programas municipales dirigidos a perfiles de todo tipo (menores, j\u00f3venes, personas mayores) con ganas y disponibilidad de trabajar por los dem\u00e1s.<\/p>\n","protected":false},"excerpt":{"rendered":"<p>La fiesta se celebra este viernes en Baluarte con talleres, conciertos y yincanas, entre otras actividades, bajo el lema \u2018El pulso que nos une\u2019<\/p>\n","protected":false},"author":1,"featured_media":50989,"comment_status":"open","ping_status":"closed","sticky":false,"template":"","format":"standard","meta":{"footnotes":""},"categories":[2],"tags":[],"class_list":["post-50988","post","type-post","status-publish","format-standard","has-post-thumbnail","hentry","category-ayuntamiento-pamplona"],"yoast_head":"<!-- This site is optimized with the Yoast SEO plugin v27.3 - https:\/\/yoast.com\/product\/yoast-seo-wordpress\/ -->\n<title>Pamplona participa en la I Fiesta del Voluntariado de Navarra, con un stand en el que se comparten experiencias personales en diferentes programas municipales<\/title>\n<meta name=\"description\" content=\"La fiesta se celebra este viernes en Baluarte con talleres, conciertos y yincanas, entre otras actividades, bajo el lema \u2018El pulso que nos une\u2019\" \/>\n<meta name=\"robots\" content=\"index, follow, max-snippet:-1, max-image-preview:large, max-video-preview:-1\" \/>\n<link rel=\"canonical\" href=\"https:\/\/www.laguiadepamplona.com\/actualidad\/pamplona-participa-en-la-i-fiesta-del-voluntariado-de-navarra-con-un-stand-en-el-que-se-comparten-experiencias-personales-en-diferentes-programas-municipales\/\" \/>\n<meta property=\"og:locale\" content=\"es_ES\" \/>\n<meta property=\"og:type\" content=\"article\" \/>\n<meta property=\"og:title\" content=\"Pamplona participa en la I Fiesta del Voluntariado de Navarra, con un stand en el que se comparten experiencias personales en diferentes programas municipales\" \/>\n<meta property=\"og:description\" content=\"La fiesta se celebra este viernes en Baluarte con talleres, conciertos y yincanas, entre otras actividades, bajo el lema \u2018El pulso que nos une\u2019\" \/>\n<meta property=\"og:url\" content=\"https:\/\/www.laguiadepamplona.com\/actualidad\/pamplona-participa-en-la-i-fiesta-del-voluntariado-de-navarra-con-un-stand-en-el-que-se-comparten-experiencias-personales-en-diferentes-programas-municipales\/\" \/>\n<meta property=\"og:site_name\" content=\"La Gu\u00eda de Pamplona\" \/>\n<meta property=\"article:publisher\" content=\"https:\/\/www.facebook.com\/laguiadepamplonacom-133175176762273\/?ref=hl\" \/>\n<meta property=\"article:published_time\" content=\"2024-10-10T13:45:37+00:00\" \/>\n<meta property=\"og:image\" content=\"https:\/\/www.laguiadepamplona.com\/actualidad\/wp-content\/uploads\/2024\/10\/voluntariadodelayuntamientoferiabaluarte1_0.webp\" \/>\n\t<meta property=\"og:image:width\" content=\"1000\" \/>\n\t<meta property=\"og:image:height\" content=\"666\" \/>\n\t<meta property=\"og:image:type\" content=\"image\/webp\" \/>\n<meta name=\"author\" content=\"La Gu\u00eda de Pamplona\" \/>\n<meta name=\"twitter:card\" content=\"summary_large_image\" \/>\n<meta name=\"twitter:creator\" content=\"@LaGuiadPamplona\" \/>\n<meta name=\"twitter:site\" content=\"@LaGuiadPamplona\" \/>\n<meta name=\"twitter:label1\" content=\"Escrito por\" \/>\n\t<meta name=\"twitter:data1\" content=\"La Gu\u00eda de Pamplona\" \/>\n\t<meta name=\"twitter:label2\" content=\"Tiempo de lectura\" \/>\n\t<meta name=\"twitter:data2\" content=\"2 minutos\" \/>\n<script type=\"application\/ld+json\" class=\"yoast-schema-graph\">{\"@context\":\"https:\\\/\\\/schema.org\",\"@graph\":[{\"@type\":\"Article\",\"@id\":\"https:\\\/\\\/www.laguiadepamplona.com\\\/actualidad\\\/pamplona-participa-en-la-i-fiesta-del-voluntariado-de-navarra-con-un-stand-en-el-que-se-comparten-experiencias-personales-en-diferentes-programas-municipales\\\/#article\",\"isPartOf\":{\"@id\":\"https:\\\/\\\/www.laguiadepamplona.com\\\/actualidad\\\/pamplona-participa-en-la-i-fiesta-del-voluntariado-de-navarra-con-un-stand-en-el-que-se-comparten-experiencias-personales-en-diferentes-programas-municipales\\\/\"},\"author\":{\"name\":\"La Gu\u00eda de Pamplona\",\"@id\":\"https:\\\/\\\/www.laguiadepamplona.com\\\/actualidad\\\/#\\\/schema\\\/person\\\/efe887376f0213d4657c93adc50b1fdb\"},\"headline\":\"Pamplona participa en la I Fiesta del Voluntariado de Navarra, con un stand en el que se comparten experiencias personales en diferentes programas municipales\",\"datePublished\":\"2024-10-10T13:45:37+00:00\",\"mainEntityOfPage\":{\"@id\":\"https:\\\/\\\/www.laguiadepamplona.com\\\/actualidad\\\/pamplona-participa-en-la-i-fiesta-del-voluntariado-de-navarra-con-un-stand-en-el-que-se-comparten-experiencias-personales-en-diferentes-programas-municipales\\\/\"},\"wordCount\":380,\"commentCount\":0,\"publisher\":{\"@id\":\"https:\\\/\\\/www.laguiadepamplona.com\\\/actualidad\\\/#organization\"},\"image\":{\"@id\":\"https:\\\/\\\/www.laguiadepamplona.com\\\/actualidad\\\/pamplona-participa-en-la-i-fiesta-del-voluntariado-de-navarra-con-un-stand-en-el-que-se-comparten-experiencias-personales-en-diferentes-programas-municipales\\\/#primaryimage\"},\"thumbnailUrl\":\"https:\\\/\\\/www.laguiadepamplona.com\\\/actualidad\\\/wp-content\\\/uploads\\\/2024\\\/10\\\/voluntariadodelayuntamientoferiabaluarte1_0.webp\",\"articleSection\":[\"Ayto Pamplona\"],\"inLanguage\":\"es\",\"potentialAction\":[{\"@type\":\"CommentAction\",\"name\":\"Comment\",\"target\":[\"https:\\\/\\\/www.laguiadepamplona.com\\\/actualidad\\\/pamplona-participa-en-la-i-fiesta-del-voluntariado-de-navarra-con-un-stand-en-el-que-se-comparten-experiencias-personales-en-diferentes-programas-municipales\\\/#respond\"]}]},{\"@type\":\"WebPage\",\"@id\":\"https:\\\/\\\/www.laguiadepamplona.com\\\/actualidad\\\/pamplona-participa-en-la-i-fiesta-del-voluntariado-de-navarra-con-un-stand-en-el-que-se-comparten-experiencias-personales-en-diferentes-programas-municipales\\\/\",\"url\":\"https:\\\/\\\/www.laguiadepamplona.com\\\/actualidad\\\/pamplona-participa-en-la-i-fiesta-del-voluntariado-de-navarra-con-un-stand-en-el-que-se-comparten-experiencias-personales-en-diferentes-programas-municipales\\\/\",\"name\":\"Pamplona participa en la I Fiesta del Voluntariado de Navarra, con un stand en el que se comparten experiencias personales en diferentes programas municipales\",\"isPartOf\":{\"@id\":\"https:\\\/\\\/www.laguiadepamplona.com\\\/actualidad\\\/#website\"},\"primaryImageOfPage\":{\"@id\":\"https:\\\/\\\/www.laguiadepamplona.com\\\/actualidad\\\/pamplona-participa-en-la-i-fiesta-del-voluntariado-de-navarra-con-un-stand-en-el-que-se-comparten-experiencias-personales-en-diferentes-programas-municipales\\\/#primaryimage\"},\"image\":{\"@id\":\"https:\\\/\\\/www.laguiadepamplona.com\\\/actualidad\\\/pamplona-participa-en-la-i-fiesta-del-voluntariado-de-navarra-con-un-stand-en-el-que-se-comparten-experiencias-personales-en-diferentes-programas-municipales\\\/#primaryimage\"},\"thumbnailUrl\":\"https:\\\/\\\/www.laguiadepamplona.com\\\/actualidad\\\/wp-content\\\/uploads\\\/2024\\\/10\\\/voluntariadodelayuntamientoferiabaluarte1_0.webp\",\"datePublished\":\"2024-10-10T13:45:37+00:00\",\"description\":\"La fiesta se celebra este viernes en Baluarte con talleres, conciertos y yincanas, entre otras actividades, bajo el lema \u2018El pulso que nos une\u2019\",\"breadcrumb\":{\"@id\":\"https:\\\/\\\/www.laguiadepamplona.com\\\/actualidad\\\/pamplona-participa-en-la-i-fiesta-del-voluntariado-de-navarra-con-un-stand-en-el-que-se-comparten-experiencias-personales-en-diferentes-programas-municipales\\\/#breadcrumb\"},\"inLanguage\":\"es\",\"potentialAction\":[{\"@type\":\"ReadAction\",\"target\":[\"https:\\\/\\\/www.laguiadepamplona.com\\\/actualidad\\\/pamplona-participa-en-la-i-fiesta-del-voluntariado-de-navarra-con-un-stand-en-el-que-se-comparten-experiencias-personales-en-diferentes-programas-municipales\\\/\"]}]},{\"@type\":\"ImageObject\",\"inLanguage\":\"es\",\"@id\":\"https:\\\/\\\/www.laguiadepamplona.com\\\/actualidad\\\/pamplona-participa-en-la-i-fiesta-del-voluntariado-de-navarra-con-un-stand-en-el-que-se-comparten-experiencias-personales-en-diferentes-programas-municipales\\\/#primaryimage\",\"url\":\"https:\\\/\\\/www.laguiadepamplona.com\\\/actualidad\\\/wp-content\\\/uploads\\\/2024\\\/10\\\/voluntariadodelayuntamientoferiabaluarte1_0.webp\",\"contentUrl\":\"https:\\\/\\\/www.laguiadepamplona.com\\\/actualidad\\\/wp-content\\\/uploads\\\/2024\\\/10\\\/voluntariadodelayuntamientoferiabaluarte1_0.webp\",\"width\":1000,\"height\":666,\"caption\":\"voluntariado\"},{\"@type\":\"BreadcrumbList\",\"@id\":\"https:\\\/\\\/www.laguiadepamplona.com\\\/actualidad\\\/pamplona-participa-en-la-i-fiesta-del-voluntariado-de-navarra-con-un-stand-en-el-que-se-comparten-experiencias-personales-en-diferentes-programas-municipales\\\/#breadcrumb\",\"itemListElement\":[{\"@type\":\"ListItem\",\"position\":1,\"name\":\"Portada\",\"item\":\"https:\\\/\\\/www.laguiadepamplona.com\\\/actualidad\\\/\"},{\"@type\":\"ListItem\",\"position\":2,\"name\":\"Pamplona participa en la I Fiesta del Voluntariado de Navarra, con un stand en el que se comparten experiencias personales en diferentes programas municipales\"}]},{\"@type\":\"WebSite\",\"@id\":\"https:\\\/\\\/www.laguiadepamplona.com\\\/actualidad\\\/#website\",\"url\":\"https:\\\/\\\/www.laguiadepamplona.com\\\/actualidad\\\/\",\"name\":\"La gu\u00eda de Pamplona\",\"description\":\"Noticias de Pamplona\",\"publisher\":{\"@id\":\"https:\\\/\\\/www.laguiadepamplona.com\\\/actualidad\\\/#organization\"},\"potentialAction\":[{\"@type\":\"SearchAction\",\"target\":{\"@type\":\"EntryPoint\",\"urlTemplate\":\"https:\\\/\\\/www.laguiadepamplona.com\\\/actualidad\\\/?s={search_term_string}\"},\"query-input\":{\"@type\":\"PropertyValueSpecification\",\"valueRequired\":true,\"valueName\":\"search_term_string\"}}],\"inLanguage\":\"es\"},{\"@type\":\"Organization\",\"@id\":\"https:\\\/\\\/www.laguiadepamplona.com\\\/actualidad\\\/#organization\",\"name\":\"La Gu\u00eda de Pamplona \\\/ Noticias\",\"url\":\"https:\\\/\\\/www.laguiadepamplona.com\\\/actualidad\\\/\",\"logo\":{\"@type\":\"ImageObject\",\"inLanguage\":\"es\",\"@id\":\"https:\\\/\\\/www.laguiadepamplona.com\\\/actualidad\\\/#\\\/schema\\\/logo\\\/image\\\/\",\"url\":\"https:\\\/\\\/www.laguiadepamplona.com\\\/actualidad\\\/wp-content\\\/uploads\\\/2018\\\/11\\\/logo-laguiadepamplona18-web1.png\",\"contentUrl\":\"https:\\\/\\\/www.laguiadepamplona.com\\\/actualidad\\\/wp-content\\\/uploads\\\/2018\\\/11\\\/logo-laguiadepamplona18-web1.png\",\"width\":600,\"height\":196,\"caption\":\"La Gu\u00eda de Pamplona \\\/ Noticias\"},\"image\":{\"@id\":\"https:\\\/\\\/www.laguiadepamplona.com\\\/actualidad\\\/#\\\/schema\\\/logo\\\/image\\\/\"},\"sameAs\":[\"https:\\\/\\\/www.facebook.com\\\/laguiadepamplonacom-133175176762273\\\/?ref=hl\",\"https:\\\/\\\/x.com\\\/LaGuiadPamplona\",\"https:\\\/\\\/www.instagram.com\\\/la_guia_de_pamplona\\\/\",\"https:\\\/\\\/www.youtube.com\\\/user\\\/laguiadepamplona\"]},{\"@type\":\"Person\",\"@id\":\"https:\\\/\\\/www.laguiadepamplona.com\\\/actualidad\\\/#\\\/schema\\\/person\\\/efe887376f0213d4657c93adc50b1fdb\",\"name\":\"La Gu\u00eda de Pamplona\",\"image\":{\"@type\":\"ImageObject\",\"inLanguage\":\"es\",\"@id\":\"https:\\\/\\\/secure.gravatar.com\\\/avatar\\\/b6992f131dc8d30ab0dff15446e9d346d9dbd95992de0fef795073f5ea83a81c?s=96&d=mm&r=g\",\"url\":\"https:\\\/\\\/secure.gravatar.com\\\/avatar\\\/b6992f131dc8d30ab0dff15446e9d346d9dbd95992de0fef795073f5ea83a81c?s=96&d=mm&r=g\",\"contentUrl\":\"https:\\\/\\\/secure.gravatar.com\\\/avatar\\\/b6992f131dc8d30ab0dff15446e9d346d9dbd95992de0fef795073f5ea83a81c?s=96&d=mm&r=g\",\"caption\":\"La Gu\u00eda de Pamplona\"}}]}<\/script>\n<!-- \/ Yoast SEO plugin. -->","yoast_head_json":{"title":"Pamplona participa en la I Fiesta del Voluntariado de Navarra, con un stand en el que se comparten experiencias personales en diferentes programas municipales","description":"La fiesta se celebra este viernes en Baluarte con talleres, conciertos y yincanas, entre otras actividades, bajo el lema \u2018El pulso que nos une\u2019","robots":{"index":"index","follow":"follow","max-snippet":"max-snippet:-1","max-image-preview":"max-image-preview:large","max-video-preview":"max-video-preview:-1"},"canonical":"https:\/\/www.laguiadepamplona.com\/actualidad\/pamplona-participa-en-la-i-fiesta-del-voluntariado-de-navarra-con-un-stand-en-el-que-se-comparten-experiencias-personales-en-diferentes-programas-municipales\/","og_locale":"es_ES","og_type":"article","og_title":"Pamplona participa en la I Fiesta del Voluntariado de Navarra, con un stand en el que se comparten experiencias personales en diferentes programas municipales","og_description":"La fiesta se celebra este viernes en Baluarte con talleres, conciertos y yincanas, entre otras actividades, bajo el lema \u2018El pulso que nos une\u2019","og_url":"https:\/\/www.laguiadepamplona.com\/actualidad\/pamplona-participa-en-la-i-fiesta-del-voluntariado-de-navarra-con-un-stand-en-el-que-se-comparten-experiencias-personales-en-diferentes-programas-municipales\/","og_site_name":"La Gu\u00eda de Pamplona","article_publisher":"https:\/\/www.facebook.com\/laguiadepamplonacom-133175176762273\/?ref=hl","article_published_time":"2024-10-10T13:45:37+00:00","og_image":[{"width":1000,"height":666,"url":"https:\/\/www.laguiadepamplona.com\/actualidad\/wp-content\/uploads\/2024\/10\/voluntariadodelayuntamientoferiabaluarte1_0.webp","type":"image\/webp"}],"author":"La Gu\u00eda de Pamplona","twitter_card":"summary_large_image","twitter_creator":"@LaGuiadPamplona","twitter_site":"@LaGuiadPamplona","twitter_misc":{"Escrito por":"La Gu\u00eda de Pamplona","Tiempo de lectura":"2 minutos"},"schema":{"@context":"https:\/\/schema.org","@graph":[{"@type":"Article","@id":"https:\/\/www.laguiadepamplona.com\/actualidad\/pamplona-participa-en-la-i-fiesta-del-voluntariado-de-navarra-con-un-stand-en-el-que-se-comparten-experiencias-personales-en-diferentes-programas-municipales\/#article","isPartOf":{"@id":"https:\/\/www.laguiadepamplona.com\/actualidad\/pamplona-participa-en-la-i-fiesta-del-voluntariado-de-navarra-con-un-stand-en-el-que-se-comparten-experiencias-personales-en-diferentes-programas-municipales\/"},"author":{"name":"La Gu\u00eda de Pamplona","@id":"https:\/\/www.laguiadepamplona.com\/actualidad\/#\/schema\/person\/efe887376f0213d4657c93adc50b1fdb"},"headline":"Pamplona participa en la I Fiesta del Voluntariado de Navarra, con un stand en el que se comparten experiencias personales en diferentes programas municipales","datePublished":"2024-10-10T13:45:37+00:00","mainEntityOfPage":{"@id":"https:\/\/www.laguiadepamplona.com\/actualidad\/pamplona-participa-en-la-i-fiesta-del-voluntariado-de-navarra-con-un-stand-en-el-que-se-comparten-experiencias-personales-en-diferentes-programas-municipales\/"},"wordCount":380,"commentCount":0,"publisher":{"@id":"https:\/\/www.laguiadepamplona.com\/actualidad\/#organization"},"image":{"@id":"https:\/\/www.laguiadepamplona.com\/actualidad\/pamplona-participa-en-la-i-fiesta-del-voluntariado-de-navarra-con-un-stand-en-el-que-se-comparten-experiencias-personales-en-diferentes-programas-municipales\/#primaryimage"},"thumbnailUrl":"https:\/\/www.laguiadepamplona.com\/actualidad\/wp-content\/uploads\/2024\/10\/voluntariadodelayuntamientoferiabaluarte1_0.webp","articleSection":["Ayto Pamplona"],"inLanguage":"es","potentialAction":[{"@type":"CommentAction","name":"Comment","target":["https:\/\/www.laguiadepamplona.com\/actualidad\/pamplona-participa-en-la-i-fiesta-del-voluntariado-de-navarra-con-un-stand-en-el-que-se-comparten-experiencias-personales-en-diferentes-programas-municipales\/#respond"]}]},{"@type":"WebPage","@id":"https:\/\/www.laguiadepamplona.com\/actualidad\/pamplona-participa-en-la-i-fiesta-del-voluntariado-de-navarra-con-un-stand-en-el-que-se-comparten-experiencias-personales-en-diferentes-programas-municipales\/","url":"https:\/\/www.laguiadepamplona.com\/actualidad\/pamplona-participa-en-la-i-fiesta-del-voluntariado-de-navarra-con-un-stand-en-el-que-se-comparten-experiencias-personales-en-diferentes-programas-municipales\/","name":"Pamplona participa en la I Fiesta del Voluntariado de Navarra, con un stand en el que se comparten experiencias personales en diferentes programas municipales","isPartOf":{"@id":"https:\/\/www.laguiadepamplona.com\/actualidad\/#website"},"primaryImageOfPage":{"@id":"https:\/\/www.laguiadepamplona.com\/actualidad\/pamplona-participa-en-la-i-fiesta-del-voluntariado-de-navarra-con-un-stand-en-el-que-se-comparten-experiencias-personales-en-diferentes-programas-municipales\/#primaryimage"},"image":{"@id":"https:\/\/www.laguiadepamplona.com\/actualidad\/pamplona-participa-en-la-i-fiesta-del-voluntariado-de-navarra-con-un-stand-en-el-que-se-comparten-experiencias-personales-en-diferentes-programas-municipales\/#primaryimage"},"thumbnailUrl":"https:\/\/www.laguiadepamplona.com\/actualidad\/wp-content\/uploads\/2024\/10\/voluntariadodelayuntamientoferiabaluarte1_0.webp","datePublished":"2024-10-10T13:45:37+00:00","description":"La fiesta se celebra este viernes en Baluarte con talleres, conciertos y yincanas, entre otras actividades, bajo el lema \u2018El pulso que nos une\u2019","breadcrumb":{"@id":"https:\/\/www.laguiadepamplona.com\/actualidad\/pamplona-participa-en-la-i-fiesta-del-voluntariado-de-navarra-con-un-stand-en-el-que-se-comparten-experiencias-personales-en-diferentes-programas-municipales\/#breadcrumb"},"inLanguage":"es","potentialAction":[{"@type":"ReadAction","target":["https:\/\/www.laguiadepamplona.com\/actualidad\/pamplona-participa-en-la-i-fiesta-del-voluntariado-de-navarra-con-un-stand-en-el-que-se-comparten-experiencias-personales-en-diferentes-programas-municipales\/"]}]},{"@type":"ImageObject","inLanguage":"es","@id":"https:\/\/www.laguiadepamplona.com\/actualidad\/pamplona-participa-en-la-i-fiesta-del-voluntariado-de-navarra-con-un-stand-en-el-que-se-comparten-experiencias-personales-en-diferentes-programas-municipales\/#primaryimage","url":"https:\/\/www.laguiadepamplona.com\/actualidad\/wp-content\/uploads\/2024\/10\/voluntariadodelayuntamientoferiabaluarte1_0.webp","contentUrl":"https:\/\/www.laguiadepamplona.com\/actualidad\/wp-content\/uploads\/2024\/10\/voluntariadodelayuntamientoferiabaluarte1_0.webp","width":1000,"height":666,"caption":"voluntariado"},{"@type":"BreadcrumbList","@id":"https:\/\/www.laguiadepamplona.com\/actualidad\/pamplona-participa-en-la-i-fiesta-del-voluntariado-de-navarra-con-un-stand-en-el-que-se-comparten-experiencias-personales-en-diferentes-programas-municipales\/#breadcrumb","itemListElement":[{"@type":"ListItem","position":1,"name":"Portada","item":"https:\/\/www.laguiadepamplona.com\/actualidad\/"},{"@type":"ListItem","position":2,"name":"Pamplona participa en la I Fiesta del Voluntariado de Navarra, con un stand en el que se comparten experiencias personales en diferentes programas municipales"}]},{"@type":"WebSite","@id":"https:\/\/www.laguiadepamplona.com\/actualidad\/#website","url":"https:\/\/www.laguiadepamplona.com\/actualidad\/","name":"La gu\u00eda de Pamplona","description":"Noticias de Pamplona","publisher":{"@id":"https:\/\/www.laguiadepamplona.com\/actualidad\/#organization"},"potentialAction":[{"@type":"SearchAction","target":{"@type":"EntryPoint","urlTemplate":"https:\/\/www.laguiadepamplona.com\/actualidad\/?s={search_term_string}"},"query-input":{"@type":"PropertyValueSpecification","valueRequired":true,"valueName":"search_term_string"}}],"inLanguage":"es"},{"@type":"Organization","@id":"https:\/\/www.laguiadepamplona.com\/actualidad\/#organization","name":"La Gu\u00eda de Pamplona \/ Noticias","url":"https:\/\/www.laguiadepamplona.com\/actualidad\/","logo":{"@type":"ImageObject","inLanguage":"es","@id":"https:\/\/www.laguiadepamplona.com\/actualidad\/#\/schema\/logo\/image\/","url":"https:\/\/www.laguiadepamplona.com\/actualidad\/wp-content\/uploads\/2018\/11\/logo-laguiadepamplona18-web1.png","contentUrl":"https:\/\/www.laguiadepamplona.com\/actualidad\/wp-content\/uploads\/2018\/11\/logo-laguiadepamplona18-web1.png","width":600,"height":196,"caption":"La Gu\u00eda de Pamplona \/ Noticias"},"image":{"@id":"https:\/\/www.laguiadepamplona.com\/actualidad\/#\/schema\/logo\/image\/"},"sameAs":["https:\/\/www.facebook.com\/laguiadepamplonacom-133175176762273\/?ref=hl","https:\/\/x.com\/LaGuiadPamplona","https:\/\/www.instagram.com\/la_guia_de_pamplona\/","https:\/\/www.youtube.com\/user\/laguiadepamplona"]},{"@type":"Person","@id":"https:\/\/www.laguiadepamplona.com\/actualidad\/#\/schema\/person\/efe887376f0213d4657c93adc50b1fdb","name":"La Gu\u00eda de Pamplona","image":{"@type":"ImageObject","inLanguage":"es","@id":"https:\/\/secure.gravatar.com\/avatar\/b6992f131dc8d30ab0dff15446e9d346d9dbd95992de0fef795073f5ea83a81c?s=96&d=mm&r=g","url":"https:\/\/secure.gravatar.com\/avatar\/b6992f131dc8d30ab0dff15446e9d346d9dbd95992de0fef795073f5ea83a81c?s=96&d=mm&r=g","contentUrl":"https:\/\/secure.gravatar.com\/avatar\/b6992f131dc8d30ab0dff15446e9d346d9dbd95992de0fef795073f5ea83a81c?s=96&d=mm&r=g","caption":"La Gu\u00eda de Pamplona"}}]}},"post_mailing_queue_ids":[],"_links":{"self":[{"href":"https:\/\/www.laguiadepamplona.com\/actualidad\/wp-json\/wp\/v2\/posts\/50988","targetHints":{"allow":["GET"]}}],"collection":[{"href":"https:\/\/www.laguiadepamplona.com\/actualidad\/wp-json\/wp\/v2\/posts"}],"about":[{"href":"https:\/\/www.laguiadepamplona.com\/actualidad\/wp-json\/wp\/v2\/types\/post"}],"author":[{"embeddable":true,"href":"https:\/\/www.laguiadepamplona.com\/actualidad\/wp-json\/wp\/v2\/users\/1"}],"replies":[{"embeddable":true,"href":"https:\/\/www.laguiadepamplona.com\/actualidad\/wp-json\/wp\/v2\/comments?post=50988"}],"version-history":[{"count":1,"href":"https:\/\/www.laguiadepamplona.com\/actualidad\/wp-json\/wp\/v2\/posts\/50988\/revisions"}],"predecessor-version":[{"id":50990,"href":"https:\/\/www.laguiadepamplona.com\/actualidad\/wp-json\/wp\/v2\/posts\/50988\/revisions\/50990"}],"wp:featuredmedia":[{"embeddable":true,"href":"https:\/\/www.laguiadepamplona.com\/actualidad\/wp-json\/wp\/v2\/media\/50989"}],"wp:attachment":[{"href":"https:\/\/www.laguiadepamplona.com\/actualidad\/wp-json\/wp\/v2\/media?parent=50988"}],"wp:term":[{"taxonomy":"category","embeddable":true,"href":"https:\/\/www.laguiadepamplona.com\/actualidad\/wp-json\/wp\/v2\/categories?post=50988"},{"taxonomy":"post_tag","embeddable":true,"href":"https:\/\/www.laguiadepamplona.com\/actualidad\/wp-json\/wp\/v2\/tags?post=50988"}],"curies":[{"name":"wp","href":"https:\/\/api.w.org\/{rel}","templated":true}]}}