{"id":50977,"date":"2024-10-10T11:06:49","date_gmt":"2024-10-10T09:06:49","guid":{"rendered":"https:\/\/www.laguiadepamplona.com\/actualidad\/?p=50977"},"modified":"2024-10-10T11:06:49","modified_gmt":"2024-10-10T09:06:49","slug":"continuan-abiertas-las-inscripciones-para-la-jornada-de-presentacion-del-proyecto-de-reserva-fluvial-del-molino-de-ilundain-que-tendra-lugar-el-17-de-octubre-en-condestable","status":"publish","type":"post","link":"https:\/\/www.laguiadepamplona.com\/actualidad\/continuan-abiertas-las-inscripciones-para-la-jornada-de-presentacion-del-proyecto-de-reserva-fluvial-del-molino-de-ilundain-que-tendra-lugar-el-17-de-octubre-en-condestable\/","title":{"rendered":"Contin\u00faan abiertas las inscripciones para la jornada de presentaci\u00f3n del proyecto de reserva fluvial del molino de Ilund\u00e1in que tendr\u00e1 lugar el 17 de octubre en Condestable"},"content":{"rendered":"<h2>Esta actuaci\u00f3n de renaturalizaci\u00f3n en el entorno fluvial del Arga forma parte del proyecto RUNA 2025, financiado con fondos Next Generation UE<\/h2>\n<p><!--more--><\/p>\n<p>Condestable acoge el pr\u00f3ximo jueves 17 de octubre una jornada de presentaci\u00f3n del proyecto de reserva fluvial del molino de Ilund\u00e1in que va a acometer el Ayuntamiento de Pamplona en esta zona lim\u00edtrofe con Bara\u00f1\u00e1in, en el entorno del r\u00edo Arga. La sesi\u00f3n se llevar\u00e1 a cabo por la tarde, de 18 a 20 horas, y tiene la entrada libre, aunque se requiere inscripci\u00f3n previa a trav\u00e9s del 010 o en el enlace <a href=\"https:\/\/es.surveymonkey.com\/r\/RUNAB8\" target=\"_blank\" rel=\"noopener\">https:\/\/es.surveymonkey.com\/r\/RUNAB8<\/a>.<\/p>\n<p>El proyecto de reserva fluvial del molino de Ilund\u00e1in es la acci\u00f3n B8 del proyecto RUNA 2025. Se concibe como una actuaci\u00f3n de regeneraci\u00f3n ambiental de un espacio degradado por una antigua actividad agr\u00edcola, que transform\u00f3 el entorno del molino. La propuesta recupera para el r\u00edo y sus din\u00e1micas fluviales una amplia superficie inundable, mediante la eliminaci\u00f3n de escolleras y la evacuaci\u00f3n de rellenos. De esta forma se genera una nueva topograf\u00eda que permite la entrada del agua en periodos de crecida. Asimismo, se propone la consolidaci\u00f3n de los restos del molino de Ilund\u00e1in, que datan del siglo XVI, y se realizar\u00e1n plantaciones de planta forestal aut\u00f3ctona con el objetivo de regenerar y ampliar h\u00e1bitat fluvial para el r\u00edo y su fauna.<\/p>\n<p>La jornada contar\u00e1 con la presencia del equipo redactor del proyecto, formado por David Serrano Amatriain, Maier V\u00e9lez Olabarria, Soil Arquitectura del Paisaje S. Coop. Peque\u00f1a, Go\u00f1i &amp; Legarreta SL y Monkaval Soluciones de Ingenier\u00eda. Adem\u00e1s, personal t\u00e9cnico municipal contextualizar\u00e1 el proyecto RUNA 2025 y su importancia para la ciudad y se expondr\u00e1 la parte de sensibilizaci\u00f3n ambiental que tambi\u00e9n se desarrolla en las diferentes acciones que lo conforman. Se trata con esta jornada de involucrar a asociaciones y colectivos profesionales, agentes especializados y vecinos y vecinas interesadas en la transformaci\u00f3n y renaturalizaci\u00f3n de la ciudad.<\/p>\n<p>Esta actuaci\u00f3n forma parte del proyecto RUNA 2025, de renaturalizaci\u00f3n y protecci\u00f3n de la biodiversidad en los entornos fluviales. RUNA 2025 ha obtenido 2,7 millones de euros en la convocatoria de ayudas de la Fundaci\u00f3n Biodiversidad del Ministerio para la Transici\u00f3n Ecol\u00f3gica y el Reto Demogr\u00e1fico (MITECO), en el marco del Plan de Recuperaci\u00f3n, Transformaci\u00f3n y Resiliencia, financiado por la Uni\u00f3n Europea \u2013 NextGenerationEU.<\/p>\n","protected":false},"excerpt":{"rendered":"<p>Esta actuaci\u00f3n de renaturalizaci\u00f3n en el entorno fluvial del Arga forma parte del proyecto RUNA 2025, financiado con fondos Next Generation UE<\/p>\n","protected":false},"author":1,"featured_media":50886,"comment_status":"open","ping_status":"closed","sticky":false,"template":"","format":"standard","meta":{"footnotes":""},"categories":[2],"tags":[],"class_list":["post-50977","post","type-post","status-publish","format-standard","has-post-thumbnail","hentry","category-ayuntamiento-pamplona"],"yoast_head":"<!-- This site is optimized with the Yoast SEO plugin v27.3 - https:\/\/yoast.com\/product\/yoast-seo-wordpress\/ -->\n<title>Contin\u00faan abiertas las inscripciones para la jornada de presentaci\u00f3n del proyecto de reserva fluvial del molino de Ilund\u00e1in que tendr\u00e1 lugar el 17 de octubre en Condestable<\/title>\n<meta name=\"description\" content=\"Esta actuaci\u00f3n de renaturalizaci\u00f3n en el entorno fluvial del Arga forma parte del proyecto RUNA 2025, financiado con fondos Next Generation UE\" \/>\n<meta name=\"robots\" content=\"index, follow, max-snippet:-1, max-image-preview:large, max-video-preview:-1\" \/>\n<link rel=\"canonical\" href=\"https:\/\/www.laguiadepamplona.com\/actualidad\/continuan-abiertas-las-inscripciones-para-la-jornada-de-presentacion-del-proyecto-de-reserva-fluvial-del-molino-de-ilundain-que-tendra-lugar-el-17-de-octubre-en-condestable\/\" \/>\n<meta property=\"og:locale\" content=\"es_ES\" \/>\n<meta property=\"og:type\" content=\"article\" \/>\n<meta property=\"og:title\" content=\"Contin\u00faan abiertas las inscripciones para la jornada de presentaci\u00f3n del proyecto de reserva fluvial del molino de Ilund\u00e1in que tendr\u00e1 lugar el 17 de octubre en Condestable\" \/>\n<meta property=\"og:description\" content=\"Esta actuaci\u00f3n de renaturalizaci\u00f3n en el entorno fluvial del Arga forma parte del proyecto RUNA 2025, financiado con fondos Next Generation UE\" \/>\n<meta property=\"og:url\" content=\"https:\/\/www.laguiadepamplona.com\/actualidad\/continuan-abiertas-las-inscripciones-para-la-jornada-de-presentacion-del-proyecto-de-reserva-fluvial-del-molino-de-ilundain-que-tendra-lugar-el-17-de-octubre-en-condestable\/\" \/>\n<meta property=\"og:site_name\" content=\"La Gu\u00eda de Pamplona\" \/>\n<meta property=\"article:publisher\" content=\"https:\/\/www.facebook.com\/laguiadepamplonacom-133175176762273\/?ref=hl\" \/>\n<meta property=\"article:published_time\" content=\"2024-10-10T09:06:49+00:00\" \/>\n<meta property=\"og:image\" content=\"https:\/\/www.laguiadepamplona.com\/actualidad\/wp-content\/uploads\/2024\/10\/Runa-molino-de-ilundain_web.webp\" \/>\n\t<meta property=\"og:image:width\" content=\"1000\" \/>\n\t<meta property=\"og:image:height\" content=\"750\" \/>\n\t<meta property=\"og:image:type\" content=\"image\/webp\" \/>\n<meta name=\"author\" content=\"La Gu\u00eda de Pamplona\" \/>\n<meta name=\"twitter:card\" content=\"summary_large_image\" \/>\n<meta name=\"twitter:creator\" content=\"@LaGuiadPamplona\" \/>\n<meta name=\"twitter:site\" content=\"@LaGuiadPamplona\" \/>\n<meta name=\"twitter:label1\" content=\"Escrito por\" \/>\n\t<meta name=\"twitter:data1\" content=\"La Gu\u00eda de Pamplona\" \/>\n\t<meta name=\"twitter:label2\" content=\"Tiempo de lectura\" \/>\n\t<meta name=\"twitter:data2\" content=\"2 minutos\" \/>\n<script type=\"application\/ld+json\" class=\"yoast-schema-graph\">{\"@context\":\"https:\\\/\\\/schema.org\",\"@graph\":[{\"@type\":\"Article\",\"@id\":\"https:\\\/\\\/www.laguiadepamplona.com\\\/actualidad\\\/continuan-abiertas-las-inscripciones-para-la-jornada-de-presentacion-del-proyecto-de-reserva-fluvial-del-molino-de-ilundain-que-tendra-lugar-el-17-de-octubre-en-condestable\\\/#article\",\"isPartOf\":{\"@id\":\"https:\\\/\\\/www.laguiadepamplona.com\\\/actualidad\\\/continuan-abiertas-las-inscripciones-para-la-jornada-de-presentacion-del-proyecto-de-reserva-fluvial-del-molino-de-ilundain-que-tendra-lugar-el-17-de-octubre-en-condestable\\\/\"},\"author\":{\"name\":\"La Gu\u00eda de Pamplona\",\"@id\":\"https:\\\/\\\/www.laguiadepamplona.com\\\/actualidad\\\/#\\\/schema\\\/person\\\/efe887376f0213d4657c93adc50b1fdb\"},\"headline\":\"Contin\u00faan abiertas las inscripciones para la jornada de presentaci\u00f3n del proyecto de reserva fluvial del molino de Ilund\u00e1in que tendr\u00e1 lugar el 17 de octubre en Condestable\",\"datePublished\":\"2024-10-10T09:06:49+00:00\",\"mainEntityOfPage\":{\"@id\":\"https:\\\/\\\/www.laguiadepamplona.com\\\/actualidad\\\/continuan-abiertas-las-inscripciones-para-la-jornada-de-presentacion-del-proyecto-de-reserva-fluvial-del-molino-de-ilundain-que-tendra-lugar-el-17-de-octubre-en-condestable\\\/\"},\"wordCount\":448,\"commentCount\":0,\"publisher\":{\"@id\":\"https:\\\/\\\/www.laguiadepamplona.com\\\/actualidad\\\/#organization\"},\"image\":{\"@id\":\"https:\\\/\\\/www.laguiadepamplona.com\\\/actualidad\\\/continuan-abiertas-las-inscripciones-para-la-jornada-de-presentacion-del-proyecto-de-reserva-fluvial-del-molino-de-ilundain-que-tendra-lugar-el-17-de-octubre-en-condestable\\\/#primaryimage\"},\"thumbnailUrl\":\"https:\\\/\\\/www.laguiadepamplona.com\\\/actualidad\\\/wp-content\\\/uploads\\\/2024\\\/10\\\/Runa-molino-de-ilundain_web.webp\",\"articleSection\":[\"Ayto Pamplona\"],\"inLanguage\":\"es\",\"potentialAction\":[{\"@type\":\"CommentAction\",\"name\":\"Comment\",\"target\":[\"https:\\\/\\\/www.laguiadepamplona.com\\\/actualidad\\\/continuan-abiertas-las-inscripciones-para-la-jornada-de-presentacion-del-proyecto-de-reserva-fluvial-del-molino-de-ilundain-que-tendra-lugar-el-17-de-octubre-en-condestable\\\/#respond\"]}]},{\"@type\":\"WebPage\",\"@id\":\"https:\\\/\\\/www.laguiadepamplona.com\\\/actualidad\\\/continuan-abiertas-las-inscripciones-para-la-jornada-de-presentacion-del-proyecto-de-reserva-fluvial-del-molino-de-ilundain-que-tendra-lugar-el-17-de-octubre-en-condestable\\\/\",\"url\":\"https:\\\/\\\/www.laguiadepamplona.com\\\/actualidad\\\/continuan-abiertas-las-inscripciones-para-la-jornada-de-presentacion-del-proyecto-de-reserva-fluvial-del-molino-de-ilundain-que-tendra-lugar-el-17-de-octubre-en-condestable\\\/\",\"name\":\"Contin\u00faan abiertas las inscripciones para la jornada de presentaci\u00f3n del proyecto de reserva fluvial del molino de Ilund\u00e1in que tendr\u00e1 lugar el 17 de octubre en Condestable\",\"isPartOf\":{\"@id\":\"https:\\\/\\\/www.laguiadepamplona.com\\\/actualidad\\\/#website\"},\"primaryImageOfPage\":{\"@id\":\"https:\\\/\\\/www.laguiadepamplona.com\\\/actualidad\\\/continuan-abiertas-las-inscripciones-para-la-jornada-de-presentacion-del-proyecto-de-reserva-fluvial-del-molino-de-ilundain-que-tendra-lugar-el-17-de-octubre-en-condestable\\\/#primaryimage\"},\"image\":{\"@id\":\"https:\\\/\\\/www.laguiadepamplona.com\\\/actualidad\\\/continuan-abiertas-las-inscripciones-para-la-jornada-de-presentacion-del-proyecto-de-reserva-fluvial-del-molino-de-ilundain-que-tendra-lugar-el-17-de-octubre-en-condestable\\\/#primaryimage\"},\"thumbnailUrl\":\"https:\\\/\\\/www.laguiadepamplona.com\\\/actualidad\\\/wp-content\\\/uploads\\\/2024\\\/10\\\/Runa-molino-de-ilundain_web.webp\",\"datePublished\":\"2024-10-10T09:06:49+00:00\",\"description\":\"Esta actuaci\u00f3n de renaturalizaci\u00f3n en el entorno fluvial del Arga forma parte del proyecto RUNA 2025, financiado con fondos Next Generation UE\",\"breadcrumb\":{\"@id\":\"https:\\\/\\\/www.laguiadepamplona.com\\\/actualidad\\\/continuan-abiertas-las-inscripciones-para-la-jornada-de-presentacion-del-proyecto-de-reserva-fluvial-del-molino-de-ilundain-que-tendra-lugar-el-17-de-octubre-en-condestable\\\/#breadcrumb\"},\"inLanguage\":\"es\",\"potentialAction\":[{\"@type\":\"ReadAction\",\"target\":[\"https:\\\/\\\/www.laguiadepamplona.com\\\/actualidad\\\/continuan-abiertas-las-inscripciones-para-la-jornada-de-presentacion-del-proyecto-de-reserva-fluvial-del-molino-de-ilundain-que-tendra-lugar-el-17-de-octubre-en-condestable\\\/\"]}]},{\"@type\":\"ImageObject\",\"inLanguage\":\"es\",\"@id\":\"https:\\\/\\\/www.laguiadepamplona.com\\\/actualidad\\\/continuan-abiertas-las-inscripciones-para-la-jornada-de-presentacion-del-proyecto-de-reserva-fluvial-del-molino-de-ilundain-que-tendra-lugar-el-17-de-octubre-en-condestable\\\/#primaryimage\",\"url\":\"https:\\\/\\\/www.laguiadepamplona.com\\\/actualidad\\\/wp-content\\\/uploads\\\/2024\\\/10\\\/Runa-molino-de-ilundain_web.webp\",\"contentUrl\":\"https:\\\/\\\/www.laguiadepamplona.com\\\/actualidad\\\/wp-content\\\/uploads\\\/2024\\\/10\\\/Runa-molino-de-ilundain_web.webp\",\"width\":1000,\"height\":750,\"caption\":\"Runa Molino de Ilund\u00e1in\"},{\"@type\":\"BreadcrumbList\",\"@id\":\"https:\\\/\\\/www.laguiadepamplona.com\\\/actualidad\\\/continuan-abiertas-las-inscripciones-para-la-jornada-de-presentacion-del-proyecto-de-reserva-fluvial-del-molino-de-ilundain-que-tendra-lugar-el-17-de-octubre-en-condestable\\\/#breadcrumb\",\"itemListElement\":[{\"@type\":\"ListItem\",\"position\":1,\"name\":\"Portada\",\"item\":\"https:\\\/\\\/www.laguiadepamplona.com\\\/actualidad\\\/\"},{\"@type\":\"ListItem\",\"position\":2,\"name\":\"Contin\u00faan abiertas las inscripciones para la jornada de presentaci\u00f3n del proyecto de reserva fluvial del molino de Ilund\u00e1in que tendr\u00e1 lugar el 17 de octubre en Condestable\"}]},{\"@type\":\"WebSite\",\"@id\":\"https:\\\/\\\/www.laguiadepamplona.com\\\/actualidad\\\/#website\",\"url\":\"https:\\\/\\\/www.laguiadepamplona.com\\\/actualidad\\\/\",\"name\":\"La gu\u00eda de Pamplona\",\"description\":\"Noticias de Pamplona\",\"publisher\":{\"@id\":\"https:\\\/\\\/www.laguiadepamplona.com\\\/actualidad\\\/#organization\"},\"potentialAction\":[{\"@type\":\"SearchAction\",\"target\":{\"@type\":\"EntryPoint\",\"urlTemplate\":\"https:\\\/\\\/www.laguiadepamplona.com\\\/actualidad\\\/?s={search_term_string}\"},\"query-input\":{\"@type\":\"PropertyValueSpecification\",\"valueRequired\":true,\"valueName\":\"search_term_string\"}}],\"inLanguage\":\"es\"},{\"@type\":\"Organization\",\"@id\":\"https:\\\/\\\/www.laguiadepamplona.com\\\/actualidad\\\/#organization\",\"name\":\"La Gu\u00eda de Pamplona \\\/ Noticias\",\"url\":\"https:\\\/\\\/www.laguiadepamplona.com\\\/actualidad\\\/\",\"logo\":{\"@type\":\"ImageObject\",\"inLanguage\":\"es\",\"@id\":\"https:\\\/\\\/www.laguiadepamplona.com\\\/actualidad\\\/#\\\/schema\\\/logo\\\/image\\\/\",\"url\":\"https:\\\/\\\/www.laguiadepamplona.com\\\/actualidad\\\/wp-content\\\/uploads\\\/2018\\\/11\\\/logo-laguiadepamplona18-web1.png\",\"contentUrl\":\"https:\\\/\\\/www.laguiadepamplona.com\\\/actualidad\\\/wp-content\\\/uploads\\\/2018\\\/11\\\/logo-laguiadepamplona18-web1.png\",\"width\":600,\"height\":196,\"caption\":\"La Gu\u00eda de Pamplona \\\/ Noticias\"},\"image\":{\"@id\":\"https:\\\/\\\/www.laguiadepamplona.com\\\/actualidad\\\/#\\\/schema\\\/logo\\\/image\\\/\"},\"sameAs\":[\"https:\\\/\\\/www.facebook.com\\\/laguiadepamplonacom-133175176762273\\\/?ref=hl\",\"https:\\\/\\\/x.com\\\/LaGuiadPamplona\",\"https:\\\/\\\/www.instagram.com\\\/la_guia_de_pamplona\\\/\",\"https:\\\/\\\/www.youtube.com\\\/user\\\/laguiadepamplona\"]},{\"@type\":\"Person\",\"@id\":\"https:\\\/\\\/www.laguiadepamplona.com\\\/actualidad\\\/#\\\/schema\\\/person\\\/efe887376f0213d4657c93adc50b1fdb\",\"name\":\"La Gu\u00eda de Pamplona\",\"image\":{\"@type\":\"ImageObject\",\"inLanguage\":\"es\",\"@id\":\"https:\\\/\\\/secure.gravatar.com\\\/avatar\\\/b6992f131dc8d30ab0dff15446e9d346d9dbd95992de0fef795073f5ea83a81c?s=96&d=mm&r=g\",\"url\":\"https:\\\/\\\/secure.gravatar.com\\\/avatar\\\/b6992f131dc8d30ab0dff15446e9d346d9dbd95992de0fef795073f5ea83a81c?s=96&d=mm&r=g\",\"contentUrl\":\"https:\\\/\\\/secure.gravatar.com\\\/avatar\\\/b6992f131dc8d30ab0dff15446e9d346d9dbd95992de0fef795073f5ea83a81c?s=96&d=mm&r=g\",\"caption\":\"La Gu\u00eda de Pamplona\"}}]}<\/script>\n<!-- \/ Yoast SEO plugin. -->","yoast_head_json":{"title":"Contin\u00faan abiertas las inscripciones para la jornada de presentaci\u00f3n del proyecto de reserva fluvial del molino de Ilund\u00e1in que tendr\u00e1 lugar el 17 de octubre en Condestable","description":"Esta actuaci\u00f3n de renaturalizaci\u00f3n en el entorno fluvial del Arga forma parte del proyecto RUNA 2025, financiado con fondos Next Generation UE","robots":{"index":"index","follow":"follow","max-snippet":"max-snippet:-1","max-image-preview":"max-image-preview:large","max-video-preview":"max-video-preview:-1"},"canonical":"https:\/\/www.laguiadepamplona.com\/actualidad\/continuan-abiertas-las-inscripciones-para-la-jornada-de-presentacion-del-proyecto-de-reserva-fluvial-del-molino-de-ilundain-que-tendra-lugar-el-17-de-octubre-en-condestable\/","og_locale":"es_ES","og_type":"article","og_title":"Contin\u00faan abiertas las inscripciones para la jornada de presentaci\u00f3n del proyecto de reserva fluvial del molino de Ilund\u00e1in que tendr\u00e1 lugar el 17 de octubre en Condestable","og_description":"Esta actuaci\u00f3n de renaturalizaci\u00f3n en el entorno fluvial del Arga forma parte del proyecto RUNA 2025, financiado con fondos Next Generation UE","og_url":"https:\/\/www.laguiadepamplona.com\/actualidad\/continuan-abiertas-las-inscripciones-para-la-jornada-de-presentacion-del-proyecto-de-reserva-fluvial-del-molino-de-ilundain-que-tendra-lugar-el-17-de-octubre-en-condestable\/","og_site_name":"La Gu\u00eda de Pamplona","article_publisher":"https:\/\/www.facebook.com\/laguiadepamplonacom-133175176762273\/?ref=hl","article_published_time":"2024-10-10T09:06:49+00:00","og_image":[{"width":1000,"height":750,"url":"https:\/\/www.laguiadepamplona.com\/actualidad\/wp-content\/uploads\/2024\/10\/Runa-molino-de-ilundain_web.webp","type":"image\/webp"}],"author":"La Gu\u00eda de Pamplona","twitter_card":"summary_large_image","twitter_creator":"@LaGuiadPamplona","twitter_site":"@LaGuiadPamplona","twitter_misc":{"Escrito por":"La Gu\u00eda de Pamplona","Tiempo de lectura":"2 minutos"},"schema":{"@context":"https:\/\/schema.org","@graph":[{"@type":"Article","@id":"https:\/\/www.laguiadepamplona.com\/actualidad\/continuan-abiertas-las-inscripciones-para-la-jornada-de-presentacion-del-proyecto-de-reserva-fluvial-del-molino-de-ilundain-que-tendra-lugar-el-17-de-octubre-en-condestable\/#article","isPartOf":{"@id":"https:\/\/www.laguiadepamplona.com\/actualidad\/continuan-abiertas-las-inscripciones-para-la-jornada-de-presentacion-del-proyecto-de-reserva-fluvial-del-molino-de-ilundain-que-tendra-lugar-el-17-de-octubre-en-condestable\/"},"author":{"name":"La Gu\u00eda de Pamplona","@id":"https:\/\/www.laguiadepamplona.com\/actualidad\/#\/schema\/person\/efe887376f0213d4657c93adc50b1fdb"},"headline":"Contin\u00faan abiertas las inscripciones para la jornada de presentaci\u00f3n del proyecto de reserva fluvial del molino de Ilund\u00e1in que tendr\u00e1 lugar el 17 de octubre en Condestable","datePublished":"2024-10-10T09:06:49+00:00","mainEntityOfPage":{"@id":"https:\/\/www.laguiadepamplona.com\/actualidad\/continuan-abiertas-las-inscripciones-para-la-jornada-de-presentacion-del-proyecto-de-reserva-fluvial-del-molino-de-ilundain-que-tendra-lugar-el-17-de-octubre-en-condestable\/"},"wordCount":448,"commentCount":0,"publisher":{"@id":"https:\/\/www.laguiadepamplona.com\/actualidad\/#organization"},"image":{"@id":"https:\/\/www.laguiadepamplona.com\/actualidad\/continuan-abiertas-las-inscripciones-para-la-jornada-de-presentacion-del-proyecto-de-reserva-fluvial-del-molino-de-ilundain-que-tendra-lugar-el-17-de-octubre-en-condestable\/#primaryimage"},"thumbnailUrl":"https:\/\/www.laguiadepamplona.com\/actualidad\/wp-content\/uploads\/2024\/10\/Runa-molino-de-ilundain_web.webp","articleSection":["Ayto Pamplona"],"inLanguage":"es","potentialAction":[{"@type":"CommentAction","name":"Comment","target":["https:\/\/www.laguiadepamplona.com\/actualidad\/continuan-abiertas-las-inscripciones-para-la-jornada-de-presentacion-del-proyecto-de-reserva-fluvial-del-molino-de-ilundain-que-tendra-lugar-el-17-de-octubre-en-condestable\/#respond"]}]},{"@type":"WebPage","@id":"https:\/\/www.laguiadepamplona.com\/actualidad\/continuan-abiertas-las-inscripciones-para-la-jornada-de-presentacion-del-proyecto-de-reserva-fluvial-del-molino-de-ilundain-que-tendra-lugar-el-17-de-octubre-en-condestable\/","url":"https:\/\/www.laguiadepamplona.com\/actualidad\/continuan-abiertas-las-inscripciones-para-la-jornada-de-presentacion-del-proyecto-de-reserva-fluvial-del-molino-de-ilundain-que-tendra-lugar-el-17-de-octubre-en-condestable\/","name":"Contin\u00faan abiertas las inscripciones para la jornada de presentaci\u00f3n del proyecto de reserva fluvial del molino de Ilund\u00e1in que tendr\u00e1 lugar el 17 de octubre en Condestable","isPartOf":{"@id":"https:\/\/www.laguiadepamplona.com\/actualidad\/#website"},"primaryImageOfPage":{"@id":"https:\/\/www.laguiadepamplona.com\/actualidad\/continuan-abiertas-las-inscripciones-para-la-jornada-de-presentacion-del-proyecto-de-reserva-fluvial-del-molino-de-ilundain-que-tendra-lugar-el-17-de-octubre-en-condestable\/#primaryimage"},"image":{"@id":"https:\/\/www.laguiadepamplona.com\/actualidad\/continuan-abiertas-las-inscripciones-para-la-jornada-de-presentacion-del-proyecto-de-reserva-fluvial-del-molino-de-ilundain-que-tendra-lugar-el-17-de-octubre-en-condestable\/#primaryimage"},"thumbnailUrl":"https:\/\/www.laguiadepamplona.com\/actualidad\/wp-content\/uploads\/2024\/10\/Runa-molino-de-ilundain_web.webp","datePublished":"2024-10-10T09:06:49+00:00","description":"Esta actuaci\u00f3n de renaturalizaci\u00f3n en el entorno fluvial del Arga forma parte del proyecto RUNA 2025, financiado con fondos Next Generation UE","breadcrumb":{"@id":"https:\/\/www.laguiadepamplona.com\/actualidad\/continuan-abiertas-las-inscripciones-para-la-jornada-de-presentacion-del-proyecto-de-reserva-fluvial-del-molino-de-ilundain-que-tendra-lugar-el-17-de-octubre-en-condestable\/#breadcrumb"},"inLanguage":"es","potentialAction":[{"@type":"ReadAction","target":["https:\/\/www.laguiadepamplona.com\/actualidad\/continuan-abiertas-las-inscripciones-para-la-jornada-de-presentacion-del-proyecto-de-reserva-fluvial-del-molino-de-ilundain-que-tendra-lugar-el-17-de-octubre-en-condestable\/"]}]},{"@type":"ImageObject","inLanguage":"es","@id":"https:\/\/www.laguiadepamplona.com\/actualidad\/continuan-abiertas-las-inscripciones-para-la-jornada-de-presentacion-del-proyecto-de-reserva-fluvial-del-molino-de-ilundain-que-tendra-lugar-el-17-de-octubre-en-condestable\/#primaryimage","url":"https:\/\/www.laguiadepamplona.com\/actualidad\/wp-content\/uploads\/2024\/10\/Runa-molino-de-ilundain_web.webp","contentUrl":"https:\/\/www.laguiadepamplona.com\/actualidad\/wp-content\/uploads\/2024\/10\/Runa-molino-de-ilundain_web.webp","width":1000,"height":750,"caption":"Runa Molino de Ilund\u00e1in"},{"@type":"BreadcrumbList","@id":"https:\/\/www.laguiadepamplona.com\/actualidad\/continuan-abiertas-las-inscripciones-para-la-jornada-de-presentacion-del-proyecto-de-reserva-fluvial-del-molino-de-ilundain-que-tendra-lugar-el-17-de-octubre-en-condestable\/#breadcrumb","itemListElement":[{"@type":"ListItem","position":1,"name":"Portada","item":"https:\/\/www.laguiadepamplona.com\/actualidad\/"},{"@type":"ListItem","position":2,"name":"Contin\u00faan abiertas las inscripciones para la jornada de presentaci\u00f3n del proyecto de reserva fluvial del molino de Ilund\u00e1in que tendr\u00e1 lugar el 17 de octubre en Condestable"}]},{"@type":"WebSite","@id":"https:\/\/www.laguiadepamplona.com\/actualidad\/#website","url":"https:\/\/www.laguiadepamplona.com\/actualidad\/","name":"La gu\u00eda de Pamplona","description":"Noticias de Pamplona","publisher":{"@id":"https:\/\/www.laguiadepamplona.com\/actualidad\/#organization"},"potentialAction":[{"@type":"SearchAction","target":{"@type":"EntryPoint","urlTemplate":"https:\/\/www.laguiadepamplona.com\/actualidad\/?s={search_term_string}"},"query-input":{"@type":"PropertyValueSpecification","valueRequired":true,"valueName":"search_term_string"}}],"inLanguage":"es"},{"@type":"Organization","@id":"https:\/\/www.laguiadepamplona.com\/actualidad\/#organization","name":"La Gu\u00eda de Pamplona \/ Noticias","url":"https:\/\/www.laguiadepamplona.com\/actualidad\/","logo":{"@type":"ImageObject","inLanguage":"es","@id":"https:\/\/www.laguiadepamplona.com\/actualidad\/#\/schema\/logo\/image\/","url":"https:\/\/www.laguiadepamplona.com\/actualidad\/wp-content\/uploads\/2018\/11\/logo-laguiadepamplona18-web1.png","contentUrl":"https:\/\/www.laguiadepamplona.com\/actualidad\/wp-content\/uploads\/2018\/11\/logo-laguiadepamplona18-web1.png","width":600,"height":196,"caption":"La Gu\u00eda de Pamplona \/ Noticias"},"image":{"@id":"https:\/\/www.laguiadepamplona.com\/actualidad\/#\/schema\/logo\/image\/"},"sameAs":["https:\/\/www.facebook.com\/laguiadepamplonacom-133175176762273\/?ref=hl","https:\/\/x.com\/LaGuiadPamplona","https:\/\/www.instagram.com\/la_guia_de_pamplona\/","https:\/\/www.youtube.com\/user\/laguiadepamplona"]},{"@type":"Person","@id":"https:\/\/www.laguiadepamplona.com\/actualidad\/#\/schema\/person\/efe887376f0213d4657c93adc50b1fdb","name":"La Gu\u00eda de Pamplona","image":{"@type":"ImageObject","inLanguage":"es","@id":"https:\/\/secure.gravatar.com\/avatar\/b6992f131dc8d30ab0dff15446e9d346d9dbd95992de0fef795073f5ea83a81c?s=96&d=mm&r=g","url":"https:\/\/secure.gravatar.com\/avatar\/b6992f131dc8d30ab0dff15446e9d346d9dbd95992de0fef795073f5ea83a81c?s=96&d=mm&r=g","contentUrl":"https:\/\/secure.gravatar.com\/avatar\/b6992f131dc8d30ab0dff15446e9d346d9dbd95992de0fef795073f5ea83a81c?s=96&d=mm&r=g","caption":"La Gu\u00eda de Pamplona"}}]}},"post_mailing_queue_ids":[],"_links":{"self":[{"href":"https:\/\/www.laguiadepamplona.com\/actualidad\/wp-json\/wp\/v2\/posts\/50977","targetHints":{"allow":["GET"]}}],"collection":[{"href":"https:\/\/www.laguiadepamplona.com\/actualidad\/wp-json\/wp\/v2\/posts"}],"about":[{"href":"https:\/\/www.laguiadepamplona.com\/actualidad\/wp-json\/wp\/v2\/types\/post"}],"author":[{"embeddable":true,"href":"https:\/\/www.laguiadepamplona.com\/actualidad\/wp-json\/wp\/v2\/users\/1"}],"replies":[{"embeddable":true,"href":"https:\/\/www.laguiadepamplona.com\/actualidad\/wp-json\/wp\/v2\/comments?post=50977"}],"version-history":[{"count":1,"href":"https:\/\/www.laguiadepamplona.com\/actualidad\/wp-json\/wp\/v2\/posts\/50977\/revisions"}],"predecessor-version":[{"id":50978,"href":"https:\/\/www.laguiadepamplona.com\/actualidad\/wp-json\/wp\/v2\/posts\/50977\/revisions\/50978"}],"wp:featuredmedia":[{"embeddable":true,"href":"https:\/\/www.laguiadepamplona.com\/actualidad\/wp-json\/wp\/v2\/media\/50886"}],"wp:attachment":[{"href":"https:\/\/www.laguiadepamplona.com\/actualidad\/wp-json\/wp\/v2\/media?parent=50977"}],"wp:term":[{"taxonomy":"category","embeddable":true,"href":"https:\/\/www.laguiadepamplona.com\/actualidad\/wp-json\/wp\/v2\/categories?post=50977"},{"taxonomy":"post_tag","embeddable":true,"href":"https:\/\/www.laguiadepamplona.com\/actualidad\/wp-json\/wp\/v2\/tags?post=50977"}],"curies":[{"name":"wp","href":"https:\/\/api.w.org\/{rel}","templated":true}]}}