{"id":50975,"date":"2024-10-10T11:05:59","date_gmt":"2024-10-10T09:05:59","guid":{"rendered":"https:\/\/www.laguiadepamplona.com\/actualidad\/?p=50975"},"modified":"2024-10-10T11:05:59","modified_gmt":"2024-10-10T09:05:59","slug":"la-plaza-del-castillo-acoge-desde-este-jueves-y-hasta-el-domingo-la-feria-del-producto-de-cercania-dentro-de-la-ix-semana-del-producto-local","status":"publish","type":"post","link":"https:\/\/www.laguiadepamplona.com\/actualidad\/la-plaza-del-castillo-acoge-desde-este-jueves-y-hasta-el-domingo-la-feria-del-producto-de-cercania-dentro-de-la-ix-semana-del-producto-local\/","title":{"rendered":"La Plaza del Castillo acoge desde este jueves y hasta el domingo la feria del producto de cercan\u00eda, dentro de la IX Semana del Producto Local"},"content":{"rendered":"<h2>M\u00e1s de 45 productores y productoras ofrecen sus alimentos hasta el domingo, en horario de ma\u00f1ana y de tarde<\/h2>\n<p><!--more--><\/p>\n<p>La novena edici\u00f3n de la Semana del Producto Local ofrece, desde este jueves, la feria de venta de alimentos, en la Plaza del Castillo. La feria acoge a m\u00e1s de 45 productores y productoras de alimentos de cercan\u00eda y de calidad, que estar\u00e1n disponibles en horario de ma\u00f1ana y tarde: este jueves, de 12.00 a 14.30 y de 17.00 a 21.00; viernes y s\u00e1bado, de 10.30 a 14.30 y de 17.00 a 21.00; y el domingo, solo por la ma\u00f1ana, de 10.30 a 14.30. En la feria se podr\u00e1n adquirir quesos con denominaci\u00f3n de origen, l\u00e1cteos, verdura navarra, miel, Nuez de Navarra, pastas, chocolate, mermeladas, pachar\u00e1n o vinos, entre otros.<\/p>\n<p>La feria la inaugura esta tarde, <strong><u>a las 17 horas<\/u><\/strong>, el concejal delegado de Promoci\u00f3n Econ\u00f3mica, Proyecci\u00f3n Europea, Innovaci\u00f3n, Juventud y Cooperaci\u00f3n al Desarrollo, <strong>Mikel Armendariz Barnechea<\/strong>, y el director del \u00e1rea, <strong>Carlos Andr\u00e9s Uranga<\/strong>, junto al consejero de Desarrollo Rural y Medio Ambiente del Gobierno de Navarra, <strong>Jos\u00e9 Mar\u00eda Aierdi Fern\u00e1ndez de Barrena<\/strong>, y la directora gerente de INTIA-Reyno Gourmet, <strong>Natalia Bellostas Muguerza<\/strong>. La apertura se realiza desde el stand de informaci\u00f3n general.<\/p>\n<p>La feria de la Plaza del Castillo se acompa\u00f1a de una zona de juegos infantiles al aire libre, TxikiEkoZona, que se ofrece en el mismo horario que los puestos, con juegos tradicionales de madera interactivos. Adem\u00e1s, se puede participar en el Juego de los alimentos de Navarra, con premios directos por responder preguntas en torno a los alimentos y las marcas que los representan. La animaci\u00f3n musical, a cargo de grupos locales, se realizar\u00e1 este jueves, a las 17.30h; el viernes, a las 12 horas y 17:30 horas; el s\u00e1bado, a las 12 horas y 18:30 horas; y el domingo, a las 12 horas.<\/p>\n<p>Junto al mercado, el p\u00fablico familiar puede participar este s\u00e1bado, a mediod\u00eda, en una sesi\u00f3n de kamishibai en euskera, \u2018Amaia y Mart\u00edn en la fiesta de la verdura: un viaje a la huerta m\u00e1gica de Navarra\u2019, con la narradora In\u00e9s Bengoa. La entrada ser\u00e1 libre hasta completar aforo en Laba Elkartea, en la Plaza del Castillo 2. Y el domingo se programa el cuentacuentos \u2018Me gusta el planeta A\u2019, con Diverxa, en la Plaza del Castillo, tambi\u00e9n a las 12 horas.<\/p>\n<p>&nbsp;<\/p>\n<h3>Plaza del Castillo: Venta al p\u00fablico de productos locales<\/h3>\n<ul>\n<li><strong>Horario de la feria:<\/strong>\n<ul>\n<li>Jueves: 12:00-14:30 \/ 17:00-21:00<\/li>\n<li>Viernes y s\u00e1bado: 10:30-14.30 \/ 17.00-21.00<\/li>\n<li>Domingo: 10:30-14.30<\/li>\n<\/ul>\n<\/li>\n<li><strong>Otras actividades:<\/strong>\n<ul>\n<li><strong>TxikiEkoZona:\u00a0<\/strong>Juegos infantiles al aire libre<\/li>\n<li>Juego de los alimentos de Navarra<\/li>\n<\/ul>\n<\/li>\n<\/ul>\n","protected":false},"excerpt":{"rendered":"<p>M\u00e1s de 45 productores y productoras ofrecen sus alimentos hasta el domingo, en horario de ma\u00f1ana y de tarde<\/p>\n","protected":false},"author":1,"featured_media":41730,"comment_status":"open","ping_status":"closed","sticky":false,"template":"","format":"standard","meta":{"footnotes":""},"categories":[2],"tags":[],"class_list":["post-50975","post","type-post","status-publish","format-standard","has-post-thumbnail","hentry","category-ayuntamiento-pamplona"],"yoast_head":"<!-- This site is optimized with the Yoast SEO plugin v27.5 - https:\/\/yoast.com\/product\/yoast-seo-wordpress\/ -->\n<title>La Plaza del Castillo acoge desde este jueves y hasta el domingo la feria del producto de cercan\u00eda, dentro de la IX Semana del Producto Local<\/title>\n<meta name=\"description\" content=\"M\u00e1s de 45 productores y productoras ofrecen sus alimentos hasta el domingo, en horario de ma\u00f1ana y de tarde\" \/>\n<meta name=\"robots\" content=\"index, follow, max-snippet:-1, max-image-preview:large, max-video-preview:-1\" \/>\n<link rel=\"canonical\" href=\"https:\/\/www.laguiadepamplona.com\/actualidad\/la-plaza-del-castillo-acoge-desde-este-jueves-y-hasta-el-domingo-la-feria-del-producto-de-cercania-dentro-de-la-ix-semana-del-producto-local\/\" \/>\n<meta property=\"og:locale\" content=\"es_ES\" \/>\n<meta property=\"og:type\" content=\"article\" \/>\n<meta property=\"og:title\" content=\"La Plaza del Castillo acoge desde este jueves y hasta el domingo la feria del producto de cercan\u00eda, dentro de la IX Semana del Producto Local\" \/>\n<meta property=\"og:description\" content=\"M\u00e1s de 45 productores y productoras ofrecen sus alimentos hasta el domingo, en horario de ma\u00f1ana y de tarde\" \/>\n<meta property=\"og:url\" content=\"https:\/\/www.laguiadepamplona.com\/actualidad\/la-plaza-del-castillo-acoge-desde-este-jueves-y-hasta-el-domingo-la-feria-del-producto-de-cercania-dentro-de-la-ix-semana-del-producto-local\/\" \/>\n<meta property=\"og:site_name\" content=\"La Gu\u00eda de Pamplona\" \/>\n<meta property=\"article:publisher\" content=\"https:\/\/www.facebook.com\/laguiadepamplonacom-133175176762273\/?ref=hl\" \/>\n<meta property=\"article:published_time\" content=\"2024-10-10T09:05:59+00:00\" \/>\n<meta property=\"og:image\" content=\"https:\/\/www.laguiadepamplona.com\/actualidad\/wp-content\/uploads\/2022\/09\/cartelsemana-producto-local-1.webp\" \/>\n\t<meta property=\"og:image:width\" content=\"1920\" \/>\n\t<meta property=\"og:image:height\" content=\"1858\" \/>\n\t<meta property=\"og:image:type\" content=\"image\/webp\" \/>\n<meta name=\"author\" content=\"La Gu\u00eda de Pamplona\" \/>\n<meta name=\"twitter:card\" content=\"summary_large_image\" \/>\n<meta name=\"twitter:creator\" content=\"@LaGuiadPamplona\" \/>\n<meta name=\"twitter:site\" content=\"@LaGuiadPamplona\" \/>\n<meta name=\"twitter:label1\" content=\"Escrito por\" \/>\n\t<meta name=\"twitter:data1\" content=\"La Gu\u00eda de Pamplona\" \/>\n\t<meta name=\"twitter:label2\" content=\"Tiempo de lectura\" \/>\n\t<meta name=\"twitter:data2\" content=\"3 minutos\" \/>\n<script type=\"application\/ld+json\" class=\"yoast-schema-graph\">{\"@context\":\"https:\\\/\\\/schema.org\",\"@graph\":[{\"@type\":\"Article\",\"@id\":\"https:\\\/\\\/www.laguiadepamplona.com\\\/actualidad\\\/la-plaza-del-castillo-acoge-desde-este-jueves-y-hasta-el-domingo-la-feria-del-producto-de-cercania-dentro-de-la-ix-semana-del-producto-local\\\/#article\",\"isPartOf\":{\"@id\":\"https:\\\/\\\/www.laguiadepamplona.com\\\/actualidad\\\/la-plaza-del-castillo-acoge-desde-este-jueves-y-hasta-el-domingo-la-feria-del-producto-de-cercania-dentro-de-la-ix-semana-del-producto-local\\\/\"},\"author\":{\"name\":\"La Gu\u00eda de Pamplona\",\"@id\":\"https:\\\/\\\/www.laguiadepamplona.com\\\/actualidad\\\/#\\\/schema\\\/person\\\/efe887376f0213d4657c93adc50b1fdb\"},\"headline\":\"La Plaza del Castillo acoge desde este jueves y hasta el domingo la feria del producto de cercan\u00eda, dentro de la IX Semana del Producto Local\",\"datePublished\":\"2024-10-10T09:05:59+00:00\",\"mainEntityOfPage\":{\"@id\":\"https:\\\/\\\/www.laguiadepamplona.com\\\/actualidad\\\/la-plaza-del-castillo-acoge-desde-este-jueves-y-hasta-el-domingo-la-feria-del-producto-de-cercania-dentro-de-la-ix-semana-del-producto-local\\\/\"},\"wordCount\":469,\"commentCount\":0,\"publisher\":{\"@id\":\"https:\\\/\\\/www.laguiadepamplona.com\\\/actualidad\\\/#organization\"},\"image\":{\"@id\":\"https:\\\/\\\/www.laguiadepamplona.com\\\/actualidad\\\/la-plaza-del-castillo-acoge-desde-este-jueves-y-hasta-el-domingo-la-feria-del-producto-de-cercania-dentro-de-la-ix-semana-del-producto-local\\\/#primaryimage\"},\"thumbnailUrl\":\"https:\\\/\\\/www.laguiadepamplona.com\\\/actualidad\\\/wp-content\\\/uploads\\\/2022\\\/09\\\/cartelsemana-producto-local-1.webp\",\"articleSection\":[\"Ayto Pamplona\"],\"inLanguage\":\"es\",\"potentialAction\":[{\"@type\":\"CommentAction\",\"name\":\"Comment\",\"target\":[\"https:\\\/\\\/www.laguiadepamplona.com\\\/actualidad\\\/la-plaza-del-castillo-acoge-desde-este-jueves-y-hasta-el-domingo-la-feria-del-producto-de-cercania-dentro-de-la-ix-semana-del-producto-local\\\/#respond\"]}]},{\"@type\":\"WebPage\",\"@id\":\"https:\\\/\\\/www.laguiadepamplona.com\\\/actualidad\\\/la-plaza-del-castillo-acoge-desde-este-jueves-y-hasta-el-domingo-la-feria-del-producto-de-cercania-dentro-de-la-ix-semana-del-producto-local\\\/\",\"url\":\"https:\\\/\\\/www.laguiadepamplona.com\\\/actualidad\\\/la-plaza-del-castillo-acoge-desde-este-jueves-y-hasta-el-domingo-la-feria-del-producto-de-cercania-dentro-de-la-ix-semana-del-producto-local\\\/\",\"name\":\"La Plaza del Castillo acoge desde este jueves y hasta el domingo la feria del producto de cercan\u00eda, dentro de la IX Semana del Producto Local\",\"isPartOf\":{\"@id\":\"https:\\\/\\\/www.laguiadepamplona.com\\\/actualidad\\\/#website\"},\"primaryImageOfPage\":{\"@id\":\"https:\\\/\\\/www.laguiadepamplona.com\\\/actualidad\\\/la-plaza-del-castillo-acoge-desde-este-jueves-y-hasta-el-domingo-la-feria-del-producto-de-cercania-dentro-de-la-ix-semana-del-producto-local\\\/#primaryimage\"},\"image\":{\"@id\":\"https:\\\/\\\/www.laguiadepamplona.com\\\/actualidad\\\/la-plaza-del-castillo-acoge-desde-este-jueves-y-hasta-el-domingo-la-feria-del-producto-de-cercania-dentro-de-la-ix-semana-del-producto-local\\\/#primaryimage\"},\"thumbnailUrl\":\"https:\\\/\\\/www.laguiadepamplona.com\\\/actualidad\\\/wp-content\\\/uploads\\\/2022\\\/09\\\/cartelsemana-producto-local-1.webp\",\"datePublished\":\"2024-10-10T09:05:59+00:00\",\"description\":\"M\u00e1s de 45 productores y productoras ofrecen sus alimentos hasta el domingo, en horario de ma\u00f1ana y de tarde\",\"breadcrumb\":{\"@id\":\"https:\\\/\\\/www.laguiadepamplona.com\\\/actualidad\\\/la-plaza-del-castillo-acoge-desde-este-jueves-y-hasta-el-domingo-la-feria-del-producto-de-cercania-dentro-de-la-ix-semana-del-producto-local\\\/#breadcrumb\"},\"inLanguage\":\"es\",\"potentialAction\":[{\"@type\":\"ReadAction\",\"target\":[\"https:\\\/\\\/www.laguiadepamplona.com\\\/actualidad\\\/la-plaza-del-castillo-acoge-desde-este-jueves-y-hasta-el-domingo-la-feria-del-producto-de-cercania-dentro-de-la-ix-semana-del-producto-local\\\/\"]}]},{\"@type\":\"ImageObject\",\"inLanguage\":\"es\",\"@id\":\"https:\\\/\\\/www.laguiadepamplona.com\\\/actualidad\\\/la-plaza-del-castillo-acoge-desde-este-jueves-y-hasta-el-domingo-la-feria-del-producto-de-cercania-dentro-de-la-ix-semana-del-producto-local\\\/#primaryimage\",\"url\":\"https:\\\/\\\/www.laguiadepamplona.com\\\/actualidad\\\/wp-content\\\/uploads\\\/2022\\\/09\\\/cartelsemana-producto-local-1.webp\",\"contentUrl\":\"https:\\\/\\\/www.laguiadepamplona.com\\\/actualidad\\\/wp-content\\\/uploads\\\/2022\\\/09\\\/cartelsemana-producto-local-1.webp\",\"width\":1920,\"height\":1858},{\"@type\":\"BreadcrumbList\",\"@id\":\"https:\\\/\\\/www.laguiadepamplona.com\\\/actualidad\\\/la-plaza-del-castillo-acoge-desde-este-jueves-y-hasta-el-domingo-la-feria-del-producto-de-cercania-dentro-de-la-ix-semana-del-producto-local\\\/#breadcrumb\",\"itemListElement\":[{\"@type\":\"ListItem\",\"position\":1,\"name\":\"Portada\",\"item\":\"https:\\\/\\\/www.laguiadepamplona.com\\\/actualidad\\\/\"},{\"@type\":\"ListItem\",\"position\":2,\"name\":\"La Plaza del Castillo acoge desde este jueves y hasta el domingo la feria del producto de cercan\u00eda, dentro de la IX Semana del Producto Local\"}]},{\"@type\":\"WebSite\",\"@id\":\"https:\\\/\\\/www.laguiadepamplona.com\\\/actualidad\\\/#website\",\"url\":\"https:\\\/\\\/www.laguiadepamplona.com\\\/actualidad\\\/\",\"name\":\"La gu\u00eda de Pamplona\",\"description\":\"Noticias de Pamplona\",\"publisher\":{\"@id\":\"https:\\\/\\\/www.laguiadepamplona.com\\\/actualidad\\\/#organization\"},\"potentialAction\":[{\"@type\":\"SearchAction\",\"target\":{\"@type\":\"EntryPoint\",\"urlTemplate\":\"https:\\\/\\\/www.laguiadepamplona.com\\\/actualidad\\\/?s={search_term_string}\"},\"query-input\":{\"@type\":\"PropertyValueSpecification\",\"valueRequired\":true,\"valueName\":\"search_term_string\"}}],\"inLanguage\":\"es\"},{\"@type\":\"Organization\",\"@id\":\"https:\\\/\\\/www.laguiadepamplona.com\\\/actualidad\\\/#organization\",\"name\":\"La Gu\u00eda de Pamplona \\\/ Noticias\",\"url\":\"https:\\\/\\\/www.laguiadepamplona.com\\\/actualidad\\\/\",\"logo\":{\"@type\":\"ImageObject\",\"inLanguage\":\"es\",\"@id\":\"https:\\\/\\\/www.laguiadepamplona.com\\\/actualidad\\\/#\\\/schema\\\/logo\\\/image\\\/\",\"url\":\"https:\\\/\\\/www.laguiadepamplona.com\\\/actualidad\\\/wp-content\\\/uploads\\\/2018\\\/11\\\/logo-laguiadepamplona18-web1.png\",\"contentUrl\":\"https:\\\/\\\/www.laguiadepamplona.com\\\/actualidad\\\/wp-content\\\/uploads\\\/2018\\\/11\\\/logo-laguiadepamplona18-web1.png\",\"width\":600,\"height\":196,\"caption\":\"La Gu\u00eda de Pamplona \\\/ Noticias\"},\"image\":{\"@id\":\"https:\\\/\\\/www.laguiadepamplona.com\\\/actualidad\\\/#\\\/schema\\\/logo\\\/image\\\/\"},\"sameAs\":[\"https:\\\/\\\/www.facebook.com\\\/laguiadepamplonacom-133175176762273\\\/?ref=hl\",\"https:\\\/\\\/x.com\\\/LaGuiadPamplona\",\"https:\\\/\\\/www.instagram.com\\\/la_guia_de_pamplona\\\/\",\"https:\\\/\\\/www.youtube.com\\\/user\\\/laguiadepamplona\"]},{\"@type\":\"Person\",\"@id\":\"https:\\\/\\\/www.laguiadepamplona.com\\\/actualidad\\\/#\\\/schema\\\/person\\\/efe887376f0213d4657c93adc50b1fdb\",\"name\":\"La Gu\u00eda de Pamplona\",\"image\":{\"@type\":\"ImageObject\",\"inLanguage\":\"es\",\"@id\":\"https:\\\/\\\/secure.gravatar.com\\\/avatar\\\/b6992f131dc8d30ab0dff15446e9d346d9dbd95992de0fef795073f5ea83a81c?s=96&d=mm&r=g\",\"url\":\"https:\\\/\\\/secure.gravatar.com\\\/avatar\\\/b6992f131dc8d30ab0dff15446e9d346d9dbd95992de0fef795073f5ea83a81c?s=96&d=mm&r=g\",\"contentUrl\":\"https:\\\/\\\/secure.gravatar.com\\\/avatar\\\/b6992f131dc8d30ab0dff15446e9d346d9dbd95992de0fef795073f5ea83a81c?s=96&d=mm&r=g\",\"caption\":\"La Gu\u00eda de Pamplona\"}}]}<\/script>\n<!-- \/ Yoast SEO plugin. -->","yoast_head_json":{"title":"La Plaza del Castillo acoge desde este jueves y hasta el domingo la feria del producto de cercan\u00eda, dentro de la IX Semana del Producto Local","description":"M\u00e1s de 45 productores y productoras ofrecen sus alimentos hasta el domingo, en horario de ma\u00f1ana y de tarde","robots":{"index":"index","follow":"follow","max-snippet":"max-snippet:-1","max-image-preview":"max-image-preview:large","max-video-preview":"max-video-preview:-1"},"canonical":"https:\/\/www.laguiadepamplona.com\/actualidad\/la-plaza-del-castillo-acoge-desde-este-jueves-y-hasta-el-domingo-la-feria-del-producto-de-cercania-dentro-de-la-ix-semana-del-producto-local\/","og_locale":"es_ES","og_type":"article","og_title":"La Plaza del Castillo acoge desde este jueves y hasta el domingo la feria del producto de cercan\u00eda, dentro de la IX Semana del Producto Local","og_description":"M\u00e1s de 45 productores y productoras ofrecen sus alimentos hasta el domingo, en horario de ma\u00f1ana y de tarde","og_url":"https:\/\/www.laguiadepamplona.com\/actualidad\/la-plaza-del-castillo-acoge-desde-este-jueves-y-hasta-el-domingo-la-feria-del-producto-de-cercania-dentro-de-la-ix-semana-del-producto-local\/","og_site_name":"La Gu\u00eda de Pamplona","article_publisher":"https:\/\/www.facebook.com\/laguiadepamplonacom-133175176762273\/?ref=hl","article_published_time":"2024-10-10T09:05:59+00:00","og_image":[{"width":1920,"height":1858,"url":"https:\/\/www.laguiadepamplona.com\/actualidad\/wp-content\/uploads\/2022\/09\/cartelsemana-producto-local-1.webp","type":"image\/webp"}],"author":"La Gu\u00eda de Pamplona","twitter_card":"summary_large_image","twitter_creator":"@LaGuiadPamplona","twitter_site":"@LaGuiadPamplona","twitter_misc":{"Escrito por":"La Gu\u00eda de Pamplona","Tiempo de lectura":"3 minutos"},"schema":{"@context":"https:\/\/schema.org","@graph":[{"@type":"Article","@id":"https:\/\/www.laguiadepamplona.com\/actualidad\/la-plaza-del-castillo-acoge-desde-este-jueves-y-hasta-el-domingo-la-feria-del-producto-de-cercania-dentro-de-la-ix-semana-del-producto-local\/#article","isPartOf":{"@id":"https:\/\/www.laguiadepamplona.com\/actualidad\/la-plaza-del-castillo-acoge-desde-este-jueves-y-hasta-el-domingo-la-feria-del-producto-de-cercania-dentro-de-la-ix-semana-del-producto-local\/"},"author":{"name":"La Gu\u00eda de Pamplona","@id":"https:\/\/www.laguiadepamplona.com\/actualidad\/#\/schema\/person\/efe887376f0213d4657c93adc50b1fdb"},"headline":"La Plaza del Castillo acoge desde este jueves y hasta el domingo la feria del producto de cercan\u00eda, dentro de la IX Semana del Producto Local","datePublished":"2024-10-10T09:05:59+00:00","mainEntityOfPage":{"@id":"https:\/\/www.laguiadepamplona.com\/actualidad\/la-plaza-del-castillo-acoge-desde-este-jueves-y-hasta-el-domingo-la-feria-del-producto-de-cercania-dentro-de-la-ix-semana-del-producto-local\/"},"wordCount":469,"commentCount":0,"publisher":{"@id":"https:\/\/www.laguiadepamplona.com\/actualidad\/#organization"},"image":{"@id":"https:\/\/www.laguiadepamplona.com\/actualidad\/la-plaza-del-castillo-acoge-desde-este-jueves-y-hasta-el-domingo-la-feria-del-producto-de-cercania-dentro-de-la-ix-semana-del-producto-local\/#primaryimage"},"thumbnailUrl":"https:\/\/www.laguiadepamplona.com\/actualidad\/wp-content\/uploads\/2022\/09\/cartelsemana-producto-local-1.webp","articleSection":["Ayto Pamplona"],"inLanguage":"es","potentialAction":[{"@type":"CommentAction","name":"Comment","target":["https:\/\/www.laguiadepamplona.com\/actualidad\/la-plaza-del-castillo-acoge-desde-este-jueves-y-hasta-el-domingo-la-feria-del-producto-de-cercania-dentro-de-la-ix-semana-del-producto-local\/#respond"]}]},{"@type":"WebPage","@id":"https:\/\/www.laguiadepamplona.com\/actualidad\/la-plaza-del-castillo-acoge-desde-este-jueves-y-hasta-el-domingo-la-feria-del-producto-de-cercania-dentro-de-la-ix-semana-del-producto-local\/","url":"https:\/\/www.laguiadepamplona.com\/actualidad\/la-plaza-del-castillo-acoge-desde-este-jueves-y-hasta-el-domingo-la-feria-del-producto-de-cercania-dentro-de-la-ix-semana-del-producto-local\/","name":"La Plaza del Castillo acoge desde este jueves y hasta el domingo la feria del producto de cercan\u00eda, dentro de la IX Semana del Producto Local","isPartOf":{"@id":"https:\/\/www.laguiadepamplona.com\/actualidad\/#website"},"primaryImageOfPage":{"@id":"https:\/\/www.laguiadepamplona.com\/actualidad\/la-plaza-del-castillo-acoge-desde-este-jueves-y-hasta-el-domingo-la-feria-del-producto-de-cercania-dentro-de-la-ix-semana-del-producto-local\/#primaryimage"},"image":{"@id":"https:\/\/www.laguiadepamplona.com\/actualidad\/la-plaza-del-castillo-acoge-desde-este-jueves-y-hasta-el-domingo-la-feria-del-producto-de-cercania-dentro-de-la-ix-semana-del-producto-local\/#primaryimage"},"thumbnailUrl":"https:\/\/www.laguiadepamplona.com\/actualidad\/wp-content\/uploads\/2022\/09\/cartelsemana-producto-local-1.webp","datePublished":"2024-10-10T09:05:59+00:00","description":"M\u00e1s de 45 productores y productoras ofrecen sus alimentos hasta el domingo, en horario de ma\u00f1ana y de tarde","breadcrumb":{"@id":"https:\/\/www.laguiadepamplona.com\/actualidad\/la-plaza-del-castillo-acoge-desde-este-jueves-y-hasta-el-domingo-la-feria-del-producto-de-cercania-dentro-de-la-ix-semana-del-producto-local\/#breadcrumb"},"inLanguage":"es","potentialAction":[{"@type":"ReadAction","target":["https:\/\/www.laguiadepamplona.com\/actualidad\/la-plaza-del-castillo-acoge-desde-este-jueves-y-hasta-el-domingo-la-feria-del-producto-de-cercania-dentro-de-la-ix-semana-del-producto-local\/"]}]},{"@type":"ImageObject","inLanguage":"es","@id":"https:\/\/www.laguiadepamplona.com\/actualidad\/la-plaza-del-castillo-acoge-desde-este-jueves-y-hasta-el-domingo-la-feria-del-producto-de-cercania-dentro-de-la-ix-semana-del-producto-local\/#primaryimage","url":"https:\/\/www.laguiadepamplona.com\/actualidad\/wp-content\/uploads\/2022\/09\/cartelsemana-producto-local-1.webp","contentUrl":"https:\/\/www.laguiadepamplona.com\/actualidad\/wp-content\/uploads\/2022\/09\/cartelsemana-producto-local-1.webp","width":1920,"height":1858},{"@type":"BreadcrumbList","@id":"https:\/\/www.laguiadepamplona.com\/actualidad\/la-plaza-del-castillo-acoge-desde-este-jueves-y-hasta-el-domingo-la-feria-del-producto-de-cercania-dentro-de-la-ix-semana-del-producto-local\/#breadcrumb","itemListElement":[{"@type":"ListItem","position":1,"name":"Portada","item":"https:\/\/www.laguiadepamplona.com\/actualidad\/"},{"@type":"ListItem","position":2,"name":"La Plaza del Castillo acoge desde este jueves y hasta el domingo la feria del producto de cercan\u00eda, dentro de la IX Semana del Producto Local"}]},{"@type":"WebSite","@id":"https:\/\/www.laguiadepamplona.com\/actualidad\/#website","url":"https:\/\/www.laguiadepamplona.com\/actualidad\/","name":"La gu\u00eda de Pamplona","description":"Noticias de Pamplona","publisher":{"@id":"https:\/\/www.laguiadepamplona.com\/actualidad\/#organization"},"potentialAction":[{"@type":"SearchAction","target":{"@type":"EntryPoint","urlTemplate":"https:\/\/www.laguiadepamplona.com\/actualidad\/?s={search_term_string}"},"query-input":{"@type":"PropertyValueSpecification","valueRequired":true,"valueName":"search_term_string"}}],"inLanguage":"es"},{"@type":"Organization","@id":"https:\/\/www.laguiadepamplona.com\/actualidad\/#organization","name":"La Gu\u00eda de Pamplona \/ Noticias","url":"https:\/\/www.laguiadepamplona.com\/actualidad\/","logo":{"@type":"ImageObject","inLanguage":"es","@id":"https:\/\/www.laguiadepamplona.com\/actualidad\/#\/schema\/logo\/image\/","url":"https:\/\/www.laguiadepamplona.com\/actualidad\/wp-content\/uploads\/2018\/11\/logo-laguiadepamplona18-web1.png","contentUrl":"https:\/\/www.laguiadepamplona.com\/actualidad\/wp-content\/uploads\/2018\/11\/logo-laguiadepamplona18-web1.png","width":600,"height":196,"caption":"La Gu\u00eda de Pamplona \/ Noticias"},"image":{"@id":"https:\/\/www.laguiadepamplona.com\/actualidad\/#\/schema\/logo\/image\/"},"sameAs":["https:\/\/www.facebook.com\/laguiadepamplonacom-133175176762273\/?ref=hl","https:\/\/x.com\/LaGuiadPamplona","https:\/\/www.instagram.com\/la_guia_de_pamplona\/","https:\/\/www.youtube.com\/user\/laguiadepamplona"]},{"@type":"Person","@id":"https:\/\/www.laguiadepamplona.com\/actualidad\/#\/schema\/person\/efe887376f0213d4657c93adc50b1fdb","name":"La Gu\u00eda de Pamplona","image":{"@type":"ImageObject","inLanguage":"es","@id":"https:\/\/secure.gravatar.com\/avatar\/b6992f131dc8d30ab0dff15446e9d346d9dbd95992de0fef795073f5ea83a81c?s=96&d=mm&r=g","url":"https:\/\/secure.gravatar.com\/avatar\/b6992f131dc8d30ab0dff15446e9d346d9dbd95992de0fef795073f5ea83a81c?s=96&d=mm&r=g","contentUrl":"https:\/\/secure.gravatar.com\/avatar\/b6992f131dc8d30ab0dff15446e9d346d9dbd95992de0fef795073f5ea83a81c?s=96&d=mm&r=g","caption":"La Gu\u00eda de Pamplona"}}]}},"post_mailing_queue_ids":[],"_links":{"self":[{"href":"https:\/\/www.laguiadepamplona.com\/actualidad\/wp-json\/wp\/v2\/posts\/50975","targetHints":{"allow":["GET"]}}],"collection":[{"href":"https:\/\/www.laguiadepamplona.com\/actualidad\/wp-json\/wp\/v2\/posts"}],"about":[{"href":"https:\/\/www.laguiadepamplona.com\/actualidad\/wp-json\/wp\/v2\/types\/post"}],"author":[{"embeddable":true,"href":"https:\/\/www.laguiadepamplona.com\/actualidad\/wp-json\/wp\/v2\/users\/1"}],"replies":[{"embeddable":true,"href":"https:\/\/www.laguiadepamplona.com\/actualidad\/wp-json\/wp\/v2\/comments?post=50975"}],"version-history":[{"count":1,"href":"https:\/\/www.laguiadepamplona.com\/actualidad\/wp-json\/wp\/v2\/posts\/50975\/revisions"}],"predecessor-version":[{"id":50976,"href":"https:\/\/www.laguiadepamplona.com\/actualidad\/wp-json\/wp\/v2\/posts\/50975\/revisions\/50976"}],"wp:featuredmedia":[{"embeddable":true,"href":"https:\/\/www.laguiadepamplona.com\/actualidad\/wp-json\/wp\/v2\/media\/41730"}],"wp:attachment":[{"href":"https:\/\/www.laguiadepamplona.com\/actualidad\/wp-json\/wp\/v2\/media?parent=50975"}],"wp:term":[{"taxonomy":"category","embeddable":true,"href":"https:\/\/www.laguiadepamplona.com\/actualidad\/wp-json\/wp\/v2\/categories?post=50975"},{"taxonomy":"post_tag","embeddable":true,"href":"https:\/\/www.laguiadepamplona.com\/actualidad\/wp-json\/wp\/v2\/tags?post=50975"}],"curies":[{"name":"wp","href":"https:\/\/api.w.org\/{rel}","templated":true}]}}