{"id":50973,"date":"2024-10-09T17:40:02","date_gmt":"2024-10-09T15:40:02","guid":{"rendered":"https:\/\/www.laguiadepamplona.com\/actualidad\/?p=50973"},"modified":"2024-10-09T17:40:13","modified_gmt":"2024-10-09T15:40:13","slug":"una-jornada-informativa-abordara-las-posibilidades-de-la-nueva-oficina-de-mediacion-comunitaria-para-resolver-conflictos-vecinales","status":"publish","type":"post","link":"https:\/\/www.laguiadepamplona.com\/actualidad\/una-jornada-informativa-abordara-las-posibilidades-de-la-nueva-oficina-de-mediacion-comunitaria-para-resolver-conflictos-vecinales\/","title":{"rendered":"Una jornada informativa abordar\u00e1 las posibilidades de la nueva Oficina de Mediaci\u00f3n Comunitaria para resolver conflictos vecinales"},"content":{"rendered":"<h2>Este nuevo servicio gratuito se centrar\u00e1 en conflictos de convivencia, ruidos, olores, obras, salubridad, mascotas o uso de espacios p\u00fablicos entre otros<\/h2>\n<p><!--more--><\/p>\n<p>El Palacio de Condestable acoge este jueves, d\u00eda 10, una sesi\u00f3n informativa para presentar la nueva Oficina de Mediaci\u00f3n Comunitaria, una herramienta de resoluci\u00f3n de conflictos vecinales que evita recurrir a v\u00edas judiciales. La jornada est\u00e1 dirigida a la ciudadan\u00eda en general y a representantes de los servicios sociales de la Administraci\u00f3n, entidades que ofrezcan servicios de mediaci\u00f3n, polic\u00edas de la Comunidad foral y a las Fuerzas y Cuerpos de Seguridad del Estado.<\/p>\n<p>La jornada comenzar\u00e1 a las 9 horas y se prolongar\u00e1 hasta las 14 horas. En ella est\u00e1 prevista la intervenci\u00f3n, en cuatro ponencias, de varios profesionales especializados en mediaci\u00f3n. La primera de ellas correr\u00e1 a cargo de Magaly Marrod\u00e1n, mediadora y formadora, actual presidenta y socia fundadora de la Asociaci\u00f3n de Mediadores y Mediadoras de Navarra (AMEDENA). A las 10.30 horas intervendr\u00e1 Jorge Ollero, director del servicio de Reinserci\u00f3n, Mediaci\u00f3n y Justicia Restauradora del Gobierno de Navarra. Por su parte, Susana Sarri\u00e9s, del Servicio de Mediaci\u00f3n Familiar del Gobierno de Navarra, tomar\u00e1 la palabra a las 11.45 horas. Y la \u00faltima ponencia correr\u00e1 a cargo de servicio de Mediaci\u00f3n Comunitaria AUKERAZ, a las 12.30 horas. Tras ellas, se abrir\u00e1 una mesa redonda para debatir y resolver las dudas que puedan surgir en torno a este nuevo servicio creado por Polic\u00eda Municipal.<\/p>\n<p>La Oficina de Mediaci\u00f3n Comunitaria se inscribe, de hecho, dentro de la Polic\u00eda Comunitaria, como una v\u00eda nueva encaminada a resolver conflictos en el vecindario a trav\u00e9s de la mediaci\u00f3n y el di\u00e1logo. Entre los asuntos que podr\u00e1n tratarse a trav\u00e9s de esta herramienta destacan, por ejemplo, los problemas de convivencia, ruidos, olores, obras, salubridad, mascotas o el uso de espacios p\u00fablicos. Para atenderla se ha creado un Equipo de Mediaci\u00f3n Policial y Convivencia, integrado por agentes de la Polic\u00eda Comunitaria con titulaci\u00f3n universitaria o Formaci\u00f3n Profesional de Grado Superior, y que adem\u00e1s han recibido formaci\u00f3n espec\u00edfica en mediaci\u00f3n.<\/p>\n<p>Esta herramienta, que tendr\u00e1 car\u00e1cter gratuito, se basa en la voluntariedad. Las partes deben estar dispuestas a acudir a la mediaci\u00f3n y aceptar la resoluci\u00f3n consensuada que se adopte. De esta forma, se evita recurrir a procedimientos judiciales y administrativos que pueden demorarse en el tiempo y pueden ser costosos econ\u00f3micamente.<\/p>\n<p>El acceso a este servicio podr\u00e1 hacerse a trav\u00e9s de la Polic\u00eda Comunitaria de cada barrio, pero tambi\u00e9n de forma directa solicitando la mediaci\u00f3n a trav\u00e9s de una solicitud o instancia ante el Ayuntamiento o la jefatura de Polic\u00eda Municipal. Adem\u00e1s, las distintas \u00e1reas municipales podr\u00e1n derivar a las personas a esta herramienta de resoluci\u00f3n de conflictos, si lo ven necesario. Tras analizar cada caso, se valorar\u00e1 si es susceptible de mediaci\u00f3n o, por el contrario, se trata de asuntos que deben ser resueltos por v\u00edas legales.<\/p>\n<p>Por el momento, se han asignado entre cinco y seis agentes a la Oficina de Mediaci\u00f3n, para poder atender las peticiones que surjan, si bien el n\u00famero podr\u00e1 variar en funci\u00f3n de la demanda. \u00c9stos actuar\u00e1n como instructores de la causa siempre de forma imparcial. Tras recoger toda la informaci\u00f3n necesaria y reunirse con las partes implicadas, convocar\u00e1n sesiones conjuntas para ayudar a las partes a que puedan llegar por s\u00ed mismas a acuerdos y soluciones. Para que el acuerdo final tenga \u00e9xito deber\u00e1 ser rubricado por todas las partes. Los instructores, adem\u00e1s, realizar\u00e1n un seguimiento y control del cumplimiento de los acuerdos alcanzados.<\/p>\n","protected":false},"excerpt":{"rendered":"<p>Este nuevo servicio gratuito se centrar\u00e1 en conflictos de convivencia, ruidos, olores, obras, salubridad, mascotas o uso de espacios p\u00fablicos entre otros<\/p>\n","protected":false},"author":1,"featured_media":34872,"comment_status":"open","ping_status":"closed","sticky":false,"template":"","format":"standard","meta":{"footnotes":""},"categories":[2],"tags":[],"class_list":["post-50973","post","type-post","status-publish","format-standard","has-post-thumbnail","hentry","category-ayuntamiento-pamplona"],"yoast_head":"<!-- This site is optimized with the Yoast SEO plugin v27.3 - https:\/\/yoast.com\/product\/yoast-seo-wordpress\/ -->\n<title>Una jornada informativa abordar\u00e1 las posibilidades de la nueva Oficina de Mediaci\u00f3n Comunitaria para resolver conflictos vecinales<\/title>\n<meta name=\"robots\" content=\"index, follow, max-snippet:-1, max-image-preview:large, max-video-preview:-1\" \/>\n<link rel=\"canonical\" href=\"https:\/\/www.laguiadepamplona.com\/actualidad\/una-jornada-informativa-abordara-las-posibilidades-de-la-nueva-oficina-de-mediacion-comunitaria-para-resolver-conflictos-vecinales\/\" \/>\n<meta property=\"og:locale\" content=\"es_ES\" \/>\n<meta property=\"og:type\" content=\"article\" \/>\n<meta property=\"og:title\" content=\"Una jornada informativa abordar\u00e1 las posibilidades de la nueva Oficina de Mediaci\u00f3n Comunitaria para resolver conflictos vecinales\" \/>\n<meta property=\"og:description\" content=\"Este nuevo servicio gratuito se centrar\u00e1 en conflictos de convivencia, ruidos, olores, obras, salubridad, mascotas o uso de espacios p\u00fablicos entre otros\" \/>\n<meta property=\"og:url\" content=\"https:\/\/www.laguiadepamplona.com\/actualidad\/una-jornada-informativa-abordara-las-posibilidades-de-la-nueva-oficina-de-mediacion-comunitaria-para-resolver-conflictos-vecinales\/\" \/>\n<meta property=\"og:site_name\" content=\"La Gu\u00eda de Pamplona\" \/>\n<meta property=\"article:publisher\" content=\"https:\/\/www.facebook.com\/laguiadepamplonacom-133175176762273\/?ref=hl\" \/>\n<meta property=\"article:published_time\" content=\"2024-10-09T15:40:02+00:00\" \/>\n<meta property=\"article:modified_time\" content=\"2024-10-09T15:40:13+00:00\" \/>\n<meta property=\"og:image\" content=\"https:\/\/www.laguiadepamplona.com\/actualidad\/wp-content\/uploads\/2021\/05\/policia_municipal-pamplona.jpg\" \/>\n\t<meta property=\"og:image:width\" content=\"1920\" \/>\n\t<meta property=\"og:image:height\" content=\"1280\" \/>\n\t<meta property=\"og:image:type\" content=\"image\/jpeg\" \/>\n<meta name=\"author\" content=\"La Gu\u00eda de Pamplona\" \/>\n<meta name=\"twitter:card\" content=\"summary_large_image\" \/>\n<meta name=\"twitter:creator\" content=\"@LaGuiadPamplona\" \/>\n<meta name=\"twitter:site\" content=\"@LaGuiadPamplona\" \/>\n<meta name=\"twitter:label1\" content=\"Escrito por\" \/>\n\t<meta name=\"twitter:data1\" content=\"La Gu\u00eda de Pamplona\" \/>\n\t<meta name=\"twitter:label2\" content=\"Tiempo de lectura\" \/>\n\t<meta name=\"twitter:data2\" content=\"3 minutos\" \/>\n<script type=\"application\/ld+json\" class=\"yoast-schema-graph\">{\"@context\":\"https:\\\/\\\/schema.org\",\"@graph\":[{\"@type\":\"Article\",\"@id\":\"https:\\\/\\\/www.laguiadepamplona.com\\\/actualidad\\\/una-jornada-informativa-abordara-las-posibilidades-de-la-nueva-oficina-de-mediacion-comunitaria-para-resolver-conflictos-vecinales\\\/#article\",\"isPartOf\":{\"@id\":\"https:\\\/\\\/www.laguiadepamplona.com\\\/actualidad\\\/una-jornada-informativa-abordara-las-posibilidades-de-la-nueva-oficina-de-mediacion-comunitaria-para-resolver-conflictos-vecinales\\\/\"},\"author\":{\"name\":\"La Gu\u00eda de Pamplona\",\"@id\":\"https:\\\/\\\/www.laguiadepamplona.com\\\/actualidad\\\/#\\\/schema\\\/person\\\/efe887376f0213d4657c93adc50b1fdb\"},\"headline\":\"Una jornada informativa abordar\u00e1 las posibilidades de la nueva Oficina de Mediaci\u00f3n Comunitaria para resolver conflictos vecinales\",\"datePublished\":\"2024-10-09T15:40:02+00:00\",\"dateModified\":\"2024-10-09T15:40:13+00:00\",\"mainEntityOfPage\":{\"@id\":\"https:\\\/\\\/www.laguiadepamplona.com\\\/actualidad\\\/una-jornada-informativa-abordara-las-posibilidades-de-la-nueva-oficina-de-mediacion-comunitaria-para-resolver-conflictos-vecinales\\\/\"},\"wordCount\":649,\"commentCount\":0,\"publisher\":{\"@id\":\"https:\\\/\\\/www.laguiadepamplona.com\\\/actualidad\\\/#organization\"},\"image\":{\"@id\":\"https:\\\/\\\/www.laguiadepamplona.com\\\/actualidad\\\/una-jornada-informativa-abordara-las-posibilidades-de-la-nueva-oficina-de-mediacion-comunitaria-para-resolver-conflictos-vecinales\\\/#primaryimage\"},\"thumbnailUrl\":\"https:\\\/\\\/www.laguiadepamplona.com\\\/actualidad\\\/wp-content\\\/uploads\\\/2021\\\/05\\\/policia_municipal-pamplona.jpg\",\"articleSection\":[\"Ayto Pamplona\"],\"inLanguage\":\"es\",\"potentialAction\":[{\"@type\":\"CommentAction\",\"name\":\"Comment\",\"target\":[\"https:\\\/\\\/www.laguiadepamplona.com\\\/actualidad\\\/una-jornada-informativa-abordara-las-posibilidades-de-la-nueva-oficina-de-mediacion-comunitaria-para-resolver-conflictos-vecinales\\\/#respond\"]}]},{\"@type\":\"WebPage\",\"@id\":\"https:\\\/\\\/www.laguiadepamplona.com\\\/actualidad\\\/una-jornada-informativa-abordara-las-posibilidades-de-la-nueva-oficina-de-mediacion-comunitaria-para-resolver-conflictos-vecinales\\\/\",\"url\":\"https:\\\/\\\/www.laguiadepamplona.com\\\/actualidad\\\/una-jornada-informativa-abordara-las-posibilidades-de-la-nueva-oficina-de-mediacion-comunitaria-para-resolver-conflictos-vecinales\\\/\",\"name\":\"Una jornada informativa abordar\u00e1 las posibilidades de la nueva Oficina de Mediaci\u00f3n Comunitaria para resolver conflictos vecinales\",\"isPartOf\":{\"@id\":\"https:\\\/\\\/www.laguiadepamplona.com\\\/actualidad\\\/#website\"},\"primaryImageOfPage\":{\"@id\":\"https:\\\/\\\/www.laguiadepamplona.com\\\/actualidad\\\/una-jornada-informativa-abordara-las-posibilidades-de-la-nueva-oficina-de-mediacion-comunitaria-para-resolver-conflictos-vecinales\\\/#primaryimage\"},\"image\":{\"@id\":\"https:\\\/\\\/www.laguiadepamplona.com\\\/actualidad\\\/una-jornada-informativa-abordara-las-posibilidades-de-la-nueva-oficina-de-mediacion-comunitaria-para-resolver-conflictos-vecinales\\\/#primaryimage\"},\"thumbnailUrl\":\"https:\\\/\\\/www.laguiadepamplona.com\\\/actualidad\\\/wp-content\\\/uploads\\\/2021\\\/05\\\/policia_municipal-pamplona.jpg\",\"datePublished\":\"2024-10-09T15:40:02+00:00\",\"dateModified\":\"2024-10-09T15:40:13+00:00\",\"breadcrumb\":{\"@id\":\"https:\\\/\\\/www.laguiadepamplona.com\\\/actualidad\\\/una-jornada-informativa-abordara-las-posibilidades-de-la-nueva-oficina-de-mediacion-comunitaria-para-resolver-conflictos-vecinales\\\/#breadcrumb\"},\"inLanguage\":\"es\",\"potentialAction\":[{\"@type\":\"ReadAction\",\"target\":[\"https:\\\/\\\/www.laguiadepamplona.com\\\/actualidad\\\/una-jornada-informativa-abordara-las-posibilidades-de-la-nueva-oficina-de-mediacion-comunitaria-para-resolver-conflictos-vecinales\\\/\"]}]},{\"@type\":\"ImageObject\",\"inLanguage\":\"es\",\"@id\":\"https:\\\/\\\/www.laguiadepamplona.com\\\/actualidad\\\/una-jornada-informativa-abordara-las-posibilidades-de-la-nueva-oficina-de-mediacion-comunitaria-para-resolver-conflictos-vecinales\\\/#primaryimage\",\"url\":\"https:\\\/\\\/www.laguiadepamplona.com\\\/actualidad\\\/wp-content\\\/uploads\\\/2021\\\/05\\\/policia_municipal-pamplona.jpg\",\"contentUrl\":\"https:\\\/\\\/www.laguiadepamplona.com\\\/actualidad\\\/wp-content\\\/uploads\\\/2021\\\/05\\\/policia_municipal-pamplona.jpg\",\"width\":1920,\"height\":1280,\"caption\":\"polic\u00eda municipal\"},{\"@type\":\"BreadcrumbList\",\"@id\":\"https:\\\/\\\/www.laguiadepamplona.com\\\/actualidad\\\/una-jornada-informativa-abordara-las-posibilidades-de-la-nueva-oficina-de-mediacion-comunitaria-para-resolver-conflictos-vecinales\\\/#breadcrumb\",\"itemListElement\":[{\"@type\":\"ListItem\",\"position\":1,\"name\":\"Portada\",\"item\":\"https:\\\/\\\/www.laguiadepamplona.com\\\/actualidad\\\/\"},{\"@type\":\"ListItem\",\"position\":2,\"name\":\"Una jornada informativa abordar\u00e1 las posibilidades de la nueva Oficina de Mediaci\u00f3n Comunitaria para resolver conflictos vecinales\"}]},{\"@type\":\"WebSite\",\"@id\":\"https:\\\/\\\/www.laguiadepamplona.com\\\/actualidad\\\/#website\",\"url\":\"https:\\\/\\\/www.laguiadepamplona.com\\\/actualidad\\\/\",\"name\":\"La gu\u00eda de Pamplona\",\"description\":\"Noticias de Pamplona\",\"publisher\":{\"@id\":\"https:\\\/\\\/www.laguiadepamplona.com\\\/actualidad\\\/#organization\"},\"potentialAction\":[{\"@type\":\"SearchAction\",\"target\":{\"@type\":\"EntryPoint\",\"urlTemplate\":\"https:\\\/\\\/www.laguiadepamplona.com\\\/actualidad\\\/?s={search_term_string}\"},\"query-input\":{\"@type\":\"PropertyValueSpecification\",\"valueRequired\":true,\"valueName\":\"search_term_string\"}}],\"inLanguage\":\"es\"},{\"@type\":\"Organization\",\"@id\":\"https:\\\/\\\/www.laguiadepamplona.com\\\/actualidad\\\/#organization\",\"name\":\"La Gu\u00eda de Pamplona \\\/ Noticias\",\"url\":\"https:\\\/\\\/www.laguiadepamplona.com\\\/actualidad\\\/\",\"logo\":{\"@type\":\"ImageObject\",\"inLanguage\":\"es\",\"@id\":\"https:\\\/\\\/www.laguiadepamplona.com\\\/actualidad\\\/#\\\/schema\\\/logo\\\/image\\\/\",\"url\":\"https:\\\/\\\/www.laguiadepamplona.com\\\/actualidad\\\/wp-content\\\/uploads\\\/2018\\\/11\\\/logo-laguiadepamplona18-web1.png\",\"contentUrl\":\"https:\\\/\\\/www.laguiadepamplona.com\\\/actualidad\\\/wp-content\\\/uploads\\\/2018\\\/11\\\/logo-laguiadepamplona18-web1.png\",\"width\":600,\"height\":196,\"caption\":\"La Gu\u00eda de Pamplona \\\/ Noticias\"},\"image\":{\"@id\":\"https:\\\/\\\/www.laguiadepamplona.com\\\/actualidad\\\/#\\\/schema\\\/logo\\\/image\\\/\"},\"sameAs\":[\"https:\\\/\\\/www.facebook.com\\\/laguiadepamplonacom-133175176762273\\\/?ref=hl\",\"https:\\\/\\\/x.com\\\/LaGuiadPamplona\",\"https:\\\/\\\/www.instagram.com\\\/la_guia_de_pamplona\\\/\",\"https:\\\/\\\/www.youtube.com\\\/user\\\/laguiadepamplona\"]},{\"@type\":\"Person\",\"@id\":\"https:\\\/\\\/www.laguiadepamplona.com\\\/actualidad\\\/#\\\/schema\\\/person\\\/efe887376f0213d4657c93adc50b1fdb\",\"name\":\"La Gu\u00eda de Pamplona\",\"image\":{\"@type\":\"ImageObject\",\"inLanguage\":\"es\",\"@id\":\"https:\\\/\\\/secure.gravatar.com\\\/avatar\\\/b6992f131dc8d30ab0dff15446e9d346d9dbd95992de0fef795073f5ea83a81c?s=96&d=mm&r=g\",\"url\":\"https:\\\/\\\/secure.gravatar.com\\\/avatar\\\/b6992f131dc8d30ab0dff15446e9d346d9dbd95992de0fef795073f5ea83a81c?s=96&d=mm&r=g\",\"contentUrl\":\"https:\\\/\\\/secure.gravatar.com\\\/avatar\\\/b6992f131dc8d30ab0dff15446e9d346d9dbd95992de0fef795073f5ea83a81c?s=96&d=mm&r=g\",\"caption\":\"La Gu\u00eda de Pamplona\"}}]}<\/script>\n<!-- \/ Yoast SEO plugin. -->","yoast_head_json":{"title":"Una jornada informativa abordar\u00e1 las posibilidades de la nueva Oficina de Mediaci\u00f3n Comunitaria para resolver conflictos vecinales","robots":{"index":"index","follow":"follow","max-snippet":"max-snippet:-1","max-image-preview":"max-image-preview:large","max-video-preview":"max-video-preview:-1"},"canonical":"https:\/\/www.laguiadepamplona.com\/actualidad\/una-jornada-informativa-abordara-las-posibilidades-de-la-nueva-oficina-de-mediacion-comunitaria-para-resolver-conflictos-vecinales\/","og_locale":"es_ES","og_type":"article","og_title":"Una jornada informativa abordar\u00e1 las posibilidades de la nueva Oficina de Mediaci\u00f3n Comunitaria para resolver conflictos vecinales","og_description":"Este nuevo servicio gratuito se centrar\u00e1 en conflictos de convivencia, ruidos, olores, obras, salubridad, mascotas o uso de espacios p\u00fablicos entre otros","og_url":"https:\/\/www.laguiadepamplona.com\/actualidad\/una-jornada-informativa-abordara-las-posibilidades-de-la-nueva-oficina-de-mediacion-comunitaria-para-resolver-conflictos-vecinales\/","og_site_name":"La Gu\u00eda de Pamplona","article_publisher":"https:\/\/www.facebook.com\/laguiadepamplonacom-133175176762273\/?ref=hl","article_published_time":"2024-10-09T15:40:02+00:00","article_modified_time":"2024-10-09T15:40:13+00:00","og_image":[{"width":1920,"height":1280,"url":"https:\/\/www.laguiadepamplona.com\/actualidad\/wp-content\/uploads\/2021\/05\/policia_municipal-pamplona.jpg","type":"image\/jpeg"}],"author":"La Gu\u00eda de Pamplona","twitter_card":"summary_large_image","twitter_creator":"@LaGuiadPamplona","twitter_site":"@LaGuiadPamplona","twitter_misc":{"Escrito por":"La Gu\u00eda de Pamplona","Tiempo de lectura":"3 minutos"},"schema":{"@context":"https:\/\/schema.org","@graph":[{"@type":"Article","@id":"https:\/\/www.laguiadepamplona.com\/actualidad\/una-jornada-informativa-abordara-las-posibilidades-de-la-nueva-oficina-de-mediacion-comunitaria-para-resolver-conflictos-vecinales\/#article","isPartOf":{"@id":"https:\/\/www.laguiadepamplona.com\/actualidad\/una-jornada-informativa-abordara-las-posibilidades-de-la-nueva-oficina-de-mediacion-comunitaria-para-resolver-conflictos-vecinales\/"},"author":{"name":"La Gu\u00eda de Pamplona","@id":"https:\/\/www.laguiadepamplona.com\/actualidad\/#\/schema\/person\/efe887376f0213d4657c93adc50b1fdb"},"headline":"Una jornada informativa abordar\u00e1 las posibilidades de la nueva Oficina de Mediaci\u00f3n Comunitaria para resolver conflictos vecinales","datePublished":"2024-10-09T15:40:02+00:00","dateModified":"2024-10-09T15:40:13+00:00","mainEntityOfPage":{"@id":"https:\/\/www.laguiadepamplona.com\/actualidad\/una-jornada-informativa-abordara-las-posibilidades-de-la-nueva-oficina-de-mediacion-comunitaria-para-resolver-conflictos-vecinales\/"},"wordCount":649,"commentCount":0,"publisher":{"@id":"https:\/\/www.laguiadepamplona.com\/actualidad\/#organization"},"image":{"@id":"https:\/\/www.laguiadepamplona.com\/actualidad\/una-jornada-informativa-abordara-las-posibilidades-de-la-nueva-oficina-de-mediacion-comunitaria-para-resolver-conflictos-vecinales\/#primaryimage"},"thumbnailUrl":"https:\/\/www.laguiadepamplona.com\/actualidad\/wp-content\/uploads\/2021\/05\/policia_municipal-pamplona.jpg","articleSection":["Ayto Pamplona"],"inLanguage":"es","potentialAction":[{"@type":"CommentAction","name":"Comment","target":["https:\/\/www.laguiadepamplona.com\/actualidad\/una-jornada-informativa-abordara-las-posibilidades-de-la-nueva-oficina-de-mediacion-comunitaria-para-resolver-conflictos-vecinales\/#respond"]}]},{"@type":"WebPage","@id":"https:\/\/www.laguiadepamplona.com\/actualidad\/una-jornada-informativa-abordara-las-posibilidades-de-la-nueva-oficina-de-mediacion-comunitaria-para-resolver-conflictos-vecinales\/","url":"https:\/\/www.laguiadepamplona.com\/actualidad\/una-jornada-informativa-abordara-las-posibilidades-de-la-nueva-oficina-de-mediacion-comunitaria-para-resolver-conflictos-vecinales\/","name":"Una jornada informativa abordar\u00e1 las posibilidades de la nueva Oficina de Mediaci\u00f3n Comunitaria para resolver conflictos vecinales","isPartOf":{"@id":"https:\/\/www.laguiadepamplona.com\/actualidad\/#website"},"primaryImageOfPage":{"@id":"https:\/\/www.laguiadepamplona.com\/actualidad\/una-jornada-informativa-abordara-las-posibilidades-de-la-nueva-oficina-de-mediacion-comunitaria-para-resolver-conflictos-vecinales\/#primaryimage"},"image":{"@id":"https:\/\/www.laguiadepamplona.com\/actualidad\/una-jornada-informativa-abordara-las-posibilidades-de-la-nueva-oficina-de-mediacion-comunitaria-para-resolver-conflictos-vecinales\/#primaryimage"},"thumbnailUrl":"https:\/\/www.laguiadepamplona.com\/actualidad\/wp-content\/uploads\/2021\/05\/policia_municipal-pamplona.jpg","datePublished":"2024-10-09T15:40:02+00:00","dateModified":"2024-10-09T15:40:13+00:00","breadcrumb":{"@id":"https:\/\/www.laguiadepamplona.com\/actualidad\/una-jornada-informativa-abordara-las-posibilidades-de-la-nueva-oficina-de-mediacion-comunitaria-para-resolver-conflictos-vecinales\/#breadcrumb"},"inLanguage":"es","potentialAction":[{"@type":"ReadAction","target":["https:\/\/www.laguiadepamplona.com\/actualidad\/una-jornada-informativa-abordara-las-posibilidades-de-la-nueva-oficina-de-mediacion-comunitaria-para-resolver-conflictos-vecinales\/"]}]},{"@type":"ImageObject","inLanguage":"es","@id":"https:\/\/www.laguiadepamplona.com\/actualidad\/una-jornada-informativa-abordara-las-posibilidades-de-la-nueva-oficina-de-mediacion-comunitaria-para-resolver-conflictos-vecinales\/#primaryimage","url":"https:\/\/www.laguiadepamplona.com\/actualidad\/wp-content\/uploads\/2021\/05\/policia_municipal-pamplona.jpg","contentUrl":"https:\/\/www.laguiadepamplona.com\/actualidad\/wp-content\/uploads\/2021\/05\/policia_municipal-pamplona.jpg","width":1920,"height":1280,"caption":"polic\u00eda municipal"},{"@type":"BreadcrumbList","@id":"https:\/\/www.laguiadepamplona.com\/actualidad\/una-jornada-informativa-abordara-las-posibilidades-de-la-nueva-oficina-de-mediacion-comunitaria-para-resolver-conflictos-vecinales\/#breadcrumb","itemListElement":[{"@type":"ListItem","position":1,"name":"Portada","item":"https:\/\/www.laguiadepamplona.com\/actualidad\/"},{"@type":"ListItem","position":2,"name":"Una jornada informativa abordar\u00e1 las posibilidades de la nueva Oficina de Mediaci\u00f3n Comunitaria para resolver conflictos vecinales"}]},{"@type":"WebSite","@id":"https:\/\/www.laguiadepamplona.com\/actualidad\/#website","url":"https:\/\/www.laguiadepamplona.com\/actualidad\/","name":"La gu\u00eda de Pamplona","description":"Noticias de Pamplona","publisher":{"@id":"https:\/\/www.laguiadepamplona.com\/actualidad\/#organization"},"potentialAction":[{"@type":"SearchAction","target":{"@type":"EntryPoint","urlTemplate":"https:\/\/www.laguiadepamplona.com\/actualidad\/?s={search_term_string}"},"query-input":{"@type":"PropertyValueSpecification","valueRequired":true,"valueName":"search_term_string"}}],"inLanguage":"es"},{"@type":"Organization","@id":"https:\/\/www.laguiadepamplona.com\/actualidad\/#organization","name":"La Gu\u00eda de Pamplona \/ Noticias","url":"https:\/\/www.laguiadepamplona.com\/actualidad\/","logo":{"@type":"ImageObject","inLanguage":"es","@id":"https:\/\/www.laguiadepamplona.com\/actualidad\/#\/schema\/logo\/image\/","url":"https:\/\/www.laguiadepamplona.com\/actualidad\/wp-content\/uploads\/2018\/11\/logo-laguiadepamplona18-web1.png","contentUrl":"https:\/\/www.laguiadepamplona.com\/actualidad\/wp-content\/uploads\/2018\/11\/logo-laguiadepamplona18-web1.png","width":600,"height":196,"caption":"La Gu\u00eda de Pamplona \/ Noticias"},"image":{"@id":"https:\/\/www.laguiadepamplona.com\/actualidad\/#\/schema\/logo\/image\/"},"sameAs":["https:\/\/www.facebook.com\/laguiadepamplonacom-133175176762273\/?ref=hl","https:\/\/x.com\/LaGuiadPamplona","https:\/\/www.instagram.com\/la_guia_de_pamplona\/","https:\/\/www.youtube.com\/user\/laguiadepamplona"]},{"@type":"Person","@id":"https:\/\/www.laguiadepamplona.com\/actualidad\/#\/schema\/person\/efe887376f0213d4657c93adc50b1fdb","name":"La Gu\u00eda de Pamplona","image":{"@type":"ImageObject","inLanguage":"es","@id":"https:\/\/secure.gravatar.com\/avatar\/b6992f131dc8d30ab0dff15446e9d346d9dbd95992de0fef795073f5ea83a81c?s=96&d=mm&r=g","url":"https:\/\/secure.gravatar.com\/avatar\/b6992f131dc8d30ab0dff15446e9d346d9dbd95992de0fef795073f5ea83a81c?s=96&d=mm&r=g","contentUrl":"https:\/\/secure.gravatar.com\/avatar\/b6992f131dc8d30ab0dff15446e9d346d9dbd95992de0fef795073f5ea83a81c?s=96&d=mm&r=g","caption":"La Gu\u00eda de Pamplona"}}]}},"post_mailing_queue_ids":[],"_links":{"self":[{"href":"https:\/\/www.laguiadepamplona.com\/actualidad\/wp-json\/wp\/v2\/posts\/50973","targetHints":{"allow":["GET"]}}],"collection":[{"href":"https:\/\/www.laguiadepamplona.com\/actualidad\/wp-json\/wp\/v2\/posts"}],"about":[{"href":"https:\/\/www.laguiadepamplona.com\/actualidad\/wp-json\/wp\/v2\/types\/post"}],"author":[{"embeddable":true,"href":"https:\/\/www.laguiadepamplona.com\/actualidad\/wp-json\/wp\/v2\/users\/1"}],"replies":[{"embeddable":true,"href":"https:\/\/www.laguiadepamplona.com\/actualidad\/wp-json\/wp\/v2\/comments?post=50973"}],"version-history":[{"count":1,"href":"https:\/\/www.laguiadepamplona.com\/actualidad\/wp-json\/wp\/v2\/posts\/50973\/revisions"}],"predecessor-version":[{"id":50974,"href":"https:\/\/www.laguiadepamplona.com\/actualidad\/wp-json\/wp\/v2\/posts\/50973\/revisions\/50974"}],"wp:featuredmedia":[{"embeddable":true,"href":"https:\/\/www.laguiadepamplona.com\/actualidad\/wp-json\/wp\/v2\/media\/34872"}],"wp:attachment":[{"href":"https:\/\/www.laguiadepamplona.com\/actualidad\/wp-json\/wp\/v2\/media?parent=50973"}],"wp:term":[{"taxonomy":"category","embeddable":true,"href":"https:\/\/www.laguiadepamplona.com\/actualidad\/wp-json\/wp\/v2\/categories?post=50973"},{"taxonomy":"post_tag","embeddable":true,"href":"https:\/\/www.laguiadepamplona.com\/actualidad\/wp-json\/wp\/v2\/tags?post=50973"}],"curies":[{"name":"wp","href":"https:\/\/api.w.org\/{rel}","templated":true}]}}