{"id":50971,"date":"2024-10-09T17:38:55","date_gmt":"2024-10-09T15:38:55","guid":{"rendered":"https:\/\/www.laguiadepamplona.com\/actualidad\/?p=50971"},"modified":"2024-10-09T17:38:55","modified_gmt":"2024-10-09T15:38:55","slug":"el-4-de-noviembre-finaliza-el-plazo-para-presentar-fotografias-al-concurso-enfoca-pamplona-que-seleccionara-tambien-las-imagenes-del-calendario-municipal-de-2025","status":"publish","type":"post","link":"https:\/\/www.laguiadepamplona.com\/actualidad\/el-4-de-noviembre-finaliza-el-plazo-para-presentar-fotografias-al-concurso-enfoca-pamplona-que-seleccionara-tambien-las-imagenes-del-calendario-municipal-de-2025\/","title":{"rendered":"El 4 de noviembre finaliza el plazo para presentar fotograf\u00edas al concurso Enfoca Pamplona, que seleccionar\u00e1 tambi\u00e9n las im\u00e1genes del calendario municipal de 2025"},"content":{"rendered":"<h2>Se pueden presentar hasta tres fotograf\u00edas por persona, en formato digital, a trav\u00e9s de la web municipal de Cultura<\/h2>\n<p><!--more--><\/p>\n<p>El Ayuntamiento ha convocado una nueva edici\u00f3n del concurso fotogr\u00e1fico Enfoca Pamplona en el que, adem\u00e1s, se seleccionar\u00e1n las im\u00e1genes que ilustrar\u00e1n el calendario municipal de 2025. Se buscan fotos que reflejen una mirada personal de Pamplona y que pongan en valor lo mucho que tiene la ciudad. El 4 de noviembre, a las 23.59 horas, finalizar el plazo de presentaci\u00f3n de fotograf\u00edas a trav\u00e9s de las webs <a href=\"http:\/\/www.pamplonaescultura.es\" target=\"_blank\" rel=\"noopener\">www.pamplonaescultura.es<\/a> o <a href=\"http:\/\/www.pamplonaescultura.es\/eu\" target=\"_blank\" rel=\"noopener\">www.pamplonaescultura.es\/eu<\/a>.<\/p>\n<p>Quienes participen podr\u00e1n presentar hasta un m\u00e1ximo de tres fotograf\u00edas, con t\u00e9cnica libre y en formato digital. No se admitir\u00e1n a concurso im\u00e1genes ya publicadas o premiadas en otros cert\u00e1menes. Deber\u00e1n presentarse en formato JPG, con una resoluci\u00f3n de al menos 72 ppp y un m\u00e1ximo de 2 MB. El tama\u00f1o ser\u00e1 de 794&#215;1077 px (28&#215;38 cms) para formato vertical o de 1077&#215;794 px (38&#215;28 cms) para formato horizontal, \u00fanicamente para su valoraci\u00f3n por parte del jurado. Posteriormente, aquellas fotograf\u00edas que resulten premiadas o seleccionadas deber\u00e1n presentarse en alta resoluci\u00f3n, cuando as\u00ed se requiera.<\/p>\n<p>El concurso Enfoca Pamplona establece tres premios econ\u00f3micos para las mejores fotograf\u00edas presentadas con una dotaci\u00f3n de 900, 600 y 500 euros, respectivamente. Para las fotos del calendario, las bases recogen doce premios 150 euros cada uno. Si el jurado lo considera oportuno, se podr\u00e1n conceder hasta un m\u00e1ximo de cinco menciones especiales. El pasado a\u00f1o se recibieron 479 fotograf\u00edas presentadas por 181 personas, 121 hombres y 60 mujeres.<\/p>\n<p><strong>Composici\u00f3n, luz y diversidad de puntos de vista<\/strong><\/p>\n<p>El jurado t\u00e9cnico que valorar\u00e1 las fotograf\u00edas presentadas estar\u00e1 formado por profesionales de la fotograf\u00edas y personal t\u00e9cnico del Ayuntamiento de Pamplona. Se tendr\u00e1n en cuenta aspectos como la composici\u00f3n, la luz, la diversidad de puntos de vista y cualquier otra cuesti\u00f3n que se considere oportuna. Quien presenta las fotos se hace responsable de la autorizaci\u00f3n y\/o consentimiento de la persona o personas que aparecen en las im\u00e1genes. Las fotograf\u00edas premiadas y sus derechos de uso pasar\u00e1n a ser propiedad del Ayuntamiento de Pamplona.<\/p>\n<p>Para participar es necesario cumplimentar un formulario online, en el que se piden los datos personales, DNI, fecha de nacimiento, tel\u00e9fono y correo electr\u00f3nico del autor o autora de la imagen presentada. Adem\u00e1s, se indicar\u00e1 la fecha de realizaci\u00f3n de la fotograf\u00eda, el lugar exacto y una breve descripci\u00f3n de lo que muestra. Es importante especificar o concretar el lugar para facilitar el trabajo y la decisi\u00f3n del jurado.<\/p>\n<p>La entrega de premios est\u00e1 prevista para el pr\u00f3ximo mes de diciembre en uno de los centros civivox. La participaci\u00f3n en el concurso supone la aceptaci\u00f3n de sus bases y la conformidad con las decisiones del jurado. Las bases se pueden consultar en la web municipal de Cultura, en <a href=\"http:\/\/www.pamplonaescultura.es\" target=\"_blank\" rel=\"noopener\">www.pamplonaescultura.es<\/a> y en <a href=\"http:\/\/www.pamplonaescultura.es\/eu\" target=\"_blank\" rel=\"noopener\">www.pamplonaescultura.es\/eu<\/a>.<\/p>\n","protected":false},"excerpt":{"rendered":"<p>Se pueden presentar hasta tres fotograf\u00edas por persona, en formato digital, a trav\u00e9s de la web municipal de Cultura<\/p>\n","protected":false},"author":1,"featured_media":27018,"comment_status":"open","ping_status":"closed","sticky":false,"template":"","format":"standard","meta":{"footnotes":""},"categories":[2],"tags":[],"class_list":["post-50971","post","type-post","status-publish","format-standard","has-post-thumbnail","hentry","category-ayuntamiento-pamplona"],"yoast_head":"<!-- This site is optimized with the Yoast SEO plugin v27.3 - https:\/\/yoast.com\/product\/yoast-seo-wordpress\/ -->\n<title>El 4 de noviembre finaliza el plazo para presentar fotograf\u00edas al concurso Enfoca Pamplona, que seleccionar\u00e1 tambi\u00e9n las im\u00e1genes del calendario municipal de 2025<\/title>\n<meta name=\"description\" content=\"Se pueden presentar hasta tres fotograf\u00edas por persona, en formato digital, a trav\u00e9s de la web municipal de Cultura\" \/>\n<meta name=\"robots\" content=\"index, follow, max-snippet:-1, max-image-preview:large, max-video-preview:-1\" \/>\n<link rel=\"canonical\" href=\"https:\/\/www.laguiadepamplona.com\/actualidad\/el-4-de-noviembre-finaliza-el-plazo-para-presentar-fotografias-al-concurso-enfoca-pamplona-que-seleccionara-tambien-las-imagenes-del-calendario-municipal-de-2025\/\" \/>\n<meta property=\"og:locale\" content=\"es_ES\" \/>\n<meta property=\"og:type\" content=\"article\" \/>\n<meta property=\"og:title\" content=\"El 4 de noviembre finaliza el plazo para presentar fotograf\u00edas al concurso Enfoca Pamplona, que seleccionar\u00e1 tambi\u00e9n las im\u00e1genes del calendario municipal de 2025\" \/>\n<meta property=\"og:description\" content=\"Se pueden presentar hasta tres fotograf\u00edas por persona, en formato digital, a trav\u00e9s de la web municipal de Cultura\" \/>\n<meta property=\"og:url\" content=\"https:\/\/www.laguiadepamplona.com\/actualidad\/el-4-de-noviembre-finaliza-el-plazo-para-presentar-fotografias-al-concurso-enfoca-pamplona-que-seleccionara-tambien-las-imagenes-del-calendario-municipal-de-2025\/\" \/>\n<meta property=\"og:site_name\" content=\"La Gu\u00eda de Pamplona\" \/>\n<meta property=\"article:publisher\" content=\"https:\/\/www.facebook.com\/laguiadepamplonacom-133175176762273\/?ref=hl\" \/>\n<meta property=\"article:published_time\" content=\"2024-10-09T15:38:55+00:00\" \/>\n<meta property=\"og:image\" content=\"https:\/\/www.laguiadepamplona.com\/actualidad\/wp-content\/uploads\/2019\/12\/fotografia.jpg\" \/>\n\t<meta property=\"og:image:width\" content=\"1280\" \/>\n\t<meta property=\"og:image:height\" content=\"853\" \/>\n\t<meta property=\"og:image:type\" content=\"image\/jpeg\" \/>\n<meta name=\"author\" content=\"La Gu\u00eda de Pamplona\" \/>\n<meta name=\"twitter:card\" content=\"summary_large_image\" \/>\n<meta name=\"twitter:creator\" content=\"@LaGuiadPamplona\" \/>\n<meta name=\"twitter:site\" content=\"@LaGuiadPamplona\" \/>\n<meta name=\"twitter:label1\" content=\"Escrito por\" \/>\n\t<meta name=\"twitter:data1\" content=\"La Gu\u00eda de Pamplona\" \/>\n\t<meta name=\"twitter:label2\" content=\"Tiempo de lectura\" \/>\n\t<meta name=\"twitter:data2\" content=\"3 minutos\" \/>\n<script type=\"application\/ld+json\" class=\"yoast-schema-graph\">{\"@context\":\"https:\\\/\\\/schema.org\",\"@graph\":[{\"@type\":\"Article\",\"@id\":\"https:\\\/\\\/www.laguiadepamplona.com\\\/actualidad\\\/el-4-de-noviembre-finaliza-el-plazo-para-presentar-fotografias-al-concurso-enfoca-pamplona-que-seleccionara-tambien-las-imagenes-del-calendario-municipal-de-2025\\\/#article\",\"isPartOf\":{\"@id\":\"https:\\\/\\\/www.laguiadepamplona.com\\\/actualidad\\\/el-4-de-noviembre-finaliza-el-plazo-para-presentar-fotografias-al-concurso-enfoca-pamplona-que-seleccionara-tambien-las-imagenes-del-calendario-municipal-de-2025\\\/\"},\"author\":{\"name\":\"La Gu\u00eda de Pamplona\",\"@id\":\"https:\\\/\\\/www.laguiadepamplona.com\\\/actualidad\\\/#\\\/schema\\\/person\\\/efe887376f0213d4657c93adc50b1fdb\"},\"headline\":\"El 4 de noviembre finaliza el plazo para presentar fotograf\u00edas al concurso Enfoca Pamplona, que seleccionar\u00e1 tambi\u00e9n las im\u00e1genes del calendario municipal de 2025\",\"datePublished\":\"2024-10-09T15:38:55+00:00\",\"mainEntityOfPage\":{\"@id\":\"https:\\\/\\\/www.laguiadepamplona.com\\\/actualidad\\\/el-4-de-noviembre-finaliza-el-plazo-para-presentar-fotografias-al-concurso-enfoca-pamplona-que-seleccionara-tambien-las-imagenes-del-calendario-municipal-de-2025\\\/\"},\"wordCount\":545,\"commentCount\":0,\"publisher\":{\"@id\":\"https:\\\/\\\/www.laguiadepamplona.com\\\/actualidad\\\/#organization\"},\"image\":{\"@id\":\"https:\\\/\\\/www.laguiadepamplona.com\\\/actualidad\\\/el-4-de-noviembre-finaliza-el-plazo-para-presentar-fotografias-al-concurso-enfoca-pamplona-que-seleccionara-tambien-las-imagenes-del-calendario-municipal-de-2025\\\/#primaryimage\"},\"thumbnailUrl\":\"https:\\\/\\\/www.laguiadepamplona.com\\\/actualidad\\\/wp-content\\\/uploads\\\/2019\\\/12\\\/fotografia.jpg\",\"articleSection\":[\"Ayto Pamplona\"],\"inLanguage\":\"es\",\"potentialAction\":[{\"@type\":\"CommentAction\",\"name\":\"Comment\",\"target\":[\"https:\\\/\\\/www.laguiadepamplona.com\\\/actualidad\\\/el-4-de-noviembre-finaliza-el-plazo-para-presentar-fotografias-al-concurso-enfoca-pamplona-que-seleccionara-tambien-las-imagenes-del-calendario-municipal-de-2025\\\/#respond\"]}]},{\"@type\":\"WebPage\",\"@id\":\"https:\\\/\\\/www.laguiadepamplona.com\\\/actualidad\\\/el-4-de-noviembre-finaliza-el-plazo-para-presentar-fotografias-al-concurso-enfoca-pamplona-que-seleccionara-tambien-las-imagenes-del-calendario-municipal-de-2025\\\/\",\"url\":\"https:\\\/\\\/www.laguiadepamplona.com\\\/actualidad\\\/el-4-de-noviembre-finaliza-el-plazo-para-presentar-fotografias-al-concurso-enfoca-pamplona-que-seleccionara-tambien-las-imagenes-del-calendario-municipal-de-2025\\\/\",\"name\":\"El 4 de noviembre finaliza el plazo para presentar fotograf\u00edas al concurso Enfoca Pamplona, que seleccionar\u00e1 tambi\u00e9n las im\u00e1genes del calendario municipal de 2025\",\"isPartOf\":{\"@id\":\"https:\\\/\\\/www.laguiadepamplona.com\\\/actualidad\\\/#website\"},\"primaryImageOfPage\":{\"@id\":\"https:\\\/\\\/www.laguiadepamplona.com\\\/actualidad\\\/el-4-de-noviembre-finaliza-el-plazo-para-presentar-fotografias-al-concurso-enfoca-pamplona-que-seleccionara-tambien-las-imagenes-del-calendario-municipal-de-2025\\\/#primaryimage\"},\"image\":{\"@id\":\"https:\\\/\\\/www.laguiadepamplona.com\\\/actualidad\\\/el-4-de-noviembre-finaliza-el-plazo-para-presentar-fotografias-al-concurso-enfoca-pamplona-que-seleccionara-tambien-las-imagenes-del-calendario-municipal-de-2025\\\/#primaryimage\"},\"thumbnailUrl\":\"https:\\\/\\\/www.laguiadepamplona.com\\\/actualidad\\\/wp-content\\\/uploads\\\/2019\\\/12\\\/fotografia.jpg\",\"datePublished\":\"2024-10-09T15:38:55+00:00\",\"description\":\"Se pueden presentar hasta tres fotograf\u00edas por persona, en formato digital, a trav\u00e9s de la web municipal de Cultura\",\"breadcrumb\":{\"@id\":\"https:\\\/\\\/www.laguiadepamplona.com\\\/actualidad\\\/el-4-de-noviembre-finaliza-el-plazo-para-presentar-fotografias-al-concurso-enfoca-pamplona-que-seleccionara-tambien-las-imagenes-del-calendario-municipal-de-2025\\\/#breadcrumb\"},\"inLanguage\":\"es\",\"potentialAction\":[{\"@type\":\"ReadAction\",\"target\":[\"https:\\\/\\\/www.laguiadepamplona.com\\\/actualidad\\\/el-4-de-noviembre-finaliza-el-plazo-para-presentar-fotografias-al-concurso-enfoca-pamplona-que-seleccionara-tambien-las-imagenes-del-calendario-municipal-de-2025\\\/\"]}]},{\"@type\":\"ImageObject\",\"inLanguage\":\"es\",\"@id\":\"https:\\\/\\\/www.laguiadepamplona.com\\\/actualidad\\\/el-4-de-noviembre-finaliza-el-plazo-para-presentar-fotografias-al-concurso-enfoca-pamplona-que-seleccionara-tambien-las-imagenes-del-calendario-municipal-de-2025\\\/#primaryimage\",\"url\":\"https:\\\/\\\/www.laguiadepamplona.com\\\/actualidad\\\/wp-content\\\/uploads\\\/2019\\\/12\\\/fotografia.jpg\",\"contentUrl\":\"https:\\\/\\\/www.laguiadepamplona.com\\\/actualidad\\\/wp-content\\\/uploads\\\/2019\\\/12\\\/fotografia.jpg\",\"width\":1280,\"height\":853,\"caption\":\"fotograf\u00eda\"},{\"@type\":\"BreadcrumbList\",\"@id\":\"https:\\\/\\\/www.laguiadepamplona.com\\\/actualidad\\\/el-4-de-noviembre-finaliza-el-plazo-para-presentar-fotografias-al-concurso-enfoca-pamplona-que-seleccionara-tambien-las-imagenes-del-calendario-municipal-de-2025\\\/#breadcrumb\",\"itemListElement\":[{\"@type\":\"ListItem\",\"position\":1,\"name\":\"Portada\",\"item\":\"https:\\\/\\\/www.laguiadepamplona.com\\\/actualidad\\\/\"},{\"@type\":\"ListItem\",\"position\":2,\"name\":\"El 4 de noviembre finaliza el plazo para presentar fotograf\u00edas al concurso Enfoca Pamplona, que seleccionar\u00e1 tambi\u00e9n las im\u00e1genes del calendario municipal de 2025\"}]},{\"@type\":\"WebSite\",\"@id\":\"https:\\\/\\\/www.laguiadepamplona.com\\\/actualidad\\\/#website\",\"url\":\"https:\\\/\\\/www.laguiadepamplona.com\\\/actualidad\\\/\",\"name\":\"La gu\u00eda de Pamplona\",\"description\":\"Noticias de Pamplona\",\"publisher\":{\"@id\":\"https:\\\/\\\/www.laguiadepamplona.com\\\/actualidad\\\/#organization\"},\"potentialAction\":[{\"@type\":\"SearchAction\",\"target\":{\"@type\":\"EntryPoint\",\"urlTemplate\":\"https:\\\/\\\/www.laguiadepamplona.com\\\/actualidad\\\/?s={search_term_string}\"},\"query-input\":{\"@type\":\"PropertyValueSpecification\",\"valueRequired\":true,\"valueName\":\"search_term_string\"}}],\"inLanguage\":\"es\"},{\"@type\":\"Organization\",\"@id\":\"https:\\\/\\\/www.laguiadepamplona.com\\\/actualidad\\\/#organization\",\"name\":\"La Gu\u00eda de Pamplona \\\/ Noticias\",\"url\":\"https:\\\/\\\/www.laguiadepamplona.com\\\/actualidad\\\/\",\"logo\":{\"@type\":\"ImageObject\",\"inLanguage\":\"es\",\"@id\":\"https:\\\/\\\/www.laguiadepamplona.com\\\/actualidad\\\/#\\\/schema\\\/logo\\\/image\\\/\",\"url\":\"https:\\\/\\\/www.laguiadepamplona.com\\\/actualidad\\\/wp-content\\\/uploads\\\/2018\\\/11\\\/logo-laguiadepamplona18-web1.png\",\"contentUrl\":\"https:\\\/\\\/www.laguiadepamplona.com\\\/actualidad\\\/wp-content\\\/uploads\\\/2018\\\/11\\\/logo-laguiadepamplona18-web1.png\",\"width\":600,\"height\":196,\"caption\":\"La Gu\u00eda de Pamplona \\\/ Noticias\"},\"image\":{\"@id\":\"https:\\\/\\\/www.laguiadepamplona.com\\\/actualidad\\\/#\\\/schema\\\/logo\\\/image\\\/\"},\"sameAs\":[\"https:\\\/\\\/www.facebook.com\\\/laguiadepamplonacom-133175176762273\\\/?ref=hl\",\"https:\\\/\\\/x.com\\\/LaGuiadPamplona\",\"https:\\\/\\\/www.instagram.com\\\/la_guia_de_pamplona\\\/\",\"https:\\\/\\\/www.youtube.com\\\/user\\\/laguiadepamplona\"]},{\"@type\":\"Person\",\"@id\":\"https:\\\/\\\/www.laguiadepamplona.com\\\/actualidad\\\/#\\\/schema\\\/person\\\/efe887376f0213d4657c93adc50b1fdb\",\"name\":\"La Gu\u00eda de Pamplona\",\"image\":{\"@type\":\"ImageObject\",\"inLanguage\":\"es\",\"@id\":\"https:\\\/\\\/secure.gravatar.com\\\/avatar\\\/b6992f131dc8d30ab0dff15446e9d346d9dbd95992de0fef795073f5ea83a81c?s=96&d=mm&r=g\",\"url\":\"https:\\\/\\\/secure.gravatar.com\\\/avatar\\\/b6992f131dc8d30ab0dff15446e9d346d9dbd95992de0fef795073f5ea83a81c?s=96&d=mm&r=g\",\"contentUrl\":\"https:\\\/\\\/secure.gravatar.com\\\/avatar\\\/b6992f131dc8d30ab0dff15446e9d346d9dbd95992de0fef795073f5ea83a81c?s=96&d=mm&r=g\",\"caption\":\"La Gu\u00eda de Pamplona\"}}]}<\/script>\n<!-- \/ Yoast SEO plugin. -->","yoast_head_json":{"title":"El 4 de noviembre finaliza el plazo para presentar fotograf\u00edas al concurso Enfoca Pamplona, que seleccionar\u00e1 tambi\u00e9n las im\u00e1genes del calendario municipal de 2025","description":"Se pueden presentar hasta tres fotograf\u00edas por persona, en formato digital, a trav\u00e9s de la web municipal de Cultura","robots":{"index":"index","follow":"follow","max-snippet":"max-snippet:-1","max-image-preview":"max-image-preview:large","max-video-preview":"max-video-preview:-1"},"canonical":"https:\/\/www.laguiadepamplona.com\/actualidad\/el-4-de-noviembre-finaliza-el-plazo-para-presentar-fotografias-al-concurso-enfoca-pamplona-que-seleccionara-tambien-las-imagenes-del-calendario-municipal-de-2025\/","og_locale":"es_ES","og_type":"article","og_title":"El 4 de noviembre finaliza el plazo para presentar fotograf\u00edas al concurso Enfoca Pamplona, que seleccionar\u00e1 tambi\u00e9n las im\u00e1genes del calendario municipal de 2025","og_description":"Se pueden presentar hasta tres fotograf\u00edas por persona, en formato digital, a trav\u00e9s de la web municipal de Cultura","og_url":"https:\/\/www.laguiadepamplona.com\/actualidad\/el-4-de-noviembre-finaliza-el-plazo-para-presentar-fotografias-al-concurso-enfoca-pamplona-que-seleccionara-tambien-las-imagenes-del-calendario-municipal-de-2025\/","og_site_name":"La Gu\u00eda de Pamplona","article_publisher":"https:\/\/www.facebook.com\/laguiadepamplonacom-133175176762273\/?ref=hl","article_published_time":"2024-10-09T15:38:55+00:00","og_image":[{"width":1280,"height":853,"url":"https:\/\/www.laguiadepamplona.com\/actualidad\/wp-content\/uploads\/2019\/12\/fotografia.jpg","type":"image\/jpeg"}],"author":"La Gu\u00eda de Pamplona","twitter_card":"summary_large_image","twitter_creator":"@LaGuiadPamplona","twitter_site":"@LaGuiadPamplona","twitter_misc":{"Escrito por":"La Gu\u00eda de Pamplona","Tiempo de lectura":"3 minutos"},"schema":{"@context":"https:\/\/schema.org","@graph":[{"@type":"Article","@id":"https:\/\/www.laguiadepamplona.com\/actualidad\/el-4-de-noviembre-finaliza-el-plazo-para-presentar-fotografias-al-concurso-enfoca-pamplona-que-seleccionara-tambien-las-imagenes-del-calendario-municipal-de-2025\/#article","isPartOf":{"@id":"https:\/\/www.laguiadepamplona.com\/actualidad\/el-4-de-noviembre-finaliza-el-plazo-para-presentar-fotografias-al-concurso-enfoca-pamplona-que-seleccionara-tambien-las-imagenes-del-calendario-municipal-de-2025\/"},"author":{"name":"La Gu\u00eda de Pamplona","@id":"https:\/\/www.laguiadepamplona.com\/actualidad\/#\/schema\/person\/efe887376f0213d4657c93adc50b1fdb"},"headline":"El 4 de noviembre finaliza el plazo para presentar fotograf\u00edas al concurso Enfoca Pamplona, que seleccionar\u00e1 tambi\u00e9n las im\u00e1genes del calendario municipal de 2025","datePublished":"2024-10-09T15:38:55+00:00","mainEntityOfPage":{"@id":"https:\/\/www.laguiadepamplona.com\/actualidad\/el-4-de-noviembre-finaliza-el-plazo-para-presentar-fotografias-al-concurso-enfoca-pamplona-que-seleccionara-tambien-las-imagenes-del-calendario-municipal-de-2025\/"},"wordCount":545,"commentCount":0,"publisher":{"@id":"https:\/\/www.laguiadepamplona.com\/actualidad\/#organization"},"image":{"@id":"https:\/\/www.laguiadepamplona.com\/actualidad\/el-4-de-noviembre-finaliza-el-plazo-para-presentar-fotografias-al-concurso-enfoca-pamplona-que-seleccionara-tambien-las-imagenes-del-calendario-municipal-de-2025\/#primaryimage"},"thumbnailUrl":"https:\/\/www.laguiadepamplona.com\/actualidad\/wp-content\/uploads\/2019\/12\/fotografia.jpg","articleSection":["Ayto Pamplona"],"inLanguage":"es","potentialAction":[{"@type":"CommentAction","name":"Comment","target":["https:\/\/www.laguiadepamplona.com\/actualidad\/el-4-de-noviembre-finaliza-el-plazo-para-presentar-fotografias-al-concurso-enfoca-pamplona-que-seleccionara-tambien-las-imagenes-del-calendario-municipal-de-2025\/#respond"]}]},{"@type":"WebPage","@id":"https:\/\/www.laguiadepamplona.com\/actualidad\/el-4-de-noviembre-finaliza-el-plazo-para-presentar-fotografias-al-concurso-enfoca-pamplona-que-seleccionara-tambien-las-imagenes-del-calendario-municipal-de-2025\/","url":"https:\/\/www.laguiadepamplona.com\/actualidad\/el-4-de-noviembre-finaliza-el-plazo-para-presentar-fotografias-al-concurso-enfoca-pamplona-que-seleccionara-tambien-las-imagenes-del-calendario-municipal-de-2025\/","name":"El 4 de noviembre finaliza el plazo para presentar fotograf\u00edas al concurso Enfoca Pamplona, que seleccionar\u00e1 tambi\u00e9n las im\u00e1genes del calendario municipal de 2025","isPartOf":{"@id":"https:\/\/www.laguiadepamplona.com\/actualidad\/#website"},"primaryImageOfPage":{"@id":"https:\/\/www.laguiadepamplona.com\/actualidad\/el-4-de-noviembre-finaliza-el-plazo-para-presentar-fotografias-al-concurso-enfoca-pamplona-que-seleccionara-tambien-las-imagenes-del-calendario-municipal-de-2025\/#primaryimage"},"image":{"@id":"https:\/\/www.laguiadepamplona.com\/actualidad\/el-4-de-noviembre-finaliza-el-plazo-para-presentar-fotografias-al-concurso-enfoca-pamplona-que-seleccionara-tambien-las-imagenes-del-calendario-municipal-de-2025\/#primaryimage"},"thumbnailUrl":"https:\/\/www.laguiadepamplona.com\/actualidad\/wp-content\/uploads\/2019\/12\/fotografia.jpg","datePublished":"2024-10-09T15:38:55+00:00","description":"Se pueden presentar hasta tres fotograf\u00edas por persona, en formato digital, a trav\u00e9s de la web municipal de Cultura","breadcrumb":{"@id":"https:\/\/www.laguiadepamplona.com\/actualidad\/el-4-de-noviembre-finaliza-el-plazo-para-presentar-fotografias-al-concurso-enfoca-pamplona-que-seleccionara-tambien-las-imagenes-del-calendario-municipal-de-2025\/#breadcrumb"},"inLanguage":"es","potentialAction":[{"@type":"ReadAction","target":["https:\/\/www.laguiadepamplona.com\/actualidad\/el-4-de-noviembre-finaliza-el-plazo-para-presentar-fotografias-al-concurso-enfoca-pamplona-que-seleccionara-tambien-las-imagenes-del-calendario-municipal-de-2025\/"]}]},{"@type":"ImageObject","inLanguage":"es","@id":"https:\/\/www.laguiadepamplona.com\/actualidad\/el-4-de-noviembre-finaliza-el-plazo-para-presentar-fotografias-al-concurso-enfoca-pamplona-que-seleccionara-tambien-las-imagenes-del-calendario-municipal-de-2025\/#primaryimage","url":"https:\/\/www.laguiadepamplona.com\/actualidad\/wp-content\/uploads\/2019\/12\/fotografia.jpg","contentUrl":"https:\/\/www.laguiadepamplona.com\/actualidad\/wp-content\/uploads\/2019\/12\/fotografia.jpg","width":1280,"height":853,"caption":"fotograf\u00eda"},{"@type":"BreadcrumbList","@id":"https:\/\/www.laguiadepamplona.com\/actualidad\/el-4-de-noviembre-finaliza-el-plazo-para-presentar-fotografias-al-concurso-enfoca-pamplona-que-seleccionara-tambien-las-imagenes-del-calendario-municipal-de-2025\/#breadcrumb","itemListElement":[{"@type":"ListItem","position":1,"name":"Portada","item":"https:\/\/www.laguiadepamplona.com\/actualidad\/"},{"@type":"ListItem","position":2,"name":"El 4 de noviembre finaliza el plazo para presentar fotograf\u00edas al concurso Enfoca Pamplona, que seleccionar\u00e1 tambi\u00e9n las im\u00e1genes del calendario municipal de 2025"}]},{"@type":"WebSite","@id":"https:\/\/www.laguiadepamplona.com\/actualidad\/#website","url":"https:\/\/www.laguiadepamplona.com\/actualidad\/","name":"La gu\u00eda de Pamplona","description":"Noticias de Pamplona","publisher":{"@id":"https:\/\/www.laguiadepamplona.com\/actualidad\/#organization"},"potentialAction":[{"@type":"SearchAction","target":{"@type":"EntryPoint","urlTemplate":"https:\/\/www.laguiadepamplona.com\/actualidad\/?s={search_term_string}"},"query-input":{"@type":"PropertyValueSpecification","valueRequired":true,"valueName":"search_term_string"}}],"inLanguage":"es"},{"@type":"Organization","@id":"https:\/\/www.laguiadepamplona.com\/actualidad\/#organization","name":"La Gu\u00eda de Pamplona \/ Noticias","url":"https:\/\/www.laguiadepamplona.com\/actualidad\/","logo":{"@type":"ImageObject","inLanguage":"es","@id":"https:\/\/www.laguiadepamplona.com\/actualidad\/#\/schema\/logo\/image\/","url":"https:\/\/www.laguiadepamplona.com\/actualidad\/wp-content\/uploads\/2018\/11\/logo-laguiadepamplona18-web1.png","contentUrl":"https:\/\/www.laguiadepamplona.com\/actualidad\/wp-content\/uploads\/2018\/11\/logo-laguiadepamplona18-web1.png","width":600,"height":196,"caption":"La Gu\u00eda de Pamplona \/ Noticias"},"image":{"@id":"https:\/\/www.laguiadepamplona.com\/actualidad\/#\/schema\/logo\/image\/"},"sameAs":["https:\/\/www.facebook.com\/laguiadepamplonacom-133175176762273\/?ref=hl","https:\/\/x.com\/LaGuiadPamplona","https:\/\/www.instagram.com\/la_guia_de_pamplona\/","https:\/\/www.youtube.com\/user\/laguiadepamplona"]},{"@type":"Person","@id":"https:\/\/www.laguiadepamplona.com\/actualidad\/#\/schema\/person\/efe887376f0213d4657c93adc50b1fdb","name":"La Gu\u00eda de Pamplona","image":{"@type":"ImageObject","inLanguage":"es","@id":"https:\/\/secure.gravatar.com\/avatar\/b6992f131dc8d30ab0dff15446e9d346d9dbd95992de0fef795073f5ea83a81c?s=96&d=mm&r=g","url":"https:\/\/secure.gravatar.com\/avatar\/b6992f131dc8d30ab0dff15446e9d346d9dbd95992de0fef795073f5ea83a81c?s=96&d=mm&r=g","contentUrl":"https:\/\/secure.gravatar.com\/avatar\/b6992f131dc8d30ab0dff15446e9d346d9dbd95992de0fef795073f5ea83a81c?s=96&d=mm&r=g","caption":"La Gu\u00eda de Pamplona"}}]}},"post_mailing_queue_ids":[],"_links":{"self":[{"href":"https:\/\/www.laguiadepamplona.com\/actualidad\/wp-json\/wp\/v2\/posts\/50971","targetHints":{"allow":["GET"]}}],"collection":[{"href":"https:\/\/www.laguiadepamplona.com\/actualidad\/wp-json\/wp\/v2\/posts"}],"about":[{"href":"https:\/\/www.laguiadepamplona.com\/actualidad\/wp-json\/wp\/v2\/types\/post"}],"author":[{"embeddable":true,"href":"https:\/\/www.laguiadepamplona.com\/actualidad\/wp-json\/wp\/v2\/users\/1"}],"replies":[{"embeddable":true,"href":"https:\/\/www.laguiadepamplona.com\/actualidad\/wp-json\/wp\/v2\/comments?post=50971"}],"version-history":[{"count":1,"href":"https:\/\/www.laguiadepamplona.com\/actualidad\/wp-json\/wp\/v2\/posts\/50971\/revisions"}],"predecessor-version":[{"id":50972,"href":"https:\/\/www.laguiadepamplona.com\/actualidad\/wp-json\/wp\/v2\/posts\/50971\/revisions\/50972"}],"wp:featuredmedia":[{"embeddable":true,"href":"https:\/\/www.laguiadepamplona.com\/actualidad\/wp-json\/wp\/v2\/media\/27018"}],"wp:attachment":[{"href":"https:\/\/www.laguiadepamplona.com\/actualidad\/wp-json\/wp\/v2\/media?parent=50971"}],"wp:term":[{"taxonomy":"category","embeddable":true,"href":"https:\/\/www.laguiadepamplona.com\/actualidad\/wp-json\/wp\/v2\/categories?post=50971"},{"taxonomy":"post_tag","embeddable":true,"href":"https:\/\/www.laguiadepamplona.com\/actualidad\/wp-json\/wp\/v2\/tags?post=50971"}],"curies":[{"name":"wp","href":"https:\/\/api.w.org\/{rel}","templated":true}]}}