{"id":50965,"date":"2024-10-09T12:58:38","date_gmt":"2024-10-09T10:58:38","guid":{"rendered":"https:\/\/www.laguiadepamplona.com\/actualidad\/?p=50965"},"modified":"2024-10-09T12:58:38","modified_gmt":"2024-10-09T10:58:38","slug":"concedida-una-subvencion-de-5-450-euros-a-cada-una-de-las-quince-penas-de-pamplona-por-las-actividades-organizadas-durante-los-sanfermines-de-este-ano","status":"publish","type":"post","link":"https:\/\/www.laguiadepamplona.com\/actualidad\/concedida-una-subvencion-de-5-450-euros-a-cada-una-de-las-quince-penas-de-pamplona-por-las-actividades-organizadas-durante-los-sanfermines-de-este-ano\/","title":{"rendered":"Concedida una subvenci\u00f3n de 5.450 euros a cada una de las quince pe\u00f1as de Pamplona por las actividades organizadas durante los Sanfermines de este a\u00f1o"},"content":{"rendered":"<h2>La convocatoria subvenciona gastos de contrataci\u00f3n de charangas, derechos de autor, confecci\u00f3n de la pancarta o actividades infantiles<\/h2>\n<p><!--more--><\/p>\n<p>El Ayuntamiento de Pamplona ha resuelto la convocatoria de subvenciones, en r\u00e9gimen de evaluaci\u00f3n individualizada, destinada a la participaci\u00f3n de las pe\u00f1as en las fiestas de San Ferm\u00edn de 2024. Quince pe\u00f1as de Pamplona han recibido 5.450 euros cada una para diferentes actividades y gastos organizados para intensificar el ambiente festivo entre el 6 y el 14 de julio. En total, se han repartido 81.750 euros<\/p>\n<p>Se han beneficiado de la subvenci\u00f3n la Agrupaci\u00f3n Cultural Folkl\u00f3rica Muthiko Alaiak, Cofrad\u00eda de Mutilzarras de Pamplona, Instituci\u00f3n Oberena, Pe\u00f1a Armon\u00eda Txantreana, Pe\u00f1a Sanferminera San Juan (Pe\u00f1a Donibane), Pe\u00f1a La \u00danica, Pe\u00f1a Sanduzelai, S.C.D.R. El Bullicio Pamplon\u00e9s, S.D.C. Pe\u00f1a los del Bronce, S.D.R. 7 de julio San Ferm\u00edn, S.D.R.C. Aldapa, S.D.R.C. Anaitasuna, S.D.R.C. La Jarana, S.R.C. Pe\u00f1a La Rotxa y S.D.C.R. Alegr\u00eda de Iru\u00f1a. Los proyectos presentados deb\u00edan incluir un m\u00ednimo de 8 actividades desarrolladas en al menos 4 de los 9 d\u00edas de San Ferm\u00edn.<\/p>\n<p>Entre otros, se pueden subvencionar con estas ayudas los gastos de la charanga que se contrate durante las fiestas de San Ferm\u00edn para participar en las distintas actividades (honorarios, desplazamientos, alojamiento y\/o manutenci\u00f3n), los gastos de los derechos de autor ocasionados por la m\u00fasica que se interprete en las actividades programadas de cada pe\u00f1a o gastos ocasionados por el uso de autobuses o cualquier otro medio de transporte colectivo para los desplazamientos de la pe\u00f1a en la realizaci\u00f3n de las actividades subvencionadas. Tambi\u00e9n se incluyen los gastos de la confecci\u00f3n de la pancarta de la pe\u00f1a, gastos de contrataci\u00f3n de actividades infantiles u otras actuaciones que se realicen en la calle y con car\u00e1cter abierto y gratuito, y gastos originados por la difusi\u00f3n de estas actividades.<\/p>\n<p>&nbsp;<\/p>\n<h3>Subvenciones destinadas a la participaci\u00f3n de las pe\u00f1as en San Ferm\u00edn 2024<\/h3>\n<p>&nbsp;<\/p>\n<table>\n<tbody>\n<tr>\n<td width=\"397\"><strong>Pe\u00f1a<\/strong><\/td>\n<td width=\"123\"><strong>Subvenci\u00f3n<\/strong><\/td>\n<\/tr>\n<tr>\n<td width=\"397\">Agrupaci\u00f3n Cultural Folkl\u00f3rica Muthiko Alaiak<\/td>\n<td width=\"123\">5.450 \u20ac<\/td>\n<\/tr>\n<tr>\n<td width=\"397\">Cofrad\u00eda de Mutilzarras de Pamplona<\/td>\n<td width=\"123\">5.450 \u20ac<\/td>\n<\/tr>\n<tr>\n<td width=\"397\">Instituci\u00f3n Oberena<\/td>\n<td width=\"123\">5.450 \u20ac<\/td>\n<\/tr>\n<tr>\n<td width=\"397\">Pe\u00f1a Armon\u00eda Txantreana<\/td>\n<td width=\"123\">5.450 \u20ac<\/td>\n<\/tr>\n<tr>\n<td width=\"397\">Pe\u00f1a Donibane. Pe\u00f1a Sanferminera San Juan<\/td>\n<td width=\"123\">5.450 \u20ac<\/td>\n<\/tr>\n<tr>\n<td width=\"397\">Pe\u00f1a La \u00danica<\/td>\n<td width=\"123\">5.450 \u20ac<\/td>\n<\/tr>\n<tr>\n<td width=\"397\">Pe\u00f1a Sanduzelai<\/td>\n<td width=\"123\">5.450 \u20ac<\/td>\n<\/tr>\n<tr>\n<td width=\"397\">S.D.C.R. Alegr\u00eda de Iru\u00f1a<\/td>\n<td width=\"123\">5.450 \u20ac<\/td>\n<\/tr>\n<tr>\n<td width=\"397\">S.C.D.R. El Bullicio Pamplon\u00e9s<\/td>\n<td width=\"123\">5.450 \u20ac<\/td>\n<\/tr>\n<tr>\n<td width=\"397\">S.D.C. Pe\u00f1a los del Bronce<\/td>\n<td width=\"123\">5.450 \u20ac<\/td>\n<\/tr>\n<tr>\n<td width=\"397\">S.D.R. 7 de julio San Ferm\u00edn<\/td>\n<td width=\"123\">5.450 \u20ac<\/td>\n<\/tr>\n<tr>\n<td width=\"397\">S.D.R.C. Aldapa<\/td>\n<td width=\"123\">5.450 \u20ac<\/td>\n<\/tr>\n<tr>\n<td width=\"397\">S.D.R.C. Anaitasuna<\/td>\n<td width=\"123\">5.450 \u20ac<\/td>\n<\/tr>\n<tr>\n<td width=\"397\">S.D.R.C. La Jarana<\/td>\n<td width=\"123\">5.450 \u20ac<\/td>\n<\/tr>\n<tr>\n<td width=\"397\">S.R.C. Pe\u00f1a La Rotxa<\/td>\n<td width=\"123\">5.450 \u20ac<\/td>\n<\/tr>\n<\/tbody>\n<\/table>\n","protected":false},"excerpt":{"rendered":"<p>La convocatoria subvenciona gastos de contrataci\u00f3n de charangas, derechos de autor, confecci\u00f3n de la pancarta o actividades infantiles<\/p>\n","protected":false},"author":1,"featured_media":50966,"comment_status":"open","ping_status":"closed","sticky":false,"template":"","format":"standard","meta":{"footnotes":""},"categories":[2],"tags":[],"class_list":["post-50965","post","type-post","status-publish","format-standard","has-post-thumbnail","hentry","category-ayuntamiento-pamplona"],"yoast_head":"<!-- This site is optimized with the Yoast SEO plugin v27.3 - https:\/\/yoast.com\/product\/yoast-seo-wordpress\/ -->\n<title>Concedida una subvenci\u00f3n de 5.450 euros a cada una de las quince pe\u00f1as de Pamplona por las actividades organizadas durante los Sanfermines de este a\u00f1o<\/title>\n<meta name=\"description\" content=\"La convocatoria subvenciona gastos de contrataci\u00f3n de charangas, derechos de autor, confecci\u00f3n de la pancarta o actividades infantiles\" \/>\n<meta name=\"robots\" content=\"index, follow, max-snippet:-1, max-image-preview:large, max-video-preview:-1\" \/>\n<link rel=\"canonical\" href=\"https:\/\/www.laguiadepamplona.com\/actualidad\/concedida-una-subvencion-de-5-450-euros-a-cada-una-de-las-quince-penas-de-pamplona-por-las-actividades-organizadas-durante-los-sanfermines-de-este-ano\/\" \/>\n<meta property=\"og:locale\" content=\"es_ES\" \/>\n<meta property=\"og:type\" content=\"article\" \/>\n<meta property=\"og:title\" content=\"Concedida una subvenci\u00f3n de 5.450 euros a cada una de las quince pe\u00f1as de Pamplona por las actividades organizadas durante los Sanfermines de este a\u00f1o\" \/>\n<meta property=\"og:description\" content=\"La convocatoria subvenciona gastos de contrataci\u00f3n de charangas, derechos de autor, confecci\u00f3n de la pancarta o actividades infantiles\" \/>\n<meta property=\"og:url\" content=\"https:\/\/www.laguiadepamplona.com\/actualidad\/concedida-una-subvencion-de-5-450-euros-a-cada-una-de-las-quince-penas-de-pamplona-por-las-actividades-organizadas-durante-los-sanfermines-de-este-ano\/\" \/>\n<meta property=\"og:site_name\" content=\"La Gu\u00eda de Pamplona\" \/>\n<meta property=\"article:publisher\" content=\"https:\/\/www.facebook.com\/laguiadepamplonacom-133175176762273\/?ref=hl\" \/>\n<meta property=\"article:published_time\" content=\"2024-10-09T10:58:38+00:00\" \/>\n<meta property=\"og:image\" content=\"https:\/\/www.laguiadepamplona.com\/actualidad\/wp-content\/uploads\/2024\/10\/subvenciones-penas_web.webp\" \/>\n\t<meta property=\"og:image:width\" content=\"1000\" \/>\n\t<meta property=\"og:image:height\" content=\"750\" \/>\n\t<meta property=\"og:image:type\" content=\"image\/webp\" \/>\n<meta name=\"author\" content=\"La Gu\u00eda de Pamplona\" \/>\n<meta name=\"twitter:card\" content=\"summary_large_image\" \/>\n<meta name=\"twitter:creator\" content=\"@LaGuiadPamplona\" \/>\n<meta name=\"twitter:site\" content=\"@LaGuiadPamplona\" \/>\n<meta name=\"twitter:label1\" content=\"Escrito por\" \/>\n\t<meta name=\"twitter:data1\" content=\"La Gu\u00eda de Pamplona\" \/>\n\t<meta name=\"twitter:label2\" content=\"Tiempo de lectura\" \/>\n\t<meta name=\"twitter:data2\" content=\"3 minutos\" \/>\n<script type=\"application\/ld+json\" class=\"yoast-schema-graph\">{\"@context\":\"https:\\\/\\\/schema.org\",\"@graph\":[{\"@type\":\"Article\",\"@id\":\"https:\\\/\\\/www.laguiadepamplona.com\\\/actualidad\\\/concedida-una-subvencion-de-5-450-euros-a-cada-una-de-las-quince-penas-de-pamplona-por-las-actividades-organizadas-durante-los-sanfermines-de-este-ano\\\/#article\",\"isPartOf\":{\"@id\":\"https:\\\/\\\/www.laguiadepamplona.com\\\/actualidad\\\/concedida-una-subvencion-de-5-450-euros-a-cada-una-de-las-quince-penas-de-pamplona-por-las-actividades-organizadas-durante-los-sanfermines-de-este-ano\\\/\"},\"author\":{\"name\":\"La Gu\u00eda de Pamplona\",\"@id\":\"https:\\\/\\\/www.laguiadepamplona.com\\\/actualidad\\\/#\\\/schema\\\/person\\\/efe887376f0213d4657c93adc50b1fdb\"},\"headline\":\"Concedida una subvenci\u00f3n de 5.450 euros a cada una de las quince pe\u00f1as de Pamplona por las actividades organizadas durante los Sanfermines de este a\u00f1o\",\"datePublished\":\"2024-10-09T10:58:38+00:00\",\"mainEntityOfPage\":{\"@id\":\"https:\\\/\\\/www.laguiadepamplona.com\\\/actualidad\\\/concedida-una-subvencion-de-5-450-euros-a-cada-una-de-las-quince-penas-de-pamplona-por-las-actividades-organizadas-durante-los-sanfermines-de-este-ano\\\/\"},\"wordCount\":489,\"commentCount\":0,\"publisher\":{\"@id\":\"https:\\\/\\\/www.laguiadepamplona.com\\\/actualidad\\\/#organization\"},\"image\":{\"@id\":\"https:\\\/\\\/www.laguiadepamplona.com\\\/actualidad\\\/concedida-una-subvencion-de-5-450-euros-a-cada-una-de-las-quince-penas-de-pamplona-por-las-actividades-organizadas-durante-los-sanfermines-de-este-ano\\\/#primaryimage\"},\"thumbnailUrl\":\"https:\\\/\\\/www.laguiadepamplona.com\\\/actualidad\\\/wp-content\\\/uploads\\\/2024\\\/10\\\/subvenciones-penas_web.webp\",\"articleSection\":[\"Ayto Pamplona\"],\"inLanguage\":\"es\",\"potentialAction\":[{\"@type\":\"CommentAction\",\"name\":\"Comment\",\"target\":[\"https:\\\/\\\/www.laguiadepamplona.com\\\/actualidad\\\/concedida-una-subvencion-de-5-450-euros-a-cada-una-de-las-quince-penas-de-pamplona-por-las-actividades-organizadas-durante-los-sanfermines-de-este-ano\\\/#respond\"]}]},{\"@type\":\"WebPage\",\"@id\":\"https:\\\/\\\/www.laguiadepamplona.com\\\/actualidad\\\/concedida-una-subvencion-de-5-450-euros-a-cada-una-de-las-quince-penas-de-pamplona-por-las-actividades-organizadas-durante-los-sanfermines-de-este-ano\\\/\",\"url\":\"https:\\\/\\\/www.laguiadepamplona.com\\\/actualidad\\\/concedida-una-subvencion-de-5-450-euros-a-cada-una-de-las-quince-penas-de-pamplona-por-las-actividades-organizadas-durante-los-sanfermines-de-este-ano\\\/\",\"name\":\"Concedida una subvenci\u00f3n de 5.450 euros a cada una de las quince pe\u00f1as de Pamplona por las actividades organizadas durante los Sanfermines de este a\u00f1o\",\"isPartOf\":{\"@id\":\"https:\\\/\\\/www.laguiadepamplona.com\\\/actualidad\\\/#website\"},\"primaryImageOfPage\":{\"@id\":\"https:\\\/\\\/www.laguiadepamplona.com\\\/actualidad\\\/concedida-una-subvencion-de-5-450-euros-a-cada-una-de-las-quince-penas-de-pamplona-por-las-actividades-organizadas-durante-los-sanfermines-de-este-ano\\\/#primaryimage\"},\"image\":{\"@id\":\"https:\\\/\\\/www.laguiadepamplona.com\\\/actualidad\\\/concedida-una-subvencion-de-5-450-euros-a-cada-una-de-las-quince-penas-de-pamplona-por-las-actividades-organizadas-durante-los-sanfermines-de-este-ano\\\/#primaryimage\"},\"thumbnailUrl\":\"https:\\\/\\\/www.laguiadepamplona.com\\\/actualidad\\\/wp-content\\\/uploads\\\/2024\\\/10\\\/subvenciones-penas_web.webp\",\"datePublished\":\"2024-10-09T10:58:38+00:00\",\"description\":\"La convocatoria subvenciona gastos de contrataci\u00f3n de charangas, derechos de autor, confecci\u00f3n de la pancarta o actividades infantiles\",\"breadcrumb\":{\"@id\":\"https:\\\/\\\/www.laguiadepamplona.com\\\/actualidad\\\/concedida-una-subvencion-de-5-450-euros-a-cada-una-de-las-quince-penas-de-pamplona-por-las-actividades-organizadas-durante-los-sanfermines-de-este-ano\\\/#breadcrumb\"},\"inLanguage\":\"es\",\"potentialAction\":[{\"@type\":\"ReadAction\",\"target\":[\"https:\\\/\\\/www.laguiadepamplona.com\\\/actualidad\\\/concedida-una-subvencion-de-5-450-euros-a-cada-una-de-las-quince-penas-de-pamplona-por-las-actividades-organizadas-durante-los-sanfermines-de-este-ano\\\/\"]}]},{\"@type\":\"ImageObject\",\"inLanguage\":\"es\",\"@id\":\"https:\\\/\\\/www.laguiadepamplona.com\\\/actualidad\\\/concedida-una-subvencion-de-5-450-euros-a-cada-una-de-las-quince-penas-de-pamplona-por-las-actividades-organizadas-durante-los-sanfermines-de-este-ano\\\/#primaryimage\",\"url\":\"https:\\\/\\\/www.laguiadepamplona.com\\\/actualidad\\\/wp-content\\\/uploads\\\/2024\\\/10\\\/subvenciones-penas_web.webp\",\"contentUrl\":\"https:\\\/\\\/www.laguiadepamplona.com\\\/actualidad\\\/wp-content\\\/uploads\\\/2024\\\/10\\\/subvenciones-penas_web.webp\",\"width\":1000,\"height\":750,\"caption\":\"subvenciones pe\u00f1as\"},{\"@type\":\"BreadcrumbList\",\"@id\":\"https:\\\/\\\/www.laguiadepamplona.com\\\/actualidad\\\/concedida-una-subvencion-de-5-450-euros-a-cada-una-de-las-quince-penas-de-pamplona-por-las-actividades-organizadas-durante-los-sanfermines-de-este-ano\\\/#breadcrumb\",\"itemListElement\":[{\"@type\":\"ListItem\",\"position\":1,\"name\":\"Portada\",\"item\":\"https:\\\/\\\/www.laguiadepamplona.com\\\/actualidad\\\/\"},{\"@type\":\"ListItem\",\"position\":2,\"name\":\"Concedida una subvenci\u00f3n de 5.450 euros a cada una de las quince pe\u00f1as de Pamplona por las actividades organizadas durante los Sanfermines de este a\u00f1o\"}]},{\"@type\":\"WebSite\",\"@id\":\"https:\\\/\\\/www.laguiadepamplona.com\\\/actualidad\\\/#website\",\"url\":\"https:\\\/\\\/www.laguiadepamplona.com\\\/actualidad\\\/\",\"name\":\"La gu\u00eda de Pamplona\",\"description\":\"Noticias de Pamplona\",\"publisher\":{\"@id\":\"https:\\\/\\\/www.laguiadepamplona.com\\\/actualidad\\\/#organization\"},\"potentialAction\":[{\"@type\":\"SearchAction\",\"target\":{\"@type\":\"EntryPoint\",\"urlTemplate\":\"https:\\\/\\\/www.laguiadepamplona.com\\\/actualidad\\\/?s={search_term_string}\"},\"query-input\":{\"@type\":\"PropertyValueSpecification\",\"valueRequired\":true,\"valueName\":\"search_term_string\"}}],\"inLanguage\":\"es\"},{\"@type\":\"Organization\",\"@id\":\"https:\\\/\\\/www.laguiadepamplona.com\\\/actualidad\\\/#organization\",\"name\":\"La Gu\u00eda de Pamplona \\\/ Noticias\",\"url\":\"https:\\\/\\\/www.laguiadepamplona.com\\\/actualidad\\\/\",\"logo\":{\"@type\":\"ImageObject\",\"inLanguage\":\"es\",\"@id\":\"https:\\\/\\\/www.laguiadepamplona.com\\\/actualidad\\\/#\\\/schema\\\/logo\\\/image\\\/\",\"url\":\"https:\\\/\\\/www.laguiadepamplona.com\\\/actualidad\\\/wp-content\\\/uploads\\\/2018\\\/11\\\/logo-laguiadepamplona18-web1.png\",\"contentUrl\":\"https:\\\/\\\/www.laguiadepamplona.com\\\/actualidad\\\/wp-content\\\/uploads\\\/2018\\\/11\\\/logo-laguiadepamplona18-web1.png\",\"width\":600,\"height\":196,\"caption\":\"La Gu\u00eda de Pamplona \\\/ Noticias\"},\"image\":{\"@id\":\"https:\\\/\\\/www.laguiadepamplona.com\\\/actualidad\\\/#\\\/schema\\\/logo\\\/image\\\/\"},\"sameAs\":[\"https:\\\/\\\/www.facebook.com\\\/laguiadepamplonacom-133175176762273\\\/?ref=hl\",\"https:\\\/\\\/x.com\\\/LaGuiadPamplona\",\"https:\\\/\\\/www.instagram.com\\\/la_guia_de_pamplona\\\/\",\"https:\\\/\\\/www.youtube.com\\\/user\\\/laguiadepamplona\"]},{\"@type\":\"Person\",\"@id\":\"https:\\\/\\\/www.laguiadepamplona.com\\\/actualidad\\\/#\\\/schema\\\/person\\\/efe887376f0213d4657c93adc50b1fdb\",\"name\":\"La Gu\u00eda de Pamplona\",\"image\":{\"@type\":\"ImageObject\",\"inLanguage\":\"es\",\"@id\":\"https:\\\/\\\/secure.gravatar.com\\\/avatar\\\/b6992f131dc8d30ab0dff15446e9d346d9dbd95992de0fef795073f5ea83a81c?s=96&d=mm&r=g\",\"url\":\"https:\\\/\\\/secure.gravatar.com\\\/avatar\\\/b6992f131dc8d30ab0dff15446e9d346d9dbd95992de0fef795073f5ea83a81c?s=96&d=mm&r=g\",\"contentUrl\":\"https:\\\/\\\/secure.gravatar.com\\\/avatar\\\/b6992f131dc8d30ab0dff15446e9d346d9dbd95992de0fef795073f5ea83a81c?s=96&d=mm&r=g\",\"caption\":\"La Gu\u00eda de Pamplona\"}}]}<\/script>\n<!-- \/ Yoast SEO plugin. -->","yoast_head_json":{"title":"Concedida una subvenci\u00f3n de 5.450 euros a cada una de las quince pe\u00f1as de Pamplona por las actividades organizadas durante los Sanfermines de este a\u00f1o","description":"La convocatoria subvenciona gastos de contrataci\u00f3n de charangas, derechos de autor, confecci\u00f3n de la pancarta o actividades infantiles","robots":{"index":"index","follow":"follow","max-snippet":"max-snippet:-1","max-image-preview":"max-image-preview:large","max-video-preview":"max-video-preview:-1"},"canonical":"https:\/\/www.laguiadepamplona.com\/actualidad\/concedida-una-subvencion-de-5-450-euros-a-cada-una-de-las-quince-penas-de-pamplona-por-las-actividades-organizadas-durante-los-sanfermines-de-este-ano\/","og_locale":"es_ES","og_type":"article","og_title":"Concedida una subvenci\u00f3n de 5.450 euros a cada una de las quince pe\u00f1as de Pamplona por las actividades organizadas durante los Sanfermines de este a\u00f1o","og_description":"La convocatoria subvenciona gastos de contrataci\u00f3n de charangas, derechos de autor, confecci\u00f3n de la pancarta o actividades infantiles","og_url":"https:\/\/www.laguiadepamplona.com\/actualidad\/concedida-una-subvencion-de-5-450-euros-a-cada-una-de-las-quince-penas-de-pamplona-por-las-actividades-organizadas-durante-los-sanfermines-de-este-ano\/","og_site_name":"La Gu\u00eda de Pamplona","article_publisher":"https:\/\/www.facebook.com\/laguiadepamplonacom-133175176762273\/?ref=hl","article_published_time":"2024-10-09T10:58:38+00:00","og_image":[{"width":1000,"height":750,"url":"https:\/\/www.laguiadepamplona.com\/actualidad\/wp-content\/uploads\/2024\/10\/subvenciones-penas_web.webp","type":"image\/webp"}],"author":"La Gu\u00eda de Pamplona","twitter_card":"summary_large_image","twitter_creator":"@LaGuiadPamplona","twitter_site":"@LaGuiadPamplona","twitter_misc":{"Escrito por":"La Gu\u00eda de Pamplona","Tiempo de lectura":"3 minutos"},"schema":{"@context":"https:\/\/schema.org","@graph":[{"@type":"Article","@id":"https:\/\/www.laguiadepamplona.com\/actualidad\/concedida-una-subvencion-de-5-450-euros-a-cada-una-de-las-quince-penas-de-pamplona-por-las-actividades-organizadas-durante-los-sanfermines-de-este-ano\/#article","isPartOf":{"@id":"https:\/\/www.laguiadepamplona.com\/actualidad\/concedida-una-subvencion-de-5-450-euros-a-cada-una-de-las-quince-penas-de-pamplona-por-las-actividades-organizadas-durante-los-sanfermines-de-este-ano\/"},"author":{"name":"La Gu\u00eda de Pamplona","@id":"https:\/\/www.laguiadepamplona.com\/actualidad\/#\/schema\/person\/efe887376f0213d4657c93adc50b1fdb"},"headline":"Concedida una subvenci\u00f3n de 5.450 euros a cada una de las quince pe\u00f1as de Pamplona por las actividades organizadas durante los Sanfermines de este a\u00f1o","datePublished":"2024-10-09T10:58:38+00:00","mainEntityOfPage":{"@id":"https:\/\/www.laguiadepamplona.com\/actualidad\/concedida-una-subvencion-de-5-450-euros-a-cada-una-de-las-quince-penas-de-pamplona-por-las-actividades-organizadas-durante-los-sanfermines-de-este-ano\/"},"wordCount":489,"commentCount":0,"publisher":{"@id":"https:\/\/www.laguiadepamplona.com\/actualidad\/#organization"},"image":{"@id":"https:\/\/www.laguiadepamplona.com\/actualidad\/concedida-una-subvencion-de-5-450-euros-a-cada-una-de-las-quince-penas-de-pamplona-por-las-actividades-organizadas-durante-los-sanfermines-de-este-ano\/#primaryimage"},"thumbnailUrl":"https:\/\/www.laguiadepamplona.com\/actualidad\/wp-content\/uploads\/2024\/10\/subvenciones-penas_web.webp","articleSection":["Ayto Pamplona"],"inLanguage":"es","potentialAction":[{"@type":"CommentAction","name":"Comment","target":["https:\/\/www.laguiadepamplona.com\/actualidad\/concedida-una-subvencion-de-5-450-euros-a-cada-una-de-las-quince-penas-de-pamplona-por-las-actividades-organizadas-durante-los-sanfermines-de-este-ano\/#respond"]}]},{"@type":"WebPage","@id":"https:\/\/www.laguiadepamplona.com\/actualidad\/concedida-una-subvencion-de-5-450-euros-a-cada-una-de-las-quince-penas-de-pamplona-por-las-actividades-organizadas-durante-los-sanfermines-de-este-ano\/","url":"https:\/\/www.laguiadepamplona.com\/actualidad\/concedida-una-subvencion-de-5-450-euros-a-cada-una-de-las-quince-penas-de-pamplona-por-las-actividades-organizadas-durante-los-sanfermines-de-este-ano\/","name":"Concedida una subvenci\u00f3n de 5.450 euros a cada una de las quince pe\u00f1as de Pamplona por las actividades organizadas durante los Sanfermines de este a\u00f1o","isPartOf":{"@id":"https:\/\/www.laguiadepamplona.com\/actualidad\/#website"},"primaryImageOfPage":{"@id":"https:\/\/www.laguiadepamplona.com\/actualidad\/concedida-una-subvencion-de-5-450-euros-a-cada-una-de-las-quince-penas-de-pamplona-por-las-actividades-organizadas-durante-los-sanfermines-de-este-ano\/#primaryimage"},"image":{"@id":"https:\/\/www.laguiadepamplona.com\/actualidad\/concedida-una-subvencion-de-5-450-euros-a-cada-una-de-las-quince-penas-de-pamplona-por-las-actividades-organizadas-durante-los-sanfermines-de-este-ano\/#primaryimage"},"thumbnailUrl":"https:\/\/www.laguiadepamplona.com\/actualidad\/wp-content\/uploads\/2024\/10\/subvenciones-penas_web.webp","datePublished":"2024-10-09T10:58:38+00:00","description":"La convocatoria subvenciona gastos de contrataci\u00f3n de charangas, derechos de autor, confecci\u00f3n de la pancarta o actividades infantiles","breadcrumb":{"@id":"https:\/\/www.laguiadepamplona.com\/actualidad\/concedida-una-subvencion-de-5-450-euros-a-cada-una-de-las-quince-penas-de-pamplona-por-las-actividades-organizadas-durante-los-sanfermines-de-este-ano\/#breadcrumb"},"inLanguage":"es","potentialAction":[{"@type":"ReadAction","target":["https:\/\/www.laguiadepamplona.com\/actualidad\/concedida-una-subvencion-de-5-450-euros-a-cada-una-de-las-quince-penas-de-pamplona-por-las-actividades-organizadas-durante-los-sanfermines-de-este-ano\/"]}]},{"@type":"ImageObject","inLanguage":"es","@id":"https:\/\/www.laguiadepamplona.com\/actualidad\/concedida-una-subvencion-de-5-450-euros-a-cada-una-de-las-quince-penas-de-pamplona-por-las-actividades-organizadas-durante-los-sanfermines-de-este-ano\/#primaryimage","url":"https:\/\/www.laguiadepamplona.com\/actualidad\/wp-content\/uploads\/2024\/10\/subvenciones-penas_web.webp","contentUrl":"https:\/\/www.laguiadepamplona.com\/actualidad\/wp-content\/uploads\/2024\/10\/subvenciones-penas_web.webp","width":1000,"height":750,"caption":"subvenciones pe\u00f1as"},{"@type":"BreadcrumbList","@id":"https:\/\/www.laguiadepamplona.com\/actualidad\/concedida-una-subvencion-de-5-450-euros-a-cada-una-de-las-quince-penas-de-pamplona-por-las-actividades-organizadas-durante-los-sanfermines-de-este-ano\/#breadcrumb","itemListElement":[{"@type":"ListItem","position":1,"name":"Portada","item":"https:\/\/www.laguiadepamplona.com\/actualidad\/"},{"@type":"ListItem","position":2,"name":"Concedida una subvenci\u00f3n de 5.450 euros a cada una de las quince pe\u00f1as de Pamplona por las actividades organizadas durante los Sanfermines de este a\u00f1o"}]},{"@type":"WebSite","@id":"https:\/\/www.laguiadepamplona.com\/actualidad\/#website","url":"https:\/\/www.laguiadepamplona.com\/actualidad\/","name":"La gu\u00eda de Pamplona","description":"Noticias de Pamplona","publisher":{"@id":"https:\/\/www.laguiadepamplona.com\/actualidad\/#organization"},"potentialAction":[{"@type":"SearchAction","target":{"@type":"EntryPoint","urlTemplate":"https:\/\/www.laguiadepamplona.com\/actualidad\/?s={search_term_string}"},"query-input":{"@type":"PropertyValueSpecification","valueRequired":true,"valueName":"search_term_string"}}],"inLanguage":"es"},{"@type":"Organization","@id":"https:\/\/www.laguiadepamplona.com\/actualidad\/#organization","name":"La Gu\u00eda de Pamplona \/ Noticias","url":"https:\/\/www.laguiadepamplona.com\/actualidad\/","logo":{"@type":"ImageObject","inLanguage":"es","@id":"https:\/\/www.laguiadepamplona.com\/actualidad\/#\/schema\/logo\/image\/","url":"https:\/\/www.laguiadepamplona.com\/actualidad\/wp-content\/uploads\/2018\/11\/logo-laguiadepamplona18-web1.png","contentUrl":"https:\/\/www.laguiadepamplona.com\/actualidad\/wp-content\/uploads\/2018\/11\/logo-laguiadepamplona18-web1.png","width":600,"height":196,"caption":"La Gu\u00eda de Pamplona \/ Noticias"},"image":{"@id":"https:\/\/www.laguiadepamplona.com\/actualidad\/#\/schema\/logo\/image\/"},"sameAs":["https:\/\/www.facebook.com\/laguiadepamplonacom-133175176762273\/?ref=hl","https:\/\/x.com\/LaGuiadPamplona","https:\/\/www.instagram.com\/la_guia_de_pamplona\/","https:\/\/www.youtube.com\/user\/laguiadepamplona"]},{"@type":"Person","@id":"https:\/\/www.laguiadepamplona.com\/actualidad\/#\/schema\/person\/efe887376f0213d4657c93adc50b1fdb","name":"La Gu\u00eda de Pamplona","image":{"@type":"ImageObject","inLanguage":"es","@id":"https:\/\/secure.gravatar.com\/avatar\/b6992f131dc8d30ab0dff15446e9d346d9dbd95992de0fef795073f5ea83a81c?s=96&d=mm&r=g","url":"https:\/\/secure.gravatar.com\/avatar\/b6992f131dc8d30ab0dff15446e9d346d9dbd95992de0fef795073f5ea83a81c?s=96&d=mm&r=g","contentUrl":"https:\/\/secure.gravatar.com\/avatar\/b6992f131dc8d30ab0dff15446e9d346d9dbd95992de0fef795073f5ea83a81c?s=96&d=mm&r=g","caption":"La Gu\u00eda de Pamplona"}}]}},"post_mailing_queue_ids":[],"_links":{"self":[{"href":"https:\/\/www.laguiadepamplona.com\/actualidad\/wp-json\/wp\/v2\/posts\/50965","targetHints":{"allow":["GET"]}}],"collection":[{"href":"https:\/\/www.laguiadepamplona.com\/actualidad\/wp-json\/wp\/v2\/posts"}],"about":[{"href":"https:\/\/www.laguiadepamplona.com\/actualidad\/wp-json\/wp\/v2\/types\/post"}],"author":[{"embeddable":true,"href":"https:\/\/www.laguiadepamplona.com\/actualidad\/wp-json\/wp\/v2\/users\/1"}],"replies":[{"embeddable":true,"href":"https:\/\/www.laguiadepamplona.com\/actualidad\/wp-json\/wp\/v2\/comments?post=50965"}],"version-history":[{"count":1,"href":"https:\/\/www.laguiadepamplona.com\/actualidad\/wp-json\/wp\/v2\/posts\/50965\/revisions"}],"predecessor-version":[{"id":50967,"href":"https:\/\/www.laguiadepamplona.com\/actualidad\/wp-json\/wp\/v2\/posts\/50965\/revisions\/50967"}],"wp:featuredmedia":[{"embeddable":true,"href":"https:\/\/www.laguiadepamplona.com\/actualidad\/wp-json\/wp\/v2\/media\/50966"}],"wp:attachment":[{"href":"https:\/\/www.laguiadepamplona.com\/actualidad\/wp-json\/wp\/v2\/media?parent=50965"}],"wp:term":[{"taxonomy":"category","embeddable":true,"href":"https:\/\/www.laguiadepamplona.com\/actualidad\/wp-json\/wp\/v2\/categories?post=50965"},{"taxonomy":"post_tag","embeddable":true,"href":"https:\/\/www.laguiadepamplona.com\/actualidad\/wp-json\/wp\/v2\/tags?post=50965"}],"curies":[{"name":"wp","href":"https:\/\/api.w.org\/{rel}","templated":true}]}}