{"id":50959,"date":"2024-10-09T12:54:39","date_gmt":"2024-10-09T10:54:39","guid":{"rendered":"https:\/\/www.laguiadepamplona.com\/actualidad\/?p=50959"},"modified":"2024-10-09T12:54:39","modified_gmt":"2024-10-09T10:54:39","slug":"el-patio-del-cpeip-san-jorge-se-transforma-en-un-entorno-mas-natural-y-sostenible-con-nuevas-zonas-verdes-y-nuevas-areas-de-actividad-a-modo-de-islas-con-diferente-topografia","status":"publish","type":"post","link":"https:\/\/www.laguiadepamplona.com\/actualidad\/el-patio-del-cpeip-san-jorge-se-transforma-en-un-entorno-mas-natural-y-sostenible-con-nuevas-zonas-verdes-y-nuevas-areas-de-actividad-a-modo-de-islas-con-diferente-topografia\/","title":{"rendered":"El patio del CPEIP San Jorge se transforma en un entorno m\u00e1s natural y sostenible, con nuevas zonas verdes y nuevas \u00e1reas de actividad, a modo de islas, con diferente topograf\u00eda"},"content":{"rendered":"<h2>Para final de a\u00f1o concluir\u00e1n unas obras de renaturalizaci\u00f3n de patios que tambi\u00e9n se est\u00e1n llevando a cabo en Amaiur Ikastola y CPEIP Iturrama<\/h2>\n<p><!--more--><\/p>\n<p>El Ayuntamiento de Pamplona comenz\u00f3 el pasado mes de agosto las obras de renaturalizaci\u00f3n de los patios de tres centros escolares, el CPEIP San Jorge, Amaiur Ikastola y CPEIP Iturrama. Se trata de transformar la concepci\u00f3n global de esos espacios exteriores de los colegios con el fin de educar en naturaleza, integrarla en sus espacios, crear entornos sostenibles y fomentar el bienestar ambiental de las personas y la biodiversidad del h\u00e1bitat. Las obras que se est\u00e1n ejecutando generan nuevas \u00e1reas de vegetaci\u00f3n y zonas de sombras, reduciendo el efecto de isla de calor, y crean de escenarios de juego libre no centrado en la actividad deportiva.<\/p>\n<p>La Gerencia y la Comisi\u00f3n de Urbanismo han visitado esta ma\u00f1ana el CPEIP San Jorge, donde se lleva trabajando m\u00e1s de un mes en esas obras que cambiar\u00e1n la fisonom\u00eda del patio. Actualmente, el dise\u00f1o y funcionamiento del patio responde a un modelo alejado de los actuales objetivos educativos, sociales y ambientales del centro, dominado por las pistas deportivas centrales. Cuenta con diversas \u00e1reas, principalmente deportivas, al aire libre y cubiertas. La zona al aire libre est\u00e1 pavimentada con asfalto y tiene arbolado de porte que se implanta con dise\u00f1os de alcorques cuadrados, creando un dosel de vegetaci\u00f3n en las zonas perimetrales.<\/p>\n<p>Las obras de renaturalizaci\u00f3n de los tres patios escolares fueron adjudicadas a la empresa Lacunza Hermanos SL por un importe de 438.673,28 euros. En torno a los 324.000 euros se corresponden a las obras en el CPEIP San Jorge, unos 59.000 euros a Amaiur Ikastola y otros 56.000 euros al CPEIP Iturrama. Est\u00e1 previsto que los trabajos terminen en los tres centros para finales de este a\u00f1o. Se beneficiar\u00e1n de esta renaturalizaci\u00f3n m\u00e1s de 800 ni\u00f1os y ni\u00f1as escolarizados este curso 2024-2025 en el CPEIP San Jorge, CPEIP Iturrama y Amaiur Ikastola.<\/p>\n<p><strong>Nuevo patio renaturalizado en San Jorge<\/strong><\/p>\n<p>En el CPEIP San Jorge, se van a reorganizar los espacios y actividades que propone el patio, tratando de generar una dispersi\u00f3n de usos mediante \u00e1mbitos a modo de islas de diferentes escalas. Dada la proximidad del patio a la zona verde del parque fluvial, se quieren conectar visualmente ambos espacios eliminando de forma parcial la barrera de vallado perimetral existente. El patio se renaturaliza con la introducci\u00f3n de pavimentos blandos, vegetaci\u00f3n y nuevas topograf\u00edas. A trav\u00e9s de la reubicaci\u00f3n de las pistas deportivas, la creaci\u00f3n de zonas verdes o de estancia y los juegos de color del pavimento, se crea un patio en el que el recorrido y superficie jugable se a\u00fanan, constituyendo un espacio din\u00e1mico en toda su extensi\u00f3n.<\/p>\n<p>La actual zona deportiva el sur del patio se est\u00e1 transformando en \u00e1reas de juego diverso y variado, mediante la creaci\u00f3n de islas con suelos blandos y renaturalizados, diferentes texturas y espacios intermedios. El proyecto plantea la generaci\u00f3n de espacios de actividad y juego diferentes a partir de elementos naturales, como una nueva zona de pavimento de texturas (corteza de pino o arena), dise\u00f1ados para su uso como elemento l\u00fadico y pedag\u00f3gico. Se juega, asimismo, con una topograf\u00eda variable, con suaves colinas y dolinas, que refuerza la sensaci\u00f3n visual de sorpresa y descubrimiento.<\/p>\n<p>Al desplazar pr\u00e1cticamente todo el espacio deportivo a la zona oeste, se separar\u00e1 el espacio de juego con bal\u00f3n del nuevo espacio ajardinado. El incremento de superficies naturales y de plantaciones de arbolado, junto a los relieves de las nuevas zonas, contribuir\u00e1n a la creaci\u00f3n de un entorno variado, amable y est\u00e9tico que, sumado a las mejoras ambientales, constituye un nuevo paisaje educativo y para el juego en el CPEIP San Jorge.<\/p>\n<p><strong>Obras tambi\u00e9n en el CPEIP Iturrama y en Amaiur Ikastola<\/strong><\/p>\n<p>Al mismo tiempo, se est\u00e1n desarrollando los trabajos de renaturalizaci\u00f3n de los patios de Amaiur Ikastola y CPEIP Iturrama. En el colegio p\u00fablico Iturrama se est\u00e1 actuando principalmente en el patio sur. Al igual que en los otros dos centros, se van a introducir mejoras ambientales, paisaj\u00edsticas y l\u00fadico-educativas para cambiar el concepto de patio. Se va a incorporar nuevo arbolado y se van a generar islas de topograf\u00edas naturales con distintos relieves. Espacios de juego libre y zonas de estancia conviven entre s\u00ed para uso y disfrute del alumnado.<\/p>\n<p>Amaiur Ikastola ver\u00e1 como tambi\u00e9n cambia la fisonom\u00eda de su patio con la eliminaci\u00f3n de una de las pistas deportivas para renaturalizar el espacio. Las obras transformar\u00e1n la actual pista de futbito en una pista multifuncional, ampliando su contorno e integrando en ella el baloncesto. De esta forma, la pista de baloncesto se destinar\u00e1 a zonas de juego diversos, con diferentes relieves naturales ajardinados y nuevos espacios verdes. As\u00ed se conseguir\u00e1 una transici\u00f3n natural y sostenible que separa los juegos de bal\u00f3n del juego libre que se puede desarrollar en la nueva zona creada.<\/p>\n","protected":false},"excerpt":{"rendered":"<p>Para final de a\u00f1o concluir\u00e1n unas obras de renaturalizaci\u00f3n de patios que tambi\u00e9n se est\u00e1n llevando a cabo en Amaiur Ikastola y CPEIP Iturrama<\/p>\n","protected":false},"author":1,"featured_media":50960,"comment_status":"open","ping_status":"closed","sticky":false,"template":"","format":"standard","meta":{"footnotes":""},"categories":[2],"tags":[],"class_list":["post-50959","post","type-post","status-publish","format-standard","has-post-thumbnail","hentry","category-ayuntamiento-pamplona"],"yoast_head":"<!-- This site is optimized with the Yoast SEO plugin v27.3 - https:\/\/yoast.com\/product\/yoast-seo-wordpress\/ -->\n<title>El patio del CPEIP San Jorge se transforma en un entorno m\u00e1s natural y sostenible, con nuevas zonas verdes y nuevas \u00e1reas de actividad, a modo de islas, con diferente topograf\u00eda<\/title>\n<meta name=\"description\" content=\"Para final de a\u00f1o concluir\u00e1n unas obras de renaturalizaci\u00f3n de patios que tambi\u00e9n se est\u00e1n llevando a cabo en Amaiur Ikastola y CPEIP Iturrama\" \/>\n<meta name=\"robots\" content=\"index, follow, max-snippet:-1, max-image-preview:large, max-video-preview:-1\" \/>\n<link rel=\"canonical\" href=\"https:\/\/www.laguiadepamplona.com\/actualidad\/el-patio-del-cpeip-san-jorge-se-transforma-en-un-entorno-mas-natural-y-sostenible-con-nuevas-zonas-verdes-y-nuevas-areas-de-actividad-a-modo-de-islas-con-diferente-topografia\/\" \/>\n<meta property=\"og:locale\" content=\"es_ES\" \/>\n<meta property=\"og:type\" content=\"article\" \/>\n<meta property=\"og:title\" content=\"El patio del CPEIP San Jorge se transforma en un entorno m\u00e1s natural y sostenible, con nuevas zonas verdes y nuevas \u00e1reas de actividad, a modo de islas, con diferente topograf\u00eda\" \/>\n<meta property=\"og:description\" content=\"Para final de a\u00f1o concluir\u00e1n unas obras de renaturalizaci\u00f3n de patios que tambi\u00e9n se est\u00e1n llevando a cabo en Amaiur Ikastola y CPEIP Iturrama\" \/>\n<meta property=\"og:url\" content=\"https:\/\/www.laguiadepamplona.com\/actualidad\/el-patio-del-cpeip-san-jorge-se-transforma-en-un-entorno-mas-natural-y-sostenible-con-nuevas-zonas-verdes-y-nuevas-areas-de-actividad-a-modo-de-islas-con-diferente-topografia\/\" \/>\n<meta property=\"og:site_name\" content=\"La Gu\u00eda de Pamplona\" \/>\n<meta property=\"article:publisher\" content=\"https:\/\/www.facebook.com\/laguiadepamplonacom-133175176762273\/?ref=hl\" \/>\n<meta property=\"article:published_time\" content=\"2024-10-09T10:54:39+00:00\" \/>\n<meta property=\"og:image\" content=\"https:\/\/www.laguiadepamplona.com\/actualidad\/wp-content\/uploads\/2024\/10\/visitaobrascolegiopublicosanjorge3.webp\" \/>\n\t<meta property=\"og:image:width\" content=\"1000\" \/>\n\t<meta property=\"og:image:height\" content=\"667\" \/>\n\t<meta property=\"og:image:type\" content=\"image\/webp\" \/>\n<meta name=\"author\" content=\"La Gu\u00eda de Pamplona\" \/>\n<meta name=\"twitter:card\" content=\"summary_large_image\" \/>\n<meta name=\"twitter:creator\" content=\"@LaGuiadPamplona\" \/>\n<meta name=\"twitter:site\" content=\"@LaGuiadPamplona\" \/>\n<meta name=\"twitter:label1\" content=\"Escrito por\" \/>\n\t<meta name=\"twitter:data1\" content=\"La Gu\u00eda de Pamplona\" \/>\n\t<meta name=\"twitter:label2\" content=\"Tiempo de lectura\" \/>\n\t<meta name=\"twitter:data2\" content=\"4 minutos\" \/>\n<script type=\"application\/ld+json\" class=\"yoast-schema-graph\">{\"@context\":\"https:\\\/\\\/schema.org\",\"@graph\":[{\"@type\":\"Article\",\"@id\":\"https:\\\/\\\/www.laguiadepamplona.com\\\/actualidad\\\/el-patio-del-cpeip-san-jorge-se-transforma-en-un-entorno-mas-natural-y-sostenible-con-nuevas-zonas-verdes-y-nuevas-areas-de-actividad-a-modo-de-islas-con-diferente-topografia\\\/#article\",\"isPartOf\":{\"@id\":\"https:\\\/\\\/www.laguiadepamplona.com\\\/actualidad\\\/el-patio-del-cpeip-san-jorge-se-transforma-en-un-entorno-mas-natural-y-sostenible-con-nuevas-zonas-verdes-y-nuevas-areas-de-actividad-a-modo-de-islas-con-diferente-topografia\\\/\"},\"author\":{\"name\":\"La Gu\u00eda de Pamplona\",\"@id\":\"https:\\\/\\\/www.laguiadepamplona.com\\\/actualidad\\\/#\\\/schema\\\/person\\\/efe887376f0213d4657c93adc50b1fdb\"},\"headline\":\"El patio del CPEIP San Jorge se transforma en un entorno m\u00e1s natural y sostenible, con nuevas zonas verdes y nuevas \u00e1reas de actividad, a modo de islas, con diferente topograf\u00eda\",\"datePublished\":\"2024-10-09T10:54:39+00:00\",\"mainEntityOfPage\":{\"@id\":\"https:\\\/\\\/www.laguiadepamplona.com\\\/actualidad\\\/el-patio-del-cpeip-san-jorge-se-transforma-en-un-entorno-mas-natural-y-sostenible-con-nuevas-zonas-verdes-y-nuevas-areas-de-actividad-a-modo-de-islas-con-diferente-topografia\\\/\"},\"wordCount\":898,\"commentCount\":0,\"publisher\":{\"@id\":\"https:\\\/\\\/www.laguiadepamplona.com\\\/actualidad\\\/#organization\"},\"image\":{\"@id\":\"https:\\\/\\\/www.laguiadepamplona.com\\\/actualidad\\\/el-patio-del-cpeip-san-jorge-se-transforma-en-un-entorno-mas-natural-y-sostenible-con-nuevas-zonas-verdes-y-nuevas-areas-de-actividad-a-modo-de-islas-con-diferente-topografia\\\/#primaryimage\"},\"thumbnailUrl\":\"https:\\\/\\\/www.laguiadepamplona.com\\\/actualidad\\\/wp-content\\\/uploads\\\/2024\\\/10\\\/visitaobrascolegiopublicosanjorge3.webp\",\"articleSection\":[\"Ayto Pamplona\"],\"inLanguage\":\"es\",\"potentialAction\":[{\"@type\":\"CommentAction\",\"name\":\"Comment\",\"target\":[\"https:\\\/\\\/www.laguiadepamplona.com\\\/actualidad\\\/el-patio-del-cpeip-san-jorge-se-transforma-en-un-entorno-mas-natural-y-sostenible-con-nuevas-zonas-verdes-y-nuevas-areas-de-actividad-a-modo-de-islas-con-diferente-topografia\\\/#respond\"]}]},{\"@type\":\"WebPage\",\"@id\":\"https:\\\/\\\/www.laguiadepamplona.com\\\/actualidad\\\/el-patio-del-cpeip-san-jorge-se-transforma-en-un-entorno-mas-natural-y-sostenible-con-nuevas-zonas-verdes-y-nuevas-areas-de-actividad-a-modo-de-islas-con-diferente-topografia\\\/\",\"url\":\"https:\\\/\\\/www.laguiadepamplona.com\\\/actualidad\\\/el-patio-del-cpeip-san-jorge-se-transforma-en-un-entorno-mas-natural-y-sostenible-con-nuevas-zonas-verdes-y-nuevas-areas-de-actividad-a-modo-de-islas-con-diferente-topografia\\\/\",\"name\":\"El patio del CPEIP San Jorge se transforma en un entorno m\u00e1s natural y sostenible, con nuevas zonas verdes y nuevas \u00e1reas de actividad, a modo de islas, con diferente topograf\u00eda\",\"isPartOf\":{\"@id\":\"https:\\\/\\\/www.laguiadepamplona.com\\\/actualidad\\\/#website\"},\"primaryImageOfPage\":{\"@id\":\"https:\\\/\\\/www.laguiadepamplona.com\\\/actualidad\\\/el-patio-del-cpeip-san-jorge-se-transforma-en-un-entorno-mas-natural-y-sostenible-con-nuevas-zonas-verdes-y-nuevas-areas-de-actividad-a-modo-de-islas-con-diferente-topografia\\\/#primaryimage\"},\"image\":{\"@id\":\"https:\\\/\\\/www.laguiadepamplona.com\\\/actualidad\\\/el-patio-del-cpeip-san-jorge-se-transforma-en-un-entorno-mas-natural-y-sostenible-con-nuevas-zonas-verdes-y-nuevas-areas-de-actividad-a-modo-de-islas-con-diferente-topografia\\\/#primaryimage\"},\"thumbnailUrl\":\"https:\\\/\\\/www.laguiadepamplona.com\\\/actualidad\\\/wp-content\\\/uploads\\\/2024\\\/10\\\/visitaobrascolegiopublicosanjorge3.webp\",\"datePublished\":\"2024-10-09T10:54:39+00:00\",\"description\":\"Para final de a\u00f1o concluir\u00e1n unas obras de renaturalizaci\u00f3n de patios que tambi\u00e9n se est\u00e1n llevando a cabo en Amaiur Ikastola y CPEIP Iturrama\",\"breadcrumb\":{\"@id\":\"https:\\\/\\\/www.laguiadepamplona.com\\\/actualidad\\\/el-patio-del-cpeip-san-jorge-se-transforma-en-un-entorno-mas-natural-y-sostenible-con-nuevas-zonas-verdes-y-nuevas-areas-de-actividad-a-modo-de-islas-con-diferente-topografia\\\/#breadcrumb\"},\"inLanguage\":\"es\",\"potentialAction\":[{\"@type\":\"ReadAction\",\"target\":[\"https:\\\/\\\/www.laguiadepamplona.com\\\/actualidad\\\/el-patio-del-cpeip-san-jorge-se-transforma-en-un-entorno-mas-natural-y-sostenible-con-nuevas-zonas-verdes-y-nuevas-areas-de-actividad-a-modo-de-islas-con-diferente-topografia\\\/\"]}]},{\"@type\":\"ImageObject\",\"inLanguage\":\"es\",\"@id\":\"https:\\\/\\\/www.laguiadepamplona.com\\\/actualidad\\\/el-patio-del-cpeip-san-jorge-se-transforma-en-un-entorno-mas-natural-y-sostenible-con-nuevas-zonas-verdes-y-nuevas-areas-de-actividad-a-modo-de-islas-con-diferente-topografia\\\/#primaryimage\",\"url\":\"https:\\\/\\\/www.laguiadepamplona.com\\\/actualidad\\\/wp-content\\\/uploads\\\/2024\\\/10\\\/visitaobrascolegiopublicosanjorge3.webp\",\"contentUrl\":\"https:\\\/\\\/www.laguiadepamplona.com\\\/actualidad\\\/wp-content\\\/uploads\\\/2024\\\/10\\\/visitaobrascolegiopublicosanjorge3.webp\",\"width\":1000,\"height\":667,\"caption\":\"visita obras colegio p\u00fablico San Jorge\"},{\"@type\":\"BreadcrumbList\",\"@id\":\"https:\\\/\\\/www.laguiadepamplona.com\\\/actualidad\\\/el-patio-del-cpeip-san-jorge-se-transforma-en-un-entorno-mas-natural-y-sostenible-con-nuevas-zonas-verdes-y-nuevas-areas-de-actividad-a-modo-de-islas-con-diferente-topografia\\\/#breadcrumb\",\"itemListElement\":[{\"@type\":\"ListItem\",\"position\":1,\"name\":\"Portada\",\"item\":\"https:\\\/\\\/www.laguiadepamplona.com\\\/actualidad\\\/\"},{\"@type\":\"ListItem\",\"position\":2,\"name\":\"El patio del CPEIP San Jorge se transforma en un entorno m\u00e1s natural y sostenible, con nuevas zonas verdes y nuevas \u00e1reas de actividad, a modo de islas, con diferente topograf\u00eda\"}]},{\"@type\":\"WebSite\",\"@id\":\"https:\\\/\\\/www.laguiadepamplona.com\\\/actualidad\\\/#website\",\"url\":\"https:\\\/\\\/www.laguiadepamplona.com\\\/actualidad\\\/\",\"name\":\"La gu\u00eda de Pamplona\",\"description\":\"Noticias de Pamplona\",\"publisher\":{\"@id\":\"https:\\\/\\\/www.laguiadepamplona.com\\\/actualidad\\\/#organization\"},\"potentialAction\":[{\"@type\":\"SearchAction\",\"target\":{\"@type\":\"EntryPoint\",\"urlTemplate\":\"https:\\\/\\\/www.laguiadepamplona.com\\\/actualidad\\\/?s={search_term_string}\"},\"query-input\":{\"@type\":\"PropertyValueSpecification\",\"valueRequired\":true,\"valueName\":\"search_term_string\"}}],\"inLanguage\":\"es\"},{\"@type\":\"Organization\",\"@id\":\"https:\\\/\\\/www.laguiadepamplona.com\\\/actualidad\\\/#organization\",\"name\":\"La Gu\u00eda de Pamplona \\\/ Noticias\",\"url\":\"https:\\\/\\\/www.laguiadepamplona.com\\\/actualidad\\\/\",\"logo\":{\"@type\":\"ImageObject\",\"inLanguage\":\"es\",\"@id\":\"https:\\\/\\\/www.laguiadepamplona.com\\\/actualidad\\\/#\\\/schema\\\/logo\\\/image\\\/\",\"url\":\"https:\\\/\\\/www.laguiadepamplona.com\\\/actualidad\\\/wp-content\\\/uploads\\\/2018\\\/11\\\/logo-laguiadepamplona18-web1.png\",\"contentUrl\":\"https:\\\/\\\/www.laguiadepamplona.com\\\/actualidad\\\/wp-content\\\/uploads\\\/2018\\\/11\\\/logo-laguiadepamplona18-web1.png\",\"width\":600,\"height\":196,\"caption\":\"La Gu\u00eda de Pamplona \\\/ Noticias\"},\"image\":{\"@id\":\"https:\\\/\\\/www.laguiadepamplona.com\\\/actualidad\\\/#\\\/schema\\\/logo\\\/image\\\/\"},\"sameAs\":[\"https:\\\/\\\/www.facebook.com\\\/laguiadepamplonacom-133175176762273\\\/?ref=hl\",\"https:\\\/\\\/x.com\\\/LaGuiadPamplona\",\"https:\\\/\\\/www.instagram.com\\\/la_guia_de_pamplona\\\/\",\"https:\\\/\\\/www.youtube.com\\\/user\\\/laguiadepamplona\"]},{\"@type\":\"Person\",\"@id\":\"https:\\\/\\\/www.laguiadepamplona.com\\\/actualidad\\\/#\\\/schema\\\/person\\\/efe887376f0213d4657c93adc50b1fdb\",\"name\":\"La Gu\u00eda de Pamplona\",\"image\":{\"@type\":\"ImageObject\",\"inLanguage\":\"es\",\"@id\":\"https:\\\/\\\/secure.gravatar.com\\\/avatar\\\/b6992f131dc8d30ab0dff15446e9d346d9dbd95992de0fef795073f5ea83a81c?s=96&d=mm&r=g\",\"url\":\"https:\\\/\\\/secure.gravatar.com\\\/avatar\\\/b6992f131dc8d30ab0dff15446e9d346d9dbd95992de0fef795073f5ea83a81c?s=96&d=mm&r=g\",\"contentUrl\":\"https:\\\/\\\/secure.gravatar.com\\\/avatar\\\/b6992f131dc8d30ab0dff15446e9d346d9dbd95992de0fef795073f5ea83a81c?s=96&d=mm&r=g\",\"caption\":\"La Gu\u00eda de Pamplona\"}}]}<\/script>\n<!-- \/ Yoast SEO plugin. -->","yoast_head_json":{"title":"El patio del CPEIP San Jorge se transforma en un entorno m\u00e1s natural y sostenible, con nuevas zonas verdes y nuevas \u00e1reas de actividad, a modo de islas, con diferente topograf\u00eda","description":"Para final de a\u00f1o concluir\u00e1n unas obras de renaturalizaci\u00f3n de patios que tambi\u00e9n se est\u00e1n llevando a cabo en Amaiur Ikastola y CPEIP Iturrama","robots":{"index":"index","follow":"follow","max-snippet":"max-snippet:-1","max-image-preview":"max-image-preview:large","max-video-preview":"max-video-preview:-1"},"canonical":"https:\/\/www.laguiadepamplona.com\/actualidad\/el-patio-del-cpeip-san-jorge-se-transforma-en-un-entorno-mas-natural-y-sostenible-con-nuevas-zonas-verdes-y-nuevas-areas-de-actividad-a-modo-de-islas-con-diferente-topografia\/","og_locale":"es_ES","og_type":"article","og_title":"El patio del CPEIP San Jorge se transforma en un entorno m\u00e1s natural y sostenible, con nuevas zonas verdes y nuevas \u00e1reas de actividad, a modo de islas, con diferente topograf\u00eda","og_description":"Para final de a\u00f1o concluir\u00e1n unas obras de renaturalizaci\u00f3n de patios que tambi\u00e9n se est\u00e1n llevando a cabo en Amaiur Ikastola y CPEIP Iturrama","og_url":"https:\/\/www.laguiadepamplona.com\/actualidad\/el-patio-del-cpeip-san-jorge-se-transforma-en-un-entorno-mas-natural-y-sostenible-con-nuevas-zonas-verdes-y-nuevas-areas-de-actividad-a-modo-de-islas-con-diferente-topografia\/","og_site_name":"La Gu\u00eda de Pamplona","article_publisher":"https:\/\/www.facebook.com\/laguiadepamplonacom-133175176762273\/?ref=hl","article_published_time":"2024-10-09T10:54:39+00:00","og_image":[{"width":1000,"height":667,"url":"https:\/\/www.laguiadepamplona.com\/actualidad\/wp-content\/uploads\/2024\/10\/visitaobrascolegiopublicosanjorge3.webp","type":"image\/webp"}],"author":"La Gu\u00eda de Pamplona","twitter_card":"summary_large_image","twitter_creator":"@LaGuiadPamplona","twitter_site":"@LaGuiadPamplona","twitter_misc":{"Escrito por":"La Gu\u00eda de Pamplona","Tiempo de lectura":"4 minutos"},"schema":{"@context":"https:\/\/schema.org","@graph":[{"@type":"Article","@id":"https:\/\/www.laguiadepamplona.com\/actualidad\/el-patio-del-cpeip-san-jorge-se-transforma-en-un-entorno-mas-natural-y-sostenible-con-nuevas-zonas-verdes-y-nuevas-areas-de-actividad-a-modo-de-islas-con-diferente-topografia\/#article","isPartOf":{"@id":"https:\/\/www.laguiadepamplona.com\/actualidad\/el-patio-del-cpeip-san-jorge-se-transforma-en-un-entorno-mas-natural-y-sostenible-con-nuevas-zonas-verdes-y-nuevas-areas-de-actividad-a-modo-de-islas-con-diferente-topografia\/"},"author":{"name":"La Gu\u00eda de Pamplona","@id":"https:\/\/www.laguiadepamplona.com\/actualidad\/#\/schema\/person\/efe887376f0213d4657c93adc50b1fdb"},"headline":"El patio del CPEIP San Jorge se transforma en un entorno m\u00e1s natural y sostenible, con nuevas zonas verdes y nuevas \u00e1reas de actividad, a modo de islas, con diferente topograf\u00eda","datePublished":"2024-10-09T10:54:39+00:00","mainEntityOfPage":{"@id":"https:\/\/www.laguiadepamplona.com\/actualidad\/el-patio-del-cpeip-san-jorge-se-transforma-en-un-entorno-mas-natural-y-sostenible-con-nuevas-zonas-verdes-y-nuevas-areas-de-actividad-a-modo-de-islas-con-diferente-topografia\/"},"wordCount":898,"commentCount":0,"publisher":{"@id":"https:\/\/www.laguiadepamplona.com\/actualidad\/#organization"},"image":{"@id":"https:\/\/www.laguiadepamplona.com\/actualidad\/el-patio-del-cpeip-san-jorge-se-transforma-en-un-entorno-mas-natural-y-sostenible-con-nuevas-zonas-verdes-y-nuevas-areas-de-actividad-a-modo-de-islas-con-diferente-topografia\/#primaryimage"},"thumbnailUrl":"https:\/\/www.laguiadepamplona.com\/actualidad\/wp-content\/uploads\/2024\/10\/visitaobrascolegiopublicosanjorge3.webp","articleSection":["Ayto Pamplona"],"inLanguage":"es","potentialAction":[{"@type":"CommentAction","name":"Comment","target":["https:\/\/www.laguiadepamplona.com\/actualidad\/el-patio-del-cpeip-san-jorge-se-transforma-en-un-entorno-mas-natural-y-sostenible-con-nuevas-zonas-verdes-y-nuevas-areas-de-actividad-a-modo-de-islas-con-diferente-topografia\/#respond"]}]},{"@type":"WebPage","@id":"https:\/\/www.laguiadepamplona.com\/actualidad\/el-patio-del-cpeip-san-jorge-se-transforma-en-un-entorno-mas-natural-y-sostenible-con-nuevas-zonas-verdes-y-nuevas-areas-de-actividad-a-modo-de-islas-con-diferente-topografia\/","url":"https:\/\/www.laguiadepamplona.com\/actualidad\/el-patio-del-cpeip-san-jorge-se-transforma-en-un-entorno-mas-natural-y-sostenible-con-nuevas-zonas-verdes-y-nuevas-areas-de-actividad-a-modo-de-islas-con-diferente-topografia\/","name":"El patio del CPEIP San Jorge se transforma en un entorno m\u00e1s natural y sostenible, con nuevas zonas verdes y nuevas \u00e1reas de actividad, a modo de islas, con diferente topograf\u00eda","isPartOf":{"@id":"https:\/\/www.laguiadepamplona.com\/actualidad\/#website"},"primaryImageOfPage":{"@id":"https:\/\/www.laguiadepamplona.com\/actualidad\/el-patio-del-cpeip-san-jorge-se-transforma-en-un-entorno-mas-natural-y-sostenible-con-nuevas-zonas-verdes-y-nuevas-areas-de-actividad-a-modo-de-islas-con-diferente-topografia\/#primaryimage"},"image":{"@id":"https:\/\/www.laguiadepamplona.com\/actualidad\/el-patio-del-cpeip-san-jorge-se-transforma-en-un-entorno-mas-natural-y-sostenible-con-nuevas-zonas-verdes-y-nuevas-areas-de-actividad-a-modo-de-islas-con-diferente-topografia\/#primaryimage"},"thumbnailUrl":"https:\/\/www.laguiadepamplona.com\/actualidad\/wp-content\/uploads\/2024\/10\/visitaobrascolegiopublicosanjorge3.webp","datePublished":"2024-10-09T10:54:39+00:00","description":"Para final de a\u00f1o concluir\u00e1n unas obras de renaturalizaci\u00f3n de patios que tambi\u00e9n se est\u00e1n llevando a cabo en Amaiur Ikastola y CPEIP Iturrama","breadcrumb":{"@id":"https:\/\/www.laguiadepamplona.com\/actualidad\/el-patio-del-cpeip-san-jorge-se-transforma-en-un-entorno-mas-natural-y-sostenible-con-nuevas-zonas-verdes-y-nuevas-areas-de-actividad-a-modo-de-islas-con-diferente-topografia\/#breadcrumb"},"inLanguage":"es","potentialAction":[{"@type":"ReadAction","target":["https:\/\/www.laguiadepamplona.com\/actualidad\/el-patio-del-cpeip-san-jorge-se-transforma-en-un-entorno-mas-natural-y-sostenible-con-nuevas-zonas-verdes-y-nuevas-areas-de-actividad-a-modo-de-islas-con-diferente-topografia\/"]}]},{"@type":"ImageObject","inLanguage":"es","@id":"https:\/\/www.laguiadepamplona.com\/actualidad\/el-patio-del-cpeip-san-jorge-se-transforma-en-un-entorno-mas-natural-y-sostenible-con-nuevas-zonas-verdes-y-nuevas-areas-de-actividad-a-modo-de-islas-con-diferente-topografia\/#primaryimage","url":"https:\/\/www.laguiadepamplona.com\/actualidad\/wp-content\/uploads\/2024\/10\/visitaobrascolegiopublicosanjorge3.webp","contentUrl":"https:\/\/www.laguiadepamplona.com\/actualidad\/wp-content\/uploads\/2024\/10\/visitaobrascolegiopublicosanjorge3.webp","width":1000,"height":667,"caption":"visita obras colegio p\u00fablico San Jorge"},{"@type":"BreadcrumbList","@id":"https:\/\/www.laguiadepamplona.com\/actualidad\/el-patio-del-cpeip-san-jorge-se-transforma-en-un-entorno-mas-natural-y-sostenible-con-nuevas-zonas-verdes-y-nuevas-areas-de-actividad-a-modo-de-islas-con-diferente-topografia\/#breadcrumb","itemListElement":[{"@type":"ListItem","position":1,"name":"Portada","item":"https:\/\/www.laguiadepamplona.com\/actualidad\/"},{"@type":"ListItem","position":2,"name":"El patio del CPEIP San Jorge se transforma en un entorno m\u00e1s natural y sostenible, con nuevas zonas verdes y nuevas \u00e1reas de actividad, a modo de islas, con diferente topograf\u00eda"}]},{"@type":"WebSite","@id":"https:\/\/www.laguiadepamplona.com\/actualidad\/#website","url":"https:\/\/www.laguiadepamplona.com\/actualidad\/","name":"La gu\u00eda de Pamplona","description":"Noticias de Pamplona","publisher":{"@id":"https:\/\/www.laguiadepamplona.com\/actualidad\/#organization"},"potentialAction":[{"@type":"SearchAction","target":{"@type":"EntryPoint","urlTemplate":"https:\/\/www.laguiadepamplona.com\/actualidad\/?s={search_term_string}"},"query-input":{"@type":"PropertyValueSpecification","valueRequired":true,"valueName":"search_term_string"}}],"inLanguage":"es"},{"@type":"Organization","@id":"https:\/\/www.laguiadepamplona.com\/actualidad\/#organization","name":"La Gu\u00eda de Pamplona \/ Noticias","url":"https:\/\/www.laguiadepamplona.com\/actualidad\/","logo":{"@type":"ImageObject","inLanguage":"es","@id":"https:\/\/www.laguiadepamplona.com\/actualidad\/#\/schema\/logo\/image\/","url":"https:\/\/www.laguiadepamplona.com\/actualidad\/wp-content\/uploads\/2018\/11\/logo-laguiadepamplona18-web1.png","contentUrl":"https:\/\/www.laguiadepamplona.com\/actualidad\/wp-content\/uploads\/2018\/11\/logo-laguiadepamplona18-web1.png","width":600,"height":196,"caption":"La Gu\u00eda de Pamplona \/ Noticias"},"image":{"@id":"https:\/\/www.laguiadepamplona.com\/actualidad\/#\/schema\/logo\/image\/"},"sameAs":["https:\/\/www.facebook.com\/laguiadepamplonacom-133175176762273\/?ref=hl","https:\/\/x.com\/LaGuiadPamplona","https:\/\/www.instagram.com\/la_guia_de_pamplona\/","https:\/\/www.youtube.com\/user\/laguiadepamplona"]},{"@type":"Person","@id":"https:\/\/www.laguiadepamplona.com\/actualidad\/#\/schema\/person\/efe887376f0213d4657c93adc50b1fdb","name":"La Gu\u00eda de Pamplona","image":{"@type":"ImageObject","inLanguage":"es","@id":"https:\/\/secure.gravatar.com\/avatar\/b6992f131dc8d30ab0dff15446e9d346d9dbd95992de0fef795073f5ea83a81c?s=96&d=mm&r=g","url":"https:\/\/secure.gravatar.com\/avatar\/b6992f131dc8d30ab0dff15446e9d346d9dbd95992de0fef795073f5ea83a81c?s=96&d=mm&r=g","contentUrl":"https:\/\/secure.gravatar.com\/avatar\/b6992f131dc8d30ab0dff15446e9d346d9dbd95992de0fef795073f5ea83a81c?s=96&d=mm&r=g","caption":"La Gu\u00eda de Pamplona"}}]}},"post_mailing_queue_ids":[],"_links":{"self":[{"href":"https:\/\/www.laguiadepamplona.com\/actualidad\/wp-json\/wp\/v2\/posts\/50959","targetHints":{"allow":["GET"]}}],"collection":[{"href":"https:\/\/www.laguiadepamplona.com\/actualidad\/wp-json\/wp\/v2\/posts"}],"about":[{"href":"https:\/\/www.laguiadepamplona.com\/actualidad\/wp-json\/wp\/v2\/types\/post"}],"author":[{"embeddable":true,"href":"https:\/\/www.laguiadepamplona.com\/actualidad\/wp-json\/wp\/v2\/users\/1"}],"replies":[{"embeddable":true,"href":"https:\/\/www.laguiadepamplona.com\/actualidad\/wp-json\/wp\/v2\/comments?post=50959"}],"version-history":[{"count":1,"href":"https:\/\/www.laguiadepamplona.com\/actualidad\/wp-json\/wp\/v2\/posts\/50959\/revisions"}],"predecessor-version":[{"id":50961,"href":"https:\/\/www.laguiadepamplona.com\/actualidad\/wp-json\/wp\/v2\/posts\/50959\/revisions\/50961"}],"wp:featuredmedia":[{"embeddable":true,"href":"https:\/\/www.laguiadepamplona.com\/actualidad\/wp-json\/wp\/v2\/media\/50960"}],"wp:attachment":[{"href":"https:\/\/www.laguiadepamplona.com\/actualidad\/wp-json\/wp\/v2\/media?parent=50959"}],"wp:term":[{"taxonomy":"category","embeddable":true,"href":"https:\/\/www.laguiadepamplona.com\/actualidad\/wp-json\/wp\/v2\/categories?post=50959"},{"taxonomy":"post_tag","embeddable":true,"href":"https:\/\/www.laguiadepamplona.com\/actualidad\/wp-json\/wp\/v2\/tags?post=50959"}],"curies":[{"name":"wp","href":"https:\/\/api.w.org\/{rel}","templated":true}]}}