{"id":50951,"date":"2024-10-08T12:23:17","date_gmt":"2024-10-08T10:23:17","guid":{"rendered":"https:\/\/www.laguiadepamplona.com\/actualidad\/?p=50951"},"modified":"2024-10-08T12:23:17","modified_gmt":"2024-10-08T10:23:17","slug":"el-ayuntamiento-licita-por-150-000-euros-el-suministro-e-instalacion-de-mobiliario-para-doce-viviendas-municipales-de-san-pedro","status":"publish","type":"post","link":"https:\/\/www.laguiadepamplona.com\/actualidad\/el-ayuntamiento-licita-por-150-000-euros-el-suministro-e-instalacion-de-mobiliario-para-doce-viviendas-municipales-de-san-pedro\/","title":{"rendered":"El Ayuntamiento licita por 150.000 euros el suministro e instalaci\u00f3n de mobiliario para doce viviendas municipales de San Pedro"},"content":{"rendered":"<h2>El Consistorio quiere que los inmuebles, que han sido rehabilitados dentro del proyecto europea oPEN Lab, se destinen a personas con discapacidad<\/h2>\n<p><!--more--><\/p>\n<p>Un total de 150.000 euros es la cuant\u00eda que el Ayuntamiento de Pamplona ha reservado para amueblar doce viviendas municipales del grupo San Pedro en el barrio de Rochapea. De esta forma, el coste de casa cada piso, de dos habitaciones, ser\u00eda de 12.500 euros. La Junta de Gobierno Local ha aprobado la licitaci\u00f3n, con el objetivo de que, una vez adjudicado el contrato, las viviendas puedan estar listas para finales de a\u00f1o.<\/p>\n<p>La licitaci\u00f3n prev\u00e9 dotar a cada piso de los portales 11 y 12 del grupo San Pedro de una cocina completamente equipada, con lavadora y tendedero, dos dormitorios, un ba\u00f1o con ducha y un sal\u00f3n comedor con televisi\u00f3n, sof\u00e1, butaca, mesa de comedor y tres sillas. Las viviendas est\u00e1n pensadas para un m\u00e1ximo de dos inquilinos que, puntualmente, puedan estar acompa\u00f1ados por una persona tutora. El objetivo es que estos pisos, que han sido rehabilitados gracias al proyecto europeo oPEN Lab, puedan ser destinados a personas con discapacidad, dando as\u00ed respuesta a una demanda que las entidades sociales del sector han trasladado al Ayuntamiento en numerosas reuniones, ante las grandes dificultades que estas personas encuentran en el acceso a una vivienda. En este sentido, el Consistorio ha planteado un cambio de usos, ya que inicialmente, el proyecto contemplaba que los destinatarios fueran personas mayores.<\/p>\n<p>Seg\u00fan el pliego de condiciones, el mayor importe se destinar\u00e1 a la adquisici\u00f3n de las doce cocinas. En este sentido, el coste m\u00e1ximo previsto para ello es de 71.398,68 euros, lo que supone el 47,62% del importe total reservado para amueblar estas viviendas. Por su parte, para acondicionar las estancias destinadas a sal\u00f3n-comedor, se prev\u00e9 destinar un m\u00e1ximo de 33.384 euros. Para los dormitorios, dos por piso, se han previsto 14.520 euros. Y, por \u00faltimo, el coste de equipar los ba\u00f1os se ha fijado en un m\u00e1ximo de 4.359 euros.<\/p>\n<p>La empresa adjudicataria se encargar\u00e1 de adquirir, suministrar e instalar todo el contenido, atendiendo al proyecto elaborado por el Consistorio, que recoge los requisitos y caracter\u00edsticas m\u00ednimas. No obstante, en la licitaci\u00f3n se valorar\u00e1n las mejoras y modificaciones que puedan presentarse, tanto t\u00e9cnicas como est\u00e9ticas, siempre y cuando redunden en una mejora de la calidad y se adecuen a las instalaciones.<\/p>\n<p>La adjudicaci\u00f3n del contrato de suministro e instalaci\u00f3n se realizar\u00e1 atendiendo a un baremo que tendr\u00e1 en cuenta tanto la propuesta t\u00e9cnica (40 puntos) como econ\u00f3mica (40 puntos), adem\u00e1s de otros criterios como la reducci\u00f3n de plazos de entrega (5 puntos) y la ampliaci\u00f3n de la garant\u00eda (5 puntos) o la subcontrataci\u00f3n con centros especiales de empleo un 5% del presupuesto de adjudicaci\u00f3n (10 puntos). Dentro de la propuesta t\u00e9cnica, se valorar\u00e1 con un m\u00e1ximo de 23 puntos el equipamiento de la cocina; con 11 puntos el sal\u00f3n-comedor; 5 puntos se reservar\u00e1n para las habitaciones; y 1 punto para los ba\u00f1os. \u00c9sta deber\u00e1 incluir una propuesta gr\u00e1fica de la soluci\u00f3n propuesta para cada estancia, as\u00ed como las caracter\u00edsticas t\u00e9cnicas de cada uno de los elementos propuestos.<\/p>\n<p><strong>M\u00e1s de dos millones para una rehabilitaci\u00f3n completa<\/strong><\/p>\n<p>El Ayuntamiento de Pamplona adjudic\u00f3 a mediados de 2023 las obras de rehabilitaci\u00f3n de estas doce viviendas, ubicadas en los portales 11 y 12 del grupo San Pedro. En este tiempo se ha realizado una reforma integral, interior y exterior, de este edificio de tres alturas. En el exterior, se han cambiado las carpinter\u00edas y se han eliminado las barreras arquitect\u00f3nicas, pero tambi\u00e9n se han realizado la envolvente t\u00e9rmica del edificio y se ha renovado la cubierta, donde se han instalado paneles el\u00e9ctricos fotovoltaicos.<\/p>\n<p>En el interior se ha procedido a la rehabilitaci\u00f3n y redise\u00f1o completo de cada una de las doce viviendas, que tienen una superficie \u00fatil de alrededor de 51 metros cuadrados, para adecuarlas a sus nuevos usos. Adem\u00e1s, se han instalado ascensores. Las nuevas viviendas cuentan ahora con terrazas tendedero, para compensar el espacio perdido por la instalaci\u00f3n de los ascensores y por la necesidad de ampliar las zonas comunes para que cumplan la normativa de accesibilidad.<\/p>\n<p>Las obras, que se inscribe dentro del proyecto europeo oPEN Lab y han contado con financiaci\u00f3n del programa Horizonte 2020, se adjudicaron por 2.097.372 euros. Los trabajos concluyeron el pasado mes de septiembre y el objetivo es que las labores de amueblarlas est\u00e9n completadas para finales de a\u00f1o, de forma que sus primeros inquilinos acudan en el primer trimestre de 2025.<\/p>\n","protected":false},"excerpt":{"rendered":"<p>El Consistorio quiere que los inmuebles, que han sido rehabilitados dentro del proyecto europea oPEN Lab, se destinen a personas con discapacidad<\/p>\n","protected":false},"author":1,"featured_media":50953,"comment_status":"open","ping_status":"closed","sticky":false,"template":"","format":"standard","meta":{"footnotes":""},"categories":[2],"tags":[],"class_list":["post-50951","post","type-post","status-publish","format-standard","has-post-thumbnail","hentry","category-ayuntamiento-pamplona"],"yoast_head":"<!-- This site is optimized with the Yoast SEO plugin v27.3 - https:\/\/yoast.com\/product\/yoast-seo-wordpress\/ -->\n<title>El Ayuntamiento licita por 150.000 euros el suministro e instalaci\u00f3n de mobiliario para doce viviendas municipales de San Pedro<\/title>\n<meta name=\"description\" content=\"El Consistorio quiere que los inmuebles, que han sido rehabilitados dentro del proyecto europea oPEN Lab, se destinen a personas con discapacidad\" \/>\n<meta name=\"robots\" content=\"index, follow, max-snippet:-1, max-image-preview:large, max-video-preview:-1\" \/>\n<link rel=\"canonical\" href=\"https:\/\/www.laguiadepamplona.com\/actualidad\/el-ayuntamiento-licita-por-150-000-euros-el-suministro-e-instalacion-de-mobiliario-para-doce-viviendas-municipales-de-san-pedro\/\" \/>\n<meta property=\"og:locale\" content=\"es_ES\" \/>\n<meta property=\"og:type\" content=\"article\" \/>\n<meta property=\"og:title\" content=\"El Ayuntamiento licita por 150.000 euros el suministro e instalaci\u00f3n de mobiliario para doce viviendas municipales de San Pedro\" \/>\n<meta property=\"og:description\" content=\"El Consistorio quiere que los inmuebles, que han sido rehabilitados dentro del proyecto europea oPEN Lab, se destinen a personas con discapacidad\" \/>\n<meta property=\"og:url\" content=\"https:\/\/www.laguiadepamplona.com\/actualidad\/el-ayuntamiento-licita-por-150-000-euros-el-suministro-e-instalacion-de-mobiliario-para-doce-viviendas-municipales-de-san-pedro\/\" \/>\n<meta property=\"og:site_name\" content=\"La Gu\u00eda de Pamplona\" \/>\n<meta property=\"article:publisher\" content=\"https:\/\/www.facebook.com\/laguiadepamplonacom-133175176762273\/?ref=hl\" \/>\n<meta property=\"article:published_time\" content=\"2024-10-08T10:23:17+00:00\" \/>\n<meta property=\"og:image\" content=\"https:\/\/www.laguiadepamplona.com\/actualidad\/wp-content\/uploads\/2024\/10\/Viviendas-San-Pedro_web.webp\" \/>\n\t<meta property=\"og:image:width\" content=\"1000\" \/>\n\t<meta property=\"og:image:height\" content=\"666\" \/>\n\t<meta property=\"og:image:type\" content=\"image\/webp\" \/>\n<meta name=\"author\" content=\"La Gu\u00eda de Pamplona\" \/>\n<meta name=\"twitter:card\" content=\"summary_large_image\" \/>\n<meta name=\"twitter:creator\" content=\"@LaGuiadPamplona\" \/>\n<meta name=\"twitter:site\" content=\"@LaGuiadPamplona\" \/>\n<meta name=\"twitter:label1\" content=\"Escrito por\" \/>\n\t<meta name=\"twitter:data1\" content=\"La Gu\u00eda de Pamplona\" \/>\n\t<meta name=\"twitter:label2\" content=\"Tiempo de lectura\" \/>\n\t<meta name=\"twitter:data2\" content=\"4 minutos\" \/>\n<script type=\"application\/ld+json\" class=\"yoast-schema-graph\">{\"@context\":\"https:\\\/\\\/schema.org\",\"@graph\":[{\"@type\":\"Article\",\"@id\":\"https:\\\/\\\/www.laguiadepamplona.com\\\/actualidad\\\/el-ayuntamiento-licita-por-150-000-euros-el-suministro-e-instalacion-de-mobiliario-para-doce-viviendas-municipales-de-san-pedro\\\/#article\",\"isPartOf\":{\"@id\":\"https:\\\/\\\/www.laguiadepamplona.com\\\/actualidad\\\/el-ayuntamiento-licita-por-150-000-euros-el-suministro-e-instalacion-de-mobiliario-para-doce-viviendas-municipales-de-san-pedro\\\/\"},\"author\":{\"name\":\"La Gu\u00eda de Pamplona\",\"@id\":\"https:\\\/\\\/www.laguiadepamplona.com\\\/actualidad\\\/#\\\/schema\\\/person\\\/efe887376f0213d4657c93adc50b1fdb\"},\"headline\":\"El Ayuntamiento licita por 150.000 euros el suministro e instalaci\u00f3n de mobiliario para doce viviendas municipales de San Pedro\",\"datePublished\":\"2024-10-08T10:23:17+00:00\",\"mainEntityOfPage\":{\"@id\":\"https:\\\/\\\/www.laguiadepamplona.com\\\/actualidad\\\/el-ayuntamiento-licita-por-150-000-euros-el-suministro-e-instalacion-de-mobiliario-para-doce-viviendas-municipales-de-san-pedro\\\/\"},\"wordCount\":796,\"commentCount\":0,\"publisher\":{\"@id\":\"https:\\\/\\\/www.laguiadepamplona.com\\\/actualidad\\\/#organization\"},\"image\":{\"@id\":\"https:\\\/\\\/www.laguiadepamplona.com\\\/actualidad\\\/el-ayuntamiento-licita-por-150-000-euros-el-suministro-e-instalacion-de-mobiliario-para-doce-viviendas-municipales-de-san-pedro\\\/#primaryimage\"},\"thumbnailUrl\":\"https:\\\/\\\/www.laguiadepamplona.com\\\/actualidad\\\/wp-content\\\/uploads\\\/2024\\\/10\\\/Viviendas-San-Pedro_web.webp\",\"articleSection\":[\"Ayto Pamplona\"],\"inLanguage\":\"es\",\"potentialAction\":[{\"@type\":\"CommentAction\",\"name\":\"Comment\",\"target\":[\"https:\\\/\\\/www.laguiadepamplona.com\\\/actualidad\\\/el-ayuntamiento-licita-por-150-000-euros-el-suministro-e-instalacion-de-mobiliario-para-doce-viviendas-municipales-de-san-pedro\\\/#respond\"]}]},{\"@type\":\"WebPage\",\"@id\":\"https:\\\/\\\/www.laguiadepamplona.com\\\/actualidad\\\/el-ayuntamiento-licita-por-150-000-euros-el-suministro-e-instalacion-de-mobiliario-para-doce-viviendas-municipales-de-san-pedro\\\/\",\"url\":\"https:\\\/\\\/www.laguiadepamplona.com\\\/actualidad\\\/el-ayuntamiento-licita-por-150-000-euros-el-suministro-e-instalacion-de-mobiliario-para-doce-viviendas-municipales-de-san-pedro\\\/\",\"name\":\"El Ayuntamiento licita por 150.000 euros el suministro e instalaci\u00f3n de mobiliario para doce viviendas municipales de San Pedro\",\"isPartOf\":{\"@id\":\"https:\\\/\\\/www.laguiadepamplona.com\\\/actualidad\\\/#website\"},\"primaryImageOfPage\":{\"@id\":\"https:\\\/\\\/www.laguiadepamplona.com\\\/actualidad\\\/el-ayuntamiento-licita-por-150-000-euros-el-suministro-e-instalacion-de-mobiliario-para-doce-viviendas-municipales-de-san-pedro\\\/#primaryimage\"},\"image\":{\"@id\":\"https:\\\/\\\/www.laguiadepamplona.com\\\/actualidad\\\/el-ayuntamiento-licita-por-150-000-euros-el-suministro-e-instalacion-de-mobiliario-para-doce-viviendas-municipales-de-san-pedro\\\/#primaryimage\"},\"thumbnailUrl\":\"https:\\\/\\\/www.laguiadepamplona.com\\\/actualidad\\\/wp-content\\\/uploads\\\/2024\\\/10\\\/Viviendas-San-Pedro_web.webp\",\"datePublished\":\"2024-10-08T10:23:17+00:00\",\"description\":\"El Consistorio quiere que los inmuebles, que han sido rehabilitados dentro del proyecto europea oPEN Lab, se destinen a personas con discapacidad\",\"breadcrumb\":{\"@id\":\"https:\\\/\\\/www.laguiadepamplona.com\\\/actualidad\\\/el-ayuntamiento-licita-por-150-000-euros-el-suministro-e-instalacion-de-mobiliario-para-doce-viviendas-municipales-de-san-pedro\\\/#breadcrumb\"},\"inLanguage\":\"es\",\"potentialAction\":[{\"@type\":\"ReadAction\",\"target\":[\"https:\\\/\\\/www.laguiadepamplona.com\\\/actualidad\\\/el-ayuntamiento-licita-por-150-000-euros-el-suministro-e-instalacion-de-mobiliario-para-doce-viviendas-municipales-de-san-pedro\\\/\"]}]},{\"@type\":\"ImageObject\",\"inLanguage\":\"es\",\"@id\":\"https:\\\/\\\/www.laguiadepamplona.com\\\/actualidad\\\/el-ayuntamiento-licita-por-150-000-euros-el-suministro-e-instalacion-de-mobiliario-para-doce-viviendas-municipales-de-san-pedro\\\/#primaryimage\",\"url\":\"https:\\\/\\\/www.laguiadepamplona.com\\\/actualidad\\\/wp-content\\\/uploads\\\/2024\\\/10\\\/Viviendas-San-Pedro_web.webp\",\"contentUrl\":\"https:\\\/\\\/www.laguiadepamplona.com\\\/actualidad\\\/wp-content\\\/uploads\\\/2024\\\/10\\\/Viviendas-San-Pedro_web.webp\",\"width\":1000,\"height\":666,\"caption\":\"Viviendas San Pedro\"},{\"@type\":\"BreadcrumbList\",\"@id\":\"https:\\\/\\\/www.laguiadepamplona.com\\\/actualidad\\\/el-ayuntamiento-licita-por-150-000-euros-el-suministro-e-instalacion-de-mobiliario-para-doce-viviendas-municipales-de-san-pedro\\\/#breadcrumb\",\"itemListElement\":[{\"@type\":\"ListItem\",\"position\":1,\"name\":\"Portada\",\"item\":\"https:\\\/\\\/www.laguiadepamplona.com\\\/actualidad\\\/\"},{\"@type\":\"ListItem\",\"position\":2,\"name\":\"El Ayuntamiento licita por 150.000 euros el suministro e instalaci\u00f3n de mobiliario para doce viviendas municipales de San Pedro\"}]},{\"@type\":\"WebSite\",\"@id\":\"https:\\\/\\\/www.laguiadepamplona.com\\\/actualidad\\\/#website\",\"url\":\"https:\\\/\\\/www.laguiadepamplona.com\\\/actualidad\\\/\",\"name\":\"La gu\u00eda de Pamplona\",\"description\":\"Noticias de Pamplona\",\"publisher\":{\"@id\":\"https:\\\/\\\/www.laguiadepamplona.com\\\/actualidad\\\/#organization\"},\"potentialAction\":[{\"@type\":\"SearchAction\",\"target\":{\"@type\":\"EntryPoint\",\"urlTemplate\":\"https:\\\/\\\/www.laguiadepamplona.com\\\/actualidad\\\/?s={search_term_string}\"},\"query-input\":{\"@type\":\"PropertyValueSpecification\",\"valueRequired\":true,\"valueName\":\"search_term_string\"}}],\"inLanguage\":\"es\"},{\"@type\":\"Organization\",\"@id\":\"https:\\\/\\\/www.laguiadepamplona.com\\\/actualidad\\\/#organization\",\"name\":\"La Gu\u00eda de Pamplona \\\/ Noticias\",\"url\":\"https:\\\/\\\/www.laguiadepamplona.com\\\/actualidad\\\/\",\"logo\":{\"@type\":\"ImageObject\",\"inLanguage\":\"es\",\"@id\":\"https:\\\/\\\/www.laguiadepamplona.com\\\/actualidad\\\/#\\\/schema\\\/logo\\\/image\\\/\",\"url\":\"https:\\\/\\\/www.laguiadepamplona.com\\\/actualidad\\\/wp-content\\\/uploads\\\/2018\\\/11\\\/logo-laguiadepamplona18-web1.png\",\"contentUrl\":\"https:\\\/\\\/www.laguiadepamplona.com\\\/actualidad\\\/wp-content\\\/uploads\\\/2018\\\/11\\\/logo-laguiadepamplona18-web1.png\",\"width\":600,\"height\":196,\"caption\":\"La Gu\u00eda de Pamplona \\\/ Noticias\"},\"image\":{\"@id\":\"https:\\\/\\\/www.laguiadepamplona.com\\\/actualidad\\\/#\\\/schema\\\/logo\\\/image\\\/\"},\"sameAs\":[\"https:\\\/\\\/www.facebook.com\\\/laguiadepamplonacom-133175176762273\\\/?ref=hl\",\"https:\\\/\\\/x.com\\\/LaGuiadPamplona\",\"https:\\\/\\\/www.instagram.com\\\/la_guia_de_pamplona\\\/\",\"https:\\\/\\\/www.youtube.com\\\/user\\\/laguiadepamplona\"]},{\"@type\":\"Person\",\"@id\":\"https:\\\/\\\/www.laguiadepamplona.com\\\/actualidad\\\/#\\\/schema\\\/person\\\/efe887376f0213d4657c93adc50b1fdb\",\"name\":\"La Gu\u00eda de Pamplona\",\"image\":{\"@type\":\"ImageObject\",\"inLanguage\":\"es\",\"@id\":\"https:\\\/\\\/secure.gravatar.com\\\/avatar\\\/b6992f131dc8d30ab0dff15446e9d346d9dbd95992de0fef795073f5ea83a81c?s=96&d=mm&r=g\",\"url\":\"https:\\\/\\\/secure.gravatar.com\\\/avatar\\\/b6992f131dc8d30ab0dff15446e9d346d9dbd95992de0fef795073f5ea83a81c?s=96&d=mm&r=g\",\"contentUrl\":\"https:\\\/\\\/secure.gravatar.com\\\/avatar\\\/b6992f131dc8d30ab0dff15446e9d346d9dbd95992de0fef795073f5ea83a81c?s=96&d=mm&r=g\",\"caption\":\"La Gu\u00eda de Pamplona\"}}]}<\/script>\n<!-- \/ Yoast SEO plugin. -->","yoast_head_json":{"title":"El Ayuntamiento licita por 150.000 euros el suministro e instalaci\u00f3n de mobiliario para doce viviendas municipales de San Pedro","description":"El Consistorio quiere que los inmuebles, que han sido rehabilitados dentro del proyecto europea oPEN Lab, se destinen a personas con discapacidad","robots":{"index":"index","follow":"follow","max-snippet":"max-snippet:-1","max-image-preview":"max-image-preview:large","max-video-preview":"max-video-preview:-1"},"canonical":"https:\/\/www.laguiadepamplona.com\/actualidad\/el-ayuntamiento-licita-por-150-000-euros-el-suministro-e-instalacion-de-mobiliario-para-doce-viviendas-municipales-de-san-pedro\/","og_locale":"es_ES","og_type":"article","og_title":"El Ayuntamiento licita por 150.000 euros el suministro e instalaci\u00f3n de mobiliario para doce viviendas municipales de San Pedro","og_description":"El Consistorio quiere que los inmuebles, que han sido rehabilitados dentro del proyecto europea oPEN Lab, se destinen a personas con discapacidad","og_url":"https:\/\/www.laguiadepamplona.com\/actualidad\/el-ayuntamiento-licita-por-150-000-euros-el-suministro-e-instalacion-de-mobiliario-para-doce-viviendas-municipales-de-san-pedro\/","og_site_name":"La Gu\u00eda de Pamplona","article_publisher":"https:\/\/www.facebook.com\/laguiadepamplonacom-133175176762273\/?ref=hl","article_published_time":"2024-10-08T10:23:17+00:00","og_image":[{"width":1000,"height":666,"url":"https:\/\/www.laguiadepamplona.com\/actualidad\/wp-content\/uploads\/2024\/10\/Viviendas-San-Pedro_web.webp","type":"image\/webp"}],"author":"La Gu\u00eda de Pamplona","twitter_card":"summary_large_image","twitter_creator":"@LaGuiadPamplona","twitter_site":"@LaGuiadPamplona","twitter_misc":{"Escrito por":"La Gu\u00eda de Pamplona","Tiempo de lectura":"4 minutos"},"schema":{"@context":"https:\/\/schema.org","@graph":[{"@type":"Article","@id":"https:\/\/www.laguiadepamplona.com\/actualidad\/el-ayuntamiento-licita-por-150-000-euros-el-suministro-e-instalacion-de-mobiliario-para-doce-viviendas-municipales-de-san-pedro\/#article","isPartOf":{"@id":"https:\/\/www.laguiadepamplona.com\/actualidad\/el-ayuntamiento-licita-por-150-000-euros-el-suministro-e-instalacion-de-mobiliario-para-doce-viviendas-municipales-de-san-pedro\/"},"author":{"name":"La Gu\u00eda de Pamplona","@id":"https:\/\/www.laguiadepamplona.com\/actualidad\/#\/schema\/person\/efe887376f0213d4657c93adc50b1fdb"},"headline":"El Ayuntamiento licita por 150.000 euros el suministro e instalaci\u00f3n de mobiliario para doce viviendas municipales de San Pedro","datePublished":"2024-10-08T10:23:17+00:00","mainEntityOfPage":{"@id":"https:\/\/www.laguiadepamplona.com\/actualidad\/el-ayuntamiento-licita-por-150-000-euros-el-suministro-e-instalacion-de-mobiliario-para-doce-viviendas-municipales-de-san-pedro\/"},"wordCount":796,"commentCount":0,"publisher":{"@id":"https:\/\/www.laguiadepamplona.com\/actualidad\/#organization"},"image":{"@id":"https:\/\/www.laguiadepamplona.com\/actualidad\/el-ayuntamiento-licita-por-150-000-euros-el-suministro-e-instalacion-de-mobiliario-para-doce-viviendas-municipales-de-san-pedro\/#primaryimage"},"thumbnailUrl":"https:\/\/www.laguiadepamplona.com\/actualidad\/wp-content\/uploads\/2024\/10\/Viviendas-San-Pedro_web.webp","articleSection":["Ayto Pamplona"],"inLanguage":"es","potentialAction":[{"@type":"CommentAction","name":"Comment","target":["https:\/\/www.laguiadepamplona.com\/actualidad\/el-ayuntamiento-licita-por-150-000-euros-el-suministro-e-instalacion-de-mobiliario-para-doce-viviendas-municipales-de-san-pedro\/#respond"]}]},{"@type":"WebPage","@id":"https:\/\/www.laguiadepamplona.com\/actualidad\/el-ayuntamiento-licita-por-150-000-euros-el-suministro-e-instalacion-de-mobiliario-para-doce-viviendas-municipales-de-san-pedro\/","url":"https:\/\/www.laguiadepamplona.com\/actualidad\/el-ayuntamiento-licita-por-150-000-euros-el-suministro-e-instalacion-de-mobiliario-para-doce-viviendas-municipales-de-san-pedro\/","name":"El Ayuntamiento licita por 150.000 euros el suministro e instalaci\u00f3n de mobiliario para doce viviendas municipales de San Pedro","isPartOf":{"@id":"https:\/\/www.laguiadepamplona.com\/actualidad\/#website"},"primaryImageOfPage":{"@id":"https:\/\/www.laguiadepamplona.com\/actualidad\/el-ayuntamiento-licita-por-150-000-euros-el-suministro-e-instalacion-de-mobiliario-para-doce-viviendas-municipales-de-san-pedro\/#primaryimage"},"image":{"@id":"https:\/\/www.laguiadepamplona.com\/actualidad\/el-ayuntamiento-licita-por-150-000-euros-el-suministro-e-instalacion-de-mobiliario-para-doce-viviendas-municipales-de-san-pedro\/#primaryimage"},"thumbnailUrl":"https:\/\/www.laguiadepamplona.com\/actualidad\/wp-content\/uploads\/2024\/10\/Viviendas-San-Pedro_web.webp","datePublished":"2024-10-08T10:23:17+00:00","description":"El Consistorio quiere que los inmuebles, que han sido rehabilitados dentro del proyecto europea oPEN Lab, se destinen a personas con discapacidad","breadcrumb":{"@id":"https:\/\/www.laguiadepamplona.com\/actualidad\/el-ayuntamiento-licita-por-150-000-euros-el-suministro-e-instalacion-de-mobiliario-para-doce-viviendas-municipales-de-san-pedro\/#breadcrumb"},"inLanguage":"es","potentialAction":[{"@type":"ReadAction","target":["https:\/\/www.laguiadepamplona.com\/actualidad\/el-ayuntamiento-licita-por-150-000-euros-el-suministro-e-instalacion-de-mobiliario-para-doce-viviendas-municipales-de-san-pedro\/"]}]},{"@type":"ImageObject","inLanguage":"es","@id":"https:\/\/www.laguiadepamplona.com\/actualidad\/el-ayuntamiento-licita-por-150-000-euros-el-suministro-e-instalacion-de-mobiliario-para-doce-viviendas-municipales-de-san-pedro\/#primaryimage","url":"https:\/\/www.laguiadepamplona.com\/actualidad\/wp-content\/uploads\/2024\/10\/Viviendas-San-Pedro_web.webp","contentUrl":"https:\/\/www.laguiadepamplona.com\/actualidad\/wp-content\/uploads\/2024\/10\/Viviendas-San-Pedro_web.webp","width":1000,"height":666,"caption":"Viviendas San Pedro"},{"@type":"BreadcrumbList","@id":"https:\/\/www.laguiadepamplona.com\/actualidad\/el-ayuntamiento-licita-por-150-000-euros-el-suministro-e-instalacion-de-mobiliario-para-doce-viviendas-municipales-de-san-pedro\/#breadcrumb","itemListElement":[{"@type":"ListItem","position":1,"name":"Portada","item":"https:\/\/www.laguiadepamplona.com\/actualidad\/"},{"@type":"ListItem","position":2,"name":"El Ayuntamiento licita por 150.000 euros el suministro e instalaci\u00f3n de mobiliario para doce viviendas municipales de San Pedro"}]},{"@type":"WebSite","@id":"https:\/\/www.laguiadepamplona.com\/actualidad\/#website","url":"https:\/\/www.laguiadepamplona.com\/actualidad\/","name":"La gu\u00eda de Pamplona","description":"Noticias de Pamplona","publisher":{"@id":"https:\/\/www.laguiadepamplona.com\/actualidad\/#organization"},"potentialAction":[{"@type":"SearchAction","target":{"@type":"EntryPoint","urlTemplate":"https:\/\/www.laguiadepamplona.com\/actualidad\/?s={search_term_string}"},"query-input":{"@type":"PropertyValueSpecification","valueRequired":true,"valueName":"search_term_string"}}],"inLanguage":"es"},{"@type":"Organization","@id":"https:\/\/www.laguiadepamplona.com\/actualidad\/#organization","name":"La Gu\u00eda de Pamplona \/ Noticias","url":"https:\/\/www.laguiadepamplona.com\/actualidad\/","logo":{"@type":"ImageObject","inLanguage":"es","@id":"https:\/\/www.laguiadepamplona.com\/actualidad\/#\/schema\/logo\/image\/","url":"https:\/\/www.laguiadepamplona.com\/actualidad\/wp-content\/uploads\/2018\/11\/logo-laguiadepamplona18-web1.png","contentUrl":"https:\/\/www.laguiadepamplona.com\/actualidad\/wp-content\/uploads\/2018\/11\/logo-laguiadepamplona18-web1.png","width":600,"height":196,"caption":"La Gu\u00eda de Pamplona \/ Noticias"},"image":{"@id":"https:\/\/www.laguiadepamplona.com\/actualidad\/#\/schema\/logo\/image\/"},"sameAs":["https:\/\/www.facebook.com\/laguiadepamplonacom-133175176762273\/?ref=hl","https:\/\/x.com\/LaGuiadPamplona","https:\/\/www.instagram.com\/la_guia_de_pamplona\/","https:\/\/www.youtube.com\/user\/laguiadepamplona"]},{"@type":"Person","@id":"https:\/\/www.laguiadepamplona.com\/actualidad\/#\/schema\/person\/efe887376f0213d4657c93adc50b1fdb","name":"La Gu\u00eda de Pamplona","image":{"@type":"ImageObject","inLanguage":"es","@id":"https:\/\/secure.gravatar.com\/avatar\/b6992f131dc8d30ab0dff15446e9d346d9dbd95992de0fef795073f5ea83a81c?s=96&d=mm&r=g","url":"https:\/\/secure.gravatar.com\/avatar\/b6992f131dc8d30ab0dff15446e9d346d9dbd95992de0fef795073f5ea83a81c?s=96&d=mm&r=g","contentUrl":"https:\/\/secure.gravatar.com\/avatar\/b6992f131dc8d30ab0dff15446e9d346d9dbd95992de0fef795073f5ea83a81c?s=96&d=mm&r=g","caption":"La Gu\u00eda de Pamplona"}}]}},"post_mailing_queue_ids":[],"_links":{"self":[{"href":"https:\/\/www.laguiadepamplona.com\/actualidad\/wp-json\/wp\/v2\/posts\/50951","targetHints":{"allow":["GET"]}}],"collection":[{"href":"https:\/\/www.laguiadepamplona.com\/actualidad\/wp-json\/wp\/v2\/posts"}],"about":[{"href":"https:\/\/www.laguiadepamplona.com\/actualidad\/wp-json\/wp\/v2\/types\/post"}],"author":[{"embeddable":true,"href":"https:\/\/www.laguiadepamplona.com\/actualidad\/wp-json\/wp\/v2\/users\/1"}],"replies":[{"embeddable":true,"href":"https:\/\/www.laguiadepamplona.com\/actualidad\/wp-json\/wp\/v2\/comments?post=50951"}],"version-history":[{"count":1,"href":"https:\/\/www.laguiadepamplona.com\/actualidad\/wp-json\/wp\/v2\/posts\/50951\/revisions"}],"predecessor-version":[{"id":50954,"href":"https:\/\/www.laguiadepamplona.com\/actualidad\/wp-json\/wp\/v2\/posts\/50951\/revisions\/50954"}],"wp:featuredmedia":[{"embeddable":true,"href":"https:\/\/www.laguiadepamplona.com\/actualidad\/wp-json\/wp\/v2\/media\/50953"}],"wp:attachment":[{"href":"https:\/\/www.laguiadepamplona.com\/actualidad\/wp-json\/wp\/v2\/media?parent=50951"}],"wp:term":[{"taxonomy":"category","embeddable":true,"href":"https:\/\/www.laguiadepamplona.com\/actualidad\/wp-json\/wp\/v2\/categories?post=50951"},{"taxonomy":"post_tag","embeddable":true,"href":"https:\/\/www.laguiadepamplona.com\/actualidad\/wp-json\/wp\/v2\/tags?post=50951"}],"curies":[{"name":"wp","href":"https:\/\/api.w.org\/{rel}","templated":true}]}}