{"id":50948,"date":"2024-10-08T12:21:11","date_gmt":"2024-10-08T10:21:11","guid":{"rendered":"https:\/\/www.laguiadepamplona.com\/actualidad\/?p=50948"},"modified":"2024-10-08T12:21:11","modified_gmt":"2024-10-08T10:21:11","slug":"el-ayuntamiento-de-pamplona-limpiara-de-residuos-solidos-y-de-vegetacion-en-mal-estado-o-en-riesgo-inminente-de-caida-los-cauces-de-los-rios-arga-sadar-y-elorz","status":"publish","type":"post","link":"https:\/\/www.laguiadepamplona.com\/actualidad\/el-ayuntamiento-de-pamplona-limpiara-de-residuos-solidos-y-de-vegetacion-en-mal-estado-o-en-riesgo-inminente-de-caida-los-cauces-de-los-rios-arga-sadar-y-elorz\/","title":{"rendered":"El Ayuntamiento de Pamplona limpiar\u00e1 de residuos s\u00f3lidos y de vegetaci\u00f3n en mal estado o en riesgo inminente de ca\u00edda los cauces de los r\u00edos Arga, Sadar y Elorz"},"content":{"rendered":"<h2>Los trabajos se desarrollar\u00e1n en este \u00faltimo trimestre del a\u00f1o, con casi 100.000 euros de presupuesto y se enmarcan en el proyecto RUNA 2025<\/h2>\n<p><!--more--><\/p>\n<p>La Junta de Gobierno Local ha aprobado la licitaci\u00f3n de un contrato de obras para la limpieza de residuos s\u00f3lidos urbanos (R.S.U.) a lo largo del recorrido de los r\u00edos Arga, Sadar y Elorz a su paso por Pamplona. La limpieza incluye tanto residuos s\u00f3lidos como vegetaci\u00f3n, pies arb\u00f3reos en mal estado, con potencial para generar residuos por su riesgo inminente de fractura o ca\u00edda a los r\u00edos.<\/p>\n<p>El presupuesto de estos trabajos asciende a 99.544,41 euros y se desarrollar\u00e1n en este pr\u00f3ximo trimestre, antes de finalizar el a\u00f1o. La actuaci\u00f3n se enmarca en la acci\u00f3n B14 \u2018Actuaciones generales r\u00edos. Limpieza de R.S.U.\u2019 del proyecto RUNA 2025, de renaturalizaci\u00f3n de los entornos fluviales de Pamplona. RUNA 2025 ha obtenido 2,7 millones de euros en la convocatoria de ayudas de la Fundaci\u00f3n Biodiversidad del Ministerio para la Transici\u00f3n Ecol\u00f3gica y el Reto Demogr\u00e1fico (MITECO), en el marco del Plan de Recuperaci\u00f3n, Transformaci\u00f3n y Resiliencia, financiado por la Uni\u00f3n Europea \u2013 NextGenerationEU.<\/p>\n<p>Los r\u00edos son h\u00e1bitats de acumulaci\u00f3n y a la vez de transporte de todo tipo de residuos que la actividad humana va desperdigando por campos y ciudades. Las aguas de escorrent\u00eda primero, y luego los cursos fluviales, van acumulando y trasladando estos residuos como s\u00f3lidos en suspensi\u00f3n o mezcladas con las aguas. Los residuos de mayor tama\u00f1o acaban depositados en las orillas y en las ramas de la vegetaci\u00f3n a lo largo del curso de los r\u00edos. Esta contaminaci\u00f3n, que tiene un car\u00e1cter continuado en el tiempo, se ve agravada en las crecidas de los r\u00edos.<\/p>\n<p>Durante el trabajo de campo efectuado, se ha constatado la presencia de R.S.U. en el cauce de los tres r\u00edos, a lo largo de todo su recorrido. Junto a la procedencia de los residuos, la presencia de mayor o menor vegetaci\u00f3n de ribera y su crecimiento (bosque galer\u00eda, islas) favorece el dep\u00f3sito de esos materiales que contaminan los r\u00edos y dificultan los cursos de sus cauces. Dentro de estos residuos vegetales se incluyen los pies arb\u00f3reos del g\u00e9nero \u2018Populus\u2019, que conforman la denominadas \u2018choperas\u2019 urbanas, contrarias a la naturalizaci\u00f3n que se persigue con el proyecto RUNA 2025.<\/p>\n<p><strong>Trabajo de campo entre noviembre de 2023 y enero de 2024<\/strong><\/p>\n<p>Las actuaciones sobre la vegetaci\u00f3n existente se centrar\u00e1n en los \u00e1rboles de ese g\u00e9nero \u2018Populus\u2019 en el tramo comprendido entre el pol\u00edgono de Landaben y la avenida de Navarra. En un trabajo de campo realizado entre noviembre de 2023 y enero de 2024 sobre las necesidades de limpieza de R.S.U. en los tres r\u00edos de Pamplona, se analizaron en ese tramo los \u00e1rboles con potencial para generar residuos. Se inventariaron 357 ejemplares de este g\u00e9nero arb\u00f3reo y se previeron actuaciones en 197 de ellos; para otros 70 se recomendaba una revisi\u00f3n por parte de personal t\u00e9cnico de conservaci\u00f3n y 90 ejemplares no requer\u00edan de intervenci\u00f3n.<\/p>\n<p>Las actuaciones que se deben llevar a cabo pasan por el apeo de algunos ejemplares, por la poda de rama seca en otros, por podas de seguridad o por el establecimiento de dendro-microh\u00e1bitats. Un dendro-microh\u00e1bitats es una caracter\u00edstica morfol\u00f3gica presente en un \u00e1rbol, utilizadas por determinadas especies durante al menos una parte de su ciclo de vida. Pueden servir como refugio, lugares de reproducci\u00f3n o lugares cruciales de hibernaci\u00f3n o alimentaci\u00f3n para la vida silvestre.<\/p>\n<p>El estudio analiza tambi\u00e9n la presencia de residuos s\u00f3lidos de otro tipo. Se detectaron en el curso de los tres r\u00edos 71 puntos con residuos inorg\u00e1nico, con una estimaci\u00f3n de cubicaje de 95 metros c\u00fabicos. Esos residuos se calcul\u00f3 que ocupaban un \u00e1rea de 113 metros cuadrados, de los que 45 m<sup>2<\/sup> se correspond\u00edan con el r\u00edo Arga, 39 m<sup>2<\/sup> con el r\u00edo Elorz y 29 m<sup>2<\/sup> con el r\u00edo Sadar. En los r\u00edos Elorz y Sadar, se detectaron una gran cantidad de pl\u00e1sticos en los m\u00e1rgenes de ambos cauces acumulados por las crecidas de finales del pasado a\u00f1o y principios de este 2024.<\/p>\n","protected":false},"excerpt":{"rendered":"<p>Los trabajos se desarrollar\u00e1n en este \u00faltimo trimestre del a\u00f1o, con casi 100.000 euros de presupuesto y se enmarcan en el proyecto RUNA 2025<\/p>\n","protected":false},"author":1,"featured_media":50949,"comment_status":"open","ping_status":"closed","sticky":false,"template":"","format":"standard","meta":{"footnotes":""},"categories":[2],"tags":[],"class_list":["post-50948","post","type-post","status-publish","format-standard","has-post-thumbnail","hentry","category-ayuntamiento-pamplona"],"yoast_head":"<!-- This site is optimized with the Yoast SEO plugin v27.3 - https:\/\/yoast.com\/product\/yoast-seo-wordpress\/ -->\n<title>El Ayuntamiento de Pamplona limpiar\u00e1 de residuos s\u00f3lidos y de vegetaci\u00f3n en mal estado o en riesgo inminente de ca\u00edda los cauces de los r\u00edos Arga, Sadar y Elorz<\/title>\n<meta name=\"description\" content=\"Los trabajos se desarrollar\u00e1n en este \u00faltimo trimestre del a\u00f1o, con casi 100.000 euros de presupuesto y se enmarcan en el proyecto RUNA 2025\" \/>\n<meta name=\"robots\" content=\"index, follow, max-snippet:-1, max-image-preview:large, max-video-preview:-1\" \/>\n<link rel=\"canonical\" href=\"https:\/\/www.laguiadepamplona.com\/actualidad\/el-ayuntamiento-de-pamplona-limpiara-de-residuos-solidos-y-de-vegetacion-en-mal-estado-o-en-riesgo-inminente-de-caida-los-cauces-de-los-rios-arga-sadar-y-elorz\/\" \/>\n<meta property=\"og:locale\" content=\"es_ES\" \/>\n<meta property=\"og:type\" content=\"article\" \/>\n<meta property=\"og:title\" content=\"El Ayuntamiento de Pamplona limpiar\u00e1 de residuos s\u00f3lidos y de vegetaci\u00f3n en mal estado o en riesgo inminente de ca\u00edda los cauces de los r\u00edos Arga, Sadar y Elorz\" \/>\n<meta property=\"og:description\" content=\"Los trabajos se desarrollar\u00e1n en este \u00faltimo trimestre del a\u00f1o, con casi 100.000 euros de presupuesto y se enmarcan en el proyecto RUNA 2025\" \/>\n<meta property=\"og:url\" content=\"https:\/\/www.laguiadepamplona.com\/actualidad\/el-ayuntamiento-de-pamplona-limpiara-de-residuos-solidos-y-de-vegetacion-en-mal-estado-o-en-riesgo-inminente-de-caida-los-cauces-de-los-rios-arga-sadar-y-elorz\/\" \/>\n<meta property=\"og:site_name\" content=\"La Gu\u00eda de Pamplona\" \/>\n<meta property=\"article:publisher\" content=\"https:\/\/www.facebook.com\/laguiadepamplonacom-133175176762273\/?ref=hl\" \/>\n<meta property=\"article:published_time\" content=\"2024-10-08T10:21:11+00:00\" \/>\n<meta property=\"og:image\" content=\"https:\/\/www.laguiadepamplona.com\/actualidad\/wp-content\/uploads\/2024\/10\/limpieza-rio-Arga_web.webp\" \/>\n\t<meta property=\"og:image:width\" content=\"1000\" \/>\n\t<meta property=\"og:image:height\" content=\"667\" \/>\n\t<meta property=\"og:image:type\" content=\"image\/webp\" \/>\n<meta name=\"author\" content=\"La Gu\u00eda de Pamplona\" \/>\n<meta name=\"twitter:card\" content=\"summary_large_image\" \/>\n<meta name=\"twitter:creator\" content=\"@LaGuiadPamplona\" \/>\n<meta name=\"twitter:site\" content=\"@LaGuiadPamplona\" \/>\n<meta name=\"twitter:label1\" content=\"Escrito por\" \/>\n\t<meta name=\"twitter:data1\" content=\"La Gu\u00eda de Pamplona\" \/>\n\t<meta name=\"twitter:label2\" content=\"Tiempo de lectura\" \/>\n\t<meta name=\"twitter:data2\" content=\"4 minutos\" \/>\n<script type=\"application\/ld+json\" class=\"yoast-schema-graph\">{\"@context\":\"https:\\\/\\\/schema.org\",\"@graph\":[{\"@type\":\"Article\",\"@id\":\"https:\\\/\\\/www.laguiadepamplona.com\\\/actualidad\\\/el-ayuntamiento-de-pamplona-limpiara-de-residuos-solidos-y-de-vegetacion-en-mal-estado-o-en-riesgo-inminente-de-caida-los-cauces-de-los-rios-arga-sadar-y-elorz\\\/#article\",\"isPartOf\":{\"@id\":\"https:\\\/\\\/www.laguiadepamplona.com\\\/actualidad\\\/el-ayuntamiento-de-pamplona-limpiara-de-residuos-solidos-y-de-vegetacion-en-mal-estado-o-en-riesgo-inminente-de-caida-los-cauces-de-los-rios-arga-sadar-y-elorz\\\/\"},\"author\":{\"name\":\"La Gu\u00eda de Pamplona\",\"@id\":\"https:\\\/\\\/www.laguiadepamplona.com\\\/actualidad\\\/#\\\/schema\\\/person\\\/efe887376f0213d4657c93adc50b1fdb\"},\"headline\":\"El Ayuntamiento de Pamplona limpiar\u00e1 de residuos s\u00f3lidos y de vegetaci\u00f3n en mal estado o en riesgo inminente de ca\u00edda los cauces de los r\u00edos Arga, Sadar y Elorz\",\"datePublished\":\"2024-10-08T10:21:11+00:00\",\"mainEntityOfPage\":{\"@id\":\"https:\\\/\\\/www.laguiadepamplona.com\\\/actualidad\\\/el-ayuntamiento-de-pamplona-limpiara-de-residuos-solidos-y-de-vegetacion-en-mal-estado-o-en-riesgo-inminente-de-caida-los-cauces-de-los-rios-arga-sadar-y-elorz\\\/\"},\"wordCount\":767,\"commentCount\":0,\"publisher\":{\"@id\":\"https:\\\/\\\/www.laguiadepamplona.com\\\/actualidad\\\/#organization\"},\"image\":{\"@id\":\"https:\\\/\\\/www.laguiadepamplona.com\\\/actualidad\\\/el-ayuntamiento-de-pamplona-limpiara-de-residuos-solidos-y-de-vegetacion-en-mal-estado-o-en-riesgo-inminente-de-caida-los-cauces-de-los-rios-arga-sadar-y-elorz\\\/#primaryimage\"},\"thumbnailUrl\":\"https:\\\/\\\/www.laguiadepamplona.com\\\/actualidad\\\/wp-content\\\/uploads\\\/2024\\\/10\\\/limpieza-rio-Arga_web.webp\",\"articleSection\":[\"Ayto Pamplona\"],\"inLanguage\":\"es\",\"potentialAction\":[{\"@type\":\"CommentAction\",\"name\":\"Comment\",\"target\":[\"https:\\\/\\\/www.laguiadepamplona.com\\\/actualidad\\\/el-ayuntamiento-de-pamplona-limpiara-de-residuos-solidos-y-de-vegetacion-en-mal-estado-o-en-riesgo-inminente-de-caida-los-cauces-de-los-rios-arga-sadar-y-elorz\\\/#respond\"]}]},{\"@type\":\"WebPage\",\"@id\":\"https:\\\/\\\/www.laguiadepamplona.com\\\/actualidad\\\/el-ayuntamiento-de-pamplona-limpiara-de-residuos-solidos-y-de-vegetacion-en-mal-estado-o-en-riesgo-inminente-de-caida-los-cauces-de-los-rios-arga-sadar-y-elorz\\\/\",\"url\":\"https:\\\/\\\/www.laguiadepamplona.com\\\/actualidad\\\/el-ayuntamiento-de-pamplona-limpiara-de-residuos-solidos-y-de-vegetacion-en-mal-estado-o-en-riesgo-inminente-de-caida-los-cauces-de-los-rios-arga-sadar-y-elorz\\\/\",\"name\":\"El Ayuntamiento de Pamplona limpiar\u00e1 de residuos s\u00f3lidos y de vegetaci\u00f3n en mal estado o en riesgo inminente de ca\u00edda los cauces de los r\u00edos Arga, Sadar y Elorz\",\"isPartOf\":{\"@id\":\"https:\\\/\\\/www.laguiadepamplona.com\\\/actualidad\\\/#website\"},\"primaryImageOfPage\":{\"@id\":\"https:\\\/\\\/www.laguiadepamplona.com\\\/actualidad\\\/el-ayuntamiento-de-pamplona-limpiara-de-residuos-solidos-y-de-vegetacion-en-mal-estado-o-en-riesgo-inminente-de-caida-los-cauces-de-los-rios-arga-sadar-y-elorz\\\/#primaryimage\"},\"image\":{\"@id\":\"https:\\\/\\\/www.laguiadepamplona.com\\\/actualidad\\\/el-ayuntamiento-de-pamplona-limpiara-de-residuos-solidos-y-de-vegetacion-en-mal-estado-o-en-riesgo-inminente-de-caida-los-cauces-de-los-rios-arga-sadar-y-elorz\\\/#primaryimage\"},\"thumbnailUrl\":\"https:\\\/\\\/www.laguiadepamplona.com\\\/actualidad\\\/wp-content\\\/uploads\\\/2024\\\/10\\\/limpieza-rio-Arga_web.webp\",\"datePublished\":\"2024-10-08T10:21:11+00:00\",\"description\":\"Los trabajos se desarrollar\u00e1n en este \u00faltimo trimestre del a\u00f1o, con casi 100.000 euros de presupuesto y se enmarcan en el proyecto RUNA 2025\",\"breadcrumb\":{\"@id\":\"https:\\\/\\\/www.laguiadepamplona.com\\\/actualidad\\\/el-ayuntamiento-de-pamplona-limpiara-de-residuos-solidos-y-de-vegetacion-en-mal-estado-o-en-riesgo-inminente-de-caida-los-cauces-de-los-rios-arga-sadar-y-elorz\\\/#breadcrumb\"},\"inLanguage\":\"es\",\"potentialAction\":[{\"@type\":\"ReadAction\",\"target\":[\"https:\\\/\\\/www.laguiadepamplona.com\\\/actualidad\\\/el-ayuntamiento-de-pamplona-limpiara-de-residuos-solidos-y-de-vegetacion-en-mal-estado-o-en-riesgo-inminente-de-caida-los-cauces-de-los-rios-arga-sadar-y-elorz\\\/\"]}]},{\"@type\":\"ImageObject\",\"inLanguage\":\"es\",\"@id\":\"https:\\\/\\\/www.laguiadepamplona.com\\\/actualidad\\\/el-ayuntamiento-de-pamplona-limpiara-de-residuos-solidos-y-de-vegetacion-en-mal-estado-o-en-riesgo-inminente-de-caida-los-cauces-de-los-rios-arga-sadar-y-elorz\\\/#primaryimage\",\"url\":\"https:\\\/\\\/www.laguiadepamplona.com\\\/actualidad\\\/wp-content\\\/uploads\\\/2024\\\/10\\\/limpieza-rio-Arga_web.webp\",\"contentUrl\":\"https:\\\/\\\/www.laguiadepamplona.com\\\/actualidad\\\/wp-content\\\/uploads\\\/2024\\\/10\\\/limpieza-rio-Arga_web.webp\",\"width\":1000,\"height\":667,\"caption\":\"limpieza r\u00edo Arga\"},{\"@type\":\"BreadcrumbList\",\"@id\":\"https:\\\/\\\/www.laguiadepamplona.com\\\/actualidad\\\/el-ayuntamiento-de-pamplona-limpiara-de-residuos-solidos-y-de-vegetacion-en-mal-estado-o-en-riesgo-inminente-de-caida-los-cauces-de-los-rios-arga-sadar-y-elorz\\\/#breadcrumb\",\"itemListElement\":[{\"@type\":\"ListItem\",\"position\":1,\"name\":\"Portada\",\"item\":\"https:\\\/\\\/www.laguiadepamplona.com\\\/actualidad\\\/\"},{\"@type\":\"ListItem\",\"position\":2,\"name\":\"El Ayuntamiento de Pamplona limpiar\u00e1 de residuos s\u00f3lidos y de vegetaci\u00f3n en mal estado o en riesgo inminente de ca\u00edda los cauces de los r\u00edos Arga, Sadar y Elorz\"}]},{\"@type\":\"WebSite\",\"@id\":\"https:\\\/\\\/www.laguiadepamplona.com\\\/actualidad\\\/#website\",\"url\":\"https:\\\/\\\/www.laguiadepamplona.com\\\/actualidad\\\/\",\"name\":\"La gu\u00eda de Pamplona\",\"description\":\"Noticias de Pamplona\",\"publisher\":{\"@id\":\"https:\\\/\\\/www.laguiadepamplona.com\\\/actualidad\\\/#organization\"},\"potentialAction\":[{\"@type\":\"SearchAction\",\"target\":{\"@type\":\"EntryPoint\",\"urlTemplate\":\"https:\\\/\\\/www.laguiadepamplona.com\\\/actualidad\\\/?s={search_term_string}\"},\"query-input\":{\"@type\":\"PropertyValueSpecification\",\"valueRequired\":true,\"valueName\":\"search_term_string\"}}],\"inLanguage\":\"es\"},{\"@type\":\"Organization\",\"@id\":\"https:\\\/\\\/www.laguiadepamplona.com\\\/actualidad\\\/#organization\",\"name\":\"La Gu\u00eda de Pamplona \\\/ Noticias\",\"url\":\"https:\\\/\\\/www.laguiadepamplona.com\\\/actualidad\\\/\",\"logo\":{\"@type\":\"ImageObject\",\"inLanguage\":\"es\",\"@id\":\"https:\\\/\\\/www.laguiadepamplona.com\\\/actualidad\\\/#\\\/schema\\\/logo\\\/image\\\/\",\"url\":\"https:\\\/\\\/www.laguiadepamplona.com\\\/actualidad\\\/wp-content\\\/uploads\\\/2018\\\/11\\\/logo-laguiadepamplona18-web1.png\",\"contentUrl\":\"https:\\\/\\\/www.laguiadepamplona.com\\\/actualidad\\\/wp-content\\\/uploads\\\/2018\\\/11\\\/logo-laguiadepamplona18-web1.png\",\"width\":600,\"height\":196,\"caption\":\"La Gu\u00eda de Pamplona \\\/ Noticias\"},\"image\":{\"@id\":\"https:\\\/\\\/www.laguiadepamplona.com\\\/actualidad\\\/#\\\/schema\\\/logo\\\/image\\\/\"},\"sameAs\":[\"https:\\\/\\\/www.facebook.com\\\/laguiadepamplonacom-133175176762273\\\/?ref=hl\",\"https:\\\/\\\/x.com\\\/LaGuiadPamplona\",\"https:\\\/\\\/www.instagram.com\\\/la_guia_de_pamplona\\\/\",\"https:\\\/\\\/www.youtube.com\\\/user\\\/laguiadepamplona\"]},{\"@type\":\"Person\",\"@id\":\"https:\\\/\\\/www.laguiadepamplona.com\\\/actualidad\\\/#\\\/schema\\\/person\\\/efe887376f0213d4657c93adc50b1fdb\",\"name\":\"La Gu\u00eda de Pamplona\",\"image\":{\"@type\":\"ImageObject\",\"inLanguage\":\"es\",\"@id\":\"https:\\\/\\\/secure.gravatar.com\\\/avatar\\\/b6992f131dc8d30ab0dff15446e9d346d9dbd95992de0fef795073f5ea83a81c?s=96&d=mm&r=g\",\"url\":\"https:\\\/\\\/secure.gravatar.com\\\/avatar\\\/b6992f131dc8d30ab0dff15446e9d346d9dbd95992de0fef795073f5ea83a81c?s=96&d=mm&r=g\",\"contentUrl\":\"https:\\\/\\\/secure.gravatar.com\\\/avatar\\\/b6992f131dc8d30ab0dff15446e9d346d9dbd95992de0fef795073f5ea83a81c?s=96&d=mm&r=g\",\"caption\":\"La Gu\u00eda de Pamplona\"}}]}<\/script>\n<!-- \/ Yoast SEO plugin. -->","yoast_head_json":{"title":"El Ayuntamiento de Pamplona limpiar\u00e1 de residuos s\u00f3lidos y de vegetaci\u00f3n en mal estado o en riesgo inminente de ca\u00edda los cauces de los r\u00edos Arga, Sadar y Elorz","description":"Los trabajos se desarrollar\u00e1n en este \u00faltimo trimestre del a\u00f1o, con casi 100.000 euros de presupuesto y se enmarcan en el proyecto RUNA 2025","robots":{"index":"index","follow":"follow","max-snippet":"max-snippet:-1","max-image-preview":"max-image-preview:large","max-video-preview":"max-video-preview:-1"},"canonical":"https:\/\/www.laguiadepamplona.com\/actualidad\/el-ayuntamiento-de-pamplona-limpiara-de-residuos-solidos-y-de-vegetacion-en-mal-estado-o-en-riesgo-inminente-de-caida-los-cauces-de-los-rios-arga-sadar-y-elorz\/","og_locale":"es_ES","og_type":"article","og_title":"El Ayuntamiento de Pamplona limpiar\u00e1 de residuos s\u00f3lidos y de vegetaci\u00f3n en mal estado o en riesgo inminente de ca\u00edda los cauces de los r\u00edos Arga, Sadar y Elorz","og_description":"Los trabajos se desarrollar\u00e1n en este \u00faltimo trimestre del a\u00f1o, con casi 100.000 euros de presupuesto y se enmarcan en el proyecto RUNA 2025","og_url":"https:\/\/www.laguiadepamplona.com\/actualidad\/el-ayuntamiento-de-pamplona-limpiara-de-residuos-solidos-y-de-vegetacion-en-mal-estado-o-en-riesgo-inminente-de-caida-los-cauces-de-los-rios-arga-sadar-y-elorz\/","og_site_name":"La Gu\u00eda de Pamplona","article_publisher":"https:\/\/www.facebook.com\/laguiadepamplonacom-133175176762273\/?ref=hl","article_published_time":"2024-10-08T10:21:11+00:00","og_image":[{"width":1000,"height":667,"url":"https:\/\/www.laguiadepamplona.com\/actualidad\/wp-content\/uploads\/2024\/10\/limpieza-rio-Arga_web.webp","type":"image\/webp"}],"author":"La Gu\u00eda de Pamplona","twitter_card":"summary_large_image","twitter_creator":"@LaGuiadPamplona","twitter_site":"@LaGuiadPamplona","twitter_misc":{"Escrito por":"La Gu\u00eda de Pamplona","Tiempo de lectura":"4 minutos"},"schema":{"@context":"https:\/\/schema.org","@graph":[{"@type":"Article","@id":"https:\/\/www.laguiadepamplona.com\/actualidad\/el-ayuntamiento-de-pamplona-limpiara-de-residuos-solidos-y-de-vegetacion-en-mal-estado-o-en-riesgo-inminente-de-caida-los-cauces-de-los-rios-arga-sadar-y-elorz\/#article","isPartOf":{"@id":"https:\/\/www.laguiadepamplona.com\/actualidad\/el-ayuntamiento-de-pamplona-limpiara-de-residuos-solidos-y-de-vegetacion-en-mal-estado-o-en-riesgo-inminente-de-caida-los-cauces-de-los-rios-arga-sadar-y-elorz\/"},"author":{"name":"La Gu\u00eda de Pamplona","@id":"https:\/\/www.laguiadepamplona.com\/actualidad\/#\/schema\/person\/efe887376f0213d4657c93adc50b1fdb"},"headline":"El Ayuntamiento de Pamplona limpiar\u00e1 de residuos s\u00f3lidos y de vegetaci\u00f3n en mal estado o en riesgo inminente de ca\u00edda los cauces de los r\u00edos Arga, Sadar y Elorz","datePublished":"2024-10-08T10:21:11+00:00","mainEntityOfPage":{"@id":"https:\/\/www.laguiadepamplona.com\/actualidad\/el-ayuntamiento-de-pamplona-limpiara-de-residuos-solidos-y-de-vegetacion-en-mal-estado-o-en-riesgo-inminente-de-caida-los-cauces-de-los-rios-arga-sadar-y-elorz\/"},"wordCount":767,"commentCount":0,"publisher":{"@id":"https:\/\/www.laguiadepamplona.com\/actualidad\/#organization"},"image":{"@id":"https:\/\/www.laguiadepamplona.com\/actualidad\/el-ayuntamiento-de-pamplona-limpiara-de-residuos-solidos-y-de-vegetacion-en-mal-estado-o-en-riesgo-inminente-de-caida-los-cauces-de-los-rios-arga-sadar-y-elorz\/#primaryimage"},"thumbnailUrl":"https:\/\/www.laguiadepamplona.com\/actualidad\/wp-content\/uploads\/2024\/10\/limpieza-rio-Arga_web.webp","articleSection":["Ayto Pamplona"],"inLanguage":"es","potentialAction":[{"@type":"CommentAction","name":"Comment","target":["https:\/\/www.laguiadepamplona.com\/actualidad\/el-ayuntamiento-de-pamplona-limpiara-de-residuos-solidos-y-de-vegetacion-en-mal-estado-o-en-riesgo-inminente-de-caida-los-cauces-de-los-rios-arga-sadar-y-elorz\/#respond"]}]},{"@type":"WebPage","@id":"https:\/\/www.laguiadepamplona.com\/actualidad\/el-ayuntamiento-de-pamplona-limpiara-de-residuos-solidos-y-de-vegetacion-en-mal-estado-o-en-riesgo-inminente-de-caida-los-cauces-de-los-rios-arga-sadar-y-elorz\/","url":"https:\/\/www.laguiadepamplona.com\/actualidad\/el-ayuntamiento-de-pamplona-limpiara-de-residuos-solidos-y-de-vegetacion-en-mal-estado-o-en-riesgo-inminente-de-caida-los-cauces-de-los-rios-arga-sadar-y-elorz\/","name":"El Ayuntamiento de Pamplona limpiar\u00e1 de residuos s\u00f3lidos y de vegetaci\u00f3n en mal estado o en riesgo inminente de ca\u00edda los cauces de los r\u00edos Arga, Sadar y Elorz","isPartOf":{"@id":"https:\/\/www.laguiadepamplona.com\/actualidad\/#website"},"primaryImageOfPage":{"@id":"https:\/\/www.laguiadepamplona.com\/actualidad\/el-ayuntamiento-de-pamplona-limpiara-de-residuos-solidos-y-de-vegetacion-en-mal-estado-o-en-riesgo-inminente-de-caida-los-cauces-de-los-rios-arga-sadar-y-elorz\/#primaryimage"},"image":{"@id":"https:\/\/www.laguiadepamplona.com\/actualidad\/el-ayuntamiento-de-pamplona-limpiara-de-residuos-solidos-y-de-vegetacion-en-mal-estado-o-en-riesgo-inminente-de-caida-los-cauces-de-los-rios-arga-sadar-y-elorz\/#primaryimage"},"thumbnailUrl":"https:\/\/www.laguiadepamplona.com\/actualidad\/wp-content\/uploads\/2024\/10\/limpieza-rio-Arga_web.webp","datePublished":"2024-10-08T10:21:11+00:00","description":"Los trabajos se desarrollar\u00e1n en este \u00faltimo trimestre del a\u00f1o, con casi 100.000 euros de presupuesto y se enmarcan en el proyecto RUNA 2025","breadcrumb":{"@id":"https:\/\/www.laguiadepamplona.com\/actualidad\/el-ayuntamiento-de-pamplona-limpiara-de-residuos-solidos-y-de-vegetacion-en-mal-estado-o-en-riesgo-inminente-de-caida-los-cauces-de-los-rios-arga-sadar-y-elorz\/#breadcrumb"},"inLanguage":"es","potentialAction":[{"@type":"ReadAction","target":["https:\/\/www.laguiadepamplona.com\/actualidad\/el-ayuntamiento-de-pamplona-limpiara-de-residuos-solidos-y-de-vegetacion-en-mal-estado-o-en-riesgo-inminente-de-caida-los-cauces-de-los-rios-arga-sadar-y-elorz\/"]}]},{"@type":"ImageObject","inLanguage":"es","@id":"https:\/\/www.laguiadepamplona.com\/actualidad\/el-ayuntamiento-de-pamplona-limpiara-de-residuos-solidos-y-de-vegetacion-en-mal-estado-o-en-riesgo-inminente-de-caida-los-cauces-de-los-rios-arga-sadar-y-elorz\/#primaryimage","url":"https:\/\/www.laguiadepamplona.com\/actualidad\/wp-content\/uploads\/2024\/10\/limpieza-rio-Arga_web.webp","contentUrl":"https:\/\/www.laguiadepamplona.com\/actualidad\/wp-content\/uploads\/2024\/10\/limpieza-rio-Arga_web.webp","width":1000,"height":667,"caption":"limpieza r\u00edo Arga"},{"@type":"BreadcrumbList","@id":"https:\/\/www.laguiadepamplona.com\/actualidad\/el-ayuntamiento-de-pamplona-limpiara-de-residuos-solidos-y-de-vegetacion-en-mal-estado-o-en-riesgo-inminente-de-caida-los-cauces-de-los-rios-arga-sadar-y-elorz\/#breadcrumb","itemListElement":[{"@type":"ListItem","position":1,"name":"Portada","item":"https:\/\/www.laguiadepamplona.com\/actualidad\/"},{"@type":"ListItem","position":2,"name":"El Ayuntamiento de Pamplona limpiar\u00e1 de residuos s\u00f3lidos y de vegetaci\u00f3n en mal estado o en riesgo inminente de ca\u00edda los cauces de los r\u00edos Arga, Sadar y Elorz"}]},{"@type":"WebSite","@id":"https:\/\/www.laguiadepamplona.com\/actualidad\/#website","url":"https:\/\/www.laguiadepamplona.com\/actualidad\/","name":"La gu\u00eda de Pamplona","description":"Noticias de Pamplona","publisher":{"@id":"https:\/\/www.laguiadepamplona.com\/actualidad\/#organization"},"potentialAction":[{"@type":"SearchAction","target":{"@type":"EntryPoint","urlTemplate":"https:\/\/www.laguiadepamplona.com\/actualidad\/?s={search_term_string}"},"query-input":{"@type":"PropertyValueSpecification","valueRequired":true,"valueName":"search_term_string"}}],"inLanguage":"es"},{"@type":"Organization","@id":"https:\/\/www.laguiadepamplona.com\/actualidad\/#organization","name":"La Gu\u00eda de Pamplona \/ Noticias","url":"https:\/\/www.laguiadepamplona.com\/actualidad\/","logo":{"@type":"ImageObject","inLanguage":"es","@id":"https:\/\/www.laguiadepamplona.com\/actualidad\/#\/schema\/logo\/image\/","url":"https:\/\/www.laguiadepamplona.com\/actualidad\/wp-content\/uploads\/2018\/11\/logo-laguiadepamplona18-web1.png","contentUrl":"https:\/\/www.laguiadepamplona.com\/actualidad\/wp-content\/uploads\/2018\/11\/logo-laguiadepamplona18-web1.png","width":600,"height":196,"caption":"La Gu\u00eda de Pamplona \/ Noticias"},"image":{"@id":"https:\/\/www.laguiadepamplona.com\/actualidad\/#\/schema\/logo\/image\/"},"sameAs":["https:\/\/www.facebook.com\/laguiadepamplonacom-133175176762273\/?ref=hl","https:\/\/x.com\/LaGuiadPamplona","https:\/\/www.instagram.com\/la_guia_de_pamplona\/","https:\/\/www.youtube.com\/user\/laguiadepamplona"]},{"@type":"Person","@id":"https:\/\/www.laguiadepamplona.com\/actualidad\/#\/schema\/person\/efe887376f0213d4657c93adc50b1fdb","name":"La Gu\u00eda de Pamplona","image":{"@type":"ImageObject","inLanguage":"es","@id":"https:\/\/secure.gravatar.com\/avatar\/b6992f131dc8d30ab0dff15446e9d346d9dbd95992de0fef795073f5ea83a81c?s=96&d=mm&r=g","url":"https:\/\/secure.gravatar.com\/avatar\/b6992f131dc8d30ab0dff15446e9d346d9dbd95992de0fef795073f5ea83a81c?s=96&d=mm&r=g","contentUrl":"https:\/\/secure.gravatar.com\/avatar\/b6992f131dc8d30ab0dff15446e9d346d9dbd95992de0fef795073f5ea83a81c?s=96&d=mm&r=g","caption":"La Gu\u00eda de Pamplona"}}]}},"post_mailing_queue_ids":[],"_links":{"self":[{"href":"https:\/\/www.laguiadepamplona.com\/actualidad\/wp-json\/wp\/v2\/posts\/50948","targetHints":{"allow":["GET"]}}],"collection":[{"href":"https:\/\/www.laguiadepamplona.com\/actualidad\/wp-json\/wp\/v2\/posts"}],"about":[{"href":"https:\/\/www.laguiadepamplona.com\/actualidad\/wp-json\/wp\/v2\/types\/post"}],"author":[{"embeddable":true,"href":"https:\/\/www.laguiadepamplona.com\/actualidad\/wp-json\/wp\/v2\/users\/1"}],"replies":[{"embeddable":true,"href":"https:\/\/www.laguiadepamplona.com\/actualidad\/wp-json\/wp\/v2\/comments?post=50948"}],"version-history":[{"count":1,"href":"https:\/\/www.laguiadepamplona.com\/actualidad\/wp-json\/wp\/v2\/posts\/50948\/revisions"}],"predecessor-version":[{"id":50950,"href":"https:\/\/www.laguiadepamplona.com\/actualidad\/wp-json\/wp\/v2\/posts\/50948\/revisions\/50950"}],"wp:featuredmedia":[{"embeddable":true,"href":"https:\/\/www.laguiadepamplona.com\/actualidad\/wp-json\/wp\/v2\/media\/50949"}],"wp:attachment":[{"href":"https:\/\/www.laguiadepamplona.com\/actualidad\/wp-json\/wp\/v2\/media?parent=50948"}],"wp:term":[{"taxonomy":"category","embeddable":true,"href":"https:\/\/www.laguiadepamplona.com\/actualidad\/wp-json\/wp\/v2\/categories?post=50948"},{"taxonomy":"post_tag","embeddable":true,"href":"https:\/\/www.laguiadepamplona.com\/actualidad\/wp-json\/wp\/v2\/tags?post=50948"}],"curies":[{"name":"wp","href":"https:\/\/api.w.org\/{rel}","templated":true}]}}