{"id":50943,"date":"2024-10-08T12:18:17","date_gmt":"2024-10-08T10:18:17","guid":{"rendered":"https:\/\/www.laguiadepamplona.com\/actualidad\/?p=50943"},"modified":"2024-10-08T12:18:17","modified_gmt":"2024-10-08T10:18:17","slug":"las-obras-de-reforma-de-la-casa-de-las-mujeres-comenzaran-en-el-mes-de-noviembre","status":"publish","type":"post","link":"https:\/\/www.laguiadepamplona.com\/actualidad\/las-obras-de-reforma-de-la-casa-de-las-mujeres-comenzaran-en-el-mes-de-noviembre\/","title":{"rendered":"Las obras de reforma de la Casa de las Mujeres comenzar\u00e1n en el mes de noviembre"},"content":{"rendered":"<h2>La Comisi\u00f3n de Asuntos Ciudadanos han visitado este espacio de encuentro, que celebra este octubre su quinto aniversario<\/h2>\n<p><!--more--><\/p>\n<p>La Casa de las Mujeres comenzar\u00e1 en el mes de noviembre las obras de reforma de sus instalaciones, ubicadas en el edificio del antiguo Conservatorio Pablo Sarasate, en la calle Aoiz n\u00famero 9. Este espacio de encuentro, aprendizaje y sensibilizaci\u00f3n sobre y para las mujeres cumple este mes de octubre cinco a\u00f1os y, en este tiempo, las necesidades de la Casa y del inmueble han ido cambiando. La Comisi\u00f3n de Asuntos Ciudadanos del Ayuntamiento de Pamplona ha visitado este martes las instalaciones, para conocer en qu\u00e9 van a consistir esas obras de mejora para adaptar el espacio a los nuevos usos.<\/p>\n<p>El Ayuntamiento de Pamplona licit\u00f3 en el mes de agosto por un importe de 135.500 euros las obras de mejora del inmueble. Una vez adjudicadas, previsiblemente a lo largo del mes noviembre, la empresa encargada dispondr\u00e1 de diez semanas para realizarlas. Los trabajos se centrar\u00e1n en la renovaci\u00f3n de la cubierta del sal\u00f3n de actos del edificio, donde se concentran buena parte de las actividades de la Casa de las Mujeres. En concreto, se prev\u00e9 levantar la placa de fibrocemento existente y las correas de madera, para sustituir estas \u00faltimas por correas de acero galvanizado. Se proceder\u00e1 a instalar un nuevo aislamiento y se sustituir\u00e1n los canalones y las bajantes.<\/p>\n<p>Los trabajos licitados incluyen, asimismo, la reforma de la zona de acceso al sal\u00f3n de actos, donde se renovar\u00e1n los suelos y los revestimientos de madera, as\u00ed como el aseo existente. Se cambiar\u00e1n las puertas interiores y la puerta de acceso al edificio, aunque se mantendr\u00e1n las mismas caracter\u00edsticas.<\/p>\n<p>Adem\u00e1s, se prev\u00e9 adaptar un nuevo espacio, hasta ahora usado como almac\u00e9n, para incluirlo dentro de los espacios dotacionales de la Casa de las Mujeres y poder acoger ah\u00ed algunas de las actividades que se imparten.<\/p>\n<p>Desde su inauguraci\u00f3n en octubre de 2019, gracias a un convenio entre el Ayuntamiento de Pamplona y la Asociaci\u00f3n Casa de las Mujeres de Pamplona-Iru\u00f1eko Emakumeen Etxea, la Casa de las Mujeres ha organizado cerca de 400 actividades y ha reunido a m\u00e1s de 13.000 personas. Entre la programaci\u00f3n de estos a\u00f1os, destacan talleres, jornadas, cursos, presentaci\u00f3n de libros y cineforum, que han contado con la participaci\u00f3n de 13.825 personas. Adem\u00e1s, este espacio de encuentro ha atendido peticiones de 5.473 personas y ha cedido espacios y salas a asociaciones y colectivos en 287 ocasiones.<\/p>\n<p>El incremento en las actividades programadas y la creciente demanda de asociaciones ha hecho que la Casa de las Mujeres ampl\u00ede su horario de atenci\u00f3n al p\u00fablico, que en los primeros a\u00f1os ha estado limitado a las tardes de lunes a viernes. Desde el pasado 29 de agosto, el nuevo horario de este espacio es de lunes a viernes de 17 a 21 horas; los jueves y viernes, adem\u00e1s, atienden de 10.30 a 13.30 horas; y los s\u00e1bados la Casa de las Mujeres permanece abierta de 10 a 13.30 y de 17 a 20.30 horas.<\/p>\n","protected":false},"excerpt":{"rendered":"<p>La Comisi\u00f3n de Asuntos Ciudadanos han visitado este espacio de encuentro, que celebra este octubre su quinto aniversario<\/p>\n","protected":false},"author":1,"featured_media":50944,"comment_status":"open","ping_status":"closed","sticky":false,"template":"","format":"standard","meta":{"footnotes":""},"categories":[2],"tags":[],"class_list":["post-50943","post","type-post","status-publish","format-standard","has-post-thumbnail","hentry","category-ayuntamiento-pamplona"],"yoast_head":"<!-- This site is optimized with the Yoast SEO plugin v27.3 - https:\/\/yoast.com\/product\/yoast-seo-wordpress\/ -->\n<title>Las obras de reforma de la Casa de las Mujeres comenzar\u00e1n en el mes de noviembre<\/title>\n<meta name=\"description\" content=\"La Comisi\u00f3n de Asuntos Ciudadanos han visitado este espacio de encuentro, que celebra este octubre su quinto aniversario\" \/>\n<meta name=\"robots\" content=\"index, follow, max-snippet:-1, max-image-preview:large, max-video-preview:-1\" \/>\n<link rel=\"canonical\" href=\"https:\/\/www.laguiadepamplona.com\/actualidad\/las-obras-de-reforma-de-la-casa-de-las-mujeres-comenzaran-en-el-mes-de-noviembre\/\" \/>\n<meta property=\"og:locale\" content=\"es_ES\" \/>\n<meta property=\"og:type\" content=\"article\" \/>\n<meta property=\"og:title\" content=\"Las obras de reforma de la Casa de las Mujeres comenzar\u00e1n en el mes de noviembre\" \/>\n<meta property=\"og:description\" content=\"La Comisi\u00f3n de Asuntos Ciudadanos han visitado este espacio de encuentro, que celebra este octubre su quinto aniversario\" \/>\n<meta property=\"og:url\" content=\"https:\/\/www.laguiadepamplona.com\/actualidad\/las-obras-de-reforma-de-la-casa-de-las-mujeres-comenzaran-en-el-mes-de-noviembre\/\" \/>\n<meta property=\"og:site_name\" content=\"La Gu\u00eda de Pamplona\" \/>\n<meta property=\"article:publisher\" content=\"https:\/\/www.facebook.com\/laguiadepamplonacom-133175176762273\/?ref=hl\" \/>\n<meta property=\"article:published_time\" content=\"2024-10-08T10:18:17+00:00\" \/>\n<meta property=\"og:image\" content=\"https:\/\/www.laguiadepamplona.com\/actualidad\/wp-content\/uploads\/2024\/10\/visitaalacasadelasmujeres2.webp\" \/>\n\t<meta property=\"og:image:width\" content=\"1000\" \/>\n\t<meta property=\"og:image:height\" content=\"666\" \/>\n\t<meta property=\"og:image:type\" content=\"image\/webp\" \/>\n<meta name=\"author\" content=\"La Gu\u00eda de Pamplona\" \/>\n<meta name=\"twitter:card\" content=\"summary_large_image\" \/>\n<meta name=\"twitter:creator\" content=\"@LaGuiadPamplona\" \/>\n<meta name=\"twitter:site\" content=\"@LaGuiadPamplona\" \/>\n<meta name=\"twitter:label1\" content=\"Escrito por\" \/>\n\t<meta name=\"twitter:data1\" content=\"La Gu\u00eda de Pamplona\" \/>\n\t<meta name=\"twitter:label2\" content=\"Tiempo de lectura\" \/>\n\t<meta name=\"twitter:data2\" content=\"3 minutos\" \/>\n<script type=\"application\/ld+json\" class=\"yoast-schema-graph\">{\"@context\":\"https:\\\/\\\/schema.org\",\"@graph\":[{\"@type\":\"Article\",\"@id\":\"https:\\\/\\\/www.laguiadepamplona.com\\\/actualidad\\\/las-obras-de-reforma-de-la-casa-de-las-mujeres-comenzaran-en-el-mes-de-noviembre\\\/#article\",\"isPartOf\":{\"@id\":\"https:\\\/\\\/www.laguiadepamplona.com\\\/actualidad\\\/las-obras-de-reforma-de-la-casa-de-las-mujeres-comenzaran-en-el-mes-de-noviembre\\\/\"},\"author\":{\"name\":\"La Gu\u00eda de Pamplona\",\"@id\":\"https:\\\/\\\/www.laguiadepamplona.com\\\/actualidad\\\/#\\\/schema\\\/person\\\/efe887376f0213d4657c93adc50b1fdb\"},\"headline\":\"Las obras de reforma de la Casa de las Mujeres comenzar\u00e1n en el mes de noviembre\",\"datePublished\":\"2024-10-08T10:18:17+00:00\",\"mainEntityOfPage\":{\"@id\":\"https:\\\/\\\/www.laguiadepamplona.com\\\/actualidad\\\/las-obras-de-reforma-de-la-casa-de-las-mujeres-comenzaran-en-el-mes-de-noviembre\\\/\"},\"wordCount\":534,\"commentCount\":0,\"publisher\":{\"@id\":\"https:\\\/\\\/www.laguiadepamplona.com\\\/actualidad\\\/#organization\"},\"image\":{\"@id\":\"https:\\\/\\\/www.laguiadepamplona.com\\\/actualidad\\\/las-obras-de-reforma-de-la-casa-de-las-mujeres-comenzaran-en-el-mes-de-noviembre\\\/#primaryimage\"},\"thumbnailUrl\":\"https:\\\/\\\/www.laguiadepamplona.com\\\/actualidad\\\/wp-content\\\/uploads\\\/2024\\\/10\\\/visitaalacasadelasmujeres2.webp\",\"articleSection\":[\"Ayto Pamplona\"],\"inLanguage\":\"es\",\"potentialAction\":[{\"@type\":\"CommentAction\",\"name\":\"Comment\",\"target\":[\"https:\\\/\\\/www.laguiadepamplona.com\\\/actualidad\\\/las-obras-de-reforma-de-la-casa-de-las-mujeres-comenzaran-en-el-mes-de-noviembre\\\/#respond\"]}]},{\"@type\":\"WebPage\",\"@id\":\"https:\\\/\\\/www.laguiadepamplona.com\\\/actualidad\\\/las-obras-de-reforma-de-la-casa-de-las-mujeres-comenzaran-en-el-mes-de-noviembre\\\/\",\"url\":\"https:\\\/\\\/www.laguiadepamplona.com\\\/actualidad\\\/las-obras-de-reforma-de-la-casa-de-las-mujeres-comenzaran-en-el-mes-de-noviembre\\\/\",\"name\":\"Las obras de reforma de la Casa de las Mujeres comenzar\u00e1n en el mes de noviembre\",\"isPartOf\":{\"@id\":\"https:\\\/\\\/www.laguiadepamplona.com\\\/actualidad\\\/#website\"},\"primaryImageOfPage\":{\"@id\":\"https:\\\/\\\/www.laguiadepamplona.com\\\/actualidad\\\/las-obras-de-reforma-de-la-casa-de-las-mujeres-comenzaran-en-el-mes-de-noviembre\\\/#primaryimage\"},\"image\":{\"@id\":\"https:\\\/\\\/www.laguiadepamplona.com\\\/actualidad\\\/las-obras-de-reforma-de-la-casa-de-las-mujeres-comenzaran-en-el-mes-de-noviembre\\\/#primaryimage\"},\"thumbnailUrl\":\"https:\\\/\\\/www.laguiadepamplona.com\\\/actualidad\\\/wp-content\\\/uploads\\\/2024\\\/10\\\/visitaalacasadelasmujeres2.webp\",\"datePublished\":\"2024-10-08T10:18:17+00:00\",\"description\":\"La Comisi\u00f3n de Asuntos Ciudadanos han visitado este espacio de encuentro, que celebra este octubre su quinto aniversario\",\"breadcrumb\":{\"@id\":\"https:\\\/\\\/www.laguiadepamplona.com\\\/actualidad\\\/las-obras-de-reforma-de-la-casa-de-las-mujeres-comenzaran-en-el-mes-de-noviembre\\\/#breadcrumb\"},\"inLanguage\":\"es\",\"potentialAction\":[{\"@type\":\"ReadAction\",\"target\":[\"https:\\\/\\\/www.laguiadepamplona.com\\\/actualidad\\\/las-obras-de-reforma-de-la-casa-de-las-mujeres-comenzaran-en-el-mes-de-noviembre\\\/\"]}]},{\"@type\":\"ImageObject\",\"inLanguage\":\"es\",\"@id\":\"https:\\\/\\\/www.laguiadepamplona.com\\\/actualidad\\\/las-obras-de-reforma-de-la-casa-de-las-mujeres-comenzaran-en-el-mes-de-noviembre\\\/#primaryimage\",\"url\":\"https:\\\/\\\/www.laguiadepamplona.com\\\/actualidad\\\/wp-content\\\/uploads\\\/2024\\\/10\\\/visitaalacasadelasmujeres2.webp\",\"contentUrl\":\"https:\\\/\\\/www.laguiadepamplona.com\\\/actualidad\\\/wp-content\\\/uploads\\\/2024\\\/10\\\/visitaalacasadelasmujeres2.webp\",\"width\":1000,\"height\":666,\"caption\":\"visita casa de las mujeres\"},{\"@type\":\"BreadcrumbList\",\"@id\":\"https:\\\/\\\/www.laguiadepamplona.com\\\/actualidad\\\/las-obras-de-reforma-de-la-casa-de-las-mujeres-comenzaran-en-el-mes-de-noviembre\\\/#breadcrumb\",\"itemListElement\":[{\"@type\":\"ListItem\",\"position\":1,\"name\":\"Portada\",\"item\":\"https:\\\/\\\/www.laguiadepamplona.com\\\/actualidad\\\/\"},{\"@type\":\"ListItem\",\"position\":2,\"name\":\"Las obras de reforma de la Casa de las Mujeres comenzar\u00e1n en el mes de noviembre\"}]},{\"@type\":\"WebSite\",\"@id\":\"https:\\\/\\\/www.laguiadepamplona.com\\\/actualidad\\\/#website\",\"url\":\"https:\\\/\\\/www.laguiadepamplona.com\\\/actualidad\\\/\",\"name\":\"La gu\u00eda de Pamplona\",\"description\":\"Noticias de Pamplona\",\"publisher\":{\"@id\":\"https:\\\/\\\/www.laguiadepamplona.com\\\/actualidad\\\/#organization\"},\"potentialAction\":[{\"@type\":\"SearchAction\",\"target\":{\"@type\":\"EntryPoint\",\"urlTemplate\":\"https:\\\/\\\/www.laguiadepamplona.com\\\/actualidad\\\/?s={search_term_string}\"},\"query-input\":{\"@type\":\"PropertyValueSpecification\",\"valueRequired\":true,\"valueName\":\"search_term_string\"}}],\"inLanguage\":\"es\"},{\"@type\":\"Organization\",\"@id\":\"https:\\\/\\\/www.laguiadepamplona.com\\\/actualidad\\\/#organization\",\"name\":\"La Gu\u00eda de Pamplona \\\/ Noticias\",\"url\":\"https:\\\/\\\/www.laguiadepamplona.com\\\/actualidad\\\/\",\"logo\":{\"@type\":\"ImageObject\",\"inLanguage\":\"es\",\"@id\":\"https:\\\/\\\/www.laguiadepamplona.com\\\/actualidad\\\/#\\\/schema\\\/logo\\\/image\\\/\",\"url\":\"https:\\\/\\\/www.laguiadepamplona.com\\\/actualidad\\\/wp-content\\\/uploads\\\/2018\\\/11\\\/logo-laguiadepamplona18-web1.png\",\"contentUrl\":\"https:\\\/\\\/www.laguiadepamplona.com\\\/actualidad\\\/wp-content\\\/uploads\\\/2018\\\/11\\\/logo-laguiadepamplona18-web1.png\",\"width\":600,\"height\":196,\"caption\":\"La Gu\u00eda de Pamplona \\\/ Noticias\"},\"image\":{\"@id\":\"https:\\\/\\\/www.laguiadepamplona.com\\\/actualidad\\\/#\\\/schema\\\/logo\\\/image\\\/\"},\"sameAs\":[\"https:\\\/\\\/www.facebook.com\\\/laguiadepamplonacom-133175176762273\\\/?ref=hl\",\"https:\\\/\\\/x.com\\\/LaGuiadPamplona\",\"https:\\\/\\\/www.instagram.com\\\/la_guia_de_pamplona\\\/\",\"https:\\\/\\\/www.youtube.com\\\/user\\\/laguiadepamplona\"]},{\"@type\":\"Person\",\"@id\":\"https:\\\/\\\/www.laguiadepamplona.com\\\/actualidad\\\/#\\\/schema\\\/person\\\/efe887376f0213d4657c93adc50b1fdb\",\"name\":\"La Gu\u00eda de Pamplona\",\"image\":{\"@type\":\"ImageObject\",\"inLanguage\":\"es\",\"@id\":\"https:\\\/\\\/secure.gravatar.com\\\/avatar\\\/b6992f131dc8d30ab0dff15446e9d346d9dbd95992de0fef795073f5ea83a81c?s=96&d=mm&r=g\",\"url\":\"https:\\\/\\\/secure.gravatar.com\\\/avatar\\\/b6992f131dc8d30ab0dff15446e9d346d9dbd95992de0fef795073f5ea83a81c?s=96&d=mm&r=g\",\"contentUrl\":\"https:\\\/\\\/secure.gravatar.com\\\/avatar\\\/b6992f131dc8d30ab0dff15446e9d346d9dbd95992de0fef795073f5ea83a81c?s=96&d=mm&r=g\",\"caption\":\"La Gu\u00eda de Pamplona\"}}]}<\/script>\n<!-- \/ Yoast SEO plugin. -->","yoast_head_json":{"title":"Las obras de reforma de la Casa de las Mujeres comenzar\u00e1n en el mes de noviembre","description":"La Comisi\u00f3n de Asuntos Ciudadanos han visitado este espacio de encuentro, que celebra este octubre su quinto aniversario","robots":{"index":"index","follow":"follow","max-snippet":"max-snippet:-1","max-image-preview":"max-image-preview:large","max-video-preview":"max-video-preview:-1"},"canonical":"https:\/\/www.laguiadepamplona.com\/actualidad\/las-obras-de-reforma-de-la-casa-de-las-mujeres-comenzaran-en-el-mes-de-noviembre\/","og_locale":"es_ES","og_type":"article","og_title":"Las obras de reforma de la Casa de las Mujeres comenzar\u00e1n en el mes de noviembre","og_description":"La Comisi\u00f3n de Asuntos Ciudadanos han visitado este espacio de encuentro, que celebra este octubre su quinto aniversario","og_url":"https:\/\/www.laguiadepamplona.com\/actualidad\/las-obras-de-reforma-de-la-casa-de-las-mujeres-comenzaran-en-el-mes-de-noviembre\/","og_site_name":"La Gu\u00eda de Pamplona","article_publisher":"https:\/\/www.facebook.com\/laguiadepamplonacom-133175176762273\/?ref=hl","article_published_time":"2024-10-08T10:18:17+00:00","og_image":[{"width":1000,"height":666,"url":"https:\/\/www.laguiadepamplona.com\/actualidad\/wp-content\/uploads\/2024\/10\/visitaalacasadelasmujeres2.webp","type":"image\/webp"}],"author":"La Gu\u00eda de Pamplona","twitter_card":"summary_large_image","twitter_creator":"@LaGuiadPamplona","twitter_site":"@LaGuiadPamplona","twitter_misc":{"Escrito por":"La Gu\u00eda de Pamplona","Tiempo de lectura":"3 minutos"},"schema":{"@context":"https:\/\/schema.org","@graph":[{"@type":"Article","@id":"https:\/\/www.laguiadepamplona.com\/actualidad\/las-obras-de-reforma-de-la-casa-de-las-mujeres-comenzaran-en-el-mes-de-noviembre\/#article","isPartOf":{"@id":"https:\/\/www.laguiadepamplona.com\/actualidad\/las-obras-de-reforma-de-la-casa-de-las-mujeres-comenzaran-en-el-mes-de-noviembre\/"},"author":{"name":"La Gu\u00eda de Pamplona","@id":"https:\/\/www.laguiadepamplona.com\/actualidad\/#\/schema\/person\/efe887376f0213d4657c93adc50b1fdb"},"headline":"Las obras de reforma de la Casa de las Mujeres comenzar\u00e1n en el mes de noviembre","datePublished":"2024-10-08T10:18:17+00:00","mainEntityOfPage":{"@id":"https:\/\/www.laguiadepamplona.com\/actualidad\/las-obras-de-reforma-de-la-casa-de-las-mujeres-comenzaran-en-el-mes-de-noviembre\/"},"wordCount":534,"commentCount":0,"publisher":{"@id":"https:\/\/www.laguiadepamplona.com\/actualidad\/#organization"},"image":{"@id":"https:\/\/www.laguiadepamplona.com\/actualidad\/las-obras-de-reforma-de-la-casa-de-las-mujeres-comenzaran-en-el-mes-de-noviembre\/#primaryimage"},"thumbnailUrl":"https:\/\/www.laguiadepamplona.com\/actualidad\/wp-content\/uploads\/2024\/10\/visitaalacasadelasmujeres2.webp","articleSection":["Ayto Pamplona"],"inLanguage":"es","potentialAction":[{"@type":"CommentAction","name":"Comment","target":["https:\/\/www.laguiadepamplona.com\/actualidad\/las-obras-de-reforma-de-la-casa-de-las-mujeres-comenzaran-en-el-mes-de-noviembre\/#respond"]}]},{"@type":"WebPage","@id":"https:\/\/www.laguiadepamplona.com\/actualidad\/las-obras-de-reforma-de-la-casa-de-las-mujeres-comenzaran-en-el-mes-de-noviembre\/","url":"https:\/\/www.laguiadepamplona.com\/actualidad\/las-obras-de-reforma-de-la-casa-de-las-mujeres-comenzaran-en-el-mes-de-noviembre\/","name":"Las obras de reforma de la Casa de las Mujeres comenzar\u00e1n en el mes de noviembre","isPartOf":{"@id":"https:\/\/www.laguiadepamplona.com\/actualidad\/#website"},"primaryImageOfPage":{"@id":"https:\/\/www.laguiadepamplona.com\/actualidad\/las-obras-de-reforma-de-la-casa-de-las-mujeres-comenzaran-en-el-mes-de-noviembre\/#primaryimage"},"image":{"@id":"https:\/\/www.laguiadepamplona.com\/actualidad\/las-obras-de-reforma-de-la-casa-de-las-mujeres-comenzaran-en-el-mes-de-noviembre\/#primaryimage"},"thumbnailUrl":"https:\/\/www.laguiadepamplona.com\/actualidad\/wp-content\/uploads\/2024\/10\/visitaalacasadelasmujeres2.webp","datePublished":"2024-10-08T10:18:17+00:00","description":"La Comisi\u00f3n de Asuntos Ciudadanos han visitado este espacio de encuentro, que celebra este octubre su quinto aniversario","breadcrumb":{"@id":"https:\/\/www.laguiadepamplona.com\/actualidad\/las-obras-de-reforma-de-la-casa-de-las-mujeres-comenzaran-en-el-mes-de-noviembre\/#breadcrumb"},"inLanguage":"es","potentialAction":[{"@type":"ReadAction","target":["https:\/\/www.laguiadepamplona.com\/actualidad\/las-obras-de-reforma-de-la-casa-de-las-mujeres-comenzaran-en-el-mes-de-noviembre\/"]}]},{"@type":"ImageObject","inLanguage":"es","@id":"https:\/\/www.laguiadepamplona.com\/actualidad\/las-obras-de-reforma-de-la-casa-de-las-mujeres-comenzaran-en-el-mes-de-noviembre\/#primaryimage","url":"https:\/\/www.laguiadepamplona.com\/actualidad\/wp-content\/uploads\/2024\/10\/visitaalacasadelasmujeres2.webp","contentUrl":"https:\/\/www.laguiadepamplona.com\/actualidad\/wp-content\/uploads\/2024\/10\/visitaalacasadelasmujeres2.webp","width":1000,"height":666,"caption":"visita casa de las mujeres"},{"@type":"BreadcrumbList","@id":"https:\/\/www.laguiadepamplona.com\/actualidad\/las-obras-de-reforma-de-la-casa-de-las-mujeres-comenzaran-en-el-mes-de-noviembre\/#breadcrumb","itemListElement":[{"@type":"ListItem","position":1,"name":"Portada","item":"https:\/\/www.laguiadepamplona.com\/actualidad\/"},{"@type":"ListItem","position":2,"name":"Las obras de reforma de la Casa de las Mujeres comenzar\u00e1n en el mes de noviembre"}]},{"@type":"WebSite","@id":"https:\/\/www.laguiadepamplona.com\/actualidad\/#website","url":"https:\/\/www.laguiadepamplona.com\/actualidad\/","name":"La gu\u00eda de Pamplona","description":"Noticias de Pamplona","publisher":{"@id":"https:\/\/www.laguiadepamplona.com\/actualidad\/#organization"},"potentialAction":[{"@type":"SearchAction","target":{"@type":"EntryPoint","urlTemplate":"https:\/\/www.laguiadepamplona.com\/actualidad\/?s={search_term_string}"},"query-input":{"@type":"PropertyValueSpecification","valueRequired":true,"valueName":"search_term_string"}}],"inLanguage":"es"},{"@type":"Organization","@id":"https:\/\/www.laguiadepamplona.com\/actualidad\/#organization","name":"La Gu\u00eda de Pamplona \/ Noticias","url":"https:\/\/www.laguiadepamplona.com\/actualidad\/","logo":{"@type":"ImageObject","inLanguage":"es","@id":"https:\/\/www.laguiadepamplona.com\/actualidad\/#\/schema\/logo\/image\/","url":"https:\/\/www.laguiadepamplona.com\/actualidad\/wp-content\/uploads\/2018\/11\/logo-laguiadepamplona18-web1.png","contentUrl":"https:\/\/www.laguiadepamplona.com\/actualidad\/wp-content\/uploads\/2018\/11\/logo-laguiadepamplona18-web1.png","width":600,"height":196,"caption":"La Gu\u00eda de Pamplona \/ Noticias"},"image":{"@id":"https:\/\/www.laguiadepamplona.com\/actualidad\/#\/schema\/logo\/image\/"},"sameAs":["https:\/\/www.facebook.com\/laguiadepamplonacom-133175176762273\/?ref=hl","https:\/\/x.com\/LaGuiadPamplona","https:\/\/www.instagram.com\/la_guia_de_pamplona\/","https:\/\/www.youtube.com\/user\/laguiadepamplona"]},{"@type":"Person","@id":"https:\/\/www.laguiadepamplona.com\/actualidad\/#\/schema\/person\/efe887376f0213d4657c93adc50b1fdb","name":"La Gu\u00eda de Pamplona","image":{"@type":"ImageObject","inLanguage":"es","@id":"https:\/\/secure.gravatar.com\/avatar\/b6992f131dc8d30ab0dff15446e9d346d9dbd95992de0fef795073f5ea83a81c?s=96&d=mm&r=g","url":"https:\/\/secure.gravatar.com\/avatar\/b6992f131dc8d30ab0dff15446e9d346d9dbd95992de0fef795073f5ea83a81c?s=96&d=mm&r=g","contentUrl":"https:\/\/secure.gravatar.com\/avatar\/b6992f131dc8d30ab0dff15446e9d346d9dbd95992de0fef795073f5ea83a81c?s=96&d=mm&r=g","caption":"La Gu\u00eda de Pamplona"}}]}},"post_mailing_queue_ids":[],"_links":{"self":[{"href":"https:\/\/www.laguiadepamplona.com\/actualidad\/wp-json\/wp\/v2\/posts\/50943","targetHints":{"allow":["GET"]}}],"collection":[{"href":"https:\/\/www.laguiadepamplona.com\/actualidad\/wp-json\/wp\/v2\/posts"}],"about":[{"href":"https:\/\/www.laguiadepamplona.com\/actualidad\/wp-json\/wp\/v2\/types\/post"}],"author":[{"embeddable":true,"href":"https:\/\/www.laguiadepamplona.com\/actualidad\/wp-json\/wp\/v2\/users\/1"}],"replies":[{"embeddable":true,"href":"https:\/\/www.laguiadepamplona.com\/actualidad\/wp-json\/wp\/v2\/comments?post=50943"}],"version-history":[{"count":1,"href":"https:\/\/www.laguiadepamplona.com\/actualidad\/wp-json\/wp\/v2\/posts\/50943\/revisions"}],"predecessor-version":[{"id":50945,"href":"https:\/\/www.laguiadepamplona.com\/actualidad\/wp-json\/wp\/v2\/posts\/50943\/revisions\/50945"}],"wp:featuredmedia":[{"embeddable":true,"href":"https:\/\/www.laguiadepamplona.com\/actualidad\/wp-json\/wp\/v2\/media\/50944"}],"wp:attachment":[{"href":"https:\/\/www.laguiadepamplona.com\/actualidad\/wp-json\/wp\/v2\/media?parent=50943"}],"wp:term":[{"taxonomy":"category","embeddable":true,"href":"https:\/\/www.laguiadepamplona.com\/actualidad\/wp-json\/wp\/v2\/categories?post=50943"},{"taxonomy":"post_tag","embeddable":true,"href":"https:\/\/www.laguiadepamplona.com\/actualidad\/wp-json\/wp\/v2\/tags?post=50943"}],"curies":[{"name":"wp","href":"https:\/\/api.w.org\/{rel}","templated":true}]}}