{"id":50930,"date":"2024-10-07T13:21:10","date_gmt":"2024-10-07T11:21:10","guid":{"rendered":"https:\/\/www.laguiadepamplona.com\/actualidad\/?p=50930"},"modified":"2024-10-07T13:21:10","modified_gmt":"2024-10-07T11:21:10","slug":"pamplona-celebra-del-14-al-19-de-octubre-la-primera-semana-de-la-diversidad-cultural-con-charlas-musica-deporte-artesania-y-el-campeonato-mundial-de-cueca","status":"publish","type":"post","link":"https:\/\/www.laguiadepamplona.com\/actualidad\/pamplona-celebra-del-14-al-19-de-octubre-la-primera-semana-de-la-diversidad-cultural-con-charlas-musica-deporte-artesania-y-el-campeonato-mundial-de-cueca\/","title":{"rendered":"Pamplona celebra del 14 al 19 de octubre la primera Semana de la Diversidad Cultural, con charlas, m\u00fasica, deporte, artesan\u00eda y el Campeonato Mundial de Cueca"},"content":{"rendered":"<h2>Todas las actividades son gratuitas y se celebran en diferentes espacios, varios de ellos al aire libre, para visibilizar la diversidad cultural<\/h2>\n<p><!--more--><\/p>\n<p>El I Plan de Diversidad Cultural y Ciudadan\u00eda Inclusiva de Pamplona tiene entre sus objetivos la visibilizaci\u00f3n de esta realidad de forma positiva a trav\u00e9s de eventos y actividades organizadas junto al tejido asociativo. Por ello, del 14 al 19 de octubre, se va a llevar a cabo en Pamplona la I Semana de la Diversidad Cultural, con m\u00e1s de una decena de actividades como charlas, mesas redondas, conciertos, artesan\u00eda, un festival intercultural o el Campeonato Mundial de Cueca, baile tradicional chileno.<\/p>\n<p>Las actividades de esta primera Semana de la Diversidad Cultural se han organizado en colaboraci\u00f3n con el Departamento de Pol\u00edticas Migratorias del Gobierno de Navarra y con la Red RECI (Red Espa\u00f1ola de Ciudades Inclusivas), de la que el Ayuntamiento de Pamplona forma parte desde julio de 2024. Precisamente, el jueves 17 de octubre, a las 9.30 horas, se llevar\u00e1 a cabo una recepci\u00f3n institucional en el Ayuntamiento de Pamplona a esta red de ciudades comprometidas con el impulso de pol\u00edticas de gesti\u00f3n de la diversidad basadas en la interculturalidad.<\/p>\n<p>Asimismo, ha colaborado asociaciones como la Fundaci\u00f3n Secretariado Gitano, Gaz Kal\u00f3, Cofochilex (Confederaci\u00f3n del Folclore Chileno en el Exterior), Cruz Roja, Asociaci\u00f3n F\u00e9nix y los clubes deportivos de b\u00e9isbol Toros y Dominicanos. Para dar una mayor visibilidad a las actividades organizadas, estas se van a desarrollar en diferentes espacios de la ciudad, muchos de ellos al aire libre, como el paseo de Sarasate, la plaza de la Virgen de la O o el campo de b\u00e9isbol de Rochapea.<\/p>\n<p>La concejala de Igualdad, Acci\u00f3n Comunitaria, Barrios, Participaci\u00f3n Ciudadana y Euskera, Zaloa Basabe Guti\u00e9rrez, ha presentado esta ma\u00f1ana la programaci\u00f3n prevista para la pr\u00f3xima semana, en la que se han invertido en torno a 20.000 euros. El pasado mes de junio la Comisi\u00f3n de Asuntos Ciudadanos aprob\u00f3 una declaraci\u00f3n institucional para ejecutar una enmienda presupuestaria del grupo municipal Socialistas del Ayuntamiento de Pamplona para desarrollar esta Semana de la Diversidad Cultural.<\/p>\n<p><strong>Charlas, mesas redondas y cueca<\/strong><\/p>\n<p>La semana comenzar\u00e1 el lunes 14 con una recepci\u00f3n a la organizaci\u00f3n y participantes del XXI Campeonato del Mundo de Cueca, que se celebrar\u00e1 hasta el s\u00e1bado. La cueca es un baile tradicional chileno, con un ritmo \u00fanico, vueltas, medias vueltas y zapateo, declarado danza nacional del pa\u00eds en 1979. Participar\u00e1n quince delegaciones provenientes de pa\u00edses de Latinoam\u00e9rica y de otras partes del mundo, que competir\u00e1n en una primera fase el mi\u00e9rcoles 16 y el jueves 17, a las 17 horas, en la Casa de la Juventud, con la final del campeonato el viernes 18 de octubre, a las 17 horas, en el Auditorio de Bara\u00f1\u00e1in.<\/p>\n<p>Se han previsto tambi\u00e9n para estos d\u00edas dos charlas y una mesa redonda sobre distintos aspectos de la diversidad cultural. El mi\u00e9rcoles 16 de octubre, a las 18 horas en Condestable, se hablar\u00e1 sobre la Pamplona gitana. Intervendr\u00e1 el historiador David Mart\u00edn, la t\u00e9cnica de Igualdad de la Fundaci\u00f3n Secretariado Gitano, Silvia Garc\u00eda, y Ricardo Hern\u00e1ndez, de Gaz Kal\u00f3. El jueves a las 11.30 horas, tambi\u00e9n en Condestable, se celebrar\u00e1 la mesa redonda \u2018Ciudad, Comunidad y Diversidad Cultural\u2019, con el director de la Red RECI, Dani Torres, una persona del Departamento de Vivienda, Juventud y Pol\u00edticas Migratorias del Gobierno de Navarra y la concejala delegada de Igualdad y Acci\u00f3n Comunitaria, Zaloa Basabe Guti\u00e9rrez. Por la tarde, a las 19 horas, la polit\u00f3loga y presidenta de la Red Transnacional de Mujeres, Rosario Zanabria, impartir\u00e1 una sesi\u00f3n acerca de los bulos sobre la diversidad cultural.<\/p>\n<p><strong>M\u00fasica, deporte y un festival intercultural<\/strong><\/p>\n<p>El viernes 18 de octubre por la ma\u00f1ana, a las 11 horas en Condestable, tendr\u00e1 lugar una sesi\u00f3n de micr\u00f3fono abierto en la que se expondr\u00e1n en primera persona procesos de acogida con sus historias y circunstancias. Ese mismo d\u00eda, de 11 a 20 horas, el paseo de Sarasate acoger\u00e1 una feria de artesan\u00eda intercultural con diferentes puestos. Las actividades continuar\u00e1n a las 20.30 horas en la plaza de la Virgen de la O con la actuaci\u00f3n del grupo Goxua\u00b4n Salsa, <em>grupo multicultural pamplon\u00e9s compuesto por m\u00fasicos colombianos, cubanos y navarros.<\/em><\/p>\n<p>Esta Semana de la Diversidad Cultural se cerrar\u00e1 el s\u00e1bado 19 de octubre con una jornada de puertas abiertas, exhibici\u00f3n y campeonato de softbol en el campo de b\u00e9isbol de Rochapea, entre las 10 y las 17 horas. La \u00faltima actividad ser\u00e1 el segundo Festival Intercultural por la Diversidad Sexual y de G\u00e9nero que, de 19 horas hasta la medianoche, reunir\u00e1 a grupos musicales, DJ, batucadas o espect\u00e1culos drag en Geltoki. El evento, adem\u00e1s de su atm\u00f3sfera festiva, busca lanzar tambi\u00e9n un mensaje de inclusi\u00f3n y respeto.<\/p>\n<p>&nbsp;<\/p>\n<h3>Semana de la Diversidad Cultural. Del 14 al 20 de octubre<\/h3>\n<p><strong>LUNES 14 OCTUBRE<\/strong><\/p>\n<ul>\n<li>11:00 h. Recepci\u00f3n del Ayuntamiento de Pamplona al Campeonato Mundial de Cueca (baile tradicional chileno), que se celebra durante esta semana. CASA CONSISTORIAL<\/li>\n<\/ul>\n<p>&nbsp;<\/p>\n<p><strong>MI\u00c9RCOLES 16 OCTUBRE<\/strong><\/p>\n<ul>\n<li>17:00 h. Campeonato Mundial de Cueca. CASA DE LA JUVENTUD (Sal\u00f3n de Actos)<\/li>\n<li>18:00 h. MESA Redonda: PAMPLONA IRU\u00d1A GITANA. CONDESTABLE. Intervienen:\n<ul>\n<li>David Mart\u00edn. Historiador<\/li>\n<li>Silvia Garc\u00eda. T\u00e9cnica de Igualdad del Secretariado Gitano<\/li>\n<li>Ricardo Hern\u00e1ndez Gaz Kal\u00f3. Moderador<\/li>\n<\/ul>\n<\/li>\n<\/ul>\n<p>&nbsp;<\/p>\n<p><strong>JUEVES 17 OCTUBRE<\/strong><\/p>\n<ul>\n<li>9:30 h. Recepci\u00f3n del Ayuntamiento de Pamplona a la red RECI (Red de Ciudades Interculturales). CASA CONSISTORIAL<\/li>\n<li>11:30 h. Charla CIUDAD, COMUNIDAD Y DIVERSIDAD CULTURAL. CONDESTABLE. Intervienen:\n<ul>\n<li>Dani de Torres. Director de la red RECI<\/li>\n<li>Departamento de Vivienda, Juventud y Pol\u00edticas Migratorias del Gobierno de Navarra<\/li>\n<li>Zaloa Basabe Guti\u00e9rrez. Concejala de Igualdad, Acci\u00f3n Comunitaria, Barrios, Participaci\u00f3n Ciudadana y Euskera<\/li>\n<\/ul>\n<\/li>\n<li>17:00 h. Campeonato Mundial de Cueca. CASA DE LA JUVENTUD<\/li>\n<li>18:00 h. Charla. Bulos sobre Diversidad Cultural. Rosario Zanabria. Polit\u00f3loga, presidenta de la Red Transnacional de Mujeres. CONDESTABLE.<\/li>\n<\/ul>\n<p>&nbsp;<\/p>\n<p><strong>VIERNES 18 OCTUBRE<\/strong><\/p>\n<ul>\n<li>11:00 h. Micr\u00f3fono Abierto: Procesos de Acogida en primera persona. CONDESTABLE<\/li>\n<li>11:00 &#8211; 20:00 h. Feria de Artesan\u00eda intercultural. PASEO SARASATE.<\/li>\n<li>17:00 h. Final Campeonato Mundial de Cueca. AUDITORIO DE BARA\u00d1\u00c1IN<\/li>\n<li>20:30 h. Concierto de GOXUA\u00b4N SALSA. PLAZA DE LA O<\/li>\n<\/ul>\n<p>&nbsp;<\/p>\n<p><strong>S\u00c1BADO 19 OCTUBRE<\/strong><\/p>\n<ul>\n<li>10:00 a 13:00 h. Softbol. Jornada de puerta abiertas y exhibici\u00f3n. CAMPO DE B\u00c9ISBOL DE ROCHAPEA<\/li>\n<li>13:00 a 17:00 h. Campeonato de Softbol. CAMPO DE B\u00c9ISBOL DE ROCHAPEA.<\/li>\n<li>19:00 a 24:00 h. Festival Intercultural por la Diversidad Sexual y de G\u00e9nero. Grupos musicales, batucada, D.J. y m\u00e1s actuaciones GELTOKI<\/li>\n<\/ul>\n","protected":false},"excerpt":{"rendered":"<p>Todas las actividades son gratuitas y se celebran en diferentes espacios, varios de ellos al aire libre, para visibilizar la diversidad cultural<\/p>\n","protected":false},"author":1,"featured_media":50931,"comment_status":"open","ping_status":"closed","sticky":false,"template":"","format":"standard","meta":{"footnotes":""},"categories":[2],"tags":[],"class_list":["post-50930","post","type-post","status-publish","format-standard","has-post-thumbnail","hentry","category-ayuntamiento-pamplona"],"yoast_head":"<!-- This site is optimized with the Yoast SEO plugin v27.3 - https:\/\/yoast.com\/product\/yoast-seo-wordpress\/ -->\n<title>Pamplona celebra del 14 al 19 de octubre la primera Semana de la Diversidad Cultural, con charlas, m\u00fasica, deporte, artesan\u00eda y el Campeonato Mundial de Cueca<\/title>\n<meta name=\"description\" content=\"Todas las actividades son gratuitas y se celebran en diferentes espacios, varios de ellos al aire libre, para visibilizar la diversidad cultural\" \/>\n<meta name=\"robots\" content=\"index, follow, max-snippet:-1, max-image-preview:large, max-video-preview:-1\" \/>\n<link rel=\"canonical\" href=\"https:\/\/www.laguiadepamplona.com\/actualidad\/pamplona-celebra-del-14-al-19-de-octubre-la-primera-semana-de-la-diversidad-cultural-con-charlas-musica-deporte-artesania-y-el-campeonato-mundial-de-cueca\/\" \/>\n<meta property=\"og:locale\" content=\"es_ES\" \/>\n<meta property=\"og:type\" content=\"article\" \/>\n<meta property=\"og:title\" content=\"Pamplona celebra del 14 al 19 de octubre la primera Semana de la Diversidad Cultural, con charlas, m\u00fasica, deporte, artesan\u00eda y el Campeonato Mundial de Cueca\" \/>\n<meta property=\"og:description\" content=\"Todas las actividades son gratuitas y se celebran en diferentes espacios, varios de ellos al aire libre, para visibilizar la diversidad cultural\" \/>\n<meta property=\"og:url\" content=\"https:\/\/www.laguiadepamplona.com\/actualidad\/pamplona-celebra-del-14-al-19-de-octubre-la-primera-semana-de-la-diversidad-cultural-con-charlas-musica-deporte-artesania-y-el-campeonato-mundial-de-cueca\/\" \/>\n<meta property=\"og:site_name\" content=\"La Gu\u00eda de Pamplona\" \/>\n<meta property=\"article:publisher\" content=\"https:\/\/www.facebook.com\/laguiadepamplonacom-133175176762273\/?ref=hl\" \/>\n<meta property=\"article:published_time\" content=\"2024-10-07T11:21:10+00:00\" \/>\n<meta property=\"og:image\" content=\"https:\/\/www.laguiadepamplona.com\/actualidad\/wp-content\/uploads\/2024\/10\/cartelsemanadeladiversidad.webp\" \/>\n\t<meta property=\"og:image:width\" content=\"1000\" \/>\n\t<meta property=\"og:image:height\" content=\"1400\" \/>\n\t<meta property=\"og:image:type\" content=\"image\/webp\" \/>\n<meta name=\"author\" content=\"La Gu\u00eda de Pamplona\" \/>\n<meta name=\"twitter:card\" content=\"summary_large_image\" \/>\n<meta name=\"twitter:creator\" content=\"@LaGuiadPamplona\" \/>\n<meta name=\"twitter:site\" content=\"@LaGuiadPamplona\" \/>\n<meta name=\"twitter:label1\" content=\"Escrito por\" \/>\n\t<meta name=\"twitter:data1\" content=\"La Gu\u00eda de Pamplona\" \/>\n\t<meta name=\"twitter:label2\" content=\"Tiempo de lectura\" \/>\n\t<meta name=\"twitter:data2\" content=\"5 minutos\" \/>\n<script type=\"application\/ld+json\" class=\"yoast-schema-graph\">{\"@context\":\"https:\\\/\\\/schema.org\",\"@graph\":[{\"@type\":\"Article\",\"@id\":\"https:\\\/\\\/www.laguiadepamplona.com\\\/actualidad\\\/pamplona-celebra-del-14-al-19-de-octubre-la-primera-semana-de-la-diversidad-cultural-con-charlas-musica-deporte-artesania-y-el-campeonato-mundial-de-cueca\\\/#article\",\"isPartOf\":{\"@id\":\"https:\\\/\\\/www.laguiadepamplona.com\\\/actualidad\\\/pamplona-celebra-del-14-al-19-de-octubre-la-primera-semana-de-la-diversidad-cultural-con-charlas-musica-deporte-artesania-y-el-campeonato-mundial-de-cueca\\\/\"},\"author\":{\"name\":\"La Gu\u00eda de Pamplona\",\"@id\":\"https:\\\/\\\/www.laguiadepamplona.com\\\/actualidad\\\/#\\\/schema\\\/person\\\/efe887376f0213d4657c93adc50b1fdb\"},\"headline\":\"Pamplona celebra del 14 al 19 de octubre la primera Semana de la Diversidad Cultural, con charlas, m\u00fasica, deporte, artesan\u00eda y el Campeonato Mundial de Cueca\",\"datePublished\":\"2024-10-07T11:21:10+00:00\",\"mainEntityOfPage\":{\"@id\":\"https:\\\/\\\/www.laguiadepamplona.com\\\/actualidad\\\/pamplona-celebra-del-14-al-19-de-octubre-la-primera-semana-de-la-diversidad-cultural-con-charlas-musica-deporte-artesania-y-el-campeonato-mundial-de-cueca\\\/\"},\"wordCount\":1120,\"commentCount\":0,\"publisher\":{\"@id\":\"https:\\\/\\\/www.laguiadepamplona.com\\\/actualidad\\\/#organization\"},\"image\":{\"@id\":\"https:\\\/\\\/www.laguiadepamplona.com\\\/actualidad\\\/pamplona-celebra-del-14-al-19-de-octubre-la-primera-semana-de-la-diversidad-cultural-con-charlas-musica-deporte-artesania-y-el-campeonato-mundial-de-cueca\\\/#primaryimage\"},\"thumbnailUrl\":\"https:\\\/\\\/www.laguiadepamplona.com\\\/actualidad\\\/wp-content\\\/uploads\\\/2024\\\/10\\\/cartelsemanadeladiversidad.webp\",\"articleSection\":[\"Ayto Pamplona\"],\"inLanguage\":\"es\",\"potentialAction\":[{\"@type\":\"CommentAction\",\"name\":\"Comment\",\"target\":[\"https:\\\/\\\/www.laguiadepamplona.com\\\/actualidad\\\/pamplona-celebra-del-14-al-19-de-octubre-la-primera-semana-de-la-diversidad-cultural-con-charlas-musica-deporte-artesania-y-el-campeonato-mundial-de-cueca\\\/#respond\"]}]},{\"@type\":\"WebPage\",\"@id\":\"https:\\\/\\\/www.laguiadepamplona.com\\\/actualidad\\\/pamplona-celebra-del-14-al-19-de-octubre-la-primera-semana-de-la-diversidad-cultural-con-charlas-musica-deporte-artesania-y-el-campeonato-mundial-de-cueca\\\/\",\"url\":\"https:\\\/\\\/www.laguiadepamplona.com\\\/actualidad\\\/pamplona-celebra-del-14-al-19-de-octubre-la-primera-semana-de-la-diversidad-cultural-con-charlas-musica-deporte-artesania-y-el-campeonato-mundial-de-cueca\\\/\",\"name\":\"Pamplona celebra del 14 al 19 de octubre la primera Semana de la Diversidad Cultural, con charlas, m\u00fasica, deporte, artesan\u00eda y el Campeonato Mundial de Cueca\",\"isPartOf\":{\"@id\":\"https:\\\/\\\/www.laguiadepamplona.com\\\/actualidad\\\/#website\"},\"primaryImageOfPage\":{\"@id\":\"https:\\\/\\\/www.laguiadepamplona.com\\\/actualidad\\\/pamplona-celebra-del-14-al-19-de-octubre-la-primera-semana-de-la-diversidad-cultural-con-charlas-musica-deporte-artesania-y-el-campeonato-mundial-de-cueca\\\/#primaryimage\"},\"image\":{\"@id\":\"https:\\\/\\\/www.laguiadepamplona.com\\\/actualidad\\\/pamplona-celebra-del-14-al-19-de-octubre-la-primera-semana-de-la-diversidad-cultural-con-charlas-musica-deporte-artesania-y-el-campeonato-mundial-de-cueca\\\/#primaryimage\"},\"thumbnailUrl\":\"https:\\\/\\\/www.laguiadepamplona.com\\\/actualidad\\\/wp-content\\\/uploads\\\/2024\\\/10\\\/cartelsemanadeladiversidad.webp\",\"datePublished\":\"2024-10-07T11:21:10+00:00\",\"description\":\"Todas las actividades son gratuitas y se celebran en diferentes espacios, varios de ellos al aire libre, para visibilizar la diversidad cultural\",\"breadcrumb\":{\"@id\":\"https:\\\/\\\/www.laguiadepamplona.com\\\/actualidad\\\/pamplona-celebra-del-14-al-19-de-octubre-la-primera-semana-de-la-diversidad-cultural-con-charlas-musica-deporte-artesania-y-el-campeonato-mundial-de-cueca\\\/#breadcrumb\"},\"inLanguage\":\"es\",\"potentialAction\":[{\"@type\":\"ReadAction\",\"target\":[\"https:\\\/\\\/www.laguiadepamplona.com\\\/actualidad\\\/pamplona-celebra-del-14-al-19-de-octubre-la-primera-semana-de-la-diversidad-cultural-con-charlas-musica-deporte-artesania-y-el-campeonato-mundial-de-cueca\\\/\"]}]},{\"@type\":\"ImageObject\",\"inLanguage\":\"es\",\"@id\":\"https:\\\/\\\/www.laguiadepamplona.com\\\/actualidad\\\/pamplona-celebra-del-14-al-19-de-octubre-la-primera-semana-de-la-diversidad-cultural-con-charlas-musica-deporte-artesania-y-el-campeonato-mundial-de-cueca\\\/#primaryimage\",\"url\":\"https:\\\/\\\/www.laguiadepamplona.com\\\/actualidad\\\/wp-content\\\/uploads\\\/2024\\\/10\\\/cartelsemanadeladiversidad.webp\",\"contentUrl\":\"https:\\\/\\\/www.laguiadepamplona.com\\\/actualidad\\\/wp-content\\\/uploads\\\/2024\\\/10\\\/cartelsemanadeladiversidad.webp\",\"width\":1000,\"height\":1400,\"caption\":\"cartel semana de la diversidad\"},{\"@type\":\"BreadcrumbList\",\"@id\":\"https:\\\/\\\/www.laguiadepamplona.com\\\/actualidad\\\/pamplona-celebra-del-14-al-19-de-octubre-la-primera-semana-de-la-diversidad-cultural-con-charlas-musica-deporte-artesania-y-el-campeonato-mundial-de-cueca\\\/#breadcrumb\",\"itemListElement\":[{\"@type\":\"ListItem\",\"position\":1,\"name\":\"Portada\",\"item\":\"https:\\\/\\\/www.laguiadepamplona.com\\\/actualidad\\\/\"},{\"@type\":\"ListItem\",\"position\":2,\"name\":\"Pamplona celebra del 14 al 19 de octubre la primera Semana de la Diversidad Cultural, con charlas, m\u00fasica, deporte, artesan\u00eda y el Campeonato Mundial de Cueca\"}]},{\"@type\":\"WebSite\",\"@id\":\"https:\\\/\\\/www.laguiadepamplona.com\\\/actualidad\\\/#website\",\"url\":\"https:\\\/\\\/www.laguiadepamplona.com\\\/actualidad\\\/\",\"name\":\"La gu\u00eda de Pamplona\",\"description\":\"Noticias de Pamplona\",\"publisher\":{\"@id\":\"https:\\\/\\\/www.laguiadepamplona.com\\\/actualidad\\\/#organization\"},\"potentialAction\":[{\"@type\":\"SearchAction\",\"target\":{\"@type\":\"EntryPoint\",\"urlTemplate\":\"https:\\\/\\\/www.laguiadepamplona.com\\\/actualidad\\\/?s={search_term_string}\"},\"query-input\":{\"@type\":\"PropertyValueSpecification\",\"valueRequired\":true,\"valueName\":\"search_term_string\"}}],\"inLanguage\":\"es\"},{\"@type\":\"Organization\",\"@id\":\"https:\\\/\\\/www.laguiadepamplona.com\\\/actualidad\\\/#organization\",\"name\":\"La Gu\u00eda de Pamplona \\\/ Noticias\",\"url\":\"https:\\\/\\\/www.laguiadepamplona.com\\\/actualidad\\\/\",\"logo\":{\"@type\":\"ImageObject\",\"inLanguage\":\"es\",\"@id\":\"https:\\\/\\\/www.laguiadepamplona.com\\\/actualidad\\\/#\\\/schema\\\/logo\\\/image\\\/\",\"url\":\"https:\\\/\\\/www.laguiadepamplona.com\\\/actualidad\\\/wp-content\\\/uploads\\\/2018\\\/11\\\/logo-laguiadepamplona18-web1.png\",\"contentUrl\":\"https:\\\/\\\/www.laguiadepamplona.com\\\/actualidad\\\/wp-content\\\/uploads\\\/2018\\\/11\\\/logo-laguiadepamplona18-web1.png\",\"width\":600,\"height\":196,\"caption\":\"La Gu\u00eda de Pamplona \\\/ Noticias\"},\"image\":{\"@id\":\"https:\\\/\\\/www.laguiadepamplona.com\\\/actualidad\\\/#\\\/schema\\\/logo\\\/image\\\/\"},\"sameAs\":[\"https:\\\/\\\/www.facebook.com\\\/laguiadepamplonacom-133175176762273\\\/?ref=hl\",\"https:\\\/\\\/x.com\\\/LaGuiadPamplona\",\"https:\\\/\\\/www.instagram.com\\\/la_guia_de_pamplona\\\/\",\"https:\\\/\\\/www.youtube.com\\\/user\\\/laguiadepamplona\"]},{\"@type\":\"Person\",\"@id\":\"https:\\\/\\\/www.laguiadepamplona.com\\\/actualidad\\\/#\\\/schema\\\/person\\\/efe887376f0213d4657c93adc50b1fdb\",\"name\":\"La Gu\u00eda de Pamplona\",\"image\":{\"@type\":\"ImageObject\",\"inLanguage\":\"es\",\"@id\":\"https:\\\/\\\/secure.gravatar.com\\\/avatar\\\/b6992f131dc8d30ab0dff15446e9d346d9dbd95992de0fef795073f5ea83a81c?s=96&d=mm&r=g\",\"url\":\"https:\\\/\\\/secure.gravatar.com\\\/avatar\\\/b6992f131dc8d30ab0dff15446e9d346d9dbd95992de0fef795073f5ea83a81c?s=96&d=mm&r=g\",\"contentUrl\":\"https:\\\/\\\/secure.gravatar.com\\\/avatar\\\/b6992f131dc8d30ab0dff15446e9d346d9dbd95992de0fef795073f5ea83a81c?s=96&d=mm&r=g\",\"caption\":\"La Gu\u00eda de Pamplona\"}}]}<\/script>\n<!-- \/ Yoast SEO plugin. -->","yoast_head_json":{"title":"Pamplona celebra del 14 al 19 de octubre la primera Semana de la Diversidad Cultural, con charlas, m\u00fasica, deporte, artesan\u00eda y el Campeonato Mundial de Cueca","description":"Todas las actividades son gratuitas y se celebran en diferentes espacios, varios de ellos al aire libre, para visibilizar la diversidad cultural","robots":{"index":"index","follow":"follow","max-snippet":"max-snippet:-1","max-image-preview":"max-image-preview:large","max-video-preview":"max-video-preview:-1"},"canonical":"https:\/\/www.laguiadepamplona.com\/actualidad\/pamplona-celebra-del-14-al-19-de-octubre-la-primera-semana-de-la-diversidad-cultural-con-charlas-musica-deporte-artesania-y-el-campeonato-mundial-de-cueca\/","og_locale":"es_ES","og_type":"article","og_title":"Pamplona celebra del 14 al 19 de octubre la primera Semana de la Diversidad Cultural, con charlas, m\u00fasica, deporte, artesan\u00eda y el Campeonato Mundial de Cueca","og_description":"Todas las actividades son gratuitas y se celebran en diferentes espacios, varios de ellos al aire libre, para visibilizar la diversidad cultural","og_url":"https:\/\/www.laguiadepamplona.com\/actualidad\/pamplona-celebra-del-14-al-19-de-octubre-la-primera-semana-de-la-diversidad-cultural-con-charlas-musica-deporte-artesania-y-el-campeonato-mundial-de-cueca\/","og_site_name":"La Gu\u00eda de Pamplona","article_publisher":"https:\/\/www.facebook.com\/laguiadepamplonacom-133175176762273\/?ref=hl","article_published_time":"2024-10-07T11:21:10+00:00","og_image":[{"width":1000,"height":1400,"url":"https:\/\/www.laguiadepamplona.com\/actualidad\/wp-content\/uploads\/2024\/10\/cartelsemanadeladiversidad.webp","type":"image\/webp"}],"author":"La Gu\u00eda de Pamplona","twitter_card":"summary_large_image","twitter_creator":"@LaGuiadPamplona","twitter_site":"@LaGuiadPamplona","twitter_misc":{"Escrito por":"La Gu\u00eda de Pamplona","Tiempo de lectura":"5 minutos"},"schema":{"@context":"https:\/\/schema.org","@graph":[{"@type":"Article","@id":"https:\/\/www.laguiadepamplona.com\/actualidad\/pamplona-celebra-del-14-al-19-de-octubre-la-primera-semana-de-la-diversidad-cultural-con-charlas-musica-deporte-artesania-y-el-campeonato-mundial-de-cueca\/#article","isPartOf":{"@id":"https:\/\/www.laguiadepamplona.com\/actualidad\/pamplona-celebra-del-14-al-19-de-octubre-la-primera-semana-de-la-diversidad-cultural-con-charlas-musica-deporte-artesania-y-el-campeonato-mundial-de-cueca\/"},"author":{"name":"La Gu\u00eda de Pamplona","@id":"https:\/\/www.laguiadepamplona.com\/actualidad\/#\/schema\/person\/efe887376f0213d4657c93adc50b1fdb"},"headline":"Pamplona celebra del 14 al 19 de octubre la primera Semana de la Diversidad Cultural, con charlas, m\u00fasica, deporte, artesan\u00eda y el Campeonato Mundial de Cueca","datePublished":"2024-10-07T11:21:10+00:00","mainEntityOfPage":{"@id":"https:\/\/www.laguiadepamplona.com\/actualidad\/pamplona-celebra-del-14-al-19-de-octubre-la-primera-semana-de-la-diversidad-cultural-con-charlas-musica-deporte-artesania-y-el-campeonato-mundial-de-cueca\/"},"wordCount":1120,"commentCount":0,"publisher":{"@id":"https:\/\/www.laguiadepamplona.com\/actualidad\/#organization"},"image":{"@id":"https:\/\/www.laguiadepamplona.com\/actualidad\/pamplona-celebra-del-14-al-19-de-octubre-la-primera-semana-de-la-diversidad-cultural-con-charlas-musica-deporte-artesania-y-el-campeonato-mundial-de-cueca\/#primaryimage"},"thumbnailUrl":"https:\/\/www.laguiadepamplona.com\/actualidad\/wp-content\/uploads\/2024\/10\/cartelsemanadeladiversidad.webp","articleSection":["Ayto Pamplona"],"inLanguage":"es","potentialAction":[{"@type":"CommentAction","name":"Comment","target":["https:\/\/www.laguiadepamplona.com\/actualidad\/pamplona-celebra-del-14-al-19-de-octubre-la-primera-semana-de-la-diversidad-cultural-con-charlas-musica-deporte-artesania-y-el-campeonato-mundial-de-cueca\/#respond"]}]},{"@type":"WebPage","@id":"https:\/\/www.laguiadepamplona.com\/actualidad\/pamplona-celebra-del-14-al-19-de-octubre-la-primera-semana-de-la-diversidad-cultural-con-charlas-musica-deporte-artesania-y-el-campeonato-mundial-de-cueca\/","url":"https:\/\/www.laguiadepamplona.com\/actualidad\/pamplona-celebra-del-14-al-19-de-octubre-la-primera-semana-de-la-diversidad-cultural-con-charlas-musica-deporte-artesania-y-el-campeonato-mundial-de-cueca\/","name":"Pamplona celebra del 14 al 19 de octubre la primera Semana de la Diversidad Cultural, con charlas, m\u00fasica, deporte, artesan\u00eda y el Campeonato Mundial de Cueca","isPartOf":{"@id":"https:\/\/www.laguiadepamplona.com\/actualidad\/#website"},"primaryImageOfPage":{"@id":"https:\/\/www.laguiadepamplona.com\/actualidad\/pamplona-celebra-del-14-al-19-de-octubre-la-primera-semana-de-la-diversidad-cultural-con-charlas-musica-deporte-artesania-y-el-campeonato-mundial-de-cueca\/#primaryimage"},"image":{"@id":"https:\/\/www.laguiadepamplona.com\/actualidad\/pamplona-celebra-del-14-al-19-de-octubre-la-primera-semana-de-la-diversidad-cultural-con-charlas-musica-deporte-artesania-y-el-campeonato-mundial-de-cueca\/#primaryimage"},"thumbnailUrl":"https:\/\/www.laguiadepamplona.com\/actualidad\/wp-content\/uploads\/2024\/10\/cartelsemanadeladiversidad.webp","datePublished":"2024-10-07T11:21:10+00:00","description":"Todas las actividades son gratuitas y se celebran en diferentes espacios, varios de ellos al aire libre, para visibilizar la diversidad cultural","breadcrumb":{"@id":"https:\/\/www.laguiadepamplona.com\/actualidad\/pamplona-celebra-del-14-al-19-de-octubre-la-primera-semana-de-la-diversidad-cultural-con-charlas-musica-deporte-artesania-y-el-campeonato-mundial-de-cueca\/#breadcrumb"},"inLanguage":"es","potentialAction":[{"@type":"ReadAction","target":["https:\/\/www.laguiadepamplona.com\/actualidad\/pamplona-celebra-del-14-al-19-de-octubre-la-primera-semana-de-la-diversidad-cultural-con-charlas-musica-deporte-artesania-y-el-campeonato-mundial-de-cueca\/"]}]},{"@type":"ImageObject","inLanguage":"es","@id":"https:\/\/www.laguiadepamplona.com\/actualidad\/pamplona-celebra-del-14-al-19-de-octubre-la-primera-semana-de-la-diversidad-cultural-con-charlas-musica-deporte-artesania-y-el-campeonato-mundial-de-cueca\/#primaryimage","url":"https:\/\/www.laguiadepamplona.com\/actualidad\/wp-content\/uploads\/2024\/10\/cartelsemanadeladiversidad.webp","contentUrl":"https:\/\/www.laguiadepamplona.com\/actualidad\/wp-content\/uploads\/2024\/10\/cartelsemanadeladiversidad.webp","width":1000,"height":1400,"caption":"cartel semana de la diversidad"},{"@type":"BreadcrumbList","@id":"https:\/\/www.laguiadepamplona.com\/actualidad\/pamplona-celebra-del-14-al-19-de-octubre-la-primera-semana-de-la-diversidad-cultural-con-charlas-musica-deporte-artesania-y-el-campeonato-mundial-de-cueca\/#breadcrumb","itemListElement":[{"@type":"ListItem","position":1,"name":"Portada","item":"https:\/\/www.laguiadepamplona.com\/actualidad\/"},{"@type":"ListItem","position":2,"name":"Pamplona celebra del 14 al 19 de octubre la primera Semana de la Diversidad Cultural, con charlas, m\u00fasica, deporte, artesan\u00eda y el Campeonato Mundial de Cueca"}]},{"@type":"WebSite","@id":"https:\/\/www.laguiadepamplona.com\/actualidad\/#website","url":"https:\/\/www.laguiadepamplona.com\/actualidad\/","name":"La gu\u00eda de Pamplona","description":"Noticias de Pamplona","publisher":{"@id":"https:\/\/www.laguiadepamplona.com\/actualidad\/#organization"},"potentialAction":[{"@type":"SearchAction","target":{"@type":"EntryPoint","urlTemplate":"https:\/\/www.laguiadepamplona.com\/actualidad\/?s={search_term_string}"},"query-input":{"@type":"PropertyValueSpecification","valueRequired":true,"valueName":"search_term_string"}}],"inLanguage":"es"},{"@type":"Organization","@id":"https:\/\/www.laguiadepamplona.com\/actualidad\/#organization","name":"La Gu\u00eda de Pamplona \/ Noticias","url":"https:\/\/www.laguiadepamplona.com\/actualidad\/","logo":{"@type":"ImageObject","inLanguage":"es","@id":"https:\/\/www.laguiadepamplona.com\/actualidad\/#\/schema\/logo\/image\/","url":"https:\/\/www.laguiadepamplona.com\/actualidad\/wp-content\/uploads\/2018\/11\/logo-laguiadepamplona18-web1.png","contentUrl":"https:\/\/www.laguiadepamplona.com\/actualidad\/wp-content\/uploads\/2018\/11\/logo-laguiadepamplona18-web1.png","width":600,"height":196,"caption":"La Gu\u00eda de Pamplona \/ Noticias"},"image":{"@id":"https:\/\/www.laguiadepamplona.com\/actualidad\/#\/schema\/logo\/image\/"},"sameAs":["https:\/\/www.facebook.com\/laguiadepamplonacom-133175176762273\/?ref=hl","https:\/\/x.com\/LaGuiadPamplona","https:\/\/www.instagram.com\/la_guia_de_pamplona\/","https:\/\/www.youtube.com\/user\/laguiadepamplona"]},{"@type":"Person","@id":"https:\/\/www.laguiadepamplona.com\/actualidad\/#\/schema\/person\/efe887376f0213d4657c93adc50b1fdb","name":"La Gu\u00eda de Pamplona","image":{"@type":"ImageObject","inLanguage":"es","@id":"https:\/\/secure.gravatar.com\/avatar\/b6992f131dc8d30ab0dff15446e9d346d9dbd95992de0fef795073f5ea83a81c?s=96&d=mm&r=g","url":"https:\/\/secure.gravatar.com\/avatar\/b6992f131dc8d30ab0dff15446e9d346d9dbd95992de0fef795073f5ea83a81c?s=96&d=mm&r=g","contentUrl":"https:\/\/secure.gravatar.com\/avatar\/b6992f131dc8d30ab0dff15446e9d346d9dbd95992de0fef795073f5ea83a81c?s=96&d=mm&r=g","caption":"La Gu\u00eda de Pamplona"}}]}},"post_mailing_queue_ids":[],"_links":{"self":[{"href":"https:\/\/www.laguiadepamplona.com\/actualidad\/wp-json\/wp\/v2\/posts\/50930","targetHints":{"allow":["GET"]}}],"collection":[{"href":"https:\/\/www.laguiadepamplona.com\/actualidad\/wp-json\/wp\/v2\/posts"}],"about":[{"href":"https:\/\/www.laguiadepamplona.com\/actualidad\/wp-json\/wp\/v2\/types\/post"}],"author":[{"embeddable":true,"href":"https:\/\/www.laguiadepamplona.com\/actualidad\/wp-json\/wp\/v2\/users\/1"}],"replies":[{"embeddable":true,"href":"https:\/\/www.laguiadepamplona.com\/actualidad\/wp-json\/wp\/v2\/comments?post=50930"}],"version-history":[{"count":1,"href":"https:\/\/www.laguiadepamplona.com\/actualidad\/wp-json\/wp\/v2\/posts\/50930\/revisions"}],"predecessor-version":[{"id":50932,"href":"https:\/\/www.laguiadepamplona.com\/actualidad\/wp-json\/wp\/v2\/posts\/50930\/revisions\/50932"}],"wp:featuredmedia":[{"embeddable":true,"href":"https:\/\/www.laguiadepamplona.com\/actualidad\/wp-json\/wp\/v2\/media\/50931"}],"wp:attachment":[{"href":"https:\/\/www.laguiadepamplona.com\/actualidad\/wp-json\/wp\/v2\/media?parent=50930"}],"wp:term":[{"taxonomy":"category","embeddable":true,"href":"https:\/\/www.laguiadepamplona.com\/actualidad\/wp-json\/wp\/v2\/categories?post=50930"},{"taxonomy":"post_tag","embeddable":true,"href":"https:\/\/www.laguiadepamplona.com\/actualidad\/wp-json\/wp\/v2\/tags?post=50930"}],"curies":[{"name":"wp","href":"https:\/\/api.w.org\/{rel}","templated":true}]}}