{"id":50920,"date":"2024-10-04T16:59:51","date_gmt":"2024-10-04T14:59:51","guid":{"rendered":"https:\/\/www.laguiadepamplona.com\/actualidad\/?p=50920"},"modified":"2024-10-04T16:59:51","modified_gmt":"2024-10-04T14:59:51","slug":"policia-municipal-realizara-del-7-al-12-de-octubre-una-campana-de-control-de-las-interacciones-entre-peatones-bicis-vmp-y-resto-de-vehiculos-a-motor","status":"publish","type":"post","link":"https:\/\/www.laguiadepamplona.com\/actualidad\/policia-municipal-realizara-del-7-al-12-de-octubre-una-campana-de-control-de-las-interacciones-entre-peatones-bicis-vmp-y-resto-de-vehiculos-a-motor\/","title":{"rendered":"Polic\u00eda Municipal realizar\u00e1 del 7 al 12 de octubre una campa\u00f1a de control de las interacciones entre peatones, bicis, VMP y resto de veh\u00edculos a motor"},"content":{"rendered":"<h2>Se busca corregir conductas que infringen la Ordenanza de Movilidad, especialmente las que han suscitado m\u00e1s quejas ciudadanas<\/h2>\n<p><!--more--><\/p>\n<p>Polic\u00eda Municipal de Pamplona realizar\u00e1 del 7 al 12 de octubre de 2024 una campa\u00f1a de control de las interacciones entre peatones, conductores bicicletas, veh\u00edculos de movilidad personal (VMP) y resto de veh\u00edculos motorizados en los distintos barrios de la ciudad. La Brigada de Proximidad del Grupo de Tr\u00e1fico busca con esta iniciativa corregir las conductas que infringen la Ordenanza de Movilidad, focalizando su esfuerzo en el tipo de comportamientos que han suscitado m\u00e1s quejas ciudadanas. La base de trabajo es que en Pamplona hay conflictos en los desplazamientos entre peatones, ciclistas, y VMP, principalmente en aceras, zonas peatonales y pasos de cebra, y que es necesario que el resto de veh\u00edculos respetan bicis y VPM cuando compartan la circulaci\u00f3n por la calzada.<\/p>\n<p>Aunque est\u00e1n previstos controles fijos de 20 minutos que se sumar\u00e1n al patrullaje ordinario, la polic\u00eda vigilar\u00e1 especialmente aquellas calles que disponen de carriles bici y calles limitadas a 30km\/h y el tr\u00e1fico en general en las franjas horarias m\u00e1s concurridas por los ciclistas: horarios de entradas y salidas de trabajo, colegios y universidades, as\u00ed como las zonas de esparcimiento por la tarde (Vuelta del Castillo, Paseo del Arga&#8230;). Adem\u00e1s, en el patrullaje nocturno se prestar\u00e1 especial atenci\u00f3n al cumplimiento de la obligaci\u00f3n de los sistemas de alumbrado de bicis y VMP, y en el caso de estos \u00faltimo, tambi\u00e9n de chaleco reflectante. Los agentes bien simplemente apercibir\u00e1n o bien interpondr\u00e1n denuncia, en funci\u00f3n del peligro o riesgo que cause la infracci\u00f3n.<\/p>\n<p>El principal objetivo de la campa\u00f1a municipal es conseguir que las aceras sean un espacio para los peatones, impidiendo que sean utilizadas por conductores de bicicletas y VMP, que deben ocupar aquellos que les se\u00f1ala la ordenanza. En el caso de la circulaci\u00f3n por calzada se busca que quienes conducen respeten estos sistemas de movilidad. Paralelamente se busca concienciar a quienes andan por la calle de que no deben invadir los carriles bici ni detenerse en ellos.<\/p>\n<p>En 2019 el Ayuntamiento de Pamplona aprob\u00f3 una <a href=\"https:\/\/www.pamplona.es\/sites\/default\/files\/2018-12\/trafico.pdf\" target=\"_blank\" rel=\"noopener\">ordenanza de tr\u00e1fico y movilidad<\/a> para regular el aumento de otras formas de movilidad m\u00e1s sostenible y con el peat\u00f3n como protagonista, al hilo de las tendencias del resto de pa\u00edses europeos. Esta normativa vino a sustituir a la que regulaba el tr\u00e1fico en Pamplona desde 1998.<\/p>\n<p><strong>Lo que NO hay que hacer<\/strong><\/p>\n<p>Las conductas que se pretende corregir en quienes conducen bicicletas o VPM son, por un lado, las que salvaguardan a los peatones, es decir conductas como circular por las aceras o haciendo uso de auriculares o tel\u00e9fono m\u00f3vil y no respetar la distancia m\u00ednima con el peat\u00f3n de 1,5 metros en las calles residenciales y parques, as\u00ed como rodar sin respetar la distancia de 2 metros a los accesos a portales en esas mismas zonas. Pero tambi\u00e9n se vigilar\u00e1n las que inciden directamente en la seguridad de el o la ciclista o de quien conduce un VMP: circular a velocidad inadecuada, rebasar sem\u00e1foros en rojo, circular montado en el veh\u00edculo en los pasos de peatones no habilitados o sin luces en situaciones de baja visibilidad adem\u00e1s de, espec\u00edficamente, en VMP el uso de chaleco reflectante por la noche. Tambi\u00e9n no llevar casco protector en los conductores de VMP o, en estos veh\u00edculos y en las bicicletas, carecer de timbre.<\/p>\n<p>En el caso de medidas de seguridad en las que se ven involucrados los veh\u00edculos a motor tradicionales, se sancionar\u00e1 el no respetar la distancia de seguridad con bicis y VMP en calzada, siempre en relaci\u00f3n a la velocidad que mantengan y el no realizar los adelantamientos cambiando de carril, se recordar\u00e1 que est\u00e1 prohibido hostigar a bicis y VMP y que estos veh\u00edculos pueden cruzar sin bajarse en los pasos de peatones habilitados y con prioridad de paso, siempre cercior\u00e1ndose de que han sido observado por quien conduce el veh\u00edculo que se aproxima.<\/p>\n<p><strong>Circular con menores<\/strong><\/p>\n<p>En el caso de menores de edad, en la normativa hay algunas previsiones espec\u00edficas. En las bicis, aunque como norma general queda prohibida su circulaci\u00f3n por las aceras, se autoriza a las personas menores de hasta 14 a\u00f1os, a circular en bicicleta por las aceras, bien solas, bien acompa\u00f1adas por una o dos personas mayores de edad responsables, que tambi\u00e9n podr\u00e1n circular en bicicleta por la acera. Tanto las personas mayores como las menores estar\u00e1n obligadas a respetar en todo momento la prioridad peatonal, y adecuar su velocidad a la de las y los peatones.<\/p>\n<p>En el caso del transporte de menores, las bicicletas y ciclos que, por construcci\u00f3n, no puedan ser ocupadas por m\u00e1s de una persona, podr\u00e1n transportar, no obstante, cuando quien conduzca sea mayor de edad, a un o una menor de hasta siete a\u00f1os, en un asiento adicional o silla acoplada a las mismas debidamente homologada. La silla deber\u00e1 contar con elementos reflectantes. En todo caso es obligatorio para el o la menor llevar un casco protector debidamente homologado, correctamente sujeto y ajustado en la cabeza. El casco es obligatorio en todo caso, adem\u00e1s, en los ciclistas menores de 16 a\u00f1os.<\/p>\n<p>Y en los VMP se recuerda que edad m\u00ednima permitida para circular por las v\u00edas y espacios p\u00fablicos es de 14 a\u00f1os. Los menores de 14 a\u00f1os s\u00f3lo podr\u00e1n hacer uso de estos veh\u00edculos por los paseos, fuera de las zonas de circulaci\u00f3n, en espacios cerrados al tr\u00e1fico, acompa\u00f1ados y bajo la responsabilidad de sus progenitores o tutores. Los VMP han de estar debidamente homologados y ser adecuados para su edad, altura y peso.<\/p>\n","protected":false},"excerpt":{"rendered":"<p>Se busca corregir conductas que infringen la Ordenanza de Movilidad, especialmente las que han suscitado m\u00e1s quejas ciudadanas<\/p>\n","protected":false},"author":1,"featured_media":50921,"comment_status":"open","ping_status":"closed","sticky":false,"template":"","format":"standard","meta":{"footnotes":""},"categories":[2],"tags":[],"class_list":["post-50920","post","type-post","status-publish","format-standard","has-post-thumbnail","hentry","category-ayuntamiento-pamplona"],"yoast_head":"<!-- This site is optimized with the Yoast SEO plugin v27.3 - https:\/\/yoast.com\/product\/yoast-seo-wordpress\/ -->\n<title>Polic\u00eda Municipal realizar\u00e1 del 7 al 12 de octubre una campa\u00f1a de control de las interacciones entre peatones, bicis, VMP y resto de veh\u00edculos a motor<\/title>\n<meta name=\"description\" content=\"Se busca corregir conductas que infringen la Ordenanza de Movilidad, especialmente las que han suscitado m\u00e1s quejas ciudadanas\" \/>\n<meta name=\"robots\" content=\"index, follow, max-snippet:-1, max-image-preview:large, max-video-preview:-1\" \/>\n<link rel=\"canonical\" href=\"https:\/\/www.laguiadepamplona.com\/actualidad\/policia-municipal-realizara-del-7-al-12-de-octubre-una-campana-de-control-de-las-interacciones-entre-peatones-bicis-vmp-y-resto-de-vehiculos-a-motor\/\" \/>\n<meta property=\"og:locale\" content=\"es_ES\" \/>\n<meta property=\"og:type\" content=\"article\" \/>\n<meta property=\"og:title\" content=\"Polic\u00eda Municipal realizar\u00e1 del 7 al 12 de octubre una campa\u00f1a de control de las interacciones entre peatones, bicis, VMP y resto de veh\u00edculos a motor\" \/>\n<meta property=\"og:description\" content=\"Se busca corregir conductas que infringen la Ordenanza de Movilidad, especialmente las que han suscitado m\u00e1s quejas ciudadanas\" \/>\n<meta property=\"og:url\" content=\"https:\/\/www.laguiadepamplona.com\/actualidad\/policia-municipal-realizara-del-7-al-12-de-octubre-una-campana-de-control-de-las-interacciones-entre-peatones-bicis-vmp-y-resto-de-vehiculos-a-motor\/\" \/>\n<meta property=\"og:site_name\" content=\"La Gu\u00eda de Pamplona\" \/>\n<meta property=\"article:publisher\" content=\"https:\/\/www.facebook.com\/laguiadepamplonacom-133175176762273\/?ref=hl\" \/>\n<meta property=\"article:published_time\" content=\"2024-10-04T14:59:51+00:00\" \/>\n<meta property=\"og:image\" content=\"https:\/\/www.laguiadepamplona.com\/actualidad\/wp-content\/uploads\/2024\/10\/campana-control-bicis-y-vmp_web.webp\" \/>\n\t<meta property=\"og:image:width\" content=\"1000\" \/>\n\t<meta property=\"og:image:height\" content=\"667\" \/>\n\t<meta property=\"og:image:type\" content=\"image\/webp\" \/>\n<meta name=\"author\" content=\"La Gu\u00eda de Pamplona\" \/>\n<meta name=\"twitter:card\" content=\"summary_large_image\" \/>\n<meta name=\"twitter:creator\" content=\"@LaGuiadPamplona\" \/>\n<meta name=\"twitter:site\" content=\"@LaGuiadPamplona\" \/>\n<meta name=\"twitter:label1\" content=\"Escrito por\" \/>\n\t<meta name=\"twitter:data1\" content=\"La Gu\u00eda de Pamplona\" \/>\n\t<meta name=\"twitter:label2\" content=\"Tiempo de lectura\" \/>\n\t<meta name=\"twitter:data2\" content=\"5 minutos\" \/>\n<script type=\"application\/ld+json\" class=\"yoast-schema-graph\">{\"@context\":\"https:\\\/\\\/schema.org\",\"@graph\":[{\"@type\":\"Article\",\"@id\":\"https:\\\/\\\/www.laguiadepamplona.com\\\/actualidad\\\/policia-municipal-realizara-del-7-al-12-de-octubre-una-campana-de-control-de-las-interacciones-entre-peatones-bicis-vmp-y-resto-de-vehiculos-a-motor\\\/#article\",\"isPartOf\":{\"@id\":\"https:\\\/\\\/www.laguiadepamplona.com\\\/actualidad\\\/policia-municipal-realizara-del-7-al-12-de-octubre-una-campana-de-control-de-las-interacciones-entre-peatones-bicis-vmp-y-resto-de-vehiculos-a-motor\\\/\"},\"author\":{\"name\":\"La Gu\u00eda de Pamplona\",\"@id\":\"https:\\\/\\\/www.laguiadepamplona.com\\\/actualidad\\\/#\\\/schema\\\/person\\\/efe887376f0213d4657c93adc50b1fdb\"},\"headline\":\"Polic\u00eda Municipal realizar\u00e1 del 7 al 12 de octubre una campa\u00f1a de control de las interacciones entre peatones, bicis, VMP y resto de veh\u00edculos a motor\",\"datePublished\":\"2024-10-04T14:59:51+00:00\",\"mainEntityOfPage\":{\"@id\":\"https:\\\/\\\/www.laguiadepamplona.com\\\/actualidad\\\/policia-municipal-realizara-del-7-al-12-de-octubre-una-campana-de-control-de-las-interacciones-entre-peatones-bicis-vmp-y-resto-de-vehiculos-a-motor\\\/\"},\"wordCount\":1013,\"commentCount\":0,\"publisher\":{\"@id\":\"https:\\\/\\\/www.laguiadepamplona.com\\\/actualidad\\\/#organization\"},\"image\":{\"@id\":\"https:\\\/\\\/www.laguiadepamplona.com\\\/actualidad\\\/policia-municipal-realizara-del-7-al-12-de-octubre-una-campana-de-control-de-las-interacciones-entre-peatones-bicis-vmp-y-resto-de-vehiculos-a-motor\\\/#primaryimage\"},\"thumbnailUrl\":\"https:\\\/\\\/www.laguiadepamplona.com\\\/actualidad\\\/wp-content\\\/uploads\\\/2024\\\/10\\\/campana-control-bicis-y-vmp_web.webp\",\"articleSection\":[\"Ayto Pamplona\"],\"inLanguage\":\"es\",\"potentialAction\":[{\"@type\":\"CommentAction\",\"name\":\"Comment\",\"target\":[\"https:\\\/\\\/www.laguiadepamplona.com\\\/actualidad\\\/policia-municipal-realizara-del-7-al-12-de-octubre-una-campana-de-control-de-las-interacciones-entre-peatones-bicis-vmp-y-resto-de-vehiculos-a-motor\\\/#respond\"]}]},{\"@type\":\"WebPage\",\"@id\":\"https:\\\/\\\/www.laguiadepamplona.com\\\/actualidad\\\/policia-municipal-realizara-del-7-al-12-de-octubre-una-campana-de-control-de-las-interacciones-entre-peatones-bicis-vmp-y-resto-de-vehiculos-a-motor\\\/\",\"url\":\"https:\\\/\\\/www.laguiadepamplona.com\\\/actualidad\\\/policia-municipal-realizara-del-7-al-12-de-octubre-una-campana-de-control-de-las-interacciones-entre-peatones-bicis-vmp-y-resto-de-vehiculos-a-motor\\\/\",\"name\":\"Polic\u00eda Municipal realizar\u00e1 del 7 al 12 de octubre una campa\u00f1a de control de las interacciones entre peatones, bicis, VMP y resto de veh\u00edculos a motor\",\"isPartOf\":{\"@id\":\"https:\\\/\\\/www.laguiadepamplona.com\\\/actualidad\\\/#website\"},\"primaryImageOfPage\":{\"@id\":\"https:\\\/\\\/www.laguiadepamplona.com\\\/actualidad\\\/policia-municipal-realizara-del-7-al-12-de-octubre-una-campana-de-control-de-las-interacciones-entre-peatones-bicis-vmp-y-resto-de-vehiculos-a-motor\\\/#primaryimage\"},\"image\":{\"@id\":\"https:\\\/\\\/www.laguiadepamplona.com\\\/actualidad\\\/policia-municipal-realizara-del-7-al-12-de-octubre-una-campana-de-control-de-las-interacciones-entre-peatones-bicis-vmp-y-resto-de-vehiculos-a-motor\\\/#primaryimage\"},\"thumbnailUrl\":\"https:\\\/\\\/www.laguiadepamplona.com\\\/actualidad\\\/wp-content\\\/uploads\\\/2024\\\/10\\\/campana-control-bicis-y-vmp_web.webp\",\"datePublished\":\"2024-10-04T14:59:51+00:00\",\"description\":\"Se busca corregir conductas que infringen la Ordenanza de Movilidad, especialmente las que han suscitado m\u00e1s quejas ciudadanas\",\"breadcrumb\":{\"@id\":\"https:\\\/\\\/www.laguiadepamplona.com\\\/actualidad\\\/policia-municipal-realizara-del-7-al-12-de-octubre-una-campana-de-control-de-las-interacciones-entre-peatones-bicis-vmp-y-resto-de-vehiculos-a-motor\\\/#breadcrumb\"},\"inLanguage\":\"es\",\"potentialAction\":[{\"@type\":\"ReadAction\",\"target\":[\"https:\\\/\\\/www.laguiadepamplona.com\\\/actualidad\\\/policia-municipal-realizara-del-7-al-12-de-octubre-una-campana-de-control-de-las-interacciones-entre-peatones-bicis-vmp-y-resto-de-vehiculos-a-motor\\\/\"]}]},{\"@type\":\"ImageObject\",\"inLanguage\":\"es\",\"@id\":\"https:\\\/\\\/www.laguiadepamplona.com\\\/actualidad\\\/policia-municipal-realizara-del-7-al-12-de-octubre-una-campana-de-control-de-las-interacciones-entre-peatones-bicis-vmp-y-resto-de-vehiculos-a-motor\\\/#primaryimage\",\"url\":\"https:\\\/\\\/www.laguiadepamplona.com\\\/actualidad\\\/wp-content\\\/uploads\\\/2024\\\/10\\\/campana-control-bicis-y-vmp_web.webp\",\"contentUrl\":\"https:\\\/\\\/www.laguiadepamplona.com\\\/actualidad\\\/wp-content\\\/uploads\\\/2024\\\/10\\\/campana-control-bicis-y-vmp_web.webp\",\"width\":1000,\"height\":667,\"caption\":\"campa\u00f1a control bicis\"},{\"@type\":\"BreadcrumbList\",\"@id\":\"https:\\\/\\\/www.laguiadepamplona.com\\\/actualidad\\\/policia-municipal-realizara-del-7-al-12-de-octubre-una-campana-de-control-de-las-interacciones-entre-peatones-bicis-vmp-y-resto-de-vehiculos-a-motor\\\/#breadcrumb\",\"itemListElement\":[{\"@type\":\"ListItem\",\"position\":1,\"name\":\"Portada\",\"item\":\"https:\\\/\\\/www.laguiadepamplona.com\\\/actualidad\\\/\"},{\"@type\":\"ListItem\",\"position\":2,\"name\":\"Polic\u00eda Municipal realizar\u00e1 del 7 al 12 de octubre una campa\u00f1a de control de las interacciones entre peatones, bicis, VMP y resto de veh\u00edculos a motor\"}]},{\"@type\":\"WebSite\",\"@id\":\"https:\\\/\\\/www.laguiadepamplona.com\\\/actualidad\\\/#website\",\"url\":\"https:\\\/\\\/www.laguiadepamplona.com\\\/actualidad\\\/\",\"name\":\"La gu\u00eda de Pamplona\",\"description\":\"Noticias de Pamplona\",\"publisher\":{\"@id\":\"https:\\\/\\\/www.laguiadepamplona.com\\\/actualidad\\\/#organization\"},\"potentialAction\":[{\"@type\":\"SearchAction\",\"target\":{\"@type\":\"EntryPoint\",\"urlTemplate\":\"https:\\\/\\\/www.laguiadepamplona.com\\\/actualidad\\\/?s={search_term_string}\"},\"query-input\":{\"@type\":\"PropertyValueSpecification\",\"valueRequired\":true,\"valueName\":\"search_term_string\"}}],\"inLanguage\":\"es\"},{\"@type\":\"Organization\",\"@id\":\"https:\\\/\\\/www.laguiadepamplona.com\\\/actualidad\\\/#organization\",\"name\":\"La Gu\u00eda de Pamplona \\\/ Noticias\",\"url\":\"https:\\\/\\\/www.laguiadepamplona.com\\\/actualidad\\\/\",\"logo\":{\"@type\":\"ImageObject\",\"inLanguage\":\"es\",\"@id\":\"https:\\\/\\\/www.laguiadepamplona.com\\\/actualidad\\\/#\\\/schema\\\/logo\\\/image\\\/\",\"url\":\"https:\\\/\\\/www.laguiadepamplona.com\\\/actualidad\\\/wp-content\\\/uploads\\\/2018\\\/11\\\/logo-laguiadepamplona18-web1.png\",\"contentUrl\":\"https:\\\/\\\/www.laguiadepamplona.com\\\/actualidad\\\/wp-content\\\/uploads\\\/2018\\\/11\\\/logo-laguiadepamplona18-web1.png\",\"width\":600,\"height\":196,\"caption\":\"La Gu\u00eda de Pamplona \\\/ Noticias\"},\"image\":{\"@id\":\"https:\\\/\\\/www.laguiadepamplona.com\\\/actualidad\\\/#\\\/schema\\\/logo\\\/image\\\/\"},\"sameAs\":[\"https:\\\/\\\/www.facebook.com\\\/laguiadepamplonacom-133175176762273\\\/?ref=hl\",\"https:\\\/\\\/x.com\\\/LaGuiadPamplona\",\"https:\\\/\\\/www.instagram.com\\\/la_guia_de_pamplona\\\/\",\"https:\\\/\\\/www.youtube.com\\\/user\\\/laguiadepamplona\"]},{\"@type\":\"Person\",\"@id\":\"https:\\\/\\\/www.laguiadepamplona.com\\\/actualidad\\\/#\\\/schema\\\/person\\\/efe887376f0213d4657c93adc50b1fdb\",\"name\":\"La Gu\u00eda de Pamplona\",\"image\":{\"@type\":\"ImageObject\",\"inLanguage\":\"es\",\"@id\":\"https:\\\/\\\/secure.gravatar.com\\\/avatar\\\/b6992f131dc8d30ab0dff15446e9d346d9dbd95992de0fef795073f5ea83a81c?s=96&d=mm&r=g\",\"url\":\"https:\\\/\\\/secure.gravatar.com\\\/avatar\\\/b6992f131dc8d30ab0dff15446e9d346d9dbd95992de0fef795073f5ea83a81c?s=96&d=mm&r=g\",\"contentUrl\":\"https:\\\/\\\/secure.gravatar.com\\\/avatar\\\/b6992f131dc8d30ab0dff15446e9d346d9dbd95992de0fef795073f5ea83a81c?s=96&d=mm&r=g\",\"caption\":\"La Gu\u00eda de Pamplona\"}}]}<\/script>\n<!-- \/ Yoast SEO plugin. -->","yoast_head_json":{"title":"Polic\u00eda Municipal realizar\u00e1 del 7 al 12 de octubre una campa\u00f1a de control de las interacciones entre peatones, bicis, VMP y resto de veh\u00edculos a motor","description":"Se busca corregir conductas que infringen la Ordenanza de Movilidad, especialmente las que han suscitado m\u00e1s quejas ciudadanas","robots":{"index":"index","follow":"follow","max-snippet":"max-snippet:-1","max-image-preview":"max-image-preview:large","max-video-preview":"max-video-preview:-1"},"canonical":"https:\/\/www.laguiadepamplona.com\/actualidad\/policia-municipal-realizara-del-7-al-12-de-octubre-una-campana-de-control-de-las-interacciones-entre-peatones-bicis-vmp-y-resto-de-vehiculos-a-motor\/","og_locale":"es_ES","og_type":"article","og_title":"Polic\u00eda Municipal realizar\u00e1 del 7 al 12 de octubre una campa\u00f1a de control de las interacciones entre peatones, bicis, VMP y resto de veh\u00edculos a motor","og_description":"Se busca corregir conductas que infringen la Ordenanza de Movilidad, especialmente las que han suscitado m\u00e1s quejas ciudadanas","og_url":"https:\/\/www.laguiadepamplona.com\/actualidad\/policia-municipal-realizara-del-7-al-12-de-octubre-una-campana-de-control-de-las-interacciones-entre-peatones-bicis-vmp-y-resto-de-vehiculos-a-motor\/","og_site_name":"La Gu\u00eda de Pamplona","article_publisher":"https:\/\/www.facebook.com\/laguiadepamplonacom-133175176762273\/?ref=hl","article_published_time":"2024-10-04T14:59:51+00:00","og_image":[{"width":1000,"height":667,"url":"https:\/\/www.laguiadepamplona.com\/actualidad\/wp-content\/uploads\/2024\/10\/campana-control-bicis-y-vmp_web.webp","type":"image\/webp"}],"author":"La Gu\u00eda de Pamplona","twitter_card":"summary_large_image","twitter_creator":"@LaGuiadPamplona","twitter_site":"@LaGuiadPamplona","twitter_misc":{"Escrito por":"La Gu\u00eda de Pamplona","Tiempo de lectura":"5 minutos"},"schema":{"@context":"https:\/\/schema.org","@graph":[{"@type":"Article","@id":"https:\/\/www.laguiadepamplona.com\/actualidad\/policia-municipal-realizara-del-7-al-12-de-octubre-una-campana-de-control-de-las-interacciones-entre-peatones-bicis-vmp-y-resto-de-vehiculos-a-motor\/#article","isPartOf":{"@id":"https:\/\/www.laguiadepamplona.com\/actualidad\/policia-municipal-realizara-del-7-al-12-de-octubre-una-campana-de-control-de-las-interacciones-entre-peatones-bicis-vmp-y-resto-de-vehiculos-a-motor\/"},"author":{"name":"La Gu\u00eda de Pamplona","@id":"https:\/\/www.laguiadepamplona.com\/actualidad\/#\/schema\/person\/efe887376f0213d4657c93adc50b1fdb"},"headline":"Polic\u00eda Municipal realizar\u00e1 del 7 al 12 de octubre una campa\u00f1a de control de las interacciones entre peatones, bicis, VMP y resto de veh\u00edculos a motor","datePublished":"2024-10-04T14:59:51+00:00","mainEntityOfPage":{"@id":"https:\/\/www.laguiadepamplona.com\/actualidad\/policia-municipal-realizara-del-7-al-12-de-octubre-una-campana-de-control-de-las-interacciones-entre-peatones-bicis-vmp-y-resto-de-vehiculos-a-motor\/"},"wordCount":1013,"commentCount":0,"publisher":{"@id":"https:\/\/www.laguiadepamplona.com\/actualidad\/#organization"},"image":{"@id":"https:\/\/www.laguiadepamplona.com\/actualidad\/policia-municipal-realizara-del-7-al-12-de-octubre-una-campana-de-control-de-las-interacciones-entre-peatones-bicis-vmp-y-resto-de-vehiculos-a-motor\/#primaryimage"},"thumbnailUrl":"https:\/\/www.laguiadepamplona.com\/actualidad\/wp-content\/uploads\/2024\/10\/campana-control-bicis-y-vmp_web.webp","articleSection":["Ayto Pamplona"],"inLanguage":"es","potentialAction":[{"@type":"CommentAction","name":"Comment","target":["https:\/\/www.laguiadepamplona.com\/actualidad\/policia-municipal-realizara-del-7-al-12-de-octubre-una-campana-de-control-de-las-interacciones-entre-peatones-bicis-vmp-y-resto-de-vehiculos-a-motor\/#respond"]}]},{"@type":"WebPage","@id":"https:\/\/www.laguiadepamplona.com\/actualidad\/policia-municipal-realizara-del-7-al-12-de-octubre-una-campana-de-control-de-las-interacciones-entre-peatones-bicis-vmp-y-resto-de-vehiculos-a-motor\/","url":"https:\/\/www.laguiadepamplona.com\/actualidad\/policia-municipal-realizara-del-7-al-12-de-octubre-una-campana-de-control-de-las-interacciones-entre-peatones-bicis-vmp-y-resto-de-vehiculos-a-motor\/","name":"Polic\u00eda Municipal realizar\u00e1 del 7 al 12 de octubre una campa\u00f1a de control de las interacciones entre peatones, bicis, VMP y resto de veh\u00edculos a motor","isPartOf":{"@id":"https:\/\/www.laguiadepamplona.com\/actualidad\/#website"},"primaryImageOfPage":{"@id":"https:\/\/www.laguiadepamplona.com\/actualidad\/policia-municipal-realizara-del-7-al-12-de-octubre-una-campana-de-control-de-las-interacciones-entre-peatones-bicis-vmp-y-resto-de-vehiculos-a-motor\/#primaryimage"},"image":{"@id":"https:\/\/www.laguiadepamplona.com\/actualidad\/policia-municipal-realizara-del-7-al-12-de-octubre-una-campana-de-control-de-las-interacciones-entre-peatones-bicis-vmp-y-resto-de-vehiculos-a-motor\/#primaryimage"},"thumbnailUrl":"https:\/\/www.laguiadepamplona.com\/actualidad\/wp-content\/uploads\/2024\/10\/campana-control-bicis-y-vmp_web.webp","datePublished":"2024-10-04T14:59:51+00:00","description":"Se busca corregir conductas que infringen la Ordenanza de Movilidad, especialmente las que han suscitado m\u00e1s quejas ciudadanas","breadcrumb":{"@id":"https:\/\/www.laguiadepamplona.com\/actualidad\/policia-municipal-realizara-del-7-al-12-de-octubre-una-campana-de-control-de-las-interacciones-entre-peatones-bicis-vmp-y-resto-de-vehiculos-a-motor\/#breadcrumb"},"inLanguage":"es","potentialAction":[{"@type":"ReadAction","target":["https:\/\/www.laguiadepamplona.com\/actualidad\/policia-municipal-realizara-del-7-al-12-de-octubre-una-campana-de-control-de-las-interacciones-entre-peatones-bicis-vmp-y-resto-de-vehiculos-a-motor\/"]}]},{"@type":"ImageObject","inLanguage":"es","@id":"https:\/\/www.laguiadepamplona.com\/actualidad\/policia-municipal-realizara-del-7-al-12-de-octubre-una-campana-de-control-de-las-interacciones-entre-peatones-bicis-vmp-y-resto-de-vehiculos-a-motor\/#primaryimage","url":"https:\/\/www.laguiadepamplona.com\/actualidad\/wp-content\/uploads\/2024\/10\/campana-control-bicis-y-vmp_web.webp","contentUrl":"https:\/\/www.laguiadepamplona.com\/actualidad\/wp-content\/uploads\/2024\/10\/campana-control-bicis-y-vmp_web.webp","width":1000,"height":667,"caption":"campa\u00f1a control bicis"},{"@type":"BreadcrumbList","@id":"https:\/\/www.laguiadepamplona.com\/actualidad\/policia-municipal-realizara-del-7-al-12-de-octubre-una-campana-de-control-de-las-interacciones-entre-peatones-bicis-vmp-y-resto-de-vehiculos-a-motor\/#breadcrumb","itemListElement":[{"@type":"ListItem","position":1,"name":"Portada","item":"https:\/\/www.laguiadepamplona.com\/actualidad\/"},{"@type":"ListItem","position":2,"name":"Polic\u00eda Municipal realizar\u00e1 del 7 al 12 de octubre una campa\u00f1a de control de las interacciones entre peatones, bicis, VMP y resto de veh\u00edculos a motor"}]},{"@type":"WebSite","@id":"https:\/\/www.laguiadepamplona.com\/actualidad\/#website","url":"https:\/\/www.laguiadepamplona.com\/actualidad\/","name":"La gu\u00eda de Pamplona","description":"Noticias de Pamplona","publisher":{"@id":"https:\/\/www.laguiadepamplona.com\/actualidad\/#organization"},"potentialAction":[{"@type":"SearchAction","target":{"@type":"EntryPoint","urlTemplate":"https:\/\/www.laguiadepamplona.com\/actualidad\/?s={search_term_string}"},"query-input":{"@type":"PropertyValueSpecification","valueRequired":true,"valueName":"search_term_string"}}],"inLanguage":"es"},{"@type":"Organization","@id":"https:\/\/www.laguiadepamplona.com\/actualidad\/#organization","name":"La Gu\u00eda de Pamplona \/ Noticias","url":"https:\/\/www.laguiadepamplona.com\/actualidad\/","logo":{"@type":"ImageObject","inLanguage":"es","@id":"https:\/\/www.laguiadepamplona.com\/actualidad\/#\/schema\/logo\/image\/","url":"https:\/\/www.laguiadepamplona.com\/actualidad\/wp-content\/uploads\/2018\/11\/logo-laguiadepamplona18-web1.png","contentUrl":"https:\/\/www.laguiadepamplona.com\/actualidad\/wp-content\/uploads\/2018\/11\/logo-laguiadepamplona18-web1.png","width":600,"height":196,"caption":"La Gu\u00eda de Pamplona \/ Noticias"},"image":{"@id":"https:\/\/www.laguiadepamplona.com\/actualidad\/#\/schema\/logo\/image\/"},"sameAs":["https:\/\/www.facebook.com\/laguiadepamplonacom-133175176762273\/?ref=hl","https:\/\/x.com\/LaGuiadPamplona","https:\/\/www.instagram.com\/la_guia_de_pamplona\/","https:\/\/www.youtube.com\/user\/laguiadepamplona"]},{"@type":"Person","@id":"https:\/\/www.laguiadepamplona.com\/actualidad\/#\/schema\/person\/efe887376f0213d4657c93adc50b1fdb","name":"La Gu\u00eda de Pamplona","image":{"@type":"ImageObject","inLanguage":"es","@id":"https:\/\/secure.gravatar.com\/avatar\/b6992f131dc8d30ab0dff15446e9d346d9dbd95992de0fef795073f5ea83a81c?s=96&d=mm&r=g","url":"https:\/\/secure.gravatar.com\/avatar\/b6992f131dc8d30ab0dff15446e9d346d9dbd95992de0fef795073f5ea83a81c?s=96&d=mm&r=g","contentUrl":"https:\/\/secure.gravatar.com\/avatar\/b6992f131dc8d30ab0dff15446e9d346d9dbd95992de0fef795073f5ea83a81c?s=96&d=mm&r=g","caption":"La Gu\u00eda de Pamplona"}}]}},"post_mailing_queue_ids":[],"_links":{"self":[{"href":"https:\/\/www.laguiadepamplona.com\/actualidad\/wp-json\/wp\/v2\/posts\/50920","targetHints":{"allow":["GET"]}}],"collection":[{"href":"https:\/\/www.laguiadepamplona.com\/actualidad\/wp-json\/wp\/v2\/posts"}],"about":[{"href":"https:\/\/www.laguiadepamplona.com\/actualidad\/wp-json\/wp\/v2\/types\/post"}],"author":[{"embeddable":true,"href":"https:\/\/www.laguiadepamplona.com\/actualidad\/wp-json\/wp\/v2\/users\/1"}],"replies":[{"embeddable":true,"href":"https:\/\/www.laguiadepamplona.com\/actualidad\/wp-json\/wp\/v2\/comments?post=50920"}],"version-history":[{"count":1,"href":"https:\/\/www.laguiadepamplona.com\/actualidad\/wp-json\/wp\/v2\/posts\/50920\/revisions"}],"predecessor-version":[{"id":50922,"href":"https:\/\/www.laguiadepamplona.com\/actualidad\/wp-json\/wp\/v2\/posts\/50920\/revisions\/50922"}],"wp:featuredmedia":[{"embeddable":true,"href":"https:\/\/www.laguiadepamplona.com\/actualidad\/wp-json\/wp\/v2\/media\/50921"}],"wp:attachment":[{"href":"https:\/\/www.laguiadepamplona.com\/actualidad\/wp-json\/wp\/v2\/media?parent=50920"}],"wp:term":[{"taxonomy":"category","embeddable":true,"href":"https:\/\/www.laguiadepamplona.com\/actualidad\/wp-json\/wp\/v2\/categories?post=50920"},{"taxonomy":"post_tag","embeddable":true,"href":"https:\/\/www.laguiadepamplona.com\/actualidad\/wp-json\/wp\/v2\/tags?post=50920"}],"curies":[{"name":"wp","href":"https:\/\/api.w.org\/{rel}","templated":true}]}}