{"id":50918,"date":"2024-10-04T16:58:01","date_gmt":"2024-10-04T14:58:01","guid":{"rendered":"https:\/\/www.laguiadepamplona.com\/actualidad\/?p=50918"},"modified":"2024-10-04T16:58:01","modified_gmt":"2024-10-04T14:58:01","slug":"la-fachada-de-la-casa-consistorial-se-ilumina-en-color-verde-este-sabado-por-la-celebracion-del-dia-mundial-de-la-meningitis","status":"publish","type":"post","link":"https:\/\/www.laguiadepamplona.com\/actualidad\/la-fachada-de-la-casa-consistorial-se-ilumina-en-color-verde-este-sabado-por-la-celebracion-del-dia-mundial-de-la-meningitis\/","title":{"rendered":"La fachada de la Casa Consistorial se ilumina en color verde este s\u00e1bado por la celebraci\u00f3n del D\u00eda Mundial de la Meningitis"},"content":{"rendered":"<h2>El domingo la iluminaci\u00f3n ser\u00e1 en los colores naranja y azul para secundar el D\u00eda Mundial de la Par\u00e1lisis Cerebral<\/h2>\n<p><!--more--><\/p>\n<p>El Ayuntamiento de Pamplona ilumina su fachada este s\u00e1bado en color verde por la celebraci\u00f3n del D\u00eda Mundial de la Meningitis. La jornada busca crear conciencia sobre la meningitis como un problema de salud p\u00fablica mundial. La meningitis es una enfermedad infecciosa que causa inflamaci\u00f3n severa en la m\u00e9dula espinal y las membranas del cerebro. Puede producir graves lesiones, discapacidad e incluso muerte.<\/p>\n<p>La meningitis suele aparecer en edad infantil, pero puede ser transmitida a cualquier edad, por lo que se recomienda mantener h\u00e1bitos saludables y la vacunaci\u00f3n. Se origina por bacterias, virus, hongos y par\u00e1sitos. Los s\u00edntomas incluyen dolor de cabeza, fiebre y rigidez del cuello; para evitar su propagaci\u00f3n es clave la atenci\u00f3n y aplicaci\u00f3n inmediata del tratamiento.<\/p>\n<p>El D\u00eda Mundial de la Meningitis se celebra el 5 de octubre desde 2022, ya que previamente la campa\u00f1a siempre se hab\u00eda celebrado el 24 de abril. La Confederaci\u00f3n de Organizaciones de Meningitis cambi\u00f3 la fecha para conseguir el apoyo de la Organizaci\u00f3n Mundial de la Salud (OMS), participando en la hoja de ruta para \u00abDerrotar la Meningitis en 2030\u00bb. El hashtag para seguir el tema en redes sociales es #D\u00edamundialdelaMeningitis.<\/p>\n<p><strong>D\u00eda Mundial de la Par\u00e1lisis Cerebral<\/strong><\/p>\n<p>El domingo d\u00eda 6, la iluminaci\u00f3n de la fachada consistorial ser\u00e1 en los colores naranja y azul, para secundar la celebraci\u00f3n del D\u00eda Mundial de la Par\u00e1lisis Cerebral. La jornada tiene por objetivo dar visibilidad a esta condici\u00f3n y recabar apoyo para la investigaci\u00f3n que avance en los tratamientos y mejore la calidad de vida de las personas afectadas y sus familias.<\/p>\n<p>La par\u00e1lisis cerebral se presenta con mayor frecuencia en la infancia y presenta diversos des\u00f3rdenes cerebrales por una lesi\u00f3n en el sistema nervioso central. Esta condici\u00f3n limita las actividades de las personas afectadas, porque afecta a la movilidad y la postura. El grado en el que esta discapacidad afecta es diferente, en funci\u00f3n de la intensidad y el momento concreto en que se produce la lesi\u00f3n.<\/p>\n<p>La par\u00e1lisis cerebral es la causa m\u00e1s frecuente de discapacidad en ni\u00f1os y ni\u00f1as, ya que es un desorden permanente, porque la lesi\u00f3n neurol\u00f3gica es irreversible y persiste a lo largo de toda la vida. El da\u00f1o neurol\u00f3gico no aumenta ni disminuye, aunque las consecuencias y los s\u00edntomas que se vayan manifestando pueden variar.<\/p>\n","protected":false},"excerpt":{"rendered":"<p>El domingo la iluminaci\u00f3n ser\u00e1 en los colores naranja y azul para secundar el D\u00eda Mundial de la Par\u00e1lisis Cerebral<\/p>\n","protected":false},"author":1,"featured_media":50140,"comment_status":"open","ping_status":"closed","sticky":false,"template":"","format":"standard","meta":{"footnotes":""},"categories":[2],"tags":[],"class_list":["post-50918","post","type-post","status-publish","format-standard","has-post-thumbnail","hentry","category-ayuntamiento-pamplona"],"yoast_head":"<!-- This site is optimized with the Yoast SEO plugin v27.3 - https:\/\/yoast.com\/product\/yoast-seo-wordpress\/ -->\n<title>La fachada de la Casa Consistorial se ilumina en color verde este s\u00e1bado por la celebraci\u00f3n del D\u00eda Mundial de la Meningitis<\/title>\n<meta name=\"description\" content=\"El domingo la iluminaci\u00f3n ser\u00e1 en los colores naranja y azul para secundar el D\u00eda Mundial de la Par\u00e1lisis Cerebral\" \/>\n<meta name=\"robots\" content=\"index, follow, max-snippet:-1, max-image-preview:large, max-video-preview:-1\" \/>\n<link rel=\"canonical\" href=\"https:\/\/www.laguiadepamplona.com\/actualidad\/la-fachada-de-la-casa-consistorial-se-ilumina-en-color-verde-este-sabado-por-la-celebracion-del-dia-mundial-de-la-meningitis\/\" \/>\n<meta property=\"og:locale\" content=\"es_ES\" \/>\n<meta property=\"og:type\" content=\"article\" \/>\n<meta property=\"og:title\" content=\"La fachada de la Casa Consistorial se ilumina en color verde este s\u00e1bado por la celebraci\u00f3n del D\u00eda Mundial de la Meningitis\" \/>\n<meta property=\"og:description\" content=\"El domingo la iluminaci\u00f3n ser\u00e1 en los colores naranja y azul para secundar el D\u00eda Mundial de la Par\u00e1lisis Cerebral\" \/>\n<meta property=\"og:url\" content=\"https:\/\/www.laguiadepamplona.com\/actualidad\/la-fachada-de-la-casa-consistorial-se-ilumina-en-color-verde-este-sabado-por-la-celebracion-del-dia-mundial-de-la-meningitis\/\" \/>\n<meta property=\"og:site_name\" content=\"La Gu\u00eda de Pamplona\" \/>\n<meta property=\"article:publisher\" content=\"https:\/\/www.facebook.com\/laguiadepamplonacom-133175176762273\/?ref=hl\" \/>\n<meta property=\"article:published_time\" content=\"2024-10-04T14:58:01+00:00\" \/>\n<meta property=\"og:image\" content=\"https:\/\/www.laguiadepamplona.com\/actualidad\/wp-content\/uploads\/2024\/06\/ayuntamiento_verde.webp\" \/>\n\t<meta property=\"og:image:width\" content=\"1000\" \/>\n\t<meta property=\"og:image:height\" content=\"667\" \/>\n\t<meta property=\"og:image:type\" content=\"image\/webp\" \/>\n<meta name=\"author\" content=\"La Gu\u00eda de Pamplona\" \/>\n<meta name=\"twitter:card\" content=\"summary_large_image\" \/>\n<meta name=\"twitter:creator\" content=\"@LaGuiadPamplona\" \/>\n<meta name=\"twitter:site\" content=\"@LaGuiadPamplona\" \/>\n<meta name=\"twitter:label1\" content=\"Escrito por\" \/>\n\t<meta name=\"twitter:data1\" content=\"La Gu\u00eda de Pamplona\" \/>\n\t<meta name=\"twitter:label2\" content=\"Tiempo de lectura\" \/>\n\t<meta name=\"twitter:data2\" content=\"2 minutos\" \/>\n<script type=\"application\/ld+json\" class=\"yoast-schema-graph\">{\"@context\":\"https:\\\/\\\/schema.org\",\"@graph\":[{\"@type\":\"Article\",\"@id\":\"https:\\\/\\\/www.laguiadepamplona.com\\\/actualidad\\\/la-fachada-de-la-casa-consistorial-se-ilumina-en-color-verde-este-sabado-por-la-celebracion-del-dia-mundial-de-la-meningitis\\\/#article\",\"isPartOf\":{\"@id\":\"https:\\\/\\\/www.laguiadepamplona.com\\\/actualidad\\\/la-fachada-de-la-casa-consistorial-se-ilumina-en-color-verde-este-sabado-por-la-celebracion-del-dia-mundial-de-la-meningitis\\\/\"},\"author\":{\"name\":\"La Gu\u00eda de Pamplona\",\"@id\":\"https:\\\/\\\/www.laguiadepamplona.com\\\/actualidad\\\/#\\\/schema\\\/person\\\/efe887376f0213d4657c93adc50b1fdb\"},\"headline\":\"La fachada de la Casa Consistorial se ilumina en color verde este s\u00e1bado por la celebraci\u00f3n del D\u00eda Mundial de la Meningitis\",\"datePublished\":\"2024-10-04T14:58:01+00:00\",\"mainEntityOfPage\":{\"@id\":\"https:\\\/\\\/www.laguiadepamplona.com\\\/actualidad\\\/la-fachada-de-la-casa-consistorial-se-ilumina-en-color-verde-este-sabado-por-la-celebracion-del-dia-mundial-de-la-meningitis\\\/\"},\"wordCount\":465,\"commentCount\":0,\"publisher\":{\"@id\":\"https:\\\/\\\/www.laguiadepamplona.com\\\/actualidad\\\/#organization\"},\"image\":{\"@id\":\"https:\\\/\\\/www.laguiadepamplona.com\\\/actualidad\\\/la-fachada-de-la-casa-consistorial-se-ilumina-en-color-verde-este-sabado-por-la-celebracion-del-dia-mundial-de-la-meningitis\\\/#primaryimage\"},\"thumbnailUrl\":\"https:\\\/\\\/www.laguiadepamplona.com\\\/actualidad\\\/wp-content\\\/uploads\\\/2024\\\/06\\\/ayuntamiento_verde.webp\",\"articleSection\":[\"Ayto Pamplona\"],\"inLanguage\":\"es\",\"potentialAction\":[{\"@type\":\"CommentAction\",\"name\":\"Comment\",\"target\":[\"https:\\\/\\\/www.laguiadepamplona.com\\\/actualidad\\\/la-fachada-de-la-casa-consistorial-se-ilumina-en-color-verde-este-sabado-por-la-celebracion-del-dia-mundial-de-la-meningitis\\\/#respond\"]}]},{\"@type\":\"WebPage\",\"@id\":\"https:\\\/\\\/www.laguiadepamplona.com\\\/actualidad\\\/la-fachada-de-la-casa-consistorial-se-ilumina-en-color-verde-este-sabado-por-la-celebracion-del-dia-mundial-de-la-meningitis\\\/\",\"url\":\"https:\\\/\\\/www.laguiadepamplona.com\\\/actualidad\\\/la-fachada-de-la-casa-consistorial-se-ilumina-en-color-verde-este-sabado-por-la-celebracion-del-dia-mundial-de-la-meningitis\\\/\",\"name\":\"La fachada de la Casa Consistorial se ilumina en color verde este s\u00e1bado por la celebraci\u00f3n del D\u00eda Mundial de la Meningitis\",\"isPartOf\":{\"@id\":\"https:\\\/\\\/www.laguiadepamplona.com\\\/actualidad\\\/#website\"},\"primaryImageOfPage\":{\"@id\":\"https:\\\/\\\/www.laguiadepamplona.com\\\/actualidad\\\/la-fachada-de-la-casa-consistorial-se-ilumina-en-color-verde-este-sabado-por-la-celebracion-del-dia-mundial-de-la-meningitis\\\/#primaryimage\"},\"image\":{\"@id\":\"https:\\\/\\\/www.laguiadepamplona.com\\\/actualidad\\\/la-fachada-de-la-casa-consistorial-se-ilumina-en-color-verde-este-sabado-por-la-celebracion-del-dia-mundial-de-la-meningitis\\\/#primaryimage\"},\"thumbnailUrl\":\"https:\\\/\\\/www.laguiadepamplona.com\\\/actualidad\\\/wp-content\\\/uploads\\\/2024\\\/06\\\/ayuntamiento_verde.webp\",\"datePublished\":\"2024-10-04T14:58:01+00:00\",\"description\":\"El domingo la iluminaci\u00f3n ser\u00e1 en los colores naranja y azul para secundar el D\u00eda Mundial de la Par\u00e1lisis Cerebral\",\"breadcrumb\":{\"@id\":\"https:\\\/\\\/www.laguiadepamplona.com\\\/actualidad\\\/la-fachada-de-la-casa-consistorial-se-ilumina-en-color-verde-este-sabado-por-la-celebracion-del-dia-mundial-de-la-meningitis\\\/#breadcrumb\"},\"inLanguage\":\"es\",\"potentialAction\":[{\"@type\":\"ReadAction\",\"target\":[\"https:\\\/\\\/www.laguiadepamplona.com\\\/actualidad\\\/la-fachada-de-la-casa-consistorial-se-ilumina-en-color-verde-este-sabado-por-la-celebracion-del-dia-mundial-de-la-meningitis\\\/\"]}]},{\"@type\":\"ImageObject\",\"inLanguage\":\"es\",\"@id\":\"https:\\\/\\\/www.laguiadepamplona.com\\\/actualidad\\\/la-fachada-de-la-casa-consistorial-se-ilumina-en-color-verde-este-sabado-por-la-celebracion-del-dia-mundial-de-la-meningitis\\\/#primaryimage\",\"url\":\"https:\\\/\\\/www.laguiadepamplona.com\\\/actualidad\\\/wp-content\\\/uploads\\\/2024\\\/06\\\/ayuntamiento_verde.webp\",\"contentUrl\":\"https:\\\/\\\/www.laguiadepamplona.com\\\/actualidad\\\/wp-content\\\/uploads\\\/2024\\\/06\\\/ayuntamiento_verde.webp\",\"width\":1000,\"height\":667,\"caption\":\"ayuntamiento verde\"},{\"@type\":\"BreadcrumbList\",\"@id\":\"https:\\\/\\\/www.laguiadepamplona.com\\\/actualidad\\\/la-fachada-de-la-casa-consistorial-se-ilumina-en-color-verde-este-sabado-por-la-celebracion-del-dia-mundial-de-la-meningitis\\\/#breadcrumb\",\"itemListElement\":[{\"@type\":\"ListItem\",\"position\":1,\"name\":\"Portada\",\"item\":\"https:\\\/\\\/www.laguiadepamplona.com\\\/actualidad\\\/\"},{\"@type\":\"ListItem\",\"position\":2,\"name\":\"La fachada de la Casa Consistorial se ilumina en color verde este s\u00e1bado por la celebraci\u00f3n del D\u00eda Mundial de la Meningitis\"}]},{\"@type\":\"WebSite\",\"@id\":\"https:\\\/\\\/www.laguiadepamplona.com\\\/actualidad\\\/#website\",\"url\":\"https:\\\/\\\/www.laguiadepamplona.com\\\/actualidad\\\/\",\"name\":\"La gu\u00eda de Pamplona\",\"description\":\"Noticias de Pamplona\",\"publisher\":{\"@id\":\"https:\\\/\\\/www.laguiadepamplona.com\\\/actualidad\\\/#organization\"},\"potentialAction\":[{\"@type\":\"SearchAction\",\"target\":{\"@type\":\"EntryPoint\",\"urlTemplate\":\"https:\\\/\\\/www.laguiadepamplona.com\\\/actualidad\\\/?s={search_term_string}\"},\"query-input\":{\"@type\":\"PropertyValueSpecification\",\"valueRequired\":true,\"valueName\":\"search_term_string\"}}],\"inLanguage\":\"es\"},{\"@type\":\"Organization\",\"@id\":\"https:\\\/\\\/www.laguiadepamplona.com\\\/actualidad\\\/#organization\",\"name\":\"La Gu\u00eda de Pamplona \\\/ Noticias\",\"url\":\"https:\\\/\\\/www.laguiadepamplona.com\\\/actualidad\\\/\",\"logo\":{\"@type\":\"ImageObject\",\"inLanguage\":\"es\",\"@id\":\"https:\\\/\\\/www.laguiadepamplona.com\\\/actualidad\\\/#\\\/schema\\\/logo\\\/image\\\/\",\"url\":\"https:\\\/\\\/www.laguiadepamplona.com\\\/actualidad\\\/wp-content\\\/uploads\\\/2018\\\/11\\\/logo-laguiadepamplona18-web1.png\",\"contentUrl\":\"https:\\\/\\\/www.laguiadepamplona.com\\\/actualidad\\\/wp-content\\\/uploads\\\/2018\\\/11\\\/logo-laguiadepamplona18-web1.png\",\"width\":600,\"height\":196,\"caption\":\"La Gu\u00eda de Pamplona \\\/ Noticias\"},\"image\":{\"@id\":\"https:\\\/\\\/www.laguiadepamplona.com\\\/actualidad\\\/#\\\/schema\\\/logo\\\/image\\\/\"},\"sameAs\":[\"https:\\\/\\\/www.facebook.com\\\/laguiadepamplonacom-133175176762273\\\/?ref=hl\",\"https:\\\/\\\/x.com\\\/LaGuiadPamplona\",\"https:\\\/\\\/www.instagram.com\\\/la_guia_de_pamplona\\\/\",\"https:\\\/\\\/www.youtube.com\\\/user\\\/laguiadepamplona\"]},{\"@type\":\"Person\",\"@id\":\"https:\\\/\\\/www.laguiadepamplona.com\\\/actualidad\\\/#\\\/schema\\\/person\\\/efe887376f0213d4657c93adc50b1fdb\",\"name\":\"La Gu\u00eda de Pamplona\",\"image\":{\"@type\":\"ImageObject\",\"inLanguage\":\"es\",\"@id\":\"https:\\\/\\\/secure.gravatar.com\\\/avatar\\\/b6992f131dc8d30ab0dff15446e9d346d9dbd95992de0fef795073f5ea83a81c?s=96&d=mm&r=g\",\"url\":\"https:\\\/\\\/secure.gravatar.com\\\/avatar\\\/b6992f131dc8d30ab0dff15446e9d346d9dbd95992de0fef795073f5ea83a81c?s=96&d=mm&r=g\",\"contentUrl\":\"https:\\\/\\\/secure.gravatar.com\\\/avatar\\\/b6992f131dc8d30ab0dff15446e9d346d9dbd95992de0fef795073f5ea83a81c?s=96&d=mm&r=g\",\"caption\":\"La Gu\u00eda de Pamplona\"}}]}<\/script>\n<!-- \/ Yoast SEO plugin. -->","yoast_head_json":{"title":"La fachada de la Casa Consistorial se ilumina en color verde este s\u00e1bado por la celebraci\u00f3n del D\u00eda Mundial de la Meningitis","description":"El domingo la iluminaci\u00f3n ser\u00e1 en los colores naranja y azul para secundar el D\u00eda Mundial de la Par\u00e1lisis Cerebral","robots":{"index":"index","follow":"follow","max-snippet":"max-snippet:-1","max-image-preview":"max-image-preview:large","max-video-preview":"max-video-preview:-1"},"canonical":"https:\/\/www.laguiadepamplona.com\/actualidad\/la-fachada-de-la-casa-consistorial-se-ilumina-en-color-verde-este-sabado-por-la-celebracion-del-dia-mundial-de-la-meningitis\/","og_locale":"es_ES","og_type":"article","og_title":"La fachada de la Casa Consistorial se ilumina en color verde este s\u00e1bado por la celebraci\u00f3n del D\u00eda Mundial de la Meningitis","og_description":"El domingo la iluminaci\u00f3n ser\u00e1 en los colores naranja y azul para secundar el D\u00eda Mundial de la Par\u00e1lisis Cerebral","og_url":"https:\/\/www.laguiadepamplona.com\/actualidad\/la-fachada-de-la-casa-consistorial-se-ilumina-en-color-verde-este-sabado-por-la-celebracion-del-dia-mundial-de-la-meningitis\/","og_site_name":"La Gu\u00eda de Pamplona","article_publisher":"https:\/\/www.facebook.com\/laguiadepamplonacom-133175176762273\/?ref=hl","article_published_time":"2024-10-04T14:58:01+00:00","og_image":[{"width":1000,"height":667,"url":"https:\/\/www.laguiadepamplona.com\/actualidad\/wp-content\/uploads\/2024\/06\/ayuntamiento_verde.webp","type":"image\/webp"}],"author":"La Gu\u00eda de Pamplona","twitter_card":"summary_large_image","twitter_creator":"@LaGuiadPamplona","twitter_site":"@LaGuiadPamplona","twitter_misc":{"Escrito por":"La Gu\u00eda de Pamplona","Tiempo de lectura":"2 minutos"},"schema":{"@context":"https:\/\/schema.org","@graph":[{"@type":"Article","@id":"https:\/\/www.laguiadepamplona.com\/actualidad\/la-fachada-de-la-casa-consistorial-se-ilumina-en-color-verde-este-sabado-por-la-celebracion-del-dia-mundial-de-la-meningitis\/#article","isPartOf":{"@id":"https:\/\/www.laguiadepamplona.com\/actualidad\/la-fachada-de-la-casa-consistorial-se-ilumina-en-color-verde-este-sabado-por-la-celebracion-del-dia-mundial-de-la-meningitis\/"},"author":{"name":"La Gu\u00eda de Pamplona","@id":"https:\/\/www.laguiadepamplona.com\/actualidad\/#\/schema\/person\/efe887376f0213d4657c93adc50b1fdb"},"headline":"La fachada de la Casa Consistorial se ilumina en color verde este s\u00e1bado por la celebraci\u00f3n del D\u00eda Mundial de la Meningitis","datePublished":"2024-10-04T14:58:01+00:00","mainEntityOfPage":{"@id":"https:\/\/www.laguiadepamplona.com\/actualidad\/la-fachada-de-la-casa-consistorial-se-ilumina-en-color-verde-este-sabado-por-la-celebracion-del-dia-mundial-de-la-meningitis\/"},"wordCount":465,"commentCount":0,"publisher":{"@id":"https:\/\/www.laguiadepamplona.com\/actualidad\/#organization"},"image":{"@id":"https:\/\/www.laguiadepamplona.com\/actualidad\/la-fachada-de-la-casa-consistorial-se-ilumina-en-color-verde-este-sabado-por-la-celebracion-del-dia-mundial-de-la-meningitis\/#primaryimage"},"thumbnailUrl":"https:\/\/www.laguiadepamplona.com\/actualidad\/wp-content\/uploads\/2024\/06\/ayuntamiento_verde.webp","articleSection":["Ayto Pamplona"],"inLanguage":"es","potentialAction":[{"@type":"CommentAction","name":"Comment","target":["https:\/\/www.laguiadepamplona.com\/actualidad\/la-fachada-de-la-casa-consistorial-se-ilumina-en-color-verde-este-sabado-por-la-celebracion-del-dia-mundial-de-la-meningitis\/#respond"]}]},{"@type":"WebPage","@id":"https:\/\/www.laguiadepamplona.com\/actualidad\/la-fachada-de-la-casa-consistorial-se-ilumina-en-color-verde-este-sabado-por-la-celebracion-del-dia-mundial-de-la-meningitis\/","url":"https:\/\/www.laguiadepamplona.com\/actualidad\/la-fachada-de-la-casa-consistorial-se-ilumina-en-color-verde-este-sabado-por-la-celebracion-del-dia-mundial-de-la-meningitis\/","name":"La fachada de la Casa Consistorial se ilumina en color verde este s\u00e1bado por la celebraci\u00f3n del D\u00eda Mundial de la Meningitis","isPartOf":{"@id":"https:\/\/www.laguiadepamplona.com\/actualidad\/#website"},"primaryImageOfPage":{"@id":"https:\/\/www.laguiadepamplona.com\/actualidad\/la-fachada-de-la-casa-consistorial-se-ilumina-en-color-verde-este-sabado-por-la-celebracion-del-dia-mundial-de-la-meningitis\/#primaryimage"},"image":{"@id":"https:\/\/www.laguiadepamplona.com\/actualidad\/la-fachada-de-la-casa-consistorial-se-ilumina-en-color-verde-este-sabado-por-la-celebracion-del-dia-mundial-de-la-meningitis\/#primaryimage"},"thumbnailUrl":"https:\/\/www.laguiadepamplona.com\/actualidad\/wp-content\/uploads\/2024\/06\/ayuntamiento_verde.webp","datePublished":"2024-10-04T14:58:01+00:00","description":"El domingo la iluminaci\u00f3n ser\u00e1 en los colores naranja y azul para secundar el D\u00eda Mundial de la Par\u00e1lisis Cerebral","breadcrumb":{"@id":"https:\/\/www.laguiadepamplona.com\/actualidad\/la-fachada-de-la-casa-consistorial-se-ilumina-en-color-verde-este-sabado-por-la-celebracion-del-dia-mundial-de-la-meningitis\/#breadcrumb"},"inLanguage":"es","potentialAction":[{"@type":"ReadAction","target":["https:\/\/www.laguiadepamplona.com\/actualidad\/la-fachada-de-la-casa-consistorial-se-ilumina-en-color-verde-este-sabado-por-la-celebracion-del-dia-mundial-de-la-meningitis\/"]}]},{"@type":"ImageObject","inLanguage":"es","@id":"https:\/\/www.laguiadepamplona.com\/actualidad\/la-fachada-de-la-casa-consistorial-se-ilumina-en-color-verde-este-sabado-por-la-celebracion-del-dia-mundial-de-la-meningitis\/#primaryimage","url":"https:\/\/www.laguiadepamplona.com\/actualidad\/wp-content\/uploads\/2024\/06\/ayuntamiento_verde.webp","contentUrl":"https:\/\/www.laguiadepamplona.com\/actualidad\/wp-content\/uploads\/2024\/06\/ayuntamiento_verde.webp","width":1000,"height":667,"caption":"ayuntamiento verde"},{"@type":"BreadcrumbList","@id":"https:\/\/www.laguiadepamplona.com\/actualidad\/la-fachada-de-la-casa-consistorial-se-ilumina-en-color-verde-este-sabado-por-la-celebracion-del-dia-mundial-de-la-meningitis\/#breadcrumb","itemListElement":[{"@type":"ListItem","position":1,"name":"Portada","item":"https:\/\/www.laguiadepamplona.com\/actualidad\/"},{"@type":"ListItem","position":2,"name":"La fachada de la Casa Consistorial se ilumina en color verde este s\u00e1bado por la celebraci\u00f3n del D\u00eda Mundial de la Meningitis"}]},{"@type":"WebSite","@id":"https:\/\/www.laguiadepamplona.com\/actualidad\/#website","url":"https:\/\/www.laguiadepamplona.com\/actualidad\/","name":"La gu\u00eda de Pamplona","description":"Noticias de Pamplona","publisher":{"@id":"https:\/\/www.laguiadepamplona.com\/actualidad\/#organization"},"potentialAction":[{"@type":"SearchAction","target":{"@type":"EntryPoint","urlTemplate":"https:\/\/www.laguiadepamplona.com\/actualidad\/?s={search_term_string}"},"query-input":{"@type":"PropertyValueSpecification","valueRequired":true,"valueName":"search_term_string"}}],"inLanguage":"es"},{"@type":"Organization","@id":"https:\/\/www.laguiadepamplona.com\/actualidad\/#organization","name":"La Gu\u00eda de Pamplona \/ Noticias","url":"https:\/\/www.laguiadepamplona.com\/actualidad\/","logo":{"@type":"ImageObject","inLanguage":"es","@id":"https:\/\/www.laguiadepamplona.com\/actualidad\/#\/schema\/logo\/image\/","url":"https:\/\/www.laguiadepamplona.com\/actualidad\/wp-content\/uploads\/2018\/11\/logo-laguiadepamplona18-web1.png","contentUrl":"https:\/\/www.laguiadepamplona.com\/actualidad\/wp-content\/uploads\/2018\/11\/logo-laguiadepamplona18-web1.png","width":600,"height":196,"caption":"La Gu\u00eda de Pamplona \/ Noticias"},"image":{"@id":"https:\/\/www.laguiadepamplona.com\/actualidad\/#\/schema\/logo\/image\/"},"sameAs":["https:\/\/www.facebook.com\/laguiadepamplonacom-133175176762273\/?ref=hl","https:\/\/x.com\/LaGuiadPamplona","https:\/\/www.instagram.com\/la_guia_de_pamplona\/","https:\/\/www.youtube.com\/user\/laguiadepamplona"]},{"@type":"Person","@id":"https:\/\/www.laguiadepamplona.com\/actualidad\/#\/schema\/person\/efe887376f0213d4657c93adc50b1fdb","name":"La Gu\u00eda de Pamplona","image":{"@type":"ImageObject","inLanguage":"es","@id":"https:\/\/secure.gravatar.com\/avatar\/b6992f131dc8d30ab0dff15446e9d346d9dbd95992de0fef795073f5ea83a81c?s=96&d=mm&r=g","url":"https:\/\/secure.gravatar.com\/avatar\/b6992f131dc8d30ab0dff15446e9d346d9dbd95992de0fef795073f5ea83a81c?s=96&d=mm&r=g","contentUrl":"https:\/\/secure.gravatar.com\/avatar\/b6992f131dc8d30ab0dff15446e9d346d9dbd95992de0fef795073f5ea83a81c?s=96&d=mm&r=g","caption":"La Gu\u00eda de Pamplona"}}]}},"post_mailing_queue_ids":[],"_links":{"self":[{"href":"https:\/\/www.laguiadepamplona.com\/actualidad\/wp-json\/wp\/v2\/posts\/50918","targetHints":{"allow":["GET"]}}],"collection":[{"href":"https:\/\/www.laguiadepamplona.com\/actualidad\/wp-json\/wp\/v2\/posts"}],"about":[{"href":"https:\/\/www.laguiadepamplona.com\/actualidad\/wp-json\/wp\/v2\/types\/post"}],"author":[{"embeddable":true,"href":"https:\/\/www.laguiadepamplona.com\/actualidad\/wp-json\/wp\/v2\/users\/1"}],"replies":[{"embeddable":true,"href":"https:\/\/www.laguiadepamplona.com\/actualidad\/wp-json\/wp\/v2\/comments?post=50918"}],"version-history":[{"count":1,"href":"https:\/\/www.laguiadepamplona.com\/actualidad\/wp-json\/wp\/v2\/posts\/50918\/revisions"}],"predecessor-version":[{"id":50919,"href":"https:\/\/www.laguiadepamplona.com\/actualidad\/wp-json\/wp\/v2\/posts\/50918\/revisions\/50919"}],"wp:featuredmedia":[{"embeddable":true,"href":"https:\/\/www.laguiadepamplona.com\/actualidad\/wp-json\/wp\/v2\/media\/50140"}],"wp:attachment":[{"href":"https:\/\/www.laguiadepamplona.com\/actualidad\/wp-json\/wp\/v2\/media?parent=50918"}],"wp:term":[{"taxonomy":"category","embeddable":true,"href":"https:\/\/www.laguiadepamplona.com\/actualidad\/wp-json\/wp\/v2\/categories?post=50918"},{"taxonomy":"post_tag","embeddable":true,"href":"https:\/\/www.laguiadepamplona.com\/actualidad\/wp-json\/wp\/v2\/tags?post=50918"}],"curies":[{"name":"wp","href":"https:\/\/api.w.org\/{rel}","templated":true}]}}