{"id":50915,"date":"2024-10-04T16:57:12","date_gmt":"2024-10-04T14:57:12","guid":{"rendered":"https:\/\/www.laguiadepamplona.com\/actualidad\/?p=50915"},"modified":"2024-10-04T16:57:12","modified_gmt":"2024-10-04T14:57:12","slug":"mas-de-un-centenar-de-docentes-se-reunen-este-sabado-en-pamplona-en-el-congreso-estatal-teachers-for-future-para-abordar-desde-las-aulas-la-emergencia-climatica","status":"publish","type":"post","link":"https:\/\/www.laguiadepamplona.com\/actualidad\/mas-de-un-centenar-de-docentes-se-reunen-este-sabado-en-pamplona-en-el-congreso-estatal-teachers-for-future-para-abordar-desde-las-aulas-la-emergencia-climatica\/","title":{"rendered":"M\u00e1s de un centenar de docentes se re\u00fanen este s\u00e1bado en Pamplona en el congreso estatal Teachers for Future para abordar desde las aulas la emergencia clim\u00e1tica"},"content":{"rendered":"<h2>El Planetario y el parque Yamaguchi acogen la tercera edici\u00f3n de este evento que pretende fomentar la ciudadan\u00eda global en torno al medio ambiente<\/h2>\n<p><!--more--><\/p>\n<p>Pamplona acoge este s\u00e1bado el III Congreso Estatal Teacher for Future, un evento al que acudir\u00e1n 148 docentes de 28 provincias para abordar la emergencia clim\u00e1tica actual y c\u00f3mo abordarla desde las aulas. El evento, que se celebrar\u00e1 en el Planetario y el parque Yamaguchi, convertir\u00e1 a Pamplona en capital de la educaci\u00f3n ecosocial, con el objetivo de plantear acciones desde el aula que puedan derivar en una mejora del planeta. El acto inaugural, este s\u00e1bado a las 10 horas en el Planetario, contar\u00e1 con la presencia del director del \u00e1rea de Educaci\u00f3n del Ayuntamiento de Pamplona, \u00cd\u00f1igo G\u00f3mez Egu\u00edluz; el director general de Educaci\u00f3n del Gobierno de Navarra, Gil Sevillano Gonz\u00e1lez; y la coordinadora estatal de Teachers for Future Spain, Miriam Campos Leir\u00f3s.<\/p>\n<p>Teachers For Future Spain (Profesores por el futuro en sus siglas en ingl\u00e9s) es un colectivo de docentes preocupados por el estado de emergencia clim\u00e1tica, que trabaja sobre la base del voluntariado y sin \u00e1nimo de lucro. Entre sus objetivos destaca la modificaci\u00f3n de la gesti\u00f3n de los centros escolares, aportando un enfoque ecosocial y favoreciendo la reconexi\u00f3n con la naturaleza del alumnado. Desde esos principios y con el lema \u2018Del aula al planeta\u2019, este congreso impulsar\u00e1 la educaci\u00f3n ecosocial y presentar\u00e1 una serie de buenas pr\u00e1cticas desarrolladas en el aula encaminadas a lograr la implicaci\u00f3n de la ciudadan\u00eda.<\/p>\n<p>La <a href=\"https:\/\/teachersforfuturespain.org\/jornada-tffs-pamplona-2024\/\" target=\"_blank\" rel=\"noopener\">jornada<\/a> incluye nueve ponencias y comunicaciones de buenas pr\u00e1cticas, seis talleres desarrollados al aire libre y espacios donde intercambiar experiencias y forjar v\u00ednculos entre docentes. Entre los ponentes destacan Peio Oria, exdelegado de Aemet en Navarra y actual responsable del Departamento de Reducci\u00f3n de Riesgo de Desastres Naturales de TESICNOR; Mikel Barcenilla, asesor pedag\u00f3gico de educaci\u00f3n ambiental del departamento de Educaci\u00f3n de Gobierno Vasco y miembro de <a href=\"https:\/\/www.miteco.gob.es\/es\/ceneam\/recursos\/mini-portales-tematicos\/esenred\/que-es-esenred.html\" target=\"_blank\" rel=\"noopener\">ESenRED<\/a>. Tambi\u00e9n se mostrar\u00e1n buenas pr\u00e1cticas como la Red Espa\u00f1ola de Aprendizaje y Servicio. Adem\u00e1s, se proyectar\u00e1 el documental \u2018Pirineos la nuit\u2019, que analiza los efectos de la contaminaci\u00f3n lum\u00ednica en la fauna y se realizar\u00e1n seis talleres sobre la movilidad escolar, los huertos escolares, la infancia y la naturaleza. El congreso concluir\u00e1 con una performance clim\u00e1tica del alumnado del IES Plaza de la Cruz.<\/p>\n<p>\u00c9ste es el primer congreso nacional que Teachers For Future Spain celebra fuera de Madrid en su objetivo de descentralizar actos y llegar a las diferentes comunidades aut\u00f3nomas. El colectivo ha presentado recientemente su gu\u00eda \u201928.000 por el Clima\u2019, un conjunto de propuestas y orientaciones, unas l\u00edneas de trabajo, para que los centros docentes y sus comunidades educativas reflexionen y tracen su propio plan de acci\u00f3n frente a la emergencia clim\u00e1tica y por una gesti\u00f3n global m\u00e1s sostenible del centro y de la vida escolar. De esta forma, a trav\u00e9s de peque\u00f1as acciones individuales y colectivas, se anima a la ciudadan\u00eda a generar los grandes cambios ambientales y ecosociales.<\/p>\n","protected":false},"excerpt":{"rendered":"<p>El Planetario y el parque Yamaguchi acogen la tercera edici\u00f3n de este evento que pretende fomentar la ciudadan\u00eda global en torno al medio ambiente<\/p>\n","protected":false},"author":1,"featured_media":50916,"comment_status":"open","ping_status":"closed","sticky":false,"template":"","format":"standard","meta":{"footnotes":""},"categories":[2],"tags":[],"class_list":["post-50915","post","type-post","status-publish","format-standard","has-post-thumbnail","hentry","category-ayuntamiento-pamplona"],"yoast_head":"<!-- This site is optimized with the Yoast SEO plugin v27.3 - https:\/\/yoast.com\/product\/yoast-seo-wordpress\/ -->\n<title>M\u00e1s de un centenar de docentes se re\u00fanen este s\u00e1bado en Pamplona en el congreso estatal Teachers for Future para abordar desde las aulas la emergencia clim\u00e1tica<\/title>\n<meta name=\"description\" content=\"El Planetario y el parque Yamaguchi acogen la tercera edici\u00f3n de este evento que pretende fomentar la ciudadan\u00eda global en torno al medio ambiente\" \/>\n<meta name=\"robots\" content=\"index, follow, max-snippet:-1, max-image-preview:large, max-video-preview:-1\" \/>\n<link rel=\"canonical\" href=\"https:\/\/www.laguiadepamplona.com\/actualidad\/mas-de-un-centenar-de-docentes-se-reunen-este-sabado-en-pamplona-en-el-congreso-estatal-teachers-for-future-para-abordar-desde-las-aulas-la-emergencia-climatica\/\" \/>\n<meta property=\"og:locale\" content=\"es_ES\" \/>\n<meta property=\"og:type\" content=\"article\" \/>\n<meta property=\"og:title\" content=\"M\u00e1s de un centenar de docentes se re\u00fanen este s\u00e1bado en Pamplona en el congreso estatal Teachers for Future para abordar desde las aulas la emergencia clim\u00e1tica\" \/>\n<meta property=\"og:description\" content=\"El Planetario y el parque Yamaguchi acogen la tercera edici\u00f3n de este evento que pretende fomentar la ciudadan\u00eda global en torno al medio ambiente\" \/>\n<meta property=\"og:url\" content=\"https:\/\/www.laguiadepamplona.com\/actualidad\/mas-de-un-centenar-de-docentes-se-reunen-este-sabado-en-pamplona-en-el-congreso-estatal-teachers-for-future-para-abordar-desde-las-aulas-la-emergencia-climatica\/\" \/>\n<meta property=\"og:site_name\" content=\"La Gu\u00eda de Pamplona\" \/>\n<meta property=\"article:publisher\" content=\"https:\/\/www.facebook.com\/laguiadepamplonacom-133175176762273\/?ref=hl\" \/>\n<meta property=\"article:published_time\" content=\"2024-10-04T14:57:12+00:00\" \/>\n<meta property=\"og:image\" content=\"https:\/\/www.laguiadepamplona.com\/actualidad\/wp-content\/uploads\/2024\/10\/congreso-profes_web.webp\" \/>\n\t<meta property=\"og:image:width\" content=\"1000\" \/>\n\t<meta property=\"og:image:height\" content=\"707\" \/>\n\t<meta property=\"og:image:type\" content=\"image\/webp\" \/>\n<meta name=\"author\" content=\"La Gu\u00eda de Pamplona\" \/>\n<meta name=\"twitter:card\" content=\"summary_large_image\" \/>\n<meta name=\"twitter:creator\" content=\"@LaGuiadPamplona\" \/>\n<meta name=\"twitter:site\" content=\"@LaGuiadPamplona\" \/>\n<meta name=\"twitter:label1\" content=\"Escrito por\" \/>\n\t<meta name=\"twitter:data1\" content=\"La Gu\u00eda de Pamplona\" \/>\n\t<meta name=\"twitter:label2\" content=\"Tiempo de lectura\" \/>\n\t<meta name=\"twitter:data2\" content=\"3 minutos\" \/>\n<script type=\"application\/ld+json\" class=\"yoast-schema-graph\">{\"@context\":\"https:\\\/\\\/schema.org\",\"@graph\":[{\"@type\":\"Article\",\"@id\":\"https:\\\/\\\/www.laguiadepamplona.com\\\/actualidad\\\/mas-de-un-centenar-de-docentes-se-reunen-este-sabado-en-pamplona-en-el-congreso-estatal-teachers-for-future-para-abordar-desde-las-aulas-la-emergencia-climatica\\\/#article\",\"isPartOf\":{\"@id\":\"https:\\\/\\\/www.laguiadepamplona.com\\\/actualidad\\\/mas-de-un-centenar-de-docentes-se-reunen-este-sabado-en-pamplona-en-el-congreso-estatal-teachers-for-future-para-abordar-desde-las-aulas-la-emergencia-climatica\\\/\"},\"author\":{\"name\":\"La Gu\u00eda de Pamplona\",\"@id\":\"https:\\\/\\\/www.laguiadepamplona.com\\\/actualidad\\\/#\\\/schema\\\/person\\\/efe887376f0213d4657c93adc50b1fdb\"},\"headline\":\"M\u00e1s de un centenar de docentes se re\u00fanen este s\u00e1bado en Pamplona en el congreso estatal Teachers for Future para abordar desde las aulas la emergencia clim\u00e1tica\",\"datePublished\":\"2024-10-04T14:57:12+00:00\",\"mainEntityOfPage\":{\"@id\":\"https:\\\/\\\/www.laguiadepamplona.com\\\/actualidad\\\/mas-de-un-centenar-de-docentes-se-reunen-este-sabado-en-pamplona-en-el-congreso-estatal-teachers-for-future-para-abordar-desde-las-aulas-la-emergencia-climatica\\\/\"},\"wordCount\":564,\"commentCount\":0,\"publisher\":{\"@id\":\"https:\\\/\\\/www.laguiadepamplona.com\\\/actualidad\\\/#organization\"},\"image\":{\"@id\":\"https:\\\/\\\/www.laguiadepamplona.com\\\/actualidad\\\/mas-de-un-centenar-de-docentes-se-reunen-este-sabado-en-pamplona-en-el-congreso-estatal-teachers-for-future-para-abordar-desde-las-aulas-la-emergencia-climatica\\\/#primaryimage\"},\"thumbnailUrl\":\"https:\\\/\\\/www.laguiadepamplona.com\\\/actualidad\\\/wp-content\\\/uploads\\\/2024\\\/10\\\/congreso-profes_web.webp\",\"articleSection\":[\"Ayto Pamplona\"],\"inLanguage\":\"es\",\"potentialAction\":[{\"@type\":\"CommentAction\",\"name\":\"Comment\",\"target\":[\"https:\\\/\\\/www.laguiadepamplona.com\\\/actualidad\\\/mas-de-un-centenar-de-docentes-se-reunen-este-sabado-en-pamplona-en-el-congreso-estatal-teachers-for-future-para-abordar-desde-las-aulas-la-emergencia-climatica\\\/#respond\"]}]},{\"@type\":\"WebPage\",\"@id\":\"https:\\\/\\\/www.laguiadepamplona.com\\\/actualidad\\\/mas-de-un-centenar-de-docentes-se-reunen-este-sabado-en-pamplona-en-el-congreso-estatal-teachers-for-future-para-abordar-desde-las-aulas-la-emergencia-climatica\\\/\",\"url\":\"https:\\\/\\\/www.laguiadepamplona.com\\\/actualidad\\\/mas-de-un-centenar-de-docentes-se-reunen-este-sabado-en-pamplona-en-el-congreso-estatal-teachers-for-future-para-abordar-desde-las-aulas-la-emergencia-climatica\\\/\",\"name\":\"M\u00e1s de un centenar de docentes se re\u00fanen este s\u00e1bado en Pamplona en el congreso estatal Teachers for Future para abordar desde las aulas la emergencia clim\u00e1tica\",\"isPartOf\":{\"@id\":\"https:\\\/\\\/www.laguiadepamplona.com\\\/actualidad\\\/#website\"},\"primaryImageOfPage\":{\"@id\":\"https:\\\/\\\/www.laguiadepamplona.com\\\/actualidad\\\/mas-de-un-centenar-de-docentes-se-reunen-este-sabado-en-pamplona-en-el-congreso-estatal-teachers-for-future-para-abordar-desde-las-aulas-la-emergencia-climatica\\\/#primaryimage\"},\"image\":{\"@id\":\"https:\\\/\\\/www.laguiadepamplona.com\\\/actualidad\\\/mas-de-un-centenar-de-docentes-se-reunen-este-sabado-en-pamplona-en-el-congreso-estatal-teachers-for-future-para-abordar-desde-las-aulas-la-emergencia-climatica\\\/#primaryimage\"},\"thumbnailUrl\":\"https:\\\/\\\/www.laguiadepamplona.com\\\/actualidad\\\/wp-content\\\/uploads\\\/2024\\\/10\\\/congreso-profes_web.webp\",\"datePublished\":\"2024-10-04T14:57:12+00:00\",\"description\":\"El Planetario y el parque Yamaguchi acogen la tercera edici\u00f3n de este evento que pretende fomentar la ciudadan\u00eda global en torno al medio ambiente\",\"breadcrumb\":{\"@id\":\"https:\\\/\\\/www.laguiadepamplona.com\\\/actualidad\\\/mas-de-un-centenar-de-docentes-se-reunen-este-sabado-en-pamplona-en-el-congreso-estatal-teachers-for-future-para-abordar-desde-las-aulas-la-emergencia-climatica\\\/#breadcrumb\"},\"inLanguage\":\"es\",\"potentialAction\":[{\"@type\":\"ReadAction\",\"target\":[\"https:\\\/\\\/www.laguiadepamplona.com\\\/actualidad\\\/mas-de-un-centenar-de-docentes-se-reunen-este-sabado-en-pamplona-en-el-congreso-estatal-teachers-for-future-para-abordar-desde-las-aulas-la-emergencia-climatica\\\/\"]}]},{\"@type\":\"ImageObject\",\"inLanguage\":\"es\",\"@id\":\"https:\\\/\\\/www.laguiadepamplona.com\\\/actualidad\\\/mas-de-un-centenar-de-docentes-se-reunen-este-sabado-en-pamplona-en-el-congreso-estatal-teachers-for-future-para-abordar-desde-las-aulas-la-emergencia-climatica\\\/#primaryimage\",\"url\":\"https:\\\/\\\/www.laguiadepamplona.com\\\/actualidad\\\/wp-content\\\/uploads\\\/2024\\\/10\\\/congreso-profes_web.webp\",\"contentUrl\":\"https:\\\/\\\/www.laguiadepamplona.com\\\/actualidad\\\/wp-content\\\/uploads\\\/2024\\\/10\\\/congreso-profes_web.webp\",\"width\":1000,\"height\":707,\"caption\":\"educaci\u00f3n ecosocial\"},{\"@type\":\"BreadcrumbList\",\"@id\":\"https:\\\/\\\/www.laguiadepamplona.com\\\/actualidad\\\/mas-de-un-centenar-de-docentes-se-reunen-este-sabado-en-pamplona-en-el-congreso-estatal-teachers-for-future-para-abordar-desde-las-aulas-la-emergencia-climatica\\\/#breadcrumb\",\"itemListElement\":[{\"@type\":\"ListItem\",\"position\":1,\"name\":\"Portada\",\"item\":\"https:\\\/\\\/www.laguiadepamplona.com\\\/actualidad\\\/\"},{\"@type\":\"ListItem\",\"position\":2,\"name\":\"M\u00e1s de un centenar de docentes se re\u00fanen este s\u00e1bado en Pamplona en el congreso estatal Teachers for Future para abordar desde las aulas la emergencia clim\u00e1tica\"}]},{\"@type\":\"WebSite\",\"@id\":\"https:\\\/\\\/www.laguiadepamplona.com\\\/actualidad\\\/#website\",\"url\":\"https:\\\/\\\/www.laguiadepamplona.com\\\/actualidad\\\/\",\"name\":\"La gu\u00eda de Pamplona\",\"description\":\"Noticias de Pamplona\",\"publisher\":{\"@id\":\"https:\\\/\\\/www.laguiadepamplona.com\\\/actualidad\\\/#organization\"},\"potentialAction\":[{\"@type\":\"SearchAction\",\"target\":{\"@type\":\"EntryPoint\",\"urlTemplate\":\"https:\\\/\\\/www.laguiadepamplona.com\\\/actualidad\\\/?s={search_term_string}\"},\"query-input\":{\"@type\":\"PropertyValueSpecification\",\"valueRequired\":true,\"valueName\":\"search_term_string\"}}],\"inLanguage\":\"es\"},{\"@type\":\"Organization\",\"@id\":\"https:\\\/\\\/www.laguiadepamplona.com\\\/actualidad\\\/#organization\",\"name\":\"La Gu\u00eda de Pamplona \\\/ Noticias\",\"url\":\"https:\\\/\\\/www.laguiadepamplona.com\\\/actualidad\\\/\",\"logo\":{\"@type\":\"ImageObject\",\"inLanguage\":\"es\",\"@id\":\"https:\\\/\\\/www.laguiadepamplona.com\\\/actualidad\\\/#\\\/schema\\\/logo\\\/image\\\/\",\"url\":\"https:\\\/\\\/www.laguiadepamplona.com\\\/actualidad\\\/wp-content\\\/uploads\\\/2018\\\/11\\\/logo-laguiadepamplona18-web1.png\",\"contentUrl\":\"https:\\\/\\\/www.laguiadepamplona.com\\\/actualidad\\\/wp-content\\\/uploads\\\/2018\\\/11\\\/logo-laguiadepamplona18-web1.png\",\"width\":600,\"height\":196,\"caption\":\"La Gu\u00eda de Pamplona \\\/ Noticias\"},\"image\":{\"@id\":\"https:\\\/\\\/www.laguiadepamplona.com\\\/actualidad\\\/#\\\/schema\\\/logo\\\/image\\\/\"},\"sameAs\":[\"https:\\\/\\\/www.facebook.com\\\/laguiadepamplonacom-133175176762273\\\/?ref=hl\",\"https:\\\/\\\/x.com\\\/LaGuiadPamplona\",\"https:\\\/\\\/www.instagram.com\\\/la_guia_de_pamplona\\\/\",\"https:\\\/\\\/www.youtube.com\\\/user\\\/laguiadepamplona\"]},{\"@type\":\"Person\",\"@id\":\"https:\\\/\\\/www.laguiadepamplona.com\\\/actualidad\\\/#\\\/schema\\\/person\\\/efe887376f0213d4657c93adc50b1fdb\",\"name\":\"La Gu\u00eda de Pamplona\",\"image\":{\"@type\":\"ImageObject\",\"inLanguage\":\"es\",\"@id\":\"https:\\\/\\\/secure.gravatar.com\\\/avatar\\\/b6992f131dc8d30ab0dff15446e9d346d9dbd95992de0fef795073f5ea83a81c?s=96&d=mm&r=g\",\"url\":\"https:\\\/\\\/secure.gravatar.com\\\/avatar\\\/b6992f131dc8d30ab0dff15446e9d346d9dbd95992de0fef795073f5ea83a81c?s=96&d=mm&r=g\",\"contentUrl\":\"https:\\\/\\\/secure.gravatar.com\\\/avatar\\\/b6992f131dc8d30ab0dff15446e9d346d9dbd95992de0fef795073f5ea83a81c?s=96&d=mm&r=g\",\"caption\":\"La Gu\u00eda de Pamplona\"}}]}<\/script>\n<!-- \/ Yoast SEO plugin. -->","yoast_head_json":{"title":"M\u00e1s de un centenar de docentes se re\u00fanen este s\u00e1bado en Pamplona en el congreso estatal Teachers for Future para abordar desde las aulas la emergencia clim\u00e1tica","description":"El Planetario y el parque Yamaguchi acogen la tercera edici\u00f3n de este evento que pretende fomentar la ciudadan\u00eda global en torno al medio ambiente","robots":{"index":"index","follow":"follow","max-snippet":"max-snippet:-1","max-image-preview":"max-image-preview:large","max-video-preview":"max-video-preview:-1"},"canonical":"https:\/\/www.laguiadepamplona.com\/actualidad\/mas-de-un-centenar-de-docentes-se-reunen-este-sabado-en-pamplona-en-el-congreso-estatal-teachers-for-future-para-abordar-desde-las-aulas-la-emergencia-climatica\/","og_locale":"es_ES","og_type":"article","og_title":"M\u00e1s de un centenar de docentes se re\u00fanen este s\u00e1bado en Pamplona en el congreso estatal Teachers for Future para abordar desde las aulas la emergencia clim\u00e1tica","og_description":"El Planetario y el parque Yamaguchi acogen la tercera edici\u00f3n de este evento que pretende fomentar la ciudadan\u00eda global en torno al medio ambiente","og_url":"https:\/\/www.laguiadepamplona.com\/actualidad\/mas-de-un-centenar-de-docentes-se-reunen-este-sabado-en-pamplona-en-el-congreso-estatal-teachers-for-future-para-abordar-desde-las-aulas-la-emergencia-climatica\/","og_site_name":"La Gu\u00eda de Pamplona","article_publisher":"https:\/\/www.facebook.com\/laguiadepamplonacom-133175176762273\/?ref=hl","article_published_time":"2024-10-04T14:57:12+00:00","og_image":[{"width":1000,"height":707,"url":"https:\/\/www.laguiadepamplona.com\/actualidad\/wp-content\/uploads\/2024\/10\/congreso-profes_web.webp","type":"image\/webp"}],"author":"La Gu\u00eda de Pamplona","twitter_card":"summary_large_image","twitter_creator":"@LaGuiadPamplona","twitter_site":"@LaGuiadPamplona","twitter_misc":{"Escrito por":"La Gu\u00eda de Pamplona","Tiempo de lectura":"3 minutos"},"schema":{"@context":"https:\/\/schema.org","@graph":[{"@type":"Article","@id":"https:\/\/www.laguiadepamplona.com\/actualidad\/mas-de-un-centenar-de-docentes-se-reunen-este-sabado-en-pamplona-en-el-congreso-estatal-teachers-for-future-para-abordar-desde-las-aulas-la-emergencia-climatica\/#article","isPartOf":{"@id":"https:\/\/www.laguiadepamplona.com\/actualidad\/mas-de-un-centenar-de-docentes-se-reunen-este-sabado-en-pamplona-en-el-congreso-estatal-teachers-for-future-para-abordar-desde-las-aulas-la-emergencia-climatica\/"},"author":{"name":"La Gu\u00eda de Pamplona","@id":"https:\/\/www.laguiadepamplona.com\/actualidad\/#\/schema\/person\/efe887376f0213d4657c93adc50b1fdb"},"headline":"M\u00e1s de un centenar de docentes se re\u00fanen este s\u00e1bado en Pamplona en el congreso estatal Teachers for Future para abordar desde las aulas la emergencia clim\u00e1tica","datePublished":"2024-10-04T14:57:12+00:00","mainEntityOfPage":{"@id":"https:\/\/www.laguiadepamplona.com\/actualidad\/mas-de-un-centenar-de-docentes-se-reunen-este-sabado-en-pamplona-en-el-congreso-estatal-teachers-for-future-para-abordar-desde-las-aulas-la-emergencia-climatica\/"},"wordCount":564,"commentCount":0,"publisher":{"@id":"https:\/\/www.laguiadepamplona.com\/actualidad\/#organization"},"image":{"@id":"https:\/\/www.laguiadepamplona.com\/actualidad\/mas-de-un-centenar-de-docentes-se-reunen-este-sabado-en-pamplona-en-el-congreso-estatal-teachers-for-future-para-abordar-desde-las-aulas-la-emergencia-climatica\/#primaryimage"},"thumbnailUrl":"https:\/\/www.laguiadepamplona.com\/actualidad\/wp-content\/uploads\/2024\/10\/congreso-profes_web.webp","articleSection":["Ayto Pamplona"],"inLanguage":"es","potentialAction":[{"@type":"CommentAction","name":"Comment","target":["https:\/\/www.laguiadepamplona.com\/actualidad\/mas-de-un-centenar-de-docentes-se-reunen-este-sabado-en-pamplona-en-el-congreso-estatal-teachers-for-future-para-abordar-desde-las-aulas-la-emergencia-climatica\/#respond"]}]},{"@type":"WebPage","@id":"https:\/\/www.laguiadepamplona.com\/actualidad\/mas-de-un-centenar-de-docentes-se-reunen-este-sabado-en-pamplona-en-el-congreso-estatal-teachers-for-future-para-abordar-desde-las-aulas-la-emergencia-climatica\/","url":"https:\/\/www.laguiadepamplona.com\/actualidad\/mas-de-un-centenar-de-docentes-se-reunen-este-sabado-en-pamplona-en-el-congreso-estatal-teachers-for-future-para-abordar-desde-las-aulas-la-emergencia-climatica\/","name":"M\u00e1s de un centenar de docentes se re\u00fanen este s\u00e1bado en Pamplona en el congreso estatal Teachers for Future para abordar desde las aulas la emergencia clim\u00e1tica","isPartOf":{"@id":"https:\/\/www.laguiadepamplona.com\/actualidad\/#website"},"primaryImageOfPage":{"@id":"https:\/\/www.laguiadepamplona.com\/actualidad\/mas-de-un-centenar-de-docentes-se-reunen-este-sabado-en-pamplona-en-el-congreso-estatal-teachers-for-future-para-abordar-desde-las-aulas-la-emergencia-climatica\/#primaryimage"},"image":{"@id":"https:\/\/www.laguiadepamplona.com\/actualidad\/mas-de-un-centenar-de-docentes-se-reunen-este-sabado-en-pamplona-en-el-congreso-estatal-teachers-for-future-para-abordar-desde-las-aulas-la-emergencia-climatica\/#primaryimage"},"thumbnailUrl":"https:\/\/www.laguiadepamplona.com\/actualidad\/wp-content\/uploads\/2024\/10\/congreso-profes_web.webp","datePublished":"2024-10-04T14:57:12+00:00","description":"El Planetario y el parque Yamaguchi acogen la tercera edici\u00f3n de este evento que pretende fomentar la ciudadan\u00eda global en torno al medio ambiente","breadcrumb":{"@id":"https:\/\/www.laguiadepamplona.com\/actualidad\/mas-de-un-centenar-de-docentes-se-reunen-este-sabado-en-pamplona-en-el-congreso-estatal-teachers-for-future-para-abordar-desde-las-aulas-la-emergencia-climatica\/#breadcrumb"},"inLanguage":"es","potentialAction":[{"@type":"ReadAction","target":["https:\/\/www.laguiadepamplona.com\/actualidad\/mas-de-un-centenar-de-docentes-se-reunen-este-sabado-en-pamplona-en-el-congreso-estatal-teachers-for-future-para-abordar-desde-las-aulas-la-emergencia-climatica\/"]}]},{"@type":"ImageObject","inLanguage":"es","@id":"https:\/\/www.laguiadepamplona.com\/actualidad\/mas-de-un-centenar-de-docentes-se-reunen-este-sabado-en-pamplona-en-el-congreso-estatal-teachers-for-future-para-abordar-desde-las-aulas-la-emergencia-climatica\/#primaryimage","url":"https:\/\/www.laguiadepamplona.com\/actualidad\/wp-content\/uploads\/2024\/10\/congreso-profes_web.webp","contentUrl":"https:\/\/www.laguiadepamplona.com\/actualidad\/wp-content\/uploads\/2024\/10\/congreso-profes_web.webp","width":1000,"height":707,"caption":"educaci\u00f3n ecosocial"},{"@type":"BreadcrumbList","@id":"https:\/\/www.laguiadepamplona.com\/actualidad\/mas-de-un-centenar-de-docentes-se-reunen-este-sabado-en-pamplona-en-el-congreso-estatal-teachers-for-future-para-abordar-desde-las-aulas-la-emergencia-climatica\/#breadcrumb","itemListElement":[{"@type":"ListItem","position":1,"name":"Portada","item":"https:\/\/www.laguiadepamplona.com\/actualidad\/"},{"@type":"ListItem","position":2,"name":"M\u00e1s de un centenar de docentes se re\u00fanen este s\u00e1bado en Pamplona en el congreso estatal Teachers for Future para abordar desde las aulas la emergencia clim\u00e1tica"}]},{"@type":"WebSite","@id":"https:\/\/www.laguiadepamplona.com\/actualidad\/#website","url":"https:\/\/www.laguiadepamplona.com\/actualidad\/","name":"La gu\u00eda de Pamplona","description":"Noticias de Pamplona","publisher":{"@id":"https:\/\/www.laguiadepamplona.com\/actualidad\/#organization"},"potentialAction":[{"@type":"SearchAction","target":{"@type":"EntryPoint","urlTemplate":"https:\/\/www.laguiadepamplona.com\/actualidad\/?s={search_term_string}"},"query-input":{"@type":"PropertyValueSpecification","valueRequired":true,"valueName":"search_term_string"}}],"inLanguage":"es"},{"@type":"Organization","@id":"https:\/\/www.laguiadepamplona.com\/actualidad\/#organization","name":"La Gu\u00eda de Pamplona \/ Noticias","url":"https:\/\/www.laguiadepamplona.com\/actualidad\/","logo":{"@type":"ImageObject","inLanguage":"es","@id":"https:\/\/www.laguiadepamplona.com\/actualidad\/#\/schema\/logo\/image\/","url":"https:\/\/www.laguiadepamplona.com\/actualidad\/wp-content\/uploads\/2018\/11\/logo-laguiadepamplona18-web1.png","contentUrl":"https:\/\/www.laguiadepamplona.com\/actualidad\/wp-content\/uploads\/2018\/11\/logo-laguiadepamplona18-web1.png","width":600,"height":196,"caption":"La Gu\u00eda de Pamplona \/ Noticias"},"image":{"@id":"https:\/\/www.laguiadepamplona.com\/actualidad\/#\/schema\/logo\/image\/"},"sameAs":["https:\/\/www.facebook.com\/laguiadepamplonacom-133175176762273\/?ref=hl","https:\/\/x.com\/LaGuiadPamplona","https:\/\/www.instagram.com\/la_guia_de_pamplona\/","https:\/\/www.youtube.com\/user\/laguiadepamplona"]},{"@type":"Person","@id":"https:\/\/www.laguiadepamplona.com\/actualidad\/#\/schema\/person\/efe887376f0213d4657c93adc50b1fdb","name":"La Gu\u00eda de Pamplona","image":{"@type":"ImageObject","inLanguage":"es","@id":"https:\/\/secure.gravatar.com\/avatar\/b6992f131dc8d30ab0dff15446e9d346d9dbd95992de0fef795073f5ea83a81c?s=96&d=mm&r=g","url":"https:\/\/secure.gravatar.com\/avatar\/b6992f131dc8d30ab0dff15446e9d346d9dbd95992de0fef795073f5ea83a81c?s=96&d=mm&r=g","contentUrl":"https:\/\/secure.gravatar.com\/avatar\/b6992f131dc8d30ab0dff15446e9d346d9dbd95992de0fef795073f5ea83a81c?s=96&d=mm&r=g","caption":"La Gu\u00eda de Pamplona"}}]}},"post_mailing_queue_ids":[],"_links":{"self":[{"href":"https:\/\/www.laguiadepamplona.com\/actualidad\/wp-json\/wp\/v2\/posts\/50915","targetHints":{"allow":["GET"]}}],"collection":[{"href":"https:\/\/www.laguiadepamplona.com\/actualidad\/wp-json\/wp\/v2\/posts"}],"about":[{"href":"https:\/\/www.laguiadepamplona.com\/actualidad\/wp-json\/wp\/v2\/types\/post"}],"author":[{"embeddable":true,"href":"https:\/\/www.laguiadepamplona.com\/actualidad\/wp-json\/wp\/v2\/users\/1"}],"replies":[{"embeddable":true,"href":"https:\/\/www.laguiadepamplona.com\/actualidad\/wp-json\/wp\/v2\/comments?post=50915"}],"version-history":[{"count":1,"href":"https:\/\/www.laguiadepamplona.com\/actualidad\/wp-json\/wp\/v2\/posts\/50915\/revisions"}],"predecessor-version":[{"id":50917,"href":"https:\/\/www.laguiadepamplona.com\/actualidad\/wp-json\/wp\/v2\/posts\/50915\/revisions\/50917"}],"wp:featuredmedia":[{"embeddable":true,"href":"https:\/\/www.laguiadepamplona.com\/actualidad\/wp-json\/wp\/v2\/media\/50916"}],"wp:attachment":[{"href":"https:\/\/www.laguiadepamplona.com\/actualidad\/wp-json\/wp\/v2\/media?parent=50915"}],"wp:term":[{"taxonomy":"category","embeddable":true,"href":"https:\/\/www.laguiadepamplona.com\/actualidad\/wp-json\/wp\/v2\/categories?post=50915"},{"taxonomy":"post_tag","embeddable":true,"href":"https:\/\/www.laguiadepamplona.com\/actualidad\/wp-json\/wp\/v2\/tags?post=50915"}],"curies":[{"name":"wp","href":"https:\/\/api.w.org\/{rel}","templated":true}]}}