{"id":50907,"date":"2024-10-04T16:51:36","date_gmt":"2024-10-04T14:51:36","guid":{"rendered":"https:\/\/www.laguiadepamplona.com\/actualidad\/?p=50907"},"modified":"2024-10-04T16:51:36","modified_gmt":"2024-10-04T14:51:36","slug":"la-ampliacion-del-corredor-sostenible-de-pio-xii-costara-18-millones-de-los-que-450-000-euros-aportara-el-gobierno-de-navarra-mediante-convenio-firmado-hoy","status":"publish","type":"post","link":"https:\/\/www.laguiadepamplona.com\/actualidad\/la-ampliacion-del-corredor-sostenible-de-pio-xii-costara-18-millones-de-los-que-450-000-euros-aportara-el-gobierno-de-navarra-mediante-convenio-firmado-hoy\/","title":{"rendered":"La ampliaci\u00f3n del corredor sostenible de P\u00edo XII costar\u00e1 1,8 millones, de los que 450.000 euros aportar\u00e1 el Gobierno de Navarra mediante convenio firmado hoy"},"content":{"rendered":"<h2>Esta obra, que estar\u00e1 lista para julio de 2025, supondr\u00e1 una ampliaci\u00f3n de zonas verdes y una mejora de la movilidad peatonal y ciclista<\/h2>\n<p><!--more--><\/p>\n<p>Un total de 1.875.313,59 euros es la cantidad que destinara el Ayuntamiento de Pamplona para completar el corredor sostenible de P\u00edo XII, mediante la ampliaci\u00f3n de zonas verdes y aceras y la consolidaci\u00f3n del carril bici. De esta cuant\u00eda, el Gobierno de Navarra aportar\u00e1 450.000 euros, mediante un convenio suscrito en el d\u00eda de hoy entre el concejal de Ciudad Habitable y Sostenible, Borja Izaguirre Larra\u00f1aga, y la directora general de Transportes y Movilidad Sostenible del departamento de Cohesi\u00f3n Territorial del Gobierno de Navarra, Berta Miranda Ordob\u00e1s, recogido en la Ley de Presupuestos de 2024. El objetivo es que las obras concluyan antes del 31 de julio de 2025.<\/p>\n<p>Los trabajos abarcan pr\u00e1cticamente toda la extensi\u00f3n de la avenida P\u00edo XII, entre la avenida del Ej\u00e9rcito y la avenida de Navarra. Se centrar\u00e1n en la calzada, tanto en el carril derecho de cada sentido como en los aparcamientos, creando zonas verdes, reordenando las zonas de carga y descarga, aumentando las plazas de estacionamiento para las personas con movilidad reducida y adaptando algunas paradas de autob\u00fas. Todo ello con el objetivo de mejorar la movilidad peatonal y ciclista, creando zonas verdes que funcionar\u00e1n como jardines de lluvia entre la calzada y la acera, y consolidando la seguridad y la protecci\u00f3n del carril bici. En este \u00faltimo, se corregir\u00e1n giros en las intersecciones, se crear\u00e1n pasos ciclistas y se reasfaltar\u00e1 todo el carril en ambos sentidos.<\/p>\n<p>Ser\u00e1 la empresa Excavaciones Ferm\u00edn Os\u00e9s SL la encargada de la obra, adjudicada dentro del sexto contrato derivado del Acuerdo Marco para la mejora de la movilidad y la sostenibilidad. Para su ejecuci\u00f3n se seguir\u00e1 el proyecto realizado por Alberto Hermoso de Mendoza. En \u00e9l se proyecta reurbanizar el carril derecho de la calzada en ambos sentidos, repaviment\u00e1ndolo y actuando en los accesos a bocacalles y a los aparcamientos p\u00fablicos y privados de la zona. Tal y como recoge el proyecto, gran parte de las plazas destinadas a aparcamiento y zonas de carga y descarga se sustituir\u00e1n por zonas ajardinadas.<\/p>\n<p><strong>M\u00e1s zonas verdes<\/strong><\/p>\n<p>El nuevo dise\u00f1o de esta v\u00eda principal de Pamplona ampl\u00eda las zonas ajardinadas en 2.446 metros cuadrados. Se plantea convertir en zonas verdes con drenaje sostenible todos aquellos espacios de la banda multifuncional que no est\u00e9n destinados a contenedores, plataformas de transporte p\u00fablico, estaciones de bicicletas el\u00e9ctricas de alquiler y plazas de movilidad reducida. As\u00ed, se eliminar\u00e1n 36 plazas de aparcamiento, que se redirigir\u00e1n a las bolsas de aparcamiento ya habilitadas en las cercan\u00edas, y se reordenar\u00e1n algunos de los servicios con el objetivo de ganar espacio al peat\u00f3n. As\u00ed, las aceras ganan espacio en la entrada a la estaci\u00f3n de servicio situada en el cruce con Sancho Ram\u00edrez, y en la entrada al estacionamiento en el n\u00famero 15 de la avenida P\u00edo XII. Adem\u00e1s, se crean dos nuevas zonas verdes en la acera, en la intersecci\u00f3n entre las calles Iturrama y La Rioja.<\/p>\n<p>En cuanto a la reordenaci\u00f3n de servicios, se modificar\u00e1n las zonas de carga y descarga, que se quedar\u00e1n en tres. Ser\u00e1n las situadas en los n\u00fameros 16 (sentido salida), 13 (sentido entrada) y 2 (sentido salida). El resto de las zonas de carga actualmente existentes se trasladar\u00e1n a los puntos m\u00e1s cercanos en las calles adyacentes. Respecto a las plataformas para aparcar bicis, todas ser\u00e1n reubicadas en la acera. En lo que se refiere a las plazas reservadas para veh\u00edculos con tarjeta de movilidad reducida, seis permanecer\u00e1n en el propio corredor sostenible (una m\u00e1s que en la actualidad), mientras se habilitar\u00e1 otra en el punto m\u00e1s cercano a la avenida a la altura del n\u00famero 18.<\/p>\n<p>Tambi\u00e9n se mejorar\u00e1n los accesos a las intersecciones para facilitar la circulaci\u00f3n y maniobrabilidad del transporte p\u00fablico. Por un lado, se modificar\u00e1 la intersecci\u00f3n de Monasterio de Urdax, retranqueando la l\u00ednea de detenci\u00f3n. Y, por otro, se actuar\u00e1 en la parada de autob\u00fas situada en la confluencia entre las calles Iturrama y P\u00edo XII (corresponde a la l\u00ednea 2) para convertirla en parada avanzada. Al mismo tiempo, se consolida la protecci\u00f3n del carril bici con isleta pavimentada en todas las intersecciones, incluyendo la del tramo comprendido entre Civican y la avenida del Ej\u00e9rcito, en sentido salida.<\/p>\n<p><strong>Convenio con Gobierno de Navarra<\/strong><\/p>\n<p>El convenio suscrito hoy con el Gobierno de Navarra permitir\u00e1 sufragar parte de las obras, cifradas en 1,87 millones de euros. De hecho, los 450.000 euros que aportar\u00e1 el Ejecutivo foral son fruto de una enmienda a los Presupuestos Generales de Navarra para avanzar en esta obra, que cuenta con el apoyo del equipo de gobierno y de PSN, y que ya figuraba en el acuerdo de investidura y en el acuerdo presupuestario para el Ayuntamiento de Pamplona.<\/p>\n<p>El importe del Gobierno foral se articula, a trav\u00e9s de este convenio, como una subvenci\u00f3n justificada por la utilidad p\u00fablica de la obra, que fomenta la movilidad sostenible, apostando por la movilidad peatonal y ciclista. De los 1.875.313,59 euros de presupuesto de la obra, este 2024 se invertir\u00e1n 725.969,12 euros, incluidos los 450.000 euros del Gobierno de Navarra. Los restantes 1.149.344,47 euros ir\u00e1n con cargo a los presupuestos de 2025.<\/p>\n<p>El proyecto de reforma de la avenida de P\u00edo XII se inici\u00f3 en el a\u00f1o 2018, y redujo de tres a dos los carriles de circulaci\u00f3n en las dos direcciones, para habilitar un corredor sostenible que permitiera ganar espacio para el peat\u00f3n, la bicicleta y el transporte urbano. Las obras se desarrollaron en dos fases, desde la calle Irunlarrea hasta la avenida del Ej\u00e9rcito, y favorecieron la movilidad peatonal, principalmente en las intersecciones, mediante la reducci\u00f3n de la distancia de cruce, tiempos de espera y rodeos en los itinerarios peatonales.<\/p>\n<p>El proyecto otorg\u00f3 prioridad semaf\u00f3rica y carriles exclusivos para el transporte p\u00fablico urbano en las intersecciones para mejorar la circulaci\u00f3n. Tambi\u00e9n se suprimi\u00f3 la banda de estacionamiento y otros usos en ambos sentidos, utilizando este espacio para un carril bici en cada sentido, de una anchura 1,80 metros entre el bordillo y exterior de raya blanca, y una franja de protecci\u00f3n de 80 cent\u00edmetros en su exterior.<\/p>\n<p>Para que el corredor est\u00e9 completo habr\u00e1 que poner en marcha a\u00fan dos nuevas fases: la conexi\u00f3n con Irunlarrea y la zona de hospitales, y la conexi\u00f3n entre la confluencia con la avenida del Ej\u00e9rcito y la zona amabilizada del centro a trav\u00e9s de Navas de Tolosa y Bosquecillo.<\/p>\n","protected":false},"excerpt":{"rendered":"<p>Esta obra, que estar\u00e1 lista para julio de 2025, supondr\u00e1 una ampliaci\u00f3n de zonas verdes y una mejora de la movilidad peatonal y ciclista<\/p>\n","protected":false},"author":1,"featured_media":50908,"comment_status":"open","ping_status":"closed","sticky":false,"template":"","format":"standard","meta":{"footnotes":""},"categories":[2],"tags":[],"class_list":["post-50907","post","type-post","status-publish","format-standard","has-post-thumbnail","hentry","category-ayuntamiento-pamplona"],"yoast_head":"<!-- This site is optimized with the Yoast SEO plugin v27.3 - https:\/\/yoast.com\/product\/yoast-seo-wordpress\/ -->\n<title>La ampliaci\u00f3n del corredor sostenible de P\u00edo XII costar\u00e1 1,8 millones, de los que 450.000 euros aportar\u00e1 el Gobierno de Navarra mediante convenio firmado hoy<\/title>\n<meta name=\"description\" content=\"Esta obra, que estar\u00e1 lista para julio de 2025, supondr\u00e1 una ampliaci\u00f3n de zonas verdes y una mejora de la movilidad peatonal y ciclista\" \/>\n<meta name=\"robots\" content=\"index, follow, max-snippet:-1, max-image-preview:large, max-video-preview:-1\" \/>\n<link rel=\"canonical\" href=\"https:\/\/www.laguiadepamplona.com\/actualidad\/la-ampliacion-del-corredor-sostenible-de-pio-xii-costara-18-millones-de-los-que-450-000-euros-aportara-el-gobierno-de-navarra-mediante-convenio-firmado-hoy\/\" \/>\n<meta property=\"og:locale\" content=\"es_ES\" \/>\n<meta property=\"og:type\" content=\"article\" \/>\n<meta property=\"og:title\" content=\"La ampliaci\u00f3n del corredor sostenible de P\u00edo XII costar\u00e1 1,8 millones, de los que 450.000 euros aportar\u00e1 el Gobierno de Navarra mediante convenio firmado hoy\" \/>\n<meta property=\"og:description\" content=\"Esta obra, que estar\u00e1 lista para julio de 2025, supondr\u00e1 una ampliaci\u00f3n de zonas verdes y una mejora de la movilidad peatonal y ciclista\" \/>\n<meta property=\"og:url\" content=\"https:\/\/www.laguiadepamplona.com\/actualidad\/la-ampliacion-del-corredor-sostenible-de-pio-xii-costara-18-millones-de-los-que-450-000-euros-aportara-el-gobierno-de-navarra-mediante-convenio-firmado-hoy\/\" \/>\n<meta property=\"og:site_name\" content=\"La Gu\u00eda de Pamplona\" \/>\n<meta property=\"article:publisher\" content=\"https:\/\/www.facebook.com\/laguiadepamplonacom-133175176762273\/?ref=hl\" \/>\n<meta property=\"article:published_time\" content=\"2024-10-04T14:51:36+00:00\" \/>\n<meta property=\"og:image\" content=\"https:\/\/www.laguiadepamplona.com\/actualidad\/wp-content\/uploads\/2024\/10\/firma-convenio-Pio-XII_web.webp\" \/>\n\t<meta property=\"og:image:width\" content=\"1000\" \/>\n\t<meta property=\"og:image:height\" content=\"667\" \/>\n\t<meta property=\"og:image:type\" content=\"image\/webp\" \/>\n<meta name=\"author\" content=\"La Gu\u00eda de Pamplona\" \/>\n<meta name=\"twitter:card\" content=\"summary_large_image\" \/>\n<meta name=\"twitter:creator\" content=\"@LaGuiadPamplona\" \/>\n<meta name=\"twitter:site\" content=\"@LaGuiadPamplona\" \/>\n<meta name=\"twitter:label1\" content=\"Escrito por\" \/>\n\t<meta name=\"twitter:data1\" content=\"La Gu\u00eda de Pamplona\" \/>\n\t<meta name=\"twitter:label2\" content=\"Tiempo de lectura\" \/>\n\t<meta name=\"twitter:data2\" content=\"5 minutos\" \/>\n<script type=\"application\/ld+json\" class=\"yoast-schema-graph\">{\"@context\":\"https:\\\/\\\/schema.org\",\"@graph\":[{\"@type\":\"Article\",\"@id\":\"https:\\\/\\\/www.laguiadepamplona.com\\\/actualidad\\\/la-ampliacion-del-corredor-sostenible-de-pio-xii-costara-18-millones-de-los-que-450-000-euros-aportara-el-gobierno-de-navarra-mediante-convenio-firmado-hoy\\\/#article\",\"isPartOf\":{\"@id\":\"https:\\\/\\\/www.laguiadepamplona.com\\\/actualidad\\\/la-ampliacion-del-corredor-sostenible-de-pio-xii-costara-18-millones-de-los-que-450-000-euros-aportara-el-gobierno-de-navarra-mediante-convenio-firmado-hoy\\\/\"},\"author\":{\"name\":\"La Gu\u00eda de Pamplona\",\"@id\":\"https:\\\/\\\/www.laguiadepamplona.com\\\/actualidad\\\/#\\\/schema\\\/person\\\/efe887376f0213d4657c93adc50b1fdb\"},\"headline\":\"La ampliaci\u00f3n del corredor sostenible de P\u00edo XII costar\u00e1 1,8 millones, de los que 450.000 euros aportar\u00e1 el Gobierno de Navarra mediante convenio firmado hoy\",\"datePublished\":\"2024-10-04T14:51:36+00:00\",\"mainEntityOfPage\":{\"@id\":\"https:\\\/\\\/www.laguiadepamplona.com\\\/actualidad\\\/la-ampliacion-del-corredor-sostenible-de-pio-xii-costara-18-millones-de-los-que-450-000-euros-aportara-el-gobierno-de-navarra-mediante-convenio-firmado-hoy\\\/\"},\"wordCount\":1166,\"commentCount\":0,\"publisher\":{\"@id\":\"https:\\\/\\\/www.laguiadepamplona.com\\\/actualidad\\\/#organization\"},\"image\":{\"@id\":\"https:\\\/\\\/www.laguiadepamplona.com\\\/actualidad\\\/la-ampliacion-del-corredor-sostenible-de-pio-xii-costara-18-millones-de-los-que-450-000-euros-aportara-el-gobierno-de-navarra-mediante-convenio-firmado-hoy\\\/#primaryimage\"},\"thumbnailUrl\":\"https:\\\/\\\/www.laguiadepamplona.com\\\/actualidad\\\/wp-content\\\/uploads\\\/2024\\\/10\\\/firma-convenio-Pio-XII_web.webp\",\"articleSection\":[\"Ayto Pamplona\"],\"inLanguage\":\"es\",\"potentialAction\":[{\"@type\":\"CommentAction\",\"name\":\"Comment\",\"target\":[\"https:\\\/\\\/www.laguiadepamplona.com\\\/actualidad\\\/la-ampliacion-del-corredor-sostenible-de-pio-xii-costara-18-millones-de-los-que-450-000-euros-aportara-el-gobierno-de-navarra-mediante-convenio-firmado-hoy\\\/#respond\"]}]},{\"@type\":\"WebPage\",\"@id\":\"https:\\\/\\\/www.laguiadepamplona.com\\\/actualidad\\\/la-ampliacion-del-corredor-sostenible-de-pio-xii-costara-18-millones-de-los-que-450-000-euros-aportara-el-gobierno-de-navarra-mediante-convenio-firmado-hoy\\\/\",\"url\":\"https:\\\/\\\/www.laguiadepamplona.com\\\/actualidad\\\/la-ampliacion-del-corredor-sostenible-de-pio-xii-costara-18-millones-de-los-que-450-000-euros-aportara-el-gobierno-de-navarra-mediante-convenio-firmado-hoy\\\/\",\"name\":\"La ampliaci\u00f3n del corredor sostenible de P\u00edo XII costar\u00e1 1,8 millones, de los que 450.000 euros aportar\u00e1 el Gobierno de Navarra mediante convenio firmado hoy\",\"isPartOf\":{\"@id\":\"https:\\\/\\\/www.laguiadepamplona.com\\\/actualidad\\\/#website\"},\"primaryImageOfPage\":{\"@id\":\"https:\\\/\\\/www.laguiadepamplona.com\\\/actualidad\\\/la-ampliacion-del-corredor-sostenible-de-pio-xii-costara-18-millones-de-los-que-450-000-euros-aportara-el-gobierno-de-navarra-mediante-convenio-firmado-hoy\\\/#primaryimage\"},\"image\":{\"@id\":\"https:\\\/\\\/www.laguiadepamplona.com\\\/actualidad\\\/la-ampliacion-del-corredor-sostenible-de-pio-xii-costara-18-millones-de-los-que-450-000-euros-aportara-el-gobierno-de-navarra-mediante-convenio-firmado-hoy\\\/#primaryimage\"},\"thumbnailUrl\":\"https:\\\/\\\/www.laguiadepamplona.com\\\/actualidad\\\/wp-content\\\/uploads\\\/2024\\\/10\\\/firma-convenio-Pio-XII_web.webp\",\"datePublished\":\"2024-10-04T14:51:36+00:00\",\"description\":\"Esta obra, que estar\u00e1 lista para julio de 2025, supondr\u00e1 una ampliaci\u00f3n de zonas verdes y una mejora de la movilidad peatonal y ciclista\",\"breadcrumb\":{\"@id\":\"https:\\\/\\\/www.laguiadepamplona.com\\\/actualidad\\\/la-ampliacion-del-corredor-sostenible-de-pio-xii-costara-18-millones-de-los-que-450-000-euros-aportara-el-gobierno-de-navarra-mediante-convenio-firmado-hoy\\\/#breadcrumb\"},\"inLanguage\":\"es\",\"potentialAction\":[{\"@type\":\"ReadAction\",\"target\":[\"https:\\\/\\\/www.laguiadepamplona.com\\\/actualidad\\\/la-ampliacion-del-corredor-sostenible-de-pio-xii-costara-18-millones-de-los-que-450-000-euros-aportara-el-gobierno-de-navarra-mediante-convenio-firmado-hoy\\\/\"]}]},{\"@type\":\"ImageObject\",\"inLanguage\":\"es\",\"@id\":\"https:\\\/\\\/www.laguiadepamplona.com\\\/actualidad\\\/la-ampliacion-del-corredor-sostenible-de-pio-xii-costara-18-millones-de-los-que-450-000-euros-aportara-el-gobierno-de-navarra-mediante-convenio-firmado-hoy\\\/#primaryimage\",\"url\":\"https:\\\/\\\/www.laguiadepamplona.com\\\/actualidad\\\/wp-content\\\/uploads\\\/2024\\\/10\\\/firma-convenio-Pio-XII_web.webp\",\"contentUrl\":\"https:\\\/\\\/www.laguiadepamplona.com\\\/actualidad\\\/wp-content\\\/uploads\\\/2024\\\/10\\\/firma-convenio-Pio-XII_web.webp\",\"width\":1000,\"height\":667,\"caption\":\"firma convenio P\u00edo XII\"},{\"@type\":\"BreadcrumbList\",\"@id\":\"https:\\\/\\\/www.laguiadepamplona.com\\\/actualidad\\\/la-ampliacion-del-corredor-sostenible-de-pio-xii-costara-18-millones-de-los-que-450-000-euros-aportara-el-gobierno-de-navarra-mediante-convenio-firmado-hoy\\\/#breadcrumb\",\"itemListElement\":[{\"@type\":\"ListItem\",\"position\":1,\"name\":\"Portada\",\"item\":\"https:\\\/\\\/www.laguiadepamplona.com\\\/actualidad\\\/\"},{\"@type\":\"ListItem\",\"position\":2,\"name\":\"La ampliaci\u00f3n del corredor sostenible de P\u00edo XII costar\u00e1 1,8 millones, de los que 450.000 euros aportar\u00e1 el Gobierno de Navarra mediante convenio firmado hoy\"}]},{\"@type\":\"WebSite\",\"@id\":\"https:\\\/\\\/www.laguiadepamplona.com\\\/actualidad\\\/#website\",\"url\":\"https:\\\/\\\/www.laguiadepamplona.com\\\/actualidad\\\/\",\"name\":\"La gu\u00eda de Pamplona\",\"description\":\"Noticias de Pamplona\",\"publisher\":{\"@id\":\"https:\\\/\\\/www.laguiadepamplona.com\\\/actualidad\\\/#organization\"},\"potentialAction\":[{\"@type\":\"SearchAction\",\"target\":{\"@type\":\"EntryPoint\",\"urlTemplate\":\"https:\\\/\\\/www.laguiadepamplona.com\\\/actualidad\\\/?s={search_term_string}\"},\"query-input\":{\"@type\":\"PropertyValueSpecification\",\"valueRequired\":true,\"valueName\":\"search_term_string\"}}],\"inLanguage\":\"es\"},{\"@type\":\"Organization\",\"@id\":\"https:\\\/\\\/www.laguiadepamplona.com\\\/actualidad\\\/#organization\",\"name\":\"La Gu\u00eda de Pamplona \\\/ Noticias\",\"url\":\"https:\\\/\\\/www.laguiadepamplona.com\\\/actualidad\\\/\",\"logo\":{\"@type\":\"ImageObject\",\"inLanguage\":\"es\",\"@id\":\"https:\\\/\\\/www.laguiadepamplona.com\\\/actualidad\\\/#\\\/schema\\\/logo\\\/image\\\/\",\"url\":\"https:\\\/\\\/www.laguiadepamplona.com\\\/actualidad\\\/wp-content\\\/uploads\\\/2018\\\/11\\\/logo-laguiadepamplona18-web1.png\",\"contentUrl\":\"https:\\\/\\\/www.laguiadepamplona.com\\\/actualidad\\\/wp-content\\\/uploads\\\/2018\\\/11\\\/logo-laguiadepamplona18-web1.png\",\"width\":600,\"height\":196,\"caption\":\"La Gu\u00eda de Pamplona \\\/ Noticias\"},\"image\":{\"@id\":\"https:\\\/\\\/www.laguiadepamplona.com\\\/actualidad\\\/#\\\/schema\\\/logo\\\/image\\\/\"},\"sameAs\":[\"https:\\\/\\\/www.facebook.com\\\/laguiadepamplonacom-133175176762273\\\/?ref=hl\",\"https:\\\/\\\/x.com\\\/LaGuiadPamplona\",\"https:\\\/\\\/www.instagram.com\\\/la_guia_de_pamplona\\\/\",\"https:\\\/\\\/www.youtube.com\\\/user\\\/laguiadepamplona\"]},{\"@type\":\"Person\",\"@id\":\"https:\\\/\\\/www.laguiadepamplona.com\\\/actualidad\\\/#\\\/schema\\\/person\\\/efe887376f0213d4657c93adc50b1fdb\",\"name\":\"La Gu\u00eda de Pamplona\",\"image\":{\"@type\":\"ImageObject\",\"inLanguage\":\"es\",\"@id\":\"https:\\\/\\\/secure.gravatar.com\\\/avatar\\\/b6992f131dc8d30ab0dff15446e9d346d9dbd95992de0fef795073f5ea83a81c?s=96&d=mm&r=g\",\"url\":\"https:\\\/\\\/secure.gravatar.com\\\/avatar\\\/b6992f131dc8d30ab0dff15446e9d346d9dbd95992de0fef795073f5ea83a81c?s=96&d=mm&r=g\",\"contentUrl\":\"https:\\\/\\\/secure.gravatar.com\\\/avatar\\\/b6992f131dc8d30ab0dff15446e9d346d9dbd95992de0fef795073f5ea83a81c?s=96&d=mm&r=g\",\"caption\":\"La Gu\u00eda de Pamplona\"}}]}<\/script>\n<!-- \/ Yoast SEO plugin. -->","yoast_head_json":{"title":"La ampliaci\u00f3n del corredor sostenible de P\u00edo XII costar\u00e1 1,8 millones, de los que 450.000 euros aportar\u00e1 el Gobierno de Navarra mediante convenio firmado hoy","description":"Esta obra, que estar\u00e1 lista para julio de 2025, supondr\u00e1 una ampliaci\u00f3n de zonas verdes y una mejora de la movilidad peatonal y ciclista","robots":{"index":"index","follow":"follow","max-snippet":"max-snippet:-1","max-image-preview":"max-image-preview:large","max-video-preview":"max-video-preview:-1"},"canonical":"https:\/\/www.laguiadepamplona.com\/actualidad\/la-ampliacion-del-corredor-sostenible-de-pio-xii-costara-18-millones-de-los-que-450-000-euros-aportara-el-gobierno-de-navarra-mediante-convenio-firmado-hoy\/","og_locale":"es_ES","og_type":"article","og_title":"La ampliaci\u00f3n del corredor sostenible de P\u00edo XII costar\u00e1 1,8 millones, de los que 450.000 euros aportar\u00e1 el Gobierno de Navarra mediante convenio firmado hoy","og_description":"Esta obra, que estar\u00e1 lista para julio de 2025, supondr\u00e1 una ampliaci\u00f3n de zonas verdes y una mejora de la movilidad peatonal y ciclista","og_url":"https:\/\/www.laguiadepamplona.com\/actualidad\/la-ampliacion-del-corredor-sostenible-de-pio-xii-costara-18-millones-de-los-que-450-000-euros-aportara-el-gobierno-de-navarra-mediante-convenio-firmado-hoy\/","og_site_name":"La Gu\u00eda de Pamplona","article_publisher":"https:\/\/www.facebook.com\/laguiadepamplonacom-133175176762273\/?ref=hl","article_published_time":"2024-10-04T14:51:36+00:00","og_image":[{"width":1000,"height":667,"url":"https:\/\/www.laguiadepamplona.com\/actualidad\/wp-content\/uploads\/2024\/10\/firma-convenio-Pio-XII_web.webp","type":"image\/webp"}],"author":"La Gu\u00eda de Pamplona","twitter_card":"summary_large_image","twitter_creator":"@LaGuiadPamplona","twitter_site":"@LaGuiadPamplona","twitter_misc":{"Escrito por":"La Gu\u00eda de Pamplona","Tiempo de lectura":"5 minutos"},"schema":{"@context":"https:\/\/schema.org","@graph":[{"@type":"Article","@id":"https:\/\/www.laguiadepamplona.com\/actualidad\/la-ampliacion-del-corredor-sostenible-de-pio-xii-costara-18-millones-de-los-que-450-000-euros-aportara-el-gobierno-de-navarra-mediante-convenio-firmado-hoy\/#article","isPartOf":{"@id":"https:\/\/www.laguiadepamplona.com\/actualidad\/la-ampliacion-del-corredor-sostenible-de-pio-xii-costara-18-millones-de-los-que-450-000-euros-aportara-el-gobierno-de-navarra-mediante-convenio-firmado-hoy\/"},"author":{"name":"La Gu\u00eda de Pamplona","@id":"https:\/\/www.laguiadepamplona.com\/actualidad\/#\/schema\/person\/efe887376f0213d4657c93adc50b1fdb"},"headline":"La ampliaci\u00f3n del corredor sostenible de P\u00edo XII costar\u00e1 1,8 millones, de los que 450.000 euros aportar\u00e1 el Gobierno de Navarra mediante convenio firmado hoy","datePublished":"2024-10-04T14:51:36+00:00","mainEntityOfPage":{"@id":"https:\/\/www.laguiadepamplona.com\/actualidad\/la-ampliacion-del-corredor-sostenible-de-pio-xii-costara-18-millones-de-los-que-450-000-euros-aportara-el-gobierno-de-navarra-mediante-convenio-firmado-hoy\/"},"wordCount":1166,"commentCount":0,"publisher":{"@id":"https:\/\/www.laguiadepamplona.com\/actualidad\/#organization"},"image":{"@id":"https:\/\/www.laguiadepamplona.com\/actualidad\/la-ampliacion-del-corredor-sostenible-de-pio-xii-costara-18-millones-de-los-que-450-000-euros-aportara-el-gobierno-de-navarra-mediante-convenio-firmado-hoy\/#primaryimage"},"thumbnailUrl":"https:\/\/www.laguiadepamplona.com\/actualidad\/wp-content\/uploads\/2024\/10\/firma-convenio-Pio-XII_web.webp","articleSection":["Ayto Pamplona"],"inLanguage":"es","potentialAction":[{"@type":"CommentAction","name":"Comment","target":["https:\/\/www.laguiadepamplona.com\/actualidad\/la-ampliacion-del-corredor-sostenible-de-pio-xii-costara-18-millones-de-los-que-450-000-euros-aportara-el-gobierno-de-navarra-mediante-convenio-firmado-hoy\/#respond"]}]},{"@type":"WebPage","@id":"https:\/\/www.laguiadepamplona.com\/actualidad\/la-ampliacion-del-corredor-sostenible-de-pio-xii-costara-18-millones-de-los-que-450-000-euros-aportara-el-gobierno-de-navarra-mediante-convenio-firmado-hoy\/","url":"https:\/\/www.laguiadepamplona.com\/actualidad\/la-ampliacion-del-corredor-sostenible-de-pio-xii-costara-18-millones-de-los-que-450-000-euros-aportara-el-gobierno-de-navarra-mediante-convenio-firmado-hoy\/","name":"La ampliaci\u00f3n del corredor sostenible de P\u00edo XII costar\u00e1 1,8 millones, de los que 450.000 euros aportar\u00e1 el Gobierno de Navarra mediante convenio firmado hoy","isPartOf":{"@id":"https:\/\/www.laguiadepamplona.com\/actualidad\/#website"},"primaryImageOfPage":{"@id":"https:\/\/www.laguiadepamplona.com\/actualidad\/la-ampliacion-del-corredor-sostenible-de-pio-xii-costara-18-millones-de-los-que-450-000-euros-aportara-el-gobierno-de-navarra-mediante-convenio-firmado-hoy\/#primaryimage"},"image":{"@id":"https:\/\/www.laguiadepamplona.com\/actualidad\/la-ampliacion-del-corredor-sostenible-de-pio-xii-costara-18-millones-de-los-que-450-000-euros-aportara-el-gobierno-de-navarra-mediante-convenio-firmado-hoy\/#primaryimage"},"thumbnailUrl":"https:\/\/www.laguiadepamplona.com\/actualidad\/wp-content\/uploads\/2024\/10\/firma-convenio-Pio-XII_web.webp","datePublished":"2024-10-04T14:51:36+00:00","description":"Esta obra, que estar\u00e1 lista para julio de 2025, supondr\u00e1 una ampliaci\u00f3n de zonas verdes y una mejora de la movilidad peatonal y ciclista","breadcrumb":{"@id":"https:\/\/www.laguiadepamplona.com\/actualidad\/la-ampliacion-del-corredor-sostenible-de-pio-xii-costara-18-millones-de-los-que-450-000-euros-aportara-el-gobierno-de-navarra-mediante-convenio-firmado-hoy\/#breadcrumb"},"inLanguage":"es","potentialAction":[{"@type":"ReadAction","target":["https:\/\/www.laguiadepamplona.com\/actualidad\/la-ampliacion-del-corredor-sostenible-de-pio-xii-costara-18-millones-de-los-que-450-000-euros-aportara-el-gobierno-de-navarra-mediante-convenio-firmado-hoy\/"]}]},{"@type":"ImageObject","inLanguage":"es","@id":"https:\/\/www.laguiadepamplona.com\/actualidad\/la-ampliacion-del-corredor-sostenible-de-pio-xii-costara-18-millones-de-los-que-450-000-euros-aportara-el-gobierno-de-navarra-mediante-convenio-firmado-hoy\/#primaryimage","url":"https:\/\/www.laguiadepamplona.com\/actualidad\/wp-content\/uploads\/2024\/10\/firma-convenio-Pio-XII_web.webp","contentUrl":"https:\/\/www.laguiadepamplona.com\/actualidad\/wp-content\/uploads\/2024\/10\/firma-convenio-Pio-XII_web.webp","width":1000,"height":667,"caption":"firma convenio P\u00edo XII"},{"@type":"BreadcrumbList","@id":"https:\/\/www.laguiadepamplona.com\/actualidad\/la-ampliacion-del-corredor-sostenible-de-pio-xii-costara-18-millones-de-los-que-450-000-euros-aportara-el-gobierno-de-navarra-mediante-convenio-firmado-hoy\/#breadcrumb","itemListElement":[{"@type":"ListItem","position":1,"name":"Portada","item":"https:\/\/www.laguiadepamplona.com\/actualidad\/"},{"@type":"ListItem","position":2,"name":"La ampliaci\u00f3n del corredor sostenible de P\u00edo XII costar\u00e1 1,8 millones, de los que 450.000 euros aportar\u00e1 el Gobierno de Navarra mediante convenio firmado hoy"}]},{"@type":"WebSite","@id":"https:\/\/www.laguiadepamplona.com\/actualidad\/#website","url":"https:\/\/www.laguiadepamplona.com\/actualidad\/","name":"La gu\u00eda de Pamplona","description":"Noticias de Pamplona","publisher":{"@id":"https:\/\/www.laguiadepamplona.com\/actualidad\/#organization"},"potentialAction":[{"@type":"SearchAction","target":{"@type":"EntryPoint","urlTemplate":"https:\/\/www.laguiadepamplona.com\/actualidad\/?s={search_term_string}"},"query-input":{"@type":"PropertyValueSpecification","valueRequired":true,"valueName":"search_term_string"}}],"inLanguage":"es"},{"@type":"Organization","@id":"https:\/\/www.laguiadepamplona.com\/actualidad\/#organization","name":"La Gu\u00eda de Pamplona \/ Noticias","url":"https:\/\/www.laguiadepamplona.com\/actualidad\/","logo":{"@type":"ImageObject","inLanguage":"es","@id":"https:\/\/www.laguiadepamplona.com\/actualidad\/#\/schema\/logo\/image\/","url":"https:\/\/www.laguiadepamplona.com\/actualidad\/wp-content\/uploads\/2018\/11\/logo-laguiadepamplona18-web1.png","contentUrl":"https:\/\/www.laguiadepamplona.com\/actualidad\/wp-content\/uploads\/2018\/11\/logo-laguiadepamplona18-web1.png","width":600,"height":196,"caption":"La Gu\u00eda de Pamplona \/ Noticias"},"image":{"@id":"https:\/\/www.laguiadepamplona.com\/actualidad\/#\/schema\/logo\/image\/"},"sameAs":["https:\/\/www.facebook.com\/laguiadepamplonacom-133175176762273\/?ref=hl","https:\/\/x.com\/LaGuiadPamplona","https:\/\/www.instagram.com\/la_guia_de_pamplona\/","https:\/\/www.youtube.com\/user\/laguiadepamplona"]},{"@type":"Person","@id":"https:\/\/www.laguiadepamplona.com\/actualidad\/#\/schema\/person\/efe887376f0213d4657c93adc50b1fdb","name":"La Gu\u00eda de Pamplona","image":{"@type":"ImageObject","inLanguage":"es","@id":"https:\/\/secure.gravatar.com\/avatar\/b6992f131dc8d30ab0dff15446e9d346d9dbd95992de0fef795073f5ea83a81c?s=96&d=mm&r=g","url":"https:\/\/secure.gravatar.com\/avatar\/b6992f131dc8d30ab0dff15446e9d346d9dbd95992de0fef795073f5ea83a81c?s=96&d=mm&r=g","contentUrl":"https:\/\/secure.gravatar.com\/avatar\/b6992f131dc8d30ab0dff15446e9d346d9dbd95992de0fef795073f5ea83a81c?s=96&d=mm&r=g","caption":"La Gu\u00eda de Pamplona"}}]}},"post_mailing_queue_ids":[],"_links":{"self":[{"href":"https:\/\/www.laguiadepamplona.com\/actualidad\/wp-json\/wp\/v2\/posts\/50907","targetHints":{"allow":["GET"]}}],"collection":[{"href":"https:\/\/www.laguiadepamplona.com\/actualidad\/wp-json\/wp\/v2\/posts"}],"about":[{"href":"https:\/\/www.laguiadepamplona.com\/actualidad\/wp-json\/wp\/v2\/types\/post"}],"author":[{"embeddable":true,"href":"https:\/\/www.laguiadepamplona.com\/actualidad\/wp-json\/wp\/v2\/users\/1"}],"replies":[{"embeddable":true,"href":"https:\/\/www.laguiadepamplona.com\/actualidad\/wp-json\/wp\/v2\/comments?post=50907"}],"version-history":[{"count":1,"href":"https:\/\/www.laguiadepamplona.com\/actualidad\/wp-json\/wp\/v2\/posts\/50907\/revisions"}],"predecessor-version":[{"id":50909,"href":"https:\/\/www.laguiadepamplona.com\/actualidad\/wp-json\/wp\/v2\/posts\/50907\/revisions\/50909"}],"wp:featuredmedia":[{"embeddable":true,"href":"https:\/\/www.laguiadepamplona.com\/actualidad\/wp-json\/wp\/v2\/media\/50908"}],"wp:attachment":[{"href":"https:\/\/www.laguiadepamplona.com\/actualidad\/wp-json\/wp\/v2\/media?parent=50907"}],"wp:term":[{"taxonomy":"category","embeddable":true,"href":"https:\/\/www.laguiadepamplona.com\/actualidad\/wp-json\/wp\/v2\/categories?post=50907"},{"taxonomy":"post_tag","embeddable":true,"href":"https:\/\/www.laguiadepamplona.com\/actualidad\/wp-json\/wp\/v2\/tags?post=50907"}],"curies":[{"name":"wp","href":"https:\/\/api.w.org\/{rel}","templated":true}]}}