{"id":50904,"date":"2024-10-03T18:46:58","date_gmt":"2024-10-03T16:46:58","guid":{"rendered":"https:\/\/www.laguiadepamplona.com\/actualidad\/?p=50904"},"modified":"2024-10-03T18:46:58","modified_gmt":"2024-10-03T16:46:58","slug":"comienza-el-sexto-ciclo-aditech-de-cine-y-ciencia-filmoteca-de-navarra-que-traera-a-condestable-cuatro-proyecciones-seguidas-de-coloquios-con-investigadores","status":"publish","type":"post","link":"https:\/\/www.laguiadepamplona.com\/actualidad\/comienza-el-sexto-ciclo-aditech-de-cine-y-ciencia-filmoteca-de-navarra-que-traera-a-condestable-cuatro-proyecciones-seguidas-de-coloquios-con-investigadores\/","title":{"rendered":"Comienza el sexto Ciclo ADITECH de cine y ciencia \u2013 Filmoteca de Navarra que traer\u00e1 a Condestable cuatro proyecciones seguidas de coloquios con investigadores"},"content":{"rendered":"<h2>Este s\u00e1bado, con el documental \u2018Que inventen ellas\u2019, y un coloquio con su director, arrancan las actividades del \u00faltimo trimestre del a\u00f1o en Civivox<\/h2>\n<p><!--more--><\/p>\n<p>Condestable acoger\u00e1, desde este s\u00e1bado 5 de octubre, el VI Ciclo ADITECH de cine y ciencia \u2013 Filmoteca de Navarra, una propuesta de cuatro sesiones seguidas de coloquios que se desarrollar\u00e1 hasta el 9 de noviembre, siempre en s\u00e1bado. Este ciclo, programado por primera vez en el centro de la ciudad, quiere aportar materiales para la construcci\u00f3n de una s\u00f3lida cultura cient\u00edfica de Navarra. En la iniciativa participan, adem\u00e1s, la Filmoteca de Navarra y personal investigador del Sistema Navarro de i+D+i (Sinai). Todas las pel\u00edculas se proyectar\u00e1n a partir de las 19 horas al precio de 2 euros la entrada. Los filmes se exhibir\u00e1n en versi\u00f3n original con subt\u00edtulos en castellano (V.O.S).<\/p>\n<p>Con este ciclo se inician las actividades de este trimestre en la red Civivox. Muchas son de entrada libre. En las que no lo son, como este ciclo de cine, los precios se podr\u00e1n abonar mediante tarjeta bancaria, tanto de manera presencial en cualquiera de los centros de la red; telef\u00f3nicamente (948420100 \/010) como v\u00eda online en <a href=\"http:\/\/www.pamplonaescultura.es\" target=\"_blank\" rel=\"noopener\">www.pamplonaescultura.es<\/a>, o a trav\u00e9s de <a href=\"http:\/\/www.pamplona.es\" target=\"_blank\" rel=\"noopener\">www.pamplona.es<\/a>. El acceso a las actividades que requieren inscripci\u00f3n previa se realizar\u00e1 mediante lectura de c\u00f3digo QR que se recibe en el correo electr\u00f3nico en el momento de la inscripci\u00f3n.<\/p>\n<p>Entre las propuestas municipales, adem\u00e1s del sexto Ciclo ADITECH de cine y ciencia, hay artes esc\u00e9nicas para la primera infancia; los festivales Microstable, Poes\u00eda Esc\u00e9nica y Zinetika; mon\u00f3logos de humor; cine accesible; visitas guiadas; conferencias y talleres como los del ciclo \u2018Oteiza, Basterretxea, Chillida, lugares de encuentro\u2019\u2026 Los horarios de apertura de todos los Civivox son de lunes a s\u00e1bado, de 9 a 14 horas y de 17 a 22 horas. Condestable abre tambi\u00e9n los domingos en ese mismo horario, y los centros de Iturrama, Mendillorri y San Jorge abren los domingos seg\u00fan programaci\u00f3n.<\/p>\n<p><strong>Cine y mujeres cient\u00edficas: este s\u00e1bado en Condestable<\/strong><\/p>\n<p>\u2018Que inventen ellas: la mujer de ciencia y conocimiento en el cine espa\u00f1ol\u2019 (Espa\u00f1a, 2023, 56\u2019) es un documental con perspectiva de g\u00e9nero que repasa la representaci\u00f3n de las mujeres de ciencia en toda la historia del cine espa\u00f1ol de ficci\u00f3n. El an\u00e1lisis se extiende entre 1896 y 2020 y es capaz de reflejar c\u00f3mo la mujer de conocimiento ha sido vista (u ocultada) en el cine, un espacio fundamental de construcci\u00f3n de referentes sociales. El documental aborda la representaci\u00f3n en el S\u00e9ptimo Arte espa\u00f1ol de qui\u00e9n representa, posee y controla el conocimiento acad\u00e9mico y de la ciencia.<\/p>\n<p>En el debate posterior el p\u00fablico asistente podr\u00e1 intercambiar opiniones con Fernando del Blanco Rodr\u00edguez, bibliotecario del CID-CSIC en Barcelona, ensayista y comisario de exposiciones, adem\u00e1s de realizador de esta cinta. Esta es su primera obra audiovisual y se basa en su libro editado en 2023 \u2018En el \u00e1ngulo ciego. Historia de la representaci\u00f3n de la mujer de ciencia y conocimiento en el cine espa\u00f1ol (1896-2020)\u2019.<\/p>\n<p><strong>Un documental, un largo de ficci\u00f3n y otra de animaci\u00f3n<\/strong><\/p>\n<p>El resto del ciclo se desarrollar\u00e9 entre octubre y noviembre. El 19 de octubre se proyectar\u00e1 \u2018Ensayo cl\u00ednico \/ Human trial\u2019 (EEUU, 2022, 91\u2019); y el 2 y el 9 de noviembre los filmes \u2018Naves misteriosas \/ Silent running\u2019 (EEUU, 1972, 89\u2019) y \u2018Robot dreams\u2019 (Espa\u00f1a, 2023, 103\u2019), respectivamente. En los coloquios posteriores participar\u00e1 personal investigador del sistema navarro de i+D+i \u2013 Sinai.<\/p>\n<p>\u2018Ensayo cl\u00ednico\u2019 es un documental norteamericano dirigido por Lisa Hepner y Guy Mossman que revisa la forma que operan las empresas de biotecnolog\u00eda en sus ensayos con personas. En este caso refleja una investigaci\u00f3n en dos pacientes sobre una posible cura para la diabetes tipo 1 mediante un tratamiento con c\u00e9lulas madre. La cinta se proyectar\u00e1 el 19 de octubre.<\/p>\n<p>En noviembre habr\u00e1 dos sesiones m\u00e1s. El s\u00e1bado 2 se rescatar\u00e1 una pel\u00edcula de ciencia ficci\u00f3n de los a\u00f1os 70, \u2018Naves misteriosas\u2019. El argumento: en una estaci\u00f3n espacial, un cient\u00edfico es el responsable de mantener con vida las \u00faltimas especies bot\u00e1nicas de una Tierra postapocal\u00edptica, pero recibe la orden de destruirlas. Supuso el estreno en la direcci\u00f3n cinematogr\u00e1fica de Douglas Trumbull, uno de los m\u00e1s importantes especialistas en el campo de los efectos especiales que trabajo en filmes como \u20182001: Una Odisea en el Espacio\u2019 y \u2018Blade Runner\u2019, entre otros.<\/p>\n<p>La \u00faltima de las pel\u00edculas de este VI Ciclo ADITECH de cine y ciencia \u2013 Filmoteca de Navarra ser\u00e1 la afamada cinta de animaci\u00f3n \u2018Robot dreams\u2019, nominada a los Oscar y ganadora de las categor\u00edas de animaci\u00f3n en los Premios del Cine Europeo y los Goya; la mejor pel\u00edcula independiente en Premios Annie o el galard\u00f3n \u2018Mejor Pel\u00edcula\u2019 en el Festival de Annecy. La cinta, basada en la popular novela gr\u00e1fica de Sara Varo, trata de un perro solitario que vive en el Manhattan de los a\u00f1os 80 y decide construirse un robot para que sea su amigo. La pel\u00edcula es una coproducci\u00f3n Espa\u00f1a-Francia y fue dirigida por Pablo Berger.<\/p>\n<p>&nbsp;<\/p>\n<h3>VI Ciclo ADITECH de cine y ciencia \u2013 Filmoteca de Navarra<\/h3>\n<p><strong>S\u00e1bado 5 octubre<\/strong><\/p>\n<ul>\n<li>Que inventen ellas: la mujer de ciencia y conocimiento en el cine espa\u00f1ol (Espa\u00f1a, 2023, 56\u2019)<\/li>\n<li>MEDIOMETRAJE DOCUMENTAL<\/li>\n<li>Participa en el coloquio su director, Fernando del Blanco, investigador en el Centro de Investigaci\u00f3n y Desarrollo (CID-CSIC) de Barcelona<\/li>\n<\/ul>\n<p><strong>S\u00e1bado 19 octubre <\/strong><\/p>\n<ul>\n<li>Ensayo cl\u00ednico \/ Human trial (EEUU, 2022, 91\u2019)<\/li>\n<li>PEL\u00cdCULA DOCUMENTAL<\/li>\n<li>Participa en el coloquio personal investigador del sistema navarro de i+D+i \u2013 Sinai<\/li>\n<\/ul>\n<p><strong>S\u00e1bado 2 noviembre<\/strong><\/p>\n<ul>\n<li>Naves misteriosas \/ Silent running (EEUU, 1972, 89\u2019)<\/li>\n<li>PEL\u00cdCULA DE CIENCIA FICCI\u00d3N<\/li>\n<li>Participa en el coloquio personal investigador del sistema navarro de i+D+i \u2013 Sinai<\/li>\n<\/ul>\n<p><strong>S\u00e1bado 9 noviembre<\/strong><\/p>\n<ul>\n<li>Robot dreams (Espa\u00f1a, 2023, 103\u2019)<\/li>\n<li>PELICULA DE ANIMACI\u00d3N<\/li>\n<li>Participa en el coloquio personal investigador del sistema navarro de i+D+i \u2013 Sinai<\/li>\n<\/ul>\n","protected":false},"excerpt":{"rendered":"<p>Este s\u00e1bado, con el documental \u2018Que inventen ellas\u2019, y un coloquio con su director, arrancan las actividades del \u00faltimo trimestre del a\u00f1o en Civivox<\/p>\n","protected":false},"author":1,"featured_media":50905,"comment_status":"open","ping_status":"closed","sticky":false,"template":"","format":"standard","meta":{"footnotes":""},"categories":[2],"tags":[],"class_list":["post-50904","post","type-post","status-publish","format-standard","has-post-thumbnail","hentry","category-ayuntamiento-pamplona"],"yoast_head":"<!-- This site is optimized with the Yoast SEO plugin v27.3 - https:\/\/yoast.com\/product\/yoast-seo-wordpress\/ -->\n<title>Comienza el sexto Ciclo ADITECH de cine y ciencia \u2013 Filmoteca de Navarra que traer\u00e1 a Condestable cuatro proyecciones seguidas de coloquios con investigadores<\/title>\n<meta name=\"description\" content=\"Este s\u00e1bado, con el documental \u2018Que inventen ellas\u2019, y un coloquio con su director, arrancan las actividades del \u00faltimo trimestre del a\u00f1o en Civivox\" \/>\n<meta name=\"robots\" content=\"index, follow, max-snippet:-1, max-image-preview:large, max-video-preview:-1\" \/>\n<link rel=\"canonical\" href=\"https:\/\/www.laguiadepamplona.com\/actualidad\/comienza-el-sexto-ciclo-aditech-de-cine-y-ciencia-filmoteca-de-navarra-que-traera-a-condestable-cuatro-proyecciones-seguidas-de-coloquios-con-investigadores\/\" \/>\n<meta property=\"og:locale\" content=\"es_ES\" \/>\n<meta property=\"og:type\" content=\"article\" \/>\n<meta property=\"og:title\" content=\"Comienza el sexto Ciclo ADITECH de cine y ciencia \u2013 Filmoteca de Navarra que traer\u00e1 a Condestable cuatro proyecciones seguidas de coloquios con investigadores\" \/>\n<meta property=\"og:description\" content=\"Este s\u00e1bado, con el documental \u2018Que inventen ellas\u2019, y un coloquio con su director, arrancan las actividades del \u00faltimo trimestre del a\u00f1o en Civivox\" \/>\n<meta property=\"og:url\" content=\"https:\/\/www.laguiadepamplona.com\/actualidad\/comienza-el-sexto-ciclo-aditech-de-cine-y-ciencia-filmoteca-de-navarra-que-traera-a-condestable-cuatro-proyecciones-seguidas-de-coloquios-con-investigadores\/\" \/>\n<meta property=\"og:site_name\" content=\"La Gu\u00eda de Pamplona\" \/>\n<meta property=\"article:publisher\" content=\"https:\/\/www.facebook.com\/laguiadepamplonacom-133175176762273\/?ref=hl\" \/>\n<meta property=\"article:published_time\" content=\"2024-10-03T16:46:58+00:00\" \/>\n<meta property=\"og:image\" content=\"https:\/\/www.laguiadepamplona.com\/actualidad\/wp-content\/uploads\/2024\/10\/civivox_web.webp\" \/>\n\t<meta property=\"og:image:width\" content=\"782\" \/>\n\t<meta property=\"og:image:height\" content=\"700\" \/>\n\t<meta property=\"og:image:type\" content=\"image\/webp\" \/>\n<meta name=\"author\" content=\"La Gu\u00eda de Pamplona\" \/>\n<meta name=\"twitter:card\" content=\"summary_large_image\" \/>\n<meta name=\"twitter:creator\" content=\"@LaGuiadPamplona\" \/>\n<meta name=\"twitter:site\" content=\"@LaGuiadPamplona\" \/>\n<meta name=\"twitter:label1\" content=\"Escrito por\" \/>\n\t<meta name=\"twitter:data1\" content=\"La Gu\u00eda de Pamplona\" \/>\n\t<meta name=\"twitter:label2\" content=\"Tiempo de lectura\" \/>\n\t<meta name=\"twitter:data2\" content=\"5 minutos\" \/>\n<script type=\"application\/ld+json\" class=\"yoast-schema-graph\">{\"@context\":\"https:\\\/\\\/schema.org\",\"@graph\":[{\"@type\":\"Article\",\"@id\":\"https:\\\/\\\/www.laguiadepamplona.com\\\/actualidad\\\/comienza-el-sexto-ciclo-aditech-de-cine-y-ciencia-filmoteca-de-navarra-que-traera-a-condestable-cuatro-proyecciones-seguidas-de-coloquios-con-investigadores\\\/#article\",\"isPartOf\":{\"@id\":\"https:\\\/\\\/www.laguiadepamplona.com\\\/actualidad\\\/comienza-el-sexto-ciclo-aditech-de-cine-y-ciencia-filmoteca-de-navarra-que-traera-a-condestable-cuatro-proyecciones-seguidas-de-coloquios-con-investigadores\\\/\"},\"author\":{\"name\":\"La Gu\u00eda de Pamplona\",\"@id\":\"https:\\\/\\\/www.laguiadepamplona.com\\\/actualidad\\\/#\\\/schema\\\/person\\\/efe887376f0213d4657c93adc50b1fdb\"},\"headline\":\"Comienza el sexto Ciclo ADITECH de cine y ciencia \u2013 Filmoteca de Navarra que traer\u00e1 a Condestable cuatro proyecciones seguidas de coloquios con investigadores\",\"datePublished\":\"2024-10-03T16:46:58+00:00\",\"mainEntityOfPage\":{\"@id\":\"https:\\\/\\\/www.laguiadepamplona.com\\\/actualidad\\\/comienza-el-sexto-ciclo-aditech-de-cine-y-ciencia-filmoteca-de-navarra-que-traera-a-condestable-cuatro-proyecciones-seguidas-de-coloquios-con-investigadores\\\/\"},\"wordCount\":1040,\"commentCount\":0,\"publisher\":{\"@id\":\"https:\\\/\\\/www.laguiadepamplona.com\\\/actualidad\\\/#organization\"},\"image\":{\"@id\":\"https:\\\/\\\/www.laguiadepamplona.com\\\/actualidad\\\/comienza-el-sexto-ciclo-aditech-de-cine-y-ciencia-filmoteca-de-navarra-que-traera-a-condestable-cuatro-proyecciones-seguidas-de-coloquios-con-investigadores\\\/#primaryimage\"},\"thumbnailUrl\":\"https:\\\/\\\/www.laguiadepamplona.com\\\/actualidad\\\/wp-content\\\/uploads\\\/2024\\\/10\\\/civivox_web.webp\",\"articleSection\":[\"Ayto Pamplona\"],\"inLanguage\":\"es\",\"potentialAction\":[{\"@type\":\"CommentAction\",\"name\":\"Comment\",\"target\":[\"https:\\\/\\\/www.laguiadepamplona.com\\\/actualidad\\\/comienza-el-sexto-ciclo-aditech-de-cine-y-ciencia-filmoteca-de-navarra-que-traera-a-condestable-cuatro-proyecciones-seguidas-de-coloquios-con-investigadores\\\/#respond\"]}]},{\"@type\":\"WebPage\",\"@id\":\"https:\\\/\\\/www.laguiadepamplona.com\\\/actualidad\\\/comienza-el-sexto-ciclo-aditech-de-cine-y-ciencia-filmoteca-de-navarra-que-traera-a-condestable-cuatro-proyecciones-seguidas-de-coloquios-con-investigadores\\\/\",\"url\":\"https:\\\/\\\/www.laguiadepamplona.com\\\/actualidad\\\/comienza-el-sexto-ciclo-aditech-de-cine-y-ciencia-filmoteca-de-navarra-que-traera-a-condestable-cuatro-proyecciones-seguidas-de-coloquios-con-investigadores\\\/\",\"name\":\"Comienza el sexto Ciclo ADITECH de cine y ciencia \u2013 Filmoteca de Navarra que traer\u00e1 a Condestable cuatro proyecciones seguidas de coloquios con investigadores\",\"isPartOf\":{\"@id\":\"https:\\\/\\\/www.laguiadepamplona.com\\\/actualidad\\\/#website\"},\"primaryImageOfPage\":{\"@id\":\"https:\\\/\\\/www.laguiadepamplona.com\\\/actualidad\\\/comienza-el-sexto-ciclo-aditech-de-cine-y-ciencia-filmoteca-de-navarra-que-traera-a-condestable-cuatro-proyecciones-seguidas-de-coloquios-con-investigadores\\\/#primaryimage\"},\"image\":{\"@id\":\"https:\\\/\\\/www.laguiadepamplona.com\\\/actualidad\\\/comienza-el-sexto-ciclo-aditech-de-cine-y-ciencia-filmoteca-de-navarra-que-traera-a-condestable-cuatro-proyecciones-seguidas-de-coloquios-con-investigadores\\\/#primaryimage\"},\"thumbnailUrl\":\"https:\\\/\\\/www.laguiadepamplona.com\\\/actualidad\\\/wp-content\\\/uploads\\\/2024\\\/10\\\/civivox_web.webp\",\"datePublished\":\"2024-10-03T16:46:58+00:00\",\"description\":\"Este s\u00e1bado, con el documental \u2018Que inventen ellas\u2019, y un coloquio con su director, arrancan las actividades del \u00faltimo trimestre del a\u00f1o en Civivox\",\"breadcrumb\":{\"@id\":\"https:\\\/\\\/www.laguiadepamplona.com\\\/actualidad\\\/comienza-el-sexto-ciclo-aditech-de-cine-y-ciencia-filmoteca-de-navarra-que-traera-a-condestable-cuatro-proyecciones-seguidas-de-coloquios-con-investigadores\\\/#breadcrumb\"},\"inLanguage\":\"es\",\"potentialAction\":[{\"@type\":\"ReadAction\",\"target\":[\"https:\\\/\\\/www.laguiadepamplona.com\\\/actualidad\\\/comienza-el-sexto-ciclo-aditech-de-cine-y-ciencia-filmoteca-de-navarra-que-traera-a-condestable-cuatro-proyecciones-seguidas-de-coloquios-con-investigadores\\\/\"]}]},{\"@type\":\"ImageObject\",\"inLanguage\":\"es\",\"@id\":\"https:\\\/\\\/www.laguiadepamplona.com\\\/actualidad\\\/comienza-el-sexto-ciclo-aditech-de-cine-y-ciencia-filmoteca-de-navarra-que-traera-a-condestable-cuatro-proyecciones-seguidas-de-coloquios-con-investigadores\\\/#primaryimage\",\"url\":\"https:\\\/\\\/www.laguiadepamplona.com\\\/actualidad\\\/wp-content\\\/uploads\\\/2024\\\/10\\\/civivox_web.webp\",\"contentUrl\":\"https:\\\/\\\/www.laguiadepamplona.com\\\/actualidad\\\/wp-content\\\/uploads\\\/2024\\\/10\\\/civivox_web.webp\",\"width\":782,\"height\":700,\"caption\":\"civivox\"},{\"@type\":\"BreadcrumbList\",\"@id\":\"https:\\\/\\\/www.laguiadepamplona.com\\\/actualidad\\\/comienza-el-sexto-ciclo-aditech-de-cine-y-ciencia-filmoteca-de-navarra-que-traera-a-condestable-cuatro-proyecciones-seguidas-de-coloquios-con-investigadores\\\/#breadcrumb\",\"itemListElement\":[{\"@type\":\"ListItem\",\"position\":1,\"name\":\"Portada\",\"item\":\"https:\\\/\\\/www.laguiadepamplona.com\\\/actualidad\\\/\"},{\"@type\":\"ListItem\",\"position\":2,\"name\":\"Comienza el sexto Ciclo ADITECH de cine y ciencia \u2013 Filmoteca de Navarra que traer\u00e1 a Condestable cuatro proyecciones seguidas de coloquios con investigadores\"}]},{\"@type\":\"WebSite\",\"@id\":\"https:\\\/\\\/www.laguiadepamplona.com\\\/actualidad\\\/#website\",\"url\":\"https:\\\/\\\/www.laguiadepamplona.com\\\/actualidad\\\/\",\"name\":\"La gu\u00eda de Pamplona\",\"description\":\"Noticias de Pamplona\",\"publisher\":{\"@id\":\"https:\\\/\\\/www.laguiadepamplona.com\\\/actualidad\\\/#organization\"},\"potentialAction\":[{\"@type\":\"SearchAction\",\"target\":{\"@type\":\"EntryPoint\",\"urlTemplate\":\"https:\\\/\\\/www.laguiadepamplona.com\\\/actualidad\\\/?s={search_term_string}\"},\"query-input\":{\"@type\":\"PropertyValueSpecification\",\"valueRequired\":true,\"valueName\":\"search_term_string\"}}],\"inLanguage\":\"es\"},{\"@type\":\"Organization\",\"@id\":\"https:\\\/\\\/www.laguiadepamplona.com\\\/actualidad\\\/#organization\",\"name\":\"La Gu\u00eda de Pamplona \\\/ Noticias\",\"url\":\"https:\\\/\\\/www.laguiadepamplona.com\\\/actualidad\\\/\",\"logo\":{\"@type\":\"ImageObject\",\"inLanguage\":\"es\",\"@id\":\"https:\\\/\\\/www.laguiadepamplona.com\\\/actualidad\\\/#\\\/schema\\\/logo\\\/image\\\/\",\"url\":\"https:\\\/\\\/www.laguiadepamplona.com\\\/actualidad\\\/wp-content\\\/uploads\\\/2018\\\/11\\\/logo-laguiadepamplona18-web1.png\",\"contentUrl\":\"https:\\\/\\\/www.laguiadepamplona.com\\\/actualidad\\\/wp-content\\\/uploads\\\/2018\\\/11\\\/logo-laguiadepamplona18-web1.png\",\"width\":600,\"height\":196,\"caption\":\"La Gu\u00eda de Pamplona \\\/ Noticias\"},\"image\":{\"@id\":\"https:\\\/\\\/www.laguiadepamplona.com\\\/actualidad\\\/#\\\/schema\\\/logo\\\/image\\\/\"},\"sameAs\":[\"https:\\\/\\\/www.facebook.com\\\/laguiadepamplonacom-133175176762273\\\/?ref=hl\",\"https:\\\/\\\/x.com\\\/LaGuiadPamplona\",\"https:\\\/\\\/www.instagram.com\\\/la_guia_de_pamplona\\\/\",\"https:\\\/\\\/www.youtube.com\\\/user\\\/laguiadepamplona\"]},{\"@type\":\"Person\",\"@id\":\"https:\\\/\\\/www.laguiadepamplona.com\\\/actualidad\\\/#\\\/schema\\\/person\\\/efe887376f0213d4657c93adc50b1fdb\",\"name\":\"La Gu\u00eda de Pamplona\",\"image\":{\"@type\":\"ImageObject\",\"inLanguage\":\"es\",\"@id\":\"https:\\\/\\\/secure.gravatar.com\\\/avatar\\\/b6992f131dc8d30ab0dff15446e9d346d9dbd95992de0fef795073f5ea83a81c?s=96&d=mm&r=g\",\"url\":\"https:\\\/\\\/secure.gravatar.com\\\/avatar\\\/b6992f131dc8d30ab0dff15446e9d346d9dbd95992de0fef795073f5ea83a81c?s=96&d=mm&r=g\",\"contentUrl\":\"https:\\\/\\\/secure.gravatar.com\\\/avatar\\\/b6992f131dc8d30ab0dff15446e9d346d9dbd95992de0fef795073f5ea83a81c?s=96&d=mm&r=g\",\"caption\":\"La Gu\u00eda de Pamplona\"}}]}<\/script>\n<!-- \/ Yoast SEO plugin. -->","yoast_head_json":{"title":"Comienza el sexto Ciclo ADITECH de cine y ciencia \u2013 Filmoteca de Navarra que traer\u00e1 a Condestable cuatro proyecciones seguidas de coloquios con investigadores","description":"Este s\u00e1bado, con el documental \u2018Que inventen ellas\u2019, y un coloquio con su director, arrancan las actividades del \u00faltimo trimestre del a\u00f1o en Civivox","robots":{"index":"index","follow":"follow","max-snippet":"max-snippet:-1","max-image-preview":"max-image-preview:large","max-video-preview":"max-video-preview:-1"},"canonical":"https:\/\/www.laguiadepamplona.com\/actualidad\/comienza-el-sexto-ciclo-aditech-de-cine-y-ciencia-filmoteca-de-navarra-que-traera-a-condestable-cuatro-proyecciones-seguidas-de-coloquios-con-investigadores\/","og_locale":"es_ES","og_type":"article","og_title":"Comienza el sexto Ciclo ADITECH de cine y ciencia \u2013 Filmoteca de Navarra que traer\u00e1 a Condestable cuatro proyecciones seguidas de coloquios con investigadores","og_description":"Este s\u00e1bado, con el documental \u2018Que inventen ellas\u2019, y un coloquio con su director, arrancan las actividades del \u00faltimo trimestre del a\u00f1o en Civivox","og_url":"https:\/\/www.laguiadepamplona.com\/actualidad\/comienza-el-sexto-ciclo-aditech-de-cine-y-ciencia-filmoteca-de-navarra-que-traera-a-condestable-cuatro-proyecciones-seguidas-de-coloquios-con-investigadores\/","og_site_name":"La Gu\u00eda de Pamplona","article_publisher":"https:\/\/www.facebook.com\/laguiadepamplonacom-133175176762273\/?ref=hl","article_published_time":"2024-10-03T16:46:58+00:00","og_image":[{"width":782,"height":700,"url":"https:\/\/www.laguiadepamplona.com\/actualidad\/wp-content\/uploads\/2024\/10\/civivox_web.webp","type":"image\/webp"}],"author":"La Gu\u00eda de Pamplona","twitter_card":"summary_large_image","twitter_creator":"@LaGuiadPamplona","twitter_site":"@LaGuiadPamplona","twitter_misc":{"Escrito por":"La Gu\u00eda de Pamplona","Tiempo de lectura":"5 minutos"},"schema":{"@context":"https:\/\/schema.org","@graph":[{"@type":"Article","@id":"https:\/\/www.laguiadepamplona.com\/actualidad\/comienza-el-sexto-ciclo-aditech-de-cine-y-ciencia-filmoteca-de-navarra-que-traera-a-condestable-cuatro-proyecciones-seguidas-de-coloquios-con-investigadores\/#article","isPartOf":{"@id":"https:\/\/www.laguiadepamplona.com\/actualidad\/comienza-el-sexto-ciclo-aditech-de-cine-y-ciencia-filmoteca-de-navarra-que-traera-a-condestable-cuatro-proyecciones-seguidas-de-coloquios-con-investigadores\/"},"author":{"name":"La Gu\u00eda de Pamplona","@id":"https:\/\/www.laguiadepamplona.com\/actualidad\/#\/schema\/person\/efe887376f0213d4657c93adc50b1fdb"},"headline":"Comienza el sexto Ciclo ADITECH de cine y ciencia \u2013 Filmoteca de Navarra que traer\u00e1 a Condestable cuatro proyecciones seguidas de coloquios con investigadores","datePublished":"2024-10-03T16:46:58+00:00","mainEntityOfPage":{"@id":"https:\/\/www.laguiadepamplona.com\/actualidad\/comienza-el-sexto-ciclo-aditech-de-cine-y-ciencia-filmoteca-de-navarra-que-traera-a-condestable-cuatro-proyecciones-seguidas-de-coloquios-con-investigadores\/"},"wordCount":1040,"commentCount":0,"publisher":{"@id":"https:\/\/www.laguiadepamplona.com\/actualidad\/#organization"},"image":{"@id":"https:\/\/www.laguiadepamplona.com\/actualidad\/comienza-el-sexto-ciclo-aditech-de-cine-y-ciencia-filmoteca-de-navarra-que-traera-a-condestable-cuatro-proyecciones-seguidas-de-coloquios-con-investigadores\/#primaryimage"},"thumbnailUrl":"https:\/\/www.laguiadepamplona.com\/actualidad\/wp-content\/uploads\/2024\/10\/civivox_web.webp","articleSection":["Ayto Pamplona"],"inLanguage":"es","potentialAction":[{"@type":"CommentAction","name":"Comment","target":["https:\/\/www.laguiadepamplona.com\/actualidad\/comienza-el-sexto-ciclo-aditech-de-cine-y-ciencia-filmoteca-de-navarra-que-traera-a-condestable-cuatro-proyecciones-seguidas-de-coloquios-con-investigadores\/#respond"]}]},{"@type":"WebPage","@id":"https:\/\/www.laguiadepamplona.com\/actualidad\/comienza-el-sexto-ciclo-aditech-de-cine-y-ciencia-filmoteca-de-navarra-que-traera-a-condestable-cuatro-proyecciones-seguidas-de-coloquios-con-investigadores\/","url":"https:\/\/www.laguiadepamplona.com\/actualidad\/comienza-el-sexto-ciclo-aditech-de-cine-y-ciencia-filmoteca-de-navarra-que-traera-a-condestable-cuatro-proyecciones-seguidas-de-coloquios-con-investigadores\/","name":"Comienza el sexto Ciclo ADITECH de cine y ciencia \u2013 Filmoteca de Navarra que traer\u00e1 a Condestable cuatro proyecciones seguidas de coloquios con investigadores","isPartOf":{"@id":"https:\/\/www.laguiadepamplona.com\/actualidad\/#website"},"primaryImageOfPage":{"@id":"https:\/\/www.laguiadepamplona.com\/actualidad\/comienza-el-sexto-ciclo-aditech-de-cine-y-ciencia-filmoteca-de-navarra-que-traera-a-condestable-cuatro-proyecciones-seguidas-de-coloquios-con-investigadores\/#primaryimage"},"image":{"@id":"https:\/\/www.laguiadepamplona.com\/actualidad\/comienza-el-sexto-ciclo-aditech-de-cine-y-ciencia-filmoteca-de-navarra-que-traera-a-condestable-cuatro-proyecciones-seguidas-de-coloquios-con-investigadores\/#primaryimage"},"thumbnailUrl":"https:\/\/www.laguiadepamplona.com\/actualidad\/wp-content\/uploads\/2024\/10\/civivox_web.webp","datePublished":"2024-10-03T16:46:58+00:00","description":"Este s\u00e1bado, con el documental \u2018Que inventen ellas\u2019, y un coloquio con su director, arrancan las actividades del \u00faltimo trimestre del a\u00f1o en Civivox","breadcrumb":{"@id":"https:\/\/www.laguiadepamplona.com\/actualidad\/comienza-el-sexto-ciclo-aditech-de-cine-y-ciencia-filmoteca-de-navarra-que-traera-a-condestable-cuatro-proyecciones-seguidas-de-coloquios-con-investigadores\/#breadcrumb"},"inLanguage":"es","potentialAction":[{"@type":"ReadAction","target":["https:\/\/www.laguiadepamplona.com\/actualidad\/comienza-el-sexto-ciclo-aditech-de-cine-y-ciencia-filmoteca-de-navarra-que-traera-a-condestable-cuatro-proyecciones-seguidas-de-coloquios-con-investigadores\/"]}]},{"@type":"ImageObject","inLanguage":"es","@id":"https:\/\/www.laguiadepamplona.com\/actualidad\/comienza-el-sexto-ciclo-aditech-de-cine-y-ciencia-filmoteca-de-navarra-que-traera-a-condestable-cuatro-proyecciones-seguidas-de-coloquios-con-investigadores\/#primaryimage","url":"https:\/\/www.laguiadepamplona.com\/actualidad\/wp-content\/uploads\/2024\/10\/civivox_web.webp","contentUrl":"https:\/\/www.laguiadepamplona.com\/actualidad\/wp-content\/uploads\/2024\/10\/civivox_web.webp","width":782,"height":700,"caption":"civivox"},{"@type":"BreadcrumbList","@id":"https:\/\/www.laguiadepamplona.com\/actualidad\/comienza-el-sexto-ciclo-aditech-de-cine-y-ciencia-filmoteca-de-navarra-que-traera-a-condestable-cuatro-proyecciones-seguidas-de-coloquios-con-investigadores\/#breadcrumb","itemListElement":[{"@type":"ListItem","position":1,"name":"Portada","item":"https:\/\/www.laguiadepamplona.com\/actualidad\/"},{"@type":"ListItem","position":2,"name":"Comienza el sexto Ciclo ADITECH de cine y ciencia \u2013 Filmoteca de Navarra que traer\u00e1 a Condestable cuatro proyecciones seguidas de coloquios con investigadores"}]},{"@type":"WebSite","@id":"https:\/\/www.laguiadepamplona.com\/actualidad\/#website","url":"https:\/\/www.laguiadepamplona.com\/actualidad\/","name":"La gu\u00eda de Pamplona","description":"Noticias de Pamplona","publisher":{"@id":"https:\/\/www.laguiadepamplona.com\/actualidad\/#organization"},"potentialAction":[{"@type":"SearchAction","target":{"@type":"EntryPoint","urlTemplate":"https:\/\/www.laguiadepamplona.com\/actualidad\/?s={search_term_string}"},"query-input":{"@type":"PropertyValueSpecification","valueRequired":true,"valueName":"search_term_string"}}],"inLanguage":"es"},{"@type":"Organization","@id":"https:\/\/www.laguiadepamplona.com\/actualidad\/#organization","name":"La Gu\u00eda de Pamplona \/ Noticias","url":"https:\/\/www.laguiadepamplona.com\/actualidad\/","logo":{"@type":"ImageObject","inLanguage":"es","@id":"https:\/\/www.laguiadepamplona.com\/actualidad\/#\/schema\/logo\/image\/","url":"https:\/\/www.laguiadepamplona.com\/actualidad\/wp-content\/uploads\/2018\/11\/logo-laguiadepamplona18-web1.png","contentUrl":"https:\/\/www.laguiadepamplona.com\/actualidad\/wp-content\/uploads\/2018\/11\/logo-laguiadepamplona18-web1.png","width":600,"height":196,"caption":"La Gu\u00eda de Pamplona \/ Noticias"},"image":{"@id":"https:\/\/www.laguiadepamplona.com\/actualidad\/#\/schema\/logo\/image\/"},"sameAs":["https:\/\/www.facebook.com\/laguiadepamplonacom-133175176762273\/?ref=hl","https:\/\/x.com\/LaGuiadPamplona","https:\/\/www.instagram.com\/la_guia_de_pamplona\/","https:\/\/www.youtube.com\/user\/laguiadepamplona"]},{"@type":"Person","@id":"https:\/\/www.laguiadepamplona.com\/actualidad\/#\/schema\/person\/efe887376f0213d4657c93adc50b1fdb","name":"La Gu\u00eda de Pamplona","image":{"@type":"ImageObject","inLanguage":"es","@id":"https:\/\/secure.gravatar.com\/avatar\/b6992f131dc8d30ab0dff15446e9d346d9dbd95992de0fef795073f5ea83a81c?s=96&d=mm&r=g","url":"https:\/\/secure.gravatar.com\/avatar\/b6992f131dc8d30ab0dff15446e9d346d9dbd95992de0fef795073f5ea83a81c?s=96&d=mm&r=g","contentUrl":"https:\/\/secure.gravatar.com\/avatar\/b6992f131dc8d30ab0dff15446e9d346d9dbd95992de0fef795073f5ea83a81c?s=96&d=mm&r=g","caption":"La Gu\u00eda de Pamplona"}}]}},"post_mailing_queue_ids":[],"_links":{"self":[{"href":"https:\/\/www.laguiadepamplona.com\/actualidad\/wp-json\/wp\/v2\/posts\/50904","targetHints":{"allow":["GET"]}}],"collection":[{"href":"https:\/\/www.laguiadepamplona.com\/actualidad\/wp-json\/wp\/v2\/posts"}],"about":[{"href":"https:\/\/www.laguiadepamplona.com\/actualidad\/wp-json\/wp\/v2\/types\/post"}],"author":[{"embeddable":true,"href":"https:\/\/www.laguiadepamplona.com\/actualidad\/wp-json\/wp\/v2\/users\/1"}],"replies":[{"embeddable":true,"href":"https:\/\/www.laguiadepamplona.com\/actualidad\/wp-json\/wp\/v2\/comments?post=50904"}],"version-history":[{"count":1,"href":"https:\/\/www.laguiadepamplona.com\/actualidad\/wp-json\/wp\/v2\/posts\/50904\/revisions"}],"predecessor-version":[{"id":50906,"href":"https:\/\/www.laguiadepamplona.com\/actualidad\/wp-json\/wp\/v2\/posts\/50904\/revisions\/50906"}],"wp:featuredmedia":[{"embeddable":true,"href":"https:\/\/www.laguiadepamplona.com\/actualidad\/wp-json\/wp\/v2\/media\/50905"}],"wp:attachment":[{"href":"https:\/\/www.laguiadepamplona.com\/actualidad\/wp-json\/wp\/v2\/media?parent=50904"}],"wp:term":[{"taxonomy":"category","embeddable":true,"href":"https:\/\/www.laguiadepamplona.com\/actualidad\/wp-json\/wp\/v2\/categories?post=50904"},{"taxonomy":"post_tag","embeddable":true,"href":"https:\/\/www.laguiadepamplona.com\/actualidad\/wp-json\/wp\/v2\/tags?post=50904"}],"curies":[{"name":"wp","href":"https:\/\/api.w.org\/{rel}","templated":true}]}}