{"id":50902,"date":"2024-10-03T18:28:59","date_gmt":"2024-10-03T16:28:59","guid":{"rendered":"https:\/\/www.laguiadepamplona.com\/actualidad\/?p=50902"},"modified":"2024-10-03T18:28:59","modified_gmt":"2024-10-03T16:28:59","slug":"la-casa-de-las-mujeres-cumple-cinco-anos-como-centro-de-referencia-para-el-empoderamiento-de-las-mujeres-en-pamplona-y-espacio-de-encuentro-y-sensibilizacion","status":"publish","type":"post","link":"https:\/\/www.laguiadepamplona.com\/actualidad\/la-casa-de-las-mujeres-cumple-cinco-anos-como-centro-de-referencia-para-el-empoderamiento-de-las-mujeres-en-pamplona-y-espacio-de-encuentro-y-sensibilizacion\/","title":{"rendered":"La Casa de las Mujeres cumple cinco a\u00f1os como centro de referencia para el empoderamiento de las mujeres en Pamplona y espacio de encuentro y sensibilizaci\u00f3n"},"content":{"rendered":"<h2>Ma\u00f1ana por la tarde este espacio acoger\u00e1 una jornada de aniversario con estands de asociaciones, mon\u00f3logo de humor, coloquio, m\u00fasica, etc.<\/h2>\n<p><!--more--><\/p>\n<p>La Casa de las Mujeres este mes de octubre cumple cinco a\u00f1os de funcionamiento como punto de referencia para todas las mujeres y sus asociaciones. Este espacio de algo m\u00e1s de 300 metros, cuadrados ubicado en la planta baja del edificio el edificio del antiguo conservatorio, en la calle Aoiz, n\u00famero 9, cobr\u00f3 forma gracias a la firma del convenio entre el Ayuntamiento de Pamplona y la Asociaci\u00f3n Casa de las Mujeres de Pamplona\/Iru\u00f1eko Emakumeen Etxea.<\/p>\n<p><strong><u>Ma\u00f1ana viernes 4 de octubre, a partir de las 17.30 horas<\/u><\/strong>, con la asistencia del alcalde de Pamplona, <strong>Joseba Asiron Saez<\/strong> y la concejala delegada de Igualdad, Acci\u00f3n Comunitaria, Barrios, Participaci\u00f3n Ciudadana y Euskera, <strong>Zaloa Basabe Guti\u00e9rrez<\/strong>, est\u00e1n previstos distintos actos de celebraci\u00f3n. Incluyen un encuentro de asociaciones de mujeres que trabajan por la igualdad real y efectiva entre mujeres y hombres, una visita guiada, el coloquio \u201c5 a\u00f1os de la Casa de las Mujeres, avances y retos\u201d, y un mon\u00f3logo feminista y un brindis reivindicativo, adem\u00e1s de m\u00fasica y merienda. Asociaciones de mujeres que desarrollan actividades en la Casa de las Mujeres de Pamplona\/Iru\u00f1eko Emakumeen Etxea, instalar\u00e1n stands informativos<\/p>\n<p>La Casa de las Mujeres de Pamplona\/Iru\u00f1eko Emakumeen Etxea naci\u00f3 como una reivindicaci\u00f3n de las asociaciones de mujeres y los movimientos feministas como herramienta para conseguir la igualdad real entre hombres y mujeres y el empoderamiento individual y colectivo de estas \u00faltimas. Este centro se enmarca en los principios rectores del III Plan para la Igualdad de Pamplona, que lo incluye en que la participaci\u00f3n y el liderazgo de las mujeres se asienta en la concepci\u00f3n feminista del empoderamiento y su existencia suponen el cumplimiento de la Ordenanza de Igualdad de Pamplona.<\/p>\n<p>Este recurso se gestiona de forma conjunta por el Ayuntamiento de Pamplona y la Asociaci\u00f3n Casa de las Mujeres como espacio de aprendizaje, deliberaci\u00f3n y creaci\u00f3n. Sus acciones contribuyen a visibilizar las discriminaciones a\u00fan presentes en las vidas de las mujeres y en sus espacios (tres aulas polivalentes, una sala de reuniones, un lugar de consulta y reprograf\u00eda y una zona de descanso y taquillas) se desarrollan actividades para lograr la igualdad real y efectiva entre mujeres y hombres en todos los \u00e1mbitos.<\/p>\n<p>El programa de actividades que ofrece la Casa se compone de un abanico diverso de propuestas que sirven para avanzar en el logro del pleno ejercicio de los derechos de ciudadan\u00eda para todas las mujeres. A lo largo de estos cinco a\u00f1os se ha ido incrementando el n\u00famero de propuestas acogiendo reuniones, conciertos, teatro, charlas, talleres, cine, documentales, cursos, exposiciones, actividades y encuentros. En sus primeros cinco a\u00f1os de andadura se han desarrollado en ese espacio 395 actividades, talleres y jornadas, en las que han participado 13.825 personas. Tambi\u00e9n ha atendido peticiones de 5.473 personas y ha cedido espacio y salas a asociaciones y colectivos en 287 ocasiones.<\/p>\n<p>Solo en el \u00faltimo a\u00f1o se han realizado 110 actividades, talleres y jornadas, con 3.850 personas participantes. 30.990 atenciones y 49 asociaciones han solicitado cesiones de espacios.<\/p>\n<h3>V Aniversario de La Casa de las Mujeres de Pamplona. 3\/10\/2024<\/h3>\n<ul>\n<li>17:45 horas. Bienvenida y foto conmemorativa del acto<\/li>\n<li>18:00 horas. Visita guiada por la Casa<\/li>\n<li>18:30 horas. Muestra de stands de asociaciones de mujeres<\/li>\n<li>18:30 horas. Coloquio. \u201cCinco a\u00f1os en la Casa de las Mujeres en Pamplona avances y retos\u201d<\/li>\n<li>19:15 horas. Mon\u00f3logo feminista. \u00abLas Manzanas de Safo\u00bb, de Noelia Rueda<\/li>\n<li>19:45 horas. Brindis feminista, picoteo y m\u00fasica<\/li>\n<\/ul>\n","protected":false},"excerpt":{"rendered":"<p>Ma\u00f1ana por la tarde este espacio acoger\u00e1 una jornada de aniversario con estands de asociaciones, mon\u00f3logo de humor, coloquio, m\u00fasica, etc.<\/p>\n","protected":false},"author":1,"featured_media":48588,"comment_status":"open","ping_status":"closed","sticky":false,"template":"","format":"standard","meta":{"footnotes":""},"categories":[2],"tags":[],"class_list":["post-50902","post","type-post","status-publish","format-standard","has-post-thumbnail","hentry","category-ayuntamiento-pamplona"],"yoast_head":"<!-- This site is optimized with the Yoast SEO plugin v27.3 - https:\/\/yoast.com\/product\/yoast-seo-wordpress\/ -->\n<title>La Casa de las Mujeres cumple cinco a\u00f1os como centro de referencia para el empoderamiento de las mujeres en Pamplona y espacio de encuentro y sensibilizaci\u00f3n<\/title>\n<meta name=\"description\" content=\"Ma\u00f1ana por la tarde este espacio acoger\u00e1 una jornada de aniversario con estands de asociaciones, mon\u00f3logo de humor, coloquio, m\u00fasica, etc.\" \/>\n<meta name=\"robots\" content=\"index, follow, max-snippet:-1, max-image-preview:large, max-video-preview:-1\" \/>\n<link rel=\"canonical\" href=\"https:\/\/www.laguiadepamplona.com\/actualidad\/la-casa-de-las-mujeres-cumple-cinco-anos-como-centro-de-referencia-para-el-empoderamiento-de-las-mujeres-en-pamplona-y-espacio-de-encuentro-y-sensibilizacion\/\" \/>\n<meta property=\"og:locale\" content=\"es_ES\" \/>\n<meta property=\"og:type\" content=\"article\" \/>\n<meta property=\"og:title\" content=\"La Casa de las Mujeres cumple cinco a\u00f1os como centro de referencia para el empoderamiento de las mujeres en Pamplona y espacio de encuentro y sensibilizaci\u00f3n\" \/>\n<meta property=\"og:description\" content=\"Ma\u00f1ana por la tarde este espacio acoger\u00e1 una jornada de aniversario con estands de asociaciones, mon\u00f3logo de humor, coloquio, m\u00fasica, etc.\" \/>\n<meta property=\"og:url\" content=\"https:\/\/www.laguiadepamplona.com\/actualidad\/la-casa-de-las-mujeres-cumple-cinco-anos-como-centro-de-referencia-para-el-empoderamiento-de-las-mujeres-en-pamplona-y-espacio-de-encuentro-y-sensibilizacion\/\" \/>\n<meta property=\"og:site_name\" content=\"La Gu\u00eda de Pamplona\" \/>\n<meta property=\"article:publisher\" content=\"https:\/\/www.facebook.com\/laguiadepamplonacom-133175176762273\/?ref=hl\" \/>\n<meta property=\"article:published_time\" content=\"2024-10-03T16:28:59+00:00\" \/>\n<meta property=\"og:image\" content=\"https:\/\/www.laguiadepamplona.com\/actualidad\/wp-content\/uploads\/2024\/01\/casamujeres_JMG7268_1.webp\" \/>\n\t<meta property=\"og:image:width\" content=\"1200\" \/>\n\t<meta property=\"og:image:height\" content=\"800\" \/>\n\t<meta property=\"og:image:type\" content=\"image\/webp\" \/>\n<meta name=\"author\" content=\"La Gu\u00eda de Pamplona\" \/>\n<meta name=\"twitter:card\" content=\"summary_large_image\" \/>\n<meta name=\"twitter:creator\" content=\"@LaGuiadPamplona\" \/>\n<meta name=\"twitter:site\" content=\"@LaGuiadPamplona\" \/>\n<meta name=\"twitter:label1\" content=\"Escrito por\" \/>\n\t<meta name=\"twitter:data1\" content=\"La Gu\u00eda de Pamplona\" \/>\n\t<meta name=\"twitter:label2\" content=\"Tiempo de lectura\" \/>\n\t<meta name=\"twitter:data2\" content=\"3 minutos\" \/>\n<script type=\"application\/ld+json\" class=\"yoast-schema-graph\">{\"@context\":\"https:\\\/\\\/schema.org\",\"@graph\":[{\"@type\":\"Article\",\"@id\":\"https:\\\/\\\/www.laguiadepamplona.com\\\/actualidad\\\/la-casa-de-las-mujeres-cumple-cinco-anos-como-centro-de-referencia-para-el-empoderamiento-de-las-mujeres-en-pamplona-y-espacio-de-encuentro-y-sensibilizacion\\\/#article\",\"isPartOf\":{\"@id\":\"https:\\\/\\\/www.laguiadepamplona.com\\\/actualidad\\\/la-casa-de-las-mujeres-cumple-cinco-anos-como-centro-de-referencia-para-el-empoderamiento-de-las-mujeres-en-pamplona-y-espacio-de-encuentro-y-sensibilizacion\\\/\"},\"author\":{\"name\":\"La Gu\u00eda de Pamplona\",\"@id\":\"https:\\\/\\\/www.laguiadepamplona.com\\\/actualidad\\\/#\\\/schema\\\/person\\\/efe887376f0213d4657c93adc50b1fdb\"},\"headline\":\"La Casa de las Mujeres cumple cinco a\u00f1os como centro de referencia para el empoderamiento de las mujeres en Pamplona y espacio de encuentro y sensibilizaci\u00f3n\",\"datePublished\":\"2024-10-03T16:28:59+00:00\",\"mainEntityOfPage\":{\"@id\":\"https:\\\/\\\/www.laguiadepamplona.com\\\/actualidad\\\/la-casa-de-las-mujeres-cumple-cinco-anos-como-centro-de-referencia-para-el-empoderamiento-de-las-mujeres-en-pamplona-y-espacio-de-encuentro-y-sensibilizacion\\\/\"},\"wordCount\":635,\"commentCount\":0,\"publisher\":{\"@id\":\"https:\\\/\\\/www.laguiadepamplona.com\\\/actualidad\\\/#organization\"},\"image\":{\"@id\":\"https:\\\/\\\/www.laguiadepamplona.com\\\/actualidad\\\/la-casa-de-las-mujeres-cumple-cinco-anos-como-centro-de-referencia-para-el-empoderamiento-de-las-mujeres-en-pamplona-y-espacio-de-encuentro-y-sensibilizacion\\\/#primaryimage\"},\"thumbnailUrl\":\"https:\\\/\\\/www.laguiadepamplona.com\\\/actualidad\\\/wp-content\\\/uploads\\\/2024\\\/01\\\/casamujeres_JMG7268_1.webp\",\"articleSection\":[\"Ayto Pamplona\"],\"inLanguage\":\"es\",\"potentialAction\":[{\"@type\":\"CommentAction\",\"name\":\"Comment\",\"target\":[\"https:\\\/\\\/www.laguiadepamplona.com\\\/actualidad\\\/la-casa-de-las-mujeres-cumple-cinco-anos-como-centro-de-referencia-para-el-empoderamiento-de-las-mujeres-en-pamplona-y-espacio-de-encuentro-y-sensibilizacion\\\/#respond\"]}]},{\"@type\":\"WebPage\",\"@id\":\"https:\\\/\\\/www.laguiadepamplona.com\\\/actualidad\\\/la-casa-de-las-mujeres-cumple-cinco-anos-como-centro-de-referencia-para-el-empoderamiento-de-las-mujeres-en-pamplona-y-espacio-de-encuentro-y-sensibilizacion\\\/\",\"url\":\"https:\\\/\\\/www.laguiadepamplona.com\\\/actualidad\\\/la-casa-de-las-mujeres-cumple-cinco-anos-como-centro-de-referencia-para-el-empoderamiento-de-las-mujeres-en-pamplona-y-espacio-de-encuentro-y-sensibilizacion\\\/\",\"name\":\"La Casa de las Mujeres cumple cinco a\u00f1os como centro de referencia para el empoderamiento de las mujeres en Pamplona y espacio de encuentro y sensibilizaci\u00f3n\",\"isPartOf\":{\"@id\":\"https:\\\/\\\/www.laguiadepamplona.com\\\/actualidad\\\/#website\"},\"primaryImageOfPage\":{\"@id\":\"https:\\\/\\\/www.laguiadepamplona.com\\\/actualidad\\\/la-casa-de-las-mujeres-cumple-cinco-anos-como-centro-de-referencia-para-el-empoderamiento-de-las-mujeres-en-pamplona-y-espacio-de-encuentro-y-sensibilizacion\\\/#primaryimage\"},\"image\":{\"@id\":\"https:\\\/\\\/www.laguiadepamplona.com\\\/actualidad\\\/la-casa-de-las-mujeres-cumple-cinco-anos-como-centro-de-referencia-para-el-empoderamiento-de-las-mujeres-en-pamplona-y-espacio-de-encuentro-y-sensibilizacion\\\/#primaryimage\"},\"thumbnailUrl\":\"https:\\\/\\\/www.laguiadepamplona.com\\\/actualidad\\\/wp-content\\\/uploads\\\/2024\\\/01\\\/casamujeres_JMG7268_1.webp\",\"datePublished\":\"2024-10-03T16:28:59+00:00\",\"description\":\"Ma\u00f1ana por la tarde este espacio acoger\u00e1 una jornada de aniversario con estands de asociaciones, mon\u00f3logo de humor, coloquio, m\u00fasica, etc.\",\"breadcrumb\":{\"@id\":\"https:\\\/\\\/www.laguiadepamplona.com\\\/actualidad\\\/la-casa-de-las-mujeres-cumple-cinco-anos-como-centro-de-referencia-para-el-empoderamiento-de-las-mujeres-en-pamplona-y-espacio-de-encuentro-y-sensibilizacion\\\/#breadcrumb\"},\"inLanguage\":\"es\",\"potentialAction\":[{\"@type\":\"ReadAction\",\"target\":[\"https:\\\/\\\/www.laguiadepamplona.com\\\/actualidad\\\/la-casa-de-las-mujeres-cumple-cinco-anos-como-centro-de-referencia-para-el-empoderamiento-de-las-mujeres-en-pamplona-y-espacio-de-encuentro-y-sensibilizacion\\\/\"]}]},{\"@type\":\"ImageObject\",\"inLanguage\":\"es\",\"@id\":\"https:\\\/\\\/www.laguiadepamplona.com\\\/actualidad\\\/la-casa-de-las-mujeres-cumple-cinco-anos-como-centro-de-referencia-para-el-empoderamiento-de-las-mujeres-en-pamplona-y-espacio-de-encuentro-y-sensibilizacion\\\/#primaryimage\",\"url\":\"https:\\\/\\\/www.laguiadepamplona.com\\\/actualidad\\\/wp-content\\\/uploads\\\/2024\\\/01\\\/casamujeres_JMG7268_1.webp\",\"contentUrl\":\"https:\\\/\\\/www.laguiadepamplona.com\\\/actualidad\\\/wp-content\\\/uploads\\\/2024\\\/01\\\/casamujeres_JMG7268_1.webp\",\"width\":1200,\"height\":800,\"caption\":\"casa mujeres\"},{\"@type\":\"BreadcrumbList\",\"@id\":\"https:\\\/\\\/www.laguiadepamplona.com\\\/actualidad\\\/la-casa-de-las-mujeres-cumple-cinco-anos-como-centro-de-referencia-para-el-empoderamiento-de-las-mujeres-en-pamplona-y-espacio-de-encuentro-y-sensibilizacion\\\/#breadcrumb\",\"itemListElement\":[{\"@type\":\"ListItem\",\"position\":1,\"name\":\"Portada\",\"item\":\"https:\\\/\\\/www.laguiadepamplona.com\\\/actualidad\\\/\"},{\"@type\":\"ListItem\",\"position\":2,\"name\":\"La Casa de las Mujeres cumple cinco a\u00f1os como centro de referencia para el empoderamiento de las mujeres en Pamplona y espacio de encuentro y sensibilizaci\u00f3n\"}]},{\"@type\":\"WebSite\",\"@id\":\"https:\\\/\\\/www.laguiadepamplona.com\\\/actualidad\\\/#website\",\"url\":\"https:\\\/\\\/www.laguiadepamplona.com\\\/actualidad\\\/\",\"name\":\"La gu\u00eda de Pamplona\",\"description\":\"Noticias de Pamplona\",\"publisher\":{\"@id\":\"https:\\\/\\\/www.laguiadepamplona.com\\\/actualidad\\\/#organization\"},\"potentialAction\":[{\"@type\":\"SearchAction\",\"target\":{\"@type\":\"EntryPoint\",\"urlTemplate\":\"https:\\\/\\\/www.laguiadepamplona.com\\\/actualidad\\\/?s={search_term_string}\"},\"query-input\":{\"@type\":\"PropertyValueSpecification\",\"valueRequired\":true,\"valueName\":\"search_term_string\"}}],\"inLanguage\":\"es\"},{\"@type\":\"Organization\",\"@id\":\"https:\\\/\\\/www.laguiadepamplona.com\\\/actualidad\\\/#organization\",\"name\":\"La Gu\u00eda de Pamplona \\\/ Noticias\",\"url\":\"https:\\\/\\\/www.laguiadepamplona.com\\\/actualidad\\\/\",\"logo\":{\"@type\":\"ImageObject\",\"inLanguage\":\"es\",\"@id\":\"https:\\\/\\\/www.laguiadepamplona.com\\\/actualidad\\\/#\\\/schema\\\/logo\\\/image\\\/\",\"url\":\"https:\\\/\\\/www.laguiadepamplona.com\\\/actualidad\\\/wp-content\\\/uploads\\\/2018\\\/11\\\/logo-laguiadepamplona18-web1.png\",\"contentUrl\":\"https:\\\/\\\/www.laguiadepamplona.com\\\/actualidad\\\/wp-content\\\/uploads\\\/2018\\\/11\\\/logo-laguiadepamplona18-web1.png\",\"width\":600,\"height\":196,\"caption\":\"La Gu\u00eda de Pamplona \\\/ Noticias\"},\"image\":{\"@id\":\"https:\\\/\\\/www.laguiadepamplona.com\\\/actualidad\\\/#\\\/schema\\\/logo\\\/image\\\/\"},\"sameAs\":[\"https:\\\/\\\/www.facebook.com\\\/laguiadepamplonacom-133175176762273\\\/?ref=hl\",\"https:\\\/\\\/x.com\\\/LaGuiadPamplona\",\"https:\\\/\\\/www.instagram.com\\\/la_guia_de_pamplona\\\/\",\"https:\\\/\\\/www.youtube.com\\\/user\\\/laguiadepamplona\"]},{\"@type\":\"Person\",\"@id\":\"https:\\\/\\\/www.laguiadepamplona.com\\\/actualidad\\\/#\\\/schema\\\/person\\\/efe887376f0213d4657c93adc50b1fdb\",\"name\":\"La Gu\u00eda de Pamplona\",\"image\":{\"@type\":\"ImageObject\",\"inLanguage\":\"es\",\"@id\":\"https:\\\/\\\/secure.gravatar.com\\\/avatar\\\/b6992f131dc8d30ab0dff15446e9d346d9dbd95992de0fef795073f5ea83a81c?s=96&d=mm&r=g\",\"url\":\"https:\\\/\\\/secure.gravatar.com\\\/avatar\\\/b6992f131dc8d30ab0dff15446e9d346d9dbd95992de0fef795073f5ea83a81c?s=96&d=mm&r=g\",\"contentUrl\":\"https:\\\/\\\/secure.gravatar.com\\\/avatar\\\/b6992f131dc8d30ab0dff15446e9d346d9dbd95992de0fef795073f5ea83a81c?s=96&d=mm&r=g\",\"caption\":\"La Gu\u00eda de Pamplona\"}}]}<\/script>\n<!-- \/ Yoast SEO plugin. -->","yoast_head_json":{"title":"La Casa de las Mujeres cumple cinco a\u00f1os como centro de referencia para el empoderamiento de las mujeres en Pamplona y espacio de encuentro y sensibilizaci\u00f3n","description":"Ma\u00f1ana por la tarde este espacio acoger\u00e1 una jornada de aniversario con estands de asociaciones, mon\u00f3logo de humor, coloquio, m\u00fasica, etc.","robots":{"index":"index","follow":"follow","max-snippet":"max-snippet:-1","max-image-preview":"max-image-preview:large","max-video-preview":"max-video-preview:-1"},"canonical":"https:\/\/www.laguiadepamplona.com\/actualidad\/la-casa-de-las-mujeres-cumple-cinco-anos-como-centro-de-referencia-para-el-empoderamiento-de-las-mujeres-en-pamplona-y-espacio-de-encuentro-y-sensibilizacion\/","og_locale":"es_ES","og_type":"article","og_title":"La Casa de las Mujeres cumple cinco a\u00f1os como centro de referencia para el empoderamiento de las mujeres en Pamplona y espacio de encuentro y sensibilizaci\u00f3n","og_description":"Ma\u00f1ana por la tarde este espacio acoger\u00e1 una jornada de aniversario con estands de asociaciones, mon\u00f3logo de humor, coloquio, m\u00fasica, etc.","og_url":"https:\/\/www.laguiadepamplona.com\/actualidad\/la-casa-de-las-mujeres-cumple-cinco-anos-como-centro-de-referencia-para-el-empoderamiento-de-las-mujeres-en-pamplona-y-espacio-de-encuentro-y-sensibilizacion\/","og_site_name":"La Gu\u00eda de Pamplona","article_publisher":"https:\/\/www.facebook.com\/laguiadepamplonacom-133175176762273\/?ref=hl","article_published_time":"2024-10-03T16:28:59+00:00","og_image":[{"width":1200,"height":800,"url":"https:\/\/www.laguiadepamplona.com\/actualidad\/wp-content\/uploads\/2024\/01\/casamujeres_JMG7268_1.webp","type":"image\/webp"}],"author":"La Gu\u00eda de Pamplona","twitter_card":"summary_large_image","twitter_creator":"@LaGuiadPamplona","twitter_site":"@LaGuiadPamplona","twitter_misc":{"Escrito por":"La Gu\u00eda de Pamplona","Tiempo de lectura":"3 minutos"},"schema":{"@context":"https:\/\/schema.org","@graph":[{"@type":"Article","@id":"https:\/\/www.laguiadepamplona.com\/actualidad\/la-casa-de-las-mujeres-cumple-cinco-anos-como-centro-de-referencia-para-el-empoderamiento-de-las-mujeres-en-pamplona-y-espacio-de-encuentro-y-sensibilizacion\/#article","isPartOf":{"@id":"https:\/\/www.laguiadepamplona.com\/actualidad\/la-casa-de-las-mujeres-cumple-cinco-anos-como-centro-de-referencia-para-el-empoderamiento-de-las-mujeres-en-pamplona-y-espacio-de-encuentro-y-sensibilizacion\/"},"author":{"name":"La Gu\u00eda de Pamplona","@id":"https:\/\/www.laguiadepamplona.com\/actualidad\/#\/schema\/person\/efe887376f0213d4657c93adc50b1fdb"},"headline":"La Casa de las Mujeres cumple cinco a\u00f1os como centro de referencia para el empoderamiento de las mujeres en Pamplona y espacio de encuentro y sensibilizaci\u00f3n","datePublished":"2024-10-03T16:28:59+00:00","mainEntityOfPage":{"@id":"https:\/\/www.laguiadepamplona.com\/actualidad\/la-casa-de-las-mujeres-cumple-cinco-anos-como-centro-de-referencia-para-el-empoderamiento-de-las-mujeres-en-pamplona-y-espacio-de-encuentro-y-sensibilizacion\/"},"wordCount":635,"commentCount":0,"publisher":{"@id":"https:\/\/www.laguiadepamplona.com\/actualidad\/#organization"},"image":{"@id":"https:\/\/www.laguiadepamplona.com\/actualidad\/la-casa-de-las-mujeres-cumple-cinco-anos-como-centro-de-referencia-para-el-empoderamiento-de-las-mujeres-en-pamplona-y-espacio-de-encuentro-y-sensibilizacion\/#primaryimage"},"thumbnailUrl":"https:\/\/www.laguiadepamplona.com\/actualidad\/wp-content\/uploads\/2024\/01\/casamujeres_JMG7268_1.webp","articleSection":["Ayto Pamplona"],"inLanguage":"es","potentialAction":[{"@type":"CommentAction","name":"Comment","target":["https:\/\/www.laguiadepamplona.com\/actualidad\/la-casa-de-las-mujeres-cumple-cinco-anos-como-centro-de-referencia-para-el-empoderamiento-de-las-mujeres-en-pamplona-y-espacio-de-encuentro-y-sensibilizacion\/#respond"]}]},{"@type":"WebPage","@id":"https:\/\/www.laguiadepamplona.com\/actualidad\/la-casa-de-las-mujeres-cumple-cinco-anos-como-centro-de-referencia-para-el-empoderamiento-de-las-mujeres-en-pamplona-y-espacio-de-encuentro-y-sensibilizacion\/","url":"https:\/\/www.laguiadepamplona.com\/actualidad\/la-casa-de-las-mujeres-cumple-cinco-anos-como-centro-de-referencia-para-el-empoderamiento-de-las-mujeres-en-pamplona-y-espacio-de-encuentro-y-sensibilizacion\/","name":"La Casa de las Mujeres cumple cinco a\u00f1os como centro de referencia para el empoderamiento de las mujeres en Pamplona y espacio de encuentro y sensibilizaci\u00f3n","isPartOf":{"@id":"https:\/\/www.laguiadepamplona.com\/actualidad\/#website"},"primaryImageOfPage":{"@id":"https:\/\/www.laguiadepamplona.com\/actualidad\/la-casa-de-las-mujeres-cumple-cinco-anos-como-centro-de-referencia-para-el-empoderamiento-de-las-mujeres-en-pamplona-y-espacio-de-encuentro-y-sensibilizacion\/#primaryimage"},"image":{"@id":"https:\/\/www.laguiadepamplona.com\/actualidad\/la-casa-de-las-mujeres-cumple-cinco-anos-como-centro-de-referencia-para-el-empoderamiento-de-las-mujeres-en-pamplona-y-espacio-de-encuentro-y-sensibilizacion\/#primaryimage"},"thumbnailUrl":"https:\/\/www.laguiadepamplona.com\/actualidad\/wp-content\/uploads\/2024\/01\/casamujeres_JMG7268_1.webp","datePublished":"2024-10-03T16:28:59+00:00","description":"Ma\u00f1ana por la tarde este espacio acoger\u00e1 una jornada de aniversario con estands de asociaciones, mon\u00f3logo de humor, coloquio, m\u00fasica, etc.","breadcrumb":{"@id":"https:\/\/www.laguiadepamplona.com\/actualidad\/la-casa-de-las-mujeres-cumple-cinco-anos-como-centro-de-referencia-para-el-empoderamiento-de-las-mujeres-en-pamplona-y-espacio-de-encuentro-y-sensibilizacion\/#breadcrumb"},"inLanguage":"es","potentialAction":[{"@type":"ReadAction","target":["https:\/\/www.laguiadepamplona.com\/actualidad\/la-casa-de-las-mujeres-cumple-cinco-anos-como-centro-de-referencia-para-el-empoderamiento-de-las-mujeres-en-pamplona-y-espacio-de-encuentro-y-sensibilizacion\/"]}]},{"@type":"ImageObject","inLanguage":"es","@id":"https:\/\/www.laguiadepamplona.com\/actualidad\/la-casa-de-las-mujeres-cumple-cinco-anos-como-centro-de-referencia-para-el-empoderamiento-de-las-mujeres-en-pamplona-y-espacio-de-encuentro-y-sensibilizacion\/#primaryimage","url":"https:\/\/www.laguiadepamplona.com\/actualidad\/wp-content\/uploads\/2024\/01\/casamujeres_JMG7268_1.webp","contentUrl":"https:\/\/www.laguiadepamplona.com\/actualidad\/wp-content\/uploads\/2024\/01\/casamujeres_JMG7268_1.webp","width":1200,"height":800,"caption":"casa mujeres"},{"@type":"BreadcrumbList","@id":"https:\/\/www.laguiadepamplona.com\/actualidad\/la-casa-de-las-mujeres-cumple-cinco-anos-como-centro-de-referencia-para-el-empoderamiento-de-las-mujeres-en-pamplona-y-espacio-de-encuentro-y-sensibilizacion\/#breadcrumb","itemListElement":[{"@type":"ListItem","position":1,"name":"Portada","item":"https:\/\/www.laguiadepamplona.com\/actualidad\/"},{"@type":"ListItem","position":2,"name":"La Casa de las Mujeres cumple cinco a\u00f1os como centro de referencia para el empoderamiento de las mujeres en Pamplona y espacio de encuentro y sensibilizaci\u00f3n"}]},{"@type":"WebSite","@id":"https:\/\/www.laguiadepamplona.com\/actualidad\/#website","url":"https:\/\/www.laguiadepamplona.com\/actualidad\/","name":"La gu\u00eda de Pamplona","description":"Noticias de Pamplona","publisher":{"@id":"https:\/\/www.laguiadepamplona.com\/actualidad\/#organization"},"potentialAction":[{"@type":"SearchAction","target":{"@type":"EntryPoint","urlTemplate":"https:\/\/www.laguiadepamplona.com\/actualidad\/?s={search_term_string}"},"query-input":{"@type":"PropertyValueSpecification","valueRequired":true,"valueName":"search_term_string"}}],"inLanguage":"es"},{"@type":"Organization","@id":"https:\/\/www.laguiadepamplona.com\/actualidad\/#organization","name":"La Gu\u00eda de Pamplona \/ Noticias","url":"https:\/\/www.laguiadepamplona.com\/actualidad\/","logo":{"@type":"ImageObject","inLanguage":"es","@id":"https:\/\/www.laguiadepamplona.com\/actualidad\/#\/schema\/logo\/image\/","url":"https:\/\/www.laguiadepamplona.com\/actualidad\/wp-content\/uploads\/2018\/11\/logo-laguiadepamplona18-web1.png","contentUrl":"https:\/\/www.laguiadepamplona.com\/actualidad\/wp-content\/uploads\/2018\/11\/logo-laguiadepamplona18-web1.png","width":600,"height":196,"caption":"La Gu\u00eda de Pamplona \/ Noticias"},"image":{"@id":"https:\/\/www.laguiadepamplona.com\/actualidad\/#\/schema\/logo\/image\/"},"sameAs":["https:\/\/www.facebook.com\/laguiadepamplonacom-133175176762273\/?ref=hl","https:\/\/x.com\/LaGuiadPamplona","https:\/\/www.instagram.com\/la_guia_de_pamplona\/","https:\/\/www.youtube.com\/user\/laguiadepamplona"]},{"@type":"Person","@id":"https:\/\/www.laguiadepamplona.com\/actualidad\/#\/schema\/person\/efe887376f0213d4657c93adc50b1fdb","name":"La Gu\u00eda de Pamplona","image":{"@type":"ImageObject","inLanguage":"es","@id":"https:\/\/secure.gravatar.com\/avatar\/b6992f131dc8d30ab0dff15446e9d346d9dbd95992de0fef795073f5ea83a81c?s=96&d=mm&r=g","url":"https:\/\/secure.gravatar.com\/avatar\/b6992f131dc8d30ab0dff15446e9d346d9dbd95992de0fef795073f5ea83a81c?s=96&d=mm&r=g","contentUrl":"https:\/\/secure.gravatar.com\/avatar\/b6992f131dc8d30ab0dff15446e9d346d9dbd95992de0fef795073f5ea83a81c?s=96&d=mm&r=g","caption":"La Gu\u00eda de Pamplona"}}]}},"post_mailing_queue_ids":[],"_links":{"self":[{"href":"https:\/\/www.laguiadepamplona.com\/actualidad\/wp-json\/wp\/v2\/posts\/50902","targetHints":{"allow":["GET"]}}],"collection":[{"href":"https:\/\/www.laguiadepamplona.com\/actualidad\/wp-json\/wp\/v2\/posts"}],"about":[{"href":"https:\/\/www.laguiadepamplona.com\/actualidad\/wp-json\/wp\/v2\/types\/post"}],"author":[{"embeddable":true,"href":"https:\/\/www.laguiadepamplona.com\/actualidad\/wp-json\/wp\/v2\/users\/1"}],"replies":[{"embeddable":true,"href":"https:\/\/www.laguiadepamplona.com\/actualidad\/wp-json\/wp\/v2\/comments?post=50902"}],"version-history":[{"count":1,"href":"https:\/\/www.laguiadepamplona.com\/actualidad\/wp-json\/wp\/v2\/posts\/50902\/revisions"}],"predecessor-version":[{"id":50903,"href":"https:\/\/www.laguiadepamplona.com\/actualidad\/wp-json\/wp\/v2\/posts\/50902\/revisions\/50903"}],"wp:featuredmedia":[{"embeddable":true,"href":"https:\/\/www.laguiadepamplona.com\/actualidad\/wp-json\/wp\/v2\/media\/48588"}],"wp:attachment":[{"href":"https:\/\/www.laguiadepamplona.com\/actualidad\/wp-json\/wp\/v2\/media?parent=50902"}],"wp:term":[{"taxonomy":"category","embeddable":true,"href":"https:\/\/www.laguiadepamplona.com\/actualidad\/wp-json\/wp\/v2\/categories?post=50902"},{"taxonomy":"post_tag","embeddable":true,"href":"https:\/\/www.laguiadepamplona.com\/actualidad\/wp-json\/wp\/v2\/tags?post=50902"}],"curies":[{"name":"wp","href":"https:\/\/api.w.org\/{rel}","templated":true}]}}