{"id":5090,"date":"2015-03-10T14:44:03","date_gmt":"2015-03-10T12:44:03","guid":{"rendered":"http:\/\/laguiadepamplona.com\/actualidad\/?p=5090"},"modified":"2015-03-10T14:44:03","modified_gmt":"2015-03-10T12:44:03","slug":"la-elaboracion-de-semilleros-propuesta-de-la-charla-que-acoge-manana-el-museo-de-educacion-ambiental-dentro-del-ciclo-sobre-agricultura-ecologica","status":"publish","type":"post","link":"https:\/\/www.laguiadepamplona.com\/actualidad\/la-elaboracion-de-semilleros-propuesta-de-la-charla-que-acoge-manana-el-museo-de-educacion-ambiental-dentro-del-ciclo-sobre-agricultura-ecologica\/","title":{"rendered":"La elaboraci\u00f3n de semilleros, propuesta de la charla que acoge ma\u00f1ana el Museo de Educaci\u00f3n Ambiental dentro del ciclo sobre agricultura ecol\u00f3gica"},"content":{"rendered":"<h4>La conferencia comenzar\u00e1 a las siete de la tarde con entrada libre y estar\u00e1 impartida por Sandra El\u00eda, de la Asociaci\u00f3n Agroecol\u00f3gica Arrea<\/h4>\n<p><a href=\"http:\/\/laguiadepamplona.com\/actualidad\/wp-content\/uploads\/2014\/09\/Museo-Educacion-Ambiental-Pamplona.jpg\"><img loading=\"lazy\" decoding=\"async\" class=\"alignleft size-medium wp-image-3063\" src=\"http:\/\/laguiadepamplona.com\/actualidad\/wp-content\/uploads\/2014\/09\/Museo-Educacion-Ambiental-Pamplona-300x168.jpg\" alt=\"Museo-Educacion-Ambiental-Pamplona\" width=\"300\" height=\"168\" \/><\/a>La agricultura ecol\u00f3gica vuelve a ser protagonista de la charla que acoge ma\u00f1ana mi\u00e9rcoles el Museo de Educaci\u00f3n Ambiental del Ayuntamiento de Pamplona en su Aula de Sostenibilidad. En esta ocasi\u00f3n el contenido se centrar\u00e1 en la elaboraci\u00f3n de semilleros, y la conferencia correr\u00e1 a cargo de Sandra El\u00eda, licenciada en Ciencias Ambientales e ingeniera t\u00e9cnica agr\u00edcola de la Asociaci\u00f3n Agroecol\u00f3gica Arrea. Coincidiendo con la celebraci\u00f3n el pasado d\u00eda 8 del D\u00eda Internacional de las Mujeres, todas las ponentes de las charlas organizadas durante este mes de marzo en el Museo ser\u00e1n mujeres.<\/p>\n<p>La entrada a la actividad, que comenzar\u00e1 a las 19 horas, es libre y existe la posibilidad de utilizar un servicio gratuito de ludoteca infantil mientras dura la charla. Para ello s\u00f3lo es necesario que los interesados hagan una reserva previa en el tel\u00e9fono 948149804.<\/p>\n<p>En el transcurso de la charla se abordar\u00e1n aspectos como la planificaci\u00f3n y \u00e9poca de cada semillero seg\u00fan los distintos tipos de cultivo, los diferentes recipientes y sustratos que es mejor utilizar o las condiciones ambientales que necesita el semillero para una \u00f3ptima germinaci\u00f3n de las semillas. Asimismo se explicar\u00e1n las ventajas e inconvenientes del cultivo en cepell\u00f3n y el cultivo a ra\u00edz desnuda y, finalmente, las diferentes fases por las que pasan algunos cultivos antes de plantarse en el terreno, como son la siembra, el repicado y el trasplante.<\/p>\n<p>Los asistentes a la charla podr\u00e1n ver muestras de distintas semillas para aprender a reconocerlas, as\u00ed como diferentes tipos de recipientes para crear el semillero. Por \u00faltimo, se realizar\u00e1 una peque\u00f1a pr\u00e1ctica de c\u00f3mo elaborar un semillero para comentar los aspectos a tener en cuenta y resolver las dudas que puedan surgir.<\/p>\n<p><strong>Asesoramiento y formaci\u00f3n en agroecolog\u00eda<\/strong><\/p>\n<p>Arrea es una asociaci\u00f3n que nace en Pamplona en enero de 2013 a iniciativa de un grupo de personas formadas en agroecolog\u00eda, concretamente en \u00e1reas como las ciencias ambientales, la hortofruticultura y la jardiner\u00eda, la veterinaria y la biolog\u00eda. Sus integrantes apuestan por la agricultura ecol\u00f3gica como medio para crear unas relaciones m\u00e1s justas entre todas las personas implicadas en los procesos productivos, de comercializaci\u00f3n y de consumo, constituyendo una alternativa respetuosa con el entorno y el medio ambiente.<\/p>\n<p>Desde la entidad ofrecen asesoramiento y formaci\u00f3n, a la par que fomentan la implantaci\u00f3n de la agroecolog\u00eda en las diferentes acciones que se realizan actualmente en el \u00e1mbito del desarrollo rural, la agricultura sostenible, la educaci\u00f3n ambiental o el consumo responsable. Para ello ofrecen cursos de agricultura ecol\u00f3gica, de creaci\u00f3n de grupos de consumo o talleres de huertos en balcones, adem\u00e1s de participar en diversas publicaciones.<\/p>\n<p>&nbsp;<\/p>\n<p><strong>charla &#8211; aula de sostenibilidad<\/strong><\/p>\n<ul>\n<li><strong>T\u00edtulo<\/strong>: \u2018Agricultura ecol\u00f3gica: elaboraci\u00f3n de semilleros\u2019<\/li>\n<li><strong>Ponente<\/strong>: Sandra El\u00eda, licenciada en Ciencias Ambientales e ingeniera t\u00e9cnica agr\u00edcola. Asociaci\u00f3n Agroecol\u00f3gica Arrea<\/li>\n<li><strong>Lugar<\/strong>: Museo de Educaci\u00f3n Ambiental<\/li>\n<li><strong>Fecha y hora<\/strong>: mi\u00e9rcoles 11 de marzo a las 19 horas<\/li>\n<li>Entrada libre. Servicio de ludoteca infantil gratuito para acompa\u00f1antes de los asistentes (reserva previa en el tel\u00e9fono 948149804)<\/li>\n<\/ul>\n<p>&nbsp;<\/p>\n","protected":false},"excerpt":{"rendered":"<p>La conferencia comenzar\u00e1 a las siete de la tarde con entrada libre y estar\u00e1 impartida por Sandra El\u00eda, de la Asociaci\u00f3n Agroecol\u00f3gica Arrea La agricultura ecol\u00f3gica vuelve a ser protagonista&#8230;<\/p>\n","protected":false},"author":1,"featured_media":3063,"comment_status":"closed","ping_status":"open","sticky":false,"template":"","format":"standard","meta":{"footnotes":""},"categories":[2],"tags":[5,240,4536,6,509,453,4537,100,8,9],"class_list":["post-5090","post","type-post","status-publish","format-standard","has-post-thumbnail","hentry","category-ayuntamiento-pamplona","tag-actualidad","tag-agricultura-ecologica","tag-aula-sostenibilidad","tag-ayto-pamplona","tag-ayuntamiento-de-pamplona","tag-charla","tag-elaboracion-semilleros","tag-museo-de-educacion-ambiental","tag-noticias","tag-pamplona"],"yoast_head":"<!-- This site is optimized with the Yoast SEO plugin v27.3 - https:\/\/yoast.com\/product\/yoast-seo-wordpress\/ -->\n<title>La elaboraci\u00f3n de semilleros, propuesta de la charla que acoge ma\u00f1ana el Museo de Educaci\u00f3n Ambiental dentro del ciclo sobre agricultura ecol\u00f3gica<\/title>\n<meta name=\"robots\" content=\"index, follow, max-snippet:-1, max-image-preview:large, max-video-preview:-1\" \/>\n<link rel=\"canonical\" href=\"https:\/\/www.laguiadepamplona.com\/actualidad\/la-elaboracion-de-semilleros-propuesta-de-la-charla-que-acoge-manana-el-museo-de-educacion-ambiental-dentro-del-ciclo-sobre-agricultura-ecologica\/\" \/>\n<meta property=\"og:locale\" content=\"es_ES\" \/>\n<meta property=\"og:type\" content=\"article\" \/>\n<meta property=\"og:title\" content=\"La elaboraci\u00f3n de semilleros, propuesta de la charla que acoge ma\u00f1ana el Museo de Educaci\u00f3n Ambiental dentro del ciclo sobre agricultura ecol\u00f3gica\" \/>\n<meta property=\"og:description\" content=\"La conferencia comenzar\u00e1 a las siete de la tarde con entrada libre y estar\u00e1 impartida por Sandra El\u00eda, de la Asociaci\u00f3n Agroecol\u00f3gica Arrea La agricultura ecol\u00f3gica vuelve a ser protagonista...\" \/>\n<meta property=\"og:url\" content=\"https:\/\/www.laguiadepamplona.com\/actualidad\/la-elaboracion-de-semilleros-propuesta-de-la-charla-que-acoge-manana-el-museo-de-educacion-ambiental-dentro-del-ciclo-sobre-agricultura-ecologica\/\" \/>\n<meta property=\"og:site_name\" content=\"La Gu\u00eda de Pamplona\" \/>\n<meta property=\"article:publisher\" content=\"https:\/\/www.facebook.com\/laguiadepamplonacom-133175176762273\/?ref=hl\" \/>\n<meta property=\"article:published_time\" content=\"2015-03-10T12:44:03+00:00\" \/>\n<meta name=\"author\" content=\"La Gu\u00eda de Pamplona\" \/>\n<meta name=\"twitter:card\" content=\"summary_large_image\" \/>\n<meta name=\"twitter:creator\" content=\"@LaGuiadPamplona\" \/>\n<meta name=\"twitter:site\" content=\"@LaGuiadPamplona\" \/>\n<meta name=\"twitter:label1\" content=\"Escrito por\" \/>\n\t<meta name=\"twitter:data1\" content=\"La Gu\u00eda de Pamplona\" \/>\n\t<meta name=\"twitter:label2\" content=\"Tiempo de lectura\" \/>\n\t<meta name=\"twitter:data2\" content=\"3 minutos\" \/>\n<script type=\"application\/ld+json\" class=\"yoast-schema-graph\">{\"@context\":\"https:\\\/\\\/schema.org\",\"@graph\":[{\"@type\":\"Article\",\"@id\":\"https:\\\/\\\/www.laguiadepamplona.com\\\/actualidad\\\/la-elaboracion-de-semilleros-propuesta-de-la-charla-que-acoge-manana-el-museo-de-educacion-ambiental-dentro-del-ciclo-sobre-agricultura-ecologica\\\/#article\",\"isPartOf\":{\"@id\":\"https:\\\/\\\/www.laguiadepamplona.com\\\/actualidad\\\/la-elaboracion-de-semilleros-propuesta-de-la-charla-que-acoge-manana-el-museo-de-educacion-ambiental-dentro-del-ciclo-sobre-agricultura-ecologica\\\/\"},\"author\":{\"name\":\"La Gu\u00eda de Pamplona\",\"@id\":\"https:\\\/\\\/www.laguiadepamplona.com\\\/actualidad\\\/#\\\/schema\\\/person\\\/efe887376f0213d4657c93adc50b1fdb\"},\"headline\":\"La elaboraci\u00f3n de semilleros, propuesta de la charla que acoge ma\u00f1ana el Museo de Educaci\u00f3n Ambiental dentro del ciclo sobre agricultura ecol\u00f3gica\",\"datePublished\":\"2015-03-10T12:44:03+00:00\",\"mainEntityOfPage\":{\"@id\":\"https:\\\/\\\/www.laguiadepamplona.com\\\/actualidad\\\/la-elaboracion-de-semilleros-propuesta-de-la-charla-que-acoge-manana-el-museo-de-educacion-ambiental-dentro-del-ciclo-sobre-agricultura-ecologica\\\/\"},\"wordCount\":592,\"publisher\":{\"@id\":\"https:\\\/\\\/www.laguiadepamplona.com\\\/actualidad\\\/#organization\"},\"image\":{\"@id\":\"https:\\\/\\\/www.laguiadepamplona.com\\\/actualidad\\\/la-elaboracion-de-semilleros-propuesta-de-la-charla-que-acoge-manana-el-museo-de-educacion-ambiental-dentro-del-ciclo-sobre-agricultura-ecologica\\\/#primaryimage\"},\"thumbnailUrl\":\"\",\"keywords\":[\"actualidad\",\"agricultura ecol\u00f3gica\",\"aula sostenibilidad\",\"ayto pamplona\",\"Ayuntamiento de Pamplona\",\"charla\",\"elaboraci\u00f3n semilleros\",\"Museo de Educaci\u00f3n Ambiental\",\"noticias\",\"pamplona\"],\"articleSection\":[\"Ayto Pamplona\"],\"inLanguage\":\"es\"},{\"@type\":\"WebPage\",\"@id\":\"https:\\\/\\\/www.laguiadepamplona.com\\\/actualidad\\\/la-elaboracion-de-semilleros-propuesta-de-la-charla-que-acoge-manana-el-museo-de-educacion-ambiental-dentro-del-ciclo-sobre-agricultura-ecologica\\\/\",\"url\":\"https:\\\/\\\/www.laguiadepamplona.com\\\/actualidad\\\/la-elaboracion-de-semilleros-propuesta-de-la-charla-que-acoge-manana-el-museo-de-educacion-ambiental-dentro-del-ciclo-sobre-agricultura-ecologica\\\/\",\"name\":\"La elaboraci\u00f3n de semilleros, propuesta de la charla que acoge ma\u00f1ana el Museo de Educaci\u00f3n Ambiental dentro del ciclo sobre agricultura ecol\u00f3gica\",\"isPartOf\":{\"@id\":\"https:\\\/\\\/www.laguiadepamplona.com\\\/actualidad\\\/#website\"},\"primaryImageOfPage\":{\"@id\":\"https:\\\/\\\/www.laguiadepamplona.com\\\/actualidad\\\/la-elaboracion-de-semilleros-propuesta-de-la-charla-que-acoge-manana-el-museo-de-educacion-ambiental-dentro-del-ciclo-sobre-agricultura-ecologica\\\/#primaryimage\"},\"image\":{\"@id\":\"https:\\\/\\\/www.laguiadepamplona.com\\\/actualidad\\\/la-elaboracion-de-semilleros-propuesta-de-la-charla-que-acoge-manana-el-museo-de-educacion-ambiental-dentro-del-ciclo-sobre-agricultura-ecologica\\\/#primaryimage\"},\"thumbnailUrl\":\"\",\"datePublished\":\"2015-03-10T12:44:03+00:00\",\"breadcrumb\":{\"@id\":\"https:\\\/\\\/www.laguiadepamplona.com\\\/actualidad\\\/la-elaboracion-de-semilleros-propuesta-de-la-charla-que-acoge-manana-el-museo-de-educacion-ambiental-dentro-del-ciclo-sobre-agricultura-ecologica\\\/#breadcrumb\"},\"inLanguage\":\"es\",\"potentialAction\":[{\"@type\":\"ReadAction\",\"target\":[\"https:\\\/\\\/www.laguiadepamplona.com\\\/actualidad\\\/la-elaboracion-de-semilleros-propuesta-de-la-charla-que-acoge-manana-el-museo-de-educacion-ambiental-dentro-del-ciclo-sobre-agricultura-ecologica\\\/\"]}]},{\"@type\":\"ImageObject\",\"inLanguage\":\"es\",\"@id\":\"https:\\\/\\\/www.laguiadepamplona.com\\\/actualidad\\\/la-elaboracion-de-semilleros-propuesta-de-la-charla-que-acoge-manana-el-museo-de-educacion-ambiental-dentro-del-ciclo-sobre-agricultura-ecologica\\\/#primaryimage\",\"url\":\"\",\"contentUrl\":\"\"},{\"@type\":\"BreadcrumbList\",\"@id\":\"https:\\\/\\\/www.laguiadepamplona.com\\\/actualidad\\\/la-elaboracion-de-semilleros-propuesta-de-la-charla-que-acoge-manana-el-museo-de-educacion-ambiental-dentro-del-ciclo-sobre-agricultura-ecologica\\\/#breadcrumb\",\"itemListElement\":[{\"@type\":\"ListItem\",\"position\":1,\"name\":\"Portada\",\"item\":\"https:\\\/\\\/www.laguiadepamplona.com\\\/actualidad\\\/\"},{\"@type\":\"ListItem\",\"position\":2,\"name\":\"La elaboraci\u00f3n de semilleros, propuesta de la charla que acoge ma\u00f1ana el Museo de Educaci\u00f3n Ambiental dentro del ciclo sobre agricultura ecol\u00f3gica\"}]},{\"@type\":\"WebSite\",\"@id\":\"https:\\\/\\\/www.laguiadepamplona.com\\\/actualidad\\\/#website\",\"url\":\"https:\\\/\\\/www.laguiadepamplona.com\\\/actualidad\\\/\",\"name\":\"La gu\u00eda de Pamplona\",\"description\":\"Noticias de Pamplona\",\"publisher\":{\"@id\":\"https:\\\/\\\/www.laguiadepamplona.com\\\/actualidad\\\/#organization\"},\"potentialAction\":[{\"@type\":\"SearchAction\",\"target\":{\"@type\":\"EntryPoint\",\"urlTemplate\":\"https:\\\/\\\/www.laguiadepamplona.com\\\/actualidad\\\/?s={search_term_string}\"},\"query-input\":{\"@type\":\"PropertyValueSpecification\",\"valueRequired\":true,\"valueName\":\"search_term_string\"}}],\"inLanguage\":\"es\"},{\"@type\":\"Organization\",\"@id\":\"https:\\\/\\\/www.laguiadepamplona.com\\\/actualidad\\\/#organization\",\"name\":\"La Gu\u00eda de Pamplona \\\/ Noticias\",\"url\":\"https:\\\/\\\/www.laguiadepamplona.com\\\/actualidad\\\/\",\"logo\":{\"@type\":\"ImageObject\",\"inLanguage\":\"es\",\"@id\":\"https:\\\/\\\/www.laguiadepamplona.com\\\/actualidad\\\/#\\\/schema\\\/logo\\\/image\\\/\",\"url\":\"https:\\\/\\\/www.laguiadepamplona.com\\\/actualidad\\\/wp-content\\\/uploads\\\/2018\\\/11\\\/logo-laguiadepamplona18-web1.png\",\"contentUrl\":\"https:\\\/\\\/www.laguiadepamplona.com\\\/actualidad\\\/wp-content\\\/uploads\\\/2018\\\/11\\\/logo-laguiadepamplona18-web1.png\",\"width\":600,\"height\":196,\"caption\":\"La Gu\u00eda de Pamplona \\\/ Noticias\"},\"image\":{\"@id\":\"https:\\\/\\\/www.laguiadepamplona.com\\\/actualidad\\\/#\\\/schema\\\/logo\\\/image\\\/\"},\"sameAs\":[\"https:\\\/\\\/www.facebook.com\\\/laguiadepamplonacom-133175176762273\\\/?ref=hl\",\"https:\\\/\\\/x.com\\\/LaGuiadPamplona\",\"https:\\\/\\\/www.instagram.com\\\/la_guia_de_pamplona\\\/\",\"https:\\\/\\\/www.youtube.com\\\/user\\\/laguiadepamplona\"]},{\"@type\":\"Person\",\"@id\":\"https:\\\/\\\/www.laguiadepamplona.com\\\/actualidad\\\/#\\\/schema\\\/person\\\/efe887376f0213d4657c93adc50b1fdb\",\"name\":\"La Gu\u00eda de Pamplona\",\"image\":{\"@type\":\"ImageObject\",\"inLanguage\":\"es\",\"@id\":\"https:\\\/\\\/secure.gravatar.com\\\/avatar\\\/b6992f131dc8d30ab0dff15446e9d346d9dbd95992de0fef795073f5ea83a81c?s=96&d=mm&r=g\",\"url\":\"https:\\\/\\\/secure.gravatar.com\\\/avatar\\\/b6992f131dc8d30ab0dff15446e9d346d9dbd95992de0fef795073f5ea83a81c?s=96&d=mm&r=g\",\"contentUrl\":\"https:\\\/\\\/secure.gravatar.com\\\/avatar\\\/b6992f131dc8d30ab0dff15446e9d346d9dbd95992de0fef795073f5ea83a81c?s=96&d=mm&r=g\",\"caption\":\"La Gu\u00eda de Pamplona\"}}]}<\/script>\n<!-- \/ Yoast SEO plugin. -->","yoast_head_json":{"title":"La elaboraci\u00f3n de semilleros, propuesta de la charla que acoge ma\u00f1ana el Museo de Educaci\u00f3n Ambiental dentro del ciclo sobre agricultura ecol\u00f3gica","robots":{"index":"index","follow":"follow","max-snippet":"max-snippet:-1","max-image-preview":"max-image-preview:large","max-video-preview":"max-video-preview:-1"},"canonical":"https:\/\/www.laguiadepamplona.com\/actualidad\/la-elaboracion-de-semilleros-propuesta-de-la-charla-que-acoge-manana-el-museo-de-educacion-ambiental-dentro-del-ciclo-sobre-agricultura-ecologica\/","og_locale":"es_ES","og_type":"article","og_title":"La elaboraci\u00f3n de semilleros, propuesta de la charla que acoge ma\u00f1ana el Museo de Educaci\u00f3n Ambiental dentro del ciclo sobre agricultura ecol\u00f3gica","og_description":"La conferencia comenzar\u00e1 a las siete de la tarde con entrada libre y estar\u00e1 impartida por Sandra El\u00eda, de la Asociaci\u00f3n Agroecol\u00f3gica Arrea La agricultura ecol\u00f3gica vuelve a ser protagonista...","og_url":"https:\/\/www.laguiadepamplona.com\/actualidad\/la-elaboracion-de-semilleros-propuesta-de-la-charla-que-acoge-manana-el-museo-de-educacion-ambiental-dentro-del-ciclo-sobre-agricultura-ecologica\/","og_site_name":"La Gu\u00eda de Pamplona","article_publisher":"https:\/\/www.facebook.com\/laguiadepamplonacom-133175176762273\/?ref=hl","article_published_time":"2015-03-10T12:44:03+00:00","author":"La Gu\u00eda de Pamplona","twitter_card":"summary_large_image","twitter_creator":"@LaGuiadPamplona","twitter_site":"@LaGuiadPamplona","twitter_misc":{"Escrito por":"La Gu\u00eda de Pamplona","Tiempo de lectura":"3 minutos"},"schema":{"@context":"https:\/\/schema.org","@graph":[{"@type":"Article","@id":"https:\/\/www.laguiadepamplona.com\/actualidad\/la-elaboracion-de-semilleros-propuesta-de-la-charla-que-acoge-manana-el-museo-de-educacion-ambiental-dentro-del-ciclo-sobre-agricultura-ecologica\/#article","isPartOf":{"@id":"https:\/\/www.laguiadepamplona.com\/actualidad\/la-elaboracion-de-semilleros-propuesta-de-la-charla-que-acoge-manana-el-museo-de-educacion-ambiental-dentro-del-ciclo-sobre-agricultura-ecologica\/"},"author":{"name":"La Gu\u00eda de Pamplona","@id":"https:\/\/www.laguiadepamplona.com\/actualidad\/#\/schema\/person\/efe887376f0213d4657c93adc50b1fdb"},"headline":"La elaboraci\u00f3n de semilleros, propuesta de la charla que acoge ma\u00f1ana el Museo de Educaci\u00f3n Ambiental dentro del ciclo sobre agricultura ecol\u00f3gica","datePublished":"2015-03-10T12:44:03+00:00","mainEntityOfPage":{"@id":"https:\/\/www.laguiadepamplona.com\/actualidad\/la-elaboracion-de-semilleros-propuesta-de-la-charla-que-acoge-manana-el-museo-de-educacion-ambiental-dentro-del-ciclo-sobre-agricultura-ecologica\/"},"wordCount":592,"publisher":{"@id":"https:\/\/www.laguiadepamplona.com\/actualidad\/#organization"},"image":{"@id":"https:\/\/www.laguiadepamplona.com\/actualidad\/la-elaboracion-de-semilleros-propuesta-de-la-charla-que-acoge-manana-el-museo-de-educacion-ambiental-dentro-del-ciclo-sobre-agricultura-ecologica\/#primaryimage"},"thumbnailUrl":"","keywords":["actualidad","agricultura ecol\u00f3gica","aula sostenibilidad","ayto pamplona","Ayuntamiento de Pamplona","charla","elaboraci\u00f3n semilleros","Museo de Educaci\u00f3n Ambiental","noticias","pamplona"],"articleSection":["Ayto Pamplona"],"inLanguage":"es"},{"@type":"WebPage","@id":"https:\/\/www.laguiadepamplona.com\/actualidad\/la-elaboracion-de-semilleros-propuesta-de-la-charla-que-acoge-manana-el-museo-de-educacion-ambiental-dentro-del-ciclo-sobre-agricultura-ecologica\/","url":"https:\/\/www.laguiadepamplona.com\/actualidad\/la-elaboracion-de-semilleros-propuesta-de-la-charla-que-acoge-manana-el-museo-de-educacion-ambiental-dentro-del-ciclo-sobre-agricultura-ecologica\/","name":"La elaboraci\u00f3n de semilleros, propuesta de la charla que acoge ma\u00f1ana el Museo de Educaci\u00f3n Ambiental dentro del ciclo sobre agricultura ecol\u00f3gica","isPartOf":{"@id":"https:\/\/www.laguiadepamplona.com\/actualidad\/#website"},"primaryImageOfPage":{"@id":"https:\/\/www.laguiadepamplona.com\/actualidad\/la-elaboracion-de-semilleros-propuesta-de-la-charla-que-acoge-manana-el-museo-de-educacion-ambiental-dentro-del-ciclo-sobre-agricultura-ecologica\/#primaryimage"},"image":{"@id":"https:\/\/www.laguiadepamplona.com\/actualidad\/la-elaboracion-de-semilleros-propuesta-de-la-charla-que-acoge-manana-el-museo-de-educacion-ambiental-dentro-del-ciclo-sobre-agricultura-ecologica\/#primaryimage"},"thumbnailUrl":"","datePublished":"2015-03-10T12:44:03+00:00","breadcrumb":{"@id":"https:\/\/www.laguiadepamplona.com\/actualidad\/la-elaboracion-de-semilleros-propuesta-de-la-charla-que-acoge-manana-el-museo-de-educacion-ambiental-dentro-del-ciclo-sobre-agricultura-ecologica\/#breadcrumb"},"inLanguage":"es","potentialAction":[{"@type":"ReadAction","target":["https:\/\/www.laguiadepamplona.com\/actualidad\/la-elaboracion-de-semilleros-propuesta-de-la-charla-que-acoge-manana-el-museo-de-educacion-ambiental-dentro-del-ciclo-sobre-agricultura-ecologica\/"]}]},{"@type":"ImageObject","inLanguage":"es","@id":"https:\/\/www.laguiadepamplona.com\/actualidad\/la-elaboracion-de-semilleros-propuesta-de-la-charla-que-acoge-manana-el-museo-de-educacion-ambiental-dentro-del-ciclo-sobre-agricultura-ecologica\/#primaryimage","url":"","contentUrl":""},{"@type":"BreadcrumbList","@id":"https:\/\/www.laguiadepamplona.com\/actualidad\/la-elaboracion-de-semilleros-propuesta-de-la-charla-que-acoge-manana-el-museo-de-educacion-ambiental-dentro-del-ciclo-sobre-agricultura-ecologica\/#breadcrumb","itemListElement":[{"@type":"ListItem","position":1,"name":"Portada","item":"https:\/\/www.laguiadepamplona.com\/actualidad\/"},{"@type":"ListItem","position":2,"name":"La elaboraci\u00f3n de semilleros, propuesta de la charla que acoge ma\u00f1ana el Museo de Educaci\u00f3n Ambiental dentro del ciclo sobre agricultura ecol\u00f3gica"}]},{"@type":"WebSite","@id":"https:\/\/www.laguiadepamplona.com\/actualidad\/#website","url":"https:\/\/www.laguiadepamplona.com\/actualidad\/","name":"La gu\u00eda de Pamplona","description":"Noticias de Pamplona","publisher":{"@id":"https:\/\/www.laguiadepamplona.com\/actualidad\/#organization"},"potentialAction":[{"@type":"SearchAction","target":{"@type":"EntryPoint","urlTemplate":"https:\/\/www.laguiadepamplona.com\/actualidad\/?s={search_term_string}"},"query-input":{"@type":"PropertyValueSpecification","valueRequired":true,"valueName":"search_term_string"}}],"inLanguage":"es"},{"@type":"Organization","@id":"https:\/\/www.laguiadepamplona.com\/actualidad\/#organization","name":"La Gu\u00eda de Pamplona \/ Noticias","url":"https:\/\/www.laguiadepamplona.com\/actualidad\/","logo":{"@type":"ImageObject","inLanguage":"es","@id":"https:\/\/www.laguiadepamplona.com\/actualidad\/#\/schema\/logo\/image\/","url":"https:\/\/www.laguiadepamplona.com\/actualidad\/wp-content\/uploads\/2018\/11\/logo-laguiadepamplona18-web1.png","contentUrl":"https:\/\/www.laguiadepamplona.com\/actualidad\/wp-content\/uploads\/2018\/11\/logo-laguiadepamplona18-web1.png","width":600,"height":196,"caption":"La Gu\u00eda de Pamplona \/ Noticias"},"image":{"@id":"https:\/\/www.laguiadepamplona.com\/actualidad\/#\/schema\/logo\/image\/"},"sameAs":["https:\/\/www.facebook.com\/laguiadepamplonacom-133175176762273\/?ref=hl","https:\/\/x.com\/LaGuiadPamplona","https:\/\/www.instagram.com\/la_guia_de_pamplona\/","https:\/\/www.youtube.com\/user\/laguiadepamplona"]},{"@type":"Person","@id":"https:\/\/www.laguiadepamplona.com\/actualidad\/#\/schema\/person\/efe887376f0213d4657c93adc50b1fdb","name":"La Gu\u00eda de Pamplona","image":{"@type":"ImageObject","inLanguage":"es","@id":"https:\/\/secure.gravatar.com\/avatar\/b6992f131dc8d30ab0dff15446e9d346d9dbd95992de0fef795073f5ea83a81c?s=96&d=mm&r=g","url":"https:\/\/secure.gravatar.com\/avatar\/b6992f131dc8d30ab0dff15446e9d346d9dbd95992de0fef795073f5ea83a81c?s=96&d=mm&r=g","contentUrl":"https:\/\/secure.gravatar.com\/avatar\/b6992f131dc8d30ab0dff15446e9d346d9dbd95992de0fef795073f5ea83a81c?s=96&d=mm&r=g","caption":"La Gu\u00eda de Pamplona"}}]}},"post_mailing_queue_ids":[],"_links":{"self":[{"href":"https:\/\/www.laguiadepamplona.com\/actualidad\/wp-json\/wp\/v2\/posts\/5090","targetHints":{"allow":["GET"]}}],"collection":[{"href":"https:\/\/www.laguiadepamplona.com\/actualidad\/wp-json\/wp\/v2\/posts"}],"about":[{"href":"https:\/\/www.laguiadepamplona.com\/actualidad\/wp-json\/wp\/v2\/types\/post"}],"author":[{"embeddable":true,"href":"https:\/\/www.laguiadepamplona.com\/actualidad\/wp-json\/wp\/v2\/users\/1"}],"replies":[{"embeddable":true,"href":"https:\/\/www.laguiadepamplona.com\/actualidad\/wp-json\/wp\/v2\/comments?post=5090"}],"version-history":[{"count":0,"href":"https:\/\/www.laguiadepamplona.com\/actualidad\/wp-json\/wp\/v2\/posts\/5090\/revisions"}],"wp:featuredmedia":[{"embeddable":true,"href":"https:\/\/www.laguiadepamplona.com\/actualidad\/wp-json\/"}],"wp:attachment":[{"href":"https:\/\/www.laguiadepamplona.com\/actualidad\/wp-json\/wp\/v2\/media?parent=5090"}],"wp:term":[{"taxonomy":"category","embeddable":true,"href":"https:\/\/www.laguiadepamplona.com\/actualidad\/wp-json\/wp\/v2\/categories?post=5090"},{"taxonomy":"post_tag","embeddable":true,"href":"https:\/\/www.laguiadepamplona.com\/actualidad\/wp-json\/wp\/v2\/tags?post=5090"}],"curies":[{"name":"wp","href":"https:\/\/api.w.org\/{rel}","templated":true}]}}