{"id":50888,"date":"2024-10-02T18:15:56","date_gmt":"2024-10-02T16:15:56","guid":{"rendered":"https:\/\/www.laguiadepamplona.com\/actualidad\/?p=50888"},"modified":"2024-10-02T18:15:56","modified_gmt":"2024-10-02T16:15:56","slug":"la-mesa-general-de-san-fermin-celebra-su-primera-reunion-tras-las-fiestas-y-abre-el-proceso-participativo-para-confeccionar-los-sanfermines-2025","status":"publish","type":"post","link":"https:\/\/www.laguiadepamplona.com\/actualidad\/la-mesa-general-de-san-fermin-celebra-su-primera-reunion-tras-las-fiestas-y-abre-el-proceso-participativo-para-confeccionar-los-sanfermines-2025\/","title":{"rendered":"La Mesa General de San Ferm\u00edn celebra su primera reuni\u00f3n tras las fiestas y abre el proceso participativo para confeccionar los Sanfermines 2025"},"content":{"rendered":"<h2>En la reuni\u00f3n han participado representantes de m\u00e1s de 50 asociaciones y colectivos<\/h2>\n<p><!--more--><\/p>\n<p>La Mesa General de San Ferm\u00edn comienza a trabajar en las fiestas del a\u00f1o que viene tras valorar lo acontecido el pasado mes de julio. Esta tarde la sala municipal de Calderer\u00eda ha acogido la primera reuni\u00f3n tras las fiestas de San Ferm\u00edn 2024 de este \u00f3rgano participativo, consultivo e informativo, que cuenta con m\u00e1s de 50 asociaciones y colectivos, adem\u00e1s de representaci\u00f3n pol\u00edtica y t\u00e9cnica municipal.<\/p>\n<p>En la reuni\u00f3n se han repasado y valorado aspectos de los Sanfermines de 2024. Entre otras valoraciones, se ha dado cuenta del aumento de la participaci\u00f3n en los actos programados en fiestas por el Ayuntamiento de Pamplona; del descenso en las denuncias, a pesar de las 24 registradas por agresi\u00f3n sexual; del regreso de los colectivos al centro de la ciudad con la cesi\u00f3n de varios espacios; o de los resultados hist\u00f3ricos del transporte urbano comarcal.<\/p>\n<p>Con la reuni\u00f3n de la Mesa General de los Sanfermines, el Ayuntamiento de Pamplona da comienzo al proceso participativo para ir confeccionando las fiestas del a\u00f1o que viene. La semana pasada ya se reuni\u00f3 la Mesa del Encierro y en las pr\u00f3ximas se reactivar\u00e1n tambi\u00e9n otros espacios de participaci\u00f3n sectoriales como la Mesa Cultural y de Programaci\u00f3n o la Mesa de Espacios Colectivos.<\/p>\n","protected":false},"excerpt":{"rendered":"<p>En la reuni\u00f3n han participado representantes de m\u00e1s de 50 asociaciones y colectivos<\/p>\n","protected":false},"author":1,"featured_media":50889,"comment_status":"open","ping_status":"closed","sticky":false,"template":"","format":"standard","meta":{"footnotes":""},"categories":[2],"tags":[],"class_list":["post-50888","post","type-post","status-publish","format-standard","has-post-thumbnail","hentry","category-ayuntamiento-pamplona"],"yoast_head":"<!-- This site is optimized with the Yoast SEO plugin v27.3 - https:\/\/yoast.com\/product\/yoast-seo-wordpress\/ -->\n<title>La Mesa General de San Ferm\u00edn celebra su primera reuni\u00f3n tras las fiestas y abre el proceso participativo para confeccionar los Sanfermines 2025<\/title>\n<meta name=\"description\" content=\"En la reuni\u00f3n han participado representantes de m\u00e1s de 50 asociaciones y colectivos para los sanfermines 2025\" \/>\n<meta name=\"robots\" content=\"index, follow, max-snippet:-1, max-image-preview:large, max-video-preview:-1\" \/>\n<link rel=\"canonical\" href=\"https:\/\/www.laguiadepamplona.com\/actualidad\/la-mesa-general-de-san-fermin-celebra-su-primera-reunion-tras-las-fiestas-y-abre-el-proceso-participativo-para-confeccionar-los-sanfermines-2025\/\" \/>\n<meta property=\"og:locale\" content=\"es_ES\" \/>\n<meta property=\"og:type\" content=\"article\" \/>\n<meta property=\"og:title\" content=\"La Mesa General de San Ferm\u00edn celebra su primera reuni\u00f3n tras las fiestas y abre el proceso participativo para confeccionar los Sanfermines 2025\" \/>\n<meta property=\"og:description\" content=\"En la reuni\u00f3n han participado representantes de m\u00e1s de 50 asociaciones y colectivos para los sanfermines 2025\" \/>\n<meta property=\"og:url\" content=\"https:\/\/www.laguiadepamplona.com\/actualidad\/la-mesa-general-de-san-fermin-celebra-su-primera-reunion-tras-las-fiestas-y-abre-el-proceso-participativo-para-confeccionar-los-sanfermines-2025\/\" \/>\n<meta property=\"og:site_name\" content=\"La Gu\u00eda de Pamplona\" \/>\n<meta property=\"article:publisher\" content=\"https:\/\/www.facebook.com\/laguiadepamplonacom-133175176762273\/?ref=hl\" \/>\n<meta property=\"article:published_time\" content=\"2024-10-02T16:15:56+00:00\" \/>\n<meta property=\"og:image\" content=\"https:\/\/www.laguiadepamplona.com\/actualidad\/wp-content\/uploads\/2024\/10\/mesageneraldesanfermindsc5377.webp\" \/>\n\t<meta property=\"og:image:width\" content=\"1000\" \/>\n\t<meta property=\"og:image:height\" content=\"666\" \/>\n\t<meta property=\"og:image:type\" content=\"image\/webp\" \/>\n<meta name=\"author\" content=\"La Gu\u00eda de Pamplona\" \/>\n<meta name=\"twitter:card\" content=\"summary_large_image\" \/>\n<meta name=\"twitter:creator\" content=\"@LaGuiadPamplona\" \/>\n<meta name=\"twitter:site\" content=\"@LaGuiadPamplona\" \/>\n<meta name=\"twitter:label1\" content=\"Escrito por\" \/>\n\t<meta name=\"twitter:data1\" content=\"La Gu\u00eda de Pamplona\" \/>\n\t<meta name=\"twitter:label2\" content=\"Tiempo de lectura\" \/>\n\t<meta name=\"twitter:data2\" content=\"2 minutos\" \/>\n<script type=\"application\/ld+json\" class=\"yoast-schema-graph\">{\"@context\":\"https:\\\/\\\/schema.org\",\"@graph\":[{\"@type\":\"Article\",\"@id\":\"https:\\\/\\\/www.laguiadepamplona.com\\\/actualidad\\\/la-mesa-general-de-san-fermin-celebra-su-primera-reunion-tras-las-fiestas-y-abre-el-proceso-participativo-para-confeccionar-los-sanfermines-2025\\\/#article\",\"isPartOf\":{\"@id\":\"https:\\\/\\\/www.laguiadepamplona.com\\\/actualidad\\\/la-mesa-general-de-san-fermin-celebra-su-primera-reunion-tras-las-fiestas-y-abre-el-proceso-participativo-para-confeccionar-los-sanfermines-2025\\\/\"},\"author\":{\"name\":\"La Gu\u00eda de Pamplona\",\"@id\":\"https:\\\/\\\/www.laguiadepamplona.com\\\/actualidad\\\/#\\\/schema\\\/person\\\/efe887376f0213d4657c93adc50b1fdb\"},\"headline\":\"La Mesa General de San Ferm\u00edn celebra su primera reuni\u00f3n tras las fiestas y abre el proceso participativo para confeccionar los Sanfermines 2025\",\"datePublished\":\"2024-10-02T16:15:56+00:00\",\"mainEntityOfPage\":{\"@id\":\"https:\\\/\\\/www.laguiadepamplona.com\\\/actualidad\\\/la-mesa-general-de-san-fermin-celebra-su-primera-reunion-tras-las-fiestas-y-abre-el-proceso-participativo-para-confeccionar-los-sanfermines-2025\\\/\"},\"wordCount\":262,\"commentCount\":0,\"publisher\":{\"@id\":\"https:\\\/\\\/www.laguiadepamplona.com\\\/actualidad\\\/#organization\"},\"image\":{\"@id\":\"https:\\\/\\\/www.laguiadepamplona.com\\\/actualidad\\\/la-mesa-general-de-san-fermin-celebra-su-primera-reunion-tras-las-fiestas-y-abre-el-proceso-participativo-para-confeccionar-los-sanfermines-2025\\\/#primaryimage\"},\"thumbnailUrl\":\"https:\\\/\\\/www.laguiadepamplona.com\\\/actualidad\\\/wp-content\\\/uploads\\\/2024\\\/10\\\/mesageneraldesanfermindsc5377.webp\",\"articleSection\":[\"Ayto Pamplona\"],\"inLanguage\":\"es\",\"potentialAction\":[{\"@type\":\"CommentAction\",\"name\":\"Comment\",\"target\":[\"https:\\\/\\\/www.laguiadepamplona.com\\\/actualidad\\\/la-mesa-general-de-san-fermin-celebra-su-primera-reunion-tras-las-fiestas-y-abre-el-proceso-participativo-para-confeccionar-los-sanfermines-2025\\\/#respond\"]}]},{\"@type\":\"WebPage\",\"@id\":\"https:\\\/\\\/www.laguiadepamplona.com\\\/actualidad\\\/la-mesa-general-de-san-fermin-celebra-su-primera-reunion-tras-las-fiestas-y-abre-el-proceso-participativo-para-confeccionar-los-sanfermines-2025\\\/\",\"url\":\"https:\\\/\\\/www.laguiadepamplona.com\\\/actualidad\\\/la-mesa-general-de-san-fermin-celebra-su-primera-reunion-tras-las-fiestas-y-abre-el-proceso-participativo-para-confeccionar-los-sanfermines-2025\\\/\",\"name\":\"La Mesa General de San Ferm\u00edn celebra su primera reuni\u00f3n tras las fiestas y abre el proceso participativo para confeccionar los Sanfermines 2025\",\"isPartOf\":{\"@id\":\"https:\\\/\\\/www.laguiadepamplona.com\\\/actualidad\\\/#website\"},\"primaryImageOfPage\":{\"@id\":\"https:\\\/\\\/www.laguiadepamplona.com\\\/actualidad\\\/la-mesa-general-de-san-fermin-celebra-su-primera-reunion-tras-las-fiestas-y-abre-el-proceso-participativo-para-confeccionar-los-sanfermines-2025\\\/#primaryimage\"},\"image\":{\"@id\":\"https:\\\/\\\/www.laguiadepamplona.com\\\/actualidad\\\/la-mesa-general-de-san-fermin-celebra-su-primera-reunion-tras-las-fiestas-y-abre-el-proceso-participativo-para-confeccionar-los-sanfermines-2025\\\/#primaryimage\"},\"thumbnailUrl\":\"https:\\\/\\\/www.laguiadepamplona.com\\\/actualidad\\\/wp-content\\\/uploads\\\/2024\\\/10\\\/mesageneraldesanfermindsc5377.webp\",\"datePublished\":\"2024-10-02T16:15:56+00:00\",\"description\":\"En la reuni\u00f3n han participado representantes de m\u00e1s de 50 asociaciones y colectivos para los sanfermines 2025\",\"breadcrumb\":{\"@id\":\"https:\\\/\\\/www.laguiadepamplona.com\\\/actualidad\\\/la-mesa-general-de-san-fermin-celebra-su-primera-reunion-tras-las-fiestas-y-abre-el-proceso-participativo-para-confeccionar-los-sanfermines-2025\\\/#breadcrumb\"},\"inLanguage\":\"es\",\"potentialAction\":[{\"@type\":\"ReadAction\",\"target\":[\"https:\\\/\\\/www.laguiadepamplona.com\\\/actualidad\\\/la-mesa-general-de-san-fermin-celebra-su-primera-reunion-tras-las-fiestas-y-abre-el-proceso-participativo-para-confeccionar-los-sanfermines-2025\\\/\"]}]},{\"@type\":\"ImageObject\",\"inLanguage\":\"es\",\"@id\":\"https:\\\/\\\/www.laguiadepamplona.com\\\/actualidad\\\/la-mesa-general-de-san-fermin-celebra-su-primera-reunion-tras-las-fiestas-y-abre-el-proceso-participativo-para-confeccionar-los-sanfermines-2025\\\/#primaryimage\",\"url\":\"https:\\\/\\\/www.laguiadepamplona.com\\\/actualidad\\\/wp-content\\\/uploads\\\/2024\\\/10\\\/mesageneraldesanfermindsc5377.webp\",\"contentUrl\":\"https:\\\/\\\/www.laguiadepamplona.com\\\/actualidad\\\/wp-content\\\/uploads\\\/2024\\\/10\\\/mesageneraldesanfermindsc5377.webp\",\"width\":1000,\"height\":666,\"caption\":\"mesa general de san ferm\u00edn 2025\"},{\"@type\":\"BreadcrumbList\",\"@id\":\"https:\\\/\\\/www.laguiadepamplona.com\\\/actualidad\\\/la-mesa-general-de-san-fermin-celebra-su-primera-reunion-tras-las-fiestas-y-abre-el-proceso-participativo-para-confeccionar-los-sanfermines-2025\\\/#breadcrumb\",\"itemListElement\":[{\"@type\":\"ListItem\",\"position\":1,\"name\":\"Portada\",\"item\":\"https:\\\/\\\/www.laguiadepamplona.com\\\/actualidad\\\/\"},{\"@type\":\"ListItem\",\"position\":2,\"name\":\"La Mesa General de San Ferm\u00edn celebra su primera reuni\u00f3n tras las fiestas y abre el proceso participativo para confeccionar los Sanfermines 2025\"}]},{\"@type\":\"WebSite\",\"@id\":\"https:\\\/\\\/www.laguiadepamplona.com\\\/actualidad\\\/#website\",\"url\":\"https:\\\/\\\/www.laguiadepamplona.com\\\/actualidad\\\/\",\"name\":\"La gu\u00eda de Pamplona\",\"description\":\"Noticias de Pamplona\",\"publisher\":{\"@id\":\"https:\\\/\\\/www.laguiadepamplona.com\\\/actualidad\\\/#organization\"},\"potentialAction\":[{\"@type\":\"SearchAction\",\"target\":{\"@type\":\"EntryPoint\",\"urlTemplate\":\"https:\\\/\\\/www.laguiadepamplona.com\\\/actualidad\\\/?s={search_term_string}\"},\"query-input\":{\"@type\":\"PropertyValueSpecification\",\"valueRequired\":true,\"valueName\":\"search_term_string\"}}],\"inLanguage\":\"es\"},{\"@type\":\"Organization\",\"@id\":\"https:\\\/\\\/www.laguiadepamplona.com\\\/actualidad\\\/#organization\",\"name\":\"La Gu\u00eda de Pamplona \\\/ Noticias\",\"url\":\"https:\\\/\\\/www.laguiadepamplona.com\\\/actualidad\\\/\",\"logo\":{\"@type\":\"ImageObject\",\"inLanguage\":\"es\",\"@id\":\"https:\\\/\\\/www.laguiadepamplona.com\\\/actualidad\\\/#\\\/schema\\\/logo\\\/image\\\/\",\"url\":\"https:\\\/\\\/www.laguiadepamplona.com\\\/actualidad\\\/wp-content\\\/uploads\\\/2018\\\/11\\\/logo-laguiadepamplona18-web1.png\",\"contentUrl\":\"https:\\\/\\\/www.laguiadepamplona.com\\\/actualidad\\\/wp-content\\\/uploads\\\/2018\\\/11\\\/logo-laguiadepamplona18-web1.png\",\"width\":600,\"height\":196,\"caption\":\"La Gu\u00eda de Pamplona \\\/ Noticias\"},\"image\":{\"@id\":\"https:\\\/\\\/www.laguiadepamplona.com\\\/actualidad\\\/#\\\/schema\\\/logo\\\/image\\\/\"},\"sameAs\":[\"https:\\\/\\\/www.facebook.com\\\/laguiadepamplonacom-133175176762273\\\/?ref=hl\",\"https:\\\/\\\/x.com\\\/LaGuiadPamplona\",\"https:\\\/\\\/www.instagram.com\\\/la_guia_de_pamplona\\\/\",\"https:\\\/\\\/www.youtube.com\\\/user\\\/laguiadepamplona\"]},{\"@type\":\"Person\",\"@id\":\"https:\\\/\\\/www.laguiadepamplona.com\\\/actualidad\\\/#\\\/schema\\\/person\\\/efe887376f0213d4657c93adc50b1fdb\",\"name\":\"La Gu\u00eda de Pamplona\",\"image\":{\"@type\":\"ImageObject\",\"inLanguage\":\"es\",\"@id\":\"https:\\\/\\\/secure.gravatar.com\\\/avatar\\\/b6992f131dc8d30ab0dff15446e9d346d9dbd95992de0fef795073f5ea83a81c?s=96&d=mm&r=g\",\"url\":\"https:\\\/\\\/secure.gravatar.com\\\/avatar\\\/b6992f131dc8d30ab0dff15446e9d346d9dbd95992de0fef795073f5ea83a81c?s=96&d=mm&r=g\",\"contentUrl\":\"https:\\\/\\\/secure.gravatar.com\\\/avatar\\\/b6992f131dc8d30ab0dff15446e9d346d9dbd95992de0fef795073f5ea83a81c?s=96&d=mm&r=g\",\"caption\":\"La Gu\u00eda de Pamplona\"}}]}<\/script>\n<!-- \/ Yoast SEO plugin. -->","yoast_head_json":{"title":"La Mesa General de San Ferm\u00edn celebra su primera reuni\u00f3n tras las fiestas y abre el proceso participativo para confeccionar los Sanfermines 2025","description":"En la reuni\u00f3n han participado representantes de m\u00e1s de 50 asociaciones y colectivos para los sanfermines 2025","robots":{"index":"index","follow":"follow","max-snippet":"max-snippet:-1","max-image-preview":"max-image-preview:large","max-video-preview":"max-video-preview:-1"},"canonical":"https:\/\/www.laguiadepamplona.com\/actualidad\/la-mesa-general-de-san-fermin-celebra-su-primera-reunion-tras-las-fiestas-y-abre-el-proceso-participativo-para-confeccionar-los-sanfermines-2025\/","og_locale":"es_ES","og_type":"article","og_title":"La Mesa General de San Ferm\u00edn celebra su primera reuni\u00f3n tras las fiestas y abre el proceso participativo para confeccionar los Sanfermines 2025","og_description":"En la reuni\u00f3n han participado representantes de m\u00e1s de 50 asociaciones y colectivos para los sanfermines 2025","og_url":"https:\/\/www.laguiadepamplona.com\/actualidad\/la-mesa-general-de-san-fermin-celebra-su-primera-reunion-tras-las-fiestas-y-abre-el-proceso-participativo-para-confeccionar-los-sanfermines-2025\/","og_site_name":"La Gu\u00eda de Pamplona","article_publisher":"https:\/\/www.facebook.com\/laguiadepamplonacom-133175176762273\/?ref=hl","article_published_time":"2024-10-02T16:15:56+00:00","og_image":[{"width":1000,"height":666,"url":"https:\/\/www.laguiadepamplona.com\/actualidad\/wp-content\/uploads\/2024\/10\/mesageneraldesanfermindsc5377.webp","type":"image\/webp"}],"author":"La Gu\u00eda de Pamplona","twitter_card":"summary_large_image","twitter_creator":"@LaGuiadPamplona","twitter_site":"@LaGuiadPamplona","twitter_misc":{"Escrito por":"La Gu\u00eda de Pamplona","Tiempo de lectura":"2 minutos"},"schema":{"@context":"https:\/\/schema.org","@graph":[{"@type":"Article","@id":"https:\/\/www.laguiadepamplona.com\/actualidad\/la-mesa-general-de-san-fermin-celebra-su-primera-reunion-tras-las-fiestas-y-abre-el-proceso-participativo-para-confeccionar-los-sanfermines-2025\/#article","isPartOf":{"@id":"https:\/\/www.laguiadepamplona.com\/actualidad\/la-mesa-general-de-san-fermin-celebra-su-primera-reunion-tras-las-fiestas-y-abre-el-proceso-participativo-para-confeccionar-los-sanfermines-2025\/"},"author":{"name":"La Gu\u00eda de Pamplona","@id":"https:\/\/www.laguiadepamplona.com\/actualidad\/#\/schema\/person\/efe887376f0213d4657c93adc50b1fdb"},"headline":"La Mesa General de San Ferm\u00edn celebra su primera reuni\u00f3n tras las fiestas y abre el proceso participativo para confeccionar los Sanfermines 2025","datePublished":"2024-10-02T16:15:56+00:00","mainEntityOfPage":{"@id":"https:\/\/www.laguiadepamplona.com\/actualidad\/la-mesa-general-de-san-fermin-celebra-su-primera-reunion-tras-las-fiestas-y-abre-el-proceso-participativo-para-confeccionar-los-sanfermines-2025\/"},"wordCount":262,"commentCount":0,"publisher":{"@id":"https:\/\/www.laguiadepamplona.com\/actualidad\/#organization"},"image":{"@id":"https:\/\/www.laguiadepamplona.com\/actualidad\/la-mesa-general-de-san-fermin-celebra-su-primera-reunion-tras-las-fiestas-y-abre-el-proceso-participativo-para-confeccionar-los-sanfermines-2025\/#primaryimage"},"thumbnailUrl":"https:\/\/www.laguiadepamplona.com\/actualidad\/wp-content\/uploads\/2024\/10\/mesageneraldesanfermindsc5377.webp","articleSection":["Ayto Pamplona"],"inLanguage":"es","potentialAction":[{"@type":"CommentAction","name":"Comment","target":["https:\/\/www.laguiadepamplona.com\/actualidad\/la-mesa-general-de-san-fermin-celebra-su-primera-reunion-tras-las-fiestas-y-abre-el-proceso-participativo-para-confeccionar-los-sanfermines-2025\/#respond"]}]},{"@type":"WebPage","@id":"https:\/\/www.laguiadepamplona.com\/actualidad\/la-mesa-general-de-san-fermin-celebra-su-primera-reunion-tras-las-fiestas-y-abre-el-proceso-participativo-para-confeccionar-los-sanfermines-2025\/","url":"https:\/\/www.laguiadepamplona.com\/actualidad\/la-mesa-general-de-san-fermin-celebra-su-primera-reunion-tras-las-fiestas-y-abre-el-proceso-participativo-para-confeccionar-los-sanfermines-2025\/","name":"La Mesa General de San Ferm\u00edn celebra su primera reuni\u00f3n tras las fiestas y abre el proceso participativo para confeccionar los Sanfermines 2025","isPartOf":{"@id":"https:\/\/www.laguiadepamplona.com\/actualidad\/#website"},"primaryImageOfPage":{"@id":"https:\/\/www.laguiadepamplona.com\/actualidad\/la-mesa-general-de-san-fermin-celebra-su-primera-reunion-tras-las-fiestas-y-abre-el-proceso-participativo-para-confeccionar-los-sanfermines-2025\/#primaryimage"},"image":{"@id":"https:\/\/www.laguiadepamplona.com\/actualidad\/la-mesa-general-de-san-fermin-celebra-su-primera-reunion-tras-las-fiestas-y-abre-el-proceso-participativo-para-confeccionar-los-sanfermines-2025\/#primaryimage"},"thumbnailUrl":"https:\/\/www.laguiadepamplona.com\/actualidad\/wp-content\/uploads\/2024\/10\/mesageneraldesanfermindsc5377.webp","datePublished":"2024-10-02T16:15:56+00:00","description":"En la reuni\u00f3n han participado representantes de m\u00e1s de 50 asociaciones y colectivos para los sanfermines 2025","breadcrumb":{"@id":"https:\/\/www.laguiadepamplona.com\/actualidad\/la-mesa-general-de-san-fermin-celebra-su-primera-reunion-tras-las-fiestas-y-abre-el-proceso-participativo-para-confeccionar-los-sanfermines-2025\/#breadcrumb"},"inLanguage":"es","potentialAction":[{"@type":"ReadAction","target":["https:\/\/www.laguiadepamplona.com\/actualidad\/la-mesa-general-de-san-fermin-celebra-su-primera-reunion-tras-las-fiestas-y-abre-el-proceso-participativo-para-confeccionar-los-sanfermines-2025\/"]}]},{"@type":"ImageObject","inLanguage":"es","@id":"https:\/\/www.laguiadepamplona.com\/actualidad\/la-mesa-general-de-san-fermin-celebra-su-primera-reunion-tras-las-fiestas-y-abre-el-proceso-participativo-para-confeccionar-los-sanfermines-2025\/#primaryimage","url":"https:\/\/www.laguiadepamplona.com\/actualidad\/wp-content\/uploads\/2024\/10\/mesageneraldesanfermindsc5377.webp","contentUrl":"https:\/\/www.laguiadepamplona.com\/actualidad\/wp-content\/uploads\/2024\/10\/mesageneraldesanfermindsc5377.webp","width":1000,"height":666,"caption":"mesa general de san ferm\u00edn 2025"},{"@type":"BreadcrumbList","@id":"https:\/\/www.laguiadepamplona.com\/actualidad\/la-mesa-general-de-san-fermin-celebra-su-primera-reunion-tras-las-fiestas-y-abre-el-proceso-participativo-para-confeccionar-los-sanfermines-2025\/#breadcrumb","itemListElement":[{"@type":"ListItem","position":1,"name":"Portada","item":"https:\/\/www.laguiadepamplona.com\/actualidad\/"},{"@type":"ListItem","position":2,"name":"La Mesa General de San Ferm\u00edn celebra su primera reuni\u00f3n tras las fiestas y abre el proceso participativo para confeccionar los Sanfermines 2025"}]},{"@type":"WebSite","@id":"https:\/\/www.laguiadepamplona.com\/actualidad\/#website","url":"https:\/\/www.laguiadepamplona.com\/actualidad\/","name":"La gu\u00eda de Pamplona","description":"Noticias de Pamplona","publisher":{"@id":"https:\/\/www.laguiadepamplona.com\/actualidad\/#organization"},"potentialAction":[{"@type":"SearchAction","target":{"@type":"EntryPoint","urlTemplate":"https:\/\/www.laguiadepamplona.com\/actualidad\/?s={search_term_string}"},"query-input":{"@type":"PropertyValueSpecification","valueRequired":true,"valueName":"search_term_string"}}],"inLanguage":"es"},{"@type":"Organization","@id":"https:\/\/www.laguiadepamplona.com\/actualidad\/#organization","name":"La Gu\u00eda de Pamplona \/ Noticias","url":"https:\/\/www.laguiadepamplona.com\/actualidad\/","logo":{"@type":"ImageObject","inLanguage":"es","@id":"https:\/\/www.laguiadepamplona.com\/actualidad\/#\/schema\/logo\/image\/","url":"https:\/\/www.laguiadepamplona.com\/actualidad\/wp-content\/uploads\/2018\/11\/logo-laguiadepamplona18-web1.png","contentUrl":"https:\/\/www.laguiadepamplona.com\/actualidad\/wp-content\/uploads\/2018\/11\/logo-laguiadepamplona18-web1.png","width":600,"height":196,"caption":"La Gu\u00eda de Pamplona \/ Noticias"},"image":{"@id":"https:\/\/www.laguiadepamplona.com\/actualidad\/#\/schema\/logo\/image\/"},"sameAs":["https:\/\/www.facebook.com\/laguiadepamplonacom-133175176762273\/?ref=hl","https:\/\/x.com\/LaGuiadPamplona","https:\/\/www.instagram.com\/la_guia_de_pamplona\/","https:\/\/www.youtube.com\/user\/laguiadepamplona"]},{"@type":"Person","@id":"https:\/\/www.laguiadepamplona.com\/actualidad\/#\/schema\/person\/efe887376f0213d4657c93adc50b1fdb","name":"La Gu\u00eda de Pamplona","image":{"@type":"ImageObject","inLanguage":"es","@id":"https:\/\/secure.gravatar.com\/avatar\/b6992f131dc8d30ab0dff15446e9d346d9dbd95992de0fef795073f5ea83a81c?s=96&d=mm&r=g","url":"https:\/\/secure.gravatar.com\/avatar\/b6992f131dc8d30ab0dff15446e9d346d9dbd95992de0fef795073f5ea83a81c?s=96&d=mm&r=g","contentUrl":"https:\/\/secure.gravatar.com\/avatar\/b6992f131dc8d30ab0dff15446e9d346d9dbd95992de0fef795073f5ea83a81c?s=96&d=mm&r=g","caption":"La Gu\u00eda de Pamplona"}}]}},"post_mailing_queue_ids":[],"_links":{"self":[{"href":"https:\/\/www.laguiadepamplona.com\/actualidad\/wp-json\/wp\/v2\/posts\/50888","targetHints":{"allow":["GET"]}}],"collection":[{"href":"https:\/\/www.laguiadepamplona.com\/actualidad\/wp-json\/wp\/v2\/posts"}],"about":[{"href":"https:\/\/www.laguiadepamplona.com\/actualidad\/wp-json\/wp\/v2\/types\/post"}],"author":[{"embeddable":true,"href":"https:\/\/www.laguiadepamplona.com\/actualidad\/wp-json\/wp\/v2\/users\/1"}],"replies":[{"embeddable":true,"href":"https:\/\/www.laguiadepamplona.com\/actualidad\/wp-json\/wp\/v2\/comments?post=50888"}],"version-history":[{"count":1,"href":"https:\/\/www.laguiadepamplona.com\/actualidad\/wp-json\/wp\/v2\/posts\/50888\/revisions"}],"predecessor-version":[{"id":50890,"href":"https:\/\/www.laguiadepamplona.com\/actualidad\/wp-json\/wp\/v2\/posts\/50888\/revisions\/50890"}],"wp:featuredmedia":[{"embeddable":true,"href":"https:\/\/www.laguiadepamplona.com\/actualidad\/wp-json\/wp\/v2\/media\/50889"}],"wp:attachment":[{"href":"https:\/\/www.laguiadepamplona.com\/actualidad\/wp-json\/wp\/v2\/media?parent=50888"}],"wp:term":[{"taxonomy":"category","embeddable":true,"href":"https:\/\/www.laguiadepamplona.com\/actualidad\/wp-json\/wp\/v2\/categories?post=50888"},{"taxonomy":"post_tag","embeddable":true,"href":"https:\/\/www.laguiadepamplona.com\/actualidad\/wp-json\/wp\/v2\/tags?post=50888"}],"curies":[{"name":"wp","href":"https:\/\/api.w.org\/{rel}","templated":true}]}}