{"id":50885,"date":"2024-10-02T18:13:49","date_gmt":"2024-10-02T16:13:49","guid":{"rendered":"https:\/\/www.laguiadepamplona.com\/actualidad\/?p=50885"},"modified":"2024-10-02T18:13:49","modified_gmt":"2024-10-02T16:13:49","slug":"el-jueves-17-de-octubre-tendra-lugar-en-condestable-una-jornada-de-presentacion-del-proyecto-de-reserva-fluvial-del-molino-de-ilundain","status":"publish","type":"post","link":"https:\/\/www.laguiadepamplona.com\/actualidad\/el-jueves-17-de-octubre-tendra-lugar-en-condestable-una-jornada-de-presentacion-del-proyecto-de-reserva-fluvial-del-molino-de-ilundain\/","title":{"rendered":"El jueves 17 de octubre tendr\u00e1 lugar en Condestable una jornada de presentaci\u00f3n del proyecto de reserva fluvial del molino de Ilund\u00e1in"},"content":{"rendered":"<h2>Se renaturalizar\u00e1 la zona, en el l\u00edmite con Bara\u00f1\u00e1in, para hacerla m\u00e1s sostenible y favorecer la biodiversidad, gracias al proyecto RUNA 2025<\/h2>\n<p><!--more--><\/p>\n<p>La zona del molino de Ilund\u00e1in, en el l\u00edmite con Bara\u00f1\u00e1in, se convertir\u00e1 en reserva fluvial inundable mediante la renaturalizaci\u00f3n de un espacio ahora degradado que ser\u00e1 m\u00e1s sostenible y favorecer la biodiversidad. El proyecto de reserva fluvial del molino de Ilund\u00e1in se presentar\u00e1 a la ciudadan\u00eda el jueves 17 de octubre en una jornada abierta a la participaci\u00f3n que tendr\u00e1 lugar en Condestable, de 18 a 20 horas. Las inscripciones para asistir a la jornada se pueden ya realizar en el tel\u00e9fono 010 o en el enlace <a href=\"https:\/\/es.surveymonkey.com\/r\/RUNAB8\" target=\"_blank\" rel=\"noopener\">https:\/\/es.surveymonkey.com\/r\/RUNAB8<\/a>.<\/p>\n<p>Esta actuaci\u00f3n forma parte del proyecto RUNA 2025, de renaturalizaci\u00f3n y protecci\u00f3n de la biodiversidad en los entornos fluviales. RUNA 2025 ha obtenido 2,7 millones de euros en la convocatoria de ayudas de la Fundaci\u00f3n Biodiversidad del Ministerio para la Transici\u00f3n Ecol\u00f3gica y el Reto Demogr\u00e1fico (MITECO), en el marco del Plan de Recuperaci\u00f3n, Transformaci\u00f3n y Resiliencia, financiado por la Uni\u00f3n Europea \u2013 NextGenerationEU. En la jornada, el equipo redactor del proyecto, formado por David Serrano Amatriain, Maier V\u00e9lez Olabarria, Soil Arquitectura del Paisaje S. Coop. Peque\u00f1a, Go\u00f1i &amp; Legarreta SL y Monkaval Soluciones de Ingenier\u00eda; as\u00ed como personal t\u00e9cnico municipal, explicar\u00e1n la importancia de esta actuaci\u00f3n.<\/p>\n<p>Esta jornada de presentaci\u00f3n quiere involucrar a asociaciones y colectivos profesionales vinculados al medio ambiente y al espacio urbano, agentes especializados, vecinos y vecinas de la zona y a cualquier otra persona interesada en la transformaci\u00f3n y renaturalizaci\u00f3n de la ciudad y el entorno. La jornada contar\u00e1 con servicio de conciliaci\u00f3n para aquellas personas que lo demanden y que se podr\u00e1 solicitar a trav\u00e9s del cuestionario de inscripci\u00f3n.<\/p>\n<p><strong>Actuar sobre el entorno del r\u00edo y los restos del molino<\/strong><\/p>\n<p>El proyecto de reserva fluvial del molino de Ilund\u00e1in es la acci\u00f3n B8 del proyecto RUNA 2025 de renaturalizaci\u00f3n urbana del entorno de los r\u00edos de Pamplona. El objetivo de la actuaci\u00f3n es la regeneraci\u00f3n ambiental de un espacio degradado por la antigua actividad agr\u00edcola, que transform\u00f3 este \u00e1mbito pr\u00f3ximo al conjunto patrimonial del molino de Ilundain. Los rellenos sobre el terreno de entonces, impiden hoy en d\u00eda la inundabilidad de la parcela y limitan su potencial como espacio ecosist\u00e9mico.<\/p>\n<p>La propuesta recupera para el r\u00edo y sus din\u00e1micas fluviales una amplia superficie inundable. Mediante la eliminaci\u00f3n de escolleras y evacuaci\u00f3n de rellenos, se configura una nueva topograf\u00eda que permite la entrada del agua en periodos de crecida, de manera que se habilita un nuevo escenario de ambientes diversos propicio para realizar plantaciones de planta forestal aut\u00f3ctona con el objetivo de regenerar y ampliar h\u00e1bitat fluvial para el r\u00edo y su fauna.<\/p>\n<p>La intervenci\u00f3n de regeneraci\u00f3n convive con los espacios transitables para la ciudadan\u00eda, que se acompa\u00f1an de elementos que ponen en valor y permiten interpretar el potencial ecol\u00f3gico del espacio y su patrimonio arquitect\u00f3nico. Los restos del molino de Ilundain datan del siglo XVI y para ellos se propone su consolidaci\u00f3n y cubrici\u00f3n con el objeto de asegurar su conservaci\u00f3n.\u00a0 Del mismo modo, se pretende integrar y preservar la traza de su canal de abastecimiento en el proyecto, mediante la consolidaci\u00f3n de los muros del mismo que presentan inter\u00e9s arquitect\u00f3nico.<\/p>\n<p>&nbsp;<\/p>\n<h3>Jornada de presentaci\u00f3n del proyecto del molino de Ilund\u00e1in. jueves 17 de octubre<\/h3>\n<ul>\n<li>Apertura institucional<\/li>\n<li>Contextualizaci\u00f3n del proyecto RUNA 2025<\/li>\n<li>Introducci\u00f3n del equipo redactor sobre el proyecto del molino de Ilund\u00e1in<\/li>\n<li>Descripci\u00f3n del lugar- Estado actual. Valores del lugar y su evoluci\u00f3n a lo largo del tiempo hasta su situaci\u00f3n actual<\/li>\n<li>Estado actual del entorno. Presencia del Molino de Ilundain y del canal de abastecimiento<\/li>\n<li>El proyecto de regeneraci\u00f3n ambiental: actuaciones encaminadas a recuperar para el r\u00edo un espacio degradado\n<ul>\n<li>Inundabilidad (hidr\u00e1ulica) &#8211; rellenosy movimientos de tierras \u2013 Plataforma de din\u00e1micas fluviales<\/li>\n<li>Estrategias ecol\u00f3gicas \u2013 Activar los procesos naturales<\/li>\n<li>Convivencia ciudadan\u00eda &#8211; naturaleza<\/li>\n<\/ul>\n<\/li>\n<li>Sensibilizaci\u00f3n ambiental y conclusiones<\/li>\n<\/ul>\n","protected":false},"excerpt":{"rendered":"<p>Se renaturalizar\u00e1 la zona, en el l\u00edmite con Bara\u00f1\u00e1in, para hacerla m\u00e1s sostenible y favorecer la biodiversidad, gracias al proyecto RUNA 2025<\/p>\n","protected":false},"author":1,"featured_media":50886,"comment_status":"open","ping_status":"closed","sticky":false,"template":"","format":"standard","meta":{"footnotes":""},"categories":[2],"tags":[],"class_list":["post-50885","post","type-post","status-publish","format-standard","has-post-thumbnail","hentry","category-ayuntamiento-pamplona"],"yoast_head":"<!-- This site is optimized with the Yoast SEO plugin v27.3 - https:\/\/yoast.com\/product\/yoast-seo-wordpress\/ -->\n<title>El jueves 17 de octubre tendr\u00e1 lugar en Condestable una jornada de presentaci\u00f3n del proyecto de reserva fluvial del molino de Ilund\u00e1in<\/title>\n<meta name=\"description\" content=\"Se renaturalizar\u00e1 la zona, en el l\u00edmite con Bara\u00f1\u00e1in, para hacerla m\u00e1s sostenible y favorecer la biodiversidad, gracias al proyecto RUNA 2025\" \/>\n<meta name=\"robots\" content=\"index, follow, max-snippet:-1, max-image-preview:large, max-video-preview:-1\" \/>\n<link rel=\"canonical\" href=\"https:\/\/www.laguiadepamplona.com\/actualidad\/el-jueves-17-de-octubre-tendra-lugar-en-condestable-una-jornada-de-presentacion-del-proyecto-de-reserva-fluvial-del-molino-de-ilundain\/\" \/>\n<meta property=\"og:locale\" content=\"es_ES\" \/>\n<meta property=\"og:type\" content=\"article\" \/>\n<meta property=\"og:title\" content=\"El jueves 17 de octubre tendr\u00e1 lugar en Condestable una jornada de presentaci\u00f3n del proyecto de reserva fluvial del molino de Ilund\u00e1in\" \/>\n<meta property=\"og:description\" content=\"Se renaturalizar\u00e1 la zona, en el l\u00edmite con Bara\u00f1\u00e1in, para hacerla m\u00e1s sostenible y favorecer la biodiversidad, gracias al proyecto RUNA 2025\" \/>\n<meta property=\"og:url\" content=\"https:\/\/www.laguiadepamplona.com\/actualidad\/el-jueves-17-de-octubre-tendra-lugar-en-condestable-una-jornada-de-presentacion-del-proyecto-de-reserva-fluvial-del-molino-de-ilundain\/\" \/>\n<meta property=\"og:site_name\" content=\"La Gu\u00eda de Pamplona\" \/>\n<meta property=\"article:publisher\" content=\"https:\/\/www.facebook.com\/laguiadepamplonacom-133175176762273\/?ref=hl\" \/>\n<meta property=\"article:published_time\" content=\"2024-10-02T16:13:49+00:00\" \/>\n<meta property=\"og:image\" content=\"https:\/\/www.laguiadepamplona.com\/actualidad\/wp-content\/uploads\/2024\/10\/Runa-molino-de-ilundain_web.webp\" \/>\n\t<meta property=\"og:image:width\" content=\"1000\" \/>\n\t<meta property=\"og:image:height\" content=\"750\" \/>\n\t<meta property=\"og:image:type\" content=\"image\/webp\" \/>\n<meta name=\"author\" content=\"La Gu\u00eda de Pamplona\" \/>\n<meta name=\"twitter:card\" content=\"summary_large_image\" \/>\n<meta name=\"twitter:creator\" content=\"@LaGuiadPamplona\" \/>\n<meta name=\"twitter:site\" content=\"@LaGuiadPamplona\" \/>\n<meta name=\"twitter:label1\" content=\"Escrito por\" \/>\n\t<meta name=\"twitter:data1\" content=\"La Gu\u00eda de Pamplona\" \/>\n\t<meta name=\"twitter:label2\" content=\"Tiempo de lectura\" \/>\n\t<meta name=\"twitter:data2\" content=\"4 minutos\" \/>\n<script type=\"application\/ld+json\" class=\"yoast-schema-graph\">{\"@context\":\"https:\\\/\\\/schema.org\",\"@graph\":[{\"@type\":\"Article\",\"@id\":\"https:\\\/\\\/www.laguiadepamplona.com\\\/actualidad\\\/el-jueves-17-de-octubre-tendra-lugar-en-condestable-una-jornada-de-presentacion-del-proyecto-de-reserva-fluvial-del-molino-de-ilundain\\\/#article\",\"isPartOf\":{\"@id\":\"https:\\\/\\\/www.laguiadepamplona.com\\\/actualidad\\\/el-jueves-17-de-octubre-tendra-lugar-en-condestable-una-jornada-de-presentacion-del-proyecto-de-reserva-fluvial-del-molino-de-ilundain\\\/\"},\"author\":{\"name\":\"La Gu\u00eda de Pamplona\",\"@id\":\"https:\\\/\\\/www.laguiadepamplona.com\\\/actualidad\\\/#\\\/schema\\\/person\\\/efe887376f0213d4657c93adc50b1fdb\"},\"headline\":\"El jueves 17 de octubre tendr\u00e1 lugar en Condestable una jornada de presentaci\u00f3n del proyecto de reserva fluvial del molino de Ilund\u00e1in\",\"datePublished\":\"2024-10-02T16:13:49+00:00\",\"mainEntityOfPage\":{\"@id\":\"https:\\\/\\\/www.laguiadepamplona.com\\\/actualidad\\\/el-jueves-17-de-octubre-tendra-lugar-en-condestable-una-jornada-de-presentacion-del-proyecto-de-reserva-fluvial-del-molino-de-ilundain\\\/\"},\"wordCount\":741,\"commentCount\":0,\"publisher\":{\"@id\":\"https:\\\/\\\/www.laguiadepamplona.com\\\/actualidad\\\/#organization\"},\"image\":{\"@id\":\"https:\\\/\\\/www.laguiadepamplona.com\\\/actualidad\\\/el-jueves-17-de-octubre-tendra-lugar-en-condestable-una-jornada-de-presentacion-del-proyecto-de-reserva-fluvial-del-molino-de-ilundain\\\/#primaryimage\"},\"thumbnailUrl\":\"https:\\\/\\\/www.laguiadepamplona.com\\\/actualidad\\\/wp-content\\\/uploads\\\/2024\\\/10\\\/Runa-molino-de-ilundain_web.webp\",\"articleSection\":[\"Ayto Pamplona\"],\"inLanguage\":\"es\",\"potentialAction\":[{\"@type\":\"CommentAction\",\"name\":\"Comment\",\"target\":[\"https:\\\/\\\/www.laguiadepamplona.com\\\/actualidad\\\/el-jueves-17-de-octubre-tendra-lugar-en-condestable-una-jornada-de-presentacion-del-proyecto-de-reserva-fluvial-del-molino-de-ilundain\\\/#respond\"]}]},{\"@type\":\"WebPage\",\"@id\":\"https:\\\/\\\/www.laguiadepamplona.com\\\/actualidad\\\/el-jueves-17-de-octubre-tendra-lugar-en-condestable-una-jornada-de-presentacion-del-proyecto-de-reserva-fluvial-del-molino-de-ilundain\\\/\",\"url\":\"https:\\\/\\\/www.laguiadepamplona.com\\\/actualidad\\\/el-jueves-17-de-octubre-tendra-lugar-en-condestable-una-jornada-de-presentacion-del-proyecto-de-reserva-fluvial-del-molino-de-ilundain\\\/\",\"name\":\"El jueves 17 de octubre tendr\u00e1 lugar en Condestable una jornada de presentaci\u00f3n del proyecto de reserva fluvial del molino de Ilund\u00e1in\",\"isPartOf\":{\"@id\":\"https:\\\/\\\/www.laguiadepamplona.com\\\/actualidad\\\/#website\"},\"primaryImageOfPage\":{\"@id\":\"https:\\\/\\\/www.laguiadepamplona.com\\\/actualidad\\\/el-jueves-17-de-octubre-tendra-lugar-en-condestable-una-jornada-de-presentacion-del-proyecto-de-reserva-fluvial-del-molino-de-ilundain\\\/#primaryimage\"},\"image\":{\"@id\":\"https:\\\/\\\/www.laguiadepamplona.com\\\/actualidad\\\/el-jueves-17-de-octubre-tendra-lugar-en-condestable-una-jornada-de-presentacion-del-proyecto-de-reserva-fluvial-del-molino-de-ilundain\\\/#primaryimage\"},\"thumbnailUrl\":\"https:\\\/\\\/www.laguiadepamplona.com\\\/actualidad\\\/wp-content\\\/uploads\\\/2024\\\/10\\\/Runa-molino-de-ilundain_web.webp\",\"datePublished\":\"2024-10-02T16:13:49+00:00\",\"description\":\"Se renaturalizar\u00e1 la zona, en el l\u00edmite con Bara\u00f1\u00e1in, para hacerla m\u00e1s sostenible y favorecer la biodiversidad, gracias al proyecto RUNA 2025\",\"breadcrumb\":{\"@id\":\"https:\\\/\\\/www.laguiadepamplona.com\\\/actualidad\\\/el-jueves-17-de-octubre-tendra-lugar-en-condestable-una-jornada-de-presentacion-del-proyecto-de-reserva-fluvial-del-molino-de-ilundain\\\/#breadcrumb\"},\"inLanguage\":\"es\",\"potentialAction\":[{\"@type\":\"ReadAction\",\"target\":[\"https:\\\/\\\/www.laguiadepamplona.com\\\/actualidad\\\/el-jueves-17-de-octubre-tendra-lugar-en-condestable-una-jornada-de-presentacion-del-proyecto-de-reserva-fluvial-del-molino-de-ilundain\\\/\"]}]},{\"@type\":\"ImageObject\",\"inLanguage\":\"es\",\"@id\":\"https:\\\/\\\/www.laguiadepamplona.com\\\/actualidad\\\/el-jueves-17-de-octubre-tendra-lugar-en-condestable-una-jornada-de-presentacion-del-proyecto-de-reserva-fluvial-del-molino-de-ilundain\\\/#primaryimage\",\"url\":\"https:\\\/\\\/www.laguiadepamplona.com\\\/actualidad\\\/wp-content\\\/uploads\\\/2024\\\/10\\\/Runa-molino-de-ilundain_web.webp\",\"contentUrl\":\"https:\\\/\\\/www.laguiadepamplona.com\\\/actualidad\\\/wp-content\\\/uploads\\\/2024\\\/10\\\/Runa-molino-de-ilundain_web.webp\",\"width\":1000,\"height\":750,\"caption\":\"Runa Molino de Ilund\u00e1in\"},{\"@type\":\"BreadcrumbList\",\"@id\":\"https:\\\/\\\/www.laguiadepamplona.com\\\/actualidad\\\/el-jueves-17-de-octubre-tendra-lugar-en-condestable-una-jornada-de-presentacion-del-proyecto-de-reserva-fluvial-del-molino-de-ilundain\\\/#breadcrumb\",\"itemListElement\":[{\"@type\":\"ListItem\",\"position\":1,\"name\":\"Portada\",\"item\":\"https:\\\/\\\/www.laguiadepamplona.com\\\/actualidad\\\/\"},{\"@type\":\"ListItem\",\"position\":2,\"name\":\"El jueves 17 de octubre tendr\u00e1 lugar en Condestable una jornada de presentaci\u00f3n del proyecto de reserva fluvial del molino de Ilund\u00e1in\"}]},{\"@type\":\"WebSite\",\"@id\":\"https:\\\/\\\/www.laguiadepamplona.com\\\/actualidad\\\/#website\",\"url\":\"https:\\\/\\\/www.laguiadepamplona.com\\\/actualidad\\\/\",\"name\":\"La gu\u00eda de Pamplona\",\"description\":\"Noticias de Pamplona\",\"publisher\":{\"@id\":\"https:\\\/\\\/www.laguiadepamplona.com\\\/actualidad\\\/#organization\"},\"potentialAction\":[{\"@type\":\"SearchAction\",\"target\":{\"@type\":\"EntryPoint\",\"urlTemplate\":\"https:\\\/\\\/www.laguiadepamplona.com\\\/actualidad\\\/?s={search_term_string}\"},\"query-input\":{\"@type\":\"PropertyValueSpecification\",\"valueRequired\":true,\"valueName\":\"search_term_string\"}}],\"inLanguage\":\"es\"},{\"@type\":\"Organization\",\"@id\":\"https:\\\/\\\/www.laguiadepamplona.com\\\/actualidad\\\/#organization\",\"name\":\"La Gu\u00eda de Pamplona \\\/ Noticias\",\"url\":\"https:\\\/\\\/www.laguiadepamplona.com\\\/actualidad\\\/\",\"logo\":{\"@type\":\"ImageObject\",\"inLanguage\":\"es\",\"@id\":\"https:\\\/\\\/www.laguiadepamplona.com\\\/actualidad\\\/#\\\/schema\\\/logo\\\/image\\\/\",\"url\":\"https:\\\/\\\/www.laguiadepamplona.com\\\/actualidad\\\/wp-content\\\/uploads\\\/2018\\\/11\\\/logo-laguiadepamplona18-web1.png\",\"contentUrl\":\"https:\\\/\\\/www.laguiadepamplona.com\\\/actualidad\\\/wp-content\\\/uploads\\\/2018\\\/11\\\/logo-laguiadepamplona18-web1.png\",\"width\":600,\"height\":196,\"caption\":\"La Gu\u00eda de Pamplona \\\/ Noticias\"},\"image\":{\"@id\":\"https:\\\/\\\/www.laguiadepamplona.com\\\/actualidad\\\/#\\\/schema\\\/logo\\\/image\\\/\"},\"sameAs\":[\"https:\\\/\\\/www.facebook.com\\\/laguiadepamplonacom-133175176762273\\\/?ref=hl\",\"https:\\\/\\\/x.com\\\/LaGuiadPamplona\",\"https:\\\/\\\/www.instagram.com\\\/la_guia_de_pamplona\\\/\",\"https:\\\/\\\/www.youtube.com\\\/user\\\/laguiadepamplona\"]},{\"@type\":\"Person\",\"@id\":\"https:\\\/\\\/www.laguiadepamplona.com\\\/actualidad\\\/#\\\/schema\\\/person\\\/efe887376f0213d4657c93adc50b1fdb\",\"name\":\"La Gu\u00eda de Pamplona\",\"image\":{\"@type\":\"ImageObject\",\"inLanguage\":\"es\",\"@id\":\"https:\\\/\\\/secure.gravatar.com\\\/avatar\\\/b6992f131dc8d30ab0dff15446e9d346d9dbd95992de0fef795073f5ea83a81c?s=96&d=mm&r=g\",\"url\":\"https:\\\/\\\/secure.gravatar.com\\\/avatar\\\/b6992f131dc8d30ab0dff15446e9d346d9dbd95992de0fef795073f5ea83a81c?s=96&d=mm&r=g\",\"contentUrl\":\"https:\\\/\\\/secure.gravatar.com\\\/avatar\\\/b6992f131dc8d30ab0dff15446e9d346d9dbd95992de0fef795073f5ea83a81c?s=96&d=mm&r=g\",\"caption\":\"La Gu\u00eda de Pamplona\"}}]}<\/script>\n<!-- \/ Yoast SEO plugin. -->","yoast_head_json":{"title":"El jueves 17 de octubre tendr\u00e1 lugar en Condestable una jornada de presentaci\u00f3n del proyecto de reserva fluvial del molino de Ilund\u00e1in","description":"Se renaturalizar\u00e1 la zona, en el l\u00edmite con Bara\u00f1\u00e1in, para hacerla m\u00e1s sostenible y favorecer la biodiversidad, gracias al proyecto RUNA 2025","robots":{"index":"index","follow":"follow","max-snippet":"max-snippet:-1","max-image-preview":"max-image-preview:large","max-video-preview":"max-video-preview:-1"},"canonical":"https:\/\/www.laguiadepamplona.com\/actualidad\/el-jueves-17-de-octubre-tendra-lugar-en-condestable-una-jornada-de-presentacion-del-proyecto-de-reserva-fluvial-del-molino-de-ilundain\/","og_locale":"es_ES","og_type":"article","og_title":"El jueves 17 de octubre tendr\u00e1 lugar en Condestable una jornada de presentaci\u00f3n del proyecto de reserva fluvial del molino de Ilund\u00e1in","og_description":"Se renaturalizar\u00e1 la zona, en el l\u00edmite con Bara\u00f1\u00e1in, para hacerla m\u00e1s sostenible y favorecer la biodiversidad, gracias al proyecto RUNA 2025","og_url":"https:\/\/www.laguiadepamplona.com\/actualidad\/el-jueves-17-de-octubre-tendra-lugar-en-condestable-una-jornada-de-presentacion-del-proyecto-de-reserva-fluvial-del-molino-de-ilundain\/","og_site_name":"La Gu\u00eda de Pamplona","article_publisher":"https:\/\/www.facebook.com\/laguiadepamplonacom-133175176762273\/?ref=hl","article_published_time":"2024-10-02T16:13:49+00:00","og_image":[{"width":1000,"height":750,"url":"https:\/\/www.laguiadepamplona.com\/actualidad\/wp-content\/uploads\/2024\/10\/Runa-molino-de-ilundain_web.webp","type":"image\/webp"}],"author":"La Gu\u00eda de Pamplona","twitter_card":"summary_large_image","twitter_creator":"@LaGuiadPamplona","twitter_site":"@LaGuiadPamplona","twitter_misc":{"Escrito por":"La Gu\u00eda de Pamplona","Tiempo de lectura":"4 minutos"},"schema":{"@context":"https:\/\/schema.org","@graph":[{"@type":"Article","@id":"https:\/\/www.laguiadepamplona.com\/actualidad\/el-jueves-17-de-octubre-tendra-lugar-en-condestable-una-jornada-de-presentacion-del-proyecto-de-reserva-fluvial-del-molino-de-ilundain\/#article","isPartOf":{"@id":"https:\/\/www.laguiadepamplona.com\/actualidad\/el-jueves-17-de-octubre-tendra-lugar-en-condestable-una-jornada-de-presentacion-del-proyecto-de-reserva-fluvial-del-molino-de-ilundain\/"},"author":{"name":"La Gu\u00eda de Pamplona","@id":"https:\/\/www.laguiadepamplona.com\/actualidad\/#\/schema\/person\/efe887376f0213d4657c93adc50b1fdb"},"headline":"El jueves 17 de octubre tendr\u00e1 lugar en Condestable una jornada de presentaci\u00f3n del proyecto de reserva fluvial del molino de Ilund\u00e1in","datePublished":"2024-10-02T16:13:49+00:00","mainEntityOfPage":{"@id":"https:\/\/www.laguiadepamplona.com\/actualidad\/el-jueves-17-de-octubre-tendra-lugar-en-condestable-una-jornada-de-presentacion-del-proyecto-de-reserva-fluvial-del-molino-de-ilundain\/"},"wordCount":741,"commentCount":0,"publisher":{"@id":"https:\/\/www.laguiadepamplona.com\/actualidad\/#organization"},"image":{"@id":"https:\/\/www.laguiadepamplona.com\/actualidad\/el-jueves-17-de-octubre-tendra-lugar-en-condestable-una-jornada-de-presentacion-del-proyecto-de-reserva-fluvial-del-molino-de-ilundain\/#primaryimage"},"thumbnailUrl":"https:\/\/www.laguiadepamplona.com\/actualidad\/wp-content\/uploads\/2024\/10\/Runa-molino-de-ilundain_web.webp","articleSection":["Ayto Pamplona"],"inLanguage":"es","potentialAction":[{"@type":"CommentAction","name":"Comment","target":["https:\/\/www.laguiadepamplona.com\/actualidad\/el-jueves-17-de-octubre-tendra-lugar-en-condestable-una-jornada-de-presentacion-del-proyecto-de-reserva-fluvial-del-molino-de-ilundain\/#respond"]}]},{"@type":"WebPage","@id":"https:\/\/www.laguiadepamplona.com\/actualidad\/el-jueves-17-de-octubre-tendra-lugar-en-condestable-una-jornada-de-presentacion-del-proyecto-de-reserva-fluvial-del-molino-de-ilundain\/","url":"https:\/\/www.laguiadepamplona.com\/actualidad\/el-jueves-17-de-octubre-tendra-lugar-en-condestable-una-jornada-de-presentacion-del-proyecto-de-reserva-fluvial-del-molino-de-ilundain\/","name":"El jueves 17 de octubre tendr\u00e1 lugar en Condestable una jornada de presentaci\u00f3n del proyecto de reserva fluvial del molino de Ilund\u00e1in","isPartOf":{"@id":"https:\/\/www.laguiadepamplona.com\/actualidad\/#website"},"primaryImageOfPage":{"@id":"https:\/\/www.laguiadepamplona.com\/actualidad\/el-jueves-17-de-octubre-tendra-lugar-en-condestable-una-jornada-de-presentacion-del-proyecto-de-reserva-fluvial-del-molino-de-ilundain\/#primaryimage"},"image":{"@id":"https:\/\/www.laguiadepamplona.com\/actualidad\/el-jueves-17-de-octubre-tendra-lugar-en-condestable-una-jornada-de-presentacion-del-proyecto-de-reserva-fluvial-del-molino-de-ilundain\/#primaryimage"},"thumbnailUrl":"https:\/\/www.laguiadepamplona.com\/actualidad\/wp-content\/uploads\/2024\/10\/Runa-molino-de-ilundain_web.webp","datePublished":"2024-10-02T16:13:49+00:00","description":"Se renaturalizar\u00e1 la zona, en el l\u00edmite con Bara\u00f1\u00e1in, para hacerla m\u00e1s sostenible y favorecer la biodiversidad, gracias al proyecto RUNA 2025","breadcrumb":{"@id":"https:\/\/www.laguiadepamplona.com\/actualidad\/el-jueves-17-de-octubre-tendra-lugar-en-condestable-una-jornada-de-presentacion-del-proyecto-de-reserva-fluvial-del-molino-de-ilundain\/#breadcrumb"},"inLanguage":"es","potentialAction":[{"@type":"ReadAction","target":["https:\/\/www.laguiadepamplona.com\/actualidad\/el-jueves-17-de-octubre-tendra-lugar-en-condestable-una-jornada-de-presentacion-del-proyecto-de-reserva-fluvial-del-molino-de-ilundain\/"]}]},{"@type":"ImageObject","inLanguage":"es","@id":"https:\/\/www.laguiadepamplona.com\/actualidad\/el-jueves-17-de-octubre-tendra-lugar-en-condestable-una-jornada-de-presentacion-del-proyecto-de-reserva-fluvial-del-molino-de-ilundain\/#primaryimage","url":"https:\/\/www.laguiadepamplona.com\/actualidad\/wp-content\/uploads\/2024\/10\/Runa-molino-de-ilundain_web.webp","contentUrl":"https:\/\/www.laguiadepamplona.com\/actualidad\/wp-content\/uploads\/2024\/10\/Runa-molino-de-ilundain_web.webp","width":1000,"height":750,"caption":"Runa Molino de Ilund\u00e1in"},{"@type":"BreadcrumbList","@id":"https:\/\/www.laguiadepamplona.com\/actualidad\/el-jueves-17-de-octubre-tendra-lugar-en-condestable-una-jornada-de-presentacion-del-proyecto-de-reserva-fluvial-del-molino-de-ilundain\/#breadcrumb","itemListElement":[{"@type":"ListItem","position":1,"name":"Portada","item":"https:\/\/www.laguiadepamplona.com\/actualidad\/"},{"@type":"ListItem","position":2,"name":"El jueves 17 de octubre tendr\u00e1 lugar en Condestable una jornada de presentaci\u00f3n del proyecto de reserva fluvial del molino de Ilund\u00e1in"}]},{"@type":"WebSite","@id":"https:\/\/www.laguiadepamplona.com\/actualidad\/#website","url":"https:\/\/www.laguiadepamplona.com\/actualidad\/","name":"La gu\u00eda de Pamplona","description":"Noticias de Pamplona","publisher":{"@id":"https:\/\/www.laguiadepamplona.com\/actualidad\/#organization"},"potentialAction":[{"@type":"SearchAction","target":{"@type":"EntryPoint","urlTemplate":"https:\/\/www.laguiadepamplona.com\/actualidad\/?s={search_term_string}"},"query-input":{"@type":"PropertyValueSpecification","valueRequired":true,"valueName":"search_term_string"}}],"inLanguage":"es"},{"@type":"Organization","@id":"https:\/\/www.laguiadepamplona.com\/actualidad\/#organization","name":"La Gu\u00eda de Pamplona \/ Noticias","url":"https:\/\/www.laguiadepamplona.com\/actualidad\/","logo":{"@type":"ImageObject","inLanguage":"es","@id":"https:\/\/www.laguiadepamplona.com\/actualidad\/#\/schema\/logo\/image\/","url":"https:\/\/www.laguiadepamplona.com\/actualidad\/wp-content\/uploads\/2018\/11\/logo-laguiadepamplona18-web1.png","contentUrl":"https:\/\/www.laguiadepamplona.com\/actualidad\/wp-content\/uploads\/2018\/11\/logo-laguiadepamplona18-web1.png","width":600,"height":196,"caption":"La Gu\u00eda de Pamplona \/ Noticias"},"image":{"@id":"https:\/\/www.laguiadepamplona.com\/actualidad\/#\/schema\/logo\/image\/"},"sameAs":["https:\/\/www.facebook.com\/laguiadepamplonacom-133175176762273\/?ref=hl","https:\/\/x.com\/LaGuiadPamplona","https:\/\/www.instagram.com\/la_guia_de_pamplona\/","https:\/\/www.youtube.com\/user\/laguiadepamplona"]},{"@type":"Person","@id":"https:\/\/www.laguiadepamplona.com\/actualidad\/#\/schema\/person\/efe887376f0213d4657c93adc50b1fdb","name":"La Gu\u00eda de Pamplona","image":{"@type":"ImageObject","inLanguage":"es","@id":"https:\/\/secure.gravatar.com\/avatar\/b6992f131dc8d30ab0dff15446e9d346d9dbd95992de0fef795073f5ea83a81c?s=96&d=mm&r=g","url":"https:\/\/secure.gravatar.com\/avatar\/b6992f131dc8d30ab0dff15446e9d346d9dbd95992de0fef795073f5ea83a81c?s=96&d=mm&r=g","contentUrl":"https:\/\/secure.gravatar.com\/avatar\/b6992f131dc8d30ab0dff15446e9d346d9dbd95992de0fef795073f5ea83a81c?s=96&d=mm&r=g","caption":"La Gu\u00eda de Pamplona"}}]}},"post_mailing_queue_ids":[],"_links":{"self":[{"href":"https:\/\/www.laguiadepamplona.com\/actualidad\/wp-json\/wp\/v2\/posts\/50885","targetHints":{"allow":["GET"]}}],"collection":[{"href":"https:\/\/www.laguiadepamplona.com\/actualidad\/wp-json\/wp\/v2\/posts"}],"about":[{"href":"https:\/\/www.laguiadepamplona.com\/actualidad\/wp-json\/wp\/v2\/types\/post"}],"author":[{"embeddable":true,"href":"https:\/\/www.laguiadepamplona.com\/actualidad\/wp-json\/wp\/v2\/users\/1"}],"replies":[{"embeddable":true,"href":"https:\/\/www.laguiadepamplona.com\/actualidad\/wp-json\/wp\/v2\/comments?post=50885"}],"version-history":[{"count":1,"href":"https:\/\/www.laguiadepamplona.com\/actualidad\/wp-json\/wp\/v2\/posts\/50885\/revisions"}],"predecessor-version":[{"id":50887,"href":"https:\/\/www.laguiadepamplona.com\/actualidad\/wp-json\/wp\/v2\/posts\/50885\/revisions\/50887"}],"wp:featuredmedia":[{"embeddable":true,"href":"https:\/\/www.laguiadepamplona.com\/actualidad\/wp-json\/wp\/v2\/media\/50886"}],"wp:attachment":[{"href":"https:\/\/www.laguiadepamplona.com\/actualidad\/wp-json\/wp\/v2\/media?parent=50885"}],"wp:term":[{"taxonomy":"category","embeddable":true,"href":"https:\/\/www.laguiadepamplona.com\/actualidad\/wp-json\/wp\/v2\/categories?post=50885"},{"taxonomy":"post_tag","embeddable":true,"href":"https:\/\/www.laguiadepamplona.com\/actualidad\/wp-json\/wp\/v2\/tags?post=50885"}],"curies":[{"name":"wp","href":"https:\/\/api.w.org\/{rel}","templated":true}]}}