{"id":50882,"date":"2024-10-02T18:12:09","date_gmt":"2024-10-02T16:12:09","guid":{"rendered":"https:\/\/www.laguiadepamplona.com\/actualidad\/?p=50882"},"modified":"2024-10-02T18:12:09","modified_gmt":"2024-10-02T16:12:09","slug":"mas-de-30-interpretes-10-musicos-y-2-bertsolaris-representan-la-pastoral-en-euskera-julia-fernandez-zabaleta-emakume-aintzindariak-el-proximo-12-de-octubre","status":"publish","type":"post","link":"https:\/\/www.laguiadepamplona.com\/actualidad\/mas-de-30-interpretes-10-musicos-y-2-bertsolaris-representan-la-pastoral-en-euskera-julia-fernandez-zabaleta-emakume-aintzindariak-el-proximo-12-de-octubre\/","title":{"rendered":"M\u00e1s de 30 int\u00e9rpretes, 10 m\u00fasicos y 2 bertsolaris representan la pastoral en euskera \u2018Julia Fernandez Zabaleta-Emakume aintzindariak\u2019, el pr\u00f3ximo 12 de octubre"},"content":{"rendered":"<h2>La obra fusiona teatro, m\u00fasica, canto y danza en tributo a una figura clave en la promoci\u00f3n de la lengua y cultura vascas en el primer tercio del siglo XX<\/h2>\n<p><!--more--><\/p>\n<p>La plaza de los Burgos ser\u00e1 el escenario para la representaci\u00f3n de la pastoral en euskera \u2018Julia Fernandez Zabaleta-Emakume aintzindariak\u2019, el pr\u00f3ximo s\u00e1bado 12 de octubre. La obra, producida por la asociaci\u00f3n Zaldiko Maldiko Kultur Elkartea y promovida por el Ayuntamiento de Pamplona, se llevar\u00e1 a cabo a partir de las 11.00, precedida por una kalejira por varias calles del Casco Viejo, entre las 10.30 y las 11.00. Las invitaciones con asiento para asistir a la representaci\u00f3n en la plaza de los Burgos son gratuitas y podr\u00e1n retirarse en el Palacio del Condestable a partir de este mi\u00e9rcoles.<\/p>\n<p>La pastoral la han presentado, en la Asociaci\u00f3n Zaldiko Maldiko, el director del \u00e1rea de Cultura, Fiestas, Educaci\u00f3n y Deporte, I\u00f1igo G\u00f3mez Eguiluz; la directora de la obra, Ihitz Iriart, y su autor, Mikel Taberna. Se trata de una obra en euskera que fusiona teatro, m\u00fasica, canto y danza en tributo a una figura clave en la promoci\u00f3n de la lengua y cultura vascas durante el primer tercio del siglo XX. En la representaci\u00f3n participar\u00e1n m\u00e1s de 30 int\u00e9rpretes, adem\u00e1s de 10 m\u00fasicos y dos bertsolaris.<\/p>\n<p>La pastoral sobre Julia Fernandez Zabaleta es el \u00faltimo proyecto cultural de la Asociaci\u00f3n Zaldiko Maldiko y se estren\u00f3 el pasado 4 de mayo en colaboraci\u00f3n con el Colegio P\u00fablico San Francisco del Casco Antiguo de Pamplona. La maestra pamplonesa fue una mujer pionera cuyo trabajo tambi\u00e9n se centr\u00f3 en dos aspectos fundamentales: la renovaci\u00f3n educativa y la lucha por los derechos de la mujer. La obra cuenta con 20 actos en los que se va narrando su historia. El estreno se realiz\u00f3 en el patio del colegio, lugar donde Fernandez Zabaleta ejerci\u00f3 como docente y aplic\u00f3 sus innovadoras ideas pedag\u00f3gicas.<\/p>\n<p><strong>Una mujer pionera<\/strong><\/p>\n<p>Julia Fernandez Zabaleta naci\u00f3 en la calle Dormitaler\u00eda de Pamplona, hija de Concepci\u00f3n Zabaleta Apesteguia, natural de Zirauki, y de Valent\u00edn Fern\u00e1ndez Garc\u00eda, nacido en Mendigorr\u00eda, organista de la catedral y m\u00fasico; tuvo un hermano, Valent\u00edn, abogado. Julia estudi\u00f3 magisterio en la Escuela Normal de Pamplona y ejerci\u00f3 de maestra sobre todo en las Escuela Municipales de San Francisco, donde dej\u00f3 un grato recuerdo que ha perdurado a trav\u00e9s de los a\u00f1os. Interesada por la renovaci\u00f3n de la metodolog\u00eda de la ense\u00f1anza, en 1916 obtuvo una beca del Ayuntamiento de Pamplona para asistir al curso que la eminente pedagoga italiana Mar\u00eda Montessori imparti\u00f3 en Barcelona.<\/p>\n<p>Escribi\u00f3 un exhaustivo informe que se conserva en el Archivo Municipal sobre los nuevos planteamientos de Montessori en el que inclu\u00eda su propia reflexi\u00f3n cr\u00edtica sobre algunos de ellos. Aplic\u00f3 la nueva pedagog\u00eda en su docencia, muy novedosa, que llam\u00f3 la atenci\u00f3n de las autoridades educativas. Se trataba de un m\u00e9todo activo, basado en la experimentaci\u00f3n, reflexiones, salidas, canciones y juegos.<\/p>\n<p>Julia aprendi\u00f3 decididamente euskera en las clases que la Diputaci\u00f3n de Navarra instaur\u00f3 en la escuela de magisterio de Pamplona en 1922, y antes de que transcurriera un a\u00f1o, dio una corta pero emocionante conferencia organizada por la Academia de la Lengua Vasca-Euskaltzaindia en Doneztebe animando a la utilizaci\u00f3n del euskera. Perfeccion\u00f3 su aprendizaje y dio numerosas charlas. Entre ellas destaca la que pronunci\u00f3 en Donostia-San Sebasti\u00e1n en 1924 bajo el significativo t\u00edtulo \u00abEmakumien etorkizuna (el futuro de las mujeres)\u201d, con un planteamiento avanzado para su \u00e9poca. Feminista y preocupada por los derechos de la mujer, en la citada conferencia abog\u00f3 por su acceso a la educaci\u00f3n, y mencion\u00f3 que en algunos pa\u00edses la mujer ten\u00eda los mismos derechos que el hombre, que pod\u00eda trabajar en todas las profesiones y que gobernaba junto a los hombres.<\/p>\n<p>Particip\u00f3 activamente en la Asociaci\u00f3n \u00abEuskeraren Adiskideak\u00bb de la capital, entidad que puso en marcha iniciativas de todo tipo a favor del euskera y que se marc\u00f3 como objetivo la creaci\u00f3n de una ikastola, que finalmente se abri\u00f3 en 1931. Julia fue la promotora principal junto a otras dos maestras pamplonesas: Catalina Alastuey y Mar\u00eda Viscarret. Las tres coincidieron tambi\u00e9n, junto con otras mujeres, en la organizaci\u00f3n Emakume Abertzale Batza de Navarra y abrieron caminos para la plena participaci\u00f3n de la mujer en la pol\u00edtica.<\/p>\n<p>Como consecuencia del alzamiento franquista, tuvo que trasladarse a Bilbao, donde form\u00f3 parte de la comisi\u00f3n para la creaci\u00f3n de la Universidad Vasca, y posteriormente a Lapurdi, donde sigui\u00f3 dando clases a hijos e hijas de refugiados. Fue represaliada y destituida de su puesto de maestra durante 20 a\u00f1os. Estando su madre enferma y su hermano exiliado en M\u00e9xico, regres\u00f3 a Pamplona en la posguerra y tuvo que dar clases particulares para ganarse la vida. Las familias vasquistas de la capital no dudaron en confiarle la educaci\u00f3n de sus hijas e hijos. Fue restituida como maestra en 1958 y dio clases en los colegios p\u00fablicos de Pamplona V\u00e1zquez de Mella y El Alc\u00e1zar hasta que falleci\u00f3 en 1961, como consecuencia de la reacci\u00f3n al\u00e9rgica a una inyecci\u00f3n.<\/p>\n<h3>\u2018Julia Fernandez Zabaleta-Emakume aintzindariak\u2019<\/h3>\n<ul>\n<li>S\u00e1bado 12 de octubre, 11 horas, plaza de los Burgos\n<ul>\n<li>Recogida de invitaciones: Palacio del Condestable (horario: 9:00\u201314:00 y 17:00\u201321:00)<\/li>\n<\/ul>\n<\/li>\n<\/ul>\n","protected":false},"excerpt":{"rendered":"<p>La obra fusiona teatro, m\u00fasica, canto y danza en tributo a una figura clave en la promoci\u00f3n de la lengua y cultura vascas en el primer tercio del siglo XX<\/p>\n","protected":false},"author":1,"featured_media":50883,"comment_status":"open","ping_status":"closed","sticky":false,"template":"","format":"standard","meta":{"footnotes":""},"categories":[2],"tags":[],"class_list":["post-50882","post","type-post","status-publish","format-standard","has-post-thumbnail","hentry","category-ayuntamiento-pamplona"],"yoast_head":"<!-- This site is optimized with the Yoast SEO plugin v27.3 - https:\/\/yoast.com\/product\/yoast-seo-wordpress\/ -->\n<title>M\u00e1s de 30 int\u00e9rpretes, 10 m\u00fasicos y 2 bertsolaris representan la pastoral en euskera \u2018Julia Fernandez Zabaleta-Emakume aintzindariak\u2019, el pr\u00f3ximo 12 de octubre<\/title>\n<meta name=\"description\" content=\"La obra fusiona teatro, m\u00fasica, canto y danza en tributo a una figura clave en la promoci\u00f3n de la lengua y cultura vascas en el primer tercio del siglo XX\" \/>\n<meta name=\"robots\" content=\"index, follow, max-snippet:-1, max-image-preview:large, max-video-preview:-1\" \/>\n<link rel=\"canonical\" href=\"https:\/\/www.laguiadepamplona.com\/actualidad\/mas-de-30-interpretes-10-musicos-y-2-bertsolaris-representan-la-pastoral-en-euskera-julia-fernandez-zabaleta-emakume-aintzindariak-el-proximo-12-de-octubre\/\" \/>\n<meta property=\"og:locale\" content=\"es_ES\" \/>\n<meta property=\"og:type\" content=\"article\" \/>\n<meta property=\"og:title\" content=\"M\u00e1s de 30 int\u00e9rpretes, 10 m\u00fasicos y 2 bertsolaris representan la pastoral en euskera \u2018Julia Fernandez Zabaleta-Emakume aintzindariak\u2019, el pr\u00f3ximo 12 de octubre\" \/>\n<meta property=\"og:description\" content=\"La obra fusiona teatro, m\u00fasica, canto y danza en tributo a una figura clave en la promoci\u00f3n de la lengua y cultura vascas en el primer tercio del siglo XX\" \/>\n<meta property=\"og:url\" content=\"https:\/\/www.laguiadepamplona.com\/actualidad\/mas-de-30-interpretes-10-musicos-y-2-bertsolaris-representan-la-pastoral-en-euskera-julia-fernandez-zabaleta-emakume-aintzindariak-el-proximo-12-de-octubre\/\" \/>\n<meta property=\"og:site_name\" content=\"La Gu\u00eda de Pamplona\" \/>\n<meta property=\"article:publisher\" content=\"https:\/\/www.facebook.com\/laguiadepamplonacom-133175176762273\/?ref=hl\" \/>\n<meta property=\"article:published_time\" content=\"2024-10-02T16:12:09+00:00\" \/>\n<meta property=\"og:image\" content=\"https:\/\/www.laguiadepamplona.com\/actualidad\/wp-content\/uploads\/2024\/10\/pastoral_web.webp\" \/>\n\t<meta property=\"og:image:width\" content=\"707\" \/>\n\t<meta property=\"og:image:height\" content=\"1000\" \/>\n\t<meta property=\"og:image:type\" content=\"image\/webp\" \/>\n<meta name=\"author\" content=\"La Gu\u00eda de Pamplona\" \/>\n<meta name=\"twitter:card\" content=\"summary_large_image\" \/>\n<meta name=\"twitter:creator\" content=\"@LaGuiadPamplona\" \/>\n<meta name=\"twitter:site\" content=\"@LaGuiadPamplona\" \/>\n<meta name=\"twitter:label1\" content=\"Escrito por\" \/>\n\t<meta name=\"twitter:data1\" content=\"La Gu\u00eda de Pamplona\" \/>\n\t<meta name=\"twitter:label2\" content=\"Tiempo de lectura\" \/>\n\t<meta name=\"twitter:data2\" content=\"5 minutos\" \/>\n<script type=\"application\/ld+json\" class=\"yoast-schema-graph\">{\"@context\":\"https:\\\/\\\/schema.org\",\"@graph\":[{\"@type\":\"Article\",\"@id\":\"https:\\\/\\\/www.laguiadepamplona.com\\\/actualidad\\\/mas-de-30-interpretes-10-musicos-y-2-bertsolaris-representan-la-pastoral-en-euskera-julia-fernandez-zabaleta-emakume-aintzindariak-el-proximo-12-de-octubre\\\/#article\",\"isPartOf\":{\"@id\":\"https:\\\/\\\/www.laguiadepamplona.com\\\/actualidad\\\/mas-de-30-interpretes-10-musicos-y-2-bertsolaris-representan-la-pastoral-en-euskera-julia-fernandez-zabaleta-emakume-aintzindariak-el-proximo-12-de-octubre\\\/\"},\"author\":{\"name\":\"La Gu\u00eda de Pamplona\",\"@id\":\"https:\\\/\\\/www.laguiadepamplona.com\\\/actualidad\\\/#\\\/schema\\\/person\\\/efe887376f0213d4657c93adc50b1fdb\"},\"headline\":\"M\u00e1s de 30 int\u00e9rpretes, 10 m\u00fasicos y 2 bertsolaris representan la pastoral en euskera \u2018Julia Fernandez Zabaleta-Emakume aintzindariak\u2019, el pr\u00f3ximo 12 de octubre\",\"datePublished\":\"2024-10-02T16:12:09+00:00\",\"mainEntityOfPage\":{\"@id\":\"https:\\\/\\\/www.laguiadepamplona.com\\\/actualidad\\\/mas-de-30-interpretes-10-musicos-y-2-bertsolaris-representan-la-pastoral-en-euskera-julia-fernandez-zabaleta-emakume-aintzindariak-el-proximo-12-de-octubre\\\/\"},\"wordCount\":936,\"commentCount\":0,\"publisher\":{\"@id\":\"https:\\\/\\\/www.laguiadepamplona.com\\\/actualidad\\\/#organization\"},\"image\":{\"@id\":\"https:\\\/\\\/www.laguiadepamplona.com\\\/actualidad\\\/mas-de-30-interpretes-10-musicos-y-2-bertsolaris-representan-la-pastoral-en-euskera-julia-fernandez-zabaleta-emakume-aintzindariak-el-proximo-12-de-octubre\\\/#primaryimage\"},\"thumbnailUrl\":\"https:\\\/\\\/www.laguiadepamplona.com\\\/actualidad\\\/wp-content\\\/uploads\\\/2024\\\/10\\\/pastoral_web.webp\",\"articleSection\":[\"Ayto Pamplona\"],\"inLanguage\":\"es\",\"potentialAction\":[{\"@type\":\"CommentAction\",\"name\":\"Comment\",\"target\":[\"https:\\\/\\\/www.laguiadepamplona.com\\\/actualidad\\\/mas-de-30-interpretes-10-musicos-y-2-bertsolaris-representan-la-pastoral-en-euskera-julia-fernandez-zabaleta-emakume-aintzindariak-el-proximo-12-de-octubre\\\/#respond\"]}]},{\"@type\":\"WebPage\",\"@id\":\"https:\\\/\\\/www.laguiadepamplona.com\\\/actualidad\\\/mas-de-30-interpretes-10-musicos-y-2-bertsolaris-representan-la-pastoral-en-euskera-julia-fernandez-zabaleta-emakume-aintzindariak-el-proximo-12-de-octubre\\\/\",\"url\":\"https:\\\/\\\/www.laguiadepamplona.com\\\/actualidad\\\/mas-de-30-interpretes-10-musicos-y-2-bertsolaris-representan-la-pastoral-en-euskera-julia-fernandez-zabaleta-emakume-aintzindariak-el-proximo-12-de-octubre\\\/\",\"name\":\"M\u00e1s de 30 int\u00e9rpretes, 10 m\u00fasicos y 2 bertsolaris representan la pastoral en euskera \u2018Julia Fernandez Zabaleta-Emakume aintzindariak\u2019, el pr\u00f3ximo 12 de octubre\",\"isPartOf\":{\"@id\":\"https:\\\/\\\/www.laguiadepamplona.com\\\/actualidad\\\/#website\"},\"primaryImageOfPage\":{\"@id\":\"https:\\\/\\\/www.laguiadepamplona.com\\\/actualidad\\\/mas-de-30-interpretes-10-musicos-y-2-bertsolaris-representan-la-pastoral-en-euskera-julia-fernandez-zabaleta-emakume-aintzindariak-el-proximo-12-de-octubre\\\/#primaryimage\"},\"image\":{\"@id\":\"https:\\\/\\\/www.laguiadepamplona.com\\\/actualidad\\\/mas-de-30-interpretes-10-musicos-y-2-bertsolaris-representan-la-pastoral-en-euskera-julia-fernandez-zabaleta-emakume-aintzindariak-el-proximo-12-de-octubre\\\/#primaryimage\"},\"thumbnailUrl\":\"https:\\\/\\\/www.laguiadepamplona.com\\\/actualidad\\\/wp-content\\\/uploads\\\/2024\\\/10\\\/pastoral_web.webp\",\"datePublished\":\"2024-10-02T16:12:09+00:00\",\"description\":\"La obra fusiona teatro, m\u00fasica, canto y danza en tributo a una figura clave en la promoci\u00f3n de la lengua y cultura vascas en el primer tercio del siglo XX\",\"breadcrumb\":{\"@id\":\"https:\\\/\\\/www.laguiadepamplona.com\\\/actualidad\\\/mas-de-30-interpretes-10-musicos-y-2-bertsolaris-representan-la-pastoral-en-euskera-julia-fernandez-zabaleta-emakume-aintzindariak-el-proximo-12-de-octubre\\\/#breadcrumb\"},\"inLanguage\":\"es\",\"potentialAction\":[{\"@type\":\"ReadAction\",\"target\":[\"https:\\\/\\\/www.laguiadepamplona.com\\\/actualidad\\\/mas-de-30-interpretes-10-musicos-y-2-bertsolaris-representan-la-pastoral-en-euskera-julia-fernandez-zabaleta-emakume-aintzindariak-el-proximo-12-de-octubre\\\/\"]}]},{\"@type\":\"ImageObject\",\"inLanguage\":\"es\",\"@id\":\"https:\\\/\\\/www.laguiadepamplona.com\\\/actualidad\\\/mas-de-30-interpretes-10-musicos-y-2-bertsolaris-representan-la-pastoral-en-euskera-julia-fernandez-zabaleta-emakume-aintzindariak-el-proximo-12-de-octubre\\\/#primaryimage\",\"url\":\"https:\\\/\\\/www.laguiadepamplona.com\\\/actualidad\\\/wp-content\\\/uploads\\\/2024\\\/10\\\/pastoral_web.webp\",\"contentUrl\":\"https:\\\/\\\/www.laguiadepamplona.com\\\/actualidad\\\/wp-content\\\/uploads\\\/2024\\\/10\\\/pastoral_web.webp\",\"width\":707,\"height\":1000,\"caption\":\"Pastorala\"},{\"@type\":\"BreadcrumbList\",\"@id\":\"https:\\\/\\\/www.laguiadepamplona.com\\\/actualidad\\\/mas-de-30-interpretes-10-musicos-y-2-bertsolaris-representan-la-pastoral-en-euskera-julia-fernandez-zabaleta-emakume-aintzindariak-el-proximo-12-de-octubre\\\/#breadcrumb\",\"itemListElement\":[{\"@type\":\"ListItem\",\"position\":1,\"name\":\"Portada\",\"item\":\"https:\\\/\\\/www.laguiadepamplona.com\\\/actualidad\\\/\"},{\"@type\":\"ListItem\",\"position\":2,\"name\":\"M\u00e1s de 30 int\u00e9rpretes, 10 m\u00fasicos y 2 bertsolaris representan la pastoral en euskera \u2018Julia Fernandez Zabaleta-Emakume aintzindariak\u2019, el pr\u00f3ximo 12 de octubre\"}]},{\"@type\":\"WebSite\",\"@id\":\"https:\\\/\\\/www.laguiadepamplona.com\\\/actualidad\\\/#website\",\"url\":\"https:\\\/\\\/www.laguiadepamplona.com\\\/actualidad\\\/\",\"name\":\"La gu\u00eda de Pamplona\",\"description\":\"Noticias de Pamplona\",\"publisher\":{\"@id\":\"https:\\\/\\\/www.laguiadepamplona.com\\\/actualidad\\\/#organization\"},\"potentialAction\":[{\"@type\":\"SearchAction\",\"target\":{\"@type\":\"EntryPoint\",\"urlTemplate\":\"https:\\\/\\\/www.laguiadepamplona.com\\\/actualidad\\\/?s={search_term_string}\"},\"query-input\":{\"@type\":\"PropertyValueSpecification\",\"valueRequired\":true,\"valueName\":\"search_term_string\"}}],\"inLanguage\":\"es\"},{\"@type\":\"Organization\",\"@id\":\"https:\\\/\\\/www.laguiadepamplona.com\\\/actualidad\\\/#organization\",\"name\":\"La Gu\u00eda de Pamplona \\\/ Noticias\",\"url\":\"https:\\\/\\\/www.laguiadepamplona.com\\\/actualidad\\\/\",\"logo\":{\"@type\":\"ImageObject\",\"inLanguage\":\"es\",\"@id\":\"https:\\\/\\\/www.laguiadepamplona.com\\\/actualidad\\\/#\\\/schema\\\/logo\\\/image\\\/\",\"url\":\"https:\\\/\\\/www.laguiadepamplona.com\\\/actualidad\\\/wp-content\\\/uploads\\\/2018\\\/11\\\/logo-laguiadepamplona18-web1.png\",\"contentUrl\":\"https:\\\/\\\/www.laguiadepamplona.com\\\/actualidad\\\/wp-content\\\/uploads\\\/2018\\\/11\\\/logo-laguiadepamplona18-web1.png\",\"width\":600,\"height\":196,\"caption\":\"La Gu\u00eda de Pamplona \\\/ Noticias\"},\"image\":{\"@id\":\"https:\\\/\\\/www.laguiadepamplona.com\\\/actualidad\\\/#\\\/schema\\\/logo\\\/image\\\/\"},\"sameAs\":[\"https:\\\/\\\/www.facebook.com\\\/laguiadepamplonacom-133175176762273\\\/?ref=hl\",\"https:\\\/\\\/x.com\\\/LaGuiadPamplona\",\"https:\\\/\\\/www.instagram.com\\\/la_guia_de_pamplona\\\/\",\"https:\\\/\\\/www.youtube.com\\\/user\\\/laguiadepamplona\"]},{\"@type\":\"Person\",\"@id\":\"https:\\\/\\\/www.laguiadepamplona.com\\\/actualidad\\\/#\\\/schema\\\/person\\\/efe887376f0213d4657c93adc50b1fdb\",\"name\":\"La Gu\u00eda de Pamplona\",\"image\":{\"@type\":\"ImageObject\",\"inLanguage\":\"es\",\"@id\":\"https:\\\/\\\/secure.gravatar.com\\\/avatar\\\/b6992f131dc8d30ab0dff15446e9d346d9dbd95992de0fef795073f5ea83a81c?s=96&d=mm&r=g\",\"url\":\"https:\\\/\\\/secure.gravatar.com\\\/avatar\\\/b6992f131dc8d30ab0dff15446e9d346d9dbd95992de0fef795073f5ea83a81c?s=96&d=mm&r=g\",\"contentUrl\":\"https:\\\/\\\/secure.gravatar.com\\\/avatar\\\/b6992f131dc8d30ab0dff15446e9d346d9dbd95992de0fef795073f5ea83a81c?s=96&d=mm&r=g\",\"caption\":\"La Gu\u00eda de Pamplona\"}}]}<\/script>\n<!-- \/ Yoast SEO plugin. -->","yoast_head_json":{"title":"M\u00e1s de 30 int\u00e9rpretes, 10 m\u00fasicos y 2 bertsolaris representan la pastoral en euskera \u2018Julia Fernandez Zabaleta-Emakume aintzindariak\u2019, el pr\u00f3ximo 12 de octubre","description":"La obra fusiona teatro, m\u00fasica, canto y danza en tributo a una figura clave en la promoci\u00f3n de la lengua y cultura vascas en el primer tercio del siglo XX","robots":{"index":"index","follow":"follow","max-snippet":"max-snippet:-1","max-image-preview":"max-image-preview:large","max-video-preview":"max-video-preview:-1"},"canonical":"https:\/\/www.laguiadepamplona.com\/actualidad\/mas-de-30-interpretes-10-musicos-y-2-bertsolaris-representan-la-pastoral-en-euskera-julia-fernandez-zabaleta-emakume-aintzindariak-el-proximo-12-de-octubre\/","og_locale":"es_ES","og_type":"article","og_title":"M\u00e1s de 30 int\u00e9rpretes, 10 m\u00fasicos y 2 bertsolaris representan la pastoral en euskera \u2018Julia Fernandez Zabaleta-Emakume aintzindariak\u2019, el pr\u00f3ximo 12 de octubre","og_description":"La obra fusiona teatro, m\u00fasica, canto y danza en tributo a una figura clave en la promoci\u00f3n de la lengua y cultura vascas en el primer tercio del siglo XX","og_url":"https:\/\/www.laguiadepamplona.com\/actualidad\/mas-de-30-interpretes-10-musicos-y-2-bertsolaris-representan-la-pastoral-en-euskera-julia-fernandez-zabaleta-emakume-aintzindariak-el-proximo-12-de-octubre\/","og_site_name":"La Gu\u00eda de Pamplona","article_publisher":"https:\/\/www.facebook.com\/laguiadepamplonacom-133175176762273\/?ref=hl","article_published_time":"2024-10-02T16:12:09+00:00","og_image":[{"width":707,"height":1000,"url":"https:\/\/www.laguiadepamplona.com\/actualidad\/wp-content\/uploads\/2024\/10\/pastoral_web.webp","type":"image\/webp"}],"author":"La Gu\u00eda de Pamplona","twitter_card":"summary_large_image","twitter_creator":"@LaGuiadPamplona","twitter_site":"@LaGuiadPamplona","twitter_misc":{"Escrito por":"La Gu\u00eda de Pamplona","Tiempo de lectura":"5 minutos"},"schema":{"@context":"https:\/\/schema.org","@graph":[{"@type":"Article","@id":"https:\/\/www.laguiadepamplona.com\/actualidad\/mas-de-30-interpretes-10-musicos-y-2-bertsolaris-representan-la-pastoral-en-euskera-julia-fernandez-zabaleta-emakume-aintzindariak-el-proximo-12-de-octubre\/#article","isPartOf":{"@id":"https:\/\/www.laguiadepamplona.com\/actualidad\/mas-de-30-interpretes-10-musicos-y-2-bertsolaris-representan-la-pastoral-en-euskera-julia-fernandez-zabaleta-emakume-aintzindariak-el-proximo-12-de-octubre\/"},"author":{"name":"La Gu\u00eda de Pamplona","@id":"https:\/\/www.laguiadepamplona.com\/actualidad\/#\/schema\/person\/efe887376f0213d4657c93adc50b1fdb"},"headline":"M\u00e1s de 30 int\u00e9rpretes, 10 m\u00fasicos y 2 bertsolaris representan la pastoral en euskera \u2018Julia Fernandez Zabaleta-Emakume aintzindariak\u2019, el pr\u00f3ximo 12 de octubre","datePublished":"2024-10-02T16:12:09+00:00","mainEntityOfPage":{"@id":"https:\/\/www.laguiadepamplona.com\/actualidad\/mas-de-30-interpretes-10-musicos-y-2-bertsolaris-representan-la-pastoral-en-euskera-julia-fernandez-zabaleta-emakume-aintzindariak-el-proximo-12-de-octubre\/"},"wordCount":936,"commentCount":0,"publisher":{"@id":"https:\/\/www.laguiadepamplona.com\/actualidad\/#organization"},"image":{"@id":"https:\/\/www.laguiadepamplona.com\/actualidad\/mas-de-30-interpretes-10-musicos-y-2-bertsolaris-representan-la-pastoral-en-euskera-julia-fernandez-zabaleta-emakume-aintzindariak-el-proximo-12-de-octubre\/#primaryimage"},"thumbnailUrl":"https:\/\/www.laguiadepamplona.com\/actualidad\/wp-content\/uploads\/2024\/10\/pastoral_web.webp","articleSection":["Ayto Pamplona"],"inLanguage":"es","potentialAction":[{"@type":"CommentAction","name":"Comment","target":["https:\/\/www.laguiadepamplona.com\/actualidad\/mas-de-30-interpretes-10-musicos-y-2-bertsolaris-representan-la-pastoral-en-euskera-julia-fernandez-zabaleta-emakume-aintzindariak-el-proximo-12-de-octubre\/#respond"]}]},{"@type":"WebPage","@id":"https:\/\/www.laguiadepamplona.com\/actualidad\/mas-de-30-interpretes-10-musicos-y-2-bertsolaris-representan-la-pastoral-en-euskera-julia-fernandez-zabaleta-emakume-aintzindariak-el-proximo-12-de-octubre\/","url":"https:\/\/www.laguiadepamplona.com\/actualidad\/mas-de-30-interpretes-10-musicos-y-2-bertsolaris-representan-la-pastoral-en-euskera-julia-fernandez-zabaleta-emakume-aintzindariak-el-proximo-12-de-octubre\/","name":"M\u00e1s de 30 int\u00e9rpretes, 10 m\u00fasicos y 2 bertsolaris representan la pastoral en euskera \u2018Julia Fernandez Zabaleta-Emakume aintzindariak\u2019, el pr\u00f3ximo 12 de octubre","isPartOf":{"@id":"https:\/\/www.laguiadepamplona.com\/actualidad\/#website"},"primaryImageOfPage":{"@id":"https:\/\/www.laguiadepamplona.com\/actualidad\/mas-de-30-interpretes-10-musicos-y-2-bertsolaris-representan-la-pastoral-en-euskera-julia-fernandez-zabaleta-emakume-aintzindariak-el-proximo-12-de-octubre\/#primaryimage"},"image":{"@id":"https:\/\/www.laguiadepamplona.com\/actualidad\/mas-de-30-interpretes-10-musicos-y-2-bertsolaris-representan-la-pastoral-en-euskera-julia-fernandez-zabaleta-emakume-aintzindariak-el-proximo-12-de-octubre\/#primaryimage"},"thumbnailUrl":"https:\/\/www.laguiadepamplona.com\/actualidad\/wp-content\/uploads\/2024\/10\/pastoral_web.webp","datePublished":"2024-10-02T16:12:09+00:00","description":"La obra fusiona teatro, m\u00fasica, canto y danza en tributo a una figura clave en la promoci\u00f3n de la lengua y cultura vascas en el primer tercio del siglo XX","breadcrumb":{"@id":"https:\/\/www.laguiadepamplona.com\/actualidad\/mas-de-30-interpretes-10-musicos-y-2-bertsolaris-representan-la-pastoral-en-euskera-julia-fernandez-zabaleta-emakume-aintzindariak-el-proximo-12-de-octubre\/#breadcrumb"},"inLanguage":"es","potentialAction":[{"@type":"ReadAction","target":["https:\/\/www.laguiadepamplona.com\/actualidad\/mas-de-30-interpretes-10-musicos-y-2-bertsolaris-representan-la-pastoral-en-euskera-julia-fernandez-zabaleta-emakume-aintzindariak-el-proximo-12-de-octubre\/"]}]},{"@type":"ImageObject","inLanguage":"es","@id":"https:\/\/www.laguiadepamplona.com\/actualidad\/mas-de-30-interpretes-10-musicos-y-2-bertsolaris-representan-la-pastoral-en-euskera-julia-fernandez-zabaleta-emakume-aintzindariak-el-proximo-12-de-octubre\/#primaryimage","url":"https:\/\/www.laguiadepamplona.com\/actualidad\/wp-content\/uploads\/2024\/10\/pastoral_web.webp","contentUrl":"https:\/\/www.laguiadepamplona.com\/actualidad\/wp-content\/uploads\/2024\/10\/pastoral_web.webp","width":707,"height":1000,"caption":"Pastorala"},{"@type":"BreadcrumbList","@id":"https:\/\/www.laguiadepamplona.com\/actualidad\/mas-de-30-interpretes-10-musicos-y-2-bertsolaris-representan-la-pastoral-en-euskera-julia-fernandez-zabaleta-emakume-aintzindariak-el-proximo-12-de-octubre\/#breadcrumb","itemListElement":[{"@type":"ListItem","position":1,"name":"Portada","item":"https:\/\/www.laguiadepamplona.com\/actualidad\/"},{"@type":"ListItem","position":2,"name":"M\u00e1s de 30 int\u00e9rpretes, 10 m\u00fasicos y 2 bertsolaris representan la pastoral en euskera \u2018Julia Fernandez Zabaleta-Emakume aintzindariak\u2019, el pr\u00f3ximo 12 de octubre"}]},{"@type":"WebSite","@id":"https:\/\/www.laguiadepamplona.com\/actualidad\/#website","url":"https:\/\/www.laguiadepamplona.com\/actualidad\/","name":"La gu\u00eda de Pamplona","description":"Noticias de Pamplona","publisher":{"@id":"https:\/\/www.laguiadepamplona.com\/actualidad\/#organization"},"potentialAction":[{"@type":"SearchAction","target":{"@type":"EntryPoint","urlTemplate":"https:\/\/www.laguiadepamplona.com\/actualidad\/?s={search_term_string}"},"query-input":{"@type":"PropertyValueSpecification","valueRequired":true,"valueName":"search_term_string"}}],"inLanguage":"es"},{"@type":"Organization","@id":"https:\/\/www.laguiadepamplona.com\/actualidad\/#organization","name":"La Gu\u00eda de Pamplona \/ Noticias","url":"https:\/\/www.laguiadepamplona.com\/actualidad\/","logo":{"@type":"ImageObject","inLanguage":"es","@id":"https:\/\/www.laguiadepamplona.com\/actualidad\/#\/schema\/logo\/image\/","url":"https:\/\/www.laguiadepamplona.com\/actualidad\/wp-content\/uploads\/2018\/11\/logo-laguiadepamplona18-web1.png","contentUrl":"https:\/\/www.laguiadepamplona.com\/actualidad\/wp-content\/uploads\/2018\/11\/logo-laguiadepamplona18-web1.png","width":600,"height":196,"caption":"La Gu\u00eda de Pamplona \/ Noticias"},"image":{"@id":"https:\/\/www.laguiadepamplona.com\/actualidad\/#\/schema\/logo\/image\/"},"sameAs":["https:\/\/www.facebook.com\/laguiadepamplonacom-133175176762273\/?ref=hl","https:\/\/x.com\/LaGuiadPamplona","https:\/\/www.instagram.com\/la_guia_de_pamplona\/","https:\/\/www.youtube.com\/user\/laguiadepamplona"]},{"@type":"Person","@id":"https:\/\/www.laguiadepamplona.com\/actualidad\/#\/schema\/person\/efe887376f0213d4657c93adc50b1fdb","name":"La Gu\u00eda de Pamplona","image":{"@type":"ImageObject","inLanguage":"es","@id":"https:\/\/secure.gravatar.com\/avatar\/b6992f131dc8d30ab0dff15446e9d346d9dbd95992de0fef795073f5ea83a81c?s=96&d=mm&r=g","url":"https:\/\/secure.gravatar.com\/avatar\/b6992f131dc8d30ab0dff15446e9d346d9dbd95992de0fef795073f5ea83a81c?s=96&d=mm&r=g","contentUrl":"https:\/\/secure.gravatar.com\/avatar\/b6992f131dc8d30ab0dff15446e9d346d9dbd95992de0fef795073f5ea83a81c?s=96&d=mm&r=g","caption":"La Gu\u00eda de Pamplona"}}]}},"post_mailing_queue_ids":[],"_links":{"self":[{"href":"https:\/\/www.laguiadepamplona.com\/actualidad\/wp-json\/wp\/v2\/posts\/50882","targetHints":{"allow":["GET"]}}],"collection":[{"href":"https:\/\/www.laguiadepamplona.com\/actualidad\/wp-json\/wp\/v2\/posts"}],"about":[{"href":"https:\/\/www.laguiadepamplona.com\/actualidad\/wp-json\/wp\/v2\/types\/post"}],"author":[{"embeddable":true,"href":"https:\/\/www.laguiadepamplona.com\/actualidad\/wp-json\/wp\/v2\/users\/1"}],"replies":[{"embeddable":true,"href":"https:\/\/www.laguiadepamplona.com\/actualidad\/wp-json\/wp\/v2\/comments?post=50882"}],"version-history":[{"count":1,"href":"https:\/\/www.laguiadepamplona.com\/actualidad\/wp-json\/wp\/v2\/posts\/50882\/revisions"}],"predecessor-version":[{"id":50884,"href":"https:\/\/www.laguiadepamplona.com\/actualidad\/wp-json\/wp\/v2\/posts\/50882\/revisions\/50884"}],"wp:featuredmedia":[{"embeddable":true,"href":"https:\/\/www.laguiadepamplona.com\/actualidad\/wp-json\/wp\/v2\/media\/50883"}],"wp:attachment":[{"href":"https:\/\/www.laguiadepamplona.com\/actualidad\/wp-json\/wp\/v2\/media?parent=50882"}],"wp:term":[{"taxonomy":"category","embeddable":true,"href":"https:\/\/www.laguiadepamplona.com\/actualidad\/wp-json\/wp\/v2\/categories?post=50882"},{"taxonomy":"post_tag","embeddable":true,"href":"https:\/\/www.laguiadepamplona.com\/actualidad\/wp-json\/wp\/v2\/tags?post=50882"}],"curies":[{"name":"wp","href":"https:\/\/api.w.org\/{rel}","templated":true}]}}