{"id":50879,"date":"2024-10-02T11:17:43","date_gmt":"2024-10-02T09:17:43","guid":{"rendered":"https:\/\/www.laguiadepamplona.com\/actualidad\/?p=50879"},"modified":"2024-10-02T11:17:43","modified_gmt":"2024-10-02T09:17:43","slug":"harrotu-propone-en-su-programacion-de-otono-talleres-de-empoderamiento-club-de-lectura-presentacion-de-un-libro-tertulia-efemerides-exposicion-y-espacio-de-voluntariado","status":"publish","type":"post","link":"https:\/\/www.laguiadepamplona.com\/actualidad\/harrotu-propone-en-su-programacion-de-otono-talleres-de-empoderamiento-club-de-lectura-presentacion-de-un-libro-tertulia-efemerides-exposicion-y-espacio-de-voluntariado\/","title":{"rendered":"Harrotu propone en su programaci\u00f3n de oto\u00f1o talleres de empoderamiento, club de lectura, presentaci\u00f3n de un libro, tertulia, efem\u00e9rides, exposici\u00f3n y espacio de voluntariado"},"content":{"rendered":"<h2>Las actividades son gratuitas y abiertas a la ciudadan\u00eda, y los talleres y el club de lectura requieren inscripci\u00f3n previa<\/h2>\n<p><!--more--><\/p>\n<p>El Servicio de Informaci\u00f3n, Promoci\u00f3n de los derechos y participaci\u00f3n LGTBI del Ayuntamiento de Pamplona, Harrotu, ha presentado su programaci\u00f3n de oto\u00f1o, que incluye talleres, encuentros, lecturas, tertulias y una exposici\u00f3n. El programa se estructura en cinco ejes principales: empoderamiento personal, empoderamiento colectivo, actividades socioculturales, programa de sensibilizaci\u00f3n y voluntariado.<\/p>\n<p>Las actividades son gratuitas, se desarrollan en octubre, noviembre y diciembre, y se dirigen a la ciudadan\u00eda en general. Los talleres de empoderamiento personal y el club de lectura requieren de inscripci\u00f3n previa. Para m\u00e1s informaci\u00f3n se puede consultar la <a href=\"https:\/\/www.pamplona.es\/temas\/igualdad-y-lgtbi\/harrotu\" target=\"_blank\" rel=\"noopener\">web<\/a>, llamar al tel\u00e9fono 948 226 326 o escribir al correo <a href=\"mailto:harrotu@pamplona.es\">harrotu@pamplona.es<\/a>. El centro ofrece servicios permanentes de informaci\u00f3n LGTBIQ+, cesi\u00f3n de espacios y pr\u00e9stamo de mediateca, y el observatorio contra la LGTBIfobia.<\/p>\n<p>El primero de los talleres de empoderamiento personal, \u2018Rompamos la barrera del idioma\u2019, comienza el 7 de octubre y consta de 10 sesiones, los lunes, de 18.30 a 23.30. Se desarrolla en Harrotu, en la calle San Gregorio, de la mano del profesor de lengua castellana, traductor y mediador cultural Joseph Flores. El taller busca crear un espacio seguro, de aprendizaje y creaci\u00f3n de redes para personas LGTBI+ que no sepan hablar castellano.<\/p>\n<p>Un segundo taller es el de \u2018Duelo migratorio LGTBI+\u2019, que se celebra el jueves 19 de diciembre, de 17.30 a 20.30, tambi\u00e9n en Harrotu, dinamizado por Yolanda Canales y Jared Andino. Este taller es una iniciativa creada para acompa\u00f1ar a las personas migrantes en su proceso de adaptaci\u00f3n y bienestar emocional, enfocado en personas con realidades LGTBI+.<\/p>\n<p>Los dos talleres se complementan con el grupo de ayuda mutua para personas LGTBI+, que fomenta el autoconocimiento y autocuidado necesarios para el empoderamiento personal. Este grupo se re\u00fane tres martes (29 de octubre, 26 de noviembre y 17 de diciembre), a las 18 horas, en el centro Harrotu.<\/p>\n<p><strong>Empoderamiento colectivo<\/strong><\/p>\n<p>El programa que promueve el empoderamiento colectivo LGTBI celebra los encuentros por letras, con tres citas en viernes, a las 18 horas en Harrotu: el 25 de octubre, se programa el Punto de encuentro Trans, dirigido a personas trans y a toda persona que tenga en duda su identidad, dinamizado por Icaro Martinez de Zuazo, activista trans. El siguiente encuentro es el 8 de noviembre, con el Punto de encuentro en referencia a las letras \u201cL\u201d de lesbiana y \u201cB\u201d de bisexual (mujeres bisexuales), dinamizado por Dekumas LBT. Y el tercero es el 13 de diciembre, el Punto de encuentro bisexuales, dirigido a personas bisexuales y a toda persona que tenga en duda su identidad, dinamizado por Silvia \u00c1lvaro, del grupo aut\u00f3nomo Bi de Harrotu.<\/p>\n<p>El programa de empoderamiento colectivo se refuerza con la celebraci\u00f3n de efem\u00e9rides (11 de octubre, D\u00eda de Salida del Armario; 19 de octubre, d\u00eda de la Despatologizaci\u00f3n Trans; 26 de octubre, D\u00eda Internacional de la visibilidad Intersexual; 20 de noviembre, Memoria Trans; 18 de diciembre, D\u00eda internacional de la persona migrante) y el encuentro de j\u00f3venes.<\/p>\n<p><strong>Actividades socioculturales y de sensibilizaci\u00f3n<\/strong><\/p>\n<p>La programaci\u00f3n de oto\u00f1o de Harrotu tambi\u00e9n incluye actividades socioculturales, como el Club de lectura LGTBI+, dinamizado por el grupo de lectura Irakuirle, formado por Tania Filgueira, profesora de Lengua y Literatura, y Adriana Cerd\u00e1n, docente de Filosof\u00eda, ambas activistas LGTBI+. El grupo en castellano aborda el 3 de octubre \u2018Las malas\u2019, de Camila Sosa Villada; el 7 de noviembre, \u2018Superemocional: una defensa del amor\u2019, de Juanpe S\u00e1nchez L\u00f3pez; y el 12 de diciembre, \u2018El power ranger rosa\u2019, de Christo Casas. El club de lectura ofrece, asimismo, una sesi\u00f3n en euskera, el 14 de noviembre, de la mano de Aitor Alonso, activista LGTBI+. La obra a tratar ser\u00e1 \u2018Moio\u2019, de Kattalin Miner.<\/p>\n<p>En torno a la literatura, Harrotu acoger\u00e1 la presentaci\u00f3n del libro \u2018La Rebeli\u00f3n de las hienas\u2019, de la escritora y activista Intersex Mer G\u00f3mez, el 24 de octubre, a las 18 horas. La obra es un viaje autobiogr\u00e1fico hacia el encuentro de referentes intersex para iniciar una revoluci\u00f3n; los relatos de sus protagonistas muestran la construcci\u00f3n de una identidad colectiva en la b\u00fasqueda de un presente\/futuro de libertad y con derechos.<\/p>\n<p>El programa de sensibilizaci\u00f3n y formaci\u00f3n b\u00e1sica ofrece la tertulia \u2018Amor en tiempos de Grindr\u2019, el 21 de noviembre, en Civivox Iturrama, a las 18 horas. La tertulia busca fomentar la reflexi\u00f3n y el di\u00e1logo sobre las din\u00e1micas actuales para conocer a otras personas a trav\u00e9s de las redes sociales. Junto a la tertulia, tambi\u00e9n en noviembre se programa la exposici\u00f3n \u2018Una Mirada LGTBI+ al Planetario de Pamplona\u2019, que presenta un recorrido por el universo y las mitolog\u00edas del mundo con una perspectiva LGTBI+, realizando un an\u00e1lisis diverso sobre campos cient\u00edficos como la astronom\u00eda o la etnolog\u00eda, promoviendo una visi\u00f3n igualitaria y diversa sobre la diversidad sexo-afectiva y de g\u00e9nero en diferentes culturas humanas, en conexi\u00f3n con la observaci\u00f3n de los cuerpos celestes y astron\u00f3micos.<\/p>\n<p>Harrotu tambi\u00e9n oferta su espacio de voluntariado \u2018Harrotu te escucha\u2019, para que las personas y los colectivos LGTBIQ+ de Pamplona se junten y conversen acerca de las realidades existentes y as\u00ed generar redes de trabajo conjunto.<\/p>\n","protected":false},"excerpt":{"rendered":"<p>Las actividades son gratuitas y abiertas a la ciudadan\u00eda, y los talleres y el club de lectura requieren inscripci\u00f3n previa<\/p>\n","protected":false},"author":1,"featured_media":50880,"comment_status":"open","ping_status":"closed","sticky":false,"template":"","format":"standard","meta":{"footnotes":""},"categories":[2],"tags":[],"class_list":["post-50879","post","type-post","status-publish","format-standard","has-post-thumbnail","hentry","category-ayuntamiento-pamplona"],"yoast_head":"<!-- This site is optimized with the Yoast SEO plugin v27.3 - https:\/\/yoast.com\/product\/yoast-seo-wordpress\/ -->\n<title>Harrotu propone en su programaci\u00f3n de oto\u00f1o talleres de empoderamiento, club de lectura, presentaci\u00f3n de un libro, tertulia, efem\u00e9rides, exposici\u00f3n y espacio de voluntariado<\/title>\n<meta name=\"description\" content=\"Las actividades son gratuitas y abiertas a la ciudadan\u00eda, y los talleres y el club de lectura requieren inscripci\u00f3n previa\" \/>\n<meta name=\"robots\" content=\"index, follow, max-snippet:-1, max-image-preview:large, max-video-preview:-1\" \/>\n<link rel=\"canonical\" href=\"https:\/\/www.laguiadepamplona.com\/actualidad\/harrotu-propone-en-su-programacion-de-otono-talleres-de-empoderamiento-club-de-lectura-presentacion-de-un-libro-tertulia-efemerides-exposicion-y-espacio-de-voluntariado\/\" \/>\n<meta property=\"og:locale\" content=\"es_ES\" \/>\n<meta property=\"og:type\" content=\"article\" \/>\n<meta property=\"og:title\" content=\"Harrotu propone en su programaci\u00f3n de oto\u00f1o talleres de empoderamiento, club de lectura, presentaci\u00f3n de un libro, tertulia, efem\u00e9rides, exposici\u00f3n y espacio de voluntariado\" \/>\n<meta property=\"og:description\" content=\"Las actividades son gratuitas y abiertas a la ciudadan\u00eda, y los talleres y el club de lectura requieren inscripci\u00f3n previa\" \/>\n<meta property=\"og:url\" content=\"https:\/\/www.laguiadepamplona.com\/actualidad\/harrotu-propone-en-su-programacion-de-otono-talleres-de-empoderamiento-club-de-lectura-presentacion-de-un-libro-tertulia-efemerides-exposicion-y-espacio-de-voluntariado\/\" \/>\n<meta property=\"og:site_name\" content=\"La Gu\u00eda de Pamplona\" \/>\n<meta property=\"article:publisher\" content=\"https:\/\/www.facebook.com\/laguiadepamplonacom-133175176762273\/?ref=hl\" \/>\n<meta property=\"article:published_time\" content=\"2024-10-02T09:17:43+00:00\" \/>\n<meta property=\"og:image\" content=\"https:\/\/www.laguiadepamplona.com\/actualidad\/wp-content\/uploads\/2024\/10\/Harrotu_web.webp\" \/>\n\t<meta property=\"og:image:width\" content=\"1000\" \/>\n\t<meta property=\"og:image:height\" content=\"667\" \/>\n\t<meta property=\"og:image:type\" content=\"image\/webp\" \/>\n<meta name=\"author\" content=\"La Gu\u00eda de Pamplona\" \/>\n<meta name=\"twitter:card\" content=\"summary_large_image\" \/>\n<meta name=\"twitter:creator\" content=\"@LaGuiadPamplona\" \/>\n<meta name=\"twitter:site\" content=\"@LaGuiadPamplona\" \/>\n<meta name=\"twitter:label1\" content=\"Escrito por\" \/>\n\t<meta name=\"twitter:data1\" content=\"La Gu\u00eda de Pamplona\" \/>\n\t<meta name=\"twitter:label2\" content=\"Tiempo de lectura\" \/>\n\t<meta name=\"twitter:data2\" content=\"5 minutos\" \/>\n<script type=\"application\/ld+json\" class=\"yoast-schema-graph\">{\"@context\":\"https:\\\/\\\/schema.org\",\"@graph\":[{\"@type\":\"Article\",\"@id\":\"https:\\\/\\\/www.laguiadepamplona.com\\\/actualidad\\\/harrotu-propone-en-su-programacion-de-otono-talleres-de-empoderamiento-club-de-lectura-presentacion-de-un-libro-tertulia-efemerides-exposicion-y-espacio-de-voluntariado\\\/#article\",\"isPartOf\":{\"@id\":\"https:\\\/\\\/www.laguiadepamplona.com\\\/actualidad\\\/harrotu-propone-en-su-programacion-de-otono-talleres-de-empoderamiento-club-de-lectura-presentacion-de-un-libro-tertulia-efemerides-exposicion-y-espacio-de-voluntariado\\\/\"},\"author\":{\"name\":\"La Gu\u00eda de Pamplona\",\"@id\":\"https:\\\/\\\/www.laguiadepamplona.com\\\/actualidad\\\/#\\\/schema\\\/person\\\/efe887376f0213d4657c93adc50b1fdb\"},\"headline\":\"Harrotu propone en su programaci\u00f3n de oto\u00f1o talleres de empoderamiento, club de lectura, presentaci\u00f3n de un libro, tertulia, efem\u00e9rides, exposici\u00f3n y espacio de voluntariado\",\"datePublished\":\"2024-10-02T09:17:43+00:00\",\"mainEntityOfPage\":{\"@id\":\"https:\\\/\\\/www.laguiadepamplona.com\\\/actualidad\\\/harrotu-propone-en-su-programacion-de-otono-talleres-de-empoderamiento-club-de-lectura-presentacion-de-un-libro-tertulia-efemerides-exposicion-y-espacio-de-voluntariado\\\/\"},\"wordCount\":922,\"commentCount\":0,\"publisher\":{\"@id\":\"https:\\\/\\\/www.laguiadepamplona.com\\\/actualidad\\\/#organization\"},\"image\":{\"@id\":\"https:\\\/\\\/www.laguiadepamplona.com\\\/actualidad\\\/harrotu-propone-en-su-programacion-de-otono-talleres-de-empoderamiento-club-de-lectura-presentacion-de-un-libro-tertulia-efemerides-exposicion-y-espacio-de-voluntariado\\\/#primaryimage\"},\"thumbnailUrl\":\"https:\\\/\\\/www.laguiadepamplona.com\\\/actualidad\\\/wp-content\\\/uploads\\\/2024\\\/10\\\/Harrotu_web.webp\",\"articleSection\":[\"Ayto Pamplona\"],\"inLanguage\":\"es\",\"potentialAction\":[{\"@type\":\"CommentAction\",\"name\":\"Comment\",\"target\":[\"https:\\\/\\\/www.laguiadepamplona.com\\\/actualidad\\\/harrotu-propone-en-su-programacion-de-otono-talleres-de-empoderamiento-club-de-lectura-presentacion-de-un-libro-tertulia-efemerides-exposicion-y-espacio-de-voluntariado\\\/#respond\"]}]},{\"@type\":\"WebPage\",\"@id\":\"https:\\\/\\\/www.laguiadepamplona.com\\\/actualidad\\\/harrotu-propone-en-su-programacion-de-otono-talleres-de-empoderamiento-club-de-lectura-presentacion-de-un-libro-tertulia-efemerides-exposicion-y-espacio-de-voluntariado\\\/\",\"url\":\"https:\\\/\\\/www.laguiadepamplona.com\\\/actualidad\\\/harrotu-propone-en-su-programacion-de-otono-talleres-de-empoderamiento-club-de-lectura-presentacion-de-un-libro-tertulia-efemerides-exposicion-y-espacio-de-voluntariado\\\/\",\"name\":\"Harrotu propone en su programaci\u00f3n de oto\u00f1o talleres de empoderamiento, club de lectura, presentaci\u00f3n de un libro, tertulia, efem\u00e9rides, exposici\u00f3n y espacio de voluntariado\",\"isPartOf\":{\"@id\":\"https:\\\/\\\/www.laguiadepamplona.com\\\/actualidad\\\/#website\"},\"primaryImageOfPage\":{\"@id\":\"https:\\\/\\\/www.laguiadepamplona.com\\\/actualidad\\\/harrotu-propone-en-su-programacion-de-otono-talleres-de-empoderamiento-club-de-lectura-presentacion-de-un-libro-tertulia-efemerides-exposicion-y-espacio-de-voluntariado\\\/#primaryimage\"},\"image\":{\"@id\":\"https:\\\/\\\/www.laguiadepamplona.com\\\/actualidad\\\/harrotu-propone-en-su-programacion-de-otono-talleres-de-empoderamiento-club-de-lectura-presentacion-de-un-libro-tertulia-efemerides-exposicion-y-espacio-de-voluntariado\\\/#primaryimage\"},\"thumbnailUrl\":\"https:\\\/\\\/www.laguiadepamplona.com\\\/actualidad\\\/wp-content\\\/uploads\\\/2024\\\/10\\\/Harrotu_web.webp\",\"datePublished\":\"2024-10-02T09:17:43+00:00\",\"description\":\"Las actividades son gratuitas y abiertas a la ciudadan\u00eda, y los talleres y el club de lectura requieren inscripci\u00f3n previa\",\"breadcrumb\":{\"@id\":\"https:\\\/\\\/www.laguiadepamplona.com\\\/actualidad\\\/harrotu-propone-en-su-programacion-de-otono-talleres-de-empoderamiento-club-de-lectura-presentacion-de-un-libro-tertulia-efemerides-exposicion-y-espacio-de-voluntariado\\\/#breadcrumb\"},\"inLanguage\":\"es\",\"potentialAction\":[{\"@type\":\"ReadAction\",\"target\":[\"https:\\\/\\\/www.laguiadepamplona.com\\\/actualidad\\\/harrotu-propone-en-su-programacion-de-otono-talleres-de-empoderamiento-club-de-lectura-presentacion-de-un-libro-tertulia-efemerides-exposicion-y-espacio-de-voluntariado\\\/\"]}]},{\"@type\":\"ImageObject\",\"inLanguage\":\"es\",\"@id\":\"https:\\\/\\\/www.laguiadepamplona.com\\\/actualidad\\\/harrotu-propone-en-su-programacion-de-otono-talleres-de-empoderamiento-club-de-lectura-presentacion-de-un-libro-tertulia-efemerides-exposicion-y-espacio-de-voluntariado\\\/#primaryimage\",\"url\":\"https:\\\/\\\/www.laguiadepamplona.com\\\/actualidad\\\/wp-content\\\/uploads\\\/2024\\\/10\\\/Harrotu_web.webp\",\"contentUrl\":\"https:\\\/\\\/www.laguiadepamplona.com\\\/actualidad\\\/wp-content\\\/uploads\\\/2024\\\/10\\\/Harrotu_web.webp\",\"width\":1000,\"height\":667,\"caption\":\"Harrotu\"},{\"@type\":\"BreadcrumbList\",\"@id\":\"https:\\\/\\\/www.laguiadepamplona.com\\\/actualidad\\\/harrotu-propone-en-su-programacion-de-otono-talleres-de-empoderamiento-club-de-lectura-presentacion-de-un-libro-tertulia-efemerides-exposicion-y-espacio-de-voluntariado\\\/#breadcrumb\",\"itemListElement\":[{\"@type\":\"ListItem\",\"position\":1,\"name\":\"Portada\",\"item\":\"https:\\\/\\\/www.laguiadepamplona.com\\\/actualidad\\\/\"},{\"@type\":\"ListItem\",\"position\":2,\"name\":\"Harrotu propone en su programaci\u00f3n de oto\u00f1o talleres de empoderamiento, club de lectura, presentaci\u00f3n de un libro, tertulia, efem\u00e9rides, exposici\u00f3n y espacio de voluntariado\"}]},{\"@type\":\"WebSite\",\"@id\":\"https:\\\/\\\/www.laguiadepamplona.com\\\/actualidad\\\/#website\",\"url\":\"https:\\\/\\\/www.laguiadepamplona.com\\\/actualidad\\\/\",\"name\":\"La gu\u00eda de Pamplona\",\"description\":\"Noticias de Pamplona\",\"publisher\":{\"@id\":\"https:\\\/\\\/www.laguiadepamplona.com\\\/actualidad\\\/#organization\"},\"potentialAction\":[{\"@type\":\"SearchAction\",\"target\":{\"@type\":\"EntryPoint\",\"urlTemplate\":\"https:\\\/\\\/www.laguiadepamplona.com\\\/actualidad\\\/?s={search_term_string}\"},\"query-input\":{\"@type\":\"PropertyValueSpecification\",\"valueRequired\":true,\"valueName\":\"search_term_string\"}}],\"inLanguage\":\"es\"},{\"@type\":\"Organization\",\"@id\":\"https:\\\/\\\/www.laguiadepamplona.com\\\/actualidad\\\/#organization\",\"name\":\"La Gu\u00eda de Pamplona \\\/ Noticias\",\"url\":\"https:\\\/\\\/www.laguiadepamplona.com\\\/actualidad\\\/\",\"logo\":{\"@type\":\"ImageObject\",\"inLanguage\":\"es\",\"@id\":\"https:\\\/\\\/www.laguiadepamplona.com\\\/actualidad\\\/#\\\/schema\\\/logo\\\/image\\\/\",\"url\":\"https:\\\/\\\/www.laguiadepamplona.com\\\/actualidad\\\/wp-content\\\/uploads\\\/2018\\\/11\\\/logo-laguiadepamplona18-web1.png\",\"contentUrl\":\"https:\\\/\\\/www.laguiadepamplona.com\\\/actualidad\\\/wp-content\\\/uploads\\\/2018\\\/11\\\/logo-laguiadepamplona18-web1.png\",\"width\":600,\"height\":196,\"caption\":\"La Gu\u00eda de Pamplona \\\/ Noticias\"},\"image\":{\"@id\":\"https:\\\/\\\/www.laguiadepamplona.com\\\/actualidad\\\/#\\\/schema\\\/logo\\\/image\\\/\"},\"sameAs\":[\"https:\\\/\\\/www.facebook.com\\\/laguiadepamplonacom-133175176762273\\\/?ref=hl\",\"https:\\\/\\\/x.com\\\/LaGuiadPamplona\",\"https:\\\/\\\/www.instagram.com\\\/la_guia_de_pamplona\\\/\",\"https:\\\/\\\/www.youtube.com\\\/user\\\/laguiadepamplona\"]},{\"@type\":\"Person\",\"@id\":\"https:\\\/\\\/www.laguiadepamplona.com\\\/actualidad\\\/#\\\/schema\\\/person\\\/efe887376f0213d4657c93adc50b1fdb\",\"name\":\"La Gu\u00eda de Pamplona\",\"image\":{\"@type\":\"ImageObject\",\"inLanguage\":\"es\",\"@id\":\"https:\\\/\\\/secure.gravatar.com\\\/avatar\\\/b6992f131dc8d30ab0dff15446e9d346d9dbd95992de0fef795073f5ea83a81c?s=96&d=mm&r=g\",\"url\":\"https:\\\/\\\/secure.gravatar.com\\\/avatar\\\/b6992f131dc8d30ab0dff15446e9d346d9dbd95992de0fef795073f5ea83a81c?s=96&d=mm&r=g\",\"contentUrl\":\"https:\\\/\\\/secure.gravatar.com\\\/avatar\\\/b6992f131dc8d30ab0dff15446e9d346d9dbd95992de0fef795073f5ea83a81c?s=96&d=mm&r=g\",\"caption\":\"La Gu\u00eda de Pamplona\"}}]}<\/script>\n<!-- \/ Yoast SEO plugin. -->","yoast_head_json":{"title":"Harrotu propone en su programaci\u00f3n de oto\u00f1o talleres de empoderamiento, club de lectura, presentaci\u00f3n de un libro, tertulia, efem\u00e9rides, exposici\u00f3n y espacio de voluntariado","description":"Las actividades son gratuitas y abiertas a la ciudadan\u00eda, y los talleres y el club de lectura requieren inscripci\u00f3n previa","robots":{"index":"index","follow":"follow","max-snippet":"max-snippet:-1","max-image-preview":"max-image-preview:large","max-video-preview":"max-video-preview:-1"},"canonical":"https:\/\/www.laguiadepamplona.com\/actualidad\/harrotu-propone-en-su-programacion-de-otono-talleres-de-empoderamiento-club-de-lectura-presentacion-de-un-libro-tertulia-efemerides-exposicion-y-espacio-de-voluntariado\/","og_locale":"es_ES","og_type":"article","og_title":"Harrotu propone en su programaci\u00f3n de oto\u00f1o talleres de empoderamiento, club de lectura, presentaci\u00f3n de un libro, tertulia, efem\u00e9rides, exposici\u00f3n y espacio de voluntariado","og_description":"Las actividades son gratuitas y abiertas a la ciudadan\u00eda, y los talleres y el club de lectura requieren inscripci\u00f3n previa","og_url":"https:\/\/www.laguiadepamplona.com\/actualidad\/harrotu-propone-en-su-programacion-de-otono-talleres-de-empoderamiento-club-de-lectura-presentacion-de-un-libro-tertulia-efemerides-exposicion-y-espacio-de-voluntariado\/","og_site_name":"La Gu\u00eda de Pamplona","article_publisher":"https:\/\/www.facebook.com\/laguiadepamplonacom-133175176762273\/?ref=hl","article_published_time":"2024-10-02T09:17:43+00:00","og_image":[{"width":1000,"height":667,"url":"https:\/\/www.laguiadepamplona.com\/actualidad\/wp-content\/uploads\/2024\/10\/Harrotu_web.webp","type":"image\/webp"}],"author":"La Gu\u00eda de Pamplona","twitter_card":"summary_large_image","twitter_creator":"@LaGuiadPamplona","twitter_site":"@LaGuiadPamplona","twitter_misc":{"Escrito por":"La Gu\u00eda de Pamplona","Tiempo de lectura":"5 minutos"},"schema":{"@context":"https:\/\/schema.org","@graph":[{"@type":"Article","@id":"https:\/\/www.laguiadepamplona.com\/actualidad\/harrotu-propone-en-su-programacion-de-otono-talleres-de-empoderamiento-club-de-lectura-presentacion-de-un-libro-tertulia-efemerides-exposicion-y-espacio-de-voluntariado\/#article","isPartOf":{"@id":"https:\/\/www.laguiadepamplona.com\/actualidad\/harrotu-propone-en-su-programacion-de-otono-talleres-de-empoderamiento-club-de-lectura-presentacion-de-un-libro-tertulia-efemerides-exposicion-y-espacio-de-voluntariado\/"},"author":{"name":"La Gu\u00eda de Pamplona","@id":"https:\/\/www.laguiadepamplona.com\/actualidad\/#\/schema\/person\/efe887376f0213d4657c93adc50b1fdb"},"headline":"Harrotu propone en su programaci\u00f3n de oto\u00f1o talleres de empoderamiento, club de lectura, presentaci\u00f3n de un libro, tertulia, efem\u00e9rides, exposici\u00f3n y espacio de voluntariado","datePublished":"2024-10-02T09:17:43+00:00","mainEntityOfPage":{"@id":"https:\/\/www.laguiadepamplona.com\/actualidad\/harrotu-propone-en-su-programacion-de-otono-talleres-de-empoderamiento-club-de-lectura-presentacion-de-un-libro-tertulia-efemerides-exposicion-y-espacio-de-voluntariado\/"},"wordCount":922,"commentCount":0,"publisher":{"@id":"https:\/\/www.laguiadepamplona.com\/actualidad\/#organization"},"image":{"@id":"https:\/\/www.laguiadepamplona.com\/actualidad\/harrotu-propone-en-su-programacion-de-otono-talleres-de-empoderamiento-club-de-lectura-presentacion-de-un-libro-tertulia-efemerides-exposicion-y-espacio-de-voluntariado\/#primaryimage"},"thumbnailUrl":"https:\/\/www.laguiadepamplona.com\/actualidad\/wp-content\/uploads\/2024\/10\/Harrotu_web.webp","articleSection":["Ayto Pamplona"],"inLanguage":"es","potentialAction":[{"@type":"CommentAction","name":"Comment","target":["https:\/\/www.laguiadepamplona.com\/actualidad\/harrotu-propone-en-su-programacion-de-otono-talleres-de-empoderamiento-club-de-lectura-presentacion-de-un-libro-tertulia-efemerides-exposicion-y-espacio-de-voluntariado\/#respond"]}]},{"@type":"WebPage","@id":"https:\/\/www.laguiadepamplona.com\/actualidad\/harrotu-propone-en-su-programacion-de-otono-talleres-de-empoderamiento-club-de-lectura-presentacion-de-un-libro-tertulia-efemerides-exposicion-y-espacio-de-voluntariado\/","url":"https:\/\/www.laguiadepamplona.com\/actualidad\/harrotu-propone-en-su-programacion-de-otono-talleres-de-empoderamiento-club-de-lectura-presentacion-de-un-libro-tertulia-efemerides-exposicion-y-espacio-de-voluntariado\/","name":"Harrotu propone en su programaci\u00f3n de oto\u00f1o talleres de empoderamiento, club de lectura, presentaci\u00f3n de un libro, tertulia, efem\u00e9rides, exposici\u00f3n y espacio de voluntariado","isPartOf":{"@id":"https:\/\/www.laguiadepamplona.com\/actualidad\/#website"},"primaryImageOfPage":{"@id":"https:\/\/www.laguiadepamplona.com\/actualidad\/harrotu-propone-en-su-programacion-de-otono-talleres-de-empoderamiento-club-de-lectura-presentacion-de-un-libro-tertulia-efemerides-exposicion-y-espacio-de-voluntariado\/#primaryimage"},"image":{"@id":"https:\/\/www.laguiadepamplona.com\/actualidad\/harrotu-propone-en-su-programacion-de-otono-talleres-de-empoderamiento-club-de-lectura-presentacion-de-un-libro-tertulia-efemerides-exposicion-y-espacio-de-voluntariado\/#primaryimage"},"thumbnailUrl":"https:\/\/www.laguiadepamplona.com\/actualidad\/wp-content\/uploads\/2024\/10\/Harrotu_web.webp","datePublished":"2024-10-02T09:17:43+00:00","description":"Las actividades son gratuitas y abiertas a la ciudadan\u00eda, y los talleres y el club de lectura requieren inscripci\u00f3n previa","breadcrumb":{"@id":"https:\/\/www.laguiadepamplona.com\/actualidad\/harrotu-propone-en-su-programacion-de-otono-talleres-de-empoderamiento-club-de-lectura-presentacion-de-un-libro-tertulia-efemerides-exposicion-y-espacio-de-voluntariado\/#breadcrumb"},"inLanguage":"es","potentialAction":[{"@type":"ReadAction","target":["https:\/\/www.laguiadepamplona.com\/actualidad\/harrotu-propone-en-su-programacion-de-otono-talleres-de-empoderamiento-club-de-lectura-presentacion-de-un-libro-tertulia-efemerides-exposicion-y-espacio-de-voluntariado\/"]}]},{"@type":"ImageObject","inLanguage":"es","@id":"https:\/\/www.laguiadepamplona.com\/actualidad\/harrotu-propone-en-su-programacion-de-otono-talleres-de-empoderamiento-club-de-lectura-presentacion-de-un-libro-tertulia-efemerides-exposicion-y-espacio-de-voluntariado\/#primaryimage","url":"https:\/\/www.laguiadepamplona.com\/actualidad\/wp-content\/uploads\/2024\/10\/Harrotu_web.webp","contentUrl":"https:\/\/www.laguiadepamplona.com\/actualidad\/wp-content\/uploads\/2024\/10\/Harrotu_web.webp","width":1000,"height":667,"caption":"Harrotu"},{"@type":"BreadcrumbList","@id":"https:\/\/www.laguiadepamplona.com\/actualidad\/harrotu-propone-en-su-programacion-de-otono-talleres-de-empoderamiento-club-de-lectura-presentacion-de-un-libro-tertulia-efemerides-exposicion-y-espacio-de-voluntariado\/#breadcrumb","itemListElement":[{"@type":"ListItem","position":1,"name":"Portada","item":"https:\/\/www.laguiadepamplona.com\/actualidad\/"},{"@type":"ListItem","position":2,"name":"Harrotu propone en su programaci\u00f3n de oto\u00f1o talleres de empoderamiento, club de lectura, presentaci\u00f3n de un libro, tertulia, efem\u00e9rides, exposici\u00f3n y espacio de voluntariado"}]},{"@type":"WebSite","@id":"https:\/\/www.laguiadepamplona.com\/actualidad\/#website","url":"https:\/\/www.laguiadepamplona.com\/actualidad\/","name":"La gu\u00eda de Pamplona","description":"Noticias de Pamplona","publisher":{"@id":"https:\/\/www.laguiadepamplona.com\/actualidad\/#organization"},"potentialAction":[{"@type":"SearchAction","target":{"@type":"EntryPoint","urlTemplate":"https:\/\/www.laguiadepamplona.com\/actualidad\/?s={search_term_string}"},"query-input":{"@type":"PropertyValueSpecification","valueRequired":true,"valueName":"search_term_string"}}],"inLanguage":"es"},{"@type":"Organization","@id":"https:\/\/www.laguiadepamplona.com\/actualidad\/#organization","name":"La Gu\u00eda de Pamplona \/ Noticias","url":"https:\/\/www.laguiadepamplona.com\/actualidad\/","logo":{"@type":"ImageObject","inLanguage":"es","@id":"https:\/\/www.laguiadepamplona.com\/actualidad\/#\/schema\/logo\/image\/","url":"https:\/\/www.laguiadepamplona.com\/actualidad\/wp-content\/uploads\/2018\/11\/logo-laguiadepamplona18-web1.png","contentUrl":"https:\/\/www.laguiadepamplona.com\/actualidad\/wp-content\/uploads\/2018\/11\/logo-laguiadepamplona18-web1.png","width":600,"height":196,"caption":"La Gu\u00eda de Pamplona \/ Noticias"},"image":{"@id":"https:\/\/www.laguiadepamplona.com\/actualidad\/#\/schema\/logo\/image\/"},"sameAs":["https:\/\/www.facebook.com\/laguiadepamplonacom-133175176762273\/?ref=hl","https:\/\/x.com\/LaGuiadPamplona","https:\/\/www.instagram.com\/la_guia_de_pamplona\/","https:\/\/www.youtube.com\/user\/laguiadepamplona"]},{"@type":"Person","@id":"https:\/\/www.laguiadepamplona.com\/actualidad\/#\/schema\/person\/efe887376f0213d4657c93adc50b1fdb","name":"La Gu\u00eda de Pamplona","image":{"@type":"ImageObject","inLanguage":"es","@id":"https:\/\/secure.gravatar.com\/avatar\/b6992f131dc8d30ab0dff15446e9d346d9dbd95992de0fef795073f5ea83a81c?s=96&d=mm&r=g","url":"https:\/\/secure.gravatar.com\/avatar\/b6992f131dc8d30ab0dff15446e9d346d9dbd95992de0fef795073f5ea83a81c?s=96&d=mm&r=g","contentUrl":"https:\/\/secure.gravatar.com\/avatar\/b6992f131dc8d30ab0dff15446e9d346d9dbd95992de0fef795073f5ea83a81c?s=96&d=mm&r=g","caption":"La Gu\u00eda de Pamplona"}}]}},"post_mailing_queue_ids":[],"_links":{"self":[{"href":"https:\/\/www.laguiadepamplona.com\/actualidad\/wp-json\/wp\/v2\/posts\/50879","targetHints":{"allow":["GET"]}}],"collection":[{"href":"https:\/\/www.laguiadepamplona.com\/actualidad\/wp-json\/wp\/v2\/posts"}],"about":[{"href":"https:\/\/www.laguiadepamplona.com\/actualidad\/wp-json\/wp\/v2\/types\/post"}],"author":[{"embeddable":true,"href":"https:\/\/www.laguiadepamplona.com\/actualidad\/wp-json\/wp\/v2\/users\/1"}],"replies":[{"embeddable":true,"href":"https:\/\/www.laguiadepamplona.com\/actualidad\/wp-json\/wp\/v2\/comments?post=50879"}],"version-history":[{"count":1,"href":"https:\/\/www.laguiadepamplona.com\/actualidad\/wp-json\/wp\/v2\/posts\/50879\/revisions"}],"predecessor-version":[{"id":50881,"href":"https:\/\/www.laguiadepamplona.com\/actualidad\/wp-json\/wp\/v2\/posts\/50879\/revisions\/50881"}],"wp:featuredmedia":[{"embeddable":true,"href":"https:\/\/www.laguiadepamplona.com\/actualidad\/wp-json\/wp\/v2\/media\/50880"}],"wp:attachment":[{"href":"https:\/\/www.laguiadepamplona.com\/actualidad\/wp-json\/wp\/v2\/media?parent=50879"}],"wp:term":[{"taxonomy":"category","embeddable":true,"href":"https:\/\/www.laguiadepamplona.com\/actualidad\/wp-json\/wp\/v2\/categories?post=50879"},{"taxonomy":"post_tag","embeddable":true,"href":"https:\/\/www.laguiadepamplona.com\/actualidad\/wp-json\/wp\/v2\/tags?post=50879"}],"curies":[{"name":"wp","href":"https:\/\/api.w.org\/{rel}","templated":true}]}}